{"id":39720,"date":"2023-07-08T14:04:17","date_gmt":"2023-07-08T12:04:17","guid":{"rendered":"https:\/\/just-now.news\/de\/deutschland\/pirna-unbekannte-reissen-regenbogenfahne-herunter-nun-ermittelt-der-staatsschutz\/"},"modified":"2023-07-08T14:04:17","modified_gmt":"2023-07-08T12:04:17","slug":"pirna-unbekannte-reissen-regenbogenfahne-herunter-nun-ermittelt-der-staatsschutz","status":"publish","type":"post","link":"https:\/\/now-news.de\/de\/deutschland\/pirna-unbekannte-reissen-regenbogenfahne-herunter-nun-ermittelt-der-staatsschutz\/","title":{"rendered":"Pirna: Unbekannte rei\u00dfen Regenbogenfahne herunter \u2013 nun ermittelt der Staatsschutz"},"content":{"rendered":"<p><img decoding=\"async\" src=\"http:\/\/just-now.news\/de\/wp-content\/uploads\/sites\/3\/2023\/07\/64a94aad48fbef512f0c9e8e.jpg\" \/><\/p>\n<div class=\"Text-root Text-type_1 \">\n                Aufregung in Pirna: Vor dem Rathaus wurden eine Regenbogen- und eine sogenannte &#8220;Transgenderflagge&#8221; heruntergerissen und mitgenommen. Nun ermittelt der Staatsschutz. Zahlreiche Menschen sehen den eigentlichen Skandal darin, dass diese Fahnen dort \u00fcberhaupt hingen.\n            <\/div>\n<p><\/p>\n<div class=\"Text-root Text-type_5 ArticleView-text ViewText-root \">\n<p>Vor dem Rathaus der s\u00e4chsischen Stadt Pirna wurden in der Nacht zum Freitag zwei Fahnen abgerissen und entwendet: eine Regenbogenfahne und eine sogenannte &#8220;Transgenderfahne&#8221;. In einer Pressemitteilung der Polizei vom Sonnabend hei\u00dft es:<\/p>\n<blockquote>\n<p><em>&#8220;Unbekannte haben in der Nacht zu Freitag vor dem Rathaus Pirna eine gehisste Regenbogenfahne sowie eine Transgenderfahne abgerissen und gestohlen. An den Masten befanden sich noch die \u00d6sen der beiden Flaggen. Die H\u00f6he des Schadens steht noch nicht fest.&#8221;<\/em><\/p>\n<\/blockquote>\n<div class=\"EmbedBlock-root EmbedBlock-twitter\">\n<div class=\"TwitterEmbed\">\n<blockquote class=\"twitter-tweet lazyload\" data-twitter=\"twitter-tweet\">\n<p lang=\"de\" dir=\"ltr\"><a rel=\"nofollow noopener\" target=\"_blank\" href=\"https:\/\/twitter.com\/hashtag\/Zeugen?src=hash&amp;ref_src=twsrc%5Etfw\">#Zeugen<\/a> gesucht: In <a rel=\"nofollow noopener\" target=\"_blank\" href=\"https:\/\/twitter.com\/hashtag\/Pirna?src=hash&amp;ref_src=twsrc%5Etfw\">#Pirna<\/a> haben Unbekannte in der Nacht zu Freitag eine gehisste Regenbogenfahne sowie eine Transgenderfahne vor dem Rathaus abgerissen und gestohlen.Der <a rel=\"nofollow noopener\" target=\"_blank\" href=\"https:\/\/twitter.com\/hashtag\/Staatsschutz?src=hash&amp;ref_src=twsrc%5Etfw\">#Staatsschutz<\/a> hat die Ermittlungen aufgenommen: <a rel=\"nofollow noopener\" target=\"_blank\" href=\"https:\/\/t.co\/EY22w67NFX\">https:\/\/t.co\/EY22w67NFX<\/a><a rel=\"nofollow noopener\" target=\"_blank\" href=\"https:\/\/t.co\/pTtpaF7A16\">pic.twitter.com\/pTtpaF7A16<\/a><\/p>\n<p>\u2014 Polizei Sachsen (@PolizeiSachsen) <a rel=\"nofollow noopener\" target=\"_blank\" href=\"https:\/\/twitter.com\/PolizeiSachsen\/status\/1677275167171420161?ref_src=twsrc%5Etfw\">July 7, 2023<\/a><\/p><\/blockquote>\n<\/div>\n<\/div>\n<p>Unter dem Tweet, mit dem diese Mitteilung unter der \u00dcberschrift &#8220;Zeugen gesucht&#8221; auf Twitter verbreitet wurde, finden sich zahlreiche kritische Kommentare. Mehrere Nutzer stellen die Rechtm\u00e4\u00dfigkeit des Hissens derartiger Fahnen vor \u00f6ffentlichen Geb\u00e4uden in Frage. Andere wunderten sich, warum sich der Staatsschutz mit solch einem minderen Delikt befassen m\u00fcsse.<\/p>\n<p>So schreibt ein Nutzer:<\/p>\n<p><em>&#8220;Der Staatsschutz? Machen Sie sich doch nicht l\u00e4cherlich!&#8221;<\/em><\/p>\n<p>Ein anderer meinte:<\/p>\n<blockquote>\n<p><em>&#8220;Ich lache mehr, als ich sollte. Und, nur damit es eine Begr\u00fcndung daf\u00fcr gibt, dass gleich der Staatsschutz ran darf: Wo bitte genau in den s\u00e4chsischen Vorschriften ist zu lesen, inwiefern Regenbogen- und Transgenderfahnen zur Beflaggung \u00f6ffentlicher Geb\u00e4ude zu nutzen sind?&#8221;<\/em><\/p>\n<\/blockquote>\n<p>Ein weiterer Kommentator schrieb:<\/p>\n<blockquote>\n<p><em>&#8220;Der Staatsschutz \u2013 wegen einer Regenbogenflagge. Und das noch auf Twitter posten. Respekt f\u00fcr die nicht angreifbare Wahlwerbung f\u00fcr die AFD. Da ist jemand sehr schlau vorgegangen!&#8221;<\/em><\/p>\n<\/blockquote>\n<p>Nicht alle Nutzer fanden aber den Tweet der Polizei unangemessen. Einige erregten sich mehr \u00fcber die kritischen Kommentare. So schrieb ein Nutzer:<\/p>\n<blockquote>\n<p><em>&#8220;Huhu Polizei Sachsen, kann es sein, dass in den Kommentaren &#8216;Billigung von Straftaten&#8217; stattfindet und euch das gar nicht k\u00fcmmert?\u00a0Hinweis an die blau braunen und Relativierer, die den Tweet gefunden haben: Ihr werdet konsequent geblockt.&#8221;<\/em><\/p>\n<\/blockquote>\n<p><strong>Mehr zum Thema<\/strong> &#8211; <a rel=\"nofollow noopener\" target=\"_blank\" href=\"https:\/\/freeassange.rtde.live\/meinung\/173952-habeck-hisst-regenbogenflagge-narrenschiff-ist\/\">Habeck hisst die Regenbogenflagge \u2013 das Narrenschiff ist auf Kurs<\/a><\/p>\n<\/p>\n<\/div>\n<p><script async src=\"https:\/\/platform.twitter.com\/widgets.js\" charset=\"utf-8\"><\/script><br \/>\n<br \/><br \/>\n<br \/><a href=\"https:\/\/de.rt.com\/inland\/174713-pirna-unbekannte-reissen-regenbogenfahne-herunter\/\">Source link <\/a><\/p>\n","protected":false},"excerpt":{"rendered":"<p>Aufregung in Pirna: Vor dem Rathaus wurden eine Regenbogen- und eine sogenannte &#8220;Transgenderflagge&#8221; heruntergerissen und mitgenommen. Nun ermittelt der Staatsschutz. Zahlreiche Menschen sehen den eigentlichen Skandal darin, dass diese Fahnen dort \u00fcberhaupt hingen. Vor dem Rathaus der s\u00e4chsischen Stadt Pirna wurden in der Nacht zum Freitag zwei Fahnen abgerissen und entwendet: eine Regenbogenfahne und eine [&hellip;]<\/p>\n","protected":false},"author":3,"featured_media":39721,"comment_status":"open","ping_status":"open","sticky":false,"template":"","format":"standard","meta":{"_yoast_indexnow_last_ping":["1688818746"],"wp_automatic_camp":["217"],"f69bc30cfab5bfb195cd54edb2f45092":["Pirna: Unbekannte rei\u00dfen Regenbogenfahne herunter \u2013 nun ermittelt der Staatsschutz"],"original_link":["https:\/\/de.rt.com\/inland\/174713-pirna-unbekannte-reissen-regenbogenfahne-herunter\/"],"_thumbnail_id":["39721"],"_wptgpro_p2tg_sent2tg":["a:1:{i:23737;s:19:\"2023-07-08 14:20:13\";}"],"jnews_social_counter_last_update":["1777325111"]},"categories":[19,23],"tags":[82,19038,19346,2121,46502,23605,24242,25598,23223],"yoast_head":"<!-- This site is optimized with the Yoast SEO Premium plugin v22.7 (Yoast SEO v22.7) - https:\/\/yoast.com\/wordpress\/plugins\/seo\/ -->\n<title>Pirna: Unbekannte rei\u00dfen Regenbogenfahne herunter \u2013 nun ermittelt der Staatsschutz - just-now.NEWS Deutschland<\/title>\n<meta name=\"robots\" content=\"index, follow, max-snippet:-1, max-image-preview:large, max-video-preview:-1\" \/>\n<link rel=\"canonical\" href=\"https:\/\/now-news.de\/de\/deutschland\/pirna-unbekannte-reissen-regenbogenfahne-herunter-nun-ermittelt-der-staatsschutz\/\" \/>\n<meta property=\"og:locale\" content=\"de_DE\" \/>\n<meta property=\"og:type\" content=\"article\" \/>\n<meta property=\"og:title\" content=\"Pirna: Unbekannte rei\u00dfen Regenbogenfahne herunter \u2013 nun ermittelt der Staatsschutz\" \/>\n<meta property=\"og:description\" content=\"Aufregung in Pirna: Vor dem Rathaus wurden eine Regenbogen- und eine sogenannte &#8220;Transgenderflagge&#8221; heruntergerissen und mitgenommen. Nun ermittelt der Staatsschutz. Zahlreiche Menschen sehen den eigentlichen Skandal darin, dass diese Fahnen dort \u00fcberhaupt hingen. Vor dem Rathaus der s\u00e4chsischen Stadt Pirna wurden in der Nacht zum Freitag zwei Fahnen abgerissen und entwendet: eine Regenbogenfahne und eine [&hellip;]\" \/>\n<meta property=\"og:url\" content=\"https:\/\/now-news.de\/de\/deutschland\/pirna-unbekannte-reissen-regenbogenfahne-herunter-nun-ermittelt-der-staatsschutz\/\" \/>\n<meta property=\"og:site_name\" content=\"just-now.NEWS Deutschland\" \/>\n<meta property=\"article:publisher\" content=\"https:\/\/www.facebook.com\/wirmachenauf\" \/>\n<meta property=\"article:published_time\" content=\"2023-07-08T12:04:17+00:00\" \/>\n<meta property=\"og:image\" content=\"https:\/\/now-news.de\/de\/wp-content\/uploads\/sites\/3\/2023\/07\/Pirna-Unbekannte-reissen-Regenbogenfahne-herunter-\u2013-nun-ermittelt-der-Staatsschutz.jpg\" \/>\n\t<meta property=\"og:image:width\" content=\"460\" \/>\n\t<meta property=\"og:image:height\" content=\"259\" \/>\n\t<meta property=\"og:image:type\" content=\"image\/jpeg\" \/>\n<meta name=\"author\" content=\"rtnews\" \/>\n<meta name=\"twitter:card\" content=\"summary_large_image\" \/>\n<meta name=\"twitter:creator\" content=\"@WirMachenAuf_de\" \/>\n<meta name=\"twitter:site\" content=\"@WirMachenAuf_de\" \/>\n<meta name=\"twitter:label1\" content=\"Verfasst von\" \/>\n\t<meta name=\"twitter:data1\" content=\"rtnews\" \/>\n\t<meta name=\"twitter:label2\" content=\"Gesch\u00e4tzte Lesezeit\" \/>\n\t<meta name=\"twitter:data2\" content=\"2\u00a0Minuten\" \/>\n<script type=\"application\/ld+json\" class=\"yoast-schema-graph\">{\"@context\":\"https:\/\/schema.org\",\"@graph\":[{\"@type\":\"Article\",\"@id\":\"https:\/\/now-news.de\/de\/deutschland\/pirna-unbekannte-reissen-regenbogenfahne-herunter-nun-ermittelt-der-staatsschutz\/#article\",\"isPartOf\":{\"@id\":\"https:\/\/now-news.de\/de\/deutschland\/pirna-unbekannte-reissen-regenbogenfahne-herunter-nun-ermittelt-der-staatsschutz\/\"},\"author\":{\"name\":\"rtnews\",\"@id\":\"https:\/\/now-news.de\/de\/#\/schema\/person\/fb534a4e865501d8b3285208df34a9b5\"},\"headline\":\"Pirna: Unbekannte rei\u00dfen Regenbogenfahne herunter \u2013 nun ermittelt der Staatsschutz\",\"datePublished\":\"2023-07-08T12:04:17+00:00\",\"dateModified\":\"2023-07-08T12:04:17+00:00\",\"mainEntityOfPage\":{\"@id\":\"https:\/\/now-news.de\/de\/deutschland\/pirna-unbekannte-reissen-regenbogenfahne-herunter-nun-ermittelt-der-staatsschutz\/\"},\"wordCount\":382,\"commentCount\":0,\"publisher\":{\"@id\":\"https:\/\/now-news.de\/de\/#organization\"},\"image\":{\"@id\":\"https:\/\/now-news.de\/de\/deutschland\/pirna-unbekannte-reissen-regenbogenfahne-herunter-nun-ermittelt-der-staatsschutz\/#primaryimage\"},\"thumbnailUrl\":\"https:\/\/now-news.de\/de\/wp-content\/uploads\/sites\/3\/2023\/07\/Pirna-Unbekannte-reissen-Regenbogenfahne-herunter-\u2013-nun-ermittelt-der-Staatsschutz.jpg\",\"keywords\":[\"der\",\"ermittelt\",\"herunter\",\"nun\",\"Pirna\",\"Regenbogenfahne\",\"rei\u00dfen\",\"Staatsschutz\",\"Unbekannte\"],\"articleSection\":[\"Deutschland\",\"Russland\"],\"inLanguage\":\"de\",\"potentialAction\":[{\"@type\":\"CommentAction\",\"name\":\"Comment\",\"target\":[\"https:\/\/now-news.de\/de\/deutschland\/pirna-unbekannte-reissen-regenbogenfahne-herunter-nun-ermittelt-der-staatsschutz\/#respond\"]}]},{\"@type\":\"WebPage\",\"@id\":\"https:\/\/now-news.de\/de\/deutschland\/pirna-unbekannte-reissen-regenbogenfahne-herunter-nun-ermittelt-der-staatsschutz\/\",\"url\":\"https:\/\/now-news.de\/de\/deutschland\/pirna-unbekannte-reissen-regenbogenfahne-herunter-nun-ermittelt-der-staatsschutz\/\",\"name\":\"Pirna: Unbekannte rei\u00dfen Regenbogenfahne herunter \u2013 nun ermittelt der Staatsschutz - just-now.NEWS Deutschland\",\"isPartOf\":{\"@id\":\"https:\/\/now-news.de\/de\/#website\"},\"primaryImageOfPage\":{\"@id\":\"https:\/\/now-news.de\/de\/deutschland\/pirna-unbekannte-reissen-regenbogenfahne-herunter-nun-ermittelt-der-staatsschutz\/#primaryimage\"},\"image\":{\"@id\":\"https:\/\/now-news.de\/de\/deutschland\/pirna-unbekannte-reissen-regenbogenfahne-herunter-nun-ermittelt-der-staatsschutz\/#primaryimage\"},\"thumbnailUrl\":\"https:\/\/now-news.de\/de\/wp-content\/uploads\/sites\/3\/2023\/07\/Pirna-Unbekannte-reissen-Regenbogenfahne-herunter-\u2013-nun-ermittelt-der-Staatsschutz.jpg\",\"datePublished\":\"2023-07-08T12:04:17+00:00\",\"dateModified\":\"2023-07-08T12:04:17+00:00\",\"breadcrumb\":{\"@id\":\"https:\/\/now-news.de\/de\/deutschland\/pirna-unbekannte-reissen-regenbogenfahne-herunter-nun-ermittelt-der-staatsschutz\/#breadcrumb\"},\"inLanguage\":\"de\",\"potentialAction\":[{\"@type\":\"ReadAction\",\"target\":[\"https:\/\/now-news.de\/de\/deutschland\/pirna-unbekannte-reissen-regenbogenfahne-herunter-nun-ermittelt-der-staatsschutz\/\"]}]},{\"@type\":\"ImageObject\",\"inLanguage\":\"de\",\"@id\":\"https:\/\/now-news.de\/de\/deutschland\/pirna-unbekannte-reissen-regenbogenfahne-herunter-nun-ermittelt-der-staatsschutz\/#primaryimage\",\"url\":\"https:\/\/now-news.de\/de\/wp-content\/uploads\/sites\/3\/2023\/07\/Pirna-Unbekannte-reissen-Regenbogenfahne-herunter-\u2013-nun-ermittelt-der-Staatsschutz.jpg\",\"contentUrl\":\"https:\/\/now-news.de\/de\/wp-content\/uploads\/sites\/3\/2023\/07\/Pirna-Unbekannte-reissen-Regenbogenfahne-herunter-\u2013-nun-ermittelt-der-Staatsschutz.jpg\",\"width\":460,\"height\":259,\"caption\":\"Pirna: Unbekannte rei\u00dfen Regenbogenfahne herunter \u2013 nun ermittelt der Staatsschutz\"},{\"@type\":\"BreadcrumbList\",\"@id\":\"https:\/\/now-news.de\/de\/deutschland\/pirna-unbekannte-reissen-regenbogenfahne-herunter-nun-ermittelt-der-staatsschutz\/#breadcrumb\",\"itemListElement\":[{\"@type\":\"ListItem\",\"position\":1,\"name\":\"Home\",\"item\":\"https:\/\/now-news.de\/de\/\"},{\"@type\":\"ListItem\",\"position\":2,\"name\":\"Pirna: Unbekannte rei\u00dfen Regenbogenfahne herunter \u2013 nun ermittelt der Staatsschutz\"}]},{\"@type\":\"WebSite\",\"@id\":\"https:\/\/now-news.de\/de\/#website\",\"url\":\"https:\/\/now-news.de\/de\/\",\"name\":\"just-now.NEWS Deutschland\",\"description\":\"Das Portal f\u00fcr unzensierte Nachrichten aus der Welt\",\"publisher\":{\"@id\":\"https:\/\/now-news.de\/de\/#organization\"},\"potentialAction\":[{\"@type\":\"SearchAction\",\"target\":{\"@type\":\"EntryPoint\",\"urlTemplate\":\"https:\/\/now-news.de\/de\/?s={search_term_string}\"},\"query-input\":\"required name=search_term_string\"}],\"inLanguage\":\"de\"},{\"@type\":\"Organization\",\"@id\":\"https:\/\/now-news.de\/de\/#organization\",\"name\":\"Just Now News\",\"url\":\"https:\/\/now-news.de\/de\/\",\"logo\":{\"@type\":\"ImageObject\",\"inLanguage\":\"de\",\"@id\":\"https:\/\/now-news.de\/de\/#\/schema\/logo\/image\/\",\"url\":\"http:\/\/just-now.news\/de\/wp-content\/uploads\/sites\/3\/2022\/04\/logo500x500.jpg\",\"contentUrl\":\"http:\/\/just-now.news\/de\/wp-content\/uploads\/sites\/3\/2022\/04\/logo500x500.jpg\",\"width\":500,\"height\":500,\"caption\":\"Just Now News\"},\"image\":{\"@id\":\"https:\/\/now-news.de\/de\/#\/schema\/logo\/image\/\"},\"sameAs\":[\"https:\/\/www.facebook.com\/wirmachenauf\",\"https:\/\/x.com\/WirMachenAuf_de\"]},{\"@type\":\"Person\",\"@id\":\"https:\/\/now-news.de\/de\/#\/schema\/person\/fb534a4e865501d8b3285208df34a9b5\",\"name\":\"rtnews\",\"image\":{\"@type\":\"ImageObject\",\"inLanguage\":\"de\",\"@id\":\"https:\/\/now-news.de\/de\/#\/schema\/person\/image\/\",\"url\":\"https:\/\/secure.gravatar.com\/avatar\/82aafea7d8127119dd649515f56e2117?s=96&d=mm&r=g\",\"contentUrl\":\"https:\/\/secure.gravatar.com\/avatar\/82aafea7d8127119dd649515f56e2117?s=96&d=mm&r=g\",\"caption\":\"rtnews\"},\"url\":\"https:\/\/now-news.de\/de\/author\/rnews\/\"}]}<\/script>\n<!-- \/ Yoast SEO Premium plugin. -->","yoast_head_json":{"title":"Pirna: Unbekannte rei\u00dfen Regenbogenfahne herunter \u2013 nun ermittelt der Staatsschutz - just-now.NEWS Deutschland","robots":{"index":"index","follow":"follow","max-snippet":"max-snippet:-1","max-image-preview":"max-image-preview:large","max-video-preview":"max-video-preview:-1"},"canonical":"https:\/\/now-news.de\/de\/deutschland\/pirna-unbekannte-reissen-regenbogenfahne-herunter-nun-ermittelt-der-staatsschutz\/","og_locale":"de_DE","og_type":"article","og_title":"Pirna: Unbekannte rei\u00dfen Regenbogenfahne herunter \u2013 nun ermittelt der Staatsschutz","og_description":"Aufregung in Pirna: Vor dem Rathaus wurden eine Regenbogen- und eine sogenannte &#8220;Transgenderflagge&#8221; heruntergerissen und mitgenommen. Nun ermittelt der Staatsschutz. Zahlreiche Menschen sehen den eigentlichen Skandal darin, dass diese Fahnen dort \u00fcberhaupt hingen. Vor dem Rathaus der s\u00e4chsischen Stadt Pirna wurden in der Nacht zum Freitag zwei Fahnen abgerissen und entwendet: eine Regenbogenfahne und eine [&hellip;]","og_url":"https:\/\/now-news.de\/de\/deutschland\/pirna-unbekannte-reissen-regenbogenfahne-herunter-nun-ermittelt-der-staatsschutz\/","og_site_name":"just-now.NEWS Deutschland","article_publisher":"https:\/\/www.facebook.com\/wirmachenauf","article_published_time":"2023-07-08T12:04:17+00:00","og_image":[{"width":460,"height":259,"url":"https:\/\/now-news.de\/de\/wp-content\/uploads\/sites\/3\/2023\/07\/Pirna-Unbekannte-reissen-Regenbogenfahne-herunter-\u2013-nun-ermittelt-der-Staatsschutz.jpg","type":"image\/jpeg"}],"author":"rtnews","twitter_card":"summary_large_image","twitter_creator":"@WirMachenAuf_de","twitter_site":"@WirMachenAuf_de","twitter_misc":{"Verfasst von":"rtnews","Gesch\u00e4tzte Lesezeit":"2\u00a0Minuten"},"schema":{"@context":"https:\/\/schema.org","@graph":[{"@type":"Article","@id":"https:\/\/now-news.de\/de\/deutschland\/pirna-unbekannte-reissen-regenbogenfahne-herunter-nun-ermittelt-der-staatsschutz\/#article","isPartOf":{"@id":"https:\/\/now-news.de\/de\/deutschland\/pirna-unbekannte-reissen-regenbogenfahne-herunter-nun-ermittelt-der-staatsschutz\/"},"author":{"name":"rtnews","@id":"https:\/\/now-news.de\/de\/#\/schema\/person\/fb534a4e865501d8b3285208df34a9b5"},"headline":"Pirna: Unbekannte rei\u00dfen Regenbogenfahne herunter \u2013 nun ermittelt der Staatsschutz","datePublished":"2023-07-08T12:04:17+00:00","dateModified":"2023-07-08T12:04:17+00:00","mainEntityOfPage":{"@id":"https:\/\/now-news.de\/de\/deutschland\/pirna-unbekannte-reissen-regenbogenfahne-herunter-nun-ermittelt-der-staatsschutz\/"},"wordCount":382,"commentCount":0,"publisher":{"@id":"https:\/\/now-news.de\/de\/#organization"},"image":{"@id":"https:\/\/now-news.de\/de\/deutschland\/pirna-unbekannte-reissen-regenbogenfahne-herunter-nun-ermittelt-der-staatsschutz\/#primaryimage"},"thumbnailUrl":"https:\/\/now-news.de\/de\/wp-content\/uploads\/sites\/3\/2023\/07\/Pirna-Unbekannte-reissen-Regenbogenfahne-herunter-\u2013-nun-ermittelt-der-Staatsschutz.jpg","keywords":["der","ermittelt","herunter","nun","Pirna","Regenbogenfahne","rei\u00dfen","Staatsschutz","Unbekannte"],"articleSection":["Deutschland","Russland"],"inLanguage":"de","potentialAction":[{"@type":"CommentAction","name":"Comment","target":["https:\/\/now-news.de\/de\/deutschland\/pirna-unbekannte-reissen-regenbogenfahne-herunter-nun-ermittelt-der-staatsschutz\/#respond"]}]},{"@type":"WebPage","@id":"https:\/\/now-news.de\/de\/deutschland\/pirna-unbekannte-reissen-regenbogenfahne-herunter-nun-ermittelt-der-staatsschutz\/","url":"https:\/\/now-news.de\/de\/deutschland\/pirna-unbekannte-reissen-regenbogenfahne-herunter-nun-ermittelt-der-staatsschutz\/","name":"Pirna: Unbekannte rei\u00dfen Regenbogenfahne herunter \u2013 nun ermittelt der Staatsschutz - just-now.NEWS Deutschland","isPartOf":{"@id":"https:\/\/now-news.de\/de\/#website"},"primaryImageOfPage":{"@id":"https:\/\/now-news.de\/de\/deutschland\/pirna-unbekannte-reissen-regenbogenfahne-herunter-nun-ermittelt-der-staatsschutz\/#primaryimage"},"image":{"@id":"https:\/\/now-news.de\/de\/deutschland\/pirna-unbekannte-reissen-regenbogenfahne-herunter-nun-ermittelt-der-staatsschutz\/#primaryimage"},"thumbnailUrl":"https:\/\/now-news.de\/de\/wp-content\/uploads\/sites\/3\/2023\/07\/Pirna-Unbekannte-reissen-Regenbogenfahne-herunter-\u2013-nun-ermittelt-der-Staatsschutz.jpg","datePublished":"2023-07-08T12:04:17+00:00","dateModified":"2023-07-08T12:04:17+00:00","breadcrumb":{"@id":"https:\/\/now-news.de\/de\/deutschland\/pirna-unbekannte-reissen-regenbogenfahne-herunter-nun-ermittelt-der-staatsschutz\/#breadcrumb"},"inLanguage":"de","potentialAction":[{"@type":"ReadAction","target":["https:\/\/now-news.de\/de\/deutschland\/pirna-unbekannte-reissen-regenbogenfahne-herunter-nun-ermittelt-der-staatsschutz\/"]}]},{"@type":"ImageObject","inLanguage":"de","@id":"https:\/\/now-news.de\/de\/deutschland\/pirna-unbekannte-reissen-regenbogenfahne-herunter-nun-ermittelt-der-staatsschutz\/#primaryimage","url":"https:\/\/now-news.de\/de\/wp-content\/uploads\/sites\/3\/2023\/07\/Pirna-Unbekannte-reissen-Regenbogenfahne-herunter-\u2013-nun-ermittelt-der-Staatsschutz.jpg","contentUrl":"https:\/\/now-news.de\/de\/wp-content\/uploads\/sites\/3\/2023\/07\/Pirna-Unbekannte-reissen-Regenbogenfahne-herunter-\u2013-nun-ermittelt-der-Staatsschutz.jpg","width":460,"height":259,"caption":"Pirna: Unbekannte rei\u00dfen Regenbogenfahne herunter \u2013 nun ermittelt der Staatsschutz"},{"@type":"BreadcrumbList","@id":"https:\/\/now-news.de\/de\/deutschland\/pirna-unbekannte-reissen-regenbogenfahne-herunter-nun-ermittelt-der-staatsschutz\/#breadcrumb","itemListElement":[{"@type":"ListItem","position":1,"name":"Home","item":"https:\/\/now-news.de\/de\/"},{"@type":"ListItem","position":2,"name":"Pirna: Unbekannte rei\u00dfen Regenbogenfahne herunter \u2013 nun ermittelt der Staatsschutz"}]},{"@type":"WebSite","@id":"https:\/\/now-news.de\/de\/#website","url":"https:\/\/now-news.de\/de\/","name":"just-now.NEWS Deutschland","description":"Das Portal f\u00fcr unzensierte Nachrichten aus der Welt","publisher":{"@id":"https:\/\/now-news.de\/de\/#organization"},"potentialAction":[{"@type":"SearchAction","target":{"@type":"EntryPoint","urlTemplate":"https:\/\/now-news.de\/de\/?s={search_term_string}"},"query-input":"required name=search_term_string"}],"inLanguage":"de"},{"@type":"Organization","@id":"https:\/\/now-news.de\/de\/#organization","name":"Just Now News","url":"https:\/\/now-news.de\/de\/","logo":{"@type":"ImageObject","inLanguage":"de","@id":"https:\/\/now-news.de\/de\/#\/schema\/logo\/image\/","url":"http:\/\/just-now.news\/de\/wp-content\/uploads\/sites\/3\/2022\/04\/logo500x500.jpg","contentUrl":"http:\/\/just-now.news\/de\/wp-content\/uploads\/sites\/3\/2022\/04\/logo500x500.jpg","width":500,"height":500,"caption":"Just Now News"},"image":{"@id":"https:\/\/now-news.de\/de\/#\/schema\/logo\/image\/"},"sameAs":["https:\/\/www.facebook.com\/wirmachenauf","https:\/\/x.com\/WirMachenAuf_de"]},{"@type":"Person","@id":"https:\/\/now-news.de\/de\/#\/schema\/person\/fb534a4e865501d8b3285208df34a9b5","name":"rtnews","image":{"@type":"ImageObject","inLanguage":"de","@id":"https:\/\/now-news.de\/de\/#\/schema\/person\/image\/","url":"https:\/\/secure.gravatar.com\/avatar\/82aafea7d8127119dd649515f56e2117?s=96&d=mm&r=g","contentUrl":"https:\/\/secure.gravatar.com\/avatar\/82aafea7d8127119dd649515f56e2117?s=96&d=mm&r=g","caption":"rtnews"},"url":"https:\/\/now-news.de\/de\/author\/rnews\/"}]}},"_links":{"self":[{"href":"https:\/\/now-news.de\/de\/wp-json\/wp\/v2\/posts\/39720"}],"collection":[{"href":"https:\/\/now-news.de\/de\/wp-json\/wp\/v2\/posts"}],"about":[{"href":"https:\/\/now-news.de\/de\/wp-json\/wp\/v2\/types\/post"}],"author":[{"embeddable":true,"href":"https:\/\/now-news.de\/de\/wp-json\/wp\/v2\/users\/3"}],"replies":[{"embeddable":true,"href":"https:\/\/now-news.de\/de\/wp-json\/wp\/v2\/comments?post=39720"}],"version-history":[{"count":0,"href":"https:\/\/now-news.de\/de\/wp-json\/wp\/v2\/posts\/39720\/revisions"}],"wp:featuredmedia":[{"embeddable":true,"href":"https:\/\/now-news.de\/de\/wp-json\/wp\/v2\/media\/39721"}],"wp:attachment":[{"href":"https:\/\/now-news.de\/de\/wp-json\/wp\/v2\/media?parent=39720"}],"wp:term":[{"taxonomy":"category","embeddable":true,"href":"https:\/\/now-news.de\/de\/wp-json\/wp\/v2\/categories?post=39720"},{"taxonomy":"post_tag","embeddable":true,"href":"https:\/\/now-news.de\/de\/wp-json\/wp\/v2\/tags?post=39720"}],"curies":[{"name":"wp","href":"https:\/\/api.w.org\/{rel}","templated":true}]}}