{"id":39708,"date":"2023-07-08T09:35:52","date_gmt":"2023-07-08T07:35:52","guid":{"rendered":"https:\/\/just-now.news\/de\/deutschland\/eklat-beim-gipfel-warum-schwedens-nato-beitritt-hoechst-ungewiss-ist\/"},"modified":"2023-07-08T09:35:52","modified_gmt":"2023-07-08T07:35:52","slug":"eklat-beim-gipfel-warum-schwedens-nato-beitritt-hoechst-ungewiss-ist","status":"publish","type":"post","link":"https:\/\/now-news.de\/de\/deutschland\/eklat-beim-gipfel-warum-schwedens-nato-beitritt-hoechst-ungewiss-ist\/","title":{"rendered":"Eklat beim Gipfel? Warum Schwedens NATO-Beitritt h\u00f6chst ungewiss ist"},"content":{"rendered":"<p><img decoding=\"async\" src=\"http:\/\/just-now.news\/de\/wp-content\/uploads\/sites\/3\/2023\/07\/64a6b30948fbef2b673bcf60.jpg\" \/><\/p>\n<div class=\"Text-root Text-type_1 \">\n                Mit der Erweiterung der NATO um Finnland und Schweden will Biden in die Annalen der US-Geschichte eingehen. Aber nicht nur au\u00dferhalb der US-gef\u00fchrten Nord-Atlantischen-Terror-Organisation, sondern auch innerhalb gibt es Probleme, erkl\u00e4rt unser Autor Rainer Rupp.\n            <\/div>\n<p><\/p>\n<div class=\"Text-root Text-type_5 ArticleView-text ViewText-root \">\n<p><em>Von Rainer Rupp<\/em><\/p>\n<p>US-Zeitungsberichten zufolge will Biden mit der NATO-Erweiterung um Finnland und Schweden ein Verm\u00e4chtnis schaffen. Daher tue er alles, um am 10. und 11. Juni beim Gipfel in Vilnius die Aufnahme Schwedens in die NATO durchzusetzen. Dazu habe Biden laut <em>Washington Post<\/em> vom <a rel=\"nofollow noopener\" target=\"_blank\" href=\"https:\/\/www.washingtonpost.com\/politics\/2023\/07\/03\/biden-makes-what-may-be-legacy-defining-push-expanding-nato\/\">3. Juli<\/a> eine Reihe von Treffen gehabt und weitere seien geplant. Schlie\u00dflich gehe es auch in Vilnius darum, m\u00f6glichst &#8220;viele L\u00e4nder in den Kampf gegen Russland noch st\u00e4rker einzubinden&#8221; und die NATO in ihrer Rolle bei der Unterst\u00fctzung der Ukraine als vollkommen geeint zu pr\u00e4sentieren.<\/p>\n<blockquote>\n<p><em>&#8220;Im Kern geht es um die Frage, ob er die T\u00fcrkei und Ungarn davon \u00fcberzeugen kann, ihre Einw\u00e4nde gegen die Aufnahme Schwedens in das m\u00e4chtigste Verteidigungsb\u00fcndnis der Welt fallen zu lassen&#8221;,<\/em><\/p>\n<\/blockquote>\n<p>schrieb die Washingtoner Hauspostille des Biden-Kriegstreiber-Clans.<\/p>\n<p>Mit der Beschreibung &#8220;m\u00e4chtigstes Verteidigungsb\u00fcndnis der Welt&#8221; erweisen sich die Schreiberlinge der einst respektablen Zeitung <em>Washington Post<\/em> als mediale Traumt\u00e4nzer, die offensichtlich immer noch nicht erkannt haben, dass nicht nur die Ukraine, sondern auch die NATO in der Ukraine in ihrem Stellvertreterkrieg von Russland weitgehend entwaffnet und in der konventionellen Kriegsf\u00fchrung als Papiertiger entlarvt worden ist.<\/p>\n<p>Gleichwohl begr\u00fc\u00dfte Biden am Mittwoch, dem 5. Juli, den schwedischen Premierminister Ulf Kristersson im Oval Office. Dazu hatte das Wei\u00dfe Haus verlautbaren lassen, dass Biden bei dieser Gelegenheit &#8220;Amerikas begeisterte Unterst\u00fctzung f\u00fcr die Aufnahme Stockholms in die NATO so schnell wie m\u00f6glich&#8221; bekr\u00e4ftigt habe. Tats\u00e4chlich aber d\u00fcrfte die Welt eher darauf gespannt gewesen sein, mit welchem unsinnigen Gebrabbel oder verwirrtem Auftreten der senile US-Pr\u00e4sident diesmal von sich reden machen w\u00fcrde.<\/p>\n<p>Einen Tag zuvor, am Dienstag, war Joe Biden bei den \u00f6ffentlichen Feierlichkeiten zum 4. Juli verloren auf der B\u00fchne herumgewandert, nachdem er sich m\u00fchsam durch seine Teleprompter-Rede gestottert hatte. Als es dann Zeit f\u00fcr Onkel Joe war, wieder ins Bett zu gehen, passierte es erneut. Mit dem R\u00fccken zum Publikum, einer unsichtbaren Person zugewandt, die offensichtlich nur in seiner Einbildung existierte, sagte er:<\/p>\n<blockquote>\n<p><em>&#8220;Ich nicht, Mann! Ich m\u00f6chte ihm &#8216;Hallo&#8217; sagen.&#8221; <\/em><\/p>\n<\/blockquote>\n<p>Und nach einer kurzen Pause f\u00fcgte er hinzu:<\/p>\n<blockquote>\n<p><em>&#8220;Du versuchst mich von der B\u00fchne zu holen, Du hast Angst, ich w\u00fcrde anfangen zu singen.&#8221;<\/em><\/p>\n<\/blockquote>\n<p>Was die geplante Aufnahme Schwedens Anfang n\u00e4chster Woche betrifft, haben die Amerikaner und ihre Top-Vasallen in Europa jedoch ein Problem, denn alle 31 NATO-Mitglieder m\u00fcssen die Aufnahme eines jeden neuen Mitglieds genehmigen. Dabei ist zu bedenken, dass das zentrale Beistandsversprechen des Blocks in Artikel 5 der NATO-Charta weitreichende und unabsehbare Folgen f\u00fcr jedes Mitglied haben kann.<\/p>\n<p>Finnland mit seiner \u00fcber 1.000 Kilometer langen Grenze mit Russland ist bereits im April dem Block beigetreten. Damit hat Helsinki seine langj\u00e4hrige, politisch und wirtschaftlich sehr erfolgreiche Neutralit\u00e4tspolitik aufgegeben und gegen die Mitgliedschaft in der Nord-Atlantischen-Terror-Organisation eingetauscht, die in der Ukraine einen politisch, wirtschaftlich und milit\u00e4risch zunehmend selbstzerst\u00f6rerischen Krieg gegen Finnlands Nachbarn Russland f\u00fchrt. Dass dies keine besonders kluge Entscheidung war, liegt auf der Hand. Angesichts des unabwendbaren Niedergangs des US\/NATO-Blocks d\u00fcrfte der Beitritt zur NATO schon in wenigen Jahren in Helsinki als Fehler von historischer Tragweite eingeordnet werden.<\/p>\n<p>Was den Beitritt Schwedens betrifft, so hoffen die USA weiterhin, dass Ankara und Budapest im letzten Augenblick doch noch ihren Widerstand gegen die Aufnahme Schwedens fallen lassen, sodass der Block in Vilnius Einheit demonstrieren kann.<\/p>\n<blockquote>\n<p><em>&#8220;Der Pr\u00e4sident ist sehr optimistisch, dass sie es tun werden, und wir freuen uns darauf, die Schweden in der Allianz willkommen zu hei\u00dfen&#8221;<\/em>, sagte John Kirby, Sprecher des Nationalen Sicherheitsrates, am 26. Juni. <em>&#8220;Die Gespr\u00e4che zwischen Schweden und der T\u00fcrkei gehen weiter. Wir f\u00f6rdern diesen Dialog.&#8221; <\/em><\/p>\n<\/blockquote>\n<p>Aber der t\u00fcrkische Pr\u00e4sident Recep Tayyip Erdo\u011fan winkte ab und verwies darauf, dass Schweden noch nicht genug getan hat, um gegen Gruppen vorzugehen, die er als Sicherheitsbedrohung ansehe, einschlie\u00dflich der Kurdischen Arbeiterpartei (PKK), die zwar offiziell von den USA und Europa als Terrororganisation eingestuft, von ihnen aber indirekt \u00fcber die Kurden-Organisation in Nord-Ost-Syrien mit Waffen und Geld unterst\u00fctzt w\u00fcrden.<\/p>\n<p>Zugleich forderte Erdo\u011fan, dass Schweden auch mehr gegen Einzelpersonen und Gruppen unternimmt, wie zum Beispiel gegen die G\u00fcllen-Bewegung, die er beschuldigt, den blutigen, aber gescheiterten Putsch gegen ihn im Jahr 2016 organisiert und unterst\u00fctzt zu haben.<\/p>\n<p>In der vergangenen Woche hat Erdo\u011fan auch im Ausland lebende Mitglieder von t\u00fcrkischen Oppositionsbewegungen mit einem Protest gegen Koranverbrennungen in Stockholm in Verbindung gebracht. Diese antiislamische Provokation war aus Gr\u00fcnden der Meinungsfreiheit amtlich genehmigt worden und hatte unter dem Schutz der schwedischen Polizei stattgefunden. Das alles geschah kurz nachdem die T\u00fcrkei und Schweden vereinbart hatten, ihre Differenzen zu er\u00f6rtern, mit dem Ziel eine L\u00f6sung zu finden.<\/p>\n<p>Da war es kein Wunder, dass die Wogen der Emp\u00f6rung in der T\u00fcrkei hochschlugen:<\/p>\n<blockquote>\n<p><em>&#8220;Diejenigen, die dies unter dem Vorwand der Meinungsfreiheit zulassen und die Augen vor dieser B\u00f6sartigkeit verschlie\u00dfen, sowie diejenigen, die dieses Verbrechen begangen haben, werden ihre Ziele nicht erreichen&#8221;, <\/em><\/p>\n<\/blockquote>\n<p>erkl\u00e4rte Erdo\u011fan.<\/p>\n<p>Im US-Au\u00dfenministerium verurteilte der Sprecher Matt Miller am Donnerstag letzter Woche die Koranverbrennung, unterst\u00fctzte jedoch zugleich das Recht, im Rahmen der Meinungsfreiheit den Koran zu verbrennen. Dann belehrte er die T\u00fcrkei, es sei an der Zeit, dass sie ihren Widerstand aufgebe. Gegen\u00fcber Reportern sagte Miller:<\/p>\n<blockquote>\n<p><em>&#8220;Schweden hat eine Reihe bedeutender und wichtiger Schritte unternommen, um auf die von der T\u00fcrkei ge\u00e4u\u00dferten Bedenken zu reagieren. [\u2026] Wir glauben, dass diese Schritte ausreichen sollten, um diese Bedenken auszur\u00e4umen, und dass es an der Zeit ist, Schweden zum vollst\u00e4ndigen NATO-Beitritt zu bewegen.&#8221;<\/em><\/p>\n<\/blockquote>\n<p>Auch der Nationale Sicherheitsberater des US-Pr\u00e4sidenten, Jake Sullivan, telefonierte letzte Woche mit einem hochrangigen Erdogan-Berater und forderte ihn auf, Schweden &#8220;so schnell wie m\u00f6glich zuzulassen&#8221;.\u00a0 Auch NATO-Generalsekret\u00e4r Jens Stoltenberg ist mit von der Partie, um Druck auf die T\u00fcrkei auszu\u00fcben. F\u00fcr Donnerstag, den 6. Juli, hat er angek\u00fcndigt, hochrangige Beamte aus der T\u00fcrkei, Schweden und Finnland zu Gespr\u00e4chen zusammenbringen, um die Sackgasse zu \u00fcberwinden.<\/p>\n<p>Auch der ungarische Ministerpr\u00e4sident Viktor Orb\u00e1n steht der Mitgliedschaft Schwedens im Weg. Das ungarische Parlament hat k\u00fcrzlich eine Abstimmung \u00fcber die NATO-Mitgliedschaft Schwedens auf ihre Herbst-Legislaturperiode verschoben. Derweil hat Orb\u00e1n schwedische Regierungsbeamte beschuldigt, &#8220;eklatante L\u00fcgen \u00fcber Ungarn zu verbreiten&#8221;, offenbar ein Hinweis auf die Kritik des angeblichen &#8220;demokratischen R\u00fcckfalls&#8221; Ungarns. Ein Vorwurf, mit dem die demokratisch nicht gew\u00e4hlten Eurokraten in Br\u00fcssel Stimmung gegen den ungarischen Pr\u00e4sidenten machen, nur weil der die Interessen des ungarischen Volkes \u00fcber die der EU-B\u00fcrokraten setzt.<\/p>\n<p>So hat Ungarn Anfang Juni gemeinsam mit Griechenland das elfte Paket von EU-Sanktionen gegen die Russische F\u00f6deration blockiert und gefordert, die Liste der sanktionierten Unternehmen zu reduzieren. Ende letzten Monats habe die Orb\u00e1n-Regierung erneut eine Tranche der EU-Milit\u00e4rhilfe f\u00fcr die Ukraine blockiert, berichtete <em>Reuters<\/em> am 26. Juni. Fairerweise verwies die britische Nachrichtenagentur auch auf die Gr\u00fcnde f\u00fcr die berechtigte Ver\u00e4rgerung in Budapest hin. Die gr\u00f6\u00dfte ungarische Bank (OTP) wurde von der Selenskij-Regierung auf die Liste der sogenannten &#8220;Internationalen Sponsoren des Krieges&#8221; gesetzt und entsprechend sanktioniert, nur weil diese Bank weiterhin Ungarns Handelsgesch\u00e4fte mit Russland abwickelt.<\/p>\n<p>Mehr als nur ver\u00e4rgert ist der ungarische Staatschef auch dar\u00fcber, dass die rechtsextremen ukrainischen Nationalisten und Faschisten die ungarische Minderheit von 200.000 Menschen in den Karpaten an der Grenze zu Ungarn genauso wie die Russisch sprechenden Menschen im Donbass als B\u00fcrger zweiter Klasse behandeln. Auch der ungarischen Minderheit hat Kiew per Gesetz unter anderem die Benutzung ihrer eigenen Sprache unter Strafe verboten. Zugleich aber werden die jungen M\u00e4nner der Region von Greiftrupps der ukrainischen Armee mit Gewalt zwangsrekrutiert, um sie dann an den gef\u00e4hrlichsten Stellen der Front gegen Russland zu verheizen.<\/p>\n<p>Zu einem weiteren Eklat kam es am 29. Juni beim EU-Gipfel der Staatschefs und Pr\u00e4sidenten in Br\u00fcssel. Dort sprach sich Orb\u00e1n gegen den Plan der EU-Kommission aus, die Ukraine mit weiteren 50 Milliarden Euro finanziell zu unterst\u00fctzen. Allerdings hatte die EU ihr Haushalts-Budget mit den bereits sehr gro\u00dfz\u00fcgig geleisteten Milit\u00e4r- und Finanzhilfen an den korrupten Selenskij-Klan geleert und forderte von den Mitgliedsl\u00e4ndern die \u00dcberweisung von Abermilliarden Euro in die EU-Kasse, um so die Ukraine weiter \u00fcber Wasser zu halten. Diese Forderung der Br\u00fcsseler Eurokraten beantwortete Orb\u00e1n wie folgt:<\/p>\n<blockquote>\n<p><em>&#8220;Eines ist klar, wir Ungarn \u2026 werden der Ukraine kein mehr Geld geben, solange sie nicht offengelegt haben, wohin die bereits gezahlten 70 Milliarden Euro geflossen sind.&#8221;<\/em><\/p>\n<\/blockquote>\n<p>Zugleich betonte er sein Unverst\u00e4ndnis f\u00fcr diese absurde Forderung aus Br\u00fcssel, denn die Ungarn zustehenden Gelder aus den EU-Fonds werden von den Eurokraten blockiert, weil Ungarn angeblich nicht demokratisch genug sei. Zugleich aber w\u00fcrden diese demokratisch nicht gew\u00e4hlten Demokratie-W\u00e4chter in Br\u00fcssel verlangen, dass Ungarn Milliarden Euro in einen EU-Fonds einzahle, um damit die faschistoide Ukraine zu unterst\u00fctzen, in der die Selenskij-Regierung s\u00e4mtliche Oppositionsparteien verboten und viele Oppositions-Politiker, die sich nicht rechtzeitig ins Exil retten konnten, ins Gef\u00e4ngnis geworfen habe.<\/p>\n<p>Wie wir sehen, ist die Demokratie, die vom\u00a0US\/NATO-Block in der Ukraine gegen die Russen verteidigt wird, auch bei den Eurokraten in Br\u00fcssel in guten H\u00e4nden.<\/p>\n<p><strong>Mehr zum Thema<\/strong> &#8211; <a rel=\"nofollow noopener\" target=\"_blank\" href=\"https:\/\/test.rtde.life\/meinung\/172410-bringt-nato-gipfel-im-juli\/\">Bringt der NATO-Gipfel im Juli die weitere Eskalation?<\/a><\/p>\n<\/div>\n<p><br \/>\n<br \/><a href=\"https:\/\/de.rt.com\/international\/174529-eklat-beim-gipfel-warum-schwedens\/\">Source link <\/a><\/p>\n","protected":false},"excerpt":{"rendered":"<p>Mit der Erweiterung der NATO um Finnland und Schweden will Biden in die Annalen der US-Geschichte eingehen. Aber nicht nur au\u00dferhalb der US-gef\u00fchrten Nord-Atlantischen-Terror-Organisation, sondern auch innerhalb gibt es Probleme, erkl\u00e4rt unser Autor Rainer Rupp. Von Rainer Rupp US-Zeitungsberichten zufolge will Biden mit der NATO-Erweiterung um Finnland und Schweden ein Verm\u00e4chtnis schaffen. Daher tue er [&hellip;]<\/p>\n","protected":false},"author":3,"featured_media":39709,"comment_status":"open","ping_status":"open","sticky":false,"template":"","format":"standard","meta":{"_yoast_indexnow_last_ping":["1688802376"],"wp_automatic_camp":["217"],"791acd64649642a91fc8b25e3f0cd3b2":["Eklat beim Gipfel? Warum Schwedens NATO-Beitritt h\u00f6chst ungewiss ist"],"original_link":["https:\/\/de.rt.com\/international\/174529-eklat-beim-gipfel-warum-schwedens\/"],"_thumbnail_id":["39709"],"jnews_social_counter_last_update":["1777230283"],"_wptgpro_p2tg_sent2tg":["a:1:{i:23737;s:19:\"2023-07-08 09:47:25\";}"]},"categories":[19,23],"tags":[1814,19866,23970,44380,414,10665,11593,42444,1289],"yoast_head":"<!-- This site is optimized with the Yoast SEO Premium plugin v22.7 (Yoast SEO v22.7) - https:\/\/yoast.com\/wordpress\/plugins\/seo\/ -->\n<title>Eklat beim Gipfel? Warum Schwedens NATO-Beitritt h\u00f6chst ungewiss ist - just-now.NEWS Deutschland<\/title>\n<meta name=\"robots\" content=\"index, follow, max-snippet:-1, max-image-preview:large, max-video-preview:-1\" \/>\n<link rel=\"canonical\" href=\"https:\/\/now-news.de\/de\/deutschland\/eklat-beim-gipfel-warum-schwedens-nato-beitritt-hoechst-ungewiss-ist\/\" \/>\n<meta property=\"og:locale\" content=\"de_DE\" \/>\n<meta property=\"og:type\" content=\"article\" \/>\n<meta property=\"og:title\" content=\"Eklat beim Gipfel? Warum Schwedens NATO-Beitritt h\u00f6chst ungewiss ist\" \/>\n<meta property=\"og:description\" content=\"Mit der Erweiterung der NATO um Finnland und Schweden will Biden in die Annalen der US-Geschichte eingehen. Aber nicht nur au\u00dferhalb der US-gef\u00fchrten Nord-Atlantischen-Terror-Organisation, sondern auch innerhalb gibt es Probleme, erkl\u00e4rt unser Autor Rainer Rupp. Von Rainer Rupp US-Zeitungsberichten zufolge will Biden mit der NATO-Erweiterung um Finnland und Schweden ein Verm\u00e4chtnis schaffen. Daher tue er [&hellip;]\" \/>\n<meta property=\"og:url\" content=\"https:\/\/now-news.de\/de\/deutschland\/eklat-beim-gipfel-warum-schwedens-nato-beitritt-hoechst-ungewiss-ist\/\" \/>\n<meta property=\"og:site_name\" content=\"just-now.NEWS Deutschland\" \/>\n<meta property=\"article:publisher\" content=\"https:\/\/www.facebook.com\/wirmachenauf\" \/>\n<meta property=\"article:published_time\" content=\"2023-07-08T07:35:52+00:00\" \/>\n<meta property=\"og:image\" content=\"https:\/\/now-news.de\/de\/wp-content\/uploads\/sites\/3\/2023\/07\/Eklat-beim-Gipfel-Warum-Schwedens-NATO-Beitritt-hoechst-ungewiss-ist.jpg\" \/>\n\t<meta property=\"og:image:width\" content=\"460\" \/>\n\t<meta property=\"og:image:height\" content=\"259\" \/>\n\t<meta property=\"og:image:type\" content=\"image\/jpeg\" \/>\n<meta name=\"author\" content=\"rtnews\" \/>\n<meta name=\"twitter:card\" content=\"summary_large_image\" \/>\n<meta name=\"twitter:creator\" content=\"@WirMachenAuf_de\" \/>\n<meta name=\"twitter:site\" content=\"@WirMachenAuf_de\" \/>\n<meta name=\"twitter:label1\" content=\"Verfasst von\" \/>\n\t<meta name=\"twitter:data1\" content=\"rtnews\" \/>\n\t<meta name=\"twitter:label2\" content=\"Gesch\u00e4tzte Lesezeit\" \/>\n\t<meta name=\"twitter:data2\" content=\"8\u00a0Minuten\" \/>\n<script type=\"application\/ld+json\" class=\"yoast-schema-graph\">{\"@context\":\"https:\/\/schema.org\",\"@graph\":[{\"@type\":\"Article\",\"@id\":\"https:\/\/now-news.de\/de\/deutschland\/eklat-beim-gipfel-warum-schwedens-nato-beitritt-hoechst-ungewiss-ist\/#article\",\"isPartOf\":{\"@id\":\"https:\/\/now-news.de\/de\/deutschland\/eklat-beim-gipfel-warum-schwedens-nato-beitritt-hoechst-ungewiss-ist\/\"},\"author\":{\"name\":\"rtnews\",\"@id\":\"https:\/\/now-news.de\/de\/#\/schema\/person\/fb534a4e865501d8b3285208df34a9b5\"},\"headline\":\"Eklat beim Gipfel? Warum Schwedens NATO-Beitritt h\u00f6chst ungewiss ist\",\"datePublished\":\"2023-07-08T07:35:52+00:00\",\"dateModified\":\"2023-07-08T07:35:52+00:00\",\"mainEntityOfPage\":{\"@id\":\"https:\/\/now-news.de\/de\/deutschland\/eklat-beim-gipfel-warum-schwedens-nato-beitritt-hoechst-ungewiss-ist\/\"},\"wordCount\":1597,\"commentCount\":0,\"publisher\":{\"@id\":\"https:\/\/now-news.de\/de\/#organization\"},\"image\":{\"@id\":\"https:\/\/now-news.de\/de\/deutschland\/eklat-beim-gipfel-warum-schwedens-nato-beitritt-hoechst-ungewiss-ist\/#primaryimage\"},\"thumbnailUrl\":\"https:\/\/now-news.de\/de\/wp-content\/uploads\/sites\/3\/2023\/07\/Eklat-beim-Gipfel-Warum-Schwedens-NATO-Beitritt-hoechst-ungewiss-ist.jpg\",\"keywords\":[\"beim\",\"Eklat\",\"Gipfel\",\"H\u00f6chst\",\"ist\",\"NATOBeitritt\",\"Schwedens\",\"ungewiss\",\"Warum\"],\"articleSection\":[\"Deutschland\",\"Russland\"],\"inLanguage\":\"de\",\"potentialAction\":[{\"@type\":\"CommentAction\",\"name\":\"Comment\",\"target\":[\"https:\/\/now-news.de\/de\/deutschland\/eklat-beim-gipfel-warum-schwedens-nato-beitritt-hoechst-ungewiss-ist\/#respond\"]}]},{\"@type\":\"WebPage\",\"@id\":\"https:\/\/now-news.de\/de\/deutschland\/eklat-beim-gipfel-warum-schwedens-nato-beitritt-hoechst-ungewiss-ist\/\",\"url\":\"https:\/\/now-news.de\/de\/deutschland\/eklat-beim-gipfel-warum-schwedens-nato-beitritt-hoechst-ungewiss-ist\/\",\"name\":\"Eklat beim Gipfel? Warum Schwedens NATO-Beitritt h\u00f6chst ungewiss ist - just-now.NEWS Deutschland\",\"isPartOf\":{\"@id\":\"https:\/\/now-news.de\/de\/#website\"},\"primaryImageOfPage\":{\"@id\":\"https:\/\/now-news.de\/de\/deutschland\/eklat-beim-gipfel-warum-schwedens-nato-beitritt-hoechst-ungewiss-ist\/#primaryimage\"},\"image\":{\"@id\":\"https:\/\/now-news.de\/de\/deutschland\/eklat-beim-gipfel-warum-schwedens-nato-beitritt-hoechst-ungewiss-ist\/#primaryimage\"},\"thumbnailUrl\":\"https:\/\/now-news.de\/de\/wp-content\/uploads\/sites\/3\/2023\/07\/Eklat-beim-Gipfel-Warum-Schwedens-NATO-Beitritt-hoechst-ungewiss-ist.jpg\",\"datePublished\":\"2023-07-08T07:35:52+00:00\",\"dateModified\":\"2023-07-08T07:35:52+00:00\",\"breadcrumb\":{\"@id\":\"https:\/\/now-news.de\/de\/deutschland\/eklat-beim-gipfel-warum-schwedens-nato-beitritt-hoechst-ungewiss-ist\/#breadcrumb\"},\"inLanguage\":\"de\",\"potentialAction\":[{\"@type\":\"ReadAction\",\"target\":[\"https:\/\/now-news.de\/de\/deutschland\/eklat-beim-gipfel-warum-schwedens-nato-beitritt-hoechst-ungewiss-ist\/\"]}]},{\"@type\":\"ImageObject\",\"inLanguage\":\"de\",\"@id\":\"https:\/\/now-news.de\/de\/deutschland\/eklat-beim-gipfel-warum-schwedens-nato-beitritt-hoechst-ungewiss-ist\/#primaryimage\",\"url\":\"https:\/\/now-news.de\/de\/wp-content\/uploads\/sites\/3\/2023\/07\/Eklat-beim-Gipfel-Warum-Schwedens-NATO-Beitritt-hoechst-ungewiss-ist.jpg\",\"contentUrl\":\"https:\/\/now-news.de\/de\/wp-content\/uploads\/sites\/3\/2023\/07\/Eklat-beim-Gipfel-Warum-Schwedens-NATO-Beitritt-hoechst-ungewiss-ist.jpg\",\"width\":460,\"height\":259,\"caption\":\"Eklat beim Gipfel? Warum Schwedens NATO-Beitritt h\u00f6chst ungewiss ist\"},{\"@type\":\"BreadcrumbList\",\"@id\":\"https:\/\/now-news.de\/de\/deutschland\/eklat-beim-gipfel-warum-schwedens-nato-beitritt-hoechst-ungewiss-ist\/#breadcrumb\",\"itemListElement\":[{\"@type\":\"ListItem\",\"position\":1,\"name\":\"Home\",\"item\":\"https:\/\/now-news.de\/de\/\"},{\"@type\":\"ListItem\",\"position\":2,\"name\":\"Eklat beim Gipfel? Warum Schwedens NATO-Beitritt h\u00f6chst ungewiss ist\"}]},{\"@type\":\"WebSite\",\"@id\":\"https:\/\/now-news.de\/de\/#website\",\"url\":\"https:\/\/now-news.de\/de\/\",\"name\":\"just-now.NEWS Deutschland\",\"description\":\"Das Portal f\u00fcr unzensierte Nachrichten aus der Welt\",\"publisher\":{\"@id\":\"https:\/\/now-news.de\/de\/#organization\"},\"potentialAction\":[{\"@type\":\"SearchAction\",\"target\":{\"@type\":\"EntryPoint\",\"urlTemplate\":\"https:\/\/now-news.de\/de\/?s={search_term_string}\"},\"query-input\":\"required name=search_term_string\"}],\"inLanguage\":\"de\"},{\"@type\":\"Organization\",\"@id\":\"https:\/\/now-news.de\/de\/#organization\",\"name\":\"Just Now News\",\"url\":\"https:\/\/now-news.de\/de\/\",\"logo\":{\"@type\":\"ImageObject\",\"inLanguage\":\"de\",\"@id\":\"https:\/\/now-news.de\/de\/#\/schema\/logo\/image\/\",\"url\":\"http:\/\/just-now.news\/de\/wp-content\/uploads\/sites\/3\/2022\/04\/logo500x500.jpg\",\"contentUrl\":\"http:\/\/just-now.news\/de\/wp-content\/uploads\/sites\/3\/2022\/04\/logo500x500.jpg\",\"width\":500,\"height\":500,\"caption\":\"Just Now News\"},\"image\":{\"@id\":\"https:\/\/now-news.de\/de\/#\/schema\/logo\/image\/\"},\"sameAs\":[\"https:\/\/www.facebook.com\/wirmachenauf\",\"https:\/\/x.com\/WirMachenAuf_de\"]},{\"@type\":\"Person\",\"@id\":\"https:\/\/now-news.de\/de\/#\/schema\/person\/fb534a4e865501d8b3285208df34a9b5\",\"name\":\"rtnews\",\"image\":{\"@type\":\"ImageObject\",\"inLanguage\":\"de\",\"@id\":\"https:\/\/now-news.de\/de\/#\/schema\/person\/image\/\",\"url\":\"https:\/\/secure.gravatar.com\/avatar\/82aafea7d8127119dd649515f56e2117?s=96&d=mm&r=g\",\"contentUrl\":\"https:\/\/secure.gravatar.com\/avatar\/82aafea7d8127119dd649515f56e2117?s=96&d=mm&r=g\",\"caption\":\"rtnews\"},\"url\":\"https:\/\/now-news.de\/de\/author\/rnews\/\"}]}<\/script>\n<!-- \/ Yoast SEO Premium plugin. -->","yoast_head_json":{"title":"Eklat beim Gipfel? Warum Schwedens NATO-Beitritt h\u00f6chst ungewiss ist - just-now.NEWS Deutschland","robots":{"index":"index","follow":"follow","max-snippet":"max-snippet:-1","max-image-preview":"max-image-preview:large","max-video-preview":"max-video-preview:-1"},"canonical":"https:\/\/now-news.de\/de\/deutschland\/eklat-beim-gipfel-warum-schwedens-nato-beitritt-hoechst-ungewiss-ist\/","og_locale":"de_DE","og_type":"article","og_title":"Eklat beim Gipfel? Warum Schwedens NATO-Beitritt h\u00f6chst ungewiss ist","og_description":"Mit der Erweiterung der NATO um Finnland und Schweden will Biden in die Annalen der US-Geschichte eingehen. Aber nicht nur au\u00dferhalb der US-gef\u00fchrten Nord-Atlantischen-Terror-Organisation, sondern auch innerhalb gibt es Probleme, erkl\u00e4rt unser Autor Rainer Rupp. Von Rainer Rupp US-Zeitungsberichten zufolge will Biden mit der NATO-Erweiterung um Finnland und Schweden ein Verm\u00e4chtnis schaffen. Daher tue er [&hellip;]","og_url":"https:\/\/now-news.de\/de\/deutschland\/eklat-beim-gipfel-warum-schwedens-nato-beitritt-hoechst-ungewiss-ist\/","og_site_name":"just-now.NEWS Deutschland","article_publisher":"https:\/\/www.facebook.com\/wirmachenauf","article_published_time":"2023-07-08T07:35:52+00:00","og_image":[{"width":460,"height":259,"url":"https:\/\/now-news.de\/de\/wp-content\/uploads\/sites\/3\/2023\/07\/Eklat-beim-Gipfel-Warum-Schwedens-NATO-Beitritt-hoechst-ungewiss-ist.jpg","type":"image\/jpeg"}],"author":"rtnews","twitter_card":"summary_large_image","twitter_creator":"@WirMachenAuf_de","twitter_site":"@WirMachenAuf_de","twitter_misc":{"Verfasst von":"rtnews","Gesch\u00e4tzte Lesezeit":"8\u00a0Minuten"},"schema":{"@context":"https:\/\/schema.org","@graph":[{"@type":"Article","@id":"https:\/\/now-news.de\/de\/deutschland\/eklat-beim-gipfel-warum-schwedens-nato-beitritt-hoechst-ungewiss-ist\/#article","isPartOf":{"@id":"https:\/\/now-news.de\/de\/deutschland\/eklat-beim-gipfel-warum-schwedens-nato-beitritt-hoechst-ungewiss-ist\/"},"author":{"name":"rtnews","@id":"https:\/\/now-news.de\/de\/#\/schema\/person\/fb534a4e865501d8b3285208df34a9b5"},"headline":"Eklat beim Gipfel? Warum Schwedens NATO-Beitritt h\u00f6chst ungewiss ist","datePublished":"2023-07-08T07:35:52+00:00","dateModified":"2023-07-08T07:35:52+00:00","mainEntityOfPage":{"@id":"https:\/\/now-news.de\/de\/deutschland\/eklat-beim-gipfel-warum-schwedens-nato-beitritt-hoechst-ungewiss-ist\/"},"wordCount":1597,"commentCount":0,"publisher":{"@id":"https:\/\/now-news.de\/de\/#organization"},"image":{"@id":"https:\/\/now-news.de\/de\/deutschland\/eklat-beim-gipfel-warum-schwedens-nato-beitritt-hoechst-ungewiss-ist\/#primaryimage"},"thumbnailUrl":"https:\/\/now-news.de\/de\/wp-content\/uploads\/sites\/3\/2023\/07\/Eklat-beim-Gipfel-Warum-Schwedens-NATO-Beitritt-hoechst-ungewiss-ist.jpg","keywords":["beim","Eklat","Gipfel","H\u00f6chst","ist","NATOBeitritt","Schwedens","ungewiss","Warum"],"articleSection":["Deutschland","Russland"],"inLanguage":"de","potentialAction":[{"@type":"CommentAction","name":"Comment","target":["https:\/\/now-news.de\/de\/deutschland\/eklat-beim-gipfel-warum-schwedens-nato-beitritt-hoechst-ungewiss-ist\/#respond"]}]},{"@type":"WebPage","@id":"https:\/\/now-news.de\/de\/deutschland\/eklat-beim-gipfel-warum-schwedens-nato-beitritt-hoechst-ungewiss-ist\/","url":"https:\/\/now-news.de\/de\/deutschland\/eklat-beim-gipfel-warum-schwedens-nato-beitritt-hoechst-ungewiss-ist\/","name":"Eklat beim Gipfel? Warum Schwedens NATO-Beitritt h\u00f6chst ungewiss ist - just-now.NEWS Deutschland","isPartOf":{"@id":"https:\/\/now-news.de\/de\/#website"},"primaryImageOfPage":{"@id":"https:\/\/now-news.de\/de\/deutschland\/eklat-beim-gipfel-warum-schwedens-nato-beitritt-hoechst-ungewiss-ist\/#primaryimage"},"image":{"@id":"https:\/\/now-news.de\/de\/deutschland\/eklat-beim-gipfel-warum-schwedens-nato-beitritt-hoechst-ungewiss-ist\/#primaryimage"},"thumbnailUrl":"https:\/\/now-news.de\/de\/wp-content\/uploads\/sites\/3\/2023\/07\/Eklat-beim-Gipfel-Warum-Schwedens-NATO-Beitritt-hoechst-ungewiss-ist.jpg","datePublished":"2023-07-08T07:35:52+00:00","dateModified":"2023-07-08T07:35:52+00:00","breadcrumb":{"@id":"https:\/\/now-news.de\/de\/deutschland\/eklat-beim-gipfel-warum-schwedens-nato-beitritt-hoechst-ungewiss-ist\/#breadcrumb"},"inLanguage":"de","potentialAction":[{"@type":"ReadAction","target":["https:\/\/now-news.de\/de\/deutschland\/eklat-beim-gipfel-warum-schwedens-nato-beitritt-hoechst-ungewiss-ist\/"]}]},{"@type":"ImageObject","inLanguage":"de","@id":"https:\/\/now-news.de\/de\/deutschland\/eklat-beim-gipfel-warum-schwedens-nato-beitritt-hoechst-ungewiss-ist\/#primaryimage","url":"https:\/\/now-news.de\/de\/wp-content\/uploads\/sites\/3\/2023\/07\/Eklat-beim-Gipfel-Warum-Schwedens-NATO-Beitritt-hoechst-ungewiss-ist.jpg","contentUrl":"https:\/\/now-news.de\/de\/wp-content\/uploads\/sites\/3\/2023\/07\/Eklat-beim-Gipfel-Warum-Schwedens-NATO-Beitritt-hoechst-ungewiss-ist.jpg","width":460,"height":259,"caption":"Eklat beim Gipfel? Warum Schwedens NATO-Beitritt h\u00f6chst ungewiss ist"},{"@type":"BreadcrumbList","@id":"https:\/\/now-news.de\/de\/deutschland\/eklat-beim-gipfel-warum-schwedens-nato-beitritt-hoechst-ungewiss-ist\/#breadcrumb","itemListElement":[{"@type":"ListItem","position":1,"name":"Home","item":"https:\/\/now-news.de\/de\/"},{"@type":"ListItem","position":2,"name":"Eklat beim Gipfel? Warum Schwedens NATO-Beitritt h\u00f6chst ungewiss ist"}]},{"@type":"WebSite","@id":"https:\/\/now-news.de\/de\/#website","url":"https:\/\/now-news.de\/de\/","name":"just-now.NEWS Deutschland","description":"Das Portal f\u00fcr unzensierte Nachrichten aus der Welt","publisher":{"@id":"https:\/\/now-news.de\/de\/#organization"},"potentialAction":[{"@type":"SearchAction","target":{"@type":"EntryPoint","urlTemplate":"https:\/\/now-news.de\/de\/?s={search_term_string}"},"query-input":"required name=search_term_string"}],"inLanguage":"de"},{"@type":"Organization","@id":"https:\/\/now-news.de\/de\/#organization","name":"Just Now News","url":"https:\/\/now-news.de\/de\/","logo":{"@type":"ImageObject","inLanguage":"de","@id":"https:\/\/now-news.de\/de\/#\/schema\/logo\/image\/","url":"http:\/\/just-now.news\/de\/wp-content\/uploads\/sites\/3\/2022\/04\/logo500x500.jpg","contentUrl":"http:\/\/just-now.news\/de\/wp-content\/uploads\/sites\/3\/2022\/04\/logo500x500.jpg","width":500,"height":500,"caption":"Just Now News"},"image":{"@id":"https:\/\/now-news.de\/de\/#\/schema\/logo\/image\/"},"sameAs":["https:\/\/www.facebook.com\/wirmachenauf","https:\/\/x.com\/WirMachenAuf_de"]},{"@type":"Person","@id":"https:\/\/now-news.de\/de\/#\/schema\/person\/fb534a4e865501d8b3285208df34a9b5","name":"rtnews","image":{"@type":"ImageObject","inLanguage":"de","@id":"https:\/\/now-news.de\/de\/#\/schema\/person\/image\/","url":"https:\/\/secure.gravatar.com\/avatar\/82aafea7d8127119dd649515f56e2117?s=96&d=mm&r=g","contentUrl":"https:\/\/secure.gravatar.com\/avatar\/82aafea7d8127119dd649515f56e2117?s=96&d=mm&r=g","caption":"rtnews"},"url":"https:\/\/now-news.de\/de\/author\/rnews\/"}]}},"_links":{"self":[{"href":"https:\/\/now-news.de\/de\/wp-json\/wp\/v2\/posts\/39708"}],"collection":[{"href":"https:\/\/now-news.de\/de\/wp-json\/wp\/v2\/posts"}],"about":[{"href":"https:\/\/now-news.de\/de\/wp-json\/wp\/v2\/types\/post"}],"author":[{"embeddable":true,"href":"https:\/\/now-news.de\/de\/wp-json\/wp\/v2\/users\/3"}],"replies":[{"embeddable":true,"href":"https:\/\/now-news.de\/de\/wp-json\/wp\/v2\/comments?post=39708"}],"version-history":[{"count":0,"href":"https:\/\/now-news.de\/de\/wp-json\/wp\/v2\/posts\/39708\/revisions"}],"wp:featuredmedia":[{"embeddable":true,"href":"https:\/\/now-news.de\/de\/wp-json\/wp\/v2\/media\/39709"}],"wp:attachment":[{"href":"https:\/\/now-news.de\/de\/wp-json\/wp\/v2\/media?parent=39708"}],"wp:term":[{"taxonomy":"category","embeddable":true,"href":"https:\/\/now-news.de\/de\/wp-json\/wp\/v2\/categories?post=39708"},{"taxonomy":"post_tag","embeddable":true,"href":"https:\/\/now-news.de\/de\/wp-json\/wp\/v2\/tags?post=39708"}],"curies":[{"name":"wp","href":"https:\/\/api.w.org\/{rel}","templated":true}]}}