{"id":39684,"date":"2023-07-07T19:41:54","date_gmt":"2023-07-07T17:41:54","guid":{"rendered":"https:\/\/just-now.news\/de\/deutschland\/medien-erdogan-trifft-sich-nach-gespraechen-mit-selenskij-moeglicherweise-mit-putin\/"},"modified":"2023-07-07T19:41:54","modified_gmt":"2023-07-07T17:41:54","slug":"medien-erdogan-trifft-sich-nach-gespraechen-mit-selenskij-moeglicherweise-mit-putin","status":"publish","type":"post","link":"https:\/\/now-news.de\/de\/deutschland\/medien-erdogan-trifft-sich-nach-gespraechen-mit-selenskij-moeglicherweise-mit-putin\/","title":{"rendered":"Medien: Erdo\u011fan trifft sich nach Gespr\u00e4chen mit Selenskij m\u00f6glicherweise mit Putin"},"content":{"rendered":"<p><img decoding=\"async\" src=\"http:\/\/just-now.news\/de\/wp-content\/uploads\/sites\/3\/2023\/07\/64a8349f48fbef518f232346.jpg\" \/><\/p>\n<div class=\"Text-root Text-type_1 \">\n                Der t\u00fcrkische Fernsehsender A Haber berichtet, dass ein Treffen zwischen Recep Tayyip Erdo\u011fan und Wladimir Putin nach dessen Gespr\u00e4chen mit dem ukrainischen Pr\u00e4sidenten Wladimir Selenskij sehr wahrscheinlich ist. Dieses Treffen k\u00f6nnte sowohl in der T\u00fcrkei als auch in Russland stattfinden.\n            <\/div>\n<p><\/p>\n<div class=\"Text-root Text-type_5 ArticleView-text ViewText-root \">\n<p>Nach Gespr\u00e4chen mit dem ukrainischen Pr\u00e4sidenten Wladimir Selenskij werde der t\u00fcrkische Staatschef Recep Tayyip Erdo\u011fan voraussichtlich Gespr\u00e4che mit seinem russischen Amtskollegen Wladimir Putin f\u00fchren, <a rel=\"nofollow noopener\" target=\"_blank\" href=\"https:\/\/www.ahaber.com.tr\/gundem\/2023\/07\/07\/baskan-erdogan-davet-etti-ukrayna-lideri-turkiyeye-geliyor-once-zelenski-sonra-putin-iste-lider-diplomasisi\">berichtete<\/a> der t\u00fcrkische Fernsehsender <em>A Haber<\/em>. In dem Bericht hei\u00dft es:<strong><em><\/em><\/strong><\/p>\n<blockquote>\n<p><em>&#8220;Es ist wahrscheinlich, dass Pr\u00e4sident Erdo\u011fan<\/em>\u00a0<em>nach den Gespr\u00e4chen mit Selenskij pers\u00f6nlich mit dem russischen Staatschef Wladimir Putin zusammentreffen wird. Dieses Treffen k\u00f6nnte entweder in der T\u00fcrkei oder in Russland stattfinden. Aber die Wahrscheinlichkeit ist hoch.&#8221;<\/em><\/p>\n<\/blockquote>\n<p>Der Kreml schlie\u00dft Gespr\u00e4che zwischen Putin und Erdo\u011fan in absehbarer Zeit nicht aus, so Dmitri Peskow, Sprecher des russischen Staatschefs.<\/p>\n<p>Nach Angaben des Kremlsprechers wird Moskau auch die Gespr\u00e4che Erdo\u011fans mit Selenskij, der am 7. Juli in der T\u00fcrkei eintreffen wird, genau verfolgen. Peskow unterstrich:<\/p>\n<blockquote>\n<p><em>&#8220;Wir werden die Ergebnisse der Gespr\u00e4che genau verfolgen. Wir sch\u00e4tzen unsere konstruktiven Beziehungen zu Ankara. Nat\u00fcrlich sind wir gespannt, wor\u00fcber Erdo\u011fan<\/em>\u00a0<em>und Selenskij sprechen werden. Das ist wichtig.&#8221;<\/em><\/p>\n<\/blockquote>\n<p>Erdo\u011fan wird am Freitag in Istanbul mit Selenskij \u00fcber die Lage in der Ukraine und die Aussichten f\u00fcr das am 18. Juli auslaufende Getreideabkommen sprechen. Der Besuch wird die erste Arbeitsreise des ukrainischen Pr\u00e4sidenten in die T\u00fcrkei seit zwei Jahren sein \u2013 die letzte hatte im April 2021 stattgefunden. Im August 2022 flog Erdo\u011fan nach Lwow, um Selenskij zu treffen.<\/p>\n<p>Zuvor hatte die Quelle von <em>RIA Nowosti<\/em> in der t\u00fcrkischen Pr\u00e4sidialverwaltung erkl\u00e4rt, Putins Besuch in der T\u00fcrkei stehe auf der Tagesordnung, doch gebe es noch keine konkreten Vereinbarungen \u00fcber Datum, Ort und Inhalt. Der Berater des russischen Pr\u00e4sidenten, Juri Uschakow, sagte seinerseits, der Besuch stehe auf der Tagesordnung, aber die Vorbereitung habe noch nicht begonnen.<\/p>\n<p><strong>Mehr zum Thema<\/strong> \u2013 <a rel=\"nofollow noopener\" target=\"_blank\" href=\"https:\/\/freeassange.rtde.live\/meinung\/174649-selenskij-braucht-fortsetzung-krieges-fuer\/\">Selenskij braucht die Fortsetzung des Krieges f\u00fcr sein politisches \u00dcberleben<\/a><\/p>\n<\/div>\n<p><br \/>\n<br \/><a href=\"https:\/\/de.rt.com\/international\/174661-medien-erdogan-trifft-sich-nach-gespraechen-mit-selenskij-moeglicherweise-mit-putin\/\">Source link <\/a><\/p>\n","protected":false},"excerpt":{"rendered":"<p>Der t\u00fcrkische Fernsehsender A Haber berichtet, dass ein Treffen zwischen Recep Tayyip Erdo\u011fan und Wladimir Putin nach dessen Gespr\u00e4chen mit dem ukrainischen Pr\u00e4sidenten Wladimir Selenskij sehr wahrscheinlich ist. Dieses Treffen k\u00f6nnte sowohl in der T\u00fcrkei als auch in Russland stattfinden. Nach Gespr\u00e4chen mit dem ukrainischen Pr\u00e4sidenten Wladimir Selenskij werde der t\u00fcrkische Staatschef Recep Tayyip Erdo\u011fan [&hellip;]<\/p>\n","protected":false},"author":3,"featured_media":39685,"comment_status":"open","ping_status":"open","sticky":false,"template":"","format":"standard","meta":{"_yoast_indexnow_last_ping":["1688752017"],"wp_automatic_camp":["217"],"6e4cfb275bb061e6cf3e39c634ac5c3b":["Medien: Erdo\u011fan trifft sich nach Gespr\u00e4chen mit Selenskij m\u00f6glicherweise mit Putin"],"original_link":["https:\/\/de.rt.com\/international\/174661-medien-erdogan-trifft-sich-nach-gespraechen-mit-selenskij-moeglicherweise-mit-putin\/"],"_thumbnail_id":["39685"],"_wptgpro_p2tg_sent2tg":["a:1:{i:23737;s:19:\"2023-07-07 19:47:58\";}"],"jnews_social_counter_last_update":["1777190937"]},"categories":[19,23],"tags":[13697,999,580,419,19997,979,125,6158,434,13790],"yoast_head":"<!-- This site is optimized with the Yoast SEO Premium plugin v22.7 (Yoast SEO v22.7) - https:\/\/yoast.com\/wordpress\/plugins\/seo\/ -->\n<title>Medien: Erdo\u011fan trifft sich nach Gespr\u00e4chen mit Selenskij m\u00f6glicherweise mit Putin - just-now.NEWS Deutschland<\/title>\n<meta name=\"robots\" content=\"index, follow, max-snippet:-1, max-image-preview:large, max-video-preview:-1\" \/>\n<link rel=\"canonical\" href=\"https:\/\/now-news.de\/de\/deutschland\/medien-erdogan-trifft-sich-nach-gespraechen-mit-selenskij-moeglicherweise-mit-putin\/\" \/>\n<meta property=\"og:locale\" content=\"de_DE\" \/>\n<meta property=\"og:type\" content=\"article\" \/>\n<meta property=\"og:title\" content=\"Medien: Erdo\u011fan trifft sich nach Gespr\u00e4chen mit Selenskij m\u00f6glicherweise mit Putin\" \/>\n<meta property=\"og:description\" content=\"Der t\u00fcrkische Fernsehsender A Haber berichtet, dass ein Treffen zwischen Recep Tayyip Erdo\u011fan und Wladimir Putin nach dessen Gespr\u00e4chen mit dem ukrainischen Pr\u00e4sidenten Wladimir Selenskij sehr wahrscheinlich ist. Dieses Treffen k\u00f6nnte sowohl in der T\u00fcrkei als auch in Russland stattfinden. Nach Gespr\u00e4chen mit dem ukrainischen Pr\u00e4sidenten Wladimir Selenskij werde der t\u00fcrkische Staatschef Recep Tayyip Erdo\u011fan [&hellip;]\" \/>\n<meta property=\"og:url\" content=\"https:\/\/now-news.de\/de\/deutschland\/medien-erdogan-trifft-sich-nach-gespraechen-mit-selenskij-moeglicherweise-mit-putin\/\" \/>\n<meta property=\"og:site_name\" content=\"just-now.NEWS Deutschland\" \/>\n<meta property=\"article:publisher\" content=\"https:\/\/www.facebook.com\/wirmachenauf\" \/>\n<meta property=\"article:published_time\" content=\"2023-07-07T17:41:54+00:00\" \/>\n<meta property=\"og:image\" content=\"https:\/\/now-news.de\/de\/wp-content\/uploads\/sites\/3\/2023\/07\/Medien-Erdogan-trifft-sich-nach-Gespraechen-mit-Selenskij-moeglicherweise-mit.jpg\" \/>\n\t<meta property=\"og:image:width\" content=\"460\" \/>\n\t<meta property=\"og:image:height\" content=\"259\" \/>\n\t<meta property=\"og:image:type\" content=\"image\/jpeg\" \/>\n<meta name=\"author\" content=\"rtnews\" \/>\n<meta name=\"twitter:card\" content=\"summary_large_image\" \/>\n<meta name=\"twitter:creator\" content=\"@WirMachenAuf_de\" \/>\n<meta name=\"twitter:site\" content=\"@WirMachenAuf_de\" \/>\n<meta name=\"twitter:label1\" content=\"Verfasst von\" \/>\n\t<meta name=\"twitter:data1\" content=\"rtnews\" \/>\n\t<meta name=\"twitter:label2\" content=\"Gesch\u00e4tzte Lesezeit\" \/>\n\t<meta name=\"twitter:data2\" content=\"2\u00a0Minuten\" \/>\n<script type=\"application\/ld+json\" class=\"yoast-schema-graph\">{\"@context\":\"https:\/\/schema.org\",\"@graph\":[{\"@type\":\"Article\",\"@id\":\"https:\/\/now-news.de\/de\/deutschland\/medien-erdogan-trifft-sich-nach-gespraechen-mit-selenskij-moeglicherweise-mit-putin\/#article\",\"isPartOf\":{\"@id\":\"https:\/\/now-news.de\/de\/deutschland\/medien-erdogan-trifft-sich-nach-gespraechen-mit-selenskij-moeglicherweise-mit-putin\/\"},\"author\":{\"name\":\"rtnews\",\"@id\":\"https:\/\/now-news.de\/de\/#\/schema\/person\/fb534a4e865501d8b3285208df34a9b5\"},\"headline\":\"Medien: Erdo\u011fan trifft sich nach Gespr\u00e4chen mit Selenskij m\u00f6glicherweise mit Putin\",\"datePublished\":\"2023-07-07T17:41:54+00:00\",\"dateModified\":\"2023-07-07T17:41:54+00:00\",\"mainEntityOfPage\":{\"@id\":\"https:\/\/now-news.de\/de\/deutschland\/medien-erdogan-trifft-sich-nach-gespraechen-mit-selenskij-moeglicherweise-mit-putin\/\"},\"wordCount\":366,\"commentCount\":0,\"publisher\":{\"@id\":\"https:\/\/now-news.de\/de\/#organization\"},\"image\":{\"@id\":\"https:\/\/now-news.de\/de\/deutschland\/medien-erdogan-trifft-sich-nach-gespraechen-mit-selenskij-moeglicherweise-mit-putin\/#primaryimage\"},\"thumbnailUrl\":\"https:\/\/now-news.de\/de\/wp-content\/uploads\/sites\/3\/2023\/07\/Medien-Erdogan-trifft-sich-nach-Gespraechen-mit-Selenskij-moeglicherweise-mit.jpg\",\"keywords\":[\"Erdo\u011fan\",\"Gespr\u00e4chen\",\"Medien\",\"mit\",\"m\u00f6glicherweise\",\"nach\",\"putin\",\"Selenskij\",\"sich\",\"trifft\"],\"articleSection\":[\"Deutschland\",\"Russland\"],\"inLanguage\":\"de\",\"potentialAction\":[{\"@type\":\"CommentAction\",\"name\":\"Comment\",\"target\":[\"https:\/\/now-news.de\/de\/deutschland\/medien-erdogan-trifft-sich-nach-gespraechen-mit-selenskij-moeglicherweise-mit-putin\/#respond\"]}]},{\"@type\":\"WebPage\",\"@id\":\"https:\/\/now-news.de\/de\/deutschland\/medien-erdogan-trifft-sich-nach-gespraechen-mit-selenskij-moeglicherweise-mit-putin\/\",\"url\":\"https:\/\/now-news.de\/de\/deutschland\/medien-erdogan-trifft-sich-nach-gespraechen-mit-selenskij-moeglicherweise-mit-putin\/\",\"name\":\"Medien: Erdo\u011fan trifft sich nach Gespr\u00e4chen mit Selenskij m\u00f6glicherweise mit Putin - just-now.NEWS Deutschland\",\"isPartOf\":{\"@id\":\"https:\/\/now-news.de\/de\/#website\"},\"primaryImageOfPage\":{\"@id\":\"https:\/\/now-news.de\/de\/deutschland\/medien-erdogan-trifft-sich-nach-gespraechen-mit-selenskij-moeglicherweise-mit-putin\/#primaryimage\"},\"image\":{\"@id\":\"https:\/\/now-news.de\/de\/deutschland\/medien-erdogan-trifft-sich-nach-gespraechen-mit-selenskij-moeglicherweise-mit-putin\/#primaryimage\"},\"thumbnailUrl\":\"https:\/\/now-news.de\/de\/wp-content\/uploads\/sites\/3\/2023\/07\/Medien-Erdogan-trifft-sich-nach-Gespraechen-mit-Selenskij-moeglicherweise-mit.jpg\",\"datePublished\":\"2023-07-07T17:41:54+00:00\",\"dateModified\":\"2023-07-07T17:41:54+00:00\",\"breadcrumb\":{\"@id\":\"https:\/\/now-news.de\/de\/deutschland\/medien-erdogan-trifft-sich-nach-gespraechen-mit-selenskij-moeglicherweise-mit-putin\/#breadcrumb\"},\"inLanguage\":\"de\",\"potentialAction\":[{\"@type\":\"ReadAction\",\"target\":[\"https:\/\/now-news.de\/de\/deutschland\/medien-erdogan-trifft-sich-nach-gespraechen-mit-selenskij-moeglicherweise-mit-putin\/\"]}]},{\"@type\":\"ImageObject\",\"inLanguage\":\"de\",\"@id\":\"https:\/\/now-news.de\/de\/deutschland\/medien-erdogan-trifft-sich-nach-gespraechen-mit-selenskij-moeglicherweise-mit-putin\/#primaryimage\",\"url\":\"https:\/\/now-news.de\/de\/wp-content\/uploads\/sites\/3\/2023\/07\/Medien-Erdogan-trifft-sich-nach-Gespraechen-mit-Selenskij-moeglicherweise-mit.jpg\",\"contentUrl\":\"https:\/\/now-news.de\/de\/wp-content\/uploads\/sites\/3\/2023\/07\/Medien-Erdogan-trifft-sich-nach-Gespraechen-mit-Selenskij-moeglicherweise-mit.jpg\",\"width\":460,\"height\":259,\"caption\":\"Medien: Erdo\u011fan trifft sich nach Gespr\u00e4chen mit Selenskij m\u00f6glicherweise mit Putin\"},{\"@type\":\"BreadcrumbList\",\"@id\":\"https:\/\/now-news.de\/de\/deutschland\/medien-erdogan-trifft-sich-nach-gespraechen-mit-selenskij-moeglicherweise-mit-putin\/#breadcrumb\",\"itemListElement\":[{\"@type\":\"ListItem\",\"position\":1,\"name\":\"Home\",\"item\":\"https:\/\/now-news.de\/de\/\"},{\"@type\":\"ListItem\",\"position\":2,\"name\":\"Medien: Erdo\u011fan trifft sich nach Gespr\u00e4chen mit Selenskij m\u00f6glicherweise mit Putin\"}]},{\"@type\":\"WebSite\",\"@id\":\"https:\/\/now-news.de\/de\/#website\",\"url\":\"https:\/\/now-news.de\/de\/\",\"name\":\"just-now.NEWS Deutschland\",\"description\":\"Das Portal f\u00fcr unzensierte Nachrichten aus der Welt\",\"publisher\":{\"@id\":\"https:\/\/now-news.de\/de\/#organization\"},\"potentialAction\":[{\"@type\":\"SearchAction\",\"target\":{\"@type\":\"EntryPoint\",\"urlTemplate\":\"https:\/\/now-news.de\/de\/?s={search_term_string}\"},\"query-input\":\"required name=search_term_string\"}],\"inLanguage\":\"de\"},{\"@type\":\"Organization\",\"@id\":\"https:\/\/now-news.de\/de\/#organization\",\"name\":\"Just Now News\",\"url\":\"https:\/\/now-news.de\/de\/\",\"logo\":{\"@type\":\"ImageObject\",\"inLanguage\":\"de\",\"@id\":\"https:\/\/now-news.de\/de\/#\/schema\/logo\/image\/\",\"url\":\"http:\/\/just-now.news\/de\/wp-content\/uploads\/sites\/3\/2022\/04\/logo500x500.jpg\",\"contentUrl\":\"http:\/\/just-now.news\/de\/wp-content\/uploads\/sites\/3\/2022\/04\/logo500x500.jpg\",\"width\":500,\"height\":500,\"caption\":\"Just Now News\"},\"image\":{\"@id\":\"https:\/\/now-news.de\/de\/#\/schema\/logo\/image\/\"},\"sameAs\":[\"https:\/\/www.facebook.com\/wirmachenauf\",\"https:\/\/x.com\/WirMachenAuf_de\"]},{\"@type\":\"Person\",\"@id\":\"https:\/\/now-news.de\/de\/#\/schema\/person\/fb534a4e865501d8b3285208df34a9b5\",\"name\":\"rtnews\",\"image\":{\"@type\":\"ImageObject\",\"inLanguage\":\"de\",\"@id\":\"https:\/\/now-news.de\/de\/#\/schema\/person\/image\/\",\"url\":\"https:\/\/secure.gravatar.com\/avatar\/82aafea7d8127119dd649515f56e2117?s=96&d=mm&r=g\",\"contentUrl\":\"https:\/\/secure.gravatar.com\/avatar\/82aafea7d8127119dd649515f56e2117?s=96&d=mm&r=g\",\"caption\":\"rtnews\"},\"url\":\"https:\/\/now-news.de\/de\/author\/rnews\/\"}]}<\/script>\n<!-- \/ Yoast SEO Premium plugin. -->","yoast_head_json":{"title":"Medien: Erdo\u011fan trifft sich nach Gespr\u00e4chen mit Selenskij m\u00f6glicherweise mit Putin - just-now.NEWS Deutschland","robots":{"index":"index","follow":"follow","max-snippet":"max-snippet:-1","max-image-preview":"max-image-preview:large","max-video-preview":"max-video-preview:-1"},"canonical":"https:\/\/now-news.de\/de\/deutschland\/medien-erdogan-trifft-sich-nach-gespraechen-mit-selenskij-moeglicherweise-mit-putin\/","og_locale":"de_DE","og_type":"article","og_title":"Medien: Erdo\u011fan trifft sich nach Gespr\u00e4chen mit Selenskij m\u00f6glicherweise mit Putin","og_description":"Der t\u00fcrkische Fernsehsender A Haber berichtet, dass ein Treffen zwischen Recep Tayyip Erdo\u011fan und Wladimir Putin nach dessen Gespr\u00e4chen mit dem ukrainischen Pr\u00e4sidenten Wladimir Selenskij sehr wahrscheinlich ist. Dieses Treffen k\u00f6nnte sowohl in der T\u00fcrkei als auch in Russland stattfinden. Nach Gespr\u00e4chen mit dem ukrainischen Pr\u00e4sidenten Wladimir Selenskij werde der t\u00fcrkische Staatschef Recep Tayyip Erdo\u011fan [&hellip;]","og_url":"https:\/\/now-news.de\/de\/deutschland\/medien-erdogan-trifft-sich-nach-gespraechen-mit-selenskij-moeglicherweise-mit-putin\/","og_site_name":"just-now.NEWS Deutschland","article_publisher":"https:\/\/www.facebook.com\/wirmachenauf","article_published_time":"2023-07-07T17:41:54+00:00","og_image":[{"width":460,"height":259,"url":"https:\/\/now-news.de\/de\/wp-content\/uploads\/sites\/3\/2023\/07\/Medien-Erdogan-trifft-sich-nach-Gespraechen-mit-Selenskij-moeglicherweise-mit.jpg","type":"image\/jpeg"}],"author":"rtnews","twitter_card":"summary_large_image","twitter_creator":"@WirMachenAuf_de","twitter_site":"@WirMachenAuf_de","twitter_misc":{"Verfasst von":"rtnews","Gesch\u00e4tzte Lesezeit":"2\u00a0Minuten"},"schema":{"@context":"https:\/\/schema.org","@graph":[{"@type":"Article","@id":"https:\/\/now-news.de\/de\/deutschland\/medien-erdogan-trifft-sich-nach-gespraechen-mit-selenskij-moeglicherweise-mit-putin\/#article","isPartOf":{"@id":"https:\/\/now-news.de\/de\/deutschland\/medien-erdogan-trifft-sich-nach-gespraechen-mit-selenskij-moeglicherweise-mit-putin\/"},"author":{"name":"rtnews","@id":"https:\/\/now-news.de\/de\/#\/schema\/person\/fb534a4e865501d8b3285208df34a9b5"},"headline":"Medien: Erdo\u011fan trifft sich nach Gespr\u00e4chen mit Selenskij m\u00f6glicherweise mit Putin","datePublished":"2023-07-07T17:41:54+00:00","dateModified":"2023-07-07T17:41:54+00:00","mainEntityOfPage":{"@id":"https:\/\/now-news.de\/de\/deutschland\/medien-erdogan-trifft-sich-nach-gespraechen-mit-selenskij-moeglicherweise-mit-putin\/"},"wordCount":366,"commentCount":0,"publisher":{"@id":"https:\/\/now-news.de\/de\/#organization"},"image":{"@id":"https:\/\/now-news.de\/de\/deutschland\/medien-erdogan-trifft-sich-nach-gespraechen-mit-selenskij-moeglicherweise-mit-putin\/#primaryimage"},"thumbnailUrl":"https:\/\/now-news.de\/de\/wp-content\/uploads\/sites\/3\/2023\/07\/Medien-Erdogan-trifft-sich-nach-Gespraechen-mit-Selenskij-moeglicherweise-mit.jpg","keywords":["Erdo\u011fan","Gespr\u00e4chen","Medien","mit","m\u00f6glicherweise","nach","putin","Selenskij","sich","trifft"],"articleSection":["Deutschland","Russland"],"inLanguage":"de","potentialAction":[{"@type":"CommentAction","name":"Comment","target":["https:\/\/now-news.de\/de\/deutschland\/medien-erdogan-trifft-sich-nach-gespraechen-mit-selenskij-moeglicherweise-mit-putin\/#respond"]}]},{"@type":"WebPage","@id":"https:\/\/now-news.de\/de\/deutschland\/medien-erdogan-trifft-sich-nach-gespraechen-mit-selenskij-moeglicherweise-mit-putin\/","url":"https:\/\/now-news.de\/de\/deutschland\/medien-erdogan-trifft-sich-nach-gespraechen-mit-selenskij-moeglicherweise-mit-putin\/","name":"Medien: Erdo\u011fan trifft sich nach Gespr\u00e4chen mit Selenskij m\u00f6glicherweise mit Putin - just-now.NEWS Deutschland","isPartOf":{"@id":"https:\/\/now-news.de\/de\/#website"},"primaryImageOfPage":{"@id":"https:\/\/now-news.de\/de\/deutschland\/medien-erdogan-trifft-sich-nach-gespraechen-mit-selenskij-moeglicherweise-mit-putin\/#primaryimage"},"image":{"@id":"https:\/\/now-news.de\/de\/deutschland\/medien-erdogan-trifft-sich-nach-gespraechen-mit-selenskij-moeglicherweise-mit-putin\/#primaryimage"},"thumbnailUrl":"https:\/\/now-news.de\/de\/wp-content\/uploads\/sites\/3\/2023\/07\/Medien-Erdogan-trifft-sich-nach-Gespraechen-mit-Selenskij-moeglicherweise-mit.jpg","datePublished":"2023-07-07T17:41:54+00:00","dateModified":"2023-07-07T17:41:54+00:00","breadcrumb":{"@id":"https:\/\/now-news.de\/de\/deutschland\/medien-erdogan-trifft-sich-nach-gespraechen-mit-selenskij-moeglicherweise-mit-putin\/#breadcrumb"},"inLanguage":"de","potentialAction":[{"@type":"ReadAction","target":["https:\/\/now-news.de\/de\/deutschland\/medien-erdogan-trifft-sich-nach-gespraechen-mit-selenskij-moeglicherweise-mit-putin\/"]}]},{"@type":"ImageObject","inLanguage":"de","@id":"https:\/\/now-news.de\/de\/deutschland\/medien-erdogan-trifft-sich-nach-gespraechen-mit-selenskij-moeglicherweise-mit-putin\/#primaryimage","url":"https:\/\/now-news.de\/de\/wp-content\/uploads\/sites\/3\/2023\/07\/Medien-Erdogan-trifft-sich-nach-Gespraechen-mit-Selenskij-moeglicherweise-mit.jpg","contentUrl":"https:\/\/now-news.de\/de\/wp-content\/uploads\/sites\/3\/2023\/07\/Medien-Erdogan-trifft-sich-nach-Gespraechen-mit-Selenskij-moeglicherweise-mit.jpg","width":460,"height":259,"caption":"Medien: Erdo\u011fan trifft sich nach Gespr\u00e4chen mit Selenskij m\u00f6glicherweise mit Putin"},{"@type":"BreadcrumbList","@id":"https:\/\/now-news.de\/de\/deutschland\/medien-erdogan-trifft-sich-nach-gespraechen-mit-selenskij-moeglicherweise-mit-putin\/#breadcrumb","itemListElement":[{"@type":"ListItem","position":1,"name":"Home","item":"https:\/\/now-news.de\/de\/"},{"@type":"ListItem","position":2,"name":"Medien: Erdo\u011fan trifft sich nach Gespr\u00e4chen mit Selenskij m\u00f6glicherweise mit Putin"}]},{"@type":"WebSite","@id":"https:\/\/now-news.de\/de\/#website","url":"https:\/\/now-news.de\/de\/","name":"just-now.NEWS Deutschland","description":"Das Portal f\u00fcr unzensierte Nachrichten aus der Welt","publisher":{"@id":"https:\/\/now-news.de\/de\/#organization"},"potentialAction":[{"@type":"SearchAction","target":{"@type":"EntryPoint","urlTemplate":"https:\/\/now-news.de\/de\/?s={search_term_string}"},"query-input":"required name=search_term_string"}],"inLanguage":"de"},{"@type":"Organization","@id":"https:\/\/now-news.de\/de\/#organization","name":"Just Now News","url":"https:\/\/now-news.de\/de\/","logo":{"@type":"ImageObject","inLanguage":"de","@id":"https:\/\/now-news.de\/de\/#\/schema\/logo\/image\/","url":"http:\/\/just-now.news\/de\/wp-content\/uploads\/sites\/3\/2022\/04\/logo500x500.jpg","contentUrl":"http:\/\/just-now.news\/de\/wp-content\/uploads\/sites\/3\/2022\/04\/logo500x500.jpg","width":500,"height":500,"caption":"Just Now News"},"image":{"@id":"https:\/\/now-news.de\/de\/#\/schema\/logo\/image\/"},"sameAs":["https:\/\/www.facebook.com\/wirmachenauf","https:\/\/x.com\/WirMachenAuf_de"]},{"@type":"Person","@id":"https:\/\/now-news.de\/de\/#\/schema\/person\/fb534a4e865501d8b3285208df34a9b5","name":"rtnews","image":{"@type":"ImageObject","inLanguage":"de","@id":"https:\/\/now-news.de\/de\/#\/schema\/person\/image\/","url":"https:\/\/secure.gravatar.com\/avatar\/82aafea7d8127119dd649515f56e2117?s=96&d=mm&r=g","contentUrl":"https:\/\/secure.gravatar.com\/avatar\/82aafea7d8127119dd649515f56e2117?s=96&d=mm&r=g","caption":"rtnews"},"url":"https:\/\/now-news.de\/de\/author\/rnews\/"}]}},"_links":{"self":[{"href":"https:\/\/now-news.de\/de\/wp-json\/wp\/v2\/posts\/39684"}],"collection":[{"href":"https:\/\/now-news.de\/de\/wp-json\/wp\/v2\/posts"}],"about":[{"href":"https:\/\/now-news.de\/de\/wp-json\/wp\/v2\/types\/post"}],"author":[{"embeddable":true,"href":"https:\/\/now-news.de\/de\/wp-json\/wp\/v2\/users\/3"}],"replies":[{"embeddable":true,"href":"https:\/\/now-news.de\/de\/wp-json\/wp\/v2\/comments?post=39684"}],"version-history":[{"count":0,"href":"https:\/\/now-news.de\/de\/wp-json\/wp\/v2\/posts\/39684\/revisions"}],"wp:featuredmedia":[{"embeddable":true,"href":"https:\/\/now-news.de\/de\/wp-json\/wp\/v2\/media\/39685"}],"wp:attachment":[{"href":"https:\/\/now-news.de\/de\/wp-json\/wp\/v2\/media?parent=39684"}],"wp:term":[{"taxonomy":"category","embeddable":true,"href":"https:\/\/now-news.de\/de\/wp-json\/wp\/v2\/categories?post=39684"},{"taxonomy":"post_tag","embeddable":true,"href":"https:\/\/now-news.de\/de\/wp-json\/wp\/v2\/tags?post=39684"}],"curies":[{"name":"wp","href":"https:\/\/api.w.org\/{rel}","templated":true}]}}