{"id":39682,"date":"2023-07-07T19:00:44","date_gmt":"2023-07-07T17:00:44","guid":{"rendered":"https:\/\/just-now.news\/de\/deutschland\/drakonische-strafen-steckt-das-ukrainische-justizunrecht-jetzt-deutschland-an\/"},"modified":"2023-07-07T19:00:44","modified_gmt":"2023-07-07T17:00:44","slug":"drakonische-strafen-steckt-das-ukrainische-justizunrecht-jetzt-deutschland-an","status":"publish","type":"post","link":"https:\/\/now-news.de\/de\/deutschland\/drakonische-strafen-steckt-das-ukrainische-justizunrecht-jetzt-deutschland-an\/","title":{"rendered":"Drakonische Strafen \u2013 Steckt das ukrainische Justizunrecht jetzt Deutschland an?"},"content":{"rendered":"<p><img decoding=\"async\" src=\"http:\/\/just-now.news\/de\/wp-content\/uploads\/sites\/3\/2023\/07\/64a74840b480cc6f6c420a25.jpg\" \/><\/p>\n<div class=\"Text-root Text-type_1 \">\n                In der Ukraine ist nach dem Sieg des &#8220;Euromaidan&#8221; im Februar 2014 viel himmelschreiendes Unrecht geschehen, zu dem Europ\u00e4er und europ\u00e4ische Institutionen schweigen. Bleibt es so, wird sich auch Europa mit dem Bazillus des Justizunrechts anstecken, wenn es sich nicht bereits angesteckt hat.\n            <\/div>\n<p><\/p>\n<div class=\"Text-root Text-type_5 ArticleView-text ViewText-root \">\n<p><em>Von Alexej Danckwardt<\/em><\/p>\n<p>Das Justizsystem in der Ukraine ist seit dem Sieg des Maidan im Februar 2014 einem informierten Beobachter immer wieder durch rechtsstaatswidrige Verfahren und drakonische Urteile gegen Gegner des aktuellen Regimes auf der einen und durch Laschheit bis hin zur vollst\u00e4ndig fehlenden Ahndung von Verbrechen (einschlie\u00dflich T\u00f6tungsdelikten), die von Maidan-Anh\u00e4ngern und Nationalisten begangen wurden, auf der anderen Seite aufgefallen.<\/p>\n<p>Europa reagierte darauf nicht. Das gilt auch f\u00fcr den Europ\u00e4ischen Gerichtshof f\u00fcr Menschenrechte, der bei der Verurteilung Russlands immer schnell zum Urteil kam (nat\u00fcrlich stets gegen Russland, selbst wenn die russische Justiz im Ausgangsverfahren nichts anderes entschieden hat als das, was die deutsche Justiz immer entscheidet, wie im letzten Verfahren Nawalny gegen die Russische F\u00f6deration). Man hat den Eindruck, dass die Maidan-Ukraine 2014 einen Freibrief f\u00fcr jedes denkbare Verbrechen und jeden Versto\u00df gegen die Europ\u00e4ische Menschenrechtskonvention erhalten hat.<\/p>\n<p><strong>Rechtsstaatswidrige Zust\u00e4nde begannen in der Ukraine nicht erst am 24.02.2022<\/strong>\u00a0<\/p>\n<p>Das Massaker auf dem Maidan, das den verfassungswidrigen Umsturz im Februar 2014 einleitete, ist bis heute nicht aufgekl\u00e4rt, obwohl einige der Sch\u00fctzen inzwischen freim\u00fctige Gest\u00e4ndnisse ablegten, dass sie es waren, die auf beide Seiten \u2013 die Ordnungskr\u00e4fte und die Regierungsgegner \u2013 geschossen haben. Sch\u00fctzen aus den Reihen der damaligen Regierungsgegner, wohl gemerkt. Belangt wurden sie daf\u00fcr nicht, und das liegt nicht allein an der Amnestie, die sich die Maidan-Seite sofort nach ihrem Sieg selbst verordnet hat.<\/p>\n<p>An ihrer statt sa\u00dfen zahlreiche Ordnungsh\u00fcter, Polizisten, f\u00fcnf Jahre lang in Untersuchungshaft, bevor sie 2019 aus Mangel an Beweisen auf freien Fu\u00df gesetzt werden mussten. F\u00fcnf Jahre hinter Gittern f\u00fcr erkennbar Unschuldige!\u00a0<\/p>\n<p>Auch die T\u00e4ter des \u00dcberfalls auf ein antifaschistisches Camp in Odessa am 2. Mai 2014, die f\u00fcr den Tod von fast 50 Menschen verantwortlich sind, blieben straffrei.<\/p>\n<p>Wie auch die <a rel=\"nofollow noopener\" target=\"_blank\" href=\"https:\/\/test.rtde.life\/23931\/international\/mutmassliche-moerder-des-oppositionellen-journalisten-busina-vorlaeufig-freigelassen-rechter-sektor-feiert-sie-als-helden\/\">M\u00f6rder des Schriftstellers und Journalisten Oles Busina<\/a>. Die Letzteren wurden zwar angeklagt, der Prozess wird aber seit mehr als sieben Jahren verschleppt. Die Mordverd\u00e4chtigen befinden sich all die Jahre auf freiem Fu\u00df, wurden sogar durch Selenskijs B\u00fcro mit aus staatlichen Mitteln finanzierten Jobs ausgestattet.\u00a0<\/p>\n<p>Daf\u00fcr sind die ukrainischen Staatsanw\u00e4lte und Richter bei den Gegnern des Maidan-Regimes umso unnachgiebiger. Selbst harmlose Nutzer von sozialen Netzwerken wurden in der Zeit bis zum Beginn der russischen Intervention mit Verfahren \u00fcberzogen und meist zu Bew\u00e4hrungsstrafen f\u00fcr solche &#8220;Delikte&#8221; wie das Posten der roten Fahne und anderer sowjetischer Symbole, f\u00fcr Fotos von Leonid Breschnew oder regierungskritische \u00c4u\u00dferungen verurteilt. Seit dem 24. Februar 2022 hat diese sch\u00e4ndliche Praxis nicht etwa ein Ende gefunden. Anders ist nur, dass die verh\u00e4ngten Strafen nicht mehr zur Bew\u00e4hrung ausgesetzt werden.\u00a0<\/p>\n<p>In Deutschland halbwegs bekannt ist der Fall eines Studenten aus Lwow, der f\u00fcr das Posten eines Lenin-Zitats zu einer Bew\u00e4hrungsstrafe verurteilt wurde. Das Urteil verstieg sich zudem dazu, die Beschlagnahme eines Bandes von &#8220;Das Kapital&#8221; anzuordnen. Dieser Fall wurde \u2013 sehr eingeschr\u00e4nkt und dies wohl auch nur wegen der letzteren Tatsache \u2013 bekannt. Er ging offenbar zumindest deutschen &#8220;Linken&#8221; einen Tick zu weit. Kein Interesse haben auch sie f\u00fcr die Tausenden anderer Verfahren dieser Art, in denen im Urteil nicht &#8220;Das Kapital&#8221;, sondern, sagen wir, eine Biografie des letzten russischen Zaren f\u00fcr illegal erkl\u00e4rt wird.<\/p>\n<p>Bis heute nicht abgeschlossen ist der Prozess gegen Ruslan Kozaba, der wegen eines pazifistischen Videos und seiner journalistischen Arbeit im Donbass 2,5 Jahre in Untersuchungshaft verbrachte. Er wurde in erster Instanz verurteilt. Die zweite Instanz sprach ihn frei, das freisprechende Urteil hielt jedoch vor dem Obersten Gericht der Ukraine nicht stand. Nun d\u00fcmpelt die Sache seit vier Jahren erneut in erster Instanz herum.\u00a0<\/p>\n<p>Und Kozaba ist bei weitem nicht der einzige Journalist, den das Kiewer Regime strafrechtlich verfolgen lie\u00df. Die Namen Wassili Murawizki, Dimitri Wassilez und <a rel=\"nofollow noopener\" target=\"_blank\" href=\"https:\/\/test.rtde.life\/international\/165533-sanktionierter-journalist-rekapituliert-vor-un-ukrainische-russophobie\/\">Kirill Wyschinski<\/a>\u00a0sind Beispiele. Und ich habe lange nicht einen vollst\u00e4ndigen \u00dcberblick \u00fcber die Untaten der heutigen Machthaber in Kiew und ihrer B\u00fcttel in Richterroben.<\/p>\n<p>Jeder dieser Journalisten hat viele Monate in Untersuchungshaft verbracht, bevor er endlich unter Hausarrest gestellt (auch eine Freiheitsbeschr\u00e4nkung, \u00fcbrigens) oder von Russland freigekauft wurde. Gegenstand der Vorw\u00fcrfe war stets die journalistische Arbeit der Betroffenen, die von der Staatsanwaltschaft als &#8220;Landesverrat&#8221; interpretiert wurde. All das lange vor dem &#8220;russischen \u00dcberfall&#8221;.<\/p>\n<p><strong>Massiver Anstieg der Repressalien in den letzten Monaten<\/strong><\/p>\n<p>Wie angedeutet, hat sich das Ausma\u00df der Repression gegen Andersdenkende in der &#8220;proeurop\u00e4ischen Ukraine&#8221; auch gegen\u00fcber dem bisherigen nicht hinnehmbaren Niveau erneut gesteigert. Vieles liegt im Dunkeln, <em>RT DE<\/em> hat <a rel=\"nofollow noopener\" target=\"_blank\" href=\"https:\/\/test.rtde.life\/europa\/134232-terror-in-ukraine-weitere-journalisten-verschwinden\/\">mehrfach<\/a> \u00fcber zahlreiche Oppositionelle berichtet, die <a rel=\"nofollow noopener\" target=\"_blank\" href=\"https:\/\/test.rtde.life\/europa\/133502-kiew-prominente-oppositionelle-verschwinden-spurlos\/\">im M\u00e4rz 2022 verschwunden<\/a> sind. Ich habe es tagesaktuell \u00fcberpr\u00fcft: von den meisten der dort namentlich Genannten gibt es auch weiterhin kein \u00f6ffentliches Lebenszeichen. Was mit ihnen ist, ist nach wie vor unbekannt. Und <em>RT<\/em> hat nur die Spitze des Eisberges angeschnitten.\u00a0<\/p>\n<p>Ganz neu hinzugekommen ist die gerichtliche Verfolgung orthodoxer Christen. Ein prominentes Beispiel war der Poet und Publizist Jan Taksjur, einer der Wenigen aus der Berichterstattung von <em>RT DE<\/em>, der wenigstens am Leben ist und nach Monaten der Tortur in Haft und seinem emp\u00f6renden Urteil <a rel=\"nofollow noopener\" target=\"_blank\" href=\"https:\/\/test.rtde.life\/europa\/171027-ukrainischer-dichter-jan-taksjur-wurde-von-russland-freigekauft\/\">durch Russland freigekauft<\/a> werden konnte.<\/p>\n<p>Im Juni wurde ein Novize des Potschajew-Klosters, der sechs Jahre lang auf dem Gel\u00e4nde des Klosters lebte, Opfer der neuen (&#8220;europ\u00e4ischen&#8221;) ukrainischen Justiz. Der Mann wurde zu f\u00fcnf Jahren Gef\u00e4ngnis und der Beschlagnahme seines gesamten Besitzes verurteilt.<\/p>\n<p>Vorwand f\u00fcr die harte Strafe war das Verhalten des Mannes in sozialen Netzwerken. Darin teilte er Gedanken \u00fcber die Dreieinigkeit der V\u00f6lker der Ukraine, Wei\u00dfrusslands und Russlands. Schlimmer noch: er rief dazu auf, f\u00fcr das russische Milit\u00e4r zu beten, bezeichnete es als Verteidiger der Orthodoxie. Das Gericht befand ihn der &#8220;Kollaboration&#8221; und der &#8220;Verherrlichung Russlands&#8221; f\u00fcr schuldig.<\/p>\n<p>Verhaftungen von M\u00f6nchen und Priestern der kanonischen Ukrainisch-Orthodoxen Kirche sind inzwischen ein Massenph\u00e4nomen. Der Hausarrest des Metropoliten Pawel, Vikar des Kiewer H\u00f6hlenklosters, wurde Anfang Juli auch zum dritten Mal verl\u00e4ngert.<\/p>\n<p>Ein weiteres Bet\u00e4tigungsfeld fand die ukrainische Justiz nach dem R\u00fcckzug der russischen Truppen aus zuvor besetzten Landesteilen im Herbst vergangenen Jahres. Jeder, der hier mit der von Russland eingesetzten Verwaltung kommuniziert hatte, und sei es nur auf elementare und f\u00fcr das Alltagsleben unabdingbare Weise, steht seitdem im Fokus der Beh\u00f6rden. In F\u00e4llen, in denen gar Sympathien f\u00fcr die russische Sache entdeckt werden, scheinen Sanktionen unter zehn Jahren Freiheitsstrafe nicht infrage zu kommen.\u00a0 \u00a0\u00a0<\/p>\n<p>Mitte Mai hat ein Gericht im Osten der Ukraine einen 17-j\u00e4hrigen Teenager zu 10 Jahren Gef\u00e4ngnis verurteilt, weil er dem russischen Milit\u00e4r geholfen haben soll. Der Junge wurde bereits im August 2022 im Alter von 16 Jahren in Artjomowsk (Bachmut) festgenommen. Ihm wurde zun\u00e4chst vorgeworfen, Informationen \u00fcber den Standort ukrainischer Verb\u00e4nde weitergegeben zu haben, und dann, an Kampfhandlungen gegen die ukrainischen Streitkr\u00e4fte beteiligt gewesen zu sein. Nach Ansicht von Beobachtern halten die Anklagepunkte elementarer Kritik nicht stand. Der Prozess selbst wurde mit zahlreichen Unregelm\u00e4\u00dfigkeiten gef\u00fchrt.<\/p>\n<p>Menschenrechtsaktivisten behaupten, dass der Junge nach seiner Verhaftung gefoltert wurde. Das Gericht verh\u00e4ngte die H\u00f6chststrafe, lie\u00df also keinen der in Frage kommenden Milderungsgr\u00fcnde zum Zuge kommen, obwohl der Ungl\u00fcckselige als gut erzogen charakterisiert wird und nicht vorbestraft ist.<\/p>\n<p>Und bitte an dieser Stelle nicht mit Ma\u00dfst\u00e4ben aus dem Zweiten Weltkrieg kommen! Wir reden nicht \u00fcber den \u00dcberfall einer v\u00f6llig fremden Nation auf ein friedliebendes Land, sondern wir reden \u00fcber die Intervention eines Nachbarn, mit dem die Ukraine mehr als 300 Jahre lang einen Staat bildete, die zwei j\u00fcngsten sowjetischen Generationen leben noch. Dass es unter diesen Umst\u00e4nden in Bezug auf den russischen oder sowjetischen Mutterstaat loyale Auffassungen in der ukrainischen Bev\u00f6lkerung gibt, ist \u00fcberaus nat\u00fcrlich und zu respektieren. Wenn die Ukraine Heimat f\u00fcr alle B\u00fcrger \u2013 die proeurop\u00e4ischen und die prorussischen \u2013 werden will, muss sie auch &#8220;prorussisches&#8221; Verhalten amnestieren und so f\u00fcr inneren Frieden sorgen. Aber dazu werden die Nationalisten in Kiew niemals bereit sein.\u00a0<\/p>\n<p>Ebenfalls zu zehn Jahren wurde bereits im Herbst 2022 eine Frau im zentralukrainischen Tscherkassy verurteilt. Ihr &#8220;Verbrechen&#8221;: sie postete im sozialen Netzwerk &#8220;Odnoklassniki&#8221; &#8220;antiukrainische&#8221; Memes und kommunizierte mit ihrer in Russland lebenden Schwester. Unter anderem verspottete sie einen Marsch von Neonazis zu Ehren Banderas. Am schlimmsten war wohl ein Foto von Fortifikationsbauten der ukrainischen Armee in Tscherkassy verbunden mit dem Kommentar, Russland solle diese bombardieren, damit &#8220;sie von hier verschwinden&#8221;.\u00a0<\/p>\n<p>Nat\u00fcrlich w\u00e4hlt das russische Milit\u00e4r seine Angriffsziele nicht anhand von Fotos in &#8220;Odnoklassniki&#8221; aus. Aber genau mit dieser absurden Annahme wurde aus einem w\u00fctenden Post einer Maidan-Gegnerin die &#8220;Feuerkorrektur&#8221; durch eine &#8220;russische Spionin&#8221;.\u00a0\u00dcber das harte Urteil waren sogar einige ukrainische Medien entsetzt, Beobachter hatten zuvor mit einer Bew\u00e4hrungsstrafe gerechnet.<\/p>\n<p>Wie viele auf solch unbarmherzige Weise zerst\u00f6rte Schicksale es in der Ukraine dieser Tage gibt und noch geben wird, k\u00f6nnen wir nur erahnen.<\/p>\n<p><strong>Interessiert uns das?\u00a0<\/strong><\/p>\n<p>Anders als die westliche Kriegspropaganda behauptet, verteidigt die Ukraine nicht die &#8220;europ\u00e4ischen Werte&#8221; (wenn man darunter Rechtsstaatlichkeit, Menschenrechte, Schutz von Minderheiten und sprachlicher, kultureller und ethnischer Vielfalt verstehen will und nicht den in Europa geborenen Nazismus), sondern verh\u00f6hnt sie und tritt sie mit F\u00fc\u00dfen. Am schlimmsten ist, dass sie auch das &#8220;alte&#8221; Europa inzwischen mit Nationalismus, Russophobie, Verachtung f\u00fcr Andersdenkende und Vernichtungsgel\u00fcsten angesteckt hat und noch schlimmer anstecken wird, wenn das Feuer des Maidanismus nicht bald und restlos ausgel\u00f6scht wird.<\/p>\n<p>Wie das Gebaren der deutschen Justiz bis hin zum Bundesverfassungsgericht (das in der &#8220;Pandemie&#8221; wenig verh\u00fcllt <a rel=\"nofollow noopener\" target=\"_blank\" href=\"https:\/\/test.rtde.life\/inland\/128619-kritik-an-karlsruhe-bundesverfassungsgericht-durch-2g-plus-plus-regel-befangen\/\">signalisiert hat<\/a>, dass es nicht mehr beabsichtigt, Freiheits- und B\u00fcrgerrechte zu sch\u00fctzen) gezeigt hat, wie <a rel=\"nofollow noopener\" target=\"_blank\" href=\"https:\/\/test.rtde.life\/inland\/173838-strafverteidiger-dirk-sattelmaier-zum-vermeintlichen\/\">Urteile gegen Andersdenkende<\/a> ob in der <a rel=\"nofollow noopener\" target=\"_blank\" href=\"https:\/\/test.rtde.life\/meinung\/174061-bestrafe-erziehe-hundert-bochumer-urteil\/\">&#8220;Pandemie&#8221;<\/a>&#8211; oder der <a rel=\"nofollow noopener\" target=\"_blank\" href=\"https:\/\/test.rtde.life\/kurzclips\/video\/172103-prorussische-friedensaktivistin-elena-kolbasnikowa-von\/\">Ukraine-Frage<\/a> aktuell zeigen, steht der Rechtsstaat auch in Deutschland auf der Kippe. <a rel=\"nofollow noopener\" target=\"_blank\" href=\"https:\/\/test.rtde.life\/meinung\/174061-bestrafe-erziehe-hundert-bochumer-urteil\/\">Drei Jahre Freiheitsstrafe<\/a> f\u00fcr einen nicht vorbestraften Arzt, der die k\u00f6rperliche Unversehrtheit seiner Patienten sch\u00fctzen wollte, sind da nicht das erste Warnzeichen. Es ist daher in unser aller Interesse, zum Unrecht in der Ukraine nicht mehr verst\u00e4ndnisvoll zu schweigen, sondern die Dinge beim Namen zu nennen.\u00a0\u00a0<\/p>\n<p><strong><em>Alexej Danckwardt<\/em><\/strong><em>\u00a0studierte Jura und V\u00f6lkerrecht an der Universit\u00e4t Leipzig und war anschlie\u00dfend 18 Jahre als Rechtsanwalt t\u00e4tig. Von 2014 bis 2019 war er im Leipziger Stadtrat aktiv, zun\u00e4chst f\u00fcr DIE LINKE, nach einem innerparteilichen Streit \u00fcber die Rolle von Angela Merkel im Ukraine-Konflikt im Fr\u00fchjahr 2016 als Parteiloser.\u00a0Derzeit lebt er im russischen Exil.<\/em><\/p>\n<p><strong>Mehr zum Thema<\/strong> &#8211; <a rel=\"nofollow noopener\" target=\"_blank\" href=\"https:\/\/test.rtde.life\/meinung\/132733-demokratisches-europa-musste-helfen-ukraine\/\">Ein demokratisches Europa m\u00fcsste helfen, die Ukraine von Nazis zu befreien<\/a><\/p>\n<\/div>\n<p><br \/>\n<br \/><a href=\"https:\/\/de.rt.com\/europa\/174565-ukraine-drakonische-urteile-gegen-frauen-und-jugendliche\/\">Source link <\/a><\/p>\n","protected":false},"excerpt":{"rendered":"<p>In der Ukraine ist nach dem Sieg des &#8220;Euromaidan&#8221; im Februar 2014 viel himmelschreiendes Unrecht geschehen, zu dem Europ\u00e4er und europ\u00e4ische Institutionen schweigen. Bleibt es so, wird sich auch Europa mit dem Bazillus des Justizunrechts anstecken, wenn es sich nicht bereits angesteckt hat. Von Alexej Danckwardt Das Justizsystem in der Ukraine ist seit dem Sieg [&hellip;]<\/p>\n","protected":false},"author":3,"featured_media":39683,"comment_status":"open","ping_status":"open","sticky":false,"template":"","format":"standard","meta":{"_yoast_indexnow_last_ping":["1688751058"],"wp_automatic_camp":["217"],"2d44c5e4c780f541f8e0200d8cf38c97":["Drakonische Strafen \u2013 Steckt das ukrainische Justizunrecht jetzt Deutschland an?"],"original_link":["https:\/\/de.rt.com\/europa\/174565-ukraine-drakonische-urteile-gegen-frauen-und-jugendliche\/"],"_thumbnail_id":["39683"],"_wptgpro_p2tg_sent2tg":["a:1:{i:23737;s:19:\"2023-07-07 19:32:04\";}"],"jnews_social_counter_last_update":["1777590900"]},"categories":[19,23],"tags":[427,179,46480,2731,46481,705,21782,905],"yoast_head":"<!-- This site is optimized with the Yoast SEO Premium plugin v22.7 (Yoast SEO v22.7) - https:\/\/yoast.com\/wordpress\/plugins\/seo\/ -->\n<title>Drakonische Strafen \u2013 Steckt das ukrainische Justizunrecht jetzt Deutschland an? - just-now.NEWS Deutschland<\/title>\n<meta name=\"robots\" content=\"index, follow, max-snippet:-1, max-image-preview:large, max-video-preview:-1\" \/>\n<link rel=\"canonical\" href=\"https:\/\/now-news.de\/de\/deutschland\/drakonische-strafen-steckt-das-ukrainische-justizunrecht-jetzt-deutschland-an\/\" \/>\n<meta property=\"og:locale\" content=\"de_DE\" \/>\n<meta property=\"og:type\" content=\"article\" \/>\n<meta property=\"og:title\" content=\"Drakonische Strafen \u2013 Steckt das ukrainische Justizunrecht jetzt Deutschland an?\" \/>\n<meta property=\"og:description\" content=\"In der Ukraine ist nach dem Sieg des &#8220;Euromaidan&#8221; im Februar 2014 viel himmelschreiendes Unrecht geschehen, zu dem Europ\u00e4er und europ\u00e4ische Institutionen schweigen. Bleibt es so, wird sich auch Europa mit dem Bazillus des Justizunrechts anstecken, wenn es sich nicht bereits angesteckt hat. Von Alexej Danckwardt Das Justizsystem in der Ukraine ist seit dem Sieg [&hellip;]\" \/>\n<meta property=\"og:url\" content=\"https:\/\/now-news.de\/de\/deutschland\/drakonische-strafen-steckt-das-ukrainische-justizunrecht-jetzt-deutschland-an\/\" \/>\n<meta property=\"og:site_name\" content=\"just-now.NEWS Deutschland\" \/>\n<meta property=\"article:publisher\" content=\"https:\/\/www.facebook.com\/wirmachenauf\" \/>\n<meta property=\"article:published_time\" content=\"2023-07-07T17:00:44+00:00\" \/>\n<meta property=\"og:image\" content=\"https:\/\/now-news.de\/de\/wp-content\/uploads\/sites\/3\/2023\/07\/Drakonische-Strafen-\u2013-Steckt-das-ukrainische-Justizunrecht-jetzt-Deutschland-an.jpg\" \/>\n\t<meta property=\"og:image:width\" content=\"460\" \/>\n\t<meta property=\"og:image:height\" content=\"259\" \/>\n\t<meta property=\"og:image:type\" content=\"image\/jpeg\" \/>\n<meta name=\"author\" content=\"rtnews\" \/>\n<meta name=\"twitter:card\" content=\"summary_large_image\" \/>\n<meta name=\"twitter:creator\" content=\"@WirMachenAuf_de\" \/>\n<meta name=\"twitter:site\" content=\"@WirMachenAuf_de\" \/>\n<meta name=\"twitter:label1\" content=\"Verfasst von\" \/>\n\t<meta name=\"twitter:data1\" content=\"rtnews\" \/>\n\t<meta name=\"twitter:label2\" content=\"Gesch\u00e4tzte Lesezeit\" \/>\n\t<meta name=\"twitter:data2\" content=\"9\u00a0Minuten\" \/>\n<script type=\"application\/ld+json\" class=\"yoast-schema-graph\">{\"@context\":\"https:\/\/schema.org\",\"@graph\":[{\"@type\":\"Article\",\"@id\":\"https:\/\/now-news.de\/de\/deutschland\/drakonische-strafen-steckt-das-ukrainische-justizunrecht-jetzt-deutschland-an\/#article\",\"isPartOf\":{\"@id\":\"https:\/\/now-news.de\/de\/deutschland\/drakonische-strafen-steckt-das-ukrainische-justizunrecht-jetzt-deutschland-an\/\"},\"author\":{\"name\":\"rtnews\",\"@id\":\"https:\/\/now-news.de\/de\/#\/schema\/person\/fb534a4e865501d8b3285208df34a9b5\"},\"headline\":\"Drakonische Strafen \u2013 Steckt das ukrainische Justizunrecht jetzt Deutschland an?\",\"datePublished\":\"2023-07-07T17:00:44+00:00\",\"dateModified\":\"2023-07-07T17:00:44+00:00\",\"mainEntityOfPage\":{\"@id\":\"https:\/\/now-news.de\/de\/deutschland\/drakonische-strafen-steckt-das-ukrainische-justizunrecht-jetzt-deutschland-an\/\"},\"wordCount\":1793,\"commentCount\":0,\"publisher\":{\"@id\":\"https:\/\/now-news.de\/de\/#organization\"},\"image\":{\"@id\":\"https:\/\/now-news.de\/de\/deutschland\/drakonische-strafen-steckt-das-ukrainische-justizunrecht-jetzt-deutschland-an\/#primaryimage\"},\"thumbnailUrl\":\"https:\/\/now-news.de\/de\/wp-content\/uploads\/sites\/3\/2023\/07\/Drakonische-Strafen-\u2013-Steckt-das-ukrainische-Justizunrecht-jetzt-Deutschland-an.jpg\",\"keywords\":[\"das\",\"Deutschland\",\"Drakonische\",\"Jetzt\",\"Justizunrecht\",\"steckt\",\"Strafen\",\"Ukrainische\"],\"articleSection\":[\"Deutschland\",\"Russland\"],\"inLanguage\":\"de\",\"potentialAction\":[{\"@type\":\"CommentAction\",\"name\":\"Comment\",\"target\":[\"https:\/\/now-news.de\/de\/deutschland\/drakonische-strafen-steckt-das-ukrainische-justizunrecht-jetzt-deutschland-an\/#respond\"]}]},{\"@type\":\"WebPage\",\"@id\":\"https:\/\/now-news.de\/de\/deutschland\/drakonische-strafen-steckt-das-ukrainische-justizunrecht-jetzt-deutschland-an\/\",\"url\":\"https:\/\/now-news.de\/de\/deutschland\/drakonische-strafen-steckt-das-ukrainische-justizunrecht-jetzt-deutschland-an\/\",\"name\":\"Drakonische Strafen \u2013 Steckt das ukrainische Justizunrecht jetzt Deutschland an? - just-now.NEWS Deutschland\",\"isPartOf\":{\"@id\":\"https:\/\/now-news.de\/de\/#website\"},\"primaryImageOfPage\":{\"@id\":\"https:\/\/now-news.de\/de\/deutschland\/drakonische-strafen-steckt-das-ukrainische-justizunrecht-jetzt-deutschland-an\/#primaryimage\"},\"image\":{\"@id\":\"https:\/\/now-news.de\/de\/deutschland\/drakonische-strafen-steckt-das-ukrainische-justizunrecht-jetzt-deutschland-an\/#primaryimage\"},\"thumbnailUrl\":\"https:\/\/now-news.de\/de\/wp-content\/uploads\/sites\/3\/2023\/07\/Drakonische-Strafen-\u2013-Steckt-das-ukrainische-Justizunrecht-jetzt-Deutschland-an.jpg\",\"datePublished\":\"2023-07-07T17:00:44+00:00\",\"dateModified\":\"2023-07-07T17:00:44+00:00\",\"breadcrumb\":{\"@id\":\"https:\/\/now-news.de\/de\/deutschland\/drakonische-strafen-steckt-das-ukrainische-justizunrecht-jetzt-deutschland-an\/#breadcrumb\"},\"inLanguage\":\"de\",\"potentialAction\":[{\"@type\":\"ReadAction\",\"target\":[\"https:\/\/now-news.de\/de\/deutschland\/drakonische-strafen-steckt-das-ukrainische-justizunrecht-jetzt-deutschland-an\/\"]}]},{\"@type\":\"ImageObject\",\"inLanguage\":\"de\",\"@id\":\"https:\/\/now-news.de\/de\/deutschland\/drakonische-strafen-steckt-das-ukrainische-justizunrecht-jetzt-deutschland-an\/#primaryimage\",\"url\":\"https:\/\/now-news.de\/de\/wp-content\/uploads\/sites\/3\/2023\/07\/Drakonische-Strafen-\u2013-Steckt-das-ukrainische-Justizunrecht-jetzt-Deutschland-an.jpg\",\"contentUrl\":\"https:\/\/now-news.de\/de\/wp-content\/uploads\/sites\/3\/2023\/07\/Drakonische-Strafen-\u2013-Steckt-das-ukrainische-Justizunrecht-jetzt-Deutschland-an.jpg\",\"width\":460,\"height\":259,\"caption\":\"Drakonische Strafen \u2013 Steckt das ukrainische Justizunrecht jetzt Deutschland an?\"},{\"@type\":\"BreadcrumbList\",\"@id\":\"https:\/\/now-news.de\/de\/deutschland\/drakonische-strafen-steckt-das-ukrainische-justizunrecht-jetzt-deutschland-an\/#breadcrumb\",\"itemListElement\":[{\"@type\":\"ListItem\",\"position\":1,\"name\":\"Home\",\"item\":\"https:\/\/now-news.de\/de\/\"},{\"@type\":\"ListItem\",\"position\":2,\"name\":\"Drakonische Strafen \u2013 Steckt das ukrainische Justizunrecht jetzt Deutschland an?\"}]},{\"@type\":\"WebSite\",\"@id\":\"https:\/\/now-news.de\/de\/#website\",\"url\":\"https:\/\/now-news.de\/de\/\",\"name\":\"just-now.NEWS Deutschland\",\"description\":\"Das Portal f\u00fcr unzensierte Nachrichten aus der Welt\",\"publisher\":{\"@id\":\"https:\/\/now-news.de\/de\/#organization\"},\"potentialAction\":[{\"@type\":\"SearchAction\",\"target\":{\"@type\":\"EntryPoint\",\"urlTemplate\":\"https:\/\/now-news.de\/de\/?s={search_term_string}\"},\"query-input\":\"required name=search_term_string\"}],\"inLanguage\":\"de\"},{\"@type\":\"Organization\",\"@id\":\"https:\/\/now-news.de\/de\/#organization\",\"name\":\"Just Now News\",\"url\":\"https:\/\/now-news.de\/de\/\",\"logo\":{\"@type\":\"ImageObject\",\"inLanguage\":\"de\",\"@id\":\"https:\/\/now-news.de\/de\/#\/schema\/logo\/image\/\",\"url\":\"http:\/\/just-now.news\/de\/wp-content\/uploads\/sites\/3\/2022\/04\/logo500x500.jpg\",\"contentUrl\":\"http:\/\/just-now.news\/de\/wp-content\/uploads\/sites\/3\/2022\/04\/logo500x500.jpg\",\"width\":500,\"height\":500,\"caption\":\"Just Now News\"},\"image\":{\"@id\":\"https:\/\/now-news.de\/de\/#\/schema\/logo\/image\/\"},\"sameAs\":[\"https:\/\/www.facebook.com\/wirmachenauf\",\"https:\/\/x.com\/WirMachenAuf_de\"]},{\"@type\":\"Person\",\"@id\":\"https:\/\/now-news.de\/de\/#\/schema\/person\/fb534a4e865501d8b3285208df34a9b5\",\"name\":\"rtnews\",\"image\":{\"@type\":\"ImageObject\",\"inLanguage\":\"de\",\"@id\":\"https:\/\/now-news.de\/de\/#\/schema\/person\/image\/\",\"url\":\"https:\/\/secure.gravatar.com\/avatar\/82aafea7d8127119dd649515f56e2117?s=96&d=mm&r=g\",\"contentUrl\":\"https:\/\/secure.gravatar.com\/avatar\/82aafea7d8127119dd649515f56e2117?s=96&d=mm&r=g\",\"caption\":\"rtnews\"},\"url\":\"https:\/\/now-news.de\/de\/author\/rnews\/\"}]}<\/script>\n<!-- \/ Yoast SEO Premium plugin. -->","yoast_head_json":{"title":"Drakonische Strafen \u2013 Steckt das ukrainische Justizunrecht jetzt Deutschland an? - just-now.NEWS Deutschland","robots":{"index":"index","follow":"follow","max-snippet":"max-snippet:-1","max-image-preview":"max-image-preview:large","max-video-preview":"max-video-preview:-1"},"canonical":"https:\/\/now-news.de\/de\/deutschland\/drakonische-strafen-steckt-das-ukrainische-justizunrecht-jetzt-deutschland-an\/","og_locale":"de_DE","og_type":"article","og_title":"Drakonische Strafen \u2013 Steckt das ukrainische Justizunrecht jetzt Deutschland an?","og_description":"In der Ukraine ist nach dem Sieg des &#8220;Euromaidan&#8221; im Februar 2014 viel himmelschreiendes Unrecht geschehen, zu dem Europ\u00e4er und europ\u00e4ische Institutionen schweigen. Bleibt es so, wird sich auch Europa mit dem Bazillus des Justizunrechts anstecken, wenn es sich nicht bereits angesteckt hat. Von Alexej Danckwardt Das Justizsystem in der Ukraine ist seit dem Sieg [&hellip;]","og_url":"https:\/\/now-news.de\/de\/deutschland\/drakonische-strafen-steckt-das-ukrainische-justizunrecht-jetzt-deutschland-an\/","og_site_name":"just-now.NEWS Deutschland","article_publisher":"https:\/\/www.facebook.com\/wirmachenauf","article_published_time":"2023-07-07T17:00:44+00:00","og_image":[{"width":460,"height":259,"url":"https:\/\/now-news.de\/de\/wp-content\/uploads\/sites\/3\/2023\/07\/Drakonische-Strafen-\u2013-Steckt-das-ukrainische-Justizunrecht-jetzt-Deutschland-an.jpg","type":"image\/jpeg"}],"author":"rtnews","twitter_card":"summary_large_image","twitter_creator":"@WirMachenAuf_de","twitter_site":"@WirMachenAuf_de","twitter_misc":{"Verfasst von":"rtnews","Gesch\u00e4tzte Lesezeit":"9\u00a0Minuten"},"schema":{"@context":"https:\/\/schema.org","@graph":[{"@type":"Article","@id":"https:\/\/now-news.de\/de\/deutschland\/drakonische-strafen-steckt-das-ukrainische-justizunrecht-jetzt-deutschland-an\/#article","isPartOf":{"@id":"https:\/\/now-news.de\/de\/deutschland\/drakonische-strafen-steckt-das-ukrainische-justizunrecht-jetzt-deutschland-an\/"},"author":{"name":"rtnews","@id":"https:\/\/now-news.de\/de\/#\/schema\/person\/fb534a4e865501d8b3285208df34a9b5"},"headline":"Drakonische Strafen \u2013 Steckt das ukrainische Justizunrecht jetzt Deutschland an?","datePublished":"2023-07-07T17:00:44+00:00","dateModified":"2023-07-07T17:00:44+00:00","mainEntityOfPage":{"@id":"https:\/\/now-news.de\/de\/deutschland\/drakonische-strafen-steckt-das-ukrainische-justizunrecht-jetzt-deutschland-an\/"},"wordCount":1793,"commentCount":0,"publisher":{"@id":"https:\/\/now-news.de\/de\/#organization"},"image":{"@id":"https:\/\/now-news.de\/de\/deutschland\/drakonische-strafen-steckt-das-ukrainische-justizunrecht-jetzt-deutschland-an\/#primaryimage"},"thumbnailUrl":"https:\/\/now-news.de\/de\/wp-content\/uploads\/sites\/3\/2023\/07\/Drakonische-Strafen-\u2013-Steckt-das-ukrainische-Justizunrecht-jetzt-Deutschland-an.jpg","keywords":["das","Deutschland","Drakonische","Jetzt","Justizunrecht","steckt","Strafen","Ukrainische"],"articleSection":["Deutschland","Russland"],"inLanguage":"de","potentialAction":[{"@type":"CommentAction","name":"Comment","target":["https:\/\/now-news.de\/de\/deutschland\/drakonische-strafen-steckt-das-ukrainische-justizunrecht-jetzt-deutschland-an\/#respond"]}]},{"@type":"WebPage","@id":"https:\/\/now-news.de\/de\/deutschland\/drakonische-strafen-steckt-das-ukrainische-justizunrecht-jetzt-deutschland-an\/","url":"https:\/\/now-news.de\/de\/deutschland\/drakonische-strafen-steckt-das-ukrainische-justizunrecht-jetzt-deutschland-an\/","name":"Drakonische Strafen \u2013 Steckt das ukrainische Justizunrecht jetzt Deutschland an? - just-now.NEWS Deutschland","isPartOf":{"@id":"https:\/\/now-news.de\/de\/#website"},"primaryImageOfPage":{"@id":"https:\/\/now-news.de\/de\/deutschland\/drakonische-strafen-steckt-das-ukrainische-justizunrecht-jetzt-deutschland-an\/#primaryimage"},"image":{"@id":"https:\/\/now-news.de\/de\/deutschland\/drakonische-strafen-steckt-das-ukrainische-justizunrecht-jetzt-deutschland-an\/#primaryimage"},"thumbnailUrl":"https:\/\/now-news.de\/de\/wp-content\/uploads\/sites\/3\/2023\/07\/Drakonische-Strafen-\u2013-Steckt-das-ukrainische-Justizunrecht-jetzt-Deutschland-an.jpg","datePublished":"2023-07-07T17:00:44+00:00","dateModified":"2023-07-07T17:00:44+00:00","breadcrumb":{"@id":"https:\/\/now-news.de\/de\/deutschland\/drakonische-strafen-steckt-das-ukrainische-justizunrecht-jetzt-deutschland-an\/#breadcrumb"},"inLanguage":"de","potentialAction":[{"@type":"ReadAction","target":["https:\/\/now-news.de\/de\/deutschland\/drakonische-strafen-steckt-das-ukrainische-justizunrecht-jetzt-deutschland-an\/"]}]},{"@type":"ImageObject","inLanguage":"de","@id":"https:\/\/now-news.de\/de\/deutschland\/drakonische-strafen-steckt-das-ukrainische-justizunrecht-jetzt-deutschland-an\/#primaryimage","url":"https:\/\/now-news.de\/de\/wp-content\/uploads\/sites\/3\/2023\/07\/Drakonische-Strafen-\u2013-Steckt-das-ukrainische-Justizunrecht-jetzt-Deutschland-an.jpg","contentUrl":"https:\/\/now-news.de\/de\/wp-content\/uploads\/sites\/3\/2023\/07\/Drakonische-Strafen-\u2013-Steckt-das-ukrainische-Justizunrecht-jetzt-Deutschland-an.jpg","width":460,"height":259,"caption":"Drakonische Strafen \u2013 Steckt das ukrainische Justizunrecht jetzt Deutschland an?"},{"@type":"BreadcrumbList","@id":"https:\/\/now-news.de\/de\/deutschland\/drakonische-strafen-steckt-das-ukrainische-justizunrecht-jetzt-deutschland-an\/#breadcrumb","itemListElement":[{"@type":"ListItem","position":1,"name":"Home","item":"https:\/\/now-news.de\/de\/"},{"@type":"ListItem","position":2,"name":"Drakonische Strafen \u2013 Steckt das ukrainische Justizunrecht jetzt Deutschland an?"}]},{"@type":"WebSite","@id":"https:\/\/now-news.de\/de\/#website","url":"https:\/\/now-news.de\/de\/","name":"just-now.NEWS Deutschland","description":"Das Portal f\u00fcr unzensierte Nachrichten aus der Welt","publisher":{"@id":"https:\/\/now-news.de\/de\/#organization"},"potentialAction":[{"@type":"SearchAction","target":{"@type":"EntryPoint","urlTemplate":"https:\/\/now-news.de\/de\/?s={search_term_string}"},"query-input":"required name=search_term_string"}],"inLanguage":"de"},{"@type":"Organization","@id":"https:\/\/now-news.de\/de\/#organization","name":"Just Now News","url":"https:\/\/now-news.de\/de\/","logo":{"@type":"ImageObject","inLanguage":"de","@id":"https:\/\/now-news.de\/de\/#\/schema\/logo\/image\/","url":"http:\/\/just-now.news\/de\/wp-content\/uploads\/sites\/3\/2022\/04\/logo500x500.jpg","contentUrl":"http:\/\/just-now.news\/de\/wp-content\/uploads\/sites\/3\/2022\/04\/logo500x500.jpg","width":500,"height":500,"caption":"Just Now News"},"image":{"@id":"https:\/\/now-news.de\/de\/#\/schema\/logo\/image\/"},"sameAs":["https:\/\/www.facebook.com\/wirmachenauf","https:\/\/x.com\/WirMachenAuf_de"]},{"@type":"Person","@id":"https:\/\/now-news.de\/de\/#\/schema\/person\/fb534a4e865501d8b3285208df34a9b5","name":"rtnews","image":{"@type":"ImageObject","inLanguage":"de","@id":"https:\/\/now-news.de\/de\/#\/schema\/person\/image\/","url":"https:\/\/secure.gravatar.com\/avatar\/82aafea7d8127119dd649515f56e2117?s=96&d=mm&r=g","contentUrl":"https:\/\/secure.gravatar.com\/avatar\/82aafea7d8127119dd649515f56e2117?s=96&d=mm&r=g","caption":"rtnews"},"url":"https:\/\/now-news.de\/de\/author\/rnews\/"}]}},"_links":{"self":[{"href":"https:\/\/now-news.de\/de\/wp-json\/wp\/v2\/posts\/39682"}],"collection":[{"href":"https:\/\/now-news.de\/de\/wp-json\/wp\/v2\/posts"}],"about":[{"href":"https:\/\/now-news.de\/de\/wp-json\/wp\/v2\/types\/post"}],"author":[{"embeddable":true,"href":"https:\/\/now-news.de\/de\/wp-json\/wp\/v2\/users\/3"}],"replies":[{"embeddable":true,"href":"https:\/\/now-news.de\/de\/wp-json\/wp\/v2\/comments?post=39682"}],"version-history":[{"count":0,"href":"https:\/\/now-news.de\/de\/wp-json\/wp\/v2\/posts\/39682\/revisions"}],"wp:featuredmedia":[{"embeddable":true,"href":"https:\/\/now-news.de\/de\/wp-json\/wp\/v2\/media\/39683"}],"wp:attachment":[{"href":"https:\/\/now-news.de\/de\/wp-json\/wp\/v2\/media?parent=39682"}],"wp:term":[{"taxonomy":"category","embeddable":true,"href":"https:\/\/now-news.de\/de\/wp-json\/wp\/v2\/categories?post=39682"},{"taxonomy":"post_tag","embeddable":true,"href":"https:\/\/now-news.de\/de\/wp-json\/wp\/v2\/tags?post=39682"}],"curies":[{"name":"wp","href":"https:\/\/api.w.org\/{rel}","templated":true}]}}