{"id":39676,"date":"2023-07-07T18:32:08","date_gmt":"2023-07-07T16:32:08","guid":{"rendered":"https:\/\/just-now.news\/de\/deutschland\/freiwilliger-aus-dem-donbass-in-italien-verhaftet\/"},"modified":"2023-07-07T18:32:08","modified_gmt":"2023-07-07T16:32:08","slug":"freiwilliger-aus-dem-donbass-in-italien-verhaftet","status":"publish","type":"post","link":"https:\/\/now-news.de\/de\/deutschland\/freiwilliger-aus-dem-donbass-in-italien-verhaftet\/","title":{"rendered":"Freiwilliger aus dem Donbass in Italien verhaftet"},"content":{"rendered":"<p><img decoding=\"async\" src=\"http:\/\/just-now.news\/de\/wp-content\/uploads\/sites\/3\/2023\/07\/64a82f69b480cc1eb8628801.jpg\" \/><\/p>\n<div class=\"Text-root Text-type_1 \">\n                Ein junger italienischst\u00e4mmiger Freiwilliger aus dem Donbass ist diese Woche in Mailand festgenommen worden. Im Alter von 16 Jahren hatte er sich den Donbass-Aufst\u00e4ndischen angeschlossen und wollte nun mit seiner russischen Ehefrau zu seinen Verwandten nach Italien.\n            <\/div>\n<p><\/p>\n<div class=\"Text-root Text-type_5 ArticleView-text ViewText-root \">\n<p>Ein Italiener, der seit 2015 aufseiten der Aufst\u00e4ndischen im Donbass gek\u00e4mpft hat, wurde unmittelbar nach der Landung in Mailand festgenommen. Der aus Italien stammende Alessandro B. ist seit 2021 (auch) russischer Staatsb\u00fcrger. Er befindet sich aktuell in einem Gef\u00e4ngnis in Genua, ihm droht nach italienischen Gesetzen wegen des Straftatbestands des S\u00f6ldnertums eine Freiheitsstrafe zwischen 10 und 15 Jahren.<\/p>\n<p>Warum der Donbass-Freiwillige in seine Heimat flog, ist nicht ganz klar. Der italienische Journalist Vittorio Nicola Rangeloni, der sich im Donbass aufh\u00e4lt, beschrieb ihn in einem Gespr\u00e4ch mit dem Kriegsreporter Alexander Sladkow\u00a0als &#8220;naiven jungen Mann&#8221;. Bei seiner Ankunft im Donbass im Jahr 2015 sei er 16 Jahre alt gewesen. Heute habe er in Donezk eine Frau und ein dreij\u00e4hriges Kind, ein zweites Kind sei &#8220;unterwegs&#8221; und soll im Oktober zur Welt kommen. Offenbar haben er und\u00a0seine Ehefrau\u00a0die italienischen\u00a0Verwandten besuchen wollen, denn sie\u00a0sei mit ihm nach Italien gereist und halte sich aktuell dort auf.\u00a0<\/p>\n<p>Alessandro habe gewusst, dass er in Italien gesucht wurde. Rangeloni vermutet, dass ihm jemand gesagt hat, dass die Verj\u00e4hrungsfrist abgelaufen sei und er deshalb bedenkenlos nach Italien reisen k\u00f6nne.<\/p>\n<p>Alessandro habe sich 2015 zuerst in Lugansk den Aufst\u00e4ndischen angeschlossen. Er sei Freiwilliger gewesen, habe keinen Sold erhalten, allenfalls einen kleinen Taschengeldbetrag f\u00fcr Zigarettenk\u00e4ufe und \u00c4hnliches. Es handele sich keineswegs um Betr\u00e4ge, die das Motiv der Teilnahme an Kampfhandlungen sein k\u00f6nnten, selbst der h\u00f6chste damals in den Volksrepubliken gezahlte &#8220;Sold&#8221; habe umgerechnet 200,00 Euro im Monat nicht \u00fcberschritten.<\/p>\n<p>Nach einem Umzug in die Volksrepublik Donezk\u00a0sei er von einer Granate getroffen und verwundet worden. Infolge der Verwundung\u00a0sei er aus den Verb\u00e4nden der DVR entlassen und lebe seitdem mit seiner Ehefrau in Donezk. Nachdem er die russische Staatsangeh\u00f6rigkeit angenommen habe, k\u00f6nne er ohnehin nicht als S\u00f6ldner gelten.\u00a0<\/p>\n<p>Die russische Botschaft in Italien habe sich bereit erkl\u00e4rt, Alessandro einen Anwalt zu bezahlen, da weder er selbst noch seine italienische Familie dazu in der Lage seien. Der Anwalt habe jedoch\u00a0bisher keinen Zugang zu ihm erhalten, auch seine Frau, die sich\u00a0noch in Italien aufhalte, habe keine Besuchserlaubnis. Die erste Anh\u00f6rung soll erst im September stattfinden.<\/p>\n<p><strong>Mehr zum Thema<\/strong> &#8211; <a rel=\"nofollow noopener\" target=\"_blank\" href=\"https:\/\/test.rtde.life\/meinung\/172540-causa-eremenko-groesste-agentenjagd-deutschen-presse\/\">Causa Eremenko \u2012 Wie die deutschen Presse einen vermeintlichen russischen Agenten jagt<\/a><\/p>\n<\/p>\n<\/div>\n<p><br \/>\n<br \/><a href=\"https:\/\/de.rt.com\/europa\/174648-freiwilliger-aus-donbass-in-italien-verhaftet\/\">Source link <\/a><\/p>\n","protected":false},"excerpt":{"rendered":"<p>Ein junger italienischst\u00e4mmiger Freiwilliger aus dem Donbass ist diese Woche in Mailand festgenommen worden. Im Alter von 16 Jahren hatte er sich den Donbass-Aufst\u00e4ndischen angeschlossen und wollte nun mit seiner russischen Ehefrau zu seinen Verwandten nach Italien. Ein Italiener, der seit 2015 aufseiten der Aufst\u00e4ndischen im Donbass gek\u00e4mpft hat, wurde unmittelbar nach der Landung in [&hellip;]<\/p>\n","protected":false},"author":3,"featured_media":39677,"comment_status":"open","ping_status":"open","sticky":false,"template":"","format":"standard","meta":{"_yoast_indexnow_last_ping":["1688748185"],"wp_automatic_camp":["217"],"4f4dbfbf0b3e6482d248ccdd07aad207":["Freiwilliger aus dem Donbass in Italien verhaftet"],"original_link":["https:\/\/de.rt.com\/europa\/174648-freiwilliger-aus-donbass-in-italien-verhaftet\/"],"_thumbnail_id":["39677"],"_wptgpro_p2tg_sent2tg":["a:1:{i:23737;s:19:\"2023-07-07 18:44:08\";}"],"jnews_social_counter_last_update":["1777036943"]},"categories":[19,23],"tags":[679,134,818,43658,43,8346],"yoast_head":"<!-- This site is optimized with the Yoast SEO Premium plugin v22.7 (Yoast SEO v22.7) - https:\/\/yoast.com\/wordpress\/plugins\/seo\/ -->\n<title>Freiwilliger aus dem Donbass in Italien verhaftet - just-now.NEWS Deutschland<\/title>\n<meta name=\"robots\" content=\"index, follow, max-snippet:-1, max-image-preview:large, max-video-preview:-1\" \/>\n<link rel=\"canonical\" href=\"https:\/\/now-news.de\/de\/deutschland\/freiwilliger-aus-dem-donbass-in-italien-verhaftet\/\" \/>\n<meta property=\"og:locale\" content=\"de_DE\" \/>\n<meta property=\"og:type\" content=\"article\" \/>\n<meta property=\"og:title\" content=\"Freiwilliger aus dem Donbass in Italien verhaftet\" \/>\n<meta property=\"og:description\" content=\"Ein junger italienischst\u00e4mmiger Freiwilliger aus dem Donbass ist diese Woche in Mailand festgenommen worden. Im Alter von 16 Jahren hatte er sich den Donbass-Aufst\u00e4ndischen angeschlossen und wollte nun mit seiner russischen Ehefrau zu seinen Verwandten nach Italien. Ein Italiener, der seit 2015 aufseiten der Aufst\u00e4ndischen im Donbass gek\u00e4mpft hat, wurde unmittelbar nach der Landung in [&hellip;]\" \/>\n<meta property=\"og:url\" content=\"https:\/\/now-news.de\/de\/deutschland\/freiwilliger-aus-dem-donbass-in-italien-verhaftet\/\" \/>\n<meta property=\"og:site_name\" content=\"just-now.NEWS Deutschland\" \/>\n<meta property=\"article:publisher\" content=\"https:\/\/www.facebook.com\/wirmachenauf\" \/>\n<meta property=\"article:published_time\" content=\"2023-07-07T16:32:08+00:00\" \/>\n<meta property=\"og:image\" content=\"https:\/\/now-news.de\/de\/wp-content\/uploads\/sites\/3\/2023\/07\/Freiwilliger-aus-dem-Donbass-in-Italien-verhaftet.jpg\" \/>\n\t<meta property=\"og:image:width\" content=\"460\" \/>\n\t<meta property=\"og:image:height\" content=\"259\" \/>\n\t<meta property=\"og:image:type\" content=\"image\/jpeg\" \/>\n<meta name=\"author\" content=\"rtnews\" \/>\n<meta name=\"twitter:card\" content=\"summary_large_image\" \/>\n<meta name=\"twitter:creator\" content=\"@WirMachenAuf_de\" \/>\n<meta name=\"twitter:site\" content=\"@WirMachenAuf_de\" \/>\n<meta name=\"twitter:label1\" content=\"Verfasst von\" \/>\n\t<meta name=\"twitter:data1\" content=\"rtnews\" \/>\n\t<meta name=\"twitter:label2\" content=\"Gesch\u00e4tzte Lesezeit\" \/>\n\t<meta name=\"twitter:data2\" content=\"2\u00a0Minuten\" \/>\n<script type=\"application\/ld+json\" class=\"yoast-schema-graph\">{\"@context\":\"https:\/\/schema.org\",\"@graph\":[{\"@type\":\"Article\",\"@id\":\"https:\/\/now-news.de\/de\/deutschland\/freiwilliger-aus-dem-donbass-in-italien-verhaftet\/#article\",\"isPartOf\":{\"@id\":\"https:\/\/now-news.de\/de\/deutschland\/freiwilliger-aus-dem-donbass-in-italien-verhaftet\/\"},\"author\":{\"name\":\"rtnews\",\"@id\":\"https:\/\/now-news.de\/de\/#\/schema\/person\/fb534a4e865501d8b3285208df34a9b5\"},\"headline\":\"Freiwilliger aus dem Donbass in Italien verhaftet\",\"datePublished\":\"2023-07-07T16:32:08+00:00\",\"dateModified\":\"2023-07-07T16:32:08+00:00\",\"mainEntityOfPage\":{\"@id\":\"https:\/\/now-news.de\/de\/deutschland\/freiwilliger-aus-dem-donbass-in-italien-verhaftet\/\"},\"wordCount\":426,\"commentCount\":0,\"publisher\":{\"@id\":\"https:\/\/now-news.de\/de\/#organization\"},\"image\":{\"@id\":\"https:\/\/now-news.de\/de\/deutschland\/freiwilliger-aus-dem-donbass-in-italien-verhaftet\/#primaryimage\"},\"thumbnailUrl\":\"https:\/\/now-news.de\/de\/wp-content\/uploads\/sites\/3\/2023\/07\/Freiwilliger-aus-dem-Donbass-in-Italien-verhaftet.jpg\",\"keywords\":[\"aus\",\"DEM\",\"Donbass\",\"Freiwilliger\",\"Italien\",\"verhaftet\"],\"articleSection\":[\"Deutschland\",\"Russland\"],\"inLanguage\":\"de\",\"potentialAction\":[{\"@type\":\"CommentAction\",\"name\":\"Comment\",\"target\":[\"https:\/\/now-news.de\/de\/deutschland\/freiwilliger-aus-dem-donbass-in-italien-verhaftet\/#respond\"]}]},{\"@type\":\"WebPage\",\"@id\":\"https:\/\/now-news.de\/de\/deutschland\/freiwilliger-aus-dem-donbass-in-italien-verhaftet\/\",\"url\":\"https:\/\/now-news.de\/de\/deutschland\/freiwilliger-aus-dem-donbass-in-italien-verhaftet\/\",\"name\":\"Freiwilliger aus dem Donbass in Italien verhaftet - just-now.NEWS Deutschland\",\"isPartOf\":{\"@id\":\"https:\/\/now-news.de\/de\/#website\"},\"primaryImageOfPage\":{\"@id\":\"https:\/\/now-news.de\/de\/deutschland\/freiwilliger-aus-dem-donbass-in-italien-verhaftet\/#primaryimage\"},\"image\":{\"@id\":\"https:\/\/now-news.de\/de\/deutschland\/freiwilliger-aus-dem-donbass-in-italien-verhaftet\/#primaryimage\"},\"thumbnailUrl\":\"https:\/\/now-news.de\/de\/wp-content\/uploads\/sites\/3\/2023\/07\/Freiwilliger-aus-dem-Donbass-in-Italien-verhaftet.jpg\",\"datePublished\":\"2023-07-07T16:32:08+00:00\",\"dateModified\":\"2023-07-07T16:32:08+00:00\",\"breadcrumb\":{\"@id\":\"https:\/\/now-news.de\/de\/deutschland\/freiwilliger-aus-dem-donbass-in-italien-verhaftet\/#breadcrumb\"},\"inLanguage\":\"de\",\"potentialAction\":[{\"@type\":\"ReadAction\",\"target\":[\"https:\/\/now-news.de\/de\/deutschland\/freiwilliger-aus-dem-donbass-in-italien-verhaftet\/\"]}]},{\"@type\":\"ImageObject\",\"inLanguage\":\"de\",\"@id\":\"https:\/\/now-news.de\/de\/deutschland\/freiwilliger-aus-dem-donbass-in-italien-verhaftet\/#primaryimage\",\"url\":\"https:\/\/now-news.de\/de\/wp-content\/uploads\/sites\/3\/2023\/07\/Freiwilliger-aus-dem-Donbass-in-Italien-verhaftet.jpg\",\"contentUrl\":\"https:\/\/now-news.de\/de\/wp-content\/uploads\/sites\/3\/2023\/07\/Freiwilliger-aus-dem-Donbass-in-Italien-verhaftet.jpg\",\"width\":460,\"height\":259,\"caption\":\"Freiwilliger aus dem Donbass in Italien verhaftet\"},{\"@type\":\"BreadcrumbList\",\"@id\":\"https:\/\/now-news.de\/de\/deutschland\/freiwilliger-aus-dem-donbass-in-italien-verhaftet\/#breadcrumb\",\"itemListElement\":[{\"@type\":\"ListItem\",\"position\":1,\"name\":\"Home\",\"item\":\"https:\/\/now-news.de\/de\/\"},{\"@type\":\"ListItem\",\"position\":2,\"name\":\"Freiwilliger aus dem Donbass in Italien verhaftet\"}]},{\"@type\":\"WebSite\",\"@id\":\"https:\/\/now-news.de\/de\/#website\",\"url\":\"https:\/\/now-news.de\/de\/\",\"name\":\"just-now.NEWS Deutschland\",\"description\":\"Das Portal f\u00fcr unzensierte Nachrichten aus der Welt\",\"publisher\":{\"@id\":\"https:\/\/now-news.de\/de\/#organization\"},\"potentialAction\":[{\"@type\":\"SearchAction\",\"target\":{\"@type\":\"EntryPoint\",\"urlTemplate\":\"https:\/\/now-news.de\/de\/?s={search_term_string}\"},\"query-input\":\"required name=search_term_string\"}],\"inLanguage\":\"de\"},{\"@type\":\"Organization\",\"@id\":\"https:\/\/now-news.de\/de\/#organization\",\"name\":\"Just Now News\",\"url\":\"https:\/\/now-news.de\/de\/\",\"logo\":{\"@type\":\"ImageObject\",\"inLanguage\":\"de\",\"@id\":\"https:\/\/now-news.de\/de\/#\/schema\/logo\/image\/\",\"url\":\"http:\/\/just-now.news\/de\/wp-content\/uploads\/sites\/3\/2022\/04\/logo500x500.jpg\",\"contentUrl\":\"http:\/\/just-now.news\/de\/wp-content\/uploads\/sites\/3\/2022\/04\/logo500x500.jpg\",\"width\":500,\"height\":500,\"caption\":\"Just Now News\"},\"image\":{\"@id\":\"https:\/\/now-news.de\/de\/#\/schema\/logo\/image\/\"},\"sameAs\":[\"https:\/\/www.facebook.com\/wirmachenauf\",\"https:\/\/x.com\/WirMachenAuf_de\"]},{\"@type\":\"Person\",\"@id\":\"https:\/\/now-news.de\/de\/#\/schema\/person\/fb534a4e865501d8b3285208df34a9b5\",\"name\":\"rtnews\",\"image\":{\"@type\":\"ImageObject\",\"inLanguage\":\"de\",\"@id\":\"https:\/\/now-news.de\/de\/#\/schema\/person\/image\/\",\"url\":\"https:\/\/secure.gravatar.com\/avatar\/82aafea7d8127119dd649515f56e2117?s=96&d=mm&r=g\",\"contentUrl\":\"https:\/\/secure.gravatar.com\/avatar\/82aafea7d8127119dd649515f56e2117?s=96&d=mm&r=g\",\"caption\":\"rtnews\"},\"url\":\"https:\/\/now-news.de\/de\/author\/rnews\/\"}]}<\/script>\n<!-- \/ Yoast SEO Premium plugin. -->","yoast_head_json":{"title":"Freiwilliger aus dem Donbass in Italien verhaftet - just-now.NEWS Deutschland","robots":{"index":"index","follow":"follow","max-snippet":"max-snippet:-1","max-image-preview":"max-image-preview:large","max-video-preview":"max-video-preview:-1"},"canonical":"https:\/\/now-news.de\/de\/deutschland\/freiwilliger-aus-dem-donbass-in-italien-verhaftet\/","og_locale":"de_DE","og_type":"article","og_title":"Freiwilliger aus dem Donbass in Italien verhaftet","og_description":"Ein junger italienischst\u00e4mmiger Freiwilliger aus dem Donbass ist diese Woche in Mailand festgenommen worden. Im Alter von 16 Jahren hatte er sich den Donbass-Aufst\u00e4ndischen angeschlossen und wollte nun mit seiner russischen Ehefrau zu seinen Verwandten nach Italien. Ein Italiener, der seit 2015 aufseiten der Aufst\u00e4ndischen im Donbass gek\u00e4mpft hat, wurde unmittelbar nach der Landung in [&hellip;]","og_url":"https:\/\/now-news.de\/de\/deutschland\/freiwilliger-aus-dem-donbass-in-italien-verhaftet\/","og_site_name":"just-now.NEWS Deutschland","article_publisher":"https:\/\/www.facebook.com\/wirmachenauf","article_published_time":"2023-07-07T16:32:08+00:00","og_image":[{"width":460,"height":259,"url":"https:\/\/now-news.de\/de\/wp-content\/uploads\/sites\/3\/2023\/07\/Freiwilliger-aus-dem-Donbass-in-Italien-verhaftet.jpg","type":"image\/jpeg"}],"author":"rtnews","twitter_card":"summary_large_image","twitter_creator":"@WirMachenAuf_de","twitter_site":"@WirMachenAuf_de","twitter_misc":{"Verfasst von":"rtnews","Gesch\u00e4tzte Lesezeit":"2\u00a0Minuten"},"schema":{"@context":"https:\/\/schema.org","@graph":[{"@type":"Article","@id":"https:\/\/now-news.de\/de\/deutschland\/freiwilliger-aus-dem-donbass-in-italien-verhaftet\/#article","isPartOf":{"@id":"https:\/\/now-news.de\/de\/deutschland\/freiwilliger-aus-dem-donbass-in-italien-verhaftet\/"},"author":{"name":"rtnews","@id":"https:\/\/now-news.de\/de\/#\/schema\/person\/fb534a4e865501d8b3285208df34a9b5"},"headline":"Freiwilliger aus dem Donbass in Italien verhaftet","datePublished":"2023-07-07T16:32:08+00:00","dateModified":"2023-07-07T16:32:08+00:00","mainEntityOfPage":{"@id":"https:\/\/now-news.de\/de\/deutschland\/freiwilliger-aus-dem-donbass-in-italien-verhaftet\/"},"wordCount":426,"commentCount":0,"publisher":{"@id":"https:\/\/now-news.de\/de\/#organization"},"image":{"@id":"https:\/\/now-news.de\/de\/deutschland\/freiwilliger-aus-dem-donbass-in-italien-verhaftet\/#primaryimage"},"thumbnailUrl":"https:\/\/now-news.de\/de\/wp-content\/uploads\/sites\/3\/2023\/07\/Freiwilliger-aus-dem-Donbass-in-Italien-verhaftet.jpg","keywords":["aus","DEM","Donbass","Freiwilliger","Italien","verhaftet"],"articleSection":["Deutschland","Russland"],"inLanguage":"de","potentialAction":[{"@type":"CommentAction","name":"Comment","target":["https:\/\/now-news.de\/de\/deutschland\/freiwilliger-aus-dem-donbass-in-italien-verhaftet\/#respond"]}]},{"@type":"WebPage","@id":"https:\/\/now-news.de\/de\/deutschland\/freiwilliger-aus-dem-donbass-in-italien-verhaftet\/","url":"https:\/\/now-news.de\/de\/deutschland\/freiwilliger-aus-dem-donbass-in-italien-verhaftet\/","name":"Freiwilliger aus dem Donbass in Italien verhaftet - just-now.NEWS Deutschland","isPartOf":{"@id":"https:\/\/now-news.de\/de\/#website"},"primaryImageOfPage":{"@id":"https:\/\/now-news.de\/de\/deutschland\/freiwilliger-aus-dem-donbass-in-italien-verhaftet\/#primaryimage"},"image":{"@id":"https:\/\/now-news.de\/de\/deutschland\/freiwilliger-aus-dem-donbass-in-italien-verhaftet\/#primaryimage"},"thumbnailUrl":"https:\/\/now-news.de\/de\/wp-content\/uploads\/sites\/3\/2023\/07\/Freiwilliger-aus-dem-Donbass-in-Italien-verhaftet.jpg","datePublished":"2023-07-07T16:32:08+00:00","dateModified":"2023-07-07T16:32:08+00:00","breadcrumb":{"@id":"https:\/\/now-news.de\/de\/deutschland\/freiwilliger-aus-dem-donbass-in-italien-verhaftet\/#breadcrumb"},"inLanguage":"de","potentialAction":[{"@type":"ReadAction","target":["https:\/\/now-news.de\/de\/deutschland\/freiwilliger-aus-dem-donbass-in-italien-verhaftet\/"]}]},{"@type":"ImageObject","inLanguage":"de","@id":"https:\/\/now-news.de\/de\/deutschland\/freiwilliger-aus-dem-donbass-in-italien-verhaftet\/#primaryimage","url":"https:\/\/now-news.de\/de\/wp-content\/uploads\/sites\/3\/2023\/07\/Freiwilliger-aus-dem-Donbass-in-Italien-verhaftet.jpg","contentUrl":"https:\/\/now-news.de\/de\/wp-content\/uploads\/sites\/3\/2023\/07\/Freiwilliger-aus-dem-Donbass-in-Italien-verhaftet.jpg","width":460,"height":259,"caption":"Freiwilliger aus dem Donbass in Italien verhaftet"},{"@type":"BreadcrumbList","@id":"https:\/\/now-news.de\/de\/deutschland\/freiwilliger-aus-dem-donbass-in-italien-verhaftet\/#breadcrumb","itemListElement":[{"@type":"ListItem","position":1,"name":"Home","item":"https:\/\/now-news.de\/de\/"},{"@type":"ListItem","position":2,"name":"Freiwilliger aus dem Donbass in Italien verhaftet"}]},{"@type":"WebSite","@id":"https:\/\/now-news.de\/de\/#website","url":"https:\/\/now-news.de\/de\/","name":"just-now.NEWS Deutschland","description":"Das Portal f\u00fcr unzensierte Nachrichten aus der Welt","publisher":{"@id":"https:\/\/now-news.de\/de\/#organization"},"potentialAction":[{"@type":"SearchAction","target":{"@type":"EntryPoint","urlTemplate":"https:\/\/now-news.de\/de\/?s={search_term_string}"},"query-input":"required name=search_term_string"}],"inLanguage":"de"},{"@type":"Organization","@id":"https:\/\/now-news.de\/de\/#organization","name":"Just Now News","url":"https:\/\/now-news.de\/de\/","logo":{"@type":"ImageObject","inLanguage":"de","@id":"https:\/\/now-news.de\/de\/#\/schema\/logo\/image\/","url":"http:\/\/just-now.news\/de\/wp-content\/uploads\/sites\/3\/2022\/04\/logo500x500.jpg","contentUrl":"http:\/\/just-now.news\/de\/wp-content\/uploads\/sites\/3\/2022\/04\/logo500x500.jpg","width":500,"height":500,"caption":"Just Now News"},"image":{"@id":"https:\/\/now-news.de\/de\/#\/schema\/logo\/image\/"},"sameAs":["https:\/\/www.facebook.com\/wirmachenauf","https:\/\/x.com\/WirMachenAuf_de"]},{"@type":"Person","@id":"https:\/\/now-news.de\/de\/#\/schema\/person\/fb534a4e865501d8b3285208df34a9b5","name":"rtnews","image":{"@type":"ImageObject","inLanguage":"de","@id":"https:\/\/now-news.de\/de\/#\/schema\/person\/image\/","url":"https:\/\/secure.gravatar.com\/avatar\/82aafea7d8127119dd649515f56e2117?s=96&d=mm&r=g","contentUrl":"https:\/\/secure.gravatar.com\/avatar\/82aafea7d8127119dd649515f56e2117?s=96&d=mm&r=g","caption":"rtnews"},"url":"https:\/\/now-news.de\/de\/author\/rnews\/"}]}},"_links":{"self":[{"href":"https:\/\/now-news.de\/de\/wp-json\/wp\/v2\/posts\/39676"}],"collection":[{"href":"https:\/\/now-news.de\/de\/wp-json\/wp\/v2\/posts"}],"about":[{"href":"https:\/\/now-news.de\/de\/wp-json\/wp\/v2\/types\/post"}],"author":[{"embeddable":true,"href":"https:\/\/now-news.de\/de\/wp-json\/wp\/v2\/users\/3"}],"replies":[{"embeddable":true,"href":"https:\/\/now-news.de\/de\/wp-json\/wp\/v2\/comments?post=39676"}],"version-history":[{"count":0,"href":"https:\/\/now-news.de\/de\/wp-json\/wp\/v2\/posts\/39676\/revisions"}],"wp:featuredmedia":[{"embeddable":true,"href":"https:\/\/now-news.de\/de\/wp-json\/wp\/v2\/media\/39677"}],"wp:attachment":[{"href":"https:\/\/now-news.de\/de\/wp-json\/wp\/v2\/media?parent=39676"}],"wp:term":[{"taxonomy":"category","embeddable":true,"href":"https:\/\/now-news.de\/de\/wp-json\/wp\/v2\/categories?post=39676"},{"taxonomy":"post_tag","embeddable":true,"href":"https:\/\/now-news.de\/de\/wp-json\/wp\/v2\/tags?post=39676"}],"curies":[{"name":"wp","href":"https:\/\/api.w.org\/{rel}","templated":true}]}}