{"id":39655,"date":"2023-07-07T15:43:50","date_gmt":"2023-07-07T13:43:50","guid":{"rendered":"https:\/\/just-now.news\/de\/deutschland\/iaea-chef-deutet-zwist-unter-experten-wegen-fukushima-kuehlwasser-an\/"},"modified":"2023-07-07T15:43:50","modified_gmt":"2023-07-07T13:43:50","slug":"iaea-chef-deutet-zwist-unter-experten-wegen-fukushima-kuehlwasser-an","status":"publish","type":"post","link":"https:\/\/now-news.de\/de\/deutschland\/iaea-chef-deutet-zwist-unter-experten-wegen-fukushima-kuehlwasser-an\/","title":{"rendered":"IAEA-Chef deutet Zwist unter Experten wegen Fukushima-K\u00fchlwasser an"},"content":{"rendered":"<p><img decoding=\"async\" src=\"http:\/\/just-now.news\/de\/wp-content\/uploads\/sites\/3\/2023\/07\/64a7fcb6b480cc1f49260bb9.jpg\" \/><\/p>\n<div class=\"Text-root Text-type_1 \">\n                Japan will gefiltertes K\u00fchlwasser aus der Anlage des besch\u00e4digten Atomkraftwerks Fukushima I ins Meer abgelassen. China kritisiert das Vorhaben. Die Internationalen Atomenergiebeh\u00f6rde (IAEA) gibt gr\u00fcnes Licht \u2013 oder doch nicht?\n            <\/div>\n<p><\/p>\n<div class=\"Text-root Text-type_5 ArticleView-text ViewText-root \">\n<p>Dem Chef der Internationalen Atomenergiebeh\u00f6rde (IAEA), Rafael Grossi, zufolge haben ein oder zwei Experten ihre Bedenken zur Freigabe des aufbereiteten radioaktiven K\u00fchlwassers aus dem besch\u00e4digten Atomkraftwerk Fukushima ge\u00e4u\u00dfert.<\/p>\n<p>&#8220;Ich habe geh\u00f6rt, dass das gesagt wurde, aber noch einmal: Was wir ver\u00f6ffentlicht haben, ist wissenschaftlich einwandfrei&#8221;, antwortete Grossi gegen\u00fcber Reuters auf die Frage, ob es unter Fachleuten, die an dem Bericht mitwirkten, Unstimmigkeiten gab.<\/p>\n<p>Grossi sagte, keiner der Experten habe ihm gegen\u00fcber Bedenken ge\u00e4u\u00dfert. Er ging nicht n\u00e4her darauf ein, wie er von dem Problem erfahren hatte. Laut Grossi bedeutet der Bericht der IAEA keine Billigung des Plans. Tokio m\u00fcsse die endg\u00fcltige Entscheidung \u00fcber das Ablassen des Wassers treffen, das im Sp\u00e4tsommer dieses Jahres beginnen soll. Grossi sagte:<\/p>\n<blockquote>\n<p><em>&#8220;Wir bef\u00fcrworten den Plan nicht und empfehlen auch nicht, ihn durchzuf\u00fchren. Wir sagen, dass dieser Plan mit den Normen \u00fcbereinstimmt.&#8221;<\/em><\/p>\n<\/blockquote>\n<p>Er betonte, dass die IAEA weder auf der Seite Japans noch Chinas oder S\u00fcdkoreas stehe. Peking hatte den Bericht der IAEA zuvor scharf kritisiert und erkl\u00e4rt, dass die Aufsichtsbeh\u00f6rde einen Plan, der Risiken f\u00fcr das Meeresleben und die menschliche Gesundheit berge, nicht guthei\u00dfen sollte.<\/p>\n<p>Die IAEA hatte 2021 eine internationale Expertengruppe eingesetzt, um Japans Plan, dem zufolge gefiltertes K\u00fchlwasser aus der Anlage des besch\u00e4digten Atomkraftwerks Fukushima I abgelassen werden soll, zu \u00fcberpr\u00fcfen.<\/p>\n<p>Die Gruppe war zu dem Ergebnis gekommen, dass die geplante Freisetzung des Wassers &#8220;vernachl\u00e4ssigbare&#8221; Auswirkungen auf die Umwelt wie Meerwasser, Fische und Sedimente haben w\u00fcrde.<\/p>\n<p>Als Reaktion auf den Bericht will der chinesische Zoll die Einfuhr von Lebensmitteln aus zehn japanischen Pr\u00e4fekturen aus Sicherheitsgr\u00fcnden verbieten. Das teilte die Beh\u00f6rde nun mit.<\/p>\n<p>Wie der chinesische Zoll weiter erkl\u00e4rte, soll die Erkennung und \u00dcberwachung radioaktiver Stoffe kontinuierlich verst\u00e4rkt werden, um die Sicherheit der aus Japan eingef\u00fchrten Lebensmittel zu gew\u00e4hrleisten.<\/p>\n<p><strong>Mehr zum Thema<\/strong> \u2013 <a rel=\"nofollow noopener\" target=\"_blank\" href=\"https:\/\/freeassange.rtde.life\/asien\/174382-iaea-genehmigt-verklappung-von-fukushima\/\">IAEA genehmigt Verklappung von Fukushima-K\u00fchlwasser ins Meer \u2013 China widerspricht<\/a><\/p>\n<div class=\"EmbedBlock-root EmbedBlock-externalVideo EmbedBlock-odysee\">\n<div class=\"VkEmbed\"><iframe class=\"lazyload\" data-src=\"https:\/\/odysee.com\/%24\/embed\/%40RTDE%3Ae%2Fiaeo-genehmigt-kuehlwasser-entsorgung-fukushim-ozean-china-sieht-risiko%3A0\" frameborder=\"0\" width=\"853\" height=\"480\" allowfullscreen><\/iframe><\/div>\n<\/div>\n<\/div>\n<p><br \/>\n<br \/><a href=\"https:\/\/de.rt.com\/international\/174630-iaea-chef-deutet-zwist-unter-experten-wegen-fukushima-kuehlwasser-an\/\">Source link <\/a><\/p>\n","protected":false},"excerpt":{"rendered":"<p>Japan will gefiltertes K\u00fchlwasser aus der Anlage des besch\u00e4digten Atomkraftwerks Fukushima I ins Meer abgelassen. China kritisiert das Vorhaben. Die Internationalen Atomenergiebeh\u00f6rde (IAEA) gibt gr\u00fcnes Licht \u2013 oder doch nicht? Dem Chef der Internationalen Atomenergiebeh\u00f6rde (IAEA), Rafael Grossi, zufolge haben ein oder zwei Experten ihre Bedenken zur Freigabe des aufbereiteten radioaktiven K\u00fchlwassers aus dem besch\u00e4digten [&hellip;]<\/p>\n","protected":false},"author":3,"featured_media":39656,"comment_status":"open","ping_status":"open","sticky":false,"template":"","format":"standard","meta":{"_yoast_indexnow_last_ping":["1688737545"],"wp_automatic_camp":["217"],"f10eb9c184b6d1fbcda3ecbd9ddb7627":["IAEA-Chef deutet Zwist unter Experten wegen Fukushima-K\u00fchlwasser an"],"original_link":["https:\/\/de.rt.com\/international\/174630-iaea-chef-deutet-zwist-unter-experten-wegen-fukushima-kuehlwasser-an\/"],"_thumbnail_id":["39656"],"jnews_social_counter_last_update":["1777267666"],"_wptgpro_p2tg_sent2tg":["a:1:{i:23737;s:19:\"2023-07-07 15:48:25\";}"]},"categories":[19,23],"tags":[20455,3312,46381,30519,908,145,37872],"yoast_head":"<!-- This site is optimized with the Yoast SEO Premium plugin v22.7 (Yoast SEO v22.7) - https:\/\/yoast.com\/wordpress\/plugins\/seo\/ -->\n<title>IAEA-Chef deutet Zwist unter Experten wegen Fukushima-K\u00fchlwasser an - just-now.NEWS Deutschland<\/title>\n<meta name=\"robots\" content=\"index, follow, max-snippet:-1, max-image-preview:large, max-video-preview:-1\" \/>\n<link rel=\"canonical\" href=\"https:\/\/now-news.de\/de\/deutschland\/iaea-chef-deutet-zwist-unter-experten-wegen-fukushima-kuehlwasser-an\/\" \/>\n<meta property=\"og:locale\" content=\"de_DE\" \/>\n<meta property=\"og:type\" content=\"article\" \/>\n<meta property=\"og:title\" content=\"IAEA-Chef deutet Zwist unter Experten wegen Fukushima-K\u00fchlwasser an\" \/>\n<meta property=\"og:description\" content=\"Japan will gefiltertes K\u00fchlwasser aus der Anlage des besch\u00e4digten Atomkraftwerks Fukushima I ins Meer abgelassen. China kritisiert das Vorhaben. Die Internationalen Atomenergiebeh\u00f6rde (IAEA) gibt gr\u00fcnes Licht \u2013 oder doch nicht? Dem Chef der Internationalen Atomenergiebeh\u00f6rde (IAEA), Rafael Grossi, zufolge haben ein oder zwei Experten ihre Bedenken zur Freigabe des aufbereiteten radioaktiven K\u00fchlwassers aus dem besch\u00e4digten [&hellip;]\" \/>\n<meta property=\"og:url\" content=\"https:\/\/now-news.de\/de\/deutschland\/iaea-chef-deutet-zwist-unter-experten-wegen-fukushima-kuehlwasser-an\/\" \/>\n<meta property=\"og:site_name\" content=\"just-now.NEWS Deutschland\" \/>\n<meta property=\"article:publisher\" content=\"https:\/\/www.facebook.com\/wirmachenauf\" \/>\n<meta property=\"article:published_time\" content=\"2023-07-07T13:43:50+00:00\" \/>\n<meta property=\"og:image\" content=\"https:\/\/now-news.de\/de\/wp-content\/uploads\/sites\/3\/2023\/07\/IAEA-Chef-deutet-Zwist-unter-Experten-wegen-Fukushima-Kuehlwasser-an.jpg\" \/>\n\t<meta property=\"og:image:width\" content=\"460\" \/>\n\t<meta property=\"og:image:height\" content=\"259\" \/>\n\t<meta property=\"og:image:type\" content=\"image\/jpeg\" \/>\n<meta name=\"author\" content=\"rtnews\" \/>\n<meta name=\"twitter:card\" content=\"summary_large_image\" \/>\n<meta name=\"twitter:creator\" content=\"@WirMachenAuf_de\" \/>\n<meta name=\"twitter:site\" content=\"@WirMachenAuf_de\" \/>\n<meta name=\"twitter:label1\" content=\"Verfasst von\" \/>\n\t<meta name=\"twitter:data1\" content=\"rtnews\" \/>\n\t<meta name=\"twitter:label2\" content=\"Gesch\u00e4tzte Lesezeit\" \/>\n\t<meta name=\"twitter:data2\" content=\"2\u00a0Minuten\" \/>\n<script type=\"application\/ld+json\" class=\"yoast-schema-graph\">{\"@context\":\"https:\/\/schema.org\",\"@graph\":[{\"@type\":\"Article\",\"@id\":\"https:\/\/now-news.de\/de\/deutschland\/iaea-chef-deutet-zwist-unter-experten-wegen-fukushima-kuehlwasser-an\/#article\",\"isPartOf\":{\"@id\":\"https:\/\/now-news.de\/de\/deutschland\/iaea-chef-deutet-zwist-unter-experten-wegen-fukushima-kuehlwasser-an\/\"},\"author\":{\"name\":\"rtnews\",\"@id\":\"https:\/\/now-news.de\/de\/#\/schema\/person\/fb534a4e865501d8b3285208df34a9b5\"},\"headline\":\"IAEA-Chef deutet Zwist unter Experten wegen Fukushima-K\u00fchlwasser an\",\"datePublished\":\"2023-07-07T13:43:50+00:00\",\"dateModified\":\"2023-07-07T13:43:50+00:00\",\"mainEntityOfPage\":{\"@id\":\"https:\/\/now-news.de\/de\/deutschland\/iaea-chef-deutet-zwist-unter-experten-wegen-fukushima-kuehlwasser-an\/\"},\"wordCount\":377,\"commentCount\":0,\"publisher\":{\"@id\":\"https:\/\/now-news.de\/de\/#organization\"},\"image\":{\"@id\":\"https:\/\/now-news.de\/de\/deutschland\/iaea-chef-deutet-zwist-unter-experten-wegen-fukushima-kuehlwasser-an\/#primaryimage\"},\"thumbnailUrl\":\"https:\/\/now-news.de\/de\/wp-content\/uploads\/sites\/3\/2023\/07\/IAEA-Chef-deutet-Zwist-unter-Experten-wegen-Fukushima-Kuehlwasser-an.jpg\",\"keywords\":[\"deutet\",\"Experten\",\"FukushimaK\u00fchlwasser\",\"IAEAChef\",\"unter\",\"wegen\",\"Zwist\"],\"articleSection\":[\"Deutschland\",\"Russland\"],\"inLanguage\":\"de\",\"potentialAction\":[{\"@type\":\"CommentAction\",\"name\":\"Comment\",\"target\":[\"https:\/\/now-news.de\/de\/deutschland\/iaea-chef-deutet-zwist-unter-experten-wegen-fukushima-kuehlwasser-an\/#respond\"]}]},{\"@type\":\"WebPage\",\"@id\":\"https:\/\/now-news.de\/de\/deutschland\/iaea-chef-deutet-zwist-unter-experten-wegen-fukushima-kuehlwasser-an\/\",\"url\":\"https:\/\/now-news.de\/de\/deutschland\/iaea-chef-deutet-zwist-unter-experten-wegen-fukushima-kuehlwasser-an\/\",\"name\":\"IAEA-Chef deutet Zwist unter Experten wegen Fukushima-K\u00fchlwasser an - just-now.NEWS Deutschland\",\"isPartOf\":{\"@id\":\"https:\/\/now-news.de\/de\/#website\"},\"primaryImageOfPage\":{\"@id\":\"https:\/\/now-news.de\/de\/deutschland\/iaea-chef-deutet-zwist-unter-experten-wegen-fukushima-kuehlwasser-an\/#primaryimage\"},\"image\":{\"@id\":\"https:\/\/now-news.de\/de\/deutschland\/iaea-chef-deutet-zwist-unter-experten-wegen-fukushima-kuehlwasser-an\/#primaryimage\"},\"thumbnailUrl\":\"https:\/\/now-news.de\/de\/wp-content\/uploads\/sites\/3\/2023\/07\/IAEA-Chef-deutet-Zwist-unter-Experten-wegen-Fukushima-Kuehlwasser-an.jpg\",\"datePublished\":\"2023-07-07T13:43:50+00:00\",\"dateModified\":\"2023-07-07T13:43:50+00:00\",\"breadcrumb\":{\"@id\":\"https:\/\/now-news.de\/de\/deutschland\/iaea-chef-deutet-zwist-unter-experten-wegen-fukushima-kuehlwasser-an\/#breadcrumb\"},\"inLanguage\":\"de\",\"potentialAction\":[{\"@type\":\"ReadAction\",\"target\":[\"https:\/\/now-news.de\/de\/deutschland\/iaea-chef-deutet-zwist-unter-experten-wegen-fukushima-kuehlwasser-an\/\"]}]},{\"@type\":\"ImageObject\",\"inLanguage\":\"de\",\"@id\":\"https:\/\/now-news.de\/de\/deutschland\/iaea-chef-deutet-zwist-unter-experten-wegen-fukushima-kuehlwasser-an\/#primaryimage\",\"url\":\"https:\/\/now-news.de\/de\/wp-content\/uploads\/sites\/3\/2023\/07\/IAEA-Chef-deutet-Zwist-unter-Experten-wegen-Fukushima-Kuehlwasser-an.jpg\",\"contentUrl\":\"https:\/\/now-news.de\/de\/wp-content\/uploads\/sites\/3\/2023\/07\/IAEA-Chef-deutet-Zwist-unter-Experten-wegen-Fukushima-Kuehlwasser-an.jpg\",\"width\":460,\"height\":259,\"caption\":\"IAEA-Chef deutet Zwist unter Experten wegen Fukushima-K\u00fchlwasser an\"},{\"@type\":\"BreadcrumbList\",\"@id\":\"https:\/\/now-news.de\/de\/deutschland\/iaea-chef-deutet-zwist-unter-experten-wegen-fukushima-kuehlwasser-an\/#breadcrumb\",\"itemListElement\":[{\"@type\":\"ListItem\",\"position\":1,\"name\":\"Home\",\"item\":\"https:\/\/now-news.de\/de\/\"},{\"@type\":\"ListItem\",\"position\":2,\"name\":\"IAEA-Chef deutet Zwist unter Experten wegen Fukushima-K\u00fchlwasser an\"}]},{\"@type\":\"WebSite\",\"@id\":\"https:\/\/now-news.de\/de\/#website\",\"url\":\"https:\/\/now-news.de\/de\/\",\"name\":\"just-now.NEWS Deutschland\",\"description\":\"Das Portal f\u00fcr unzensierte Nachrichten aus der Welt\",\"publisher\":{\"@id\":\"https:\/\/now-news.de\/de\/#organization\"},\"potentialAction\":[{\"@type\":\"SearchAction\",\"target\":{\"@type\":\"EntryPoint\",\"urlTemplate\":\"https:\/\/now-news.de\/de\/?s={search_term_string}\"},\"query-input\":\"required name=search_term_string\"}],\"inLanguage\":\"de\"},{\"@type\":\"Organization\",\"@id\":\"https:\/\/now-news.de\/de\/#organization\",\"name\":\"Just Now News\",\"url\":\"https:\/\/now-news.de\/de\/\",\"logo\":{\"@type\":\"ImageObject\",\"inLanguage\":\"de\",\"@id\":\"https:\/\/now-news.de\/de\/#\/schema\/logo\/image\/\",\"url\":\"http:\/\/just-now.news\/de\/wp-content\/uploads\/sites\/3\/2022\/04\/logo500x500.jpg\",\"contentUrl\":\"http:\/\/just-now.news\/de\/wp-content\/uploads\/sites\/3\/2022\/04\/logo500x500.jpg\",\"width\":500,\"height\":500,\"caption\":\"Just Now News\"},\"image\":{\"@id\":\"https:\/\/now-news.de\/de\/#\/schema\/logo\/image\/\"},\"sameAs\":[\"https:\/\/www.facebook.com\/wirmachenauf\",\"https:\/\/x.com\/WirMachenAuf_de\"]},{\"@type\":\"Person\",\"@id\":\"https:\/\/now-news.de\/de\/#\/schema\/person\/fb534a4e865501d8b3285208df34a9b5\",\"name\":\"rtnews\",\"image\":{\"@type\":\"ImageObject\",\"inLanguage\":\"de\",\"@id\":\"https:\/\/now-news.de\/de\/#\/schema\/person\/image\/\",\"url\":\"https:\/\/secure.gravatar.com\/avatar\/82aafea7d8127119dd649515f56e2117?s=96&d=mm&r=g\",\"contentUrl\":\"https:\/\/secure.gravatar.com\/avatar\/82aafea7d8127119dd649515f56e2117?s=96&d=mm&r=g\",\"caption\":\"rtnews\"},\"url\":\"https:\/\/now-news.de\/de\/author\/rnews\/\"}]}<\/script>\n<!-- \/ Yoast SEO Premium plugin. -->","yoast_head_json":{"title":"IAEA-Chef deutet Zwist unter Experten wegen Fukushima-K\u00fchlwasser an - just-now.NEWS Deutschland","robots":{"index":"index","follow":"follow","max-snippet":"max-snippet:-1","max-image-preview":"max-image-preview:large","max-video-preview":"max-video-preview:-1"},"canonical":"https:\/\/now-news.de\/de\/deutschland\/iaea-chef-deutet-zwist-unter-experten-wegen-fukushima-kuehlwasser-an\/","og_locale":"de_DE","og_type":"article","og_title":"IAEA-Chef deutet Zwist unter Experten wegen Fukushima-K\u00fchlwasser an","og_description":"Japan will gefiltertes K\u00fchlwasser aus der Anlage des besch\u00e4digten Atomkraftwerks Fukushima I ins Meer abgelassen. China kritisiert das Vorhaben. Die Internationalen Atomenergiebeh\u00f6rde (IAEA) gibt gr\u00fcnes Licht \u2013 oder doch nicht? Dem Chef der Internationalen Atomenergiebeh\u00f6rde (IAEA), Rafael Grossi, zufolge haben ein oder zwei Experten ihre Bedenken zur Freigabe des aufbereiteten radioaktiven K\u00fchlwassers aus dem besch\u00e4digten [&hellip;]","og_url":"https:\/\/now-news.de\/de\/deutschland\/iaea-chef-deutet-zwist-unter-experten-wegen-fukushima-kuehlwasser-an\/","og_site_name":"just-now.NEWS Deutschland","article_publisher":"https:\/\/www.facebook.com\/wirmachenauf","article_published_time":"2023-07-07T13:43:50+00:00","og_image":[{"width":460,"height":259,"url":"https:\/\/now-news.de\/de\/wp-content\/uploads\/sites\/3\/2023\/07\/IAEA-Chef-deutet-Zwist-unter-Experten-wegen-Fukushima-Kuehlwasser-an.jpg","type":"image\/jpeg"}],"author":"rtnews","twitter_card":"summary_large_image","twitter_creator":"@WirMachenAuf_de","twitter_site":"@WirMachenAuf_de","twitter_misc":{"Verfasst von":"rtnews","Gesch\u00e4tzte Lesezeit":"2\u00a0Minuten"},"schema":{"@context":"https:\/\/schema.org","@graph":[{"@type":"Article","@id":"https:\/\/now-news.de\/de\/deutschland\/iaea-chef-deutet-zwist-unter-experten-wegen-fukushima-kuehlwasser-an\/#article","isPartOf":{"@id":"https:\/\/now-news.de\/de\/deutschland\/iaea-chef-deutet-zwist-unter-experten-wegen-fukushima-kuehlwasser-an\/"},"author":{"name":"rtnews","@id":"https:\/\/now-news.de\/de\/#\/schema\/person\/fb534a4e865501d8b3285208df34a9b5"},"headline":"IAEA-Chef deutet Zwist unter Experten wegen Fukushima-K\u00fchlwasser an","datePublished":"2023-07-07T13:43:50+00:00","dateModified":"2023-07-07T13:43:50+00:00","mainEntityOfPage":{"@id":"https:\/\/now-news.de\/de\/deutschland\/iaea-chef-deutet-zwist-unter-experten-wegen-fukushima-kuehlwasser-an\/"},"wordCount":377,"commentCount":0,"publisher":{"@id":"https:\/\/now-news.de\/de\/#organization"},"image":{"@id":"https:\/\/now-news.de\/de\/deutschland\/iaea-chef-deutet-zwist-unter-experten-wegen-fukushima-kuehlwasser-an\/#primaryimage"},"thumbnailUrl":"https:\/\/now-news.de\/de\/wp-content\/uploads\/sites\/3\/2023\/07\/IAEA-Chef-deutet-Zwist-unter-Experten-wegen-Fukushima-Kuehlwasser-an.jpg","keywords":["deutet","Experten","FukushimaK\u00fchlwasser","IAEAChef","unter","wegen","Zwist"],"articleSection":["Deutschland","Russland"],"inLanguage":"de","potentialAction":[{"@type":"CommentAction","name":"Comment","target":["https:\/\/now-news.de\/de\/deutschland\/iaea-chef-deutet-zwist-unter-experten-wegen-fukushima-kuehlwasser-an\/#respond"]}]},{"@type":"WebPage","@id":"https:\/\/now-news.de\/de\/deutschland\/iaea-chef-deutet-zwist-unter-experten-wegen-fukushima-kuehlwasser-an\/","url":"https:\/\/now-news.de\/de\/deutschland\/iaea-chef-deutet-zwist-unter-experten-wegen-fukushima-kuehlwasser-an\/","name":"IAEA-Chef deutet Zwist unter Experten wegen Fukushima-K\u00fchlwasser an - just-now.NEWS Deutschland","isPartOf":{"@id":"https:\/\/now-news.de\/de\/#website"},"primaryImageOfPage":{"@id":"https:\/\/now-news.de\/de\/deutschland\/iaea-chef-deutet-zwist-unter-experten-wegen-fukushima-kuehlwasser-an\/#primaryimage"},"image":{"@id":"https:\/\/now-news.de\/de\/deutschland\/iaea-chef-deutet-zwist-unter-experten-wegen-fukushima-kuehlwasser-an\/#primaryimage"},"thumbnailUrl":"https:\/\/now-news.de\/de\/wp-content\/uploads\/sites\/3\/2023\/07\/IAEA-Chef-deutet-Zwist-unter-Experten-wegen-Fukushima-Kuehlwasser-an.jpg","datePublished":"2023-07-07T13:43:50+00:00","dateModified":"2023-07-07T13:43:50+00:00","breadcrumb":{"@id":"https:\/\/now-news.de\/de\/deutschland\/iaea-chef-deutet-zwist-unter-experten-wegen-fukushima-kuehlwasser-an\/#breadcrumb"},"inLanguage":"de","potentialAction":[{"@type":"ReadAction","target":["https:\/\/now-news.de\/de\/deutschland\/iaea-chef-deutet-zwist-unter-experten-wegen-fukushima-kuehlwasser-an\/"]}]},{"@type":"ImageObject","inLanguage":"de","@id":"https:\/\/now-news.de\/de\/deutschland\/iaea-chef-deutet-zwist-unter-experten-wegen-fukushima-kuehlwasser-an\/#primaryimage","url":"https:\/\/now-news.de\/de\/wp-content\/uploads\/sites\/3\/2023\/07\/IAEA-Chef-deutet-Zwist-unter-Experten-wegen-Fukushima-Kuehlwasser-an.jpg","contentUrl":"https:\/\/now-news.de\/de\/wp-content\/uploads\/sites\/3\/2023\/07\/IAEA-Chef-deutet-Zwist-unter-Experten-wegen-Fukushima-Kuehlwasser-an.jpg","width":460,"height":259,"caption":"IAEA-Chef deutet Zwist unter Experten wegen Fukushima-K\u00fchlwasser an"},{"@type":"BreadcrumbList","@id":"https:\/\/now-news.de\/de\/deutschland\/iaea-chef-deutet-zwist-unter-experten-wegen-fukushima-kuehlwasser-an\/#breadcrumb","itemListElement":[{"@type":"ListItem","position":1,"name":"Home","item":"https:\/\/now-news.de\/de\/"},{"@type":"ListItem","position":2,"name":"IAEA-Chef deutet Zwist unter Experten wegen Fukushima-K\u00fchlwasser an"}]},{"@type":"WebSite","@id":"https:\/\/now-news.de\/de\/#website","url":"https:\/\/now-news.de\/de\/","name":"just-now.NEWS Deutschland","description":"Das Portal f\u00fcr unzensierte Nachrichten aus der Welt","publisher":{"@id":"https:\/\/now-news.de\/de\/#organization"},"potentialAction":[{"@type":"SearchAction","target":{"@type":"EntryPoint","urlTemplate":"https:\/\/now-news.de\/de\/?s={search_term_string}"},"query-input":"required name=search_term_string"}],"inLanguage":"de"},{"@type":"Organization","@id":"https:\/\/now-news.de\/de\/#organization","name":"Just Now News","url":"https:\/\/now-news.de\/de\/","logo":{"@type":"ImageObject","inLanguage":"de","@id":"https:\/\/now-news.de\/de\/#\/schema\/logo\/image\/","url":"http:\/\/just-now.news\/de\/wp-content\/uploads\/sites\/3\/2022\/04\/logo500x500.jpg","contentUrl":"http:\/\/just-now.news\/de\/wp-content\/uploads\/sites\/3\/2022\/04\/logo500x500.jpg","width":500,"height":500,"caption":"Just Now News"},"image":{"@id":"https:\/\/now-news.de\/de\/#\/schema\/logo\/image\/"},"sameAs":["https:\/\/www.facebook.com\/wirmachenauf","https:\/\/x.com\/WirMachenAuf_de"]},{"@type":"Person","@id":"https:\/\/now-news.de\/de\/#\/schema\/person\/fb534a4e865501d8b3285208df34a9b5","name":"rtnews","image":{"@type":"ImageObject","inLanguage":"de","@id":"https:\/\/now-news.de\/de\/#\/schema\/person\/image\/","url":"https:\/\/secure.gravatar.com\/avatar\/82aafea7d8127119dd649515f56e2117?s=96&d=mm&r=g","contentUrl":"https:\/\/secure.gravatar.com\/avatar\/82aafea7d8127119dd649515f56e2117?s=96&d=mm&r=g","caption":"rtnews"},"url":"https:\/\/now-news.de\/de\/author\/rnews\/"}]}},"_links":{"self":[{"href":"https:\/\/now-news.de\/de\/wp-json\/wp\/v2\/posts\/39655"}],"collection":[{"href":"https:\/\/now-news.de\/de\/wp-json\/wp\/v2\/posts"}],"about":[{"href":"https:\/\/now-news.de\/de\/wp-json\/wp\/v2\/types\/post"}],"author":[{"embeddable":true,"href":"https:\/\/now-news.de\/de\/wp-json\/wp\/v2\/users\/3"}],"replies":[{"embeddable":true,"href":"https:\/\/now-news.de\/de\/wp-json\/wp\/v2\/comments?post=39655"}],"version-history":[{"count":0,"href":"https:\/\/now-news.de\/de\/wp-json\/wp\/v2\/posts\/39655\/revisions"}],"wp:featuredmedia":[{"embeddable":true,"href":"https:\/\/now-news.de\/de\/wp-json\/wp\/v2\/media\/39656"}],"wp:attachment":[{"href":"https:\/\/now-news.de\/de\/wp-json\/wp\/v2\/media?parent=39655"}],"wp:term":[{"taxonomy":"category","embeddable":true,"href":"https:\/\/now-news.de\/de\/wp-json\/wp\/v2\/categories?post=39655"},{"taxonomy":"post_tag","embeddable":true,"href":"https:\/\/now-news.de\/de\/wp-json\/wp\/v2\/tags?post=39655"}],"curies":[{"name":"wp","href":"https:\/\/api.w.org\/{rel}","templated":true}]}}