{"id":39627,"date":"2023-07-07T10:52:49","date_gmt":"2023-07-07T08:52:49","guid":{"rendered":"https:\/\/just-now.news\/de\/deutschland\/frankreich-erntet-was-es-gesaet-hat\/"},"modified":"2023-07-07T10:52:49","modified_gmt":"2023-07-07T08:52:49","slug":"frankreich-erntet-was-es-gesaet-hat","status":"publish","type":"post","link":"https:\/\/now-news.de\/de\/deutschland\/frankreich-erntet-was-es-gesaet-hat\/","title":{"rendered":"Frankreich erntet, was es ges\u00e4t hat"},"content":{"rendered":"<p><img decoding=\"async\" src=\"http:\/\/just-now.news\/de\/wp-content\/uploads\/sites\/3\/2023\/07\/64a6ea8048fbef2bc0135025.jpg\" \/><\/p>\n<div class=\"Text-root Text-type_1 \">\n                Jugendliche in Frankreich k\u00f6nnen v\u00f6llig unbehelligt straff\u00e4llig werden. Sie wissen, dass sie wenig bis gar nichts riskieren. Daher kommt der Vorschlag von Macron, Bu\u00dfgelder f\u00fcr Eltern protestierender Minderj\u00e4hriger zu verh\u00e4ngen, viel zu sp\u00e4t und ist viel zu wenig.\n            <\/div>\n<p><\/p>\n<div class=\"Text-root Text-type_5 ArticleView-text ViewText-root \">\n<p><em>Von Rachel Marsden<\/em><\/p>\n<p>In Reaktion auf die Ausschreitungen von meist Jugendlichen im Durchschnittsalter von 17 Jahren, die durch die T\u00f6tung eines gleichaltrigen Teenagers ausgel\u00f6st wurden, der sich bei einer Verkehrskontrolle weigerte, polizeilichen Anordnungen Folge zu leisten, hat der franz\u00f6sische Pr\u00e4sident Emmanuel Macron M\u00f6glichkeiten er\u00f6rtert, um die \u00f6ffentliche Ordnung wiederherzustellen. Er schlug vor, dass die Eltern der jungen Randalierer anfangen sollten, einen Preis daf\u00fcr zu zahlen.<\/p>\n<p>&#8220;Beim ersten Vergehen m\u00fcssen wir einen Weg finden, um die Familien der Delinquenten finanziell zu bestrafen&#8221;, sagte er und nannte es &#8220;eine Art Mindeststrafe f\u00fcr das erste Vergehen&#8221;. Kennt sonst noch jemand ein Land \u2013 au\u00dfer dem &#8220;Land des kindischen K\u00f6nigs&#8221;, wie meine franko-kanadischen Freunde Frankreich nennen \u2013, in dem sich Jugendliche so schlecht benehmen, dass der Pr\u00e4sident des Landes deren Eltern mit Strafen drohen muss, wenn diese ihre grundlegenden elterlichen Pflichten vernachl\u00e4ssigen und ihre Spr\u00f6sslinge jede Nacht private Infrastruktur zerst\u00f6ren lassen?<\/p>\n<p>Willkommen in Frankreich, wo alles m\u00f6glich ist und jeder, der versucht, ein Minimum an grundlegender Zur\u00fcckhaltung oder Disziplin anzumahnen, immer als Problem betrachtet wird \u2013 egal, ob es sich um den Betreiber eines \u00f6rtlichen Schwimmbads handelt, der sich dar\u00fcber beklagt, dass er von Jugendlichen k\u00f6rperlich angegangen wird, oder um jemanden, der in einem \u00f6ffentlichen Verkehrsmittel unterwegs ist und unter dem Verhalten von Jugendlichen leiden muss, die sich in der \u00d6ffentlichkeit so benehmen, als w\u00e4ren sie zu Hause in ihrem eigenen Wohnzimmer. Erwachsene, die sich kritisch zu Wort melden, werden von den Eltern der St\u00f6renfriede zumeist mit der Begr\u00fcndung gema\u00dfregelt, dass Jugendliche jedes Recht haben, sich zu entfalten.<\/p>\n<p>Nun also hat der Kinderm\u00e4dchen-Staat die B\u00fchne betreten und die Rolle der Eltern \u2013 oder des Elternteils \u2013 selbst \u00fcbernommen, indem er n\u00e4chtliche Ausgangssperren verh\u00e4ngt, um die Eltern zu zwingen, ihre Kinder nach 22 Uhr im Haus einzusperren. Entschuldigung, aber was zum Teufel hat ein Minderj\u00e4hriger nach dieser Sperrstunde \u00fcberhaupt noch ohne Eltern auf der Stra\u00dfe zu suchen? Die Tatsache, dass dieses Ph\u00e4nomen so weit verbreitet ist, dass es harte staatliche Ma\u00dfnahmen erfordert, spricht B\u00e4nde.<\/p>\n<p>Macron selbst stellte in typisch franz\u00f6sischem erzieherischem Stil den Jugendlichen zun\u00e4chst einen Blankoscheck aus, indem er jenen Polizisten verurteilte, der den 17-J\u00e4hrigen erschoss. Damit schien die Hoffnung verbunden zu sein, dass sich die Kids wieder beruhigen. Zugleich trat er den Grundsatz der Unschuldsvermutung f\u00fcr den Beamten mit F\u00fc\u00dfen. Dies geschah, noch bevor das franz\u00f6sische Justizsystem \u00fcberhaupt die Chance hatte, mit der Untersuchung der Sachlage zu beginnen, wozu vermutlich auch die Tatsache geh\u00f6rt, dass der betreffende Teenager der Polizei bereits wegen 15 fr\u00fcherer Straftaten bekannt war, davon f\u00fcnf Versuche, vor Polizeikontrollen zu fl\u00fcchten.<\/p>\n<p>Jugendliche k\u00f6nnen in Frankreich v\u00f6llig unbehelligt straff\u00e4llig werden. Sie wissen, dass sie wenig bis gar nichts riskieren, sei es bei der Zerst\u00f6rung von Infrastruktur oder das Beschie\u00dfen der Polizei mit t\u00f6dlichen Waffen. Sogar die Haftstrafen, die bisher gegen einige der Randalierer verh\u00e4ngt und vom Justizsystem abgehandelt wurden, m\u00fcndeten gr\u00f6\u00dftenteils ganz oder teilweise in Bew\u00e4hrungsstrafen, die zu Hause mit einer Fu\u00dffessel abgesessen werden konnten. Diejenigen, die zu einer Gef\u00e4ngnisstrafe in einem echten Gef\u00e4ngnis verurteilt wurden, sind in der Regel bereits wegen \u00e4hnlicher Straftaten schon einmal verurteilt worden.<\/p>\n<p>In einem Land, in dem junge Gangster wissen, dass die Polizei nichts anderes tun kann, als einen jugendlichen Delinquenten immerzu durch die Dreht\u00fcr der laxen franz\u00f6sischen &#8220;Justiz&#8221; zu schieben, ist es kein Wunder, dass es keinen Respekt mehr vor den Gesetzesh\u00fctern oder ihrer Funktion gibt. Und mangelnder Respekt vor der Autorit\u00e4t der Strafverfolgungsbeh\u00f6rden hat in der Vergangenheit oft dazu gef\u00fchrt, dass diese beim Versuch, Recht und Ordnung durchzusetzen, unverh\u00e4ltnism\u00e4\u00dfig reagiert haben.<\/p>\n<p>Die Gebiete, von denen die Flammen dieser Unruhen ausgegangen sind, waren vorhersehbar. Sie korrelieren mit jenen Ghettos, von denen viele mit staatlich subventionierten Wohnungen im Niedrigmietbereich zugepflastert sind, in denen Einwanderer seit mindestens den 1960er-Jahren untergebracht werden. Urspr\u00fcnglich bestand die Idee darin, Migranten der Arbeiterklasse aus \u00e4rmeren europ\u00e4ischen L\u00e4ndern heranzukarren, um billige Arbeitskr\u00e4fte f\u00fcr die wachsende franz\u00f6sische Industriemaschinerie bereitzustellen. Da diese Ghettos strategisch nur einen Steinwurf von franz\u00f6sischen Fabriken entfernt lagen, f\u00f6rderten sie per definitionem die Nichtintegration. Warum sollten sich diese Menschen die M\u00fche machen, ihre Enklave in Richtung der franz\u00f6sischen Gesellschaft zu verlassen, nachdem sie vom Staat dorthin verfrachtet wurden, an die Seite von Menschen, die dieselbe Sprache sprechen, die gleiche Kultur und den gleichen sozio\u00f6konomischen Status miteinander teilen und alle mit denselben Herausforderungen der Integration konfrontiert sind?<\/p>\n<p>Im Laufe der Zeit, als der Wohlstand der europ\u00e4ischen L\u00e4nder zunahm, wandte sich Frankreich auf der Suche nach noch billigeren Arbeitskr\u00e4ften in Richtung Zentralafrika. Afrikaner zogen in diese Enklaven eingewanderter maghrebinischer Arbeiter, woraufhin die davor dort lebenden Europ\u00e4er verdr\u00e4ngt wurden. Aus rein wirtschaftlichen Gr\u00fcnden hat Frankreich diese Ghettos gef\u00f6rdert, und jetzt erntet das Land die Konsequenzen dieser Politik. Es ist kein Wunder, dass sich viele Migranten in erster Linie nicht als Franzosen betrachten oder den franz\u00f6sischen Staat respektieren, wenn derselbe Staat ihrer Segregation den Weg geebnet hat. Die einzige Art und Weise, wie sich diese Menschen vollst\u00e4ndig ins franz\u00f6sische Volk integrieren k\u00f6nnen, besteht darin, jegliche Zur\u00fcckhaltung oder Selbstdisziplin beiseitezulassen und jeden zu verachten, der versucht, ihnen Respekt, Strenge oder Erwartungen aufzuzwingen. Zumindest in diesem Sinne haben sie sich perfekt an die franz\u00f6sische Kultur angepasst.<\/p>\n<p>Der gr\u00f6\u00dfte Arbeitgeberverband Frankreichs sch\u00e4tzt die bei den Unruhen entstandenen Sch\u00e4den f\u00fcr Privatunternehmen derzeit auf \u00fcber eine Milliarde Euro. Dabei sind noch nicht einmal die Zerst\u00f6rungen bei der Infrastruktur eingerechnet, einschlie\u00dflich des \u00f6ffentlichen Verkehrs, der Schulen und Rath\u00e4user. Soviel dazu, dass Migration eine wunderbare Chance f\u00fcr Frankreich sein soll. Vielmehr sieht es so aus, als ob nun die Zeit f\u00fcr die Abrechnung f\u00fcr eine jahrzehntelange gescheiterte Politik der Diversit\u00e4t gekommen ist.<\/p>\n<p><em>Aus dem <a rel=\"nofollow noopener\" target=\"_blank\" href=\"https:\/\/www.rt.com\/news\/579254-france-riots-children-fines\/\">Englischen<\/a>.<\/em><\/p>\n<p><em><strong>Rachel Marsden<\/strong> ist eine Kolumnistin, politische Strategin und Moderatorin eines unabh\u00e4ngig produzierten franz\u00f6sischsprachigen Programms, das auf Sputnik France ausgestrahlt wird. Ihre Website findet man unter <a rel=\"nofollow noopener\" target=\"_blank\" href=\"http:\/\/rachelmarsden.com\/\">rachelmarsden.com<\/a>.<\/em><\/p>\n<p><strong>Mehr zum Thema &#8211;\u00a0<\/strong><a rel=\"nofollow noopener\" target=\"_blank\" href=\"https:\/\/test.rtde.life\/kurzclips\/video\/174393-buergermeister-pariser-vororts-nach-angriff-seine-familie-diese-randalierer-sind-moerder\/\">B\u00fcrgermeister eines Pariser Vororts nach Angriff auf seine Familie: &#8220;Diese Randalierer sind M\u00f6rder&#8221;<\/a>\u00a0<\/p>\n<div class=\"EmbedBlock-root EmbedBlock-externalVideo EmbedBlock-odysee\">\n<div class=\"VkEmbed\"><iframe class=\"lazyload\" data-src=\"https:\/\/odysee.com\/%24\/embed\/%40RTDE%3Ae%2FB%C3%BCrgermeister_eines_Pariser_Vororts_nach_Angriff_auf_seine_Familie%3A8\" frameborder=\"0\" width=\"853\" height=\"480\" allowfullscreen><\/iframe><\/div>\n<\/div>\n<\/div>\n<p><br \/>\n<br \/><a href=\"https:\/\/de.rt.com\/meinung\/174574-frankreich-erntet-was-es-gesaet\/\">Source link <\/a><\/p>\n","protected":false},"excerpt":{"rendered":"<p>Jugendliche in Frankreich k\u00f6nnen v\u00f6llig unbehelligt straff\u00e4llig werden. Sie wissen, dass sie wenig bis gar nichts riskieren. Daher kommt der Vorschlag von Macron, Bu\u00dfgelder f\u00fcr Eltern protestierender Minderj\u00e4hriger zu verh\u00e4ngen, viel zu sp\u00e4t und ist viel zu wenig. Von Rachel Marsden In Reaktion auf die Ausschreitungen von meist Jugendlichen im Durchschnittsalter von 17 Jahren, die [&hellip;]<\/p>\n","protected":false},"author":3,"featured_media":39628,"comment_status":"open","ping_status":"open","sticky":false,"template":"","format":"standard","meta":{"_yoast_indexnow_last_ping":["1688720162"],"wp_automatic_camp":["217"],"5bc0078d2e1e3d1e3d288ab22c2ed55c":["Frankreich erntet, was es ges\u00e4t hat"],"original_link":["https:\/\/de.rt.com\/meinung\/174574-frankreich-erntet-was-es-gesaet\/"],"_thumbnail_id":["39628"],"_wptgpro_p2tg_sent2tg":["a:1:{i:23737;s:19:\"2023-07-07 10:57:20\";}"],"jnews_social_counter_last_update":["1777221514"]},"categories":[19,23],"tags":[10765,3320,31393,423],"yoast_head":"<!-- This site is optimized with the Yoast SEO Premium plugin v22.7 (Yoast SEO v22.7) - https:\/\/yoast.com\/wordpress\/plugins\/seo\/ -->\n<title>Frankreich erntet, was es ges\u00e4t hat - just-now.NEWS Deutschland<\/title>\n<meta name=\"robots\" content=\"index, follow, max-snippet:-1, max-image-preview:large, max-video-preview:-1\" \/>\n<link rel=\"canonical\" href=\"https:\/\/now-news.de\/de\/deutschland\/frankreich-erntet-was-es-gesaet-hat\/\" \/>\n<meta property=\"og:locale\" content=\"de_DE\" \/>\n<meta property=\"og:type\" content=\"article\" \/>\n<meta property=\"og:title\" content=\"Frankreich erntet, was es ges\u00e4t hat\" \/>\n<meta property=\"og:description\" content=\"Jugendliche in Frankreich k\u00f6nnen v\u00f6llig unbehelligt straff\u00e4llig werden. Sie wissen, dass sie wenig bis gar nichts riskieren. Daher kommt der Vorschlag von Macron, Bu\u00dfgelder f\u00fcr Eltern protestierender Minderj\u00e4hriger zu verh\u00e4ngen, viel zu sp\u00e4t und ist viel zu wenig. Von Rachel Marsden In Reaktion auf die Ausschreitungen von meist Jugendlichen im Durchschnittsalter von 17 Jahren, die [&hellip;]\" \/>\n<meta property=\"og:url\" content=\"https:\/\/now-news.de\/de\/deutschland\/frankreich-erntet-was-es-gesaet-hat\/\" \/>\n<meta property=\"og:site_name\" content=\"just-now.NEWS Deutschland\" \/>\n<meta property=\"article:publisher\" content=\"https:\/\/www.facebook.com\/wirmachenauf\" \/>\n<meta property=\"article:published_time\" content=\"2023-07-07T08:52:49+00:00\" \/>\n<meta property=\"og:image\" content=\"https:\/\/now-news.de\/de\/wp-content\/uploads\/sites\/3\/2023\/07\/Frankreich-erntet-was-es-gesaet-hat.jpg\" \/>\n\t<meta property=\"og:image:width\" content=\"460\" \/>\n\t<meta property=\"og:image:height\" content=\"259\" \/>\n\t<meta property=\"og:image:type\" content=\"image\/jpeg\" \/>\n<meta name=\"author\" content=\"rtnews\" \/>\n<meta name=\"twitter:card\" content=\"summary_large_image\" \/>\n<meta name=\"twitter:creator\" content=\"@WirMachenAuf_de\" \/>\n<meta name=\"twitter:site\" content=\"@WirMachenAuf_de\" \/>\n<meta name=\"twitter:label1\" content=\"Verfasst von\" \/>\n\t<meta name=\"twitter:data1\" content=\"rtnews\" \/>\n\t<meta name=\"twitter:label2\" content=\"Gesch\u00e4tzte Lesezeit\" \/>\n\t<meta name=\"twitter:data2\" content=\"6\u00a0Minuten\" \/>\n<script type=\"application\/ld+json\" class=\"yoast-schema-graph\">{\"@context\":\"https:\/\/schema.org\",\"@graph\":[{\"@type\":\"Article\",\"@id\":\"https:\/\/now-news.de\/de\/deutschland\/frankreich-erntet-was-es-gesaet-hat\/#article\",\"isPartOf\":{\"@id\":\"https:\/\/now-news.de\/de\/deutschland\/frankreich-erntet-was-es-gesaet-hat\/\"},\"author\":{\"name\":\"rtnews\",\"@id\":\"https:\/\/now-news.de\/de\/#\/schema\/person\/fb534a4e865501d8b3285208df34a9b5\"},\"headline\":\"Frankreich erntet, was es ges\u00e4t hat\",\"datePublished\":\"2023-07-07T08:52:49+00:00\",\"dateModified\":\"2023-07-07T08:52:49+00:00\",\"mainEntityOfPage\":{\"@id\":\"https:\/\/now-news.de\/de\/deutschland\/frankreich-erntet-was-es-gesaet-hat\/\"},\"wordCount\":1109,\"commentCount\":0,\"publisher\":{\"@id\":\"https:\/\/now-news.de\/de\/#organization\"},\"image\":{\"@id\":\"https:\/\/now-news.de\/de\/deutschland\/frankreich-erntet-was-es-gesaet-hat\/#primaryimage\"},\"thumbnailUrl\":\"https:\/\/now-news.de\/de\/wp-content\/uploads\/sites\/3\/2023\/07\/Frankreich-erntet-was-es-gesaet-hat.jpg\",\"keywords\":[\"erntet\",\"Frankreich\",\"ges\u00e4t\",\"hat\"],\"articleSection\":[\"Deutschland\",\"Russland\"],\"inLanguage\":\"de\",\"potentialAction\":[{\"@type\":\"CommentAction\",\"name\":\"Comment\",\"target\":[\"https:\/\/now-news.de\/de\/deutschland\/frankreich-erntet-was-es-gesaet-hat\/#respond\"]}]},{\"@type\":\"WebPage\",\"@id\":\"https:\/\/now-news.de\/de\/deutschland\/frankreich-erntet-was-es-gesaet-hat\/\",\"url\":\"https:\/\/now-news.de\/de\/deutschland\/frankreich-erntet-was-es-gesaet-hat\/\",\"name\":\"Frankreich erntet, was es ges\u00e4t hat - just-now.NEWS Deutschland\",\"isPartOf\":{\"@id\":\"https:\/\/now-news.de\/de\/#website\"},\"primaryImageOfPage\":{\"@id\":\"https:\/\/now-news.de\/de\/deutschland\/frankreich-erntet-was-es-gesaet-hat\/#primaryimage\"},\"image\":{\"@id\":\"https:\/\/now-news.de\/de\/deutschland\/frankreich-erntet-was-es-gesaet-hat\/#primaryimage\"},\"thumbnailUrl\":\"https:\/\/now-news.de\/de\/wp-content\/uploads\/sites\/3\/2023\/07\/Frankreich-erntet-was-es-gesaet-hat.jpg\",\"datePublished\":\"2023-07-07T08:52:49+00:00\",\"dateModified\":\"2023-07-07T08:52:49+00:00\",\"breadcrumb\":{\"@id\":\"https:\/\/now-news.de\/de\/deutschland\/frankreich-erntet-was-es-gesaet-hat\/#breadcrumb\"},\"inLanguage\":\"de\",\"potentialAction\":[{\"@type\":\"ReadAction\",\"target\":[\"https:\/\/now-news.de\/de\/deutschland\/frankreich-erntet-was-es-gesaet-hat\/\"]}]},{\"@type\":\"ImageObject\",\"inLanguage\":\"de\",\"@id\":\"https:\/\/now-news.de\/de\/deutschland\/frankreich-erntet-was-es-gesaet-hat\/#primaryimage\",\"url\":\"https:\/\/now-news.de\/de\/wp-content\/uploads\/sites\/3\/2023\/07\/Frankreich-erntet-was-es-gesaet-hat.jpg\",\"contentUrl\":\"https:\/\/now-news.de\/de\/wp-content\/uploads\/sites\/3\/2023\/07\/Frankreich-erntet-was-es-gesaet-hat.jpg\",\"width\":460,\"height\":259,\"caption\":\"Frankreich erntet, was es ges\u00e4t hat\"},{\"@type\":\"BreadcrumbList\",\"@id\":\"https:\/\/now-news.de\/de\/deutschland\/frankreich-erntet-was-es-gesaet-hat\/#breadcrumb\",\"itemListElement\":[{\"@type\":\"ListItem\",\"position\":1,\"name\":\"Home\",\"item\":\"https:\/\/now-news.de\/de\/\"},{\"@type\":\"ListItem\",\"position\":2,\"name\":\"Frankreich erntet, was es ges\u00e4t hat\"}]},{\"@type\":\"WebSite\",\"@id\":\"https:\/\/now-news.de\/de\/#website\",\"url\":\"https:\/\/now-news.de\/de\/\",\"name\":\"just-now.NEWS Deutschland\",\"description\":\"Das Portal f\u00fcr unzensierte Nachrichten aus der Welt\",\"publisher\":{\"@id\":\"https:\/\/now-news.de\/de\/#organization\"},\"potentialAction\":[{\"@type\":\"SearchAction\",\"target\":{\"@type\":\"EntryPoint\",\"urlTemplate\":\"https:\/\/now-news.de\/de\/?s={search_term_string}\"},\"query-input\":\"required name=search_term_string\"}],\"inLanguage\":\"de\"},{\"@type\":\"Organization\",\"@id\":\"https:\/\/now-news.de\/de\/#organization\",\"name\":\"Just Now News\",\"url\":\"https:\/\/now-news.de\/de\/\",\"logo\":{\"@type\":\"ImageObject\",\"inLanguage\":\"de\",\"@id\":\"https:\/\/now-news.de\/de\/#\/schema\/logo\/image\/\",\"url\":\"http:\/\/just-now.news\/de\/wp-content\/uploads\/sites\/3\/2022\/04\/logo500x500.jpg\",\"contentUrl\":\"http:\/\/just-now.news\/de\/wp-content\/uploads\/sites\/3\/2022\/04\/logo500x500.jpg\",\"width\":500,\"height\":500,\"caption\":\"Just Now News\"},\"image\":{\"@id\":\"https:\/\/now-news.de\/de\/#\/schema\/logo\/image\/\"},\"sameAs\":[\"https:\/\/www.facebook.com\/wirmachenauf\",\"https:\/\/x.com\/WirMachenAuf_de\"]},{\"@type\":\"Person\",\"@id\":\"https:\/\/now-news.de\/de\/#\/schema\/person\/fb534a4e865501d8b3285208df34a9b5\",\"name\":\"rtnews\",\"image\":{\"@type\":\"ImageObject\",\"inLanguage\":\"de\",\"@id\":\"https:\/\/now-news.de\/de\/#\/schema\/person\/image\/\",\"url\":\"https:\/\/secure.gravatar.com\/avatar\/82aafea7d8127119dd649515f56e2117?s=96&d=mm&r=g\",\"contentUrl\":\"https:\/\/secure.gravatar.com\/avatar\/82aafea7d8127119dd649515f56e2117?s=96&d=mm&r=g\",\"caption\":\"rtnews\"},\"url\":\"https:\/\/now-news.de\/de\/author\/rnews\/\"}]}<\/script>\n<!-- \/ Yoast SEO Premium plugin. -->","yoast_head_json":{"title":"Frankreich erntet, was es ges\u00e4t hat - just-now.NEWS Deutschland","robots":{"index":"index","follow":"follow","max-snippet":"max-snippet:-1","max-image-preview":"max-image-preview:large","max-video-preview":"max-video-preview:-1"},"canonical":"https:\/\/now-news.de\/de\/deutschland\/frankreich-erntet-was-es-gesaet-hat\/","og_locale":"de_DE","og_type":"article","og_title":"Frankreich erntet, was es ges\u00e4t hat","og_description":"Jugendliche in Frankreich k\u00f6nnen v\u00f6llig unbehelligt straff\u00e4llig werden. Sie wissen, dass sie wenig bis gar nichts riskieren. Daher kommt der Vorschlag von Macron, Bu\u00dfgelder f\u00fcr Eltern protestierender Minderj\u00e4hriger zu verh\u00e4ngen, viel zu sp\u00e4t und ist viel zu wenig. Von Rachel Marsden In Reaktion auf die Ausschreitungen von meist Jugendlichen im Durchschnittsalter von 17 Jahren, die [&hellip;]","og_url":"https:\/\/now-news.de\/de\/deutschland\/frankreich-erntet-was-es-gesaet-hat\/","og_site_name":"just-now.NEWS Deutschland","article_publisher":"https:\/\/www.facebook.com\/wirmachenauf","article_published_time":"2023-07-07T08:52:49+00:00","og_image":[{"width":460,"height":259,"url":"https:\/\/now-news.de\/de\/wp-content\/uploads\/sites\/3\/2023\/07\/Frankreich-erntet-was-es-gesaet-hat.jpg","type":"image\/jpeg"}],"author":"rtnews","twitter_card":"summary_large_image","twitter_creator":"@WirMachenAuf_de","twitter_site":"@WirMachenAuf_de","twitter_misc":{"Verfasst von":"rtnews","Gesch\u00e4tzte Lesezeit":"6\u00a0Minuten"},"schema":{"@context":"https:\/\/schema.org","@graph":[{"@type":"Article","@id":"https:\/\/now-news.de\/de\/deutschland\/frankreich-erntet-was-es-gesaet-hat\/#article","isPartOf":{"@id":"https:\/\/now-news.de\/de\/deutschland\/frankreich-erntet-was-es-gesaet-hat\/"},"author":{"name":"rtnews","@id":"https:\/\/now-news.de\/de\/#\/schema\/person\/fb534a4e865501d8b3285208df34a9b5"},"headline":"Frankreich erntet, was es ges\u00e4t hat","datePublished":"2023-07-07T08:52:49+00:00","dateModified":"2023-07-07T08:52:49+00:00","mainEntityOfPage":{"@id":"https:\/\/now-news.de\/de\/deutschland\/frankreich-erntet-was-es-gesaet-hat\/"},"wordCount":1109,"commentCount":0,"publisher":{"@id":"https:\/\/now-news.de\/de\/#organization"},"image":{"@id":"https:\/\/now-news.de\/de\/deutschland\/frankreich-erntet-was-es-gesaet-hat\/#primaryimage"},"thumbnailUrl":"https:\/\/now-news.de\/de\/wp-content\/uploads\/sites\/3\/2023\/07\/Frankreich-erntet-was-es-gesaet-hat.jpg","keywords":["erntet","Frankreich","ges\u00e4t","hat"],"articleSection":["Deutschland","Russland"],"inLanguage":"de","potentialAction":[{"@type":"CommentAction","name":"Comment","target":["https:\/\/now-news.de\/de\/deutschland\/frankreich-erntet-was-es-gesaet-hat\/#respond"]}]},{"@type":"WebPage","@id":"https:\/\/now-news.de\/de\/deutschland\/frankreich-erntet-was-es-gesaet-hat\/","url":"https:\/\/now-news.de\/de\/deutschland\/frankreich-erntet-was-es-gesaet-hat\/","name":"Frankreich erntet, was es ges\u00e4t hat - just-now.NEWS Deutschland","isPartOf":{"@id":"https:\/\/now-news.de\/de\/#website"},"primaryImageOfPage":{"@id":"https:\/\/now-news.de\/de\/deutschland\/frankreich-erntet-was-es-gesaet-hat\/#primaryimage"},"image":{"@id":"https:\/\/now-news.de\/de\/deutschland\/frankreich-erntet-was-es-gesaet-hat\/#primaryimage"},"thumbnailUrl":"https:\/\/now-news.de\/de\/wp-content\/uploads\/sites\/3\/2023\/07\/Frankreich-erntet-was-es-gesaet-hat.jpg","datePublished":"2023-07-07T08:52:49+00:00","dateModified":"2023-07-07T08:52:49+00:00","breadcrumb":{"@id":"https:\/\/now-news.de\/de\/deutschland\/frankreich-erntet-was-es-gesaet-hat\/#breadcrumb"},"inLanguage":"de","potentialAction":[{"@type":"ReadAction","target":["https:\/\/now-news.de\/de\/deutschland\/frankreich-erntet-was-es-gesaet-hat\/"]}]},{"@type":"ImageObject","inLanguage":"de","@id":"https:\/\/now-news.de\/de\/deutschland\/frankreich-erntet-was-es-gesaet-hat\/#primaryimage","url":"https:\/\/now-news.de\/de\/wp-content\/uploads\/sites\/3\/2023\/07\/Frankreich-erntet-was-es-gesaet-hat.jpg","contentUrl":"https:\/\/now-news.de\/de\/wp-content\/uploads\/sites\/3\/2023\/07\/Frankreich-erntet-was-es-gesaet-hat.jpg","width":460,"height":259,"caption":"Frankreich erntet, was es ges\u00e4t hat"},{"@type":"BreadcrumbList","@id":"https:\/\/now-news.de\/de\/deutschland\/frankreich-erntet-was-es-gesaet-hat\/#breadcrumb","itemListElement":[{"@type":"ListItem","position":1,"name":"Home","item":"https:\/\/now-news.de\/de\/"},{"@type":"ListItem","position":2,"name":"Frankreich erntet, was es ges\u00e4t hat"}]},{"@type":"WebSite","@id":"https:\/\/now-news.de\/de\/#website","url":"https:\/\/now-news.de\/de\/","name":"just-now.NEWS Deutschland","description":"Das Portal f\u00fcr unzensierte Nachrichten aus der Welt","publisher":{"@id":"https:\/\/now-news.de\/de\/#organization"},"potentialAction":[{"@type":"SearchAction","target":{"@type":"EntryPoint","urlTemplate":"https:\/\/now-news.de\/de\/?s={search_term_string}"},"query-input":"required name=search_term_string"}],"inLanguage":"de"},{"@type":"Organization","@id":"https:\/\/now-news.de\/de\/#organization","name":"Just Now News","url":"https:\/\/now-news.de\/de\/","logo":{"@type":"ImageObject","inLanguage":"de","@id":"https:\/\/now-news.de\/de\/#\/schema\/logo\/image\/","url":"http:\/\/just-now.news\/de\/wp-content\/uploads\/sites\/3\/2022\/04\/logo500x500.jpg","contentUrl":"http:\/\/just-now.news\/de\/wp-content\/uploads\/sites\/3\/2022\/04\/logo500x500.jpg","width":500,"height":500,"caption":"Just Now News"},"image":{"@id":"https:\/\/now-news.de\/de\/#\/schema\/logo\/image\/"},"sameAs":["https:\/\/www.facebook.com\/wirmachenauf","https:\/\/x.com\/WirMachenAuf_de"]},{"@type":"Person","@id":"https:\/\/now-news.de\/de\/#\/schema\/person\/fb534a4e865501d8b3285208df34a9b5","name":"rtnews","image":{"@type":"ImageObject","inLanguage":"de","@id":"https:\/\/now-news.de\/de\/#\/schema\/person\/image\/","url":"https:\/\/secure.gravatar.com\/avatar\/82aafea7d8127119dd649515f56e2117?s=96&d=mm&r=g","contentUrl":"https:\/\/secure.gravatar.com\/avatar\/82aafea7d8127119dd649515f56e2117?s=96&d=mm&r=g","caption":"rtnews"},"url":"https:\/\/now-news.de\/de\/author\/rnews\/"}]}},"_links":{"self":[{"href":"https:\/\/now-news.de\/de\/wp-json\/wp\/v2\/posts\/39627"}],"collection":[{"href":"https:\/\/now-news.de\/de\/wp-json\/wp\/v2\/posts"}],"about":[{"href":"https:\/\/now-news.de\/de\/wp-json\/wp\/v2\/types\/post"}],"author":[{"embeddable":true,"href":"https:\/\/now-news.de\/de\/wp-json\/wp\/v2\/users\/3"}],"replies":[{"embeddable":true,"href":"https:\/\/now-news.de\/de\/wp-json\/wp\/v2\/comments?post=39627"}],"version-history":[{"count":0,"href":"https:\/\/now-news.de\/de\/wp-json\/wp\/v2\/posts\/39627\/revisions"}],"wp:featuredmedia":[{"embeddable":true,"href":"https:\/\/now-news.de\/de\/wp-json\/wp\/v2\/media\/39628"}],"wp:attachment":[{"href":"https:\/\/now-news.de\/de\/wp-json\/wp\/v2\/media?parent=39627"}],"wp:term":[{"taxonomy":"category","embeddable":true,"href":"https:\/\/now-news.de\/de\/wp-json\/wp\/v2\/categories?post=39627"},{"taxonomy":"post_tag","embeddable":true,"href":"https:\/\/now-news.de\/de\/wp-json\/wp\/v2\/tags?post=39627"}],"curies":[{"name":"wp","href":"https:\/\/api.w.org\/{rel}","templated":true}]}}