{"id":39617,"date":"2023-07-07T06:24:45","date_gmt":"2023-07-07T04:24:45","guid":{"rendered":"https:\/\/just-now.news\/de\/deutschland\/gewaltspirale-im-westjordanland-karrieren-israelischer-und-palaestinensischer-fuehrer-am-ende\/"},"modified":"2023-07-07T06:24:45","modified_gmt":"2023-07-07T04:24:45","slug":"gewaltspirale-im-westjordanland-karrieren-israelischer-und-palaestinensischer-fuehrer-am-ende","status":"publish","type":"post","link":"https:\/\/now-news.de\/de\/deutschland\/gewaltspirale-im-westjordanland-karrieren-israelischer-und-palaestinensischer-fuehrer-am-ende\/","title":{"rendered":"Gewaltspirale im Westjordanland: Karrieren israelischer und pal\u00e4stinensischer F\u00fchrer am Ende?"},"content":{"rendered":"<p><img decoding=\"async\" src=\"http:\/\/just-now.news\/de\/wp-content\/uploads\/sites\/3\/2023\/07\/64a56dd948fbef2aba421ff1.jpg\" \/><\/p>\n<div class=\"Text-root Text-type_1 \">\n                Die zunehmende Gewalt im Westjordanland k\u00f6nnte den politischen Untergang sowohl f\u00fcr die israelische als auch f\u00fcr die pal\u00e4stinensische F\u00fchrung bedeuten. Die Menschen auf beiden Seiten wollen, dass ihre Anf\u00fchrer gegeneinander vorgehen, w\u00e4hrend die Bem\u00fchungen von Washington um eine Deeskalation ins Stocken geraten.\n            <\/div>\n<p><\/p>\n<div class=\"Text-root Text-type_5 ArticleView-text ViewText-root \">\n<p><em>Von Robert Inlakesh<\/em><\/p>\n<p>Der j\u00fcngste Anstieg der Gewalt im gesamten besetzten Westjordanland signalisiert das Scheitern der von den USA gef\u00fchrten Bem\u00fchungen, Ruhe in dieser Region zu schaffen. Sowohl die Pal\u00e4stinensische Autonomiebeh\u00f6rde als auch die israelische Regierung standen unter innenpolitischem Druck, eskalierende Ma\u00dfnahmen gegen die Gegenseite zu ergreifen, was zu einer israelischen Milit\u00e4roperation gegen bewaffnete pal\u00e4stinensische Gruppen in der Stadt Dschenin f\u00fchrte.<\/p>\n<p>Beginnend mit einem israelischen \u00dcberfall auf die Stadt, f\u00fchrten eine Reihe gewaltt\u00e4tiger Ereignisse erneut zu Spannungen zwischen Pal\u00e4stinensern und Israelis im besetzten Westjordanland. Mitte Juni st\u00fcrmten mehrere israelische Panzerfahrzeuge Dschenin, um Mitglieder der als Dschenin-Brigaden bekannten und bewaffneten Gruppe festzunehmen. Dabei wurden sie prompt von \u00f6rtlichen pal\u00e4stinensischen K\u00e4mpfern <a rel=\"nofollow noopener\" target=\"_blank\" href=\"https:\/\/www.jpost.com\/breaking-news\/article-746765\">\u00fcberfallen<\/a>. Sieben israelische Soldaten wurden durch improvisierte Sprengfallen verletzt, die unter ihren Milit\u00e4rfahrzeugen explodierten. Dies f\u00fchrte zum <a rel=\"nofollow noopener\" target=\"_blank\" href=\"https:\/\/www.aa.com.tr\/en\/middle-east\/palestinian-teen-dies-of-wounds-from-israeli-fire-in-jenin-death-toll-rises-to-7\/2927618\">Einsatz<\/a> von Kampfhubschraubern und einer gro\u00dfen Anzahl israelischer Bodentruppen, was letztlich sieben Pal\u00e4stinenser das Leben kostete und weitere 91 Verletzte.<\/p>\n<p>Nur einen Tag sp\u00e4ter ver\u00fcbten zwei bewaffnete Pal\u00e4stinenser einen Angriff nahe dem Eingang zur Siedlung Eli im Westjordanland, wobei vier israelische Siedler get\u00f6tet und vier weitere verletzt wurden. Wie sich <a rel=\"nofollow noopener\" target=\"_blank\" href=\"https:\/\/www.aljazeera.com\/news\/2023\/6\/20\/four-settlers-killed-in-attack-in-the-occupied-west-bank\">herausstellte<\/a>, hatten die beiden Sch\u00fctzen Verbindungen zu den Kassam-Brigaden, dem bewaffneten Fl\u00fcgel der Hamas. Beide wurden noch am selben Tag von israelischen Streitkr\u00e4ften erschossen.<\/p>\n<p>Der Anstieg der Gewalt folgte auf die Entscheidung der israelischen Regierung, ihrem rechtsextremen Finanzminister Bezalel Smotrich Sondervollmachten zur Entwicklung von Pl\u00e4nen zur Siedlungserweiterung auch ohne Zustimmung der Knesset zu gew\u00e4hren. Der Schritt l\u00f6ste bei der US-Regierung jedoch nur m\u00e4\u00dfige Ver\u00e4rgerung aus. Washington erkl\u00e4rte, dass man solche einseitigen Ma\u00dfnahmen ablehne, die das Erreichen einer Zwei-Staaten-L\u00f6sung erschweren und ein Hindernis f\u00fcr den Frieden darstellen.<\/p>\n<p>In der darauffolgenden Nacht beschlossen radikale israelische Siedler, pal\u00e4stinensische D\u00f6rfer anzugreifen, was sie als &#8220;Rache f\u00fcr den Angriff auf die Siedler von Eli&#8221; am Tag zuvor bezeichneten. Allein im pal\u00e4stinensischen Dorf Turmus Ayya z\u00fcndeten rund 400 bewaffnete Siedler 30 H\u00e4user und 60 Autos an. Der Angriff f\u00fchrte au\u00dferdem zu \u00fcber 100 Verletzten und einem Todesopfer. Solche Angriffe israelischer Siedler richten sich gegen jede pal\u00e4stinensische Gemeinschaft, in die sie eindringen k\u00f6nnen, fast immer unter dem Schutz der israelischen Armee. Ein solcher Angriff Anfang des Jahres in der Kleinstadt Huwara wurde vom israelischen General Yehuda Fuchs sogar als &#8220;Pogrom&#8221; bezeichnet.<\/p>\n<p>Die israelische Regierung unter Ministerpr\u00e4sident Benjamin Netanjahu fand sich nach den Ereignissen in Dschenin und der Siedlung Eli in einer peinlichen Lage wieder. Beide Situationen stellten eine markante Entwicklung in der Komplexit\u00e4t der bewaffneten Gruppen im Westjordanland dar und bewiesen, dass diese Gruppen in der Lage sind, innerhalb von etwas mehr als 24 Stunden Verluste sowohl unter israelischen Soldaten als auch unter Siedlern zu verursachen. Es gab bereits Aufrufe von israelischen Siedlergemeinden im n\u00f6rdlichen Westjordanland, eine umfassende Milit\u00e4roperation zu starten, um die bewaffneten Gruppen endg\u00fcltig zu zerschlagen. Die oben genannten Vorf\u00e4lle f\u00fchrten indes dazu, dass der Druck auf die israelische Regierung zu handeln noch weiter stieg.<\/p>\n<p>In einer Sitzung des israelischen Sicherheitsrates, bei der die Lage im Westjordanland nach dem Angriff bei der Siedlung Eli zur Sprache kam, wurde berichtet, dass sich sowohl Netanjahu als auch sein Verteidigungsminister Joaw Gallant gegen die M\u00f6glichkeit stellten, eine Milit\u00e4roperation innerhalb des besetzten Gebiets zu starten. Zu diesem Zeitpunkt wurde erwartet, dass die israelische Regierung unverh\u00e4ltnism\u00e4\u00dfig auf diese Angriffe reagieren w\u00fcrde, da die israelische Koalition von einer Reihe von Hardlinern zusammengehalten wird, die eine vollst\u00e4ndige Annexion des Westjordanlandes anstreben und derzeit selbst in illegalen Siedlungen leben.<\/p>\n<p>Anfang des Jahres veranstaltete die Regierung von Joe Biden zwei <a rel=\"nofollow noopener\" target=\"_blank\" href=\"https:\/\/www.timesofisrael.com\/liveblog_entry\/sharm-el-sheikh-summit-highlights-pas-legal-right-to-security-responsibility-in-area-a\/\">Gipfeltreffen<\/a> zum Thema Sicherheit mit dem Ziel, die Zusammenarbeit zwischen der pal\u00e4stinensischen Autonomiebeh\u00f6rde und Israel zu verbessern. Die Konferenzen fanden im jordanischen Akaba und in der \u00e4gyptischen Stadt Scharm El-Sheich statt. Ziel war es, die Zusammenarbeit der Sicherheitskr\u00e4fte der Pal\u00e4stinensischen Autonomiebeh\u00f6rde und des israelischen Milit\u00e4rs zu verst\u00e4rken, um eine weitere Verschlechterung der Sicherheitslage zu verhindern.<\/p>\n<p>Eine der Komponenten zur Schaffung eines stabileren Umfelds war der Plan, eine speziell ausgebildete Truppe der pal\u00e4stinensischen Autonomiebeh\u00f6rde einzusetzen, um den bewaffneten Gruppierungen im Westjordanland, die in den vergangenen zwei Jahren entstanden sind, direkt entgegenzutreten. Der vom US-Sicherheitskoordinator Michael Fenzel <a rel=\"nofollow noopener\" target=\"_blank\" href=\"https:\/\/www.axios.com\/2023\/02\/01\/blinken-abbas-palestinian-authority-jenin-nablus\">ausgearbeitete Plan<\/a> entpuppte sich als politischer Selbstmord f\u00fcr die Pal\u00e4stinensische Autonomiebeh\u00f6rde, die bereits mit massiven Gegenreaktionen seitens der Pal\u00e4stinenser konfrontiert ist.<\/p>\n<p>Laut einer aktuellen Umfrage des Pal\u00e4stinensischen Zentrums f\u00fcr Politik- und Umfrageforschung w\u00fcnschen sich rund 80 Prozent der Pal\u00e4stinenser den R\u00fccktritt von Mahmud Abbas, dem derzeitigen Pr\u00e4sidenten der Autonomiebeh\u00f6rde. W\u00e4hrend der j\u00fcngsten Reihe von Angriffen israelischer Siedler auf wehrlose pal\u00e4stinensische D\u00f6rfer riefen die Einheimischen die Autonomiebeh\u00f6rde auf, ihre rund 70.000 Mann starken Sicherheitskr\u00e4fte zum Schutz vor Angriffen durch j\u00fcdische Siedler einzusetzen.<\/p>\n<p>Die Pal\u00e4stinensische Autonomiebeh\u00f6rde verf\u00fcgt nur \u00fcber begrenzte Zust\u00e4ndigkeitsbereiche im Westjordanland und setzt ihre Streitkr\u00e4fte \u2013 neben der Wahrung der israelischen Sicherheitsinteressen \u2013 auch zur Bek\u00e4mpfung der innerpal\u00e4stinensischen Kriminalit\u00e4t ein. Unter den gegenw\u00e4rtigen Umst\u00e4nden k\u00f6nnte eine direkte Konfrontation zwischen den Kr\u00e4ften der Autonomiebeh\u00f6rde und den pal\u00e4stinensischen bewaffneten Gruppen zu einem Aufstand gegen die Herrschaft der Beh\u00f6rde innerhalb des eigenen Territoriums f\u00fchren.<\/p>\n<p>Mahmud Abbas ist bereits 87 Jahre alt und es wird bef\u00fcrchtet, dass nach seinem Tod ein Machtvakuum entsteht, das zum Zusammenbruch der Pal\u00e4stinensischen Autonomiebeh\u00f6rde oder sogar zur Macht\u00fcbernahme einer revolution\u00e4ren, streng antiisraelischen Gruppe f\u00fchren k\u00f6nnte. Obwohl die Pal\u00e4stinensische Autonomiebeh\u00f6rde derzeit versucht, die Oberhand zu behalten, wohl wissend, dass seit 2014 kein einziger Dialog zur Konfliktl\u00f6sung mit der israelischen Seite gef\u00fchrt wurde, versucht sie so zu tun, als g\u00e4be es nicht Tausende bewaffnete pal\u00e4stinensische K\u00e4mpfer, die derzeit au\u00dferhalb der Kontrolle der Autonomiebeh\u00f6rde operieren, und als k\u00f6nne man nichts gegen das Vorgehen Israels unternehmen.<\/p>\n<p>Diese Haltung entspringt vor allem dem Wunsch, weiterhin in der Gunst ihrer wichtigsten Geldgeber zu bleiben, namentlich den Vereinigten Staaten und der Europ\u00e4ischen Union. Genauso wie die Pal\u00e4stinensische Autonomiebeh\u00f6rde nicht die Rolle eines aktiven Besch\u00fctzers gegen Angriffe durch das israelische Milit\u00e4r und die illegalen Siedler \u00fcbernehmen will, wie das pal\u00e4stinensische Volk es von ihr verlangt, will sie sich auch nicht dazu verpflichten, zum direkten Aggressor gegen die bewaffneten militanten Gruppen zu werden.<\/p>\n<p>Im Gegensatz zur Pal\u00e4stinensischen Autonomiebeh\u00f6rde war die israelische Regierung in der Lage, eine Milit\u00e4roperation gegen die bewaffneten Gruppen im Westjordanland zu lancieren. Also wartete man erstmal ab und beschloss dann, den Angriff am vergangenen Sonntagabend durchzuf\u00fchren. Im Jahr 2002 lancierte Israel die Operation Defensive Shield (Verteidigungsschild), bei der etwa 500 Pal\u00e4stinenser get\u00f6tet und viele der Hochburgen der damals operierenden bewaffneten Gruppen praktisch zerst\u00f6rt wurden.<\/p>\n<p>Die israelische Armee h\u00e4tte versuchen k\u00f6nnen, das Vorgehen von 2002 bei jeder gro\u00dfangelegten Operation zu wiederholen. Sie hat sich jedoch stattdessen daf\u00fcr entschieden, Dschenin zu isolieren, um die bewaffneten Gruppen zur\u00fcckzudr\u00e4ngen, anstatt ihre vollst\u00e4ndige Vernichtung anzustreben. Sollte Israel einen allumfassenden Feldzug starten, ist es wahrscheinlich, dass die israelische Armee viele Soldaten verlieren und es zu Angriffen auch aus anderen Gebieten wie Gaza, Syrien und dem Libanon kommen wird. Daher w\u00e4re f\u00fcr die Einleitung einer solchen Operation ein hoher politischer Preis zu zahlen, was Netanjahu wei\u00df und was vielleicht auch der Grund daf\u00fcr ist, dass er einen begrenzteren Angriff angeordnet hat.<\/p>\n<p>Anstatt dem gesamten Westjordanland den Krieg zu erkl\u00e4ren, scheint die israelische Armee beschlossen zu haben, den Druck auf die bewaffneten Gruppen zu erh\u00f6hen, indem sie Ma\u00dfnahmen wie Drohnenangriffe anwendet, um einzelne K\u00e4mpfer zu liquidieren, w\u00e4hrend die aktuelle Eskalation einen Versuch darstellt, St\u00e4rke zu demonstrieren sowie die F\u00e4higkeit, diese bewaffneten Gruppen einzud\u00e4mmen. Am Tag nach dem &#8220;Angriff der Rache&#8221; der illegalen Siedler gaben die israelischen Streitkr\u00e4fte bekannt, dass sie in der N\u00e4he eines Kontrollpunkts in Dschenin einen Drohnenangriff auf ein Auto ver\u00fcbt h\u00e4tten, bei dem drei pal\u00e4stinensische K\u00e4mpfer get\u00f6tet wurden. Dieser Luftangriff war insofern bedeutsam, als es sich im Westjordanland um den ersten Angriff durch Raketen aus der Luft seit 2005 gehandelt hat. Die derzeitige Invasion der israelischen Streitkr\u00e4fte in Dschenin ist die gr\u00f6\u00dfte seit 2002.<\/p>\n<p>Wenn man zul\u00e4sst, dass die pal\u00e4stinensischen bewaffneten Gruppen st\u00e4rker werden und sich ihr Einfluss auf andere St\u00e4dte ausweitet, k\u00f6nnte es f\u00fcr die israelische Regierung in Zukunft politisch unm\u00f6glich werden, keine gro\u00dfangelegte Milit\u00e4rkampagne voranzutreiben, weshalb sie sich wahrscheinlich f\u00fcr den jetzigen Ansatz entschieden hat. Ein interessantes Element der j\u00fcngsten Milit\u00e4roperation in Dschenin ist jedoch das mangelnde Interesse der Pal\u00e4stinenser in Ramallah und anderen St\u00e4dten. Nur Pal\u00e4stinenser aus den Fl\u00fcchtlingslagern fanden sich zu gro\u00dfen Demonstrationen zusammen. Dies spiegelt einen gewaltigen Sieg der israelischen Politik gegen\u00fcber den Pal\u00e4stinensern im Westjordanland wider. Sie haben es geschafft, sie vom Leid ihrer Volksgenossen abzukoppeln und es scheint, als ob das Leben f\u00fcr jene Menschen, die in St\u00e4dten wie Ramallah leben, normal weitergehen kann.<\/p>\n<p>Die Weigerung der USA, Perspektiven f\u00fcr die Zukunft aufzuzeigen, dr\u00e4ngt das Westjordanland auf einen Pfad noch gr\u00f6\u00dferer Gewalt. Washingtons Fahrplan f\u00fcr die Pal\u00e4stinensische Autonomiebeh\u00f6rde ist nicht vern\u00fcnftig, da die Autonomiebeh\u00f6rde damit faktisch zum Selbstmord aufgefordert, zugleich aber Israel nicht wirklich f\u00fcr die Verletzung von gesetzten roten Linien bestraft wird. Washington \u00e4u\u00dfert h\u00e4ufig seine Besorgnis \u00fcber die Zustimmung der israelischen Regierung zu Pl\u00e4nen f\u00fcr die Erweiterung der Siedlungen, ist jedoch nicht bereit, auch nur einen Schritt zu unternehmen, um diesen Erweiterungen Einhalt zu gebieten, und unterst\u00fctzt Israels milit\u00e4rische L\u00f6sung f\u00fcr ein Problem, das Washington bisher nicht l\u00f6sen konnte.<\/p>\n<p>Die Regierung von Joe Biden h\u00e4tte die Macht, sowohl auf die Pal\u00e4stinensische Autonomiebeh\u00f6rde als auch auf Israel Druck auszu\u00fcben, sich noch heute an einen Tisch zu setzen, weigert sich jedoch, dies zu tun, und hat nichts Weiteres anzubieten, als Plattit\u00fcden \u00fcber Friedensverhandlungen, die seit den sp\u00e4ten 1990er-Jahren praktisch tot sind. Ohne tragf\u00e4hige L\u00f6sungsoptionen wird es nur noch mehr Gewalt geben, selbst wenn sich die Spannungen vor\u00fcbergehend beruhigen sollten.<\/p>\n<p><strong><\/strong><em>Aus dem <a rel=\"nofollow noopener\" target=\"_blank\" href=\"https:\/\/www.rt.com\/news\/579130-israel-palestine-violence-war\/\">Englischen<\/a><\/em><\/p>\n<p><em><strong>Robert Inlakesh<\/strong> ist politischer Analyst, Journalist und Dokumentarfilmer und lebt derzeit in London. Er hat aus den besetzten pal\u00e4stinensischen Gebieten berichtet und dort gelebt. Inlakesh arbeitet derzeit f\u00fcr Quds News und Press TV. Er ist Regisseur des Films &#8220;<a rel=\"nofollow noopener\" target=\"_blank\" href=\"https:\/\/www.youtube.com\/playlist?list=PLviN3slGPAfFySKr5INaNAwiOI1tEFrN9\">Diebstahl des Jahrhunderts: Trumps Pal\u00e4stina-Israel-Katastrophe<\/a>&#8220;. Man kann ihm auf Twitter unter <a rel=\"nofollow noopener\" target=\"_blank\" href=\"https:\/\/twitter.com\/falasteen47\">@falasteen47<\/a> folgen.<\/em><\/p>\n<p><strong>Mehr zum Thema<\/strong> &#8211; <a rel=\"nofollow noopener\" target=\"_blank\" href=\"https:\/\/test.rtde.life\/der-nahe-osten\/168818-israels-provokationen-in-der-al-aqsa-moschee-drohen-einen-regionalen-krieg-loszutreten\/\">Israels Provokationen in der al-Aqsa-Moschee drohen eine regionalen Krieg loszutreten<\/a><\/p>\n<\/div>\n<p><script async src=\"https:\/\/platform.twitter.com\/widgets.js\" charset=\"utf-8\"><\/script><br \/>\n<br \/><br \/>\n<br \/><a href=\"https:\/\/de.rt.com\/der-nahe-osten\/174453-gewaltspirale-im-westjordanland-karrieren-israelischer\/\">Source link <\/a><\/p>\n","protected":false},"excerpt":{"rendered":"<p>Die zunehmende Gewalt im Westjordanland k\u00f6nnte den politischen Untergang sowohl f\u00fcr die israelische als auch f\u00fcr die pal\u00e4stinensische F\u00fchrung bedeuten. Die Menschen auf beiden Seiten wollen, dass ihre Anf\u00fchrer gegeneinander vorgehen, w\u00e4hrend die Bem\u00fchungen von Washington um eine Deeskalation ins Stocken geraten. Von Robert Inlakesh Der j\u00fcngste Anstieg der Gewalt im gesamten besetzten Westjordanland signalisiert [&hellip;]<\/p>\n","protected":false},"author":3,"featured_media":39618,"comment_status":"open","ping_status":"open","sticky":false,"template":"","format":"standard","meta":{"_yoast_indexnow_last_ping":["1688704677"],"wp_automatic_camp":["217"],"07f6fe63e21c2237420672eb2fe5d851":["Gewaltspirale im Westjordanland: Karrieren israelischer und pal\u00e4stinensischer F\u00fchrer am Ende?"],"original_link":["https:\/\/de.rt.com\/der-nahe-osten\/174453-gewaltspirale-im-westjordanland-karrieren-israelischer\/"],"_thumbnail_id":["39618"],"jnews_social_counter_last_update":["1777221217"],"_wptgpro_p2tg_sent2tg":["a:1:{i:23737;s:19:\"2023-07-07 06:39:05\";}"]},"categories":[19,23],"tags":[5375,4532,37072,5032,46445,36831,140,15698],"yoast_head":"<!-- This site is optimized with the Yoast SEO Premium plugin v22.7 (Yoast SEO v22.7) - https:\/\/yoast.com\/wordpress\/plugins\/seo\/ -->\n<title>Gewaltspirale im Westjordanland: Karrieren israelischer und pal\u00e4stinensischer F\u00fchrer am Ende? - just-now.NEWS Deutschland<\/title>\n<meta name=\"robots\" content=\"index, follow, max-snippet:-1, max-image-preview:large, max-video-preview:-1\" \/>\n<link rel=\"canonical\" href=\"https:\/\/now-news.de\/de\/deutschland\/gewaltspirale-im-westjordanland-karrieren-israelischer-und-palaestinensischer-fuehrer-am-ende\/\" \/>\n<meta property=\"og:locale\" content=\"de_DE\" \/>\n<meta property=\"og:type\" content=\"article\" \/>\n<meta property=\"og:title\" content=\"Gewaltspirale im Westjordanland: Karrieren israelischer und pal\u00e4stinensischer F\u00fchrer am Ende?\" \/>\n<meta property=\"og:description\" content=\"Die zunehmende Gewalt im Westjordanland k\u00f6nnte den politischen Untergang sowohl f\u00fcr die israelische als auch f\u00fcr die pal\u00e4stinensische F\u00fchrung bedeuten. Die Menschen auf beiden Seiten wollen, dass ihre Anf\u00fchrer gegeneinander vorgehen, w\u00e4hrend die Bem\u00fchungen von Washington um eine Deeskalation ins Stocken geraten. Von Robert Inlakesh Der j\u00fcngste Anstieg der Gewalt im gesamten besetzten Westjordanland signalisiert [&hellip;]\" \/>\n<meta property=\"og:url\" content=\"https:\/\/now-news.de\/de\/deutschland\/gewaltspirale-im-westjordanland-karrieren-israelischer-und-palaestinensischer-fuehrer-am-ende\/\" \/>\n<meta property=\"og:site_name\" content=\"just-now.NEWS Deutschland\" \/>\n<meta property=\"article:publisher\" content=\"https:\/\/www.facebook.com\/wirmachenauf\" \/>\n<meta property=\"article:published_time\" content=\"2023-07-07T04:24:45+00:00\" \/>\n<meta property=\"og:image\" content=\"https:\/\/now-news.de\/de\/wp-content\/uploads\/sites\/3\/2023\/07\/Gewaltspirale-im-Westjordanland-Karrieren-israelischer-und-palaestinensischer-Fuehrer-am-Ende.jpg\" \/>\n\t<meta property=\"og:image:width\" content=\"460\" \/>\n\t<meta property=\"og:image:height\" content=\"259\" \/>\n\t<meta property=\"og:image:type\" content=\"image\/jpeg\" \/>\n<meta name=\"author\" content=\"rtnews\" \/>\n<meta name=\"twitter:card\" content=\"summary_large_image\" \/>\n<meta name=\"twitter:creator\" content=\"@WirMachenAuf_de\" \/>\n<meta name=\"twitter:site\" content=\"@WirMachenAuf_de\" \/>\n<meta name=\"twitter:label1\" content=\"Verfasst von\" \/>\n\t<meta name=\"twitter:data1\" content=\"rtnews\" \/>\n\t<meta name=\"twitter:label2\" content=\"Gesch\u00e4tzte Lesezeit\" \/>\n\t<meta name=\"twitter:data2\" content=\"9\u00a0Minuten\" \/>\n<script type=\"application\/ld+json\" class=\"yoast-schema-graph\">{\"@context\":\"https:\/\/schema.org\",\"@graph\":[{\"@type\":\"Article\",\"@id\":\"https:\/\/now-news.de\/de\/deutschland\/gewaltspirale-im-westjordanland-karrieren-israelischer-und-palaestinensischer-fuehrer-am-ende\/#article\",\"isPartOf\":{\"@id\":\"https:\/\/now-news.de\/de\/deutschland\/gewaltspirale-im-westjordanland-karrieren-israelischer-und-palaestinensischer-fuehrer-am-ende\/\"},\"author\":{\"name\":\"rtnews\",\"@id\":\"https:\/\/now-news.de\/de\/#\/schema\/person\/fb534a4e865501d8b3285208df34a9b5\"},\"headline\":\"Gewaltspirale im Westjordanland: Karrieren israelischer und pal\u00e4stinensischer F\u00fchrer am Ende?\",\"datePublished\":\"2023-07-07T04:24:45+00:00\",\"dateModified\":\"2023-07-07T04:24:45+00:00\",\"mainEntityOfPage\":{\"@id\":\"https:\/\/now-news.de\/de\/deutschland\/gewaltspirale-im-westjordanland-karrieren-israelischer-und-palaestinensischer-fuehrer-am-ende\/\"},\"wordCount\":1858,\"commentCount\":0,\"publisher\":{\"@id\":\"https:\/\/now-news.de\/de\/#organization\"},\"image\":{\"@id\":\"https:\/\/now-news.de\/de\/deutschland\/gewaltspirale-im-westjordanland-karrieren-israelischer-und-palaestinensischer-fuehrer-am-ende\/#primaryimage\"},\"thumbnailUrl\":\"https:\/\/now-news.de\/de\/wp-content\/uploads\/sites\/3\/2023\/07\/Gewaltspirale-im-Westjordanland-Karrieren-israelischer-und-palaestinensischer-Fuehrer-am-Ende.jpg\",\"keywords\":[\"Ende\",\"F\u00fchrer\",\"Gewaltspirale\",\"Israelischer\",\"Karrieren\",\"pal\u00e4stinensischer\",\"und\",\"Westjordanland\"],\"articleSection\":[\"Deutschland\",\"Russland\"],\"inLanguage\":\"de\",\"potentialAction\":[{\"@type\":\"CommentAction\",\"name\":\"Comment\",\"target\":[\"https:\/\/now-news.de\/de\/deutschland\/gewaltspirale-im-westjordanland-karrieren-israelischer-und-palaestinensischer-fuehrer-am-ende\/#respond\"]}]},{\"@type\":\"WebPage\",\"@id\":\"https:\/\/now-news.de\/de\/deutschland\/gewaltspirale-im-westjordanland-karrieren-israelischer-und-palaestinensischer-fuehrer-am-ende\/\",\"url\":\"https:\/\/now-news.de\/de\/deutschland\/gewaltspirale-im-westjordanland-karrieren-israelischer-und-palaestinensischer-fuehrer-am-ende\/\",\"name\":\"Gewaltspirale im Westjordanland: Karrieren israelischer und pal\u00e4stinensischer F\u00fchrer am Ende? - just-now.NEWS Deutschland\",\"isPartOf\":{\"@id\":\"https:\/\/now-news.de\/de\/#website\"},\"primaryImageOfPage\":{\"@id\":\"https:\/\/now-news.de\/de\/deutschland\/gewaltspirale-im-westjordanland-karrieren-israelischer-und-palaestinensischer-fuehrer-am-ende\/#primaryimage\"},\"image\":{\"@id\":\"https:\/\/now-news.de\/de\/deutschland\/gewaltspirale-im-westjordanland-karrieren-israelischer-und-palaestinensischer-fuehrer-am-ende\/#primaryimage\"},\"thumbnailUrl\":\"https:\/\/now-news.de\/de\/wp-content\/uploads\/sites\/3\/2023\/07\/Gewaltspirale-im-Westjordanland-Karrieren-israelischer-und-palaestinensischer-Fuehrer-am-Ende.jpg\",\"datePublished\":\"2023-07-07T04:24:45+00:00\",\"dateModified\":\"2023-07-07T04:24:45+00:00\",\"breadcrumb\":{\"@id\":\"https:\/\/now-news.de\/de\/deutschland\/gewaltspirale-im-westjordanland-karrieren-israelischer-und-palaestinensischer-fuehrer-am-ende\/#breadcrumb\"},\"inLanguage\":\"de\",\"potentialAction\":[{\"@type\":\"ReadAction\",\"target\":[\"https:\/\/now-news.de\/de\/deutschland\/gewaltspirale-im-westjordanland-karrieren-israelischer-und-palaestinensischer-fuehrer-am-ende\/\"]}]},{\"@type\":\"ImageObject\",\"inLanguage\":\"de\",\"@id\":\"https:\/\/now-news.de\/de\/deutschland\/gewaltspirale-im-westjordanland-karrieren-israelischer-und-palaestinensischer-fuehrer-am-ende\/#primaryimage\",\"url\":\"https:\/\/now-news.de\/de\/wp-content\/uploads\/sites\/3\/2023\/07\/Gewaltspirale-im-Westjordanland-Karrieren-israelischer-und-palaestinensischer-Fuehrer-am-Ende.jpg\",\"contentUrl\":\"https:\/\/now-news.de\/de\/wp-content\/uploads\/sites\/3\/2023\/07\/Gewaltspirale-im-Westjordanland-Karrieren-israelischer-und-palaestinensischer-Fuehrer-am-Ende.jpg\",\"width\":460,\"height\":259,\"caption\":\"Gewaltspirale im Westjordanland: Karrieren israelischer und pal\u00e4stinensischer F\u00fchrer am Ende?\"},{\"@type\":\"BreadcrumbList\",\"@id\":\"https:\/\/now-news.de\/de\/deutschland\/gewaltspirale-im-westjordanland-karrieren-israelischer-und-palaestinensischer-fuehrer-am-ende\/#breadcrumb\",\"itemListElement\":[{\"@type\":\"ListItem\",\"position\":1,\"name\":\"Home\",\"item\":\"https:\/\/now-news.de\/de\/\"},{\"@type\":\"ListItem\",\"position\":2,\"name\":\"Gewaltspirale im Westjordanland: Karrieren israelischer und pal\u00e4stinensischer F\u00fchrer am Ende?\"}]},{\"@type\":\"WebSite\",\"@id\":\"https:\/\/now-news.de\/de\/#website\",\"url\":\"https:\/\/now-news.de\/de\/\",\"name\":\"just-now.NEWS Deutschland\",\"description\":\"Das Portal f\u00fcr unzensierte Nachrichten aus der Welt\",\"publisher\":{\"@id\":\"https:\/\/now-news.de\/de\/#organization\"},\"potentialAction\":[{\"@type\":\"SearchAction\",\"target\":{\"@type\":\"EntryPoint\",\"urlTemplate\":\"https:\/\/now-news.de\/de\/?s={search_term_string}\"},\"query-input\":\"required name=search_term_string\"}],\"inLanguage\":\"de\"},{\"@type\":\"Organization\",\"@id\":\"https:\/\/now-news.de\/de\/#organization\",\"name\":\"Just Now News\",\"url\":\"https:\/\/now-news.de\/de\/\",\"logo\":{\"@type\":\"ImageObject\",\"inLanguage\":\"de\",\"@id\":\"https:\/\/now-news.de\/de\/#\/schema\/logo\/image\/\",\"url\":\"http:\/\/just-now.news\/de\/wp-content\/uploads\/sites\/3\/2022\/04\/logo500x500.jpg\",\"contentUrl\":\"http:\/\/just-now.news\/de\/wp-content\/uploads\/sites\/3\/2022\/04\/logo500x500.jpg\",\"width\":500,\"height\":500,\"caption\":\"Just Now News\"},\"image\":{\"@id\":\"https:\/\/now-news.de\/de\/#\/schema\/logo\/image\/\"},\"sameAs\":[\"https:\/\/www.facebook.com\/wirmachenauf\",\"https:\/\/x.com\/WirMachenAuf_de\"]},{\"@type\":\"Person\",\"@id\":\"https:\/\/now-news.de\/de\/#\/schema\/person\/fb534a4e865501d8b3285208df34a9b5\",\"name\":\"rtnews\",\"image\":{\"@type\":\"ImageObject\",\"inLanguage\":\"de\",\"@id\":\"https:\/\/now-news.de\/de\/#\/schema\/person\/image\/\",\"url\":\"https:\/\/secure.gravatar.com\/avatar\/82aafea7d8127119dd649515f56e2117?s=96&d=mm&r=g\",\"contentUrl\":\"https:\/\/secure.gravatar.com\/avatar\/82aafea7d8127119dd649515f56e2117?s=96&d=mm&r=g\",\"caption\":\"rtnews\"},\"url\":\"https:\/\/now-news.de\/de\/author\/rnews\/\"}]}<\/script>\n<!-- \/ Yoast SEO Premium plugin. -->","yoast_head_json":{"title":"Gewaltspirale im Westjordanland: Karrieren israelischer und pal\u00e4stinensischer F\u00fchrer am Ende? - just-now.NEWS Deutschland","robots":{"index":"index","follow":"follow","max-snippet":"max-snippet:-1","max-image-preview":"max-image-preview:large","max-video-preview":"max-video-preview:-1"},"canonical":"https:\/\/now-news.de\/de\/deutschland\/gewaltspirale-im-westjordanland-karrieren-israelischer-und-palaestinensischer-fuehrer-am-ende\/","og_locale":"de_DE","og_type":"article","og_title":"Gewaltspirale im Westjordanland: Karrieren israelischer und pal\u00e4stinensischer F\u00fchrer am Ende?","og_description":"Die zunehmende Gewalt im Westjordanland k\u00f6nnte den politischen Untergang sowohl f\u00fcr die israelische als auch f\u00fcr die pal\u00e4stinensische F\u00fchrung bedeuten. Die Menschen auf beiden Seiten wollen, dass ihre Anf\u00fchrer gegeneinander vorgehen, w\u00e4hrend die Bem\u00fchungen von Washington um eine Deeskalation ins Stocken geraten. Von Robert Inlakesh Der j\u00fcngste Anstieg der Gewalt im gesamten besetzten Westjordanland signalisiert [&hellip;]","og_url":"https:\/\/now-news.de\/de\/deutschland\/gewaltspirale-im-westjordanland-karrieren-israelischer-und-palaestinensischer-fuehrer-am-ende\/","og_site_name":"just-now.NEWS Deutschland","article_publisher":"https:\/\/www.facebook.com\/wirmachenauf","article_published_time":"2023-07-07T04:24:45+00:00","og_image":[{"width":460,"height":259,"url":"https:\/\/now-news.de\/de\/wp-content\/uploads\/sites\/3\/2023\/07\/Gewaltspirale-im-Westjordanland-Karrieren-israelischer-und-palaestinensischer-Fuehrer-am-Ende.jpg","type":"image\/jpeg"}],"author":"rtnews","twitter_card":"summary_large_image","twitter_creator":"@WirMachenAuf_de","twitter_site":"@WirMachenAuf_de","twitter_misc":{"Verfasst von":"rtnews","Gesch\u00e4tzte Lesezeit":"9\u00a0Minuten"},"schema":{"@context":"https:\/\/schema.org","@graph":[{"@type":"Article","@id":"https:\/\/now-news.de\/de\/deutschland\/gewaltspirale-im-westjordanland-karrieren-israelischer-und-palaestinensischer-fuehrer-am-ende\/#article","isPartOf":{"@id":"https:\/\/now-news.de\/de\/deutschland\/gewaltspirale-im-westjordanland-karrieren-israelischer-und-palaestinensischer-fuehrer-am-ende\/"},"author":{"name":"rtnews","@id":"https:\/\/now-news.de\/de\/#\/schema\/person\/fb534a4e865501d8b3285208df34a9b5"},"headline":"Gewaltspirale im Westjordanland: Karrieren israelischer und pal\u00e4stinensischer F\u00fchrer am Ende?","datePublished":"2023-07-07T04:24:45+00:00","dateModified":"2023-07-07T04:24:45+00:00","mainEntityOfPage":{"@id":"https:\/\/now-news.de\/de\/deutschland\/gewaltspirale-im-westjordanland-karrieren-israelischer-und-palaestinensischer-fuehrer-am-ende\/"},"wordCount":1858,"commentCount":0,"publisher":{"@id":"https:\/\/now-news.de\/de\/#organization"},"image":{"@id":"https:\/\/now-news.de\/de\/deutschland\/gewaltspirale-im-westjordanland-karrieren-israelischer-und-palaestinensischer-fuehrer-am-ende\/#primaryimage"},"thumbnailUrl":"https:\/\/now-news.de\/de\/wp-content\/uploads\/sites\/3\/2023\/07\/Gewaltspirale-im-Westjordanland-Karrieren-israelischer-und-palaestinensischer-Fuehrer-am-Ende.jpg","keywords":["Ende","F\u00fchrer","Gewaltspirale","Israelischer","Karrieren","pal\u00e4stinensischer","und","Westjordanland"],"articleSection":["Deutschland","Russland"],"inLanguage":"de","potentialAction":[{"@type":"CommentAction","name":"Comment","target":["https:\/\/now-news.de\/de\/deutschland\/gewaltspirale-im-westjordanland-karrieren-israelischer-und-palaestinensischer-fuehrer-am-ende\/#respond"]}]},{"@type":"WebPage","@id":"https:\/\/now-news.de\/de\/deutschland\/gewaltspirale-im-westjordanland-karrieren-israelischer-und-palaestinensischer-fuehrer-am-ende\/","url":"https:\/\/now-news.de\/de\/deutschland\/gewaltspirale-im-westjordanland-karrieren-israelischer-und-palaestinensischer-fuehrer-am-ende\/","name":"Gewaltspirale im Westjordanland: Karrieren israelischer und pal\u00e4stinensischer F\u00fchrer am Ende? - just-now.NEWS Deutschland","isPartOf":{"@id":"https:\/\/now-news.de\/de\/#website"},"primaryImageOfPage":{"@id":"https:\/\/now-news.de\/de\/deutschland\/gewaltspirale-im-westjordanland-karrieren-israelischer-und-palaestinensischer-fuehrer-am-ende\/#primaryimage"},"image":{"@id":"https:\/\/now-news.de\/de\/deutschland\/gewaltspirale-im-westjordanland-karrieren-israelischer-und-palaestinensischer-fuehrer-am-ende\/#primaryimage"},"thumbnailUrl":"https:\/\/now-news.de\/de\/wp-content\/uploads\/sites\/3\/2023\/07\/Gewaltspirale-im-Westjordanland-Karrieren-israelischer-und-palaestinensischer-Fuehrer-am-Ende.jpg","datePublished":"2023-07-07T04:24:45+00:00","dateModified":"2023-07-07T04:24:45+00:00","breadcrumb":{"@id":"https:\/\/now-news.de\/de\/deutschland\/gewaltspirale-im-westjordanland-karrieren-israelischer-und-palaestinensischer-fuehrer-am-ende\/#breadcrumb"},"inLanguage":"de","potentialAction":[{"@type":"ReadAction","target":["https:\/\/now-news.de\/de\/deutschland\/gewaltspirale-im-westjordanland-karrieren-israelischer-und-palaestinensischer-fuehrer-am-ende\/"]}]},{"@type":"ImageObject","inLanguage":"de","@id":"https:\/\/now-news.de\/de\/deutschland\/gewaltspirale-im-westjordanland-karrieren-israelischer-und-palaestinensischer-fuehrer-am-ende\/#primaryimage","url":"https:\/\/now-news.de\/de\/wp-content\/uploads\/sites\/3\/2023\/07\/Gewaltspirale-im-Westjordanland-Karrieren-israelischer-und-palaestinensischer-Fuehrer-am-Ende.jpg","contentUrl":"https:\/\/now-news.de\/de\/wp-content\/uploads\/sites\/3\/2023\/07\/Gewaltspirale-im-Westjordanland-Karrieren-israelischer-und-palaestinensischer-Fuehrer-am-Ende.jpg","width":460,"height":259,"caption":"Gewaltspirale im Westjordanland: Karrieren israelischer und pal\u00e4stinensischer F\u00fchrer am Ende?"},{"@type":"BreadcrumbList","@id":"https:\/\/now-news.de\/de\/deutschland\/gewaltspirale-im-westjordanland-karrieren-israelischer-und-palaestinensischer-fuehrer-am-ende\/#breadcrumb","itemListElement":[{"@type":"ListItem","position":1,"name":"Home","item":"https:\/\/now-news.de\/de\/"},{"@type":"ListItem","position":2,"name":"Gewaltspirale im Westjordanland: Karrieren israelischer und pal\u00e4stinensischer F\u00fchrer am Ende?"}]},{"@type":"WebSite","@id":"https:\/\/now-news.de\/de\/#website","url":"https:\/\/now-news.de\/de\/","name":"just-now.NEWS Deutschland","description":"Das Portal f\u00fcr unzensierte Nachrichten aus der Welt","publisher":{"@id":"https:\/\/now-news.de\/de\/#organization"},"potentialAction":[{"@type":"SearchAction","target":{"@type":"EntryPoint","urlTemplate":"https:\/\/now-news.de\/de\/?s={search_term_string}"},"query-input":"required name=search_term_string"}],"inLanguage":"de"},{"@type":"Organization","@id":"https:\/\/now-news.de\/de\/#organization","name":"Just Now News","url":"https:\/\/now-news.de\/de\/","logo":{"@type":"ImageObject","inLanguage":"de","@id":"https:\/\/now-news.de\/de\/#\/schema\/logo\/image\/","url":"http:\/\/just-now.news\/de\/wp-content\/uploads\/sites\/3\/2022\/04\/logo500x500.jpg","contentUrl":"http:\/\/just-now.news\/de\/wp-content\/uploads\/sites\/3\/2022\/04\/logo500x500.jpg","width":500,"height":500,"caption":"Just Now News"},"image":{"@id":"https:\/\/now-news.de\/de\/#\/schema\/logo\/image\/"},"sameAs":["https:\/\/www.facebook.com\/wirmachenauf","https:\/\/x.com\/WirMachenAuf_de"]},{"@type":"Person","@id":"https:\/\/now-news.de\/de\/#\/schema\/person\/fb534a4e865501d8b3285208df34a9b5","name":"rtnews","image":{"@type":"ImageObject","inLanguage":"de","@id":"https:\/\/now-news.de\/de\/#\/schema\/person\/image\/","url":"https:\/\/secure.gravatar.com\/avatar\/82aafea7d8127119dd649515f56e2117?s=96&d=mm&r=g","contentUrl":"https:\/\/secure.gravatar.com\/avatar\/82aafea7d8127119dd649515f56e2117?s=96&d=mm&r=g","caption":"rtnews"},"url":"https:\/\/now-news.de\/de\/author\/rnews\/"}]}},"_links":{"self":[{"href":"https:\/\/now-news.de\/de\/wp-json\/wp\/v2\/posts\/39617"}],"collection":[{"href":"https:\/\/now-news.de\/de\/wp-json\/wp\/v2\/posts"}],"about":[{"href":"https:\/\/now-news.de\/de\/wp-json\/wp\/v2\/types\/post"}],"author":[{"embeddable":true,"href":"https:\/\/now-news.de\/de\/wp-json\/wp\/v2\/users\/3"}],"replies":[{"embeddable":true,"href":"https:\/\/now-news.de\/de\/wp-json\/wp\/v2\/comments?post=39617"}],"version-history":[{"count":0,"href":"https:\/\/now-news.de\/de\/wp-json\/wp\/v2\/posts\/39617\/revisions"}],"wp:featuredmedia":[{"embeddable":true,"href":"https:\/\/now-news.de\/de\/wp-json\/wp\/v2\/media\/39618"}],"wp:attachment":[{"href":"https:\/\/now-news.de\/de\/wp-json\/wp\/v2\/media?parent=39617"}],"wp:term":[{"taxonomy":"category","embeddable":true,"href":"https:\/\/now-news.de\/de\/wp-json\/wp\/v2\/categories?post=39617"},{"taxonomy":"post_tag","embeddable":true,"href":"https:\/\/now-news.de\/de\/wp-json\/wp\/v2\/tags?post=39617"}],"curies":[{"name":"wp","href":"https:\/\/api.w.org\/{rel}","templated":true}]}}