{"id":39613,"date":"2023-07-06T15:49:39","date_gmt":"2023-07-06T13:49:39","guid":{"rendered":"https:\/\/just-now.news\/de\/deutschland\/nach-blutbad-in-dschenin-militaereinsatz-der-israelischen-armee-im-westjordanland-beendet\/"},"modified":"2023-07-06T15:49:39","modified_gmt":"2023-07-06T13:49:39","slug":"nach-blutbad-in-dschenin-militaereinsatz-der-israelischen-armee-im-westjordanland-beendet","status":"publish","type":"post","link":"https:\/\/now-news.de\/de\/deutschland\/nach-blutbad-in-dschenin-militaereinsatz-der-israelischen-armee-im-westjordanland-beendet\/","title":{"rendered":"Nach Blutbad in Dschenin: Milit\u00e4reinsatz der israelischen Armee im Westjordanland beendet"},"content":{"rendered":"<p><img decoding=\"async\" src=\"http:\/\/just-now.news\/de\/wp-content\/uploads\/sites\/3\/2023\/07\/64a687d848fbef2b891837de.jpg\" \/><\/p>\n<div class=\"Text-root Text-type_1 \">\n                Israels Soldaten lieferten sich zwei Tage heftige Gefechte mit den pal\u00e4stinensischen K\u00e4mpfern in Dschenin, die mindestens zehn Tote forderten. Tausende Bewohner des Fl\u00fcchtlingslagers flohen w\u00e4hrend der israelischen Aggression. Bilder zeigen inzwischen eine gro\u00dffl\u00e4chige Zerst\u00f6rung des Lagers Dschenin durch die Milit\u00e4raktion.\n            <\/div>\n<p><\/p>\n<div class=\"Text-root Text-type_5 ArticleView-text ViewText-root \">\n<p>Israels Milit\u00e4r hat seinen gr\u00f6\u00dften Einsatz im Westjordanland seit mehr als 20 Jahren beendet. Alle Soldaten seien aus der Stadt Dschenin abgezogen, erkl\u00e4rte die Armee am Mittwoch. Bis zum Abschluss des Einsatzes, an dem Kampfflugzeuge, Drohnen und etwa eintausend Soldaten beteiligt waren, gab es schwere Gefechte zwischen israelischen\u00a0Sicherheitskr\u00e4ften und Pal\u00e4stinensern.\u00a0<\/p>\n<p>Bei den K\u00e4mpfen wurden mindestens 13 Pal\u00e4stinenser und ein israelischer Soldat get\u00f6tet. Zudem gab es mehr als 120 Verletzte, etwa 30 von ihnen waren in ernstem Zustand. Medienberichten zufolge befanden sich am Mittwoch etwa 30 von rund 200 festgenommenen Personen noch in Haft. Tausende Bewohner des Fl\u00fcchtlingslagers flohen w\u00e4hrend der israelischen Milit\u00e4roperation.\u00a0Bilder zeigten unter anderem eine gro\u00dffl\u00e4chige Zerst\u00f6rung im Fl\u00fcchtlingslager\u00a0Dschenin durch die Milit\u00e4raktion der Israelis.<\/p>\n<p>Am Mittwoch fand in\u00a0Dschenin im israelisch besetzten Westjordanland ein gro\u00dfer Trauerzug statt, wenige Stunden, nachdem die israelischen Truppen nach einer zweit\u00e4gigen Milit\u00e4roperation die Stadt verlassen hatten.\u00a0Tausende aus dem Fl\u00fcchtlingslager Dschenin und anderen Teilen der Stadt nahmen an der gro\u00dfen Prozession f\u00fcr die Opfer \u2013 drei davon waren Kinder \u2013 teil.<\/p>\n<div class=\"EmbedBlock-root EmbedBlock-twitter\">\n<div class=\"TwitterEmbed\">\n<blockquote class=\"twitter-tweet lazyload\" data-twitter=\"twitter-tweet\">\n<p lang=\"en\" dir=\"ltr\">Massive crowds in Jenin take part in the funeral procession of the victims of the two-day Israeli aggression on the city and its refugee camp, today.Via QudsNen <a rel=\"nofollow noopener\" target=\"_blank\" href=\"https:\/\/t.co\/sa8EO6G3Fe\">pic.twitter.com\/sa8EO6G3Fe<\/a><\/p>\n<p>\u2014 Scotlandiya (@BentBladi0) <a rel=\"nofollow noopener\" target=\"_blank\" href=\"https:\/\/twitter.com\/BentBladi0\/status\/1676550350151512065?ref_src=twsrc%5Etfw\">July 5, 2023<\/a><\/p><\/blockquote>\n<\/div>\n<\/div>\n<p>Unter den Opfern der israelischen Operation waren auch die get\u00f6teten pal\u00e4stinensischen K\u00e4mpfer, deren Leichen mit den Fahnen der pal\u00e4stinensischen Widerstandsgruppen Hamas und Pal\u00e4stinensischer Islamischer Dschihad (PIJ) bei der Trauerzeremonie bedeckt waren. Die Mitglieder der beiden Milizen-Organisationen in Dschenin verteidigten w\u00e4hrend der Operation die Stadt gegen die israelischen Streitkr\u00e4fte.<\/p>\n<p>Nach dem Abzug attackierten Hunderte Pal\u00e4stinenser den Verwaltungssitz der Pal\u00e4stinensischen Autonomiebeh\u00f6rde (PA) in Dschenin. Sie nannten Pr\u00e4sident Abbas einen &#8220;Kollaborateur Israels&#8221;. Die PA wird von Pal\u00e4stinensern immer wieder daf\u00fcr kritisiert, dass sie die Menschen nicht gegen \u00dcbergriffe des israelischen Milit\u00e4rs sch\u00fctze.\u00a0Die PA ist auch daf\u00fcr bekannt, dass sie gegen &#8220;Widerstandsk\u00e4mpfer&#8221; im Westjordanland vorgeht und sie festnimmt.<\/p>\n<p>Gruppen wie die Hamas oder der &#8220;Pal\u00e4stinensische Islamische Dschihad&#8221;\u00a0feierten seit Abzug der israelischen Truppen aus der Stadt einen &#8220;gro\u00dfen Sieg&#8221;. Israel habe seine Ziele nicht erreicht, die meisten K\u00e4mpfer seien unbeschadet davongekommen.<\/p>\n<p><strong>Mehr zum Thema<\/strong> &#8211; <a rel=\"nofollow noopener\" target=\"_blank\" href=\"https:\/\/test.rtde.me\/kurzclips\/video\/174366-israel-greift-palaestinensisches-fluechtlingslager-an\/\">Israel greift pal\u00e4stinensisches Fl\u00fcchtlingslager an: 10 Tote und 100 Verletzte<\/a><\/p>\n<div class=\"EmbedBlock-root EmbedBlock-externalVideo EmbedBlock-vk\">\n<div class=\"VkEmbed\"><iframe class=\"lazyload\" data-src=\"https:\/\/vk.com\/video_ext.php?oid=-134310637&amp;id=456268178&amp;hash=144cb17a9b98a99d\" frameborder=\"0\" width=\"853\" height=\"480\" allowfullscreen><\/iframe><\/div>\n<\/div>\n<\/div>\n<p><script async src=\"https:\/\/platform.twitter.com\/widgets.js\" charset=\"utf-8\"><\/script><br \/>\n<br \/><br \/>\n<br \/><a href=\"https:\/\/de.rt.com\/der-nahe-osten\/174523-nach-blutbad-in-dschenin-militaereinsatz\/\">Source link <\/a><\/p>\n","protected":false},"excerpt":{"rendered":"<p>Israels Soldaten lieferten sich zwei Tage heftige Gefechte mit den pal\u00e4stinensischen K\u00e4mpfern in Dschenin, die mindestens zehn Tote forderten. Tausende Bewohner des Fl\u00fcchtlingslagers flohen w\u00e4hrend der israelischen Aggression. Bilder zeigen inzwischen eine gro\u00dffl\u00e4chige Zerst\u00f6rung des Lagers Dschenin durch die Milit\u00e4raktion. Israels Milit\u00e4r hat seinen gr\u00f6\u00dften Einsatz im Westjordanland seit mehr als 20 Jahren beendet. Alle [&hellip;]<\/p>\n","protected":false},"author":3,"featured_media":39614,"comment_status":"open","ping_status":"open","sticky":false,"template":"","format":"standard","meta":{"_yoast_indexnow_last_ping":["1688675696"],"wp_automatic_camp":["217"],"1d623d9c72fd7d17082ba2a6f27310a5":["Nach Blutbad in Dschenin: Milit\u00e4reinsatz der israelischen Armee im Westjordanland beendet"],"original_link":["https:\/\/de.rt.com\/der-nahe-osten\/174523-nach-blutbad-in-dschenin-militaereinsatz\/"],"_thumbnail_id":["39614"],"_wptgpro_p2tg_sent2tg":["a:1:{i:23737;s:19:\"2023-07-06 22:36:42\";}"],"jnews_social_counter_last_update":["1777556953"]},"categories":[19,23],"tags":[2398,8151,33623,82,39722,4991,38864,979,15698],"yoast_head":"<!-- This site is optimized with the Yoast SEO Premium plugin v22.7 (Yoast SEO v22.7) - https:\/\/yoast.com\/wordpress\/plugins\/seo\/ -->\n<title>Nach Blutbad in Dschenin: Milit\u00e4reinsatz der israelischen Armee im Westjordanland beendet - just-now.NEWS Deutschland<\/title>\n<meta name=\"robots\" content=\"index, follow, max-snippet:-1, max-image-preview:large, max-video-preview:-1\" \/>\n<link rel=\"canonical\" href=\"https:\/\/now-news.de\/de\/deutschland\/nach-blutbad-in-dschenin-militaereinsatz-der-israelischen-armee-im-westjordanland-beendet\/\" \/>\n<meta property=\"og:locale\" content=\"de_DE\" \/>\n<meta property=\"og:type\" content=\"article\" \/>\n<meta property=\"og:title\" content=\"Nach Blutbad in Dschenin: Milit\u00e4reinsatz der israelischen Armee im Westjordanland beendet\" \/>\n<meta property=\"og:description\" content=\"Israels Soldaten lieferten sich zwei Tage heftige Gefechte mit den pal\u00e4stinensischen K\u00e4mpfern in Dschenin, die mindestens zehn Tote forderten. Tausende Bewohner des Fl\u00fcchtlingslagers flohen w\u00e4hrend der israelischen Aggression. Bilder zeigen inzwischen eine gro\u00dffl\u00e4chige Zerst\u00f6rung des Lagers Dschenin durch die Milit\u00e4raktion. Israels Milit\u00e4r hat seinen gr\u00f6\u00dften Einsatz im Westjordanland seit mehr als 20 Jahren beendet. Alle [&hellip;]\" \/>\n<meta property=\"og:url\" content=\"https:\/\/now-news.de\/de\/deutschland\/nach-blutbad-in-dschenin-militaereinsatz-der-israelischen-armee-im-westjordanland-beendet\/\" \/>\n<meta property=\"og:site_name\" content=\"just-now.NEWS Deutschland\" \/>\n<meta property=\"article:publisher\" content=\"https:\/\/www.facebook.com\/wirmachenauf\" \/>\n<meta property=\"article:published_time\" content=\"2023-07-06T13:49:39+00:00\" \/>\n<meta property=\"og:image\" content=\"https:\/\/now-news.de\/de\/wp-content\/uploads\/sites\/3\/2023\/07\/Nach-Blutbad-in-Dschenin-Militaereinsatz-der-israelischen-Armee-im-Westjordanland.jpg\" \/>\n\t<meta property=\"og:image:width\" content=\"460\" \/>\n\t<meta property=\"og:image:height\" content=\"259\" \/>\n\t<meta property=\"og:image:type\" content=\"image\/jpeg\" \/>\n<meta name=\"author\" content=\"rtnews\" \/>\n<meta name=\"twitter:card\" content=\"summary_large_image\" \/>\n<meta name=\"twitter:creator\" content=\"@WirMachenAuf_de\" \/>\n<meta name=\"twitter:site\" content=\"@WirMachenAuf_de\" \/>\n<meta name=\"twitter:label1\" content=\"Verfasst von\" \/>\n\t<meta name=\"twitter:data1\" content=\"rtnews\" \/>\n\t<meta name=\"twitter:label2\" content=\"Gesch\u00e4tzte Lesezeit\" \/>\n\t<meta name=\"twitter:data2\" content=\"2\u00a0Minuten\" \/>\n<script type=\"application\/ld+json\" class=\"yoast-schema-graph\">{\"@context\":\"https:\/\/schema.org\",\"@graph\":[{\"@type\":\"Article\",\"@id\":\"https:\/\/now-news.de\/de\/deutschland\/nach-blutbad-in-dschenin-militaereinsatz-der-israelischen-armee-im-westjordanland-beendet\/#article\",\"isPartOf\":{\"@id\":\"https:\/\/now-news.de\/de\/deutschland\/nach-blutbad-in-dschenin-militaereinsatz-der-israelischen-armee-im-westjordanland-beendet\/\"},\"author\":{\"name\":\"rtnews\",\"@id\":\"https:\/\/now-news.de\/de\/#\/schema\/person\/fb534a4e865501d8b3285208df34a9b5\"},\"headline\":\"Nach Blutbad in Dschenin: Milit\u00e4reinsatz der israelischen Armee im Westjordanland beendet\",\"datePublished\":\"2023-07-06T13:49:39+00:00\",\"dateModified\":\"2023-07-06T13:49:39+00:00\",\"mainEntityOfPage\":{\"@id\":\"https:\/\/now-news.de\/de\/deutschland\/nach-blutbad-in-dschenin-militaereinsatz-der-israelischen-armee-im-westjordanland-beendet\/\"},\"wordCount\":457,\"commentCount\":0,\"publisher\":{\"@id\":\"https:\/\/now-news.de\/de\/#organization\"},\"image\":{\"@id\":\"https:\/\/now-news.de\/de\/deutschland\/nach-blutbad-in-dschenin-militaereinsatz-der-israelischen-armee-im-westjordanland-beendet\/#primaryimage\"},\"thumbnailUrl\":\"https:\/\/now-news.de\/de\/wp-content\/uploads\/sites\/3\/2023\/07\/Nach-Blutbad-in-Dschenin-Militaereinsatz-der-israelischen-Armee-im-Westjordanland.jpg\",\"keywords\":[\"Armee\",\"beendet\",\"Blutbad\",\"der\",\"Dschenin\",\"israelischen\",\"Milit\u00e4reinsatz\",\"nach\",\"Westjordanland\"],\"articleSection\":[\"Deutschland\",\"Russland\"],\"inLanguage\":\"de\",\"potentialAction\":[{\"@type\":\"CommentAction\",\"name\":\"Comment\",\"target\":[\"https:\/\/now-news.de\/de\/deutschland\/nach-blutbad-in-dschenin-militaereinsatz-der-israelischen-armee-im-westjordanland-beendet\/#respond\"]}]},{\"@type\":\"WebPage\",\"@id\":\"https:\/\/now-news.de\/de\/deutschland\/nach-blutbad-in-dschenin-militaereinsatz-der-israelischen-armee-im-westjordanland-beendet\/\",\"url\":\"https:\/\/now-news.de\/de\/deutschland\/nach-blutbad-in-dschenin-militaereinsatz-der-israelischen-armee-im-westjordanland-beendet\/\",\"name\":\"Nach Blutbad in Dschenin: Milit\u00e4reinsatz der israelischen Armee im Westjordanland beendet - just-now.NEWS Deutschland\",\"isPartOf\":{\"@id\":\"https:\/\/now-news.de\/de\/#website\"},\"primaryImageOfPage\":{\"@id\":\"https:\/\/now-news.de\/de\/deutschland\/nach-blutbad-in-dschenin-militaereinsatz-der-israelischen-armee-im-westjordanland-beendet\/#primaryimage\"},\"image\":{\"@id\":\"https:\/\/now-news.de\/de\/deutschland\/nach-blutbad-in-dschenin-militaereinsatz-der-israelischen-armee-im-westjordanland-beendet\/#primaryimage\"},\"thumbnailUrl\":\"https:\/\/now-news.de\/de\/wp-content\/uploads\/sites\/3\/2023\/07\/Nach-Blutbad-in-Dschenin-Militaereinsatz-der-israelischen-Armee-im-Westjordanland.jpg\",\"datePublished\":\"2023-07-06T13:49:39+00:00\",\"dateModified\":\"2023-07-06T13:49:39+00:00\",\"breadcrumb\":{\"@id\":\"https:\/\/now-news.de\/de\/deutschland\/nach-blutbad-in-dschenin-militaereinsatz-der-israelischen-armee-im-westjordanland-beendet\/#breadcrumb\"},\"inLanguage\":\"de\",\"potentialAction\":[{\"@type\":\"ReadAction\",\"target\":[\"https:\/\/now-news.de\/de\/deutschland\/nach-blutbad-in-dschenin-militaereinsatz-der-israelischen-armee-im-westjordanland-beendet\/\"]}]},{\"@type\":\"ImageObject\",\"inLanguage\":\"de\",\"@id\":\"https:\/\/now-news.de\/de\/deutschland\/nach-blutbad-in-dschenin-militaereinsatz-der-israelischen-armee-im-westjordanland-beendet\/#primaryimage\",\"url\":\"https:\/\/now-news.de\/de\/wp-content\/uploads\/sites\/3\/2023\/07\/Nach-Blutbad-in-Dschenin-Militaereinsatz-der-israelischen-Armee-im-Westjordanland.jpg\",\"contentUrl\":\"https:\/\/now-news.de\/de\/wp-content\/uploads\/sites\/3\/2023\/07\/Nach-Blutbad-in-Dschenin-Militaereinsatz-der-israelischen-Armee-im-Westjordanland.jpg\",\"width\":460,\"height\":259,\"caption\":\"Nach Blutbad in Dschenin: Milit\u00e4reinsatz der israelischen Armee im Westjordanland beendet\"},{\"@type\":\"BreadcrumbList\",\"@id\":\"https:\/\/now-news.de\/de\/deutschland\/nach-blutbad-in-dschenin-militaereinsatz-der-israelischen-armee-im-westjordanland-beendet\/#breadcrumb\",\"itemListElement\":[{\"@type\":\"ListItem\",\"position\":1,\"name\":\"Home\",\"item\":\"https:\/\/now-news.de\/de\/\"},{\"@type\":\"ListItem\",\"position\":2,\"name\":\"Nach Blutbad in Dschenin: Milit\u00e4reinsatz der israelischen Armee im Westjordanland beendet\"}]},{\"@type\":\"WebSite\",\"@id\":\"https:\/\/now-news.de\/de\/#website\",\"url\":\"https:\/\/now-news.de\/de\/\",\"name\":\"just-now.NEWS Deutschland\",\"description\":\"Das Portal f\u00fcr unzensierte Nachrichten aus der Welt\",\"publisher\":{\"@id\":\"https:\/\/now-news.de\/de\/#organization\"},\"potentialAction\":[{\"@type\":\"SearchAction\",\"target\":{\"@type\":\"EntryPoint\",\"urlTemplate\":\"https:\/\/now-news.de\/de\/?s={search_term_string}\"},\"query-input\":\"required name=search_term_string\"}],\"inLanguage\":\"de\"},{\"@type\":\"Organization\",\"@id\":\"https:\/\/now-news.de\/de\/#organization\",\"name\":\"Just Now News\",\"url\":\"https:\/\/now-news.de\/de\/\",\"logo\":{\"@type\":\"ImageObject\",\"inLanguage\":\"de\",\"@id\":\"https:\/\/now-news.de\/de\/#\/schema\/logo\/image\/\",\"url\":\"http:\/\/just-now.news\/de\/wp-content\/uploads\/sites\/3\/2022\/04\/logo500x500.jpg\",\"contentUrl\":\"http:\/\/just-now.news\/de\/wp-content\/uploads\/sites\/3\/2022\/04\/logo500x500.jpg\",\"width\":500,\"height\":500,\"caption\":\"Just Now News\"},\"image\":{\"@id\":\"https:\/\/now-news.de\/de\/#\/schema\/logo\/image\/\"},\"sameAs\":[\"https:\/\/www.facebook.com\/wirmachenauf\",\"https:\/\/x.com\/WirMachenAuf_de\"]},{\"@type\":\"Person\",\"@id\":\"https:\/\/now-news.de\/de\/#\/schema\/person\/fb534a4e865501d8b3285208df34a9b5\",\"name\":\"rtnews\",\"image\":{\"@type\":\"ImageObject\",\"inLanguage\":\"de\",\"@id\":\"https:\/\/now-news.de\/de\/#\/schema\/person\/image\/\",\"url\":\"https:\/\/secure.gravatar.com\/avatar\/82aafea7d8127119dd649515f56e2117?s=96&d=mm&r=g\",\"contentUrl\":\"https:\/\/secure.gravatar.com\/avatar\/82aafea7d8127119dd649515f56e2117?s=96&d=mm&r=g\",\"caption\":\"rtnews\"},\"url\":\"https:\/\/now-news.de\/de\/author\/rnews\/\"}]}<\/script>\n<!-- \/ Yoast SEO Premium plugin. -->","yoast_head_json":{"title":"Nach Blutbad in Dschenin: Milit\u00e4reinsatz der israelischen Armee im Westjordanland beendet - just-now.NEWS Deutschland","robots":{"index":"index","follow":"follow","max-snippet":"max-snippet:-1","max-image-preview":"max-image-preview:large","max-video-preview":"max-video-preview:-1"},"canonical":"https:\/\/now-news.de\/de\/deutschland\/nach-blutbad-in-dschenin-militaereinsatz-der-israelischen-armee-im-westjordanland-beendet\/","og_locale":"de_DE","og_type":"article","og_title":"Nach Blutbad in Dschenin: Milit\u00e4reinsatz der israelischen Armee im Westjordanland beendet","og_description":"Israels Soldaten lieferten sich zwei Tage heftige Gefechte mit den pal\u00e4stinensischen K\u00e4mpfern in Dschenin, die mindestens zehn Tote forderten. Tausende Bewohner des Fl\u00fcchtlingslagers flohen w\u00e4hrend der israelischen Aggression. Bilder zeigen inzwischen eine gro\u00dffl\u00e4chige Zerst\u00f6rung des Lagers Dschenin durch die Milit\u00e4raktion. Israels Milit\u00e4r hat seinen gr\u00f6\u00dften Einsatz im Westjordanland seit mehr als 20 Jahren beendet. Alle [&hellip;]","og_url":"https:\/\/now-news.de\/de\/deutschland\/nach-blutbad-in-dschenin-militaereinsatz-der-israelischen-armee-im-westjordanland-beendet\/","og_site_name":"just-now.NEWS Deutschland","article_publisher":"https:\/\/www.facebook.com\/wirmachenauf","article_published_time":"2023-07-06T13:49:39+00:00","og_image":[{"width":460,"height":259,"url":"https:\/\/now-news.de\/de\/wp-content\/uploads\/sites\/3\/2023\/07\/Nach-Blutbad-in-Dschenin-Militaereinsatz-der-israelischen-Armee-im-Westjordanland.jpg","type":"image\/jpeg"}],"author":"rtnews","twitter_card":"summary_large_image","twitter_creator":"@WirMachenAuf_de","twitter_site":"@WirMachenAuf_de","twitter_misc":{"Verfasst von":"rtnews","Gesch\u00e4tzte Lesezeit":"2\u00a0Minuten"},"schema":{"@context":"https:\/\/schema.org","@graph":[{"@type":"Article","@id":"https:\/\/now-news.de\/de\/deutschland\/nach-blutbad-in-dschenin-militaereinsatz-der-israelischen-armee-im-westjordanland-beendet\/#article","isPartOf":{"@id":"https:\/\/now-news.de\/de\/deutschland\/nach-blutbad-in-dschenin-militaereinsatz-der-israelischen-armee-im-westjordanland-beendet\/"},"author":{"name":"rtnews","@id":"https:\/\/now-news.de\/de\/#\/schema\/person\/fb534a4e865501d8b3285208df34a9b5"},"headline":"Nach Blutbad in Dschenin: Milit\u00e4reinsatz der israelischen Armee im Westjordanland beendet","datePublished":"2023-07-06T13:49:39+00:00","dateModified":"2023-07-06T13:49:39+00:00","mainEntityOfPage":{"@id":"https:\/\/now-news.de\/de\/deutschland\/nach-blutbad-in-dschenin-militaereinsatz-der-israelischen-armee-im-westjordanland-beendet\/"},"wordCount":457,"commentCount":0,"publisher":{"@id":"https:\/\/now-news.de\/de\/#organization"},"image":{"@id":"https:\/\/now-news.de\/de\/deutschland\/nach-blutbad-in-dschenin-militaereinsatz-der-israelischen-armee-im-westjordanland-beendet\/#primaryimage"},"thumbnailUrl":"https:\/\/now-news.de\/de\/wp-content\/uploads\/sites\/3\/2023\/07\/Nach-Blutbad-in-Dschenin-Militaereinsatz-der-israelischen-Armee-im-Westjordanland.jpg","keywords":["Armee","beendet","Blutbad","der","Dschenin","israelischen","Milit\u00e4reinsatz","nach","Westjordanland"],"articleSection":["Deutschland","Russland"],"inLanguage":"de","potentialAction":[{"@type":"CommentAction","name":"Comment","target":["https:\/\/now-news.de\/de\/deutschland\/nach-blutbad-in-dschenin-militaereinsatz-der-israelischen-armee-im-westjordanland-beendet\/#respond"]}]},{"@type":"WebPage","@id":"https:\/\/now-news.de\/de\/deutschland\/nach-blutbad-in-dschenin-militaereinsatz-der-israelischen-armee-im-westjordanland-beendet\/","url":"https:\/\/now-news.de\/de\/deutschland\/nach-blutbad-in-dschenin-militaereinsatz-der-israelischen-armee-im-westjordanland-beendet\/","name":"Nach Blutbad in Dschenin: Milit\u00e4reinsatz der israelischen Armee im Westjordanland beendet - just-now.NEWS Deutschland","isPartOf":{"@id":"https:\/\/now-news.de\/de\/#website"},"primaryImageOfPage":{"@id":"https:\/\/now-news.de\/de\/deutschland\/nach-blutbad-in-dschenin-militaereinsatz-der-israelischen-armee-im-westjordanland-beendet\/#primaryimage"},"image":{"@id":"https:\/\/now-news.de\/de\/deutschland\/nach-blutbad-in-dschenin-militaereinsatz-der-israelischen-armee-im-westjordanland-beendet\/#primaryimage"},"thumbnailUrl":"https:\/\/now-news.de\/de\/wp-content\/uploads\/sites\/3\/2023\/07\/Nach-Blutbad-in-Dschenin-Militaereinsatz-der-israelischen-Armee-im-Westjordanland.jpg","datePublished":"2023-07-06T13:49:39+00:00","dateModified":"2023-07-06T13:49:39+00:00","breadcrumb":{"@id":"https:\/\/now-news.de\/de\/deutschland\/nach-blutbad-in-dschenin-militaereinsatz-der-israelischen-armee-im-westjordanland-beendet\/#breadcrumb"},"inLanguage":"de","potentialAction":[{"@type":"ReadAction","target":["https:\/\/now-news.de\/de\/deutschland\/nach-blutbad-in-dschenin-militaereinsatz-der-israelischen-armee-im-westjordanland-beendet\/"]}]},{"@type":"ImageObject","inLanguage":"de","@id":"https:\/\/now-news.de\/de\/deutschland\/nach-blutbad-in-dschenin-militaereinsatz-der-israelischen-armee-im-westjordanland-beendet\/#primaryimage","url":"https:\/\/now-news.de\/de\/wp-content\/uploads\/sites\/3\/2023\/07\/Nach-Blutbad-in-Dschenin-Militaereinsatz-der-israelischen-Armee-im-Westjordanland.jpg","contentUrl":"https:\/\/now-news.de\/de\/wp-content\/uploads\/sites\/3\/2023\/07\/Nach-Blutbad-in-Dschenin-Militaereinsatz-der-israelischen-Armee-im-Westjordanland.jpg","width":460,"height":259,"caption":"Nach Blutbad in Dschenin: Milit\u00e4reinsatz der israelischen Armee im Westjordanland beendet"},{"@type":"BreadcrumbList","@id":"https:\/\/now-news.de\/de\/deutschland\/nach-blutbad-in-dschenin-militaereinsatz-der-israelischen-armee-im-westjordanland-beendet\/#breadcrumb","itemListElement":[{"@type":"ListItem","position":1,"name":"Home","item":"https:\/\/now-news.de\/de\/"},{"@type":"ListItem","position":2,"name":"Nach Blutbad in Dschenin: Milit\u00e4reinsatz der israelischen Armee im Westjordanland beendet"}]},{"@type":"WebSite","@id":"https:\/\/now-news.de\/de\/#website","url":"https:\/\/now-news.de\/de\/","name":"just-now.NEWS Deutschland","description":"Das Portal f\u00fcr unzensierte Nachrichten aus der Welt","publisher":{"@id":"https:\/\/now-news.de\/de\/#organization"},"potentialAction":[{"@type":"SearchAction","target":{"@type":"EntryPoint","urlTemplate":"https:\/\/now-news.de\/de\/?s={search_term_string}"},"query-input":"required name=search_term_string"}],"inLanguage":"de"},{"@type":"Organization","@id":"https:\/\/now-news.de\/de\/#organization","name":"Just Now News","url":"https:\/\/now-news.de\/de\/","logo":{"@type":"ImageObject","inLanguage":"de","@id":"https:\/\/now-news.de\/de\/#\/schema\/logo\/image\/","url":"http:\/\/just-now.news\/de\/wp-content\/uploads\/sites\/3\/2022\/04\/logo500x500.jpg","contentUrl":"http:\/\/just-now.news\/de\/wp-content\/uploads\/sites\/3\/2022\/04\/logo500x500.jpg","width":500,"height":500,"caption":"Just Now News"},"image":{"@id":"https:\/\/now-news.de\/de\/#\/schema\/logo\/image\/"},"sameAs":["https:\/\/www.facebook.com\/wirmachenauf","https:\/\/x.com\/WirMachenAuf_de"]},{"@type":"Person","@id":"https:\/\/now-news.de\/de\/#\/schema\/person\/fb534a4e865501d8b3285208df34a9b5","name":"rtnews","image":{"@type":"ImageObject","inLanguage":"de","@id":"https:\/\/now-news.de\/de\/#\/schema\/person\/image\/","url":"https:\/\/secure.gravatar.com\/avatar\/82aafea7d8127119dd649515f56e2117?s=96&d=mm&r=g","contentUrl":"https:\/\/secure.gravatar.com\/avatar\/82aafea7d8127119dd649515f56e2117?s=96&d=mm&r=g","caption":"rtnews"},"url":"https:\/\/now-news.de\/de\/author\/rnews\/"}]}},"_links":{"self":[{"href":"https:\/\/now-news.de\/de\/wp-json\/wp\/v2\/posts\/39613"}],"collection":[{"href":"https:\/\/now-news.de\/de\/wp-json\/wp\/v2\/posts"}],"about":[{"href":"https:\/\/now-news.de\/de\/wp-json\/wp\/v2\/types\/post"}],"author":[{"embeddable":true,"href":"https:\/\/now-news.de\/de\/wp-json\/wp\/v2\/users\/3"}],"replies":[{"embeddable":true,"href":"https:\/\/now-news.de\/de\/wp-json\/wp\/v2\/comments?post=39613"}],"version-history":[{"count":0,"href":"https:\/\/now-news.de\/de\/wp-json\/wp\/v2\/posts\/39613\/revisions"}],"wp:featuredmedia":[{"embeddable":true,"href":"https:\/\/now-news.de\/de\/wp-json\/wp\/v2\/media\/39614"}],"wp:attachment":[{"href":"https:\/\/now-news.de\/de\/wp-json\/wp\/v2\/media?parent=39613"}],"wp:term":[{"taxonomy":"category","embeddable":true,"href":"https:\/\/now-news.de\/de\/wp-json\/wp\/v2\/categories?post=39613"},{"taxonomy":"post_tag","embeddable":true,"href":"https:\/\/now-news.de\/de\/wp-json\/wp\/v2\/tags?post=39613"}],"curies":[{"name":"wp","href":"https:\/\/api.w.org\/{rel}","templated":true}]}}