{"id":39607,"date":"2023-07-06T21:33:05","date_gmt":"2023-07-06T19:33:05","guid":{"rendered":"https:\/\/just-now.news\/de\/deutschland\/russland-und-syrien-starten-gemeinsame-militaeruebung\/"},"modified":"2023-07-06T21:33:05","modified_gmt":"2023-07-06T19:33:05","slug":"russland-und-syrien-starten-gemeinsame-militaeruebung","status":"publish","type":"post","link":"https:\/\/now-news.de\/de\/deutschland\/russland-und-syrien-starten-gemeinsame-militaeruebung\/","title":{"rendered":"Russland und Syrien starten gemeinsame Milit\u00e4r\u00fcbung"},"content":{"rendered":"<p><img decoding=\"async\" src=\"http:\/\/just-now.news\/de\/wp-content\/uploads\/sites\/3\/2023\/07\/64a6d408b480cc7341599380.jpg\" \/><\/p>\n<div class=\"Text-root Text-type_1 \">\n                Die Russische und die syrische Luftwaffe haben eine gemeinsame \u00dcbung begonnen. Au\u00dferdem sind die Einheiten der elektronischen Kampff\u00fchrung daran beteiligt. Das Ziel ist die Kontrolle des syrischen Luftraums sowie die \u00dcberpr\u00fcfung der Effizienz der russischen Luftabwehr in dem Land.\n            <\/div>\n<p><\/p>\n<div class=\"Text-root Text-type_5 ArticleView-text ViewText-root \">\n<p>Die russische Luftwaffe hat eine gemeinsame \u00dcbung mit der syrischen Luftwaffe gestartet, teilte das Verteidigungsministerium in Moskau am Donnerstag mit. Ziel der Trainings ist unter anderem der Kontrolle des syrischen Luftraums. Au\u00dferdem wird die Effizienz der russischen Luftabwehr in dem Land im Nahen Osten gepr\u00fcft, hie\u00df es in einer kurzen Erkl\u00e4rung des russischen Milit\u00e4rs.<\/p>\n<p>An der \u00dcbung sind auch Einheiten der elektronischen Kampff\u00fchrung beteiligt, die sich auf gemeinsame Aktionen zur Abwehr feindlicher Luftangriffe vorbereiten, hie\u00df es weiter. Die \u00dcbung soll bis Mitte des Monats andauern.\u00a0Das Verteidigungsministerium Russlands ver\u00f6ffentlichte auch ein entsprechendes\u00a0<a rel=\"nofollow noopener\" target=\"_blank\" href=\"https:\/\/t.me\/mod_russia\/28123\">Video<\/a>. \u00a0<\/p>\n<p>Russische Milit\u00e4rflugzeuge sind seit dem Jahr 2015 in Syrien stationiert, als Moskau einem Ersuchen von Damaskus um Unterst\u00fctzung im Kampf gegen regierungsfeindliche bewaffnete Gruppen, einschlie\u00dflich militanter Dschihadisten, nachkam. Infolgedessen konnte die syrische Armee die Kontrolle \u00fcber weite Teile des Landes zur\u00fcckgewinnen.<\/p>\n<p>Im darauffolgenden Jahr ver\u00f6ffentlichte Moskau den Text eines Abkommens f\u00fcr die langfristige Unterbringung russischer Streitkr\u00e4fte auf dem Luftwaffenst\u00fctzpunkt Khmeimim. Die Vereinbarung ist unbefristet, bis eine der Parteien beschlie\u00dft, sie zu k\u00fcndigen.<\/p>\n<p>Die US-Regierung unterst\u00fctzt seit den ersten Wochen des im Jahr 2011 ausgebrochenen Syrienkonflikts die gegen Damaskus gerichteten Kr\u00e4fte. Washington verh\u00e4ngte harte Wirtschaftssanktionen gegen das Land, die dessen Wiederaufbau behindern, und unterh\u00e4lt gegen den Willen seiner Regierung eine Milit\u00e4rbasis auf syrischem Boden.<\/p>\n<p><strong>Mehr zum Thema<\/strong> \u2013 <a rel=\"nofollow noopener\" target=\"_blank\" href=\"https:\/\/pressefreiheit.rtde.live\/der-nahe-osten\/170533-assads-grundsatzrede-auf-gipfeltreffen-plaedoyer\/\">Assads Grundsatzrede auf Gipfeltreffen: Pl\u00e4doyer f\u00fcr multipolare Welt und Zeitenwende in Nahost<\/a><\/p>\n<div class=\"EmbedBlock-root EmbedBlock-externalVideo EmbedBlock-odysee\">\n<div class=\"VkEmbed\"><iframe class=\"lazyload\" data-src=\"https:\/\/odysee.com\/%24\/embed\/%40RTDE%3Ae%2Fhistorischer-moment-assad-h%C3%A4lt-revolution%C3%A4re-anti-westliche-rede-vor-der-arabischen-liga%3A0\" frameborder=\"0\" width=\"853\" height=\"480\" allowfullscreen><\/iframe><\/div>\n<\/div>\n<\/div>\n<p><br \/>\n<br \/><a href=\"https:\/\/de.rt.com\/international\/174572-russland-und-syrien-starten-gemeinsame\/\">Source link <\/a><\/p>\n","protected":false},"excerpt":{"rendered":"<p>Die Russische und die syrische Luftwaffe haben eine gemeinsame \u00dcbung begonnen. Au\u00dferdem sind die Einheiten der elektronischen Kampff\u00fchrung daran beteiligt. Das Ziel ist die Kontrolle des syrischen Luftraums sowie die \u00dcberpr\u00fcfung der Effizienz der russischen Luftabwehr in dem Land. Die russische Luftwaffe hat eine gemeinsame \u00dcbung mit der syrischen Luftwaffe gestartet, teilte das Verteidigungsministerium in [&hellip;]<\/p>\n","protected":false},"author":3,"featured_media":39608,"comment_status":"open","ping_status":"open","sticky":false,"template":"","format":"standard","meta":{"_yoast_indexnow_last_ping":["1688672753"],"wp_automatic_camp":["217"],"1abc91b3b44affaad9bf7e374cbc2792":["Russland und Syrien starten gemeinsame Milit\u00e4r\u00fcbung"],"original_link":["https:\/\/de.rt.com\/international\/174572-russland-und-syrien-starten-gemeinsame\/"],"_thumbnail_id":["39608"],"_wptgpro_p2tg_sent2tg":["a:1:{i:23737;s:19:\"2023-07-06 21:46:57\";}"],"jnews_social_counter_last_update":["1777454203"]},"categories":[19,23],"tags":[21722,13655,126,20845,783,140],"yoast_head":"<!-- This site is optimized with the Yoast SEO Premium plugin v22.7 (Yoast SEO v22.7) - https:\/\/yoast.com\/wordpress\/plugins\/seo\/ -->\n<title>Russland und Syrien starten gemeinsame Milit\u00e4r\u00fcbung - just-now.NEWS Deutschland<\/title>\n<meta name=\"robots\" content=\"index, follow, max-snippet:-1, max-image-preview:large, max-video-preview:-1\" \/>\n<link rel=\"canonical\" href=\"https:\/\/now-news.de\/de\/deutschland\/russland-und-syrien-starten-gemeinsame-militaeruebung\/\" \/>\n<meta property=\"og:locale\" content=\"de_DE\" \/>\n<meta property=\"og:type\" content=\"article\" \/>\n<meta property=\"og:title\" content=\"Russland und Syrien starten gemeinsame Milit\u00e4r\u00fcbung\" \/>\n<meta property=\"og:description\" content=\"Die Russische und die syrische Luftwaffe haben eine gemeinsame \u00dcbung begonnen. Au\u00dferdem sind die Einheiten der elektronischen Kampff\u00fchrung daran beteiligt. Das Ziel ist die Kontrolle des syrischen Luftraums sowie die \u00dcberpr\u00fcfung der Effizienz der russischen Luftabwehr in dem Land. Die russische Luftwaffe hat eine gemeinsame \u00dcbung mit der syrischen Luftwaffe gestartet, teilte das Verteidigungsministerium in [&hellip;]\" \/>\n<meta property=\"og:url\" content=\"https:\/\/now-news.de\/de\/deutschland\/russland-und-syrien-starten-gemeinsame-militaeruebung\/\" \/>\n<meta property=\"og:site_name\" content=\"just-now.NEWS Deutschland\" \/>\n<meta property=\"article:publisher\" content=\"https:\/\/www.facebook.com\/wirmachenauf\" \/>\n<meta property=\"article:published_time\" content=\"2023-07-06T19:33:05+00:00\" \/>\n<meta property=\"og:image\" content=\"https:\/\/now-news.de\/de\/wp-content\/uploads\/sites\/3\/2023\/07\/Russland-und-Syrien-starten-gemeinsame-Militaeruebung.jpg\" \/>\n\t<meta property=\"og:image:width\" content=\"460\" \/>\n\t<meta property=\"og:image:height\" content=\"259\" \/>\n\t<meta property=\"og:image:type\" content=\"image\/jpeg\" \/>\n<meta name=\"author\" content=\"rtnews\" \/>\n<meta name=\"twitter:card\" content=\"summary_large_image\" \/>\n<meta name=\"twitter:creator\" content=\"@WirMachenAuf_de\" \/>\n<meta name=\"twitter:site\" content=\"@WirMachenAuf_de\" \/>\n<meta name=\"twitter:label1\" content=\"Verfasst von\" \/>\n\t<meta name=\"twitter:data1\" content=\"rtnews\" \/>\n\t<meta name=\"twitter:label2\" content=\"Gesch\u00e4tzte Lesezeit\" \/>\n\t<meta name=\"twitter:data2\" content=\"1\u00a0Minute\" \/>\n<script type=\"application\/ld+json\" class=\"yoast-schema-graph\">{\"@context\":\"https:\/\/schema.org\",\"@graph\":[{\"@type\":\"Article\",\"@id\":\"https:\/\/now-news.de\/de\/deutschland\/russland-und-syrien-starten-gemeinsame-militaeruebung\/#article\",\"isPartOf\":{\"@id\":\"https:\/\/now-news.de\/de\/deutschland\/russland-und-syrien-starten-gemeinsame-militaeruebung\/\"},\"author\":{\"name\":\"rtnews\",\"@id\":\"https:\/\/now-news.de\/de\/#\/schema\/person\/fb534a4e865501d8b3285208df34a9b5\"},\"headline\":\"Russland und Syrien starten gemeinsame Milit\u00e4r\u00fcbung\",\"datePublished\":\"2023-07-06T19:33:05+00:00\",\"dateModified\":\"2023-07-06T19:33:05+00:00\",\"mainEntityOfPage\":{\"@id\":\"https:\/\/now-news.de\/de\/deutschland\/russland-und-syrien-starten-gemeinsame-militaeruebung\/\"},\"wordCount\":295,\"commentCount\":0,\"publisher\":{\"@id\":\"https:\/\/now-news.de\/de\/#organization\"},\"image\":{\"@id\":\"https:\/\/now-news.de\/de\/deutschland\/russland-und-syrien-starten-gemeinsame-militaeruebung\/#primaryimage\"},\"thumbnailUrl\":\"https:\/\/now-news.de\/de\/wp-content\/uploads\/sites\/3\/2023\/07\/Russland-und-Syrien-starten-gemeinsame-Militaeruebung.jpg\",\"keywords\":[\"gemeinsame\",\"Milit\u00e4r\u00fcbung\",\"russland\",\"starten\",\"Syrien\",\"und\"],\"articleSection\":[\"Deutschland\",\"Russland\"],\"inLanguage\":\"de\",\"potentialAction\":[{\"@type\":\"CommentAction\",\"name\":\"Comment\",\"target\":[\"https:\/\/now-news.de\/de\/deutschland\/russland-und-syrien-starten-gemeinsame-militaeruebung\/#respond\"]}]},{\"@type\":\"WebPage\",\"@id\":\"https:\/\/now-news.de\/de\/deutschland\/russland-und-syrien-starten-gemeinsame-militaeruebung\/\",\"url\":\"https:\/\/now-news.de\/de\/deutschland\/russland-und-syrien-starten-gemeinsame-militaeruebung\/\",\"name\":\"Russland und Syrien starten gemeinsame Milit\u00e4r\u00fcbung - just-now.NEWS Deutschland\",\"isPartOf\":{\"@id\":\"https:\/\/now-news.de\/de\/#website\"},\"primaryImageOfPage\":{\"@id\":\"https:\/\/now-news.de\/de\/deutschland\/russland-und-syrien-starten-gemeinsame-militaeruebung\/#primaryimage\"},\"image\":{\"@id\":\"https:\/\/now-news.de\/de\/deutschland\/russland-und-syrien-starten-gemeinsame-militaeruebung\/#primaryimage\"},\"thumbnailUrl\":\"https:\/\/now-news.de\/de\/wp-content\/uploads\/sites\/3\/2023\/07\/Russland-und-Syrien-starten-gemeinsame-Militaeruebung.jpg\",\"datePublished\":\"2023-07-06T19:33:05+00:00\",\"dateModified\":\"2023-07-06T19:33:05+00:00\",\"breadcrumb\":{\"@id\":\"https:\/\/now-news.de\/de\/deutschland\/russland-und-syrien-starten-gemeinsame-militaeruebung\/#breadcrumb\"},\"inLanguage\":\"de\",\"potentialAction\":[{\"@type\":\"ReadAction\",\"target\":[\"https:\/\/now-news.de\/de\/deutschland\/russland-und-syrien-starten-gemeinsame-militaeruebung\/\"]}]},{\"@type\":\"ImageObject\",\"inLanguage\":\"de\",\"@id\":\"https:\/\/now-news.de\/de\/deutschland\/russland-und-syrien-starten-gemeinsame-militaeruebung\/#primaryimage\",\"url\":\"https:\/\/now-news.de\/de\/wp-content\/uploads\/sites\/3\/2023\/07\/Russland-und-Syrien-starten-gemeinsame-Militaeruebung.jpg\",\"contentUrl\":\"https:\/\/now-news.de\/de\/wp-content\/uploads\/sites\/3\/2023\/07\/Russland-und-Syrien-starten-gemeinsame-Militaeruebung.jpg\",\"width\":460,\"height\":259,\"caption\":\"Russland und Syrien starten gemeinsame Milit\u00e4r\u00fcbung\"},{\"@type\":\"BreadcrumbList\",\"@id\":\"https:\/\/now-news.de\/de\/deutschland\/russland-und-syrien-starten-gemeinsame-militaeruebung\/#breadcrumb\",\"itemListElement\":[{\"@type\":\"ListItem\",\"position\":1,\"name\":\"Home\",\"item\":\"https:\/\/now-news.de\/de\/\"},{\"@type\":\"ListItem\",\"position\":2,\"name\":\"Russland und Syrien starten gemeinsame Milit\u00e4r\u00fcbung\"}]},{\"@type\":\"WebSite\",\"@id\":\"https:\/\/now-news.de\/de\/#website\",\"url\":\"https:\/\/now-news.de\/de\/\",\"name\":\"just-now.NEWS Deutschland\",\"description\":\"Das Portal f\u00fcr unzensierte Nachrichten aus der Welt\",\"publisher\":{\"@id\":\"https:\/\/now-news.de\/de\/#organization\"},\"potentialAction\":[{\"@type\":\"SearchAction\",\"target\":{\"@type\":\"EntryPoint\",\"urlTemplate\":\"https:\/\/now-news.de\/de\/?s={search_term_string}\"},\"query-input\":\"required name=search_term_string\"}],\"inLanguage\":\"de\"},{\"@type\":\"Organization\",\"@id\":\"https:\/\/now-news.de\/de\/#organization\",\"name\":\"Just Now News\",\"url\":\"https:\/\/now-news.de\/de\/\",\"logo\":{\"@type\":\"ImageObject\",\"inLanguage\":\"de\",\"@id\":\"https:\/\/now-news.de\/de\/#\/schema\/logo\/image\/\",\"url\":\"http:\/\/just-now.news\/de\/wp-content\/uploads\/sites\/3\/2022\/04\/logo500x500.jpg\",\"contentUrl\":\"http:\/\/just-now.news\/de\/wp-content\/uploads\/sites\/3\/2022\/04\/logo500x500.jpg\",\"width\":500,\"height\":500,\"caption\":\"Just Now News\"},\"image\":{\"@id\":\"https:\/\/now-news.de\/de\/#\/schema\/logo\/image\/\"},\"sameAs\":[\"https:\/\/www.facebook.com\/wirmachenauf\",\"https:\/\/x.com\/WirMachenAuf_de\"]},{\"@type\":\"Person\",\"@id\":\"https:\/\/now-news.de\/de\/#\/schema\/person\/fb534a4e865501d8b3285208df34a9b5\",\"name\":\"rtnews\",\"image\":{\"@type\":\"ImageObject\",\"inLanguage\":\"de\",\"@id\":\"https:\/\/now-news.de\/de\/#\/schema\/person\/image\/\",\"url\":\"https:\/\/secure.gravatar.com\/avatar\/82aafea7d8127119dd649515f56e2117?s=96&d=mm&r=g\",\"contentUrl\":\"https:\/\/secure.gravatar.com\/avatar\/82aafea7d8127119dd649515f56e2117?s=96&d=mm&r=g\",\"caption\":\"rtnews\"},\"url\":\"https:\/\/now-news.de\/de\/author\/rnews\/\"}]}<\/script>\n<!-- \/ Yoast SEO Premium plugin. -->","yoast_head_json":{"title":"Russland und Syrien starten gemeinsame Milit\u00e4r\u00fcbung - just-now.NEWS Deutschland","robots":{"index":"index","follow":"follow","max-snippet":"max-snippet:-1","max-image-preview":"max-image-preview:large","max-video-preview":"max-video-preview:-1"},"canonical":"https:\/\/now-news.de\/de\/deutschland\/russland-und-syrien-starten-gemeinsame-militaeruebung\/","og_locale":"de_DE","og_type":"article","og_title":"Russland und Syrien starten gemeinsame Milit\u00e4r\u00fcbung","og_description":"Die Russische und die syrische Luftwaffe haben eine gemeinsame \u00dcbung begonnen. Au\u00dferdem sind die Einheiten der elektronischen Kampff\u00fchrung daran beteiligt. Das Ziel ist die Kontrolle des syrischen Luftraums sowie die \u00dcberpr\u00fcfung der Effizienz der russischen Luftabwehr in dem Land. Die russische Luftwaffe hat eine gemeinsame \u00dcbung mit der syrischen Luftwaffe gestartet, teilte das Verteidigungsministerium in [&hellip;]","og_url":"https:\/\/now-news.de\/de\/deutschland\/russland-und-syrien-starten-gemeinsame-militaeruebung\/","og_site_name":"just-now.NEWS Deutschland","article_publisher":"https:\/\/www.facebook.com\/wirmachenauf","article_published_time":"2023-07-06T19:33:05+00:00","og_image":[{"width":460,"height":259,"url":"https:\/\/now-news.de\/de\/wp-content\/uploads\/sites\/3\/2023\/07\/Russland-und-Syrien-starten-gemeinsame-Militaeruebung.jpg","type":"image\/jpeg"}],"author":"rtnews","twitter_card":"summary_large_image","twitter_creator":"@WirMachenAuf_de","twitter_site":"@WirMachenAuf_de","twitter_misc":{"Verfasst von":"rtnews","Gesch\u00e4tzte Lesezeit":"1\u00a0Minute"},"schema":{"@context":"https:\/\/schema.org","@graph":[{"@type":"Article","@id":"https:\/\/now-news.de\/de\/deutschland\/russland-und-syrien-starten-gemeinsame-militaeruebung\/#article","isPartOf":{"@id":"https:\/\/now-news.de\/de\/deutschland\/russland-und-syrien-starten-gemeinsame-militaeruebung\/"},"author":{"name":"rtnews","@id":"https:\/\/now-news.de\/de\/#\/schema\/person\/fb534a4e865501d8b3285208df34a9b5"},"headline":"Russland und Syrien starten gemeinsame Milit\u00e4r\u00fcbung","datePublished":"2023-07-06T19:33:05+00:00","dateModified":"2023-07-06T19:33:05+00:00","mainEntityOfPage":{"@id":"https:\/\/now-news.de\/de\/deutschland\/russland-und-syrien-starten-gemeinsame-militaeruebung\/"},"wordCount":295,"commentCount":0,"publisher":{"@id":"https:\/\/now-news.de\/de\/#organization"},"image":{"@id":"https:\/\/now-news.de\/de\/deutschland\/russland-und-syrien-starten-gemeinsame-militaeruebung\/#primaryimage"},"thumbnailUrl":"https:\/\/now-news.de\/de\/wp-content\/uploads\/sites\/3\/2023\/07\/Russland-und-Syrien-starten-gemeinsame-Militaeruebung.jpg","keywords":["gemeinsame","Milit\u00e4r\u00fcbung","russland","starten","Syrien","und"],"articleSection":["Deutschland","Russland"],"inLanguage":"de","potentialAction":[{"@type":"CommentAction","name":"Comment","target":["https:\/\/now-news.de\/de\/deutschland\/russland-und-syrien-starten-gemeinsame-militaeruebung\/#respond"]}]},{"@type":"WebPage","@id":"https:\/\/now-news.de\/de\/deutschland\/russland-und-syrien-starten-gemeinsame-militaeruebung\/","url":"https:\/\/now-news.de\/de\/deutschland\/russland-und-syrien-starten-gemeinsame-militaeruebung\/","name":"Russland und Syrien starten gemeinsame Milit\u00e4r\u00fcbung - just-now.NEWS Deutschland","isPartOf":{"@id":"https:\/\/now-news.de\/de\/#website"},"primaryImageOfPage":{"@id":"https:\/\/now-news.de\/de\/deutschland\/russland-und-syrien-starten-gemeinsame-militaeruebung\/#primaryimage"},"image":{"@id":"https:\/\/now-news.de\/de\/deutschland\/russland-und-syrien-starten-gemeinsame-militaeruebung\/#primaryimage"},"thumbnailUrl":"https:\/\/now-news.de\/de\/wp-content\/uploads\/sites\/3\/2023\/07\/Russland-und-Syrien-starten-gemeinsame-Militaeruebung.jpg","datePublished":"2023-07-06T19:33:05+00:00","dateModified":"2023-07-06T19:33:05+00:00","breadcrumb":{"@id":"https:\/\/now-news.de\/de\/deutschland\/russland-und-syrien-starten-gemeinsame-militaeruebung\/#breadcrumb"},"inLanguage":"de","potentialAction":[{"@type":"ReadAction","target":["https:\/\/now-news.de\/de\/deutschland\/russland-und-syrien-starten-gemeinsame-militaeruebung\/"]}]},{"@type":"ImageObject","inLanguage":"de","@id":"https:\/\/now-news.de\/de\/deutschland\/russland-und-syrien-starten-gemeinsame-militaeruebung\/#primaryimage","url":"https:\/\/now-news.de\/de\/wp-content\/uploads\/sites\/3\/2023\/07\/Russland-und-Syrien-starten-gemeinsame-Militaeruebung.jpg","contentUrl":"https:\/\/now-news.de\/de\/wp-content\/uploads\/sites\/3\/2023\/07\/Russland-und-Syrien-starten-gemeinsame-Militaeruebung.jpg","width":460,"height":259,"caption":"Russland und Syrien starten gemeinsame Milit\u00e4r\u00fcbung"},{"@type":"BreadcrumbList","@id":"https:\/\/now-news.de\/de\/deutschland\/russland-und-syrien-starten-gemeinsame-militaeruebung\/#breadcrumb","itemListElement":[{"@type":"ListItem","position":1,"name":"Home","item":"https:\/\/now-news.de\/de\/"},{"@type":"ListItem","position":2,"name":"Russland und Syrien starten gemeinsame Milit\u00e4r\u00fcbung"}]},{"@type":"WebSite","@id":"https:\/\/now-news.de\/de\/#website","url":"https:\/\/now-news.de\/de\/","name":"just-now.NEWS Deutschland","description":"Das Portal f\u00fcr unzensierte Nachrichten aus der Welt","publisher":{"@id":"https:\/\/now-news.de\/de\/#organization"},"potentialAction":[{"@type":"SearchAction","target":{"@type":"EntryPoint","urlTemplate":"https:\/\/now-news.de\/de\/?s={search_term_string}"},"query-input":"required name=search_term_string"}],"inLanguage":"de"},{"@type":"Organization","@id":"https:\/\/now-news.de\/de\/#organization","name":"Just Now News","url":"https:\/\/now-news.de\/de\/","logo":{"@type":"ImageObject","inLanguage":"de","@id":"https:\/\/now-news.de\/de\/#\/schema\/logo\/image\/","url":"http:\/\/just-now.news\/de\/wp-content\/uploads\/sites\/3\/2022\/04\/logo500x500.jpg","contentUrl":"http:\/\/just-now.news\/de\/wp-content\/uploads\/sites\/3\/2022\/04\/logo500x500.jpg","width":500,"height":500,"caption":"Just Now News"},"image":{"@id":"https:\/\/now-news.de\/de\/#\/schema\/logo\/image\/"},"sameAs":["https:\/\/www.facebook.com\/wirmachenauf","https:\/\/x.com\/WirMachenAuf_de"]},{"@type":"Person","@id":"https:\/\/now-news.de\/de\/#\/schema\/person\/fb534a4e865501d8b3285208df34a9b5","name":"rtnews","image":{"@type":"ImageObject","inLanguage":"de","@id":"https:\/\/now-news.de\/de\/#\/schema\/person\/image\/","url":"https:\/\/secure.gravatar.com\/avatar\/82aafea7d8127119dd649515f56e2117?s=96&d=mm&r=g","contentUrl":"https:\/\/secure.gravatar.com\/avatar\/82aafea7d8127119dd649515f56e2117?s=96&d=mm&r=g","caption":"rtnews"},"url":"https:\/\/now-news.de\/de\/author\/rnews\/"}]}},"_links":{"self":[{"href":"https:\/\/now-news.de\/de\/wp-json\/wp\/v2\/posts\/39607"}],"collection":[{"href":"https:\/\/now-news.de\/de\/wp-json\/wp\/v2\/posts"}],"about":[{"href":"https:\/\/now-news.de\/de\/wp-json\/wp\/v2\/types\/post"}],"author":[{"embeddable":true,"href":"https:\/\/now-news.de\/de\/wp-json\/wp\/v2\/users\/3"}],"replies":[{"embeddable":true,"href":"https:\/\/now-news.de\/de\/wp-json\/wp\/v2\/comments?post=39607"}],"version-history":[{"count":0,"href":"https:\/\/now-news.de\/de\/wp-json\/wp\/v2\/posts\/39607\/revisions"}],"wp:featuredmedia":[{"embeddable":true,"href":"https:\/\/now-news.de\/de\/wp-json\/wp\/v2\/media\/39608"}],"wp:attachment":[{"href":"https:\/\/now-news.de\/de\/wp-json\/wp\/v2\/media?parent=39607"}],"wp:term":[{"taxonomy":"category","embeddable":true,"href":"https:\/\/now-news.de\/de\/wp-json\/wp\/v2\/categories?post=39607"},{"taxonomy":"post_tag","embeddable":true,"href":"https:\/\/now-news.de\/de\/wp-json\/wp\/v2\/tags?post=39607"}],"curies":[{"name":"wp","href":"https:\/\/api.w.org\/{rel}","templated":true}]}}