{"id":3959,"date":"2022-04-27T08:05:32","date_gmt":"2022-04-27T06:05:32","guid":{"rendered":"http:\/\/just-now.news\/de\/deutschland\/pattsituation-bei-wiener-gespraechen-stellen-sich-iran-und-israel-auf-das-scheitern-ein\/"},"modified":"2022-04-27T08:05:32","modified_gmt":"2022-04-27T06:05:32","slug":"pattsituation-bei-wiener-gespraechen-stellen-sich-iran-und-israel-auf-das-scheitern-ein","status":"publish","type":"post","link":"https:\/\/now-news.de\/de\/deutschland\/pattsituation-bei-wiener-gespraechen-stellen-sich-iran-und-israel-auf-das-scheitern-ein\/","title":{"rendered":"Pattsituation bei Wiener Gespr\u00e4chen: Stellen sich Iran und Israel auf das Scheitern ein?"},"content":{"rendered":"<div class=\"Text-root Text-type_5 ArticleView-text ViewText-root \">\n<p>Der Nationale Sicherheitsberater der USA Jake Sullivan traf sich am Montag mit seinem israelischen Kollegen Eyal Hulata, &#8220;um eine Reihe regionaler und globaler Sicherheitsfragen zu er\u00f6rtern&#8221;, teilte das Wei\u00dfe Haus in einer Erkl\u00e4rung mit. Sullivan betonte, dass die\u00a0USA auf Israels Besorgnis \u00fcber &#8220;Bedrohungen seiner Sicherheit&#8221; eingestellt seien, darunter in erster Linie hinsichtlich jener &#8220;Bedrohungen&#8221;, die von Iran sowie von durch Teheran unterst\u00fctzten Stellvertretern in der Region ausgingen.<\/p>\n<div class=\"ReadMore-root Section-root Section-is1to3-xs_is1to1\" data-widgets=\"ReadMore\" data-has-alias>\n<div class=\"Section-container Section-isRow-isTop-isWrap\">\n<article class=\"Card-root Card-is1to1 \">\n<div class=\"Card-imageWrap\">\n<div class=\"Card-picture\">\n<picture class=\"Picture-root Picture-default\"><!--[if IE 9]><video style=\"display: none;\"><![endif]--><source media=\"(-webkit-min-device-pixel-ratio: 2) and (min-resolution: 120dpi)\" data-srcset=\" \nhttps:\/\/cdni.russiatoday.com\/deutsch\/images\/2022.04\/thumbnail\/6251452e48fbef6aae6db855.jpg 850w,\n                https:\/\/cdni.russiatoday.com\/deutsch\/images\/2022.04\/article\/6251452e48fbef6aae6db855.jpg 1960w,\n            \" srcset=\"data:image\/png;base64,iVBORw0KGgoAAAANSUhEUgAAABAAAAAJCAQAAACRI2S5AAAAEElEQVR42mNkIAAYRxWAAQAG9gAKqv6+AwAAAABJRU5ErkJggg==\"><source data-srcset=\" \nhttps:\/\/cdni.russiatoday.com\/deutsch\/images\/2022.04\/thumbnail\/6251452e48fbef6aae6db855.jpg 460w,\n              https:\/\/cdni.russiatoday.com\/deutsch\/images\/2022.04\/article\/6251452e48fbef6aae6db855.jpg 980w,\n            \" srcset=\"data:image\/png;base64,iVBORw0KGgoAAAANSUhEUgAAABAAAAAJCAQAAACRI2S5AAAAEElEQVR42mNkIAAYRxWAAQAG9gAKqv6+AwAAAABJRU5ErkJggg==\"><!--[if IE 9]><\/video><![endif]--><\/source><\/source><\/picture><!-- noscript pattern --><noscript><img decoding=\"async\" src=\"https:\/\/cdni.russiatoday.com\/deutsch\/images\/2022.04\/article\/6251452e48fbef6aae6db855.jpg\" alt=\"Atomverhandlungen: Eliteeinheit der iranischen Revolutionsgarde soll auf Terrorliste der USA bleiben\"><\/noscript>    <\/div><\/div>\n<div class=\"Card-contentWrap\">\n<div class=\"Card-content\">\n<div class=\"Card-title\">\n<div class=\"HeaderNews-root HeaderNews-type_6 \">\n<p>            <a target=\"_blank\" href=\"https:\/\/de.rt.com\/international\/135822-atomverhandlungen-eliteeinheit-iranischen-revolutionsgarde-soll\/\" class=\"Link-root Link-isFullCard \" rel=\"noopener\"><br \/>\n                Atomverhandlungen: Eliteeinheit der iranischen Revolutionsgarde soll auf Terrorliste der USA bleiben<br \/>\n            <\/a><\/p><\/div><\/div><\/div><\/div>\n<\/article>\n<\/div><\/div>\n<p>Das Treffen zwischen den beiden Politikern folgte auf ein Telefongespr\u00e4ch zwischen dem US-Pr\u00e4sidenten Joe Biden und dem israelischen Premierminister Naftali Bennett Anfang dieser Woche. Bennett habe mit Biden die Forderung Irans er\u00f6rtert, die Iranische Revolutionsgarde (IRGC) von\u00a0der Terrorliste der US-Regierung zu streichen, teilte das B\u00fcro des Premierministers mit. &#8220;Ich bin sicher, dass Pr\u00e4sident Biden, der ein wahrer Freund Israels ist und sich um seine Sicherheit sorgt, nicht zulassen wird, dass das IRGC von der Liste der terroristischen Organisationen entfernt wird&#8221;, sagte Bennett in einer Erkl\u00e4rung.<\/p>\n<p>Israelische Beamte sollen in Washington inzwischen gesagt haben, dass die Chancen f\u00fcr die Wiederbelebung des Atomdeals von 2015 durch die Weltm\u00e4chte stark gesunken seien. Laut\u00a0israelischen <a target=\"_blank\" href=\"https:\/\/www.timesofisrael.com\/us-close-to-admitting-failure-of-iran-nuclear-talks-israeli-officials-claim\/\" rel=\"noopener noreferrer\">Medien<\/a> am Dienstag seien die Vertreter der US-Regierung n\u00e4her denn je daran, eine Niederlage in Bezug auf die\u00a0Rettung des Atomdeals\u00a0mit Iran einzugestehen.\u00a0Laut einem <em><a target=\"_blank\" href=\"https:\/\/www.axios.com\/us-israel-iran-stalemate-nuclear-b271552c-9d7b-49b2-bdfa-2d1bd982f916.html\" rel=\"noopener noreferrer\">Axios<\/a><\/em>-Bericht vom Montag hat die Biden-Administration vor Kurzem damit begonnen, &#8220;ein Szenarium zu diskutieren&#8221;, in dem dieser Deal nicht wiederbelebt wird.<\/p>\n<p>Iran fordert bei der angestrebten Einigung \u00fcber einen m\u00f6glichen neuen Atomdeal vom US-Pr\u00e4sidenten Biden, die Entscheidung Donald Trumps r\u00fcckg\u00e4ngig zu machen, wodurch die Iranische Revolutionsgarde im Jahr 2019 als ausl\u00e4ndische Terrororganisation eingestuft wurde.\u00a0Die\u00a0USA\u00a0wollen dagegen die Eliteeinheit der Iranischen Revolutionsgarde auch nach einer m\u00f6glichen Wiederbelebung des Atomabkommens mit\u00a0Iran weiterhin als &#8220;terroristische\u00a0Organisation&#8221; einstufen. Iran soll laut iranischen Medien zudem die Angebote der USA abgelehnt haben, die Sanktionen im Gegenzug f\u00fcr einen Verzicht auf Rache f\u00fcr die Ermordung von General Soleimani aufzuheben.\u00a0Das iranische Au\u00dfenministerium <a target=\"_blank\" href=\"https:\/\/english.alarabiya.net\/News\/middle-east\/2022\/04\/18\/Iran-says-avenging-Qassem-Soleimani-is-basic-definite-principle-of-its-policies\" rel=\"noopener noreferrer\">erkl\u00e4rte<\/a> letzte Woche, dass die Suche nach Rache f\u00fcr die Ermordung vom Soleimani durch die USA ein &#8220;grundlegendes und definitives Prinzip&#8221; der Au\u00dfenpolitik\u00a0Irans\u00a0sei.<\/p>\n<p>Mittlerweile geht Iran auch in die Offensive. Der Marinekommandeur der Iranischen Revolutionsgarde, Konteradmiral Alireza Tangsiri,<a target=\"_blank\" href=\"https:\/\/www.tasnimnews.com\/fa\/news\/1401\/02\/04\/2698572\/%DA%AF%D8%B3%D8%AA%D8%B1%D8%B4-%D8%B9%D9%85%D9%82-%D8%B9%D9%85%D9%84%DB%8C%D8%A7%D8%AA%DB%8C-%D9%86%DB%8C%D8%B1%D9%88%DB%8C-%D8%AF%D8%B1%DB%8C%D8%A7%DB%8C%DB%8C-%D8%B3%D9%BE%D8%A7%D9%87-%D8%AF%D8%B1-%D8%A2%D8%A8-%D9%87%D8%A7%DB%8C-%D8%AF%D9%88%D8%B1%D8%AF%D8%B3%D8%AA-%D9%85%DB%8C-%D8%AA%D9%88%D8%A7%D9%86%DB%8C%D9%85-%D8%B5%D8%A7%D8%AF%D8%B1%DA%A9%D9%86%D9%86%D8%AF%D9%87-%D8%AA%D8%AC%D9%87%DB%8C%D8%B2%D8%A7%D8%AA-%D8%AF%D8%B1%DB%8C%D8%A7%DB%8C%DB%8C-%D8%A8%D8%A7%D8%B4%DB%8C%D9%85-%DA%AF%D9%81%D8%AA%DA%AF%D9%88-%D8%A8%D8%A7-%D8%AF%D8%B1%DB%8C%D8%A7%D8%AF%D8%A7%D8%B1-%D8%AA%D9%86%DA%AF%D8%B3%DB%8C%D8%B1%DB%8C\" rel=\"noopener noreferrer\"> sagte<\/a> k\u00fcrzlich in einem Interview,\u00a0 seine Einheiten w\u00e4ren bereit, auf Angriffe zu reagieren. Er sagte, die iranische Revolutionsgarde verf\u00fcge nun auch \u00fcber neue fortschrittliche Drohnen und Raketen.<\/p>\n<p><strong>Mehr zum Thema<\/strong> &#8211; <a target=\"_blank\" href=\"https:\/\/de.rt.com\/meinung\/127950-wien-wie-israel-versucht-neue-atomrunde-mit-iran-zu-sabotieren\/\" rel=\"noopener noreferrer\">Wie Israel versucht, die neue Runde der Atomverhandlungen mit Iran zu torpedieren<\/a><\/p>\n<\/div>\n<p><br \/>\n<br \/><a href=\"https:\/\/de.rt.com\/der-nahe-osten\/137034-pattsituation-bei-wiener-gesprachen-iran\/\">Source link <\/a><\/p>\n","protected":false},"excerpt":{"rendered":"<p>Der Nationale Sicherheitsberater der USA Jake Sullivan traf sich am Montag mit seinem israelischen Kollegen Eyal Hulata, &#8220;um eine Reihe regionaler und globaler Sicherheitsfragen zu er\u00f6rtern&#8221;, teilte das Wei\u00dfe Haus in einer Erkl\u00e4rung mit. Sullivan betonte, dass die\u00a0USA auf Israels Besorgnis \u00fcber &#8220;Bedrohungen seiner Sicherheit&#8221; eingestellt seien, darunter in erster Linie hinsichtlich jener &#8220;Bedrohungen&#8221;, die [&hellip;]<\/p>\n","protected":false},"author":3,"featured_media":3960,"comment_status":"open","ping_status":"open","sticky":false,"template":"","format":"standard","meta":{"wp_automatic_camp":["217"],"8de428b635ad68a63d5d7c30af894a81":["Pattsituation bei Wiener Gespr\u00e4chen: Stellen sich Iran und Israel auf das Scheitern ein?"],"original_link":["https:\/\/de.rt.com\/der-nahe-osten\/137034-pattsituation-bei-wiener-gesprachen-iran\/"],"_thumbnail_id":["3960"],"wp_automatic_remove_first_image":["yes"],"_wptg_p2tg_sent2tg":["2022-04-27 08:11:18"],"jnews_social_counter_last_update":["1777550076"]},"categories":[19,23],"tags":[133,363,427,357,999,1786,432,11270,11272,434,4436,140,11271],"yoast_head":"<!-- This site is optimized with the Yoast SEO Premium plugin v22.7 (Yoast SEO v22.7) - https:\/\/yoast.com\/wordpress\/plugins\/seo\/ -->\n<title>Pattsituation bei Wiener Gespr\u00e4chen: Stellen sich Iran und Israel auf das Scheitern ein? - just-now.NEWS Deutschland<\/title>\n<meta name=\"robots\" content=\"index, follow, max-snippet:-1, max-image-preview:large, max-video-preview:-1\" \/>\n<link rel=\"canonical\" href=\"https:\/\/now-news.de\/de\/deutschland\/pattsituation-bei-wiener-gespraechen-stellen-sich-iran-und-israel-auf-das-scheitern-ein\/\" \/>\n<meta property=\"og:locale\" content=\"de_DE\" \/>\n<meta property=\"og:type\" content=\"article\" \/>\n<meta property=\"og:title\" content=\"Pattsituation bei Wiener Gespr\u00e4chen: Stellen sich Iran und Israel auf das Scheitern ein?\" \/>\n<meta property=\"og:description\" content=\"Der Nationale Sicherheitsberater der USA Jake Sullivan traf sich am Montag mit seinem israelischen Kollegen Eyal Hulata, &#8220;um eine Reihe regionaler und globaler Sicherheitsfragen zu er\u00f6rtern&#8221;, teilte das Wei\u00dfe Haus in einer Erkl\u00e4rung mit. Sullivan betonte, dass die\u00a0USA auf Israels Besorgnis \u00fcber &#8220;Bedrohungen seiner Sicherheit&#8221; eingestellt seien, darunter in erster Linie hinsichtlich jener &#8220;Bedrohungen&#8221;, die [&hellip;]\" \/>\n<meta property=\"og:url\" content=\"https:\/\/now-news.de\/de\/deutschland\/pattsituation-bei-wiener-gespraechen-stellen-sich-iran-und-israel-auf-das-scheitern-ein\/\" \/>\n<meta property=\"og:site_name\" content=\"just-now.NEWS Deutschland\" \/>\n<meta property=\"article:publisher\" content=\"https:\/\/www.facebook.com\/wirmachenauf\" \/>\n<meta property=\"article:published_time\" content=\"2022-04-27T06:05:32+00:00\" \/>\n<meta property=\"og:image\" content=\"https:\/\/now-news.de\/de\/wp-content\/uploads\/sites\/3\/2022\/04\/Pattsituation-bei-Wiener-Gespraechen-Stellen-sich-Iran-und-Israel-auf.jpg\" \/>\n\t<meta property=\"og:image:width\" content=\"1104\" \/>\n\t<meta property=\"og:image:height\" content=\"622\" \/>\n\t<meta property=\"og:image:type\" content=\"image\/jpeg\" \/>\n<meta name=\"author\" content=\"rtnews\" \/>\n<meta name=\"twitter:card\" content=\"summary_large_image\" \/>\n<meta name=\"twitter:creator\" content=\"@WirMachenAuf_de\" \/>\n<meta name=\"twitter:site\" content=\"@WirMachenAuf_de\" \/>\n<meta name=\"twitter:label1\" content=\"Verfasst von\" \/>\n\t<meta name=\"twitter:data1\" content=\"rtnews\" \/>\n\t<meta name=\"twitter:label2\" content=\"Gesch\u00e4tzte Lesezeit\" \/>\n\t<meta name=\"twitter:data2\" content=\"2\u00a0Minuten\" \/>\n<script type=\"application\/ld+json\" class=\"yoast-schema-graph\">{\"@context\":\"https:\/\/schema.org\",\"@graph\":[{\"@type\":\"Article\",\"@id\":\"https:\/\/now-news.de\/de\/deutschland\/pattsituation-bei-wiener-gespraechen-stellen-sich-iran-und-israel-auf-das-scheitern-ein\/#article\",\"isPartOf\":{\"@id\":\"https:\/\/now-news.de\/de\/deutschland\/pattsituation-bei-wiener-gespraechen-stellen-sich-iran-und-israel-auf-das-scheitern-ein\/\"},\"author\":{\"name\":\"rtnews\",\"@id\":\"https:\/\/now-news.de\/de\/#\/schema\/person\/fb534a4e865501d8b3285208df34a9b5\"},\"headline\":\"Pattsituation bei Wiener Gespr\u00e4chen: Stellen sich Iran und Israel auf das Scheitern ein?\",\"datePublished\":\"2022-04-27T06:05:32+00:00\",\"dateModified\":\"2022-04-27T06:05:32+00:00\",\"mainEntityOfPage\":{\"@id\":\"https:\/\/now-news.de\/de\/deutschland\/pattsituation-bei-wiener-gespraechen-stellen-sich-iran-und-israel-auf-das-scheitern-ein\/\"},\"wordCount\":452,\"commentCount\":0,\"publisher\":{\"@id\":\"https:\/\/now-news.de\/de\/#organization\"},\"image\":{\"@id\":\"https:\/\/now-news.de\/de\/deutschland\/pattsituation-bei-wiener-gespraechen-stellen-sich-iran-und-israel-auf-das-scheitern-ein\/#primaryimage\"},\"thumbnailUrl\":\"https:\/\/now-news.de\/de\/wp-content\/uploads\/sites\/3\/2022\/04\/Pattsituation-bei-Wiener-Gespraechen-Stellen-sich-Iran-und-Israel-auf.jpg\",\"keywords\":[\"AUF\",\"bei\",\"das\",\"ein\",\"Gespr\u00e4chen\",\"Iran\",\"Israel\",\"Pattsituation\",\"Scheitern\",\"sich\",\"stellen\",\"und\",\"Wiener\"],\"articleSection\":[\"Deutschland\",\"Russland\"],\"inLanguage\":\"de\",\"potentialAction\":[{\"@type\":\"CommentAction\",\"name\":\"Comment\",\"target\":[\"https:\/\/now-news.de\/de\/deutschland\/pattsituation-bei-wiener-gespraechen-stellen-sich-iran-und-israel-auf-das-scheitern-ein\/#respond\"]}]},{\"@type\":\"WebPage\",\"@id\":\"https:\/\/now-news.de\/de\/deutschland\/pattsituation-bei-wiener-gespraechen-stellen-sich-iran-und-israel-auf-das-scheitern-ein\/\",\"url\":\"https:\/\/now-news.de\/de\/deutschland\/pattsituation-bei-wiener-gespraechen-stellen-sich-iran-und-israel-auf-das-scheitern-ein\/\",\"name\":\"Pattsituation bei Wiener Gespr\u00e4chen: Stellen sich Iran und Israel auf das Scheitern ein? - just-now.NEWS Deutschland\",\"isPartOf\":{\"@id\":\"https:\/\/now-news.de\/de\/#website\"},\"primaryImageOfPage\":{\"@id\":\"https:\/\/now-news.de\/de\/deutschland\/pattsituation-bei-wiener-gespraechen-stellen-sich-iran-und-israel-auf-das-scheitern-ein\/#primaryimage\"},\"image\":{\"@id\":\"https:\/\/now-news.de\/de\/deutschland\/pattsituation-bei-wiener-gespraechen-stellen-sich-iran-und-israel-auf-das-scheitern-ein\/#primaryimage\"},\"thumbnailUrl\":\"https:\/\/now-news.de\/de\/wp-content\/uploads\/sites\/3\/2022\/04\/Pattsituation-bei-Wiener-Gespraechen-Stellen-sich-Iran-und-Israel-auf.jpg\",\"datePublished\":\"2022-04-27T06:05:32+00:00\",\"dateModified\":\"2022-04-27T06:05:32+00:00\",\"breadcrumb\":{\"@id\":\"https:\/\/now-news.de\/de\/deutschland\/pattsituation-bei-wiener-gespraechen-stellen-sich-iran-und-israel-auf-das-scheitern-ein\/#breadcrumb\"},\"inLanguage\":\"de\",\"potentialAction\":[{\"@type\":\"ReadAction\",\"target\":[\"https:\/\/now-news.de\/de\/deutschland\/pattsituation-bei-wiener-gespraechen-stellen-sich-iran-und-israel-auf-das-scheitern-ein\/\"]}]},{\"@type\":\"ImageObject\",\"inLanguage\":\"de\",\"@id\":\"https:\/\/now-news.de\/de\/deutschland\/pattsituation-bei-wiener-gespraechen-stellen-sich-iran-und-israel-auf-das-scheitern-ein\/#primaryimage\",\"url\":\"https:\/\/now-news.de\/de\/wp-content\/uploads\/sites\/3\/2022\/04\/Pattsituation-bei-Wiener-Gespraechen-Stellen-sich-Iran-und-Israel-auf.jpg\",\"contentUrl\":\"https:\/\/now-news.de\/de\/wp-content\/uploads\/sites\/3\/2022\/04\/Pattsituation-bei-Wiener-Gespraechen-Stellen-sich-Iran-und-Israel-auf.jpg\",\"width\":1104,\"height\":622,\"caption\":\"Pattsituation bei Wiener Gespr\u00e4chen: Stellen sich Iran und Israel auf das Scheitern ein?\"},{\"@type\":\"BreadcrumbList\",\"@id\":\"https:\/\/now-news.de\/de\/deutschland\/pattsituation-bei-wiener-gespraechen-stellen-sich-iran-und-israel-auf-das-scheitern-ein\/#breadcrumb\",\"itemListElement\":[{\"@type\":\"ListItem\",\"position\":1,\"name\":\"Home\",\"item\":\"https:\/\/now-news.de\/de\/\"},{\"@type\":\"ListItem\",\"position\":2,\"name\":\"Pattsituation bei Wiener Gespr\u00e4chen: Stellen sich Iran und Israel auf das Scheitern ein?\"}]},{\"@type\":\"WebSite\",\"@id\":\"https:\/\/now-news.de\/de\/#website\",\"url\":\"https:\/\/now-news.de\/de\/\",\"name\":\"just-now.NEWS Deutschland\",\"description\":\"Das Portal f\u00fcr unzensierte Nachrichten aus der Welt\",\"publisher\":{\"@id\":\"https:\/\/now-news.de\/de\/#organization\"},\"potentialAction\":[{\"@type\":\"SearchAction\",\"target\":{\"@type\":\"EntryPoint\",\"urlTemplate\":\"https:\/\/now-news.de\/de\/?s={search_term_string}\"},\"query-input\":\"required name=search_term_string\"}],\"inLanguage\":\"de\"},{\"@type\":\"Organization\",\"@id\":\"https:\/\/now-news.de\/de\/#organization\",\"name\":\"Just Now News\",\"url\":\"https:\/\/now-news.de\/de\/\",\"logo\":{\"@type\":\"ImageObject\",\"inLanguage\":\"de\",\"@id\":\"https:\/\/now-news.de\/de\/#\/schema\/logo\/image\/\",\"url\":\"http:\/\/just-now.news\/de\/wp-content\/uploads\/sites\/3\/2022\/04\/logo500x500.jpg\",\"contentUrl\":\"http:\/\/just-now.news\/de\/wp-content\/uploads\/sites\/3\/2022\/04\/logo500x500.jpg\",\"width\":500,\"height\":500,\"caption\":\"Just Now News\"},\"image\":{\"@id\":\"https:\/\/now-news.de\/de\/#\/schema\/logo\/image\/\"},\"sameAs\":[\"https:\/\/www.facebook.com\/wirmachenauf\",\"https:\/\/x.com\/WirMachenAuf_de\"]},{\"@type\":\"Person\",\"@id\":\"https:\/\/now-news.de\/de\/#\/schema\/person\/fb534a4e865501d8b3285208df34a9b5\",\"name\":\"rtnews\",\"image\":{\"@type\":\"ImageObject\",\"inLanguage\":\"de\",\"@id\":\"https:\/\/now-news.de\/de\/#\/schema\/person\/image\/\",\"url\":\"https:\/\/secure.gravatar.com\/avatar\/82aafea7d8127119dd649515f56e2117?s=96&d=mm&r=g\",\"contentUrl\":\"https:\/\/secure.gravatar.com\/avatar\/82aafea7d8127119dd649515f56e2117?s=96&d=mm&r=g\",\"caption\":\"rtnews\"},\"url\":\"https:\/\/now-news.de\/de\/author\/rnews\/\"}]}<\/script>\n<!-- \/ Yoast SEO Premium plugin. -->","yoast_head_json":{"title":"Pattsituation bei Wiener Gespr\u00e4chen: Stellen sich Iran und Israel auf das Scheitern ein? - just-now.NEWS Deutschland","robots":{"index":"index","follow":"follow","max-snippet":"max-snippet:-1","max-image-preview":"max-image-preview:large","max-video-preview":"max-video-preview:-1"},"canonical":"https:\/\/now-news.de\/de\/deutschland\/pattsituation-bei-wiener-gespraechen-stellen-sich-iran-und-israel-auf-das-scheitern-ein\/","og_locale":"de_DE","og_type":"article","og_title":"Pattsituation bei Wiener Gespr\u00e4chen: Stellen sich Iran und Israel auf das Scheitern ein?","og_description":"Der Nationale Sicherheitsberater der USA Jake Sullivan traf sich am Montag mit seinem israelischen Kollegen Eyal Hulata, &#8220;um eine Reihe regionaler und globaler Sicherheitsfragen zu er\u00f6rtern&#8221;, teilte das Wei\u00dfe Haus in einer Erkl\u00e4rung mit. Sullivan betonte, dass die\u00a0USA auf Israels Besorgnis \u00fcber &#8220;Bedrohungen seiner Sicherheit&#8221; eingestellt seien, darunter in erster Linie hinsichtlich jener &#8220;Bedrohungen&#8221;, die [&hellip;]","og_url":"https:\/\/now-news.de\/de\/deutschland\/pattsituation-bei-wiener-gespraechen-stellen-sich-iran-und-israel-auf-das-scheitern-ein\/","og_site_name":"just-now.NEWS Deutschland","article_publisher":"https:\/\/www.facebook.com\/wirmachenauf","article_published_time":"2022-04-27T06:05:32+00:00","og_image":[{"width":1104,"height":622,"url":"https:\/\/now-news.de\/de\/wp-content\/uploads\/sites\/3\/2022\/04\/Pattsituation-bei-Wiener-Gespraechen-Stellen-sich-Iran-und-Israel-auf.jpg","type":"image\/jpeg"}],"author":"rtnews","twitter_card":"summary_large_image","twitter_creator":"@WirMachenAuf_de","twitter_site":"@WirMachenAuf_de","twitter_misc":{"Verfasst von":"rtnews","Gesch\u00e4tzte Lesezeit":"2\u00a0Minuten"},"schema":{"@context":"https:\/\/schema.org","@graph":[{"@type":"Article","@id":"https:\/\/now-news.de\/de\/deutschland\/pattsituation-bei-wiener-gespraechen-stellen-sich-iran-und-israel-auf-das-scheitern-ein\/#article","isPartOf":{"@id":"https:\/\/now-news.de\/de\/deutschland\/pattsituation-bei-wiener-gespraechen-stellen-sich-iran-und-israel-auf-das-scheitern-ein\/"},"author":{"name":"rtnews","@id":"https:\/\/now-news.de\/de\/#\/schema\/person\/fb534a4e865501d8b3285208df34a9b5"},"headline":"Pattsituation bei Wiener Gespr\u00e4chen: Stellen sich Iran und Israel auf das Scheitern ein?","datePublished":"2022-04-27T06:05:32+00:00","dateModified":"2022-04-27T06:05:32+00:00","mainEntityOfPage":{"@id":"https:\/\/now-news.de\/de\/deutschland\/pattsituation-bei-wiener-gespraechen-stellen-sich-iran-und-israel-auf-das-scheitern-ein\/"},"wordCount":452,"commentCount":0,"publisher":{"@id":"https:\/\/now-news.de\/de\/#organization"},"image":{"@id":"https:\/\/now-news.de\/de\/deutschland\/pattsituation-bei-wiener-gespraechen-stellen-sich-iran-und-israel-auf-das-scheitern-ein\/#primaryimage"},"thumbnailUrl":"https:\/\/now-news.de\/de\/wp-content\/uploads\/sites\/3\/2022\/04\/Pattsituation-bei-Wiener-Gespraechen-Stellen-sich-Iran-und-Israel-auf.jpg","keywords":["AUF","bei","das","ein","Gespr\u00e4chen","Iran","Israel","Pattsituation","Scheitern","sich","stellen","und","Wiener"],"articleSection":["Deutschland","Russland"],"inLanguage":"de","potentialAction":[{"@type":"CommentAction","name":"Comment","target":["https:\/\/now-news.de\/de\/deutschland\/pattsituation-bei-wiener-gespraechen-stellen-sich-iran-und-israel-auf-das-scheitern-ein\/#respond"]}]},{"@type":"WebPage","@id":"https:\/\/now-news.de\/de\/deutschland\/pattsituation-bei-wiener-gespraechen-stellen-sich-iran-und-israel-auf-das-scheitern-ein\/","url":"https:\/\/now-news.de\/de\/deutschland\/pattsituation-bei-wiener-gespraechen-stellen-sich-iran-und-israel-auf-das-scheitern-ein\/","name":"Pattsituation bei Wiener Gespr\u00e4chen: Stellen sich Iran und Israel auf das Scheitern ein? - just-now.NEWS Deutschland","isPartOf":{"@id":"https:\/\/now-news.de\/de\/#website"},"primaryImageOfPage":{"@id":"https:\/\/now-news.de\/de\/deutschland\/pattsituation-bei-wiener-gespraechen-stellen-sich-iran-und-israel-auf-das-scheitern-ein\/#primaryimage"},"image":{"@id":"https:\/\/now-news.de\/de\/deutschland\/pattsituation-bei-wiener-gespraechen-stellen-sich-iran-und-israel-auf-das-scheitern-ein\/#primaryimage"},"thumbnailUrl":"https:\/\/now-news.de\/de\/wp-content\/uploads\/sites\/3\/2022\/04\/Pattsituation-bei-Wiener-Gespraechen-Stellen-sich-Iran-und-Israel-auf.jpg","datePublished":"2022-04-27T06:05:32+00:00","dateModified":"2022-04-27T06:05:32+00:00","breadcrumb":{"@id":"https:\/\/now-news.de\/de\/deutschland\/pattsituation-bei-wiener-gespraechen-stellen-sich-iran-und-israel-auf-das-scheitern-ein\/#breadcrumb"},"inLanguage":"de","potentialAction":[{"@type":"ReadAction","target":["https:\/\/now-news.de\/de\/deutschland\/pattsituation-bei-wiener-gespraechen-stellen-sich-iran-und-israel-auf-das-scheitern-ein\/"]}]},{"@type":"ImageObject","inLanguage":"de","@id":"https:\/\/now-news.de\/de\/deutschland\/pattsituation-bei-wiener-gespraechen-stellen-sich-iran-und-israel-auf-das-scheitern-ein\/#primaryimage","url":"https:\/\/now-news.de\/de\/wp-content\/uploads\/sites\/3\/2022\/04\/Pattsituation-bei-Wiener-Gespraechen-Stellen-sich-Iran-und-Israel-auf.jpg","contentUrl":"https:\/\/now-news.de\/de\/wp-content\/uploads\/sites\/3\/2022\/04\/Pattsituation-bei-Wiener-Gespraechen-Stellen-sich-Iran-und-Israel-auf.jpg","width":1104,"height":622,"caption":"Pattsituation bei Wiener Gespr\u00e4chen: Stellen sich Iran und Israel auf das Scheitern ein?"},{"@type":"BreadcrumbList","@id":"https:\/\/now-news.de\/de\/deutschland\/pattsituation-bei-wiener-gespraechen-stellen-sich-iran-und-israel-auf-das-scheitern-ein\/#breadcrumb","itemListElement":[{"@type":"ListItem","position":1,"name":"Home","item":"https:\/\/now-news.de\/de\/"},{"@type":"ListItem","position":2,"name":"Pattsituation bei Wiener Gespr\u00e4chen: Stellen sich Iran und Israel auf das Scheitern ein?"}]},{"@type":"WebSite","@id":"https:\/\/now-news.de\/de\/#website","url":"https:\/\/now-news.de\/de\/","name":"just-now.NEWS Deutschland","description":"Das Portal f\u00fcr unzensierte Nachrichten aus der Welt","publisher":{"@id":"https:\/\/now-news.de\/de\/#organization"},"potentialAction":[{"@type":"SearchAction","target":{"@type":"EntryPoint","urlTemplate":"https:\/\/now-news.de\/de\/?s={search_term_string}"},"query-input":"required name=search_term_string"}],"inLanguage":"de"},{"@type":"Organization","@id":"https:\/\/now-news.de\/de\/#organization","name":"Just Now News","url":"https:\/\/now-news.de\/de\/","logo":{"@type":"ImageObject","inLanguage":"de","@id":"https:\/\/now-news.de\/de\/#\/schema\/logo\/image\/","url":"http:\/\/just-now.news\/de\/wp-content\/uploads\/sites\/3\/2022\/04\/logo500x500.jpg","contentUrl":"http:\/\/just-now.news\/de\/wp-content\/uploads\/sites\/3\/2022\/04\/logo500x500.jpg","width":500,"height":500,"caption":"Just Now News"},"image":{"@id":"https:\/\/now-news.de\/de\/#\/schema\/logo\/image\/"},"sameAs":["https:\/\/www.facebook.com\/wirmachenauf","https:\/\/x.com\/WirMachenAuf_de"]},{"@type":"Person","@id":"https:\/\/now-news.de\/de\/#\/schema\/person\/fb534a4e865501d8b3285208df34a9b5","name":"rtnews","image":{"@type":"ImageObject","inLanguage":"de","@id":"https:\/\/now-news.de\/de\/#\/schema\/person\/image\/","url":"https:\/\/secure.gravatar.com\/avatar\/82aafea7d8127119dd649515f56e2117?s=96&d=mm&r=g","contentUrl":"https:\/\/secure.gravatar.com\/avatar\/82aafea7d8127119dd649515f56e2117?s=96&d=mm&r=g","caption":"rtnews"},"url":"https:\/\/now-news.de\/de\/author\/rnews\/"}]}},"_links":{"self":[{"href":"https:\/\/now-news.de\/de\/wp-json\/wp\/v2\/posts\/3959"}],"collection":[{"href":"https:\/\/now-news.de\/de\/wp-json\/wp\/v2\/posts"}],"about":[{"href":"https:\/\/now-news.de\/de\/wp-json\/wp\/v2\/types\/post"}],"author":[{"embeddable":true,"href":"https:\/\/now-news.de\/de\/wp-json\/wp\/v2\/users\/3"}],"replies":[{"embeddable":true,"href":"https:\/\/now-news.de\/de\/wp-json\/wp\/v2\/comments?post=3959"}],"version-history":[{"count":0,"href":"https:\/\/now-news.de\/de\/wp-json\/wp\/v2\/posts\/3959\/revisions"}],"wp:featuredmedia":[{"embeddable":true,"href":"https:\/\/now-news.de\/de\/wp-json\/wp\/v2\/media\/3960"}],"wp:attachment":[{"href":"https:\/\/now-news.de\/de\/wp-json\/wp\/v2\/media?parent=3959"}],"wp:term":[{"taxonomy":"category","embeddable":true,"href":"https:\/\/now-news.de\/de\/wp-json\/wp\/v2\/categories?post=3959"},{"taxonomy":"post_tag","embeddable":true,"href":"https:\/\/now-news.de\/de\/wp-json\/wp\/v2\/tags?post=3959"}],"curies":[{"name":"wp","href":"https:\/\/api.w.org\/{rel}","templated":true}]}}