{"id":39577,"date":"2023-07-06T17:41:58","date_gmt":"2023-07-06T15:41:58","guid":{"rendered":"https:\/\/just-now.news\/de\/deutschland\/franzoesische-soldaten-sollen-randalierer-angegriffen-haben\/"},"modified":"2023-07-06T17:41:58","modified_gmt":"2023-07-06T15:41:58","slug":"franzoesische-soldaten-sollen-randalierer-angegriffen-haben","status":"publish","type":"post","link":"https:\/\/now-news.de\/de\/deutschland\/franzoesische-soldaten-sollen-randalierer-angegriffen-haben\/","title":{"rendered":"Franz\u00f6sische Soldaten sollen Randalierer angegriffen haben"},"content":{"rendered":"<p><img decoding=\"async\" src=\"http:\/\/just-now.news\/de\/wp-content\/uploads\/sites\/3\/2023\/07\/64a6aba348fbef2b1871d121.jpg\" \/><\/p>\n<div class=\"Text-root Text-type_1 \">\n                In Frankreich pr\u00fcft die Marine Berichte, um heraus zu finden, ob Soldaten im westfranz\u00f6sischen Lorient maskiert und in Zivilkleidung Randalierer angegriffen haben. Bilder einer Lokalzeitung zeigten Gruppen von &#8220;Gegenrandalierern&#8221;, die maskiert und in Kapuzenpullovern auf Protestierende einschlagen.\n            <\/div>\n<p><\/p>\n<div class=\"Text-root Text-type_5 ArticleView-text ViewText-root \">\n<p>Die franz\u00f6sische Marine pr\u00fcft Berichte \u00fcber Soldaten, die im westfranz\u00f6sischen Lorient maskiert und in Zivilkleidung Randalierer angegriffen haben sollen. Die dort stationierte Einheit Forfusco habe eine Untersuchung eingeleitet, erkl\u00e4rte das Verteidigungsministerium gestern in Paris. Bis zur Vorlage der Ergebnisse lehnte es eine Stellungnahme ab.<\/p>\n<p>Bilder der Lokalzeitung\u00a0<em>Le Telegramme<\/em>\u00a0von Freitagabend zeigten Gruppen von &#8220;Gegenrandalierern&#8221;, die maskiert und in Kapuzenpullovern auf Protestierende einschlagen.<\/p>\n<p>In einem Bericht vom Wochenende zitierte die Zeitung einen anonymen Polizisten mit den Worten, die Beamten h\u00e4tten die &#8220;Gegenrandalierer&#8221; eingreifen lassen, &#8220;weil sie uns geholfen haben&#8221;. Sp\u00e4ter habe die Polizei festgestellt, dass diese &#8220;ein wenig zu hart&#8221; vorgegangen seien.<\/p>\n<p>Die Zeitung\u00a0<em>Ouest-France<\/em>\u00a0ver\u00f6ffentlichte ein Interview, in dem ein 25-J\u00e4hriger berichtete, er sei Mitglied der Streitkr\u00e4fte und w\u00fcrde mit rund 30 Kollegen die Polizei unterst\u00fctzen. Der Staatsanwalt von Lorient, Stephane Kellenberger, sagte, ohne rechtliche Beschwerde oder &#8220;konkrete oder objektive Beweise&#8221; k\u00f6nnten keine Ermittlungen eingeleitet werden.<\/p>\n<p>Der B\u00fcrgermeister der Stadt, Fabrice Loher, sagte, er k\u00f6nne die Ereignisse nicht best\u00e4tigen. Allerdings habe er &#8220;Menschen mit Masken&#8221; gesehen. &#8220;Wir dachten, das w\u00e4ren Randalierer&#8221;.<\/p>\n<p>In der vergangenen Woche waren bei gewaltsamen Protesten in ganz Frankreich mehr als 3.500 Menschen festgenommen worden. Ausl\u00f6ser war der Tod eines 17-J\u00e4hrigen, der bei einer Polizeikontrolle in einem Pariser Vorort erschossen worden war. In der Stadt Lorient nahm die Polizei am Freitagabend vier Menschen fest.<\/p>\n<p><strong>Mehr zum Thema<\/strong> \u2013 <a rel=\"nofollow noopener\" target=\"_blank\" href=\"https:\/\/freeassange.rtde.life\/meinung\/174404-rassismus-bei-polizei-ist-in-frankreich-ein-problem-aber-auch-die-kriminelle-banden-sind-es\/\">Probleme in Frankreich: Rassismus bei der Polizei, ebenso aber auch kriminelle Banden<\/a><\/p>\n<div class=\"EmbedBlock-root EmbedBlock-externalVideo EmbedBlock-vk\">\n<div class=\"VkEmbed\"><iframe class=\"lazyload\" data-src=\"https:\/\/vk.com\/video_ext.php?oid=-134310637&amp;id=456268228&amp;hash=818257d645b43f39\" frameborder=\"0\" width=\"853\" height=\"480\" allowfullscreen><\/iframe><\/div>\n<\/div>\n<\/div>\n<p><br \/>\n<br \/><a href=\"https:\/\/de.rt.com\/europa\/174543-franzoesische-soldaten-sollen-randalierer-angegriffen\/\">Source link <\/a><\/p>\n","protected":false},"excerpt":{"rendered":"<p>In Frankreich pr\u00fcft die Marine Berichte, um heraus zu finden, ob Soldaten im westfranz\u00f6sischen Lorient maskiert und in Zivilkleidung Randalierer angegriffen haben. Bilder einer Lokalzeitung zeigten Gruppen von &#8220;Gegenrandalierern&#8221;, die maskiert und in Kapuzenpullovern auf Protestierende einschlagen. Die franz\u00f6sische Marine pr\u00fcft Berichte \u00fcber Soldaten, die im westfranz\u00f6sischen Lorient maskiert und in Zivilkleidung Randalierer angegriffen haben [&hellip;]<\/p>\n","protected":false},"author":3,"featured_media":39578,"comment_status":"open","ping_status":"open","sticky":false,"template":"","format":"standard","meta":{"_yoast_indexnow_last_ping":["1688658177"],"wp_automatic_camp":["217"],"010e66c946214d37c0f16437ad256f5c":["Franz\u00f6sische Soldaten sollen Randalierer angegriffen haben"],"original_link":["https:\/\/de.rt.com\/europa\/174543-franzoesische-soldaten-sollen-randalierer-angegriffen\/"],"_thumbnail_id":["39578"],"jnews_social_counter_last_update":["1777606176"],"_wptgpro_p2tg_sent2tg":["a:1:{i:23737;s:19:\"2023-07-06 17:44:02\";}"]},"categories":[19,23],"tags":[18042,9969,771,602,2333,1677],"yoast_head":"<!-- This site is optimized with the Yoast SEO Premium plugin v22.7 (Yoast SEO v22.7) - https:\/\/yoast.com\/wordpress\/plugins\/seo\/ -->\n<title>Franz\u00f6sische Soldaten sollen Randalierer angegriffen haben - just-now.NEWS Deutschland<\/title>\n<meta name=\"robots\" content=\"index, follow, max-snippet:-1, max-image-preview:large, max-video-preview:-1\" \/>\n<link rel=\"canonical\" href=\"https:\/\/now-news.de\/de\/deutschland\/franzoesische-soldaten-sollen-randalierer-angegriffen-haben\/\" \/>\n<meta property=\"og:locale\" content=\"de_DE\" \/>\n<meta property=\"og:type\" content=\"article\" \/>\n<meta property=\"og:title\" content=\"Franz\u00f6sische Soldaten sollen Randalierer angegriffen haben\" \/>\n<meta property=\"og:description\" content=\"In Frankreich pr\u00fcft die Marine Berichte, um heraus zu finden, ob Soldaten im westfranz\u00f6sischen Lorient maskiert und in Zivilkleidung Randalierer angegriffen haben. Bilder einer Lokalzeitung zeigten Gruppen von &#8220;Gegenrandalierern&#8221;, die maskiert und in Kapuzenpullovern auf Protestierende einschlagen. Die franz\u00f6sische Marine pr\u00fcft Berichte \u00fcber Soldaten, die im westfranz\u00f6sischen Lorient maskiert und in Zivilkleidung Randalierer angegriffen haben [&hellip;]\" \/>\n<meta property=\"og:url\" content=\"https:\/\/now-news.de\/de\/deutschland\/franzoesische-soldaten-sollen-randalierer-angegriffen-haben\/\" \/>\n<meta property=\"og:site_name\" content=\"just-now.NEWS Deutschland\" \/>\n<meta property=\"article:publisher\" content=\"https:\/\/www.facebook.com\/wirmachenauf\" \/>\n<meta property=\"article:published_time\" content=\"2023-07-06T15:41:58+00:00\" \/>\n<meta property=\"og:image\" content=\"https:\/\/now-news.de\/de\/wp-content\/uploads\/sites\/3\/2023\/07\/Franzoesische-Soldaten-sollen-Randalierer-angegriffen-haben.jpg\" \/>\n\t<meta property=\"og:image:width\" content=\"460\" \/>\n\t<meta property=\"og:image:height\" content=\"259\" \/>\n\t<meta property=\"og:image:type\" content=\"image\/jpeg\" \/>\n<meta name=\"author\" content=\"rtnews\" \/>\n<meta name=\"twitter:card\" content=\"summary_large_image\" \/>\n<meta name=\"twitter:creator\" content=\"@WirMachenAuf_de\" \/>\n<meta name=\"twitter:site\" content=\"@WirMachenAuf_de\" \/>\n<meta name=\"twitter:label1\" content=\"Verfasst von\" \/>\n\t<meta name=\"twitter:data1\" content=\"rtnews\" \/>\n\t<meta name=\"twitter:label2\" content=\"Gesch\u00e4tzte Lesezeit\" \/>\n\t<meta name=\"twitter:data2\" content=\"1\u00a0Minute\" \/>\n<script type=\"application\/ld+json\" class=\"yoast-schema-graph\">{\"@context\":\"https:\/\/schema.org\",\"@graph\":[{\"@type\":\"Article\",\"@id\":\"https:\/\/now-news.de\/de\/deutschland\/franzoesische-soldaten-sollen-randalierer-angegriffen-haben\/#article\",\"isPartOf\":{\"@id\":\"https:\/\/now-news.de\/de\/deutschland\/franzoesische-soldaten-sollen-randalierer-angegriffen-haben\/\"},\"author\":{\"name\":\"rtnews\",\"@id\":\"https:\/\/now-news.de\/de\/#\/schema\/person\/fb534a4e865501d8b3285208df34a9b5\"},\"headline\":\"Franz\u00f6sische Soldaten sollen Randalierer angegriffen haben\",\"datePublished\":\"2023-07-06T15:41:58+00:00\",\"dateModified\":\"2023-07-06T15:41:58+00:00\",\"mainEntityOfPage\":{\"@id\":\"https:\/\/now-news.de\/de\/deutschland\/franzoesische-soldaten-sollen-randalierer-angegriffen-haben\/\"},\"wordCount\":298,\"commentCount\":0,\"publisher\":{\"@id\":\"https:\/\/now-news.de\/de\/#organization\"},\"image\":{\"@id\":\"https:\/\/now-news.de\/de\/deutschland\/franzoesische-soldaten-sollen-randalierer-angegriffen-haben\/#primaryimage\"},\"thumbnailUrl\":\"https:\/\/now-news.de\/de\/wp-content\/uploads\/sites\/3\/2023\/07\/Franzoesische-Soldaten-sollen-Randalierer-angegriffen-haben.jpg\",\"keywords\":[\"angegriffen\",\"franz\u00f6sische\",\"haben\",\"Randalierer\",\"Soldaten\",\"sollen\"],\"articleSection\":[\"Deutschland\",\"Russland\"],\"inLanguage\":\"de\",\"potentialAction\":[{\"@type\":\"CommentAction\",\"name\":\"Comment\",\"target\":[\"https:\/\/now-news.de\/de\/deutschland\/franzoesische-soldaten-sollen-randalierer-angegriffen-haben\/#respond\"]}]},{\"@type\":\"WebPage\",\"@id\":\"https:\/\/now-news.de\/de\/deutschland\/franzoesische-soldaten-sollen-randalierer-angegriffen-haben\/\",\"url\":\"https:\/\/now-news.de\/de\/deutschland\/franzoesische-soldaten-sollen-randalierer-angegriffen-haben\/\",\"name\":\"Franz\u00f6sische Soldaten sollen Randalierer angegriffen haben - just-now.NEWS Deutschland\",\"isPartOf\":{\"@id\":\"https:\/\/now-news.de\/de\/#website\"},\"primaryImageOfPage\":{\"@id\":\"https:\/\/now-news.de\/de\/deutschland\/franzoesische-soldaten-sollen-randalierer-angegriffen-haben\/#primaryimage\"},\"image\":{\"@id\":\"https:\/\/now-news.de\/de\/deutschland\/franzoesische-soldaten-sollen-randalierer-angegriffen-haben\/#primaryimage\"},\"thumbnailUrl\":\"https:\/\/now-news.de\/de\/wp-content\/uploads\/sites\/3\/2023\/07\/Franzoesische-Soldaten-sollen-Randalierer-angegriffen-haben.jpg\",\"datePublished\":\"2023-07-06T15:41:58+00:00\",\"dateModified\":\"2023-07-06T15:41:58+00:00\",\"breadcrumb\":{\"@id\":\"https:\/\/now-news.de\/de\/deutschland\/franzoesische-soldaten-sollen-randalierer-angegriffen-haben\/#breadcrumb\"},\"inLanguage\":\"de\",\"potentialAction\":[{\"@type\":\"ReadAction\",\"target\":[\"https:\/\/now-news.de\/de\/deutschland\/franzoesische-soldaten-sollen-randalierer-angegriffen-haben\/\"]}]},{\"@type\":\"ImageObject\",\"inLanguage\":\"de\",\"@id\":\"https:\/\/now-news.de\/de\/deutschland\/franzoesische-soldaten-sollen-randalierer-angegriffen-haben\/#primaryimage\",\"url\":\"https:\/\/now-news.de\/de\/wp-content\/uploads\/sites\/3\/2023\/07\/Franzoesische-Soldaten-sollen-Randalierer-angegriffen-haben.jpg\",\"contentUrl\":\"https:\/\/now-news.de\/de\/wp-content\/uploads\/sites\/3\/2023\/07\/Franzoesische-Soldaten-sollen-Randalierer-angegriffen-haben.jpg\",\"width\":460,\"height\":259,\"caption\":\"Franz\u00f6sische Soldaten sollen Randalierer angegriffen haben\"},{\"@type\":\"BreadcrumbList\",\"@id\":\"https:\/\/now-news.de\/de\/deutschland\/franzoesische-soldaten-sollen-randalierer-angegriffen-haben\/#breadcrumb\",\"itemListElement\":[{\"@type\":\"ListItem\",\"position\":1,\"name\":\"Home\",\"item\":\"https:\/\/now-news.de\/de\/\"},{\"@type\":\"ListItem\",\"position\":2,\"name\":\"Franz\u00f6sische Soldaten sollen Randalierer angegriffen haben\"}]},{\"@type\":\"WebSite\",\"@id\":\"https:\/\/now-news.de\/de\/#website\",\"url\":\"https:\/\/now-news.de\/de\/\",\"name\":\"just-now.NEWS Deutschland\",\"description\":\"Das Portal f\u00fcr unzensierte Nachrichten aus der Welt\",\"publisher\":{\"@id\":\"https:\/\/now-news.de\/de\/#organization\"},\"potentialAction\":[{\"@type\":\"SearchAction\",\"target\":{\"@type\":\"EntryPoint\",\"urlTemplate\":\"https:\/\/now-news.de\/de\/?s={search_term_string}\"},\"query-input\":\"required name=search_term_string\"}],\"inLanguage\":\"de\"},{\"@type\":\"Organization\",\"@id\":\"https:\/\/now-news.de\/de\/#organization\",\"name\":\"Just Now News\",\"url\":\"https:\/\/now-news.de\/de\/\",\"logo\":{\"@type\":\"ImageObject\",\"inLanguage\":\"de\",\"@id\":\"https:\/\/now-news.de\/de\/#\/schema\/logo\/image\/\",\"url\":\"http:\/\/just-now.news\/de\/wp-content\/uploads\/sites\/3\/2022\/04\/logo500x500.jpg\",\"contentUrl\":\"http:\/\/just-now.news\/de\/wp-content\/uploads\/sites\/3\/2022\/04\/logo500x500.jpg\",\"width\":500,\"height\":500,\"caption\":\"Just Now News\"},\"image\":{\"@id\":\"https:\/\/now-news.de\/de\/#\/schema\/logo\/image\/\"},\"sameAs\":[\"https:\/\/www.facebook.com\/wirmachenauf\",\"https:\/\/x.com\/WirMachenAuf_de\"]},{\"@type\":\"Person\",\"@id\":\"https:\/\/now-news.de\/de\/#\/schema\/person\/fb534a4e865501d8b3285208df34a9b5\",\"name\":\"rtnews\",\"image\":{\"@type\":\"ImageObject\",\"inLanguage\":\"de\",\"@id\":\"https:\/\/now-news.de\/de\/#\/schema\/person\/image\/\",\"url\":\"https:\/\/secure.gravatar.com\/avatar\/82aafea7d8127119dd649515f56e2117?s=96&d=mm&r=g\",\"contentUrl\":\"https:\/\/secure.gravatar.com\/avatar\/82aafea7d8127119dd649515f56e2117?s=96&d=mm&r=g\",\"caption\":\"rtnews\"},\"url\":\"https:\/\/now-news.de\/de\/author\/rnews\/\"}]}<\/script>\n<!-- \/ Yoast SEO Premium plugin. -->","yoast_head_json":{"title":"Franz\u00f6sische Soldaten sollen Randalierer angegriffen haben - just-now.NEWS Deutschland","robots":{"index":"index","follow":"follow","max-snippet":"max-snippet:-1","max-image-preview":"max-image-preview:large","max-video-preview":"max-video-preview:-1"},"canonical":"https:\/\/now-news.de\/de\/deutschland\/franzoesische-soldaten-sollen-randalierer-angegriffen-haben\/","og_locale":"de_DE","og_type":"article","og_title":"Franz\u00f6sische Soldaten sollen Randalierer angegriffen haben","og_description":"In Frankreich pr\u00fcft die Marine Berichte, um heraus zu finden, ob Soldaten im westfranz\u00f6sischen Lorient maskiert und in Zivilkleidung Randalierer angegriffen haben. Bilder einer Lokalzeitung zeigten Gruppen von &#8220;Gegenrandalierern&#8221;, die maskiert und in Kapuzenpullovern auf Protestierende einschlagen. Die franz\u00f6sische Marine pr\u00fcft Berichte \u00fcber Soldaten, die im westfranz\u00f6sischen Lorient maskiert und in Zivilkleidung Randalierer angegriffen haben [&hellip;]","og_url":"https:\/\/now-news.de\/de\/deutschland\/franzoesische-soldaten-sollen-randalierer-angegriffen-haben\/","og_site_name":"just-now.NEWS Deutschland","article_publisher":"https:\/\/www.facebook.com\/wirmachenauf","article_published_time":"2023-07-06T15:41:58+00:00","og_image":[{"width":460,"height":259,"url":"https:\/\/now-news.de\/de\/wp-content\/uploads\/sites\/3\/2023\/07\/Franzoesische-Soldaten-sollen-Randalierer-angegriffen-haben.jpg","type":"image\/jpeg"}],"author":"rtnews","twitter_card":"summary_large_image","twitter_creator":"@WirMachenAuf_de","twitter_site":"@WirMachenAuf_de","twitter_misc":{"Verfasst von":"rtnews","Gesch\u00e4tzte Lesezeit":"1\u00a0Minute"},"schema":{"@context":"https:\/\/schema.org","@graph":[{"@type":"Article","@id":"https:\/\/now-news.de\/de\/deutschland\/franzoesische-soldaten-sollen-randalierer-angegriffen-haben\/#article","isPartOf":{"@id":"https:\/\/now-news.de\/de\/deutschland\/franzoesische-soldaten-sollen-randalierer-angegriffen-haben\/"},"author":{"name":"rtnews","@id":"https:\/\/now-news.de\/de\/#\/schema\/person\/fb534a4e865501d8b3285208df34a9b5"},"headline":"Franz\u00f6sische Soldaten sollen Randalierer angegriffen haben","datePublished":"2023-07-06T15:41:58+00:00","dateModified":"2023-07-06T15:41:58+00:00","mainEntityOfPage":{"@id":"https:\/\/now-news.de\/de\/deutschland\/franzoesische-soldaten-sollen-randalierer-angegriffen-haben\/"},"wordCount":298,"commentCount":0,"publisher":{"@id":"https:\/\/now-news.de\/de\/#organization"},"image":{"@id":"https:\/\/now-news.de\/de\/deutschland\/franzoesische-soldaten-sollen-randalierer-angegriffen-haben\/#primaryimage"},"thumbnailUrl":"https:\/\/now-news.de\/de\/wp-content\/uploads\/sites\/3\/2023\/07\/Franzoesische-Soldaten-sollen-Randalierer-angegriffen-haben.jpg","keywords":["angegriffen","franz\u00f6sische","haben","Randalierer","Soldaten","sollen"],"articleSection":["Deutschland","Russland"],"inLanguage":"de","potentialAction":[{"@type":"CommentAction","name":"Comment","target":["https:\/\/now-news.de\/de\/deutschland\/franzoesische-soldaten-sollen-randalierer-angegriffen-haben\/#respond"]}]},{"@type":"WebPage","@id":"https:\/\/now-news.de\/de\/deutschland\/franzoesische-soldaten-sollen-randalierer-angegriffen-haben\/","url":"https:\/\/now-news.de\/de\/deutschland\/franzoesische-soldaten-sollen-randalierer-angegriffen-haben\/","name":"Franz\u00f6sische Soldaten sollen Randalierer angegriffen haben - just-now.NEWS Deutschland","isPartOf":{"@id":"https:\/\/now-news.de\/de\/#website"},"primaryImageOfPage":{"@id":"https:\/\/now-news.de\/de\/deutschland\/franzoesische-soldaten-sollen-randalierer-angegriffen-haben\/#primaryimage"},"image":{"@id":"https:\/\/now-news.de\/de\/deutschland\/franzoesische-soldaten-sollen-randalierer-angegriffen-haben\/#primaryimage"},"thumbnailUrl":"https:\/\/now-news.de\/de\/wp-content\/uploads\/sites\/3\/2023\/07\/Franzoesische-Soldaten-sollen-Randalierer-angegriffen-haben.jpg","datePublished":"2023-07-06T15:41:58+00:00","dateModified":"2023-07-06T15:41:58+00:00","breadcrumb":{"@id":"https:\/\/now-news.de\/de\/deutschland\/franzoesische-soldaten-sollen-randalierer-angegriffen-haben\/#breadcrumb"},"inLanguage":"de","potentialAction":[{"@type":"ReadAction","target":["https:\/\/now-news.de\/de\/deutschland\/franzoesische-soldaten-sollen-randalierer-angegriffen-haben\/"]}]},{"@type":"ImageObject","inLanguage":"de","@id":"https:\/\/now-news.de\/de\/deutschland\/franzoesische-soldaten-sollen-randalierer-angegriffen-haben\/#primaryimage","url":"https:\/\/now-news.de\/de\/wp-content\/uploads\/sites\/3\/2023\/07\/Franzoesische-Soldaten-sollen-Randalierer-angegriffen-haben.jpg","contentUrl":"https:\/\/now-news.de\/de\/wp-content\/uploads\/sites\/3\/2023\/07\/Franzoesische-Soldaten-sollen-Randalierer-angegriffen-haben.jpg","width":460,"height":259,"caption":"Franz\u00f6sische Soldaten sollen Randalierer angegriffen haben"},{"@type":"BreadcrumbList","@id":"https:\/\/now-news.de\/de\/deutschland\/franzoesische-soldaten-sollen-randalierer-angegriffen-haben\/#breadcrumb","itemListElement":[{"@type":"ListItem","position":1,"name":"Home","item":"https:\/\/now-news.de\/de\/"},{"@type":"ListItem","position":2,"name":"Franz\u00f6sische Soldaten sollen Randalierer angegriffen haben"}]},{"@type":"WebSite","@id":"https:\/\/now-news.de\/de\/#website","url":"https:\/\/now-news.de\/de\/","name":"just-now.NEWS Deutschland","description":"Das Portal f\u00fcr unzensierte Nachrichten aus der Welt","publisher":{"@id":"https:\/\/now-news.de\/de\/#organization"},"potentialAction":[{"@type":"SearchAction","target":{"@type":"EntryPoint","urlTemplate":"https:\/\/now-news.de\/de\/?s={search_term_string}"},"query-input":"required name=search_term_string"}],"inLanguage":"de"},{"@type":"Organization","@id":"https:\/\/now-news.de\/de\/#organization","name":"Just Now News","url":"https:\/\/now-news.de\/de\/","logo":{"@type":"ImageObject","inLanguage":"de","@id":"https:\/\/now-news.de\/de\/#\/schema\/logo\/image\/","url":"http:\/\/just-now.news\/de\/wp-content\/uploads\/sites\/3\/2022\/04\/logo500x500.jpg","contentUrl":"http:\/\/just-now.news\/de\/wp-content\/uploads\/sites\/3\/2022\/04\/logo500x500.jpg","width":500,"height":500,"caption":"Just Now News"},"image":{"@id":"https:\/\/now-news.de\/de\/#\/schema\/logo\/image\/"},"sameAs":["https:\/\/www.facebook.com\/wirmachenauf","https:\/\/x.com\/WirMachenAuf_de"]},{"@type":"Person","@id":"https:\/\/now-news.de\/de\/#\/schema\/person\/fb534a4e865501d8b3285208df34a9b5","name":"rtnews","image":{"@type":"ImageObject","inLanguage":"de","@id":"https:\/\/now-news.de\/de\/#\/schema\/person\/image\/","url":"https:\/\/secure.gravatar.com\/avatar\/82aafea7d8127119dd649515f56e2117?s=96&d=mm&r=g","contentUrl":"https:\/\/secure.gravatar.com\/avatar\/82aafea7d8127119dd649515f56e2117?s=96&d=mm&r=g","caption":"rtnews"},"url":"https:\/\/now-news.de\/de\/author\/rnews\/"}]}},"_links":{"self":[{"href":"https:\/\/now-news.de\/de\/wp-json\/wp\/v2\/posts\/39577"}],"collection":[{"href":"https:\/\/now-news.de\/de\/wp-json\/wp\/v2\/posts"}],"about":[{"href":"https:\/\/now-news.de\/de\/wp-json\/wp\/v2\/types\/post"}],"author":[{"embeddable":true,"href":"https:\/\/now-news.de\/de\/wp-json\/wp\/v2\/users\/3"}],"replies":[{"embeddable":true,"href":"https:\/\/now-news.de\/de\/wp-json\/wp\/v2\/comments?post=39577"}],"version-history":[{"count":0,"href":"https:\/\/now-news.de\/de\/wp-json\/wp\/v2\/posts\/39577\/revisions"}],"wp:featuredmedia":[{"embeddable":true,"href":"https:\/\/now-news.de\/de\/wp-json\/wp\/v2\/media\/39578"}],"wp:attachment":[{"href":"https:\/\/now-news.de\/de\/wp-json\/wp\/v2\/media?parent=39577"}],"wp:term":[{"taxonomy":"category","embeddable":true,"href":"https:\/\/now-news.de\/de\/wp-json\/wp\/v2\/categories?post=39577"},{"taxonomy":"post_tag","embeddable":true,"href":"https:\/\/now-news.de\/de\/wp-json\/wp\/v2\/tags?post=39577"}],"curies":[{"name":"wp","href":"https:\/\/api.w.org\/{rel}","templated":true}]}}