{"id":39573,"date":"2023-07-06T17:07:10","date_gmt":"2023-07-06T15:07:10","guid":{"rendered":"https:\/\/just-now.news\/de\/deutschland\/neue-umfrage-sieht-afd-auch-in-mecklenburg-vorpommern-als-staerkste-kraft\/"},"modified":"2023-07-06T17:07:10","modified_gmt":"2023-07-06T15:07:10","slug":"neue-umfrage-sieht-afd-auch-in-mecklenburg-vorpommern-als-staerkste-kraft","status":"publish","type":"post","link":"https:\/\/now-news.de\/de\/deutschland\/neue-umfrage-sieht-afd-auch-in-mecklenburg-vorpommern-als-staerkste-kraft\/","title":{"rendered":"Neue Umfrage sieht AfD auch in Mecklenburg-Vorpommern als st\u00e4rkste Kraft"},"content":{"rendered":"<p><img decoding=\"async\" src=\"http:\/\/just-now.news\/de\/wp-content\/uploads\/sites\/3\/2023\/07\/64a6c63748fbef68c5133fbe.jpg\" \/><\/p>\n<div class=\"Text-root Text-type_1 \">\n                Es geht weiter: Eine neue Umfrage sieht die AfD nun auch im Nordosten der Bundesrepublik als st\u00e4rkste Kraft. Gleich vier Prozentpunkte kann die Partei in Mecklenburg-Vorpommern demnach zulegen. F\u00fcr die regierende SPD langt es nur noch f\u00fcr Rang zwei.\n            <\/div>\n<p><\/p>\n<div class=\"Text-root Text-type_5 ArticleView-text ViewText-root \">\n<p>Eine neue Umfrage sieht die AfD nun auch\u00a0in Mecklenburg-Vorpommern als st\u00e4rkste Kraft. Damit liegt die Partei vor den in Schwerin regierenden Sozialdemokraten. W\u00e4re am Sonntag Landtagswahl, k\u00e4me die AfD laut Umfrage des Meinungsforschungsinstituts INSA im Auftrag der Tageszeitung <em>Nordkurier<\/em>\u00a0auf 29 Prozent. Das bedeutet f\u00fcr die Partei ein neues Allzeithoch im Nordosten.<\/p>\n<p>Die SPD von Ministerpr\u00e4sidentin Manuela Schwesig liegt laut\u00a0INSA bei 27 Prozent. Bei der letzten INSA-Umfrage im April hatte die SPD mit 28 Prozent noch drei Prozentpunkte\u00a0vor der AfD gelegen. Seitdem konnte die AfD vier Prozentpunkte zulegen, w\u00e4hrend die Sozialdemokraten einen Prozentpunkt abgaben.<\/p>\n<p data-t='{\"n\":\"blueLinks\"}'>Mit deutlichem Abstand liegt die\u00a0CDU\u00a0auf Rang drei. Die Christdemokraten erreichen mit 18 Prozent einen Prozentpunkt\u00a0weniger als im April. Dahinter folgt die Linke mit nur noch zehn Prozent\u00a0(-1). Die Gr\u00fcnen k\u00e4men mit unver\u00e4ndert sechs Prozent knapp in den Landtag, die\u00a0FDP\u00a0w\u00fcrde\u00a0den Einzug mit vier Prozent (-1) verpassen.<\/p>\n<div class=\"EmbedBlock-root EmbedBlock-twitter\">\n<div class=\"TwitterEmbed\">\n<blockquote class=\"twitter-tweet lazyload\" data-twitter=\"twitter-tweet\">\n<p lang=\"de\" dir=\"ltr\">Sonntagsfrage zur Landtagswahl in Mecklenburg-Vorpommern (<a rel=\"nofollow noopener\" target=\"_blank\" href=\"https:\/\/twitter.com\/hashtag\/ltwmv?src=hash&amp;ref_src=twsrc%5Etfw\">#ltwmv<\/a>) \u2022 INSA\/Nordkurier: AfD 29 % | SPD 27 % | CDU 18 % | DIE LINKE 10 % | GR\u00dcNE 6 % | FDP 4 % | Sonstige 6 %\u27a4 Verlauf: <a rel=\"nofollow noopener\" target=\"_blank\" href=\"https:\/\/t.co\/N1dlmCCV4N\">https:\/\/t.co\/N1dlmCCV4N<\/a>\ud83d\uddd3\ufe0fLandtagswahl: vorauss. Herbst 2026 <a rel=\"nofollow noopener\" target=\"_blank\" href=\"https:\/\/t.co\/cmCK0AgBaR\">pic.twitter.com\/cmCK0AgBaR<\/a><\/p>\n<p>\u2014 Wahlrecht.de (@Wahlrecht_de) <a rel=\"nofollow noopener\" target=\"_blank\" href=\"https:\/\/twitter.com\/Wahlrecht_de\/status\/1676821552967348225?ref_src=twsrc%5Etfw\">July 6, 2023<\/a><\/p><\/blockquote>\n<\/div>\n<\/div>\n<p data-t='{\"n\":\"blueLinks\"}'>Bei der Landtagswahl im September 2021 hatte die SPD 39,6 Prozent erreicht. Die AfD war mit 16,7 Prozent auf Platz zwei gekommen, vor der CDU mit 13,3 Prozent. Die Linke hatte 9,9 Prozent erreicht, Gr\u00fcne und FDP hatten es mit 6,3 bzw. 5,8 Prozent ebenfalls\u00a0in den Landtag geschafft.<\/p>\n<p data-t='{\"n\":\"blueLinks\"}'>F\u00fcr die INSA-Umfrage wurden im Zeitraum von 26. Juni bis 3. Juli 1.000 Menschen \u00fcber 18 Jahre befragt, teils telefonisch, teils online. Die n\u00e4chsten Landtagswahlen in Mecklenburg-Vorpommern stehen erst 2026 an.<\/p>\n<div class=\"EmbedBlock-root EmbedBlock-twitter\">\n<div class=\"TwitterEmbed\">\n<blockquote class=\"twitter-tweet lazyload\" data-twitter=\"twitter-tweet\">\n<p lang=\"de\" dir=\"ltr\">Sonntagsfrage zur Bundestagswahl \u2022 INSA\/BILD: Die Werte mit getrennter Ausweisung der Unionsparteien.F\u00fcr die Kr\u00e4fteverh\u00e4ltnisse im Bundestag ist aufgrund der Fraktionsgemeinschaft die Summe entscheidend (solange die CSU die Sperrklausel \u00fcberwindet).<a rel=\"nofollow noopener\" target=\"_blank\" href=\"https:\/\/t.co\/5YHOiR9tWZ\">https:\/\/t.co\/5YHOiR9tWZ<\/a><a rel=\"nofollow noopener\" target=\"_blank\" href=\"https:\/\/t.co\/AIZKDwZgUU\">pic.twitter.com\/AIZKDwZgUU<\/a><\/p>\n<p>\u2014 Wahlrecht.de (@Wahlrecht_de) <a rel=\"nofollow noopener\" target=\"_blank\" href=\"https:\/\/twitter.com\/Wahlrecht_de\/status\/1676311110419378179?ref_src=twsrc%5Etfw\">July 4, 2023<\/a><\/p><\/blockquote>\n<\/div>\n<\/div>\n<p data-t='{\"n\":\"blueLinks\"}'>Die AfD\u00a0befindet sich derzeit bundesweit im Umfragehoch. Vor wenigen Tagen erst erreichte die Partei in Th\u00fcringen den H\u00f6chstwert von 34 Prozent. Auch eine aktuelle INSA-Umfrage zur Bundestagswahl sah die AfD bei einer getrennten Ausweisung der Unionsparteien CDU und CSU als st\u00e4rkste Kraft.<\/p>\n<p data-t='{\"n\":\"blueLinks\"}'><strong>Mehr zum Thema<\/strong> \u2013 <a rel=\"nofollow noopener\" target=\"_blank\" href=\"https:\/\/freeassange.rtde.live\/meinung\/173966-hoellenfeuer-in-sonneberg-ist-erst\/\">H\u00f6llenfeuer in Sonneberg: Das ist erst der Anfang<\/a><\/p>\n<\/div>\n<p><script async src=\"https:\/\/platform.twitter.com\/widgets.js\" charset=\"utf-8\"><\/script><br \/>\n<br \/><br \/>\n<br \/><a href=\"https:\/\/de.rt.com\/inland\/174557-neue-umfrage-sieht-afd-auch-in-mecklenburg-vorpommern-als-staerkste-kraft\/\">Source link <\/a><\/p>\n","protected":false},"excerpt":{"rendered":"<p>Es geht weiter: Eine neue Umfrage sieht die AfD nun auch im Nordosten der Bundesrepublik als st\u00e4rkste Kraft. Gleich vier Prozentpunkte kann die Partei in Mecklenburg-Vorpommern demnach zulegen. F\u00fcr die regierende SPD langt es nur noch f\u00fcr Rang zwei. Eine neue Umfrage sieht die AfD nun auch\u00a0in Mecklenburg-Vorpommern als st\u00e4rkste Kraft. Damit liegt die Partei [&hellip;]<\/p>\n","protected":false},"author":3,"featured_media":39574,"comment_status":"open","ping_status":"open","sticky":false,"template":"","format":"standard","meta":{"_yoast_indexnow_last_ping":["1688656254"],"wp_automatic_camp":["217"],"e5af361b592b71577505e6230c3a6d21":["Neue Umfrage sieht AfD auch in Mecklenburg-Vorpommern als st\u00e4rkste Kraft"],"original_link":["https:\/\/de.rt.com\/inland\/174557-neue-umfrage-sieht-afd-auch-in-mecklenburg-vorpommern-als-staerkste-kraft\/"],"_thumbnail_id":["39574"],"_wptgpro_p2tg_sent2tg":["a:1:{i:23737;s:19:\"2023-07-06 17:12:06\";}"],"jnews_social_counter_last_update":["1777622296"]},"categories":[19,23],"tags":[3815,273,1475,13722,1941,1227,6809,34095,1428],"yoast_head":"<!-- This site is optimized with the Yoast SEO Premium plugin v22.7 (Yoast SEO v22.7) - https:\/\/yoast.com\/wordpress\/plugins\/seo\/ -->\n<title>Neue Umfrage sieht AfD auch in Mecklenburg-Vorpommern als st\u00e4rkste Kraft - just-now.NEWS Deutschland<\/title>\n<meta name=\"robots\" content=\"index, follow, max-snippet:-1, max-image-preview:large, max-video-preview:-1\" \/>\n<link rel=\"canonical\" href=\"https:\/\/now-news.de\/de\/deutschland\/neue-umfrage-sieht-afd-auch-in-mecklenburg-vorpommern-als-staerkste-kraft\/\" \/>\n<meta property=\"og:locale\" content=\"de_DE\" \/>\n<meta property=\"og:type\" content=\"article\" \/>\n<meta property=\"og:title\" content=\"Neue Umfrage sieht AfD auch in Mecklenburg-Vorpommern als st\u00e4rkste Kraft\" \/>\n<meta property=\"og:description\" content=\"Es geht weiter: Eine neue Umfrage sieht die AfD nun auch im Nordosten der Bundesrepublik als st\u00e4rkste Kraft. Gleich vier Prozentpunkte kann die Partei in Mecklenburg-Vorpommern demnach zulegen. F\u00fcr die regierende SPD langt es nur noch f\u00fcr Rang zwei. Eine neue Umfrage sieht die AfD nun auch\u00a0in Mecklenburg-Vorpommern als st\u00e4rkste Kraft. Damit liegt die Partei [&hellip;]\" \/>\n<meta property=\"og:url\" content=\"https:\/\/now-news.de\/de\/deutschland\/neue-umfrage-sieht-afd-auch-in-mecklenburg-vorpommern-als-staerkste-kraft\/\" \/>\n<meta property=\"og:site_name\" content=\"just-now.NEWS Deutschland\" \/>\n<meta property=\"article:publisher\" content=\"https:\/\/www.facebook.com\/wirmachenauf\" \/>\n<meta property=\"article:published_time\" content=\"2023-07-06T15:07:10+00:00\" \/>\n<meta property=\"og:image\" content=\"https:\/\/now-news.de\/de\/wp-content\/uploads\/sites\/3\/2023\/07\/Neue-Umfrage-sieht-AfD-auch-in-Mecklenburg-Vorpommern-als-staerkste-Kraft.jpg\" \/>\n\t<meta property=\"og:image:width\" content=\"460\" \/>\n\t<meta property=\"og:image:height\" content=\"259\" \/>\n\t<meta property=\"og:image:type\" content=\"image\/jpeg\" \/>\n<meta name=\"author\" content=\"rtnews\" \/>\n<meta name=\"twitter:card\" content=\"summary_large_image\" \/>\n<meta name=\"twitter:creator\" content=\"@WirMachenAuf_de\" \/>\n<meta name=\"twitter:site\" content=\"@WirMachenAuf_de\" \/>\n<meta name=\"twitter:label1\" content=\"Verfasst von\" \/>\n\t<meta name=\"twitter:data1\" content=\"rtnews\" \/>\n\t<meta name=\"twitter:label2\" content=\"Gesch\u00e4tzte Lesezeit\" \/>\n\t<meta name=\"twitter:data2\" content=\"2\u00a0Minuten\" \/>\n<script type=\"application\/ld+json\" class=\"yoast-schema-graph\">{\"@context\":\"https:\/\/schema.org\",\"@graph\":[{\"@type\":\"Article\",\"@id\":\"https:\/\/now-news.de\/de\/deutschland\/neue-umfrage-sieht-afd-auch-in-mecklenburg-vorpommern-als-staerkste-kraft\/#article\",\"isPartOf\":{\"@id\":\"https:\/\/now-news.de\/de\/deutschland\/neue-umfrage-sieht-afd-auch-in-mecklenburg-vorpommern-als-staerkste-kraft\/\"},\"author\":{\"name\":\"rtnews\",\"@id\":\"https:\/\/now-news.de\/de\/#\/schema\/person\/fb534a4e865501d8b3285208df34a9b5\"},\"headline\":\"Neue Umfrage sieht AfD auch in Mecklenburg-Vorpommern als st\u00e4rkste Kraft\",\"datePublished\":\"2023-07-06T15:07:10+00:00\",\"dateModified\":\"2023-07-06T15:07:10+00:00\",\"mainEntityOfPage\":{\"@id\":\"https:\/\/now-news.de\/de\/deutschland\/neue-umfrage-sieht-afd-auch-in-mecklenburg-vorpommern-als-staerkste-kraft\/\"},\"wordCount\":423,\"commentCount\":0,\"publisher\":{\"@id\":\"https:\/\/now-news.de\/de\/#organization\"},\"image\":{\"@id\":\"https:\/\/now-news.de\/de\/deutschland\/neue-umfrage-sieht-afd-auch-in-mecklenburg-vorpommern-als-staerkste-kraft\/#primaryimage\"},\"thumbnailUrl\":\"https:\/\/now-news.de\/de\/wp-content\/uploads\/sites\/3\/2023\/07\/Neue-Umfrage-sieht-AfD-auch-in-Mecklenburg-Vorpommern-als-staerkste-Kraft.jpg\",\"keywords\":[\"AfD\",\"als\",\"auch\",\"Kraft\",\"MecklenburgVorpommern\",\"NEUE\",\"sieht\",\"st\u00e4rkste\",\"Umfrage\"],\"articleSection\":[\"Deutschland\",\"Russland\"],\"inLanguage\":\"de\",\"potentialAction\":[{\"@type\":\"CommentAction\",\"name\":\"Comment\",\"target\":[\"https:\/\/now-news.de\/de\/deutschland\/neue-umfrage-sieht-afd-auch-in-mecklenburg-vorpommern-als-staerkste-kraft\/#respond\"]}]},{\"@type\":\"WebPage\",\"@id\":\"https:\/\/now-news.de\/de\/deutschland\/neue-umfrage-sieht-afd-auch-in-mecklenburg-vorpommern-als-staerkste-kraft\/\",\"url\":\"https:\/\/now-news.de\/de\/deutschland\/neue-umfrage-sieht-afd-auch-in-mecklenburg-vorpommern-als-staerkste-kraft\/\",\"name\":\"Neue Umfrage sieht AfD auch in Mecklenburg-Vorpommern als st\u00e4rkste Kraft - just-now.NEWS Deutschland\",\"isPartOf\":{\"@id\":\"https:\/\/now-news.de\/de\/#website\"},\"primaryImageOfPage\":{\"@id\":\"https:\/\/now-news.de\/de\/deutschland\/neue-umfrage-sieht-afd-auch-in-mecklenburg-vorpommern-als-staerkste-kraft\/#primaryimage\"},\"image\":{\"@id\":\"https:\/\/now-news.de\/de\/deutschland\/neue-umfrage-sieht-afd-auch-in-mecklenburg-vorpommern-als-staerkste-kraft\/#primaryimage\"},\"thumbnailUrl\":\"https:\/\/now-news.de\/de\/wp-content\/uploads\/sites\/3\/2023\/07\/Neue-Umfrage-sieht-AfD-auch-in-Mecklenburg-Vorpommern-als-staerkste-Kraft.jpg\",\"datePublished\":\"2023-07-06T15:07:10+00:00\",\"dateModified\":\"2023-07-06T15:07:10+00:00\",\"breadcrumb\":{\"@id\":\"https:\/\/now-news.de\/de\/deutschland\/neue-umfrage-sieht-afd-auch-in-mecklenburg-vorpommern-als-staerkste-kraft\/#breadcrumb\"},\"inLanguage\":\"de\",\"potentialAction\":[{\"@type\":\"ReadAction\",\"target\":[\"https:\/\/now-news.de\/de\/deutschland\/neue-umfrage-sieht-afd-auch-in-mecklenburg-vorpommern-als-staerkste-kraft\/\"]}]},{\"@type\":\"ImageObject\",\"inLanguage\":\"de\",\"@id\":\"https:\/\/now-news.de\/de\/deutschland\/neue-umfrage-sieht-afd-auch-in-mecklenburg-vorpommern-als-staerkste-kraft\/#primaryimage\",\"url\":\"https:\/\/now-news.de\/de\/wp-content\/uploads\/sites\/3\/2023\/07\/Neue-Umfrage-sieht-AfD-auch-in-Mecklenburg-Vorpommern-als-staerkste-Kraft.jpg\",\"contentUrl\":\"https:\/\/now-news.de\/de\/wp-content\/uploads\/sites\/3\/2023\/07\/Neue-Umfrage-sieht-AfD-auch-in-Mecklenburg-Vorpommern-als-staerkste-Kraft.jpg\",\"width\":460,\"height\":259,\"caption\":\"Neue Umfrage sieht AfD auch in Mecklenburg-Vorpommern als st\u00e4rkste Kraft\"},{\"@type\":\"BreadcrumbList\",\"@id\":\"https:\/\/now-news.de\/de\/deutschland\/neue-umfrage-sieht-afd-auch-in-mecklenburg-vorpommern-als-staerkste-kraft\/#breadcrumb\",\"itemListElement\":[{\"@type\":\"ListItem\",\"position\":1,\"name\":\"Home\",\"item\":\"https:\/\/now-news.de\/de\/\"},{\"@type\":\"ListItem\",\"position\":2,\"name\":\"Neue Umfrage sieht AfD auch in Mecklenburg-Vorpommern als st\u00e4rkste Kraft\"}]},{\"@type\":\"WebSite\",\"@id\":\"https:\/\/now-news.de\/de\/#website\",\"url\":\"https:\/\/now-news.de\/de\/\",\"name\":\"just-now.NEWS Deutschland\",\"description\":\"Das Portal f\u00fcr unzensierte Nachrichten aus der Welt\",\"publisher\":{\"@id\":\"https:\/\/now-news.de\/de\/#organization\"},\"potentialAction\":[{\"@type\":\"SearchAction\",\"target\":{\"@type\":\"EntryPoint\",\"urlTemplate\":\"https:\/\/now-news.de\/de\/?s={search_term_string}\"},\"query-input\":\"required name=search_term_string\"}],\"inLanguage\":\"de\"},{\"@type\":\"Organization\",\"@id\":\"https:\/\/now-news.de\/de\/#organization\",\"name\":\"Just Now News\",\"url\":\"https:\/\/now-news.de\/de\/\",\"logo\":{\"@type\":\"ImageObject\",\"inLanguage\":\"de\",\"@id\":\"https:\/\/now-news.de\/de\/#\/schema\/logo\/image\/\",\"url\":\"http:\/\/just-now.news\/de\/wp-content\/uploads\/sites\/3\/2022\/04\/logo500x500.jpg\",\"contentUrl\":\"http:\/\/just-now.news\/de\/wp-content\/uploads\/sites\/3\/2022\/04\/logo500x500.jpg\",\"width\":500,\"height\":500,\"caption\":\"Just Now News\"},\"image\":{\"@id\":\"https:\/\/now-news.de\/de\/#\/schema\/logo\/image\/\"},\"sameAs\":[\"https:\/\/www.facebook.com\/wirmachenauf\",\"https:\/\/x.com\/WirMachenAuf_de\"]},{\"@type\":\"Person\",\"@id\":\"https:\/\/now-news.de\/de\/#\/schema\/person\/fb534a4e865501d8b3285208df34a9b5\",\"name\":\"rtnews\",\"image\":{\"@type\":\"ImageObject\",\"inLanguage\":\"de\",\"@id\":\"https:\/\/now-news.de\/de\/#\/schema\/person\/image\/\",\"url\":\"https:\/\/secure.gravatar.com\/avatar\/82aafea7d8127119dd649515f56e2117?s=96&d=mm&r=g\",\"contentUrl\":\"https:\/\/secure.gravatar.com\/avatar\/82aafea7d8127119dd649515f56e2117?s=96&d=mm&r=g\",\"caption\":\"rtnews\"},\"url\":\"https:\/\/now-news.de\/de\/author\/rnews\/\"}]}<\/script>\n<!-- \/ Yoast SEO Premium plugin. -->","yoast_head_json":{"title":"Neue Umfrage sieht AfD auch in Mecklenburg-Vorpommern als st\u00e4rkste Kraft - just-now.NEWS Deutschland","robots":{"index":"index","follow":"follow","max-snippet":"max-snippet:-1","max-image-preview":"max-image-preview:large","max-video-preview":"max-video-preview:-1"},"canonical":"https:\/\/now-news.de\/de\/deutschland\/neue-umfrage-sieht-afd-auch-in-mecklenburg-vorpommern-als-staerkste-kraft\/","og_locale":"de_DE","og_type":"article","og_title":"Neue Umfrage sieht AfD auch in Mecklenburg-Vorpommern als st\u00e4rkste Kraft","og_description":"Es geht weiter: Eine neue Umfrage sieht die AfD nun auch im Nordosten der Bundesrepublik als st\u00e4rkste Kraft. Gleich vier Prozentpunkte kann die Partei in Mecklenburg-Vorpommern demnach zulegen. F\u00fcr die regierende SPD langt es nur noch f\u00fcr Rang zwei. Eine neue Umfrage sieht die AfD nun auch\u00a0in Mecklenburg-Vorpommern als st\u00e4rkste Kraft. Damit liegt die Partei [&hellip;]","og_url":"https:\/\/now-news.de\/de\/deutschland\/neue-umfrage-sieht-afd-auch-in-mecklenburg-vorpommern-als-staerkste-kraft\/","og_site_name":"just-now.NEWS Deutschland","article_publisher":"https:\/\/www.facebook.com\/wirmachenauf","article_published_time":"2023-07-06T15:07:10+00:00","og_image":[{"width":460,"height":259,"url":"https:\/\/now-news.de\/de\/wp-content\/uploads\/sites\/3\/2023\/07\/Neue-Umfrage-sieht-AfD-auch-in-Mecklenburg-Vorpommern-als-staerkste-Kraft.jpg","type":"image\/jpeg"}],"author":"rtnews","twitter_card":"summary_large_image","twitter_creator":"@WirMachenAuf_de","twitter_site":"@WirMachenAuf_de","twitter_misc":{"Verfasst von":"rtnews","Gesch\u00e4tzte Lesezeit":"2\u00a0Minuten"},"schema":{"@context":"https:\/\/schema.org","@graph":[{"@type":"Article","@id":"https:\/\/now-news.de\/de\/deutschland\/neue-umfrage-sieht-afd-auch-in-mecklenburg-vorpommern-als-staerkste-kraft\/#article","isPartOf":{"@id":"https:\/\/now-news.de\/de\/deutschland\/neue-umfrage-sieht-afd-auch-in-mecklenburg-vorpommern-als-staerkste-kraft\/"},"author":{"name":"rtnews","@id":"https:\/\/now-news.de\/de\/#\/schema\/person\/fb534a4e865501d8b3285208df34a9b5"},"headline":"Neue Umfrage sieht AfD auch in Mecklenburg-Vorpommern als st\u00e4rkste Kraft","datePublished":"2023-07-06T15:07:10+00:00","dateModified":"2023-07-06T15:07:10+00:00","mainEntityOfPage":{"@id":"https:\/\/now-news.de\/de\/deutschland\/neue-umfrage-sieht-afd-auch-in-mecklenburg-vorpommern-als-staerkste-kraft\/"},"wordCount":423,"commentCount":0,"publisher":{"@id":"https:\/\/now-news.de\/de\/#organization"},"image":{"@id":"https:\/\/now-news.de\/de\/deutschland\/neue-umfrage-sieht-afd-auch-in-mecklenburg-vorpommern-als-staerkste-kraft\/#primaryimage"},"thumbnailUrl":"https:\/\/now-news.de\/de\/wp-content\/uploads\/sites\/3\/2023\/07\/Neue-Umfrage-sieht-AfD-auch-in-Mecklenburg-Vorpommern-als-staerkste-Kraft.jpg","keywords":["AfD","als","auch","Kraft","MecklenburgVorpommern","NEUE","sieht","st\u00e4rkste","Umfrage"],"articleSection":["Deutschland","Russland"],"inLanguage":"de","potentialAction":[{"@type":"CommentAction","name":"Comment","target":["https:\/\/now-news.de\/de\/deutschland\/neue-umfrage-sieht-afd-auch-in-mecklenburg-vorpommern-als-staerkste-kraft\/#respond"]}]},{"@type":"WebPage","@id":"https:\/\/now-news.de\/de\/deutschland\/neue-umfrage-sieht-afd-auch-in-mecklenburg-vorpommern-als-staerkste-kraft\/","url":"https:\/\/now-news.de\/de\/deutschland\/neue-umfrage-sieht-afd-auch-in-mecklenburg-vorpommern-als-staerkste-kraft\/","name":"Neue Umfrage sieht AfD auch in Mecklenburg-Vorpommern als st\u00e4rkste Kraft - just-now.NEWS Deutschland","isPartOf":{"@id":"https:\/\/now-news.de\/de\/#website"},"primaryImageOfPage":{"@id":"https:\/\/now-news.de\/de\/deutschland\/neue-umfrage-sieht-afd-auch-in-mecklenburg-vorpommern-als-staerkste-kraft\/#primaryimage"},"image":{"@id":"https:\/\/now-news.de\/de\/deutschland\/neue-umfrage-sieht-afd-auch-in-mecklenburg-vorpommern-als-staerkste-kraft\/#primaryimage"},"thumbnailUrl":"https:\/\/now-news.de\/de\/wp-content\/uploads\/sites\/3\/2023\/07\/Neue-Umfrage-sieht-AfD-auch-in-Mecklenburg-Vorpommern-als-staerkste-Kraft.jpg","datePublished":"2023-07-06T15:07:10+00:00","dateModified":"2023-07-06T15:07:10+00:00","breadcrumb":{"@id":"https:\/\/now-news.de\/de\/deutschland\/neue-umfrage-sieht-afd-auch-in-mecklenburg-vorpommern-als-staerkste-kraft\/#breadcrumb"},"inLanguage":"de","potentialAction":[{"@type":"ReadAction","target":["https:\/\/now-news.de\/de\/deutschland\/neue-umfrage-sieht-afd-auch-in-mecklenburg-vorpommern-als-staerkste-kraft\/"]}]},{"@type":"ImageObject","inLanguage":"de","@id":"https:\/\/now-news.de\/de\/deutschland\/neue-umfrage-sieht-afd-auch-in-mecklenburg-vorpommern-als-staerkste-kraft\/#primaryimage","url":"https:\/\/now-news.de\/de\/wp-content\/uploads\/sites\/3\/2023\/07\/Neue-Umfrage-sieht-AfD-auch-in-Mecklenburg-Vorpommern-als-staerkste-Kraft.jpg","contentUrl":"https:\/\/now-news.de\/de\/wp-content\/uploads\/sites\/3\/2023\/07\/Neue-Umfrage-sieht-AfD-auch-in-Mecklenburg-Vorpommern-als-staerkste-Kraft.jpg","width":460,"height":259,"caption":"Neue Umfrage sieht AfD auch in Mecklenburg-Vorpommern als st\u00e4rkste Kraft"},{"@type":"BreadcrumbList","@id":"https:\/\/now-news.de\/de\/deutschland\/neue-umfrage-sieht-afd-auch-in-mecklenburg-vorpommern-als-staerkste-kraft\/#breadcrumb","itemListElement":[{"@type":"ListItem","position":1,"name":"Home","item":"https:\/\/now-news.de\/de\/"},{"@type":"ListItem","position":2,"name":"Neue Umfrage sieht AfD auch in Mecklenburg-Vorpommern als st\u00e4rkste Kraft"}]},{"@type":"WebSite","@id":"https:\/\/now-news.de\/de\/#website","url":"https:\/\/now-news.de\/de\/","name":"just-now.NEWS Deutschland","description":"Das Portal f\u00fcr unzensierte Nachrichten aus der Welt","publisher":{"@id":"https:\/\/now-news.de\/de\/#organization"},"potentialAction":[{"@type":"SearchAction","target":{"@type":"EntryPoint","urlTemplate":"https:\/\/now-news.de\/de\/?s={search_term_string}"},"query-input":"required name=search_term_string"}],"inLanguage":"de"},{"@type":"Organization","@id":"https:\/\/now-news.de\/de\/#organization","name":"Just Now News","url":"https:\/\/now-news.de\/de\/","logo":{"@type":"ImageObject","inLanguage":"de","@id":"https:\/\/now-news.de\/de\/#\/schema\/logo\/image\/","url":"http:\/\/just-now.news\/de\/wp-content\/uploads\/sites\/3\/2022\/04\/logo500x500.jpg","contentUrl":"http:\/\/just-now.news\/de\/wp-content\/uploads\/sites\/3\/2022\/04\/logo500x500.jpg","width":500,"height":500,"caption":"Just Now News"},"image":{"@id":"https:\/\/now-news.de\/de\/#\/schema\/logo\/image\/"},"sameAs":["https:\/\/www.facebook.com\/wirmachenauf","https:\/\/x.com\/WirMachenAuf_de"]},{"@type":"Person","@id":"https:\/\/now-news.de\/de\/#\/schema\/person\/fb534a4e865501d8b3285208df34a9b5","name":"rtnews","image":{"@type":"ImageObject","inLanguage":"de","@id":"https:\/\/now-news.de\/de\/#\/schema\/person\/image\/","url":"https:\/\/secure.gravatar.com\/avatar\/82aafea7d8127119dd649515f56e2117?s=96&d=mm&r=g","contentUrl":"https:\/\/secure.gravatar.com\/avatar\/82aafea7d8127119dd649515f56e2117?s=96&d=mm&r=g","caption":"rtnews"},"url":"https:\/\/now-news.de\/de\/author\/rnews\/"}]}},"_links":{"self":[{"href":"https:\/\/now-news.de\/de\/wp-json\/wp\/v2\/posts\/39573"}],"collection":[{"href":"https:\/\/now-news.de\/de\/wp-json\/wp\/v2\/posts"}],"about":[{"href":"https:\/\/now-news.de\/de\/wp-json\/wp\/v2\/types\/post"}],"author":[{"embeddable":true,"href":"https:\/\/now-news.de\/de\/wp-json\/wp\/v2\/users\/3"}],"replies":[{"embeddable":true,"href":"https:\/\/now-news.de\/de\/wp-json\/wp\/v2\/comments?post=39573"}],"version-history":[{"count":0,"href":"https:\/\/now-news.de\/de\/wp-json\/wp\/v2\/posts\/39573\/revisions"}],"wp:featuredmedia":[{"embeddable":true,"href":"https:\/\/now-news.de\/de\/wp-json\/wp\/v2\/media\/39574"}],"wp:attachment":[{"href":"https:\/\/now-news.de\/de\/wp-json\/wp\/v2\/media?parent=39573"}],"wp:term":[{"taxonomy":"category","embeddable":true,"href":"https:\/\/now-news.de\/de\/wp-json\/wp\/v2\/categories?post=39573"},{"taxonomy":"post_tag","embeddable":true,"href":"https:\/\/now-news.de\/de\/wp-json\/wp\/v2\/tags?post=39573"}],"curies":[{"name":"wp","href":"https:\/\/api.w.org\/{rel}","templated":true}]}}