{"id":39548,"date":"2023-07-06T12:45:56","date_gmt":"2023-07-06T10:45:56","guid":{"rendered":"https:\/\/just-now.news\/de\/deutschland\/un-kommissar-fuer-menschenrechte-fordert-aufhebung-der-sanktionen-gegen-venezuela\/"},"modified":"2023-07-06T12:45:56","modified_gmt":"2023-07-06T10:45:56","slug":"un-kommissar-fuer-menschenrechte-fordert-aufhebung-der-sanktionen-gegen-venezuela","status":"publish","type":"post","link":"https:\/\/now-news.de\/de\/deutschland\/un-kommissar-fuer-menschenrechte-fordert-aufhebung-der-sanktionen-gegen-venezuela\/","title":{"rendered":"UN-Kommissar f\u00fcr Menschenrechte fordert Aufhebung der Sanktionen gegen Venezuela"},"content":{"rendered":"<p><img decoding=\"async\" src=\"http:\/\/just-now.news\/de\/wp-content\/uploads\/sites\/3\/2023\/07\/64a677a1b480cc74992d04ca.jpg\" \/><\/p>\n<div class=\"Text-root Text-type_1 \">\n                Die fortbestehenden US-Sanktionen gegen Venezuela setzen der Wirtschaft des s\u00fcdamerikanischen Landes stark zu. Nach eigenen Sch\u00e4tzungen hat Caracas seit dem Jahr 2015 dadurch 232 Milliarden US-Dollar verloren. Die UNO stellt negative Folgen f\u00fcr die Bev\u00f6lkerung fest.\n            <\/div>\n<p><\/p>\n<div class=\"Text-root Text-type_5 ArticleView-text ViewText-root \">\n<p>Volker T\u00fcrk, der Hohe Kommissar der Vereinten Nationen f\u00fcr Menschenrechte, hat am Mittwoch die einseitigen US-Sanktionen gegen Venezuela kritisiert. Bei einer Sitzung des UN-Menschenrechtsrats in Genf verwies der \u00d6sterreicher auf die negativen Folgen der Restriktionen f\u00fcr die Bev\u00f6lkerung des s\u00fcdamerikanischen Landes und forderte die Aufhebung der wirtschaftlichen Strafma\u00dfnahmen.<\/p>\n<blockquote>\n<p><em>&#8220;Die sektoralen Sanktionen verschlimmern weiterhin die menschenrechtlichen Probleme des Landes und wirken sich auf die Rechte der Venezolanerinnen und Venezolaner negativ aus. Das betrifft auch ihren Zugang zu Medikamenten und einer ad\u00e4quaten medizinischen Versorgung.&#8221;<\/em><\/p>\n<\/blockquote>\n<p>In seinem Bericht zu der Menschenrechtssituation in Venezuela pl\u00e4dierte T\u00fcrk daf\u00fcr, die Bem\u00fchungen zu unterst\u00fctzen, die zu einem &#8220;inklusiven und wirksamen Dialog&#8221; unter der \u00f6rtlichen Bev\u00f6lkerung f\u00fchren k\u00f6nnten. Es sei notwendig, das Vertrauen wiederherzustellen und einen &#8220;koh\u00e4siven gesellschaftlichen Vertrag&#8221; zu erarbeiten. In diesem Zusammenhang begr\u00fc\u00dfte er ein Teilabkommen, das die Regierung von Pr\u00e4sident Nicol\u00e1s Maduro im November 2022 unter Vermittlung von Mexiko mit Vertretern der Opposition erzielt hatte.<\/p>\n<div class=\"EmbedBlock-root EmbedBlock-twitter\">\n<div class=\"TwitterEmbed\">\n<blockquote class=\"twitter-tweet lazyload\" data-twitter=\"twitter-tweet\">\n<p lang=\"es\" dir=\"ltr\">\ud83d\udd34 AHORA en la <a rel=\"nofollow noopener\" target=\"_blank\" href=\"https:\/\/twitter.com\/hashtag\/HRC53?src=hash&amp;ref_src=twsrc%5Etfw\">#HRC53<\/a> Di\u00e1logo interactivo sobre el \u00faltimo informe del Alto comisionado de <a rel=\"nofollow noopener\" target=\"_blank\" href=\"https:\/\/twitter.com\/ONU_es?ref_src=twsrc%5Etfw\">@ONU_es<\/a> para los derechos humanos, <a rel=\"nofollow noopener\" target=\"_blank\" href=\"https:\/\/twitter.com\/volker_turk?ref_src=twsrc%5Etfw\">@volker_turk<\/a>, sobre <a rel=\"nofollow noopener\" target=\"_blank\" href=\"https:\/\/twitter.com\/hashtag\/Venezuela?src=hash&amp;ref_src=twsrc%5Etfw\">#Venezuela<\/a> \ud83d\udcfaEN DIRECTO\u2935\ufe0f<a rel=\"nofollow noopener\" target=\"_blank\" href=\"https:\/\/t.co\/6RtDiZkr1n\">https:\/\/t.co\/6RtDiZkr1n<\/a><\/p>\n<p>\u2014 United Nations Human Rights Council \ud83d\udccd #HRC53 (@UN_HRC) <a rel=\"nofollow noopener\" target=\"_blank\" href=\"https:\/\/twitter.com\/UN_HRC\/status\/1676603663681241093?ref_src=twsrc%5Etfw\">July 5, 2023<\/a><\/p><\/blockquote>\n<\/div>\n<\/div>\n<p>\u00dcber ihren st\u00e4ndigen Vertreter H\u00e9ctor Constant Rosales begr\u00fc\u00dfte die Regierung in Caracas die Erkl\u00e4rung des UN-Menschenrechtskommissars \u00fcber die negativen Auswirkungen der einseitigen US-Sanktionen auf die Menschenrechte im Land. Dennoch kritisierte der venezolanische Diplomat die Wortwahl in T\u00fcrks Bericht. Der Begriff &#8220;sektorale Sanktionen&#8221; stehe im Einklang mit der Gesetzwidrigkeit, die solche &#8220;einseitigen Zwangsma\u00dfnahmen&#8221; beg\u00fcnstigten. Dar\u00fcber hinaus zeigte sich Rosales nicht mit der Behauptung einverstanden, wonach die wirtschaftliche Krise in dem s\u00fcdamerikanischen Land noch vor den US-Sanktionen ausgebrochen sei.<\/p>\n<blockquote>\n<p><em>&#8220;In der Tat ist die Zahl der illegalen Ma\u00dfnahmen seit dem Jahr 2015 in die H\u00f6he geschossen, indem sie sich aktuell auf mehr als 900 bel\u00e4uft. Sie bedeuten den Verlust von 232 Milliarden US-Dollar in den vergangenen neun Jahren.&#8221;<\/em><\/p>\n<\/blockquote>\n<p>Der Diplomat sagte ferner, dass die politischen und wirtschaftlichen Strategien, mit denen der Westen Venezuela seit dem Beginn der Bolivarischen Revolution zu destabilisieren versuche, ausreichend dokumentiert seien.<\/p>\n<div class=\"EmbedBlock-root EmbedBlock-twitter\">\n<div class=\"TwitterEmbed\">\n<blockquote class=\"twitter-tweet lazyload\" data-twitter=\"twitter-tweet\">\n<p lang=\"en\" dir=\"ltr\">Ambassador H\u00e9ctor Constant Rosales, Permanent Representative of the Bolivarian Republic of <a rel=\"nofollow noopener\" target=\"_blank\" href=\"https:\/\/twitter.com\/hashtag\/Venezuela?src=hash&amp;ref_src=twsrc%5Etfw\">#Venezuela<\/a> addressed the <a rel=\"nofollow noopener\" target=\"_blank\" href=\"https:\/\/twitter.com\/UN?ref_src=twsrc%5Etfw\">@UN<\/a> Human Rights Council during the interactive dialogue on <a rel=\"nofollow noopener\" target=\"_blank\" href=\"https:\/\/twitter.com\/UNHumanRights?ref_src=twsrc%5Etfw\">@UNHumanRights<\/a> chief <a rel=\"nofollow noopener\" target=\"_blank\" href=\"https:\/\/twitter.com\/volker_turk?ref_src=twsrc%5Etfw\">@Volker_Turk<\/a>&#8216;s report on Venezuela.<a rel=\"nofollow noopener\" target=\"_blank\" href=\"https:\/\/twitter.com\/hashtag\/HRC53?src=hash&amp;ref_src=twsrc%5Etfw\">#HRC53<\/a><a rel=\"nofollow noopener\" target=\"_blank\" href=\"https:\/\/t.co\/jvbs246jb7\">pic.twitter.com\/jvbs246jb7<\/a><\/p>\n<p>\u2014 United Nations Human Rights Council \ud83d\udccd #HRC53 (@UN_HRC) <a rel=\"nofollow noopener\" target=\"_blank\" href=\"https:\/\/twitter.com\/UN_HRC\/status\/1676612464803233793?ref_src=twsrc%5Etfw\">July 5, 2023<\/a><\/p><\/blockquote>\n<\/div>\n<\/div>\n<p>Als Beweis zitierte Rosales den fr\u00fcheren US-Pr\u00e4sidenten Donald Trump, der einst erkl\u00e4rt hatte, dass die USA Venezuela wirtschaftlich lahmgelegt h\u00e4tten. Das Ziel sei es gewesen, sich Venezuelas Bodensch\u00e4tze unter den Nagel zu rei\u00dfen. Caracas habe das zwar gewusst, aber es sei gut, dass eine solch hochrangige Person dies best\u00e4tige, sagte der Diplomat.<\/p>\n<p><strong>Mehr zum Thema<\/strong> &#8211;\u00a0<a rel=\"nofollow noopener\" target=\"_blank\" href=\"https:\/\/de.rt.com\/wirtschaft\/172821-venezuela-schliesst-sich-russischen-zahlungssystem\/\">Venezuela schlie\u00dft sich dem russischen Zahlungssystem MIR an<\/a><\/p>\n<\/div>\n<p><script async src=\"https:\/\/platform.twitter.com\/widgets.js\" charset=\"utf-8\"><\/script><br \/>\n<br \/><br \/>\n<br \/><a href=\"https:\/\/de.rt.com\/amerika\/174508-un-kommissar-fuer-menschenrechte-fordert-aufhebung-von-sanktionen-gegen-venezuela\/\">Source link <\/a><\/p>\n","protected":false},"excerpt":{"rendered":"<p>Die fortbestehenden US-Sanktionen gegen Venezuela setzen der Wirtschaft des s\u00fcdamerikanischen Landes stark zu. Nach eigenen Sch\u00e4tzungen hat Caracas seit dem Jahr 2015 dadurch 232 Milliarden US-Dollar verloren. Die UNO stellt negative Folgen f\u00fcr die Bev\u00f6lkerung fest. Volker T\u00fcrk, der Hohe Kommissar der Vereinten Nationen f\u00fcr Menschenrechte, hat am Mittwoch die einseitigen US-Sanktionen gegen Venezuela kritisiert. [&hellip;]<\/p>\n","protected":false},"author":3,"featured_media":39549,"comment_status":"open","ping_status":"open","sticky":false,"template":"","format":"standard","meta":{"_yoast_indexnow_last_ping":["1688640714"],"wp_automatic_camp":["217"],"43d7dfc21b767c4952c06f7fa22d7f46":["UN-Kommissar f\u00fcr Menschenrechte fordert Aufhebung der Sanktionen gegen Venezuela"],"original_link":["https:\/\/de.rt.com\/amerika\/174508-un-kommissar-fuer-menschenrechte-fordert-aufhebung-von-sanktionen-gegen-venezuela\/"],"_thumbnail_id":["39549"],"_wptgpro_p2tg_sent2tg":["a:1:{i:23737;s:19:\"2023-07-06 12:53:07\";}"],"jnews_social_counter_last_update":["1777264166"]},"categories":[19,23],"tags":[7591,82,355,221,278,19098,713,24854,18708],"yoast_head":"<!-- This site is optimized with the Yoast SEO Premium plugin v22.7 (Yoast SEO v22.7) - https:\/\/yoast.com\/wordpress\/plugins\/seo\/ -->\n<title>UN-Kommissar f\u00fcr Menschenrechte fordert Aufhebung der Sanktionen gegen Venezuela - just-now.NEWS Deutschland<\/title>\n<meta name=\"robots\" content=\"index, follow, max-snippet:-1, max-image-preview:large, max-video-preview:-1\" \/>\n<link rel=\"canonical\" href=\"https:\/\/now-news.de\/de\/deutschland\/un-kommissar-fuer-menschenrechte-fordert-aufhebung-der-sanktionen-gegen-venezuela\/\" \/>\n<meta property=\"og:locale\" content=\"de_DE\" \/>\n<meta property=\"og:type\" content=\"article\" \/>\n<meta property=\"og:title\" content=\"UN-Kommissar f\u00fcr Menschenrechte fordert Aufhebung der Sanktionen gegen Venezuela\" \/>\n<meta property=\"og:description\" content=\"Die fortbestehenden US-Sanktionen gegen Venezuela setzen der Wirtschaft des s\u00fcdamerikanischen Landes stark zu. Nach eigenen Sch\u00e4tzungen hat Caracas seit dem Jahr 2015 dadurch 232 Milliarden US-Dollar verloren. Die UNO stellt negative Folgen f\u00fcr die Bev\u00f6lkerung fest. Volker T\u00fcrk, der Hohe Kommissar der Vereinten Nationen f\u00fcr Menschenrechte, hat am Mittwoch die einseitigen US-Sanktionen gegen Venezuela kritisiert. [&hellip;]\" \/>\n<meta property=\"og:url\" content=\"https:\/\/now-news.de\/de\/deutschland\/un-kommissar-fuer-menschenrechte-fordert-aufhebung-der-sanktionen-gegen-venezuela\/\" \/>\n<meta property=\"og:site_name\" content=\"just-now.NEWS Deutschland\" \/>\n<meta property=\"article:publisher\" content=\"https:\/\/www.facebook.com\/wirmachenauf\" \/>\n<meta property=\"article:published_time\" content=\"2023-07-06T10:45:56+00:00\" \/>\n<meta property=\"og:image\" content=\"https:\/\/now-news.de\/de\/wp-content\/uploads\/sites\/3\/2023\/07\/UN-Kommissar-fuer-Menschenrechte-fordert-Aufhebung-der-Sanktionen-gegen-Venezuela.jpg\" \/>\n\t<meta property=\"og:image:width\" content=\"460\" \/>\n\t<meta property=\"og:image:height\" content=\"259\" \/>\n\t<meta property=\"og:image:type\" content=\"image\/jpeg\" \/>\n<meta name=\"author\" content=\"rtnews\" \/>\n<meta name=\"twitter:card\" content=\"summary_large_image\" \/>\n<meta name=\"twitter:creator\" content=\"@WirMachenAuf_de\" \/>\n<meta name=\"twitter:site\" content=\"@WirMachenAuf_de\" \/>\n<meta name=\"twitter:label1\" content=\"Verfasst von\" \/>\n\t<meta name=\"twitter:data1\" content=\"rtnews\" \/>\n\t<meta name=\"twitter:label2\" content=\"Gesch\u00e4tzte Lesezeit\" \/>\n\t<meta name=\"twitter:data2\" content=\"3\u00a0Minuten\" \/>\n<script type=\"application\/ld+json\" class=\"yoast-schema-graph\">{\"@context\":\"https:\/\/schema.org\",\"@graph\":[{\"@type\":\"Article\",\"@id\":\"https:\/\/now-news.de\/de\/deutschland\/un-kommissar-fuer-menschenrechte-fordert-aufhebung-der-sanktionen-gegen-venezuela\/#article\",\"isPartOf\":{\"@id\":\"https:\/\/now-news.de\/de\/deutschland\/un-kommissar-fuer-menschenrechte-fordert-aufhebung-der-sanktionen-gegen-venezuela\/\"},\"author\":{\"name\":\"rtnews\",\"@id\":\"https:\/\/now-news.de\/de\/#\/schema\/person\/fb534a4e865501d8b3285208df34a9b5\"},\"headline\":\"UN-Kommissar f\u00fcr Menschenrechte fordert Aufhebung der Sanktionen gegen Venezuela\",\"datePublished\":\"2023-07-06T10:45:56+00:00\",\"dateModified\":\"2023-07-06T10:45:56+00:00\",\"mainEntityOfPage\":{\"@id\":\"https:\/\/now-news.de\/de\/deutschland\/un-kommissar-fuer-menschenrechte-fordert-aufhebung-der-sanktionen-gegen-venezuela\/\"},\"wordCount\":531,\"commentCount\":0,\"publisher\":{\"@id\":\"https:\/\/now-news.de\/de\/#organization\"},\"image\":{\"@id\":\"https:\/\/now-news.de\/de\/deutschland\/un-kommissar-fuer-menschenrechte-fordert-aufhebung-der-sanktionen-gegen-venezuela\/#primaryimage\"},\"thumbnailUrl\":\"https:\/\/now-news.de\/de\/wp-content\/uploads\/sites\/3\/2023\/07\/UN-Kommissar-fuer-Menschenrechte-fordert-Aufhebung-der-Sanktionen-gegen-Venezuela.jpg\",\"keywords\":[\"Aufhebung\",\"der\",\"fordert\",\"f\u00fcr\",\"gegen\",\"Menschenrechte\",\"Sanktionen\",\"UNKommissar\",\"Venezuela\"],\"articleSection\":[\"Deutschland\",\"Russland\"],\"inLanguage\":\"de\",\"potentialAction\":[{\"@type\":\"CommentAction\",\"name\":\"Comment\",\"target\":[\"https:\/\/now-news.de\/de\/deutschland\/un-kommissar-fuer-menschenrechte-fordert-aufhebung-der-sanktionen-gegen-venezuela\/#respond\"]}]},{\"@type\":\"WebPage\",\"@id\":\"https:\/\/now-news.de\/de\/deutschland\/un-kommissar-fuer-menschenrechte-fordert-aufhebung-der-sanktionen-gegen-venezuela\/\",\"url\":\"https:\/\/now-news.de\/de\/deutschland\/un-kommissar-fuer-menschenrechte-fordert-aufhebung-der-sanktionen-gegen-venezuela\/\",\"name\":\"UN-Kommissar f\u00fcr Menschenrechte fordert Aufhebung der Sanktionen gegen Venezuela - just-now.NEWS Deutschland\",\"isPartOf\":{\"@id\":\"https:\/\/now-news.de\/de\/#website\"},\"primaryImageOfPage\":{\"@id\":\"https:\/\/now-news.de\/de\/deutschland\/un-kommissar-fuer-menschenrechte-fordert-aufhebung-der-sanktionen-gegen-venezuela\/#primaryimage\"},\"image\":{\"@id\":\"https:\/\/now-news.de\/de\/deutschland\/un-kommissar-fuer-menschenrechte-fordert-aufhebung-der-sanktionen-gegen-venezuela\/#primaryimage\"},\"thumbnailUrl\":\"https:\/\/now-news.de\/de\/wp-content\/uploads\/sites\/3\/2023\/07\/UN-Kommissar-fuer-Menschenrechte-fordert-Aufhebung-der-Sanktionen-gegen-Venezuela.jpg\",\"datePublished\":\"2023-07-06T10:45:56+00:00\",\"dateModified\":\"2023-07-06T10:45:56+00:00\",\"breadcrumb\":{\"@id\":\"https:\/\/now-news.de\/de\/deutschland\/un-kommissar-fuer-menschenrechte-fordert-aufhebung-der-sanktionen-gegen-venezuela\/#breadcrumb\"},\"inLanguage\":\"de\",\"potentialAction\":[{\"@type\":\"ReadAction\",\"target\":[\"https:\/\/now-news.de\/de\/deutschland\/un-kommissar-fuer-menschenrechte-fordert-aufhebung-der-sanktionen-gegen-venezuela\/\"]}]},{\"@type\":\"ImageObject\",\"inLanguage\":\"de\",\"@id\":\"https:\/\/now-news.de\/de\/deutschland\/un-kommissar-fuer-menschenrechte-fordert-aufhebung-der-sanktionen-gegen-venezuela\/#primaryimage\",\"url\":\"https:\/\/now-news.de\/de\/wp-content\/uploads\/sites\/3\/2023\/07\/UN-Kommissar-fuer-Menschenrechte-fordert-Aufhebung-der-Sanktionen-gegen-Venezuela.jpg\",\"contentUrl\":\"https:\/\/now-news.de\/de\/wp-content\/uploads\/sites\/3\/2023\/07\/UN-Kommissar-fuer-Menschenrechte-fordert-Aufhebung-der-Sanktionen-gegen-Venezuela.jpg\",\"width\":460,\"height\":259,\"caption\":\"UN-Kommissar f\u00fcr Menschenrechte fordert Aufhebung der Sanktionen gegen Venezuela\"},{\"@type\":\"BreadcrumbList\",\"@id\":\"https:\/\/now-news.de\/de\/deutschland\/un-kommissar-fuer-menschenrechte-fordert-aufhebung-der-sanktionen-gegen-venezuela\/#breadcrumb\",\"itemListElement\":[{\"@type\":\"ListItem\",\"position\":1,\"name\":\"Home\",\"item\":\"https:\/\/now-news.de\/de\/\"},{\"@type\":\"ListItem\",\"position\":2,\"name\":\"UN-Kommissar f\u00fcr Menschenrechte fordert Aufhebung der Sanktionen gegen Venezuela\"}]},{\"@type\":\"WebSite\",\"@id\":\"https:\/\/now-news.de\/de\/#website\",\"url\":\"https:\/\/now-news.de\/de\/\",\"name\":\"just-now.NEWS Deutschland\",\"description\":\"Das Portal f\u00fcr unzensierte Nachrichten aus der Welt\",\"publisher\":{\"@id\":\"https:\/\/now-news.de\/de\/#organization\"},\"potentialAction\":[{\"@type\":\"SearchAction\",\"target\":{\"@type\":\"EntryPoint\",\"urlTemplate\":\"https:\/\/now-news.de\/de\/?s={search_term_string}\"},\"query-input\":\"required name=search_term_string\"}],\"inLanguage\":\"de\"},{\"@type\":\"Organization\",\"@id\":\"https:\/\/now-news.de\/de\/#organization\",\"name\":\"Just Now News\",\"url\":\"https:\/\/now-news.de\/de\/\",\"logo\":{\"@type\":\"ImageObject\",\"inLanguage\":\"de\",\"@id\":\"https:\/\/now-news.de\/de\/#\/schema\/logo\/image\/\",\"url\":\"http:\/\/just-now.news\/de\/wp-content\/uploads\/sites\/3\/2022\/04\/logo500x500.jpg\",\"contentUrl\":\"http:\/\/just-now.news\/de\/wp-content\/uploads\/sites\/3\/2022\/04\/logo500x500.jpg\",\"width\":500,\"height\":500,\"caption\":\"Just Now News\"},\"image\":{\"@id\":\"https:\/\/now-news.de\/de\/#\/schema\/logo\/image\/\"},\"sameAs\":[\"https:\/\/www.facebook.com\/wirmachenauf\",\"https:\/\/x.com\/WirMachenAuf_de\"]},{\"@type\":\"Person\",\"@id\":\"https:\/\/now-news.de\/de\/#\/schema\/person\/fb534a4e865501d8b3285208df34a9b5\",\"name\":\"rtnews\",\"image\":{\"@type\":\"ImageObject\",\"inLanguage\":\"de\",\"@id\":\"https:\/\/now-news.de\/de\/#\/schema\/person\/image\/\",\"url\":\"https:\/\/secure.gravatar.com\/avatar\/82aafea7d8127119dd649515f56e2117?s=96&d=mm&r=g\",\"contentUrl\":\"https:\/\/secure.gravatar.com\/avatar\/82aafea7d8127119dd649515f56e2117?s=96&d=mm&r=g\",\"caption\":\"rtnews\"},\"url\":\"https:\/\/now-news.de\/de\/author\/rnews\/\"}]}<\/script>\n<!-- \/ Yoast SEO Premium plugin. -->","yoast_head_json":{"title":"UN-Kommissar f\u00fcr Menschenrechte fordert Aufhebung der Sanktionen gegen Venezuela - just-now.NEWS Deutschland","robots":{"index":"index","follow":"follow","max-snippet":"max-snippet:-1","max-image-preview":"max-image-preview:large","max-video-preview":"max-video-preview:-1"},"canonical":"https:\/\/now-news.de\/de\/deutschland\/un-kommissar-fuer-menschenrechte-fordert-aufhebung-der-sanktionen-gegen-venezuela\/","og_locale":"de_DE","og_type":"article","og_title":"UN-Kommissar f\u00fcr Menschenrechte fordert Aufhebung der Sanktionen gegen Venezuela","og_description":"Die fortbestehenden US-Sanktionen gegen Venezuela setzen der Wirtschaft des s\u00fcdamerikanischen Landes stark zu. Nach eigenen Sch\u00e4tzungen hat Caracas seit dem Jahr 2015 dadurch 232 Milliarden US-Dollar verloren. Die UNO stellt negative Folgen f\u00fcr die Bev\u00f6lkerung fest. Volker T\u00fcrk, der Hohe Kommissar der Vereinten Nationen f\u00fcr Menschenrechte, hat am Mittwoch die einseitigen US-Sanktionen gegen Venezuela kritisiert. [&hellip;]","og_url":"https:\/\/now-news.de\/de\/deutschland\/un-kommissar-fuer-menschenrechte-fordert-aufhebung-der-sanktionen-gegen-venezuela\/","og_site_name":"just-now.NEWS Deutschland","article_publisher":"https:\/\/www.facebook.com\/wirmachenauf","article_published_time":"2023-07-06T10:45:56+00:00","og_image":[{"width":460,"height":259,"url":"https:\/\/now-news.de\/de\/wp-content\/uploads\/sites\/3\/2023\/07\/UN-Kommissar-fuer-Menschenrechte-fordert-Aufhebung-der-Sanktionen-gegen-Venezuela.jpg","type":"image\/jpeg"}],"author":"rtnews","twitter_card":"summary_large_image","twitter_creator":"@WirMachenAuf_de","twitter_site":"@WirMachenAuf_de","twitter_misc":{"Verfasst von":"rtnews","Gesch\u00e4tzte Lesezeit":"3\u00a0Minuten"},"schema":{"@context":"https:\/\/schema.org","@graph":[{"@type":"Article","@id":"https:\/\/now-news.de\/de\/deutschland\/un-kommissar-fuer-menschenrechte-fordert-aufhebung-der-sanktionen-gegen-venezuela\/#article","isPartOf":{"@id":"https:\/\/now-news.de\/de\/deutschland\/un-kommissar-fuer-menschenrechte-fordert-aufhebung-der-sanktionen-gegen-venezuela\/"},"author":{"name":"rtnews","@id":"https:\/\/now-news.de\/de\/#\/schema\/person\/fb534a4e865501d8b3285208df34a9b5"},"headline":"UN-Kommissar f\u00fcr Menschenrechte fordert Aufhebung der Sanktionen gegen Venezuela","datePublished":"2023-07-06T10:45:56+00:00","dateModified":"2023-07-06T10:45:56+00:00","mainEntityOfPage":{"@id":"https:\/\/now-news.de\/de\/deutschland\/un-kommissar-fuer-menschenrechte-fordert-aufhebung-der-sanktionen-gegen-venezuela\/"},"wordCount":531,"commentCount":0,"publisher":{"@id":"https:\/\/now-news.de\/de\/#organization"},"image":{"@id":"https:\/\/now-news.de\/de\/deutschland\/un-kommissar-fuer-menschenrechte-fordert-aufhebung-der-sanktionen-gegen-venezuela\/#primaryimage"},"thumbnailUrl":"https:\/\/now-news.de\/de\/wp-content\/uploads\/sites\/3\/2023\/07\/UN-Kommissar-fuer-Menschenrechte-fordert-Aufhebung-der-Sanktionen-gegen-Venezuela.jpg","keywords":["Aufhebung","der","fordert","f\u00fcr","gegen","Menschenrechte","Sanktionen","UNKommissar","Venezuela"],"articleSection":["Deutschland","Russland"],"inLanguage":"de","potentialAction":[{"@type":"CommentAction","name":"Comment","target":["https:\/\/now-news.de\/de\/deutschland\/un-kommissar-fuer-menschenrechte-fordert-aufhebung-der-sanktionen-gegen-venezuela\/#respond"]}]},{"@type":"WebPage","@id":"https:\/\/now-news.de\/de\/deutschland\/un-kommissar-fuer-menschenrechte-fordert-aufhebung-der-sanktionen-gegen-venezuela\/","url":"https:\/\/now-news.de\/de\/deutschland\/un-kommissar-fuer-menschenrechte-fordert-aufhebung-der-sanktionen-gegen-venezuela\/","name":"UN-Kommissar f\u00fcr Menschenrechte fordert Aufhebung der Sanktionen gegen Venezuela - just-now.NEWS Deutschland","isPartOf":{"@id":"https:\/\/now-news.de\/de\/#website"},"primaryImageOfPage":{"@id":"https:\/\/now-news.de\/de\/deutschland\/un-kommissar-fuer-menschenrechte-fordert-aufhebung-der-sanktionen-gegen-venezuela\/#primaryimage"},"image":{"@id":"https:\/\/now-news.de\/de\/deutschland\/un-kommissar-fuer-menschenrechte-fordert-aufhebung-der-sanktionen-gegen-venezuela\/#primaryimage"},"thumbnailUrl":"https:\/\/now-news.de\/de\/wp-content\/uploads\/sites\/3\/2023\/07\/UN-Kommissar-fuer-Menschenrechte-fordert-Aufhebung-der-Sanktionen-gegen-Venezuela.jpg","datePublished":"2023-07-06T10:45:56+00:00","dateModified":"2023-07-06T10:45:56+00:00","breadcrumb":{"@id":"https:\/\/now-news.de\/de\/deutschland\/un-kommissar-fuer-menschenrechte-fordert-aufhebung-der-sanktionen-gegen-venezuela\/#breadcrumb"},"inLanguage":"de","potentialAction":[{"@type":"ReadAction","target":["https:\/\/now-news.de\/de\/deutschland\/un-kommissar-fuer-menschenrechte-fordert-aufhebung-der-sanktionen-gegen-venezuela\/"]}]},{"@type":"ImageObject","inLanguage":"de","@id":"https:\/\/now-news.de\/de\/deutschland\/un-kommissar-fuer-menschenrechte-fordert-aufhebung-der-sanktionen-gegen-venezuela\/#primaryimage","url":"https:\/\/now-news.de\/de\/wp-content\/uploads\/sites\/3\/2023\/07\/UN-Kommissar-fuer-Menschenrechte-fordert-Aufhebung-der-Sanktionen-gegen-Venezuela.jpg","contentUrl":"https:\/\/now-news.de\/de\/wp-content\/uploads\/sites\/3\/2023\/07\/UN-Kommissar-fuer-Menschenrechte-fordert-Aufhebung-der-Sanktionen-gegen-Venezuela.jpg","width":460,"height":259,"caption":"UN-Kommissar f\u00fcr Menschenrechte fordert Aufhebung der Sanktionen gegen Venezuela"},{"@type":"BreadcrumbList","@id":"https:\/\/now-news.de\/de\/deutschland\/un-kommissar-fuer-menschenrechte-fordert-aufhebung-der-sanktionen-gegen-venezuela\/#breadcrumb","itemListElement":[{"@type":"ListItem","position":1,"name":"Home","item":"https:\/\/now-news.de\/de\/"},{"@type":"ListItem","position":2,"name":"UN-Kommissar f\u00fcr Menschenrechte fordert Aufhebung der Sanktionen gegen Venezuela"}]},{"@type":"WebSite","@id":"https:\/\/now-news.de\/de\/#website","url":"https:\/\/now-news.de\/de\/","name":"just-now.NEWS Deutschland","description":"Das Portal f\u00fcr unzensierte Nachrichten aus der Welt","publisher":{"@id":"https:\/\/now-news.de\/de\/#organization"},"potentialAction":[{"@type":"SearchAction","target":{"@type":"EntryPoint","urlTemplate":"https:\/\/now-news.de\/de\/?s={search_term_string}"},"query-input":"required name=search_term_string"}],"inLanguage":"de"},{"@type":"Organization","@id":"https:\/\/now-news.de\/de\/#organization","name":"Just Now News","url":"https:\/\/now-news.de\/de\/","logo":{"@type":"ImageObject","inLanguage":"de","@id":"https:\/\/now-news.de\/de\/#\/schema\/logo\/image\/","url":"http:\/\/just-now.news\/de\/wp-content\/uploads\/sites\/3\/2022\/04\/logo500x500.jpg","contentUrl":"http:\/\/just-now.news\/de\/wp-content\/uploads\/sites\/3\/2022\/04\/logo500x500.jpg","width":500,"height":500,"caption":"Just Now News"},"image":{"@id":"https:\/\/now-news.de\/de\/#\/schema\/logo\/image\/"},"sameAs":["https:\/\/www.facebook.com\/wirmachenauf","https:\/\/x.com\/WirMachenAuf_de"]},{"@type":"Person","@id":"https:\/\/now-news.de\/de\/#\/schema\/person\/fb534a4e865501d8b3285208df34a9b5","name":"rtnews","image":{"@type":"ImageObject","inLanguage":"de","@id":"https:\/\/now-news.de\/de\/#\/schema\/person\/image\/","url":"https:\/\/secure.gravatar.com\/avatar\/82aafea7d8127119dd649515f56e2117?s=96&d=mm&r=g","contentUrl":"https:\/\/secure.gravatar.com\/avatar\/82aafea7d8127119dd649515f56e2117?s=96&d=mm&r=g","caption":"rtnews"},"url":"https:\/\/now-news.de\/de\/author\/rnews\/"}]}},"_links":{"self":[{"href":"https:\/\/now-news.de\/de\/wp-json\/wp\/v2\/posts\/39548"}],"collection":[{"href":"https:\/\/now-news.de\/de\/wp-json\/wp\/v2\/posts"}],"about":[{"href":"https:\/\/now-news.de\/de\/wp-json\/wp\/v2\/types\/post"}],"author":[{"embeddable":true,"href":"https:\/\/now-news.de\/de\/wp-json\/wp\/v2\/users\/3"}],"replies":[{"embeddable":true,"href":"https:\/\/now-news.de\/de\/wp-json\/wp\/v2\/comments?post=39548"}],"version-history":[{"count":0,"href":"https:\/\/now-news.de\/de\/wp-json\/wp\/v2\/posts\/39548\/revisions"}],"wp:featuredmedia":[{"embeddable":true,"href":"https:\/\/now-news.de\/de\/wp-json\/wp\/v2\/media\/39549"}],"wp:attachment":[{"href":"https:\/\/now-news.de\/de\/wp-json\/wp\/v2\/media?parent=39548"}],"wp:term":[{"taxonomy":"category","embeddable":true,"href":"https:\/\/now-news.de\/de\/wp-json\/wp\/v2\/categories?post=39548"},{"taxonomy":"post_tag","embeddable":true,"href":"https:\/\/now-news.de\/de\/wp-json\/wp\/v2\/tags?post=39548"}],"curies":[{"name":"wp","href":"https:\/\/api.w.org\/{rel}","templated":true}]}}