{"id":39529,"date":"2023-07-05T21:21:05","date_gmt":"2023-07-05T19:21:05","guid":{"rendered":"https:\/\/just-now.news\/de\/deutschland\/medienbericht-neonazi-zuendet-granaten-im-kiewer-gericht-und-nimmt-sich-das-leben\/"},"modified":"2023-07-05T21:21:05","modified_gmt":"2023-07-05T19:21:05","slug":"medienbericht-neonazi-zuendet-granaten-im-kiewer-gericht-und-nimmt-sich-das-leben","status":"publish","type":"post","link":"https:\/\/now-news.de\/de\/deutschland\/medienbericht-neonazi-zuendet-granaten-im-kiewer-gericht-und-nimmt-sich-das-leben\/","title":{"rendered":"Medienbericht: Neonazi z\u00fcndet Granaten im Kiewer Gericht und nimmt sich das Leben"},"content":{"rendered":"<p><img decoding=\"async\" src=\"http:\/\/just-now.news\/de\/wp-content\/uploads\/sites\/3\/2023\/07\/64a5b450b480cc45d1757636.jpg\" \/><\/p>\n<div class=\"Text-root Text-type_1 \">\n                Medienberichten zufolge hat ein des Terrorismus beschuldigter Angeklagter Granaten in einem Gerichtsgeb\u00e4ude in Kiew gez\u00fcndet. Der T\u00e4ter nahm sich vorl\u00e4ufigen Informationen zufolge das Leben.\n            <\/div>\n<p><\/p>\n<div class=\"Text-root Text-type_5 ArticleView-text ViewText-root \">\n<p>Im Kiewer Bezirksgericht Schewtschenkowski haben sich mehrere Explosionen ereignet. Dies meldeten die Zeitungen <em>Strana<\/em> und <em>Ukrayinska Pravda<\/em>. Nach Angaben eines Gespr\u00e4chspartners der <em>Strana<\/em> z\u00fcndete Igor Gumenjuk, der f\u00fcr einen Terroranschlag in der N\u00e4he der Werchowna Rada im Jahr 2015 verantwortlich gemacht wird, drei Granaten. Einem Ordnungsh\u00fcter nahm er eine Waffe ab.<\/p>\n<p>Soldaten der Spezialeinheiten, Ermittler, ein Sprengstoffteam und Hundef\u00fchrer untersuchen derzeit den Ort des Geschehens. Die Informationen \u00fcber die Explosion im Schewtschenkowski-Gerichtsgeb\u00e4ude wurden von Innenminister Igor Klimenko best\u00e4tigt. Der Beamte teilte mit:<\/p>\n<blockquote>\n<p><em>&#8220;Ein nicht identifizierter Sprengsatz wurde im Gericht in Kiew von einem Mann gez\u00fcndet, als dieser zur Verhandlung gebracht wurde.&#8221;<\/em><\/p>\n<\/blockquote>\n<p><a rel=\"nofollow noopener\" target=\"_blank\" href=\"https:\/\/t.me\/IntelRepublic\/23506\">Sp\u00e4teren Informationen<\/a> zufolge soll der Angeklagte verstorben sein. Wie Klimenko weiter erkl\u00e4rte, habe sich der T\u00e4ter im Anschluss das Leben genommen. Nach Angaben der Staatsanwaltschaft versuchte Gumenjuk zun\u00e4chst zu fliehen. Zu wie vielen Verletzten es kam, ist noch unklar, da eine unbestimmte Anzahl von Personen auf Tragen aus dem Gerichtssaal gebracht wurde.<\/p>\n<p>Der Anschlag vor der Rada wurde im Jahr 2015 ver\u00fcbt, nachdem das Parlament in erster Lesung \u00fcber Verfassungs\u00e4nderungen zur Dezentralisierung der Macht abgestimmt hatte \u2013 der Gesetzentwurf sah insbesondere einen Sonderstatus f\u00fcr den Donbass vor. Anschlie\u00dfend kam es zu Protesten und Zusammenst\u00f6\u00dfen zwischen Ordnungskr\u00e4ften und Vertretern von Neonazi-Bewegungen vor dem Rada-Geb\u00e4ude.<\/p>\n<p>Nach Angaben der Ermittler warf Gumenjuk eine Granate an die Mauern der Werchowna Rada. <em>TSN<\/em> schrieb unter Berufung auf Angaben in den sozialen Netzwerken, dass dieser Vorsitzender der Kamjenez-Podolski-Filiale der Milit\u00e4rsportgesellschaft &#8220;Sokol&#8221; und K\u00e4mpfer des &#8220;Setsch&#8221;-Bataillons war. Zudem nahm er als Freiwilliger an der ber\u00fcchtigten Anti-Terror-Operation im Donbass teil.<\/p>\n<p>Bei dem Angriff nahe der Rada wurden vier Soldaten der Nationalgarde get\u00f6tet und etwa 140 weitere Personen durch Granatsplitter verwundet. Eine weitere Person, Sergei Krainjak, wurde in diesem Zusammenhang ebenfalls festgenommen \u2013 ihm wurde vorgeworfen, eine Rauchbombe gez\u00fcndet zu haben, um Gumenjuks Taten zu vertuschen.<\/p>\n<p><strong>Mehr zum Thema<\/strong> &#8211; <a rel=\"nofollow noopener\" target=\"_blank\" href=\"https:\/\/kurz.rt.com\/3q6k\">Die H\u00e4lfte der Ukrainer sieht Nazismus-Problem im Land \u2013 f\u00fcr Soros-Stiftung &#8220;besorgniserregend&#8221;<\/a><\/p>\n<\/p>\n<\/div>\n<p><br \/>\n<br \/><a href=\"https:\/\/de.rt.com\/international\/174492-medienbericht-neonazi-zuendet-granaten-im\/\">Source link <\/a><\/p>\n","protected":false},"excerpt":{"rendered":"<p>Medienberichten zufolge hat ein des Terrorismus beschuldigter Angeklagter Granaten in einem Gerichtsgeb\u00e4ude in Kiew gez\u00fcndet. Der T\u00e4ter nahm sich vorl\u00e4ufigen Informationen zufolge das Leben. Im Kiewer Bezirksgericht Schewtschenkowski haben sich mehrere Explosionen ereignet. Dies meldeten die Zeitungen Strana und Ukrayinska Pravda. Nach Angaben eines Gespr\u00e4chspartners der Strana z\u00fcndete Igor Gumenjuk, der f\u00fcr einen Terroranschlag in [&hellip;]<\/p>\n","protected":false},"author":3,"featured_media":39530,"comment_status":"open","ping_status":"open","sticky":false,"template":"","format":"standard","meta":{"_yoast_indexnow_last_ping":["1688585693"],"wp_automatic_camp":["217"],"eb8b3da5900ed2c7f13555b11cea345c":["Medienbericht: Neonazi z\u00fcndet Granaten im Kiewer Gericht und nimmt sich das Leben"],"original_link":["https:\/\/de.rt.com\/international\/174492-medienbericht-neonazi-zuendet-granaten-im\/"],"_thumbnail_id":["39530"],"_wptgpro_p2tg_sent2tg":["a:1:{i:23737;s:19:\"2023-07-05 21:35:56\";}"],"jnews_social_counter_last_update":["1777117482"]},"categories":[19,23],"tags":[427,3348,35898,18588,5886,869,34146,5233,434,140,8043],"yoast_head":"<!-- This site is optimized with the Yoast SEO Premium plugin v22.7 (Yoast SEO v22.7) - https:\/\/yoast.com\/wordpress\/plugins\/seo\/ -->\n<title>Medienbericht: Neonazi z\u00fcndet Granaten im Kiewer Gericht und nimmt sich das Leben - just-now.NEWS Deutschland<\/title>\n<meta name=\"robots\" content=\"index, follow, max-snippet:-1, max-image-preview:large, max-video-preview:-1\" \/>\n<link rel=\"canonical\" href=\"https:\/\/now-news.de\/de\/deutschland\/medienbericht-neonazi-zuendet-granaten-im-kiewer-gericht-und-nimmt-sich-das-leben\/\" \/>\n<meta property=\"og:locale\" content=\"de_DE\" \/>\n<meta property=\"og:type\" content=\"article\" \/>\n<meta property=\"og:title\" content=\"Medienbericht: Neonazi z\u00fcndet Granaten im Kiewer Gericht und nimmt sich das Leben\" \/>\n<meta property=\"og:description\" content=\"Medienberichten zufolge hat ein des Terrorismus beschuldigter Angeklagter Granaten in einem Gerichtsgeb\u00e4ude in Kiew gez\u00fcndet. Der T\u00e4ter nahm sich vorl\u00e4ufigen Informationen zufolge das Leben. Im Kiewer Bezirksgericht Schewtschenkowski haben sich mehrere Explosionen ereignet. Dies meldeten die Zeitungen Strana und Ukrayinska Pravda. Nach Angaben eines Gespr\u00e4chspartners der Strana z\u00fcndete Igor Gumenjuk, der f\u00fcr einen Terroranschlag in [&hellip;]\" \/>\n<meta property=\"og:url\" content=\"https:\/\/now-news.de\/de\/deutschland\/medienbericht-neonazi-zuendet-granaten-im-kiewer-gericht-und-nimmt-sich-das-leben\/\" \/>\n<meta property=\"og:site_name\" content=\"just-now.NEWS Deutschland\" \/>\n<meta property=\"article:publisher\" content=\"https:\/\/www.facebook.com\/wirmachenauf\" \/>\n<meta property=\"article:published_time\" content=\"2023-07-05T19:21:05+00:00\" \/>\n<meta property=\"og:image\" content=\"https:\/\/now-news.de\/de\/wp-content\/uploads\/sites\/3\/2023\/07\/Medienbericht-Neonazi-zuendet-Granaten-im-Kiewer-Gericht-und-nimmt-sich.jpg\" \/>\n\t<meta property=\"og:image:width\" content=\"460\" \/>\n\t<meta property=\"og:image:height\" content=\"259\" \/>\n\t<meta property=\"og:image:type\" content=\"image\/jpeg\" \/>\n<meta name=\"author\" content=\"rtnews\" \/>\n<meta name=\"twitter:card\" content=\"summary_large_image\" \/>\n<meta name=\"twitter:creator\" content=\"@WirMachenAuf_de\" \/>\n<meta name=\"twitter:site\" content=\"@WirMachenAuf_de\" \/>\n<meta name=\"twitter:label1\" content=\"Verfasst von\" \/>\n\t<meta name=\"twitter:data1\" content=\"rtnews\" \/>\n\t<meta name=\"twitter:label2\" content=\"Gesch\u00e4tzte Lesezeit\" \/>\n\t<meta name=\"twitter:data2\" content=\"2\u00a0Minuten\" \/>\n<script type=\"application\/ld+json\" class=\"yoast-schema-graph\">{\"@context\":\"https:\/\/schema.org\",\"@graph\":[{\"@type\":\"Article\",\"@id\":\"https:\/\/now-news.de\/de\/deutschland\/medienbericht-neonazi-zuendet-granaten-im-kiewer-gericht-und-nimmt-sich-das-leben\/#article\",\"isPartOf\":{\"@id\":\"https:\/\/now-news.de\/de\/deutschland\/medienbericht-neonazi-zuendet-granaten-im-kiewer-gericht-und-nimmt-sich-das-leben\/\"},\"author\":{\"name\":\"rtnews\",\"@id\":\"https:\/\/now-news.de\/de\/#\/schema\/person\/fb534a4e865501d8b3285208df34a9b5\"},\"headline\":\"Medienbericht: Neonazi z\u00fcndet Granaten im Kiewer Gericht und nimmt sich das Leben\",\"datePublished\":\"2023-07-05T19:21:05+00:00\",\"dateModified\":\"2023-07-05T19:21:05+00:00\",\"mainEntityOfPage\":{\"@id\":\"https:\/\/now-news.de\/de\/deutschland\/medienbericht-neonazi-zuendet-granaten-im-kiewer-gericht-und-nimmt-sich-das-leben\/\"},\"wordCount\":380,\"commentCount\":0,\"publisher\":{\"@id\":\"https:\/\/now-news.de\/de\/#organization\"},\"image\":{\"@id\":\"https:\/\/now-news.de\/de\/deutschland\/medienbericht-neonazi-zuendet-granaten-im-kiewer-gericht-und-nimmt-sich-das-leben\/#primaryimage\"},\"thumbnailUrl\":\"https:\/\/now-news.de\/de\/wp-content\/uploads\/sites\/3\/2023\/07\/Medienbericht-Neonazi-zuendet-Granaten-im-Kiewer-Gericht-und-nimmt-sich.jpg\",\"keywords\":[\"das\",\"Gericht\",\"Granaten\",\"Kiewer\",\"leben\",\"Medienbericht\",\"Neonazi\",\"nimmt\",\"sich\",\"und\",\"z\u00fcndet\"],\"articleSection\":[\"Deutschland\",\"Russland\"],\"inLanguage\":\"de\",\"potentialAction\":[{\"@type\":\"CommentAction\",\"name\":\"Comment\",\"target\":[\"https:\/\/now-news.de\/de\/deutschland\/medienbericht-neonazi-zuendet-granaten-im-kiewer-gericht-und-nimmt-sich-das-leben\/#respond\"]}]},{\"@type\":\"WebPage\",\"@id\":\"https:\/\/now-news.de\/de\/deutschland\/medienbericht-neonazi-zuendet-granaten-im-kiewer-gericht-und-nimmt-sich-das-leben\/\",\"url\":\"https:\/\/now-news.de\/de\/deutschland\/medienbericht-neonazi-zuendet-granaten-im-kiewer-gericht-und-nimmt-sich-das-leben\/\",\"name\":\"Medienbericht: Neonazi z\u00fcndet Granaten im Kiewer Gericht und nimmt sich das Leben - just-now.NEWS Deutschland\",\"isPartOf\":{\"@id\":\"https:\/\/now-news.de\/de\/#website\"},\"primaryImageOfPage\":{\"@id\":\"https:\/\/now-news.de\/de\/deutschland\/medienbericht-neonazi-zuendet-granaten-im-kiewer-gericht-und-nimmt-sich-das-leben\/#primaryimage\"},\"image\":{\"@id\":\"https:\/\/now-news.de\/de\/deutschland\/medienbericht-neonazi-zuendet-granaten-im-kiewer-gericht-und-nimmt-sich-das-leben\/#primaryimage\"},\"thumbnailUrl\":\"https:\/\/now-news.de\/de\/wp-content\/uploads\/sites\/3\/2023\/07\/Medienbericht-Neonazi-zuendet-Granaten-im-Kiewer-Gericht-und-nimmt-sich.jpg\",\"datePublished\":\"2023-07-05T19:21:05+00:00\",\"dateModified\":\"2023-07-05T19:21:05+00:00\",\"breadcrumb\":{\"@id\":\"https:\/\/now-news.de\/de\/deutschland\/medienbericht-neonazi-zuendet-granaten-im-kiewer-gericht-und-nimmt-sich-das-leben\/#breadcrumb\"},\"inLanguage\":\"de\",\"potentialAction\":[{\"@type\":\"ReadAction\",\"target\":[\"https:\/\/now-news.de\/de\/deutschland\/medienbericht-neonazi-zuendet-granaten-im-kiewer-gericht-und-nimmt-sich-das-leben\/\"]}]},{\"@type\":\"ImageObject\",\"inLanguage\":\"de\",\"@id\":\"https:\/\/now-news.de\/de\/deutschland\/medienbericht-neonazi-zuendet-granaten-im-kiewer-gericht-und-nimmt-sich-das-leben\/#primaryimage\",\"url\":\"https:\/\/now-news.de\/de\/wp-content\/uploads\/sites\/3\/2023\/07\/Medienbericht-Neonazi-zuendet-Granaten-im-Kiewer-Gericht-und-nimmt-sich.jpg\",\"contentUrl\":\"https:\/\/now-news.de\/de\/wp-content\/uploads\/sites\/3\/2023\/07\/Medienbericht-Neonazi-zuendet-Granaten-im-Kiewer-Gericht-und-nimmt-sich.jpg\",\"width\":460,\"height\":259,\"caption\":\"Medienbericht: Neonazi z\u00fcndet Granaten im Kiewer Gericht und nimmt sich das Leben\"},{\"@type\":\"BreadcrumbList\",\"@id\":\"https:\/\/now-news.de\/de\/deutschland\/medienbericht-neonazi-zuendet-granaten-im-kiewer-gericht-und-nimmt-sich-das-leben\/#breadcrumb\",\"itemListElement\":[{\"@type\":\"ListItem\",\"position\":1,\"name\":\"Home\",\"item\":\"https:\/\/now-news.de\/de\/\"},{\"@type\":\"ListItem\",\"position\":2,\"name\":\"Medienbericht: Neonazi z\u00fcndet Granaten im Kiewer Gericht und nimmt sich das Leben\"}]},{\"@type\":\"WebSite\",\"@id\":\"https:\/\/now-news.de\/de\/#website\",\"url\":\"https:\/\/now-news.de\/de\/\",\"name\":\"just-now.NEWS Deutschland\",\"description\":\"Das Portal f\u00fcr unzensierte Nachrichten aus der Welt\",\"publisher\":{\"@id\":\"https:\/\/now-news.de\/de\/#organization\"},\"potentialAction\":[{\"@type\":\"SearchAction\",\"target\":{\"@type\":\"EntryPoint\",\"urlTemplate\":\"https:\/\/now-news.de\/de\/?s={search_term_string}\"},\"query-input\":\"required name=search_term_string\"}],\"inLanguage\":\"de\"},{\"@type\":\"Organization\",\"@id\":\"https:\/\/now-news.de\/de\/#organization\",\"name\":\"Just Now News\",\"url\":\"https:\/\/now-news.de\/de\/\",\"logo\":{\"@type\":\"ImageObject\",\"inLanguage\":\"de\",\"@id\":\"https:\/\/now-news.de\/de\/#\/schema\/logo\/image\/\",\"url\":\"http:\/\/just-now.news\/de\/wp-content\/uploads\/sites\/3\/2022\/04\/logo500x500.jpg\",\"contentUrl\":\"http:\/\/just-now.news\/de\/wp-content\/uploads\/sites\/3\/2022\/04\/logo500x500.jpg\",\"width\":500,\"height\":500,\"caption\":\"Just Now News\"},\"image\":{\"@id\":\"https:\/\/now-news.de\/de\/#\/schema\/logo\/image\/\"},\"sameAs\":[\"https:\/\/www.facebook.com\/wirmachenauf\",\"https:\/\/x.com\/WirMachenAuf_de\"]},{\"@type\":\"Person\",\"@id\":\"https:\/\/now-news.de\/de\/#\/schema\/person\/fb534a4e865501d8b3285208df34a9b5\",\"name\":\"rtnews\",\"image\":{\"@type\":\"ImageObject\",\"inLanguage\":\"de\",\"@id\":\"https:\/\/now-news.de\/de\/#\/schema\/person\/image\/\",\"url\":\"https:\/\/secure.gravatar.com\/avatar\/82aafea7d8127119dd649515f56e2117?s=96&d=mm&r=g\",\"contentUrl\":\"https:\/\/secure.gravatar.com\/avatar\/82aafea7d8127119dd649515f56e2117?s=96&d=mm&r=g\",\"caption\":\"rtnews\"},\"url\":\"https:\/\/now-news.de\/de\/author\/rnews\/\"}]}<\/script>\n<!-- \/ Yoast SEO Premium plugin. -->","yoast_head_json":{"title":"Medienbericht: Neonazi z\u00fcndet Granaten im Kiewer Gericht und nimmt sich das Leben - just-now.NEWS Deutschland","robots":{"index":"index","follow":"follow","max-snippet":"max-snippet:-1","max-image-preview":"max-image-preview:large","max-video-preview":"max-video-preview:-1"},"canonical":"https:\/\/now-news.de\/de\/deutschland\/medienbericht-neonazi-zuendet-granaten-im-kiewer-gericht-und-nimmt-sich-das-leben\/","og_locale":"de_DE","og_type":"article","og_title":"Medienbericht: Neonazi z\u00fcndet Granaten im Kiewer Gericht und nimmt sich das Leben","og_description":"Medienberichten zufolge hat ein des Terrorismus beschuldigter Angeklagter Granaten in einem Gerichtsgeb\u00e4ude in Kiew gez\u00fcndet. Der T\u00e4ter nahm sich vorl\u00e4ufigen Informationen zufolge das Leben. Im Kiewer Bezirksgericht Schewtschenkowski haben sich mehrere Explosionen ereignet. Dies meldeten die Zeitungen Strana und Ukrayinska Pravda. Nach Angaben eines Gespr\u00e4chspartners der Strana z\u00fcndete Igor Gumenjuk, der f\u00fcr einen Terroranschlag in [&hellip;]","og_url":"https:\/\/now-news.de\/de\/deutschland\/medienbericht-neonazi-zuendet-granaten-im-kiewer-gericht-und-nimmt-sich-das-leben\/","og_site_name":"just-now.NEWS Deutschland","article_publisher":"https:\/\/www.facebook.com\/wirmachenauf","article_published_time":"2023-07-05T19:21:05+00:00","og_image":[{"width":460,"height":259,"url":"https:\/\/now-news.de\/de\/wp-content\/uploads\/sites\/3\/2023\/07\/Medienbericht-Neonazi-zuendet-Granaten-im-Kiewer-Gericht-und-nimmt-sich.jpg","type":"image\/jpeg"}],"author":"rtnews","twitter_card":"summary_large_image","twitter_creator":"@WirMachenAuf_de","twitter_site":"@WirMachenAuf_de","twitter_misc":{"Verfasst von":"rtnews","Gesch\u00e4tzte Lesezeit":"2\u00a0Minuten"},"schema":{"@context":"https:\/\/schema.org","@graph":[{"@type":"Article","@id":"https:\/\/now-news.de\/de\/deutschland\/medienbericht-neonazi-zuendet-granaten-im-kiewer-gericht-und-nimmt-sich-das-leben\/#article","isPartOf":{"@id":"https:\/\/now-news.de\/de\/deutschland\/medienbericht-neonazi-zuendet-granaten-im-kiewer-gericht-und-nimmt-sich-das-leben\/"},"author":{"name":"rtnews","@id":"https:\/\/now-news.de\/de\/#\/schema\/person\/fb534a4e865501d8b3285208df34a9b5"},"headline":"Medienbericht: Neonazi z\u00fcndet Granaten im Kiewer Gericht und nimmt sich das Leben","datePublished":"2023-07-05T19:21:05+00:00","dateModified":"2023-07-05T19:21:05+00:00","mainEntityOfPage":{"@id":"https:\/\/now-news.de\/de\/deutschland\/medienbericht-neonazi-zuendet-granaten-im-kiewer-gericht-und-nimmt-sich-das-leben\/"},"wordCount":380,"commentCount":0,"publisher":{"@id":"https:\/\/now-news.de\/de\/#organization"},"image":{"@id":"https:\/\/now-news.de\/de\/deutschland\/medienbericht-neonazi-zuendet-granaten-im-kiewer-gericht-und-nimmt-sich-das-leben\/#primaryimage"},"thumbnailUrl":"https:\/\/now-news.de\/de\/wp-content\/uploads\/sites\/3\/2023\/07\/Medienbericht-Neonazi-zuendet-Granaten-im-Kiewer-Gericht-und-nimmt-sich.jpg","keywords":["das","Gericht","Granaten","Kiewer","leben","Medienbericht","Neonazi","nimmt","sich","und","z\u00fcndet"],"articleSection":["Deutschland","Russland"],"inLanguage":"de","potentialAction":[{"@type":"CommentAction","name":"Comment","target":["https:\/\/now-news.de\/de\/deutschland\/medienbericht-neonazi-zuendet-granaten-im-kiewer-gericht-und-nimmt-sich-das-leben\/#respond"]}]},{"@type":"WebPage","@id":"https:\/\/now-news.de\/de\/deutschland\/medienbericht-neonazi-zuendet-granaten-im-kiewer-gericht-und-nimmt-sich-das-leben\/","url":"https:\/\/now-news.de\/de\/deutschland\/medienbericht-neonazi-zuendet-granaten-im-kiewer-gericht-und-nimmt-sich-das-leben\/","name":"Medienbericht: Neonazi z\u00fcndet Granaten im Kiewer Gericht und nimmt sich das Leben - just-now.NEWS Deutschland","isPartOf":{"@id":"https:\/\/now-news.de\/de\/#website"},"primaryImageOfPage":{"@id":"https:\/\/now-news.de\/de\/deutschland\/medienbericht-neonazi-zuendet-granaten-im-kiewer-gericht-und-nimmt-sich-das-leben\/#primaryimage"},"image":{"@id":"https:\/\/now-news.de\/de\/deutschland\/medienbericht-neonazi-zuendet-granaten-im-kiewer-gericht-und-nimmt-sich-das-leben\/#primaryimage"},"thumbnailUrl":"https:\/\/now-news.de\/de\/wp-content\/uploads\/sites\/3\/2023\/07\/Medienbericht-Neonazi-zuendet-Granaten-im-Kiewer-Gericht-und-nimmt-sich.jpg","datePublished":"2023-07-05T19:21:05+00:00","dateModified":"2023-07-05T19:21:05+00:00","breadcrumb":{"@id":"https:\/\/now-news.de\/de\/deutschland\/medienbericht-neonazi-zuendet-granaten-im-kiewer-gericht-und-nimmt-sich-das-leben\/#breadcrumb"},"inLanguage":"de","potentialAction":[{"@type":"ReadAction","target":["https:\/\/now-news.de\/de\/deutschland\/medienbericht-neonazi-zuendet-granaten-im-kiewer-gericht-und-nimmt-sich-das-leben\/"]}]},{"@type":"ImageObject","inLanguage":"de","@id":"https:\/\/now-news.de\/de\/deutschland\/medienbericht-neonazi-zuendet-granaten-im-kiewer-gericht-und-nimmt-sich-das-leben\/#primaryimage","url":"https:\/\/now-news.de\/de\/wp-content\/uploads\/sites\/3\/2023\/07\/Medienbericht-Neonazi-zuendet-Granaten-im-Kiewer-Gericht-und-nimmt-sich.jpg","contentUrl":"https:\/\/now-news.de\/de\/wp-content\/uploads\/sites\/3\/2023\/07\/Medienbericht-Neonazi-zuendet-Granaten-im-Kiewer-Gericht-und-nimmt-sich.jpg","width":460,"height":259,"caption":"Medienbericht: Neonazi z\u00fcndet Granaten im Kiewer Gericht und nimmt sich das Leben"},{"@type":"BreadcrumbList","@id":"https:\/\/now-news.de\/de\/deutschland\/medienbericht-neonazi-zuendet-granaten-im-kiewer-gericht-und-nimmt-sich-das-leben\/#breadcrumb","itemListElement":[{"@type":"ListItem","position":1,"name":"Home","item":"https:\/\/now-news.de\/de\/"},{"@type":"ListItem","position":2,"name":"Medienbericht: Neonazi z\u00fcndet Granaten im Kiewer Gericht und nimmt sich das Leben"}]},{"@type":"WebSite","@id":"https:\/\/now-news.de\/de\/#website","url":"https:\/\/now-news.de\/de\/","name":"just-now.NEWS Deutschland","description":"Das Portal f\u00fcr unzensierte Nachrichten aus der Welt","publisher":{"@id":"https:\/\/now-news.de\/de\/#organization"},"potentialAction":[{"@type":"SearchAction","target":{"@type":"EntryPoint","urlTemplate":"https:\/\/now-news.de\/de\/?s={search_term_string}"},"query-input":"required name=search_term_string"}],"inLanguage":"de"},{"@type":"Organization","@id":"https:\/\/now-news.de\/de\/#organization","name":"Just Now News","url":"https:\/\/now-news.de\/de\/","logo":{"@type":"ImageObject","inLanguage":"de","@id":"https:\/\/now-news.de\/de\/#\/schema\/logo\/image\/","url":"http:\/\/just-now.news\/de\/wp-content\/uploads\/sites\/3\/2022\/04\/logo500x500.jpg","contentUrl":"http:\/\/just-now.news\/de\/wp-content\/uploads\/sites\/3\/2022\/04\/logo500x500.jpg","width":500,"height":500,"caption":"Just Now News"},"image":{"@id":"https:\/\/now-news.de\/de\/#\/schema\/logo\/image\/"},"sameAs":["https:\/\/www.facebook.com\/wirmachenauf","https:\/\/x.com\/WirMachenAuf_de"]},{"@type":"Person","@id":"https:\/\/now-news.de\/de\/#\/schema\/person\/fb534a4e865501d8b3285208df34a9b5","name":"rtnews","image":{"@type":"ImageObject","inLanguage":"de","@id":"https:\/\/now-news.de\/de\/#\/schema\/person\/image\/","url":"https:\/\/secure.gravatar.com\/avatar\/82aafea7d8127119dd649515f56e2117?s=96&d=mm&r=g","contentUrl":"https:\/\/secure.gravatar.com\/avatar\/82aafea7d8127119dd649515f56e2117?s=96&d=mm&r=g","caption":"rtnews"},"url":"https:\/\/now-news.de\/de\/author\/rnews\/"}]}},"_links":{"self":[{"href":"https:\/\/now-news.de\/de\/wp-json\/wp\/v2\/posts\/39529"}],"collection":[{"href":"https:\/\/now-news.de\/de\/wp-json\/wp\/v2\/posts"}],"about":[{"href":"https:\/\/now-news.de\/de\/wp-json\/wp\/v2\/types\/post"}],"author":[{"embeddable":true,"href":"https:\/\/now-news.de\/de\/wp-json\/wp\/v2\/users\/3"}],"replies":[{"embeddable":true,"href":"https:\/\/now-news.de\/de\/wp-json\/wp\/v2\/comments?post=39529"}],"version-history":[{"count":0,"href":"https:\/\/now-news.de\/de\/wp-json\/wp\/v2\/posts\/39529\/revisions"}],"wp:featuredmedia":[{"embeddable":true,"href":"https:\/\/now-news.de\/de\/wp-json\/wp\/v2\/media\/39530"}],"wp:attachment":[{"href":"https:\/\/now-news.de\/de\/wp-json\/wp\/v2\/media?parent=39529"}],"wp:term":[{"taxonomy":"category","embeddable":true,"href":"https:\/\/now-news.de\/de\/wp-json\/wp\/v2\/categories?post=39529"},{"taxonomy":"post_tag","embeddable":true,"href":"https:\/\/now-news.de\/de\/wp-json\/wp\/v2\/tags?post=39529"}],"curies":[{"name":"wp","href":"https:\/\/api.w.org\/{rel}","templated":true}]}}