{"id":39461,"date":"2023-07-05T07:00:00","date_gmt":"2023-07-05T05:00:00","guid":{"rendered":"https:\/\/just-now.news\/de\/deutschland\/china-verschiebt-besuch-des-eu-diplomatiechefs-borrell\/"},"modified":"2023-07-05T07:00:00","modified_gmt":"2023-07-05T05:00:00","slug":"china-verschiebt-besuch-des-eu-diplomatiechefs-borrell","status":"publish","type":"post","link":"https:\/\/now-news.de\/de\/deutschland\/china-verschiebt-besuch-des-eu-diplomatiechefs-borrell\/","title":{"rendered":"China verschiebt Besuch des EU-Diplomatiechefs Borrell"},"content":{"rendered":"<p><img decoding=\"async\" src=\"http:\/\/just-now.news\/de\/wp-content\/uploads\/sites\/3\/2023\/07\/64a433d848fbef5b0001bbde.jpg\" \/><\/p>\n<div class=\"Text-root Text-type_1 \">\n                China habe den Ausw\u00e4rtigen Dienst der EU dar\u00fcber informiert, dass ein Besuch des europ\u00e4ischen Diplomatiechefs Borrell am 10. Juli nicht mehr m\u00f6glich ist, berichtete die Nachrichtenagentur Reuters. Die Europ\u00e4ische Union m\u00fcsse nun alternative Termine finden.\n            <\/div>\n<p><\/p>\n<div class=\"Text-root Text-type_5 ArticleView-text ViewText-root \">\n<p>China habe einen geplanten Besuch des Chefs der EU-Au\u00dfenpolitik, Josep Borrell, verschoben, <a rel=\"nofollow noopener\" target=\"_blank\" href=\"https:\/\/www.reuters.com\/world\/europes-top-diplomat-visit-china-july-10-2023-07-04\/\">berichtete<\/a> Reuters unter Berufung auf eine schriftliche Erkl\u00e4rung der au\u00dfenpolitischen Sprecherin der EU, Nabila Massrali. In dem Dokument hei\u00dft es:<strong><em><\/em><\/strong><\/p>\n<blockquote>\n<p><em>&#8220;Leider wurden wir von unseren chinesischen Kollegen dar\u00fcber informiert, dass es nicht mehr m\u00f6glich ist, den Besuch zu den geplanten Terminen n\u00e4chste Woche durchzuf\u00fchren.&#8221;<\/em><\/p>\n<\/blockquote>\n<p>Laut Massrali muss die EU nun &#8220;alternative [Termine] finden&#8221;. Gr\u00fcnde f\u00fcr die Verschiebung des Besuchs von Borrell wurden nicht genannt.<\/p>\n<p>Borrell sollte am 10. Juli nach Peking reisen, um den chinesischen Au\u00dfenminister Qin Gang zu treffen. W\u00e4hrend des Treffens sollten die beiden &#8220;strategische Fragen&#8221; er\u00f6rtern, darunter die Menschenrechte und die Lage in der Ukraine, so die Nachrichtenagentur unter Berufung auf den EU-Botschafter in Peking.<\/p>\n<p>Die Sprecherin des chinesischen Au\u00dfenministeriums, Mao Ning, sagte jedoch, dass sie keine Informationen \u00fcber den Besuch Borrells habe.<\/p>\n<p>Der europ\u00e4ische Diplomatiechef sollte China vom 13. bis 15. April besuchen, um mit Peking \u00fcber die bilateralen Beziehungen zwischen der EU und China und aktuelle au\u00dfenpolitische Themen zu sprechen. Am 12. April gab er jedoch bekannt, dass er die Reise aufgrund eines positiven COVID-19-Tests verschieben m\u00fcsse.<\/p>\n<p>Der Sprecher des chinesischen Au\u00dfenministeriums, Wang Wenbin, erkl\u00e4rte daraufhin, Peking habe Verst\u00e4ndnis f\u00fcr die Verschiebung von Borrells Besuch und lade den Beamten ein, das Land zu einem f\u00fcr beide Seiten g\u00fcnstigen Zeitpunkt zu besuchen.<\/p>\n<p>Ende Juni forderten die Staats- und Regierungschefs der EU China auf, seinen Einfluss geltend zu machen, um das Ende des Konflikts in der Ukraine herbeizuf\u00fchren und die Handelsbeziehungen mit der EU auszugleichen.<\/p>\n<p>Vor einem Monat forderten die G7-Staaten (USA, Kanada, Deutschland, Vereinigtes K\u00f6nigreich, Italien, Frankreich, Japan) China auf, Russland zu einem &#8220;vollst\u00e4ndigen und bedingungslosen&#8221; Truppenabzug aus der Ukraine zu dr\u00e4ngen. Die westlichen L\u00e4nder appellierten an Peking, einen &#8220;umfassenden, gerechten und dauerhaften Frieden&#8221; zu unterst\u00fctzen.<\/p>\n<p>Im Mai vertrat Borrell die Ansicht, dass die Niederlage Russlands in der Ukraine nichts an Chinas Kurs \u00e4ndern w\u00fcrde und Peking geopolitisch davon profitieren k\u00f6nnte. Vor diesem Hintergrund forderte er eine einheitliche Strategie f\u00fcr die Beziehungen zu China.<\/p>\n<p>China hat wiederholt dazu aufgerufen, sich nicht in die Beziehungen zwischen Peking und Moskau einzumischen. Wang stellte fest, dass &#8220;China immer eine faire und objektive Position zur Ukraine eingenommen&#8221; habe und die Idee friedlicher Verhandlungen f\u00f6rderte, was &#8220;in krassem Gegensatz zu der Praxis einiger L\u00e4nder steht, die mit zweierlei Ma\u00df messen und immer wieder \u00d6l ins Feuer gie\u00dfen&#8221;.<\/p>\n<p>China hatte sich den internationalen Sanktionen gegen Russland nach dem Beginn der Sonderoperation in der Ukraine nicht angeschlossen. Aufgrund der europ\u00e4ischen Beschr\u00e4nkungen orientierte Russland seine \u00d6llieferungen ins Ausland um und ist nun f\u00fchrend bei den Ausfuhren nach China. Gleichzeitig hat Peking die Eingliederung der Krim, des Donbass, der Gebiete Saporoschje und Cherson zu Russland nicht unterst\u00fctzt.<\/p>\n<p><strong>Mehr zum Thema<\/strong> \u2013 <a rel=\"nofollow noopener\" target=\"_blank\" href=\"https:\/\/freeassange.rtde.me\/europa\/169798-think-tank-eu-wird-zum\/\">Thinktank: EU bleibt gern Vasall der USA<\/a><\/p>\n<\/div>\n<p><br \/>\n<br \/><a href=\"https:\/\/de.rt.com\/international\/174380-china-verschiebt-besuch-eu-diplomatiechefs\/\">Source link <\/a><\/p>\n","protected":false},"excerpt":{"rendered":"<p>China habe den Ausw\u00e4rtigen Dienst der EU dar\u00fcber informiert, dass ein Besuch des europ\u00e4ischen Diplomatiechefs Borrell am 10. Juli nicht mehr m\u00f6glich ist, berichtete die Nachrichtenagentur Reuters. Die Europ\u00e4ische Union m\u00fcsse nun alternative Termine finden. China habe einen geplanten Besuch des Chefs der EU-Au\u00dfenpolitik, Josep Borrell, verschoben, berichtete Reuters unter Berufung auf eine schriftliche Erkl\u00e4rung [&hellip;]<\/p>\n","protected":false},"author":3,"featured_media":39462,"comment_status":"open","ping_status":"open","sticky":false,"template":"","format":"standard","meta":{"_yoast_indexnow_last_ping":["1688533734"],"wp_automatic_camp":["217"],"2db9a998c27e9828fd3115a51b966254":["China verschiebt Besuch des EU-Diplomatiechefs Borrell"],"original_link":["https:\/\/de.rt.com\/international\/174380-china-verschiebt-besuch-eu-diplomatiechefs\/"],"_thumbnail_id":["39462"],"jnews_social_counter_last_update":["1777452943"],"_wptgpro_p2tg_sent2tg":["a:1:{i:23737;s:19:\"2023-07-05 07:11:04\";}"]},"categories":[19,23],"tags":[7709,25926,192,583,46382,14218],"yoast_head":"<!-- This site is optimized with the Yoast SEO Premium plugin v22.7 (Yoast SEO v22.7) - https:\/\/yoast.com\/wordpress\/plugins\/seo\/ -->\n<title>China verschiebt Besuch des EU-Diplomatiechefs Borrell - just-now.NEWS Deutschland<\/title>\n<meta name=\"robots\" content=\"index, follow, max-snippet:-1, max-image-preview:large, max-video-preview:-1\" \/>\n<link rel=\"canonical\" href=\"https:\/\/now-news.de\/de\/deutschland\/china-verschiebt-besuch-des-eu-diplomatiechefs-borrell\/\" \/>\n<meta property=\"og:locale\" content=\"de_DE\" \/>\n<meta property=\"og:type\" content=\"article\" \/>\n<meta property=\"og:title\" content=\"China verschiebt Besuch des EU-Diplomatiechefs Borrell\" \/>\n<meta property=\"og:description\" content=\"China habe den Ausw\u00e4rtigen Dienst der EU dar\u00fcber informiert, dass ein Besuch des europ\u00e4ischen Diplomatiechefs Borrell am 10. Juli nicht mehr m\u00f6glich ist, berichtete die Nachrichtenagentur Reuters. Die Europ\u00e4ische Union m\u00fcsse nun alternative Termine finden. China habe einen geplanten Besuch des Chefs der EU-Au\u00dfenpolitik, Josep Borrell, verschoben, berichtete Reuters unter Berufung auf eine schriftliche Erkl\u00e4rung [&hellip;]\" \/>\n<meta property=\"og:url\" content=\"https:\/\/now-news.de\/de\/deutschland\/china-verschiebt-besuch-des-eu-diplomatiechefs-borrell\/\" \/>\n<meta property=\"og:site_name\" content=\"just-now.NEWS Deutschland\" \/>\n<meta property=\"article:publisher\" content=\"https:\/\/www.facebook.com\/wirmachenauf\" \/>\n<meta property=\"article:published_time\" content=\"2023-07-05T05:00:00+00:00\" \/>\n<meta property=\"og:image\" content=\"https:\/\/now-news.de\/de\/wp-content\/uploads\/sites\/3\/2023\/07\/China-verschiebt-Besuch-des-EU-Diplomatiechefs-Borrell.jpg\" \/>\n\t<meta property=\"og:image:width\" content=\"460\" \/>\n\t<meta property=\"og:image:height\" content=\"259\" \/>\n\t<meta property=\"og:image:type\" content=\"image\/jpeg\" \/>\n<meta name=\"author\" content=\"rtnews\" \/>\n<meta name=\"twitter:card\" content=\"summary_large_image\" \/>\n<meta name=\"twitter:creator\" content=\"@WirMachenAuf_de\" \/>\n<meta name=\"twitter:site\" content=\"@WirMachenAuf_de\" \/>\n<meta name=\"twitter:label1\" content=\"Verfasst von\" \/>\n\t<meta name=\"twitter:data1\" content=\"rtnews\" \/>\n\t<meta name=\"twitter:label2\" content=\"Gesch\u00e4tzte Lesezeit\" \/>\n\t<meta name=\"twitter:data2\" content=\"3\u00a0Minuten\" \/>\n<script type=\"application\/ld+json\" class=\"yoast-schema-graph\">{\"@context\":\"https:\/\/schema.org\",\"@graph\":[{\"@type\":\"Article\",\"@id\":\"https:\/\/now-news.de\/de\/deutschland\/china-verschiebt-besuch-des-eu-diplomatiechefs-borrell\/#article\",\"isPartOf\":{\"@id\":\"https:\/\/now-news.de\/de\/deutschland\/china-verschiebt-besuch-des-eu-diplomatiechefs-borrell\/\"},\"author\":{\"name\":\"rtnews\",\"@id\":\"https:\/\/now-news.de\/de\/#\/schema\/person\/fb534a4e865501d8b3285208df34a9b5\"},\"headline\":\"China verschiebt Besuch des EU-Diplomatiechefs Borrell\",\"datePublished\":\"2023-07-05T05:00:00+00:00\",\"dateModified\":\"2023-07-05T05:00:00+00:00\",\"mainEntityOfPage\":{\"@id\":\"https:\/\/now-news.de\/de\/deutschland\/china-verschiebt-besuch-des-eu-diplomatiechefs-borrell\/\"},\"wordCount\":540,\"commentCount\":0,\"publisher\":{\"@id\":\"https:\/\/now-news.de\/de\/#organization\"},\"image\":{\"@id\":\"https:\/\/now-news.de\/de\/deutschland\/china-verschiebt-besuch-des-eu-diplomatiechefs-borrell\/#primaryimage\"},\"thumbnailUrl\":\"https:\/\/now-news.de\/de\/wp-content\/uploads\/sites\/3\/2023\/07\/China-verschiebt-Besuch-des-EU-Diplomatiechefs-Borrell.jpg\",\"keywords\":[\"Besuch\",\"Borrell\",\"China\",\"des\",\"EUDiplomatiechefs\",\"verschiebt\"],\"articleSection\":[\"Deutschland\",\"Russland\"],\"inLanguage\":\"de\",\"potentialAction\":[{\"@type\":\"CommentAction\",\"name\":\"Comment\",\"target\":[\"https:\/\/now-news.de\/de\/deutschland\/china-verschiebt-besuch-des-eu-diplomatiechefs-borrell\/#respond\"]}]},{\"@type\":\"WebPage\",\"@id\":\"https:\/\/now-news.de\/de\/deutschland\/china-verschiebt-besuch-des-eu-diplomatiechefs-borrell\/\",\"url\":\"https:\/\/now-news.de\/de\/deutschland\/china-verschiebt-besuch-des-eu-diplomatiechefs-borrell\/\",\"name\":\"China verschiebt Besuch des EU-Diplomatiechefs Borrell - just-now.NEWS Deutschland\",\"isPartOf\":{\"@id\":\"https:\/\/now-news.de\/de\/#website\"},\"primaryImageOfPage\":{\"@id\":\"https:\/\/now-news.de\/de\/deutschland\/china-verschiebt-besuch-des-eu-diplomatiechefs-borrell\/#primaryimage\"},\"image\":{\"@id\":\"https:\/\/now-news.de\/de\/deutschland\/china-verschiebt-besuch-des-eu-diplomatiechefs-borrell\/#primaryimage\"},\"thumbnailUrl\":\"https:\/\/now-news.de\/de\/wp-content\/uploads\/sites\/3\/2023\/07\/China-verschiebt-Besuch-des-EU-Diplomatiechefs-Borrell.jpg\",\"datePublished\":\"2023-07-05T05:00:00+00:00\",\"dateModified\":\"2023-07-05T05:00:00+00:00\",\"breadcrumb\":{\"@id\":\"https:\/\/now-news.de\/de\/deutschland\/china-verschiebt-besuch-des-eu-diplomatiechefs-borrell\/#breadcrumb\"},\"inLanguage\":\"de\",\"potentialAction\":[{\"@type\":\"ReadAction\",\"target\":[\"https:\/\/now-news.de\/de\/deutschland\/china-verschiebt-besuch-des-eu-diplomatiechefs-borrell\/\"]}]},{\"@type\":\"ImageObject\",\"inLanguage\":\"de\",\"@id\":\"https:\/\/now-news.de\/de\/deutschland\/china-verschiebt-besuch-des-eu-diplomatiechefs-borrell\/#primaryimage\",\"url\":\"https:\/\/now-news.de\/de\/wp-content\/uploads\/sites\/3\/2023\/07\/China-verschiebt-Besuch-des-EU-Diplomatiechefs-Borrell.jpg\",\"contentUrl\":\"https:\/\/now-news.de\/de\/wp-content\/uploads\/sites\/3\/2023\/07\/China-verschiebt-Besuch-des-EU-Diplomatiechefs-Borrell.jpg\",\"width\":460,\"height\":259,\"caption\":\"China verschiebt Besuch des EU-Diplomatiechefs Borrell\"},{\"@type\":\"BreadcrumbList\",\"@id\":\"https:\/\/now-news.de\/de\/deutschland\/china-verschiebt-besuch-des-eu-diplomatiechefs-borrell\/#breadcrumb\",\"itemListElement\":[{\"@type\":\"ListItem\",\"position\":1,\"name\":\"Home\",\"item\":\"https:\/\/now-news.de\/de\/\"},{\"@type\":\"ListItem\",\"position\":2,\"name\":\"China verschiebt Besuch des EU-Diplomatiechefs Borrell\"}]},{\"@type\":\"WebSite\",\"@id\":\"https:\/\/now-news.de\/de\/#website\",\"url\":\"https:\/\/now-news.de\/de\/\",\"name\":\"just-now.NEWS Deutschland\",\"description\":\"Das Portal f\u00fcr unzensierte Nachrichten aus der Welt\",\"publisher\":{\"@id\":\"https:\/\/now-news.de\/de\/#organization\"},\"potentialAction\":[{\"@type\":\"SearchAction\",\"target\":{\"@type\":\"EntryPoint\",\"urlTemplate\":\"https:\/\/now-news.de\/de\/?s={search_term_string}\"},\"query-input\":\"required name=search_term_string\"}],\"inLanguage\":\"de\"},{\"@type\":\"Organization\",\"@id\":\"https:\/\/now-news.de\/de\/#organization\",\"name\":\"Just Now News\",\"url\":\"https:\/\/now-news.de\/de\/\",\"logo\":{\"@type\":\"ImageObject\",\"inLanguage\":\"de\",\"@id\":\"https:\/\/now-news.de\/de\/#\/schema\/logo\/image\/\",\"url\":\"http:\/\/just-now.news\/de\/wp-content\/uploads\/sites\/3\/2022\/04\/logo500x500.jpg\",\"contentUrl\":\"http:\/\/just-now.news\/de\/wp-content\/uploads\/sites\/3\/2022\/04\/logo500x500.jpg\",\"width\":500,\"height\":500,\"caption\":\"Just Now News\"},\"image\":{\"@id\":\"https:\/\/now-news.de\/de\/#\/schema\/logo\/image\/\"},\"sameAs\":[\"https:\/\/www.facebook.com\/wirmachenauf\",\"https:\/\/x.com\/WirMachenAuf_de\"]},{\"@type\":\"Person\",\"@id\":\"https:\/\/now-news.de\/de\/#\/schema\/person\/fb534a4e865501d8b3285208df34a9b5\",\"name\":\"rtnews\",\"image\":{\"@type\":\"ImageObject\",\"inLanguage\":\"de\",\"@id\":\"https:\/\/now-news.de\/de\/#\/schema\/person\/image\/\",\"url\":\"https:\/\/secure.gravatar.com\/avatar\/82aafea7d8127119dd649515f56e2117?s=96&d=mm&r=g\",\"contentUrl\":\"https:\/\/secure.gravatar.com\/avatar\/82aafea7d8127119dd649515f56e2117?s=96&d=mm&r=g\",\"caption\":\"rtnews\"},\"url\":\"https:\/\/now-news.de\/de\/author\/rnews\/\"}]}<\/script>\n<!-- \/ Yoast SEO Premium plugin. -->","yoast_head_json":{"title":"China verschiebt Besuch des EU-Diplomatiechefs Borrell - just-now.NEWS Deutschland","robots":{"index":"index","follow":"follow","max-snippet":"max-snippet:-1","max-image-preview":"max-image-preview:large","max-video-preview":"max-video-preview:-1"},"canonical":"https:\/\/now-news.de\/de\/deutschland\/china-verschiebt-besuch-des-eu-diplomatiechefs-borrell\/","og_locale":"de_DE","og_type":"article","og_title":"China verschiebt Besuch des EU-Diplomatiechefs Borrell","og_description":"China habe den Ausw\u00e4rtigen Dienst der EU dar\u00fcber informiert, dass ein Besuch des europ\u00e4ischen Diplomatiechefs Borrell am 10. Juli nicht mehr m\u00f6glich ist, berichtete die Nachrichtenagentur Reuters. Die Europ\u00e4ische Union m\u00fcsse nun alternative Termine finden. China habe einen geplanten Besuch des Chefs der EU-Au\u00dfenpolitik, Josep Borrell, verschoben, berichtete Reuters unter Berufung auf eine schriftliche Erkl\u00e4rung [&hellip;]","og_url":"https:\/\/now-news.de\/de\/deutschland\/china-verschiebt-besuch-des-eu-diplomatiechefs-borrell\/","og_site_name":"just-now.NEWS Deutschland","article_publisher":"https:\/\/www.facebook.com\/wirmachenauf","article_published_time":"2023-07-05T05:00:00+00:00","og_image":[{"width":460,"height":259,"url":"https:\/\/now-news.de\/de\/wp-content\/uploads\/sites\/3\/2023\/07\/China-verschiebt-Besuch-des-EU-Diplomatiechefs-Borrell.jpg","type":"image\/jpeg"}],"author":"rtnews","twitter_card":"summary_large_image","twitter_creator":"@WirMachenAuf_de","twitter_site":"@WirMachenAuf_de","twitter_misc":{"Verfasst von":"rtnews","Gesch\u00e4tzte Lesezeit":"3\u00a0Minuten"},"schema":{"@context":"https:\/\/schema.org","@graph":[{"@type":"Article","@id":"https:\/\/now-news.de\/de\/deutschland\/china-verschiebt-besuch-des-eu-diplomatiechefs-borrell\/#article","isPartOf":{"@id":"https:\/\/now-news.de\/de\/deutschland\/china-verschiebt-besuch-des-eu-diplomatiechefs-borrell\/"},"author":{"name":"rtnews","@id":"https:\/\/now-news.de\/de\/#\/schema\/person\/fb534a4e865501d8b3285208df34a9b5"},"headline":"China verschiebt Besuch des EU-Diplomatiechefs Borrell","datePublished":"2023-07-05T05:00:00+00:00","dateModified":"2023-07-05T05:00:00+00:00","mainEntityOfPage":{"@id":"https:\/\/now-news.de\/de\/deutschland\/china-verschiebt-besuch-des-eu-diplomatiechefs-borrell\/"},"wordCount":540,"commentCount":0,"publisher":{"@id":"https:\/\/now-news.de\/de\/#organization"},"image":{"@id":"https:\/\/now-news.de\/de\/deutschland\/china-verschiebt-besuch-des-eu-diplomatiechefs-borrell\/#primaryimage"},"thumbnailUrl":"https:\/\/now-news.de\/de\/wp-content\/uploads\/sites\/3\/2023\/07\/China-verschiebt-Besuch-des-EU-Diplomatiechefs-Borrell.jpg","keywords":["Besuch","Borrell","China","des","EUDiplomatiechefs","verschiebt"],"articleSection":["Deutschland","Russland"],"inLanguage":"de","potentialAction":[{"@type":"CommentAction","name":"Comment","target":["https:\/\/now-news.de\/de\/deutschland\/china-verschiebt-besuch-des-eu-diplomatiechefs-borrell\/#respond"]}]},{"@type":"WebPage","@id":"https:\/\/now-news.de\/de\/deutschland\/china-verschiebt-besuch-des-eu-diplomatiechefs-borrell\/","url":"https:\/\/now-news.de\/de\/deutschland\/china-verschiebt-besuch-des-eu-diplomatiechefs-borrell\/","name":"China verschiebt Besuch des EU-Diplomatiechefs Borrell - just-now.NEWS Deutschland","isPartOf":{"@id":"https:\/\/now-news.de\/de\/#website"},"primaryImageOfPage":{"@id":"https:\/\/now-news.de\/de\/deutschland\/china-verschiebt-besuch-des-eu-diplomatiechefs-borrell\/#primaryimage"},"image":{"@id":"https:\/\/now-news.de\/de\/deutschland\/china-verschiebt-besuch-des-eu-diplomatiechefs-borrell\/#primaryimage"},"thumbnailUrl":"https:\/\/now-news.de\/de\/wp-content\/uploads\/sites\/3\/2023\/07\/China-verschiebt-Besuch-des-EU-Diplomatiechefs-Borrell.jpg","datePublished":"2023-07-05T05:00:00+00:00","dateModified":"2023-07-05T05:00:00+00:00","breadcrumb":{"@id":"https:\/\/now-news.de\/de\/deutschland\/china-verschiebt-besuch-des-eu-diplomatiechefs-borrell\/#breadcrumb"},"inLanguage":"de","potentialAction":[{"@type":"ReadAction","target":["https:\/\/now-news.de\/de\/deutschland\/china-verschiebt-besuch-des-eu-diplomatiechefs-borrell\/"]}]},{"@type":"ImageObject","inLanguage":"de","@id":"https:\/\/now-news.de\/de\/deutschland\/china-verschiebt-besuch-des-eu-diplomatiechefs-borrell\/#primaryimage","url":"https:\/\/now-news.de\/de\/wp-content\/uploads\/sites\/3\/2023\/07\/China-verschiebt-Besuch-des-EU-Diplomatiechefs-Borrell.jpg","contentUrl":"https:\/\/now-news.de\/de\/wp-content\/uploads\/sites\/3\/2023\/07\/China-verschiebt-Besuch-des-EU-Diplomatiechefs-Borrell.jpg","width":460,"height":259,"caption":"China verschiebt Besuch des EU-Diplomatiechefs Borrell"},{"@type":"BreadcrumbList","@id":"https:\/\/now-news.de\/de\/deutschland\/china-verschiebt-besuch-des-eu-diplomatiechefs-borrell\/#breadcrumb","itemListElement":[{"@type":"ListItem","position":1,"name":"Home","item":"https:\/\/now-news.de\/de\/"},{"@type":"ListItem","position":2,"name":"China verschiebt Besuch des EU-Diplomatiechefs Borrell"}]},{"@type":"WebSite","@id":"https:\/\/now-news.de\/de\/#website","url":"https:\/\/now-news.de\/de\/","name":"just-now.NEWS Deutschland","description":"Das Portal f\u00fcr unzensierte Nachrichten aus der Welt","publisher":{"@id":"https:\/\/now-news.de\/de\/#organization"},"potentialAction":[{"@type":"SearchAction","target":{"@type":"EntryPoint","urlTemplate":"https:\/\/now-news.de\/de\/?s={search_term_string}"},"query-input":"required name=search_term_string"}],"inLanguage":"de"},{"@type":"Organization","@id":"https:\/\/now-news.de\/de\/#organization","name":"Just Now News","url":"https:\/\/now-news.de\/de\/","logo":{"@type":"ImageObject","inLanguage":"de","@id":"https:\/\/now-news.de\/de\/#\/schema\/logo\/image\/","url":"http:\/\/just-now.news\/de\/wp-content\/uploads\/sites\/3\/2022\/04\/logo500x500.jpg","contentUrl":"http:\/\/just-now.news\/de\/wp-content\/uploads\/sites\/3\/2022\/04\/logo500x500.jpg","width":500,"height":500,"caption":"Just Now News"},"image":{"@id":"https:\/\/now-news.de\/de\/#\/schema\/logo\/image\/"},"sameAs":["https:\/\/www.facebook.com\/wirmachenauf","https:\/\/x.com\/WirMachenAuf_de"]},{"@type":"Person","@id":"https:\/\/now-news.de\/de\/#\/schema\/person\/fb534a4e865501d8b3285208df34a9b5","name":"rtnews","image":{"@type":"ImageObject","inLanguage":"de","@id":"https:\/\/now-news.de\/de\/#\/schema\/person\/image\/","url":"https:\/\/secure.gravatar.com\/avatar\/82aafea7d8127119dd649515f56e2117?s=96&d=mm&r=g","contentUrl":"https:\/\/secure.gravatar.com\/avatar\/82aafea7d8127119dd649515f56e2117?s=96&d=mm&r=g","caption":"rtnews"},"url":"https:\/\/now-news.de\/de\/author\/rnews\/"}]}},"_links":{"self":[{"href":"https:\/\/now-news.de\/de\/wp-json\/wp\/v2\/posts\/39461"}],"collection":[{"href":"https:\/\/now-news.de\/de\/wp-json\/wp\/v2\/posts"}],"about":[{"href":"https:\/\/now-news.de\/de\/wp-json\/wp\/v2\/types\/post"}],"author":[{"embeddable":true,"href":"https:\/\/now-news.de\/de\/wp-json\/wp\/v2\/users\/3"}],"replies":[{"embeddable":true,"href":"https:\/\/now-news.de\/de\/wp-json\/wp\/v2\/comments?post=39461"}],"version-history":[{"count":0,"href":"https:\/\/now-news.de\/de\/wp-json\/wp\/v2\/posts\/39461\/revisions"}],"wp:featuredmedia":[{"embeddable":true,"href":"https:\/\/now-news.de\/de\/wp-json\/wp\/v2\/media\/39462"}],"wp:attachment":[{"href":"https:\/\/now-news.de\/de\/wp-json\/wp\/v2\/media?parent=39461"}],"wp:term":[{"taxonomy":"category","embeddable":true,"href":"https:\/\/now-news.de\/de\/wp-json\/wp\/v2\/categories?post=39461"},{"taxonomy":"post_tag","embeddable":true,"href":"https:\/\/now-news.de\/de\/wp-json\/wp\/v2\/tags?post=39461"}],"curies":[{"name":"wp","href":"https:\/\/api.w.org\/{rel}","templated":true}]}}