{"id":39447,"date":"2023-07-04T20:52:34","date_gmt":"2023-07-04T18:52:34","guid":{"rendered":"https:\/\/just-now.news\/de\/deutschland\/direkt-nach-freispruch-klimakleber-kleben-sich-erneut-in-leipzig-auf-die-strasse\/"},"modified":"2023-07-04T20:52:34","modified_gmt":"2023-07-04T18:52:34","slug":"direkt-nach-freispruch-klimakleber-kleben-sich-erneut-in-leipzig-auf-die-strasse","status":"publish","type":"post","link":"https:\/\/now-news.de\/de\/deutschland\/direkt-nach-freispruch-klimakleber-kleben-sich-erneut-in-leipzig-auf-die-strasse\/","title":{"rendered":"Direkt nach Freispruch: Klimakleber kleben sich erneut in Leipzig auf die Stra\u00dfe"},"content":{"rendered":"<p><img decoding=\"async\" src=\"http:\/\/just-now.news\/de\/wp-content\/uploads\/sites\/3\/2023\/07\/64a43a28b480cc14152f96aa.jpg\" \/><\/p>\n<div class=\"Text-root Text-type_1 \">\n                Letztes Jahr hatten f\u00fcnf Klimakleber den Innenstadtring in Leipzig blockiert. Obwohl die Staatsanwaltschaft eine Geldstrafe forderte, wurden die Angeklagten nun freigesprochen, die Richterin zeigte Sympathien. Direkt nach der Urteilsverk\u00fcndung klebten sich einige der Freigesprochenen wieder auf einer Stra\u00dfe in Leipzig fest.\n            <\/div>\n<p><\/p>\n<div class=\"Text-root Text-type_5 ArticleView-text ViewText-root \">\n<p>Alles f\u00fcr das Klima? Beim\u00a0Prozess gegen f\u00fcnf Klimakleber der Letzten Generation sind alle Angeklagten am Dienstag freigesprochen worden.\u00a0Laut dem <em>MDR<\/em>\u00a0<a rel=\"nofollow noopener\" target=\"_blank\" href=\"https:\/\/www.mdr.de\/nachrichten\/sachsen\/leipzig\/leipzig-leipzig-land\/letzte-generation-klima-aktivisten-kleber-freispruch-100.html\">folgte<\/a> das Amtsgericht Leipzig der Empfehlung der Verteidigung. Die Staatsanwaltschaft hatte dagegen eine Geldstrafe\u00a0zu jeweils 30 Tagess\u00e4tzen gefordert. Die Angeklagten hatten sich\u00a02022 auf dem Leipziger Innenstadtring festgeklebt. Die Anklage lautete auf N\u00f6tigung im Stra\u00dfenverkehr.<\/p>\n<p>Die Vorsitzende Richterin Laura Jankowski zeigte offenkundig Sympathien mit den Angeklagten. Sie argumentierte, dass der\u00a0Tatbestand der N\u00f6tigung zwar erf\u00fcllt gewesen sei, die Beeintr\u00e4chtigungen jedoch nur kurzzeitig und die Polizei sowie die Presse zuvor informiert gewesen waren. Zudem sei f\u00fcr Notf\u00e4lle eine Rettungsgasse freigehalten worden. Sie betonte:<\/p>\n<blockquote>\n<p><em> &#8220;Der Protest richtete sich gegen die Folgen der Klimakrise und speziell gegen den Autoverkehr.&#8221;<\/em><\/p>\n<\/blockquote>\n<p>Demzufolge k\u00f6nne der Protest nicht als &#8220;verwerflich&#8221; anzusehen sein.\u00a0<\/p>\n<p>Nur wenige Minuten nach dem Freispruch der f\u00fcnf Angeklagten haben\u00a0Klimakleber am Dienstag erneut eine Hauptverkehrsstra\u00dfe in Leipzig blockiert. Laut <em>dpa<\/em> setzten sich zehn Personen auf eine Kreuzung und protestierten gegen die mutma\u00dflichen Folgen der Klimakrise. Einige klebten sich demnach beim Eintreffen der Polizei mit den H\u00e4nden an der Stra\u00dfe fest: Darunter waren auch drei der soeben erst Freigesprochenen.\u00a0<\/p>\n<p>Auf ihren Twitter-Kanal feierte die Letzte Generation den Freispruch mit einem Video und der \u00dcberschrift:<\/p>\n<blockquote>\n<p><em>&#8220;F\u00dcNF FREISPR\u00dcCHE IN LEIPZIG&#8221;<\/em><\/p>\n<\/blockquote>\n<div class=\"EmbedBlock-root EmbedBlock-twitter\">\n<div class=\"TwitterEmbed\">\n<blockquote class=\"twitter-tweet lazyload\" data-twitter=\"twitter-tweet\">\n<p lang=\"de\" dir=\"ltr\">F\u00dcNF FREISPR\u00dcCHE IN LEIPZIG <a rel=\"nofollow noopener\" target=\"_blank\" href=\"https:\/\/t.co\/frtf78o6VF\">pic.twitter.com\/frtf78o6VF<\/a><\/p>\n<p>\u2014 Letzte Generation (@AufstandLastGen) <a rel=\"nofollow noopener\" target=\"_blank\" href=\"https:\/\/twitter.com\/AufstandLastGen\/status\/1676198868608856065?ref_src=twsrc%5Etfw\">July 4, 2023<\/a><\/p><\/blockquote>\n<\/div>\n<\/div>\n<p><strong>Mehr zum Thema \u2013<\/strong>\u00a0<a rel=\"nofollow noopener\" target=\"_blank\" href=\"https:\/\/freeassange.rtde.life\/meinung\/173365-wie-simulierte-reale-demokratie-erdrueckt\/\">Die Rolle der NGOs \u2013 oder wie die simulierte Demokratie die reale erdr\u00fcckt<\/a><\/p>\n<\/div>\n<p><script async src=\"https:\/\/platform.twitter.com\/widgets.js\" charset=\"utf-8\"><\/script><br \/>\n<br \/><br \/>\n<br \/><a href=\"https:\/\/de.rt.com\/inland\/174374-direkt-nach-freispruch-klimakleber-kleben-sich-erneut-in-leipzig-auf-die-strasse\/\">Source link <\/a><\/p>\n","protected":false},"excerpt":{"rendered":"<p>Letztes Jahr hatten f\u00fcnf Klimakleber den Innenstadtring in Leipzig blockiert. Obwohl die Staatsanwaltschaft eine Geldstrafe forderte, wurden die Angeklagten nun freigesprochen, die Richterin zeigte Sympathien. Direkt nach der Urteilsverk\u00fcndung klebten sich einige der Freigesprochenen wieder auf einer Stra\u00dfe in Leipzig fest. Alles f\u00fcr das Klima? Beim\u00a0Prozess gegen f\u00fcnf Klimakleber der Letzten Generation sind alle Angeklagten [&hellip;]<\/p>\n","protected":false},"author":3,"featured_media":39448,"comment_status":"open","ping_status":"open","sticky":false,"template":"","format":"standard","meta":{"_yoast_indexnow_last_ping":["1688497202"],"wp_automatic_camp":["217"],"a150e67e7184514dcf30eafd69a80873":["Direkt nach Freispruch: Klimakleber kleben sich erneut in Leipzig auf die Stra\u00dfe"],"original_link":["https:\/\/de.rt.com\/inland\/174374-direkt-nach-freispruch-klimakleber-kleben-sich-erneut-in-leipzig-auf-die-strasse\/"],"_thumbnail_id":["39448"],"_wptgpro_p2tg_sent2tg":["a:1:{i:23737;s:19:\"2023-07-04 21:01:10\";}"],"jnews_social_counter_last_update":["1777179770"]},"categories":[19,23],"tags":[133,45,23943,781,44036,21661,35468,21240,979,434,3378],"yoast_head":"<!-- This site is optimized with the Yoast SEO Premium plugin v22.7 (Yoast SEO v22.7) - https:\/\/yoast.com\/wordpress\/plugins\/seo\/ -->\n<title>Direkt nach Freispruch: Klimakleber kleben sich erneut in Leipzig auf die Stra\u00dfe - just-now.NEWS Deutschland<\/title>\n<meta name=\"robots\" content=\"index, follow, max-snippet:-1, max-image-preview:large, max-video-preview:-1\" \/>\n<link rel=\"canonical\" href=\"https:\/\/now-news.de\/de\/deutschland\/direkt-nach-freispruch-klimakleber-kleben-sich-erneut-in-leipzig-auf-die-strasse\/\" \/>\n<meta property=\"og:locale\" content=\"de_DE\" \/>\n<meta property=\"og:type\" content=\"article\" \/>\n<meta property=\"og:title\" content=\"Direkt nach Freispruch: Klimakleber kleben sich erneut in Leipzig auf die Stra\u00dfe\" \/>\n<meta property=\"og:description\" content=\"Letztes Jahr hatten f\u00fcnf Klimakleber den Innenstadtring in Leipzig blockiert. Obwohl die Staatsanwaltschaft eine Geldstrafe forderte, wurden die Angeklagten nun freigesprochen, die Richterin zeigte Sympathien. Direkt nach der Urteilsverk\u00fcndung klebten sich einige der Freigesprochenen wieder auf einer Stra\u00dfe in Leipzig fest. Alles f\u00fcr das Klima? Beim\u00a0Prozess gegen f\u00fcnf Klimakleber der Letzten Generation sind alle Angeklagten [&hellip;]\" \/>\n<meta property=\"og:url\" content=\"https:\/\/now-news.de\/de\/deutschland\/direkt-nach-freispruch-klimakleber-kleben-sich-erneut-in-leipzig-auf-die-strasse\/\" \/>\n<meta property=\"og:site_name\" content=\"just-now.NEWS Deutschland\" \/>\n<meta property=\"article:publisher\" content=\"https:\/\/www.facebook.com\/wirmachenauf\" \/>\n<meta property=\"article:published_time\" content=\"2023-07-04T18:52:34+00:00\" \/>\n<meta property=\"og:image\" content=\"https:\/\/now-news.de\/de\/wp-content\/uploads\/sites\/3\/2023\/07\/Direkt-nach-Freispruch-Klimakleber-kleben-sich-erneut-in-Leipzig-auf.jpg\" \/>\n\t<meta property=\"og:image:width\" content=\"460\" \/>\n\t<meta property=\"og:image:height\" content=\"259\" \/>\n\t<meta property=\"og:image:type\" content=\"image\/jpeg\" \/>\n<meta name=\"author\" content=\"rtnews\" \/>\n<meta name=\"twitter:card\" content=\"summary_large_image\" \/>\n<meta name=\"twitter:creator\" content=\"@WirMachenAuf_de\" \/>\n<meta name=\"twitter:site\" content=\"@WirMachenAuf_de\" \/>\n<meta name=\"twitter:label1\" content=\"Verfasst von\" \/>\n\t<meta name=\"twitter:data1\" content=\"rtnews\" \/>\n\t<meta name=\"twitter:label2\" content=\"Gesch\u00e4tzte Lesezeit\" \/>\n\t<meta name=\"twitter:data2\" content=\"2\u00a0Minuten\" \/>\n<script type=\"application\/ld+json\" class=\"yoast-schema-graph\">{\"@context\":\"https:\/\/schema.org\",\"@graph\":[{\"@type\":\"Article\",\"@id\":\"https:\/\/now-news.de\/de\/deutschland\/direkt-nach-freispruch-klimakleber-kleben-sich-erneut-in-leipzig-auf-die-strasse\/#article\",\"isPartOf\":{\"@id\":\"https:\/\/now-news.de\/de\/deutschland\/direkt-nach-freispruch-klimakleber-kleben-sich-erneut-in-leipzig-auf-die-strasse\/\"},\"author\":{\"name\":\"rtnews\",\"@id\":\"https:\/\/now-news.de\/de\/#\/schema\/person\/fb534a4e865501d8b3285208df34a9b5\"},\"headline\":\"Direkt nach Freispruch: Klimakleber kleben sich erneut in Leipzig auf die Stra\u00dfe\",\"datePublished\":\"2023-07-04T18:52:34+00:00\",\"dateModified\":\"2023-07-04T18:52:34+00:00\",\"mainEntityOfPage\":{\"@id\":\"https:\/\/now-news.de\/de\/deutschland\/direkt-nach-freispruch-klimakleber-kleben-sich-erneut-in-leipzig-auf-die-strasse\/\"},\"wordCount\":314,\"commentCount\":0,\"publisher\":{\"@id\":\"https:\/\/now-news.de\/de\/#organization\"},\"image\":{\"@id\":\"https:\/\/now-news.de\/de\/deutschland\/direkt-nach-freispruch-klimakleber-kleben-sich-erneut-in-leipzig-auf-die-strasse\/#primaryimage\"},\"thumbnailUrl\":\"https:\/\/now-news.de\/de\/wp-content\/uploads\/sites\/3\/2023\/07\/Direkt-nach-Freispruch-Klimakleber-kleben-sich-erneut-in-Leipzig-auf.jpg\",\"keywords\":[\"AUF\",\"die\",\"direkt\",\"erneut\",\"Freispruch\",\"kleben\",\"KlimaKleber\",\"Leipzig\",\"nach\",\"sich\",\"Stra\u00dfe\"],\"articleSection\":[\"Deutschland\",\"Russland\"],\"inLanguage\":\"de\",\"potentialAction\":[{\"@type\":\"CommentAction\",\"name\":\"Comment\",\"target\":[\"https:\/\/now-news.de\/de\/deutschland\/direkt-nach-freispruch-klimakleber-kleben-sich-erneut-in-leipzig-auf-die-strasse\/#respond\"]}]},{\"@type\":\"WebPage\",\"@id\":\"https:\/\/now-news.de\/de\/deutschland\/direkt-nach-freispruch-klimakleber-kleben-sich-erneut-in-leipzig-auf-die-strasse\/\",\"url\":\"https:\/\/now-news.de\/de\/deutschland\/direkt-nach-freispruch-klimakleber-kleben-sich-erneut-in-leipzig-auf-die-strasse\/\",\"name\":\"Direkt nach Freispruch: Klimakleber kleben sich erneut in Leipzig auf die Stra\u00dfe - just-now.NEWS Deutschland\",\"isPartOf\":{\"@id\":\"https:\/\/now-news.de\/de\/#website\"},\"primaryImageOfPage\":{\"@id\":\"https:\/\/now-news.de\/de\/deutschland\/direkt-nach-freispruch-klimakleber-kleben-sich-erneut-in-leipzig-auf-die-strasse\/#primaryimage\"},\"image\":{\"@id\":\"https:\/\/now-news.de\/de\/deutschland\/direkt-nach-freispruch-klimakleber-kleben-sich-erneut-in-leipzig-auf-die-strasse\/#primaryimage\"},\"thumbnailUrl\":\"https:\/\/now-news.de\/de\/wp-content\/uploads\/sites\/3\/2023\/07\/Direkt-nach-Freispruch-Klimakleber-kleben-sich-erneut-in-Leipzig-auf.jpg\",\"datePublished\":\"2023-07-04T18:52:34+00:00\",\"dateModified\":\"2023-07-04T18:52:34+00:00\",\"breadcrumb\":{\"@id\":\"https:\/\/now-news.de\/de\/deutschland\/direkt-nach-freispruch-klimakleber-kleben-sich-erneut-in-leipzig-auf-die-strasse\/#breadcrumb\"},\"inLanguage\":\"de\",\"potentialAction\":[{\"@type\":\"ReadAction\",\"target\":[\"https:\/\/now-news.de\/de\/deutschland\/direkt-nach-freispruch-klimakleber-kleben-sich-erneut-in-leipzig-auf-die-strasse\/\"]}]},{\"@type\":\"ImageObject\",\"inLanguage\":\"de\",\"@id\":\"https:\/\/now-news.de\/de\/deutschland\/direkt-nach-freispruch-klimakleber-kleben-sich-erneut-in-leipzig-auf-die-strasse\/#primaryimage\",\"url\":\"https:\/\/now-news.de\/de\/wp-content\/uploads\/sites\/3\/2023\/07\/Direkt-nach-Freispruch-Klimakleber-kleben-sich-erneut-in-Leipzig-auf.jpg\",\"contentUrl\":\"https:\/\/now-news.de\/de\/wp-content\/uploads\/sites\/3\/2023\/07\/Direkt-nach-Freispruch-Klimakleber-kleben-sich-erneut-in-Leipzig-auf.jpg\",\"width\":460,\"height\":259,\"caption\":\"Direkt nach Freispruch: Klimakleber kleben sich erneut in Leipzig auf die Stra\u00dfe\"},{\"@type\":\"BreadcrumbList\",\"@id\":\"https:\/\/now-news.de\/de\/deutschland\/direkt-nach-freispruch-klimakleber-kleben-sich-erneut-in-leipzig-auf-die-strasse\/#breadcrumb\",\"itemListElement\":[{\"@type\":\"ListItem\",\"position\":1,\"name\":\"Home\",\"item\":\"https:\/\/now-news.de\/de\/\"},{\"@type\":\"ListItem\",\"position\":2,\"name\":\"Direkt nach Freispruch: Klimakleber kleben sich erneut in Leipzig auf die Stra\u00dfe\"}]},{\"@type\":\"WebSite\",\"@id\":\"https:\/\/now-news.de\/de\/#website\",\"url\":\"https:\/\/now-news.de\/de\/\",\"name\":\"just-now.NEWS Deutschland\",\"description\":\"Das Portal f\u00fcr unzensierte Nachrichten aus der Welt\",\"publisher\":{\"@id\":\"https:\/\/now-news.de\/de\/#organization\"},\"potentialAction\":[{\"@type\":\"SearchAction\",\"target\":{\"@type\":\"EntryPoint\",\"urlTemplate\":\"https:\/\/now-news.de\/de\/?s={search_term_string}\"},\"query-input\":\"required name=search_term_string\"}],\"inLanguage\":\"de\"},{\"@type\":\"Organization\",\"@id\":\"https:\/\/now-news.de\/de\/#organization\",\"name\":\"Just Now News\",\"url\":\"https:\/\/now-news.de\/de\/\",\"logo\":{\"@type\":\"ImageObject\",\"inLanguage\":\"de\",\"@id\":\"https:\/\/now-news.de\/de\/#\/schema\/logo\/image\/\",\"url\":\"http:\/\/just-now.news\/de\/wp-content\/uploads\/sites\/3\/2022\/04\/logo500x500.jpg\",\"contentUrl\":\"http:\/\/just-now.news\/de\/wp-content\/uploads\/sites\/3\/2022\/04\/logo500x500.jpg\",\"width\":500,\"height\":500,\"caption\":\"Just Now News\"},\"image\":{\"@id\":\"https:\/\/now-news.de\/de\/#\/schema\/logo\/image\/\"},\"sameAs\":[\"https:\/\/www.facebook.com\/wirmachenauf\",\"https:\/\/x.com\/WirMachenAuf_de\"]},{\"@type\":\"Person\",\"@id\":\"https:\/\/now-news.de\/de\/#\/schema\/person\/fb534a4e865501d8b3285208df34a9b5\",\"name\":\"rtnews\",\"image\":{\"@type\":\"ImageObject\",\"inLanguage\":\"de\",\"@id\":\"https:\/\/now-news.de\/de\/#\/schema\/person\/image\/\",\"url\":\"https:\/\/secure.gravatar.com\/avatar\/82aafea7d8127119dd649515f56e2117?s=96&d=mm&r=g\",\"contentUrl\":\"https:\/\/secure.gravatar.com\/avatar\/82aafea7d8127119dd649515f56e2117?s=96&d=mm&r=g\",\"caption\":\"rtnews\"},\"url\":\"https:\/\/now-news.de\/de\/author\/rnews\/\"}]}<\/script>\n<!-- \/ Yoast SEO Premium plugin. -->","yoast_head_json":{"title":"Direkt nach Freispruch: Klimakleber kleben sich erneut in Leipzig auf die Stra\u00dfe - just-now.NEWS Deutschland","robots":{"index":"index","follow":"follow","max-snippet":"max-snippet:-1","max-image-preview":"max-image-preview:large","max-video-preview":"max-video-preview:-1"},"canonical":"https:\/\/now-news.de\/de\/deutschland\/direkt-nach-freispruch-klimakleber-kleben-sich-erneut-in-leipzig-auf-die-strasse\/","og_locale":"de_DE","og_type":"article","og_title":"Direkt nach Freispruch: Klimakleber kleben sich erneut in Leipzig auf die Stra\u00dfe","og_description":"Letztes Jahr hatten f\u00fcnf Klimakleber den Innenstadtring in Leipzig blockiert. Obwohl die Staatsanwaltschaft eine Geldstrafe forderte, wurden die Angeklagten nun freigesprochen, die Richterin zeigte Sympathien. Direkt nach der Urteilsverk\u00fcndung klebten sich einige der Freigesprochenen wieder auf einer Stra\u00dfe in Leipzig fest. Alles f\u00fcr das Klima? Beim\u00a0Prozess gegen f\u00fcnf Klimakleber der Letzten Generation sind alle Angeklagten [&hellip;]","og_url":"https:\/\/now-news.de\/de\/deutschland\/direkt-nach-freispruch-klimakleber-kleben-sich-erneut-in-leipzig-auf-die-strasse\/","og_site_name":"just-now.NEWS Deutschland","article_publisher":"https:\/\/www.facebook.com\/wirmachenauf","article_published_time":"2023-07-04T18:52:34+00:00","og_image":[{"width":460,"height":259,"url":"https:\/\/now-news.de\/de\/wp-content\/uploads\/sites\/3\/2023\/07\/Direkt-nach-Freispruch-Klimakleber-kleben-sich-erneut-in-Leipzig-auf.jpg","type":"image\/jpeg"}],"author":"rtnews","twitter_card":"summary_large_image","twitter_creator":"@WirMachenAuf_de","twitter_site":"@WirMachenAuf_de","twitter_misc":{"Verfasst von":"rtnews","Gesch\u00e4tzte Lesezeit":"2\u00a0Minuten"},"schema":{"@context":"https:\/\/schema.org","@graph":[{"@type":"Article","@id":"https:\/\/now-news.de\/de\/deutschland\/direkt-nach-freispruch-klimakleber-kleben-sich-erneut-in-leipzig-auf-die-strasse\/#article","isPartOf":{"@id":"https:\/\/now-news.de\/de\/deutschland\/direkt-nach-freispruch-klimakleber-kleben-sich-erneut-in-leipzig-auf-die-strasse\/"},"author":{"name":"rtnews","@id":"https:\/\/now-news.de\/de\/#\/schema\/person\/fb534a4e865501d8b3285208df34a9b5"},"headline":"Direkt nach Freispruch: Klimakleber kleben sich erneut in Leipzig auf die Stra\u00dfe","datePublished":"2023-07-04T18:52:34+00:00","dateModified":"2023-07-04T18:52:34+00:00","mainEntityOfPage":{"@id":"https:\/\/now-news.de\/de\/deutschland\/direkt-nach-freispruch-klimakleber-kleben-sich-erneut-in-leipzig-auf-die-strasse\/"},"wordCount":314,"commentCount":0,"publisher":{"@id":"https:\/\/now-news.de\/de\/#organization"},"image":{"@id":"https:\/\/now-news.de\/de\/deutschland\/direkt-nach-freispruch-klimakleber-kleben-sich-erneut-in-leipzig-auf-die-strasse\/#primaryimage"},"thumbnailUrl":"https:\/\/now-news.de\/de\/wp-content\/uploads\/sites\/3\/2023\/07\/Direkt-nach-Freispruch-Klimakleber-kleben-sich-erneut-in-Leipzig-auf.jpg","keywords":["AUF","die","direkt","erneut","Freispruch","kleben","KlimaKleber","Leipzig","nach","sich","Stra\u00dfe"],"articleSection":["Deutschland","Russland"],"inLanguage":"de","potentialAction":[{"@type":"CommentAction","name":"Comment","target":["https:\/\/now-news.de\/de\/deutschland\/direkt-nach-freispruch-klimakleber-kleben-sich-erneut-in-leipzig-auf-die-strasse\/#respond"]}]},{"@type":"WebPage","@id":"https:\/\/now-news.de\/de\/deutschland\/direkt-nach-freispruch-klimakleber-kleben-sich-erneut-in-leipzig-auf-die-strasse\/","url":"https:\/\/now-news.de\/de\/deutschland\/direkt-nach-freispruch-klimakleber-kleben-sich-erneut-in-leipzig-auf-die-strasse\/","name":"Direkt nach Freispruch: Klimakleber kleben sich erneut in Leipzig auf die Stra\u00dfe - just-now.NEWS Deutschland","isPartOf":{"@id":"https:\/\/now-news.de\/de\/#website"},"primaryImageOfPage":{"@id":"https:\/\/now-news.de\/de\/deutschland\/direkt-nach-freispruch-klimakleber-kleben-sich-erneut-in-leipzig-auf-die-strasse\/#primaryimage"},"image":{"@id":"https:\/\/now-news.de\/de\/deutschland\/direkt-nach-freispruch-klimakleber-kleben-sich-erneut-in-leipzig-auf-die-strasse\/#primaryimage"},"thumbnailUrl":"https:\/\/now-news.de\/de\/wp-content\/uploads\/sites\/3\/2023\/07\/Direkt-nach-Freispruch-Klimakleber-kleben-sich-erneut-in-Leipzig-auf.jpg","datePublished":"2023-07-04T18:52:34+00:00","dateModified":"2023-07-04T18:52:34+00:00","breadcrumb":{"@id":"https:\/\/now-news.de\/de\/deutschland\/direkt-nach-freispruch-klimakleber-kleben-sich-erneut-in-leipzig-auf-die-strasse\/#breadcrumb"},"inLanguage":"de","potentialAction":[{"@type":"ReadAction","target":["https:\/\/now-news.de\/de\/deutschland\/direkt-nach-freispruch-klimakleber-kleben-sich-erneut-in-leipzig-auf-die-strasse\/"]}]},{"@type":"ImageObject","inLanguage":"de","@id":"https:\/\/now-news.de\/de\/deutschland\/direkt-nach-freispruch-klimakleber-kleben-sich-erneut-in-leipzig-auf-die-strasse\/#primaryimage","url":"https:\/\/now-news.de\/de\/wp-content\/uploads\/sites\/3\/2023\/07\/Direkt-nach-Freispruch-Klimakleber-kleben-sich-erneut-in-Leipzig-auf.jpg","contentUrl":"https:\/\/now-news.de\/de\/wp-content\/uploads\/sites\/3\/2023\/07\/Direkt-nach-Freispruch-Klimakleber-kleben-sich-erneut-in-Leipzig-auf.jpg","width":460,"height":259,"caption":"Direkt nach Freispruch: Klimakleber kleben sich erneut in Leipzig auf die Stra\u00dfe"},{"@type":"BreadcrumbList","@id":"https:\/\/now-news.de\/de\/deutschland\/direkt-nach-freispruch-klimakleber-kleben-sich-erneut-in-leipzig-auf-die-strasse\/#breadcrumb","itemListElement":[{"@type":"ListItem","position":1,"name":"Home","item":"https:\/\/now-news.de\/de\/"},{"@type":"ListItem","position":2,"name":"Direkt nach Freispruch: Klimakleber kleben sich erneut in Leipzig auf die Stra\u00dfe"}]},{"@type":"WebSite","@id":"https:\/\/now-news.de\/de\/#website","url":"https:\/\/now-news.de\/de\/","name":"just-now.NEWS Deutschland","description":"Das Portal f\u00fcr unzensierte Nachrichten aus der Welt","publisher":{"@id":"https:\/\/now-news.de\/de\/#organization"},"potentialAction":[{"@type":"SearchAction","target":{"@type":"EntryPoint","urlTemplate":"https:\/\/now-news.de\/de\/?s={search_term_string}"},"query-input":"required name=search_term_string"}],"inLanguage":"de"},{"@type":"Organization","@id":"https:\/\/now-news.de\/de\/#organization","name":"Just Now News","url":"https:\/\/now-news.de\/de\/","logo":{"@type":"ImageObject","inLanguage":"de","@id":"https:\/\/now-news.de\/de\/#\/schema\/logo\/image\/","url":"http:\/\/just-now.news\/de\/wp-content\/uploads\/sites\/3\/2022\/04\/logo500x500.jpg","contentUrl":"http:\/\/just-now.news\/de\/wp-content\/uploads\/sites\/3\/2022\/04\/logo500x500.jpg","width":500,"height":500,"caption":"Just Now News"},"image":{"@id":"https:\/\/now-news.de\/de\/#\/schema\/logo\/image\/"},"sameAs":["https:\/\/www.facebook.com\/wirmachenauf","https:\/\/x.com\/WirMachenAuf_de"]},{"@type":"Person","@id":"https:\/\/now-news.de\/de\/#\/schema\/person\/fb534a4e865501d8b3285208df34a9b5","name":"rtnews","image":{"@type":"ImageObject","inLanguage":"de","@id":"https:\/\/now-news.de\/de\/#\/schema\/person\/image\/","url":"https:\/\/secure.gravatar.com\/avatar\/82aafea7d8127119dd649515f56e2117?s=96&d=mm&r=g","contentUrl":"https:\/\/secure.gravatar.com\/avatar\/82aafea7d8127119dd649515f56e2117?s=96&d=mm&r=g","caption":"rtnews"},"url":"https:\/\/now-news.de\/de\/author\/rnews\/"}]}},"_links":{"self":[{"href":"https:\/\/now-news.de\/de\/wp-json\/wp\/v2\/posts\/39447"}],"collection":[{"href":"https:\/\/now-news.de\/de\/wp-json\/wp\/v2\/posts"}],"about":[{"href":"https:\/\/now-news.de\/de\/wp-json\/wp\/v2\/types\/post"}],"author":[{"embeddable":true,"href":"https:\/\/now-news.de\/de\/wp-json\/wp\/v2\/users\/3"}],"replies":[{"embeddable":true,"href":"https:\/\/now-news.de\/de\/wp-json\/wp\/v2\/comments?post=39447"}],"version-history":[{"count":0,"href":"https:\/\/now-news.de\/de\/wp-json\/wp\/v2\/posts\/39447\/revisions"}],"wp:featuredmedia":[{"embeddable":true,"href":"https:\/\/now-news.de\/de\/wp-json\/wp\/v2\/media\/39448"}],"wp:attachment":[{"href":"https:\/\/now-news.de\/de\/wp-json\/wp\/v2\/media?parent=39447"}],"wp:term":[{"taxonomy":"category","embeddable":true,"href":"https:\/\/now-news.de\/de\/wp-json\/wp\/v2\/categories?post=39447"},{"taxonomy":"post_tag","embeddable":true,"href":"https:\/\/now-news.de\/de\/wp-json\/wp\/v2\/tags?post=39447"}],"curies":[{"name":"wp","href":"https:\/\/api.w.org\/{rel}","templated":true}]}}