{"id":39445,"date":"2023-07-04T20:39:44","date_gmt":"2023-07-04T18:39:44","guid":{"rendered":"https:\/\/just-now.news\/de\/deutschland\/zugunsten-der-kapitaleinkommen-realloehne-brechen-eu-weit-ein\/"},"modified":"2023-07-04T20:39:44","modified_gmt":"2023-07-04T18:39:44","slug":"zugunsten-der-kapitaleinkommen-realloehne-brechen-eu-weit-ein","status":"publish","type":"post","link":"https:\/\/now-news.de\/de\/deutschland\/zugunsten-der-kapitaleinkommen-realloehne-brechen-eu-weit-ein\/","title":{"rendered":"&quot;Zugunsten der Kapitaleinkommen&quot;: Reall\u00f6hne brechen EU-weit ein"},"content":{"rendered":"<p><img decoding=\"async\" src=\"http:\/\/just-now.news\/de\/wp-content\/uploads\/sites\/3\/2023\/07\/64a3fafdb480cc74ac028c53.jpg\" \/><\/p>\n<div class=\"Text-root Text-type_1 \">\n                Laut einem Bericht der gewerkschaftsnahen Hans-B\u00f6ckler-Stiftung erlitten Arbeitnehmer in der EU 2022 einen &#8220;bisher einmaligen Verlust an Kaufkraft&#8221;. W\u00e4hrend zun\u00e4chst hohe Energiepreise der Treiber der Inflation waren, sollen mittlerweile die \u00fcberh\u00f6hten Preise der Unternehmen schuld sein.\n            <\/div>\n<p><\/p>\n<div class=\"Text-root Text-type_5 ArticleView-text ViewText-root \">\n<p>Arbeitnehmer in der\u00a0EU\u00a0haben im vergangenen Jahr erheblich an Kaufkraft eingeb\u00fc\u00dft. Das ergab der\u00a0aktuelle\u00a0<em>Europ\u00e4ische Tarifbericht<\/em> des Wirtschafts- und Sozialwissenschaftlichen Instituts (WSI) der Hans-B\u00f6ckler-Stiftung, der am Dienstag ver\u00f6ffentlicht wurde. In 26 von 27 EU-L\u00e4ndern sanken demnach die Reall\u00f6hne um durchschnittlich vier Prozent.<\/p>\n<p>Die st\u00e4rksten Lohnverluste hatten Estland (9,3 Prozent), Griechenland ( 8,2 Prozent) und Tschechien ( 8,1 Prozent) zu verzeichnen. Mit 4,1 Prozent lag Deutschland im EU-Durchschnitt. Die Ausnahme bildete Bulgarien, wo die Reall\u00f6hne 2022 um 4,7 Prozent stiegen.<\/p>\n<p>Die Hans-B\u00f6ckler-Stiftung ist das Forschungs- und Studienf\u00f6rderungswerk des Deutschen Gewerkschaftsbundes. Die Autoren des WSI werten f\u00fcr den Europ\u00e4ischen Tarifbericht unter anderem Daten der Europ\u00e4ischen Kommission zur Lohn- und Preisentwicklung aus.<\/p>\n<p><strong><\/strong><\/p>\n<p><strong><\/strong><strong>Umverteilung zulasten der L\u00f6hne<\/strong><\/p>\n<p>Als Ursache f\u00fcr den bisher beispiellosen Einbruch der Reall\u00f6hne nennt der Bericht die hohen Inflationsraten. Diese seien zun\u00e4chst von den h\u00f6heren Importpreisen f\u00fcr fossile Energietr\u00e4ger und Nahrungsmittel\u00a0verursacht worden. Inzwischen w\u00fcrden jedoch die steigenden Unternehmensgewinne\u00a0zur\u00a0Inflation beitragen. So seien die sogenannten Kapitalst\u00fcckkosten im vergangenen Jahr um 7 Prozent gestiegen\u00a0\u2013 mehr als doppelt so viel wie die Lohnst\u00fcckkosten (3,3 Prozent).<\/p>\n<p>Die h\u00f6heren Gewinne f\u00fchren die Autoren des WSI-Tarifberichts auf eine zu hohe Steigerung der Produktpreise zur\u00fcck und sprachen in diesem Zusammenhang von einer &#8220;Umverteilung zulasten der L\u00f6hne und zugunsten der Kapitaleinkommen&#8221; mitten in der Krise.<\/p>\n<div class=\"EmbedBlock-root EmbedBlock-twitter\">\n<div class=\"TwitterEmbed\">\n<blockquote class=\"twitter-tweet lazyload\" data-twitter=\"twitter-tweet\">\n<p lang=\"de\" dir=\"ltr\">Besch\u00e4ftigte i.d. EU mussten starke Einbu\u00dfen in ihrer Kaufkraft hinnehmen: In 26\/27 L\u00e4ndern sanken die Reall\u00f6hne, im EU-Mittel um 4%. \ud83c\udde9\ud83c\uddea nahe am Mittel. Ursache? Die hohe Inflation, zu der steigende UN-Gewinne beitragen. Mehr im Europ\u00e4ischen Tarifbericht\ud83d\udc49<a rel=\"nofollow noopener\" target=\"_blank\" href=\"https:\/\/t.co\/i3wvYzSnFQ\">https:\/\/t.co\/i3wvYzSnFQ<\/a><a rel=\"nofollow noopener\" target=\"_blank\" href=\"https:\/\/t.co\/Qsoakd7PEn\">pic.twitter.com\/Qsoakd7PEn<\/a><\/p>\n<p>\u2014 Hans-B\u00f6ckler-Stiftung (@boeckler_de) <a rel=\"nofollow noopener\" target=\"_blank\" href=\"https:\/\/twitter.com\/boeckler_de\/status\/1676156527915200513?ref_src=twsrc%5Etfw\">July 4, 2023<\/a><\/p><\/blockquote>\n<\/div>\n<\/div>\n<p>Eine Untersuchung der Deutschen Bundesbank habe etwa ergeben, dass die Unternehmen Kostensteigerungen gr\u00f6\u00dftenteils an die Verbraucher weitergegeben h\u00e4tten, Entlastungen jedoch nicht.\u00a0Auf die Tarifpolitik lasse sich der Preisauftrieb nicht zur\u00fcckf\u00fchren, da die Tarifl\u00f6hne 2022 nur um 2,8 Prozent gestiegen seien und damit unterhalb der stabilit\u00e4tskonformen Schwelle von 3 Prozent liegen.<\/p>\n<p><strong><\/strong><\/p>\n<p><strong>Reallohnverluste auch 2023<\/strong><\/p>\n<p>Auch f\u00fcr das laufende Jahr rechnet die EU-Kommission mit Reallohnverlusten von 0,7 Prozent im EU-Durchschnitt und von 1,3 Prozent in Deutschland. F\u00fcr die Entwicklung der Kapitalst\u00fcckkosten wird hingegen mit einer Steigerung im EU-Durchschnitt um 7,6 Prozent gerechnet, in Deutschland um 8,0 Prozent.<\/p>\n<p>Die Kapitalseite, so schlussfolgert der Bericht, habe die Krise durch &#8220;\u00fcberzogene Preisaufschl\u00e4ge&#8221; f\u00fcr sich ausgenutzt, w\u00e4hrend die Arbeitnehmer in Form von &#8220;moderaten Tariflohnsteigerungen&#8221; zur Preisstabilit\u00e4t beigetragen h\u00e4tten.<\/p>\n<p><strong>Mehr zum Thema\u00a0<\/strong>\u2013\u00a0<a rel=\"nofollow noopener\" target=\"_blank\" href=\"https:\/\/freeassange.rtde.me\/inland\/174266-inflationsausgleich-beim-mindestlohn-bis-auf\/\">Inflationsausgleich beim Mindestlohn? Von der SPD bisher nur hei\u00dfe Luft<\/a><\/p>\n<div class=\"EmbedBlock-root EmbedBlock-externalVideo EmbedBlock-vk\">\n<div class=\"VkEmbed\"><iframe class=\"lazyload\" data-src=\"https:\/\/vk.com\/video_ext.php?oid=-134310637&amp;id=456268170&amp;hash=74ec0d9b0c598a68\" frameborder=\"0\" width=\"853\" height=\"480\" allowfullscreen><\/iframe><\/div>\n<\/div>\n<\/div>\n<p><script async src=\"https:\/\/platform.twitter.com\/widgets.js\" charset=\"utf-8\"><\/script><br \/>\n<br \/><br \/>\n<br \/><a href=\"https:\/\/de.rt.com\/europa\/174340-zugunsten-kapitaleinkommen-realloehne-brechen-eu\/\">Source link <\/a><\/p>\n","protected":false},"excerpt":{"rendered":"<p>Laut einem Bericht der gewerkschaftsnahen Hans-B\u00f6ckler-Stiftung erlitten Arbeitnehmer in der EU 2022 einen &#8220;bisher einmaligen Verlust an Kaufkraft&#8221;. W\u00e4hrend zun\u00e4chst hohe Energiepreise der Treiber der Inflation waren, sollen mittlerweile die \u00fcberh\u00f6hten Preise der Unternehmen schuld sein. Arbeitnehmer in der\u00a0EU\u00a0haben im vergangenen Jahr erheblich an Kaufkraft eingeb\u00fc\u00dft. Das ergab der\u00a0aktuelle\u00a0Europ\u00e4ische Tarifbericht des Wirtschafts- und Sozialwissenschaftlichen Instituts [&hellip;]<\/p>\n","protected":false},"author":3,"featured_media":39446,"comment_status":"open","ping_status":"open","sticky":false,"template":"","format":"standard","meta":{"_yoast_indexnow_last_ping":["1688496237"],"wp_automatic_camp":["217"],"760c009b4d39b2707c154b1965db21a7":["&quot;Zugunsten der Kapitaleinkommen&quot;: Reall\u00f6hne brechen EU-weit ein"],"original_link":["https:\/\/de.rt.com\/europa\/174340-zugunsten-kapitaleinkommen-realloehne-brechen-eu\/"],"_thumbnail_id":["39446"],"_wptgpro_p2tg_sent2tg":["a:1:{i:23737;s:19:\"2023-07-04 20:45:03\";}"],"jnews_social_counter_last_update":["1777441924"]},"categories":[19,23],"tags":[12732,82,357,46370,46369,46368,31910],"yoast_head":"<!-- This site is optimized with the Yoast SEO Premium plugin v22.7 (Yoast SEO v22.7) - https:\/\/yoast.com\/wordpress\/plugins\/seo\/ -->\n<title>&quot;Zugunsten der Kapitaleinkommen&quot;: Reall\u00f6hne brechen EU-weit ein - just-now.NEWS Deutschland<\/title>\n<meta name=\"robots\" content=\"index, follow, max-snippet:-1, max-image-preview:large, max-video-preview:-1\" \/>\n<link rel=\"canonical\" href=\"https:\/\/now-news.de\/de\/deutschland\/zugunsten-der-kapitaleinkommen-realloehne-brechen-eu-weit-ein\/\" \/>\n<meta property=\"og:locale\" content=\"de_DE\" \/>\n<meta property=\"og:type\" content=\"article\" \/>\n<meta property=\"og:title\" content=\"&quot;Zugunsten der Kapitaleinkommen&quot;: Reall\u00f6hne brechen EU-weit ein\" \/>\n<meta property=\"og:description\" content=\"Laut einem Bericht der gewerkschaftsnahen Hans-B\u00f6ckler-Stiftung erlitten Arbeitnehmer in der EU 2022 einen &#8220;bisher einmaligen Verlust an Kaufkraft&#8221;. W\u00e4hrend zun\u00e4chst hohe Energiepreise der Treiber der Inflation waren, sollen mittlerweile die \u00fcberh\u00f6hten Preise der Unternehmen schuld sein. Arbeitnehmer in der\u00a0EU\u00a0haben im vergangenen Jahr erheblich an Kaufkraft eingeb\u00fc\u00dft. Das ergab der\u00a0aktuelle\u00a0Europ\u00e4ische Tarifbericht des Wirtschafts- und Sozialwissenschaftlichen Instituts [&hellip;]\" \/>\n<meta property=\"og:url\" content=\"https:\/\/now-news.de\/de\/deutschland\/zugunsten-der-kapitaleinkommen-realloehne-brechen-eu-weit-ein\/\" \/>\n<meta property=\"og:site_name\" content=\"just-now.NEWS Deutschland\" \/>\n<meta property=\"article:publisher\" content=\"https:\/\/www.facebook.com\/wirmachenauf\" \/>\n<meta property=\"article:published_time\" content=\"2023-07-04T18:39:44+00:00\" \/>\n<meta property=\"og:image\" content=\"https:\/\/now-news.de\/de\/wp-content\/uploads\/sites\/3\/2023\/07\/quotZugunsten-der-Kapitaleinkommenquot-Realloehne-brechen-EU-weit-ein.jpg\" \/>\n\t<meta property=\"og:image:width\" content=\"460\" \/>\n\t<meta property=\"og:image:height\" content=\"259\" \/>\n\t<meta property=\"og:image:type\" content=\"image\/jpeg\" \/>\n<meta name=\"author\" content=\"rtnews\" \/>\n<meta name=\"twitter:card\" content=\"summary_large_image\" \/>\n<meta name=\"twitter:creator\" content=\"@WirMachenAuf_de\" \/>\n<meta name=\"twitter:site\" content=\"@WirMachenAuf_de\" \/>\n<meta name=\"twitter:label1\" content=\"Verfasst von\" \/>\n\t<meta name=\"twitter:data1\" content=\"rtnews\" \/>\n\t<meta name=\"twitter:label2\" content=\"Gesch\u00e4tzte Lesezeit\" \/>\n\t<meta name=\"twitter:data2\" content=\"2\u00a0Minuten\" \/>\n<script type=\"application\/ld+json\" class=\"yoast-schema-graph\">{\"@context\":\"https:\/\/schema.org\",\"@graph\":[{\"@type\":\"Article\",\"@id\":\"https:\/\/now-news.de\/de\/deutschland\/zugunsten-der-kapitaleinkommen-realloehne-brechen-eu-weit-ein\/#article\",\"isPartOf\":{\"@id\":\"https:\/\/now-news.de\/de\/deutschland\/zugunsten-der-kapitaleinkommen-realloehne-brechen-eu-weit-ein\/\"},\"author\":{\"name\":\"rtnews\",\"@id\":\"https:\/\/now-news.de\/de\/#\/schema\/person\/fb534a4e865501d8b3285208df34a9b5\"},\"headline\":\"&quot;Zugunsten der Kapitaleinkommen&quot;: Reall\u00f6hne brechen EU-weit ein\",\"datePublished\":\"2023-07-04T18:39:44+00:00\",\"dateModified\":\"2023-07-04T18:39:44+00:00\",\"mainEntityOfPage\":{\"@id\":\"https:\/\/now-news.de\/de\/deutschland\/zugunsten-der-kapitaleinkommen-realloehne-brechen-eu-weit-ein\/\"},\"wordCount\":474,\"commentCount\":0,\"publisher\":{\"@id\":\"https:\/\/now-news.de\/de\/#organization\"},\"image\":{\"@id\":\"https:\/\/now-news.de\/de\/deutschland\/zugunsten-der-kapitaleinkommen-realloehne-brechen-eu-weit-ein\/#primaryimage\"},\"thumbnailUrl\":\"https:\/\/now-news.de\/de\/wp-content\/uploads\/sites\/3\/2023\/07\/quotZugunsten-der-Kapitaleinkommenquot-Realloehne-brechen-EU-weit-ein.jpg\",\"keywords\":[\"brechen\",\"der\",\"ein\",\"EUweit\",\"Kapitaleinkommenquot\",\"quotZugunsten\",\"Reall\u00f6hne\"],\"articleSection\":[\"Deutschland\",\"Russland\"],\"inLanguage\":\"de\",\"potentialAction\":[{\"@type\":\"CommentAction\",\"name\":\"Comment\",\"target\":[\"https:\/\/now-news.de\/de\/deutschland\/zugunsten-der-kapitaleinkommen-realloehne-brechen-eu-weit-ein\/#respond\"]}]},{\"@type\":\"WebPage\",\"@id\":\"https:\/\/now-news.de\/de\/deutschland\/zugunsten-der-kapitaleinkommen-realloehne-brechen-eu-weit-ein\/\",\"url\":\"https:\/\/now-news.de\/de\/deutschland\/zugunsten-der-kapitaleinkommen-realloehne-brechen-eu-weit-ein\/\",\"name\":\"&quot;Zugunsten der Kapitaleinkommen&quot;: Reall\u00f6hne brechen EU-weit ein - just-now.NEWS Deutschland\",\"isPartOf\":{\"@id\":\"https:\/\/now-news.de\/de\/#website\"},\"primaryImageOfPage\":{\"@id\":\"https:\/\/now-news.de\/de\/deutschland\/zugunsten-der-kapitaleinkommen-realloehne-brechen-eu-weit-ein\/#primaryimage\"},\"image\":{\"@id\":\"https:\/\/now-news.de\/de\/deutschland\/zugunsten-der-kapitaleinkommen-realloehne-brechen-eu-weit-ein\/#primaryimage\"},\"thumbnailUrl\":\"https:\/\/now-news.de\/de\/wp-content\/uploads\/sites\/3\/2023\/07\/quotZugunsten-der-Kapitaleinkommenquot-Realloehne-brechen-EU-weit-ein.jpg\",\"datePublished\":\"2023-07-04T18:39:44+00:00\",\"dateModified\":\"2023-07-04T18:39:44+00:00\",\"breadcrumb\":{\"@id\":\"https:\/\/now-news.de\/de\/deutschland\/zugunsten-der-kapitaleinkommen-realloehne-brechen-eu-weit-ein\/#breadcrumb\"},\"inLanguage\":\"de\",\"potentialAction\":[{\"@type\":\"ReadAction\",\"target\":[\"https:\/\/now-news.de\/de\/deutschland\/zugunsten-der-kapitaleinkommen-realloehne-brechen-eu-weit-ein\/\"]}]},{\"@type\":\"ImageObject\",\"inLanguage\":\"de\",\"@id\":\"https:\/\/now-news.de\/de\/deutschland\/zugunsten-der-kapitaleinkommen-realloehne-brechen-eu-weit-ein\/#primaryimage\",\"url\":\"https:\/\/now-news.de\/de\/wp-content\/uploads\/sites\/3\/2023\/07\/quotZugunsten-der-Kapitaleinkommenquot-Realloehne-brechen-EU-weit-ein.jpg\",\"contentUrl\":\"https:\/\/now-news.de\/de\/wp-content\/uploads\/sites\/3\/2023\/07\/quotZugunsten-der-Kapitaleinkommenquot-Realloehne-brechen-EU-weit-ein.jpg\",\"width\":460,\"height\":259,\"caption\":\"&quot;Zugunsten der Kapitaleinkommen&quot;: Reall\u00f6hne brechen EU-weit ein\"},{\"@type\":\"BreadcrumbList\",\"@id\":\"https:\/\/now-news.de\/de\/deutschland\/zugunsten-der-kapitaleinkommen-realloehne-brechen-eu-weit-ein\/#breadcrumb\",\"itemListElement\":[{\"@type\":\"ListItem\",\"position\":1,\"name\":\"Home\",\"item\":\"https:\/\/now-news.de\/de\/\"},{\"@type\":\"ListItem\",\"position\":2,\"name\":\"&quot;Zugunsten der Kapitaleinkommen&quot;: Reall\u00f6hne brechen EU-weit ein\"}]},{\"@type\":\"WebSite\",\"@id\":\"https:\/\/now-news.de\/de\/#website\",\"url\":\"https:\/\/now-news.de\/de\/\",\"name\":\"just-now.NEWS Deutschland\",\"description\":\"Das Portal f\u00fcr unzensierte Nachrichten aus der Welt\",\"publisher\":{\"@id\":\"https:\/\/now-news.de\/de\/#organization\"},\"potentialAction\":[{\"@type\":\"SearchAction\",\"target\":{\"@type\":\"EntryPoint\",\"urlTemplate\":\"https:\/\/now-news.de\/de\/?s={search_term_string}\"},\"query-input\":\"required name=search_term_string\"}],\"inLanguage\":\"de\"},{\"@type\":\"Organization\",\"@id\":\"https:\/\/now-news.de\/de\/#organization\",\"name\":\"Just Now News\",\"url\":\"https:\/\/now-news.de\/de\/\",\"logo\":{\"@type\":\"ImageObject\",\"inLanguage\":\"de\",\"@id\":\"https:\/\/now-news.de\/de\/#\/schema\/logo\/image\/\",\"url\":\"http:\/\/just-now.news\/de\/wp-content\/uploads\/sites\/3\/2022\/04\/logo500x500.jpg\",\"contentUrl\":\"http:\/\/just-now.news\/de\/wp-content\/uploads\/sites\/3\/2022\/04\/logo500x500.jpg\",\"width\":500,\"height\":500,\"caption\":\"Just Now News\"},\"image\":{\"@id\":\"https:\/\/now-news.de\/de\/#\/schema\/logo\/image\/\"},\"sameAs\":[\"https:\/\/www.facebook.com\/wirmachenauf\",\"https:\/\/x.com\/WirMachenAuf_de\"]},{\"@type\":\"Person\",\"@id\":\"https:\/\/now-news.de\/de\/#\/schema\/person\/fb534a4e865501d8b3285208df34a9b5\",\"name\":\"rtnews\",\"image\":{\"@type\":\"ImageObject\",\"inLanguage\":\"de\",\"@id\":\"https:\/\/now-news.de\/de\/#\/schema\/person\/image\/\",\"url\":\"https:\/\/secure.gravatar.com\/avatar\/82aafea7d8127119dd649515f56e2117?s=96&d=mm&r=g\",\"contentUrl\":\"https:\/\/secure.gravatar.com\/avatar\/82aafea7d8127119dd649515f56e2117?s=96&d=mm&r=g\",\"caption\":\"rtnews\"},\"url\":\"https:\/\/now-news.de\/de\/author\/rnews\/\"}]}<\/script>\n<!-- \/ Yoast SEO Premium plugin. -->","yoast_head_json":{"title":"&quot;Zugunsten der Kapitaleinkommen&quot;: Reall\u00f6hne brechen EU-weit ein - just-now.NEWS Deutschland","robots":{"index":"index","follow":"follow","max-snippet":"max-snippet:-1","max-image-preview":"max-image-preview:large","max-video-preview":"max-video-preview:-1"},"canonical":"https:\/\/now-news.de\/de\/deutschland\/zugunsten-der-kapitaleinkommen-realloehne-brechen-eu-weit-ein\/","og_locale":"de_DE","og_type":"article","og_title":"&quot;Zugunsten der Kapitaleinkommen&quot;: Reall\u00f6hne brechen EU-weit ein","og_description":"Laut einem Bericht der gewerkschaftsnahen Hans-B\u00f6ckler-Stiftung erlitten Arbeitnehmer in der EU 2022 einen &#8220;bisher einmaligen Verlust an Kaufkraft&#8221;. W\u00e4hrend zun\u00e4chst hohe Energiepreise der Treiber der Inflation waren, sollen mittlerweile die \u00fcberh\u00f6hten Preise der Unternehmen schuld sein. Arbeitnehmer in der\u00a0EU\u00a0haben im vergangenen Jahr erheblich an Kaufkraft eingeb\u00fc\u00dft. Das ergab der\u00a0aktuelle\u00a0Europ\u00e4ische Tarifbericht des Wirtschafts- und Sozialwissenschaftlichen Instituts [&hellip;]","og_url":"https:\/\/now-news.de\/de\/deutschland\/zugunsten-der-kapitaleinkommen-realloehne-brechen-eu-weit-ein\/","og_site_name":"just-now.NEWS Deutschland","article_publisher":"https:\/\/www.facebook.com\/wirmachenauf","article_published_time":"2023-07-04T18:39:44+00:00","og_image":[{"width":460,"height":259,"url":"https:\/\/now-news.de\/de\/wp-content\/uploads\/sites\/3\/2023\/07\/quotZugunsten-der-Kapitaleinkommenquot-Realloehne-brechen-EU-weit-ein.jpg","type":"image\/jpeg"}],"author":"rtnews","twitter_card":"summary_large_image","twitter_creator":"@WirMachenAuf_de","twitter_site":"@WirMachenAuf_de","twitter_misc":{"Verfasst von":"rtnews","Gesch\u00e4tzte Lesezeit":"2\u00a0Minuten"},"schema":{"@context":"https:\/\/schema.org","@graph":[{"@type":"Article","@id":"https:\/\/now-news.de\/de\/deutschland\/zugunsten-der-kapitaleinkommen-realloehne-brechen-eu-weit-ein\/#article","isPartOf":{"@id":"https:\/\/now-news.de\/de\/deutschland\/zugunsten-der-kapitaleinkommen-realloehne-brechen-eu-weit-ein\/"},"author":{"name":"rtnews","@id":"https:\/\/now-news.de\/de\/#\/schema\/person\/fb534a4e865501d8b3285208df34a9b5"},"headline":"&quot;Zugunsten der Kapitaleinkommen&quot;: Reall\u00f6hne brechen EU-weit ein","datePublished":"2023-07-04T18:39:44+00:00","dateModified":"2023-07-04T18:39:44+00:00","mainEntityOfPage":{"@id":"https:\/\/now-news.de\/de\/deutschland\/zugunsten-der-kapitaleinkommen-realloehne-brechen-eu-weit-ein\/"},"wordCount":474,"commentCount":0,"publisher":{"@id":"https:\/\/now-news.de\/de\/#organization"},"image":{"@id":"https:\/\/now-news.de\/de\/deutschland\/zugunsten-der-kapitaleinkommen-realloehne-brechen-eu-weit-ein\/#primaryimage"},"thumbnailUrl":"https:\/\/now-news.de\/de\/wp-content\/uploads\/sites\/3\/2023\/07\/quotZugunsten-der-Kapitaleinkommenquot-Realloehne-brechen-EU-weit-ein.jpg","keywords":["brechen","der","ein","EUweit","Kapitaleinkommenquot","quotZugunsten","Reall\u00f6hne"],"articleSection":["Deutschland","Russland"],"inLanguage":"de","potentialAction":[{"@type":"CommentAction","name":"Comment","target":["https:\/\/now-news.de\/de\/deutschland\/zugunsten-der-kapitaleinkommen-realloehne-brechen-eu-weit-ein\/#respond"]}]},{"@type":"WebPage","@id":"https:\/\/now-news.de\/de\/deutschland\/zugunsten-der-kapitaleinkommen-realloehne-brechen-eu-weit-ein\/","url":"https:\/\/now-news.de\/de\/deutschland\/zugunsten-der-kapitaleinkommen-realloehne-brechen-eu-weit-ein\/","name":"&quot;Zugunsten der Kapitaleinkommen&quot;: Reall\u00f6hne brechen EU-weit ein - just-now.NEWS Deutschland","isPartOf":{"@id":"https:\/\/now-news.de\/de\/#website"},"primaryImageOfPage":{"@id":"https:\/\/now-news.de\/de\/deutschland\/zugunsten-der-kapitaleinkommen-realloehne-brechen-eu-weit-ein\/#primaryimage"},"image":{"@id":"https:\/\/now-news.de\/de\/deutschland\/zugunsten-der-kapitaleinkommen-realloehne-brechen-eu-weit-ein\/#primaryimage"},"thumbnailUrl":"https:\/\/now-news.de\/de\/wp-content\/uploads\/sites\/3\/2023\/07\/quotZugunsten-der-Kapitaleinkommenquot-Realloehne-brechen-EU-weit-ein.jpg","datePublished":"2023-07-04T18:39:44+00:00","dateModified":"2023-07-04T18:39:44+00:00","breadcrumb":{"@id":"https:\/\/now-news.de\/de\/deutschland\/zugunsten-der-kapitaleinkommen-realloehne-brechen-eu-weit-ein\/#breadcrumb"},"inLanguage":"de","potentialAction":[{"@type":"ReadAction","target":["https:\/\/now-news.de\/de\/deutschland\/zugunsten-der-kapitaleinkommen-realloehne-brechen-eu-weit-ein\/"]}]},{"@type":"ImageObject","inLanguage":"de","@id":"https:\/\/now-news.de\/de\/deutschland\/zugunsten-der-kapitaleinkommen-realloehne-brechen-eu-weit-ein\/#primaryimage","url":"https:\/\/now-news.de\/de\/wp-content\/uploads\/sites\/3\/2023\/07\/quotZugunsten-der-Kapitaleinkommenquot-Realloehne-brechen-EU-weit-ein.jpg","contentUrl":"https:\/\/now-news.de\/de\/wp-content\/uploads\/sites\/3\/2023\/07\/quotZugunsten-der-Kapitaleinkommenquot-Realloehne-brechen-EU-weit-ein.jpg","width":460,"height":259,"caption":"&quot;Zugunsten der Kapitaleinkommen&quot;: Reall\u00f6hne brechen EU-weit ein"},{"@type":"BreadcrumbList","@id":"https:\/\/now-news.de\/de\/deutschland\/zugunsten-der-kapitaleinkommen-realloehne-brechen-eu-weit-ein\/#breadcrumb","itemListElement":[{"@type":"ListItem","position":1,"name":"Home","item":"https:\/\/now-news.de\/de\/"},{"@type":"ListItem","position":2,"name":"&quot;Zugunsten der Kapitaleinkommen&quot;: Reall\u00f6hne brechen EU-weit ein"}]},{"@type":"WebSite","@id":"https:\/\/now-news.de\/de\/#website","url":"https:\/\/now-news.de\/de\/","name":"just-now.NEWS Deutschland","description":"Das Portal f\u00fcr unzensierte Nachrichten aus der Welt","publisher":{"@id":"https:\/\/now-news.de\/de\/#organization"},"potentialAction":[{"@type":"SearchAction","target":{"@type":"EntryPoint","urlTemplate":"https:\/\/now-news.de\/de\/?s={search_term_string}"},"query-input":"required name=search_term_string"}],"inLanguage":"de"},{"@type":"Organization","@id":"https:\/\/now-news.de\/de\/#organization","name":"Just Now News","url":"https:\/\/now-news.de\/de\/","logo":{"@type":"ImageObject","inLanguage":"de","@id":"https:\/\/now-news.de\/de\/#\/schema\/logo\/image\/","url":"http:\/\/just-now.news\/de\/wp-content\/uploads\/sites\/3\/2022\/04\/logo500x500.jpg","contentUrl":"http:\/\/just-now.news\/de\/wp-content\/uploads\/sites\/3\/2022\/04\/logo500x500.jpg","width":500,"height":500,"caption":"Just Now News"},"image":{"@id":"https:\/\/now-news.de\/de\/#\/schema\/logo\/image\/"},"sameAs":["https:\/\/www.facebook.com\/wirmachenauf","https:\/\/x.com\/WirMachenAuf_de"]},{"@type":"Person","@id":"https:\/\/now-news.de\/de\/#\/schema\/person\/fb534a4e865501d8b3285208df34a9b5","name":"rtnews","image":{"@type":"ImageObject","inLanguage":"de","@id":"https:\/\/now-news.de\/de\/#\/schema\/person\/image\/","url":"https:\/\/secure.gravatar.com\/avatar\/82aafea7d8127119dd649515f56e2117?s=96&d=mm&r=g","contentUrl":"https:\/\/secure.gravatar.com\/avatar\/82aafea7d8127119dd649515f56e2117?s=96&d=mm&r=g","caption":"rtnews"},"url":"https:\/\/now-news.de\/de\/author\/rnews\/"}]}},"_links":{"self":[{"href":"https:\/\/now-news.de\/de\/wp-json\/wp\/v2\/posts\/39445"}],"collection":[{"href":"https:\/\/now-news.de\/de\/wp-json\/wp\/v2\/posts"}],"about":[{"href":"https:\/\/now-news.de\/de\/wp-json\/wp\/v2\/types\/post"}],"author":[{"embeddable":true,"href":"https:\/\/now-news.de\/de\/wp-json\/wp\/v2\/users\/3"}],"replies":[{"embeddable":true,"href":"https:\/\/now-news.de\/de\/wp-json\/wp\/v2\/comments?post=39445"}],"version-history":[{"count":0,"href":"https:\/\/now-news.de\/de\/wp-json\/wp\/v2\/posts\/39445\/revisions"}],"wp:featuredmedia":[{"embeddable":true,"href":"https:\/\/now-news.de\/de\/wp-json\/wp\/v2\/media\/39446"}],"wp:attachment":[{"href":"https:\/\/now-news.de\/de\/wp-json\/wp\/v2\/media?parent=39445"}],"wp:term":[{"taxonomy":"category","embeddable":true,"href":"https:\/\/now-news.de\/de\/wp-json\/wp\/v2\/categories?post=39445"},{"taxonomy":"post_tag","embeddable":true,"href":"https:\/\/now-news.de\/de\/wp-json\/wp\/v2\/tags?post=39445"}],"curies":[{"name":"wp","href":"https:\/\/api.w.org\/{rel}","templated":true}]}}