{"id":39433,"date":"2023-07-04T17:10:49","date_gmt":"2023-07-04T15:10:49","guid":{"rendered":"https:\/\/just-now.news\/de\/deutschland\/indigene-bewohner-schuetzen-den-regenwald-gelingt-lulas-bolsa-verde\/"},"modified":"2023-07-04T17:10:49","modified_gmt":"2023-07-04T15:10:49","slug":"indigene-bewohner-schuetzen-den-regenwald-gelingt-lulas-bolsa-verde","status":"publish","type":"post","link":"https:\/\/now-news.de\/de\/deutschland\/indigene-bewohner-schuetzen-den-regenwald-gelingt-lulas-bolsa-verde\/","title":{"rendered":"Indigene Bewohner sch\u00fctzen den Regenwald &#8211; Gelingt Lulas &quot;Bolsa Verde&quot;?"},"content":{"rendered":"<p><img decoding=\"async\" src=\"http:\/\/just-now.news\/de\/wp-content\/uploads\/sites\/3\/2023\/07\/64a321f4b480cc62413d87df.jpg\" \/><\/p>\n<div class=\"Text-root Text-type_1 \">\n                Der brasilianische Pr\u00e4sident Lula da Silva hat einen Plan: Fortschritte f\u00fcr die indigene Bev\u00f6lkerung mit verbessertem Schutz und Wiederaufforstung des Amazonas-Regenwaldes zu kombinieren. Geling diese k\u00fchne Idee trotz allen Widerstandes?\n            <\/div>\n<p><\/p>\n<div class=\"Text-root Text-type_5 ArticleView-text ViewText-root \">\n<p><em>Von Maria M\u00fcller<\/em><\/p>\n<p>Der brasilianische Pr\u00e4sident Luiz In\u00e1cio Lula da Silva hat sich vorgenommen, die Zerst\u00f6rung des Regenwaldes in Brasilien zu beenden und die H\u00e4lfte der abgeholzten Gebiete wieder aufzuforsten. Bis 2030 soll es keine Entwaldung mehr geben. Der Plan sieht vor, die Landstriche, die den Ureinwohnern schon immer geh\u00f6rten, zu vermessen und mittels einer \u00f6ffentlich zug\u00e4nglichen Katasterdatenbank zu registrieren. Den indigenen V\u00f6lkern sind offizielle Besitztitel auszustellen. Damit soll der Landraub und vor allem die Invasion in die angestammten Gebiete der Indigenen erschwert oder gar v\u00f6llig gestoppt werden.<\/p>\n<p>Der Schutz und die Wiederherstellung des Regenwaldes geh\u00f6rt zu den gro\u00dfen Wahlversprechen Lulas vor seiner Wiederwahl. Heute hat er daf\u00fcr noch mehr Argumente zur Verf\u00fcgung als in seiner ersten Amtszeit, denn sein Vorg\u00e4nger im Amt, Bolsonaro von 2019 bis 2022, erm\u00f6glichte durch entsprechende Regierungsma\u00dfnahmen dort Raub und Zerst\u00f6rung in einem noch nie zuvor erlebten Ausma\u00df.<\/p>\n<p><strong>Indigenen-Familien sch\u00fctzen den Urwald<\/strong><\/p>\n<p>Der Plan sieht die finanzielle Unterst\u00fctzung f\u00fcr 30.000 bed\u00fcrftige Familien aus den <a rel=\"nofollow noopener\" target=\"_blank\" href=\"https:\/\/actualidad.rt.com\/actualidad\/469431-brasil-amazonia-sociedad-pobreza-lula\">traditionellen Gemeinschaften<\/a> vor, die sich f\u00fcr den Schutz des Amazonas-Regenwaldes einsetzen. Ein \u00e4hnliches, fr\u00fcheres Konzept Lulas wurde von Jair Bolsonaro auf Eis gelegt.<\/p>\n<p>Das Programm tr\u00e4gt den Namen &#8220;Bolsa Verde&#8221; (gr\u00fcne Einkaufstasche), \u00e4hnlich der beliebten fr\u00fcheren Sozialhilfe f\u00fcr arme Familien &#8220;Bolsa Familia&#8221;, die in der Amtszeit Lulas dazu beigetragen hat, 50 Millionen Menschen aus der extremen Armut zu retten. Auch diese Ma\u00dfnahme wird \u00fcbrigens <a rel=\"nofollow noopener\" target=\"_blank\" href=\"https:\/\/www.telam.com.ar\/notas\/202303\/621439-lula-brasil-bolsa-familia-relanzamiento.html\">nun wieder aktiviert<\/a>.<\/p>\n<p>Die Umweltministerin Marina Silva sagte bei der Ank\u00fcndigung des Programms:<\/p>\n<blockquote>\n<p><em>&#8220;Diese Gemeinden setzen sich daf\u00fcr ein, die \u00d6kosystemleistungen zu erhalten.<\/em><\/p>\n<p><em>(&#8230;)\u200b Die Familien erhalten staatliche Beihilfen als Bezahlung f\u00fcr ihre Leistungen zum Schutz der Umwelt. Etwa 80 Prozent der weltweit gesch\u00fctzten W\u00e4lder stehen unter der Kontrolle dieser traditionellen Gemeinschaften. Das Programm hat mit der Anerkennung dieser Rolle zu tun.&#8221;<\/em><\/p>\n<\/blockquote>\n<p>Die Regierung beabsichtigt zudem, die Ma\u00dfnahmen auf weitere Gro\u00dfgebiete Brasiliens auszuweiten, in denen ebenfalls massive Zerst\u00f6rungen um sich greifen. Dazu geh\u00f6ren vor allem die brasilianischen Feuchtsavannen &#8220;Cerrados&#8221; oder der &#8220;Atlantische Regenwald&#8221; (Mata Atl\u00e2ntica) an der brasilianischen Ostk\u00fcste, beide ebenfalls durch Abholzung und andere Umweltverbrechen bedroht.<\/p>\n<p>Die Familien, die mit dem Sozialprogramm der &#8220;Bolsa Verde&#8221; unterst\u00fctzt werden, leben in den Waldgebieten. Sie f\u00e4llen keine B\u00e4ume und pflanzen junge Gew\u00e4chse aufgrund ihrer traditionellen Erfahrungen, kultivieren und sammeln Heilkr\u00e4uter, die bei der Herstellung von Medikamenten Verwendung finden. Heute k\u00f6nnen sie als W\u00e4chter ihres Waldes auch in entlegensten Gebieten den Beh\u00f6rden rasch Umweltvergehen melden \u2013 auch dort gibt es <a rel=\"nofollow noopener\" target=\"_blank\" href=\"https:\/\/de.rt.com\/meinung\/174302-lulas-sozialprogramm-zum-schutz-amazonas\/file:\/\/\/F:%20A%20%20RT%20Artikel%20bis%20Juli%202023%5CJuni%202023%5CArticulos%20publicados%5CPUBLICADOS%5CHandy%20und%20Internet\">Handy und Internet<\/a>.<\/p>\n<p><strong>Erfolge und Misserfolge beim Kampf gegen Naturzerst\u00f6rung<\/strong><\/p>\n<p>Die Polizeibeh\u00f6rden Brasiliens haben seit Beginn dieses Jahres ein permanentes Kontrollsystem eingerichtet, das mit Umweltw\u00e4chtern zusammenarbeitet. Sie k\u00fcmmern sich in erster Linie um Abholzungen im Zusammenhang mit dem illegalen Bergbau im Amazonasgebiet. Demnach soll das System bereits zu einem R\u00fcckgang der Delikte gef\u00fchrt haben. &#8220;Im April gab es neunzehnmal Alarm, im Mai zehnmal und bis zum 15. Juni gab es keinen Anruf&#8221;, erl\u00e4uterte das Regierungssekretariat f\u00fcr soziale Kommunikation. <br \/> &lt;! [if !supportLineBreakNewLine]&gt;<br \/> &lt;! [endif]&gt;<\/p>\n<p>Nach Angaben des brasilianischen Umweltministeriums ist die Abholzung im Amazonasgebiet in den ersten f\u00fcnf Monaten des Jahres 2023 im Vergleich zum Vorjahreszeitraum um 31 Prozent zur\u00fcckgegangen, im &#8220;Cerrado&#8221;, der brasilianischen Tropensavanne, jedoch <strong><a rel=\"nofollow noopener\" target=\"_blank\" href=\"https:\/\/actualidad.rt.com\/actualidad\/469522-deforestacion-amazonia-cinco-primeros-lula\">um 35 Prozent gestiegen.<\/a><\/strong>\u00a0<\/p>\n<p>Die Regierung hat mitgeteilt, dass im Amazonasgebiet Geldstrafen in H\u00f6he von etwa 452 Millionen Dollar und im Cerrado, dem zweitgr\u00f6\u00dften \u00d6kosystem Brasiliens, von etwa 28 Millionen Dollar verh\u00e4ngt wurden.<\/p>\n<p><strong>Das gr\u00f6\u00dfte Feuchtgebiet der Erde ist gef\u00e4hrdet<\/strong><\/p>\n<p>Die Cerrados befinden sich im S\u00fcdosten des Amazonasgebietes und sind so gro\u00df wie halb Europa. Die Feuchtigkeit speist sich aus acht gro\u00dfen Flusseinzugsgebieten, die zusammen 40 Prozent des S\u00fc\u00dfwassers in Brasilien liefern, von denen auch seine st\u00e4dtischen Zentren abh\u00e4ngen. Das Areal gilt als das gr\u00f6\u00dfte Feuchtgebiet der Erde, fr\u00fcher mit \u00fcber zwei Millionen Quadratkilometer. Heute ist nur noch <a rel=\"nofollow noopener\" target=\"_blank\" href=\"https:\/\/es.mongabay.com\/2018\/05\/brasil-el-cerrado\/\">die H\u00e4lfte<\/a> im urspr\u00fcnglichen Zustand. F\u00fcr Viehzucht und Sojabohnen-Anbau zerst\u00f6rt man noch schneller als im Amazonasgebiet den Baumbestand und das Buschland, was das chronische Niedrigwasser der Fl\u00fcsse bis nach Argentinien und Uruguay beeinflusst.<\/p>\n<p>Nach den Pl\u00e4nen Lulas sollen 50 Prozent der illegal abgeholzten Fl\u00e4chen vom Staat beschlagnahmt und wieder aufgeforstet werden. Den anderen Teil will der Pr\u00e4sident f\u00fcr eine naturschonende Landwirtschaft f\u00f6rdern lassen. Zudem werden neue Umweltschutzgebiete eingerichtet. Um Raub und Zerst\u00f6rung einen Riegel vorzuschieben, aktualisierte Brasiliens Pr\u00e4sident das Katastersystem CAR (&#8220;Kataster f\u00fcr den l\u00e4ndlichen Umweltschutz&#8221;). Der Zweck des Registers besteht darin, Umweltinformationen von l\u00e4ndlichen Grundst\u00fccken zu integrieren und eine Datenbank f\u00fcr die Kontrolle, \u00dcberwachung, Umweltplanung und Bek\u00e4mpfung der Entwaldung zu erstellen.<\/p>\n<p>Alle l\u00e4ndlichen Grundst\u00fccke m\u00fcssen kartographiert und mit Besitztiteln versehen werden. Auch \u2013 oder ganz besonders \u2013 die angestammten Gebiete der indigenen V\u00f6lker. Die Kataster-Datenbank soll eine Barriere gegen die katastrophalen Brandrodungen schaffen, mit denen sich besonders die Agrar-Oligarchen Brasiliens neuen Gro\u00dfgrundbesitz aneigneten.<\/p>\n<p>All diese Ma\u00dfnahmen sind nicht neu. Der heutige Pr\u00e4sident hatte sie in seinen zwei vorherigen Amtsperioden trotz des heftigen Widerstands der m\u00e4chtigen Agrarbarone in die Wege geleitet. Bolsonaro blockierte dann dieses System, weswegen heute immer noch 235 indigene L\u00e4ndereien keine Rechtstitel besitzen.<\/p>\n<p><strong>Die parlamentarische Macht der Agrarlobby im Kongress Brasiliens<\/strong><\/p>\n<p>Doch die Umweltpl\u00e4ne des Pr\u00e4sidenten erlitten in j\u00fcngster Zeit in dem von konservativen Kr\u00e4ften dominierten Kongress Brasiliens mehrere R\u00fcckschl\u00e4ge.<\/p>\n<p>Am 31. Mai verabschiedete die brasilianische Abgeordnetenkammer einen <a rel=\"nofollow noopener\" target=\"_blank\" href=\"https:\/\/actualidad.rt.com\/actualidad\/468989-brasil-indigenas-justicia-supremo-reservas\">umstrittenen Gesetzentwurf<\/a>, der das Register indigener Gebiete einschr\u00e4nkt. Indigene Gruppen sollen ihre Gebietsanrechte verlieren, wenn sie nicht nachweisen k\u00f6nnen, vor 1988 in ihrem Hoheitsgebiet gelebt zu haben. W\u00e4hrend der Milit\u00e4rdiktatur (1964 &#8211; 1985) und dar\u00fcber hinaus waren aber zahlreiche indigene Gemeinschaften mit Gewalt aus ihren angestammten Gebieten vertrieben worden, was den geforderten Nachweis heute erschwert.<\/p>\n<p>Im Juni stimmte die Umweltkommission des Kongresses dann f\u00fcr die <strong>Streichung wesentlicher Befugnisse<\/strong> der Ministerien f\u00fcr <strong>Umwelt sowie f\u00fcr indigene Angelegenheiten<\/strong>. Sie entzogen dem Umweltministerium die Verwaltung des Katasters f\u00fcr Landbesitz. Dem Ministerium f\u00fcr indigene Angelegenheiten nahmen sie die Befugnis, diese L\u00e4ndereien zu vermessen und die Besitztitel zu beantragen. Der Text muss zwar noch vom Senat genehmigt werden und Lula kann sein Veto dagegen einlegen. Das jedoch k\u00f6nnte durch eine absolute Mehrheit des Kongresses annulliert werden.<\/p>\n<p><strong>Das Oberste Gericht wird \u00fcber Indigenenrechte entscheiden<\/strong><\/p>\n<p>Gleichzeitig befasst sich der <a rel=\"nofollow noopener\" target=\"_blank\" href=\"https:\/\/www.nodal.am\/2023\/06\/brasil-la-corte-suprema-postergo-el-juicio-sobre-demarcacion-de-tierras-indigenas\/\">oberste Gerichtshof<\/a> mit diesem Gesetz. In einer vorl\u00e4ufigen Abstimmung votierten zwei Richter dagegen und einer daf\u00fcr. Im Oktober wollen sich elf Richter endg\u00fcltig entscheiden.<\/p>\n<p>Der Verfassungsrichter Alexandre de Moraes begr\u00fcndete sein Eintreten f\u00fcr die Rechte der Indigenen, weil die Forderung nach dem Nachweis der permanenten Anwesenheit Indigener in diesen Hoheitsgebieten zu &#8220;gro\u00dfen Ungerechtigkeiten&#8221; f\u00fchren w\u00fcrde, in der Art einer &#8220;Kolonialinvasion&#8221;. Seiner Meinung nach w\u00fcrde dies die \u00f6ffentliche Gewalt daran hindern, Gebiete zu sch\u00fctzen, weil der Zeitraum der indigenen Besiedelung nicht bewiesen wurde, selbst wenn man in der Realit\u00e4t wei\u00df, dass die indigene Gemeinschaft gewaltsam von ihrem Land vertrieben wurde. Bei der Pr\u00e4sentation seines Votums betonte Moraes, dass die Annahme der vorgeschlagenen zeitlichen Eingrenzung f\u00fcr eine Anerkennung von Eigentumsrechten die in der Verfassung garantierten Rechte der indigenen V\u00f6lker verletzen w\u00fcrde:<\/p>\n<blockquote>\n<p><em>&#8220;Wir w\u00fcrden die Grundrechte indigener V\u00f6lker v\u00f6llig ignorieren, selbst wenn wir w\u00fcssten, dass das Gebiet erkennbar indigen ist. Es handelt sich um ein Vers\u00e4umnis der [bisherigen] Regierung, die das Land nicht verwaltete. Es gibt keinen Mangel an Land in Brasilien, es mangelt an Landmanagement.&#8221;<\/em><\/p>\n<\/blockquote>\n<p>Das zentrale Argument von Moraes basiert auch auf den sehr h\u00e4ufigen F\u00e4llen, in denen Gemeinden aus ihren Territorien vertrieben werden.<\/p>\n<p><strong>Mehr zum Thema<\/strong> &#8211; <a rel=\"nofollow noopener\" target=\"_blank\" href=\"https:\/\/freeassange.rtde.live\/meinung\/165465-sehr-geehrte-damen-und-herren\/\">Sehr geehrte Damen und Herren, liebe Indianer \u2013 Habeck macht den L\u00fcbke<\/a><\/p>\n<\/div>\n<p><br \/>\n<br \/><a href=\"https:\/\/de.rt.com\/meinung\/174302-lulas-sozialprogramm-zum-schutz-amazonas\/\">Source link <\/a><\/p>\n","protected":false},"excerpt":{"rendered":"<p>Der brasilianische Pr\u00e4sident Lula da Silva hat einen Plan: Fortschritte f\u00fcr die indigene Bev\u00f6lkerung mit verbessertem Schutz und Wiederaufforstung des Amazonas-Regenwaldes zu kombinieren. Geling diese k\u00fchne Idee trotz allen Widerstandes? Von Maria M\u00fcller Der brasilianische Pr\u00e4sident Luiz In\u00e1cio Lula da Silva hat sich vorgenommen, die Zerst\u00f6rung des Regenwaldes in Brasilien zu beenden und die H\u00e4lfte [&hellip;]<\/p>\n","protected":false},"author":3,"featured_media":39434,"comment_status":"open","ping_status":"open","sticky":false,"template":"","format":"standard","meta":{"_yoast_indexnow_last_ping":["1688489462"],"wp_automatic_camp":["217"],"d9c52ae054ba5db6b251061ce2448ce2":["Indigene Bewohner sch\u00fctzen den Regenwald - Gelingt Lulas &quot;Bolsa Verde&quot;?"],"original_link":["https:\/\/de.rt.com\/meinung\/174302-lulas-sozialprogramm-zum-schutz-amazonas\/"],"_thumbnail_id":["39434"],"_wptgpro_p2tg_sent2tg":["a:1:{i:23737;s:19:\"2023-07-04 18:52:22\";}"],"jnews_social_counter_last_update":["1777325726"]},"categories":[19,23],"tags":[20985,48,2728,19953,40042,46362,46361,8171,46363],"yoast_head":"<!-- This site is optimized with the Yoast SEO Premium plugin v22.7 (Yoast SEO v22.7) - https:\/\/yoast.com\/wordpress\/plugins\/seo\/ -->\n<title>Indigene Bewohner sch\u00fctzen den Regenwald - Gelingt Lulas &quot;Bolsa Verde&quot;? - just-now.NEWS Deutschland<\/title>\n<meta name=\"robots\" content=\"index, follow, max-snippet:-1, max-image-preview:large, max-video-preview:-1\" \/>\n<link rel=\"canonical\" href=\"https:\/\/now-news.de\/de\/deutschland\/indigene-bewohner-schuetzen-den-regenwald-gelingt-lulas-bolsa-verde\/\" \/>\n<meta property=\"og:locale\" content=\"de_DE\" \/>\n<meta property=\"og:type\" content=\"article\" \/>\n<meta property=\"og:title\" content=\"Indigene Bewohner sch\u00fctzen den Regenwald - Gelingt Lulas &quot;Bolsa Verde&quot;?\" \/>\n<meta property=\"og:description\" content=\"Der brasilianische Pr\u00e4sident Lula da Silva hat einen Plan: Fortschritte f\u00fcr die indigene Bev\u00f6lkerung mit verbessertem Schutz und Wiederaufforstung des Amazonas-Regenwaldes zu kombinieren. Geling diese k\u00fchne Idee trotz allen Widerstandes? Von Maria M\u00fcller Der brasilianische Pr\u00e4sident Luiz In\u00e1cio Lula da Silva hat sich vorgenommen, die Zerst\u00f6rung des Regenwaldes in Brasilien zu beenden und die H\u00e4lfte [&hellip;]\" \/>\n<meta property=\"og:url\" content=\"https:\/\/now-news.de\/de\/deutschland\/indigene-bewohner-schuetzen-den-regenwald-gelingt-lulas-bolsa-verde\/\" \/>\n<meta property=\"og:site_name\" content=\"just-now.NEWS Deutschland\" \/>\n<meta property=\"article:publisher\" content=\"https:\/\/www.facebook.com\/wirmachenauf\" \/>\n<meta property=\"article:published_time\" content=\"2023-07-04T15:10:49+00:00\" \/>\n<meta property=\"og:image\" content=\"https:\/\/now-news.de\/de\/wp-content\/uploads\/sites\/3\/2023\/07\/Indigene-Bewohner-schuetzen-den-Regenwald-Gelingt-Lulas-quotBolsa-Verdequot.jpg\" \/>\n\t<meta property=\"og:image:width\" content=\"460\" \/>\n\t<meta property=\"og:image:height\" content=\"259\" \/>\n\t<meta property=\"og:image:type\" content=\"image\/jpeg\" \/>\n<meta name=\"author\" content=\"rtnews\" \/>\n<meta name=\"twitter:card\" content=\"summary_large_image\" \/>\n<meta name=\"twitter:creator\" content=\"@WirMachenAuf_de\" \/>\n<meta name=\"twitter:site\" content=\"@WirMachenAuf_de\" \/>\n<meta name=\"twitter:label1\" content=\"Verfasst von\" \/>\n\t<meta name=\"twitter:data1\" content=\"rtnews\" \/>\n\t<meta name=\"twitter:label2\" content=\"Gesch\u00e4tzte Lesezeit\" \/>\n\t<meta name=\"twitter:data2\" content=\"7\u00a0Minuten\" \/>\n<script type=\"application\/ld+json\" class=\"yoast-schema-graph\">{\"@context\":\"https:\/\/schema.org\",\"@graph\":[{\"@type\":\"Article\",\"@id\":\"https:\/\/now-news.de\/de\/deutschland\/indigene-bewohner-schuetzen-den-regenwald-gelingt-lulas-bolsa-verde\/#article\",\"isPartOf\":{\"@id\":\"https:\/\/now-news.de\/de\/deutschland\/indigene-bewohner-schuetzen-den-regenwald-gelingt-lulas-bolsa-verde\/\"},\"author\":{\"name\":\"rtnews\",\"@id\":\"https:\/\/now-news.de\/de\/#\/schema\/person\/fb534a4e865501d8b3285208df34a9b5\"},\"headline\":\"Indigene Bewohner sch\u00fctzen den Regenwald &#8211; Gelingt Lulas &quot;Bolsa Verde&quot;?\",\"datePublished\":\"2023-07-04T15:10:49+00:00\",\"dateModified\":\"2023-07-04T15:10:49+00:00\",\"mainEntityOfPage\":{\"@id\":\"https:\/\/now-news.de\/de\/deutschland\/indigene-bewohner-schuetzen-den-regenwald-gelingt-lulas-bolsa-verde\/\"},\"wordCount\":1350,\"commentCount\":0,\"publisher\":{\"@id\":\"https:\/\/now-news.de\/de\/#organization\"},\"image\":{\"@id\":\"https:\/\/now-news.de\/de\/deutschland\/indigene-bewohner-schuetzen-den-regenwald-gelingt-lulas-bolsa-verde\/#primaryimage\"},\"thumbnailUrl\":\"https:\/\/now-news.de\/de\/wp-content\/uploads\/sites\/3\/2023\/07\/Indigene-Bewohner-schuetzen-den-Regenwald-Gelingt-Lulas-quotBolsa-Verdequot.jpg\",\"keywords\":[\"Bewohner\",\"den\",\"gelingt\",\"indigene\",\"Lulas\",\"quotBolsa\",\"Regenwald\",\"sch\u00fctzen\",\"Verdequot\"],\"articleSection\":[\"Deutschland\",\"Russland\"],\"inLanguage\":\"de\",\"potentialAction\":[{\"@type\":\"CommentAction\",\"name\":\"Comment\",\"target\":[\"https:\/\/now-news.de\/de\/deutschland\/indigene-bewohner-schuetzen-den-regenwald-gelingt-lulas-bolsa-verde\/#respond\"]}]},{\"@type\":\"WebPage\",\"@id\":\"https:\/\/now-news.de\/de\/deutschland\/indigene-bewohner-schuetzen-den-regenwald-gelingt-lulas-bolsa-verde\/\",\"url\":\"https:\/\/now-news.de\/de\/deutschland\/indigene-bewohner-schuetzen-den-regenwald-gelingt-lulas-bolsa-verde\/\",\"name\":\"Indigene Bewohner sch\u00fctzen den Regenwald - Gelingt Lulas &quot;Bolsa Verde&quot;? - just-now.NEWS Deutschland\",\"isPartOf\":{\"@id\":\"https:\/\/now-news.de\/de\/#website\"},\"primaryImageOfPage\":{\"@id\":\"https:\/\/now-news.de\/de\/deutschland\/indigene-bewohner-schuetzen-den-regenwald-gelingt-lulas-bolsa-verde\/#primaryimage\"},\"image\":{\"@id\":\"https:\/\/now-news.de\/de\/deutschland\/indigene-bewohner-schuetzen-den-regenwald-gelingt-lulas-bolsa-verde\/#primaryimage\"},\"thumbnailUrl\":\"https:\/\/now-news.de\/de\/wp-content\/uploads\/sites\/3\/2023\/07\/Indigene-Bewohner-schuetzen-den-Regenwald-Gelingt-Lulas-quotBolsa-Verdequot.jpg\",\"datePublished\":\"2023-07-04T15:10:49+00:00\",\"dateModified\":\"2023-07-04T15:10:49+00:00\",\"breadcrumb\":{\"@id\":\"https:\/\/now-news.de\/de\/deutschland\/indigene-bewohner-schuetzen-den-regenwald-gelingt-lulas-bolsa-verde\/#breadcrumb\"},\"inLanguage\":\"de\",\"potentialAction\":[{\"@type\":\"ReadAction\",\"target\":[\"https:\/\/now-news.de\/de\/deutschland\/indigene-bewohner-schuetzen-den-regenwald-gelingt-lulas-bolsa-verde\/\"]}]},{\"@type\":\"ImageObject\",\"inLanguage\":\"de\",\"@id\":\"https:\/\/now-news.de\/de\/deutschland\/indigene-bewohner-schuetzen-den-regenwald-gelingt-lulas-bolsa-verde\/#primaryimage\",\"url\":\"https:\/\/now-news.de\/de\/wp-content\/uploads\/sites\/3\/2023\/07\/Indigene-Bewohner-schuetzen-den-Regenwald-Gelingt-Lulas-quotBolsa-Verdequot.jpg\",\"contentUrl\":\"https:\/\/now-news.de\/de\/wp-content\/uploads\/sites\/3\/2023\/07\/Indigene-Bewohner-schuetzen-den-Regenwald-Gelingt-Lulas-quotBolsa-Verdequot.jpg\",\"width\":460,\"height\":259,\"caption\":\"Indigene Bewohner sch\u00fctzen den Regenwald - Gelingt Lulas &quot;Bolsa Verde&quot;?\"},{\"@type\":\"BreadcrumbList\",\"@id\":\"https:\/\/now-news.de\/de\/deutschland\/indigene-bewohner-schuetzen-den-regenwald-gelingt-lulas-bolsa-verde\/#breadcrumb\",\"itemListElement\":[{\"@type\":\"ListItem\",\"position\":1,\"name\":\"Home\",\"item\":\"https:\/\/now-news.de\/de\/\"},{\"@type\":\"ListItem\",\"position\":2,\"name\":\"Indigene Bewohner sch\u00fctzen den Regenwald &#8211; Gelingt Lulas &quot;Bolsa Verde&quot;?\"}]},{\"@type\":\"WebSite\",\"@id\":\"https:\/\/now-news.de\/de\/#website\",\"url\":\"https:\/\/now-news.de\/de\/\",\"name\":\"just-now.NEWS Deutschland\",\"description\":\"Das Portal f\u00fcr unzensierte Nachrichten aus der Welt\",\"publisher\":{\"@id\":\"https:\/\/now-news.de\/de\/#organization\"},\"potentialAction\":[{\"@type\":\"SearchAction\",\"target\":{\"@type\":\"EntryPoint\",\"urlTemplate\":\"https:\/\/now-news.de\/de\/?s={search_term_string}\"},\"query-input\":\"required name=search_term_string\"}],\"inLanguage\":\"de\"},{\"@type\":\"Organization\",\"@id\":\"https:\/\/now-news.de\/de\/#organization\",\"name\":\"Just Now News\",\"url\":\"https:\/\/now-news.de\/de\/\",\"logo\":{\"@type\":\"ImageObject\",\"inLanguage\":\"de\",\"@id\":\"https:\/\/now-news.de\/de\/#\/schema\/logo\/image\/\",\"url\":\"http:\/\/just-now.news\/de\/wp-content\/uploads\/sites\/3\/2022\/04\/logo500x500.jpg\",\"contentUrl\":\"http:\/\/just-now.news\/de\/wp-content\/uploads\/sites\/3\/2022\/04\/logo500x500.jpg\",\"width\":500,\"height\":500,\"caption\":\"Just Now News\"},\"image\":{\"@id\":\"https:\/\/now-news.de\/de\/#\/schema\/logo\/image\/\"},\"sameAs\":[\"https:\/\/www.facebook.com\/wirmachenauf\",\"https:\/\/x.com\/WirMachenAuf_de\"]},{\"@type\":\"Person\",\"@id\":\"https:\/\/now-news.de\/de\/#\/schema\/person\/fb534a4e865501d8b3285208df34a9b5\",\"name\":\"rtnews\",\"image\":{\"@type\":\"ImageObject\",\"inLanguage\":\"de\",\"@id\":\"https:\/\/now-news.de\/de\/#\/schema\/person\/image\/\",\"url\":\"https:\/\/secure.gravatar.com\/avatar\/82aafea7d8127119dd649515f56e2117?s=96&d=mm&r=g\",\"contentUrl\":\"https:\/\/secure.gravatar.com\/avatar\/82aafea7d8127119dd649515f56e2117?s=96&d=mm&r=g\",\"caption\":\"rtnews\"},\"url\":\"https:\/\/now-news.de\/de\/author\/rnews\/\"}]}<\/script>\n<!-- \/ Yoast SEO Premium plugin. -->","yoast_head_json":{"title":"Indigene Bewohner sch\u00fctzen den Regenwald - Gelingt Lulas &quot;Bolsa Verde&quot;? - just-now.NEWS Deutschland","robots":{"index":"index","follow":"follow","max-snippet":"max-snippet:-1","max-image-preview":"max-image-preview:large","max-video-preview":"max-video-preview:-1"},"canonical":"https:\/\/now-news.de\/de\/deutschland\/indigene-bewohner-schuetzen-den-regenwald-gelingt-lulas-bolsa-verde\/","og_locale":"de_DE","og_type":"article","og_title":"Indigene Bewohner sch\u00fctzen den Regenwald - Gelingt Lulas &quot;Bolsa Verde&quot;?","og_description":"Der brasilianische Pr\u00e4sident Lula da Silva hat einen Plan: Fortschritte f\u00fcr die indigene Bev\u00f6lkerung mit verbessertem Schutz und Wiederaufforstung des Amazonas-Regenwaldes zu kombinieren. Geling diese k\u00fchne Idee trotz allen Widerstandes? Von Maria M\u00fcller Der brasilianische Pr\u00e4sident Luiz In\u00e1cio Lula da Silva hat sich vorgenommen, die Zerst\u00f6rung des Regenwaldes in Brasilien zu beenden und die H\u00e4lfte [&hellip;]","og_url":"https:\/\/now-news.de\/de\/deutschland\/indigene-bewohner-schuetzen-den-regenwald-gelingt-lulas-bolsa-verde\/","og_site_name":"just-now.NEWS Deutschland","article_publisher":"https:\/\/www.facebook.com\/wirmachenauf","article_published_time":"2023-07-04T15:10:49+00:00","og_image":[{"width":460,"height":259,"url":"https:\/\/now-news.de\/de\/wp-content\/uploads\/sites\/3\/2023\/07\/Indigene-Bewohner-schuetzen-den-Regenwald-Gelingt-Lulas-quotBolsa-Verdequot.jpg","type":"image\/jpeg"}],"author":"rtnews","twitter_card":"summary_large_image","twitter_creator":"@WirMachenAuf_de","twitter_site":"@WirMachenAuf_de","twitter_misc":{"Verfasst von":"rtnews","Gesch\u00e4tzte Lesezeit":"7\u00a0Minuten"},"schema":{"@context":"https:\/\/schema.org","@graph":[{"@type":"Article","@id":"https:\/\/now-news.de\/de\/deutschland\/indigene-bewohner-schuetzen-den-regenwald-gelingt-lulas-bolsa-verde\/#article","isPartOf":{"@id":"https:\/\/now-news.de\/de\/deutschland\/indigene-bewohner-schuetzen-den-regenwald-gelingt-lulas-bolsa-verde\/"},"author":{"name":"rtnews","@id":"https:\/\/now-news.de\/de\/#\/schema\/person\/fb534a4e865501d8b3285208df34a9b5"},"headline":"Indigene Bewohner sch\u00fctzen den Regenwald &#8211; Gelingt Lulas &quot;Bolsa Verde&quot;?","datePublished":"2023-07-04T15:10:49+00:00","dateModified":"2023-07-04T15:10:49+00:00","mainEntityOfPage":{"@id":"https:\/\/now-news.de\/de\/deutschland\/indigene-bewohner-schuetzen-den-regenwald-gelingt-lulas-bolsa-verde\/"},"wordCount":1350,"commentCount":0,"publisher":{"@id":"https:\/\/now-news.de\/de\/#organization"},"image":{"@id":"https:\/\/now-news.de\/de\/deutschland\/indigene-bewohner-schuetzen-den-regenwald-gelingt-lulas-bolsa-verde\/#primaryimage"},"thumbnailUrl":"https:\/\/now-news.de\/de\/wp-content\/uploads\/sites\/3\/2023\/07\/Indigene-Bewohner-schuetzen-den-Regenwald-Gelingt-Lulas-quotBolsa-Verdequot.jpg","keywords":["Bewohner","den","gelingt","indigene","Lulas","quotBolsa","Regenwald","sch\u00fctzen","Verdequot"],"articleSection":["Deutschland","Russland"],"inLanguage":"de","potentialAction":[{"@type":"CommentAction","name":"Comment","target":["https:\/\/now-news.de\/de\/deutschland\/indigene-bewohner-schuetzen-den-regenwald-gelingt-lulas-bolsa-verde\/#respond"]}]},{"@type":"WebPage","@id":"https:\/\/now-news.de\/de\/deutschland\/indigene-bewohner-schuetzen-den-regenwald-gelingt-lulas-bolsa-verde\/","url":"https:\/\/now-news.de\/de\/deutschland\/indigene-bewohner-schuetzen-den-regenwald-gelingt-lulas-bolsa-verde\/","name":"Indigene Bewohner sch\u00fctzen den Regenwald - Gelingt Lulas &quot;Bolsa Verde&quot;? - just-now.NEWS Deutschland","isPartOf":{"@id":"https:\/\/now-news.de\/de\/#website"},"primaryImageOfPage":{"@id":"https:\/\/now-news.de\/de\/deutschland\/indigene-bewohner-schuetzen-den-regenwald-gelingt-lulas-bolsa-verde\/#primaryimage"},"image":{"@id":"https:\/\/now-news.de\/de\/deutschland\/indigene-bewohner-schuetzen-den-regenwald-gelingt-lulas-bolsa-verde\/#primaryimage"},"thumbnailUrl":"https:\/\/now-news.de\/de\/wp-content\/uploads\/sites\/3\/2023\/07\/Indigene-Bewohner-schuetzen-den-Regenwald-Gelingt-Lulas-quotBolsa-Verdequot.jpg","datePublished":"2023-07-04T15:10:49+00:00","dateModified":"2023-07-04T15:10:49+00:00","breadcrumb":{"@id":"https:\/\/now-news.de\/de\/deutschland\/indigene-bewohner-schuetzen-den-regenwald-gelingt-lulas-bolsa-verde\/#breadcrumb"},"inLanguage":"de","potentialAction":[{"@type":"ReadAction","target":["https:\/\/now-news.de\/de\/deutschland\/indigene-bewohner-schuetzen-den-regenwald-gelingt-lulas-bolsa-verde\/"]}]},{"@type":"ImageObject","inLanguage":"de","@id":"https:\/\/now-news.de\/de\/deutschland\/indigene-bewohner-schuetzen-den-regenwald-gelingt-lulas-bolsa-verde\/#primaryimage","url":"https:\/\/now-news.de\/de\/wp-content\/uploads\/sites\/3\/2023\/07\/Indigene-Bewohner-schuetzen-den-Regenwald-Gelingt-Lulas-quotBolsa-Verdequot.jpg","contentUrl":"https:\/\/now-news.de\/de\/wp-content\/uploads\/sites\/3\/2023\/07\/Indigene-Bewohner-schuetzen-den-Regenwald-Gelingt-Lulas-quotBolsa-Verdequot.jpg","width":460,"height":259,"caption":"Indigene Bewohner sch\u00fctzen den Regenwald - Gelingt Lulas &quot;Bolsa Verde&quot;?"},{"@type":"BreadcrumbList","@id":"https:\/\/now-news.de\/de\/deutschland\/indigene-bewohner-schuetzen-den-regenwald-gelingt-lulas-bolsa-verde\/#breadcrumb","itemListElement":[{"@type":"ListItem","position":1,"name":"Home","item":"https:\/\/now-news.de\/de\/"},{"@type":"ListItem","position":2,"name":"Indigene Bewohner sch\u00fctzen den Regenwald &#8211; Gelingt Lulas &quot;Bolsa Verde&quot;?"}]},{"@type":"WebSite","@id":"https:\/\/now-news.de\/de\/#website","url":"https:\/\/now-news.de\/de\/","name":"just-now.NEWS Deutschland","description":"Das Portal f\u00fcr unzensierte Nachrichten aus der Welt","publisher":{"@id":"https:\/\/now-news.de\/de\/#organization"},"potentialAction":[{"@type":"SearchAction","target":{"@type":"EntryPoint","urlTemplate":"https:\/\/now-news.de\/de\/?s={search_term_string}"},"query-input":"required name=search_term_string"}],"inLanguage":"de"},{"@type":"Organization","@id":"https:\/\/now-news.de\/de\/#organization","name":"Just Now News","url":"https:\/\/now-news.de\/de\/","logo":{"@type":"ImageObject","inLanguage":"de","@id":"https:\/\/now-news.de\/de\/#\/schema\/logo\/image\/","url":"http:\/\/just-now.news\/de\/wp-content\/uploads\/sites\/3\/2022\/04\/logo500x500.jpg","contentUrl":"http:\/\/just-now.news\/de\/wp-content\/uploads\/sites\/3\/2022\/04\/logo500x500.jpg","width":500,"height":500,"caption":"Just Now News"},"image":{"@id":"https:\/\/now-news.de\/de\/#\/schema\/logo\/image\/"},"sameAs":["https:\/\/www.facebook.com\/wirmachenauf","https:\/\/x.com\/WirMachenAuf_de"]},{"@type":"Person","@id":"https:\/\/now-news.de\/de\/#\/schema\/person\/fb534a4e865501d8b3285208df34a9b5","name":"rtnews","image":{"@type":"ImageObject","inLanguage":"de","@id":"https:\/\/now-news.de\/de\/#\/schema\/person\/image\/","url":"https:\/\/secure.gravatar.com\/avatar\/82aafea7d8127119dd649515f56e2117?s=96&d=mm&r=g","contentUrl":"https:\/\/secure.gravatar.com\/avatar\/82aafea7d8127119dd649515f56e2117?s=96&d=mm&r=g","caption":"rtnews"},"url":"https:\/\/now-news.de\/de\/author\/rnews\/"}]}},"_links":{"self":[{"href":"https:\/\/now-news.de\/de\/wp-json\/wp\/v2\/posts\/39433"}],"collection":[{"href":"https:\/\/now-news.de\/de\/wp-json\/wp\/v2\/posts"}],"about":[{"href":"https:\/\/now-news.de\/de\/wp-json\/wp\/v2\/types\/post"}],"author":[{"embeddable":true,"href":"https:\/\/now-news.de\/de\/wp-json\/wp\/v2\/users\/3"}],"replies":[{"embeddable":true,"href":"https:\/\/now-news.de\/de\/wp-json\/wp\/v2\/comments?post=39433"}],"version-history":[{"count":0,"href":"https:\/\/now-news.de\/de\/wp-json\/wp\/v2\/posts\/39433\/revisions"}],"wp:featuredmedia":[{"embeddable":true,"href":"https:\/\/now-news.de\/de\/wp-json\/wp\/v2\/media\/39434"}],"wp:attachment":[{"href":"https:\/\/now-news.de\/de\/wp-json\/wp\/v2\/media?parent=39433"}],"wp:term":[{"taxonomy":"category","embeddable":true,"href":"https:\/\/now-news.de\/de\/wp-json\/wp\/v2\/categories?post=39433"},{"taxonomy":"post_tag","embeddable":true,"href":"https:\/\/now-news.de\/de\/wp-json\/wp\/v2\/tags?post=39433"}],"curies":[{"name":"wp","href":"https:\/\/api.w.org\/{rel}","templated":true}]}}