{"id":39371,"date":"2023-07-03T18:36:01","date_gmt":"2023-07-03T16:36:01","guid":{"rendered":"https:\/\/just-now.news\/de\/deutschland\/inmitten-der-spannungen-mit-iran-israel-erwirbt-weitere-f-35-kampfjets-von-den-usa\/"},"modified":"2023-07-03T18:36:01","modified_gmt":"2023-07-03T16:36:01","slug":"inmitten-der-spannungen-mit-iran-israel-erwirbt-weitere-f-35-kampfjets-von-den-usa","status":"publish","type":"post","link":"https:\/\/now-news.de\/de\/deutschland\/inmitten-der-spannungen-mit-iran-israel-erwirbt-weitere-f-35-kampfjets-von-den-usa\/","title":{"rendered":"Inmitten der Spannungen mit Iran: Israel erwirbt weitere F-35-Kampfjets von den USA"},"content":{"rendered":"<p><img decoding=\"async\" src=\"http:\/\/just-now.news\/de\/wp-content\/uploads\/sites\/3\/2023\/07\/64a2b4ec48fbef5bc2341810.jpg\" \/><\/p>\n<div class=\"Text-root Text-type_1 \">\n                Israel will 25 F-35-Flugzeuge von den USA kaufen und damit sein Arsenal an Tarnkappen-Kampfjets um 50 Prozent aufstocken. Die Kampfflugzeuge sind bisher im Rahmen der seit zehn Jahren andauernden Kampagne Tel Avivs gegen Damaskus eingesetzt worden.\n            <\/div>\n<p><\/p>\n<div class=\"Text-root Text-type_5 ArticleView-text ViewText-root \">\n<p>Wie das israelische Verteidigungsministerium am Sonntag mitteilte, wird Israel 25 F-35-Flugzeuge von den USA kaufen und damit sein Arsenal an Tarnkappen-Kampfjets um 50\u00a0Prozent aufstocken.\u00a0Die F-35\u00a0sei das modernste Kampfflugzeug der Welt, und Israel ist das einzige Land im Nahen Osten, das sie einsetzt. Der 3-Milliarden-Dollar-Kauf, mit dem die israelische F-35-Flotte von 50 auf 75 Jets aufgestockt wird, soll nach Angaben des Ministeriums in den kommenden Monaten abgeschlossen werden.<\/p>\n<p>Das Gesch\u00e4ft soll demnach \u00fcber die US-amerikanische Milit\u00e4rhilfe f\u00fcr Israel finanziert werden. Der Hersteller des Flugzeugs, Lockheed Martin, und der Hersteller des Triebwerks, Pratt &amp;; Whitney, h\u00e4tten sich verpflichtet, israelische Unternehmen in den Produktionsprozess einzubeziehen.<\/p>\n<p>Die Erweiterung des israelischen Waffenarsenals erfolgt zu einem Zeitpunkt, wo die Spannungen zwischen Israel und dem Iran zunehmen. Israel, das Iran als seinen gr\u00f6\u00dften\u00a0Herausforderer in der Region\u00a0betrachtet, hat in der Vergangenheit F-35-Jets eingesetzt, um iranische Drohnen abzuschie\u00dfen, und auch damit gedroht, die iranischen Atomanlagen\u00a0zu bombardieren.\u00a0Die F-35 gilt zudem als entscheidend f\u00fcr das, was israelische\u00a0Strategen als\u00a0&#8220;Krieg zwischen den Kriegen&#8221; gegen von Iran unterst\u00fctzte Einheiten des syrischen Milit\u00e4rs bezeichnen. Seit 2011, als der von den USA gef\u00fchrte verdeckte Krieg gegen Damaskus begann, bombardiert die israelische Luftwaffe Syrien regelm\u00e4\u00dfig.<\/p>\n<p>Die F-35 der f\u00fcnften Generation wird vom Milit\u00e4r als &#8220;Game-Changer&#8221; gepriesen, nicht nur wegen ihrer Offensiv- und Tarnkappenf\u00e4higkeiten, sondern auch wegen ihrer F\u00e4higkeit, ihre Systeme mit anderen Flugzeugen zu verbinden und ein Netzwerk f\u00fcr den Informationsaustausch zu bilden.<\/p>\n<p>Iran versucht vor diesen Hintergrund durch neue Milit\u00e4rtechnologie gleichfalls seine\u00a0Widerstandsf\u00e4higkeit gegen Israel zu demonstrieren.\u00a0Teheran\u00a0stellte k\u00fcrzlich\u00a0eine Hyperschallrakete vor.\u00a0 Die in Iran hergestellte\u00a0Hyperschallwaffe kann nach iranischen Angaben mit mindestens f\u00fcnffacher Schallgeschwindigkeit gesteuert fliegen. Da dies der Rakete eine komplexe Flugbahn erm\u00f6glicht, ist sie mit herk\u00f6mmlichen Flugabwehrsystemen nur schwer zu bek\u00e4mpfen.\u00a0<\/p>\n<p><strong>Mehr zum Thema<\/strong> &#8211; <a rel=\"nofollow noopener\" target=\"_blank\" href=\"https:\/\/test.rtde.me\/international\/172039-neue-us-sanktionen-gegen-iran\/\">Neue US-Sanktionen gegen Iran und China nach Pr\u00e4sentation eines iranischen Hyperschall-Flugk\u00f6rpers<\/a><\/p>\n<div class=\"EmbedBlock-root EmbedBlock-externalVideo EmbedBlock-vk\">\n<div class=\"VkEmbed\"><iframe class=\"lazyload\" data-src=\"https:\/\/vk.com\/video_ext.php?oid=-134310637&amp;id=456267714&amp;hash=1c53decd6fae2385\" frameborder=\"0\" width=\"853\" height=\"480\" allowfullscreen><\/iframe><\/div>\n<\/div>\n<\/div>\n<p><br \/>\n<br \/><a href=\"https:\/\/de.rt.com\/international\/174249-inmitten-spannungen-mit-iran-israel\/\">Source link <\/a><\/p>\n","protected":false},"excerpt":{"rendered":"<p>Israel will 25 F-35-Flugzeuge von den USA kaufen und damit sein Arsenal an Tarnkappen-Kampfjets um 50 Prozent aufstocken. Die Kampfflugzeuge sind bisher im Rahmen der seit zehn Jahren andauernden Kampagne Tel Avivs gegen Damaskus eingesetzt worden. Wie das israelische Verteidigungsministerium am Sonntag mitteilte, wird Israel 25 F-35-Flugzeuge von den USA kaufen und damit sein Arsenal [&hellip;]<\/p>\n","protected":false},"author":3,"featured_media":39372,"comment_status":"open","ping_status":"open","sticky":false,"template":"","format":"standard","meta":{"_yoast_indexnow_last_ping":["1688402461"],"wp_automatic_camp":["217"],"3d54ce8d700f27046ee51d4aa8c6c38c":["Inmitten der Spannungen mit Iran: Israel erwirbt weitere F-35-Kampfjets von den USA"],"original_link":["https:\/\/de.rt.com\/international\/174249-inmitten-spannungen-mit-iran-israel\/"],"_thumbnail_id":["39372"],"_wptgpro_p2tg_sent2tg":["a:1:{i:23737;s:19:\"2023-07-03 18:42:06\";}"],"jnews_social_counter_last_update":["1777396122"]},"categories":[19,23],"tags":[48,82,41939,37013,4219,1786,432,419,4832,193,50,823],"yoast_head":"<!-- This site is optimized with the Yoast SEO Premium plugin v22.7 (Yoast SEO v22.7) - https:\/\/yoast.com\/wordpress\/plugins\/seo\/ -->\n<title>Inmitten der Spannungen mit Iran: Israel erwirbt weitere F-35-Kampfjets von den USA - just-now.NEWS Deutschland<\/title>\n<meta name=\"robots\" content=\"index, follow, max-snippet:-1, max-image-preview:large, max-video-preview:-1\" \/>\n<link rel=\"canonical\" href=\"https:\/\/now-news.de\/de\/deutschland\/inmitten-der-spannungen-mit-iran-israel-erwirbt-weitere-f-35-kampfjets-von-den-usa\/\" \/>\n<meta property=\"og:locale\" content=\"de_DE\" \/>\n<meta property=\"og:type\" content=\"article\" \/>\n<meta property=\"og:title\" content=\"Inmitten der Spannungen mit Iran: Israel erwirbt weitere F-35-Kampfjets von den USA\" \/>\n<meta property=\"og:description\" content=\"Israel will 25 F-35-Flugzeuge von den USA kaufen und damit sein Arsenal an Tarnkappen-Kampfjets um 50 Prozent aufstocken. Die Kampfflugzeuge sind bisher im Rahmen der seit zehn Jahren andauernden Kampagne Tel Avivs gegen Damaskus eingesetzt worden. Wie das israelische Verteidigungsministerium am Sonntag mitteilte, wird Israel 25 F-35-Flugzeuge von den USA kaufen und damit sein Arsenal [&hellip;]\" \/>\n<meta property=\"og:url\" content=\"https:\/\/now-news.de\/de\/deutschland\/inmitten-der-spannungen-mit-iran-israel-erwirbt-weitere-f-35-kampfjets-von-den-usa\/\" \/>\n<meta property=\"og:site_name\" content=\"just-now.NEWS Deutschland\" \/>\n<meta property=\"article:publisher\" content=\"https:\/\/www.facebook.com\/wirmachenauf\" \/>\n<meta property=\"article:published_time\" content=\"2023-07-03T16:36:01+00:00\" \/>\n<meta property=\"og:image\" content=\"https:\/\/now-news.de\/de\/wp-content\/uploads\/sites\/3\/2023\/07\/Inmitten-der-Spannungen-mit-Iran-Israel-erwirbt-weitere-F-35-Kampfjets-von.jpg\" \/>\n\t<meta property=\"og:image:width\" content=\"460\" \/>\n\t<meta property=\"og:image:height\" content=\"259\" \/>\n\t<meta property=\"og:image:type\" content=\"image\/jpeg\" \/>\n<meta name=\"author\" content=\"rtnews\" \/>\n<meta name=\"twitter:card\" content=\"summary_large_image\" \/>\n<meta name=\"twitter:creator\" content=\"@WirMachenAuf_de\" \/>\n<meta name=\"twitter:site\" content=\"@WirMachenAuf_de\" \/>\n<meta name=\"twitter:label1\" content=\"Verfasst von\" \/>\n\t<meta name=\"twitter:data1\" content=\"rtnews\" \/>\n\t<meta name=\"twitter:label2\" content=\"Gesch\u00e4tzte Lesezeit\" \/>\n\t<meta name=\"twitter:data2\" content=\"2\u00a0Minuten\" \/>\n<script type=\"application\/ld+json\" class=\"yoast-schema-graph\">{\"@context\":\"https:\/\/schema.org\",\"@graph\":[{\"@type\":\"Article\",\"@id\":\"https:\/\/now-news.de\/de\/deutschland\/inmitten-der-spannungen-mit-iran-israel-erwirbt-weitere-f-35-kampfjets-von-den-usa\/#article\",\"isPartOf\":{\"@id\":\"https:\/\/now-news.de\/de\/deutschland\/inmitten-der-spannungen-mit-iran-israel-erwirbt-weitere-f-35-kampfjets-von-den-usa\/\"},\"author\":{\"name\":\"rtnews\",\"@id\":\"https:\/\/now-news.de\/de\/#\/schema\/person\/fb534a4e865501d8b3285208df34a9b5\"},\"headline\":\"Inmitten der Spannungen mit Iran: Israel erwirbt weitere F-35-Kampfjets von den USA\",\"datePublished\":\"2023-07-03T16:36:01+00:00\",\"dateModified\":\"2023-07-03T16:36:01+00:00\",\"mainEntityOfPage\":{\"@id\":\"https:\/\/now-news.de\/de\/deutschland\/inmitten-der-spannungen-mit-iran-israel-erwirbt-weitere-f-35-kampfjets-von-den-usa\/\"},\"wordCount\":377,\"commentCount\":0,\"publisher\":{\"@id\":\"https:\/\/now-news.de\/de\/#organization\"},\"image\":{\"@id\":\"https:\/\/now-news.de\/de\/deutschland\/inmitten-der-spannungen-mit-iran-israel-erwirbt-weitere-f-35-kampfjets-von-den-usa\/#primaryimage\"},\"thumbnailUrl\":\"https:\/\/now-news.de\/de\/wp-content\/uploads\/sites\/3\/2023\/07\/Inmitten-der-Spannungen-mit-Iran-Israel-erwirbt-weitere-F-35-Kampfjets-von.jpg\",\"keywords\":[\"den\",\"der\",\"erwirbt\",\"F35Kampfjets\",\"inmitten\",\"Iran\",\"Israel\",\"mit\",\"Spannungen\",\"USA\",\"von\",\"weitere\"],\"articleSection\":[\"Deutschland\",\"Russland\"],\"inLanguage\":\"de\",\"potentialAction\":[{\"@type\":\"CommentAction\",\"name\":\"Comment\",\"target\":[\"https:\/\/now-news.de\/de\/deutschland\/inmitten-der-spannungen-mit-iran-israel-erwirbt-weitere-f-35-kampfjets-von-den-usa\/#respond\"]}]},{\"@type\":\"WebPage\",\"@id\":\"https:\/\/now-news.de\/de\/deutschland\/inmitten-der-spannungen-mit-iran-israel-erwirbt-weitere-f-35-kampfjets-von-den-usa\/\",\"url\":\"https:\/\/now-news.de\/de\/deutschland\/inmitten-der-spannungen-mit-iran-israel-erwirbt-weitere-f-35-kampfjets-von-den-usa\/\",\"name\":\"Inmitten der Spannungen mit Iran: Israel erwirbt weitere F-35-Kampfjets von den USA - just-now.NEWS Deutschland\",\"isPartOf\":{\"@id\":\"https:\/\/now-news.de\/de\/#website\"},\"primaryImageOfPage\":{\"@id\":\"https:\/\/now-news.de\/de\/deutschland\/inmitten-der-spannungen-mit-iran-israel-erwirbt-weitere-f-35-kampfjets-von-den-usa\/#primaryimage\"},\"image\":{\"@id\":\"https:\/\/now-news.de\/de\/deutschland\/inmitten-der-spannungen-mit-iran-israel-erwirbt-weitere-f-35-kampfjets-von-den-usa\/#primaryimage\"},\"thumbnailUrl\":\"https:\/\/now-news.de\/de\/wp-content\/uploads\/sites\/3\/2023\/07\/Inmitten-der-Spannungen-mit-Iran-Israel-erwirbt-weitere-F-35-Kampfjets-von.jpg\",\"datePublished\":\"2023-07-03T16:36:01+00:00\",\"dateModified\":\"2023-07-03T16:36:01+00:00\",\"breadcrumb\":{\"@id\":\"https:\/\/now-news.de\/de\/deutschland\/inmitten-der-spannungen-mit-iran-israel-erwirbt-weitere-f-35-kampfjets-von-den-usa\/#breadcrumb\"},\"inLanguage\":\"de\",\"potentialAction\":[{\"@type\":\"ReadAction\",\"target\":[\"https:\/\/now-news.de\/de\/deutschland\/inmitten-der-spannungen-mit-iran-israel-erwirbt-weitere-f-35-kampfjets-von-den-usa\/\"]}]},{\"@type\":\"ImageObject\",\"inLanguage\":\"de\",\"@id\":\"https:\/\/now-news.de\/de\/deutschland\/inmitten-der-spannungen-mit-iran-israel-erwirbt-weitere-f-35-kampfjets-von-den-usa\/#primaryimage\",\"url\":\"https:\/\/now-news.de\/de\/wp-content\/uploads\/sites\/3\/2023\/07\/Inmitten-der-Spannungen-mit-Iran-Israel-erwirbt-weitere-F-35-Kampfjets-von.jpg\",\"contentUrl\":\"https:\/\/now-news.de\/de\/wp-content\/uploads\/sites\/3\/2023\/07\/Inmitten-der-Spannungen-mit-Iran-Israel-erwirbt-weitere-F-35-Kampfjets-von.jpg\",\"width\":460,\"height\":259,\"caption\":\"Inmitten der Spannungen mit Iran: Israel erwirbt weitere F-35-Kampfjets von den USA\"},{\"@type\":\"BreadcrumbList\",\"@id\":\"https:\/\/now-news.de\/de\/deutschland\/inmitten-der-spannungen-mit-iran-israel-erwirbt-weitere-f-35-kampfjets-von-den-usa\/#breadcrumb\",\"itemListElement\":[{\"@type\":\"ListItem\",\"position\":1,\"name\":\"Home\",\"item\":\"https:\/\/now-news.de\/de\/\"},{\"@type\":\"ListItem\",\"position\":2,\"name\":\"Inmitten der Spannungen mit Iran: Israel erwirbt weitere F-35-Kampfjets von den USA\"}]},{\"@type\":\"WebSite\",\"@id\":\"https:\/\/now-news.de\/de\/#website\",\"url\":\"https:\/\/now-news.de\/de\/\",\"name\":\"just-now.NEWS Deutschland\",\"description\":\"Das Portal f\u00fcr unzensierte Nachrichten aus der Welt\",\"publisher\":{\"@id\":\"https:\/\/now-news.de\/de\/#organization\"},\"potentialAction\":[{\"@type\":\"SearchAction\",\"target\":{\"@type\":\"EntryPoint\",\"urlTemplate\":\"https:\/\/now-news.de\/de\/?s={search_term_string}\"},\"query-input\":\"required name=search_term_string\"}],\"inLanguage\":\"de\"},{\"@type\":\"Organization\",\"@id\":\"https:\/\/now-news.de\/de\/#organization\",\"name\":\"Just Now News\",\"url\":\"https:\/\/now-news.de\/de\/\",\"logo\":{\"@type\":\"ImageObject\",\"inLanguage\":\"de\",\"@id\":\"https:\/\/now-news.de\/de\/#\/schema\/logo\/image\/\",\"url\":\"http:\/\/just-now.news\/de\/wp-content\/uploads\/sites\/3\/2022\/04\/logo500x500.jpg\",\"contentUrl\":\"http:\/\/just-now.news\/de\/wp-content\/uploads\/sites\/3\/2022\/04\/logo500x500.jpg\",\"width\":500,\"height\":500,\"caption\":\"Just Now News\"},\"image\":{\"@id\":\"https:\/\/now-news.de\/de\/#\/schema\/logo\/image\/\"},\"sameAs\":[\"https:\/\/www.facebook.com\/wirmachenauf\",\"https:\/\/x.com\/WirMachenAuf_de\"]},{\"@type\":\"Person\",\"@id\":\"https:\/\/now-news.de\/de\/#\/schema\/person\/fb534a4e865501d8b3285208df34a9b5\",\"name\":\"rtnews\",\"image\":{\"@type\":\"ImageObject\",\"inLanguage\":\"de\",\"@id\":\"https:\/\/now-news.de\/de\/#\/schema\/person\/image\/\",\"url\":\"https:\/\/secure.gravatar.com\/avatar\/82aafea7d8127119dd649515f56e2117?s=96&d=mm&r=g\",\"contentUrl\":\"https:\/\/secure.gravatar.com\/avatar\/82aafea7d8127119dd649515f56e2117?s=96&d=mm&r=g\",\"caption\":\"rtnews\"},\"url\":\"https:\/\/now-news.de\/de\/author\/rnews\/\"}]}<\/script>\n<!-- \/ Yoast SEO Premium plugin. -->","yoast_head_json":{"title":"Inmitten der Spannungen mit Iran: Israel erwirbt weitere F-35-Kampfjets von den USA - just-now.NEWS Deutschland","robots":{"index":"index","follow":"follow","max-snippet":"max-snippet:-1","max-image-preview":"max-image-preview:large","max-video-preview":"max-video-preview:-1"},"canonical":"https:\/\/now-news.de\/de\/deutschland\/inmitten-der-spannungen-mit-iran-israel-erwirbt-weitere-f-35-kampfjets-von-den-usa\/","og_locale":"de_DE","og_type":"article","og_title":"Inmitten der Spannungen mit Iran: Israel erwirbt weitere F-35-Kampfjets von den USA","og_description":"Israel will 25 F-35-Flugzeuge von den USA kaufen und damit sein Arsenal an Tarnkappen-Kampfjets um 50 Prozent aufstocken. Die Kampfflugzeuge sind bisher im Rahmen der seit zehn Jahren andauernden Kampagne Tel Avivs gegen Damaskus eingesetzt worden. Wie das israelische Verteidigungsministerium am Sonntag mitteilte, wird Israel 25 F-35-Flugzeuge von den USA kaufen und damit sein Arsenal [&hellip;]","og_url":"https:\/\/now-news.de\/de\/deutschland\/inmitten-der-spannungen-mit-iran-israel-erwirbt-weitere-f-35-kampfjets-von-den-usa\/","og_site_name":"just-now.NEWS Deutschland","article_publisher":"https:\/\/www.facebook.com\/wirmachenauf","article_published_time":"2023-07-03T16:36:01+00:00","og_image":[{"width":460,"height":259,"url":"https:\/\/now-news.de\/de\/wp-content\/uploads\/sites\/3\/2023\/07\/Inmitten-der-Spannungen-mit-Iran-Israel-erwirbt-weitere-F-35-Kampfjets-von.jpg","type":"image\/jpeg"}],"author":"rtnews","twitter_card":"summary_large_image","twitter_creator":"@WirMachenAuf_de","twitter_site":"@WirMachenAuf_de","twitter_misc":{"Verfasst von":"rtnews","Gesch\u00e4tzte Lesezeit":"2\u00a0Minuten"},"schema":{"@context":"https:\/\/schema.org","@graph":[{"@type":"Article","@id":"https:\/\/now-news.de\/de\/deutschland\/inmitten-der-spannungen-mit-iran-israel-erwirbt-weitere-f-35-kampfjets-von-den-usa\/#article","isPartOf":{"@id":"https:\/\/now-news.de\/de\/deutschland\/inmitten-der-spannungen-mit-iran-israel-erwirbt-weitere-f-35-kampfjets-von-den-usa\/"},"author":{"name":"rtnews","@id":"https:\/\/now-news.de\/de\/#\/schema\/person\/fb534a4e865501d8b3285208df34a9b5"},"headline":"Inmitten der Spannungen mit Iran: Israel erwirbt weitere F-35-Kampfjets von den USA","datePublished":"2023-07-03T16:36:01+00:00","dateModified":"2023-07-03T16:36:01+00:00","mainEntityOfPage":{"@id":"https:\/\/now-news.de\/de\/deutschland\/inmitten-der-spannungen-mit-iran-israel-erwirbt-weitere-f-35-kampfjets-von-den-usa\/"},"wordCount":377,"commentCount":0,"publisher":{"@id":"https:\/\/now-news.de\/de\/#organization"},"image":{"@id":"https:\/\/now-news.de\/de\/deutschland\/inmitten-der-spannungen-mit-iran-israel-erwirbt-weitere-f-35-kampfjets-von-den-usa\/#primaryimage"},"thumbnailUrl":"https:\/\/now-news.de\/de\/wp-content\/uploads\/sites\/3\/2023\/07\/Inmitten-der-Spannungen-mit-Iran-Israel-erwirbt-weitere-F-35-Kampfjets-von.jpg","keywords":["den","der","erwirbt","F35Kampfjets","inmitten","Iran","Israel","mit","Spannungen","USA","von","weitere"],"articleSection":["Deutschland","Russland"],"inLanguage":"de","potentialAction":[{"@type":"CommentAction","name":"Comment","target":["https:\/\/now-news.de\/de\/deutschland\/inmitten-der-spannungen-mit-iran-israel-erwirbt-weitere-f-35-kampfjets-von-den-usa\/#respond"]}]},{"@type":"WebPage","@id":"https:\/\/now-news.de\/de\/deutschland\/inmitten-der-spannungen-mit-iran-israel-erwirbt-weitere-f-35-kampfjets-von-den-usa\/","url":"https:\/\/now-news.de\/de\/deutschland\/inmitten-der-spannungen-mit-iran-israel-erwirbt-weitere-f-35-kampfjets-von-den-usa\/","name":"Inmitten der Spannungen mit Iran: Israel erwirbt weitere F-35-Kampfjets von den USA - just-now.NEWS Deutschland","isPartOf":{"@id":"https:\/\/now-news.de\/de\/#website"},"primaryImageOfPage":{"@id":"https:\/\/now-news.de\/de\/deutschland\/inmitten-der-spannungen-mit-iran-israel-erwirbt-weitere-f-35-kampfjets-von-den-usa\/#primaryimage"},"image":{"@id":"https:\/\/now-news.de\/de\/deutschland\/inmitten-der-spannungen-mit-iran-israel-erwirbt-weitere-f-35-kampfjets-von-den-usa\/#primaryimage"},"thumbnailUrl":"https:\/\/now-news.de\/de\/wp-content\/uploads\/sites\/3\/2023\/07\/Inmitten-der-Spannungen-mit-Iran-Israel-erwirbt-weitere-F-35-Kampfjets-von.jpg","datePublished":"2023-07-03T16:36:01+00:00","dateModified":"2023-07-03T16:36:01+00:00","breadcrumb":{"@id":"https:\/\/now-news.de\/de\/deutschland\/inmitten-der-spannungen-mit-iran-israel-erwirbt-weitere-f-35-kampfjets-von-den-usa\/#breadcrumb"},"inLanguage":"de","potentialAction":[{"@type":"ReadAction","target":["https:\/\/now-news.de\/de\/deutschland\/inmitten-der-spannungen-mit-iran-israel-erwirbt-weitere-f-35-kampfjets-von-den-usa\/"]}]},{"@type":"ImageObject","inLanguage":"de","@id":"https:\/\/now-news.de\/de\/deutschland\/inmitten-der-spannungen-mit-iran-israel-erwirbt-weitere-f-35-kampfjets-von-den-usa\/#primaryimage","url":"https:\/\/now-news.de\/de\/wp-content\/uploads\/sites\/3\/2023\/07\/Inmitten-der-Spannungen-mit-Iran-Israel-erwirbt-weitere-F-35-Kampfjets-von.jpg","contentUrl":"https:\/\/now-news.de\/de\/wp-content\/uploads\/sites\/3\/2023\/07\/Inmitten-der-Spannungen-mit-Iran-Israel-erwirbt-weitere-F-35-Kampfjets-von.jpg","width":460,"height":259,"caption":"Inmitten der Spannungen mit Iran: Israel erwirbt weitere F-35-Kampfjets von den USA"},{"@type":"BreadcrumbList","@id":"https:\/\/now-news.de\/de\/deutschland\/inmitten-der-spannungen-mit-iran-israel-erwirbt-weitere-f-35-kampfjets-von-den-usa\/#breadcrumb","itemListElement":[{"@type":"ListItem","position":1,"name":"Home","item":"https:\/\/now-news.de\/de\/"},{"@type":"ListItem","position":2,"name":"Inmitten der Spannungen mit Iran: Israel erwirbt weitere F-35-Kampfjets von den USA"}]},{"@type":"WebSite","@id":"https:\/\/now-news.de\/de\/#website","url":"https:\/\/now-news.de\/de\/","name":"just-now.NEWS Deutschland","description":"Das Portal f\u00fcr unzensierte Nachrichten aus der Welt","publisher":{"@id":"https:\/\/now-news.de\/de\/#organization"},"potentialAction":[{"@type":"SearchAction","target":{"@type":"EntryPoint","urlTemplate":"https:\/\/now-news.de\/de\/?s={search_term_string}"},"query-input":"required name=search_term_string"}],"inLanguage":"de"},{"@type":"Organization","@id":"https:\/\/now-news.de\/de\/#organization","name":"Just Now News","url":"https:\/\/now-news.de\/de\/","logo":{"@type":"ImageObject","inLanguage":"de","@id":"https:\/\/now-news.de\/de\/#\/schema\/logo\/image\/","url":"http:\/\/just-now.news\/de\/wp-content\/uploads\/sites\/3\/2022\/04\/logo500x500.jpg","contentUrl":"http:\/\/just-now.news\/de\/wp-content\/uploads\/sites\/3\/2022\/04\/logo500x500.jpg","width":500,"height":500,"caption":"Just Now News"},"image":{"@id":"https:\/\/now-news.de\/de\/#\/schema\/logo\/image\/"},"sameAs":["https:\/\/www.facebook.com\/wirmachenauf","https:\/\/x.com\/WirMachenAuf_de"]},{"@type":"Person","@id":"https:\/\/now-news.de\/de\/#\/schema\/person\/fb534a4e865501d8b3285208df34a9b5","name":"rtnews","image":{"@type":"ImageObject","inLanguage":"de","@id":"https:\/\/now-news.de\/de\/#\/schema\/person\/image\/","url":"https:\/\/secure.gravatar.com\/avatar\/82aafea7d8127119dd649515f56e2117?s=96&d=mm&r=g","contentUrl":"https:\/\/secure.gravatar.com\/avatar\/82aafea7d8127119dd649515f56e2117?s=96&d=mm&r=g","caption":"rtnews"},"url":"https:\/\/now-news.de\/de\/author\/rnews\/"}]}},"_links":{"self":[{"href":"https:\/\/now-news.de\/de\/wp-json\/wp\/v2\/posts\/39371"}],"collection":[{"href":"https:\/\/now-news.de\/de\/wp-json\/wp\/v2\/posts"}],"about":[{"href":"https:\/\/now-news.de\/de\/wp-json\/wp\/v2\/types\/post"}],"author":[{"embeddable":true,"href":"https:\/\/now-news.de\/de\/wp-json\/wp\/v2\/users\/3"}],"replies":[{"embeddable":true,"href":"https:\/\/now-news.de\/de\/wp-json\/wp\/v2\/comments?post=39371"}],"version-history":[{"count":0,"href":"https:\/\/now-news.de\/de\/wp-json\/wp\/v2\/posts\/39371\/revisions"}],"wp:featuredmedia":[{"embeddable":true,"href":"https:\/\/now-news.de\/de\/wp-json\/wp\/v2\/media\/39372"}],"wp:attachment":[{"href":"https:\/\/now-news.de\/de\/wp-json\/wp\/v2\/media?parent=39371"}],"wp:term":[{"taxonomy":"category","embeddable":true,"href":"https:\/\/now-news.de\/de\/wp-json\/wp\/v2\/categories?post=39371"},{"taxonomy":"post_tag","embeddable":true,"href":"https:\/\/now-news.de\/de\/wp-json\/wp\/v2\/tags?post=39371"}],"curies":[{"name":"wp","href":"https:\/\/api.w.org\/{rel}","templated":true}]}}