{"id":39353,"date":"2023-07-03T13:55:10","date_gmt":"2023-07-03T11:55:10","guid":{"rendered":"https:\/\/just-now.news\/de\/deutschland\/fsb-vereitelt-anschlag-auf-oberhaupt-der-krim\/"},"modified":"2023-07-03T13:55:10","modified_gmt":"2023-07-03T11:55:10","slug":"fsb-vereitelt-anschlag-auf-oberhaupt-der-krim","status":"publish","type":"post","link":"https:\/\/now-news.de\/de\/deutschland\/fsb-vereitelt-anschlag-auf-oberhaupt-der-krim\/","title":{"rendered":"FSB vereitelt Anschlag auf Oberhaupt der Krim"},"content":{"rendered":"<p><img decoding=\"async\" src=\"http:\/\/just-now.news\/de\/wp-content\/uploads\/sites\/3\/2023\/07\/64a285c0b480cc30a9755330.jpg\" \/><\/p>\n<div class=\"Text-root Text-type_1 \">\n                Nach Angaben des russischen Inlandsgeheimdienstes FSB ist ein Anschlag auf Sergei Aksjonow, das Oberhaupt der Republik Krim, von den ukrainischen Sonderdiensten vorbereitet worden. Ein daf\u00fcr ausgebildeter Russe wurde festgenommen.\n            <\/div>\n<p><\/p>\n<div class=\"Text-root Text-type_5 ArticleView-text ViewText-root \">\n<p>Russlands Inlandsgeheimdienst FSB berichtet am Montag \u00fcber die Festnahme eines russischen Staatsb\u00fcrgers, der ein Attentat auf\u00a0Sergei Aksjonow, das Oberhaupt der Republik Krim, geplant haben soll. Der Mann sei vom Sicherheitsdienst der Ukraine rekrutiert worden, hei\u00dft es in einer Mitteilung.<\/p>\n<p>Der im Jahr 1988 geborene Russe sollte das Auto des Politikers in die Luft jagen, erkl\u00e4rt die Beh\u00f6rde:\u00a0&#8220;Im Juni 2023 traf der Agent eines ausl\u00e4ndischen Geheimdienstes in der Republik Krim ein und begann mit der Vorbereitung eines Terroranschlags,\u00a0bei dem er das Auto des Oberhauptes der Republik sprengen sollte. Dem\u00a0Attent\u00e4ter ist es aber nicht gelungen, diese kriminelle Absicht zu Ende zu bringen, da er festgenommen wurde, als der den Sprengsatz aus einem Versteck holte.&#8221;<\/p>\n<p>Der Mann soll einen Kurs \u00fcber Aufkl\u00e4rung und subversive Aktivit\u00e4ten in der Ukraine absolviert haben. Gegen ihn wurden Verfahren wegen eines versuchten Terroranschlags und illegaler Sprengstoffbeschaffung eingeleitet.\u00a0In einem am Montag ver\u00f6ffentlichten Video erkl\u00e4rte der Mann, er sei im Dezember 2022 von den Sonderdiensten der Ukraine rekrutiert worden. Ihm zufolge habe\u00a0er Arbeit in der Stadt Simferopol gefunden und dann auf weitere Anweisungen gewartet.<\/p>\n<p>Aksjonow dankte den FSB-Beamten f\u00fcr die Verhinderung des Attentats. &#8220;Unsere Geheimdienste arbeiten pr\u00e4zise und effizient. Ich bin sicher, dass die konkreten Auftraggeber dieses Verbrechens gefunden und bestraft werden&#8221;, schrieb er auf Telegram.<\/p>\n<p>Bereits vor\u00a0zwei Monaten\u00a0hatte der FSB \u00fcber ein vereiteltes Attentat auf Aksjonow berichtet. Demnach seien damals auch Terroranschl\u00e4ge auf\u00a0die Verkehrsinfrastruktur der Halbinsel geplant worden.<\/p>\n<p><strong>Mehr zum Thema<\/strong> &#8211; <a rel=\"nofollow noopener\" target=\"_blank\" href=\"https:\/\/gegenzensur.rtde.live\/russland\/161868-krim-behoerden-verstaatlichen-rund-500\/\">Krim-Beh\u00f6rden verstaatlichen rund 500 Immobilienobjekte ausl\u00e4ndischer B\u00fcrger<\/a><\/p>\n<\/div>\n<p><br \/>\n<br \/><a href=\"https:\/\/de.rt.com\/europa\/174226-fsb-vereitelt-anschlag-auf-oberhaupt\/\">Source link <\/a><\/p>\n","protected":false},"excerpt":{"rendered":"<p>Nach Angaben des russischen Inlandsgeheimdienstes FSB ist ein Anschlag auf Sergei Aksjonow, das Oberhaupt der Republik Krim, von den ukrainischen Sonderdiensten vorbereitet worden. Ein daf\u00fcr ausgebildeter Russe wurde festgenommen. Russlands Inlandsgeheimdienst FSB berichtet am Montag \u00fcber die Festnahme eines russischen Staatsb\u00fcrgers, der ein Attentat auf\u00a0Sergei Aksjonow, das Oberhaupt der Republik Krim, geplant haben soll. Der [&hellip;]<\/p>\n","protected":false},"author":3,"featured_media":39354,"comment_status":"open","ping_status":"open","sticky":false,"template":"","format":"standard","meta":{"_yoast_indexnow_last_ping":["1688387017"],"wp_automatic_camp":["217"],"5878f341650e7d74c1c82f7eaa1428e8":["FSB vereitelt Anschlag auf Oberhaupt der Krim"],"original_link":["https:\/\/de.rt.com\/europa\/174226-fsb-vereitelt-anschlag-auf-oberhaupt\/"],"_thumbnail_id":["39354"],"_wptgpro_p2tg_sent2tg":["a:1:{i:23737;s:19:\"2023-07-03 14:25:52\";}"],"jnews_social_counter_last_update":["1777313206"]},"categories":[19,23],"tags":[6315,133,82,10703,11438,36025,9999],"yoast_head":"<!-- This site is optimized with the Yoast SEO Premium plugin v22.7 (Yoast SEO v22.7) - https:\/\/yoast.com\/wordpress\/plugins\/seo\/ -->\n<title>FSB vereitelt Anschlag auf Oberhaupt der Krim - just-now.NEWS Deutschland<\/title>\n<meta name=\"robots\" content=\"index, follow, max-snippet:-1, max-image-preview:large, max-video-preview:-1\" \/>\n<link rel=\"canonical\" href=\"https:\/\/now-news.de\/de\/deutschland\/fsb-vereitelt-anschlag-auf-oberhaupt-der-krim\/\" \/>\n<meta property=\"og:locale\" content=\"de_DE\" \/>\n<meta property=\"og:type\" content=\"article\" \/>\n<meta property=\"og:title\" content=\"FSB vereitelt Anschlag auf Oberhaupt der Krim\" \/>\n<meta property=\"og:description\" content=\"Nach Angaben des russischen Inlandsgeheimdienstes FSB ist ein Anschlag auf Sergei Aksjonow, das Oberhaupt der Republik Krim, von den ukrainischen Sonderdiensten vorbereitet worden. Ein daf\u00fcr ausgebildeter Russe wurde festgenommen. Russlands Inlandsgeheimdienst FSB berichtet am Montag \u00fcber die Festnahme eines russischen Staatsb\u00fcrgers, der ein Attentat auf\u00a0Sergei Aksjonow, das Oberhaupt der Republik Krim, geplant haben soll. Der [&hellip;]\" \/>\n<meta property=\"og:url\" content=\"https:\/\/now-news.de\/de\/deutschland\/fsb-vereitelt-anschlag-auf-oberhaupt-der-krim\/\" \/>\n<meta property=\"og:site_name\" content=\"just-now.NEWS Deutschland\" \/>\n<meta property=\"article:publisher\" content=\"https:\/\/www.facebook.com\/wirmachenauf\" \/>\n<meta property=\"article:published_time\" content=\"2023-07-03T11:55:10+00:00\" \/>\n<meta property=\"og:image\" content=\"https:\/\/now-news.de\/de\/wp-content\/uploads\/sites\/3\/2023\/07\/FSB-vereitelt-Anschlag-auf-Oberhaupt-der-Krim.jpg\" \/>\n\t<meta property=\"og:image:width\" content=\"460\" \/>\n\t<meta property=\"og:image:height\" content=\"259\" \/>\n\t<meta property=\"og:image:type\" content=\"image\/jpeg\" \/>\n<meta name=\"author\" content=\"rtnews\" \/>\n<meta name=\"twitter:card\" content=\"summary_large_image\" \/>\n<meta name=\"twitter:creator\" content=\"@WirMachenAuf_de\" \/>\n<meta name=\"twitter:site\" content=\"@WirMachenAuf_de\" \/>\n<meta name=\"twitter:label1\" content=\"Verfasst von\" \/>\n\t<meta name=\"twitter:data1\" content=\"rtnews\" \/>\n\t<meta name=\"twitter:label2\" content=\"Gesch\u00e4tzte Lesezeit\" \/>\n\t<meta name=\"twitter:data2\" content=\"1\u00a0Minute\" \/>\n<script type=\"application\/ld+json\" class=\"yoast-schema-graph\">{\"@context\":\"https:\/\/schema.org\",\"@graph\":[{\"@type\":\"Article\",\"@id\":\"https:\/\/now-news.de\/de\/deutschland\/fsb-vereitelt-anschlag-auf-oberhaupt-der-krim\/#article\",\"isPartOf\":{\"@id\":\"https:\/\/now-news.de\/de\/deutschland\/fsb-vereitelt-anschlag-auf-oberhaupt-der-krim\/\"},\"author\":{\"name\":\"rtnews\",\"@id\":\"https:\/\/now-news.de\/de\/#\/schema\/person\/fb534a4e865501d8b3285208df34a9b5\"},\"headline\":\"FSB vereitelt Anschlag auf Oberhaupt der Krim\",\"datePublished\":\"2023-07-03T11:55:10+00:00\",\"dateModified\":\"2023-07-03T11:55:10+00:00\",\"mainEntityOfPage\":{\"@id\":\"https:\/\/now-news.de\/de\/deutschland\/fsb-vereitelt-anschlag-auf-oberhaupt-der-krim\/\"},\"wordCount\":301,\"commentCount\":0,\"publisher\":{\"@id\":\"https:\/\/now-news.de\/de\/#organization\"},\"image\":{\"@id\":\"https:\/\/now-news.de\/de\/deutschland\/fsb-vereitelt-anschlag-auf-oberhaupt-der-krim\/#primaryimage\"},\"thumbnailUrl\":\"https:\/\/now-news.de\/de\/wp-content\/uploads\/sites\/3\/2023\/07\/FSB-vereitelt-Anschlag-auf-Oberhaupt-der-Krim.jpg\",\"keywords\":[\"Anschlag\",\"AUF\",\"der\",\"FSB\",\"krim\",\"Oberhaupt\",\"vereitelt\"],\"articleSection\":[\"Deutschland\",\"Russland\"],\"inLanguage\":\"de\",\"potentialAction\":[{\"@type\":\"CommentAction\",\"name\":\"Comment\",\"target\":[\"https:\/\/now-news.de\/de\/deutschland\/fsb-vereitelt-anschlag-auf-oberhaupt-der-krim\/#respond\"]}]},{\"@type\":\"WebPage\",\"@id\":\"https:\/\/now-news.de\/de\/deutschland\/fsb-vereitelt-anschlag-auf-oberhaupt-der-krim\/\",\"url\":\"https:\/\/now-news.de\/de\/deutschland\/fsb-vereitelt-anschlag-auf-oberhaupt-der-krim\/\",\"name\":\"FSB vereitelt Anschlag auf Oberhaupt der Krim - just-now.NEWS Deutschland\",\"isPartOf\":{\"@id\":\"https:\/\/now-news.de\/de\/#website\"},\"primaryImageOfPage\":{\"@id\":\"https:\/\/now-news.de\/de\/deutschland\/fsb-vereitelt-anschlag-auf-oberhaupt-der-krim\/#primaryimage\"},\"image\":{\"@id\":\"https:\/\/now-news.de\/de\/deutschland\/fsb-vereitelt-anschlag-auf-oberhaupt-der-krim\/#primaryimage\"},\"thumbnailUrl\":\"https:\/\/now-news.de\/de\/wp-content\/uploads\/sites\/3\/2023\/07\/FSB-vereitelt-Anschlag-auf-Oberhaupt-der-Krim.jpg\",\"datePublished\":\"2023-07-03T11:55:10+00:00\",\"dateModified\":\"2023-07-03T11:55:10+00:00\",\"breadcrumb\":{\"@id\":\"https:\/\/now-news.de\/de\/deutschland\/fsb-vereitelt-anschlag-auf-oberhaupt-der-krim\/#breadcrumb\"},\"inLanguage\":\"de\",\"potentialAction\":[{\"@type\":\"ReadAction\",\"target\":[\"https:\/\/now-news.de\/de\/deutschland\/fsb-vereitelt-anschlag-auf-oberhaupt-der-krim\/\"]}]},{\"@type\":\"ImageObject\",\"inLanguage\":\"de\",\"@id\":\"https:\/\/now-news.de\/de\/deutschland\/fsb-vereitelt-anschlag-auf-oberhaupt-der-krim\/#primaryimage\",\"url\":\"https:\/\/now-news.de\/de\/wp-content\/uploads\/sites\/3\/2023\/07\/FSB-vereitelt-Anschlag-auf-Oberhaupt-der-Krim.jpg\",\"contentUrl\":\"https:\/\/now-news.de\/de\/wp-content\/uploads\/sites\/3\/2023\/07\/FSB-vereitelt-Anschlag-auf-Oberhaupt-der-Krim.jpg\",\"width\":460,\"height\":259,\"caption\":\"FSB vereitelt Anschlag auf Oberhaupt der Krim\"},{\"@type\":\"BreadcrumbList\",\"@id\":\"https:\/\/now-news.de\/de\/deutschland\/fsb-vereitelt-anschlag-auf-oberhaupt-der-krim\/#breadcrumb\",\"itemListElement\":[{\"@type\":\"ListItem\",\"position\":1,\"name\":\"Home\",\"item\":\"https:\/\/now-news.de\/de\/\"},{\"@type\":\"ListItem\",\"position\":2,\"name\":\"FSB vereitelt Anschlag auf Oberhaupt der Krim\"}]},{\"@type\":\"WebSite\",\"@id\":\"https:\/\/now-news.de\/de\/#website\",\"url\":\"https:\/\/now-news.de\/de\/\",\"name\":\"just-now.NEWS Deutschland\",\"description\":\"Das Portal f\u00fcr unzensierte Nachrichten aus der Welt\",\"publisher\":{\"@id\":\"https:\/\/now-news.de\/de\/#organization\"},\"potentialAction\":[{\"@type\":\"SearchAction\",\"target\":{\"@type\":\"EntryPoint\",\"urlTemplate\":\"https:\/\/now-news.de\/de\/?s={search_term_string}\"},\"query-input\":\"required name=search_term_string\"}],\"inLanguage\":\"de\"},{\"@type\":\"Organization\",\"@id\":\"https:\/\/now-news.de\/de\/#organization\",\"name\":\"Just Now News\",\"url\":\"https:\/\/now-news.de\/de\/\",\"logo\":{\"@type\":\"ImageObject\",\"inLanguage\":\"de\",\"@id\":\"https:\/\/now-news.de\/de\/#\/schema\/logo\/image\/\",\"url\":\"http:\/\/just-now.news\/de\/wp-content\/uploads\/sites\/3\/2022\/04\/logo500x500.jpg\",\"contentUrl\":\"http:\/\/just-now.news\/de\/wp-content\/uploads\/sites\/3\/2022\/04\/logo500x500.jpg\",\"width\":500,\"height\":500,\"caption\":\"Just Now News\"},\"image\":{\"@id\":\"https:\/\/now-news.de\/de\/#\/schema\/logo\/image\/\"},\"sameAs\":[\"https:\/\/www.facebook.com\/wirmachenauf\",\"https:\/\/x.com\/WirMachenAuf_de\"]},{\"@type\":\"Person\",\"@id\":\"https:\/\/now-news.de\/de\/#\/schema\/person\/fb534a4e865501d8b3285208df34a9b5\",\"name\":\"rtnews\",\"image\":{\"@type\":\"ImageObject\",\"inLanguage\":\"de\",\"@id\":\"https:\/\/now-news.de\/de\/#\/schema\/person\/image\/\",\"url\":\"https:\/\/secure.gravatar.com\/avatar\/82aafea7d8127119dd649515f56e2117?s=96&d=mm&r=g\",\"contentUrl\":\"https:\/\/secure.gravatar.com\/avatar\/82aafea7d8127119dd649515f56e2117?s=96&d=mm&r=g\",\"caption\":\"rtnews\"},\"url\":\"https:\/\/now-news.de\/de\/author\/rnews\/\"}]}<\/script>\n<!-- \/ Yoast SEO Premium plugin. -->","yoast_head_json":{"title":"FSB vereitelt Anschlag auf Oberhaupt der Krim - just-now.NEWS Deutschland","robots":{"index":"index","follow":"follow","max-snippet":"max-snippet:-1","max-image-preview":"max-image-preview:large","max-video-preview":"max-video-preview:-1"},"canonical":"https:\/\/now-news.de\/de\/deutschland\/fsb-vereitelt-anschlag-auf-oberhaupt-der-krim\/","og_locale":"de_DE","og_type":"article","og_title":"FSB vereitelt Anschlag auf Oberhaupt der Krim","og_description":"Nach Angaben des russischen Inlandsgeheimdienstes FSB ist ein Anschlag auf Sergei Aksjonow, das Oberhaupt der Republik Krim, von den ukrainischen Sonderdiensten vorbereitet worden. Ein daf\u00fcr ausgebildeter Russe wurde festgenommen. Russlands Inlandsgeheimdienst FSB berichtet am Montag \u00fcber die Festnahme eines russischen Staatsb\u00fcrgers, der ein Attentat auf\u00a0Sergei Aksjonow, das Oberhaupt der Republik Krim, geplant haben soll. Der [&hellip;]","og_url":"https:\/\/now-news.de\/de\/deutschland\/fsb-vereitelt-anschlag-auf-oberhaupt-der-krim\/","og_site_name":"just-now.NEWS Deutschland","article_publisher":"https:\/\/www.facebook.com\/wirmachenauf","article_published_time":"2023-07-03T11:55:10+00:00","og_image":[{"width":460,"height":259,"url":"https:\/\/now-news.de\/de\/wp-content\/uploads\/sites\/3\/2023\/07\/FSB-vereitelt-Anschlag-auf-Oberhaupt-der-Krim.jpg","type":"image\/jpeg"}],"author":"rtnews","twitter_card":"summary_large_image","twitter_creator":"@WirMachenAuf_de","twitter_site":"@WirMachenAuf_de","twitter_misc":{"Verfasst von":"rtnews","Gesch\u00e4tzte Lesezeit":"1\u00a0Minute"},"schema":{"@context":"https:\/\/schema.org","@graph":[{"@type":"Article","@id":"https:\/\/now-news.de\/de\/deutschland\/fsb-vereitelt-anschlag-auf-oberhaupt-der-krim\/#article","isPartOf":{"@id":"https:\/\/now-news.de\/de\/deutschland\/fsb-vereitelt-anschlag-auf-oberhaupt-der-krim\/"},"author":{"name":"rtnews","@id":"https:\/\/now-news.de\/de\/#\/schema\/person\/fb534a4e865501d8b3285208df34a9b5"},"headline":"FSB vereitelt Anschlag auf Oberhaupt der Krim","datePublished":"2023-07-03T11:55:10+00:00","dateModified":"2023-07-03T11:55:10+00:00","mainEntityOfPage":{"@id":"https:\/\/now-news.de\/de\/deutschland\/fsb-vereitelt-anschlag-auf-oberhaupt-der-krim\/"},"wordCount":301,"commentCount":0,"publisher":{"@id":"https:\/\/now-news.de\/de\/#organization"},"image":{"@id":"https:\/\/now-news.de\/de\/deutschland\/fsb-vereitelt-anschlag-auf-oberhaupt-der-krim\/#primaryimage"},"thumbnailUrl":"https:\/\/now-news.de\/de\/wp-content\/uploads\/sites\/3\/2023\/07\/FSB-vereitelt-Anschlag-auf-Oberhaupt-der-Krim.jpg","keywords":["Anschlag","AUF","der","FSB","krim","Oberhaupt","vereitelt"],"articleSection":["Deutschland","Russland"],"inLanguage":"de","potentialAction":[{"@type":"CommentAction","name":"Comment","target":["https:\/\/now-news.de\/de\/deutschland\/fsb-vereitelt-anschlag-auf-oberhaupt-der-krim\/#respond"]}]},{"@type":"WebPage","@id":"https:\/\/now-news.de\/de\/deutschland\/fsb-vereitelt-anschlag-auf-oberhaupt-der-krim\/","url":"https:\/\/now-news.de\/de\/deutschland\/fsb-vereitelt-anschlag-auf-oberhaupt-der-krim\/","name":"FSB vereitelt Anschlag auf Oberhaupt der Krim - just-now.NEWS Deutschland","isPartOf":{"@id":"https:\/\/now-news.de\/de\/#website"},"primaryImageOfPage":{"@id":"https:\/\/now-news.de\/de\/deutschland\/fsb-vereitelt-anschlag-auf-oberhaupt-der-krim\/#primaryimage"},"image":{"@id":"https:\/\/now-news.de\/de\/deutschland\/fsb-vereitelt-anschlag-auf-oberhaupt-der-krim\/#primaryimage"},"thumbnailUrl":"https:\/\/now-news.de\/de\/wp-content\/uploads\/sites\/3\/2023\/07\/FSB-vereitelt-Anschlag-auf-Oberhaupt-der-Krim.jpg","datePublished":"2023-07-03T11:55:10+00:00","dateModified":"2023-07-03T11:55:10+00:00","breadcrumb":{"@id":"https:\/\/now-news.de\/de\/deutschland\/fsb-vereitelt-anschlag-auf-oberhaupt-der-krim\/#breadcrumb"},"inLanguage":"de","potentialAction":[{"@type":"ReadAction","target":["https:\/\/now-news.de\/de\/deutschland\/fsb-vereitelt-anschlag-auf-oberhaupt-der-krim\/"]}]},{"@type":"ImageObject","inLanguage":"de","@id":"https:\/\/now-news.de\/de\/deutschland\/fsb-vereitelt-anschlag-auf-oberhaupt-der-krim\/#primaryimage","url":"https:\/\/now-news.de\/de\/wp-content\/uploads\/sites\/3\/2023\/07\/FSB-vereitelt-Anschlag-auf-Oberhaupt-der-Krim.jpg","contentUrl":"https:\/\/now-news.de\/de\/wp-content\/uploads\/sites\/3\/2023\/07\/FSB-vereitelt-Anschlag-auf-Oberhaupt-der-Krim.jpg","width":460,"height":259,"caption":"FSB vereitelt Anschlag auf Oberhaupt der Krim"},{"@type":"BreadcrumbList","@id":"https:\/\/now-news.de\/de\/deutschland\/fsb-vereitelt-anschlag-auf-oberhaupt-der-krim\/#breadcrumb","itemListElement":[{"@type":"ListItem","position":1,"name":"Home","item":"https:\/\/now-news.de\/de\/"},{"@type":"ListItem","position":2,"name":"FSB vereitelt Anschlag auf Oberhaupt der Krim"}]},{"@type":"WebSite","@id":"https:\/\/now-news.de\/de\/#website","url":"https:\/\/now-news.de\/de\/","name":"just-now.NEWS Deutschland","description":"Das Portal f\u00fcr unzensierte Nachrichten aus der Welt","publisher":{"@id":"https:\/\/now-news.de\/de\/#organization"},"potentialAction":[{"@type":"SearchAction","target":{"@type":"EntryPoint","urlTemplate":"https:\/\/now-news.de\/de\/?s={search_term_string}"},"query-input":"required name=search_term_string"}],"inLanguage":"de"},{"@type":"Organization","@id":"https:\/\/now-news.de\/de\/#organization","name":"Just Now News","url":"https:\/\/now-news.de\/de\/","logo":{"@type":"ImageObject","inLanguage":"de","@id":"https:\/\/now-news.de\/de\/#\/schema\/logo\/image\/","url":"http:\/\/just-now.news\/de\/wp-content\/uploads\/sites\/3\/2022\/04\/logo500x500.jpg","contentUrl":"http:\/\/just-now.news\/de\/wp-content\/uploads\/sites\/3\/2022\/04\/logo500x500.jpg","width":500,"height":500,"caption":"Just Now News"},"image":{"@id":"https:\/\/now-news.de\/de\/#\/schema\/logo\/image\/"},"sameAs":["https:\/\/www.facebook.com\/wirmachenauf","https:\/\/x.com\/WirMachenAuf_de"]},{"@type":"Person","@id":"https:\/\/now-news.de\/de\/#\/schema\/person\/fb534a4e865501d8b3285208df34a9b5","name":"rtnews","image":{"@type":"ImageObject","inLanguage":"de","@id":"https:\/\/now-news.de\/de\/#\/schema\/person\/image\/","url":"https:\/\/secure.gravatar.com\/avatar\/82aafea7d8127119dd649515f56e2117?s=96&d=mm&r=g","contentUrl":"https:\/\/secure.gravatar.com\/avatar\/82aafea7d8127119dd649515f56e2117?s=96&d=mm&r=g","caption":"rtnews"},"url":"https:\/\/now-news.de\/de\/author\/rnews\/"}]}},"_links":{"self":[{"href":"https:\/\/now-news.de\/de\/wp-json\/wp\/v2\/posts\/39353"}],"collection":[{"href":"https:\/\/now-news.de\/de\/wp-json\/wp\/v2\/posts"}],"about":[{"href":"https:\/\/now-news.de\/de\/wp-json\/wp\/v2\/types\/post"}],"author":[{"embeddable":true,"href":"https:\/\/now-news.de\/de\/wp-json\/wp\/v2\/users\/3"}],"replies":[{"embeddable":true,"href":"https:\/\/now-news.de\/de\/wp-json\/wp\/v2\/comments?post=39353"}],"version-history":[{"count":0,"href":"https:\/\/now-news.de\/de\/wp-json\/wp\/v2\/posts\/39353\/revisions"}],"wp:featuredmedia":[{"embeddable":true,"href":"https:\/\/now-news.de\/de\/wp-json\/wp\/v2\/media\/39354"}],"wp:attachment":[{"href":"https:\/\/now-news.de\/de\/wp-json\/wp\/v2\/media?parent=39353"}],"wp:term":[{"taxonomy":"category","embeddable":true,"href":"https:\/\/now-news.de\/de\/wp-json\/wp\/v2\/categories?post=39353"},{"taxonomy":"post_tag","embeddable":true,"href":"https:\/\/now-news.de\/de\/wp-json\/wp\/v2\/tags?post=39353"}],"curies":[{"name":"wp","href":"https:\/\/api.w.org\/{rel}","templated":true}]}}