{"id":39339,"date":"2023-07-03T07:30:42","date_gmt":"2023-07-03T05:30:42","guid":{"rendered":"https:\/\/just-now.news\/de\/deutschland\/bla-bla-bla-aussenminister-kuleba-zu-orbans-aeusserungen-ueber-verlust-der-souveraenitaet-der-ukraine\/"},"modified":"2023-07-03T07:30:42","modified_gmt":"2023-07-03T05:30:42","slug":"bla-bla-bla-aussenminister-kuleba-zu-orbans-aeusserungen-ueber-verlust-der-souveraenitaet-der-ukraine","status":"publish","type":"post","link":"https:\/\/now-news.de\/de\/deutschland\/bla-bla-bla-aussenminister-kuleba-zu-orbans-aeusserungen-ueber-verlust-der-souveraenitaet-der-ukraine\/","title":{"rendered":"&quot;Bla bla bla&quot; \u2013 Au\u00dfenminister Kuleba zu Orb\u00e1ns \u00c4u\u00dferungen \u00fcber Verlust der Souver\u00e4nit\u00e4t der Ukraine"},"content":{"rendered":"<p><img decoding=\"async\" src=\"http:\/\/just-now.news\/de\/wp-content\/uploads\/sites\/3\/2023\/07\/64a16ef0b480cc41166252d8.jpg\" \/><\/p>\n<div class=\"Text-root Text-type_1 \">\n                Der ukrainische Au\u00dfenminister Dmitri Kuleba hat Viktor Orb\u00e1ns \u00c4u\u00dferungen \u00fcber den Verlust der Souver\u00e4nit\u00e4t der Ukraine und deren Unf\u00e4higkeit, ohne westliche Unterst\u00fctzung zu k\u00e4mpfen, kommentiert. Kuleba sagte, er sei es leid, sich mit &#8220;sinnlosen Argumenten&#8221; auseinanderzusetzen.\n            <\/div>\n<p><\/p>\n<div class=\"Text-root Text-type_5 ArticleView-text ViewText-root \">\n<p>Der ukrainische Au\u00dfenminister Dmitri Kuleba hat in einem Interview mit dem Medienkonzern Axel Springer eine \u00c4u\u00dferung des ungarischen Ministerpr\u00e4sidenten Viktor Orb\u00e1n kommentiert, wonach die Ukraine ihre Souver\u00e4nit\u00e4t verloren habe und nicht in der Lage sei zu k\u00e4mpfen, wenn der Westen sie nicht unterst\u00fctze und Waffen liefere.<strong><\/strong><\/p>\n<p>Kuleba sagte, er sei es &#8220;leid, sich mit all diesen unsinnigen Argumenten auseinanderzusetzen&#8221;. Er f\u00fcgte hinzu:<\/p>\n<blockquote>\n<p><em>&#8220;Es ist alles nur bla, bla, bla.&#8221;<\/em><\/p>\n<\/blockquote>\n<p>Orb\u00e1n hatte Ende Juni in einem Interview mit der <em>Bild<\/em>-Zeitung betont, dass er nicht gegen die Ukraine sei, sondern f\u00fcr eine friedliche L\u00f6sung des Konflikts eintrete. Er sagte:<\/p>\n<blockquote>\n<p><em>&#8220;Die Ukraine ist kein souver\u00e4nes Land mehr. Sie haben kein Geld. Sie haben keine Waffen. Sie k\u00f6nnen nur k\u00e4mpfen, weil wir im Westen sie unterst\u00fctzen. Wenn die Amerikaner also beschlie\u00dfen, dass sie Frieden haben wollen, wird es Frieden geben.&#8221;<\/em><\/p>\n<\/blockquote>\n<p>Mehrere westliche L\u00e4nder leisten der Ukraine milit\u00e4rische Hilfe durch die Lieferung von Waffen und die Ausbildung ukrainischer Soldaten. Moskau verurteilt diese Ma\u00dfnahmen und ist der Ansicht, dass der Westen auf diese Weise zu einer Konfliktpartei wird. Der Kreml erkl\u00e4rte jedoch, dass die westlichen Waffen nichts am Ergebnis der milit\u00e4rischen Sonderoperation \u00e4ndern w\u00fcrden.<\/p>\n<p>Der russische Pr\u00e4sident Wladimir Putin sagte, dass die vom Westen gelieferte Ausr\u00fcstung in der Ukraine &#8220;gut brennt&#8221;. Er bemerkte:<\/p>\n<blockquote>\n<p><em>&#8220;Bald wird die Ukraine keine eigene Ausr\u00fcstung mehr verwenden. Es gibt nichts mehr. Alles, was sie benutzen, ist importiert. Aber so kann man auf Dauer keinen Krieg f\u00fchren.&#8221;<\/em><\/p>\n<\/blockquote>\n<p><strong>Mehr zum Thema<\/strong> &#8211; <a rel=\"nofollow noopener\" target=\"_blank\" href=\"https:\/\/freeassange.rtde.me\/international\/173967-ministerpraesident-orban-in-eu-gibt\/\">Ministerpr\u00e4sident Orb\u00e1n: In der EU gibt es weder Frieden noch Wohlstand<\/a><\/p>\n<\/div>\n<p><br \/>\n<br \/><a href=\"https:\/\/de.rt.com\/international\/174191-bla-bla-bla-aussenminister-kuleba\/\">Source link <\/a><\/p>\n","protected":false},"excerpt":{"rendered":"<p>Der ukrainische Au\u00dfenminister Dmitri Kuleba hat Viktor Orb\u00e1ns \u00c4u\u00dferungen \u00fcber den Verlust der Souver\u00e4nit\u00e4t der Ukraine und deren Unf\u00e4higkeit, ohne westliche Unterst\u00fctzung zu k\u00e4mpfen, kommentiert. Kuleba sagte, er sei es leid, sich mit &#8220;sinnlosen Argumenten&#8221; auseinanderzusetzen. Der ukrainische Au\u00dfenminister Dmitri Kuleba hat in einem Interview mit dem Medienkonzern Axel Springer eine \u00c4u\u00dferung des ungarischen Ministerpr\u00e4sidenten [&hellip;]<\/p>\n","protected":false},"author":3,"featured_media":39340,"comment_status":"open","ping_status":"open","sticky":false,"template":"","format":"standard","meta":{"_yoast_indexnow_last_ping":["1688364655"],"wp_automatic_camp":["217"],"ff5139106bdfb98aad2682ca6467293b":["&quot;Bla bla bla&quot; \u2013 Au\u00dfenminister Kuleba zu Orb\u00e1ns \u00c4u\u00dferungen \u00fcber Verlust der Souver\u00e4nit\u00e4t der Ukraine"],"original_link":["https:\/\/de.rt.com\/international\/174191-bla-bla-bla-aussenminister-kuleba\/"],"_thumbnail_id":["39340"],"jnews_social_counter_last_update":["1777125261"],"_wptgpro_p2tg_sent2tg":["a:1:{i:23737;s:19:\"2023-07-03 08:11:55\";}"]},"categories":[19,23],"tags":[13830,19203,46310,46311,82,34315,36291,46309,20302,139,127,1372],"yoast_head":"<!-- This site is optimized with the Yoast SEO Premium plugin v22.7 (Yoast SEO v22.7) - https:\/\/yoast.com\/wordpress\/plugins\/seo\/ -->\n<title>&quot;Bla bla bla&quot; \u2013 Au\u00dfenminister Kuleba zu Orb\u00e1ns \u00c4u\u00dferungen \u00fcber Verlust der Souver\u00e4nit\u00e4t der Ukraine - just-now.NEWS Deutschland<\/title>\n<meta name=\"robots\" content=\"index, follow, max-snippet:-1, max-image-preview:large, max-video-preview:-1\" \/>\n<link rel=\"canonical\" href=\"https:\/\/now-news.de\/de\/deutschland\/bla-bla-bla-aussenminister-kuleba-zu-orbans-aeusserungen-ueber-verlust-der-souveraenitaet-der-ukraine\/\" \/>\n<meta property=\"og:locale\" content=\"de_DE\" \/>\n<meta property=\"og:type\" content=\"article\" \/>\n<meta property=\"og:title\" content=\"&quot;Bla bla bla&quot; \u2013 Au\u00dfenminister Kuleba zu Orb\u00e1ns \u00c4u\u00dferungen \u00fcber Verlust der Souver\u00e4nit\u00e4t der Ukraine\" \/>\n<meta property=\"og:description\" content=\"Der ukrainische Au\u00dfenminister Dmitri Kuleba hat Viktor Orb\u00e1ns \u00c4u\u00dferungen \u00fcber den Verlust der Souver\u00e4nit\u00e4t der Ukraine und deren Unf\u00e4higkeit, ohne westliche Unterst\u00fctzung zu k\u00e4mpfen, kommentiert. Kuleba sagte, er sei es leid, sich mit &#8220;sinnlosen Argumenten&#8221; auseinanderzusetzen. Der ukrainische Au\u00dfenminister Dmitri Kuleba hat in einem Interview mit dem Medienkonzern Axel Springer eine \u00c4u\u00dferung des ungarischen Ministerpr\u00e4sidenten [&hellip;]\" \/>\n<meta property=\"og:url\" content=\"https:\/\/now-news.de\/de\/deutschland\/bla-bla-bla-aussenminister-kuleba-zu-orbans-aeusserungen-ueber-verlust-der-souveraenitaet-der-ukraine\/\" \/>\n<meta property=\"og:site_name\" content=\"just-now.NEWS Deutschland\" \/>\n<meta property=\"article:publisher\" content=\"https:\/\/www.facebook.com\/wirmachenauf\" \/>\n<meta property=\"article:published_time\" content=\"2023-07-03T05:30:42+00:00\" \/>\n<meta property=\"og:image\" content=\"https:\/\/now-news.de\/de\/wp-content\/uploads\/sites\/3\/2023\/07\/quotBla-bla-blaquot-\u2013-Aussenminister-Kuleba-zu-Orbans-Aeusserungen-ueber.jpg\" \/>\n\t<meta property=\"og:image:width\" content=\"460\" \/>\n\t<meta property=\"og:image:height\" content=\"259\" \/>\n\t<meta property=\"og:image:type\" content=\"image\/jpeg\" \/>\n<meta name=\"author\" content=\"rtnews\" \/>\n<meta name=\"twitter:card\" content=\"summary_large_image\" \/>\n<meta name=\"twitter:creator\" content=\"@WirMachenAuf_de\" \/>\n<meta name=\"twitter:site\" content=\"@WirMachenAuf_de\" \/>\n<meta name=\"twitter:label1\" content=\"Verfasst von\" \/>\n\t<meta name=\"twitter:data1\" content=\"rtnews\" \/>\n\t<meta name=\"twitter:label2\" content=\"Gesch\u00e4tzte Lesezeit\" \/>\n\t<meta name=\"twitter:data2\" content=\"2\u00a0Minuten\" \/>\n<script type=\"application\/ld+json\" class=\"yoast-schema-graph\">{\"@context\":\"https:\/\/schema.org\",\"@graph\":[{\"@type\":\"Article\",\"@id\":\"https:\/\/now-news.de\/de\/deutschland\/bla-bla-bla-aussenminister-kuleba-zu-orbans-aeusserungen-ueber-verlust-der-souveraenitaet-der-ukraine\/#article\",\"isPartOf\":{\"@id\":\"https:\/\/now-news.de\/de\/deutschland\/bla-bla-bla-aussenminister-kuleba-zu-orbans-aeusserungen-ueber-verlust-der-souveraenitaet-der-ukraine\/\"},\"author\":{\"name\":\"rtnews\",\"@id\":\"https:\/\/now-news.de\/de\/#\/schema\/person\/fb534a4e865501d8b3285208df34a9b5\"},\"headline\":\"&quot;Bla bla bla&quot; \u2013 Au\u00dfenminister Kuleba zu Orb\u00e1ns \u00c4u\u00dferungen \u00fcber Verlust der Souver\u00e4nit\u00e4t der Ukraine\",\"datePublished\":\"2023-07-03T05:30:42+00:00\",\"dateModified\":\"2023-07-03T05:30:42+00:00\",\"mainEntityOfPage\":{\"@id\":\"https:\/\/now-news.de\/de\/deutschland\/bla-bla-bla-aussenminister-kuleba-zu-orbans-aeusserungen-ueber-verlust-der-souveraenitaet-der-ukraine\/\"},\"wordCount\":347,\"commentCount\":0,\"publisher\":{\"@id\":\"https:\/\/now-news.de\/de\/#organization\"},\"image\":{\"@id\":\"https:\/\/now-news.de\/de\/deutschland\/bla-bla-bla-aussenminister-kuleba-zu-orbans-aeusserungen-ueber-verlust-der-souveraenitaet-der-ukraine\/#primaryimage\"},\"thumbnailUrl\":\"https:\/\/now-news.de\/de\/wp-content\/uploads\/sites\/3\/2023\/07\/quotBla-bla-blaquot-\u2013-Aussenminister-Kuleba-zu-Orbans-Aeusserungen-ueber.jpg\",\"keywords\":[\"Au\u00dfenminister\",\"\u00c4u\u00dferungen\",\"bla\",\"blaquot\",\"der\",\"Kuleba\",\"Orb\u00e1ns\",\"quotBla\",\"Souver\u00e4nit\u00e4t\",\"\u00fcber\",\"ukraine\",\"Verlust\"],\"articleSection\":[\"Deutschland\",\"Russland\"],\"inLanguage\":\"de\",\"potentialAction\":[{\"@type\":\"CommentAction\",\"name\":\"Comment\",\"target\":[\"https:\/\/now-news.de\/de\/deutschland\/bla-bla-bla-aussenminister-kuleba-zu-orbans-aeusserungen-ueber-verlust-der-souveraenitaet-der-ukraine\/#respond\"]}]},{\"@type\":\"WebPage\",\"@id\":\"https:\/\/now-news.de\/de\/deutschland\/bla-bla-bla-aussenminister-kuleba-zu-orbans-aeusserungen-ueber-verlust-der-souveraenitaet-der-ukraine\/\",\"url\":\"https:\/\/now-news.de\/de\/deutschland\/bla-bla-bla-aussenminister-kuleba-zu-orbans-aeusserungen-ueber-verlust-der-souveraenitaet-der-ukraine\/\",\"name\":\"&quot;Bla bla bla&quot; \u2013 Au\u00dfenminister Kuleba zu Orb\u00e1ns \u00c4u\u00dferungen \u00fcber Verlust der Souver\u00e4nit\u00e4t der Ukraine - just-now.NEWS Deutschland\",\"isPartOf\":{\"@id\":\"https:\/\/now-news.de\/de\/#website\"},\"primaryImageOfPage\":{\"@id\":\"https:\/\/now-news.de\/de\/deutschland\/bla-bla-bla-aussenminister-kuleba-zu-orbans-aeusserungen-ueber-verlust-der-souveraenitaet-der-ukraine\/#primaryimage\"},\"image\":{\"@id\":\"https:\/\/now-news.de\/de\/deutschland\/bla-bla-bla-aussenminister-kuleba-zu-orbans-aeusserungen-ueber-verlust-der-souveraenitaet-der-ukraine\/#primaryimage\"},\"thumbnailUrl\":\"https:\/\/now-news.de\/de\/wp-content\/uploads\/sites\/3\/2023\/07\/quotBla-bla-blaquot-\u2013-Aussenminister-Kuleba-zu-Orbans-Aeusserungen-ueber.jpg\",\"datePublished\":\"2023-07-03T05:30:42+00:00\",\"dateModified\":\"2023-07-03T05:30:42+00:00\",\"breadcrumb\":{\"@id\":\"https:\/\/now-news.de\/de\/deutschland\/bla-bla-bla-aussenminister-kuleba-zu-orbans-aeusserungen-ueber-verlust-der-souveraenitaet-der-ukraine\/#breadcrumb\"},\"inLanguage\":\"de\",\"potentialAction\":[{\"@type\":\"ReadAction\",\"target\":[\"https:\/\/now-news.de\/de\/deutschland\/bla-bla-bla-aussenminister-kuleba-zu-orbans-aeusserungen-ueber-verlust-der-souveraenitaet-der-ukraine\/\"]}]},{\"@type\":\"ImageObject\",\"inLanguage\":\"de\",\"@id\":\"https:\/\/now-news.de\/de\/deutschland\/bla-bla-bla-aussenminister-kuleba-zu-orbans-aeusserungen-ueber-verlust-der-souveraenitaet-der-ukraine\/#primaryimage\",\"url\":\"https:\/\/now-news.de\/de\/wp-content\/uploads\/sites\/3\/2023\/07\/quotBla-bla-blaquot-\u2013-Aussenminister-Kuleba-zu-Orbans-Aeusserungen-ueber.jpg\",\"contentUrl\":\"https:\/\/now-news.de\/de\/wp-content\/uploads\/sites\/3\/2023\/07\/quotBla-bla-blaquot-\u2013-Aussenminister-Kuleba-zu-Orbans-Aeusserungen-ueber.jpg\",\"width\":460,\"height\":259,\"caption\":\"&quot;Bla bla bla&quot; \u2013 Au\u00dfenminister Kuleba zu Orb\u00e1ns \u00c4u\u00dferungen \u00fcber Verlust der Souver\u00e4nit\u00e4t der Ukraine\"},{\"@type\":\"BreadcrumbList\",\"@id\":\"https:\/\/now-news.de\/de\/deutschland\/bla-bla-bla-aussenminister-kuleba-zu-orbans-aeusserungen-ueber-verlust-der-souveraenitaet-der-ukraine\/#breadcrumb\",\"itemListElement\":[{\"@type\":\"ListItem\",\"position\":1,\"name\":\"Home\",\"item\":\"https:\/\/now-news.de\/de\/\"},{\"@type\":\"ListItem\",\"position\":2,\"name\":\"&quot;Bla bla bla&quot; \u2013 Au\u00dfenminister Kuleba zu Orb\u00e1ns \u00c4u\u00dferungen \u00fcber Verlust der Souver\u00e4nit\u00e4t der Ukraine\"}]},{\"@type\":\"WebSite\",\"@id\":\"https:\/\/now-news.de\/de\/#website\",\"url\":\"https:\/\/now-news.de\/de\/\",\"name\":\"just-now.NEWS Deutschland\",\"description\":\"Das Portal f\u00fcr unzensierte Nachrichten aus der Welt\",\"publisher\":{\"@id\":\"https:\/\/now-news.de\/de\/#organization\"},\"potentialAction\":[{\"@type\":\"SearchAction\",\"target\":{\"@type\":\"EntryPoint\",\"urlTemplate\":\"https:\/\/now-news.de\/de\/?s={search_term_string}\"},\"query-input\":\"required name=search_term_string\"}],\"inLanguage\":\"de\"},{\"@type\":\"Organization\",\"@id\":\"https:\/\/now-news.de\/de\/#organization\",\"name\":\"Just Now News\",\"url\":\"https:\/\/now-news.de\/de\/\",\"logo\":{\"@type\":\"ImageObject\",\"inLanguage\":\"de\",\"@id\":\"https:\/\/now-news.de\/de\/#\/schema\/logo\/image\/\",\"url\":\"http:\/\/just-now.news\/de\/wp-content\/uploads\/sites\/3\/2022\/04\/logo500x500.jpg\",\"contentUrl\":\"http:\/\/just-now.news\/de\/wp-content\/uploads\/sites\/3\/2022\/04\/logo500x500.jpg\",\"width\":500,\"height\":500,\"caption\":\"Just Now News\"},\"image\":{\"@id\":\"https:\/\/now-news.de\/de\/#\/schema\/logo\/image\/\"},\"sameAs\":[\"https:\/\/www.facebook.com\/wirmachenauf\",\"https:\/\/x.com\/WirMachenAuf_de\"]},{\"@type\":\"Person\",\"@id\":\"https:\/\/now-news.de\/de\/#\/schema\/person\/fb534a4e865501d8b3285208df34a9b5\",\"name\":\"rtnews\",\"image\":{\"@type\":\"ImageObject\",\"inLanguage\":\"de\",\"@id\":\"https:\/\/now-news.de\/de\/#\/schema\/person\/image\/\",\"url\":\"https:\/\/secure.gravatar.com\/avatar\/82aafea7d8127119dd649515f56e2117?s=96&d=mm&r=g\",\"contentUrl\":\"https:\/\/secure.gravatar.com\/avatar\/82aafea7d8127119dd649515f56e2117?s=96&d=mm&r=g\",\"caption\":\"rtnews\"},\"url\":\"https:\/\/now-news.de\/de\/author\/rnews\/\"}]}<\/script>\n<!-- \/ Yoast SEO Premium plugin. -->","yoast_head_json":{"title":"&quot;Bla bla bla&quot; \u2013 Au\u00dfenminister Kuleba zu Orb\u00e1ns \u00c4u\u00dferungen \u00fcber Verlust der Souver\u00e4nit\u00e4t der Ukraine - just-now.NEWS Deutschland","robots":{"index":"index","follow":"follow","max-snippet":"max-snippet:-1","max-image-preview":"max-image-preview:large","max-video-preview":"max-video-preview:-1"},"canonical":"https:\/\/now-news.de\/de\/deutschland\/bla-bla-bla-aussenminister-kuleba-zu-orbans-aeusserungen-ueber-verlust-der-souveraenitaet-der-ukraine\/","og_locale":"de_DE","og_type":"article","og_title":"&quot;Bla bla bla&quot; \u2013 Au\u00dfenminister Kuleba zu Orb\u00e1ns \u00c4u\u00dferungen \u00fcber Verlust der Souver\u00e4nit\u00e4t der Ukraine","og_description":"Der ukrainische Au\u00dfenminister Dmitri Kuleba hat Viktor Orb\u00e1ns \u00c4u\u00dferungen \u00fcber den Verlust der Souver\u00e4nit\u00e4t der Ukraine und deren Unf\u00e4higkeit, ohne westliche Unterst\u00fctzung zu k\u00e4mpfen, kommentiert. Kuleba sagte, er sei es leid, sich mit &#8220;sinnlosen Argumenten&#8221; auseinanderzusetzen. Der ukrainische Au\u00dfenminister Dmitri Kuleba hat in einem Interview mit dem Medienkonzern Axel Springer eine \u00c4u\u00dferung des ungarischen Ministerpr\u00e4sidenten [&hellip;]","og_url":"https:\/\/now-news.de\/de\/deutschland\/bla-bla-bla-aussenminister-kuleba-zu-orbans-aeusserungen-ueber-verlust-der-souveraenitaet-der-ukraine\/","og_site_name":"just-now.NEWS Deutschland","article_publisher":"https:\/\/www.facebook.com\/wirmachenauf","article_published_time":"2023-07-03T05:30:42+00:00","og_image":[{"width":460,"height":259,"url":"https:\/\/now-news.de\/de\/wp-content\/uploads\/sites\/3\/2023\/07\/quotBla-bla-blaquot-\u2013-Aussenminister-Kuleba-zu-Orbans-Aeusserungen-ueber.jpg","type":"image\/jpeg"}],"author":"rtnews","twitter_card":"summary_large_image","twitter_creator":"@WirMachenAuf_de","twitter_site":"@WirMachenAuf_de","twitter_misc":{"Verfasst von":"rtnews","Gesch\u00e4tzte Lesezeit":"2\u00a0Minuten"},"schema":{"@context":"https:\/\/schema.org","@graph":[{"@type":"Article","@id":"https:\/\/now-news.de\/de\/deutschland\/bla-bla-bla-aussenminister-kuleba-zu-orbans-aeusserungen-ueber-verlust-der-souveraenitaet-der-ukraine\/#article","isPartOf":{"@id":"https:\/\/now-news.de\/de\/deutschland\/bla-bla-bla-aussenminister-kuleba-zu-orbans-aeusserungen-ueber-verlust-der-souveraenitaet-der-ukraine\/"},"author":{"name":"rtnews","@id":"https:\/\/now-news.de\/de\/#\/schema\/person\/fb534a4e865501d8b3285208df34a9b5"},"headline":"&quot;Bla bla bla&quot; \u2013 Au\u00dfenminister Kuleba zu Orb\u00e1ns \u00c4u\u00dferungen \u00fcber Verlust der Souver\u00e4nit\u00e4t der Ukraine","datePublished":"2023-07-03T05:30:42+00:00","dateModified":"2023-07-03T05:30:42+00:00","mainEntityOfPage":{"@id":"https:\/\/now-news.de\/de\/deutschland\/bla-bla-bla-aussenminister-kuleba-zu-orbans-aeusserungen-ueber-verlust-der-souveraenitaet-der-ukraine\/"},"wordCount":347,"commentCount":0,"publisher":{"@id":"https:\/\/now-news.de\/de\/#organization"},"image":{"@id":"https:\/\/now-news.de\/de\/deutschland\/bla-bla-bla-aussenminister-kuleba-zu-orbans-aeusserungen-ueber-verlust-der-souveraenitaet-der-ukraine\/#primaryimage"},"thumbnailUrl":"https:\/\/now-news.de\/de\/wp-content\/uploads\/sites\/3\/2023\/07\/quotBla-bla-blaquot-\u2013-Aussenminister-Kuleba-zu-Orbans-Aeusserungen-ueber.jpg","keywords":["Au\u00dfenminister","\u00c4u\u00dferungen","bla","blaquot","der","Kuleba","Orb\u00e1ns","quotBla","Souver\u00e4nit\u00e4t","\u00fcber","ukraine","Verlust"],"articleSection":["Deutschland","Russland"],"inLanguage":"de","potentialAction":[{"@type":"CommentAction","name":"Comment","target":["https:\/\/now-news.de\/de\/deutschland\/bla-bla-bla-aussenminister-kuleba-zu-orbans-aeusserungen-ueber-verlust-der-souveraenitaet-der-ukraine\/#respond"]}]},{"@type":"WebPage","@id":"https:\/\/now-news.de\/de\/deutschland\/bla-bla-bla-aussenminister-kuleba-zu-orbans-aeusserungen-ueber-verlust-der-souveraenitaet-der-ukraine\/","url":"https:\/\/now-news.de\/de\/deutschland\/bla-bla-bla-aussenminister-kuleba-zu-orbans-aeusserungen-ueber-verlust-der-souveraenitaet-der-ukraine\/","name":"&quot;Bla bla bla&quot; \u2013 Au\u00dfenminister Kuleba zu Orb\u00e1ns \u00c4u\u00dferungen \u00fcber Verlust der Souver\u00e4nit\u00e4t der Ukraine - just-now.NEWS Deutschland","isPartOf":{"@id":"https:\/\/now-news.de\/de\/#website"},"primaryImageOfPage":{"@id":"https:\/\/now-news.de\/de\/deutschland\/bla-bla-bla-aussenminister-kuleba-zu-orbans-aeusserungen-ueber-verlust-der-souveraenitaet-der-ukraine\/#primaryimage"},"image":{"@id":"https:\/\/now-news.de\/de\/deutschland\/bla-bla-bla-aussenminister-kuleba-zu-orbans-aeusserungen-ueber-verlust-der-souveraenitaet-der-ukraine\/#primaryimage"},"thumbnailUrl":"https:\/\/now-news.de\/de\/wp-content\/uploads\/sites\/3\/2023\/07\/quotBla-bla-blaquot-\u2013-Aussenminister-Kuleba-zu-Orbans-Aeusserungen-ueber.jpg","datePublished":"2023-07-03T05:30:42+00:00","dateModified":"2023-07-03T05:30:42+00:00","breadcrumb":{"@id":"https:\/\/now-news.de\/de\/deutschland\/bla-bla-bla-aussenminister-kuleba-zu-orbans-aeusserungen-ueber-verlust-der-souveraenitaet-der-ukraine\/#breadcrumb"},"inLanguage":"de","potentialAction":[{"@type":"ReadAction","target":["https:\/\/now-news.de\/de\/deutschland\/bla-bla-bla-aussenminister-kuleba-zu-orbans-aeusserungen-ueber-verlust-der-souveraenitaet-der-ukraine\/"]}]},{"@type":"ImageObject","inLanguage":"de","@id":"https:\/\/now-news.de\/de\/deutschland\/bla-bla-bla-aussenminister-kuleba-zu-orbans-aeusserungen-ueber-verlust-der-souveraenitaet-der-ukraine\/#primaryimage","url":"https:\/\/now-news.de\/de\/wp-content\/uploads\/sites\/3\/2023\/07\/quotBla-bla-blaquot-\u2013-Aussenminister-Kuleba-zu-Orbans-Aeusserungen-ueber.jpg","contentUrl":"https:\/\/now-news.de\/de\/wp-content\/uploads\/sites\/3\/2023\/07\/quotBla-bla-blaquot-\u2013-Aussenminister-Kuleba-zu-Orbans-Aeusserungen-ueber.jpg","width":460,"height":259,"caption":"&quot;Bla bla bla&quot; \u2013 Au\u00dfenminister Kuleba zu Orb\u00e1ns \u00c4u\u00dferungen \u00fcber Verlust der Souver\u00e4nit\u00e4t der Ukraine"},{"@type":"BreadcrumbList","@id":"https:\/\/now-news.de\/de\/deutschland\/bla-bla-bla-aussenminister-kuleba-zu-orbans-aeusserungen-ueber-verlust-der-souveraenitaet-der-ukraine\/#breadcrumb","itemListElement":[{"@type":"ListItem","position":1,"name":"Home","item":"https:\/\/now-news.de\/de\/"},{"@type":"ListItem","position":2,"name":"&quot;Bla bla bla&quot; \u2013 Au\u00dfenminister Kuleba zu Orb\u00e1ns \u00c4u\u00dferungen \u00fcber Verlust der Souver\u00e4nit\u00e4t der Ukraine"}]},{"@type":"WebSite","@id":"https:\/\/now-news.de\/de\/#website","url":"https:\/\/now-news.de\/de\/","name":"just-now.NEWS Deutschland","description":"Das Portal f\u00fcr unzensierte Nachrichten aus der Welt","publisher":{"@id":"https:\/\/now-news.de\/de\/#organization"},"potentialAction":[{"@type":"SearchAction","target":{"@type":"EntryPoint","urlTemplate":"https:\/\/now-news.de\/de\/?s={search_term_string}"},"query-input":"required name=search_term_string"}],"inLanguage":"de"},{"@type":"Organization","@id":"https:\/\/now-news.de\/de\/#organization","name":"Just Now News","url":"https:\/\/now-news.de\/de\/","logo":{"@type":"ImageObject","inLanguage":"de","@id":"https:\/\/now-news.de\/de\/#\/schema\/logo\/image\/","url":"http:\/\/just-now.news\/de\/wp-content\/uploads\/sites\/3\/2022\/04\/logo500x500.jpg","contentUrl":"http:\/\/just-now.news\/de\/wp-content\/uploads\/sites\/3\/2022\/04\/logo500x500.jpg","width":500,"height":500,"caption":"Just Now News"},"image":{"@id":"https:\/\/now-news.de\/de\/#\/schema\/logo\/image\/"},"sameAs":["https:\/\/www.facebook.com\/wirmachenauf","https:\/\/x.com\/WirMachenAuf_de"]},{"@type":"Person","@id":"https:\/\/now-news.de\/de\/#\/schema\/person\/fb534a4e865501d8b3285208df34a9b5","name":"rtnews","image":{"@type":"ImageObject","inLanguage":"de","@id":"https:\/\/now-news.de\/de\/#\/schema\/person\/image\/","url":"https:\/\/secure.gravatar.com\/avatar\/82aafea7d8127119dd649515f56e2117?s=96&d=mm&r=g","contentUrl":"https:\/\/secure.gravatar.com\/avatar\/82aafea7d8127119dd649515f56e2117?s=96&d=mm&r=g","caption":"rtnews"},"url":"https:\/\/now-news.de\/de\/author\/rnews\/"}]}},"_links":{"self":[{"href":"https:\/\/now-news.de\/de\/wp-json\/wp\/v2\/posts\/39339"}],"collection":[{"href":"https:\/\/now-news.de\/de\/wp-json\/wp\/v2\/posts"}],"about":[{"href":"https:\/\/now-news.de\/de\/wp-json\/wp\/v2\/types\/post"}],"author":[{"embeddable":true,"href":"https:\/\/now-news.de\/de\/wp-json\/wp\/v2\/users\/3"}],"replies":[{"embeddable":true,"href":"https:\/\/now-news.de\/de\/wp-json\/wp\/v2\/comments?post=39339"}],"version-history":[{"count":0,"href":"https:\/\/now-news.de\/de\/wp-json\/wp\/v2\/posts\/39339\/revisions"}],"wp:featuredmedia":[{"embeddable":true,"href":"https:\/\/now-news.de\/de\/wp-json\/wp\/v2\/media\/39340"}],"wp:attachment":[{"href":"https:\/\/now-news.de\/de\/wp-json\/wp\/v2\/media?parent=39339"}],"wp:term":[{"taxonomy":"category","embeddable":true,"href":"https:\/\/now-news.de\/de\/wp-json\/wp\/v2\/categories?post=39339"},{"taxonomy":"post_tag","embeddable":true,"href":"https:\/\/now-news.de\/de\/wp-json\/wp\/v2\/tags?post=39339"}],"curies":[{"name":"wp","href":"https:\/\/api.w.org\/{rel}","templated":true}]}}