{"id":39291,"date":"2023-07-01T21:46:29","date_gmt":"2023-07-01T19:46:29","guid":{"rendered":"https:\/\/just-now.news\/de\/deutschland\/selenskij-fordert-erfolge-der-ukrainischen-armee-vor-nato-gipfel\/"},"modified":"2023-07-01T21:46:29","modified_gmt":"2023-07-01T19:46:29","slug":"selenskij-fordert-erfolge-der-ukrainischen-armee-vor-nato-gipfel","status":"publish","type":"post","link":"https:\/\/now-news.de\/de\/deutschland\/selenskij-fordert-erfolge-der-ukrainischen-armee-vor-nato-gipfel\/","title":{"rendered":"Selenskij fordert Erfolge der ukrainischen Armee vor NATO-Gipfel"},"content":{"rendered":"<p><img decoding=\"async\" src=\"http:\/\/just-now.news\/de\/wp-content\/uploads\/sites\/3\/2023\/07\/64a05a4048fbef4e464eadb0.jpg\" \/><\/p>\n<div class=\"Text-root Text-type_1 \">\n                Laut Pr\u00e4sident Selenskij muss Kiew in den n\u00e4chsten zehn Tagen &#8220;Ergebnisse auf dem Schlachtfeld&#8221; vorweisen. Westliche Beamte gehen davon aus, dass die Offensive der Ukraine nicht gut l\u00e4uft und weitere Unterst\u00fctzung von ihrem Ergebnis abh\u00e4ngt.\n            <\/div>\n<p><\/p>\n<div class=\"Text-root Text-type_5 ArticleView-text ViewText-root \">\n<p>Im Gespr\u00e4ch mit mehreren spanischen Medien erkl\u00e4rte der ukrainische Staatschef Wladimir Selenskij, Kiew m\u00fcsse noch vor dem Treffen der NATO-Staats- und Regierungschefs am 11. Juli in Vilnius &#8220;Ergebnisse vorweisen&#8221;. Damit meinte er die ukrainische Gegenoffensive gegen Russland. Zugleich r\u00e4umte der Politiker ein, dass &#8220;jeder Kilometer Leben kostet&#8221;.<\/p>\n<p>Selenskij wies darauf hin, dass &#8220;sintflutartige Regenf\u00e4lle einige Prozesse ziemlich verlangsamt haben&#8221;, und forderte westliche Unterst\u00fctzer erneut auf, weiterhin Waffen an die Ukraine zu liefern. Er behauptete auch, dass die Offensivoperationen der Ukraine im letzten Herbst durch das sp\u00e4te Eintreffen der Artillerie untergraben worden seien. Selenskij w\u00f6rtlich:<\/p>\n<blockquote>\n<p><em>&#8220;Wir haben aufgeh\u00f6rt, weil wir nicht vorr\u00fccken konnten. Ein Vorr\u00fccken bedeutete den Verlust von Menschen, und wir hatten keine Artillerie. Wir sind in dieser Hinsicht sehr vorsichtig. Schnelles Handeln ist nicht immer sicher.&#8221;<\/em><\/p>\n<\/blockquote>\n<p>Der ukrainische Pr\u00e4sident wiederholte auch seine langj\u00e4hrige Forderung, dass Kiew endlich in die NATO aufgenommen werden solle. Die NATO ohne die Ukraine sei keine NATO, erkl\u00e4rte er und behauptete, dass es auf dem Kontinent keine anderen Armeen wie die ukrainische gebe, die \u00fcber diese Kampferfahrung verf\u00fcgten.<\/p>\n<p>Zuvor hatte der stellvertretende Leiter des Pr\u00e4sidialamtes, Igor Schowka, davor gewarnt, dass der ukrainische Staatschef dem NATO-Gipfel fernbleiben k\u00f6nne, wenn sich der Block nicht ernsthaft f\u00fcr einen Beitritt Kiews einsetze. Davor hatte Jens Stoltenberg, der Chef des von den USA gef\u00fchrten Milit\u00e4rblocks, erkl\u00e4rt, dass Gespr\u00e4che \u00fcber eine Mitgliedschaft der Ukraine nur unter der Bedingung aufgenommen werden k\u00f6nnten, dass sich die Ukraine gegen Russland durchsetze.<\/p>\n<p><strong>Mehr zum Thema<\/strong> \u2013 <a rel=\"nofollow noopener\" target=\"_blank\" href=\"https:\/\/kurz.rt.com\/3qde\">US-Journalist: An die Ukraine gelieferte Waffen landen bei Kriminellen in Westeuropa<\/a><\/p>\n<\/p>\n<\/div>\n<p><br \/>\n<br \/><a href=\"https:\/\/de.rt.com\/international\/174151-selenskij-rechnet-auf-erfolge-ukrainischen\/\">Source link <\/a><\/p>\n","protected":false},"excerpt":{"rendered":"<p>Laut Pr\u00e4sident Selenskij muss Kiew in den n\u00e4chsten zehn Tagen &#8220;Ergebnisse auf dem Schlachtfeld&#8221; vorweisen. Westliche Beamte gehen davon aus, dass die Offensive der Ukraine nicht gut l\u00e4uft und weitere Unterst\u00fctzung von ihrem Ergebnis abh\u00e4ngt. Im Gespr\u00e4ch mit mehreren spanischen Medien erkl\u00e4rte der ukrainische Staatschef Wladimir Selenskij, Kiew m\u00fcsse noch vor dem Treffen der NATO-Staats- [&hellip;]<\/p>\n","protected":false},"author":3,"featured_media":39292,"comment_status":"open","ping_status":"open","sticky":false,"template":"","format":"standard","meta":{"_yoast_indexnow_last_ping":["1688240952"],"wp_automatic_camp":["217"],"3dd5fc5da454e8607842e5f8c271e24c":["Selenskij fordert Erfolge der ukrainischen Armee vor NATO-Gipfel"],"original_link":["https:\/\/de.rt.com\/international\/174151-selenskij-rechnet-auf-erfolge-ukrainischen\/"],"_thumbnail_id":["39292"],"_wptgpro_p2tg_sent2tg":["a:1:{i:23737;s:19:\"2023-07-01 21:50:38\";}"],"jnews_social_counter_last_update":["1777284829"]},"categories":[19,23],"tags":[2398,82,29201,355,45494,6158,2332,320],"yoast_head":"<!-- This site is optimized with the Yoast SEO Premium plugin v22.7 (Yoast SEO v22.7) - https:\/\/yoast.com\/wordpress\/plugins\/seo\/ -->\n<title>Selenskij fordert Erfolge der ukrainischen Armee vor NATO-Gipfel - just-now.NEWS Deutschland<\/title>\n<meta name=\"robots\" content=\"index, follow, max-snippet:-1, max-image-preview:large, max-video-preview:-1\" \/>\n<link rel=\"canonical\" href=\"https:\/\/now-news.de\/de\/deutschland\/selenskij-fordert-erfolge-der-ukrainischen-armee-vor-nato-gipfel\/\" \/>\n<meta property=\"og:locale\" content=\"de_DE\" \/>\n<meta property=\"og:type\" content=\"article\" \/>\n<meta property=\"og:title\" content=\"Selenskij fordert Erfolge der ukrainischen Armee vor NATO-Gipfel\" \/>\n<meta property=\"og:description\" content=\"Laut Pr\u00e4sident Selenskij muss Kiew in den n\u00e4chsten zehn Tagen &#8220;Ergebnisse auf dem Schlachtfeld&#8221; vorweisen. Westliche Beamte gehen davon aus, dass die Offensive der Ukraine nicht gut l\u00e4uft und weitere Unterst\u00fctzung von ihrem Ergebnis abh\u00e4ngt. Im Gespr\u00e4ch mit mehreren spanischen Medien erkl\u00e4rte der ukrainische Staatschef Wladimir Selenskij, Kiew m\u00fcsse noch vor dem Treffen der NATO-Staats- [&hellip;]\" \/>\n<meta property=\"og:url\" content=\"https:\/\/now-news.de\/de\/deutschland\/selenskij-fordert-erfolge-der-ukrainischen-armee-vor-nato-gipfel\/\" \/>\n<meta property=\"og:site_name\" content=\"just-now.NEWS Deutschland\" \/>\n<meta property=\"article:publisher\" content=\"https:\/\/www.facebook.com\/wirmachenauf\" \/>\n<meta property=\"article:published_time\" content=\"2023-07-01T19:46:29+00:00\" \/>\n<meta property=\"og:image\" content=\"https:\/\/now-news.de\/de\/wp-content\/uploads\/sites\/3\/2023\/07\/Selenskij-fordert-Erfolge-der-ukrainischen-Armee-vor-NATO-Gipfel.jpg\" \/>\n\t<meta property=\"og:image:width\" content=\"460\" \/>\n\t<meta property=\"og:image:height\" content=\"259\" \/>\n\t<meta property=\"og:image:type\" content=\"image\/jpeg\" \/>\n<meta name=\"author\" content=\"rtnews\" \/>\n<meta name=\"twitter:card\" content=\"summary_large_image\" \/>\n<meta name=\"twitter:creator\" content=\"@WirMachenAuf_de\" \/>\n<meta name=\"twitter:site\" content=\"@WirMachenAuf_de\" \/>\n<meta name=\"twitter:label1\" content=\"Verfasst von\" \/>\n\t<meta name=\"twitter:data1\" content=\"rtnews\" \/>\n\t<meta name=\"twitter:label2\" content=\"Gesch\u00e4tzte Lesezeit\" \/>\n\t<meta name=\"twitter:data2\" content=\"2\u00a0Minuten\" \/>\n<script type=\"application\/ld+json\" class=\"yoast-schema-graph\">{\"@context\":\"https:\/\/schema.org\",\"@graph\":[{\"@type\":\"Article\",\"@id\":\"https:\/\/now-news.de\/de\/deutschland\/selenskij-fordert-erfolge-der-ukrainischen-armee-vor-nato-gipfel\/#article\",\"isPartOf\":{\"@id\":\"https:\/\/now-news.de\/de\/deutschland\/selenskij-fordert-erfolge-der-ukrainischen-armee-vor-nato-gipfel\/\"},\"author\":{\"name\":\"rtnews\",\"@id\":\"https:\/\/now-news.de\/de\/#\/schema\/person\/fb534a4e865501d8b3285208df34a9b5\"},\"headline\":\"Selenskij fordert Erfolge der ukrainischen Armee vor NATO-Gipfel\",\"datePublished\":\"2023-07-01T19:46:29+00:00\",\"dateModified\":\"2023-07-01T19:46:29+00:00\",\"mainEntityOfPage\":{\"@id\":\"https:\/\/now-news.de\/de\/deutschland\/selenskij-fordert-erfolge-der-ukrainischen-armee-vor-nato-gipfel\/\"},\"wordCount\":324,\"commentCount\":0,\"publisher\":{\"@id\":\"https:\/\/now-news.de\/de\/#organization\"},\"image\":{\"@id\":\"https:\/\/now-news.de\/de\/deutschland\/selenskij-fordert-erfolge-der-ukrainischen-armee-vor-nato-gipfel\/#primaryimage\"},\"thumbnailUrl\":\"https:\/\/now-news.de\/de\/wp-content\/uploads\/sites\/3\/2023\/07\/Selenskij-fordert-Erfolge-der-ukrainischen-Armee-vor-NATO-Gipfel.jpg\",\"keywords\":[\"Armee\",\"der\",\"Erfolge\",\"fordert\",\"NATOGipfel\",\"Selenskij\",\"ukrainischen\",\"vor\"],\"articleSection\":[\"Deutschland\",\"Russland\"],\"inLanguage\":\"de\",\"potentialAction\":[{\"@type\":\"CommentAction\",\"name\":\"Comment\",\"target\":[\"https:\/\/now-news.de\/de\/deutschland\/selenskij-fordert-erfolge-der-ukrainischen-armee-vor-nato-gipfel\/#respond\"]}]},{\"@type\":\"WebPage\",\"@id\":\"https:\/\/now-news.de\/de\/deutschland\/selenskij-fordert-erfolge-der-ukrainischen-armee-vor-nato-gipfel\/\",\"url\":\"https:\/\/now-news.de\/de\/deutschland\/selenskij-fordert-erfolge-der-ukrainischen-armee-vor-nato-gipfel\/\",\"name\":\"Selenskij fordert Erfolge der ukrainischen Armee vor NATO-Gipfel - just-now.NEWS Deutschland\",\"isPartOf\":{\"@id\":\"https:\/\/now-news.de\/de\/#website\"},\"primaryImageOfPage\":{\"@id\":\"https:\/\/now-news.de\/de\/deutschland\/selenskij-fordert-erfolge-der-ukrainischen-armee-vor-nato-gipfel\/#primaryimage\"},\"image\":{\"@id\":\"https:\/\/now-news.de\/de\/deutschland\/selenskij-fordert-erfolge-der-ukrainischen-armee-vor-nato-gipfel\/#primaryimage\"},\"thumbnailUrl\":\"https:\/\/now-news.de\/de\/wp-content\/uploads\/sites\/3\/2023\/07\/Selenskij-fordert-Erfolge-der-ukrainischen-Armee-vor-NATO-Gipfel.jpg\",\"datePublished\":\"2023-07-01T19:46:29+00:00\",\"dateModified\":\"2023-07-01T19:46:29+00:00\",\"breadcrumb\":{\"@id\":\"https:\/\/now-news.de\/de\/deutschland\/selenskij-fordert-erfolge-der-ukrainischen-armee-vor-nato-gipfel\/#breadcrumb\"},\"inLanguage\":\"de\",\"potentialAction\":[{\"@type\":\"ReadAction\",\"target\":[\"https:\/\/now-news.de\/de\/deutschland\/selenskij-fordert-erfolge-der-ukrainischen-armee-vor-nato-gipfel\/\"]}]},{\"@type\":\"ImageObject\",\"inLanguage\":\"de\",\"@id\":\"https:\/\/now-news.de\/de\/deutschland\/selenskij-fordert-erfolge-der-ukrainischen-armee-vor-nato-gipfel\/#primaryimage\",\"url\":\"https:\/\/now-news.de\/de\/wp-content\/uploads\/sites\/3\/2023\/07\/Selenskij-fordert-Erfolge-der-ukrainischen-Armee-vor-NATO-Gipfel.jpg\",\"contentUrl\":\"https:\/\/now-news.de\/de\/wp-content\/uploads\/sites\/3\/2023\/07\/Selenskij-fordert-Erfolge-der-ukrainischen-Armee-vor-NATO-Gipfel.jpg\",\"width\":460,\"height\":259,\"caption\":\"Selenskij fordert Erfolge der ukrainischen Armee vor NATO-Gipfel\"},{\"@type\":\"BreadcrumbList\",\"@id\":\"https:\/\/now-news.de\/de\/deutschland\/selenskij-fordert-erfolge-der-ukrainischen-armee-vor-nato-gipfel\/#breadcrumb\",\"itemListElement\":[{\"@type\":\"ListItem\",\"position\":1,\"name\":\"Home\",\"item\":\"https:\/\/now-news.de\/de\/\"},{\"@type\":\"ListItem\",\"position\":2,\"name\":\"Selenskij fordert Erfolge der ukrainischen Armee vor NATO-Gipfel\"}]},{\"@type\":\"WebSite\",\"@id\":\"https:\/\/now-news.de\/de\/#website\",\"url\":\"https:\/\/now-news.de\/de\/\",\"name\":\"just-now.NEWS Deutschland\",\"description\":\"Das Portal f\u00fcr unzensierte Nachrichten aus der Welt\",\"publisher\":{\"@id\":\"https:\/\/now-news.de\/de\/#organization\"},\"potentialAction\":[{\"@type\":\"SearchAction\",\"target\":{\"@type\":\"EntryPoint\",\"urlTemplate\":\"https:\/\/now-news.de\/de\/?s={search_term_string}\"},\"query-input\":\"required name=search_term_string\"}],\"inLanguage\":\"de\"},{\"@type\":\"Organization\",\"@id\":\"https:\/\/now-news.de\/de\/#organization\",\"name\":\"Just Now News\",\"url\":\"https:\/\/now-news.de\/de\/\",\"logo\":{\"@type\":\"ImageObject\",\"inLanguage\":\"de\",\"@id\":\"https:\/\/now-news.de\/de\/#\/schema\/logo\/image\/\",\"url\":\"http:\/\/just-now.news\/de\/wp-content\/uploads\/sites\/3\/2022\/04\/logo500x500.jpg\",\"contentUrl\":\"http:\/\/just-now.news\/de\/wp-content\/uploads\/sites\/3\/2022\/04\/logo500x500.jpg\",\"width\":500,\"height\":500,\"caption\":\"Just Now News\"},\"image\":{\"@id\":\"https:\/\/now-news.de\/de\/#\/schema\/logo\/image\/\"},\"sameAs\":[\"https:\/\/www.facebook.com\/wirmachenauf\",\"https:\/\/x.com\/WirMachenAuf_de\"]},{\"@type\":\"Person\",\"@id\":\"https:\/\/now-news.de\/de\/#\/schema\/person\/fb534a4e865501d8b3285208df34a9b5\",\"name\":\"rtnews\",\"image\":{\"@type\":\"ImageObject\",\"inLanguage\":\"de\",\"@id\":\"https:\/\/now-news.de\/de\/#\/schema\/person\/image\/\",\"url\":\"https:\/\/secure.gravatar.com\/avatar\/82aafea7d8127119dd649515f56e2117?s=96&d=mm&r=g\",\"contentUrl\":\"https:\/\/secure.gravatar.com\/avatar\/82aafea7d8127119dd649515f56e2117?s=96&d=mm&r=g\",\"caption\":\"rtnews\"},\"url\":\"https:\/\/now-news.de\/de\/author\/rnews\/\"}]}<\/script>\n<!-- \/ Yoast SEO Premium plugin. -->","yoast_head_json":{"title":"Selenskij fordert Erfolge der ukrainischen Armee vor NATO-Gipfel - just-now.NEWS Deutschland","robots":{"index":"index","follow":"follow","max-snippet":"max-snippet:-1","max-image-preview":"max-image-preview:large","max-video-preview":"max-video-preview:-1"},"canonical":"https:\/\/now-news.de\/de\/deutschland\/selenskij-fordert-erfolge-der-ukrainischen-armee-vor-nato-gipfel\/","og_locale":"de_DE","og_type":"article","og_title":"Selenskij fordert Erfolge der ukrainischen Armee vor NATO-Gipfel","og_description":"Laut Pr\u00e4sident Selenskij muss Kiew in den n\u00e4chsten zehn Tagen &#8220;Ergebnisse auf dem Schlachtfeld&#8221; vorweisen. Westliche Beamte gehen davon aus, dass die Offensive der Ukraine nicht gut l\u00e4uft und weitere Unterst\u00fctzung von ihrem Ergebnis abh\u00e4ngt. Im Gespr\u00e4ch mit mehreren spanischen Medien erkl\u00e4rte der ukrainische Staatschef Wladimir Selenskij, Kiew m\u00fcsse noch vor dem Treffen der NATO-Staats- [&hellip;]","og_url":"https:\/\/now-news.de\/de\/deutschland\/selenskij-fordert-erfolge-der-ukrainischen-armee-vor-nato-gipfel\/","og_site_name":"just-now.NEWS Deutschland","article_publisher":"https:\/\/www.facebook.com\/wirmachenauf","article_published_time":"2023-07-01T19:46:29+00:00","og_image":[{"width":460,"height":259,"url":"https:\/\/now-news.de\/de\/wp-content\/uploads\/sites\/3\/2023\/07\/Selenskij-fordert-Erfolge-der-ukrainischen-Armee-vor-NATO-Gipfel.jpg","type":"image\/jpeg"}],"author":"rtnews","twitter_card":"summary_large_image","twitter_creator":"@WirMachenAuf_de","twitter_site":"@WirMachenAuf_de","twitter_misc":{"Verfasst von":"rtnews","Gesch\u00e4tzte Lesezeit":"2\u00a0Minuten"},"schema":{"@context":"https:\/\/schema.org","@graph":[{"@type":"Article","@id":"https:\/\/now-news.de\/de\/deutschland\/selenskij-fordert-erfolge-der-ukrainischen-armee-vor-nato-gipfel\/#article","isPartOf":{"@id":"https:\/\/now-news.de\/de\/deutschland\/selenskij-fordert-erfolge-der-ukrainischen-armee-vor-nato-gipfel\/"},"author":{"name":"rtnews","@id":"https:\/\/now-news.de\/de\/#\/schema\/person\/fb534a4e865501d8b3285208df34a9b5"},"headline":"Selenskij fordert Erfolge der ukrainischen Armee vor NATO-Gipfel","datePublished":"2023-07-01T19:46:29+00:00","dateModified":"2023-07-01T19:46:29+00:00","mainEntityOfPage":{"@id":"https:\/\/now-news.de\/de\/deutschland\/selenskij-fordert-erfolge-der-ukrainischen-armee-vor-nato-gipfel\/"},"wordCount":324,"commentCount":0,"publisher":{"@id":"https:\/\/now-news.de\/de\/#organization"},"image":{"@id":"https:\/\/now-news.de\/de\/deutschland\/selenskij-fordert-erfolge-der-ukrainischen-armee-vor-nato-gipfel\/#primaryimage"},"thumbnailUrl":"https:\/\/now-news.de\/de\/wp-content\/uploads\/sites\/3\/2023\/07\/Selenskij-fordert-Erfolge-der-ukrainischen-Armee-vor-NATO-Gipfel.jpg","keywords":["Armee","der","Erfolge","fordert","NATOGipfel","Selenskij","ukrainischen","vor"],"articleSection":["Deutschland","Russland"],"inLanguage":"de","potentialAction":[{"@type":"CommentAction","name":"Comment","target":["https:\/\/now-news.de\/de\/deutschland\/selenskij-fordert-erfolge-der-ukrainischen-armee-vor-nato-gipfel\/#respond"]}]},{"@type":"WebPage","@id":"https:\/\/now-news.de\/de\/deutschland\/selenskij-fordert-erfolge-der-ukrainischen-armee-vor-nato-gipfel\/","url":"https:\/\/now-news.de\/de\/deutschland\/selenskij-fordert-erfolge-der-ukrainischen-armee-vor-nato-gipfel\/","name":"Selenskij fordert Erfolge der ukrainischen Armee vor NATO-Gipfel - just-now.NEWS Deutschland","isPartOf":{"@id":"https:\/\/now-news.de\/de\/#website"},"primaryImageOfPage":{"@id":"https:\/\/now-news.de\/de\/deutschland\/selenskij-fordert-erfolge-der-ukrainischen-armee-vor-nato-gipfel\/#primaryimage"},"image":{"@id":"https:\/\/now-news.de\/de\/deutschland\/selenskij-fordert-erfolge-der-ukrainischen-armee-vor-nato-gipfel\/#primaryimage"},"thumbnailUrl":"https:\/\/now-news.de\/de\/wp-content\/uploads\/sites\/3\/2023\/07\/Selenskij-fordert-Erfolge-der-ukrainischen-Armee-vor-NATO-Gipfel.jpg","datePublished":"2023-07-01T19:46:29+00:00","dateModified":"2023-07-01T19:46:29+00:00","breadcrumb":{"@id":"https:\/\/now-news.de\/de\/deutschland\/selenskij-fordert-erfolge-der-ukrainischen-armee-vor-nato-gipfel\/#breadcrumb"},"inLanguage":"de","potentialAction":[{"@type":"ReadAction","target":["https:\/\/now-news.de\/de\/deutschland\/selenskij-fordert-erfolge-der-ukrainischen-armee-vor-nato-gipfel\/"]}]},{"@type":"ImageObject","inLanguage":"de","@id":"https:\/\/now-news.de\/de\/deutschland\/selenskij-fordert-erfolge-der-ukrainischen-armee-vor-nato-gipfel\/#primaryimage","url":"https:\/\/now-news.de\/de\/wp-content\/uploads\/sites\/3\/2023\/07\/Selenskij-fordert-Erfolge-der-ukrainischen-Armee-vor-NATO-Gipfel.jpg","contentUrl":"https:\/\/now-news.de\/de\/wp-content\/uploads\/sites\/3\/2023\/07\/Selenskij-fordert-Erfolge-der-ukrainischen-Armee-vor-NATO-Gipfel.jpg","width":460,"height":259,"caption":"Selenskij fordert Erfolge der ukrainischen Armee vor NATO-Gipfel"},{"@type":"BreadcrumbList","@id":"https:\/\/now-news.de\/de\/deutschland\/selenskij-fordert-erfolge-der-ukrainischen-armee-vor-nato-gipfel\/#breadcrumb","itemListElement":[{"@type":"ListItem","position":1,"name":"Home","item":"https:\/\/now-news.de\/de\/"},{"@type":"ListItem","position":2,"name":"Selenskij fordert Erfolge der ukrainischen Armee vor NATO-Gipfel"}]},{"@type":"WebSite","@id":"https:\/\/now-news.de\/de\/#website","url":"https:\/\/now-news.de\/de\/","name":"just-now.NEWS Deutschland","description":"Das Portal f\u00fcr unzensierte Nachrichten aus der Welt","publisher":{"@id":"https:\/\/now-news.de\/de\/#organization"},"potentialAction":[{"@type":"SearchAction","target":{"@type":"EntryPoint","urlTemplate":"https:\/\/now-news.de\/de\/?s={search_term_string}"},"query-input":"required name=search_term_string"}],"inLanguage":"de"},{"@type":"Organization","@id":"https:\/\/now-news.de\/de\/#organization","name":"Just Now News","url":"https:\/\/now-news.de\/de\/","logo":{"@type":"ImageObject","inLanguage":"de","@id":"https:\/\/now-news.de\/de\/#\/schema\/logo\/image\/","url":"http:\/\/just-now.news\/de\/wp-content\/uploads\/sites\/3\/2022\/04\/logo500x500.jpg","contentUrl":"http:\/\/just-now.news\/de\/wp-content\/uploads\/sites\/3\/2022\/04\/logo500x500.jpg","width":500,"height":500,"caption":"Just Now News"},"image":{"@id":"https:\/\/now-news.de\/de\/#\/schema\/logo\/image\/"},"sameAs":["https:\/\/www.facebook.com\/wirmachenauf","https:\/\/x.com\/WirMachenAuf_de"]},{"@type":"Person","@id":"https:\/\/now-news.de\/de\/#\/schema\/person\/fb534a4e865501d8b3285208df34a9b5","name":"rtnews","image":{"@type":"ImageObject","inLanguage":"de","@id":"https:\/\/now-news.de\/de\/#\/schema\/person\/image\/","url":"https:\/\/secure.gravatar.com\/avatar\/82aafea7d8127119dd649515f56e2117?s=96&d=mm&r=g","contentUrl":"https:\/\/secure.gravatar.com\/avatar\/82aafea7d8127119dd649515f56e2117?s=96&d=mm&r=g","caption":"rtnews"},"url":"https:\/\/now-news.de\/de\/author\/rnews\/"}]}},"_links":{"self":[{"href":"https:\/\/now-news.de\/de\/wp-json\/wp\/v2\/posts\/39291"}],"collection":[{"href":"https:\/\/now-news.de\/de\/wp-json\/wp\/v2\/posts"}],"about":[{"href":"https:\/\/now-news.de\/de\/wp-json\/wp\/v2\/types\/post"}],"author":[{"embeddable":true,"href":"https:\/\/now-news.de\/de\/wp-json\/wp\/v2\/users\/3"}],"replies":[{"embeddable":true,"href":"https:\/\/now-news.de\/de\/wp-json\/wp\/v2\/comments?post=39291"}],"version-history":[{"count":0,"href":"https:\/\/now-news.de\/de\/wp-json\/wp\/v2\/posts\/39291\/revisions"}],"wp:featuredmedia":[{"embeddable":true,"href":"https:\/\/now-news.de\/de\/wp-json\/wp\/v2\/media\/39292"}],"wp:attachment":[{"href":"https:\/\/now-news.de\/de\/wp-json\/wp\/v2\/media?parent=39291"}],"wp:term":[{"taxonomy":"category","embeddable":true,"href":"https:\/\/now-news.de\/de\/wp-json\/wp\/v2\/categories?post=39291"},{"taxonomy":"post_tag","embeddable":true,"href":"https:\/\/now-news.de\/de\/wp-json\/wp\/v2\/tags?post=39291"}],"curies":[{"name":"wp","href":"https:\/\/api.w.org\/{rel}","templated":true}]}}