{"id":39256,"date":"2023-06-30T21:51:24","date_gmt":"2023-06-30T19:51:24","guid":{"rendered":"https:\/\/just-now.news\/de\/deutschland\/verfahren-eingestellt-corona-bussgelder-fuer-demonstranten-werden-aufgehoben\/"},"modified":"2023-06-30T21:51:24","modified_gmt":"2023-06-30T19:51:24","slug":"verfahren-eingestellt-corona-bussgelder-fuer-demonstranten-werden-aufgehoben","status":"publish","type":"post","link":"https:\/\/now-news.de\/de\/deutschland\/verfahren-eingestellt-corona-bussgelder-fuer-demonstranten-werden-aufgehoben\/","title":{"rendered":"Verfahren eingestellt: Corona-Bu\u00dfgelder f\u00fcr Demonstranten werden aufgehoben"},"content":{"rendered":"<p><img decoding=\"async\" src=\"http:\/\/just-now.news\/de\/wp-content\/uploads\/sites\/3\/2023\/06\/649eecc0b480cc0aa16e90e4.JPG\" \/><\/p>\n<div class=\"Text-root Text-type_1 \">\n                Ein Amtsrichter in Sachsen stellte zugunsten eines Kl\u00e4gers dessen Bu\u00dfgeldverfahren ein, der im Mai 2020 an einer angeblich verbotenen Demonstration teilgenommen hatte. Die Demonstrationsverbote seien unverh\u00e4ltnism\u00e4\u00dfig, hatte das Bundesverwaltungsgericht in der letzten Woche entschieden. Jetzt sollen alle diesbez\u00fcglichen Verfahren eingestellt werden.\n            <\/div>\n<p><\/p>\n<div class=\"Text-root Text-type_5 ArticleView-text ViewText-root \">\n<p>Ab sofort m\u00fcssten Corona-Bu\u00dfgelder nicht mehr bezahlt werden. Wie die <em>BILD<\/em> am Mittwoch <a rel=\"nofollow noopener\" target=\"_blank\" href=\"https:\/\/www.bild.de\/regional\/chemnitz\/chemnitz-news\/gericht-in-sachsen-corona-bussgelder-muessen-nicht-gezahlt-werden-84490672.bild.html\">berichtete<\/a>, hat das Amtsgericht Aue-Bad Schlema im s\u00e4chsischen Erzgebirgskreis am 28.Juni das Verfahren gegen den Kl\u00e4ger Lars Bochmann eingestellt.<\/p>\n<p>Bochmann war wegen seiner Teilnahme an einer Demonstration im Mai 2020 ein Bu\u00dfgeld von 150 Euro auferlegt worden. Die Strafe habe er bekommen, weil er gegen die seit April 2020 in Kraft getretene Corona-Schutzverordnung versto\u00dfen haben soll. Nach der Verordnung war die Teilnahme an Versammlungen in dieser Zeit generell verboten. Der Versammlungsteilnehmer hatte sich bislang geweigert, diese Ordnungsstrafe zu bezahlen, sondern hatte vielmehr sogar noch dagegen geklagt.<\/p>\n<p>In der vergangenen Woche gab es jedoch zum generellen Versammlungsverbot eine h\u00f6chstrichterliche Entscheidung am Bundesverwaltungsgericht (BVerwG) in Leipzig. Ein B\u00fcrger hatte das Verbot bis zur letzten Instanz angefochten. Nach der Entscheidung des BVerwG vom 21. Juni war das generelle Versammlungsverbot unverh\u00e4ltnism\u00e4\u00dfig. Der diesbez\u00fcgliche Teil der s\u00e4chsischen Corona-Verordnung sei deshalb im Nachhinein als unwirksam einzustufen. In der <a rel=\"nofollow noopener\" target=\"_blank\" href=\"https:\/\/www.bverwg.de\/pm\/2023\/49\">Pressemitteilung<\/a> des Bundesverwaltungsgerichts hei\u00dft es dazu:<\/p>\n<p>&#8220;Die Untersagung aller Versammlungen durch \u00a7\u00a03\u00a0Abs.\u00a01 S\u00e4chsCoronaSchVO war ein schwerer Eingriff in die Versammlungsfreiheit (Art.\u00a08\u00a0Abs.\u00a01 GG*), die f\u00fcr eine freiheitlich-demokratische Grundordnung konstituierend ist. Der Ausnahmevorbehalt in \u00a7\u00a03\u00a0Abs.\u00a03 S\u00e4chsCoronaSchVO minderte das Gewicht des Eingriffs nur unwesentlich.&#8221;<\/p>\n<p>An diesem BVerwG-Urteil orientierte sich nun am Mittwoch auch der Amtsrichter Detlef Kramer in Aue-Bad Schlema. Er erkl\u00e4rte zu dem Verfahren \u00fcber das Bu\u00dfgeld von Lars Bochmann:<\/p>\n<blockquote>\n<p><em>&#8220;Im Hinblick auf die Entscheidung des Bundesverwaltungsgerichtes letzte Woche in Leipzig stelle ich das Verfahren ein.&#8221;<\/em><\/p>\n<\/blockquote>\n<p>Entstandene Kosten w\u00fcrde die Staatskasse \u00fcbernehmen. Wer bislang das Bu\u00dfgeld nicht bezahlt habe und Widerspruch eingelegt h\u00e4tte, brauche es von jetzt an nicht mehr zu bezahlen. Das habe das s\u00e4chsische Justizministerium auf Nachfrage der <em>BILD<\/em>-Zeitung best\u00e4tigt.<\/p>\n<p><strong>Mehr zum Thema<\/strong> &#8211;\u00a0<a rel=\"nofollow noopener\" target=\"_blank\" href=\"https:\/\/pressefreiheit.rtde.life\/inland\/130769-autoritares-staatsverstandnis-ostfildern-untersagt-demos\/\">Unter Androhung von &#8220;Waffengewalt&#8221; \u2013 Stadt Ostfildern verbietet Demos gegen Corona-Regeln<\/a>\u00a0<\/p>\n<\/div>\n<p><br \/>\n<br \/><a href=\"https:\/\/de.rt.com\/inland\/174075-verfahren-eingestellt-corona-bussgelder-fuer\/\">Source link <\/a><\/p>\n","protected":false},"excerpt":{"rendered":"<p>Ein Amtsrichter in Sachsen stellte zugunsten eines Kl\u00e4gers dessen Bu\u00dfgeldverfahren ein, der im Mai 2020 an einer angeblich verbotenen Demonstration teilgenommen hatte. Die Demonstrationsverbote seien unverh\u00e4ltnism\u00e4\u00dfig, hatte das Bundesverwaltungsgericht in der letzten Woche entschieden. Jetzt sollen alle diesbez\u00fcglichen Verfahren eingestellt werden. Ab sofort m\u00fcssten Corona-Bu\u00dfgelder nicht mehr bezahlt werden. Wie die BILD am Mittwoch berichtete, [&hellip;]<\/p>\n","protected":false},"author":3,"featured_media":39257,"comment_status":"open","ping_status":"open","sticky":false,"template":"","format":"standard","meta":{"_yoast_indexnow_last_ping":["1688155207"],"wp_automatic_camp":["217"],"595d1d8887553a758619309d2c041483":["Verfahren eingestellt: Corona-Bu\u00dfgelder f\u00fcr Demonstranten werden aufgehoben"],"original_link":["https:\/\/de.rt.com\/inland\/174075-verfahren-eingestellt-corona-bussgelder-fuer\/"],"_thumbnail_id":["39257"],"_wptgpro_p2tg_sent2tg":["a:1:{i:23737;s:19:\"2023-06-30 22:01:21\";}"],"jnews_social_counter_last_update":["1777612549"]},"categories":[19,23],"tags":[3952,46257,15786,21179,221,24663,1040],"yoast_head":"<!-- This site is optimized with the Yoast SEO Premium plugin v22.7 (Yoast SEO v22.7) - https:\/\/yoast.com\/wordpress\/plugins\/seo\/ -->\n<title>Verfahren eingestellt: Corona-Bu\u00dfgelder f\u00fcr Demonstranten werden aufgehoben - just-now.NEWS Deutschland<\/title>\n<meta name=\"robots\" content=\"index, follow, max-snippet:-1, max-image-preview:large, max-video-preview:-1\" \/>\n<link rel=\"canonical\" href=\"https:\/\/now-news.de\/de\/deutschland\/verfahren-eingestellt-corona-bussgelder-fuer-demonstranten-werden-aufgehoben\/\" \/>\n<meta property=\"og:locale\" content=\"de_DE\" \/>\n<meta property=\"og:type\" content=\"article\" \/>\n<meta property=\"og:title\" content=\"Verfahren eingestellt: Corona-Bu\u00dfgelder f\u00fcr Demonstranten werden aufgehoben\" \/>\n<meta property=\"og:description\" content=\"Ein Amtsrichter in Sachsen stellte zugunsten eines Kl\u00e4gers dessen Bu\u00dfgeldverfahren ein, der im Mai 2020 an einer angeblich verbotenen Demonstration teilgenommen hatte. Die Demonstrationsverbote seien unverh\u00e4ltnism\u00e4\u00dfig, hatte das Bundesverwaltungsgericht in der letzten Woche entschieden. Jetzt sollen alle diesbez\u00fcglichen Verfahren eingestellt werden. Ab sofort m\u00fcssten Corona-Bu\u00dfgelder nicht mehr bezahlt werden. Wie die BILD am Mittwoch berichtete, [&hellip;]\" \/>\n<meta property=\"og:url\" content=\"https:\/\/now-news.de\/de\/deutschland\/verfahren-eingestellt-corona-bussgelder-fuer-demonstranten-werden-aufgehoben\/\" \/>\n<meta property=\"og:site_name\" content=\"just-now.NEWS Deutschland\" \/>\n<meta property=\"article:publisher\" content=\"https:\/\/www.facebook.com\/wirmachenauf\" \/>\n<meta property=\"article:published_time\" content=\"2023-06-30T19:51:24+00:00\" \/>\n<meta property=\"og:image\" content=\"https:\/\/now-news.de\/de\/wp-content\/uploads\/sites\/3\/2023\/06\/Verfahren-eingestellt-Corona-Bussgelder-fuer-Demonstranten-werden-aufgehoben.JPG\" \/>\n\t<meta property=\"og:image:width\" content=\"460\" \/>\n\t<meta property=\"og:image:height\" content=\"259\" \/>\n\t<meta property=\"og:image:type\" content=\"image\/jpeg\" \/>\n<meta name=\"author\" content=\"rtnews\" \/>\n<meta name=\"twitter:card\" content=\"summary_large_image\" \/>\n<meta name=\"twitter:creator\" content=\"@WirMachenAuf_de\" \/>\n<meta name=\"twitter:site\" content=\"@WirMachenAuf_de\" \/>\n<meta name=\"twitter:label1\" content=\"Verfasst von\" \/>\n\t<meta name=\"twitter:data1\" content=\"rtnews\" \/>\n\t<meta name=\"twitter:label2\" content=\"Gesch\u00e4tzte Lesezeit\" \/>\n\t<meta name=\"twitter:data2\" content=\"2\u00a0Minuten\" \/>\n<script type=\"application\/ld+json\" class=\"yoast-schema-graph\">{\"@context\":\"https:\/\/schema.org\",\"@graph\":[{\"@type\":\"Article\",\"@id\":\"https:\/\/now-news.de\/de\/deutschland\/verfahren-eingestellt-corona-bussgelder-fuer-demonstranten-werden-aufgehoben\/#article\",\"isPartOf\":{\"@id\":\"https:\/\/now-news.de\/de\/deutschland\/verfahren-eingestellt-corona-bussgelder-fuer-demonstranten-werden-aufgehoben\/\"},\"author\":{\"name\":\"rtnews\",\"@id\":\"https:\/\/now-news.de\/de\/#\/schema\/person\/fb534a4e865501d8b3285208df34a9b5\"},\"headline\":\"Verfahren eingestellt: Corona-Bu\u00dfgelder f\u00fcr Demonstranten werden aufgehoben\",\"datePublished\":\"2023-06-30T19:51:24+00:00\",\"dateModified\":\"2023-06-30T19:51:24+00:00\",\"mainEntityOfPage\":{\"@id\":\"https:\/\/now-news.de\/de\/deutschland\/verfahren-eingestellt-corona-bussgelder-fuer-demonstranten-werden-aufgehoben\/\"},\"wordCount\":366,\"commentCount\":0,\"publisher\":{\"@id\":\"https:\/\/now-news.de\/de\/#organization\"},\"image\":{\"@id\":\"https:\/\/now-news.de\/de\/deutschland\/verfahren-eingestellt-corona-bussgelder-fuer-demonstranten-werden-aufgehoben\/#primaryimage\"},\"thumbnailUrl\":\"https:\/\/now-news.de\/de\/wp-content\/uploads\/sites\/3\/2023\/06\/Verfahren-eingestellt-Corona-Bussgelder-fuer-Demonstranten-werden-aufgehoben.JPG\",\"keywords\":[\"aufgehoben\",\"CoronaBu\u00dfgelder\",\"Demonstranten\",\"eingestellt\",\"f\u00fcr\",\"Verfahren\",\"Werden\"],\"articleSection\":[\"Deutschland\",\"Russland\"],\"inLanguage\":\"de\",\"potentialAction\":[{\"@type\":\"CommentAction\",\"name\":\"Comment\",\"target\":[\"https:\/\/now-news.de\/de\/deutschland\/verfahren-eingestellt-corona-bussgelder-fuer-demonstranten-werden-aufgehoben\/#respond\"]}]},{\"@type\":\"WebPage\",\"@id\":\"https:\/\/now-news.de\/de\/deutschland\/verfahren-eingestellt-corona-bussgelder-fuer-demonstranten-werden-aufgehoben\/\",\"url\":\"https:\/\/now-news.de\/de\/deutschland\/verfahren-eingestellt-corona-bussgelder-fuer-demonstranten-werden-aufgehoben\/\",\"name\":\"Verfahren eingestellt: Corona-Bu\u00dfgelder f\u00fcr Demonstranten werden aufgehoben - just-now.NEWS Deutschland\",\"isPartOf\":{\"@id\":\"https:\/\/now-news.de\/de\/#website\"},\"primaryImageOfPage\":{\"@id\":\"https:\/\/now-news.de\/de\/deutschland\/verfahren-eingestellt-corona-bussgelder-fuer-demonstranten-werden-aufgehoben\/#primaryimage\"},\"image\":{\"@id\":\"https:\/\/now-news.de\/de\/deutschland\/verfahren-eingestellt-corona-bussgelder-fuer-demonstranten-werden-aufgehoben\/#primaryimage\"},\"thumbnailUrl\":\"https:\/\/now-news.de\/de\/wp-content\/uploads\/sites\/3\/2023\/06\/Verfahren-eingestellt-Corona-Bussgelder-fuer-Demonstranten-werden-aufgehoben.JPG\",\"datePublished\":\"2023-06-30T19:51:24+00:00\",\"dateModified\":\"2023-06-30T19:51:24+00:00\",\"breadcrumb\":{\"@id\":\"https:\/\/now-news.de\/de\/deutschland\/verfahren-eingestellt-corona-bussgelder-fuer-demonstranten-werden-aufgehoben\/#breadcrumb\"},\"inLanguage\":\"de\",\"potentialAction\":[{\"@type\":\"ReadAction\",\"target\":[\"https:\/\/now-news.de\/de\/deutschland\/verfahren-eingestellt-corona-bussgelder-fuer-demonstranten-werden-aufgehoben\/\"]}]},{\"@type\":\"ImageObject\",\"inLanguage\":\"de\",\"@id\":\"https:\/\/now-news.de\/de\/deutschland\/verfahren-eingestellt-corona-bussgelder-fuer-demonstranten-werden-aufgehoben\/#primaryimage\",\"url\":\"https:\/\/now-news.de\/de\/wp-content\/uploads\/sites\/3\/2023\/06\/Verfahren-eingestellt-Corona-Bussgelder-fuer-Demonstranten-werden-aufgehoben.JPG\",\"contentUrl\":\"https:\/\/now-news.de\/de\/wp-content\/uploads\/sites\/3\/2023\/06\/Verfahren-eingestellt-Corona-Bussgelder-fuer-Demonstranten-werden-aufgehoben.JPG\",\"width\":460,\"height\":259,\"caption\":\"Verfahren eingestellt: Corona-Bu\u00dfgelder f\u00fcr Demonstranten werden aufgehoben\"},{\"@type\":\"BreadcrumbList\",\"@id\":\"https:\/\/now-news.de\/de\/deutschland\/verfahren-eingestellt-corona-bussgelder-fuer-demonstranten-werden-aufgehoben\/#breadcrumb\",\"itemListElement\":[{\"@type\":\"ListItem\",\"position\":1,\"name\":\"Home\",\"item\":\"https:\/\/now-news.de\/de\/\"},{\"@type\":\"ListItem\",\"position\":2,\"name\":\"Verfahren eingestellt: Corona-Bu\u00dfgelder f\u00fcr Demonstranten werden aufgehoben\"}]},{\"@type\":\"WebSite\",\"@id\":\"https:\/\/now-news.de\/de\/#website\",\"url\":\"https:\/\/now-news.de\/de\/\",\"name\":\"just-now.NEWS Deutschland\",\"description\":\"Das Portal f\u00fcr unzensierte Nachrichten aus der Welt\",\"publisher\":{\"@id\":\"https:\/\/now-news.de\/de\/#organization\"},\"potentialAction\":[{\"@type\":\"SearchAction\",\"target\":{\"@type\":\"EntryPoint\",\"urlTemplate\":\"https:\/\/now-news.de\/de\/?s={search_term_string}\"},\"query-input\":\"required name=search_term_string\"}],\"inLanguage\":\"de\"},{\"@type\":\"Organization\",\"@id\":\"https:\/\/now-news.de\/de\/#organization\",\"name\":\"Just Now News\",\"url\":\"https:\/\/now-news.de\/de\/\",\"logo\":{\"@type\":\"ImageObject\",\"inLanguage\":\"de\",\"@id\":\"https:\/\/now-news.de\/de\/#\/schema\/logo\/image\/\",\"url\":\"http:\/\/just-now.news\/de\/wp-content\/uploads\/sites\/3\/2022\/04\/logo500x500.jpg\",\"contentUrl\":\"http:\/\/just-now.news\/de\/wp-content\/uploads\/sites\/3\/2022\/04\/logo500x500.jpg\",\"width\":500,\"height\":500,\"caption\":\"Just Now News\"},\"image\":{\"@id\":\"https:\/\/now-news.de\/de\/#\/schema\/logo\/image\/\"},\"sameAs\":[\"https:\/\/www.facebook.com\/wirmachenauf\",\"https:\/\/x.com\/WirMachenAuf_de\"]},{\"@type\":\"Person\",\"@id\":\"https:\/\/now-news.de\/de\/#\/schema\/person\/fb534a4e865501d8b3285208df34a9b5\",\"name\":\"rtnews\",\"image\":{\"@type\":\"ImageObject\",\"inLanguage\":\"de\",\"@id\":\"https:\/\/now-news.de\/de\/#\/schema\/person\/image\/\",\"url\":\"https:\/\/secure.gravatar.com\/avatar\/82aafea7d8127119dd649515f56e2117?s=96&d=mm&r=g\",\"contentUrl\":\"https:\/\/secure.gravatar.com\/avatar\/82aafea7d8127119dd649515f56e2117?s=96&d=mm&r=g\",\"caption\":\"rtnews\"},\"url\":\"https:\/\/now-news.de\/de\/author\/rnews\/\"}]}<\/script>\n<!-- \/ Yoast SEO Premium plugin. -->","yoast_head_json":{"title":"Verfahren eingestellt: Corona-Bu\u00dfgelder f\u00fcr Demonstranten werden aufgehoben - just-now.NEWS Deutschland","robots":{"index":"index","follow":"follow","max-snippet":"max-snippet:-1","max-image-preview":"max-image-preview:large","max-video-preview":"max-video-preview:-1"},"canonical":"https:\/\/now-news.de\/de\/deutschland\/verfahren-eingestellt-corona-bussgelder-fuer-demonstranten-werden-aufgehoben\/","og_locale":"de_DE","og_type":"article","og_title":"Verfahren eingestellt: Corona-Bu\u00dfgelder f\u00fcr Demonstranten werden aufgehoben","og_description":"Ein Amtsrichter in Sachsen stellte zugunsten eines Kl\u00e4gers dessen Bu\u00dfgeldverfahren ein, der im Mai 2020 an einer angeblich verbotenen Demonstration teilgenommen hatte. Die Demonstrationsverbote seien unverh\u00e4ltnism\u00e4\u00dfig, hatte das Bundesverwaltungsgericht in der letzten Woche entschieden. Jetzt sollen alle diesbez\u00fcglichen Verfahren eingestellt werden. Ab sofort m\u00fcssten Corona-Bu\u00dfgelder nicht mehr bezahlt werden. Wie die BILD am Mittwoch berichtete, [&hellip;]","og_url":"https:\/\/now-news.de\/de\/deutschland\/verfahren-eingestellt-corona-bussgelder-fuer-demonstranten-werden-aufgehoben\/","og_site_name":"just-now.NEWS Deutschland","article_publisher":"https:\/\/www.facebook.com\/wirmachenauf","article_published_time":"2023-06-30T19:51:24+00:00","og_image":[{"width":460,"height":259,"url":"https:\/\/now-news.de\/de\/wp-content\/uploads\/sites\/3\/2023\/06\/Verfahren-eingestellt-Corona-Bussgelder-fuer-Demonstranten-werden-aufgehoben.JPG","type":"image\/jpeg"}],"author":"rtnews","twitter_card":"summary_large_image","twitter_creator":"@WirMachenAuf_de","twitter_site":"@WirMachenAuf_de","twitter_misc":{"Verfasst von":"rtnews","Gesch\u00e4tzte Lesezeit":"2\u00a0Minuten"},"schema":{"@context":"https:\/\/schema.org","@graph":[{"@type":"Article","@id":"https:\/\/now-news.de\/de\/deutschland\/verfahren-eingestellt-corona-bussgelder-fuer-demonstranten-werden-aufgehoben\/#article","isPartOf":{"@id":"https:\/\/now-news.de\/de\/deutschland\/verfahren-eingestellt-corona-bussgelder-fuer-demonstranten-werden-aufgehoben\/"},"author":{"name":"rtnews","@id":"https:\/\/now-news.de\/de\/#\/schema\/person\/fb534a4e865501d8b3285208df34a9b5"},"headline":"Verfahren eingestellt: Corona-Bu\u00dfgelder f\u00fcr Demonstranten werden aufgehoben","datePublished":"2023-06-30T19:51:24+00:00","dateModified":"2023-06-30T19:51:24+00:00","mainEntityOfPage":{"@id":"https:\/\/now-news.de\/de\/deutschland\/verfahren-eingestellt-corona-bussgelder-fuer-demonstranten-werden-aufgehoben\/"},"wordCount":366,"commentCount":0,"publisher":{"@id":"https:\/\/now-news.de\/de\/#organization"},"image":{"@id":"https:\/\/now-news.de\/de\/deutschland\/verfahren-eingestellt-corona-bussgelder-fuer-demonstranten-werden-aufgehoben\/#primaryimage"},"thumbnailUrl":"https:\/\/now-news.de\/de\/wp-content\/uploads\/sites\/3\/2023\/06\/Verfahren-eingestellt-Corona-Bussgelder-fuer-Demonstranten-werden-aufgehoben.JPG","keywords":["aufgehoben","CoronaBu\u00dfgelder","Demonstranten","eingestellt","f\u00fcr","Verfahren","Werden"],"articleSection":["Deutschland","Russland"],"inLanguage":"de","potentialAction":[{"@type":"CommentAction","name":"Comment","target":["https:\/\/now-news.de\/de\/deutschland\/verfahren-eingestellt-corona-bussgelder-fuer-demonstranten-werden-aufgehoben\/#respond"]}]},{"@type":"WebPage","@id":"https:\/\/now-news.de\/de\/deutschland\/verfahren-eingestellt-corona-bussgelder-fuer-demonstranten-werden-aufgehoben\/","url":"https:\/\/now-news.de\/de\/deutschland\/verfahren-eingestellt-corona-bussgelder-fuer-demonstranten-werden-aufgehoben\/","name":"Verfahren eingestellt: Corona-Bu\u00dfgelder f\u00fcr Demonstranten werden aufgehoben - just-now.NEWS Deutschland","isPartOf":{"@id":"https:\/\/now-news.de\/de\/#website"},"primaryImageOfPage":{"@id":"https:\/\/now-news.de\/de\/deutschland\/verfahren-eingestellt-corona-bussgelder-fuer-demonstranten-werden-aufgehoben\/#primaryimage"},"image":{"@id":"https:\/\/now-news.de\/de\/deutschland\/verfahren-eingestellt-corona-bussgelder-fuer-demonstranten-werden-aufgehoben\/#primaryimage"},"thumbnailUrl":"https:\/\/now-news.de\/de\/wp-content\/uploads\/sites\/3\/2023\/06\/Verfahren-eingestellt-Corona-Bussgelder-fuer-Demonstranten-werden-aufgehoben.JPG","datePublished":"2023-06-30T19:51:24+00:00","dateModified":"2023-06-30T19:51:24+00:00","breadcrumb":{"@id":"https:\/\/now-news.de\/de\/deutschland\/verfahren-eingestellt-corona-bussgelder-fuer-demonstranten-werden-aufgehoben\/#breadcrumb"},"inLanguage":"de","potentialAction":[{"@type":"ReadAction","target":["https:\/\/now-news.de\/de\/deutschland\/verfahren-eingestellt-corona-bussgelder-fuer-demonstranten-werden-aufgehoben\/"]}]},{"@type":"ImageObject","inLanguage":"de","@id":"https:\/\/now-news.de\/de\/deutschland\/verfahren-eingestellt-corona-bussgelder-fuer-demonstranten-werden-aufgehoben\/#primaryimage","url":"https:\/\/now-news.de\/de\/wp-content\/uploads\/sites\/3\/2023\/06\/Verfahren-eingestellt-Corona-Bussgelder-fuer-Demonstranten-werden-aufgehoben.JPG","contentUrl":"https:\/\/now-news.de\/de\/wp-content\/uploads\/sites\/3\/2023\/06\/Verfahren-eingestellt-Corona-Bussgelder-fuer-Demonstranten-werden-aufgehoben.JPG","width":460,"height":259,"caption":"Verfahren eingestellt: Corona-Bu\u00dfgelder f\u00fcr Demonstranten werden aufgehoben"},{"@type":"BreadcrumbList","@id":"https:\/\/now-news.de\/de\/deutschland\/verfahren-eingestellt-corona-bussgelder-fuer-demonstranten-werden-aufgehoben\/#breadcrumb","itemListElement":[{"@type":"ListItem","position":1,"name":"Home","item":"https:\/\/now-news.de\/de\/"},{"@type":"ListItem","position":2,"name":"Verfahren eingestellt: Corona-Bu\u00dfgelder f\u00fcr Demonstranten werden aufgehoben"}]},{"@type":"WebSite","@id":"https:\/\/now-news.de\/de\/#website","url":"https:\/\/now-news.de\/de\/","name":"just-now.NEWS Deutschland","description":"Das Portal f\u00fcr unzensierte Nachrichten aus der Welt","publisher":{"@id":"https:\/\/now-news.de\/de\/#organization"},"potentialAction":[{"@type":"SearchAction","target":{"@type":"EntryPoint","urlTemplate":"https:\/\/now-news.de\/de\/?s={search_term_string}"},"query-input":"required name=search_term_string"}],"inLanguage":"de"},{"@type":"Organization","@id":"https:\/\/now-news.de\/de\/#organization","name":"Just Now News","url":"https:\/\/now-news.de\/de\/","logo":{"@type":"ImageObject","inLanguage":"de","@id":"https:\/\/now-news.de\/de\/#\/schema\/logo\/image\/","url":"http:\/\/just-now.news\/de\/wp-content\/uploads\/sites\/3\/2022\/04\/logo500x500.jpg","contentUrl":"http:\/\/just-now.news\/de\/wp-content\/uploads\/sites\/3\/2022\/04\/logo500x500.jpg","width":500,"height":500,"caption":"Just Now News"},"image":{"@id":"https:\/\/now-news.de\/de\/#\/schema\/logo\/image\/"},"sameAs":["https:\/\/www.facebook.com\/wirmachenauf","https:\/\/x.com\/WirMachenAuf_de"]},{"@type":"Person","@id":"https:\/\/now-news.de\/de\/#\/schema\/person\/fb534a4e865501d8b3285208df34a9b5","name":"rtnews","image":{"@type":"ImageObject","inLanguage":"de","@id":"https:\/\/now-news.de\/de\/#\/schema\/person\/image\/","url":"https:\/\/secure.gravatar.com\/avatar\/82aafea7d8127119dd649515f56e2117?s=96&d=mm&r=g","contentUrl":"https:\/\/secure.gravatar.com\/avatar\/82aafea7d8127119dd649515f56e2117?s=96&d=mm&r=g","caption":"rtnews"},"url":"https:\/\/now-news.de\/de\/author\/rnews\/"}]}},"_links":{"self":[{"href":"https:\/\/now-news.de\/de\/wp-json\/wp\/v2\/posts\/39256"}],"collection":[{"href":"https:\/\/now-news.de\/de\/wp-json\/wp\/v2\/posts"}],"about":[{"href":"https:\/\/now-news.de\/de\/wp-json\/wp\/v2\/types\/post"}],"author":[{"embeddable":true,"href":"https:\/\/now-news.de\/de\/wp-json\/wp\/v2\/users\/3"}],"replies":[{"embeddable":true,"href":"https:\/\/now-news.de\/de\/wp-json\/wp\/v2\/comments?post=39256"}],"version-history":[{"count":0,"href":"https:\/\/now-news.de\/de\/wp-json\/wp\/v2\/posts\/39256\/revisions"}],"wp:featuredmedia":[{"embeddable":true,"href":"https:\/\/now-news.de\/de\/wp-json\/wp\/v2\/media\/39257"}],"wp:attachment":[{"href":"https:\/\/now-news.de\/de\/wp-json\/wp\/v2\/media?parent=39256"}],"wp:term":[{"taxonomy":"category","embeddable":true,"href":"https:\/\/now-news.de\/de\/wp-json\/wp\/v2\/categories?post=39256"},{"taxonomy":"post_tag","embeddable":true,"href":"https:\/\/now-news.de\/de\/wp-json\/wp\/v2\/tags?post=39256"}],"curies":[{"name":"wp","href":"https:\/\/api.w.org\/{rel}","templated":true}]}}