{"id":39234,"date":"2023-06-30T17:24:26","date_gmt":"2023-06-30T15:24:26","guid":{"rendered":"https:\/\/just-now.news\/de\/deutschland\/ruhrgebiet-friedensrichter-vermittelte-laut-ard-im-clan-streit-polizei-ist-irritiert\/"},"modified":"2023-06-30T17:24:26","modified_gmt":"2023-06-30T15:24:26","slug":"ruhrgebiet-friedensrichter-vermittelte-laut-ard-im-clan-streit-polizei-ist-irritiert","status":"publish","type":"post","link":"https:\/\/now-news.de\/de\/deutschland\/ruhrgebiet-friedensrichter-vermittelte-laut-ard-im-clan-streit-polizei-ist-irritiert\/","title":{"rendered":"Ruhrgebiet: &quot;Friedensrichter&quot; vermittelte laut ARD im Clan-Streit &#8211; Polizei ist irritiert"},"content":{"rendered":"<div class=\"Text-root Text-type_1 \">\n                Informationen des ARD-Magazins &#8220;Kontraste&#8221; zufolge einigten sich am Donnerstagabend Vertreter syrischer und libanesischer Gro\u00dffamilien aus dem Ruhrgebiet. So soll ein &#8220;Friedensrichter&#8221; in dem zuletzt eskalierten Konflikt vermittelt haben. Die ermittelnden Polizeibeh\u00f6rden sprachen von &#8220;Paralleljustiz&#8221; und zeigten sich wenig begeistert.\n            <\/div>\n<p><\/p>\n<div class=\"Text-root Text-type_5 ArticleView-text ViewText-root \">\n<p>In den nordrhein-westf\u00e4lischen St\u00e4dten Essen und Castrop-Rauxel war es Mitte Juni zu mehreren verabredeten Massenschl\u00e4gereien und weiteren gewaltt\u00e4tigen Auseinandersetzungen zwischen Syrern und Libanesen gekommen. Informationen des <em>ARD-Magazins<\/em> &#8220;Kontraste&#8221; zufolge sollen sich nun am 29. Juni rund 100 Vertreter syrischer und libanesischer Gro\u00dffamilien in einer Duisburger Eventlocation getroffen haben, um sich in Anwesenheit eines sogenannten &#8220;Friedensrichters&#8221; vorerst geeinigt zu haben.<\/p>\n<p>Laut Angaben von NRW-Innenminister\u00a0Herbert Reul zeigten die eingeleiteten Ermittlungen, dass das zur\u00fcckliegende Ereignis &#8220;etwas mit dem <a rel=\"nofollow noopener\" target=\"_blank\" href=\"https:\/\/www.n-tv.de\/panorama\/Hunderte-Menschen-geraten-in-Essen-aneinander-article24197703.html\">Clanmilieu<\/a> zu tun haben k\u00f6nnte&#8221;. Der \u00d6RR-Sender <em>rbb<\/em> ver\u00f6ffentlichte nun ein Video, das belegen soll, dass sich die verfeindeten Gruppen unabh\u00e4ngig von der Polizeiarbeit untereinander getroffen und verhandelt haben. So lautet der Twitter-Text:<\/p>\n<blockquote>\n<p><em>&#8220;Exklusiv: Friedensabkommen zwischen Syrern und Libanesen. Nach den Massenschl\u00e4gereien im Ruhrgebiet wurde heute Abend in Duisburg unter Vermittlung eines &#8216;Friedensrichters&#8217; Frieden geschlossen. Wir waren dabei.&#8221;<\/em><\/p>\n<\/blockquote>\n<div class=\"EmbedBlock-root EmbedBlock-twitter\">\n<div class=\"TwitterEmbed\">\n<blockquote class=\"twitter-tweet lazyload\" data-twitter=\"twitter-tweet\">\n<p lang=\"de\" dir=\"ltr\">Exklusiv: Friedensabkommen zwischen Syrern und Libanesen. Nach den Massenschl\u00e4gereien im Ruhrgebiet wurde heute Abend in <a rel=\"nofollow noopener\" target=\"_blank\" href=\"https:\/\/twitter.com\/hashtag\/Duisburg?src=hash&amp;ref_src=twsrc%5Etfw\">#Duisburg<\/a> unter Vermittlung eines \u201eFriedensrichters\u201c Frieden geschlossen. Wir waren dabei. <a rel=\"nofollow noopener\" target=\"_blank\" href=\"https:\/\/twitter.com\/hashtag\/Clans?src=hash&amp;ref_src=twsrc%5Etfw\">#Clans<\/a><a rel=\"nofollow noopener\" target=\"_blank\" href=\"https:\/\/twitter.com\/hashtag\/Ruhrgebiet?src=hash&amp;ref_src=twsrc%5Etfw\">#Ruhrgebiet<\/a><a rel=\"nofollow noopener\" target=\"_blank\" href=\"https:\/\/t.co\/Ybvn64hK01\">pic.twitter.com\/Ybvn64hK01<\/a><\/p>\n<p>\u2014 Kontraste (@ARDKontraste) <a rel=\"nofollow noopener\" target=\"_blank\" href=\"https:\/\/twitter.com\/ARDKontraste\/status\/1674482410732265495?ref_src=twsrc%5Etfw\">June 29, 2023<\/a><\/p><\/blockquote>\n<\/div>\n<\/div>\n<p>Bereits am 21. Juni <a rel=\"nofollow noopener\" target=\"_blank\" href=\"https:\/\/www.derwesten.de\/staedte\/essen\/essen-news-polizei-krieg-massenschlaegerei-richter-clan-frieden-id300562319.html\">berichtete<\/a> die Lokalzeitung <em>Der Westen<\/em> von entsprechenden Pl\u00e4nen in der Clan-Szene. So hei\u00dft es in dem Artikel: &#8220;Er ist als Autorit\u00e4t anerkannt, schafft es, f\u00fcr Ruhe zu sorgen \u2013 und nicht etwa ein deutsches Gericht oder die Polizei!&#8221;. Ob die nun finale Einigung \u00fcber den vermuteten &#8220;Friedensrichter&#8221; erfolgte, ist nicht bekannt.<\/p>\n<figure class=\"RTImage-root\">\n<div class=\"RTImage-image RTImage-original\"><picture class=\"Picture-root Picture-original\"><!--[if IE 9]><video style=\"display: none;\"><![endif]--><source media=\"(-webkit-min-device-pixel-ratio: 2) and (min-resolution: 120dpi)\" data-srcset=\" \nhttp:\/\/just-now.news\/de\/wp-content\/uploads\/sites\/3\/2023\/06\/649ebb9448fbef4e411ab8d6.jpg 850w,\n                http:\/\/just-now.news\/de\/wp-content\/uploads\/sites\/3\/2023\/06\/649ebb9448fbef4e411ab8d6.jpg 1960w,\n            \" ><source data-srcset=\" \nhttp:\/\/just-now.news\/de\/wp-content\/uploads\/sites\/3\/2023\/06\/649ebb9448fbef4e411ab8d6.jpg 460w,\n              http:\/\/just-now.news\/de\/wp-content\/uploads\/sites\/3\/2023\/06\/649ebb9448fbef4e411ab8d6.jpg 980w,\n            \" ><!--[if IE 9]><\/video><![endif]--><img decoding=\"async\" data- src=\"data:image\/png;base64,iVBORw0KGgoAAAANSUhEUgAAABAAAAAJCAQAAACRI2S5AAAAEElEQVR42mNkIAAYRxWAAQAG9gAKqv6+AwAAAABJRU5ErkJggg==\" class=\"Picture-root Picture-original lazyload\" data-src=\"http:\/\/just-now.news\/de\/wp-content\/uploads\/sites\/3\/2023\/06\/649ebb9448fbef4e411ab8d6.jpg\" alt=\"\"><\/source><\/source><\/picture><!-- noscript pattern --><noscript><img decoding=\"async\" src=\"http:\/\/just-now.news\/de\/wp-content\/uploads\/sites\/3\/2023\/06\/649ebb9448fbef4e411ab8d6.jpg\" alt=\"\"><\/noscript><\/div><figcaption class=\"RTImage-footer\"><span class=\"RTImage-caption\"><span class=\"RTImage-captionItem\">Ein mutma\u00dflicher &#8220;Friedensrichter&#8221; vermittelt in Essener Hinterzimmern.<\/span><\/span><span class=\"RTImage-source\"><span class=\"RTImage-captionItem\">Screenshot: Der Westen<\/span><\/span><\/figcaption><\/figure>\n<p>Zu dem &#8220;Kontraste&#8221;-Twittervideo liegt noch kein l\u00e4ngerer Beitrag mit weiteren Hintergr\u00fcnden in der <em>ARD-Mediathek<\/em> vor. Ein aktueller <a rel=\"nofollow noopener\" target=\"_blank\" href=\"https:\/\/www.derwesten.de\/region\/clan-essen-ruhrgebiet-castrop-rauxel-friedensrichter-video-syrer-libanessen-id300572487.html\">Artikel<\/a> der Lokalzeitung zitiert NRW-Innenminister Reul mit der Feststellung:<\/p>\n<blockquote>\n<p><em>&#8220;Es ist nicht hinnehmbar, wenn sich M\u00e4nnerhorden zusammenrotten und teils sogar bewaffnen, um andere einzusch\u00fcchtern oder anzugreifen.&#8221;<\/em><\/p>\n<\/blockquote>\n<p>In einem zweiten Kurzvideo behauptet eine <em>rbb-Reporterin<\/em>, bei den &#8220;Friedensverhandlungen&#8221; <a rel=\"nofollow noopener\" target=\"_blank\" href=\"https:\/\/twitter.com\/ARDKontraste\/status\/1674499296081637384\">anwesend<\/a> gewesen zu sein, um im Anschluss zusammenzufassen: &#8220;Sie \u2013 die verfeindeten Familiensprecher \u2013 sagen, solche Ausschreitungen wie vor zwei Wochen sollen nicht noch mal passieren.&#8221; Zudem &#8220;bitten sie die deutsche Polizei um Entschuldigung&#8221;.<\/p>\n<p>Die Essener Polizei zeigte sich wenig erfreut und lie\u00df laut dem <em>Der Westen-Artikel<\/em> klarstellen, &#8220;was sie von Friedensverhandlungen dieser Art&#8221; h\u00e4lt. Das Zitat einer Polizeisprecherin lautet:<\/p>\n<blockquote>\n<p><em>&#8220;Als Polizei dulden wir keine Paralleljustiz und lehnen den Einsatz m\u00f6glicher sogenannter &#8216;Friedensrichter&#8217; kategorisch ab. Mit dem Einsetzen solcher &#8216;Friedensrichter&#8217; wird der Rechtsstaat wissentlich missachtet und das rechtstaatliche Ermittlungsverfahren massiv erschwert. Ergebnisse von m\u00f6glichen Verhandlungen spielen f\u00fcr das weitere Ermittlungs- und Strafverfahren der Beh\u00f6rden keine Rolle.&#8221;<\/em><\/p>\n<\/blockquote>\n<p>Den ermittelnden Beh\u00f6rden sei das <em>rbb<\/em>-Video bekannt. Inwieweit es bei der Ermittlungsarbeit ber\u00fccksichtigt werden wird, &#8220;sei derzeit in Abstimmung&#8221;, so die Polizeisprecherin. Die Clan-Sprecher lie\u00dfen laut <em>rbb<\/em>-Moderatorin demnach mitteilen, dass &#8220;sie die Beh\u00f6rden dazu aufgerufen h\u00e4tten, weiter zu ermitteln&#8221;.<\/p>\n<p>Mitte Juni kontrollierten die Einsatzkr\u00e4fte laut Polizeiangaben demnach 116 Menschen und durchsuchten 24 Fahrzeuge. Bei den Durchsuchungen wurden gef\u00e4hrliche Gegenst\u00e4nde wie Messer, Macheten und eine Schusswaffe sichergestellt. Ein vom <em>Der Westen <\/em>zitierter &#8220;Clan-Experte&#8221; bemerkte in dem Artikel, dass er nicht davon ausgehe, dass &#8220;ein solches Abkommen langfristig eingehalten wird&#8221;. Ein &#8220;Friedensrichter&#8221; k\u00f6nne seiner Erfahrung nach &#8220;h\u00f6chstens eine tempor\u00e4re L\u00f6sung stellen&#8221;.<\/p>\n<p><strong>Mehr zum Thema <\/strong>\u2013\u00a0<a rel=\"nofollow noopener\" target=\"_blank\" href=\"https:\/\/freeassange.rtde.life\/inland\/173400-aus-syrien-sind-ganze-staemme\/\">Islamexperte zu Clan-Gewalt: &#8220;Man hat es mit ganzen St\u00e4mmen aus Syrien zu tun&#8221;<\/a><\/p>\n<\/div>\n<p><script async src=\"https:\/\/platform.twitter.com\/widgets.js\" charset=\"utf-8\"><\/script><br \/>\n<br \/><br \/>\n<br \/><a href=\"https:\/\/de.rt.com\/inland\/174049-ruhrgebiet-friedensrichter-vermittelte-laut-ard\/\">Source link <\/a><\/p>\n","protected":false},"excerpt":{"rendered":"<p>Informationen des ARD-Magazins &#8220;Kontraste&#8221; zufolge einigten sich am Donnerstagabend Vertreter syrischer und libanesischer Gro\u00dffamilien aus dem Ruhrgebiet. So soll ein &#8220;Friedensrichter&#8221; in dem zuletzt eskalierten Konflikt vermittelt haben. Die ermittelnden Polizeibeh\u00f6rden sprachen von &#8220;Paralleljustiz&#8221; und zeigten sich wenig begeistert. In den nordrhein-westf\u00e4lischen St\u00e4dten Essen und Castrop-Rauxel war es Mitte Juni zu mehreren verabredeten Massenschl\u00e4gereien und [&hellip;]<\/p>\n","protected":false},"author":3,"featured_media":39235,"comment_status":"open","ping_status":"open","sticky":false,"template":"","format":"standard","meta":{"_yoast_indexnow_last_ping":["1688138693"],"wp_automatic_camp":["217"],"6374213a7b3d13d426b896cff6187e16":["Ruhrgebiet: &quot;Friedensrichter&quot; vermittelte laut ARD im Clan-Streit - Polizei ist irritiert"],"original_link":["https:\/\/de.rt.com\/inland\/174049-ruhrgebiet-friedensrichter-vermittelte-laut-ard\/"],"_thumbnail_id":["39235"],"_wptgpro_p2tg_sent2tg":["a:1:{i:23737;s:19:\"2023-06-30 17:26:06\";}"],"jnews_social_counter_last_update":["1777208566"]},"categories":[19,23],"tags":[11760,46242,32865,414,4730,7579,46241,46240,42395],"yoast_head":"<!-- This site is optimized with the Yoast SEO Premium plugin v22.7 (Yoast SEO v22.7) - https:\/\/yoast.com\/wordpress\/plugins\/seo\/ -->\n<title>Ruhrgebiet: &quot;Friedensrichter&quot; vermittelte laut ARD im Clan-Streit - Polizei ist irritiert - just-now.NEWS Deutschland<\/title>\n<meta name=\"robots\" content=\"index, follow, max-snippet:-1, max-image-preview:large, max-video-preview:-1\" \/>\n<link rel=\"canonical\" href=\"https:\/\/now-news.de\/de\/deutschland\/ruhrgebiet-friedensrichter-vermittelte-laut-ard-im-clan-streit-polizei-ist-irritiert\/\" \/>\n<meta property=\"og:locale\" content=\"de_DE\" \/>\n<meta property=\"og:type\" content=\"article\" \/>\n<meta property=\"og:title\" content=\"Ruhrgebiet: &quot;Friedensrichter&quot; vermittelte laut ARD im Clan-Streit - Polizei ist irritiert\" \/>\n<meta property=\"og:description\" content=\"Informationen des ARD-Magazins &#8220;Kontraste&#8221; zufolge einigten sich am Donnerstagabend Vertreter syrischer und libanesischer Gro\u00dffamilien aus dem Ruhrgebiet. So soll ein &#8220;Friedensrichter&#8221; in dem zuletzt eskalierten Konflikt vermittelt haben. Die ermittelnden Polizeibeh\u00f6rden sprachen von &#8220;Paralleljustiz&#8221; und zeigten sich wenig begeistert. In den nordrhein-westf\u00e4lischen St\u00e4dten Essen und Castrop-Rauxel war es Mitte Juni zu mehreren verabredeten Massenschl\u00e4gereien und [&hellip;]\" \/>\n<meta property=\"og:url\" content=\"https:\/\/now-news.de\/de\/deutschland\/ruhrgebiet-friedensrichter-vermittelte-laut-ard-im-clan-streit-polizei-ist-irritiert\/\" \/>\n<meta property=\"og:site_name\" content=\"just-now.NEWS Deutschland\" \/>\n<meta property=\"article:publisher\" content=\"https:\/\/www.facebook.com\/wirmachenauf\" \/>\n<meta property=\"article:published_time\" content=\"2023-06-30T15:24:26+00:00\" \/>\n<meta property=\"og:image\" content=\"https:\/\/now-news.de\/de\/wp-content\/uploads\/sites\/3\/2023\/06\/Ruhrgebiet-quotFriedensrichterquot-vermittelte-laut-ARD-im-Clan-Streit-Polizei-ist.jpg\" \/>\n\t<meta property=\"og:image:width\" content=\"796\" \/>\n\t<meta property=\"og:image:height\" content=\"577\" \/>\n\t<meta property=\"og:image:type\" content=\"image\/jpeg\" \/>\n<meta name=\"author\" content=\"rtnews\" \/>\n<meta name=\"twitter:card\" content=\"summary_large_image\" \/>\n<meta name=\"twitter:creator\" content=\"@WirMachenAuf_de\" \/>\n<meta name=\"twitter:site\" content=\"@WirMachenAuf_de\" \/>\n<meta name=\"twitter:label1\" content=\"Verfasst von\" \/>\n\t<meta name=\"twitter:data1\" content=\"rtnews\" \/>\n\t<meta name=\"twitter:label2\" content=\"Gesch\u00e4tzte Lesezeit\" \/>\n\t<meta name=\"twitter:data2\" content=\"3\u00a0Minuten\" \/>\n<script type=\"application\/ld+json\" class=\"yoast-schema-graph\">{\"@context\":\"https:\/\/schema.org\",\"@graph\":[{\"@type\":\"Article\",\"@id\":\"https:\/\/now-news.de\/de\/deutschland\/ruhrgebiet-friedensrichter-vermittelte-laut-ard-im-clan-streit-polizei-ist-irritiert\/#article\",\"isPartOf\":{\"@id\":\"https:\/\/now-news.de\/de\/deutschland\/ruhrgebiet-friedensrichter-vermittelte-laut-ard-im-clan-streit-polizei-ist-irritiert\/\"},\"author\":{\"name\":\"rtnews\",\"@id\":\"https:\/\/now-news.de\/de\/#\/schema\/person\/fb534a4e865501d8b3285208df34a9b5\"},\"headline\":\"Ruhrgebiet: &quot;Friedensrichter&quot; vermittelte laut ARD im Clan-Streit &#8211; Polizei ist irritiert\",\"datePublished\":\"2023-06-30T15:24:26+00:00\",\"dateModified\":\"2023-06-30T15:24:26+00:00\",\"mainEntityOfPage\":{\"@id\":\"https:\/\/now-news.de\/de\/deutschland\/ruhrgebiet-friedensrichter-vermittelte-laut-ard-im-clan-streit-polizei-ist-irritiert\/\"},\"wordCount\":596,\"commentCount\":0,\"publisher\":{\"@id\":\"https:\/\/now-news.de\/de\/#organization\"},\"image\":{\"@id\":\"https:\/\/now-news.de\/de\/deutschland\/ruhrgebiet-friedensrichter-vermittelte-laut-ard-im-clan-streit-polizei-ist-irritiert\/#primaryimage\"},\"thumbnailUrl\":\"https:\/\/now-news.de\/de\/wp-content\/uploads\/sites\/3\/2023\/06\/Ruhrgebiet-quotFriedensrichterquot-vermittelte-laut-ARD-im-Clan-Streit-Polizei-ist.jpg\",\"keywords\":[\"ARD\",\"ClanStreit\",\"irritiert\",\"ist\",\"laut\",\"Polizei\",\"quotFriedensrichterquot\",\"Ruhrgebiet\",\"vermittelte\"],\"articleSection\":[\"Deutschland\",\"Russland\"],\"inLanguage\":\"de\",\"potentialAction\":[{\"@type\":\"CommentAction\",\"name\":\"Comment\",\"target\":[\"https:\/\/now-news.de\/de\/deutschland\/ruhrgebiet-friedensrichter-vermittelte-laut-ard-im-clan-streit-polizei-ist-irritiert\/#respond\"]}]},{\"@type\":\"WebPage\",\"@id\":\"https:\/\/now-news.de\/de\/deutschland\/ruhrgebiet-friedensrichter-vermittelte-laut-ard-im-clan-streit-polizei-ist-irritiert\/\",\"url\":\"https:\/\/now-news.de\/de\/deutschland\/ruhrgebiet-friedensrichter-vermittelte-laut-ard-im-clan-streit-polizei-ist-irritiert\/\",\"name\":\"Ruhrgebiet: &quot;Friedensrichter&quot; vermittelte laut ARD im Clan-Streit - Polizei ist irritiert - just-now.NEWS Deutschland\",\"isPartOf\":{\"@id\":\"https:\/\/now-news.de\/de\/#website\"},\"primaryImageOfPage\":{\"@id\":\"https:\/\/now-news.de\/de\/deutschland\/ruhrgebiet-friedensrichter-vermittelte-laut-ard-im-clan-streit-polizei-ist-irritiert\/#primaryimage\"},\"image\":{\"@id\":\"https:\/\/now-news.de\/de\/deutschland\/ruhrgebiet-friedensrichter-vermittelte-laut-ard-im-clan-streit-polizei-ist-irritiert\/#primaryimage\"},\"thumbnailUrl\":\"https:\/\/now-news.de\/de\/wp-content\/uploads\/sites\/3\/2023\/06\/Ruhrgebiet-quotFriedensrichterquot-vermittelte-laut-ARD-im-Clan-Streit-Polizei-ist.jpg\",\"datePublished\":\"2023-06-30T15:24:26+00:00\",\"dateModified\":\"2023-06-30T15:24:26+00:00\",\"breadcrumb\":{\"@id\":\"https:\/\/now-news.de\/de\/deutschland\/ruhrgebiet-friedensrichter-vermittelte-laut-ard-im-clan-streit-polizei-ist-irritiert\/#breadcrumb\"},\"inLanguage\":\"de\",\"potentialAction\":[{\"@type\":\"ReadAction\",\"target\":[\"https:\/\/now-news.de\/de\/deutschland\/ruhrgebiet-friedensrichter-vermittelte-laut-ard-im-clan-streit-polizei-ist-irritiert\/\"]}]},{\"@type\":\"ImageObject\",\"inLanguage\":\"de\",\"@id\":\"https:\/\/now-news.de\/de\/deutschland\/ruhrgebiet-friedensrichter-vermittelte-laut-ard-im-clan-streit-polizei-ist-irritiert\/#primaryimage\",\"url\":\"https:\/\/now-news.de\/de\/wp-content\/uploads\/sites\/3\/2023\/06\/Ruhrgebiet-quotFriedensrichterquot-vermittelte-laut-ARD-im-Clan-Streit-Polizei-ist.jpg\",\"contentUrl\":\"https:\/\/now-news.de\/de\/wp-content\/uploads\/sites\/3\/2023\/06\/Ruhrgebiet-quotFriedensrichterquot-vermittelte-laut-ARD-im-Clan-Streit-Polizei-ist.jpg\",\"width\":796,\"height\":577,\"caption\":\"Ruhrgebiet: &quot;Friedensrichter&quot; vermittelte laut ARD im Clan-Streit - Polizei ist irritiert\"},{\"@type\":\"BreadcrumbList\",\"@id\":\"https:\/\/now-news.de\/de\/deutschland\/ruhrgebiet-friedensrichter-vermittelte-laut-ard-im-clan-streit-polizei-ist-irritiert\/#breadcrumb\",\"itemListElement\":[{\"@type\":\"ListItem\",\"position\":1,\"name\":\"Home\",\"item\":\"https:\/\/now-news.de\/de\/\"},{\"@type\":\"ListItem\",\"position\":2,\"name\":\"Ruhrgebiet: &quot;Friedensrichter&quot; vermittelte laut ARD im Clan-Streit &#8211; Polizei ist irritiert\"}]},{\"@type\":\"WebSite\",\"@id\":\"https:\/\/now-news.de\/de\/#website\",\"url\":\"https:\/\/now-news.de\/de\/\",\"name\":\"just-now.NEWS Deutschland\",\"description\":\"Das Portal f\u00fcr unzensierte Nachrichten aus der Welt\",\"publisher\":{\"@id\":\"https:\/\/now-news.de\/de\/#organization\"},\"potentialAction\":[{\"@type\":\"SearchAction\",\"target\":{\"@type\":\"EntryPoint\",\"urlTemplate\":\"https:\/\/now-news.de\/de\/?s={search_term_string}\"},\"query-input\":\"required name=search_term_string\"}],\"inLanguage\":\"de\"},{\"@type\":\"Organization\",\"@id\":\"https:\/\/now-news.de\/de\/#organization\",\"name\":\"Just Now News\",\"url\":\"https:\/\/now-news.de\/de\/\",\"logo\":{\"@type\":\"ImageObject\",\"inLanguage\":\"de\",\"@id\":\"https:\/\/now-news.de\/de\/#\/schema\/logo\/image\/\",\"url\":\"http:\/\/just-now.news\/de\/wp-content\/uploads\/sites\/3\/2022\/04\/logo500x500.jpg\",\"contentUrl\":\"http:\/\/just-now.news\/de\/wp-content\/uploads\/sites\/3\/2022\/04\/logo500x500.jpg\",\"width\":500,\"height\":500,\"caption\":\"Just Now News\"},\"image\":{\"@id\":\"https:\/\/now-news.de\/de\/#\/schema\/logo\/image\/\"},\"sameAs\":[\"https:\/\/www.facebook.com\/wirmachenauf\",\"https:\/\/x.com\/WirMachenAuf_de\"]},{\"@type\":\"Person\",\"@id\":\"https:\/\/now-news.de\/de\/#\/schema\/person\/fb534a4e865501d8b3285208df34a9b5\",\"name\":\"rtnews\",\"image\":{\"@type\":\"ImageObject\",\"inLanguage\":\"de\",\"@id\":\"https:\/\/now-news.de\/de\/#\/schema\/person\/image\/\",\"url\":\"https:\/\/secure.gravatar.com\/avatar\/82aafea7d8127119dd649515f56e2117?s=96&d=mm&r=g\",\"contentUrl\":\"https:\/\/secure.gravatar.com\/avatar\/82aafea7d8127119dd649515f56e2117?s=96&d=mm&r=g\",\"caption\":\"rtnews\"},\"url\":\"https:\/\/now-news.de\/de\/author\/rnews\/\"}]}<\/script>\n<!-- \/ Yoast SEO Premium plugin. -->","yoast_head_json":{"title":"Ruhrgebiet: &quot;Friedensrichter&quot; vermittelte laut ARD im Clan-Streit - Polizei ist irritiert - just-now.NEWS Deutschland","robots":{"index":"index","follow":"follow","max-snippet":"max-snippet:-1","max-image-preview":"max-image-preview:large","max-video-preview":"max-video-preview:-1"},"canonical":"https:\/\/now-news.de\/de\/deutschland\/ruhrgebiet-friedensrichter-vermittelte-laut-ard-im-clan-streit-polizei-ist-irritiert\/","og_locale":"de_DE","og_type":"article","og_title":"Ruhrgebiet: &quot;Friedensrichter&quot; vermittelte laut ARD im Clan-Streit - Polizei ist irritiert","og_description":"Informationen des ARD-Magazins &#8220;Kontraste&#8221; zufolge einigten sich am Donnerstagabend Vertreter syrischer und libanesischer Gro\u00dffamilien aus dem Ruhrgebiet. So soll ein &#8220;Friedensrichter&#8221; in dem zuletzt eskalierten Konflikt vermittelt haben. Die ermittelnden Polizeibeh\u00f6rden sprachen von &#8220;Paralleljustiz&#8221; und zeigten sich wenig begeistert. In den nordrhein-westf\u00e4lischen St\u00e4dten Essen und Castrop-Rauxel war es Mitte Juni zu mehreren verabredeten Massenschl\u00e4gereien und [&hellip;]","og_url":"https:\/\/now-news.de\/de\/deutschland\/ruhrgebiet-friedensrichter-vermittelte-laut-ard-im-clan-streit-polizei-ist-irritiert\/","og_site_name":"just-now.NEWS Deutschland","article_publisher":"https:\/\/www.facebook.com\/wirmachenauf","article_published_time":"2023-06-30T15:24:26+00:00","og_image":[{"width":796,"height":577,"url":"https:\/\/now-news.de\/de\/wp-content\/uploads\/sites\/3\/2023\/06\/Ruhrgebiet-quotFriedensrichterquot-vermittelte-laut-ARD-im-Clan-Streit-Polizei-ist.jpg","type":"image\/jpeg"}],"author":"rtnews","twitter_card":"summary_large_image","twitter_creator":"@WirMachenAuf_de","twitter_site":"@WirMachenAuf_de","twitter_misc":{"Verfasst von":"rtnews","Gesch\u00e4tzte Lesezeit":"3\u00a0Minuten"},"schema":{"@context":"https:\/\/schema.org","@graph":[{"@type":"Article","@id":"https:\/\/now-news.de\/de\/deutschland\/ruhrgebiet-friedensrichter-vermittelte-laut-ard-im-clan-streit-polizei-ist-irritiert\/#article","isPartOf":{"@id":"https:\/\/now-news.de\/de\/deutschland\/ruhrgebiet-friedensrichter-vermittelte-laut-ard-im-clan-streit-polizei-ist-irritiert\/"},"author":{"name":"rtnews","@id":"https:\/\/now-news.de\/de\/#\/schema\/person\/fb534a4e865501d8b3285208df34a9b5"},"headline":"Ruhrgebiet: &quot;Friedensrichter&quot; vermittelte laut ARD im Clan-Streit &#8211; Polizei ist irritiert","datePublished":"2023-06-30T15:24:26+00:00","dateModified":"2023-06-30T15:24:26+00:00","mainEntityOfPage":{"@id":"https:\/\/now-news.de\/de\/deutschland\/ruhrgebiet-friedensrichter-vermittelte-laut-ard-im-clan-streit-polizei-ist-irritiert\/"},"wordCount":596,"commentCount":0,"publisher":{"@id":"https:\/\/now-news.de\/de\/#organization"},"image":{"@id":"https:\/\/now-news.de\/de\/deutschland\/ruhrgebiet-friedensrichter-vermittelte-laut-ard-im-clan-streit-polizei-ist-irritiert\/#primaryimage"},"thumbnailUrl":"https:\/\/now-news.de\/de\/wp-content\/uploads\/sites\/3\/2023\/06\/Ruhrgebiet-quotFriedensrichterquot-vermittelte-laut-ARD-im-Clan-Streit-Polizei-ist.jpg","keywords":["ARD","ClanStreit","irritiert","ist","laut","Polizei","quotFriedensrichterquot","Ruhrgebiet","vermittelte"],"articleSection":["Deutschland","Russland"],"inLanguage":"de","potentialAction":[{"@type":"CommentAction","name":"Comment","target":["https:\/\/now-news.de\/de\/deutschland\/ruhrgebiet-friedensrichter-vermittelte-laut-ard-im-clan-streit-polizei-ist-irritiert\/#respond"]}]},{"@type":"WebPage","@id":"https:\/\/now-news.de\/de\/deutschland\/ruhrgebiet-friedensrichter-vermittelte-laut-ard-im-clan-streit-polizei-ist-irritiert\/","url":"https:\/\/now-news.de\/de\/deutschland\/ruhrgebiet-friedensrichter-vermittelte-laut-ard-im-clan-streit-polizei-ist-irritiert\/","name":"Ruhrgebiet: &quot;Friedensrichter&quot; vermittelte laut ARD im Clan-Streit - Polizei ist irritiert - just-now.NEWS Deutschland","isPartOf":{"@id":"https:\/\/now-news.de\/de\/#website"},"primaryImageOfPage":{"@id":"https:\/\/now-news.de\/de\/deutschland\/ruhrgebiet-friedensrichter-vermittelte-laut-ard-im-clan-streit-polizei-ist-irritiert\/#primaryimage"},"image":{"@id":"https:\/\/now-news.de\/de\/deutschland\/ruhrgebiet-friedensrichter-vermittelte-laut-ard-im-clan-streit-polizei-ist-irritiert\/#primaryimage"},"thumbnailUrl":"https:\/\/now-news.de\/de\/wp-content\/uploads\/sites\/3\/2023\/06\/Ruhrgebiet-quotFriedensrichterquot-vermittelte-laut-ARD-im-Clan-Streit-Polizei-ist.jpg","datePublished":"2023-06-30T15:24:26+00:00","dateModified":"2023-06-30T15:24:26+00:00","breadcrumb":{"@id":"https:\/\/now-news.de\/de\/deutschland\/ruhrgebiet-friedensrichter-vermittelte-laut-ard-im-clan-streit-polizei-ist-irritiert\/#breadcrumb"},"inLanguage":"de","potentialAction":[{"@type":"ReadAction","target":["https:\/\/now-news.de\/de\/deutschland\/ruhrgebiet-friedensrichter-vermittelte-laut-ard-im-clan-streit-polizei-ist-irritiert\/"]}]},{"@type":"ImageObject","inLanguage":"de","@id":"https:\/\/now-news.de\/de\/deutschland\/ruhrgebiet-friedensrichter-vermittelte-laut-ard-im-clan-streit-polizei-ist-irritiert\/#primaryimage","url":"https:\/\/now-news.de\/de\/wp-content\/uploads\/sites\/3\/2023\/06\/Ruhrgebiet-quotFriedensrichterquot-vermittelte-laut-ARD-im-Clan-Streit-Polizei-ist.jpg","contentUrl":"https:\/\/now-news.de\/de\/wp-content\/uploads\/sites\/3\/2023\/06\/Ruhrgebiet-quotFriedensrichterquot-vermittelte-laut-ARD-im-Clan-Streit-Polizei-ist.jpg","width":796,"height":577,"caption":"Ruhrgebiet: &quot;Friedensrichter&quot; vermittelte laut ARD im Clan-Streit - Polizei ist irritiert"},{"@type":"BreadcrumbList","@id":"https:\/\/now-news.de\/de\/deutschland\/ruhrgebiet-friedensrichter-vermittelte-laut-ard-im-clan-streit-polizei-ist-irritiert\/#breadcrumb","itemListElement":[{"@type":"ListItem","position":1,"name":"Home","item":"https:\/\/now-news.de\/de\/"},{"@type":"ListItem","position":2,"name":"Ruhrgebiet: &quot;Friedensrichter&quot; vermittelte laut ARD im Clan-Streit &#8211; Polizei ist irritiert"}]},{"@type":"WebSite","@id":"https:\/\/now-news.de\/de\/#website","url":"https:\/\/now-news.de\/de\/","name":"just-now.NEWS Deutschland","description":"Das Portal f\u00fcr unzensierte Nachrichten aus der Welt","publisher":{"@id":"https:\/\/now-news.de\/de\/#organization"},"potentialAction":[{"@type":"SearchAction","target":{"@type":"EntryPoint","urlTemplate":"https:\/\/now-news.de\/de\/?s={search_term_string}"},"query-input":"required name=search_term_string"}],"inLanguage":"de"},{"@type":"Organization","@id":"https:\/\/now-news.de\/de\/#organization","name":"Just Now News","url":"https:\/\/now-news.de\/de\/","logo":{"@type":"ImageObject","inLanguage":"de","@id":"https:\/\/now-news.de\/de\/#\/schema\/logo\/image\/","url":"http:\/\/just-now.news\/de\/wp-content\/uploads\/sites\/3\/2022\/04\/logo500x500.jpg","contentUrl":"http:\/\/just-now.news\/de\/wp-content\/uploads\/sites\/3\/2022\/04\/logo500x500.jpg","width":500,"height":500,"caption":"Just Now News"},"image":{"@id":"https:\/\/now-news.de\/de\/#\/schema\/logo\/image\/"},"sameAs":["https:\/\/www.facebook.com\/wirmachenauf","https:\/\/x.com\/WirMachenAuf_de"]},{"@type":"Person","@id":"https:\/\/now-news.de\/de\/#\/schema\/person\/fb534a4e865501d8b3285208df34a9b5","name":"rtnews","image":{"@type":"ImageObject","inLanguage":"de","@id":"https:\/\/now-news.de\/de\/#\/schema\/person\/image\/","url":"https:\/\/secure.gravatar.com\/avatar\/82aafea7d8127119dd649515f56e2117?s=96&d=mm&r=g","contentUrl":"https:\/\/secure.gravatar.com\/avatar\/82aafea7d8127119dd649515f56e2117?s=96&d=mm&r=g","caption":"rtnews"},"url":"https:\/\/now-news.de\/de\/author\/rnews\/"}]}},"_links":{"self":[{"href":"https:\/\/now-news.de\/de\/wp-json\/wp\/v2\/posts\/39234"}],"collection":[{"href":"https:\/\/now-news.de\/de\/wp-json\/wp\/v2\/posts"}],"about":[{"href":"https:\/\/now-news.de\/de\/wp-json\/wp\/v2\/types\/post"}],"author":[{"embeddable":true,"href":"https:\/\/now-news.de\/de\/wp-json\/wp\/v2\/users\/3"}],"replies":[{"embeddable":true,"href":"https:\/\/now-news.de\/de\/wp-json\/wp\/v2\/comments?post=39234"}],"version-history":[{"count":0,"href":"https:\/\/now-news.de\/de\/wp-json\/wp\/v2\/posts\/39234\/revisions"}],"wp:featuredmedia":[{"embeddable":true,"href":"https:\/\/now-news.de\/de\/wp-json\/wp\/v2\/media\/39235"}],"wp:attachment":[{"href":"https:\/\/now-news.de\/de\/wp-json\/wp\/v2\/media?parent=39234"}],"wp:term":[{"taxonomy":"category","embeddable":true,"href":"https:\/\/now-news.de\/de\/wp-json\/wp\/v2\/categories?post=39234"},{"taxonomy":"post_tag","embeddable":true,"href":"https:\/\/now-news.de\/de\/wp-json\/wp\/v2\/tags?post=39234"}],"curies":[{"name":"wp","href":"https:\/\/api.w.org\/{rel}","templated":true}]}}