{"id":39221,"date":"2023-06-30T15:20:07","date_gmt":"2023-06-30T13:20:07","guid":{"rendered":"https:\/\/just-now.news\/de\/deutschland\/die-haelfte-der-ukrainer-sieht-nazismus-problem-im-land-fuer-soros-stiftung-besorgniserregend\/"},"modified":"2023-06-30T15:20:07","modified_gmt":"2023-06-30T13:20:07","slug":"die-haelfte-der-ukrainer-sieht-nazismus-problem-im-land-fuer-soros-stiftung-besorgniserregend","status":"publish","type":"post","link":"https:\/\/now-news.de\/de\/deutschland\/die-haelfte-der-ukrainer-sieht-nazismus-problem-im-land-fuer-soros-stiftung-besorgniserregend\/","title":{"rendered":"Die H\u00e4lfte der Ukrainer sieht Nazismus-Problem im Land \u2013 f\u00fcr Soros-Stiftung &quot;besorgniserregend&quot;"},"content":{"rendered":"<p><img decoding=\"async\" src=\"http:\/\/just-now.news\/de\/wp-content\/uploads\/sites\/3\/2023\/06\/649e872248fbef093634d0ea.jpg\" \/><\/p>\n<div class=\"Text-root Text-type_1 \">\n                Westliche Medien und Politiker ziehen den russischen Nazismus-Vorwurf gegen die Ukraine ins L\u00e4cherliche. Doch was,  wenn viele Ukrainer selbst ihr Land als Nazismus-verseucht betrachten? Eine Umfrage der Soros-Stiftung &#8220;Renaissance&#8221; brachte \u00fcberraschende und f\u00fcr deren Auftraggeber &#8220;besorgniserregende&#8221; Ergebnisse.\n            <\/div>\n<p><\/p>\n<div class=\"Text-root Text-type_5 ArticleView-text ViewText-root \">\n<p><em>Eine Analyse von Wladislaw Sankin<\/em><\/p>\n<p>Dass Nazismus oder Neonazismus in der Ukraine weit verbreitet ist, glauben 43 Prozent der Ukrainer,\u00a0und etwa ein Drittel der Befragten meint, dass russischsprachige Menschen unterdr\u00fcckt werden und der Maidan ein Staatsstreich war.\u00a0Das geht aus der\u00a0<a rel=\"nofollow noopener\" target=\"_blank\" href=\"https:\/\/voxukraine.org\/en\/the-ability-of-ukrainians-to-distinguish-messages-of-russian-propaganda-results-of-public-opinion-research\">Studie<\/a>\u00a0des Projekts VoxCheck hervor, das gemeinsam mit dem Unternehmen CBR und mit Unterst\u00fctzung der Soros International Renaissance Foundation durchgef\u00fchrt wurde.<\/p>\n<p>Die Forscher stellten mehrere wichtige Signale fest:<\/p>\n<p>&#8211; 43 Prozent der Befragten in der Ukraine und 36 Prozent im Ausland stimmten der Aussage &#8220;Nazi- und\/oder Neonazi-Ideologie sind in der Ukraine nicht weitverbreitet&#8221; nicht zu.<\/p>\n<p>&#8211; 29 Prozent der Befragten in der Ukraine und 35 Prozent im Ausland stimmten der Aussage &#8220;Die Revolution der W\u00fcrde 2013\/2014 in der Ukraine war kein Staatsstreich&#8221; nicht zu;<\/p>\n<p>&#8211; 26 Prozent der Befragten in der Ukraine und 29 Prozent im Ausland stimmten der Aussage &#8220;Russland befindet sich in der Ukraine im Krieg gegen den Westen\/die NATO&#8221; zu;<\/p>\n<p>&#8211; 25 Prozent der Befragten in der Ukraine und 29 Prozent im Ausland stimmten der <a rel=\"nofollow noopener\" target=\"_blank\" href=\"https:\/\/odysee.com\/@RTDE:e\/ukrainische-kriegsgefangene-westen-froh-dass-mit-ukrainischen-haenden-krieg-russland:7?src=embed\">Aussage<\/a> &#8220;Der Westen benutzt die Ukraine f\u00fcr seine eigenen Zwecke im Krieg mit Russland&#8221; zu;<\/p>\n<p>&#8211; 32 Prozent der Befragten im Ausland stimmten der Aussage &#8220;Russischsprachige Menschen werden in der Ukraine unterdr\u00fcckt&#8221; zu.<\/p>\n<div class=\"EmbedBlock-root EmbedBlock-externalVideo EmbedBlock-odysee\">\n<div class=\"VkEmbed\"><iframe class=\"lazyload\" data-src=\"https:\/\/odysee.com\/%24\/embed\/%40RTDE%3Ae%2Fukrainische-kriegsgefangene-westen-froh-dass-mit-ukrainischen-haenden-krieg-russland%3A7\" frameborder=\"0\" width=\"853\" height=\"480\" allowfullscreen><\/iframe><\/div>\n<\/div>\n<p>Die Untersuchung wurde vom 26. Mai bis 7. Juni 2023 unter Ukrainern im Alter von 18 bis 70 Jahren durchgef\u00fchrt, die in der Ukraine oder im Ausland (Polen, Tschechische Republik, Deutschland, Gro\u00dfbritannien, Spanien, Italien, Frankreich, Slowakei usw.) leben. Erhebungsmethoden: Befragung \u00fcber das CBR Point Online-Panel, Telefoninterviews, Online-Interviews. Die Stichprobe: 1466 Befragte aus der Ukraine und 327 Befragte aus dem Ausland.<\/p>\n<p>Das Umfrageunternehmen bewertete die oben angef\u00fchrten Ergebnisse als &#8220;besorgniserregend&#8221;, denn das Ziel der Erhebung war, die\u00a0Resistenz der ukrainischen Bev\u00f6lkerung gegen\u00fcber &#8220;russischer Propaganda und Desinformation&#8221; zu bemessen. Diese und andere \u00e4hnliche Behauptungen wurden den Studienteilnehmern als Beispiel f\u00fcr russische Narrative angeboten. Die popul\u00e4rste &#8220;prorussische&#8221; Aussage war die Behauptung, &#8220;die ukrainischen Beh\u00f6rden haben die Ukraine in eine humanit\u00e4re Krise gebracht&#8221;. Diese bekam 31 Prozent der Zustimmung in der Ukraine und 41 im Ausland.\u00a0<\/p>\n<p>Ihnen gegen\u00fcber standen &#8220;proukrainische&#8221; Aussagen wie, dass russische Referenden in den &#8220;besetzten Gebieten&#8221; illegal seien und dass das Verbot prorussischer Parteien ein Kampf gegen Kollaborateure sei. Diese bekamen hohe Zustimmungsraten, was den Befragten etwas Lob einbrachte, dass die Bev\u00f6lkerung insgesamt in der Lage sei, die &#8220;Narrative der russischen Propaganda&#8221; zu erkennen. Das traditionelle Gef\u00e4lle zwischen dem S\u00fcd-Osten und dem Westen war allerdings nur leicht zu erkennen.<\/p>\n<p>\u00dcberraschend war dabei ein Detail beim Alter der Befragten. Traditionell geht man davon aus, dass ausgerechnet j\u00fcngere Menschen besonders empf\u00e4nglich f\u00fcr die romantisch-verkl\u00e4rende Glorifizierung des Maidans 2013\/2014 als &#8220;Revolution der W\u00fcrde&#8221; sind. Doch ausgerechnet die Altersgruppe 18 bis 29 wies sich im Vergleich zu anderen Altersgruppen als besonders &#8220;maidanskeptisch&#8221; aus. Nur 42 Prozent der Befragten und damit weniger als die H\u00e4lfte stimmten der Aussage &#8220;die Revolution der W\u00fcrde war KEIN Staatsstreich&#8221; zu. 37 Prozent waren mit dieser Behauptung nicht einverstanden.\u00a0\u00a0<\/p>\n<p>Neben dem aus Sicht des Umfrageunternehmens vermeintlichen Nazismus-Vorwurf geh\u00f6re diese Aussage zu &#8220;immergr\u00fcnen&#8221; Narrativen, f\u00fcr die die ukrainische Bev\u00f6lkerung nun aufgrund der nachgelassenen Gegenpropaganda immer noch empf\u00e4nglich sei. Die aktuelleren kriegsrelevanten Meldungen werden dagegen von den ukrainischen Medien f\u00fcr die Empf\u00e4nger rechtzeitig eingeordnet. Insgesamt kommen etwa 20 Prozent der ukrainischen Bev\u00f6lkerung mit &#8220;feindlichen&#8221; Narrativen bei der Informationsbeschaffung in Ber\u00fchrung.<\/p>\n<p>Vor diesem Hintergrund sind nicht nur die Ergebnisse der Studie sensationell, sondern auch die Tatsache, dass diese Umfrage \u00fcberhaupt\u00a0durchgef\u00fchrt werden konnte. Das Land befindet sich im dauerhaften Zustand der <a rel=\"nofollow noopener\" target=\"_blank\" href=\"https:\/\/meinungsfreiheit.rtde.life\/meinung\/167403-ukraine-krieg-zeigt-kriegspropaganda-entwickelt\/\">Kriegshysterie<\/a>, russische Medien sind verboten, die Mobilisierten werden auf den Stra\u00dfen <a rel=\"nofollow noopener\" target=\"_blank\" href=\"https:\/\/meinungsfreiheit.rtde.life\/international\/166313-wachsende-widerstand-gegen-zwangsrekrutierung-ukrainischer\/\">zwangsrekrutiert<\/a>.\u00a0Sympathie zu Russland gilt als kriminell, Hass zu Russland wird dagegen vor allen in weitverbreiteten sozialen Medien gefeiert. Es w\u00e4re naiv, in dieser Atmosph\u00e4re ehrliche Antworten zu erwarten. Sicherlich neigen viele dazu, sozial gew\u00fcnschte oder zumindest nicht strafbare Meinungen zu demonstrieren. Es bleibt nur zu raten, wie das\u00a0Ergebnis ausfallen w\u00fcrde, wenn der politische Druck verschwinden sollte.\u00a0<\/p>\n<p>Auch gewisse Skepsis gegen\u00fcber Auftraggebern der Studie und deren Interessen ist angebracht. Denn am Ende haben es die Analysten auf gro\u00dfz\u00fcgige F\u00f6rdert\u00f6pfe abgesehen \u2013 f\u00fcr verst\u00e4rkte Aufkl\u00e4rungskampagnen und Durchsetzung der &#8220;Gegennarrative&#8221;, versteht sich. Das Geld f\u00fcr solche Studien kommt aus dem Westen, und er ist seit Jahren eifrig damit besch\u00e4ftigt, das ukrainische Nazismus-Problem sch\u00f6nzureden. Offenbar ohne gro\u00dfen Erfolg, denn auch jetzt, nach eineinhalb Jahren Krieg, sind es nicht (nur) die &#8220;Feinde der Ukraine&#8221; Putin, Medwedew oder Lawrow, die der Ukraine eine weitverbreitete nazistische Ideologie <a rel=\"nofollow noopener\" target=\"_blank\" href=\"https:\/\/meinungsfreiheit.rtde.life\/kurzclips\/video\/173068-wer-sind-heutigen-helden-ukraine\/\">bescheinigen<\/a>, sondern knapp die H\u00e4lfte der Ukrainer selbst.<\/p>\n<p><strong>Mehr zum Thema<\/strong>\u00a0\u2013\u00a0<a rel=\"nofollow noopener\" target=\"_blank\" href=\"https:\/\/meinungsfreiheit.rtde.life\/meinung\/173965-bandera-hymne-auf-marienplatz-brief\/\">Bandera-Hymne auf dem Marienplatz: Brief an die M\u00fcnchener Stadtr\u00e4te<\/a><\/p>\n<div class=\"EmbedBlock-root EmbedBlock-externalVideo EmbedBlock-odysee\">\n<div class=\"VkEmbed\"><iframe class=\"lazyload\" data-src=\"https:\/\/odysee.com\/%24\/embed\/%40RTDE%3Ae%2Fwer-sind-die-heutigen-helden-der-ukraine-geschichtsunterricht-mit-wladimir-putin%3A2\" frameborder=\"0\" width=\"853\" height=\"480\" allowfullscreen><\/iframe><\/div>\n<\/div>\n<\/div>\n<p><br \/>\n<br \/><a href=\"https:\/\/de.rt.com\/international\/173900-haelfte-ukrainer-sieht-nazismus-problem\/\">Source link <\/a><\/p>\n","protected":false},"excerpt":{"rendered":"<p>Westliche Medien und Politiker ziehen den russischen Nazismus-Vorwurf gegen die Ukraine ins L\u00e4cherliche. Doch was, wenn viele Ukrainer selbst ihr Land als Nazismus-verseucht betrachten? Eine Umfrage der Soros-Stiftung &#8220;Renaissance&#8221; brachte \u00fcberraschende und f\u00fcr deren Auftraggeber &#8220;besorgniserregende&#8221; Ergebnisse. Eine Analyse von Wladislaw Sankin Dass Nazismus oder Neonazismus in der Ukraine weit verbreitet ist, glauben 43 Prozent [&hellip;]<\/p>\n","protected":false},"author":3,"featured_media":39222,"comment_status":"open","ping_status":"open","sticky":false,"template":"","format":"standard","meta":{"_yoast_indexnow_last_ping":["1688132005"],"wp_automatic_camp":["217"],"33c74b18a94b13c25a562c8772877c90":["Die H\u00e4lfte der Ukrainer sieht Nazismus-Problem im Land \u2013 f\u00fcr Soros-Stiftung &quot;besorgniserregend&quot;"],"original_link":["https:\/\/de.rt.com\/international\/173900-haelfte-ukrainer-sieht-nazismus-problem\/"],"_thumbnail_id":["39222"],"jnews_social_counter_last_update":["1777191488"],"_wptgpro_p2tg_sent2tg":["a:1:{i:23737;s:19:\"2023-06-30 15:34:37\";}"]},"categories":[19,23],"tags":[82,45,221,20976,7414,46230,46232,6809,46231,5757],"yoast_head":"<!-- This site is optimized with the Yoast SEO Premium plugin v22.7 (Yoast SEO v22.7) - https:\/\/yoast.com\/wordpress\/plugins\/seo\/ -->\n<title>Die H\u00e4lfte der Ukrainer sieht Nazismus-Problem im Land \u2013 f\u00fcr Soros-Stiftung &quot;besorgniserregend&quot; - just-now.NEWS Deutschland<\/title>\n<meta name=\"robots\" content=\"index, follow, max-snippet:-1, max-image-preview:large, max-video-preview:-1\" \/>\n<link rel=\"canonical\" href=\"https:\/\/now-news.de\/de\/deutschland\/die-haelfte-der-ukrainer-sieht-nazismus-problem-im-land-fuer-soros-stiftung-besorgniserregend\/\" \/>\n<meta property=\"og:locale\" content=\"de_DE\" \/>\n<meta property=\"og:type\" content=\"article\" \/>\n<meta property=\"og:title\" content=\"Die H\u00e4lfte der Ukrainer sieht Nazismus-Problem im Land \u2013 f\u00fcr Soros-Stiftung &quot;besorgniserregend&quot;\" \/>\n<meta property=\"og:description\" content=\"Westliche Medien und Politiker ziehen den russischen Nazismus-Vorwurf gegen die Ukraine ins L\u00e4cherliche. Doch was, wenn viele Ukrainer selbst ihr Land als Nazismus-verseucht betrachten? Eine Umfrage der Soros-Stiftung &#8220;Renaissance&#8221; brachte \u00fcberraschende und f\u00fcr deren Auftraggeber &#8220;besorgniserregende&#8221; Ergebnisse. Eine Analyse von Wladislaw Sankin Dass Nazismus oder Neonazismus in der Ukraine weit verbreitet ist, glauben 43 Prozent [&hellip;]\" \/>\n<meta property=\"og:url\" content=\"https:\/\/now-news.de\/de\/deutschland\/die-haelfte-der-ukrainer-sieht-nazismus-problem-im-land-fuer-soros-stiftung-besorgniserregend\/\" \/>\n<meta property=\"og:site_name\" content=\"just-now.NEWS Deutschland\" \/>\n<meta property=\"article:publisher\" content=\"https:\/\/www.facebook.com\/wirmachenauf\" \/>\n<meta property=\"article:published_time\" content=\"2023-06-30T13:20:07+00:00\" \/>\n<meta property=\"og:image\" content=\"https:\/\/now-news.de\/de\/wp-content\/uploads\/sites\/3\/2023\/06\/Die-Haelfte-der-Ukrainer-sieht-Nazismus-Problem-im-Land-\u2013-fuer.jpg\" \/>\n\t<meta property=\"og:image:width\" content=\"460\" \/>\n\t<meta property=\"og:image:height\" content=\"259\" \/>\n\t<meta property=\"og:image:type\" content=\"image\/jpeg\" \/>\n<meta name=\"author\" content=\"rtnews\" \/>\n<meta name=\"twitter:card\" content=\"summary_large_image\" \/>\n<meta name=\"twitter:creator\" content=\"@WirMachenAuf_de\" \/>\n<meta name=\"twitter:site\" content=\"@WirMachenAuf_de\" \/>\n<meta name=\"twitter:label1\" content=\"Verfasst von\" \/>\n\t<meta name=\"twitter:data1\" content=\"rtnews\" \/>\n\t<meta name=\"twitter:label2\" content=\"Gesch\u00e4tzte Lesezeit\" \/>\n\t<meta name=\"twitter:data2\" content=\"4\u00a0Minuten\" \/>\n<script type=\"application\/ld+json\" class=\"yoast-schema-graph\">{\"@context\":\"https:\/\/schema.org\",\"@graph\":[{\"@type\":\"Article\",\"@id\":\"https:\/\/now-news.de\/de\/deutschland\/die-haelfte-der-ukrainer-sieht-nazismus-problem-im-land-fuer-soros-stiftung-besorgniserregend\/#article\",\"isPartOf\":{\"@id\":\"https:\/\/now-news.de\/de\/deutschland\/die-haelfte-der-ukrainer-sieht-nazismus-problem-im-land-fuer-soros-stiftung-besorgniserregend\/\"},\"author\":{\"name\":\"rtnews\",\"@id\":\"https:\/\/now-news.de\/de\/#\/schema\/person\/fb534a4e865501d8b3285208df34a9b5\"},\"headline\":\"Die H\u00e4lfte der Ukrainer sieht Nazismus-Problem im Land \u2013 f\u00fcr Soros-Stiftung &quot;besorgniserregend&quot;\",\"datePublished\":\"2023-06-30T13:20:07+00:00\",\"dateModified\":\"2023-06-30T13:20:07+00:00\",\"mainEntityOfPage\":{\"@id\":\"https:\/\/now-news.de\/de\/deutschland\/die-haelfte-der-ukrainer-sieht-nazismus-problem-im-land-fuer-soros-stiftung-besorgniserregend\/\"},\"wordCount\":831,\"commentCount\":0,\"publisher\":{\"@id\":\"https:\/\/now-news.de\/de\/#organization\"},\"image\":{\"@id\":\"https:\/\/now-news.de\/de\/deutschland\/die-haelfte-der-ukrainer-sieht-nazismus-problem-im-land-fuer-soros-stiftung-besorgniserregend\/#primaryimage\"},\"thumbnailUrl\":\"https:\/\/now-news.de\/de\/wp-content\/uploads\/sites\/3\/2023\/06\/Die-Haelfte-der-Ukrainer-sieht-Nazismus-Problem-im-Land-\u2013-fuer.jpg\",\"keywords\":[\"der\",\"die\",\"f\u00fcr\",\"H\u00e4lfte\",\"Land\",\"NazismusProblem\",\"quotbesorgniserregendquot\",\"sieht\",\"SorosStiftung\",\"Ukrainer\"],\"articleSection\":[\"Deutschland\",\"Russland\"],\"inLanguage\":\"de\",\"potentialAction\":[{\"@type\":\"CommentAction\",\"name\":\"Comment\",\"target\":[\"https:\/\/now-news.de\/de\/deutschland\/die-haelfte-der-ukrainer-sieht-nazismus-problem-im-land-fuer-soros-stiftung-besorgniserregend\/#respond\"]}]},{\"@type\":\"WebPage\",\"@id\":\"https:\/\/now-news.de\/de\/deutschland\/die-haelfte-der-ukrainer-sieht-nazismus-problem-im-land-fuer-soros-stiftung-besorgniserregend\/\",\"url\":\"https:\/\/now-news.de\/de\/deutschland\/die-haelfte-der-ukrainer-sieht-nazismus-problem-im-land-fuer-soros-stiftung-besorgniserregend\/\",\"name\":\"Die H\u00e4lfte der Ukrainer sieht Nazismus-Problem im Land \u2013 f\u00fcr Soros-Stiftung &quot;besorgniserregend&quot; - just-now.NEWS Deutschland\",\"isPartOf\":{\"@id\":\"https:\/\/now-news.de\/de\/#website\"},\"primaryImageOfPage\":{\"@id\":\"https:\/\/now-news.de\/de\/deutschland\/die-haelfte-der-ukrainer-sieht-nazismus-problem-im-land-fuer-soros-stiftung-besorgniserregend\/#primaryimage\"},\"image\":{\"@id\":\"https:\/\/now-news.de\/de\/deutschland\/die-haelfte-der-ukrainer-sieht-nazismus-problem-im-land-fuer-soros-stiftung-besorgniserregend\/#primaryimage\"},\"thumbnailUrl\":\"https:\/\/now-news.de\/de\/wp-content\/uploads\/sites\/3\/2023\/06\/Die-Haelfte-der-Ukrainer-sieht-Nazismus-Problem-im-Land-\u2013-fuer.jpg\",\"datePublished\":\"2023-06-30T13:20:07+00:00\",\"dateModified\":\"2023-06-30T13:20:07+00:00\",\"breadcrumb\":{\"@id\":\"https:\/\/now-news.de\/de\/deutschland\/die-haelfte-der-ukrainer-sieht-nazismus-problem-im-land-fuer-soros-stiftung-besorgniserregend\/#breadcrumb\"},\"inLanguage\":\"de\",\"potentialAction\":[{\"@type\":\"ReadAction\",\"target\":[\"https:\/\/now-news.de\/de\/deutschland\/die-haelfte-der-ukrainer-sieht-nazismus-problem-im-land-fuer-soros-stiftung-besorgniserregend\/\"]}]},{\"@type\":\"ImageObject\",\"inLanguage\":\"de\",\"@id\":\"https:\/\/now-news.de\/de\/deutschland\/die-haelfte-der-ukrainer-sieht-nazismus-problem-im-land-fuer-soros-stiftung-besorgniserregend\/#primaryimage\",\"url\":\"https:\/\/now-news.de\/de\/wp-content\/uploads\/sites\/3\/2023\/06\/Die-Haelfte-der-Ukrainer-sieht-Nazismus-Problem-im-Land-\u2013-fuer.jpg\",\"contentUrl\":\"https:\/\/now-news.de\/de\/wp-content\/uploads\/sites\/3\/2023\/06\/Die-Haelfte-der-Ukrainer-sieht-Nazismus-Problem-im-Land-\u2013-fuer.jpg\",\"width\":460,\"height\":259,\"caption\":\"Die H\u00e4lfte der Ukrainer sieht Nazismus-Problem im Land \u2013 f\u00fcr Soros-Stiftung &quot;besorgniserregend&quot;\"},{\"@type\":\"BreadcrumbList\",\"@id\":\"https:\/\/now-news.de\/de\/deutschland\/die-haelfte-der-ukrainer-sieht-nazismus-problem-im-land-fuer-soros-stiftung-besorgniserregend\/#breadcrumb\",\"itemListElement\":[{\"@type\":\"ListItem\",\"position\":1,\"name\":\"Home\",\"item\":\"https:\/\/now-news.de\/de\/\"},{\"@type\":\"ListItem\",\"position\":2,\"name\":\"Die H\u00e4lfte der Ukrainer sieht Nazismus-Problem im Land \u2013 f\u00fcr Soros-Stiftung &quot;besorgniserregend&quot;\"}]},{\"@type\":\"WebSite\",\"@id\":\"https:\/\/now-news.de\/de\/#website\",\"url\":\"https:\/\/now-news.de\/de\/\",\"name\":\"just-now.NEWS Deutschland\",\"description\":\"Das Portal f\u00fcr unzensierte Nachrichten aus der Welt\",\"publisher\":{\"@id\":\"https:\/\/now-news.de\/de\/#organization\"},\"potentialAction\":[{\"@type\":\"SearchAction\",\"target\":{\"@type\":\"EntryPoint\",\"urlTemplate\":\"https:\/\/now-news.de\/de\/?s={search_term_string}\"},\"query-input\":\"required name=search_term_string\"}],\"inLanguage\":\"de\"},{\"@type\":\"Organization\",\"@id\":\"https:\/\/now-news.de\/de\/#organization\",\"name\":\"Just Now News\",\"url\":\"https:\/\/now-news.de\/de\/\",\"logo\":{\"@type\":\"ImageObject\",\"inLanguage\":\"de\",\"@id\":\"https:\/\/now-news.de\/de\/#\/schema\/logo\/image\/\",\"url\":\"http:\/\/just-now.news\/de\/wp-content\/uploads\/sites\/3\/2022\/04\/logo500x500.jpg\",\"contentUrl\":\"http:\/\/just-now.news\/de\/wp-content\/uploads\/sites\/3\/2022\/04\/logo500x500.jpg\",\"width\":500,\"height\":500,\"caption\":\"Just Now News\"},\"image\":{\"@id\":\"https:\/\/now-news.de\/de\/#\/schema\/logo\/image\/\"},\"sameAs\":[\"https:\/\/www.facebook.com\/wirmachenauf\",\"https:\/\/x.com\/WirMachenAuf_de\"]},{\"@type\":\"Person\",\"@id\":\"https:\/\/now-news.de\/de\/#\/schema\/person\/fb534a4e865501d8b3285208df34a9b5\",\"name\":\"rtnews\",\"image\":{\"@type\":\"ImageObject\",\"inLanguage\":\"de\",\"@id\":\"https:\/\/now-news.de\/de\/#\/schema\/person\/image\/\",\"url\":\"https:\/\/secure.gravatar.com\/avatar\/82aafea7d8127119dd649515f56e2117?s=96&d=mm&r=g\",\"contentUrl\":\"https:\/\/secure.gravatar.com\/avatar\/82aafea7d8127119dd649515f56e2117?s=96&d=mm&r=g\",\"caption\":\"rtnews\"},\"url\":\"https:\/\/now-news.de\/de\/author\/rnews\/\"}]}<\/script>\n<!-- \/ Yoast SEO Premium plugin. -->","yoast_head_json":{"title":"Die H\u00e4lfte der Ukrainer sieht Nazismus-Problem im Land \u2013 f\u00fcr Soros-Stiftung &quot;besorgniserregend&quot; - just-now.NEWS Deutschland","robots":{"index":"index","follow":"follow","max-snippet":"max-snippet:-1","max-image-preview":"max-image-preview:large","max-video-preview":"max-video-preview:-1"},"canonical":"https:\/\/now-news.de\/de\/deutschland\/die-haelfte-der-ukrainer-sieht-nazismus-problem-im-land-fuer-soros-stiftung-besorgniserregend\/","og_locale":"de_DE","og_type":"article","og_title":"Die H\u00e4lfte der Ukrainer sieht Nazismus-Problem im Land \u2013 f\u00fcr Soros-Stiftung &quot;besorgniserregend&quot;","og_description":"Westliche Medien und Politiker ziehen den russischen Nazismus-Vorwurf gegen die Ukraine ins L\u00e4cherliche. Doch was, wenn viele Ukrainer selbst ihr Land als Nazismus-verseucht betrachten? Eine Umfrage der Soros-Stiftung &#8220;Renaissance&#8221; brachte \u00fcberraschende und f\u00fcr deren Auftraggeber &#8220;besorgniserregende&#8221; Ergebnisse. Eine Analyse von Wladislaw Sankin Dass Nazismus oder Neonazismus in der Ukraine weit verbreitet ist, glauben 43 Prozent [&hellip;]","og_url":"https:\/\/now-news.de\/de\/deutschland\/die-haelfte-der-ukrainer-sieht-nazismus-problem-im-land-fuer-soros-stiftung-besorgniserregend\/","og_site_name":"just-now.NEWS Deutschland","article_publisher":"https:\/\/www.facebook.com\/wirmachenauf","article_published_time":"2023-06-30T13:20:07+00:00","og_image":[{"width":460,"height":259,"url":"https:\/\/now-news.de\/de\/wp-content\/uploads\/sites\/3\/2023\/06\/Die-Haelfte-der-Ukrainer-sieht-Nazismus-Problem-im-Land-\u2013-fuer.jpg","type":"image\/jpeg"}],"author":"rtnews","twitter_card":"summary_large_image","twitter_creator":"@WirMachenAuf_de","twitter_site":"@WirMachenAuf_de","twitter_misc":{"Verfasst von":"rtnews","Gesch\u00e4tzte Lesezeit":"4\u00a0Minuten"},"schema":{"@context":"https:\/\/schema.org","@graph":[{"@type":"Article","@id":"https:\/\/now-news.de\/de\/deutschland\/die-haelfte-der-ukrainer-sieht-nazismus-problem-im-land-fuer-soros-stiftung-besorgniserregend\/#article","isPartOf":{"@id":"https:\/\/now-news.de\/de\/deutschland\/die-haelfte-der-ukrainer-sieht-nazismus-problem-im-land-fuer-soros-stiftung-besorgniserregend\/"},"author":{"name":"rtnews","@id":"https:\/\/now-news.de\/de\/#\/schema\/person\/fb534a4e865501d8b3285208df34a9b5"},"headline":"Die H\u00e4lfte der Ukrainer sieht Nazismus-Problem im Land \u2013 f\u00fcr Soros-Stiftung &quot;besorgniserregend&quot;","datePublished":"2023-06-30T13:20:07+00:00","dateModified":"2023-06-30T13:20:07+00:00","mainEntityOfPage":{"@id":"https:\/\/now-news.de\/de\/deutschland\/die-haelfte-der-ukrainer-sieht-nazismus-problem-im-land-fuer-soros-stiftung-besorgniserregend\/"},"wordCount":831,"commentCount":0,"publisher":{"@id":"https:\/\/now-news.de\/de\/#organization"},"image":{"@id":"https:\/\/now-news.de\/de\/deutschland\/die-haelfte-der-ukrainer-sieht-nazismus-problem-im-land-fuer-soros-stiftung-besorgniserregend\/#primaryimage"},"thumbnailUrl":"https:\/\/now-news.de\/de\/wp-content\/uploads\/sites\/3\/2023\/06\/Die-Haelfte-der-Ukrainer-sieht-Nazismus-Problem-im-Land-\u2013-fuer.jpg","keywords":["der","die","f\u00fcr","H\u00e4lfte","Land","NazismusProblem","quotbesorgniserregendquot","sieht","SorosStiftung","Ukrainer"],"articleSection":["Deutschland","Russland"],"inLanguage":"de","potentialAction":[{"@type":"CommentAction","name":"Comment","target":["https:\/\/now-news.de\/de\/deutschland\/die-haelfte-der-ukrainer-sieht-nazismus-problem-im-land-fuer-soros-stiftung-besorgniserregend\/#respond"]}]},{"@type":"WebPage","@id":"https:\/\/now-news.de\/de\/deutschland\/die-haelfte-der-ukrainer-sieht-nazismus-problem-im-land-fuer-soros-stiftung-besorgniserregend\/","url":"https:\/\/now-news.de\/de\/deutschland\/die-haelfte-der-ukrainer-sieht-nazismus-problem-im-land-fuer-soros-stiftung-besorgniserregend\/","name":"Die H\u00e4lfte der Ukrainer sieht Nazismus-Problem im Land \u2013 f\u00fcr Soros-Stiftung &quot;besorgniserregend&quot; - just-now.NEWS Deutschland","isPartOf":{"@id":"https:\/\/now-news.de\/de\/#website"},"primaryImageOfPage":{"@id":"https:\/\/now-news.de\/de\/deutschland\/die-haelfte-der-ukrainer-sieht-nazismus-problem-im-land-fuer-soros-stiftung-besorgniserregend\/#primaryimage"},"image":{"@id":"https:\/\/now-news.de\/de\/deutschland\/die-haelfte-der-ukrainer-sieht-nazismus-problem-im-land-fuer-soros-stiftung-besorgniserregend\/#primaryimage"},"thumbnailUrl":"https:\/\/now-news.de\/de\/wp-content\/uploads\/sites\/3\/2023\/06\/Die-Haelfte-der-Ukrainer-sieht-Nazismus-Problem-im-Land-\u2013-fuer.jpg","datePublished":"2023-06-30T13:20:07+00:00","dateModified":"2023-06-30T13:20:07+00:00","breadcrumb":{"@id":"https:\/\/now-news.de\/de\/deutschland\/die-haelfte-der-ukrainer-sieht-nazismus-problem-im-land-fuer-soros-stiftung-besorgniserregend\/#breadcrumb"},"inLanguage":"de","potentialAction":[{"@type":"ReadAction","target":["https:\/\/now-news.de\/de\/deutschland\/die-haelfte-der-ukrainer-sieht-nazismus-problem-im-land-fuer-soros-stiftung-besorgniserregend\/"]}]},{"@type":"ImageObject","inLanguage":"de","@id":"https:\/\/now-news.de\/de\/deutschland\/die-haelfte-der-ukrainer-sieht-nazismus-problem-im-land-fuer-soros-stiftung-besorgniserregend\/#primaryimage","url":"https:\/\/now-news.de\/de\/wp-content\/uploads\/sites\/3\/2023\/06\/Die-Haelfte-der-Ukrainer-sieht-Nazismus-Problem-im-Land-\u2013-fuer.jpg","contentUrl":"https:\/\/now-news.de\/de\/wp-content\/uploads\/sites\/3\/2023\/06\/Die-Haelfte-der-Ukrainer-sieht-Nazismus-Problem-im-Land-\u2013-fuer.jpg","width":460,"height":259,"caption":"Die H\u00e4lfte der Ukrainer sieht Nazismus-Problem im Land \u2013 f\u00fcr Soros-Stiftung &quot;besorgniserregend&quot;"},{"@type":"BreadcrumbList","@id":"https:\/\/now-news.de\/de\/deutschland\/die-haelfte-der-ukrainer-sieht-nazismus-problem-im-land-fuer-soros-stiftung-besorgniserregend\/#breadcrumb","itemListElement":[{"@type":"ListItem","position":1,"name":"Home","item":"https:\/\/now-news.de\/de\/"},{"@type":"ListItem","position":2,"name":"Die H\u00e4lfte der Ukrainer sieht Nazismus-Problem im Land \u2013 f\u00fcr Soros-Stiftung &quot;besorgniserregend&quot;"}]},{"@type":"WebSite","@id":"https:\/\/now-news.de\/de\/#website","url":"https:\/\/now-news.de\/de\/","name":"just-now.NEWS Deutschland","description":"Das Portal f\u00fcr unzensierte Nachrichten aus der Welt","publisher":{"@id":"https:\/\/now-news.de\/de\/#organization"},"potentialAction":[{"@type":"SearchAction","target":{"@type":"EntryPoint","urlTemplate":"https:\/\/now-news.de\/de\/?s={search_term_string}"},"query-input":"required name=search_term_string"}],"inLanguage":"de"},{"@type":"Organization","@id":"https:\/\/now-news.de\/de\/#organization","name":"Just Now News","url":"https:\/\/now-news.de\/de\/","logo":{"@type":"ImageObject","inLanguage":"de","@id":"https:\/\/now-news.de\/de\/#\/schema\/logo\/image\/","url":"http:\/\/just-now.news\/de\/wp-content\/uploads\/sites\/3\/2022\/04\/logo500x500.jpg","contentUrl":"http:\/\/just-now.news\/de\/wp-content\/uploads\/sites\/3\/2022\/04\/logo500x500.jpg","width":500,"height":500,"caption":"Just Now News"},"image":{"@id":"https:\/\/now-news.de\/de\/#\/schema\/logo\/image\/"},"sameAs":["https:\/\/www.facebook.com\/wirmachenauf","https:\/\/x.com\/WirMachenAuf_de"]},{"@type":"Person","@id":"https:\/\/now-news.de\/de\/#\/schema\/person\/fb534a4e865501d8b3285208df34a9b5","name":"rtnews","image":{"@type":"ImageObject","inLanguage":"de","@id":"https:\/\/now-news.de\/de\/#\/schema\/person\/image\/","url":"https:\/\/secure.gravatar.com\/avatar\/82aafea7d8127119dd649515f56e2117?s=96&d=mm&r=g","contentUrl":"https:\/\/secure.gravatar.com\/avatar\/82aafea7d8127119dd649515f56e2117?s=96&d=mm&r=g","caption":"rtnews"},"url":"https:\/\/now-news.de\/de\/author\/rnews\/"}]}},"_links":{"self":[{"href":"https:\/\/now-news.de\/de\/wp-json\/wp\/v2\/posts\/39221"}],"collection":[{"href":"https:\/\/now-news.de\/de\/wp-json\/wp\/v2\/posts"}],"about":[{"href":"https:\/\/now-news.de\/de\/wp-json\/wp\/v2\/types\/post"}],"author":[{"embeddable":true,"href":"https:\/\/now-news.de\/de\/wp-json\/wp\/v2\/users\/3"}],"replies":[{"embeddable":true,"href":"https:\/\/now-news.de\/de\/wp-json\/wp\/v2\/comments?post=39221"}],"version-history":[{"count":0,"href":"https:\/\/now-news.de\/de\/wp-json\/wp\/v2\/posts\/39221\/revisions"}],"wp:featuredmedia":[{"embeddable":true,"href":"https:\/\/now-news.de\/de\/wp-json\/wp\/v2\/media\/39222"}],"wp:attachment":[{"href":"https:\/\/now-news.de\/de\/wp-json\/wp\/v2\/media?parent=39221"}],"wp:term":[{"taxonomy":"category","embeddable":true,"href":"https:\/\/now-news.de\/de\/wp-json\/wp\/v2\/categories?post=39221"},{"taxonomy":"post_tag","embeddable":true,"href":"https:\/\/now-news.de\/de\/wp-json\/wp\/v2\/tags?post=39221"}],"curies":[{"name":"wp","href":"https:\/\/api.w.org\/{rel}","templated":true}]}}