{"id":39213,"date":"2023-06-30T13:28:34","date_gmt":"2023-06-30T11:28:34","guid":{"rendered":"https:\/\/just-now.news\/de\/deutschland\/selenskij-bittet-umweltaktivistin-thunberg-um-professionelle-hilfe\/"},"modified":"2023-06-30T13:28:34","modified_gmt":"2023-06-30T11:28:34","slug":"selenskij-bittet-umweltaktivistin-thunberg-um-professionelle-hilfe","status":"publish","type":"post","link":"https:\/\/now-news.de\/de\/deutschland\/selenskij-bittet-umweltaktivistin-thunberg-um-professionelle-hilfe\/","title":{"rendered":"Selenskij bittet Umweltaktivistin Thunberg um professionelle Hilfe"},"content":{"rendered":"<p><img decoding=\"async\" src=\"http:\/\/just-now.news\/de\/wp-content\/uploads\/sites\/3\/2023\/06\/649eb62248fbef4e362bdbde.jpg\" \/><\/p>\n<div class=\"Text-root Text-type_1 \">\n                Die Umweltaktivistin Greta Thunberg hat am Donnerstag mit einer Delegation Kiew besucht. Der ukrainische Pr\u00e4sident Wladimir Selenskij beschrieb ihr die Folgen der Kachowka-Katastrophe und bat die Schwedin sowie andere Delegationsmitglieder um &#8220;professionelle Hilfe&#8221;.\n            <\/div>\n<p><\/p>\n<div class=\"Text-root Text-type_5 ArticleView-text ViewText-root \">\n<p>Am Donnerstag ist Greta Thunberg in Kiew eingetroffen. Die 20-j\u00e4hrige Klimaaktivistin traf sich mit dem ukrainischen Pr\u00e4sidenten Wladimir Selenskij, um durch den Ukraine-Konflikt verursachte Klimasch\u00e4den zu er\u00f6rtern.<\/p>\n<p>Thunberg wurde von\u00a0Schwedens Ex-Au\u00dfenministerin Margot Wallstr\u00f6m, der Abgeordneten des Europ\u00e4ischen Parlaments Heidi Hautala und der ehemaligen Pr\u00e4sidentin Irlands Mary Robinson begleitet. In einer Erkl\u00e4rung auf Telegram bezeichnete Selenskij die Besucher &#8220;als Mitglieder der Internationalen Arbeitsgruppe zu Russlands Umweltverbrechen&#8221;. Hoch auf der Tagesordnung habe der Kampf gegen den vermeintlichen \u00d6kozid seitens Russland gestanden, der auch ein Punkt der ukrainischen Friedensformel sei. Unter anderem habe der ukrainische Staatschef Russland die Zerst\u00f6rung des Staudamms am Wasserkraftwerk Kachowka angelastet.<\/p>\n<blockquote>\n<p><em>&#8220;Wir er\u00f6rterten vor allem die katastrophalen Folgen des russischen Terroranschlags auf das Wasserkraftwerk Kachowka. Dieser Anschlag f\u00fchrte zum gr\u00f6\u00dften \u00d6kozid in Europa seit Jahrzehnten.&#8221;<\/em><\/p>\n<\/blockquote>\n<p>Selenskij zufolge habe die Umweltkatastrophe zu Problemen bei der Trink- und Nutzwasserversorgung und einer weitgehenden Verw\u00fcstung in den s\u00fcdlichen Gebieten Cherson und Nikolajew gef\u00fchrt. Dar\u00fcber hinaus h\u00e4tten der Agrarsektor und die biologische Vielfalt der Region gelitten. In diesem Zusammenhang dankte der ukrainische Pr\u00e4sident der Delegation f\u00fcr eine Reihe sehr konkreter Schritte und bat sie um weitere &#8220;professionelle Hilfe&#8221;.<\/p>\n<p>Am Verhandlungstisch im Pr\u00e4sidentenpalast \u00e4u\u00dferte die Klimaaktivistin Thunberg ihre Meinung zu der Katastrophe am Wasserkraftwerk Kachowka. Ihr zufolge sei die Reaktion der Welt auf den \u00d6kozid, verursacht durch die unprovozierte Aggression Russlands, nicht ausreichend gewesen. \u00dcberdies k\u00f6nnte \u00fcberhaupt keine Reaktion ausreichend sein.<\/p>\n<blockquote>\n<p><em>&#8220;Denn es gibt einfach keine Worte, um diese Brutalit\u00e4t zu beschreiben.&#8221;<\/em><\/p>\n<\/blockquote>\n<p>Im Laufe ihrer Reise soll Thunberg versprochen haben, Vertreter \u00f6ffentlicher Klimaorganisationen in die Diskussionen \u00fcber die Probleme und Herausforderungen f\u00fcr die Umwelt einzubeziehen, die infolge des Konflikts entstanden seien.<\/p>\n<p>Der Staudamm des Wasserkraftwerks Kachowka war am Morgen des 6. Juni zerst\u00f6rt worden. In der Folge wurden mehrere Siedlungen an beiden Ufern des Flusses Dnjepr \u00fcberflutet. Russland und die Ukraine beschuldigen einander der Katastrophe, die nach j\u00fcngsten Angaben russischer Beh\u00f6rden\u00a0mittlerweile 46 Todesopfer gefordert hat.<\/p>\n<p><strong>Mehr zum Thema\u00a0<\/strong>\u2013<strong>\u00a0<\/strong><a rel=\"nofollow noopener\" target=\"_blank\" href=\"https:\/\/gegenzensur.rtde.live\/international\/172831-dammbruch-von-kachowka-erdogan-fordert\/\">Dammbruch von Kachowka: Erdo\u011fan fordert eine internationale Untersuchung<\/a><\/p>\n<\/div>\n<p><br \/>\n<br \/><a href=\"https:\/\/de.rt.com\/international\/174047-selenskij-bittet-umweltaktivistin-thunberg-um\/\">Source link <\/a><\/p>\n","protected":false},"excerpt":{"rendered":"<p>Die Umweltaktivistin Greta Thunberg hat am Donnerstag mit einer Delegation Kiew besucht. Der ukrainische Pr\u00e4sident Wladimir Selenskij beschrieb ihr die Folgen der Kachowka-Katastrophe und bat die Schwedin sowie andere Delegationsmitglieder um &#8220;professionelle Hilfe&#8221;. Am Donnerstag ist Greta Thunberg in Kiew eingetroffen. Die 20-j\u00e4hrige Klimaaktivistin traf sich mit dem ukrainischen Pr\u00e4sidenten Wladimir Selenskij, um durch den [&hellip;]<\/p>\n","protected":false},"author":3,"featured_media":39214,"comment_status":"open","ping_status":"open","sticky":false,"template":"","format":"standard","meta":{"_yoast_indexnow_last_ping":["1688126934"],"wp_automatic_camp":["217"],"5f9154f1abbbcbf2fdec1b1f3288dc95":["Selenskij bittet Umweltaktivistin Thunberg um professionelle Hilfe"],"original_link":["https:\/\/de.rt.com\/international\/174047-selenskij-bittet-umweltaktivistin-thunberg-um\/"],"_thumbnail_id":["39214"],"_wptgpro_p2tg_sent2tg":["a:1:{i:23737;s:19:\"2023-06-30 14:09:57\";}"],"jnews_social_counter_last_update":["1777660139"]},"categories":[19,23],"tags":[675,7571,46226,6158,34208,46225],"yoast_head":"<!-- This site is optimized with the Yoast SEO Premium plugin v22.7 (Yoast SEO v22.7) - https:\/\/yoast.com\/wordpress\/plugins\/seo\/ -->\n<title>Selenskij bittet Umweltaktivistin Thunberg um professionelle Hilfe - just-now.NEWS Deutschland<\/title>\n<meta name=\"robots\" content=\"index, follow, max-snippet:-1, max-image-preview:large, max-video-preview:-1\" \/>\n<link rel=\"canonical\" href=\"https:\/\/now-news.de\/de\/deutschland\/selenskij-bittet-umweltaktivistin-thunberg-um-professionelle-hilfe\/\" \/>\n<meta property=\"og:locale\" content=\"de_DE\" \/>\n<meta property=\"og:type\" content=\"article\" \/>\n<meta property=\"og:title\" content=\"Selenskij bittet Umweltaktivistin Thunberg um professionelle Hilfe\" \/>\n<meta property=\"og:description\" content=\"Die Umweltaktivistin Greta Thunberg hat am Donnerstag mit einer Delegation Kiew besucht. Der ukrainische Pr\u00e4sident Wladimir Selenskij beschrieb ihr die Folgen der Kachowka-Katastrophe und bat die Schwedin sowie andere Delegationsmitglieder um &#8220;professionelle Hilfe&#8221;. Am Donnerstag ist Greta Thunberg in Kiew eingetroffen. Die 20-j\u00e4hrige Klimaaktivistin traf sich mit dem ukrainischen Pr\u00e4sidenten Wladimir Selenskij, um durch den [&hellip;]\" \/>\n<meta property=\"og:url\" content=\"https:\/\/now-news.de\/de\/deutschland\/selenskij-bittet-umweltaktivistin-thunberg-um-professionelle-hilfe\/\" \/>\n<meta property=\"og:site_name\" content=\"just-now.NEWS Deutschland\" \/>\n<meta property=\"article:publisher\" content=\"https:\/\/www.facebook.com\/wirmachenauf\" \/>\n<meta property=\"article:published_time\" content=\"2023-06-30T11:28:34+00:00\" \/>\n<meta property=\"og:image\" content=\"https:\/\/now-news.de\/de\/wp-content\/uploads\/sites\/3\/2023\/06\/Selenskij-bittet-Umweltaktivistin-Thunberg-um-professionelle-Hilfe.jpg\" \/>\n\t<meta property=\"og:image:width\" content=\"460\" \/>\n\t<meta property=\"og:image:height\" content=\"259\" \/>\n\t<meta property=\"og:image:type\" content=\"image\/jpeg\" \/>\n<meta name=\"author\" content=\"rtnews\" \/>\n<meta name=\"twitter:card\" content=\"summary_large_image\" \/>\n<meta name=\"twitter:creator\" content=\"@WirMachenAuf_de\" \/>\n<meta name=\"twitter:site\" content=\"@WirMachenAuf_de\" \/>\n<meta name=\"twitter:label1\" content=\"Verfasst von\" \/>\n\t<meta name=\"twitter:data1\" content=\"rtnews\" \/>\n\t<meta name=\"twitter:label2\" content=\"Gesch\u00e4tzte Lesezeit\" \/>\n\t<meta name=\"twitter:data2\" content=\"2\u00a0Minuten\" \/>\n<script type=\"application\/ld+json\" class=\"yoast-schema-graph\">{\"@context\":\"https:\/\/schema.org\",\"@graph\":[{\"@type\":\"Article\",\"@id\":\"https:\/\/now-news.de\/de\/deutschland\/selenskij-bittet-umweltaktivistin-thunberg-um-professionelle-hilfe\/#article\",\"isPartOf\":{\"@id\":\"https:\/\/now-news.de\/de\/deutschland\/selenskij-bittet-umweltaktivistin-thunberg-um-professionelle-hilfe\/\"},\"author\":{\"name\":\"rtnews\",\"@id\":\"https:\/\/now-news.de\/de\/#\/schema\/person\/fb534a4e865501d8b3285208df34a9b5\"},\"headline\":\"Selenskij bittet Umweltaktivistin Thunberg um professionelle Hilfe\",\"datePublished\":\"2023-06-30T11:28:34+00:00\",\"dateModified\":\"2023-06-30T11:28:34+00:00\",\"mainEntityOfPage\":{\"@id\":\"https:\/\/now-news.de\/de\/deutschland\/selenskij-bittet-umweltaktivistin-thunberg-um-professionelle-hilfe\/\"},\"wordCount\":394,\"commentCount\":0,\"publisher\":{\"@id\":\"https:\/\/now-news.de\/de\/#organization\"},\"image\":{\"@id\":\"https:\/\/now-news.de\/de\/deutschland\/selenskij-bittet-umweltaktivistin-thunberg-um-professionelle-hilfe\/#primaryimage\"},\"thumbnailUrl\":\"https:\/\/now-news.de\/de\/wp-content\/uploads\/sites\/3\/2023\/06\/Selenskij-bittet-Umweltaktivistin-Thunberg-um-professionelle-Hilfe.jpg\",\"keywords\":[\"bittet\",\"Hilfe\",\"professionelle\",\"Selenskij\",\"Thunberg\",\"Umweltaktivistin\"],\"articleSection\":[\"Deutschland\",\"Russland\"],\"inLanguage\":\"de\",\"potentialAction\":[{\"@type\":\"CommentAction\",\"name\":\"Comment\",\"target\":[\"https:\/\/now-news.de\/de\/deutschland\/selenskij-bittet-umweltaktivistin-thunberg-um-professionelle-hilfe\/#respond\"]}]},{\"@type\":\"WebPage\",\"@id\":\"https:\/\/now-news.de\/de\/deutschland\/selenskij-bittet-umweltaktivistin-thunberg-um-professionelle-hilfe\/\",\"url\":\"https:\/\/now-news.de\/de\/deutschland\/selenskij-bittet-umweltaktivistin-thunberg-um-professionelle-hilfe\/\",\"name\":\"Selenskij bittet Umweltaktivistin Thunberg um professionelle Hilfe - just-now.NEWS Deutschland\",\"isPartOf\":{\"@id\":\"https:\/\/now-news.de\/de\/#website\"},\"primaryImageOfPage\":{\"@id\":\"https:\/\/now-news.de\/de\/deutschland\/selenskij-bittet-umweltaktivistin-thunberg-um-professionelle-hilfe\/#primaryimage\"},\"image\":{\"@id\":\"https:\/\/now-news.de\/de\/deutschland\/selenskij-bittet-umweltaktivistin-thunberg-um-professionelle-hilfe\/#primaryimage\"},\"thumbnailUrl\":\"https:\/\/now-news.de\/de\/wp-content\/uploads\/sites\/3\/2023\/06\/Selenskij-bittet-Umweltaktivistin-Thunberg-um-professionelle-Hilfe.jpg\",\"datePublished\":\"2023-06-30T11:28:34+00:00\",\"dateModified\":\"2023-06-30T11:28:34+00:00\",\"breadcrumb\":{\"@id\":\"https:\/\/now-news.de\/de\/deutschland\/selenskij-bittet-umweltaktivistin-thunberg-um-professionelle-hilfe\/#breadcrumb\"},\"inLanguage\":\"de\",\"potentialAction\":[{\"@type\":\"ReadAction\",\"target\":[\"https:\/\/now-news.de\/de\/deutschland\/selenskij-bittet-umweltaktivistin-thunberg-um-professionelle-hilfe\/\"]}]},{\"@type\":\"ImageObject\",\"inLanguage\":\"de\",\"@id\":\"https:\/\/now-news.de\/de\/deutschland\/selenskij-bittet-umweltaktivistin-thunberg-um-professionelle-hilfe\/#primaryimage\",\"url\":\"https:\/\/now-news.de\/de\/wp-content\/uploads\/sites\/3\/2023\/06\/Selenskij-bittet-Umweltaktivistin-Thunberg-um-professionelle-Hilfe.jpg\",\"contentUrl\":\"https:\/\/now-news.de\/de\/wp-content\/uploads\/sites\/3\/2023\/06\/Selenskij-bittet-Umweltaktivistin-Thunberg-um-professionelle-Hilfe.jpg\",\"width\":460,\"height\":259,\"caption\":\"Selenskij bittet Umweltaktivistin Thunberg um professionelle Hilfe\"},{\"@type\":\"BreadcrumbList\",\"@id\":\"https:\/\/now-news.de\/de\/deutschland\/selenskij-bittet-umweltaktivistin-thunberg-um-professionelle-hilfe\/#breadcrumb\",\"itemListElement\":[{\"@type\":\"ListItem\",\"position\":1,\"name\":\"Home\",\"item\":\"https:\/\/now-news.de\/de\/\"},{\"@type\":\"ListItem\",\"position\":2,\"name\":\"Selenskij bittet Umweltaktivistin Thunberg um professionelle Hilfe\"}]},{\"@type\":\"WebSite\",\"@id\":\"https:\/\/now-news.de\/de\/#website\",\"url\":\"https:\/\/now-news.de\/de\/\",\"name\":\"just-now.NEWS Deutschland\",\"description\":\"Das Portal f\u00fcr unzensierte Nachrichten aus der Welt\",\"publisher\":{\"@id\":\"https:\/\/now-news.de\/de\/#organization\"},\"potentialAction\":[{\"@type\":\"SearchAction\",\"target\":{\"@type\":\"EntryPoint\",\"urlTemplate\":\"https:\/\/now-news.de\/de\/?s={search_term_string}\"},\"query-input\":\"required name=search_term_string\"}],\"inLanguage\":\"de\"},{\"@type\":\"Organization\",\"@id\":\"https:\/\/now-news.de\/de\/#organization\",\"name\":\"Just Now News\",\"url\":\"https:\/\/now-news.de\/de\/\",\"logo\":{\"@type\":\"ImageObject\",\"inLanguage\":\"de\",\"@id\":\"https:\/\/now-news.de\/de\/#\/schema\/logo\/image\/\",\"url\":\"http:\/\/just-now.news\/de\/wp-content\/uploads\/sites\/3\/2022\/04\/logo500x500.jpg\",\"contentUrl\":\"http:\/\/just-now.news\/de\/wp-content\/uploads\/sites\/3\/2022\/04\/logo500x500.jpg\",\"width\":500,\"height\":500,\"caption\":\"Just Now News\"},\"image\":{\"@id\":\"https:\/\/now-news.de\/de\/#\/schema\/logo\/image\/\"},\"sameAs\":[\"https:\/\/www.facebook.com\/wirmachenauf\",\"https:\/\/x.com\/WirMachenAuf_de\"]},{\"@type\":\"Person\",\"@id\":\"https:\/\/now-news.de\/de\/#\/schema\/person\/fb534a4e865501d8b3285208df34a9b5\",\"name\":\"rtnews\",\"image\":{\"@type\":\"ImageObject\",\"inLanguage\":\"de\",\"@id\":\"https:\/\/now-news.de\/de\/#\/schema\/person\/image\/\",\"url\":\"https:\/\/secure.gravatar.com\/avatar\/82aafea7d8127119dd649515f56e2117?s=96&d=mm&r=g\",\"contentUrl\":\"https:\/\/secure.gravatar.com\/avatar\/82aafea7d8127119dd649515f56e2117?s=96&d=mm&r=g\",\"caption\":\"rtnews\"},\"url\":\"https:\/\/now-news.de\/de\/author\/rnews\/\"}]}<\/script>\n<!-- \/ Yoast SEO Premium plugin. -->","yoast_head_json":{"title":"Selenskij bittet Umweltaktivistin Thunberg um professionelle Hilfe - just-now.NEWS Deutschland","robots":{"index":"index","follow":"follow","max-snippet":"max-snippet:-1","max-image-preview":"max-image-preview:large","max-video-preview":"max-video-preview:-1"},"canonical":"https:\/\/now-news.de\/de\/deutschland\/selenskij-bittet-umweltaktivistin-thunberg-um-professionelle-hilfe\/","og_locale":"de_DE","og_type":"article","og_title":"Selenskij bittet Umweltaktivistin Thunberg um professionelle Hilfe","og_description":"Die Umweltaktivistin Greta Thunberg hat am Donnerstag mit einer Delegation Kiew besucht. Der ukrainische Pr\u00e4sident Wladimir Selenskij beschrieb ihr die Folgen der Kachowka-Katastrophe und bat die Schwedin sowie andere Delegationsmitglieder um &#8220;professionelle Hilfe&#8221;. Am Donnerstag ist Greta Thunberg in Kiew eingetroffen. Die 20-j\u00e4hrige Klimaaktivistin traf sich mit dem ukrainischen Pr\u00e4sidenten Wladimir Selenskij, um durch den [&hellip;]","og_url":"https:\/\/now-news.de\/de\/deutschland\/selenskij-bittet-umweltaktivistin-thunberg-um-professionelle-hilfe\/","og_site_name":"just-now.NEWS Deutschland","article_publisher":"https:\/\/www.facebook.com\/wirmachenauf","article_published_time":"2023-06-30T11:28:34+00:00","og_image":[{"width":460,"height":259,"url":"https:\/\/now-news.de\/de\/wp-content\/uploads\/sites\/3\/2023\/06\/Selenskij-bittet-Umweltaktivistin-Thunberg-um-professionelle-Hilfe.jpg","type":"image\/jpeg"}],"author":"rtnews","twitter_card":"summary_large_image","twitter_creator":"@WirMachenAuf_de","twitter_site":"@WirMachenAuf_de","twitter_misc":{"Verfasst von":"rtnews","Gesch\u00e4tzte Lesezeit":"2\u00a0Minuten"},"schema":{"@context":"https:\/\/schema.org","@graph":[{"@type":"Article","@id":"https:\/\/now-news.de\/de\/deutschland\/selenskij-bittet-umweltaktivistin-thunberg-um-professionelle-hilfe\/#article","isPartOf":{"@id":"https:\/\/now-news.de\/de\/deutschland\/selenskij-bittet-umweltaktivistin-thunberg-um-professionelle-hilfe\/"},"author":{"name":"rtnews","@id":"https:\/\/now-news.de\/de\/#\/schema\/person\/fb534a4e865501d8b3285208df34a9b5"},"headline":"Selenskij bittet Umweltaktivistin Thunberg um professionelle Hilfe","datePublished":"2023-06-30T11:28:34+00:00","dateModified":"2023-06-30T11:28:34+00:00","mainEntityOfPage":{"@id":"https:\/\/now-news.de\/de\/deutschland\/selenskij-bittet-umweltaktivistin-thunberg-um-professionelle-hilfe\/"},"wordCount":394,"commentCount":0,"publisher":{"@id":"https:\/\/now-news.de\/de\/#organization"},"image":{"@id":"https:\/\/now-news.de\/de\/deutschland\/selenskij-bittet-umweltaktivistin-thunberg-um-professionelle-hilfe\/#primaryimage"},"thumbnailUrl":"https:\/\/now-news.de\/de\/wp-content\/uploads\/sites\/3\/2023\/06\/Selenskij-bittet-Umweltaktivistin-Thunberg-um-professionelle-Hilfe.jpg","keywords":["bittet","Hilfe","professionelle","Selenskij","Thunberg","Umweltaktivistin"],"articleSection":["Deutschland","Russland"],"inLanguage":"de","potentialAction":[{"@type":"CommentAction","name":"Comment","target":["https:\/\/now-news.de\/de\/deutschland\/selenskij-bittet-umweltaktivistin-thunberg-um-professionelle-hilfe\/#respond"]}]},{"@type":"WebPage","@id":"https:\/\/now-news.de\/de\/deutschland\/selenskij-bittet-umweltaktivistin-thunberg-um-professionelle-hilfe\/","url":"https:\/\/now-news.de\/de\/deutschland\/selenskij-bittet-umweltaktivistin-thunberg-um-professionelle-hilfe\/","name":"Selenskij bittet Umweltaktivistin Thunberg um professionelle Hilfe - just-now.NEWS Deutschland","isPartOf":{"@id":"https:\/\/now-news.de\/de\/#website"},"primaryImageOfPage":{"@id":"https:\/\/now-news.de\/de\/deutschland\/selenskij-bittet-umweltaktivistin-thunberg-um-professionelle-hilfe\/#primaryimage"},"image":{"@id":"https:\/\/now-news.de\/de\/deutschland\/selenskij-bittet-umweltaktivistin-thunberg-um-professionelle-hilfe\/#primaryimage"},"thumbnailUrl":"https:\/\/now-news.de\/de\/wp-content\/uploads\/sites\/3\/2023\/06\/Selenskij-bittet-Umweltaktivistin-Thunberg-um-professionelle-Hilfe.jpg","datePublished":"2023-06-30T11:28:34+00:00","dateModified":"2023-06-30T11:28:34+00:00","breadcrumb":{"@id":"https:\/\/now-news.de\/de\/deutschland\/selenskij-bittet-umweltaktivistin-thunberg-um-professionelle-hilfe\/#breadcrumb"},"inLanguage":"de","potentialAction":[{"@type":"ReadAction","target":["https:\/\/now-news.de\/de\/deutschland\/selenskij-bittet-umweltaktivistin-thunberg-um-professionelle-hilfe\/"]}]},{"@type":"ImageObject","inLanguage":"de","@id":"https:\/\/now-news.de\/de\/deutschland\/selenskij-bittet-umweltaktivistin-thunberg-um-professionelle-hilfe\/#primaryimage","url":"https:\/\/now-news.de\/de\/wp-content\/uploads\/sites\/3\/2023\/06\/Selenskij-bittet-Umweltaktivistin-Thunberg-um-professionelle-Hilfe.jpg","contentUrl":"https:\/\/now-news.de\/de\/wp-content\/uploads\/sites\/3\/2023\/06\/Selenskij-bittet-Umweltaktivistin-Thunberg-um-professionelle-Hilfe.jpg","width":460,"height":259,"caption":"Selenskij bittet Umweltaktivistin Thunberg um professionelle Hilfe"},{"@type":"BreadcrumbList","@id":"https:\/\/now-news.de\/de\/deutschland\/selenskij-bittet-umweltaktivistin-thunberg-um-professionelle-hilfe\/#breadcrumb","itemListElement":[{"@type":"ListItem","position":1,"name":"Home","item":"https:\/\/now-news.de\/de\/"},{"@type":"ListItem","position":2,"name":"Selenskij bittet Umweltaktivistin Thunberg um professionelle Hilfe"}]},{"@type":"WebSite","@id":"https:\/\/now-news.de\/de\/#website","url":"https:\/\/now-news.de\/de\/","name":"just-now.NEWS Deutschland","description":"Das Portal f\u00fcr unzensierte Nachrichten aus der Welt","publisher":{"@id":"https:\/\/now-news.de\/de\/#organization"},"potentialAction":[{"@type":"SearchAction","target":{"@type":"EntryPoint","urlTemplate":"https:\/\/now-news.de\/de\/?s={search_term_string}"},"query-input":"required name=search_term_string"}],"inLanguage":"de"},{"@type":"Organization","@id":"https:\/\/now-news.de\/de\/#organization","name":"Just Now News","url":"https:\/\/now-news.de\/de\/","logo":{"@type":"ImageObject","inLanguage":"de","@id":"https:\/\/now-news.de\/de\/#\/schema\/logo\/image\/","url":"http:\/\/just-now.news\/de\/wp-content\/uploads\/sites\/3\/2022\/04\/logo500x500.jpg","contentUrl":"http:\/\/just-now.news\/de\/wp-content\/uploads\/sites\/3\/2022\/04\/logo500x500.jpg","width":500,"height":500,"caption":"Just Now News"},"image":{"@id":"https:\/\/now-news.de\/de\/#\/schema\/logo\/image\/"},"sameAs":["https:\/\/www.facebook.com\/wirmachenauf","https:\/\/x.com\/WirMachenAuf_de"]},{"@type":"Person","@id":"https:\/\/now-news.de\/de\/#\/schema\/person\/fb534a4e865501d8b3285208df34a9b5","name":"rtnews","image":{"@type":"ImageObject","inLanguage":"de","@id":"https:\/\/now-news.de\/de\/#\/schema\/person\/image\/","url":"https:\/\/secure.gravatar.com\/avatar\/82aafea7d8127119dd649515f56e2117?s=96&d=mm&r=g","contentUrl":"https:\/\/secure.gravatar.com\/avatar\/82aafea7d8127119dd649515f56e2117?s=96&d=mm&r=g","caption":"rtnews"},"url":"https:\/\/now-news.de\/de\/author\/rnews\/"}]}},"_links":{"self":[{"href":"https:\/\/now-news.de\/de\/wp-json\/wp\/v2\/posts\/39213"}],"collection":[{"href":"https:\/\/now-news.de\/de\/wp-json\/wp\/v2\/posts"}],"about":[{"href":"https:\/\/now-news.de\/de\/wp-json\/wp\/v2\/types\/post"}],"author":[{"embeddable":true,"href":"https:\/\/now-news.de\/de\/wp-json\/wp\/v2\/users\/3"}],"replies":[{"embeddable":true,"href":"https:\/\/now-news.de\/de\/wp-json\/wp\/v2\/comments?post=39213"}],"version-history":[{"count":0,"href":"https:\/\/now-news.de\/de\/wp-json\/wp\/v2\/posts\/39213\/revisions"}],"wp:featuredmedia":[{"embeddable":true,"href":"https:\/\/now-news.de\/de\/wp-json\/wp\/v2\/media\/39214"}],"wp:attachment":[{"href":"https:\/\/now-news.de\/de\/wp-json\/wp\/v2\/media?parent=39213"}],"wp:term":[{"taxonomy":"category","embeddable":true,"href":"https:\/\/now-news.de\/de\/wp-json\/wp\/v2\/categories?post=39213"},{"taxonomy":"post_tag","embeddable":true,"href":"https:\/\/now-news.de\/de\/wp-json\/wp\/v2\/tags?post=39213"}],"curies":[{"name":"wp","href":"https:\/\/api.w.org\/{rel}","templated":true}]}}