{"id":39200,"date":"2023-06-30T11:27:24","date_gmt":"2023-06-30T09:27:24","guid":{"rendered":"https:\/\/just-now.news\/de\/deutschland\/lula-da-silva-laender-der-industriellen-revolution-muessen-ihre-historische-umweltschuld-bezahlen\/"},"modified":"2023-06-30T11:27:24","modified_gmt":"2023-06-30T09:27:24","slug":"lula-da-silva-laender-der-industriellen-revolution-muessen-ihre-historische-umweltschuld-bezahlen","status":"publish","type":"post","link":"https:\/\/now-news.de\/de\/deutschland\/lula-da-silva-laender-der-industriellen-revolution-muessen-ihre-historische-umweltschuld-bezahlen\/","title":{"rendered":"Lula da Silva: &quot;L\u00e4nder der industriellen Revolution m\u00fcssen ihre historische Umweltschuld bezahlen&quot;"},"content":{"rendered":"<p><img decoding=\"async\" src=\"http:\/\/just-now.news\/de\/wp-content\/uploads\/sites\/3\/2023\/06\/649e976bb480cc3661738e36.jpg\" \/><\/p>\n<div class=\"Text-root Text-type_1 \">\n                Der brasilianische Pr\u00e4sident Luiz Lula da Silva hielt auf einem Massenkonzert in Paris eine st\u00fcrmisch begr\u00fc\u00dfte Rede. Er stellte die historische Verantwortung der Industrienationen f\u00fcr die Umweltmisere und den Klimawandel in den Mittelpunkt.\n            <\/div>\n<p><\/p>\n<div class=\"Text-root Text-type_5 ArticleView-text ViewText-root \">\n<p><strong><\/strong><em>Von Maria M\u00fcller<\/em><\/p>\n<p>&#8220;Power Our Planet&#8221; \u2013 oder &#8220;Mach unsren Planeten stark&#8221; hie\u00df das Gro\u00dfkonzert in Frankreichs Metropole, das am Abend des 22. Juni auf dem Champ de Mars direkt vor dem Eiffelturm stattfand und von der NGO &#8220;Global Citizen&#8221; organisiert war. Gut 20.000 \u00fcberwiegend jugendliche Teilnehmer schwenkten begeistert ihre Handys, wiegten sich im Takt der Lieder und begleiteten sie mit tausendfacher Stimme. Die beeindruckende Szene erinnerte an die Konzerte der Protestbewegungen der 60er oder 80er-Jahre \u2013 eine neue Generation, ein neuer Aufbruch?<\/p>\n<p><strong>Ein neues System zur Rettung des Planeten<\/strong><\/p>\n<p>Das Hauptthema der Veranstaltung war der Klimawandel und die Notwendigkeit, zur Rettung des Planeten ein radikal umfassendes &#8220;neues System&#8221; zu schaffen. Inmitten der frenetisch begr\u00fc\u00dften und singend begleiteten Top-K\u00fcnstler platzierte sich ein spezieller Gast im Zentrum der kollektiven Begeisterung: der brasilianische Pr\u00e4sident Luiz In\u00e1cio Lula da Silva. Offenbar gilt er unter den Umweltaktivisten als militanter Vork\u00e4mpfer zur Rettung des Planeten. Seine simultan \u00fcbersetzte Rede wurde immer wieder mit gro\u00dfem Applaus kommentiert.<\/p>\n<p>\u00a0Lula kam gleich zu Beginn zur Sache, indem er sagte:<\/p>\n<blockquote>\n<p><em>&#8220;Diejenigen, die die industrielle Revolution gemacht haben, m\u00fcssen ihre historische Schuld gegen\u00fcber dem Planeten begleichen.&#8221;<\/em><\/p>\n<\/blockquote>\n<p>\u00a0Deswegen sei es die Pflicht der reichen L\u00e4nder, die\u00a0<a rel=\"nofollow noopener\" target=\"_blank\" href=\"https:\/\/actualidad.rt.com\/actualidad\/470981-lula-revolucion-industrial-pagar-deuda-planeta\">Wiederaufforstung<\/a>\u00a0des Amazonasgebiets, der pflanzlichen Lunge der gesamten Menschheit, zu finanzieren. Und weiter:<\/p>\n<blockquote>\n<p><em>&#8220;Sie haben eine historische Schuld f\u00fcr die gesamte Umweltverschmutzung, die sie verursacht haben, und m\u00fcssen daf\u00fcr bezahlen [&#8230;] Es waren nicht die afrikanischen Menschen, die die Welt verschmutzt haben, es waren nicht die lateinamerikanischen Menschen, die die Welt verschmutzt haben. Tats\u00e4chlich waren es diejenigen, die die industrielle Revolution herbeif\u00fchrten, die in den letzten 200 Jahren den Planeten verseuchten.&#8221;<\/em><\/p>\n<\/blockquote>\n<div class=\"EmbedBlock-root EmbedBlock-twitter\">\n<div class=\"TwitterEmbed\">\n<blockquote class=\"twitter-tweet lazyload\" data-twitter=\"twitter-tweet\">\n<p lang=\"pt\" dir=\"ltr\">Discurso que fiz hoje em Paris no <a rel=\"nofollow noopener\" target=\"_blank\" href=\"https:\/\/twitter.com\/hashtag\/PowerOurPlanet?src=hash&amp;ref_src=twsrc%5Etfw\">#PowerOurPlanet<\/a>. A Terra \u00e9 nossa \u00fanica casa. Juntos devemos trabalhar por um futuro melhor. <a rel=\"nofollow noopener\" target=\"_blank\" href=\"https:\/\/t.co\/SaYp1xn2Jr\">pic.twitter.com\/SaYp1xn2Jr<\/a><\/p>\n<p>\u2014 Lula (@LulaOficial) <a rel=\"nofollow noopener\" target=\"_blank\" href=\"https:\/\/twitter.com\/LulaOficial\/status\/1671962576429940736?ref_src=twsrc%5Etfw\">June 22, 2023<\/a><\/p><\/blockquote>\n<\/div>\n<\/div>\n<p>Der brasilianische Pr\u00e4sident f\u00fcgte hinzu, dass &#8220;die Erhaltung der W\u00e4lder in der Verantwortung der reichen L\u00e4nder liegt&#8221;, und ebendarum seien es diese Nationen<em>,<\/em> die die Wiederaufforstung des Amazonas finanzieren m\u00fcssten. Er erkl\u00e4rte, dass er bei seinem Amtsantritt als Pr\u00e4sident Brasiliens am ersten Januar versprochen habe, dass im Amazonasgebiet bis zum Jahr 2030 &#8220;keine Entwaldung&#8221; mehr stattfinden w\u00fcrde, und warnte davor, dass seine Regierung &#8220;sehr hart&#8221; gegen jeden vorgehen werde, der auch nur einen Baum in diesem Gebiet zerst\u00f6ren wolle. Lula dazu:<\/p>\n<blockquote>\n<p>\u00a0<em>&#8220;Der Amazonas ist ein souver\u00e4nes Territorium Brasiliens, geh\u00f6rt aber gleichzeitig geh\u00f6rt er der gesamten Menschheit, weshalb wir alle Anstrengungen unternehmen werden, um diesen Wald zu erhalten.&#8221;<\/em><\/p>\n<\/blockquote>\n<p><strong>UNO-Klimakonferenz zur Rettung des Regenwaldes<\/strong><\/p>\n<p>Er lud dazu ein, im Jahr 2025 Brasilien zu besuchen und an der UNO-Klimakonferenz COP 30 teilzunehmen. Der Gipfel wird in der Amazonasstadt Bel\u00e9m stattfinden. Er lud vor allem diejenigen ein, die f\u00fcr die Wiederaufforstung des Regenwaldes k\u00e4mpfen und ihn als gr\u00fcne Lunge der Welt verteidigen.<\/p>\n<p>Lula erinnerte daran, dass der Amazonas der gr\u00f6\u00dfte Tropenwald der Erde sei und 40 Prozent der weltweit existierenden W\u00e4lder dieser Art ausmache. Ferner sei es ein Gebiet, das sich \u00fcber acht L\u00e4nder S\u00fcdamerikas erstrecke und in dem 400 indigene V\u00f6lker leben, die 300 autonome Sprachen sprechen.<\/p>\n<p>Der brasilianische Pr\u00e4sident betonte, dass der Amazonas auch sechs Prozent der Erdoberfl\u00e4che bedecke und \u00fcber die gr\u00f6\u00dften Fl\u00fcsse der Erde verf\u00fcge, in denen zehn Prozent der Pflanzen und Tiere der Welt leben. Aus diesen Gr\u00fcnden forderte er die Menschheit auf, sich f\u00fcr den vollst\u00e4ndigen \u00dcbergang zum Verbrauch sauberer und erneuerbarer Energie einzusetzen.<\/p>\n<p><strong>Gipfel f\u00fcr einen globalen Finanzpakt.<\/strong><\/p>\n<p>Ganz nebenbei ist Lula nicht allein wegen des Konzerts nach Paris gekommen, sondern um an dem von Frankreichs Pr\u00e4sident Macron einberufenen Gipfeltreffen teilzunehmen, das zeitlich parallel stattfand. Der Gipfel sollte eine neue internationale Finanzordnung, einen &#8220;globalen Pakt&#8221; in die Wege leiten. Vertreter von etwa 100 Staaten, internationalen Organisationen und Entwicklungsbanken kamen zusammen, um \u00fcber die\u00a0<a rel=\"nofollow noopener\" target=\"_blank\" href=\"https:\/\/www.dw.com\/de\/finanzgipfel-in-paris-will-ein-gerechteres-finanzsystem\/a-66017361\">globale Finanzarchitektur<\/a>\u00a0und ein solidarisches Finanzsystem zum Klimaschutz und zur Bek\u00e4mpfung von Armut zu diskutieren. Als Ergebnis des Treffens wurden bessere finanzielle Hilfen in Aussicht gestellt, ohne jedoch konkrete Abmachungen zu unterzeichnen.<\/p>\n<p>Die Chefin des\u00a0<a rel=\"nofollow noopener\" target=\"_blank\" href=\"https:\/\/www.dw.com\/de\/internationaler-w%C3%A4hrungsfonds-iwf\/t-17487753\">Internationalen W\u00e4hrungsfonds IWF<\/a>, Kristalina Georgieva, sagte, dass nun das Ziel erreicht wurde, 100 Milliarden US-Dollar \u00fcber Sonderziehungsrechte f\u00fcr Not leidende L\u00e4nder zusammenzubringen. Macron stellte weitere finanzielle Hilfen in Aussicht:<\/p>\n<blockquote>\n<p><em>&#8220;Unsere Experten sagen uns, dass wir mittlerweile dabei sind, die Klimafinanzierung in H\u00f6he von 100 Milliarden Dollar zu erreichen.&#8221;\u00a0<\/em><\/p>\n<\/blockquote>\n<p>Der Gipfel endete allerdings ohne vertragliche Verpflichtungen, um die Absichten zum Klimaschutz in die Praxis umzusetzen. Auch die Bek\u00e4mpfung von Armut und Hunger ist ein zweischneidiger und wenig glaubw\u00fcrdiger Vorsatz, solange die technologische und energetische Umgestaltung der Industrienationen wieder mithilfe des kolonialen Ausbeutungsmodells durchgesetzt werden soll: diesmal mit den nat\u00fcrlichen Ressourcen wie S\u00fc\u00dfwasser f\u00fcr Wasserstoff, Lithium und Nickel f\u00fcr Elektroautos, alles aus den L\u00e4ndern des &#8220;Globalen S\u00fcdens&#8221;. Deren eigene nationale Produktionsketten werden nach wie vor vom &#8220;Globalen Norden&#8221; verdr\u00e4ngt, blockiert und umgeleitet. Insofern w\u00e4re ein globaler Finanzierungspakt eher eine Voraussetzung f\u00fcr eine gleichberechtigte Entwicklung, die jedoch nur mit einem &#8220;neuen System&#8221; erm\u00f6glicht werden kann \u2013 ganz so, wie es die Lieder auf dem Champs de Mars forderten.<\/p>\n<p><strong>Mehr zum Thema <\/strong>&#8211;\u00a0<a rel=\"nofollow noopener\" target=\"_blank\" href=\"https:\/\/freeassange.rtde.life\/international\/174004-aethiopien-beantragt-brics-beitritt\/\">\u00c4thiopien beantragt BRICS-Beitritt<\/a><\/p>\n<\/div>\n<p><script async src=\"https:\/\/platform.twitter.com\/widgets.js\" charset=\"utf-8\"><\/script><br \/>\n<br \/><br \/>\n<br \/><a href=\"https:\/\/de.rt.com\/meinung\/174017-lula-da-silva-laender-industriellen\/\">Source link <\/a><\/p>\n","protected":false},"excerpt":{"rendered":"<p>Der brasilianische Pr\u00e4sident Luiz Lula da Silva hielt auf einem Massenkonzert in Paris eine st\u00fcrmisch begr\u00fc\u00dfte Rede. Er stellte die historische Verantwortung der Industrienationen f\u00fcr die Umweltmisere und den Klimawandel in den Mittelpunkt. Von Maria M\u00fcller &#8220;Power Our Planet&#8221; \u2013 oder &#8220;Mach unsren Planeten stark&#8221; hie\u00df das Gro\u00dfkonzert in Frankreichs Metropole, das am Abend des [&hellip;]<\/p>\n","protected":false},"author":3,"featured_media":39201,"comment_status":"open","ping_status":"open","sticky":false,"template":"","format":"standard","meta":{"_yoast_indexnow_last_ping":["1688117287"],"wp_automatic_camp":["217"],"9ad9603f1cde57673a5321eb1919b398":["Lula da Silva: &quot;L\u00e4nder der industriellen Revolution m\u00fcssen ihre historische Umweltschuld bezahlen&quot;"],"original_link":["https:\/\/de.rt.com\/meinung\/174017-lula-da-silva-laender-industriellen\/"],"_thumbnail_id":["39201"],"jnews_social_counter_last_update":["1777170939"],"_wptgpro_p2tg_sent2tg":["a:1:{i:23737;s:19:\"2023-06-30 11:29:18\";}"]},"categories":[19,23],"tags":[46222,82,27173,1908,34446,4648,10623,46220,773,4649,46221],"yoast_head":"<!-- This site is optimized with the Yoast SEO Premium plugin v22.7 (Yoast SEO v22.7) - https:\/\/yoast.com\/wordpress\/plugins\/seo\/ -->\n<title>Lula da Silva: &quot;L\u00e4nder der industriellen Revolution m\u00fcssen ihre historische Umweltschuld bezahlen&quot; - just-now.NEWS Deutschland<\/title>\n<meta name=\"robots\" content=\"index, follow, max-snippet:-1, max-image-preview:large, max-video-preview:-1\" \/>\n<link rel=\"canonical\" href=\"https:\/\/now-news.de\/de\/deutschland\/lula-da-silva-laender-der-industriellen-revolution-muessen-ihre-historische-umweltschuld-bezahlen\/\" \/>\n<meta property=\"og:locale\" content=\"de_DE\" \/>\n<meta property=\"og:type\" content=\"article\" \/>\n<meta property=\"og:title\" content=\"Lula da Silva: &quot;L\u00e4nder der industriellen Revolution m\u00fcssen ihre historische Umweltschuld bezahlen&quot;\" \/>\n<meta property=\"og:description\" content=\"Der brasilianische Pr\u00e4sident Luiz Lula da Silva hielt auf einem Massenkonzert in Paris eine st\u00fcrmisch begr\u00fc\u00dfte Rede. Er stellte die historische Verantwortung der Industrienationen f\u00fcr die Umweltmisere und den Klimawandel in den Mittelpunkt. Von Maria M\u00fcller &#8220;Power Our Planet&#8221; \u2013 oder &#8220;Mach unsren Planeten stark&#8221; hie\u00df das Gro\u00dfkonzert in Frankreichs Metropole, das am Abend des [&hellip;]\" \/>\n<meta property=\"og:url\" content=\"https:\/\/now-news.de\/de\/deutschland\/lula-da-silva-laender-der-industriellen-revolution-muessen-ihre-historische-umweltschuld-bezahlen\/\" \/>\n<meta property=\"og:site_name\" content=\"just-now.NEWS Deutschland\" \/>\n<meta property=\"article:publisher\" content=\"https:\/\/www.facebook.com\/wirmachenauf\" \/>\n<meta property=\"article:published_time\" content=\"2023-06-30T09:27:24+00:00\" \/>\n<meta property=\"og:image\" content=\"https:\/\/now-news.de\/de\/wp-content\/uploads\/sites\/3\/2023\/06\/Lula-da-Silva-quotLaender-der-industriellen-Revolution-muessen-ihre-historische.jpg\" \/>\n\t<meta property=\"og:image:width\" content=\"460\" \/>\n\t<meta property=\"og:image:height\" content=\"259\" \/>\n\t<meta property=\"og:image:type\" content=\"image\/jpeg\" \/>\n<meta name=\"author\" content=\"rtnews\" \/>\n<meta name=\"twitter:card\" content=\"summary_large_image\" \/>\n<meta name=\"twitter:creator\" content=\"@WirMachenAuf_de\" \/>\n<meta name=\"twitter:site\" content=\"@WirMachenAuf_de\" \/>\n<meta name=\"twitter:label1\" content=\"Verfasst von\" \/>\n\t<meta name=\"twitter:data1\" content=\"rtnews\" \/>\n\t<meta name=\"twitter:label2\" content=\"Gesch\u00e4tzte Lesezeit\" \/>\n\t<meta name=\"twitter:data2\" content=\"5\u00a0Minuten\" \/>\n<script type=\"application\/ld+json\" class=\"yoast-schema-graph\">{\"@context\":\"https:\/\/schema.org\",\"@graph\":[{\"@type\":\"Article\",\"@id\":\"https:\/\/now-news.de\/de\/deutschland\/lula-da-silva-laender-der-industriellen-revolution-muessen-ihre-historische-umweltschuld-bezahlen\/#article\",\"isPartOf\":{\"@id\":\"https:\/\/now-news.de\/de\/deutschland\/lula-da-silva-laender-der-industriellen-revolution-muessen-ihre-historische-umweltschuld-bezahlen\/\"},\"author\":{\"name\":\"rtnews\",\"@id\":\"https:\/\/now-news.de\/de\/#\/schema\/person\/fb534a4e865501d8b3285208df34a9b5\"},\"headline\":\"Lula da Silva: &quot;L\u00e4nder der industriellen Revolution m\u00fcssen ihre historische Umweltschuld bezahlen&quot;\",\"datePublished\":\"2023-06-30T09:27:24+00:00\",\"dateModified\":\"2023-06-30T09:27:24+00:00\",\"mainEntityOfPage\":{\"@id\":\"https:\/\/now-news.de\/de\/deutschland\/lula-da-silva-laender-der-industriellen-revolution-muessen-ihre-historische-umweltschuld-bezahlen\/\"},\"wordCount\":922,\"commentCount\":0,\"publisher\":{\"@id\":\"https:\/\/now-news.de\/de\/#organization\"},\"image\":{\"@id\":\"https:\/\/now-news.de\/de\/deutschland\/lula-da-silva-laender-der-industriellen-revolution-muessen-ihre-historische-umweltschuld-bezahlen\/#primaryimage\"},\"thumbnailUrl\":\"https:\/\/now-news.de\/de\/wp-content\/uploads\/sites\/3\/2023\/06\/Lula-da-Silva-quotLaender-der-industriellen-Revolution-muessen-ihre-historische.jpg\",\"keywords\":[\"bezahlenquot\",\"der\",\"historische\",\"ihre\",\"industriellen\",\"Lula\",\"m\u00fcssen\",\"quotL\u00e4nder\",\"Revolution\",\"Silva\",\"Umweltschuld\"],\"articleSection\":[\"Deutschland\",\"Russland\"],\"inLanguage\":\"de\",\"potentialAction\":[{\"@type\":\"CommentAction\",\"name\":\"Comment\",\"target\":[\"https:\/\/now-news.de\/de\/deutschland\/lula-da-silva-laender-der-industriellen-revolution-muessen-ihre-historische-umweltschuld-bezahlen\/#respond\"]}]},{\"@type\":\"WebPage\",\"@id\":\"https:\/\/now-news.de\/de\/deutschland\/lula-da-silva-laender-der-industriellen-revolution-muessen-ihre-historische-umweltschuld-bezahlen\/\",\"url\":\"https:\/\/now-news.de\/de\/deutschland\/lula-da-silva-laender-der-industriellen-revolution-muessen-ihre-historische-umweltschuld-bezahlen\/\",\"name\":\"Lula da Silva: &quot;L\u00e4nder der industriellen Revolution m\u00fcssen ihre historische Umweltschuld bezahlen&quot; - just-now.NEWS Deutschland\",\"isPartOf\":{\"@id\":\"https:\/\/now-news.de\/de\/#website\"},\"primaryImageOfPage\":{\"@id\":\"https:\/\/now-news.de\/de\/deutschland\/lula-da-silva-laender-der-industriellen-revolution-muessen-ihre-historische-umweltschuld-bezahlen\/#primaryimage\"},\"image\":{\"@id\":\"https:\/\/now-news.de\/de\/deutschland\/lula-da-silva-laender-der-industriellen-revolution-muessen-ihre-historische-umweltschuld-bezahlen\/#primaryimage\"},\"thumbnailUrl\":\"https:\/\/now-news.de\/de\/wp-content\/uploads\/sites\/3\/2023\/06\/Lula-da-Silva-quotLaender-der-industriellen-Revolution-muessen-ihre-historische.jpg\",\"datePublished\":\"2023-06-30T09:27:24+00:00\",\"dateModified\":\"2023-06-30T09:27:24+00:00\",\"breadcrumb\":{\"@id\":\"https:\/\/now-news.de\/de\/deutschland\/lula-da-silva-laender-der-industriellen-revolution-muessen-ihre-historische-umweltschuld-bezahlen\/#breadcrumb\"},\"inLanguage\":\"de\",\"potentialAction\":[{\"@type\":\"ReadAction\",\"target\":[\"https:\/\/now-news.de\/de\/deutschland\/lula-da-silva-laender-der-industriellen-revolution-muessen-ihre-historische-umweltschuld-bezahlen\/\"]}]},{\"@type\":\"ImageObject\",\"inLanguage\":\"de\",\"@id\":\"https:\/\/now-news.de\/de\/deutschland\/lula-da-silva-laender-der-industriellen-revolution-muessen-ihre-historische-umweltschuld-bezahlen\/#primaryimage\",\"url\":\"https:\/\/now-news.de\/de\/wp-content\/uploads\/sites\/3\/2023\/06\/Lula-da-Silva-quotLaender-der-industriellen-Revolution-muessen-ihre-historische.jpg\",\"contentUrl\":\"https:\/\/now-news.de\/de\/wp-content\/uploads\/sites\/3\/2023\/06\/Lula-da-Silva-quotLaender-der-industriellen-Revolution-muessen-ihre-historische.jpg\",\"width\":460,\"height\":259,\"caption\":\"Lula da Silva: &quot;L\u00e4nder der industriellen Revolution m\u00fcssen ihre historische Umweltschuld bezahlen&quot;\"},{\"@type\":\"BreadcrumbList\",\"@id\":\"https:\/\/now-news.de\/de\/deutschland\/lula-da-silva-laender-der-industriellen-revolution-muessen-ihre-historische-umweltschuld-bezahlen\/#breadcrumb\",\"itemListElement\":[{\"@type\":\"ListItem\",\"position\":1,\"name\":\"Home\",\"item\":\"https:\/\/now-news.de\/de\/\"},{\"@type\":\"ListItem\",\"position\":2,\"name\":\"Lula da Silva: &quot;L\u00e4nder der industriellen Revolution m\u00fcssen ihre historische Umweltschuld bezahlen&quot;\"}]},{\"@type\":\"WebSite\",\"@id\":\"https:\/\/now-news.de\/de\/#website\",\"url\":\"https:\/\/now-news.de\/de\/\",\"name\":\"just-now.NEWS Deutschland\",\"description\":\"Das Portal f\u00fcr unzensierte Nachrichten aus der Welt\",\"publisher\":{\"@id\":\"https:\/\/now-news.de\/de\/#organization\"},\"potentialAction\":[{\"@type\":\"SearchAction\",\"target\":{\"@type\":\"EntryPoint\",\"urlTemplate\":\"https:\/\/now-news.de\/de\/?s={search_term_string}\"},\"query-input\":\"required name=search_term_string\"}],\"inLanguage\":\"de\"},{\"@type\":\"Organization\",\"@id\":\"https:\/\/now-news.de\/de\/#organization\",\"name\":\"Just Now News\",\"url\":\"https:\/\/now-news.de\/de\/\",\"logo\":{\"@type\":\"ImageObject\",\"inLanguage\":\"de\",\"@id\":\"https:\/\/now-news.de\/de\/#\/schema\/logo\/image\/\",\"url\":\"http:\/\/just-now.news\/de\/wp-content\/uploads\/sites\/3\/2022\/04\/logo500x500.jpg\",\"contentUrl\":\"http:\/\/just-now.news\/de\/wp-content\/uploads\/sites\/3\/2022\/04\/logo500x500.jpg\",\"width\":500,\"height\":500,\"caption\":\"Just Now News\"},\"image\":{\"@id\":\"https:\/\/now-news.de\/de\/#\/schema\/logo\/image\/\"},\"sameAs\":[\"https:\/\/www.facebook.com\/wirmachenauf\",\"https:\/\/x.com\/WirMachenAuf_de\"]},{\"@type\":\"Person\",\"@id\":\"https:\/\/now-news.de\/de\/#\/schema\/person\/fb534a4e865501d8b3285208df34a9b5\",\"name\":\"rtnews\",\"image\":{\"@type\":\"ImageObject\",\"inLanguage\":\"de\",\"@id\":\"https:\/\/now-news.de\/de\/#\/schema\/person\/image\/\",\"url\":\"https:\/\/secure.gravatar.com\/avatar\/82aafea7d8127119dd649515f56e2117?s=96&d=mm&r=g\",\"contentUrl\":\"https:\/\/secure.gravatar.com\/avatar\/82aafea7d8127119dd649515f56e2117?s=96&d=mm&r=g\",\"caption\":\"rtnews\"},\"url\":\"https:\/\/now-news.de\/de\/author\/rnews\/\"}]}<\/script>\n<!-- \/ Yoast SEO Premium plugin. -->","yoast_head_json":{"title":"Lula da Silva: &quot;L\u00e4nder der industriellen Revolution m\u00fcssen ihre historische Umweltschuld bezahlen&quot; - just-now.NEWS Deutschland","robots":{"index":"index","follow":"follow","max-snippet":"max-snippet:-1","max-image-preview":"max-image-preview:large","max-video-preview":"max-video-preview:-1"},"canonical":"https:\/\/now-news.de\/de\/deutschland\/lula-da-silva-laender-der-industriellen-revolution-muessen-ihre-historische-umweltschuld-bezahlen\/","og_locale":"de_DE","og_type":"article","og_title":"Lula da Silva: &quot;L\u00e4nder der industriellen Revolution m\u00fcssen ihre historische Umweltschuld bezahlen&quot;","og_description":"Der brasilianische Pr\u00e4sident Luiz Lula da Silva hielt auf einem Massenkonzert in Paris eine st\u00fcrmisch begr\u00fc\u00dfte Rede. Er stellte die historische Verantwortung der Industrienationen f\u00fcr die Umweltmisere und den Klimawandel in den Mittelpunkt. Von Maria M\u00fcller &#8220;Power Our Planet&#8221; \u2013 oder &#8220;Mach unsren Planeten stark&#8221; hie\u00df das Gro\u00dfkonzert in Frankreichs Metropole, das am Abend des [&hellip;]","og_url":"https:\/\/now-news.de\/de\/deutschland\/lula-da-silva-laender-der-industriellen-revolution-muessen-ihre-historische-umweltschuld-bezahlen\/","og_site_name":"just-now.NEWS Deutschland","article_publisher":"https:\/\/www.facebook.com\/wirmachenauf","article_published_time":"2023-06-30T09:27:24+00:00","og_image":[{"width":460,"height":259,"url":"https:\/\/now-news.de\/de\/wp-content\/uploads\/sites\/3\/2023\/06\/Lula-da-Silva-quotLaender-der-industriellen-Revolution-muessen-ihre-historische.jpg","type":"image\/jpeg"}],"author":"rtnews","twitter_card":"summary_large_image","twitter_creator":"@WirMachenAuf_de","twitter_site":"@WirMachenAuf_de","twitter_misc":{"Verfasst von":"rtnews","Gesch\u00e4tzte Lesezeit":"5\u00a0Minuten"},"schema":{"@context":"https:\/\/schema.org","@graph":[{"@type":"Article","@id":"https:\/\/now-news.de\/de\/deutschland\/lula-da-silva-laender-der-industriellen-revolution-muessen-ihre-historische-umweltschuld-bezahlen\/#article","isPartOf":{"@id":"https:\/\/now-news.de\/de\/deutschland\/lula-da-silva-laender-der-industriellen-revolution-muessen-ihre-historische-umweltschuld-bezahlen\/"},"author":{"name":"rtnews","@id":"https:\/\/now-news.de\/de\/#\/schema\/person\/fb534a4e865501d8b3285208df34a9b5"},"headline":"Lula da Silva: &quot;L\u00e4nder der industriellen Revolution m\u00fcssen ihre historische Umweltschuld bezahlen&quot;","datePublished":"2023-06-30T09:27:24+00:00","dateModified":"2023-06-30T09:27:24+00:00","mainEntityOfPage":{"@id":"https:\/\/now-news.de\/de\/deutschland\/lula-da-silva-laender-der-industriellen-revolution-muessen-ihre-historische-umweltschuld-bezahlen\/"},"wordCount":922,"commentCount":0,"publisher":{"@id":"https:\/\/now-news.de\/de\/#organization"},"image":{"@id":"https:\/\/now-news.de\/de\/deutschland\/lula-da-silva-laender-der-industriellen-revolution-muessen-ihre-historische-umweltschuld-bezahlen\/#primaryimage"},"thumbnailUrl":"https:\/\/now-news.de\/de\/wp-content\/uploads\/sites\/3\/2023\/06\/Lula-da-Silva-quotLaender-der-industriellen-Revolution-muessen-ihre-historische.jpg","keywords":["bezahlenquot","der","historische","ihre","industriellen","Lula","m\u00fcssen","quotL\u00e4nder","Revolution","Silva","Umweltschuld"],"articleSection":["Deutschland","Russland"],"inLanguage":"de","potentialAction":[{"@type":"CommentAction","name":"Comment","target":["https:\/\/now-news.de\/de\/deutschland\/lula-da-silva-laender-der-industriellen-revolution-muessen-ihre-historische-umweltschuld-bezahlen\/#respond"]}]},{"@type":"WebPage","@id":"https:\/\/now-news.de\/de\/deutschland\/lula-da-silva-laender-der-industriellen-revolution-muessen-ihre-historische-umweltschuld-bezahlen\/","url":"https:\/\/now-news.de\/de\/deutschland\/lula-da-silva-laender-der-industriellen-revolution-muessen-ihre-historische-umweltschuld-bezahlen\/","name":"Lula da Silva: &quot;L\u00e4nder der industriellen Revolution m\u00fcssen ihre historische Umweltschuld bezahlen&quot; - just-now.NEWS Deutschland","isPartOf":{"@id":"https:\/\/now-news.de\/de\/#website"},"primaryImageOfPage":{"@id":"https:\/\/now-news.de\/de\/deutschland\/lula-da-silva-laender-der-industriellen-revolution-muessen-ihre-historische-umweltschuld-bezahlen\/#primaryimage"},"image":{"@id":"https:\/\/now-news.de\/de\/deutschland\/lula-da-silva-laender-der-industriellen-revolution-muessen-ihre-historische-umweltschuld-bezahlen\/#primaryimage"},"thumbnailUrl":"https:\/\/now-news.de\/de\/wp-content\/uploads\/sites\/3\/2023\/06\/Lula-da-Silva-quotLaender-der-industriellen-Revolution-muessen-ihre-historische.jpg","datePublished":"2023-06-30T09:27:24+00:00","dateModified":"2023-06-30T09:27:24+00:00","breadcrumb":{"@id":"https:\/\/now-news.de\/de\/deutschland\/lula-da-silva-laender-der-industriellen-revolution-muessen-ihre-historische-umweltschuld-bezahlen\/#breadcrumb"},"inLanguage":"de","potentialAction":[{"@type":"ReadAction","target":["https:\/\/now-news.de\/de\/deutschland\/lula-da-silva-laender-der-industriellen-revolution-muessen-ihre-historische-umweltschuld-bezahlen\/"]}]},{"@type":"ImageObject","inLanguage":"de","@id":"https:\/\/now-news.de\/de\/deutschland\/lula-da-silva-laender-der-industriellen-revolution-muessen-ihre-historische-umweltschuld-bezahlen\/#primaryimage","url":"https:\/\/now-news.de\/de\/wp-content\/uploads\/sites\/3\/2023\/06\/Lula-da-Silva-quotLaender-der-industriellen-Revolution-muessen-ihre-historische.jpg","contentUrl":"https:\/\/now-news.de\/de\/wp-content\/uploads\/sites\/3\/2023\/06\/Lula-da-Silva-quotLaender-der-industriellen-Revolution-muessen-ihre-historische.jpg","width":460,"height":259,"caption":"Lula da Silva: &quot;L\u00e4nder der industriellen Revolution m\u00fcssen ihre historische Umweltschuld bezahlen&quot;"},{"@type":"BreadcrumbList","@id":"https:\/\/now-news.de\/de\/deutschland\/lula-da-silva-laender-der-industriellen-revolution-muessen-ihre-historische-umweltschuld-bezahlen\/#breadcrumb","itemListElement":[{"@type":"ListItem","position":1,"name":"Home","item":"https:\/\/now-news.de\/de\/"},{"@type":"ListItem","position":2,"name":"Lula da Silva: &quot;L\u00e4nder der industriellen Revolution m\u00fcssen ihre historische Umweltschuld bezahlen&quot;"}]},{"@type":"WebSite","@id":"https:\/\/now-news.de\/de\/#website","url":"https:\/\/now-news.de\/de\/","name":"just-now.NEWS Deutschland","description":"Das Portal f\u00fcr unzensierte Nachrichten aus der Welt","publisher":{"@id":"https:\/\/now-news.de\/de\/#organization"},"potentialAction":[{"@type":"SearchAction","target":{"@type":"EntryPoint","urlTemplate":"https:\/\/now-news.de\/de\/?s={search_term_string}"},"query-input":"required name=search_term_string"}],"inLanguage":"de"},{"@type":"Organization","@id":"https:\/\/now-news.de\/de\/#organization","name":"Just Now News","url":"https:\/\/now-news.de\/de\/","logo":{"@type":"ImageObject","inLanguage":"de","@id":"https:\/\/now-news.de\/de\/#\/schema\/logo\/image\/","url":"http:\/\/just-now.news\/de\/wp-content\/uploads\/sites\/3\/2022\/04\/logo500x500.jpg","contentUrl":"http:\/\/just-now.news\/de\/wp-content\/uploads\/sites\/3\/2022\/04\/logo500x500.jpg","width":500,"height":500,"caption":"Just Now News"},"image":{"@id":"https:\/\/now-news.de\/de\/#\/schema\/logo\/image\/"},"sameAs":["https:\/\/www.facebook.com\/wirmachenauf","https:\/\/x.com\/WirMachenAuf_de"]},{"@type":"Person","@id":"https:\/\/now-news.de\/de\/#\/schema\/person\/fb534a4e865501d8b3285208df34a9b5","name":"rtnews","image":{"@type":"ImageObject","inLanguage":"de","@id":"https:\/\/now-news.de\/de\/#\/schema\/person\/image\/","url":"https:\/\/secure.gravatar.com\/avatar\/82aafea7d8127119dd649515f56e2117?s=96&d=mm&r=g","contentUrl":"https:\/\/secure.gravatar.com\/avatar\/82aafea7d8127119dd649515f56e2117?s=96&d=mm&r=g","caption":"rtnews"},"url":"https:\/\/now-news.de\/de\/author\/rnews\/"}]}},"_links":{"self":[{"href":"https:\/\/now-news.de\/de\/wp-json\/wp\/v2\/posts\/39200"}],"collection":[{"href":"https:\/\/now-news.de\/de\/wp-json\/wp\/v2\/posts"}],"about":[{"href":"https:\/\/now-news.de\/de\/wp-json\/wp\/v2\/types\/post"}],"author":[{"embeddable":true,"href":"https:\/\/now-news.de\/de\/wp-json\/wp\/v2\/users\/3"}],"replies":[{"embeddable":true,"href":"https:\/\/now-news.de\/de\/wp-json\/wp\/v2\/comments?post=39200"}],"version-history":[{"count":0,"href":"https:\/\/now-news.de\/de\/wp-json\/wp\/v2\/posts\/39200\/revisions"}],"wp:featuredmedia":[{"embeddable":true,"href":"https:\/\/now-news.de\/de\/wp-json\/wp\/v2\/media\/39201"}],"wp:attachment":[{"href":"https:\/\/now-news.de\/de\/wp-json\/wp\/v2\/media?parent=39200"}],"wp:term":[{"taxonomy":"category","embeddable":true,"href":"https:\/\/now-news.de\/de\/wp-json\/wp\/v2\/categories?post=39200"},{"taxonomy":"post_tag","embeddable":true,"href":"https:\/\/now-news.de\/de\/wp-json\/wp\/v2\/tags?post=39200"}],"curies":[{"name":"wp","href":"https:\/\/api.w.org\/{rel}","templated":true}]}}