{"id":39192,"date":"2023-06-30T09:46:49","date_gmt":"2023-06-30T07:46:49","guid":{"rendered":"https:\/\/just-now.news\/de\/deutschland\/frankreich-welle-der-gewalt-schwappt-nach-belgien-verantwortlicher-polizist-wurde-festgenommen\/"},"modified":"2023-06-30T09:46:49","modified_gmt":"2023-06-30T07:46:49","slug":"frankreich-welle-der-gewalt-schwappt-nach-belgien-verantwortlicher-polizist-wurde-festgenommen","status":"publish","type":"post","link":"https:\/\/now-news.de\/de\/deutschland\/frankreich-welle-der-gewalt-schwappt-nach-belgien-verantwortlicher-polizist-wurde-festgenommen\/","title":{"rendered":"Frankreich: Welle der Gewalt schwappt nach Belgien, verantwortlicher Polizist wurde festgenommen"},"content":{"rendered":"<p><img decoding=\"async\" src=\"http:\/\/just-now.news\/de\/wp-content\/uploads\/sites\/3\/2023\/06\/649e7053b480cc0a48777326.jpg\" \/><\/p>\n<div class=\"Text-root Text-type_1 \">\n                Nach den t\u00f6dlichen Sch\u00fcssen auf einen 17-J\u00e4hrigen dauern die Unruhen in Frankreich an. Der Beamte wurde nun festgenommen. Auch in der belgischen Hauptstadt Br\u00fcssel kam es zu Auseinandersetzungen zwischen Polizei und Demonstranten.\n            <\/div>\n<p><\/p>\n<div class=\"Text-root Text-type_5 ArticleView-text ViewText-root \">\n<p>Der Polizist, der am Dienstag in Nanterre, einem Pariser Vorort, den Tod eines 17-j\u00e4hrigen Jungen durch einen Schuss in das fortfahrende Auto verursacht haben soll, wurde am 29. Juni in Untersuchungshaft genommen. Zuvor war der Beamte wegen &#8220;vors\u00e4tzlicher T\u00f6tung&#8221; angeklagt worden. Der ermittelnde Staatsanwalt von Nanterre hatte die Inhaftierung &#8220;in Anbetracht der Fakten und der Notwendigkeit, die Ermittlungen aufrechtzuerhalten&#8221; <a rel=\"nofollow noopener\" target=\"_blank\" href=\"https:\/\/www.leparisien.fr\/faits-divers\/mort-de-nahel-le-policier-accuse-du-tir-mis-en-examen-pour-homicide-volontaire-et-place-en-detention-provisoire-29-06-2023-NXODQ5SVPFAV7GATC7JXWFBNQA.php\">beantragt<\/a>.<\/p>\n<p>Im Anschluss an einen Trauermarsch f\u00fcr den erschossenen Jugendlichen in Nanterre mit rund 6.000 Teilnehmern kam es am Donnerstagabend zu Auseinandersetzungen zwischen Protestierenden und der Polizei. Die Beamten wurden mit Molotow-Cocktails beworfen. In der Vorstadt eskalierte dann die Gewalt ununterbrochen, so wurde eine Filiale der Bank Credit Mutuel in Brand gesteckt, wobei die Flammen auf ein dar\u00fcber gelegenes Wohngeb\u00e4ude \u00fcbergriffen. Die Feuerwehr l\u00f6schte den Brand, ohne dass Menschen zu Schaden kamen.<\/p>\n<div class=\"EmbedBlock-root EmbedBlock-twitter\">\n<div class=\"TwitterEmbed\">\n<blockquote class=\"twitter-tweet lazyload\" data-twitter=\"twitter-tweet\">\n<p lang=\"fr\" dir=\"ltr\">Nanterre : un Cr\u00e9dit Mutuel incendi\u00e9, un jeune aurait escalad\u00e9 l&#8217;immeuble pour pr\u00e9venir les habitants Lien des vid\u00e9os de ce soir : <a rel=\"nofollow noopener\" target=\"_blank\" href=\"https:\/\/t.co\/ugYLDs73b4\">https:\/\/t.co\/ugYLDs73b4<\/a><a rel=\"nofollow noopener\" target=\"_blank\" href=\"https:\/\/t.co\/5CHu5W81d6\">pic.twitter.com\/5CHu5W81d6<\/a><\/p>\n<p>\u2014 Fdesouche.com est une revue de presse (@F_Desouche) <a rel=\"nofollow noopener\" target=\"_blank\" href=\"https:\/\/twitter.com\/F_Desouche\/status\/1674493677081620500?ref_src=twsrc%5Etfw\">June 29, 2023<\/a><\/p><\/blockquote>\n<\/div>\n<\/div>\n<p>In der Nacht lieferten sich protestierende Einwohner und die Polizei landesweit regelrechte Stra\u00dfenschlachten. Unter anderem wurde ein Bus-Depot n\u00f6rdlich von Paris angez\u00fcndet:<\/p>\n<div class=\"EmbedBlock-root EmbedBlock-twitter\">\n<div class=\"TwitterEmbed\">\n<blockquote class=\"twitter-tweet lazyload\" data-twitter=\"twitter-tweet\">\n<p lang=\"en\" dir=\"ltr\">Another view of the bus depot in Aubervilliers, France that was set a blaze this evening.  <a rel=\"nofollow noopener\" target=\"_blank\" href=\"https:\/\/t.co\/i92CfuAxi9\">pic.twitter.com\/i92CfuAxi9<\/a><\/p>\n<p>\u2014 READY ALERTS (@ReadyAlerts) <a rel=\"nofollow noopener\" target=\"_blank\" href=\"https:\/\/twitter.com\/ReadyAlerts\/status\/1674599929438928897?ref_src=twsrc%5Etfw\">June 30, 2023<\/a><\/p><\/blockquote>\n<\/div>\n<\/div>\n<p>40.000 Polizisten waren in der Nacht auf Freitag landesweit mobilisiert. So in Lille, Lyon, Toulouse und in Bordeaux. In Grenoble wurde ein fahrender Bus mit Feuerwerksk\u00f6rpern beschossen. Dieses Video ist aus der Stadt Lille, im Norden Frankreichs, nahe der Grenze zu Belgien.<\/p>\n<div class=\"EmbedBlock-root EmbedBlock-twitter\">\n<div class=\"TwitterEmbed\">\n<blockquote class=\"twitter-tweet lazyload\" data-twitter=\"twitter-tweet\">\n<p lang=\"en\" dir=\"ltr\">\ud83d\udea8NOW\ud83c\uddeb\ud83c\uddf7 Clashes in Lille continue even at 5 am.<a rel=\"nofollow noopener\" target=\"_blank\" href=\"https:\/\/twitter.com\/hashtag\/Nanterre?src=hash&amp;ref_src=twsrc%5Etfw\">#Nanterre<\/a><a rel=\"nofollow noopener\" target=\"_blank\" href=\"https:\/\/twitter.com\/hashtag\/France?src=hash&amp;ref_src=twsrc%5Etfw\">#France<\/a><a rel=\"nofollow noopener\" target=\"_blank\" href=\"https:\/\/twitter.com\/hashtag\/Banlieues?src=hash&amp;ref_src=twsrc%5Etfw\">#Banlieues<\/a><a rel=\"nofollow noopener\" target=\"_blank\" href=\"https:\/\/twitter.com\/hashtag\/Paris?src=hash&amp;ref_src=twsrc%5Etfw\">#Paris<\/a><a rel=\"nofollow noopener\" target=\"_blank\" href=\"https:\/\/twitter.com\/hashtag\/emeutes?src=hash&amp;ref_src=twsrc%5Etfw\">#emeutes<\/a><a rel=\"nofollow noopener\" target=\"_blank\" href=\"https:\/\/twitter.com\/hashtag\/Nahel?src=hash&amp;ref_src=twsrc%5Etfw\">#Nahel<\/a><a rel=\"nofollow noopener\" target=\"_blank\" href=\"https:\/\/twitter.com\/hashtag\/nael?src=hash&amp;ref_src=twsrc%5Etfw\">#nael<\/a><a rel=\"nofollow noopener\" target=\"_blank\" href=\"https:\/\/twitter.com\/hashtag\/Marseille?src=hash&amp;ref_src=twsrc%5Etfw\">#Marseille<\/a><a rel=\"nofollow noopener\" target=\"_blank\" href=\"https:\/\/t.co\/uFffIIyWfB\">pic.twitter.com\/uFffIIyWfB<\/a><\/p>\n<p>\u2014 Eren \ud835\udd6e\ud83c\uddf9\ud83c\uddf7 (@Eren50855570) <a rel=\"nofollow noopener\" target=\"_blank\" href=\"https:\/\/twitter.com\/Eren50855570\/status\/1674637180264673283?ref_src=twsrc%5Etfw\">June 30, 2023<\/a><\/p><\/blockquote>\n<\/div>\n<\/div>\n<p>Auch in der belgischen Hauptstadt Br\u00fcssel ist es zu Auseinandersetzungen zwischen Jugendlichen und Ordnungskr\u00e4ften gekommen. Nach Angaben der belgischen Nachrichtenagentur Belga wurden etwa 30 Menschen festgenommen, ein Gro\u00dfteil davon waren Minderj\u00e4hrige. Ein Teil des \u00f6ffentlichen Personennahverkehrs musste eingestellt werden.<\/p>\n<p>Am Donnerstag stellten die beiden mit den Ermittlungen beauftragten Untersuchungsrichter laut <em>Le Parisien<\/em> fest, &#8220;dass der Einsatz der Waffe durch den Brigadier weder der Notwehr noch Artikel L. 435-1 des Gesetzes \u00fcber innere Sicherheit entsprach, der es Polizisten und Gendarmen erlaubt, bei einer Befehlsverweigerung das Feuer zu er\u00f6ffnen&#8221;.<\/p>\n<p>In Polizeigewahrsam erkl\u00e4rte der verantwortliche 38-j\u00e4hrige Polizist seine Tat bei der Personenkontrolle\u00a0 damit, dass er &#8220;eine weitere Flucht verhindern wollte&#8221; und dass er aufgrund der Gef\u00e4hrlichkeit des Fahrstils Angst gehabt habe, &#8220;dass jemand \u00fcberfahren werden k\u00f6nnte&#8221;. Zudem bef\u00fcrchtete der Beamte, beim spontanen Losfahren des 17-J\u00e4hrigen verletzt zu werden. Die weiteren Ermittlungen m\u00fcssen die Umst\u00e4nde des Schusses kl\u00e4ren.<\/p>\n<p>Zwei Motorradpolizisten wollten zun\u00e4chst das von dem Jugendlichen gesteuerte Fahrzeug kontrollieren, das mit hoher Geschwindigkeit &#8220;auf einer Busspur&#8221; fuhr. Dabei forderten sie ihn vergeblich zum Anhalten auf. Einige Dutzend Meter weiter steckte der gelbe Mercedes des jungen Mannes dann im Stau fest und es kam zu der t\u00f6dlichen Trag\u00f6die.<\/p>\n<p>Bei den eskalierenden Protesten kam es auch zu Pl\u00fcnderungen und ausufernden Zerst\u00f6rungswellen:<\/p>\n<div class=\"EmbedBlock-root EmbedBlock-twitter\">\n<div class=\"TwitterEmbed\">\n<blockquote class=\"twitter-tweet lazyload\" data-twitter=\"twitter-tweet\">\n<p lang=\"en\" dir=\"ltr\"><a rel=\"nofollow noopener\" target=\"_blank\" href=\"https:\/\/twitter.com\/hashtag\/BREAKING?src=hash&amp;ref_src=twsrc%5Etfw\">#BREAKING<\/a><a rel=\"nofollow noopener\" target=\"_blank\" href=\"https:\/\/twitter.com\/hashtag\/France?src=hash&amp;ref_src=twsrc%5Etfw\">#France<\/a><a rel=\"nofollow noopener\" target=\"_blank\" href=\"https:\/\/twitter.com\/hashtag\/FranceRiots?src=hash&amp;ref_src=twsrc%5Etfw\">#FranceRiots<\/a><a rel=\"nofollow noopener\" target=\"_blank\" href=\"https:\/\/twitter.com\/hashtag\/Nanterre?src=hash&amp;ref_src=twsrc%5Etfw\">#Nanterre<\/a> Looting in downtown Paris, no police present. <a rel=\"nofollow noopener\" target=\"_blank\" href=\"https:\/\/t.co\/SbdEQTHb88\">pic.twitter.com\/SbdEQTHb88<\/a><\/p>\n<p>\u2014 National Independent (@NationalIndNews) <a rel=\"nofollow noopener\" target=\"_blank\" href=\"https:\/\/twitter.com\/NationalIndNews\/status\/1674564392082456576?ref_src=twsrc%5Etfw\">June 29, 2023<\/a><\/p><\/blockquote>\n<\/div>\n<\/div>\n<p><strong>Mehr zum Thema \u2013<\/strong>\u00a0<a rel=\"nofollow noopener\" target=\"_blank\" href=\"https:\/\/freeassange.rtde.life\/europa\/173921-weitverbreitete-revolte-erfasst-frankreich\/\">Weitverbreitete &#8220;Revolte&#8221; erfasst Frankreich<\/a><\/p>\n<\/div>\n<p><script async src=\"https:\/\/platform.twitter.com\/widgets.js\" charset=\"utf-8\"><\/script><br \/>\n<br \/><br \/>\n<br \/><a href=\"https:\/\/de.rt.com\/europa\/174014-frankreicht-gewaltspirale-eskaliert-bis-nach\/\">Source link <\/a><\/p>\n","protected":false},"excerpt":{"rendered":"<p>Nach den t\u00f6dlichen Sch\u00fcssen auf einen 17-J\u00e4hrigen dauern die Unruhen in Frankreich an. Der Beamte wurde nun festgenommen. Auch in der belgischen Hauptstadt Br\u00fcssel kam es zu Auseinandersetzungen zwischen Polizei und Demonstranten. Der Polizist, der am Dienstag in Nanterre, einem Pariser Vorort, den Tod eines 17-j\u00e4hrigen Jungen durch einen Schuss in das fortfahrende Auto verursacht [&hellip;]<\/p>\n","protected":false},"author":3,"featured_media":39193,"comment_status":"open","ping_status":"open","sticky":false,"template":"","format":"standard","meta":{"_yoast_indexnow_last_ping":["1688111522"],"wp_automatic_camp":["217"],"bba16c9ddf4012dba15aed3ab1fea487":["Frankreich: Welle der Gewalt schwappt nach Belgien, verantwortlicher Polizist wurde festgenommen"],"original_link":["https:\/\/de.rt.com\/europa\/174014-frankreicht-gewaltspirale-eskaliert-bis-nach\/"],"_thumbnail_id":["39193"],"_wptgpro_p2tg_sent2tg":["a:1:{i:23737;s:19:\"2023-06-30 09:53:22\";}"],"jnews_social_counter_last_update":["1777607818"]},"categories":[19,23],"tags":[21433,82,1356,3320,7768,979,27028,46218,30766,20768,528],"yoast_head":"<!-- This site is optimized with the Yoast SEO Premium plugin v22.7 (Yoast SEO v22.7) - https:\/\/yoast.com\/wordpress\/plugins\/seo\/ -->\n<title>Frankreich: Welle der Gewalt schwappt nach Belgien, verantwortlicher Polizist wurde festgenommen - just-now.NEWS Deutschland<\/title>\n<meta name=\"robots\" content=\"index, follow, max-snippet:-1, max-image-preview:large, max-video-preview:-1\" \/>\n<link rel=\"canonical\" href=\"https:\/\/now-news.de\/de\/deutschland\/frankreich-welle-der-gewalt-schwappt-nach-belgien-verantwortlicher-polizist-wurde-festgenommen\/\" \/>\n<meta property=\"og:locale\" content=\"de_DE\" \/>\n<meta property=\"og:type\" content=\"article\" \/>\n<meta property=\"og:title\" content=\"Frankreich: Welle der Gewalt schwappt nach Belgien, verantwortlicher Polizist wurde festgenommen\" \/>\n<meta property=\"og:description\" content=\"Nach den t\u00f6dlichen Sch\u00fcssen auf einen 17-J\u00e4hrigen dauern die Unruhen in Frankreich an. Der Beamte wurde nun festgenommen. Auch in der belgischen Hauptstadt Br\u00fcssel kam es zu Auseinandersetzungen zwischen Polizei und Demonstranten. Der Polizist, der am Dienstag in Nanterre, einem Pariser Vorort, den Tod eines 17-j\u00e4hrigen Jungen durch einen Schuss in das fortfahrende Auto verursacht [&hellip;]\" \/>\n<meta property=\"og:url\" content=\"https:\/\/now-news.de\/de\/deutschland\/frankreich-welle-der-gewalt-schwappt-nach-belgien-verantwortlicher-polizist-wurde-festgenommen\/\" \/>\n<meta property=\"og:site_name\" content=\"just-now.NEWS Deutschland\" \/>\n<meta property=\"article:publisher\" content=\"https:\/\/www.facebook.com\/wirmachenauf\" \/>\n<meta property=\"article:published_time\" content=\"2023-06-30T07:46:49+00:00\" \/>\n<meta property=\"og:image\" content=\"https:\/\/now-news.de\/de\/wp-content\/uploads\/sites\/3\/2023\/06\/Frankreich-Welle-der-Gewalt-schwappt-nach-Belgien-verantwortlicher-Polizist-wurde.jpg\" \/>\n\t<meta property=\"og:image:width\" content=\"460\" \/>\n\t<meta property=\"og:image:height\" content=\"259\" \/>\n\t<meta property=\"og:image:type\" content=\"image\/jpeg\" \/>\n<meta name=\"author\" content=\"rtnews\" \/>\n<meta name=\"twitter:card\" content=\"summary_large_image\" \/>\n<meta name=\"twitter:creator\" content=\"@WirMachenAuf_de\" \/>\n<meta name=\"twitter:site\" content=\"@WirMachenAuf_de\" \/>\n<meta name=\"twitter:label1\" content=\"Verfasst von\" \/>\n\t<meta name=\"twitter:data1\" content=\"rtnews\" \/>\n\t<meta name=\"twitter:label2\" content=\"Gesch\u00e4tzte Lesezeit\" \/>\n\t<meta name=\"twitter:data2\" content=\"3\u00a0Minuten\" \/>\n<script type=\"application\/ld+json\" class=\"yoast-schema-graph\">{\"@context\":\"https:\/\/schema.org\",\"@graph\":[{\"@type\":\"Article\",\"@id\":\"https:\/\/now-news.de\/de\/deutschland\/frankreich-welle-der-gewalt-schwappt-nach-belgien-verantwortlicher-polizist-wurde-festgenommen\/#article\",\"isPartOf\":{\"@id\":\"https:\/\/now-news.de\/de\/deutschland\/frankreich-welle-der-gewalt-schwappt-nach-belgien-verantwortlicher-polizist-wurde-festgenommen\/\"},\"author\":{\"name\":\"rtnews\",\"@id\":\"https:\/\/now-news.de\/de\/#\/schema\/person\/fb534a4e865501d8b3285208df34a9b5\"},\"headline\":\"Frankreich: Welle der Gewalt schwappt nach Belgien, verantwortlicher Polizist wurde festgenommen\",\"datePublished\":\"2023-06-30T07:46:49+00:00\",\"dateModified\":\"2023-06-30T07:46:49+00:00\",\"mainEntityOfPage\":{\"@id\":\"https:\/\/now-news.de\/de\/deutschland\/frankreich-welle-der-gewalt-schwappt-nach-belgien-verantwortlicher-polizist-wurde-festgenommen\/\"},\"wordCount\":595,\"commentCount\":0,\"publisher\":{\"@id\":\"https:\/\/now-news.de\/de\/#organization\"},\"image\":{\"@id\":\"https:\/\/now-news.de\/de\/deutschland\/frankreich-welle-der-gewalt-schwappt-nach-belgien-verantwortlicher-polizist-wurde-festgenommen\/#primaryimage\"},\"thumbnailUrl\":\"https:\/\/now-news.de\/de\/wp-content\/uploads\/sites\/3\/2023\/06\/Frankreich-Welle-der-Gewalt-schwappt-nach-Belgien-verantwortlicher-Polizist-wurde.jpg\",\"keywords\":[\"Belgien\",\"der\",\"festgenommen\",\"Frankreich\",\"Gewalt\",\"nach\",\"Polizist\",\"schwappt\",\"Verantwortlicher\",\"Welle\",\"wurde\"],\"articleSection\":[\"Deutschland\",\"Russland\"],\"inLanguage\":\"de\",\"potentialAction\":[{\"@type\":\"CommentAction\",\"name\":\"Comment\",\"target\":[\"https:\/\/now-news.de\/de\/deutschland\/frankreich-welle-der-gewalt-schwappt-nach-belgien-verantwortlicher-polizist-wurde-festgenommen\/#respond\"]}]},{\"@type\":\"WebPage\",\"@id\":\"https:\/\/now-news.de\/de\/deutschland\/frankreich-welle-der-gewalt-schwappt-nach-belgien-verantwortlicher-polizist-wurde-festgenommen\/\",\"url\":\"https:\/\/now-news.de\/de\/deutschland\/frankreich-welle-der-gewalt-schwappt-nach-belgien-verantwortlicher-polizist-wurde-festgenommen\/\",\"name\":\"Frankreich: Welle der Gewalt schwappt nach Belgien, verantwortlicher Polizist wurde festgenommen - just-now.NEWS Deutschland\",\"isPartOf\":{\"@id\":\"https:\/\/now-news.de\/de\/#website\"},\"primaryImageOfPage\":{\"@id\":\"https:\/\/now-news.de\/de\/deutschland\/frankreich-welle-der-gewalt-schwappt-nach-belgien-verantwortlicher-polizist-wurde-festgenommen\/#primaryimage\"},\"image\":{\"@id\":\"https:\/\/now-news.de\/de\/deutschland\/frankreich-welle-der-gewalt-schwappt-nach-belgien-verantwortlicher-polizist-wurde-festgenommen\/#primaryimage\"},\"thumbnailUrl\":\"https:\/\/now-news.de\/de\/wp-content\/uploads\/sites\/3\/2023\/06\/Frankreich-Welle-der-Gewalt-schwappt-nach-Belgien-verantwortlicher-Polizist-wurde.jpg\",\"datePublished\":\"2023-06-30T07:46:49+00:00\",\"dateModified\":\"2023-06-30T07:46:49+00:00\",\"breadcrumb\":{\"@id\":\"https:\/\/now-news.de\/de\/deutschland\/frankreich-welle-der-gewalt-schwappt-nach-belgien-verantwortlicher-polizist-wurde-festgenommen\/#breadcrumb\"},\"inLanguage\":\"de\",\"potentialAction\":[{\"@type\":\"ReadAction\",\"target\":[\"https:\/\/now-news.de\/de\/deutschland\/frankreich-welle-der-gewalt-schwappt-nach-belgien-verantwortlicher-polizist-wurde-festgenommen\/\"]}]},{\"@type\":\"ImageObject\",\"inLanguage\":\"de\",\"@id\":\"https:\/\/now-news.de\/de\/deutschland\/frankreich-welle-der-gewalt-schwappt-nach-belgien-verantwortlicher-polizist-wurde-festgenommen\/#primaryimage\",\"url\":\"https:\/\/now-news.de\/de\/wp-content\/uploads\/sites\/3\/2023\/06\/Frankreich-Welle-der-Gewalt-schwappt-nach-Belgien-verantwortlicher-Polizist-wurde.jpg\",\"contentUrl\":\"https:\/\/now-news.de\/de\/wp-content\/uploads\/sites\/3\/2023\/06\/Frankreich-Welle-der-Gewalt-schwappt-nach-Belgien-verantwortlicher-Polizist-wurde.jpg\",\"width\":460,\"height\":259,\"caption\":\"Frankreich: Welle der Gewalt schwappt nach Belgien, verantwortlicher Polizist wurde festgenommen\"},{\"@type\":\"BreadcrumbList\",\"@id\":\"https:\/\/now-news.de\/de\/deutschland\/frankreich-welle-der-gewalt-schwappt-nach-belgien-verantwortlicher-polizist-wurde-festgenommen\/#breadcrumb\",\"itemListElement\":[{\"@type\":\"ListItem\",\"position\":1,\"name\":\"Home\",\"item\":\"https:\/\/now-news.de\/de\/\"},{\"@type\":\"ListItem\",\"position\":2,\"name\":\"Frankreich: Welle der Gewalt schwappt nach Belgien, verantwortlicher Polizist wurde festgenommen\"}]},{\"@type\":\"WebSite\",\"@id\":\"https:\/\/now-news.de\/de\/#website\",\"url\":\"https:\/\/now-news.de\/de\/\",\"name\":\"just-now.NEWS Deutschland\",\"description\":\"Das Portal f\u00fcr unzensierte Nachrichten aus der Welt\",\"publisher\":{\"@id\":\"https:\/\/now-news.de\/de\/#organization\"},\"potentialAction\":[{\"@type\":\"SearchAction\",\"target\":{\"@type\":\"EntryPoint\",\"urlTemplate\":\"https:\/\/now-news.de\/de\/?s={search_term_string}\"},\"query-input\":\"required name=search_term_string\"}],\"inLanguage\":\"de\"},{\"@type\":\"Organization\",\"@id\":\"https:\/\/now-news.de\/de\/#organization\",\"name\":\"Just Now News\",\"url\":\"https:\/\/now-news.de\/de\/\",\"logo\":{\"@type\":\"ImageObject\",\"inLanguage\":\"de\",\"@id\":\"https:\/\/now-news.de\/de\/#\/schema\/logo\/image\/\",\"url\":\"http:\/\/just-now.news\/de\/wp-content\/uploads\/sites\/3\/2022\/04\/logo500x500.jpg\",\"contentUrl\":\"http:\/\/just-now.news\/de\/wp-content\/uploads\/sites\/3\/2022\/04\/logo500x500.jpg\",\"width\":500,\"height\":500,\"caption\":\"Just Now News\"},\"image\":{\"@id\":\"https:\/\/now-news.de\/de\/#\/schema\/logo\/image\/\"},\"sameAs\":[\"https:\/\/www.facebook.com\/wirmachenauf\",\"https:\/\/x.com\/WirMachenAuf_de\"]},{\"@type\":\"Person\",\"@id\":\"https:\/\/now-news.de\/de\/#\/schema\/person\/fb534a4e865501d8b3285208df34a9b5\",\"name\":\"rtnews\",\"image\":{\"@type\":\"ImageObject\",\"inLanguage\":\"de\",\"@id\":\"https:\/\/now-news.de\/de\/#\/schema\/person\/image\/\",\"url\":\"https:\/\/secure.gravatar.com\/avatar\/82aafea7d8127119dd649515f56e2117?s=96&d=mm&r=g\",\"contentUrl\":\"https:\/\/secure.gravatar.com\/avatar\/82aafea7d8127119dd649515f56e2117?s=96&d=mm&r=g\",\"caption\":\"rtnews\"},\"url\":\"https:\/\/now-news.de\/de\/author\/rnews\/\"}]}<\/script>\n<!-- \/ Yoast SEO Premium plugin. -->","yoast_head_json":{"title":"Frankreich: Welle der Gewalt schwappt nach Belgien, verantwortlicher Polizist wurde festgenommen - just-now.NEWS Deutschland","robots":{"index":"index","follow":"follow","max-snippet":"max-snippet:-1","max-image-preview":"max-image-preview:large","max-video-preview":"max-video-preview:-1"},"canonical":"https:\/\/now-news.de\/de\/deutschland\/frankreich-welle-der-gewalt-schwappt-nach-belgien-verantwortlicher-polizist-wurde-festgenommen\/","og_locale":"de_DE","og_type":"article","og_title":"Frankreich: Welle der Gewalt schwappt nach Belgien, verantwortlicher Polizist wurde festgenommen","og_description":"Nach den t\u00f6dlichen Sch\u00fcssen auf einen 17-J\u00e4hrigen dauern die Unruhen in Frankreich an. Der Beamte wurde nun festgenommen. Auch in der belgischen Hauptstadt Br\u00fcssel kam es zu Auseinandersetzungen zwischen Polizei und Demonstranten. Der Polizist, der am Dienstag in Nanterre, einem Pariser Vorort, den Tod eines 17-j\u00e4hrigen Jungen durch einen Schuss in das fortfahrende Auto verursacht [&hellip;]","og_url":"https:\/\/now-news.de\/de\/deutschland\/frankreich-welle-der-gewalt-schwappt-nach-belgien-verantwortlicher-polizist-wurde-festgenommen\/","og_site_name":"just-now.NEWS Deutschland","article_publisher":"https:\/\/www.facebook.com\/wirmachenauf","article_published_time":"2023-06-30T07:46:49+00:00","og_image":[{"width":460,"height":259,"url":"https:\/\/now-news.de\/de\/wp-content\/uploads\/sites\/3\/2023\/06\/Frankreich-Welle-der-Gewalt-schwappt-nach-Belgien-verantwortlicher-Polizist-wurde.jpg","type":"image\/jpeg"}],"author":"rtnews","twitter_card":"summary_large_image","twitter_creator":"@WirMachenAuf_de","twitter_site":"@WirMachenAuf_de","twitter_misc":{"Verfasst von":"rtnews","Gesch\u00e4tzte Lesezeit":"3\u00a0Minuten"},"schema":{"@context":"https:\/\/schema.org","@graph":[{"@type":"Article","@id":"https:\/\/now-news.de\/de\/deutschland\/frankreich-welle-der-gewalt-schwappt-nach-belgien-verantwortlicher-polizist-wurde-festgenommen\/#article","isPartOf":{"@id":"https:\/\/now-news.de\/de\/deutschland\/frankreich-welle-der-gewalt-schwappt-nach-belgien-verantwortlicher-polizist-wurde-festgenommen\/"},"author":{"name":"rtnews","@id":"https:\/\/now-news.de\/de\/#\/schema\/person\/fb534a4e865501d8b3285208df34a9b5"},"headline":"Frankreich: Welle der Gewalt schwappt nach Belgien, verantwortlicher Polizist wurde festgenommen","datePublished":"2023-06-30T07:46:49+00:00","dateModified":"2023-06-30T07:46:49+00:00","mainEntityOfPage":{"@id":"https:\/\/now-news.de\/de\/deutschland\/frankreich-welle-der-gewalt-schwappt-nach-belgien-verantwortlicher-polizist-wurde-festgenommen\/"},"wordCount":595,"commentCount":0,"publisher":{"@id":"https:\/\/now-news.de\/de\/#organization"},"image":{"@id":"https:\/\/now-news.de\/de\/deutschland\/frankreich-welle-der-gewalt-schwappt-nach-belgien-verantwortlicher-polizist-wurde-festgenommen\/#primaryimage"},"thumbnailUrl":"https:\/\/now-news.de\/de\/wp-content\/uploads\/sites\/3\/2023\/06\/Frankreich-Welle-der-Gewalt-schwappt-nach-Belgien-verantwortlicher-Polizist-wurde.jpg","keywords":["Belgien","der","festgenommen","Frankreich","Gewalt","nach","Polizist","schwappt","Verantwortlicher","Welle","wurde"],"articleSection":["Deutschland","Russland"],"inLanguage":"de","potentialAction":[{"@type":"CommentAction","name":"Comment","target":["https:\/\/now-news.de\/de\/deutschland\/frankreich-welle-der-gewalt-schwappt-nach-belgien-verantwortlicher-polizist-wurde-festgenommen\/#respond"]}]},{"@type":"WebPage","@id":"https:\/\/now-news.de\/de\/deutschland\/frankreich-welle-der-gewalt-schwappt-nach-belgien-verantwortlicher-polizist-wurde-festgenommen\/","url":"https:\/\/now-news.de\/de\/deutschland\/frankreich-welle-der-gewalt-schwappt-nach-belgien-verantwortlicher-polizist-wurde-festgenommen\/","name":"Frankreich: Welle der Gewalt schwappt nach Belgien, verantwortlicher Polizist wurde festgenommen - just-now.NEWS Deutschland","isPartOf":{"@id":"https:\/\/now-news.de\/de\/#website"},"primaryImageOfPage":{"@id":"https:\/\/now-news.de\/de\/deutschland\/frankreich-welle-der-gewalt-schwappt-nach-belgien-verantwortlicher-polizist-wurde-festgenommen\/#primaryimage"},"image":{"@id":"https:\/\/now-news.de\/de\/deutschland\/frankreich-welle-der-gewalt-schwappt-nach-belgien-verantwortlicher-polizist-wurde-festgenommen\/#primaryimage"},"thumbnailUrl":"https:\/\/now-news.de\/de\/wp-content\/uploads\/sites\/3\/2023\/06\/Frankreich-Welle-der-Gewalt-schwappt-nach-Belgien-verantwortlicher-Polizist-wurde.jpg","datePublished":"2023-06-30T07:46:49+00:00","dateModified":"2023-06-30T07:46:49+00:00","breadcrumb":{"@id":"https:\/\/now-news.de\/de\/deutschland\/frankreich-welle-der-gewalt-schwappt-nach-belgien-verantwortlicher-polizist-wurde-festgenommen\/#breadcrumb"},"inLanguage":"de","potentialAction":[{"@type":"ReadAction","target":["https:\/\/now-news.de\/de\/deutschland\/frankreich-welle-der-gewalt-schwappt-nach-belgien-verantwortlicher-polizist-wurde-festgenommen\/"]}]},{"@type":"ImageObject","inLanguage":"de","@id":"https:\/\/now-news.de\/de\/deutschland\/frankreich-welle-der-gewalt-schwappt-nach-belgien-verantwortlicher-polizist-wurde-festgenommen\/#primaryimage","url":"https:\/\/now-news.de\/de\/wp-content\/uploads\/sites\/3\/2023\/06\/Frankreich-Welle-der-Gewalt-schwappt-nach-Belgien-verantwortlicher-Polizist-wurde.jpg","contentUrl":"https:\/\/now-news.de\/de\/wp-content\/uploads\/sites\/3\/2023\/06\/Frankreich-Welle-der-Gewalt-schwappt-nach-Belgien-verantwortlicher-Polizist-wurde.jpg","width":460,"height":259,"caption":"Frankreich: Welle der Gewalt schwappt nach Belgien, verantwortlicher Polizist wurde festgenommen"},{"@type":"BreadcrumbList","@id":"https:\/\/now-news.de\/de\/deutschland\/frankreich-welle-der-gewalt-schwappt-nach-belgien-verantwortlicher-polizist-wurde-festgenommen\/#breadcrumb","itemListElement":[{"@type":"ListItem","position":1,"name":"Home","item":"https:\/\/now-news.de\/de\/"},{"@type":"ListItem","position":2,"name":"Frankreich: Welle der Gewalt schwappt nach Belgien, verantwortlicher Polizist wurde festgenommen"}]},{"@type":"WebSite","@id":"https:\/\/now-news.de\/de\/#website","url":"https:\/\/now-news.de\/de\/","name":"just-now.NEWS Deutschland","description":"Das Portal f\u00fcr unzensierte Nachrichten aus der Welt","publisher":{"@id":"https:\/\/now-news.de\/de\/#organization"},"potentialAction":[{"@type":"SearchAction","target":{"@type":"EntryPoint","urlTemplate":"https:\/\/now-news.de\/de\/?s={search_term_string}"},"query-input":"required name=search_term_string"}],"inLanguage":"de"},{"@type":"Organization","@id":"https:\/\/now-news.de\/de\/#organization","name":"Just Now News","url":"https:\/\/now-news.de\/de\/","logo":{"@type":"ImageObject","inLanguage":"de","@id":"https:\/\/now-news.de\/de\/#\/schema\/logo\/image\/","url":"http:\/\/just-now.news\/de\/wp-content\/uploads\/sites\/3\/2022\/04\/logo500x500.jpg","contentUrl":"http:\/\/just-now.news\/de\/wp-content\/uploads\/sites\/3\/2022\/04\/logo500x500.jpg","width":500,"height":500,"caption":"Just Now News"},"image":{"@id":"https:\/\/now-news.de\/de\/#\/schema\/logo\/image\/"},"sameAs":["https:\/\/www.facebook.com\/wirmachenauf","https:\/\/x.com\/WirMachenAuf_de"]},{"@type":"Person","@id":"https:\/\/now-news.de\/de\/#\/schema\/person\/fb534a4e865501d8b3285208df34a9b5","name":"rtnews","image":{"@type":"ImageObject","inLanguage":"de","@id":"https:\/\/now-news.de\/de\/#\/schema\/person\/image\/","url":"https:\/\/secure.gravatar.com\/avatar\/82aafea7d8127119dd649515f56e2117?s=96&d=mm&r=g","contentUrl":"https:\/\/secure.gravatar.com\/avatar\/82aafea7d8127119dd649515f56e2117?s=96&d=mm&r=g","caption":"rtnews"},"url":"https:\/\/now-news.de\/de\/author\/rnews\/"}]}},"_links":{"self":[{"href":"https:\/\/now-news.de\/de\/wp-json\/wp\/v2\/posts\/39192"}],"collection":[{"href":"https:\/\/now-news.de\/de\/wp-json\/wp\/v2\/posts"}],"about":[{"href":"https:\/\/now-news.de\/de\/wp-json\/wp\/v2\/types\/post"}],"author":[{"embeddable":true,"href":"https:\/\/now-news.de\/de\/wp-json\/wp\/v2\/users\/3"}],"replies":[{"embeddable":true,"href":"https:\/\/now-news.de\/de\/wp-json\/wp\/v2\/comments?post=39192"}],"version-history":[{"count":0,"href":"https:\/\/now-news.de\/de\/wp-json\/wp\/v2\/posts\/39192\/revisions"}],"wp:featuredmedia":[{"embeddable":true,"href":"https:\/\/now-news.de\/de\/wp-json\/wp\/v2\/media\/39193"}],"wp:attachment":[{"href":"https:\/\/now-news.de\/de\/wp-json\/wp\/v2\/media?parent=39192"}],"wp:term":[{"taxonomy":"category","embeddable":true,"href":"https:\/\/now-news.de\/de\/wp-json\/wp\/v2\/categories?post=39192"},{"taxonomy":"post_tag","embeddable":true,"href":"https:\/\/now-news.de\/de\/wp-json\/wp\/v2\/tags?post=39192"}],"curies":[{"name":"wp","href":"https:\/\/api.w.org\/{rel}","templated":true}]}}