{"id":39184,"date":"2023-06-29T21:16:58","date_gmt":"2023-06-29T19:16:58","guid":{"rendered":"https:\/\/just-now.news\/de\/deutschland\/marokko-ruft-nach-koran-verbrennung-in-schweden-botschafter-zurueck\/"},"modified":"2023-06-29T21:16:58","modified_gmt":"2023-06-29T19:16:58","slug":"marokko-ruft-nach-koran-verbrennung-in-schweden-botschafter-zurueck","status":"publish","type":"post","link":"https:\/\/now-news.de\/de\/deutschland\/marokko-ruft-nach-koran-verbrennung-in-schweden-botschafter-zurueck\/","title":{"rendered":"Marokko ruft nach Koran-Verbrennung in Schweden Botschafter zur\u00fcck"},"content":{"rendered":"<p><img decoding=\"async\" src=\"http:\/\/just-now.news\/de\/wp-content\/uploads\/sites\/3\/2023\/06\/649d521148fbef080e7ebf4a.jpg\" \/><\/p>\n<div class=\"Text-root Text-type_1 \">\n                Am Mittwoch hatte in Stockholm ein Mann vor etwa hundert Schaulustigen vor der Gro\u00dfen Moschee Seiten des Korans verbrannt, auf das Buch eingetreten und dabei die schwedische Fahne geschwenkt. Aus Protest gegen die Genehmigung der Aktion zog Marokko nun seinen schwedischen Botschafter ab.\n            <\/div>\n<p><\/p>\n<div class=\"Text-root Text-type_5 ArticleView-text ViewText-root \">\n<p>Marokko hat nach der Verbrennung Koranseiten vor einer Moschee in Stockholm die Aktion verurteilt und seinen Botschafter aus Schweden zur\u00fcckgerufen.<\/p>\n<p>Die schwedische Regierung habe &#8220;einmal mehr eine Demonstration erlaubt&#8221;, bei der der heilige Koran verbrannt worden sei, kritisierte das Au\u00dfenministerium in Rabat in der Nacht auf heute.<\/p>\n<p>Angesichts der &#8220;wiederholten Provokationen&#8221; unter den Augen der schwedischen Regierung sei auch der schwedische Gesch\u00e4ftstr\u00e4ger in Rabat einbestellt worden.<\/p>\n<p>Das marokkanische Au\u00dfenministerium erkl\u00e4rte weiter:<\/p>\n<blockquote>\n<p><em>&#8220;Dieser erneute beleidigende und unverantwortliche Akt verschm\u00e4ht die Gef\u00fchle von mehr als einer Milliarde Muslime in dieser heiligen Zeit der Pilgerreise nach Mekka und des gesegneten Fests Eid al-Adha.&#8221;<\/em><\/p>\n<\/blockquote>\n<p>Am Mittwoch, dem ersten Tag des islamischen Opferfests (Eid al-Adha), hatte in Stockholm ein Mann vor etwa hundert Schaulustigen und Journalisten vor der Gro\u00dfen Moschee mehrmals auf den Koran eingetreten und dabei die schwedische Fahne geschwenkt. Danach steckte er Schinkenstreifen in das Buch und verbrannte einige Seiten daraus. Ein Video auf Twitter zeigt Ausschnitte der Aktion:<\/p>\n<div class=\"EmbedBlock-root EmbedBlock-twitter\">\n<div class=\"TwitterEmbed\">\n<blockquote class=\"twitter-tweet lazyload\" data-twitter=\"twitter-tweet\">\n<p lang=\"en\" dir=\"ltr\">Shame on Sweden! The Swedish police in Stockholm allowed the burning of the Koran at the mosque. But it was not enough for uneducated people with rotten moral values so they decided to play football with the holy book \ud83d\ude21\ud83e\udd2c\ud83d\ude20 <a rel=\"nofollow noopener\" target=\"_blank\" href=\"https:\/\/t.co\/oDojO7V5KV\">pic.twitter.com\/oDojO7V5KV<\/a><\/p>\n<p>\u2014 Roberto (@UniqueMongolia) <a rel=\"nofollow noopener\" target=\"_blank\" href=\"https:\/\/twitter.com\/UniqueMongolia\/status\/1674272757348179968?ref_src=twsrc%5Etfw\">June 29, 2023<\/a><\/p><\/blockquote>\n<\/div>\n<\/div>\n<p>Der 37-j\u00e4hrige, nach Schweden gefl\u00fcchtete Iraker Salwan Momika hatte zuvor die Genehmigung der schwedischen Beh\u00f6rden f\u00fcr seine Protestaktion erhalten, nachdem zuletzt andere Aktionen dieser Art untersagt worden waren. Schwedische Gerichte hatten allerdings daraufhin geurteilt, dass die Polizei nicht das Recht habe, die Erlaubnis f\u00fcr Koranverbrennungen zu verweigern.<\/p>\n<p>Die T\u00fcrkei verurteilte die Aktion umgehend als &#8220;verachtenswert&#8221; und &#8220;inakzeptabel&#8221;. Der Vorfall k\u00f6nnte die Aussichten auf Schwedens NATO-Beitritt tr\u00fcben, den die T\u00fcrkei bisher blockiert.<\/p>\n<p>Auch das US-Au\u00dfenministerium kritisierte die Verbrennung der heiligen Schrift. &#8220;Wir haben immer gesagt, dass die Verbrennung religi\u00f6ser Texte respektlos und beleidigend ist&#8221;, sagte der stellvertretende Pressesprecher Vedant Patel. Ungeachtet dessen m\u00fcsse Schweden &#8220;so schnell wie m\u00f6glich&#8221; Mitglied der NATO werden.<\/p>\n<p><strong>Mehr zum Thema<\/strong> \u2013 <a rel=\"nofollow noopener\" target=\"_blank\" href=\"https:\/\/freeassange.rtde.life\/europa\/173862-schwedische-polizei-erlaubt-protest-mit-koranverbrennung\/\">Schwedische Polizei erlaubt Protest mit Koranverbrennung<\/a><\/p>\n<div class=\"EmbedBlock-root EmbedBlock-externalVideo EmbedBlock-odysee\">\n<div class=\"VkEmbed\"><iframe class=\"lazyload\" data-src=\"https:\/\/odysee.com\/%24\/embed\/%40RTDE%3Ae%2Fislamischer-staat-istanbul-polizei-nimmt-terrorverdaechtige-fest%3Aa\" frameborder=\"0\" width=\"853\" height=\"480\" allowfullscreen><\/iframe><\/div>\n<\/div>\n<\/div>\n<p><script async src=\"https:\/\/platform.twitter.com\/widgets.js\" charset=\"utf-8\"><\/script><br \/>\n<br \/><br \/>\n<br \/><a href=\"https:\/\/de.rt.com\/europa\/173932-marokko-ruft-nach-koran-verbrennung-in-schweden-botschafter-zurueck\/\">Source link <\/a><\/p>\n","protected":false},"excerpt":{"rendered":"<p>Am Mittwoch hatte in Stockholm ein Mann vor etwa hundert Schaulustigen vor der Gro\u00dfen Moschee Seiten des Korans verbrannt, auf das Buch eingetreten und dabei die schwedische Fahne geschwenkt. Aus Protest gegen die Genehmigung der Aktion zog Marokko nun seinen schwedischen Botschafter ab. Marokko hat nach der Verbrennung Koranseiten vor einer Moschee in Stockholm die [&hellip;]<\/p>\n","protected":false},"author":3,"featured_media":39185,"comment_status":"open","ping_status":"open","sticky":false,"template":"","format":"standard","meta":{"_yoast_indexnow_last_ping":["1688071619"],"wp_automatic_camp":["217"],"f5c60c666e361d0b1264016ea833a9be":["Marokko ruft nach Koran-Verbrennung in Schweden Botschafter zur\u00fcck"],"original_link":["https:\/\/de.rt.com\/europa\/173932-marokko-ruft-nach-koran-verbrennung-in-schweden-botschafter-zurueck\/"],"_thumbnail_id":["39185"],"_wptgpro_p2tg_sent2tg":["a:1:{i:23737;s:19:\"2023-06-29 22:48:05\";}"],"jnews_social_counter_last_update":["1777192982"]},"categories":[19,23],"tags":[4992,39465,1807,979,6183,599,3337],"yoast_head":"<!-- This site is optimized with the Yoast SEO Premium plugin v22.7 (Yoast SEO v22.7) - https:\/\/yoast.com\/wordpress\/plugins\/seo\/ -->\n<title>Marokko ruft nach Koran-Verbrennung in Schweden Botschafter zur\u00fcck - just-now.NEWS Deutschland<\/title>\n<meta name=\"robots\" content=\"index, follow, max-snippet:-1, max-image-preview:large, max-video-preview:-1\" \/>\n<link rel=\"canonical\" href=\"https:\/\/now-news.de\/de\/deutschland\/marokko-ruft-nach-koran-verbrennung-in-schweden-botschafter-zurueck\/\" \/>\n<meta property=\"og:locale\" content=\"de_DE\" \/>\n<meta property=\"og:type\" content=\"article\" \/>\n<meta property=\"og:title\" content=\"Marokko ruft nach Koran-Verbrennung in Schweden Botschafter zur\u00fcck\" \/>\n<meta property=\"og:description\" content=\"Am Mittwoch hatte in Stockholm ein Mann vor etwa hundert Schaulustigen vor der Gro\u00dfen Moschee Seiten des Korans verbrannt, auf das Buch eingetreten und dabei die schwedische Fahne geschwenkt. Aus Protest gegen die Genehmigung der Aktion zog Marokko nun seinen schwedischen Botschafter ab. Marokko hat nach der Verbrennung Koranseiten vor einer Moschee in Stockholm die [&hellip;]\" \/>\n<meta property=\"og:url\" content=\"https:\/\/now-news.de\/de\/deutschland\/marokko-ruft-nach-koran-verbrennung-in-schweden-botschafter-zurueck\/\" \/>\n<meta property=\"og:site_name\" content=\"just-now.NEWS Deutschland\" \/>\n<meta property=\"article:publisher\" content=\"https:\/\/www.facebook.com\/wirmachenauf\" \/>\n<meta property=\"article:published_time\" content=\"2023-06-29T19:16:58+00:00\" \/>\n<meta property=\"og:image\" content=\"https:\/\/now-news.de\/de\/wp-content\/uploads\/sites\/3\/2023\/06\/Marokko-ruft-nach-Koran-Verbrennung-in-Schweden-Botschafter-zurueck.jpg\" \/>\n\t<meta property=\"og:image:width\" content=\"460\" \/>\n\t<meta property=\"og:image:height\" content=\"259\" \/>\n\t<meta property=\"og:image:type\" content=\"image\/jpeg\" \/>\n<meta name=\"author\" content=\"rtnews\" \/>\n<meta name=\"twitter:card\" content=\"summary_large_image\" \/>\n<meta name=\"twitter:creator\" content=\"@WirMachenAuf_de\" \/>\n<meta name=\"twitter:site\" content=\"@WirMachenAuf_de\" \/>\n<meta name=\"twitter:label1\" content=\"Verfasst von\" \/>\n\t<meta name=\"twitter:data1\" content=\"rtnews\" \/>\n\t<meta name=\"twitter:label2\" content=\"Gesch\u00e4tzte Lesezeit\" \/>\n\t<meta name=\"twitter:data2\" content=\"2\u00a0Minuten\" \/>\n<script type=\"application\/ld+json\" class=\"yoast-schema-graph\">{\"@context\":\"https:\/\/schema.org\",\"@graph\":[{\"@type\":\"Article\",\"@id\":\"https:\/\/now-news.de\/de\/deutschland\/marokko-ruft-nach-koran-verbrennung-in-schweden-botschafter-zurueck\/#article\",\"isPartOf\":{\"@id\":\"https:\/\/now-news.de\/de\/deutschland\/marokko-ruft-nach-koran-verbrennung-in-schweden-botschafter-zurueck\/\"},\"author\":{\"name\":\"rtnews\",\"@id\":\"https:\/\/now-news.de\/de\/#\/schema\/person\/fb534a4e865501d8b3285208df34a9b5\"},\"headline\":\"Marokko ruft nach Koran-Verbrennung in Schweden Botschafter zur\u00fcck\",\"datePublished\":\"2023-06-29T19:16:58+00:00\",\"dateModified\":\"2023-06-29T19:16:58+00:00\",\"mainEntityOfPage\":{\"@id\":\"https:\/\/now-news.de\/de\/deutschland\/marokko-ruft-nach-koran-verbrennung-in-schweden-botschafter-zurueck\/\"},\"wordCount\":402,\"commentCount\":0,\"publisher\":{\"@id\":\"https:\/\/now-news.de\/de\/#organization\"},\"image\":{\"@id\":\"https:\/\/now-news.de\/de\/deutschland\/marokko-ruft-nach-koran-verbrennung-in-schweden-botschafter-zurueck\/#primaryimage\"},\"thumbnailUrl\":\"https:\/\/now-news.de\/de\/wp-content\/uploads\/sites\/3\/2023\/06\/Marokko-ruft-nach-Koran-Verbrennung-in-Schweden-Botschafter-zurueck.jpg\",\"keywords\":[\"Botschafter\",\"KoranVerbrennung\",\"Marokko\",\"nach\",\"ruft\",\"Schweden\",\"zur\u00fcck\"],\"articleSection\":[\"Deutschland\",\"Russland\"],\"inLanguage\":\"de\",\"potentialAction\":[{\"@type\":\"CommentAction\",\"name\":\"Comment\",\"target\":[\"https:\/\/now-news.de\/de\/deutschland\/marokko-ruft-nach-koran-verbrennung-in-schweden-botschafter-zurueck\/#respond\"]}]},{\"@type\":\"WebPage\",\"@id\":\"https:\/\/now-news.de\/de\/deutschland\/marokko-ruft-nach-koran-verbrennung-in-schweden-botschafter-zurueck\/\",\"url\":\"https:\/\/now-news.de\/de\/deutschland\/marokko-ruft-nach-koran-verbrennung-in-schweden-botschafter-zurueck\/\",\"name\":\"Marokko ruft nach Koran-Verbrennung in Schweden Botschafter zur\u00fcck - just-now.NEWS Deutschland\",\"isPartOf\":{\"@id\":\"https:\/\/now-news.de\/de\/#website\"},\"primaryImageOfPage\":{\"@id\":\"https:\/\/now-news.de\/de\/deutschland\/marokko-ruft-nach-koran-verbrennung-in-schweden-botschafter-zurueck\/#primaryimage\"},\"image\":{\"@id\":\"https:\/\/now-news.de\/de\/deutschland\/marokko-ruft-nach-koran-verbrennung-in-schweden-botschafter-zurueck\/#primaryimage\"},\"thumbnailUrl\":\"https:\/\/now-news.de\/de\/wp-content\/uploads\/sites\/3\/2023\/06\/Marokko-ruft-nach-Koran-Verbrennung-in-Schweden-Botschafter-zurueck.jpg\",\"datePublished\":\"2023-06-29T19:16:58+00:00\",\"dateModified\":\"2023-06-29T19:16:58+00:00\",\"breadcrumb\":{\"@id\":\"https:\/\/now-news.de\/de\/deutschland\/marokko-ruft-nach-koran-verbrennung-in-schweden-botschafter-zurueck\/#breadcrumb\"},\"inLanguage\":\"de\",\"potentialAction\":[{\"@type\":\"ReadAction\",\"target\":[\"https:\/\/now-news.de\/de\/deutschland\/marokko-ruft-nach-koran-verbrennung-in-schweden-botschafter-zurueck\/\"]}]},{\"@type\":\"ImageObject\",\"inLanguage\":\"de\",\"@id\":\"https:\/\/now-news.de\/de\/deutschland\/marokko-ruft-nach-koran-verbrennung-in-schweden-botschafter-zurueck\/#primaryimage\",\"url\":\"https:\/\/now-news.de\/de\/wp-content\/uploads\/sites\/3\/2023\/06\/Marokko-ruft-nach-Koran-Verbrennung-in-Schweden-Botschafter-zurueck.jpg\",\"contentUrl\":\"https:\/\/now-news.de\/de\/wp-content\/uploads\/sites\/3\/2023\/06\/Marokko-ruft-nach-Koran-Verbrennung-in-Schweden-Botschafter-zurueck.jpg\",\"width\":460,\"height\":259,\"caption\":\"Marokko ruft nach Koran-Verbrennung in Schweden Botschafter zur\u00fcck\"},{\"@type\":\"BreadcrumbList\",\"@id\":\"https:\/\/now-news.de\/de\/deutschland\/marokko-ruft-nach-koran-verbrennung-in-schweden-botschafter-zurueck\/#breadcrumb\",\"itemListElement\":[{\"@type\":\"ListItem\",\"position\":1,\"name\":\"Home\",\"item\":\"https:\/\/now-news.de\/de\/\"},{\"@type\":\"ListItem\",\"position\":2,\"name\":\"Marokko ruft nach Koran-Verbrennung in Schweden Botschafter zur\u00fcck\"}]},{\"@type\":\"WebSite\",\"@id\":\"https:\/\/now-news.de\/de\/#website\",\"url\":\"https:\/\/now-news.de\/de\/\",\"name\":\"just-now.NEWS Deutschland\",\"description\":\"Das Portal f\u00fcr unzensierte Nachrichten aus der Welt\",\"publisher\":{\"@id\":\"https:\/\/now-news.de\/de\/#organization\"},\"potentialAction\":[{\"@type\":\"SearchAction\",\"target\":{\"@type\":\"EntryPoint\",\"urlTemplate\":\"https:\/\/now-news.de\/de\/?s={search_term_string}\"},\"query-input\":\"required name=search_term_string\"}],\"inLanguage\":\"de\"},{\"@type\":\"Organization\",\"@id\":\"https:\/\/now-news.de\/de\/#organization\",\"name\":\"Just Now News\",\"url\":\"https:\/\/now-news.de\/de\/\",\"logo\":{\"@type\":\"ImageObject\",\"inLanguage\":\"de\",\"@id\":\"https:\/\/now-news.de\/de\/#\/schema\/logo\/image\/\",\"url\":\"http:\/\/just-now.news\/de\/wp-content\/uploads\/sites\/3\/2022\/04\/logo500x500.jpg\",\"contentUrl\":\"http:\/\/just-now.news\/de\/wp-content\/uploads\/sites\/3\/2022\/04\/logo500x500.jpg\",\"width\":500,\"height\":500,\"caption\":\"Just Now News\"},\"image\":{\"@id\":\"https:\/\/now-news.de\/de\/#\/schema\/logo\/image\/\"},\"sameAs\":[\"https:\/\/www.facebook.com\/wirmachenauf\",\"https:\/\/x.com\/WirMachenAuf_de\"]},{\"@type\":\"Person\",\"@id\":\"https:\/\/now-news.de\/de\/#\/schema\/person\/fb534a4e865501d8b3285208df34a9b5\",\"name\":\"rtnews\",\"image\":{\"@type\":\"ImageObject\",\"inLanguage\":\"de\",\"@id\":\"https:\/\/now-news.de\/de\/#\/schema\/person\/image\/\",\"url\":\"https:\/\/secure.gravatar.com\/avatar\/82aafea7d8127119dd649515f56e2117?s=96&d=mm&r=g\",\"contentUrl\":\"https:\/\/secure.gravatar.com\/avatar\/82aafea7d8127119dd649515f56e2117?s=96&d=mm&r=g\",\"caption\":\"rtnews\"},\"url\":\"https:\/\/now-news.de\/de\/author\/rnews\/\"}]}<\/script>\n<!-- \/ Yoast SEO Premium plugin. -->","yoast_head_json":{"title":"Marokko ruft nach Koran-Verbrennung in Schweden Botschafter zur\u00fcck - just-now.NEWS Deutschland","robots":{"index":"index","follow":"follow","max-snippet":"max-snippet:-1","max-image-preview":"max-image-preview:large","max-video-preview":"max-video-preview:-1"},"canonical":"https:\/\/now-news.de\/de\/deutschland\/marokko-ruft-nach-koran-verbrennung-in-schweden-botschafter-zurueck\/","og_locale":"de_DE","og_type":"article","og_title":"Marokko ruft nach Koran-Verbrennung in Schweden Botschafter zur\u00fcck","og_description":"Am Mittwoch hatte in Stockholm ein Mann vor etwa hundert Schaulustigen vor der Gro\u00dfen Moschee Seiten des Korans verbrannt, auf das Buch eingetreten und dabei die schwedische Fahne geschwenkt. Aus Protest gegen die Genehmigung der Aktion zog Marokko nun seinen schwedischen Botschafter ab. Marokko hat nach der Verbrennung Koranseiten vor einer Moschee in Stockholm die [&hellip;]","og_url":"https:\/\/now-news.de\/de\/deutschland\/marokko-ruft-nach-koran-verbrennung-in-schweden-botschafter-zurueck\/","og_site_name":"just-now.NEWS Deutschland","article_publisher":"https:\/\/www.facebook.com\/wirmachenauf","article_published_time":"2023-06-29T19:16:58+00:00","og_image":[{"width":460,"height":259,"url":"https:\/\/now-news.de\/de\/wp-content\/uploads\/sites\/3\/2023\/06\/Marokko-ruft-nach-Koran-Verbrennung-in-Schweden-Botschafter-zurueck.jpg","type":"image\/jpeg"}],"author":"rtnews","twitter_card":"summary_large_image","twitter_creator":"@WirMachenAuf_de","twitter_site":"@WirMachenAuf_de","twitter_misc":{"Verfasst von":"rtnews","Gesch\u00e4tzte Lesezeit":"2\u00a0Minuten"},"schema":{"@context":"https:\/\/schema.org","@graph":[{"@type":"Article","@id":"https:\/\/now-news.de\/de\/deutschland\/marokko-ruft-nach-koran-verbrennung-in-schweden-botschafter-zurueck\/#article","isPartOf":{"@id":"https:\/\/now-news.de\/de\/deutschland\/marokko-ruft-nach-koran-verbrennung-in-schweden-botschafter-zurueck\/"},"author":{"name":"rtnews","@id":"https:\/\/now-news.de\/de\/#\/schema\/person\/fb534a4e865501d8b3285208df34a9b5"},"headline":"Marokko ruft nach Koran-Verbrennung in Schweden Botschafter zur\u00fcck","datePublished":"2023-06-29T19:16:58+00:00","dateModified":"2023-06-29T19:16:58+00:00","mainEntityOfPage":{"@id":"https:\/\/now-news.de\/de\/deutschland\/marokko-ruft-nach-koran-verbrennung-in-schweden-botschafter-zurueck\/"},"wordCount":402,"commentCount":0,"publisher":{"@id":"https:\/\/now-news.de\/de\/#organization"},"image":{"@id":"https:\/\/now-news.de\/de\/deutschland\/marokko-ruft-nach-koran-verbrennung-in-schweden-botschafter-zurueck\/#primaryimage"},"thumbnailUrl":"https:\/\/now-news.de\/de\/wp-content\/uploads\/sites\/3\/2023\/06\/Marokko-ruft-nach-Koran-Verbrennung-in-Schweden-Botschafter-zurueck.jpg","keywords":["Botschafter","KoranVerbrennung","Marokko","nach","ruft","Schweden","zur\u00fcck"],"articleSection":["Deutschland","Russland"],"inLanguage":"de","potentialAction":[{"@type":"CommentAction","name":"Comment","target":["https:\/\/now-news.de\/de\/deutschland\/marokko-ruft-nach-koran-verbrennung-in-schweden-botschafter-zurueck\/#respond"]}]},{"@type":"WebPage","@id":"https:\/\/now-news.de\/de\/deutschland\/marokko-ruft-nach-koran-verbrennung-in-schweden-botschafter-zurueck\/","url":"https:\/\/now-news.de\/de\/deutschland\/marokko-ruft-nach-koran-verbrennung-in-schweden-botschafter-zurueck\/","name":"Marokko ruft nach Koran-Verbrennung in Schweden Botschafter zur\u00fcck - just-now.NEWS Deutschland","isPartOf":{"@id":"https:\/\/now-news.de\/de\/#website"},"primaryImageOfPage":{"@id":"https:\/\/now-news.de\/de\/deutschland\/marokko-ruft-nach-koran-verbrennung-in-schweden-botschafter-zurueck\/#primaryimage"},"image":{"@id":"https:\/\/now-news.de\/de\/deutschland\/marokko-ruft-nach-koran-verbrennung-in-schweden-botschafter-zurueck\/#primaryimage"},"thumbnailUrl":"https:\/\/now-news.de\/de\/wp-content\/uploads\/sites\/3\/2023\/06\/Marokko-ruft-nach-Koran-Verbrennung-in-Schweden-Botschafter-zurueck.jpg","datePublished":"2023-06-29T19:16:58+00:00","dateModified":"2023-06-29T19:16:58+00:00","breadcrumb":{"@id":"https:\/\/now-news.de\/de\/deutschland\/marokko-ruft-nach-koran-verbrennung-in-schweden-botschafter-zurueck\/#breadcrumb"},"inLanguage":"de","potentialAction":[{"@type":"ReadAction","target":["https:\/\/now-news.de\/de\/deutschland\/marokko-ruft-nach-koran-verbrennung-in-schweden-botschafter-zurueck\/"]}]},{"@type":"ImageObject","inLanguage":"de","@id":"https:\/\/now-news.de\/de\/deutschland\/marokko-ruft-nach-koran-verbrennung-in-schweden-botschafter-zurueck\/#primaryimage","url":"https:\/\/now-news.de\/de\/wp-content\/uploads\/sites\/3\/2023\/06\/Marokko-ruft-nach-Koran-Verbrennung-in-Schweden-Botschafter-zurueck.jpg","contentUrl":"https:\/\/now-news.de\/de\/wp-content\/uploads\/sites\/3\/2023\/06\/Marokko-ruft-nach-Koran-Verbrennung-in-Schweden-Botschafter-zurueck.jpg","width":460,"height":259,"caption":"Marokko ruft nach Koran-Verbrennung in Schweden Botschafter zur\u00fcck"},{"@type":"BreadcrumbList","@id":"https:\/\/now-news.de\/de\/deutschland\/marokko-ruft-nach-koran-verbrennung-in-schweden-botschafter-zurueck\/#breadcrumb","itemListElement":[{"@type":"ListItem","position":1,"name":"Home","item":"https:\/\/now-news.de\/de\/"},{"@type":"ListItem","position":2,"name":"Marokko ruft nach Koran-Verbrennung in Schweden Botschafter zur\u00fcck"}]},{"@type":"WebSite","@id":"https:\/\/now-news.de\/de\/#website","url":"https:\/\/now-news.de\/de\/","name":"just-now.NEWS Deutschland","description":"Das Portal f\u00fcr unzensierte Nachrichten aus der Welt","publisher":{"@id":"https:\/\/now-news.de\/de\/#organization"},"potentialAction":[{"@type":"SearchAction","target":{"@type":"EntryPoint","urlTemplate":"https:\/\/now-news.de\/de\/?s={search_term_string}"},"query-input":"required name=search_term_string"}],"inLanguage":"de"},{"@type":"Organization","@id":"https:\/\/now-news.de\/de\/#organization","name":"Just Now News","url":"https:\/\/now-news.de\/de\/","logo":{"@type":"ImageObject","inLanguage":"de","@id":"https:\/\/now-news.de\/de\/#\/schema\/logo\/image\/","url":"http:\/\/just-now.news\/de\/wp-content\/uploads\/sites\/3\/2022\/04\/logo500x500.jpg","contentUrl":"http:\/\/just-now.news\/de\/wp-content\/uploads\/sites\/3\/2022\/04\/logo500x500.jpg","width":500,"height":500,"caption":"Just Now News"},"image":{"@id":"https:\/\/now-news.de\/de\/#\/schema\/logo\/image\/"},"sameAs":["https:\/\/www.facebook.com\/wirmachenauf","https:\/\/x.com\/WirMachenAuf_de"]},{"@type":"Person","@id":"https:\/\/now-news.de\/de\/#\/schema\/person\/fb534a4e865501d8b3285208df34a9b5","name":"rtnews","image":{"@type":"ImageObject","inLanguage":"de","@id":"https:\/\/now-news.de\/de\/#\/schema\/person\/image\/","url":"https:\/\/secure.gravatar.com\/avatar\/82aafea7d8127119dd649515f56e2117?s=96&d=mm&r=g","contentUrl":"https:\/\/secure.gravatar.com\/avatar\/82aafea7d8127119dd649515f56e2117?s=96&d=mm&r=g","caption":"rtnews"},"url":"https:\/\/now-news.de\/de\/author\/rnews\/"}]}},"_links":{"self":[{"href":"https:\/\/now-news.de\/de\/wp-json\/wp\/v2\/posts\/39184"}],"collection":[{"href":"https:\/\/now-news.de\/de\/wp-json\/wp\/v2\/posts"}],"about":[{"href":"https:\/\/now-news.de\/de\/wp-json\/wp\/v2\/types\/post"}],"author":[{"embeddable":true,"href":"https:\/\/now-news.de\/de\/wp-json\/wp\/v2\/users\/3"}],"replies":[{"embeddable":true,"href":"https:\/\/now-news.de\/de\/wp-json\/wp\/v2\/comments?post=39184"}],"version-history":[{"count":0,"href":"https:\/\/now-news.de\/de\/wp-json\/wp\/v2\/posts\/39184\/revisions"}],"wp:featuredmedia":[{"embeddable":true,"href":"https:\/\/now-news.de\/de\/wp-json\/wp\/v2\/media\/39185"}],"wp:attachment":[{"href":"https:\/\/now-news.de\/de\/wp-json\/wp\/v2\/media?parent=39184"}],"wp:term":[{"taxonomy":"category","embeddable":true,"href":"https:\/\/now-news.de\/de\/wp-json\/wp\/v2\/categories?post=39184"},{"taxonomy":"post_tag","embeddable":true,"href":"https:\/\/now-news.de\/de\/wp-json\/wp\/v2\/tags?post=39184"}],"curies":[{"name":"wp","href":"https:\/\/api.w.org\/{rel}","templated":true}]}}