{"id":39156,"date":"2023-06-29T18:10:32","date_gmt":"2023-06-29T16:10:32","guid":{"rendered":"https:\/\/just-now.news\/de\/deutschland\/habeck-hisst-die-regenbogenflagge-das-narrenschiff-ist-auf-kurs\/"},"modified":"2023-06-29T18:10:32","modified_gmt":"2023-06-29T16:10:32","slug":"habeck-hisst-die-regenbogenflagge-das-narrenschiff-ist-auf-kurs","status":"publish","type":"post","link":"https:\/\/now-news.de\/de\/deutschland\/habeck-hisst-die-regenbogenflagge-das-narrenschiff-ist-auf-kurs\/","title":{"rendered":"Habeck hisst die Regenbogenflagge \u2013 das Narrenschiff ist auf Kurs"},"content":{"rendered":"<p><img decoding=\"async\" src=\"http:\/\/just-now.news\/de\/wp-content\/uploads\/sites\/3\/2023\/06\/649d8799b480cc663e76bc8f.jpg\" \/><\/p>\n<div class=\"Text-root Text-type_1 \">\n                Die deutsche Wirtschaft verliert Investitionen wie noch nie, Wirtschaftsforscher sprechen von einer drohenden Deindustrialisierung. Was macht der Wirtschaftsminister? Er hisst vor seinem Ministerium die Regenbogenflagge. Das ist kein Unfall, sondern l\u00e4sst tief blicken.\n            <\/div>\n<p><\/p>\n<div class=\"Text-root Text-type_5 ArticleView-text ViewText-root \">\n<p><em>Von Richard Mahnke<\/em><\/p>\n<p>Am Mittwoch lie\u00df eine Pressemitteilung des Instituts der deutschen Wirtschaft aufhorchen. Demnach flossen 2022 etwa 125 Milliarden Euro mehr Direktinvestitionen aus Deutschland ab, als im gleichen Zeitraum hierzulande investiert wurden. Diese Summe stelle die h\u00f6chsten Netto-Abfl\u00fcsse dar, die jemals in Deutschland verzeichnet worden seien. Das Institut warnte, dies k\u00f6nne den Beginn der Deindustrialisierung Deutschlands bedeuten.<\/p>\n<div class=\"EmbedBlock-root EmbedBlock-twitter\">\n<div class=\"TwitterEmbed\">\n<blockquote class=\"twitter-tweet lazyload\" data-twitter=\"twitter-tweet\">\n<p lang=\"de\" dir=\"ltr\">Der Wirtschaftsstandort Deutschland ist in Gefahr, zeigt eine neue IW-Studie: Noch nie ist so viel Kapital aus Deutschland abgeflossen wie 2022. Besonders dramatisch eingebrochen sind Direktinvestitionen aus Europa. Mehr dazu im <a rel=\"nofollow noopener\" target=\"_blank\" href=\"https:\/\/twitter.com\/handelsblatt?ref_src=twsrc%5Etfw\">@handelsblatt<\/a> und bei uns: <a rel=\"nofollow noopener\" target=\"_blank\" href=\"https:\/\/t.co\/pxXWayE1Yi\">https:\/\/t.co\/pxXWayE1Yi<\/a><\/p>\n<p>\u2014 Institut der deutschen Wirtschaft (@iw_koeln) <a rel=\"nofollow noopener\" target=\"_blank\" href=\"https:\/\/twitter.com\/iw_koeln\/status\/1673940296915116032?ref_src=twsrc%5Etfw\">June 28, 2023<\/a><\/p><\/blockquote>\n<\/div>\n<\/div>\n<p>Unter normalen Umst\u00e4nden h\u00e4tte diese Meldung medial gro\u00df herauskommen m\u00fcssen. Es tat sich nichts. Keine Erw\u00e4hnung in der 20-Uhr-Tagesschau, auch in anderen kam sie, wenn \u00fcberhaupt, &#8220;unter ferner liefen&#8221;.<em><\/em> Anders als in der Berichterstattung zu den angeblichen Demokratiefeinden in Th\u00fcringen und den zu erwartenden Myriaden von Hitzetoten sah der Mainstream hier keinen Anlass zum Verbreiten von Panik. Obwohl hier der Grund doch einmal gegeben war.<\/p>\n<p>Und was machte der zust\u00e4ndige Bundesminister f\u00fcr Wirtschaft und &#8220;Klimaschutz&#8221;? Gab es eine Krisensitzung, eine Pressekonferenz zum Thema dieses dramatischen Wirtschafts-Abschwungs? Erwog er wom\u00f6glich eine \u00c4nderung seiner\u00a0katastrophalen und f\u00fcr diese Entwicklung hauptverantwortlichen Energie-, &#8220;Klima-&#8221; und Sanktionspolitik? Nichts dergleichen. Robert Habeck hisste vor seinem Ministerium die Regenbogenflagge.<\/p>\n<p>Sein Ministerium schrieb dazu:<\/p>\n<blockquote>\n<p><em>&#8220;Gemeinsam mit Bundesminister Habeck setzen wir ein Zeichen f\u00fcr Toleranz und Vielfalt am Gedenktag des Christopher Street Days! Die symbolisiert Toleranz, Offenheit und Stolz. Ihre Farben stehen f\u00fcr Diversit\u00e4t und richten sich gegen Diskriminierung.&#8221;<\/em><\/p>\n<\/blockquote>\n<div class=\"EmbedBlock-root EmbedBlock-twitter\">\n<div class=\"TwitterEmbed\">\n<blockquote class=\"twitter-tweet lazyload\" data-twitter=\"twitter-tweet\">\n<p lang=\"de\" dir=\"ltr\">Gemeinsam mit Bundesminister <a rel=\"nofollow noopener\" target=\"_blank\" href=\"https:\/\/twitter.com\/hashtag\/Habeck?src=hash&amp;ref_src=twsrc%5Etfw\">#Habeck<\/a> setzen wir ein Zeichen f\u00fcr <a rel=\"nofollow noopener\" target=\"_blank\" href=\"https:\/\/twitter.com\/hashtag\/Toleranz?src=hash&amp;ref_src=twsrc%5Etfw\">#Toleranz<\/a> und <a rel=\"nofollow noopener\" target=\"_blank\" href=\"https:\/\/twitter.com\/hashtag\/Vielfalt?src=hash&amp;ref_src=twsrc%5Etfw\">#Vielfalt<\/a> am Gedenktag des <a rel=\"nofollow noopener\" target=\"_blank\" href=\"https:\/\/twitter.com\/hashtag\/ChristopherStreetDay?src=hash&amp;ref_src=twsrc%5Etfw\">#ChristopherStreetDay<\/a>|\u200bs! Die \ud83c\udff3\ufe0f\u200d\ud83c\udf08 symbolisiert Toleranz, Offenheit und Stolz. Ihre Farben stehen f\u00fcr Diversit\u00e4t und richten sich gegen Diskriminierung. 1\/2 <a rel=\"nofollow noopener\" target=\"_blank\" href=\"https:\/\/t.co\/41pmEYpVQk\">pic.twitter.com\/41pmEYpVQk<\/a><\/p>\n<p>\u2014 Bundesministerium f\u00fcr Wirtschaft und Klimaschutz (@BMWK) <a rel=\"nofollow noopener\" target=\"_blank\" href=\"https:\/\/twitter.com\/BMWK\/status\/1673993509521567749?ref_src=twsrc%5Etfw\">June 28, 2023<\/a><\/p><\/blockquote>\n<\/div>\n<\/div>\n<p>Diese beiden Meldungen beschreiben im Grunde genommen die heutigen deutschen\u00a0Zust\u00e4nde hervorragend. Da gibt es zum einen die bunte Glitzerfassade mit den Schlagw\u00f6rtern aus den PR-Agenturen und den Sprechblasen unserer Politikdarsteller. Deren Liste ist endlos: Hoffnungsland, Weltoffenheit, Vielfalt, Solidarit\u00e4t, Toleranz, Offenheit, &#8220;Klimaschutz&#8221;, Kampf gegen &#8220;Hass und Hetze&#8221; sowie, etwas altmodischer, Gerechtigkeit, Frieden, Freiheit, Demokratie \u2013 kurz, &#8220;wir&#8221; haben das beste Deutschland aller Zeiten!<\/p>\n<p>Die Realit\u00e4t sieht so aus: Eine mindestens indirekte Kriegsbeteiligung samt Waffenlieferungen und selbstm\u00f6rderischen Sanktionen, eine kommentarlos hingenommene Zerst\u00f6rung der Ostseepipelines durch &#8220;Verb\u00fcndete&#8221;, eine ruin\u00f6se Energiepolitik, mutwillige Zerst\u00f6rung kleiner und mittlerer Unternehmen, Armut, eine kaputte Infrastruktur, ein dysfunktionales Bildungswesen, Zensur und digitale \u00dcberwachung, Eingriffe in Grundrechte mit wechselndem Anlass, eine letztlich auf allen Ebenen gezielt zerst\u00f6rte\u00a0 und bankrotte Gesellschaft, ein Land, in dem nicht einmal mehr Schwimmb\u00e4der oder die Bahn normal funktionieren.<\/p>\n<p>All diese Aspekte der Realit\u00e4t sind erkennbar bereits da oder im Entstehen. Die Fassade ist menschenfreundlich, die Wirklichkeit denkbar menschenfeindlich. Ein Land und seine Menschen werden abgewrackt. F\u00fcr die B\u00fcrger ist das eine Katastrophe, die mit jedem Tag immer unumkehrbarer wird, f\u00fcr die\u00a0Auftraggeber dieser Politik l\u00e4uft alles nach Plan. Es knirscht, aber sie haben den politisch-medialen Komplex immer noch gut im Griff. Noch sind die in der \u00dcberzahl, die sich blenden lassen. Und bald ist es vollbracht. Das Narrenschiff ist auf Kurs, Robert Habeck hisst die Regenbogenflagge.<\/p>\n<p><strong>Mehr zum Thema<\/strong> &#8211; <a rel=\"nofollow noopener\" target=\"_blank\" href=\"https:\/\/freeassange.rtde.live\/kurzclips\/video\/171005-zerstoerung-gruenen-von-storch-legt\/\">Die Zerst\u00f6rung der Gr\u00fcnen: Von Storch legt &#8220;feindliche \u00dcbernahme&#8221; Deutschlands offen<\/a><\/p>\n<\/div>\n<p><script async src=\"https:\/\/platform.twitter.com\/widgets.js\" charset=\"utf-8\"><\/script><br \/>\n<br \/><br \/>\n<br \/><a href=\"https:\/\/de.rt.com\/meinung\/173952-habeck-hisst-regenbogenflagge-narrenschiff-ist\/\">Source link <\/a><\/p>\n","protected":false},"excerpt":{"rendered":"<p>Die deutsche Wirtschaft verliert Investitionen wie noch nie, Wirtschaftsforscher sprechen von einer drohenden Deindustrialisierung. Was macht der Wirtschaftsminister? Er hisst vor seinem Ministerium die Regenbogenflagge. Das ist kein Unfall, sondern l\u00e4sst tief blicken. Von Richard Mahnke Am Mittwoch lie\u00df eine Pressemitteilung des Instituts der deutschen Wirtschaft aufhorchen. Demnach flossen 2022 etwa 125 Milliarden Euro mehr [&hellip;]<\/p>\n","protected":false},"author":3,"featured_media":39157,"comment_status":"open","ping_status":"open","sticky":false,"template":"","format":"standard","meta":{"_yoast_indexnow_last_ping":["1688055295"],"wp_automatic_camp":["217"],"7c85bad184c8427322dd4f0473a8faf2":["Habeck hisst die Regenbogenflagge \u2013 das Narrenschiff ist auf Kurs"],"original_link":["https:\/\/de.rt.com\/meinung\/173952-habeck-hisst-regenbogenflagge-narrenschiff-ist\/"],"_thumbnail_id":["39157"],"_wptgpro_p2tg_sent2tg":["a:1:{i:23737;s:19:\"2023-06-29 18:15:55\";}"],"jnews_social_counter_last_update":["1777270961"]},"categories":[19,23],"tags":[133,427,45,911,46199,414,1121,12084,28972],"yoast_head":"<!-- This site is optimized with the Yoast SEO Premium plugin v22.7 (Yoast SEO v22.7) - https:\/\/yoast.com\/wordpress\/plugins\/seo\/ -->\n<title>Habeck hisst die Regenbogenflagge \u2013 das Narrenschiff ist auf Kurs - just-now.NEWS Deutschland<\/title>\n<meta name=\"robots\" content=\"index, follow, max-snippet:-1, max-image-preview:large, max-video-preview:-1\" \/>\n<link rel=\"canonical\" href=\"https:\/\/now-news.de\/de\/deutschland\/habeck-hisst-die-regenbogenflagge-das-narrenschiff-ist-auf-kurs\/\" \/>\n<meta property=\"og:locale\" content=\"de_DE\" \/>\n<meta property=\"og:type\" content=\"article\" \/>\n<meta property=\"og:title\" content=\"Habeck hisst die Regenbogenflagge \u2013 das Narrenschiff ist auf Kurs\" \/>\n<meta property=\"og:description\" content=\"Die deutsche Wirtschaft verliert Investitionen wie noch nie, Wirtschaftsforscher sprechen von einer drohenden Deindustrialisierung. Was macht der Wirtschaftsminister? Er hisst vor seinem Ministerium die Regenbogenflagge. Das ist kein Unfall, sondern l\u00e4sst tief blicken. Von Richard Mahnke Am Mittwoch lie\u00df eine Pressemitteilung des Instituts der deutschen Wirtschaft aufhorchen. Demnach flossen 2022 etwa 125 Milliarden Euro mehr [&hellip;]\" \/>\n<meta property=\"og:url\" content=\"https:\/\/now-news.de\/de\/deutschland\/habeck-hisst-die-regenbogenflagge-das-narrenschiff-ist-auf-kurs\/\" \/>\n<meta property=\"og:site_name\" content=\"just-now.NEWS Deutschland\" \/>\n<meta property=\"article:publisher\" content=\"https:\/\/www.facebook.com\/wirmachenauf\" \/>\n<meta property=\"article:published_time\" content=\"2023-06-29T16:10:32+00:00\" \/>\n<meta property=\"og:image\" content=\"https:\/\/now-news.de\/de\/wp-content\/uploads\/sites\/3\/2023\/06\/Habeck-hisst-die-Regenbogenflagge-\u2013-das-Narrenschiff-ist-auf-Kurs.jpg\" \/>\n\t<meta property=\"og:image:width\" content=\"460\" \/>\n\t<meta property=\"og:image:height\" content=\"259\" \/>\n\t<meta property=\"og:image:type\" content=\"image\/jpeg\" \/>\n<meta name=\"author\" content=\"rtnews\" \/>\n<meta name=\"twitter:card\" content=\"summary_large_image\" \/>\n<meta name=\"twitter:creator\" content=\"@WirMachenAuf_de\" \/>\n<meta name=\"twitter:site\" content=\"@WirMachenAuf_de\" \/>\n<meta name=\"twitter:label1\" content=\"Verfasst von\" \/>\n\t<meta name=\"twitter:data1\" content=\"rtnews\" \/>\n\t<meta name=\"twitter:label2\" content=\"Gesch\u00e4tzte Lesezeit\" \/>\n\t<meta name=\"twitter:data2\" content=\"3\u00a0Minuten\" \/>\n<script type=\"application\/ld+json\" class=\"yoast-schema-graph\">{\"@context\":\"https:\/\/schema.org\",\"@graph\":[{\"@type\":\"Article\",\"@id\":\"https:\/\/now-news.de\/de\/deutschland\/habeck-hisst-die-regenbogenflagge-das-narrenschiff-ist-auf-kurs\/#article\",\"isPartOf\":{\"@id\":\"https:\/\/now-news.de\/de\/deutschland\/habeck-hisst-die-regenbogenflagge-das-narrenschiff-ist-auf-kurs\/\"},\"author\":{\"name\":\"rtnews\",\"@id\":\"https:\/\/now-news.de\/de\/#\/schema\/person\/fb534a4e865501d8b3285208df34a9b5\"},\"headline\":\"Habeck hisst die Regenbogenflagge \u2013 das Narrenschiff ist auf Kurs\",\"datePublished\":\"2023-06-29T16:10:32+00:00\",\"dateModified\":\"2023-06-29T16:10:32+00:00\",\"mainEntityOfPage\":{\"@id\":\"https:\/\/now-news.de\/de\/deutschland\/habeck-hisst-die-regenbogenflagge-das-narrenschiff-ist-auf-kurs\/\"},\"wordCount\":615,\"commentCount\":0,\"publisher\":{\"@id\":\"https:\/\/now-news.de\/de\/#organization\"},\"image\":{\"@id\":\"https:\/\/now-news.de\/de\/deutschland\/habeck-hisst-die-regenbogenflagge-das-narrenschiff-ist-auf-kurs\/#primaryimage\"},\"thumbnailUrl\":\"https:\/\/now-news.de\/de\/wp-content\/uploads\/sites\/3\/2023\/06\/Habeck-hisst-die-Regenbogenflagge-\u2013-das-Narrenschiff-ist-auf-Kurs.jpg\",\"keywords\":[\"AUF\",\"das\",\"die\",\"Habeck\",\"hisst\",\"ist\",\"Kurs\",\"Narrenschiff\",\"Regenbogenflagge\"],\"articleSection\":[\"Deutschland\",\"Russland\"],\"inLanguage\":\"de\",\"potentialAction\":[{\"@type\":\"CommentAction\",\"name\":\"Comment\",\"target\":[\"https:\/\/now-news.de\/de\/deutschland\/habeck-hisst-die-regenbogenflagge-das-narrenschiff-ist-auf-kurs\/#respond\"]}]},{\"@type\":\"WebPage\",\"@id\":\"https:\/\/now-news.de\/de\/deutschland\/habeck-hisst-die-regenbogenflagge-das-narrenschiff-ist-auf-kurs\/\",\"url\":\"https:\/\/now-news.de\/de\/deutschland\/habeck-hisst-die-regenbogenflagge-das-narrenschiff-ist-auf-kurs\/\",\"name\":\"Habeck hisst die Regenbogenflagge \u2013 das Narrenschiff ist auf Kurs - just-now.NEWS Deutschland\",\"isPartOf\":{\"@id\":\"https:\/\/now-news.de\/de\/#website\"},\"primaryImageOfPage\":{\"@id\":\"https:\/\/now-news.de\/de\/deutschland\/habeck-hisst-die-regenbogenflagge-das-narrenschiff-ist-auf-kurs\/#primaryimage\"},\"image\":{\"@id\":\"https:\/\/now-news.de\/de\/deutschland\/habeck-hisst-die-regenbogenflagge-das-narrenschiff-ist-auf-kurs\/#primaryimage\"},\"thumbnailUrl\":\"https:\/\/now-news.de\/de\/wp-content\/uploads\/sites\/3\/2023\/06\/Habeck-hisst-die-Regenbogenflagge-\u2013-das-Narrenschiff-ist-auf-Kurs.jpg\",\"datePublished\":\"2023-06-29T16:10:32+00:00\",\"dateModified\":\"2023-06-29T16:10:32+00:00\",\"breadcrumb\":{\"@id\":\"https:\/\/now-news.de\/de\/deutschland\/habeck-hisst-die-regenbogenflagge-das-narrenschiff-ist-auf-kurs\/#breadcrumb\"},\"inLanguage\":\"de\",\"potentialAction\":[{\"@type\":\"ReadAction\",\"target\":[\"https:\/\/now-news.de\/de\/deutschland\/habeck-hisst-die-regenbogenflagge-das-narrenschiff-ist-auf-kurs\/\"]}]},{\"@type\":\"ImageObject\",\"inLanguage\":\"de\",\"@id\":\"https:\/\/now-news.de\/de\/deutschland\/habeck-hisst-die-regenbogenflagge-das-narrenschiff-ist-auf-kurs\/#primaryimage\",\"url\":\"https:\/\/now-news.de\/de\/wp-content\/uploads\/sites\/3\/2023\/06\/Habeck-hisst-die-Regenbogenflagge-\u2013-das-Narrenschiff-ist-auf-Kurs.jpg\",\"contentUrl\":\"https:\/\/now-news.de\/de\/wp-content\/uploads\/sites\/3\/2023\/06\/Habeck-hisst-die-Regenbogenflagge-\u2013-das-Narrenschiff-ist-auf-Kurs.jpg\",\"width\":460,\"height\":259,\"caption\":\"Habeck hisst die Regenbogenflagge \u2013 das Narrenschiff ist auf Kurs\"},{\"@type\":\"BreadcrumbList\",\"@id\":\"https:\/\/now-news.de\/de\/deutschland\/habeck-hisst-die-regenbogenflagge-das-narrenschiff-ist-auf-kurs\/#breadcrumb\",\"itemListElement\":[{\"@type\":\"ListItem\",\"position\":1,\"name\":\"Home\",\"item\":\"https:\/\/now-news.de\/de\/\"},{\"@type\":\"ListItem\",\"position\":2,\"name\":\"Habeck hisst die Regenbogenflagge \u2013 das Narrenschiff ist auf Kurs\"}]},{\"@type\":\"WebSite\",\"@id\":\"https:\/\/now-news.de\/de\/#website\",\"url\":\"https:\/\/now-news.de\/de\/\",\"name\":\"just-now.NEWS Deutschland\",\"description\":\"Das Portal f\u00fcr unzensierte Nachrichten aus der Welt\",\"publisher\":{\"@id\":\"https:\/\/now-news.de\/de\/#organization\"},\"potentialAction\":[{\"@type\":\"SearchAction\",\"target\":{\"@type\":\"EntryPoint\",\"urlTemplate\":\"https:\/\/now-news.de\/de\/?s={search_term_string}\"},\"query-input\":\"required name=search_term_string\"}],\"inLanguage\":\"de\"},{\"@type\":\"Organization\",\"@id\":\"https:\/\/now-news.de\/de\/#organization\",\"name\":\"Just Now News\",\"url\":\"https:\/\/now-news.de\/de\/\",\"logo\":{\"@type\":\"ImageObject\",\"inLanguage\":\"de\",\"@id\":\"https:\/\/now-news.de\/de\/#\/schema\/logo\/image\/\",\"url\":\"http:\/\/just-now.news\/de\/wp-content\/uploads\/sites\/3\/2022\/04\/logo500x500.jpg\",\"contentUrl\":\"http:\/\/just-now.news\/de\/wp-content\/uploads\/sites\/3\/2022\/04\/logo500x500.jpg\",\"width\":500,\"height\":500,\"caption\":\"Just Now News\"},\"image\":{\"@id\":\"https:\/\/now-news.de\/de\/#\/schema\/logo\/image\/\"},\"sameAs\":[\"https:\/\/www.facebook.com\/wirmachenauf\",\"https:\/\/x.com\/WirMachenAuf_de\"]},{\"@type\":\"Person\",\"@id\":\"https:\/\/now-news.de\/de\/#\/schema\/person\/fb534a4e865501d8b3285208df34a9b5\",\"name\":\"rtnews\",\"image\":{\"@type\":\"ImageObject\",\"inLanguage\":\"de\",\"@id\":\"https:\/\/now-news.de\/de\/#\/schema\/person\/image\/\",\"url\":\"https:\/\/secure.gravatar.com\/avatar\/82aafea7d8127119dd649515f56e2117?s=96&d=mm&r=g\",\"contentUrl\":\"https:\/\/secure.gravatar.com\/avatar\/82aafea7d8127119dd649515f56e2117?s=96&d=mm&r=g\",\"caption\":\"rtnews\"},\"url\":\"https:\/\/now-news.de\/de\/author\/rnews\/\"}]}<\/script>\n<!-- \/ Yoast SEO Premium plugin. -->","yoast_head_json":{"title":"Habeck hisst die Regenbogenflagge \u2013 das Narrenschiff ist auf Kurs - just-now.NEWS Deutschland","robots":{"index":"index","follow":"follow","max-snippet":"max-snippet:-1","max-image-preview":"max-image-preview:large","max-video-preview":"max-video-preview:-1"},"canonical":"https:\/\/now-news.de\/de\/deutschland\/habeck-hisst-die-regenbogenflagge-das-narrenschiff-ist-auf-kurs\/","og_locale":"de_DE","og_type":"article","og_title":"Habeck hisst die Regenbogenflagge \u2013 das Narrenschiff ist auf Kurs","og_description":"Die deutsche Wirtschaft verliert Investitionen wie noch nie, Wirtschaftsforscher sprechen von einer drohenden Deindustrialisierung. Was macht der Wirtschaftsminister? Er hisst vor seinem Ministerium die Regenbogenflagge. Das ist kein Unfall, sondern l\u00e4sst tief blicken. Von Richard Mahnke Am Mittwoch lie\u00df eine Pressemitteilung des Instituts der deutschen Wirtschaft aufhorchen. Demnach flossen 2022 etwa 125 Milliarden Euro mehr [&hellip;]","og_url":"https:\/\/now-news.de\/de\/deutschland\/habeck-hisst-die-regenbogenflagge-das-narrenschiff-ist-auf-kurs\/","og_site_name":"just-now.NEWS Deutschland","article_publisher":"https:\/\/www.facebook.com\/wirmachenauf","article_published_time":"2023-06-29T16:10:32+00:00","og_image":[{"width":460,"height":259,"url":"https:\/\/now-news.de\/de\/wp-content\/uploads\/sites\/3\/2023\/06\/Habeck-hisst-die-Regenbogenflagge-\u2013-das-Narrenschiff-ist-auf-Kurs.jpg","type":"image\/jpeg"}],"author":"rtnews","twitter_card":"summary_large_image","twitter_creator":"@WirMachenAuf_de","twitter_site":"@WirMachenAuf_de","twitter_misc":{"Verfasst von":"rtnews","Gesch\u00e4tzte Lesezeit":"3\u00a0Minuten"},"schema":{"@context":"https:\/\/schema.org","@graph":[{"@type":"Article","@id":"https:\/\/now-news.de\/de\/deutschland\/habeck-hisst-die-regenbogenflagge-das-narrenschiff-ist-auf-kurs\/#article","isPartOf":{"@id":"https:\/\/now-news.de\/de\/deutschland\/habeck-hisst-die-regenbogenflagge-das-narrenschiff-ist-auf-kurs\/"},"author":{"name":"rtnews","@id":"https:\/\/now-news.de\/de\/#\/schema\/person\/fb534a4e865501d8b3285208df34a9b5"},"headline":"Habeck hisst die Regenbogenflagge \u2013 das Narrenschiff ist auf Kurs","datePublished":"2023-06-29T16:10:32+00:00","dateModified":"2023-06-29T16:10:32+00:00","mainEntityOfPage":{"@id":"https:\/\/now-news.de\/de\/deutschland\/habeck-hisst-die-regenbogenflagge-das-narrenschiff-ist-auf-kurs\/"},"wordCount":615,"commentCount":0,"publisher":{"@id":"https:\/\/now-news.de\/de\/#organization"},"image":{"@id":"https:\/\/now-news.de\/de\/deutschland\/habeck-hisst-die-regenbogenflagge-das-narrenschiff-ist-auf-kurs\/#primaryimage"},"thumbnailUrl":"https:\/\/now-news.de\/de\/wp-content\/uploads\/sites\/3\/2023\/06\/Habeck-hisst-die-Regenbogenflagge-\u2013-das-Narrenschiff-ist-auf-Kurs.jpg","keywords":["AUF","das","die","Habeck","hisst","ist","Kurs","Narrenschiff","Regenbogenflagge"],"articleSection":["Deutschland","Russland"],"inLanguage":"de","potentialAction":[{"@type":"CommentAction","name":"Comment","target":["https:\/\/now-news.de\/de\/deutschland\/habeck-hisst-die-regenbogenflagge-das-narrenschiff-ist-auf-kurs\/#respond"]}]},{"@type":"WebPage","@id":"https:\/\/now-news.de\/de\/deutschland\/habeck-hisst-die-regenbogenflagge-das-narrenschiff-ist-auf-kurs\/","url":"https:\/\/now-news.de\/de\/deutschland\/habeck-hisst-die-regenbogenflagge-das-narrenschiff-ist-auf-kurs\/","name":"Habeck hisst die Regenbogenflagge \u2013 das Narrenschiff ist auf Kurs - just-now.NEWS Deutschland","isPartOf":{"@id":"https:\/\/now-news.de\/de\/#website"},"primaryImageOfPage":{"@id":"https:\/\/now-news.de\/de\/deutschland\/habeck-hisst-die-regenbogenflagge-das-narrenschiff-ist-auf-kurs\/#primaryimage"},"image":{"@id":"https:\/\/now-news.de\/de\/deutschland\/habeck-hisst-die-regenbogenflagge-das-narrenschiff-ist-auf-kurs\/#primaryimage"},"thumbnailUrl":"https:\/\/now-news.de\/de\/wp-content\/uploads\/sites\/3\/2023\/06\/Habeck-hisst-die-Regenbogenflagge-\u2013-das-Narrenschiff-ist-auf-Kurs.jpg","datePublished":"2023-06-29T16:10:32+00:00","dateModified":"2023-06-29T16:10:32+00:00","breadcrumb":{"@id":"https:\/\/now-news.de\/de\/deutschland\/habeck-hisst-die-regenbogenflagge-das-narrenschiff-ist-auf-kurs\/#breadcrumb"},"inLanguage":"de","potentialAction":[{"@type":"ReadAction","target":["https:\/\/now-news.de\/de\/deutschland\/habeck-hisst-die-regenbogenflagge-das-narrenschiff-ist-auf-kurs\/"]}]},{"@type":"ImageObject","inLanguage":"de","@id":"https:\/\/now-news.de\/de\/deutschland\/habeck-hisst-die-regenbogenflagge-das-narrenschiff-ist-auf-kurs\/#primaryimage","url":"https:\/\/now-news.de\/de\/wp-content\/uploads\/sites\/3\/2023\/06\/Habeck-hisst-die-Regenbogenflagge-\u2013-das-Narrenschiff-ist-auf-Kurs.jpg","contentUrl":"https:\/\/now-news.de\/de\/wp-content\/uploads\/sites\/3\/2023\/06\/Habeck-hisst-die-Regenbogenflagge-\u2013-das-Narrenschiff-ist-auf-Kurs.jpg","width":460,"height":259,"caption":"Habeck hisst die Regenbogenflagge \u2013 das Narrenschiff ist auf Kurs"},{"@type":"BreadcrumbList","@id":"https:\/\/now-news.de\/de\/deutschland\/habeck-hisst-die-regenbogenflagge-das-narrenschiff-ist-auf-kurs\/#breadcrumb","itemListElement":[{"@type":"ListItem","position":1,"name":"Home","item":"https:\/\/now-news.de\/de\/"},{"@type":"ListItem","position":2,"name":"Habeck hisst die Regenbogenflagge \u2013 das Narrenschiff ist auf Kurs"}]},{"@type":"WebSite","@id":"https:\/\/now-news.de\/de\/#website","url":"https:\/\/now-news.de\/de\/","name":"just-now.NEWS Deutschland","description":"Das Portal f\u00fcr unzensierte Nachrichten aus der Welt","publisher":{"@id":"https:\/\/now-news.de\/de\/#organization"},"potentialAction":[{"@type":"SearchAction","target":{"@type":"EntryPoint","urlTemplate":"https:\/\/now-news.de\/de\/?s={search_term_string}"},"query-input":"required name=search_term_string"}],"inLanguage":"de"},{"@type":"Organization","@id":"https:\/\/now-news.de\/de\/#organization","name":"Just Now News","url":"https:\/\/now-news.de\/de\/","logo":{"@type":"ImageObject","inLanguage":"de","@id":"https:\/\/now-news.de\/de\/#\/schema\/logo\/image\/","url":"http:\/\/just-now.news\/de\/wp-content\/uploads\/sites\/3\/2022\/04\/logo500x500.jpg","contentUrl":"http:\/\/just-now.news\/de\/wp-content\/uploads\/sites\/3\/2022\/04\/logo500x500.jpg","width":500,"height":500,"caption":"Just Now News"},"image":{"@id":"https:\/\/now-news.de\/de\/#\/schema\/logo\/image\/"},"sameAs":["https:\/\/www.facebook.com\/wirmachenauf","https:\/\/x.com\/WirMachenAuf_de"]},{"@type":"Person","@id":"https:\/\/now-news.de\/de\/#\/schema\/person\/fb534a4e865501d8b3285208df34a9b5","name":"rtnews","image":{"@type":"ImageObject","inLanguage":"de","@id":"https:\/\/now-news.de\/de\/#\/schema\/person\/image\/","url":"https:\/\/secure.gravatar.com\/avatar\/82aafea7d8127119dd649515f56e2117?s=96&d=mm&r=g","contentUrl":"https:\/\/secure.gravatar.com\/avatar\/82aafea7d8127119dd649515f56e2117?s=96&d=mm&r=g","caption":"rtnews"},"url":"https:\/\/now-news.de\/de\/author\/rnews\/"}]}},"_links":{"self":[{"href":"https:\/\/now-news.de\/de\/wp-json\/wp\/v2\/posts\/39156"}],"collection":[{"href":"https:\/\/now-news.de\/de\/wp-json\/wp\/v2\/posts"}],"about":[{"href":"https:\/\/now-news.de\/de\/wp-json\/wp\/v2\/types\/post"}],"author":[{"embeddable":true,"href":"https:\/\/now-news.de\/de\/wp-json\/wp\/v2\/users\/3"}],"replies":[{"embeddable":true,"href":"https:\/\/now-news.de\/de\/wp-json\/wp\/v2\/comments?post=39156"}],"version-history":[{"count":0,"href":"https:\/\/now-news.de\/de\/wp-json\/wp\/v2\/posts\/39156\/revisions"}],"wp:featuredmedia":[{"embeddable":true,"href":"https:\/\/now-news.de\/de\/wp-json\/wp\/v2\/media\/39157"}],"wp:attachment":[{"href":"https:\/\/now-news.de\/de\/wp-json\/wp\/v2\/media?parent=39156"}],"wp:term":[{"taxonomy":"category","embeddable":true,"href":"https:\/\/now-news.de\/de\/wp-json\/wp\/v2\/categories?post=39156"},{"taxonomy":"post_tag","embeddable":true,"href":"https:\/\/now-news.de\/de\/wp-json\/wp\/v2\/tags?post=39156"}],"curies":[{"name":"wp","href":"https:\/\/api.w.org\/{rel}","templated":true}]}}