{"id":39152,"date":"2023-06-29T17:23:48","date_gmt":"2023-06-29T15:23:48","guid":{"rendered":"https:\/\/just-now.news\/de\/deutschland\/schweden-parlament-stimmt-fuer-ausbau-der-atomenergie\/"},"modified":"2023-06-29T17:23:48","modified_gmt":"2023-06-29T15:23:48","slug":"schweden-parlament-stimmt-fuer-ausbau-der-atomenergie","status":"publish","type":"post","link":"https:\/\/now-news.de\/de\/deutschland\/schweden-parlament-stimmt-fuer-ausbau-der-atomenergie\/","title":{"rendered":"Schweden: Parlament stimmt f\u00fcr Ausbau der Atomenergie"},"content":{"rendered":"<p><img decoding=\"async\" src=\"http:\/\/just-now.news\/de\/wp-content\/uploads\/sites\/3\/2023\/06\/649d672c48fbef04136fca33.jpg\" \/><\/p>\n<div class=\"Text-root Text-type_1 \">\n                Das schwedische Parlament hat im Juni f\u00fcr den Bau neuer Atomkraftwerke gestimmt. Eine hundertprozentige Versorgung aus erneuerbaren Energien wird nicht mehr angestrebt. Der gesteigerte Strombedarf k\u00f6nne aktuell nur mit Atomenergie gesichert werden.\n            <\/div>\n<p><\/p>\n<div class=\"Text-root Text-type_5 ArticleView-text ViewText-root \">\n<p>Schweden hat sich f\u00fcr den Ausbau der Nutzung von Kernenergie entschieden und strebt nicht mehr danach, das Land zu hundert Prozent aus &#8220;erneuerbaren&#8221; Energien zu versorgen. Laut einem <a rel=\"nofollow noopener\" target=\"_blank\" href=\"https:\/\/tkp.at\/2023\/06\/25\/schweden-schert-aus-green-deal-aus-und-streicht-ziele-fuer-gruene-energie\/\">Bericht<\/a> bei der \u00f6sterreichischen Plattform <em>tkp.at<\/em> am Sonntag habe die schwedische Regierung damit dem sogenannten &#8220;European Green Deal&#8221; der EU-Kommission &#8220;einen Schlag versetzt&#8221;. Schweden habe die dort vorgesehenen Ziele f\u00fcr &#8220;gr\u00fcne Energie&#8221; aufgegeben.<\/p>\n<p>Das Nachrichtenmagazin <em>tkp.at<\/em> bezog sich damit auf die j\u00fcngste Entscheidung des schwedischen Parlaments. Die Parlamentarier hatten sich bereits am 20. Juni mehrheitlich auf den Bau neuer Atomkraftwerke in dem skandinavischen Land geeinigt. <em>Euroaktiv<\/em> hatte dazu am 21.Juni <a rel=\"nofollow noopener\" target=\"_blank\" href=\"https:\/\/www.euractiv.de\/section\/energie-und-umwelt\/news\/schweden-kehrt-zur-atomkraft-zurueck\/\">gemeldet<\/a>, das Parlament habe &#8220;gr\u00fcnes Licht f\u00fcr den Bau neuer Atomkraftwerke in einem Land gegeben, das vor 40 Jahren f\u00fcr den Ausstieg aus der Atomenergie gestimmt hat&#8221;.<\/p>\n<p>Anstatt elektrischen Strom zu 100 Prozent aus erneuerbaren Energien zu beziehen, hie\u00dfe es in Schweden jetzt, der Strom m\u00fcsse aus &#8220;100 Prozent fossilfreien&#8221; Energietr\u00e4gern produziert werden. Bis 2040 erwarte man in Schweden die Verdoppelung des aktuellen Elektroenergiebedarfs auf rund 300 Terawattstunden (TWh). Bis 2045 solle das Ziel &#8220;Netto-Null-Emissionen&#8221; erreicht werden, was sich offenbar auf den CO\u2082-Aussto\u00df bei der Energiebereitstellung beziehen soll. &#8220;Dies schafft die Voraussetzungen f\u00fcr die Kernenergie&#8221;, habe die Finanzministerin Elisabeth Svantesson bei der Ank\u00fcndigung von Schwedens neuer Energiepolitik im Parlament gesagt. \u00a0<\/p>\n<blockquote>\n<p><em>&#8220;Wir brauchen mehr Stromproduktion, wir brauchen sauberen Strom und wir brauchen ein stabiles Energiesystem&#8221;,<\/em> sagte Svantesson.<\/p>\n<\/blockquote>\n<p>Zeitnah hat die Organisation &#8220;Net Zero Watch&#8221; die schwedische Entscheidung bef\u00fcrwortet. Nach eigenen Angaben &#8220;beleuchtet und diskutiert [Net Zero Watch] die schwerwiegenden Auswirkungen teurer und schlecht durchdachter Klimaschutzma\u00dfnahmen&#8221;. Nach Auffassung der Initiative w\u00fcrden &#8220;Diskussionen \u00fcber Klima- und Energiepolitik &#8230; zunehmend eng und polarisiert&#8221; gef\u00fchrt werden. Auf ihrer Website <a rel=\"nofollow noopener\" target=\"_blank\" href=\"https:\/\/www.netzerowatch.com\/who-we-are\/\">hei\u00dft<\/a> es zur aktuellen Klima- und Energiepolitik:<\/p>\n<blockquote>\n<p><em>&#8220;Wir alle wollen eine sauberere und bessere Umwelt f\u00fcr k\u00fcnftige Generationen, aber wenn die Klima- und Energiepolitik \u00fcberst\u00fcrzt und ihre Kosten und Auswirkungen nicht vollst\u00e4ndig durchdacht werden, wird sie mit ziemlicher Sicherheit mehr Schaden anrichten als Nutzen bringen.&#8221;<\/em><\/p>\n<\/blockquote>\n<p>Net Zero Watch konstatiert auch in Deutschland einen Vertrauensverlust in die Agenda der &#8220;erneuerbaren&#8221; Energien. In ihrer Bewertung der j\u00fcngsten Entscheidung f\u00fcr Schweden stellt die Initiative fest, dass es<\/p>\n<blockquote>\n<p><em>&#8220;ein wichtiger Schritt in die richtige Richtung ist, da sie implizit die geringe Qualit\u00e4t der instabilen Wind- und Solarenergie anerkennt und Teil eines allgemeinen Vertrauensverlustes in die Agenda der erneuerbaren Energien ist, die in den nordischen L\u00e4ndern und in Deutschland eingef\u00fchrt wurde&#8221;.<\/em><\/p>\n<\/blockquote>\n<p>Aktuell pr\u00fcfe der staatliche Energieversorger Vattenfall den Bau von mindestens\u00a0zwei kleinen modularen Kernreaktoren sowie die Laufzeitverl\u00e4ngerung der Atomkraftwerke in Schweden, schreibt <em>Euroaktiv<\/em>.<\/p>\n<p><strong>Mehr zum Thema<\/strong> &#8211;\u00a0<a rel=\"nofollow noopener\" target=\"_blank\" href=\"https:\/\/pressefreiheit.rtde.life\/inland\/172683-energiekonferenz-in-thueringen-unternehmer-kritisieren\/\">Energiekonferenz in Th\u00fcringen: Unternehmer kritisieren Energiepolitik und Klima-Narrativ<\/a>\u00a0<\/p>\n<\/div>\n<p><br \/>\n<br \/><a href=\"https:\/\/de.rt.com\/europa\/173936-schweden-parlament-stimmt-fuer-ausbau\/\">Source link <\/a><\/p>\n","protected":false},"excerpt":{"rendered":"<p>Das schwedische Parlament hat im Juni f\u00fcr den Bau neuer Atomkraftwerke gestimmt. Eine hundertprozentige Versorgung aus erneuerbaren Energien wird nicht mehr angestrebt. Der gesteigerte Strombedarf k\u00f6nne aktuell nur mit Atomenergie gesichert werden. Schweden hat sich f\u00fcr den Ausbau der Nutzung von Kernenergie entschieden und strebt nicht mehr danach, das Land zu hundert Prozent aus &#8220;erneuerbaren&#8221; [&hellip;]<\/p>\n","protected":false},"author":3,"featured_media":39153,"comment_status":"open","ping_status":"open","sticky":false,"template":"","format":"standard","meta":{"_yoast_indexnow_last_ping":["1688052426"],"wp_automatic_camp":["217"],"2b67e0401ed80974eaed998b5a86a3da":["Schweden: Parlament stimmt f\u00fcr Ausbau der Atomenergie"],"original_link":["https:\/\/de.rt.com\/europa\/173936-schweden-parlament-stimmt-fuer-ausbau\/"],"_thumbnail_id":["39153"],"jnews_social_counter_last_update":["1777185585"],"_wptgpro_p2tg_sent2tg":["a:1:{i:23737;s:19:\"2023-06-29 17:28:19\";}"]},"categories":[19,23],"tags":[46197,31141,82,221,3832,599,12453],"yoast_head":"<!-- This site is optimized with the Yoast SEO Premium plugin v22.7 (Yoast SEO v22.7) - https:\/\/yoast.com\/wordpress\/plugins\/seo\/ -->\n<title>Schweden: Parlament stimmt f\u00fcr Ausbau der Atomenergie - just-now.NEWS Deutschland<\/title>\n<meta name=\"robots\" content=\"index, follow, max-snippet:-1, max-image-preview:large, max-video-preview:-1\" \/>\n<link rel=\"canonical\" href=\"https:\/\/now-news.de\/de\/deutschland\/schweden-parlament-stimmt-fuer-ausbau-der-atomenergie\/\" \/>\n<meta property=\"og:locale\" content=\"de_DE\" \/>\n<meta property=\"og:type\" content=\"article\" \/>\n<meta property=\"og:title\" content=\"Schweden: Parlament stimmt f\u00fcr Ausbau der Atomenergie\" \/>\n<meta property=\"og:description\" content=\"Das schwedische Parlament hat im Juni f\u00fcr den Bau neuer Atomkraftwerke gestimmt. Eine hundertprozentige Versorgung aus erneuerbaren Energien wird nicht mehr angestrebt. Der gesteigerte Strombedarf k\u00f6nne aktuell nur mit Atomenergie gesichert werden. Schweden hat sich f\u00fcr den Ausbau der Nutzung von Kernenergie entschieden und strebt nicht mehr danach, das Land zu hundert Prozent aus &#8220;erneuerbaren&#8221; [&hellip;]\" \/>\n<meta property=\"og:url\" content=\"https:\/\/now-news.de\/de\/deutschland\/schweden-parlament-stimmt-fuer-ausbau-der-atomenergie\/\" \/>\n<meta property=\"og:site_name\" content=\"just-now.NEWS Deutschland\" \/>\n<meta property=\"article:publisher\" content=\"https:\/\/www.facebook.com\/wirmachenauf\" \/>\n<meta property=\"article:published_time\" content=\"2023-06-29T15:23:48+00:00\" \/>\n<meta property=\"og:image\" content=\"https:\/\/now-news.de\/de\/wp-content\/uploads\/sites\/3\/2023\/06\/Schweden-Parlament-stimmt-fuer-Ausbau-der-Atomenergie.jpg\" \/>\n\t<meta property=\"og:image:width\" content=\"460\" \/>\n\t<meta property=\"og:image:height\" content=\"259\" \/>\n\t<meta property=\"og:image:type\" content=\"image\/jpeg\" \/>\n<meta name=\"author\" content=\"rtnews\" \/>\n<meta name=\"twitter:card\" content=\"summary_large_image\" \/>\n<meta name=\"twitter:creator\" content=\"@WirMachenAuf_de\" \/>\n<meta name=\"twitter:site\" content=\"@WirMachenAuf_de\" \/>\n<meta name=\"twitter:label1\" content=\"Verfasst von\" \/>\n\t<meta name=\"twitter:data1\" content=\"rtnews\" \/>\n\t<meta name=\"twitter:label2\" content=\"Gesch\u00e4tzte Lesezeit\" \/>\n\t<meta name=\"twitter:data2\" content=\"2\u00a0Minuten\" \/>\n<script type=\"application\/ld+json\" class=\"yoast-schema-graph\">{\"@context\":\"https:\/\/schema.org\",\"@graph\":[{\"@type\":\"Article\",\"@id\":\"https:\/\/now-news.de\/de\/deutschland\/schweden-parlament-stimmt-fuer-ausbau-der-atomenergie\/#article\",\"isPartOf\":{\"@id\":\"https:\/\/now-news.de\/de\/deutschland\/schweden-parlament-stimmt-fuer-ausbau-der-atomenergie\/\"},\"author\":{\"name\":\"rtnews\",\"@id\":\"https:\/\/now-news.de\/de\/#\/schema\/person\/fb534a4e865501d8b3285208df34a9b5\"},\"headline\":\"Schweden: Parlament stimmt f\u00fcr Ausbau der Atomenergie\",\"datePublished\":\"2023-06-29T15:23:48+00:00\",\"dateModified\":\"2023-06-29T15:23:48+00:00\",\"mainEntityOfPage\":{\"@id\":\"https:\/\/now-news.de\/de\/deutschland\/schweden-parlament-stimmt-fuer-ausbau-der-atomenergie\/\"},\"wordCount\":492,\"commentCount\":0,\"publisher\":{\"@id\":\"https:\/\/now-news.de\/de\/#organization\"},\"image\":{\"@id\":\"https:\/\/now-news.de\/de\/deutschland\/schweden-parlament-stimmt-fuer-ausbau-der-atomenergie\/#primaryimage\"},\"thumbnailUrl\":\"https:\/\/now-news.de\/de\/wp-content\/uploads\/sites\/3\/2023\/06\/Schweden-Parlament-stimmt-fuer-Ausbau-der-Atomenergie.jpg\",\"keywords\":[\"Atomenergie\",\"Ausbau\",\"der\",\"f\u00fcr\",\"Parlament\",\"Schweden\",\"stimmt\"],\"articleSection\":[\"Deutschland\",\"Russland\"],\"inLanguage\":\"de\",\"potentialAction\":[{\"@type\":\"CommentAction\",\"name\":\"Comment\",\"target\":[\"https:\/\/now-news.de\/de\/deutschland\/schweden-parlament-stimmt-fuer-ausbau-der-atomenergie\/#respond\"]}]},{\"@type\":\"WebPage\",\"@id\":\"https:\/\/now-news.de\/de\/deutschland\/schweden-parlament-stimmt-fuer-ausbau-der-atomenergie\/\",\"url\":\"https:\/\/now-news.de\/de\/deutschland\/schweden-parlament-stimmt-fuer-ausbau-der-atomenergie\/\",\"name\":\"Schweden: Parlament stimmt f\u00fcr Ausbau der Atomenergie - just-now.NEWS Deutschland\",\"isPartOf\":{\"@id\":\"https:\/\/now-news.de\/de\/#website\"},\"primaryImageOfPage\":{\"@id\":\"https:\/\/now-news.de\/de\/deutschland\/schweden-parlament-stimmt-fuer-ausbau-der-atomenergie\/#primaryimage\"},\"image\":{\"@id\":\"https:\/\/now-news.de\/de\/deutschland\/schweden-parlament-stimmt-fuer-ausbau-der-atomenergie\/#primaryimage\"},\"thumbnailUrl\":\"https:\/\/now-news.de\/de\/wp-content\/uploads\/sites\/3\/2023\/06\/Schweden-Parlament-stimmt-fuer-Ausbau-der-Atomenergie.jpg\",\"datePublished\":\"2023-06-29T15:23:48+00:00\",\"dateModified\":\"2023-06-29T15:23:48+00:00\",\"breadcrumb\":{\"@id\":\"https:\/\/now-news.de\/de\/deutschland\/schweden-parlament-stimmt-fuer-ausbau-der-atomenergie\/#breadcrumb\"},\"inLanguage\":\"de\",\"potentialAction\":[{\"@type\":\"ReadAction\",\"target\":[\"https:\/\/now-news.de\/de\/deutschland\/schweden-parlament-stimmt-fuer-ausbau-der-atomenergie\/\"]}]},{\"@type\":\"ImageObject\",\"inLanguage\":\"de\",\"@id\":\"https:\/\/now-news.de\/de\/deutschland\/schweden-parlament-stimmt-fuer-ausbau-der-atomenergie\/#primaryimage\",\"url\":\"https:\/\/now-news.de\/de\/wp-content\/uploads\/sites\/3\/2023\/06\/Schweden-Parlament-stimmt-fuer-Ausbau-der-Atomenergie.jpg\",\"contentUrl\":\"https:\/\/now-news.de\/de\/wp-content\/uploads\/sites\/3\/2023\/06\/Schweden-Parlament-stimmt-fuer-Ausbau-der-Atomenergie.jpg\",\"width\":460,\"height\":259,\"caption\":\"Schweden: Parlament stimmt f\u00fcr Ausbau der Atomenergie\"},{\"@type\":\"BreadcrumbList\",\"@id\":\"https:\/\/now-news.de\/de\/deutschland\/schweden-parlament-stimmt-fuer-ausbau-der-atomenergie\/#breadcrumb\",\"itemListElement\":[{\"@type\":\"ListItem\",\"position\":1,\"name\":\"Home\",\"item\":\"https:\/\/now-news.de\/de\/\"},{\"@type\":\"ListItem\",\"position\":2,\"name\":\"Schweden: Parlament stimmt f\u00fcr Ausbau der Atomenergie\"}]},{\"@type\":\"WebSite\",\"@id\":\"https:\/\/now-news.de\/de\/#website\",\"url\":\"https:\/\/now-news.de\/de\/\",\"name\":\"just-now.NEWS Deutschland\",\"description\":\"Das Portal f\u00fcr unzensierte Nachrichten aus der Welt\",\"publisher\":{\"@id\":\"https:\/\/now-news.de\/de\/#organization\"},\"potentialAction\":[{\"@type\":\"SearchAction\",\"target\":{\"@type\":\"EntryPoint\",\"urlTemplate\":\"https:\/\/now-news.de\/de\/?s={search_term_string}\"},\"query-input\":\"required name=search_term_string\"}],\"inLanguage\":\"de\"},{\"@type\":\"Organization\",\"@id\":\"https:\/\/now-news.de\/de\/#organization\",\"name\":\"Just Now News\",\"url\":\"https:\/\/now-news.de\/de\/\",\"logo\":{\"@type\":\"ImageObject\",\"inLanguage\":\"de\",\"@id\":\"https:\/\/now-news.de\/de\/#\/schema\/logo\/image\/\",\"url\":\"http:\/\/just-now.news\/de\/wp-content\/uploads\/sites\/3\/2022\/04\/logo500x500.jpg\",\"contentUrl\":\"http:\/\/just-now.news\/de\/wp-content\/uploads\/sites\/3\/2022\/04\/logo500x500.jpg\",\"width\":500,\"height\":500,\"caption\":\"Just Now News\"},\"image\":{\"@id\":\"https:\/\/now-news.de\/de\/#\/schema\/logo\/image\/\"},\"sameAs\":[\"https:\/\/www.facebook.com\/wirmachenauf\",\"https:\/\/x.com\/WirMachenAuf_de\"]},{\"@type\":\"Person\",\"@id\":\"https:\/\/now-news.de\/de\/#\/schema\/person\/fb534a4e865501d8b3285208df34a9b5\",\"name\":\"rtnews\",\"image\":{\"@type\":\"ImageObject\",\"inLanguage\":\"de\",\"@id\":\"https:\/\/now-news.de\/de\/#\/schema\/person\/image\/\",\"url\":\"https:\/\/secure.gravatar.com\/avatar\/82aafea7d8127119dd649515f56e2117?s=96&d=mm&r=g\",\"contentUrl\":\"https:\/\/secure.gravatar.com\/avatar\/82aafea7d8127119dd649515f56e2117?s=96&d=mm&r=g\",\"caption\":\"rtnews\"},\"url\":\"https:\/\/now-news.de\/de\/author\/rnews\/\"}]}<\/script>\n<!-- \/ Yoast SEO Premium plugin. -->","yoast_head_json":{"title":"Schweden: Parlament stimmt f\u00fcr Ausbau der Atomenergie - just-now.NEWS Deutschland","robots":{"index":"index","follow":"follow","max-snippet":"max-snippet:-1","max-image-preview":"max-image-preview:large","max-video-preview":"max-video-preview:-1"},"canonical":"https:\/\/now-news.de\/de\/deutschland\/schweden-parlament-stimmt-fuer-ausbau-der-atomenergie\/","og_locale":"de_DE","og_type":"article","og_title":"Schweden: Parlament stimmt f\u00fcr Ausbau der Atomenergie","og_description":"Das schwedische Parlament hat im Juni f\u00fcr den Bau neuer Atomkraftwerke gestimmt. Eine hundertprozentige Versorgung aus erneuerbaren Energien wird nicht mehr angestrebt. Der gesteigerte Strombedarf k\u00f6nne aktuell nur mit Atomenergie gesichert werden. Schweden hat sich f\u00fcr den Ausbau der Nutzung von Kernenergie entschieden und strebt nicht mehr danach, das Land zu hundert Prozent aus &#8220;erneuerbaren&#8221; [&hellip;]","og_url":"https:\/\/now-news.de\/de\/deutschland\/schweden-parlament-stimmt-fuer-ausbau-der-atomenergie\/","og_site_name":"just-now.NEWS Deutschland","article_publisher":"https:\/\/www.facebook.com\/wirmachenauf","article_published_time":"2023-06-29T15:23:48+00:00","og_image":[{"width":460,"height":259,"url":"https:\/\/now-news.de\/de\/wp-content\/uploads\/sites\/3\/2023\/06\/Schweden-Parlament-stimmt-fuer-Ausbau-der-Atomenergie.jpg","type":"image\/jpeg"}],"author":"rtnews","twitter_card":"summary_large_image","twitter_creator":"@WirMachenAuf_de","twitter_site":"@WirMachenAuf_de","twitter_misc":{"Verfasst von":"rtnews","Gesch\u00e4tzte Lesezeit":"2\u00a0Minuten"},"schema":{"@context":"https:\/\/schema.org","@graph":[{"@type":"Article","@id":"https:\/\/now-news.de\/de\/deutschland\/schweden-parlament-stimmt-fuer-ausbau-der-atomenergie\/#article","isPartOf":{"@id":"https:\/\/now-news.de\/de\/deutschland\/schweden-parlament-stimmt-fuer-ausbau-der-atomenergie\/"},"author":{"name":"rtnews","@id":"https:\/\/now-news.de\/de\/#\/schema\/person\/fb534a4e865501d8b3285208df34a9b5"},"headline":"Schweden: Parlament stimmt f\u00fcr Ausbau der Atomenergie","datePublished":"2023-06-29T15:23:48+00:00","dateModified":"2023-06-29T15:23:48+00:00","mainEntityOfPage":{"@id":"https:\/\/now-news.de\/de\/deutschland\/schweden-parlament-stimmt-fuer-ausbau-der-atomenergie\/"},"wordCount":492,"commentCount":0,"publisher":{"@id":"https:\/\/now-news.de\/de\/#organization"},"image":{"@id":"https:\/\/now-news.de\/de\/deutschland\/schweden-parlament-stimmt-fuer-ausbau-der-atomenergie\/#primaryimage"},"thumbnailUrl":"https:\/\/now-news.de\/de\/wp-content\/uploads\/sites\/3\/2023\/06\/Schweden-Parlament-stimmt-fuer-Ausbau-der-Atomenergie.jpg","keywords":["Atomenergie","Ausbau","der","f\u00fcr","Parlament","Schweden","stimmt"],"articleSection":["Deutschland","Russland"],"inLanguage":"de","potentialAction":[{"@type":"CommentAction","name":"Comment","target":["https:\/\/now-news.de\/de\/deutschland\/schweden-parlament-stimmt-fuer-ausbau-der-atomenergie\/#respond"]}]},{"@type":"WebPage","@id":"https:\/\/now-news.de\/de\/deutschland\/schweden-parlament-stimmt-fuer-ausbau-der-atomenergie\/","url":"https:\/\/now-news.de\/de\/deutschland\/schweden-parlament-stimmt-fuer-ausbau-der-atomenergie\/","name":"Schweden: Parlament stimmt f\u00fcr Ausbau der Atomenergie - just-now.NEWS Deutschland","isPartOf":{"@id":"https:\/\/now-news.de\/de\/#website"},"primaryImageOfPage":{"@id":"https:\/\/now-news.de\/de\/deutschland\/schweden-parlament-stimmt-fuer-ausbau-der-atomenergie\/#primaryimage"},"image":{"@id":"https:\/\/now-news.de\/de\/deutschland\/schweden-parlament-stimmt-fuer-ausbau-der-atomenergie\/#primaryimage"},"thumbnailUrl":"https:\/\/now-news.de\/de\/wp-content\/uploads\/sites\/3\/2023\/06\/Schweden-Parlament-stimmt-fuer-Ausbau-der-Atomenergie.jpg","datePublished":"2023-06-29T15:23:48+00:00","dateModified":"2023-06-29T15:23:48+00:00","breadcrumb":{"@id":"https:\/\/now-news.de\/de\/deutschland\/schweden-parlament-stimmt-fuer-ausbau-der-atomenergie\/#breadcrumb"},"inLanguage":"de","potentialAction":[{"@type":"ReadAction","target":["https:\/\/now-news.de\/de\/deutschland\/schweden-parlament-stimmt-fuer-ausbau-der-atomenergie\/"]}]},{"@type":"ImageObject","inLanguage":"de","@id":"https:\/\/now-news.de\/de\/deutschland\/schweden-parlament-stimmt-fuer-ausbau-der-atomenergie\/#primaryimage","url":"https:\/\/now-news.de\/de\/wp-content\/uploads\/sites\/3\/2023\/06\/Schweden-Parlament-stimmt-fuer-Ausbau-der-Atomenergie.jpg","contentUrl":"https:\/\/now-news.de\/de\/wp-content\/uploads\/sites\/3\/2023\/06\/Schweden-Parlament-stimmt-fuer-Ausbau-der-Atomenergie.jpg","width":460,"height":259,"caption":"Schweden: Parlament stimmt f\u00fcr Ausbau der Atomenergie"},{"@type":"BreadcrumbList","@id":"https:\/\/now-news.de\/de\/deutschland\/schweden-parlament-stimmt-fuer-ausbau-der-atomenergie\/#breadcrumb","itemListElement":[{"@type":"ListItem","position":1,"name":"Home","item":"https:\/\/now-news.de\/de\/"},{"@type":"ListItem","position":2,"name":"Schweden: Parlament stimmt f\u00fcr Ausbau der Atomenergie"}]},{"@type":"WebSite","@id":"https:\/\/now-news.de\/de\/#website","url":"https:\/\/now-news.de\/de\/","name":"just-now.NEWS Deutschland","description":"Das Portal f\u00fcr unzensierte Nachrichten aus der Welt","publisher":{"@id":"https:\/\/now-news.de\/de\/#organization"},"potentialAction":[{"@type":"SearchAction","target":{"@type":"EntryPoint","urlTemplate":"https:\/\/now-news.de\/de\/?s={search_term_string}"},"query-input":"required name=search_term_string"}],"inLanguage":"de"},{"@type":"Organization","@id":"https:\/\/now-news.de\/de\/#organization","name":"Just Now News","url":"https:\/\/now-news.de\/de\/","logo":{"@type":"ImageObject","inLanguage":"de","@id":"https:\/\/now-news.de\/de\/#\/schema\/logo\/image\/","url":"http:\/\/just-now.news\/de\/wp-content\/uploads\/sites\/3\/2022\/04\/logo500x500.jpg","contentUrl":"http:\/\/just-now.news\/de\/wp-content\/uploads\/sites\/3\/2022\/04\/logo500x500.jpg","width":500,"height":500,"caption":"Just Now News"},"image":{"@id":"https:\/\/now-news.de\/de\/#\/schema\/logo\/image\/"},"sameAs":["https:\/\/www.facebook.com\/wirmachenauf","https:\/\/x.com\/WirMachenAuf_de"]},{"@type":"Person","@id":"https:\/\/now-news.de\/de\/#\/schema\/person\/fb534a4e865501d8b3285208df34a9b5","name":"rtnews","image":{"@type":"ImageObject","inLanguage":"de","@id":"https:\/\/now-news.de\/de\/#\/schema\/person\/image\/","url":"https:\/\/secure.gravatar.com\/avatar\/82aafea7d8127119dd649515f56e2117?s=96&d=mm&r=g","contentUrl":"https:\/\/secure.gravatar.com\/avatar\/82aafea7d8127119dd649515f56e2117?s=96&d=mm&r=g","caption":"rtnews"},"url":"https:\/\/now-news.de\/de\/author\/rnews\/"}]}},"_links":{"self":[{"href":"https:\/\/now-news.de\/de\/wp-json\/wp\/v2\/posts\/39152"}],"collection":[{"href":"https:\/\/now-news.de\/de\/wp-json\/wp\/v2\/posts"}],"about":[{"href":"https:\/\/now-news.de\/de\/wp-json\/wp\/v2\/types\/post"}],"author":[{"embeddable":true,"href":"https:\/\/now-news.de\/de\/wp-json\/wp\/v2\/users\/3"}],"replies":[{"embeddable":true,"href":"https:\/\/now-news.de\/de\/wp-json\/wp\/v2\/comments?post=39152"}],"version-history":[{"count":0,"href":"https:\/\/now-news.de\/de\/wp-json\/wp\/v2\/posts\/39152\/revisions"}],"wp:featuredmedia":[{"embeddable":true,"href":"https:\/\/now-news.de\/de\/wp-json\/wp\/v2\/media\/39153"}],"wp:attachment":[{"href":"https:\/\/now-news.de\/de\/wp-json\/wp\/v2\/media?parent=39152"}],"wp:term":[{"taxonomy":"category","embeddable":true,"href":"https:\/\/now-news.de\/de\/wp-json\/wp\/v2\/categories?post=39152"},{"taxonomy":"post_tag","embeddable":true,"href":"https:\/\/now-news.de\/de\/wp-json\/wp\/v2\/tags?post=39152"}],"curies":[{"name":"wp","href":"https:\/\/api.w.org\/{rel}","templated":true}]}}