{"id":39127,"date":"2023-06-29T13:33:13","date_gmt":"2023-06-29T11:33:13","guid":{"rendered":"https:\/\/just-now.news\/de\/deutschland\/es-wird-ungemuetlich-berlin-neukoelln-streicht-sozialleistungen\/"},"modified":"2023-06-29T13:33:13","modified_gmt":"2023-06-29T11:33:13","slug":"es-wird-ungemuetlich-berlin-neukoelln-streicht-sozialleistungen","status":"publish","type":"post","link":"https:\/\/now-news.de\/de\/deutschland\/es-wird-ungemuetlich-berlin-neukoelln-streicht-sozialleistungen\/","title":{"rendered":"Es wird ungem\u00fctlich: Berlin-Neuk\u00f6lln streicht Sozialleistungen"},"content":{"rendered":"<p><img decoding=\"async\" src=\"http:\/\/just-now.news\/de\/wp-content\/uploads\/sites\/3\/2023\/06\/649d348b48fbef026e697193.jpg\" \/><\/p>\n<div class=\"Text-root Text-type_1 \">\n                Der Berliner Bezirk Neuk\u00f6lln schl\u00e4gt Alarm. Aufgrund zu geringer Zuweisungen durch den Senat m\u00fcsse man sparen \u2013 und das ausgerechnet bei den Bed\u00fcrftigsten. Gespart wird etwa am Wachschutz und der Reinigung an Schulen, an Spielpl\u00e4tzen sowie an der Hilfe f\u00fcr Obdachlose und Drogenabh\u00e4ngige.\n            <\/div>\n<p><\/p>\n<div class=\"Text-root Text-type_5 ArticleView-text ViewText-root \">\n<p>Der Berliner Bezirk Neuk\u00f6lln hat die Streichung und Reduzierung zahlreicher sozialer Angebote beschlossen. Das geht aus einer am Mittwoch ver\u00f6ffentlichten <a rel=\"nofollow noopener\" target=\"_blank\" href=\"https:\/\/www.berlin.de\/ba-neukoelln\/aktuelles\/pressemitteilungen\/2023\/pressemitteilung.1339506.php\">Pressemitteilung<\/a> des Bezirksamts hervor. Darin hei\u00dft es:<\/p>\n<blockquote>\n<p><em>&#8220;Nach der Zuweisung durch den Senat fehlen dem Bezirksamt Neuk\u00f6lln f\u00fcr die Haushaltsjahre 2024\/2025 pro Jahr 22,8 Millionen Euro, um den Status quo zu halten. Mit dem Eckwertebeschluss ist das Bezirksamt daher dazu gezwungen, zahlreiche der f\u00fcr Neuk\u00f6lln notwendigen sozialen Angebote zu reduzieren oder g\u00e4nzlich zu streichen, die f\u00fcr die Menschen im Bezirk von gr\u00f6\u00dfter Bedeutung sind.&#8221;<\/em><\/p>\n<\/blockquote>\n<p>Weil ein erheblicher Teil der verf\u00fcgbaren Mittel durch gesetzliche Pflichtleistungen und zentrale Vorgaben gebunden sei, betr\u00e4fen die K\u00fcrzungen vor allem Angebote, die direkt in die Kieze hineinwirkten und die Bed\u00fcrfnisse der B\u00fcrger bedienten. Jeder werde sie im Alltag sp\u00fcren. Besonders betroffen seien die Schw\u00e4chsten und Bezieher staatlicher Leistungen.<\/p>\n<p>Konkret nennt das Bezirksamt folgende zw\u00f6lf Streichungen:<\/p>\n<ul>\n<li>Wachschutz an 12 Neuk\u00f6llner Schulen entf\u00e4llt<\/li>\n<li>Tagesreinigung an den Neuk\u00f6llner Schulen entf\u00e4llt<\/li>\n<li>Obdachlosenhilfe wird reduziert<\/li>\n<li>Wegfall der aufsuchenden Suchthilfe<\/li>\n<li>Wasserspielpl\u00e4tze werden geschlossen<\/li>\n<li>Kaputte Spielger\u00e4te auf Spielpl\u00e4tzen werden nicht mehr erneuert<\/li>\n<li>M\u00fcllentsorgung in Gr\u00fcnanlagen wird halbiert<\/li>\n<li>Schlie\u00dfung von drei Jugendfreizeit- bzw. Familieneinrichtungen<\/li>\n<li>Reduzierung der Stadtteilkoordination ab 2025<\/li>\n<li>Jugendreisen f\u00fcr besonders betroffene Jugendliche werden nicht mehr finanziert<\/li>\n<li>Alt-Rixdorfer Weihnachtsmarkt f\u00e4llt weg<\/li>\n<li>Freie Stellen im Bezirksamt werden tempor\u00e4r nicht nachbesetzt<\/li>\n<\/ul>\n<p>Das Bezirksamt betont selbst, dass die Schwerpunkte der K\u00fcrzungen im Bereich Jugend, Familien und Schulen liegen, da vor allem dort die Zuweisungen des Senats nicht ausreichten. Bezirksb\u00fcrgermeister\u00a0Martin Hikel machte dem schwarz-roten Senat in der Pressemitteilung schwere Vorw\u00fcrfe:<\/p>\n<blockquote>\n<p><em>&#8220;Die Finanzplanungen des Senats werden auf viele Jahre die soziale Infrastruktur in Neuk\u00f6lln zerst\u00f6ren. &#8230;\u00a0Wer bei den Bezirken spart, verst\u00e4rkt den Unmut bei den B\u00fcrgerinnen und B\u00fcrgern \u00fcber eine dysfunktionale Stadt. So wird Vertrauen in die Handlungsf\u00e4higkeit des Staates aufs Spiel gesetzt. Und ich habe nicht einmal heute den Eindruck, dass die B\u00fcrgerinnen und B\u00fcrger den Status quo als gut empfinden.&#8221;<\/em><\/p>\n<\/blockquote>\n<p>Der selbst f\u00fcr Berliner Verh\u00e4ltnisse in weiten Teilen gleicherma\u00dfen von Verwahrlosung und Hipstertum\u00a0gepr\u00e4gte Bezirk gilt schon seit L\u00e4ngerem als sozialer Brennpunkt. Offener Drogenkonsum und Kriminalit\u00e4t sind an der Tagesordnung. Die verk\u00fcndeten K\u00fcrzungen d\u00fcrften zu einer weiteren Verschlechterung der Lage beitragen.<\/p>\n<p>Nicht immer ist der Berliner Senat so knausrig wie gegen\u00fcber den Bezirken. Wie das Fachmagazin <em>Kicker<\/em> berichtet, hat der Senat dem Bundesligaabsteiger Hertha BSC f\u00fcr die gesamte Saison die Miete\u00a0f\u00fcr das Olympiastadion gestundet.\u00a0<\/p>\n<p><strong>Mehr zum Thema<\/strong> \u2013 <a rel=\"nofollow noopener\" target=\"_blank\" href=\"https:\/\/freeassange.rtde.live\/meinung\/162860-hallo-berlin-wahlen-interessieren-mich\/\">Hallo Berlin, Wahlen? Interessieren mich nicht!<\/a><\/p>\n<\/div>\n<p><br \/>\n<br \/><a href=\"https:\/\/de.rt.com\/inland\/173917-es-wird-ungemuetlich-berlin-neukoelln\/\">Source link <\/a><\/p>\n","protected":false},"excerpt":{"rendered":"<p>Der Berliner Bezirk Neuk\u00f6lln schl\u00e4gt Alarm. Aufgrund zu geringer Zuweisungen durch den Senat m\u00fcsse man sparen \u2013 und das ausgerechnet bei den Bed\u00fcrftigsten. Gespart wird etwa am Wachschutz und der Reinigung an Schulen, an Spielpl\u00e4tzen sowie an der Hilfe f\u00fcr Obdachlose und Drogenabh\u00e4ngige. Der Berliner Bezirk Neuk\u00f6lln hat die Streichung und Reduzierung zahlreicher sozialer Angebote [&hellip;]<\/p>\n","protected":false},"author":3,"featured_media":39128,"comment_status":"open","ping_status":"open","sticky":false,"template":"","format":"standard","meta":{"_yoast_indexnow_last_ping":["1688038794"],"wp_automatic_camp":["217"],"7408e04538b33e55dec53170c4bc6fa0":["Es wird ungem\u00fctlich: Berlin-Neuk\u00f6lln streicht Sozialleistungen"],"original_link":["https:\/\/de.rt.com\/inland\/173917-es-wird-ungemuetlich-berlin-neukoelln\/"],"_thumbnail_id":["39128"],"_wptgpro_p2tg_sent2tg":["a:1:{i:23737;s:19:\"2023-06-29 13:40:56\";}"],"jnews_social_counter_last_update":["1776869143"]},"categories":[19,23],"tags":[46185,46186,853,46184,374],"yoast_head":"<!-- This site is optimized with the Yoast SEO Premium plugin v22.7 (Yoast SEO v22.7) - https:\/\/yoast.com\/wordpress\/plugins\/seo\/ -->\n<title>Es wird ungem\u00fctlich: Berlin-Neuk\u00f6lln streicht Sozialleistungen - just-now.NEWS Deutschland<\/title>\n<meta name=\"robots\" content=\"index, follow, max-snippet:-1, max-image-preview:large, max-video-preview:-1\" \/>\n<link rel=\"canonical\" href=\"https:\/\/now-news.de\/de\/deutschland\/es-wird-ungemuetlich-berlin-neukoelln-streicht-sozialleistungen\/\" \/>\n<meta property=\"og:locale\" content=\"de_DE\" \/>\n<meta property=\"og:type\" content=\"article\" \/>\n<meta property=\"og:title\" content=\"Es wird ungem\u00fctlich: Berlin-Neuk\u00f6lln streicht Sozialleistungen\" \/>\n<meta property=\"og:description\" content=\"Der Berliner Bezirk Neuk\u00f6lln schl\u00e4gt Alarm. Aufgrund zu geringer Zuweisungen durch den Senat m\u00fcsse man sparen \u2013 und das ausgerechnet bei den Bed\u00fcrftigsten. Gespart wird etwa am Wachschutz und der Reinigung an Schulen, an Spielpl\u00e4tzen sowie an der Hilfe f\u00fcr Obdachlose und Drogenabh\u00e4ngige. Der Berliner Bezirk Neuk\u00f6lln hat die Streichung und Reduzierung zahlreicher sozialer Angebote [&hellip;]\" \/>\n<meta property=\"og:url\" content=\"https:\/\/now-news.de\/de\/deutschland\/es-wird-ungemuetlich-berlin-neukoelln-streicht-sozialleistungen\/\" \/>\n<meta property=\"og:site_name\" content=\"just-now.NEWS Deutschland\" \/>\n<meta property=\"article:publisher\" content=\"https:\/\/www.facebook.com\/wirmachenauf\" \/>\n<meta property=\"article:published_time\" content=\"2023-06-29T11:33:13+00:00\" \/>\n<meta property=\"og:image\" content=\"https:\/\/now-news.de\/de\/wp-content\/uploads\/sites\/3\/2023\/06\/Es-wird-ungemuetlich-Berlin-Neukoelln-streicht-Sozialleistungen.jpg\" \/>\n\t<meta property=\"og:image:width\" content=\"460\" \/>\n\t<meta property=\"og:image:height\" content=\"259\" \/>\n\t<meta property=\"og:image:type\" content=\"image\/jpeg\" \/>\n<meta name=\"author\" content=\"rtnews\" \/>\n<meta name=\"twitter:card\" content=\"summary_large_image\" \/>\n<meta name=\"twitter:creator\" content=\"@WirMachenAuf_de\" \/>\n<meta name=\"twitter:site\" content=\"@WirMachenAuf_de\" \/>\n<meta name=\"twitter:label1\" content=\"Verfasst von\" \/>\n\t<meta name=\"twitter:data1\" content=\"rtnews\" \/>\n\t<meta name=\"twitter:label2\" content=\"Gesch\u00e4tzte Lesezeit\" \/>\n\t<meta name=\"twitter:data2\" content=\"2\u00a0Minuten\" \/>\n<script type=\"application\/ld+json\" class=\"yoast-schema-graph\">{\"@context\":\"https:\/\/schema.org\",\"@graph\":[{\"@type\":\"Article\",\"@id\":\"https:\/\/now-news.de\/de\/deutschland\/es-wird-ungemuetlich-berlin-neukoelln-streicht-sozialleistungen\/#article\",\"isPartOf\":{\"@id\":\"https:\/\/now-news.de\/de\/deutschland\/es-wird-ungemuetlich-berlin-neukoelln-streicht-sozialleistungen\/\"},\"author\":{\"name\":\"rtnews\",\"@id\":\"https:\/\/now-news.de\/de\/#\/schema\/person\/fb534a4e865501d8b3285208df34a9b5\"},\"headline\":\"Es wird ungem\u00fctlich: Berlin-Neuk\u00f6lln streicht Sozialleistungen\",\"datePublished\":\"2023-06-29T11:33:13+00:00\",\"dateModified\":\"2023-06-29T11:33:13+00:00\",\"mainEntityOfPage\":{\"@id\":\"https:\/\/now-news.de\/de\/deutschland\/es-wird-ungemuetlich-berlin-neukoelln-streicht-sozialleistungen\/\"},\"wordCount\":499,\"commentCount\":0,\"publisher\":{\"@id\":\"https:\/\/now-news.de\/de\/#organization\"},\"image\":{\"@id\":\"https:\/\/now-news.de\/de\/deutschland\/es-wird-ungemuetlich-berlin-neukoelln-streicht-sozialleistungen\/#primaryimage\"},\"thumbnailUrl\":\"https:\/\/now-news.de\/de\/wp-content\/uploads\/sites\/3\/2023\/06\/Es-wird-ungemuetlich-Berlin-Neukoelln-streicht-Sozialleistungen.jpg\",\"keywords\":[\"BerlinNeuk\u00f6lln\",\"Sozialleistungen\",\"streicht\",\"ungem\u00fctlich\",\"wird\"],\"articleSection\":[\"Deutschland\",\"Russland\"],\"inLanguage\":\"de\",\"potentialAction\":[{\"@type\":\"CommentAction\",\"name\":\"Comment\",\"target\":[\"https:\/\/now-news.de\/de\/deutschland\/es-wird-ungemuetlich-berlin-neukoelln-streicht-sozialleistungen\/#respond\"]}]},{\"@type\":\"WebPage\",\"@id\":\"https:\/\/now-news.de\/de\/deutschland\/es-wird-ungemuetlich-berlin-neukoelln-streicht-sozialleistungen\/\",\"url\":\"https:\/\/now-news.de\/de\/deutschland\/es-wird-ungemuetlich-berlin-neukoelln-streicht-sozialleistungen\/\",\"name\":\"Es wird ungem\u00fctlich: Berlin-Neuk\u00f6lln streicht Sozialleistungen - just-now.NEWS Deutschland\",\"isPartOf\":{\"@id\":\"https:\/\/now-news.de\/de\/#website\"},\"primaryImageOfPage\":{\"@id\":\"https:\/\/now-news.de\/de\/deutschland\/es-wird-ungemuetlich-berlin-neukoelln-streicht-sozialleistungen\/#primaryimage\"},\"image\":{\"@id\":\"https:\/\/now-news.de\/de\/deutschland\/es-wird-ungemuetlich-berlin-neukoelln-streicht-sozialleistungen\/#primaryimage\"},\"thumbnailUrl\":\"https:\/\/now-news.de\/de\/wp-content\/uploads\/sites\/3\/2023\/06\/Es-wird-ungemuetlich-Berlin-Neukoelln-streicht-Sozialleistungen.jpg\",\"datePublished\":\"2023-06-29T11:33:13+00:00\",\"dateModified\":\"2023-06-29T11:33:13+00:00\",\"breadcrumb\":{\"@id\":\"https:\/\/now-news.de\/de\/deutschland\/es-wird-ungemuetlich-berlin-neukoelln-streicht-sozialleistungen\/#breadcrumb\"},\"inLanguage\":\"de\",\"potentialAction\":[{\"@type\":\"ReadAction\",\"target\":[\"https:\/\/now-news.de\/de\/deutschland\/es-wird-ungemuetlich-berlin-neukoelln-streicht-sozialleistungen\/\"]}]},{\"@type\":\"ImageObject\",\"inLanguage\":\"de\",\"@id\":\"https:\/\/now-news.de\/de\/deutschland\/es-wird-ungemuetlich-berlin-neukoelln-streicht-sozialleistungen\/#primaryimage\",\"url\":\"https:\/\/now-news.de\/de\/wp-content\/uploads\/sites\/3\/2023\/06\/Es-wird-ungemuetlich-Berlin-Neukoelln-streicht-Sozialleistungen.jpg\",\"contentUrl\":\"https:\/\/now-news.de\/de\/wp-content\/uploads\/sites\/3\/2023\/06\/Es-wird-ungemuetlich-Berlin-Neukoelln-streicht-Sozialleistungen.jpg\",\"width\":460,\"height\":259,\"caption\":\"Es wird ungem\u00fctlich: Berlin-Neuk\u00f6lln streicht Sozialleistungen\"},{\"@type\":\"BreadcrumbList\",\"@id\":\"https:\/\/now-news.de\/de\/deutschland\/es-wird-ungemuetlich-berlin-neukoelln-streicht-sozialleistungen\/#breadcrumb\",\"itemListElement\":[{\"@type\":\"ListItem\",\"position\":1,\"name\":\"Home\",\"item\":\"https:\/\/now-news.de\/de\/\"},{\"@type\":\"ListItem\",\"position\":2,\"name\":\"Es wird ungem\u00fctlich: Berlin-Neuk\u00f6lln streicht Sozialleistungen\"}]},{\"@type\":\"WebSite\",\"@id\":\"https:\/\/now-news.de\/de\/#website\",\"url\":\"https:\/\/now-news.de\/de\/\",\"name\":\"just-now.NEWS Deutschland\",\"description\":\"Das Portal f\u00fcr unzensierte Nachrichten aus der Welt\",\"publisher\":{\"@id\":\"https:\/\/now-news.de\/de\/#organization\"},\"potentialAction\":[{\"@type\":\"SearchAction\",\"target\":{\"@type\":\"EntryPoint\",\"urlTemplate\":\"https:\/\/now-news.de\/de\/?s={search_term_string}\"},\"query-input\":\"required name=search_term_string\"}],\"inLanguage\":\"de\"},{\"@type\":\"Organization\",\"@id\":\"https:\/\/now-news.de\/de\/#organization\",\"name\":\"Just Now News\",\"url\":\"https:\/\/now-news.de\/de\/\",\"logo\":{\"@type\":\"ImageObject\",\"inLanguage\":\"de\",\"@id\":\"https:\/\/now-news.de\/de\/#\/schema\/logo\/image\/\",\"url\":\"http:\/\/just-now.news\/de\/wp-content\/uploads\/sites\/3\/2022\/04\/logo500x500.jpg\",\"contentUrl\":\"http:\/\/just-now.news\/de\/wp-content\/uploads\/sites\/3\/2022\/04\/logo500x500.jpg\",\"width\":500,\"height\":500,\"caption\":\"Just Now News\"},\"image\":{\"@id\":\"https:\/\/now-news.de\/de\/#\/schema\/logo\/image\/\"},\"sameAs\":[\"https:\/\/www.facebook.com\/wirmachenauf\",\"https:\/\/x.com\/WirMachenAuf_de\"]},{\"@type\":\"Person\",\"@id\":\"https:\/\/now-news.de\/de\/#\/schema\/person\/fb534a4e865501d8b3285208df34a9b5\",\"name\":\"rtnews\",\"image\":{\"@type\":\"ImageObject\",\"inLanguage\":\"de\",\"@id\":\"https:\/\/now-news.de\/de\/#\/schema\/person\/image\/\",\"url\":\"https:\/\/secure.gravatar.com\/avatar\/82aafea7d8127119dd649515f56e2117?s=96&d=mm&r=g\",\"contentUrl\":\"https:\/\/secure.gravatar.com\/avatar\/82aafea7d8127119dd649515f56e2117?s=96&d=mm&r=g\",\"caption\":\"rtnews\"},\"url\":\"https:\/\/now-news.de\/de\/author\/rnews\/\"}]}<\/script>\n<!-- \/ Yoast SEO Premium plugin. -->","yoast_head_json":{"title":"Es wird ungem\u00fctlich: Berlin-Neuk\u00f6lln streicht Sozialleistungen - just-now.NEWS Deutschland","robots":{"index":"index","follow":"follow","max-snippet":"max-snippet:-1","max-image-preview":"max-image-preview:large","max-video-preview":"max-video-preview:-1"},"canonical":"https:\/\/now-news.de\/de\/deutschland\/es-wird-ungemuetlich-berlin-neukoelln-streicht-sozialleistungen\/","og_locale":"de_DE","og_type":"article","og_title":"Es wird ungem\u00fctlich: Berlin-Neuk\u00f6lln streicht Sozialleistungen","og_description":"Der Berliner Bezirk Neuk\u00f6lln schl\u00e4gt Alarm. Aufgrund zu geringer Zuweisungen durch den Senat m\u00fcsse man sparen \u2013 und das ausgerechnet bei den Bed\u00fcrftigsten. Gespart wird etwa am Wachschutz und der Reinigung an Schulen, an Spielpl\u00e4tzen sowie an der Hilfe f\u00fcr Obdachlose und Drogenabh\u00e4ngige. Der Berliner Bezirk Neuk\u00f6lln hat die Streichung und Reduzierung zahlreicher sozialer Angebote [&hellip;]","og_url":"https:\/\/now-news.de\/de\/deutschland\/es-wird-ungemuetlich-berlin-neukoelln-streicht-sozialleistungen\/","og_site_name":"just-now.NEWS Deutschland","article_publisher":"https:\/\/www.facebook.com\/wirmachenauf","article_published_time":"2023-06-29T11:33:13+00:00","og_image":[{"width":460,"height":259,"url":"https:\/\/now-news.de\/de\/wp-content\/uploads\/sites\/3\/2023\/06\/Es-wird-ungemuetlich-Berlin-Neukoelln-streicht-Sozialleistungen.jpg","type":"image\/jpeg"}],"author":"rtnews","twitter_card":"summary_large_image","twitter_creator":"@WirMachenAuf_de","twitter_site":"@WirMachenAuf_de","twitter_misc":{"Verfasst von":"rtnews","Gesch\u00e4tzte Lesezeit":"2\u00a0Minuten"},"schema":{"@context":"https:\/\/schema.org","@graph":[{"@type":"Article","@id":"https:\/\/now-news.de\/de\/deutschland\/es-wird-ungemuetlich-berlin-neukoelln-streicht-sozialleistungen\/#article","isPartOf":{"@id":"https:\/\/now-news.de\/de\/deutschland\/es-wird-ungemuetlich-berlin-neukoelln-streicht-sozialleistungen\/"},"author":{"name":"rtnews","@id":"https:\/\/now-news.de\/de\/#\/schema\/person\/fb534a4e865501d8b3285208df34a9b5"},"headline":"Es wird ungem\u00fctlich: Berlin-Neuk\u00f6lln streicht Sozialleistungen","datePublished":"2023-06-29T11:33:13+00:00","dateModified":"2023-06-29T11:33:13+00:00","mainEntityOfPage":{"@id":"https:\/\/now-news.de\/de\/deutschland\/es-wird-ungemuetlich-berlin-neukoelln-streicht-sozialleistungen\/"},"wordCount":499,"commentCount":0,"publisher":{"@id":"https:\/\/now-news.de\/de\/#organization"},"image":{"@id":"https:\/\/now-news.de\/de\/deutschland\/es-wird-ungemuetlich-berlin-neukoelln-streicht-sozialleistungen\/#primaryimage"},"thumbnailUrl":"https:\/\/now-news.de\/de\/wp-content\/uploads\/sites\/3\/2023\/06\/Es-wird-ungemuetlich-Berlin-Neukoelln-streicht-Sozialleistungen.jpg","keywords":["BerlinNeuk\u00f6lln","Sozialleistungen","streicht","ungem\u00fctlich","wird"],"articleSection":["Deutschland","Russland"],"inLanguage":"de","potentialAction":[{"@type":"CommentAction","name":"Comment","target":["https:\/\/now-news.de\/de\/deutschland\/es-wird-ungemuetlich-berlin-neukoelln-streicht-sozialleistungen\/#respond"]}]},{"@type":"WebPage","@id":"https:\/\/now-news.de\/de\/deutschland\/es-wird-ungemuetlich-berlin-neukoelln-streicht-sozialleistungen\/","url":"https:\/\/now-news.de\/de\/deutschland\/es-wird-ungemuetlich-berlin-neukoelln-streicht-sozialleistungen\/","name":"Es wird ungem\u00fctlich: Berlin-Neuk\u00f6lln streicht Sozialleistungen - just-now.NEWS Deutschland","isPartOf":{"@id":"https:\/\/now-news.de\/de\/#website"},"primaryImageOfPage":{"@id":"https:\/\/now-news.de\/de\/deutschland\/es-wird-ungemuetlich-berlin-neukoelln-streicht-sozialleistungen\/#primaryimage"},"image":{"@id":"https:\/\/now-news.de\/de\/deutschland\/es-wird-ungemuetlich-berlin-neukoelln-streicht-sozialleistungen\/#primaryimage"},"thumbnailUrl":"https:\/\/now-news.de\/de\/wp-content\/uploads\/sites\/3\/2023\/06\/Es-wird-ungemuetlich-Berlin-Neukoelln-streicht-Sozialleistungen.jpg","datePublished":"2023-06-29T11:33:13+00:00","dateModified":"2023-06-29T11:33:13+00:00","breadcrumb":{"@id":"https:\/\/now-news.de\/de\/deutschland\/es-wird-ungemuetlich-berlin-neukoelln-streicht-sozialleistungen\/#breadcrumb"},"inLanguage":"de","potentialAction":[{"@type":"ReadAction","target":["https:\/\/now-news.de\/de\/deutschland\/es-wird-ungemuetlich-berlin-neukoelln-streicht-sozialleistungen\/"]}]},{"@type":"ImageObject","inLanguage":"de","@id":"https:\/\/now-news.de\/de\/deutschland\/es-wird-ungemuetlich-berlin-neukoelln-streicht-sozialleistungen\/#primaryimage","url":"https:\/\/now-news.de\/de\/wp-content\/uploads\/sites\/3\/2023\/06\/Es-wird-ungemuetlich-Berlin-Neukoelln-streicht-Sozialleistungen.jpg","contentUrl":"https:\/\/now-news.de\/de\/wp-content\/uploads\/sites\/3\/2023\/06\/Es-wird-ungemuetlich-Berlin-Neukoelln-streicht-Sozialleistungen.jpg","width":460,"height":259,"caption":"Es wird ungem\u00fctlich: Berlin-Neuk\u00f6lln streicht Sozialleistungen"},{"@type":"BreadcrumbList","@id":"https:\/\/now-news.de\/de\/deutschland\/es-wird-ungemuetlich-berlin-neukoelln-streicht-sozialleistungen\/#breadcrumb","itemListElement":[{"@type":"ListItem","position":1,"name":"Home","item":"https:\/\/now-news.de\/de\/"},{"@type":"ListItem","position":2,"name":"Es wird ungem\u00fctlich: Berlin-Neuk\u00f6lln streicht Sozialleistungen"}]},{"@type":"WebSite","@id":"https:\/\/now-news.de\/de\/#website","url":"https:\/\/now-news.de\/de\/","name":"just-now.NEWS Deutschland","description":"Das Portal f\u00fcr unzensierte Nachrichten aus der Welt","publisher":{"@id":"https:\/\/now-news.de\/de\/#organization"},"potentialAction":[{"@type":"SearchAction","target":{"@type":"EntryPoint","urlTemplate":"https:\/\/now-news.de\/de\/?s={search_term_string}"},"query-input":"required name=search_term_string"}],"inLanguage":"de"},{"@type":"Organization","@id":"https:\/\/now-news.de\/de\/#organization","name":"Just Now News","url":"https:\/\/now-news.de\/de\/","logo":{"@type":"ImageObject","inLanguage":"de","@id":"https:\/\/now-news.de\/de\/#\/schema\/logo\/image\/","url":"http:\/\/just-now.news\/de\/wp-content\/uploads\/sites\/3\/2022\/04\/logo500x500.jpg","contentUrl":"http:\/\/just-now.news\/de\/wp-content\/uploads\/sites\/3\/2022\/04\/logo500x500.jpg","width":500,"height":500,"caption":"Just Now News"},"image":{"@id":"https:\/\/now-news.de\/de\/#\/schema\/logo\/image\/"},"sameAs":["https:\/\/www.facebook.com\/wirmachenauf","https:\/\/x.com\/WirMachenAuf_de"]},{"@type":"Person","@id":"https:\/\/now-news.de\/de\/#\/schema\/person\/fb534a4e865501d8b3285208df34a9b5","name":"rtnews","image":{"@type":"ImageObject","inLanguage":"de","@id":"https:\/\/now-news.de\/de\/#\/schema\/person\/image\/","url":"https:\/\/secure.gravatar.com\/avatar\/82aafea7d8127119dd649515f56e2117?s=96&d=mm&r=g","contentUrl":"https:\/\/secure.gravatar.com\/avatar\/82aafea7d8127119dd649515f56e2117?s=96&d=mm&r=g","caption":"rtnews"},"url":"https:\/\/now-news.de\/de\/author\/rnews\/"}]}},"_links":{"self":[{"href":"https:\/\/now-news.de\/de\/wp-json\/wp\/v2\/posts\/39127"}],"collection":[{"href":"https:\/\/now-news.de\/de\/wp-json\/wp\/v2\/posts"}],"about":[{"href":"https:\/\/now-news.de\/de\/wp-json\/wp\/v2\/types\/post"}],"author":[{"embeddable":true,"href":"https:\/\/now-news.de\/de\/wp-json\/wp\/v2\/users\/3"}],"replies":[{"embeddable":true,"href":"https:\/\/now-news.de\/de\/wp-json\/wp\/v2\/comments?post=39127"}],"version-history":[{"count":0,"href":"https:\/\/now-news.de\/de\/wp-json\/wp\/v2\/posts\/39127\/revisions"}],"wp:featuredmedia":[{"embeddable":true,"href":"https:\/\/now-news.de\/de\/wp-json\/wp\/v2\/media\/39128"}],"wp:attachment":[{"href":"https:\/\/now-news.de\/de\/wp-json\/wp\/v2\/media?parent=39127"}],"wp:term":[{"taxonomy":"category","embeddable":true,"href":"https:\/\/now-news.de\/de\/wp-json\/wp\/v2\/categories?post=39127"},{"taxonomy":"post_tag","embeddable":true,"href":"https:\/\/now-news.de\/de\/wp-json\/wp\/v2\/tags?post=39127"}],"curies":[{"name":"wp","href":"https:\/\/api.w.org\/{rel}","templated":true}]}}