{"id":39121,"date":"2023-06-29T12:23:40","date_gmt":"2023-06-29T10:23:40","guid":{"rendered":"https:\/\/just-now.news\/de\/deutschland\/krankenhaeuser-sind-keine-fabriken-%e2%80%92-protest-gegen-klinikschliessungen-und-gesundheitsreform\/"},"modified":"2023-06-29T12:23:40","modified_gmt":"2023-06-29T10:23:40","slug":"krankenhaeuser-sind-keine-fabriken-%e2%80%92-protest-gegen-klinikschliessungen-und-gesundheitsreform","status":"publish","type":"post","link":"https:\/\/now-news.de\/de\/deutschland\/krankenhaeuser-sind-keine-fabriken-%e2%80%92-protest-gegen-klinikschliessungen-und-gesundheitsreform\/","title":{"rendered":"&quot;Krankenh\u00e4user sind keine Fabriken&quot; \u2012 Protest gegen Klinikschlie\u00dfungen und Gesundheitsreform"},"content":{"rendered":"<div class=\"Text-root Text-type_1 \">\n                Eine Protestaktion gegen die Schlie\u00dfung zweier K\u00f6lner Kliniken richtete sich auch gegen die geplante Gesundheitsreform von Karl Lauterbach. Der Minister w\u00fcrde sich schon seit Jahren mehr f\u00fcr Profite als f\u00fcr die Gesundheit interessieren, so die Kritik der Aktivisten von Ver.di und NRW-B\u00fcrgerinitiativen. Bei der Gesundheitsministerkonferenz am 5. Juli \u00fcberreiche man Lauterbach deshalb eine &#8220;Goldene Abrissbirne&#8221;.\n            <\/div>\n<p><\/p>\n<div class=\"Text-root Text-type_5 ArticleView-text ViewText-root \">\n<p><em>Von Felicitas Rabe<\/em><\/p>\n<p>Vor der K\u00f6lner &#8220;Kinderklinik Amsterdamer Stra\u00dfe&#8221; protestierten am Samstag rund 100 Menschen gegen den <a rel=\"nofollow noopener\" target=\"_blank\" href=\"https:\/\/www.express.de\/koeln\/grosses-koelner-krankenhaus-wird-dicht-gemacht-so-geht-es-weiter-1-592681\">K\u00f6lner Ratsbeschluss<\/a>, das Kinderkrankenhaus und das Krankenhaus Holweide zu schlie\u00dfen. Die Demonstranten stehen nicht allein da. Innerhalb weniger Tage unterschrieben 43.000 B\u00fcrger die bei Campact <a rel=\"nofollow noopener\" target=\"_blank\" href=\"https:\/\/weact.campact.de\/petitions\/keine-schliessung-des-kinderkrankenhauses-amsterdamer-strasse-und-des-krankenhauses-holweide-1\">eingestellte Petition<\/a> &#8220;Keine Schlie\u00dfung des Kinderkrankenhauses Amsterdamer Stra\u00dfe und des Krankenhauses Holweide!&#8221; Darin hei\u00dft es:<\/p>\n<blockquote>\n<p><em>&#8220;Seit \u00fcber 60 Jahren bietet das Kinderkrankenhaus Amsterdamer Stra\u00dfe eine qualifizierte, \u00fcber K\u00f6ln hinaus anerkannte, medizinische Grund- und Spitzenversorgung unserer Kinder und Jugendlichen. [\u2026] Es ist zu bef\u00fcrchten, dass dieser hohe Standard einer Schlie\u00dfung als erstes zum Opfer f\u00e4llt.&#8221;<\/em><\/p>\n<\/blockquote>\n<p>Auf der Kundgebung erkl\u00e4rten Aktivisten am Rednermikrofon, sie h\u00e4tten sich f\u00fcr den Erhalt der K\u00f6lner Krankenh\u00e4user bereits an den Gesundheitsminister gewandt: &#8220;Er k\u00f6nne nichts mehr machen, er sei doch blo\u00df Minister&#8221;, habe Lauterbach geantwortet. W\u00e4hrend die K\u00f6lner Oberb\u00fcrgermeisterin Henriette Reker diesbez\u00fcglich mitgeteilt habe, dass sie nur die Reformpl\u00e4ne des Gesundheitsministers umsetze.<\/p>\n<p>An den Protestaktionen gegen die Klinikschlie\u00dfungen beteiligten sich auch Vertreter vom B\u00fcndnis <a rel=\"nofollow noopener\" target=\"_blank\" href=\"https:\/\/twitter.com\/psigesundheit?lang=de\">&#8220;Profite schaden Ihrer Gesundheit&#8221;<\/a> und vom B\u00fcndnis &#8220;<a rel=\"nofollow noopener\" target=\"_blank\" href=\"https:\/\/gesunde-krankenhaeuser-nrw.de\/buendnis-fuer-ein-gemeinwohlorientiertes-gesundheitswesen\/\">Gemeinwohlorientiertes Gesundheitswesen NRW<\/a>&#8220;. Deren Sprecherin, die \u00c4rztin Susanne Quast, die auch Mitglied in der <a rel=\"nofollow noopener\" target=\"_blank\" href=\"https:\/\/gesundheit-soziales-bildung.verdi.de\/ueber-uns\/gremien\/fachkommission-krankenhaeuser\">Ver.di-Fachkommission Krankenh\u00e4user<\/a> ist, kritisierte die geplante &#8220;Gesundheitsreform&#8221; des Bundesministers Karl Lauterbach ganz grunds\u00e4tzlich. Lauterbach w\u00fcrde es schon seit Jahren nur um die Profitmaximierung der Gesundheitsindustrie gehen:<\/p>\n<blockquote>\n<p><em>&#8220;Seine Reform ist nur der n\u00e4chste Schritt in der \u00d6konomisierung des Gesundheitssystems.&#8221;<\/em><\/p>\n<\/blockquote>\n<p>Sie warnte die Menschen vor der Reform, die im Juli auf der Gesundheitsministerkonferenz beschlossen werden soll. Eine fl\u00e4chendeckende Gesundheitsversorgung sei bereits heute nicht mehr gesichert. Gleichzeitig steige die Zahl hilfsbed\u00fcrftiger kranker Menschen. Deshalb k\u00e4mpfe das NRW-B\u00fcndnis f\u00fcr ein solidarisches Gesundheitssystem ohne Fallpauschalen und f\u00fcr eine Gesundheitsversorgung ohne wirtschaftliche Interessen. Denn, so die \u00c4rztin: &#8220;Krankenh\u00e4user sind keine Fabriken&#8221; und &#8220;Gesundheitsversorgung ist keine Gelddruckmaschine&#8221;.<\/p>\n<figure class=\"RTImage-root\">\n<div class=\"RTImage-image RTImage-original\"><picture class=\"Picture-root Picture-original\"><!--[if IE 9]><video style=\"display: none;\"><![endif]--><source media=\"(-webkit-min-device-pixel-ratio: 2) and (min-resolution: 120dpi)\" data-srcset=\" \nhttp:\/\/just-now.news\/de\/wp-content\/uploads\/sites\/3\/2023\/06\/649c483048fbef438430c066.jpg 850w,\n                http:\/\/just-now.news\/de\/wp-content\/uploads\/sites\/3\/2023\/06\/649c483048fbef438430c066.jpg 1960w,\n            \" ><source data-srcset=\" \nhttp:\/\/just-now.news\/de\/wp-content\/uploads\/sites\/3\/2023\/06\/649c483048fbef438430c066.jpg 460w,\n              http:\/\/just-now.news\/de\/wp-content\/uploads\/sites\/3\/2023\/06\/649c483048fbef438430c066.jpg 980w,\n            \" ><!--[if IE 9]><\/video><![endif]--><img decoding=\"async\" data- src=\"data:image\/png;base64,iVBORw0KGgoAAAANSUhEUgAAABAAAAAJCAQAAACRI2S5AAAAEElEQVR42mNkIAAYRxWAAQAG9gAKqv6+AwAAAABJRU5ErkJggg==\" class=\"Picture-root Picture-original lazyload\" data-src=\"http:\/\/just-now.news\/de\/wp-content\/uploads\/sites\/3\/2023\/06\/649c483048fbef438430c066.jpg\" alt=\"\"><\/source><\/source><\/picture><!-- noscript pattern --><noscript><img decoding=\"async\" src=\"http:\/\/just-now.news\/de\/wp-content\/uploads\/sites\/3\/2023\/06\/649c483048fbef438430c066.jpg\" alt=\"\"><\/noscript><\/div><figcaption class=\"RTImage-footer\"><span class=\"RTImage-caption\"><span class=\"RTImage-captionItem\">Foto vom Infoflyer der &#8220;Volksinitiative Gesunde Krankenh\u00e4user in NRW \u2012 f\u00fcr ALLE!&#8221;, 28.06.2023.<\/span><\/span><span class=\"RTImage-source\"><span class=\"RTImage-captionItem\">Foto: Felicitas Rabe, Flyer: B\u00fcndnis f\u00fcr ein gemeinwohlorientiertes Gesundheitswesen in NRW<\/span><\/span><\/figcaption><\/figure>\n<p>In einer Analyse bewertet die <a rel=\"nofollow noopener\" target=\"_blank\" href=\"https:\/\/www.krankenhaus-statt-fabrik.de\/101\">Initiative<\/a> &#8220;Krankenhaus statt Fabrik \u2013 bedarfsgerecht und gemeinwohlorientiert&#8221; die Reformvorschl\u00e4ge der Regierungskommission. Darin kommt sie zu dem Schluss:<\/p>\n<blockquote>\n<p><em>&#8220;Die gro\u00df angek\u00fcndigte Finanzierungsreform ist letztendlich ein Etikettenschwindel [\u2026] Daseinsvorsorge braucht Sachsteuerung, keine finanzielle Steuerung [&#8230;]&#8221;<\/em><\/p>\n<\/blockquote>\n<p>Von der linken Ratsfraktion in K\u00f6ln sprach Uschi R\u00f6hrig auf der Protestaktion vor der Kinderklinik. Die gro\u00dfe Petitionsbeteiligung zeuge davon, dass<\/p>\n<blockquote>\n<p><em>&#8220;die K\u00f6lner wollen, dass dieser Ratsbeschluss zur\u00fcckgenommen wird. Die Kliniken geh\u00f6ren den B\u00fcrgern und nicht der Stadt K\u00f6ln.&#8221;<\/em><\/p>\n<\/blockquote>\n<p>Auf der Kundgebung in K\u00f6ln wurde daf\u00fcr mobilisiert, sich an den bundesweiten Protesten gegen die Gesundheitsreform zu beteiligen. Die Reform soll bei der <a rel=\"nofollow noopener\" target=\"_blank\" href=\"https:\/\/gesundheit-soziales-bildung.verdi.de\/gmk2023\">Gesundheitsministerkonferenz<\/a> am 5. und 6. Juli in Friedrichshafen beschlossen werden. Um das zu verhindern, organisiert die Gewerkschaft Ver.di am 5. Juli in Friedrichshafen eine bundesweite Protestaktion. Dabei wolle man dem Gesundheitsminister eine &#8220;Goldene Abrissbirne&#8221; \u00fcberreichen. Im Aufruf schreibt Sylvia B\u00fchler vom Ver.di-Bundesvorstand:<\/p>\n<blockquote>\n<p><em>&#8220;Es gilt, Jahrzehnte neoliberaler Politik der Kommerzialisierung, Deregulierung und Privatisierung zu \u00fcberwinden. Das Gemeinwohl muss wieder im Zentrum stehen, ganz besonders in den Bereichen der Daseinsvorsorge.&#8221;<\/em><\/p>\n<\/blockquote>\n<p>Weitere Informationen zur Protestaktion bei der Gesundheitsministerkonferenz und zu den Busabfahrtsstationen gibt es auf der <a rel=\"nofollow noopener\" target=\"_blank\" href=\"https:\/\/gesundheit-soziales-bildung.verdi.de\/gmk2023\">Ver.di-Webseite<\/a>.<\/p>\n<p><strong>Mehr zum Thema<\/strong> &#8211; <a rel=\"nofollow noopener\" target=\"_blank\" href=\"https:\/\/pressefreiheit.rtde.life\/meinung\/173336-schande-und-hassrede-das-totalitarismus-kurzzeitgedaechtnis-des-karl-lauterbach\/\">&#8220;Eine Schande, diese Hassrede zu h\u00f6ren&#8221; \u2013 Das Totalitarismus-Kurzzeitged\u00e4chtnis des Karl Lauterbach<\/a><\/p>\n<\/div>\n<p><script async src=\"https:\/\/platform.twitter.com\/widgets.js\" charset=\"utf-8\"><\/script><br \/>\n<br \/><br \/>\n<br \/><a href=\"https:\/\/de.rt.com\/inland\/173876-krankenhaeuser-sind-keine-fabriken-protest\/\">Source link <\/a><\/p>\n","protected":false},"excerpt":{"rendered":"<p>Eine Protestaktion gegen die Schlie\u00dfung zweier K\u00f6lner Kliniken richtete sich auch gegen die geplante Gesundheitsreform von Karl Lauterbach. Der Minister w\u00fcrde sich schon seit Jahren mehr f\u00fcr Profite als f\u00fcr die Gesundheit interessieren, so die Kritik der Aktivisten von Ver.di und NRW-B\u00fcrgerinitiativen. Bei der Gesundheitsministerkonferenz am 5. Juli \u00fcberreiche man Lauterbach deshalb eine &#8220;Goldene Abrissbirne&#8221;. [&hellip;]<\/p>\n","protected":false},"author":3,"featured_media":39122,"comment_status":"open","ping_status":"open","sticky":false,"template":"","format":"standard","meta":{"_yoast_indexnow_last_ping":["1688034954"],"wp_automatic_camp":["217"],"ee6324bf05ffa465396d2233760e005f":["&quot;Krankenh\u00e4user sind keine Fabriken&quot; \u2012 Protest gegen Klinikschlie\u00dfungen und Gesundheitsreform"],"original_link":["https:\/\/de.rt.com\/inland\/173876-krankenhaeuser-sind-keine-fabriken-protest\/"],"_thumbnail_id":["39122"],"_wptgpro_p2tg_sent2tg":["a:1:{i:23737;s:19:\"2023-06-29 12:37:06\";}"],"jnews_social_counter_last_update":["1777176110"]},"categories":[19,23],"tags":[46177,278,46178,375,34500,3823,46176,1046,140],"yoast_head":"<!-- This site is optimized with the Yoast SEO Premium plugin v22.7 (Yoast SEO v22.7) - https:\/\/yoast.com\/wordpress\/plugins\/seo\/ -->\n<title>&quot;Krankenh\u00e4user sind keine Fabriken&quot; \u2012 Protest gegen Klinikschlie\u00dfungen und Gesundheitsreform - just-now.NEWS Deutschland<\/title>\n<meta name=\"robots\" content=\"index, follow, max-snippet:-1, max-image-preview:large, max-video-preview:-1\" \/>\n<link rel=\"canonical\" href=\"https:\/\/now-news.de\/de\/deutschland\/krankenhaeuser-sind-keine-fabriken-\u2012-protest-gegen-klinikschliessungen-und-gesundheitsreform\/\" \/>\n<meta property=\"og:locale\" content=\"de_DE\" \/>\n<meta property=\"og:type\" content=\"article\" \/>\n<meta property=\"og:title\" content=\"&quot;Krankenh\u00e4user sind keine Fabriken&quot; \u2012 Protest gegen Klinikschlie\u00dfungen und Gesundheitsreform\" \/>\n<meta property=\"og:description\" content=\"Eine Protestaktion gegen die Schlie\u00dfung zweier K\u00f6lner Kliniken richtete sich auch gegen die geplante Gesundheitsreform von Karl Lauterbach. Der Minister w\u00fcrde sich schon seit Jahren mehr f\u00fcr Profite als f\u00fcr die Gesundheit interessieren, so die Kritik der Aktivisten von Ver.di und NRW-B\u00fcrgerinitiativen. Bei der Gesundheitsministerkonferenz am 5. Juli \u00fcberreiche man Lauterbach deshalb eine &#8220;Goldene Abrissbirne&#8221;. [&hellip;]\" \/>\n<meta property=\"og:url\" content=\"https:\/\/now-news.de\/de\/deutschland\/krankenhaeuser-sind-keine-fabriken-\u2012-protest-gegen-klinikschliessungen-und-gesundheitsreform\/\" \/>\n<meta property=\"og:site_name\" content=\"just-now.NEWS Deutschland\" \/>\n<meta property=\"article:publisher\" content=\"https:\/\/www.facebook.com\/wirmachenauf\" \/>\n<meta property=\"article:published_time\" content=\"2023-06-29T10:23:40+00:00\" \/>\n<meta property=\"og:image\" content=\"https:\/\/now-news.de\/de\/wp-content\/uploads\/sites\/3\/2023\/06\/quotKrankenhaeuser-sind-keine-Fabrikenquot-\u2012-Protest-gegen-Klinikschliessungen-und-Gesundheitsreform.jpg\" \/>\n\t<meta property=\"og:image:width\" content=\"1280\" \/>\n\t<meta property=\"og:image:height\" content=\"960\" \/>\n\t<meta property=\"og:image:type\" content=\"image\/jpeg\" \/>\n<meta name=\"author\" content=\"rtnews\" \/>\n<meta name=\"twitter:card\" content=\"summary_large_image\" \/>\n<meta name=\"twitter:creator\" content=\"@WirMachenAuf_de\" \/>\n<meta name=\"twitter:site\" content=\"@WirMachenAuf_de\" \/>\n<meta name=\"twitter:label1\" content=\"Verfasst von\" \/>\n\t<meta name=\"twitter:data1\" content=\"rtnews\" \/>\n\t<meta name=\"twitter:label2\" content=\"Gesch\u00e4tzte Lesezeit\" \/>\n\t<meta name=\"twitter:data2\" content=\"3\u00a0Minuten\" \/>\n<script type=\"application\/ld+json\" class=\"yoast-schema-graph\">{\"@context\":\"https:\/\/schema.org\",\"@graph\":[{\"@type\":\"Article\",\"@id\":\"https:\/\/now-news.de\/de\/deutschland\/krankenhaeuser-sind-keine-fabriken-%e2%80%92-protest-gegen-klinikschliessungen-und-gesundheitsreform\/#article\",\"isPartOf\":{\"@id\":\"https:\/\/now-news.de\/de\/deutschland\/krankenhaeuser-sind-keine-fabriken-%e2%80%92-protest-gegen-klinikschliessungen-und-gesundheitsreform\/\"},\"author\":{\"name\":\"rtnews\",\"@id\":\"https:\/\/now-news.de\/de\/#\/schema\/person\/fb534a4e865501d8b3285208df34a9b5\"},\"headline\":\"&quot;Krankenh\u00e4user sind keine Fabriken&quot; \u2012 Protest gegen Klinikschlie\u00dfungen und Gesundheitsreform\",\"datePublished\":\"2023-06-29T10:23:40+00:00\",\"dateModified\":\"2023-06-29T10:23:40+00:00\",\"mainEntityOfPage\":{\"@id\":\"https:\/\/now-news.de\/de\/deutschland\/krankenhaeuser-sind-keine-fabriken-%e2%80%92-protest-gegen-klinikschliessungen-und-gesundheitsreform\/\"},\"wordCount\":630,\"commentCount\":0,\"publisher\":{\"@id\":\"https:\/\/now-news.de\/de\/#organization\"},\"image\":{\"@id\":\"https:\/\/now-news.de\/de\/deutschland\/krankenhaeuser-sind-keine-fabriken-%e2%80%92-protest-gegen-klinikschliessungen-und-gesundheitsreform\/#primaryimage\"},\"thumbnailUrl\":\"https:\/\/now-news.de\/de\/wp-content\/uploads\/sites\/3\/2023\/06\/quotKrankenhaeuser-sind-keine-Fabrikenquot-\u2012-Protest-gegen-Klinikschliessungen-und-Gesundheitsreform.jpg\",\"keywords\":[\"Fabrikenquot\",\"gegen\",\"Gesundheitsreform\",\"keine\",\"KlinikSchlie\u00dfungen\",\"Protest\",\"quotKrankenh\u00e4user\",\"sind\",\"und\"],\"articleSection\":[\"Deutschland\",\"Russland\"],\"inLanguage\":\"de\",\"potentialAction\":[{\"@type\":\"CommentAction\",\"name\":\"Comment\",\"target\":[\"https:\/\/now-news.de\/de\/deutschland\/krankenhaeuser-sind-keine-fabriken-%e2%80%92-protest-gegen-klinikschliessungen-und-gesundheitsreform\/#respond\"]}]},{\"@type\":\"WebPage\",\"@id\":\"https:\/\/now-news.de\/de\/deutschland\/krankenhaeuser-sind-keine-fabriken-%e2%80%92-protest-gegen-klinikschliessungen-und-gesundheitsreform\/\",\"url\":\"https:\/\/now-news.de\/de\/deutschland\/krankenhaeuser-sind-keine-fabriken-%e2%80%92-protest-gegen-klinikschliessungen-und-gesundheitsreform\/\",\"name\":\"&quot;Krankenh\u00e4user sind keine Fabriken&quot; \u2012 Protest gegen Klinikschlie\u00dfungen und Gesundheitsreform - just-now.NEWS Deutschland\",\"isPartOf\":{\"@id\":\"https:\/\/now-news.de\/de\/#website\"},\"primaryImageOfPage\":{\"@id\":\"https:\/\/now-news.de\/de\/deutschland\/krankenhaeuser-sind-keine-fabriken-%e2%80%92-protest-gegen-klinikschliessungen-und-gesundheitsreform\/#primaryimage\"},\"image\":{\"@id\":\"https:\/\/now-news.de\/de\/deutschland\/krankenhaeuser-sind-keine-fabriken-%e2%80%92-protest-gegen-klinikschliessungen-und-gesundheitsreform\/#primaryimage\"},\"thumbnailUrl\":\"https:\/\/now-news.de\/de\/wp-content\/uploads\/sites\/3\/2023\/06\/quotKrankenhaeuser-sind-keine-Fabrikenquot-\u2012-Protest-gegen-Klinikschliessungen-und-Gesundheitsreform.jpg\",\"datePublished\":\"2023-06-29T10:23:40+00:00\",\"dateModified\":\"2023-06-29T10:23:40+00:00\",\"breadcrumb\":{\"@id\":\"https:\/\/now-news.de\/de\/deutschland\/krankenhaeuser-sind-keine-fabriken-%e2%80%92-protest-gegen-klinikschliessungen-und-gesundheitsreform\/#breadcrumb\"},\"inLanguage\":\"de\",\"potentialAction\":[{\"@type\":\"ReadAction\",\"target\":[\"https:\/\/now-news.de\/de\/deutschland\/krankenhaeuser-sind-keine-fabriken-%e2%80%92-protest-gegen-klinikschliessungen-und-gesundheitsreform\/\"]}]},{\"@type\":\"ImageObject\",\"inLanguage\":\"de\",\"@id\":\"https:\/\/now-news.de\/de\/deutschland\/krankenhaeuser-sind-keine-fabriken-%e2%80%92-protest-gegen-klinikschliessungen-und-gesundheitsreform\/#primaryimage\",\"url\":\"https:\/\/now-news.de\/de\/wp-content\/uploads\/sites\/3\/2023\/06\/quotKrankenhaeuser-sind-keine-Fabrikenquot-\u2012-Protest-gegen-Klinikschliessungen-und-Gesundheitsreform.jpg\",\"contentUrl\":\"https:\/\/now-news.de\/de\/wp-content\/uploads\/sites\/3\/2023\/06\/quotKrankenhaeuser-sind-keine-Fabrikenquot-\u2012-Protest-gegen-Klinikschliessungen-und-Gesundheitsreform.jpg\",\"width\":1280,\"height\":960,\"caption\":\"&quot;Krankenh\u00e4user sind keine Fabriken&quot; \u2012 Protest gegen Klinikschlie\u00dfungen und Gesundheitsreform\"},{\"@type\":\"BreadcrumbList\",\"@id\":\"https:\/\/now-news.de\/de\/deutschland\/krankenhaeuser-sind-keine-fabriken-%e2%80%92-protest-gegen-klinikschliessungen-und-gesundheitsreform\/#breadcrumb\",\"itemListElement\":[{\"@type\":\"ListItem\",\"position\":1,\"name\":\"Home\",\"item\":\"https:\/\/now-news.de\/de\/\"},{\"@type\":\"ListItem\",\"position\":2,\"name\":\"&quot;Krankenh\u00e4user sind keine Fabriken&quot; \u2012 Protest gegen Klinikschlie\u00dfungen und Gesundheitsreform\"}]},{\"@type\":\"WebSite\",\"@id\":\"https:\/\/now-news.de\/de\/#website\",\"url\":\"https:\/\/now-news.de\/de\/\",\"name\":\"just-now.NEWS Deutschland\",\"description\":\"Das Portal f\u00fcr unzensierte Nachrichten aus der Welt\",\"publisher\":{\"@id\":\"https:\/\/now-news.de\/de\/#organization\"},\"potentialAction\":[{\"@type\":\"SearchAction\",\"target\":{\"@type\":\"EntryPoint\",\"urlTemplate\":\"https:\/\/now-news.de\/de\/?s={search_term_string}\"},\"query-input\":\"required name=search_term_string\"}],\"inLanguage\":\"de\"},{\"@type\":\"Organization\",\"@id\":\"https:\/\/now-news.de\/de\/#organization\",\"name\":\"Just Now News\",\"url\":\"https:\/\/now-news.de\/de\/\",\"logo\":{\"@type\":\"ImageObject\",\"inLanguage\":\"de\",\"@id\":\"https:\/\/now-news.de\/de\/#\/schema\/logo\/image\/\",\"url\":\"http:\/\/just-now.news\/de\/wp-content\/uploads\/sites\/3\/2022\/04\/logo500x500.jpg\",\"contentUrl\":\"http:\/\/just-now.news\/de\/wp-content\/uploads\/sites\/3\/2022\/04\/logo500x500.jpg\",\"width\":500,\"height\":500,\"caption\":\"Just Now News\"},\"image\":{\"@id\":\"https:\/\/now-news.de\/de\/#\/schema\/logo\/image\/\"},\"sameAs\":[\"https:\/\/www.facebook.com\/wirmachenauf\",\"https:\/\/x.com\/WirMachenAuf_de\"]},{\"@type\":\"Person\",\"@id\":\"https:\/\/now-news.de\/de\/#\/schema\/person\/fb534a4e865501d8b3285208df34a9b5\",\"name\":\"rtnews\",\"image\":{\"@type\":\"ImageObject\",\"inLanguage\":\"de\",\"@id\":\"https:\/\/now-news.de\/de\/#\/schema\/person\/image\/\",\"url\":\"https:\/\/secure.gravatar.com\/avatar\/82aafea7d8127119dd649515f56e2117?s=96&d=mm&r=g\",\"contentUrl\":\"https:\/\/secure.gravatar.com\/avatar\/82aafea7d8127119dd649515f56e2117?s=96&d=mm&r=g\",\"caption\":\"rtnews\"},\"url\":\"https:\/\/now-news.de\/de\/author\/rnews\/\"}]}<\/script>\n<!-- \/ Yoast SEO Premium plugin. -->","yoast_head_json":{"title":"&quot;Krankenh\u00e4user sind keine Fabriken&quot; \u2012 Protest gegen Klinikschlie\u00dfungen und Gesundheitsreform - just-now.NEWS Deutschland","robots":{"index":"index","follow":"follow","max-snippet":"max-snippet:-1","max-image-preview":"max-image-preview:large","max-video-preview":"max-video-preview:-1"},"canonical":"https:\/\/now-news.de\/de\/deutschland\/krankenhaeuser-sind-keine-fabriken-\u2012-protest-gegen-klinikschliessungen-und-gesundheitsreform\/","og_locale":"de_DE","og_type":"article","og_title":"&quot;Krankenh\u00e4user sind keine Fabriken&quot; \u2012 Protest gegen Klinikschlie\u00dfungen und Gesundheitsreform","og_description":"Eine Protestaktion gegen die Schlie\u00dfung zweier K\u00f6lner Kliniken richtete sich auch gegen die geplante Gesundheitsreform von Karl Lauterbach. Der Minister w\u00fcrde sich schon seit Jahren mehr f\u00fcr Profite als f\u00fcr die Gesundheit interessieren, so die Kritik der Aktivisten von Ver.di und NRW-B\u00fcrgerinitiativen. Bei der Gesundheitsministerkonferenz am 5. Juli \u00fcberreiche man Lauterbach deshalb eine &#8220;Goldene Abrissbirne&#8221;. [&hellip;]","og_url":"https:\/\/now-news.de\/de\/deutschland\/krankenhaeuser-sind-keine-fabriken-\u2012-protest-gegen-klinikschliessungen-und-gesundheitsreform\/","og_site_name":"just-now.NEWS Deutschland","article_publisher":"https:\/\/www.facebook.com\/wirmachenauf","article_published_time":"2023-06-29T10:23:40+00:00","og_image":[{"width":1280,"height":960,"url":"https:\/\/now-news.de\/de\/wp-content\/uploads\/sites\/3\/2023\/06\/quotKrankenhaeuser-sind-keine-Fabrikenquot-\u2012-Protest-gegen-Klinikschliessungen-und-Gesundheitsreform.jpg","type":"image\/jpeg"}],"author":"rtnews","twitter_card":"summary_large_image","twitter_creator":"@WirMachenAuf_de","twitter_site":"@WirMachenAuf_de","twitter_misc":{"Verfasst von":"rtnews","Gesch\u00e4tzte Lesezeit":"3\u00a0Minuten"},"schema":{"@context":"https:\/\/schema.org","@graph":[{"@type":"Article","@id":"https:\/\/now-news.de\/de\/deutschland\/krankenhaeuser-sind-keine-fabriken-%e2%80%92-protest-gegen-klinikschliessungen-und-gesundheitsreform\/#article","isPartOf":{"@id":"https:\/\/now-news.de\/de\/deutschland\/krankenhaeuser-sind-keine-fabriken-%e2%80%92-protest-gegen-klinikschliessungen-und-gesundheitsreform\/"},"author":{"name":"rtnews","@id":"https:\/\/now-news.de\/de\/#\/schema\/person\/fb534a4e865501d8b3285208df34a9b5"},"headline":"&quot;Krankenh\u00e4user sind keine Fabriken&quot; \u2012 Protest gegen Klinikschlie\u00dfungen und Gesundheitsreform","datePublished":"2023-06-29T10:23:40+00:00","dateModified":"2023-06-29T10:23:40+00:00","mainEntityOfPage":{"@id":"https:\/\/now-news.de\/de\/deutschland\/krankenhaeuser-sind-keine-fabriken-%e2%80%92-protest-gegen-klinikschliessungen-und-gesundheitsreform\/"},"wordCount":630,"commentCount":0,"publisher":{"@id":"https:\/\/now-news.de\/de\/#organization"},"image":{"@id":"https:\/\/now-news.de\/de\/deutschland\/krankenhaeuser-sind-keine-fabriken-%e2%80%92-protest-gegen-klinikschliessungen-und-gesundheitsreform\/#primaryimage"},"thumbnailUrl":"https:\/\/now-news.de\/de\/wp-content\/uploads\/sites\/3\/2023\/06\/quotKrankenhaeuser-sind-keine-Fabrikenquot-\u2012-Protest-gegen-Klinikschliessungen-und-Gesundheitsreform.jpg","keywords":["Fabrikenquot","gegen","Gesundheitsreform","keine","KlinikSchlie\u00dfungen","Protest","quotKrankenh\u00e4user","sind","und"],"articleSection":["Deutschland","Russland"],"inLanguage":"de","potentialAction":[{"@type":"CommentAction","name":"Comment","target":["https:\/\/now-news.de\/de\/deutschland\/krankenhaeuser-sind-keine-fabriken-%e2%80%92-protest-gegen-klinikschliessungen-und-gesundheitsreform\/#respond"]}]},{"@type":"WebPage","@id":"https:\/\/now-news.de\/de\/deutschland\/krankenhaeuser-sind-keine-fabriken-%e2%80%92-protest-gegen-klinikschliessungen-und-gesundheitsreform\/","url":"https:\/\/now-news.de\/de\/deutschland\/krankenhaeuser-sind-keine-fabriken-%e2%80%92-protest-gegen-klinikschliessungen-und-gesundheitsreform\/","name":"&quot;Krankenh\u00e4user sind keine Fabriken&quot; \u2012 Protest gegen Klinikschlie\u00dfungen und Gesundheitsreform - just-now.NEWS Deutschland","isPartOf":{"@id":"https:\/\/now-news.de\/de\/#website"},"primaryImageOfPage":{"@id":"https:\/\/now-news.de\/de\/deutschland\/krankenhaeuser-sind-keine-fabriken-%e2%80%92-protest-gegen-klinikschliessungen-und-gesundheitsreform\/#primaryimage"},"image":{"@id":"https:\/\/now-news.de\/de\/deutschland\/krankenhaeuser-sind-keine-fabriken-%e2%80%92-protest-gegen-klinikschliessungen-und-gesundheitsreform\/#primaryimage"},"thumbnailUrl":"https:\/\/now-news.de\/de\/wp-content\/uploads\/sites\/3\/2023\/06\/quotKrankenhaeuser-sind-keine-Fabrikenquot-\u2012-Protest-gegen-Klinikschliessungen-und-Gesundheitsreform.jpg","datePublished":"2023-06-29T10:23:40+00:00","dateModified":"2023-06-29T10:23:40+00:00","breadcrumb":{"@id":"https:\/\/now-news.de\/de\/deutschland\/krankenhaeuser-sind-keine-fabriken-%e2%80%92-protest-gegen-klinikschliessungen-und-gesundheitsreform\/#breadcrumb"},"inLanguage":"de","potentialAction":[{"@type":"ReadAction","target":["https:\/\/now-news.de\/de\/deutschland\/krankenhaeuser-sind-keine-fabriken-%e2%80%92-protest-gegen-klinikschliessungen-und-gesundheitsreform\/"]}]},{"@type":"ImageObject","inLanguage":"de","@id":"https:\/\/now-news.de\/de\/deutschland\/krankenhaeuser-sind-keine-fabriken-%e2%80%92-protest-gegen-klinikschliessungen-und-gesundheitsreform\/#primaryimage","url":"https:\/\/now-news.de\/de\/wp-content\/uploads\/sites\/3\/2023\/06\/quotKrankenhaeuser-sind-keine-Fabrikenquot-\u2012-Protest-gegen-Klinikschliessungen-und-Gesundheitsreform.jpg","contentUrl":"https:\/\/now-news.de\/de\/wp-content\/uploads\/sites\/3\/2023\/06\/quotKrankenhaeuser-sind-keine-Fabrikenquot-\u2012-Protest-gegen-Klinikschliessungen-und-Gesundheitsreform.jpg","width":1280,"height":960,"caption":"&quot;Krankenh\u00e4user sind keine Fabriken&quot; \u2012 Protest gegen Klinikschlie\u00dfungen und Gesundheitsreform"},{"@type":"BreadcrumbList","@id":"https:\/\/now-news.de\/de\/deutschland\/krankenhaeuser-sind-keine-fabriken-%e2%80%92-protest-gegen-klinikschliessungen-und-gesundheitsreform\/#breadcrumb","itemListElement":[{"@type":"ListItem","position":1,"name":"Home","item":"https:\/\/now-news.de\/de\/"},{"@type":"ListItem","position":2,"name":"&quot;Krankenh\u00e4user sind keine Fabriken&quot; \u2012 Protest gegen Klinikschlie\u00dfungen und Gesundheitsreform"}]},{"@type":"WebSite","@id":"https:\/\/now-news.de\/de\/#website","url":"https:\/\/now-news.de\/de\/","name":"just-now.NEWS Deutschland","description":"Das Portal f\u00fcr unzensierte Nachrichten aus der Welt","publisher":{"@id":"https:\/\/now-news.de\/de\/#organization"},"potentialAction":[{"@type":"SearchAction","target":{"@type":"EntryPoint","urlTemplate":"https:\/\/now-news.de\/de\/?s={search_term_string}"},"query-input":"required name=search_term_string"}],"inLanguage":"de"},{"@type":"Organization","@id":"https:\/\/now-news.de\/de\/#organization","name":"Just Now News","url":"https:\/\/now-news.de\/de\/","logo":{"@type":"ImageObject","inLanguage":"de","@id":"https:\/\/now-news.de\/de\/#\/schema\/logo\/image\/","url":"http:\/\/just-now.news\/de\/wp-content\/uploads\/sites\/3\/2022\/04\/logo500x500.jpg","contentUrl":"http:\/\/just-now.news\/de\/wp-content\/uploads\/sites\/3\/2022\/04\/logo500x500.jpg","width":500,"height":500,"caption":"Just Now News"},"image":{"@id":"https:\/\/now-news.de\/de\/#\/schema\/logo\/image\/"},"sameAs":["https:\/\/www.facebook.com\/wirmachenauf","https:\/\/x.com\/WirMachenAuf_de"]},{"@type":"Person","@id":"https:\/\/now-news.de\/de\/#\/schema\/person\/fb534a4e865501d8b3285208df34a9b5","name":"rtnews","image":{"@type":"ImageObject","inLanguage":"de","@id":"https:\/\/now-news.de\/de\/#\/schema\/person\/image\/","url":"https:\/\/secure.gravatar.com\/avatar\/82aafea7d8127119dd649515f56e2117?s=96&d=mm&r=g","contentUrl":"https:\/\/secure.gravatar.com\/avatar\/82aafea7d8127119dd649515f56e2117?s=96&d=mm&r=g","caption":"rtnews"},"url":"https:\/\/now-news.de\/de\/author\/rnews\/"}]}},"_links":{"self":[{"href":"https:\/\/now-news.de\/de\/wp-json\/wp\/v2\/posts\/39121"}],"collection":[{"href":"https:\/\/now-news.de\/de\/wp-json\/wp\/v2\/posts"}],"about":[{"href":"https:\/\/now-news.de\/de\/wp-json\/wp\/v2\/types\/post"}],"author":[{"embeddable":true,"href":"https:\/\/now-news.de\/de\/wp-json\/wp\/v2\/users\/3"}],"replies":[{"embeddable":true,"href":"https:\/\/now-news.de\/de\/wp-json\/wp\/v2\/comments?post=39121"}],"version-history":[{"count":0,"href":"https:\/\/now-news.de\/de\/wp-json\/wp\/v2\/posts\/39121\/revisions"}],"wp:featuredmedia":[{"embeddable":true,"href":"https:\/\/now-news.de\/de\/wp-json\/wp\/v2\/media\/39122"}],"wp:attachment":[{"href":"https:\/\/now-news.de\/de\/wp-json\/wp\/v2\/media?parent=39121"}],"wp:term":[{"taxonomy":"category","embeddable":true,"href":"https:\/\/now-news.de\/de\/wp-json\/wp\/v2\/categories?post=39121"},{"taxonomy":"post_tag","embeddable":true,"href":"https:\/\/now-news.de\/de\/wp-json\/wp\/v2\/tags?post=39121"}],"curies":[{"name":"wp","href":"https:\/\/api.w.org\/{rel}","templated":true}]}}