{"id":39101,"date":"2023-06-29T06:00:00","date_gmt":"2023-06-29T04:00:00","guid":{"rendered":"https:\/\/just-now.news\/de\/deutschland\/argentinien-protest-gegen-festnahme-von-fischern-durch-paraguay\/"},"modified":"2023-06-29T06:00:00","modified_gmt":"2023-06-29T04:00:00","slug":"argentinien-protest-gegen-festnahme-von-fischern-durch-paraguay","status":"publish","type":"post","link":"https:\/\/now-news.de\/de\/deutschland\/argentinien-protest-gegen-festnahme-von-fischern-durch-paraguay\/","title":{"rendered":"Argentinien: Protest gegen Festnahme von Fischern durch Paraguay"},"content":{"rendered":"<p><img decoding=\"async\" src=\"http:\/\/just-now.news\/de\/wp-content\/uploads\/sites\/3\/2023\/06\/649c10e1b480cc04b13f6fd7.jpg\" \/><\/p>\n<div class=\"Text-root Text-type_1 \">\n                Ein Vorfall an der Grenze zwischen Argentinien und Paraguay bringt die L\u00e4nder an den Rand einer diplomatischen Krise. Der Gouverneur der argentinischen Provinz Corrientes wirft der paraguayischen Marine vor, im argentinischen Hoheitsgebiet vier Fischer festgenommen zu haben.\n            <\/div>\n<p><\/p>\n<div class=\"Text-root Text-type_5 ArticleView-text ViewText-root \">\n<p>Zwischen Argentinien und Paraguay droht eine diplomatische Krise. Am Montag hat\u00a0Gustavo Vald\u00e9s, der Gouverneur der argentinischen Provinz Corrientes, einen schweren Vorwurf gegen die paraguayische Marine erhoben: Sie soll im argentinischen Teil des Flusses Paran\u00e1 eine Gruppe argentinischer Fischer festgenommen haben. Bei einem Briefing \u00fcber den Zwischenfall, der sich noch am Sonntag ereignet hatte, forderte Vald\u00e9s das Au\u00dfenministerium in Buenos Aires auf, auf den &#8220;Angriff gegen die Souver\u00e4nit\u00e4t&#8221; zu reagieren.<\/p>\n<blockquote>\n<p><em>&#8220;Dass die paraguayische Marine Schiffe, Lastk\u00e4hne, Barkassen und Boote, die im Paran\u00e1 fahren, auffordert, Dokumente \u00fcber deren Seet\u00fcchtigkeit vorzuweisen, ist ein sehr schwerer Vorfall. Es handelt sich um ein Risiko und einen Angriff auf die Souver\u00e4nit\u00e4t von Argentinien und von Corrientes. Wir k\u00f6nnen nicht zulassen, dass unsere Mitb\u00fcrger in argentinischen Gew\u00e4ssern eingesch\u00fcchtert werden.&#8221;<\/em><\/p>\n<\/blockquote>\n<p>Der Gouverneur belegte seinen Vorwurf mit einem Video. Vald\u00e9s kommentierte den aufgezeichneten Einsatz der paraguayischen Marine und gab bekannt, dass Milit\u00e4rkr\u00e4fte des Nachbarlandes den Fischern ihr Zubeh\u00f6r beschlagnahmt und sie aufgefordert h\u00e4tten, ihre Navigationspapiere vorzuweisen. Hierbei sei den Argentiniern angedroht worden, abgef\u00fchrt zu werden.<\/p>\n<p>Ferner sagte Vald\u00e9s, dass er Pr\u00e4sident Alberto Fern\u00e1ndez, Au\u00dfenminister Santiago Cafiero und Sicherheitsminister An\u00edbal Fern\u00e1ndez \u00fcber den Zwischenfall informiert habe. Sie h\u00e4tten ihm versprochen, Ma\u00dfnahmen zu ergreifen.<\/p>\n<blockquote>\n<p><em>&#8220;Wir fordern, dass diese sich wiederholenden Situationen aufh\u00f6ren und dass wir bei einer friedlichen L\u00f6sung mittels bei bilateralen Treffen erzielter Abkommen vorankommen k\u00f6nnen, damit wir alle den Fluss nutzen und frei zusammenleben und damit die Grenzkonflikte aufh\u00f6ren.&#8221;<\/em><\/p>\n<\/blockquote>\n<p>Der Gouverneur forderte bis dahin eine st\u00e4ndige Pr\u00e4senz von Sicherheitskr\u00e4ften, um argentinischen Besatzungen, darunter von Sportbooten, Schutz zu gew\u00e4hren.<\/p>\n<div class=\"EmbedBlock-root EmbedBlock-twitter\">\n<div class=\"TwitterEmbed\">\n<blockquote class=\"twitter-tweet lazyload\" data-twitter=\"twitter-tweet\">\n<p lang=\"es\" dir=\"ltr\">Ante el incidente de pescadores correntinos con fuerzas armadas de <a rel=\"nofollow noopener\" target=\"_blank\" href=\"https:\/\/twitter.com\/hashtag\/Paraguay?src=hash&amp;ref_src=twsrc%5Etfw\">#Paraguay<\/a> en aguas fronterizas en zona de Punta \u00d1ar\u00f3, frente a <a rel=\"nofollow noopener\" target=\"_blank\" href=\"https:\/\/twitter.com\/hashtag\/Ituzaing%C3%B3?src=hash&amp;ref_src=twsrc%5Etfw\">#Ituzaing\u00f3<\/a>, presentamos formalmente nuestra denuncia ante el Gobierno nacional para que <a rel=\"nofollow noopener\" target=\"_blank\" href=\"https:\/\/twitter.com\/CancilleriaARG?ref_src=twsrc%5Etfw\">@CancilleriaARG<\/a> interceda en pos de garantizar los derechos\u2026 <a rel=\"nofollow noopener\" target=\"_blank\" href=\"https:\/\/t.co\/TSfWufMASF\">pic.twitter.com\/TSfWufMASF<\/a><\/p>\n<p>\u2014 Gustavo Vald\u00e9s (@gustavovaldesok) <a rel=\"nofollow noopener\" target=\"_blank\" href=\"https:\/\/twitter.com\/gustavovaldesok\/status\/1673375735963172866?ref_src=twsrc%5Etfw\">June 26, 2023<\/a><\/p><\/blockquote>\n<\/div>\n<\/div>\n<p>Bislang \u00e4u\u00dferte sich das Au\u00dfenministerium in Buenos Aires nicht zu diesem Vorfall. Auch das paraguayische Au\u00dfenministerium kommentierte die Situation nicht. Das argentinische Sicherheitsministerium verst\u00e4rkte seinerseits die Patrouillen in der fraglichen Paran\u00e1-Zone.<\/p>\n<div class=\"EmbedBlock-root EmbedBlock-twitter\">\n<div class=\"TwitterEmbed\">\n<blockquote class=\"twitter-tweet lazyload\" data-twitter=\"twitter-tweet\">\n<p lang=\"es\" dir=\"ltr\"><a rel=\"nofollow noopener\" target=\"_blank\" href=\"https:\/\/twitter.com\/hashtag\/Ituzaing%C3%B3?src=hash&amp;ref_src=twsrc%5Etfw\">#Ituzaing\u00f3<\/a><a rel=\"nofollow noopener\" target=\"_blank\" href=\"https:\/\/twitter.com\/hashtag\/Punta%C3%91ar%C3%B3?src=hash&amp;ref_src=twsrc%5Etfw\">#Punta\u00d1ar\u00f3<\/a>Incursi\u00f3n de la Marina paraguaya en la Costa argentina.AYER <a rel=\"nofollow noopener\" target=\"_blank\" href=\"https:\/\/t.co\/foRUzkmOAO\">pic.twitter.com\/foRUzkmOAO<\/a><\/p>\n<p>\u2014 Radio Rep\u00fablica (@Republica99) <a rel=\"nofollow noopener\" target=\"_blank\" href=\"https:\/\/twitter.com\/Republica99\/status\/1673434025036333058?ref_src=twsrc%5Etfw\">June 26, 2023<\/a><\/p><\/blockquote>\n<\/div>\n<\/div>\n<p>Der Zwischenfall hatte sich am Sonntag ereignet. Betroffen waren vier M\u00e4nner, die in der Gegend Punta \u00d1aro fischten. Die paraguayischen Sicherheitskr\u00e4fte betraten ihr Boot. Ein Beamter betrat sogar den argentinischen Boden. Den Fischern wurde ihr Zubeh\u00f6r beschlagnahmt. Die Paraguayer drohten den Argentiniern, ihnen auch das Boot zu konfiszieren und sie selbst abzuf\u00fchren.<\/p>\n<p>Am folgenden Tag <a rel=\"nofollow noopener\" target=\"_blank\" href=\"https:\/\/www.infobae.com\/politica\/2023\/06\/28\/posible-conflicto-diplomatico-la-marina-paraguaya-detuvo-a-pescadores-a-orillas-de-una-isla-argentina\/\">meldeten<\/a> die Fischer den Vorfall bei den argentinischen Beh\u00f6rden. Sie behaupteten dabei, dass sie sich im argentinischen Gew\u00e4sser befunden h\u00e4tten, als die paraguayischen Sicherheitskr\u00e4fte begonnen h\u00e4tten, sie zu verfolgen. Daraufhin h\u00e4tten die Fischer am argentinischen Ufer angelegt. Trotzdem h\u00e4tten die Paraguayer ihr Boot betreten.<\/p>\n<p>Wie das Online-Medium <em>Infobae<\/em>\u00a0<a rel=\"nofollow noopener\" target=\"_blank\" href=\"https:\/\/www.infobae.com\/politica\/2023\/06\/28\/posible-conflicto-diplomatico-la-marina-paraguaya-detuvo-a-pescadores-a-orillas-de-una-isla-argentina\/\">schreibt<\/a>, ist der Schiffsverkehr im Paran\u00e1 frei. Die Inseln Apip\u00e9 Grande, Apip\u00e9 Chica und San Mart\u00edn geh\u00f6ren zwar zu Argentinien, das Gew\u00e4sser um sie herum geh\u00f6rt aber zu Paraguay. Die Grenze h\u00e4ngt auch von dem jeweiligen Wasserstand ab. Auf den Inseln Apip\u00e9 leben etwa 2.500 argentinische B\u00fcrger.<\/p>\n<p><strong>Mehr zum Thema<\/strong> &#8211;\u00a0<a rel=\"nofollow noopener\" target=\"_blank\" href=\"https:\/\/freeassange.rtde.life\/amerika\/170372-paraguays-gewaehlter-praesident-will-beziehungen-zu-venezuela-wiederaufnehmen\/\">Paraguays gew\u00e4hlter Pr\u00e4sident will Beziehungen zu Venezuela wiederaufnehmen<\/a><\/p>\n<\/p>\n<\/div>\n<p><script async src=\"https:\/\/platform.twitter.com\/widgets.js\" charset=\"utf-8\"><\/script><br \/>\n<br \/><br \/>\n<br \/><a href=\"https:\/\/de.rt.com\/amerika\/173834-argentinien-protestiert-gegen-festnahme-von-fischern-durch-paraguay\/\">Source link <\/a><\/p>\n","protected":false},"excerpt":{"rendered":"<p>Ein Vorfall an der Grenze zwischen Argentinien und Paraguay bringt die L\u00e4nder an den Rand einer diplomatischen Krise. Der Gouverneur der argentinischen Provinz Corrientes wirft der paraguayischen Marine vor, im argentinischen Hoheitsgebiet vier Fischer festgenommen zu haben. Zwischen Argentinien und Paraguay droht eine diplomatische Krise. Am Montag hat\u00a0Gustavo Vald\u00e9s, der Gouverneur der argentinischen Provinz Corrientes, [&hellip;]<\/p>\n","protected":false},"author":3,"featured_media":39102,"comment_status":"open","ping_status":"open","sticky":false,"template":"","format":"standard","meta":{"_yoast_indexnow_last_ping":["1688011800"],"wp_automatic_camp":["217"],"761dd492289b4c64d942a9b0e5e5f825":["Argentinien: Protest gegen Festnahme von Fischern durch Paraguay"],"original_link":["https:\/\/de.rt.com\/amerika\/173834-argentinien-protestiert-gegen-festnahme-von-fischern-durch-paraguay\/"],"_thumbnail_id":["39102"],"jnews_social_counter_last_update":["1777169694"],"_wptgpro_p2tg_sent2tg":["a:1:{i:23737;s:19:\"2023-06-29 06:11:20\";}"]},"categories":[19,23],"tags":[21891,1024,24473,46168,278,32873,3823,50],"yoast_head":"<!-- This site is optimized with the Yoast SEO Premium plugin v22.7 (Yoast SEO v22.7) - https:\/\/yoast.com\/wordpress\/plugins\/seo\/ -->\n<title>Argentinien: Protest gegen Festnahme von Fischern durch Paraguay - just-now.NEWS Deutschland<\/title>\n<meta name=\"robots\" content=\"index, follow, max-snippet:-1, max-image-preview:large, max-video-preview:-1\" \/>\n<link rel=\"canonical\" href=\"https:\/\/now-news.de\/de\/deutschland\/argentinien-protest-gegen-festnahme-von-fischern-durch-paraguay\/\" \/>\n<meta property=\"og:locale\" content=\"de_DE\" \/>\n<meta property=\"og:type\" content=\"article\" \/>\n<meta property=\"og:title\" content=\"Argentinien: Protest gegen Festnahme von Fischern durch Paraguay\" \/>\n<meta property=\"og:description\" content=\"Ein Vorfall an der Grenze zwischen Argentinien und Paraguay bringt die L\u00e4nder an den Rand einer diplomatischen Krise. Der Gouverneur der argentinischen Provinz Corrientes wirft der paraguayischen Marine vor, im argentinischen Hoheitsgebiet vier Fischer festgenommen zu haben. Zwischen Argentinien und Paraguay droht eine diplomatische Krise. Am Montag hat\u00a0Gustavo Vald\u00e9s, der Gouverneur der argentinischen Provinz Corrientes, [&hellip;]\" \/>\n<meta property=\"og:url\" content=\"https:\/\/now-news.de\/de\/deutschland\/argentinien-protest-gegen-festnahme-von-fischern-durch-paraguay\/\" \/>\n<meta property=\"og:site_name\" content=\"just-now.NEWS Deutschland\" \/>\n<meta property=\"article:publisher\" content=\"https:\/\/www.facebook.com\/wirmachenauf\" \/>\n<meta property=\"article:published_time\" content=\"2023-06-29T04:00:00+00:00\" \/>\n<meta property=\"og:image\" content=\"https:\/\/now-news.de\/de\/wp-content\/uploads\/sites\/3\/2023\/06\/Argentinien-Protest-gegen-Festnahme-von-Fischern-durch-Paraguay.jpg\" \/>\n\t<meta property=\"og:image:width\" content=\"460\" \/>\n\t<meta property=\"og:image:height\" content=\"259\" \/>\n\t<meta property=\"og:image:type\" content=\"image\/jpeg\" \/>\n<meta name=\"author\" content=\"rtnews\" \/>\n<meta name=\"twitter:card\" content=\"summary_large_image\" \/>\n<meta name=\"twitter:creator\" content=\"@WirMachenAuf_de\" \/>\n<meta name=\"twitter:site\" content=\"@WirMachenAuf_de\" \/>\n<meta name=\"twitter:label1\" content=\"Verfasst von\" \/>\n\t<meta name=\"twitter:data1\" content=\"rtnews\" \/>\n\t<meta name=\"twitter:label2\" content=\"Gesch\u00e4tzte Lesezeit\" \/>\n\t<meta name=\"twitter:data2\" content=\"3\u00a0Minuten\" \/>\n<script type=\"application\/ld+json\" class=\"yoast-schema-graph\">{\"@context\":\"https:\/\/schema.org\",\"@graph\":[{\"@type\":\"Article\",\"@id\":\"https:\/\/now-news.de\/de\/deutschland\/argentinien-protest-gegen-festnahme-von-fischern-durch-paraguay\/#article\",\"isPartOf\":{\"@id\":\"https:\/\/now-news.de\/de\/deutschland\/argentinien-protest-gegen-festnahme-von-fischern-durch-paraguay\/\"},\"author\":{\"name\":\"rtnews\",\"@id\":\"https:\/\/now-news.de\/de\/#\/schema\/person\/fb534a4e865501d8b3285208df34a9b5\"},\"headline\":\"Argentinien: Protest gegen Festnahme von Fischern durch Paraguay\",\"datePublished\":\"2023-06-29T04:00:00+00:00\",\"dateModified\":\"2023-06-29T04:00:00+00:00\",\"mainEntityOfPage\":{\"@id\":\"https:\/\/now-news.de\/de\/deutschland\/argentinien-protest-gegen-festnahme-von-fischern-durch-paraguay\/\"},\"wordCount\":622,\"commentCount\":0,\"publisher\":{\"@id\":\"https:\/\/now-news.de\/de\/#organization\"},\"image\":{\"@id\":\"https:\/\/now-news.de\/de\/deutschland\/argentinien-protest-gegen-festnahme-von-fischern-durch-paraguay\/#primaryimage\"},\"thumbnailUrl\":\"https:\/\/now-news.de\/de\/wp-content\/uploads\/sites\/3\/2023\/06\/Argentinien-Protest-gegen-Festnahme-von-Fischern-durch-Paraguay.jpg\",\"keywords\":[\"Argentinien\",\"durch\",\"Festnahme\",\"Fischern\",\"gegen\",\"Paraguay\",\"Protest\",\"von\"],\"articleSection\":[\"Deutschland\",\"Russland\"],\"inLanguage\":\"de\",\"potentialAction\":[{\"@type\":\"CommentAction\",\"name\":\"Comment\",\"target\":[\"https:\/\/now-news.de\/de\/deutschland\/argentinien-protest-gegen-festnahme-von-fischern-durch-paraguay\/#respond\"]}]},{\"@type\":\"WebPage\",\"@id\":\"https:\/\/now-news.de\/de\/deutschland\/argentinien-protest-gegen-festnahme-von-fischern-durch-paraguay\/\",\"url\":\"https:\/\/now-news.de\/de\/deutschland\/argentinien-protest-gegen-festnahme-von-fischern-durch-paraguay\/\",\"name\":\"Argentinien: Protest gegen Festnahme von Fischern durch Paraguay - just-now.NEWS Deutschland\",\"isPartOf\":{\"@id\":\"https:\/\/now-news.de\/de\/#website\"},\"primaryImageOfPage\":{\"@id\":\"https:\/\/now-news.de\/de\/deutschland\/argentinien-protest-gegen-festnahme-von-fischern-durch-paraguay\/#primaryimage\"},\"image\":{\"@id\":\"https:\/\/now-news.de\/de\/deutschland\/argentinien-protest-gegen-festnahme-von-fischern-durch-paraguay\/#primaryimage\"},\"thumbnailUrl\":\"https:\/\/now-news.de\/de\/wp-content\/uploads\/sites\/3\/2023\/06\/Argentinien-Protest-gegen-Festnahme-von-Fischern-durch-Paraguay.jpg\",\"datePublished\":\"2023-06-29T04:00:00+00:00\",\"dateModified\":\"2023-06-29T04:00:00+00:00\",\"breadcrumb\":{\"@id\":\"https:\/\/now-news.de\/de\/deutschland\/argentinien-protest-gegen-festnahme-von-fischern-durch-paraguay\/#breadcrumb\"},\"inLanguage\":\"de\",\"potentialAction\":[{\"@type\":\"ReadAction\",\"target\":[\"https:\/\/now-news.de\/de\/deutschland\/argentinien-protest-gegen-festnahme-von-fischern-durch-paraguay\/\"]}]},{\"@type\":\"ImageObject\",\"inLanguage\":\"de\",\"@id\":\"https:\/\/now-news.de\/de\/deutschland\/argentinien-protest-gegen-festnahme-von-fischern-durch-paraguay\/#primaryimage\",\"url\":\"https:\/\/now-news.de\/de\/wp-content\/uploads\/sites\/3\/2023\/06\/Argentinien-Protest-gegen-Festnahme-von-Fischern-durch-Paraguay.jpg\",\"contentUrl\":\"https:\/\/now-news.de\/de\/wp-content\/uploads\/sites\/3\/2023\/06\/Argentinien-Protest-gegen-Festnahme-von-Fischern-durch-Paraguay.jpg\",\"width\":460,\"height\":259,\"caption\":\"Argentinien: Protest gegen Festnahme von Fischern durch Paraguay\"},{\"@type\":\"BreadcrumbList\",\"@id\":\"https:\/\/now-news.de\/de\/deutschland\/argentinien-protest-gegen-festnahme-von-fischern-durch-paraguay\/#breadcrumb\",\"itemListElement\":[{\"@type\":\"ListItem\",\"position\":1,\"name\":\"Home\",\"item\":\"https:\/\/now-news.de\/de\/\"},{\"@type\":\"ListItem\",\"position\":2,\"name\":\"Argentinien: Protest gegen Festnahme von Fischern durch Paraguay\"}]},{\"@type\":\"WebSite\",\"@id\":\"https:\/\/now-news.de\/de\/#website\",\"url\":\"https:\/\/now-news.de\/de\/\",\"name\":\"just-now.NEWS Deutschland\",\"description\":\"Das Portal f\u00fcr unzensierte Nachrichten aus der Welt\",\"publisher\":{\"@id\":\"https:\/\/now-news.de\/de\/#organization\"},\"potentialAction\":[{\"@type\":\"SearchAction\",\"target\":{\"@type\":\"EntryPoint\",\"urlTemplate\":\"https:\/\/now-news.de\/de\/?s={search_term_string}\"},\"query-input\":\"required name=search_term_string\"}],\"inLanguage\":\"de\"},{\"@type\":\"Organization\",\"@id\":\"https:\/\/now-news.de\/de\/#organization\",\"name\":\"Just Now News\",\"url\":\"https:\/\/now-news.de\/de\/\",\"logo\":{\"@type\":\"ImageObject\",\"inLanguage\":\"de\",\"@id\":\"https:\/\/now-news.de\/de\/#\/schema\/logo\/image\/\",\"url\":\"http:\/\/just-now.news\/de\/wp-content\/uploads\/sites\/3\/2022\/04\/logo500x500.jpg\",\"contentUrl\":\"http:\/\/just-now.news\/de\/wp-content\/uploads\/sites\/3\/2022\/04\/logo500x500.jpg\",\"width\":500,\"height\":500,\"caption\":\"Just Now News\"},\"image\":{\"@id\":\"https:\/\/now-news.de\/de\/#\/schema\/logo\/image\/\"},\"sameAs\":[\"https:\/\/www.facebook.com\/wirmachenauf\",\"https:\/\/x.com\/WirMachenAuf_de\"]},{\"@type\":\"Person\",\"@id\":\"https:\/\/now-news.de\/de\/#\/schema\/person\/fb534a4e865501d8b3285208df34a9b5\",\"name\":\"rtnews\",\"image\":{\"@type\":\"ImageObject\",\"inLanguage\":\"de\",\"@id\":\"https:\/\/now-news.de\/de\/#\/schema\/person\/image\/\",\"url\":\"https:\/\/secure.gravatar.com\/avatar\/82aafea7d8127119dd649515f56e2117?s=96&d=mm&r=g\",\"contentUrl\":\"https:\/\/secure.gravatar.com\/avatar\/82aafea7d8127119dd649515f56e2117?s=96&d=mm&r=g\",\"caption\":\"rtnews\"},\"url\":\"https:\/\/now-news.de\/de\/author\/rnews\/\"}]}<\/script>\n<!-- \/ Yoast SEO Premium plugin. -->","yoast_head_json":{"title":"Argentinien: Protest gegen Festnahme von Fischern durch Paraguay - just-now.NEWS Deutschland","robots":{"index":"index","follow":"follow","max-snippet":"max-snippet:-1","max-image-preview":"max-image-preview:large","max-video-preview":"max-video-preview:-1"},"canonical":"https:\/\/now-news.de\/de\/deutschland\/argentinien-protest-gegen-festnahme-von-fischern-durch-paraguay\/","og_locale":"de_DE","og_type":"article","og_title":"Argentinien: Protest gegen Festnahme von Fischern durch Paraguay","og_description":"Ein Vorfall an der Grenze zwischen Argentinien und Paraguay bringt die L\u00e4nder an den Rand einer diplomatischen Krise. Der Gouverneur der argentinischen Provinz Corrientes wirft der paraguayischen Marine vor, im argentinischen Hoheitsgebiet vier Fischer festgenommen zu haben. Zwischen Argentinien und Paraguay droht eine diplomatische Krise. Am Montag hat\u00a0Gustavo Vald\u00e9s, der Gouverneur der argentinischen Provinz Corrientes, [&hellip;]","og_url":"https:\/\/now-news.de\/de\/deutschland\/argentinien-protest-gegen-festnahme-von-fischern-durch-paraguay\/","og_site_name":"just-now.NEWS Deutschland","article_publisher":"https:\/\/www.facebook.com\/wirmachenauf","article_published_time":"2023-06-29T04:00:00+00:00","og_image":[{"width":460,"height":259,"url":"https:\/\/now-news.de\/de\/wp-content\/uploads\/sites\/3\/2023\/06\/Argentinien-Protest-gegen-Festnahme-von-Fischern-durch-Paraguay.jpg","type":"image\/jpeg"}],"author":"rtnews","twitter_card":"summary_large_image","twitter_creator":"@WirMachenAuf_de","twitter_site":"@WirMachenAuf_de","twitter_misc":{"Verfasst von":"rtnews","Gesch\u00e4tzte Lesezeit":"3\u00a0Minuten"},"schema":{"@context":"https:\/\/schema.org","@graph":[{"@type":"Article","@id":"https:\/\/now-news.de\/de\/deutschland\/argentinien-protest-gegen-festnahme-von-fischern-durch-paraguay\/#article","isPartOf":{"@id":"https:\/\/now-news.de\/de\/deutschland\/argentinien-protest-gegen-festnahme-von-fischern-durch-paraguay\/"},"author":{"name":"rtnews","@id":"https:\/\/now-news.de\/de\/#\/schema\/person\/fb534a4e865501d8b3285208df34a9b5"},"headline":"Argentinien: Protest gegen Festnahme von Fischern durch Paraguay","datePublished":"2023-06-29T04:00:00+00:00","dateModified":"2023-06-29T04:00:00+00:00","mainEntityOfPage":{"@id":"https:\/\/now-news.de\/de\/deutschland\/argentinien-protest-gegen-festnahme-von-fischern-durch-paraguay\/"},"wordCount":622,"commentCount":0,"publisher":{"@id":"https:\/\/now-news.de\/de\/#organization"},"image":{"@id":"https:\/\/now-news.de\/de\/deutschland\/argentinien-protest-gegen-festnahme-von-fischern-durch-paraguay\/#primaryimage"},"thumbnailUrl":"https:\/\/now-news.de\/de\/wp-content\/uploads\/sites\/3\/2023\/06\/Argentinien-Protest-gegen-Festnahme-von-Fischern-durch-Paraguay.jpg","keywords":["Argentinien","durch","Festnahme","Fischern","gegen","Paraguay","Protest","von"],"articleSection":["Deutschland","Russland"],"inLanguage":"de","potentialAction":[{"@type":"CommentAction","name":"Comment","target":["https:\/\/now-news.de\/de\/deutschland\/argentinien-protest-gegen-festnahme-von-fischern-durch-paraguay\/#respond"]}]},{"@type":"WebPage","@id":"https:\/\/now-news.de\/de\/deutschland\/argentinien-protest-gegen-festnahme-von-fischern-durch-paraguay\/","url":"https:\/\/now-news.de\/de\/deutschland\/argentinien-protest-gegen-festnahme-von-fischern-durch-paraguay\/","name":"Argentinien: Protest gegen Festnahme von Fischern durch Paraguay - just-now.NEWS Deutschland","isPartOf":{"@id":"https:\/\/now-news.de\/de\/#website"},"primaryImageOfPage":{"@id":"https:\/\/now-news.de\/de\/deutschland\/argentinien-protest-gegen-festnahme-von-fischern-durch-paraguay\/#primaryimage"},"image":{"@id":"https:\/\/now-news.de\/de\/deutschland\/argentinien-protest-gegen-festnahme-von-fischern-durch-paraguay\/#primaryimage"},"thumbnailUrl":"https:\/\/now-news.de\/de\/wp-content\/uploads\/sites\/3\/2023\/06\/Argentinien-Protest-gegen-Festnahme-von-Fischern-durch-Paraguay.jpg","datePublished":"2023-06-29T04:00:00+00:00","dateModified":"2023-06-29T04:00:00+00:00","breadcrumb":{"@id":"https:\/\/now-news.de\/de\/deutschland\/argentinien-protest-gegen-festnahme-von-fischern-durch-paraguay\/#breadcrumb"},"inLanguage":"de","potentialAction":[{"@type":"ReadAction","target":["https:\/\/now-news.de\/de\/deutschland\/argentinien-protest-gegen-festnahme-von-fischern-durch-paraguay\/"]}]},{"@type":"ImageObject","inLanguage":"de","@id":"https:\/\/now-news.de\/de\/deutschland\/argentinien-protest-gegen-festnahme-von-fischern-durch-paraguay\/#primaryimage","url":"https:\/\/now-news.de\/de\/wp-content\/uploads\/sites\/3\/2023\/06\/Argentinien-Protest-gegen-Festnahme-von-Fischern-durch-Paraguay.jpg","contentUrl":"https:\/\/now-news.de\/de\/wp-content\/uploads\/sites\/3\/2023\/06\/Argentinien-Protest-gegen-Festnahme-von-Fischern-durch-Paraguay.jpg","width":460,"height":259,"caption":"Argentinien: Protest gegen Festnahme von Fischern durch Paraguay"},{"@type":"BreadcrumbList","@id":"https:\/\/now-news.de\/de\/deutschland\/argentinien-protest-gegen-festnahme-von-fischern-durch-paraguay\/#breadcrumb","itemListElement":[{"@type":"ListItem","position":1,"name":"Home","item":"https:\/\/now-news.de\/de\/"},{"@type":"ListItem","position":2,"name":"Argentinien: Protest gegen Festnahme von Fischern durch Paraguay"}]},{"@type":"WebSite","@id":"https:\/\/now-news.de\/de\/#website","url":"https:\/\/now-news.de\/de\/","name":"just-now.NEWS Deutschland","description":"Das Portal f\u00fcr unzensierte Nachrichten aus der Welt","publisher":{"@id":"https:\/\/now-news.de\/de\/#organization"},"potentialAction":[{"@type":"SearchAction","target":{"@type":"EntryPoint","urlTemplate":"https:\/\/now-news.de\/de\/?s={search_term_string}"},"query-input":"required name=search_term_string"}],"inLanguage":"de"},{"@type":"Organization","@id":"https:\/\/now-news.de\/de\/#organization","name":"Just Now News","url":"https:\/\/now-news.de\/de\/","logo":{"@type":"ImageObject","inLanguage":"de","@id":"https:\/\/now-news.de\/de\/#\/schema\/logo\/image\/","url":"http:\/\/just-now.news\/de\/wp-content\/uploads\/sites\/3\/2022\/04\/logo500x500.jpg","contentUrl":"http:\/\/just-now.news\/de\/wp-content\/uploads\/sites\/3\/2022\/04\/logo500x500.jpg","width":500,"height":500,"caption":"Just Now News"},"image":{"@id":"https:\/\/now-news.de\/de\/#\/schema\/logo\/image\/"},"sameAs":["https:\/\/www.facebook.com\/wirmachenauf","https:\/\/x.com\/WirMachenAuf_de"]},{"@type":"Person","@id":"https:\/\/now-news.de\/de\/#\/schema\/person\/fb534a4e865501d8b3285208df34a9b5","name":"rtnews","image":{"@type":"ImageObject","inLanguage":"de","@id":"https:\/\/now-news.de\/de\/#\/schema\/person\/image\/","url":"https:\/\/secure.gravatar.com\/avatar\/82aafea7d8127119dd649515f56e2117?s=96&d=mm&r=g","contentUrl":"https:\/\/secure.gravatar.com\/avatar\/82aafea7d8127119dd649515f56e2117?s=96&d=mm&r=g","caption":"rtnews"},"url":"https:\/\/now-news.de\/de\/author\/rnews\/"}]}},"_links":{"self":[{"href":"https:\/\/now-news.de\/de\/wp-json\/wp\/v2\/posts\/39101"}],"collection":[{"href":"https:\/\/now-news.de\/de\/wp-json\/wp\/v2\/posts"}],"about":[{"href":"https:\/\/now-news.de\/de\/wp-json\/wp\/v2\/types\/post"}],"author":[{"embeddable":true,"href":"https:\/\/now-news.de\/de\/wp-json\/wp\/v2\/users\/3"}],"replies":[{"embeddable":true,"href":"https:\/\/now-news.de\/de\/wp-json\/wp\/v2\/comments?post=39101"}],"version-history":[{"count":0,"href":"https:\/\/now-news.de\/de\/wp-json\/wp\/v2\/posts\/39101\/revisions"}],"wp:featuredmedia":[{"embeddable":true,"href":"https:\/\/now-news.de\/de\/wp-json\/wp\/v2\/media\/39102"}],"wp:attachment":[{"href":"https:\/\/now-news.de\/de\/wp-json\/wp\/v2\/media?parent=39101"}],"wp:term":[{"taxonomy":"category","embeddable":true,"href":"https:\/\/now-news.de\/de\/wp-json\/wp\/v2\/categories?post=39101"},{"taxonomy":"post_tag","embeddable":true,"href":"https:\/\/now-news.de\/de\/wp-json\/wp\/v2\/tags?post=39101"}],"curies":[{"name":"wp","href":"https:\/\/api.w.org\/{rel}","templated":true}]}}