{"id":39085,"date":"2023-06-28T19:40:43","date_gmt":"2023-06-28T17:40:43","guid":{"rendered":"https:\/\/just-now.news\/de\/deutschland\/strafverteidiger-dirk-sattelmaier-zum-vermeintlichen-holocaustverharmloser-mit-juedischem-glauben\/"},"modified":"2023-06-28T19:40:43","modified_gmt":"2023-06-28T17:40:43","slug":"strafverteidiger-dirk-sattelmaier-zum-vermeintlichen-holocaustverharmloser-mit-juedischem-glauben","status":"publish","type":"post","link":"https:\/\/now-news.de\/de\/deutschland\/strafverteidiger-dirk-sattelmaier-zum-vermeintlichen-holocaustverharmloser-mit-juedischem-glauben\/","title":{"rendered":"Strafverteidiger Dirk Sattelmaier zum vermeintlichen Holocaustverharmloser mit j\u00fcdischem Glauben"},"content":{"rendered":"<p><img decoding=\"async\" src=\"http:\/\/just-now.news\/de\/wp-content\/uploads\/sites\/3\/2023\/06\/649c0da5b480cc3a20395869.JPG\" \/><\/p>\n<div class=\"Text-root Text-type_1 \">\n                Der K\u00f6lner Strafverteidiger Dirk Sattelmaier verteidigt aktuell in dritter Instanz einen Mitb\u00fcrger j\u00fcdischen Glaubens, der der Holocaustverharmlosung beschuldigt wird. Im Interview berichtet er \u00fcber diesen einzigartigen Gerichtsfall. F\u00fcr ihn bestehe der Verdacht, dass die Strafverfolgungsbeh\u00f6rden in der Coronazeit das Strafgesetz gegen Holocaustverharmlosung missbraucht haben k\u00f6nnten.\n            <\/div>\n<p><\/p>\n<div class=\"Text-root Text-type_5 ArticleView-text ViewText-root \">\n<p><em>Felicitas Rabe im Interview mit dem Strafverteidiger Dirk Sattelmaier <\/em><\/p>\n<p>Der Beschuldigte Robert H\u00f6schele wurde in der ehemaligen Sowjetunion, in Usbekistan geboren. V\u00e4terlicherseits stammt er von Russlanddeutschen ab. Die j\u00fcdische Familie immigrierte 1981 nach Deutschland. Am 14. Februar 2021 trat der deutsche Staatsb\u00fcrger j\u00fcdischen Glaubens in M\u00fcnchen auf der Versammlung unter dem Motto &#8220;F\u00fcr Frieden, Freiheit und Selbstbestimmung&#8230;&#8221; als Redner auf. Im Rahmen seiner Rede gegen die Coronama\u00dfnahmen-Politik machte er unter anderem folgende Aussagen:<\/p>\n<blockquote>\n<p><em>&#8220;Doch 75 Jahre sp\u00e4ter steckt der Freistaat und seine Menschen in einem 11 Monate dauernden Gef\u00e4ngnis, das einem Arbeitslager gleicht, das die Regierung &#8216;Lockdown&#8217; nennt.<\/em><\/p>\n<p><em>76 Jahre nach der Befreiung von Vernichtungs- und Konzentrationslagern wie Auschwitz und Dachau werden Gesetze beschlossen, die das Internieren und Separieren von Menschen vorschreiben.&#8221;<\/em><\/p>\n<\/blockquote>\n<p><strong><\/strong><\/p>\n<p><strong>Die Polizei schritt trotz mutma\u00dflichem Offizialdelikt nicht ein \u2013 Anzeige erfolgte erst neun Monate sp\u00e4ter<\/strong><\/p>\n<p>Was ist nun das Besondere an diesem Fall? Sein Mandant sei nicht direkt im Anschluss an seine M\u00fcnchner Rede angezeigt worden, erkl\u00e4rte Rechtsanwalt Sattelmaier im Interview. Erst neun Monate sp\u00e4ter, im November 2021, habe ein Verein namens &#8220;RIAS Bayern&#8221; anl\u00e4sslich eines im Internet ver\u00f6ffentlichen Videos der Rede H\u00f6scheles, Strafanzeige gegen diesen ertsattet. Angeblich soll er sich nach \u00a7 130 Abs. 3 StGB der Verharmlosung des Holocausts schuldig gemacht haben.<\/p>\n<p>Dazu m\u00fcsse man wissen, so der Strafverteidiger, dass der Volksverhetzungsparagraph 130 StGB ein Offizialdelikt sei. Das hei\u00dfe, jeder Polizist, der Zeuge solch einer Straftat werde, m\u00fcsse diese laut Gesetz umgehend zur Anzeige bringen. Auf der Kundgebung am 14. Februar 2021 habe es eine sehr hohe Polizeipr\u00e4senz gegeben und keiner der anwesenden Polizisten habe an der Rede etwas beanstandet, geschweige denn zur Anzeige gebracht.<\/p>\n<p>So ermittelte die Staatsanwaltschaft M\u00fcnchen also erst neun Monate sp\u00e4ter, nach der Anzeige von RIAS Bayern, gegen den Betriebswirt. Die Staatsanwaltschaft kam zu dem Schluss, dass der\u00a0j\u00fcdische Mitb\u00fcrger\u00a0H\u00f6schele den Holocaust verharmlost habe und schickte ihm einen Strafbefehl \u00fcber 90 Tagess\u00e4tze. Dies entspreche etwa dem Wert von drei Netto-Monatsgeh\u00e4ltern, erl\u00e4uterte Sattelmaier das Strafma\u00df.<\/p>\n<p>H\u00f6schele habe Einspruch gegen den Strafbefehl erhoben und sich vor dem Amtsgericht M\u00fcnchen in erster Instanz ohne Anwalt selbst verteidigt. Die Verhandlung fand am 22. November 2022 statt. Im Ergebnis befand das Gericht, H\u00f6schele habe den Holocaust verharmlost, und erh\u00f6hte das Strafma\u00df sogar noch auf 120 Tagess\u00e4tze. Somit sei der bislang nicht vorbelastete Betriebswirt vorbestraft, mit allen Konsequenzen f\u00fcr seine soziale Reputation.<\/p>\n<p>Mit seinem neuen Strafverteidiger ging H\u00f6schele in Berufung. Sattelmaier beantragte nach einer vierst\u00fcndigen Verhandlung Freispruch. Gleichzeitig ging auch die Staatsanwaltschaft in Berufung und beantragte eine Erh\u00f6hung der Strafe auf 130 Tagess\u00e4tze. Das Berufungsverfahren fand am 6. Juni 2023 vor dem Landgericht M\u00fcnchen statt. Das Gericht befand H\u00f6schele erneut f\u00fcr schuldig, senkte die Strafe aber wieder auf 90 Tagess\u00e4tze.<\/p>\n<p>Sattelmaier hat f\u00fcr seinen Mandanten hiergegen das Rechtsmittel der Revision eingelegt und geht somit in die dritte und letzte Instanz. Die schriftliche Urteilsausfertigung bzw. -begr\u00fcndung liegt noch nicht vor.<\/p>\n<p><strong><\/strong><\/p>\n<p><strong>In der Coronazeit \u00fcbereifrige Anwendung des Gesetzes gegen die Verharmlosung von Nazi-Verbrechen<\/strong><\/p>\n<p>Nach Sattelmaiers Auffassung sei es bei diesem und anderen Verfahren grunds\u00e4tzlich problematisch, dass die Staatsanwaltschaften \u2013 und im Anschluss an das Ermittlungsverfahren leider auch die Gerichte \u2013 in der Coronazeit den Straftatbestand des Verharmlosens von Verbrechen des Nationalsozialismus zu unbedacht angewandt\u00a0h\u00e4tten:<\/p>\n<blockquote>\n<p><em>&#8220;Der Knackpunkt bei diesem und anderen Verfahren in der Coronazeit ist der, dass der Tatbestand des Verharmlosens gem. \u00a7 130 Abs. 3 StGB von Verbrechen im Nationalsozialismus meines Erachtens nach von den Strafprozessbeh\u00f6rden im \u00dcbereifer angewandt wurde, um unliebsame Meinungen strafrechtlich zu verfolgen.&#8221;<\/em><\/p>\n<\/blockquote>\n<p>Und dass in diesem Falle ein j\u00fcdischer Mitb\u00fcrger der Verharmlosung des Holocausts bezichtigt w\u00fcrde, mache es noch schlimmer, so der Strafverteidiger.<\/p>\n<blockquote>\n<p><em>&#8220;In meinen Augen dr\u00e4ngt sich hier leider der Verdacht einer Art von Missbrauch dieses Tatbestands auf. Und wenn es sich um Missbrauch handeln sollte, dann noch einen Juden zu verurteilen, das macht den Fall einzigartig.&#8221;<\/em><\/p>\n<\/blockquote>\n<p>Im Interview ging es dann um die Frage, ob H\u00f6schele \u00fcberhaupt den Tatbestand der Verharmlosung von Nazi-Verbrechen erf\u00fcllt habe. Dazu m\u00fcsse man wissen, so Sattelmaier, dass \u00a7 130 Abs. 3 StGB, also das Unterstrafestellen des Leugnens, Billigens oder Verharmlosens von Nazi-Verbrechen, erst im Jahr 1994 geschaffen wurde. Dem Gesetzgeber sei die damit verbundene Einschr\u00e4nkung der Meinungsfreiheit klar gewesen. Vor 1994 seien Holocaustleugner in der Regel straffrei davon gekommen, und dem wollte man einen Riegel vorschieben.<\/p>\n<p><strong><\/strong><\/p>\n<p><strong>Das Schutzgut der Rechtsvorschrift ist der &#8220;\u00f6ffentliche Frieden&#8221; \u2013 damit sollten in Gewalt ausartende Pogromstimmungen verhindert werden <\/strong><\/p>\n<p>Die Anwendung des Tatbestandes der Volksverhetzung sei f\u00fcr Juristen grunds\u00e4tzlich sehr komplex. Bei der 3. Tatvariante des \u00a7 130 Abs.3 StGB gelte\u00a0es zu bewerten, ob eine Verharmlosung eines von den Nationalsozialisten begangenen Kriegsverbrechens vorliege. Im Hinblick auf die grundgesetzlich garantierte Meinungsfreiheit habe der Gesetzgeber eine Restriktion in das Gesetz eingebaut:<\/p>\n<p>Die \u00c4u\u00dferungen des T\u00e4ters m\u00fcssen geeignet sein, um den \u00f6ffentlichen Frieden zu st\u00f6ren. Dabei ging man Anfang der neunziger Jahre davon aus, dass die Aussagen geeignet sein m\u00fcssen, eine Art &#8220;Pogromstimmung&#8221; entstehen zu lassen,\u00a0wo\u00a0die Bev\u00f6lkerung regelrecht aufgehetzt werde. Es sei daher ganz wichtig, zu verstehen: Das Schutzgut dieses Strafgesetzes ist der &#8220;\u00d6ffentliche Frieden&#8221;.<\/p>\n<p>Insofern sei\u00a0zun\u00e4chst einmal gar nicht jede Verharmlosung automatisch strafbar. Im Laufe der vergangenen 30 Jahre hab sich dazu einiges an Rechtssprechung und Gerichtsurteilen angesammelt. Aus diesen Urteilen ergebe sich, dass laut Bundesverfassungsgericht (BVG) das &#8220;Leugnen oder Billigen&#8221; des Holocausts grunds\u00e4tzlich immer strafbar sei, da in diesen F\u00e4llen eine Eignung zur St\u00f6rung des \u00f6ffentlichen Friedens indiziert sei. Das gelte aber nicht f\u00fcr das &#8220;Verharmlosen&#8221;. Beim &#8220;Verharmlosen&#8221; m\u00fcsse immer explizit gepr\u00fcft werden, ob die \u00c4u\u00dferungen geeignet seien, den \u00f6ffentlichen Frieden zu st\u00f6ren. Und im Fall H\u00f6schele habe\u00a0sowohl\u00a0das Amtsgericht M\u00fcnchen\u00a0als auch die Staatsanwaltschaft nicht oder h\u00f6chstens rudiment\u00e4r gepr\u00fcft, ob der \u00f6ffentliche Friede durch H\u00f6scheles Aussage gest\u00f6rt worden sei.<\/p>\n<p>Im Jahr 2018 f\u00e4llte das Bundesverfassungsgericht (BVerfG) eine Grundsatzentscheidung dar\u00fcber, wann eine Verharmlosung geeignet sei, den \u00f6ffentlichen Frieden zu st\u00f6ren, und wann nicht. Das BVerfG definierte quasi, wann eine Verharmlosung von Verbrechen den \u00f6ffentlichen Frieden st\u00f6ren w\u00fcrde:<\/p>\n<blockquote>\n<p><em>&#8220;Das BVerfG gab vor, dass die Aussage der Verharmlosung sich so auf den Zuh\u00f6rer auswirken m\u00fcsse, dass dieser m\u00f6glicherweise in eine rechtsgutgef\u00e4hrdende Stimmung, eine sogenannte Pogromstimmung gerate,&#8221; erkl\u00e4rte Sattelmaier die Definition des Bundesverfassungsgerichts.<\/em><\/p>\n<\/blockquote>\n<p>Nicht ausreichen w\u00fcrden zum Beispiel eine Vergiftung des gesellschaftlichen Klimas oder das Hervorrufen von \u00c4ngsten. Aber mit genau dem Letztgenannten habe das Amtsgericht den Mandanten verurteilt, so der Rechtsanwalt weiter.<\/p>\n<p>Dabei m\u00fcsse man sich im Fall H\u00f6schele fragen, ob es sich \u00fcberhaupt um eine Verharmlosung im Sinne des Gesetzgebers handele. Dazu erkl\u00e4rte Sattelmaier:<\/p>\n<blockquote>\n<p><em>&#8220;Die Staatsanwaltschaften sind in der Coronazeit dazu \u00fcbergegangen, bereits jegliche noch so geringe Bezugnahme auf Verbrechen der Nationalsozialisten als Verharmlosung zu werten und dann anzuklagen. Und zahlreiche Gerichte \u2013 nicht alle \u2013 machen das mit.&#8221;<\/em><\/p>\n<\/blockquote>\n<p>Eine Gleichsetzung von &#8220;damals und heute&#8221; sei offenbar gar nicht mehr erforderlich. Dabei beziehe sich H\u00f6scheles erste Aussage gar nicht auf den Nationalsozialmus, sondern auf die Pr\u00e4ambel des Bundeslandes Bayern und die aus dem Jahr 1946 stammende bayrische Landesverfassung.<\/p>\n<p><strong><\/strong><\/p>\n<p><strong>Handelt es sich bei H\u00f6scheles Aussage \u00fcberhaupt um eine Verharmlosung von Nazi-Verbrechen? <\/strong><\/p>\n<p>H\u00f6scheles zweite Aussage erl\u00e4uterte der Strafverteidiger wie folgt: In der zweiten \u00c4u\u00dferung nehme H\u00f6schele Bezug auf die Vernichtungslager Auschwitz und Dachau. Er stelle fest, dass es 75 Jahre danach wieder Vorschriften zum Separieren von Menschen gebe. Diesbez\u00fcglich m\u00fcsse man wissen, so der Anwalt, dass auf der Demo in M\u00fcnchen die Menschen, die aus gesundheitlichen Gr\u00fcnden keine Gesichtsmaske tragen konnten, in einem von der Polizei festgelegtem Extra-Areal separiert von den anderen Demonstrationsteilnehmern stehen mussten.<\/p>\n<p>Jeder m\u00f6ge selbst entscheiden, ob er H\u00f6scheles Aussage in diesem Kontext als Verharmlosung des Holocausts bewertet, schlug Sattelmaier vor. Es sei in jedem Fall eine Meinungs\u00e4u\u00dferung:<\/p>\n<blockquote>\n<p><em>&#8220;Man muss diese Meinung nicht teilen, aber als Jurist kann ich sagen, dass ich diese Meinungs\u00e4u\u00dferung f\u00fcr nicht strafbar erachte. Denn es handelt sich nicht um eine Verharmlosung im Sinne des Gesetzes und schon gar nicht ist die Aussage geeignet den \u00f6ffentlichen Frieden zu st\u00f6ren.&#8221;<\/em><\/p>\n<\/blockquote>\n<p>Das Gericht werfe H\u00f6schele nun allerdings vor, dass er den \u00f6ffentlichen Frieden mit seinem Aufruf &#8220;Widersetzt Euch den Ma\u00dfnahmen&#8221; gest\u00f6rt habe und damit den Tatbestand erf\u00fcllt habe. Diese Aussage habe sein Mandant aber in seiner Rede erst an viel sp\u00e4terer Stelle und in einem v\u00f6llig anderen Kontext ge\u00e4u\u00dfert. Insofern k\u00f6nne man diesen Aufruf jetzt nicht mit seinen an fr\u00fcherer Stelle get\u00e4tigten Aussagen &#8220;verwursten&#8221;,\u00a0 um dann daraus irgendwie eine Eignung zur St\u00f6rung des \u00f6ffentlichen Friedens im Sinne des \u00a7 130 Absatz 3 StGB zu konstruieren.<\/p>\n<p><em>Der K\u00f6lner Strafverteidiger Dirk Sattelmaier berichtet auf seinem <a rel=\"nofollow noopener\" target=\"_blank\" href=\"https:\/\/t.me\/RASattelmaier\">Telegramkanal<\/a> in der Videoreihe &#8220;Neues aus dem Gerichtssaal&#8221; regelm\u00e4\u00dfig von besonderen Gerichtsverfahren und von F\u00e4llen, die er als Strafverteidiger vertritt. <\/em><\/p>\n<p><strong>Mehr zum Thema<\/strong> &#8211;\u00a0<a rel=\"nofollow noopener\" target=\"_blank\" href=\"https:\/\/pressefreiheit.rtde.life\/international\/172107-nun-ist-es-raus-westliche\/\">Nun ist es raus: Westliche Journalisten verstecken Nazi-Insignien ukrainischer Soldaten<\/a>\u00a0<\/p>\n<\/p>\n<\/div>\n<p><br \/>\n<br \/><a href=\"https:\/\/de.rt.com\/inland\/173838-strafverteidiger-dirk-sattelmaier-zum-vermeintlichen\/\">Source link <\/a><\/p>\n","protected":false},"excerpt":{"rendered":"<p>Der K\u00f6lner Strafverteidiger Dirk Sattelmaier verteidigt aktuell in dritter Instanz einen Mitb\u00fcrger j\u00fcdischen Glaubens, der der Holocaustverharmlosung beschuldigt wird. Im Interview berichtet er \u00fcber diesen einzigartigen Gerichtsfall. F\u00fcr ihn bestehe der Verdacht, dass die Strafverfolgungsbeh\u00f6rden in der Coronazeit das Strafgesetz gegen Holocaustverharmlosung missbraucht haben k\u00f6nnten. Felicitas Rabe im Interview mit dem Strafverteidiger Dirk Sattelmaier Der [&hellip;]<\/p>\n","protected":false},"author":3,"featured_media":39086,"comment_status":"open","ping_status":"open","sticky":false,"template":"","format":"standard","meta":{"_yoast_indexnow_last_ping":["1687974266"],"wp_automatic_camp":["217"],"0cc847b1123595ff9f8ad3836eb31983":["Strafverteidiger Dirk Sattelmaier zum vermeintlichen Holocaustverharmloser mit j\u00fcdischem Glauben"],"original_link":["https:\/\/de.rt.com\/inland\/173838-strafverteidiger-dirk-sattelmaier-zum-vermeintlichen\/"],"_thumbnail_id":["39086"],"jnews_social_counter_last_update":["1777181707"],"_wptgpro_p2tg_sent2tg":["a:1:{i:23737;s:19:\"2023-06-28 19:45:31\";}"]},"categories":[19,23],"tags":[35435,412,46158,46159,419,35436,46157,45695,565],"yoast_head":"<!-- This site is optimized with the Yoast SEO Premium plugin v22.7 (Yoast SEO v22.7) - https:\/\/yoast.com\/wordpress\/plugins\/seo\/ -->\n<title>Strafverteidiger Dirk Sattelmaier zum vermeintlichen Holocaustverharmloser mit j\u00fcdischem Glauben - just-now.NEWS Deutschland<\/title>\n<meta name=\"robots\" content=\"index, follow, max-snippet:-1, max-image-preview:large, max-video-preview:-1\" \/>\n<link rel=\"canonical\" href=\"https:\/\/now-news.de\/de\/deutschland\/strafverteidiger-dirk-sattelmaier-zum-vermeintlichen-holocaustverharmloser-mit-juedischem-glauben\/\" \/>\n<meta property=\"og:locale\" content=\"de_DE\" \/>\n<meta property=\"og:type\" content=\"article\" \/>\n<meta property=\"og:title\" content=\"Strafverteidiger Dirk Sattelmaier zum vermeintlichen Holocaustverharmloser mit j\u00fcdischem Glauben\" \/>\n<meta property=\"og:description\" content=\"Der K\u00f6lner Strafverteidiger Dirk Sattelmaier verteidigt aktuell in dritter Instanz einen Mitb\u00fcrger j\u00fcdischen Glaubens, der der Holocaustverharmlosung beschuldigt wird. Im Interview berichtet er \u00fcber diesen einzigartigen Gerichtsfall. F\u00fcr ihn bestehe der Verdacht, dass die Strafverfolgungsbeh\u00f6rden in der Coronazeit das Strafgesetz gegen Holocaustverharmlosung missbraucht haben k\u00f6nnten. Felicitas Rabe im Interview mit dem Strafverteidiger Dirk Sattelmaier Der [&hellip;]\" \/>\n<meta property=\"og:url\" content=\"https:\/\/now-news.de\/de\/deutschland\/strafverteidiger-dirk-sattelmaier-zum-vermeintlichen-holocaustverharmloser-mit-juedischem-glauben\/\" \/>\n<meta property=\"og:site_name\" content=\"just-now.NEWS Deutschland\" \/>\n<meta property=\"article:publisher\" content=\"https:\/\/www.facebook.com\/wirmachenauf\" \/>\n<meta property=\"article:published_time\" content=\"2023-06-28T17:40:43+00:00\" \/>\n<meta property=\"og:image\" content=\"https:\/\/now-news.de\/de\/wp-content\/uploads\/sites\/3\/2023\/06\/Strafverteidiger-Dirk-Sattelmaier-zum-vermeintlichen-Holocaustverharmloser-mit-juedischem-Glauben.JPG\" \/>\n\t<meta property=\"og:image:width\" content=\"460\" \/>\n\t<meta property=\"og:image:height\" content=\"259\" \/>\n\t<meta property=\"og:image:type\" content=\"image\/jpeg\" \/>\n<meta name=\"author\" content=\"rtnews\" \/>\n<meta name=\"twitter:card\" content=\"summary_large_image\" \/>\n<meta name=\"twitter:creator\" content=\"@WirMachenAuf_de\" \/>\n<meta name=\"twitter:site\" content=\"@WirMachenAuf_de\" \/>\n<meta name=\"twitter:label1\" content=\"Verfasst von\" \/>\n\t<meta name=\"twitter:data1\" content=\"rtnews\" \/>\n\t<meta name=\"twitter:label2\" content=\"Gesch\u00e4tzte Lesezeit\" \/>\n\t<meta name=\"twitter:data2\" content=\"8\u00a0Minuten\" \/>\n<script type=\"application\/ld+json\" class=\"yoast-schema-graph\">{\"@context\":\"https:\/\/schema.org\",\"@graph\":[{\"@type\":\"Article\",\"@id\":\"https:\/\/now-news.de\/de\/deutschland\/strafverteidiger-dirk-sattelmaier-zum-vermeintlichen-holocaustverharmloser-mit-juedischem-glauben\/#article\",\"isPartOf\":{\"@id\":\"https:\/\/now-news.de\/de\/deutschland\/strafverteidiger-dirk-sattelmaier-zum-vermeintlichen-holocaustverharmloser-mit-juedischem-glauben\/\"},\"author\":{\"name\":\"rtnews\",\"@id\":\"https:\/\/now-news.de\/de\/#\/schema\/person\/fb534a4e865501d8b3285208df34a9b5\"},\"headline\":\"Strafverteidiger Dirk Sattelmaier zum vermeintlichen Holocaustverharmloser mit j\u00fcdischem Glauben\",\"datePublished\":\"2023-06-28T17:40:43+00:00\",\"dateModified\":\"2023-06-28T17:40:43+00:00\",\"mainEntityOfPage\":{\"@id\":\"https:\/\/now-news.de\/de\/deutschland\/strafverteidiger-dirk-sattelmaier-zum-vermeintlichen-holocaustverharmloser-mit-juedischem-glauben\/\"},\"wordCount\":1559,\"commentCount\":0,\"publisher\":{\"@id\":\"https:\/\/now-news.de\/de\/#organization\"},\"image\":{\"@id\":\"https:\/\/now-news.de\/de\/deutschland\/strafverteidiger-dirk-sattelmaier-zum-vermeintlichen-holocaustverharmloser-mit-juedischem-glauben\/#primaryimage\"},\"thumbnailUrl\":\"https:\/\/now-news.de\/de\/wp-content\/uploads\/sites\/3\/2023\/06\/Strafverteidiger-Dirk-Sattelmaier-zum-vermeintlichen-Holocaustverharmloser-mit-juedischem-Glauben.JPG\",\"keywords\":[\"Dirk\",\"glauben\",\"Holocaustverharmloser\",\"j\u00fcdischem\",\"mit\",\"Sattelmaier\",\"Strafverteidiger\",\"vermeintlichen\",\"zum\"],\"articleSection\":[\"Deutschland\",\"Russland\"],\"inLanguage\":\"de\",\"potentialAction\":[{\"@type\":\"CommentAction\",\"name\":\"Comment\",\"target\":[\"https:\/\/now-news.de\/de\/deutschland\/strafverteidiger-dirk-sattelmaier-zum-vermeintlichen-holocaustverharmloser-mit-juedischem-glauben\/#respond\"]}]},{\"@type\":\"WebPage\",\"@id\":\"https:\/\/now-news.de\/de\/deutschland\/strafverteidiger-dirk-sattelmaier-zum-vermeintlichen-holocaustverharmloser-mit-juedischem-glauben\/\",\"url\":\"https:\/\/now-news.de\/de\/deutschland\/strafverteidiger-dirk-sattelmaier-zum-vermeintlichen-holocaustverharmloser-mit-juedischem-glauben\/\",\"name\":\"Strafverteidiger Dirk Sattelmaier zum vermeintlichen Holocaustverharmloser mit j\u00fcdischem Glauben - just-now.NEWS Deutschland\",\"isPartOf\":{\"@id\":\"https:\/\/now-news.de\/de\/#website\"},\"primaryImageOfPage\":{\"@id\":\"https:\/\/now-news.de\/de\/deutschland\/strafverteidiger-dirk-sattelmaier-zum-vermeintlichen-holocaustverharmloser-mit-juedischem-glauben\/#primaryimage\"},\"image\":{\"@id\":\"https:\/\/now-news.de\/de\/deutschland\/strafverteidiger-dirk-sattelmaier-zum-vermeintlichen-holocaustverharmloser-mit-juedischem-glauben\/#primaryimage\"},\"thumbnailUrl\":\"https:\/\/now-news.de\/de\/wp-content\/uploads\/sites\/3\/2023\/06\/Strafverteidiger-Dirk-Sattelmaier-zum-vermeintlichen-Holocaustverharmloser-mit-juedischem-Glauben.JPG\",\"datePublished\":\"2023-06-28T17:40:43+00:00\",\"dateModified\":\"2023-06-28T17:40:43+00:00\",\"breadcrumb\":{\"@id\":\"https:\/\/now-news.de\/de\/deutschland\/strafverteidiger-dirk-sattelmaier-zum-vermeintlichen-holocaustverharmloser-mit-juedischem-glauben\/#breadcrumb\"},\"inLanguage\":\"de\",\"potentialAction\":[{\"@type\":\"ReadAction\",\"target\":[\"https:\/\/now-news.de\/de\/deutschland\/strafverteidiger-dirk-sattelmaier-zum-vermeintlichen-holocaustverharmloser-mit-juedischem-glauben\/\"]}]},{\"@type\":\"ImageObject\",\"inLanguage\":\"de\",\"@id\":\"https:\/\/now-news.de\/de\/deutschland\/strafverteidiger-dirk-sattelmaier-zum-vermeintlichen-holocaustverharmloser-mit-juedischem-glauben\/#primaryimage\",\"url\":\"https:\/\/now-news.de\/de\/wp-content\/uploads\/sites\/3\/2023\/06\/Strafverteidiger-Dirk-Sattelmaier-zum-vermeintlichen-Holocaustverharmloser-mit-juedischem-Glauben.JPG\",\"contentUrl\":\"https:\/\/now-news.de\/de\/wp-content\/uploads\/sites\/3\/2023\/06\/Strafverteidiger-Dirk-Sattelmaier-zum-vermeintlichen-Holocaustverharmloser-mit-juedischem-Glauben.JPG\",\"width\":460,\"height\":259,\"caption\":\"Strafverteidiger Dirk Sattelmaier zum vermeintlichen Holocaustverharmloser mit j\u00fcdischem Glauben\"},{\"@type\":\"BreadcrumbList\",\"@id\":\"https:\/\/now-news.de\/de\/deutschland\/strafverteidiger-dirk-sattelmaier-zum-vermeintlichen-holocaustverharmloser-mit-juedischem-glauben\/#breadcrumb\",\"itemListElement\":[{\"@type\":\"ListItem\",\"position\":1,\"name\":\"Home\",\"item\":\"https:\/\/now-news.de\/de\/\"},{\"@type\":\"ListItem\",\"position\":2,\"name\":\"Strafverteidiger Dirk Sattelmaier zum vermeintlichen Holocaustverharmloser mit j\u00fcdischem Glauben\"}]},{\"@type\":\"WebSite\",\"@id\":\"https:\/\/now-news.de\/de\/#website\",\"url\":\"https:\/\/now-news.de\/de\/\",\"name\":\"just-now.NEWS Deutschland\",\"description\":\"Das Portal f\u00fcr unzensierte Nachrichten aus der Welt\",\"publisher\":{\"@id\":\"https:\/\/now-news.de\/de\/#organization\"},\"potentialAction\":[{\"@type\":\"SearchAction\",\"target\":{\"@type\":\"EntryPoint\",\"urlTemplate\":\"https:\/\/now-news.de\/de\/?s={search_term_string}\"},\"query-input\":\"required name=search_term_string\"}],\"inLanguage\":\"de\"},{\"@type\":\"Organization\",\"@id\":\"https:\/\/now-news.de\/de\/#organization\",\"name\":\"Just Now News\",\"url\":\"https:\/\/now-news.de\/de\/\",\"logo\":{\"@type\":\"ImageObject\",\"inLanguage\":\"de\",\"@id\":\"https:\/\/now-news.de\/de\/#\/schema\/logo\/image\/\",\"url\":\"http:\/\/just-now.news\/de\/wp-content\/uploads\/sites\/3\/2022\/04\/logo500x500.jpg\",\"contentUrl\":\"http:\/\/just-now.news\/de\/wp-content\/uploads\/sites\/3\/2022\/04\/logo500x500.jpg\",\"width\":500,\"height\":500,\"caption\":\"Just Now News\"},\"image\":{\"@id\":\"https:\/\/now-news.de\/de\/#\/schema\/logo\/image\/\"},\"sameAs\":[\"https:\/\/www.facebook.com\/wirmachenauf\",\"https:\/\/x.com\/WirMachenAuf_de\"]},{\"@type\":\"Person\",\"@id\":\"https:\/\/now-news.de\/de\/#\/schema\/person\/fb534a4e865501d8b3285208df34a9b5\",\"name\":\"rtnews\",\"image\":{\"@type\":\"ImageObject\",\"inLanguage\":\"de\",\"@id\":\"https:\/\/now-news.de\/de\/#\/schema\/person\/image\/\",\"url\":\"https:\/\/secure.gravatar.com\/avatar\/82aafea7d8127119dd649515f56e2117?s=96&d=mm&r=g\",\"contentUrl\":\"https:\/\/secure.gravatar.com\/avatar\/82aafea7d8127119dd649515f56e2117?s=96&d=mm&r=g\",\"caption\":\"rtnews\"},\"url\":\"https:\/\/now-news.de\/de\/author\/rnews\/\"}]}<\/script>\n<!-- \/ Yoast SEO Premium plugin. -->","yoast_head_json":{"title":"Strafverteidiger Dirk Sattelmaier zum vermeintlichen Holocaustverharmloser mit j\u00fcdischem Glauben - just-now.NEWS Deutschland","robots":{"index":"index","follow":"follow","max-snippet":"max-snippet:-1","max-image-preview":"max-image-preview:large","max-video-preview":"max-video-preview:-1"},"canonical":"https:\/\/now-news.de\/de\/deutschland\/strafverteidiger-dirk-sattelmaier-zum-vermeintlichen-holocaustverharmloser-mit-juedischem-glauben\/","og_locale":"de_DE","og_type":"article","og_title":"Strafverteidiger Dirk Sattelmaier zum vermeintlichen Holocaustverharmloser mit j\u00fcdischem Glauben","og_description":"Der K\u00f6lner Strafverteidiger Dirk Sattelmaier verteidigt aktuell in dritter Instanz einen Mitb\u00fcrger j\u00fcdischen Glaubens, der der Holocaustverharmlosung beschuldigt wird. Im Interview berichtet er \u00fcber diesen einzigartigen Gerichtsfall. F\u00fcr ihn bestehe der Verdacht, dass die Strafverfolgungsbeh\u00f6rden in der Coronazeit das Strafgesetz gegen Holocaustverharmlosung missbraucht haben k\u00f6nnten. Felicitas Rabe im Interview mit dem Strafverteidiger Dirk Sattelmaier Der [&hellip;]","og_url":"https:\/\/now-news.de\/de\/deutschland\/strafverteidiger-dirk-sattelmaier-zum-vermeintlichen-holocaustverharmloser-mit-juedischem-glauben\/","og_site_name":"just-now.NEWS Deutschland","article_publisher":"https:\/\/www.facebook.com\/wirmachenauf","article_published_time":"2023-06-28T17:40:43+00:00","og_image":[{"width":460,"height":259,"url":"https:\/\/now-news.de\/de\/wp-content\/uploads\/sites\/3\/2023\/06\/Strafverteidiger-Dirk-Sattelmaier-zum-vermeintlichen-Holocaustverharmloser-mit-juedischem-Glauben.JPG","type":"image\/jpeg"}],"author":"rtnews","twitter_card":"summary_large_image","twitter_creator":"@WirMachenAuf_de","twitter_site":"@WirMachenAuf_de","twitter_misc":{"Verfasst von":"rtnews","Gesch\u00e4tzte Lesezeit":"8\u00a0Minuten"},"schema":{"@context":"https:\/\/schema.org","@graph":[{"@type":"Article","@id":"https:\/\/now-news.de\/de\/deutschland\/strafverteidiger-dirk-sattelmaier-zum-vermeintlichen-holocaustverharmloser-mit-juedischem-glauben\/#article","isPartOf":{"@id":"https:\/\/now-news.de\/de\/deutschland\/strafverteidiger-dirk-sattelmaier-zum-vermeintlichen-holocaustverharmloser-mit-juedischem-glauben\/"},"author":{"name":"rtnews","@id":"https:\/\/now-news.de\/de\/#\/schema\/person\/fb534a4e865501d8b3285208df34a9b5"},"headline":"Strafverteidiger Dirk Sattelmaier zum vermeintlichen Holocaustverharmloser mit j\u00fcdischem Glauben","datePublished":"2023-06-28T17:40:43+00:00","dateModified":"2023-06-28T17:40:43+00:00","mainEntityOfPage":{"@id":"https:\/\/now-news.de\/de\/deutschland\/strafverteidiger-dirk-sattelmaier-zum-vermeintlichen-holocaustverharmloser-mit-juedischem-glauben\/"},"wordCount":1559,"commentCount":0,"publisher":{"@id":"https:\/\/now-news.de\/de\/#organization"},"image":{"@id":"https:\/\/now-news.de\/de\/deutschland\/strafverteidiger-dirk-sattelmaier-zum-vermeintlichen-holocaustverharmloser-mit-juedischem-glauben\/#primaryimage"},"thumbnailUrl":"https:\/\/now-news.de\/de\/wp-content\/uploads\/sites\/3\/2023\/06\/Strafverteidiger-Dirk-Sattelmaier-zum-vermeintlichen-Holocaustverharmloser-mit-juedischem-Glauben.JPG","keywords":["Dirk","glauben","Holocaustverharmloser","j\u00fcdischem","mit","Sattelmaier","Strafverteidiger","vermeintlichen","zum"],"articleSection":["Deutschland","Russland"],"inLanguage":"de","potentialAction":[{"@type":"CommentAction","name":"Comment","target":["https:\/\/now-news.de\/de\/deutschland\/strafverteidiger-dirk-sattelmaier-zum-vermeintlichen-holocaustverharmloser-mit-juedischem-glauben\/#respond"]}]},{"@type":"WebPage","@id":"https:\/\/now-news.de\/de\/deutschland\/strafverteidiger-dirk-sattelmaier-zum-vermeintlichen-holocaustverharmloser-mit-juedischem-glauben\/","url":"https:\/\/now-news.de\/de\/deutschland\/strafverteidiger-dirk-sattelmaier-zum-vermeintlichen-holocaustverharmloser-mit-juedischem-glauben\/","name":"Strafverteidiger Dirk Sattelmaier zum vermeintlichen Holocaustverharmloser mit j\u00fcdischem Glauben - just-now.NEWS Deutschland","isPartOf":{"@id":"https:\/\/now-news.de\/de\/#website"},"primaryImageOfPage":{"@id":"https:\/\/now-news.de\/de\/deutschland\/strafverteidiger-dirk-sattelmaier-zum-vermeintlichen-holocaustverharmloser-mit-juedischem-glauben\/#primaryimage"},"image":{"@id":"https:\/\/now-news.de\/de\/deutschland\/strafverteidiger-dirk-sattelmaier-zum-vermeintlichen-holocaustverharmloser-mit-juedischem-glauben\/#primaryimage"},"thumbnailUrl":"https:\/\/now-news.de\/de\/wp-content\/uploads\/sites\/3\/2023\/06\/Strafverteidiger-Dirk-Sattelmaier-zum-vermeintlichen-Holocaustverharmloser-mit-juedischem-Glauben.JPG","datePublished":"2023-06-28T17:40:43+00:00","dateModified":"2023-06-28T17:40:43+00:00","breadcrumb":{"@id":"https:\/\/now-news.de\/de\/deutschland\/strafverteidiger-dirk-sattelmaier-zum-vermeintlichen-holocaustverharmloser-mit-juedischem-glauben\/#breadcrumb"},"inLanguage":"de","potentialAction":[{"@type":"ReadAction","target":["https:\/\/now-news.de\/de\/deutschland\/strafverteidiger-dirk-sattelmaier-zum-vermeintlichen-holocaustverharmloser-mit-juedischem-glauben\/"]}]},{"@type":"ImageObject","inLanguage":"de","@id":"https:\/\/now-news.de\/de\/deutschland\/strafverteidiger-dirk-sattelmaier-zum-vermeintlichen-holocaustverharmloser-mit-juedischem-glauben\/#primaryimage","url":"https:\/\/now-news.de\/de\/wp-content\/uploads\/sites\/3\/2023\/06\/Strafverteidiger-Dirk-Sattelmaier-zum-vermeintlichen-Holocaustverharmloser-mit-juedischem-Glauben.JPG","contentUrl":"https:\/\/now-news.de\/de\/wp-content\/uploads\/sites\/3\/2023\/06\/Strafverteidiger-Dirk-Sattelmaier-zum-vermeintlichen-Holocaustverharmloser-mit-juedischem-Glauben.JPG","width":460,"height":259,"caption":"Strafverteidiger Dirk Sattelmaier zum vermeintlichen Holocaustverharmloser mit j\u00fcdischem Glauben"},{"@type":"BreadcrumbList","@id":"https:\/\/now-news.de\/de\/deutschland\/strafverteidiger-dirk-sattelmaier-zum-vermeintlichen-holocaustverharmloser-mit-juedischem-glauben\/#breadcrumb","itemListElement":[{"@type":"ListItem","position":1,"name":"Home","item":"https:\/\/now-news.de\/de\/"},{"@type":"ListItem","position":2,"name":"Strafverteidiger Dirk Sattelmaier zum vermeintlichen Holocaustverharmloser mit j\u00fcdischem Glauben"}]},{"@type":"WebSite","@id":"https:\/\/now-news.de\/de\/#website","url":"https:\/\/now-news.de\/de\/","name":"just-now.NEWS Deutschland","description":"Das Portal f\u00fcr unzensierte Nachrichten aus der Welt","publisher":{"@id":"https:\/\/now-news.de\/de\/#organization"},"potentialAction":[{"@type":"SearchAction","target":{"@type":"EntryPoint","urlTemplate":"https:\/\/now-news.de\/de\/?s={search_term_string}"},"query-input":"required name=search_term_string"}],"inLanguage":"de"},{"@type":"Organization","@id":"https:\/\/now-news.de\/de\/#organization","name":"Just Now News","url":"https:\/\/now-news.de\/de\/","logo":{"@type":"ImageObject","inLanguage":"de","@id":"https:\/\/now-news.de\/de\/#\/schema\/logo\/image\/","url":"http:\/\/just-now.news\/de\/wp-content\/uploads\/sites\/3\/2022\/04\/logo500x500.jpg","contentUrl":"http:\/\/just-now.news\/de\/wp-content\/uploads\/sites\/3\/2022\/04\/logo500x500.jpg","width":500,"height":500,"caption":"Just Now News"},"image":{"@id":"https:\/\/now-news.de\/de\/#\/schema\/logo\/image\/"},"sameAs":["https:\/\/www.facebook.com\/wirmachenauf","https:\/\/x.com\/WirMachenAuf_de"]},{"@type":"Person","@id":"https:\/\/now-news.de\/de\/#\/schema\/person\/fb534a4e865501d8b3285208df34a9b5","name":"rtnews","image":{"@type":"ImageObject","inLanguage":"de","@id":"https:\/\/now-news.de\/de\/#\/schema\/person\/image\/","url":"https:\/\/secure.gravatar.com\/avatar\/82aafea7d8127119dd649515f56e2117?s=96&d=mm&r=g","contentUrl":"https:\/\/secure.gravatar.com\/avatar\/82aafea7d8127119dd649515f56e2117?s=96&d=mm&r=g","caption":"rtnews"},"url":"https:\/\/now-news.de\/de\/author\/rnews\/"}]}},"_links":{"self":[{"href":"https:\/\/now-news.de\/de\/wp-json\/wp\/v2\/posts\/39085"}],"collection":[{"href":"https:\/\/now-news.de\/de\/wp-json\/wp\/v2\/posts"}],"about":[{"href":"https:\/\/now-news.de\/de\/wp-json\/wp\/v2\/types\/post"}],"author":[{"embeddable":true,"href":"https:\/\/now-news.de\/de\/wp-json\/wp\/v2\/users\/3"}],"replies":[{"embeddable":true,"href":"https:\/\/now-news.de\/de\/wp-json\/wp\/v2\/comments?post=39085"}],"version-history":[{"count":0,"href":"https:\/\/now-news.de\/de\/wp-json\/wp\/v2\/posts\/39085\/revisions"}],"wp:featuredmedia":[{"embeddable":true,"href":"https:\/\/now-news.de\/de\/wp-json\/wp\/v2\/media\/39086"}],"wp:attachment":[{"href":"https:\/\/now-news.de\/de\/wp-json\/wp\/v2\/media?parent=39085"}],"wp:term":[{"taxonomy":"category","embeddable":true,"href":"https:\/\/now-news.de\/de\/wp-json\/wp\/v2\/categories?post=39085"},{"taxonomy":"post_tag","embeddable":true,"href":"https:\/\/now-news.de\/de\/wp-json\/wp\/v2\/tags?post=39085"}],"curies":[{"name":"wp","href":"https:\/\/api.w.org\/{rel}","templated":true}]}}