{"id":39065,"date":"2023-06-28T16:23:31","date_gmt":"2023-06-28T14:23:31","guid":{"rendered":"https:\/\/just-now.news\/de\/deutschland\/schuetzt-die-demokratie-mdr-redakteur-fordert-boykott-des-landkreises-sonneberg\/"},"modified":"2023-06-28T16:23:31","modified_gmt":"2023-06-28T14:23:31","slug":"schuetzt-die-demokratie-mdr-redakteur-fordert-boykott-des-landkreises-sonneberg","status":"publish","type":"post","link":"https:\/\/now-news.de\/de\/deutschland\/schuetzt-die-demokratie-mdr-redakteur-fordert-boykott-des-landkreises-sonneberg\/","title":{"rendered":"&quot;Sch\u00fctzt die Demokratie&quot; \u2013 MDR-Redakteur fordert Boykott des Landkreises Sonneberg"},"content":{"rendered":"<p><img decoding=\"async\" src=\"http:\/\/just-now.news\/de\/wp-content\/uploads\/sites\/3\/2023\/06\/649c1e11b480cc2dee31fd79.jpg\" \/><\/p>\n<div class=\"Text-root Text-type_1 \">\n                Die Landratswahl im th\u00fcringischen Sonneberg schl\u00e4gt weiter Wellen. Ein MDR-Journalist hat gefordert, den Landkreis auf allen Ebenen zu boykottieren. Es gelte, die Demokratie zu sch\u00fctzen. Auf viel Zustimmung stie\u00df der Hamburger mit seiner Forderung nicht.\n            <\/div>\n<p><\/p>\n<div class=\"Text-root Text-type_5 ArticleView-text ViewText-root \">\n<p>Nach dem Erfolg des AfD-Kandidaten bei der Landratswahl im th\u00fcringischen Sonneberg am Sonntag hat ein leitender Redakteur des Mitteldeutschen Rundfunks zu einem Boykott des Landkreises aufgerufen.\u00a0Michael Vo\u00df, laut seinem Internetauftritt\u00a0Chef vom Dienst (CvD) und Redakteur vom Dienst (RvD)\u00a0beim Nachrichtenradio\u00a0<em>MDR Aktuell,<\/em>\u00a0schrieb am Sonntagabend auf Twitter:<\/p>\n<blockquote>\n<p><em>&#8220;Das ist der Landkreis Sonneberg. Seine Bewohner haben heute in einer freien, demokratischen Stichwahl einen Politiker der vom Verfassungsschutz als gesichert rechtsextremistisch eingestuften Th\u00fcringer AfD zum Landrat gew\u00e4hlt.<\/em><\/p>\n<p><em>Macht mit: Sch\u00fctzt die Demokratie und boykottiert den Landkreis Sonneberg im Tourismus, in der Wirtschaft und auf allen Ebenen. Es darf sp\u00e4ter nicht wieder hei\u00dfen, man habe es nicht gewusst.&#8221;<\/em><\/p>\n<\/blockquote>\n<div class=\"EmbedBlock-root EmbedBlock-twitter\">\n<div class=\"TwitterEmbed\">\n<blockquote class=\"twitter-tweet lazyload\" data-twitter=\"twitter-tweet\">\n<p lang=\"de\" dir=\"ltr\">Das ist der Landkreis <a rel=\"nofollow noopener\" target=\"_blank\" href=\"https:\/\/twitter.com\/hashtag\/Sonneberg?src=hash&amp;ref_src=twsrc%5Etfw\">#Sonneberg<\/a>. Seine Bewohner haben heute in einer freien demokratischen Stichwahl einen Politiker der vom Verfassungsschutz als gesichert rechtsextremistisch eingestuften Th\u00fcringer <a rel=\"nofollow noopener\" target=\"_blank\" href=\"https:\/\/twitter.com\/hashtag\/AfD?src=hash&amp;ref_src=twsrc%5Etfw\">#AfD<\/a> zum Landrat gew\u00e4hlt.Macht mit: Sch\u00fctzt die <a rel=\"nofollow noopener\" target=\"_blank\" href=\"https:\/\/twitter.com\/hashtag\/Demokratie?src=hash&amp;ref_src=twsrc%5Etfw\">#Demokratie<\/a> und boykottiert\u2026 <a rel=\"nofollow noopener\" target=\"_blank\" href=\"https:\/\/t.co\/NRxQKVzxYS\">pic.twitter.com\/NRxQKVzxYS<\/a><\/p>\n<p>\u2014 Michael Vo\u00df (@michael_voss) <a rel=\"nofollow noopener\" target=\"_blank\" href=\"https:\/\/twitter.com\/michael_voss\/status\/1673047990133755909?ref_src=twsrc%5Etfw\">June 25, 2023<\/a><\/p><\/blockquote>\n<\/div>\n<\/div>\n<p>Vo\u00df, laut seiner Vita &#8220;\u00fcberzeugter Hamburger, der in Leipzig lebt&#8221;, kam bereits 1991 in den Osten und wird seitdem von\u00a0Rundfunkbeitr\u00e4gen bezahlt, die jeder Haushalt im Land entrichten muss. Der\u00a0<em>MDR<\/em>-Journalist betonte in mehreren Kommentaren, nur seine private Meinung ge\u00e4u\u00dfert zu haben, sein Arbeitgeber habe nichts mit seinen Tweets zu tun.\u00a0Trotzdem erhielt er so viel Kritik, dass er am Mittwochmorgen die Kommentarfunktion schloss. Dazu schrieb er:<\/p>\n<blockquote>\n<p><em>&#8220;Transparenzhinweis: Ich habe die Kommentarfunktion geschlossen, da es hier von den Freunden der AfD einen gewaltigen Bedarf gab, Hass gegen meine Person loszuwerden.&#8221;<\/em><\/p>\n<\/blockquote>\n<p>Moderate Kritik verbunden mit einem schr\u00e4gen Russland-Vergleich kam zuvor von einem\u00a0<em>MDR<\/em>-Kollegen in f\u00fchrender Position:<\/p>\n<blockquote>\n<p><em>&#8220;Lieber Michael, wir arbeiten ja beim selben Sender und ich teile deinen Vorschlag nicht. Sonneberg ist nicht Russland und ein demokratisch gew\u00e4hlter Landrat nicht Putin. Ich habe ein anderes Demokratieverst\u00e4ndnis.&#8221;<\/em><\/p>\n<\/blockquote>\n<p>Darauf antwortete Vo\u00df mit einem direkten Vergleich zu 1933:<\/p>\n<blockquote>\n<p><em>&#8220;Genau, Sonneberg ist nicht Russland, sondern liegt in Deutschland. Deshalb haben wir eine besondere Verantwortung, weil wir es zwei Generationen zuvor schon verpasst haben, den Aufstieg einer rechtsextremen Partei zu stoppen.&#8221;<\/em><\/p>\n<\/blockquote>\n<p>Andere Kritiker waren weniger zur\u00fcckhaltend als der\u00a0<em>MDR<\/em>-Kollege und griffen zum Teil selbst zu Nazivergleichen. Einer meinte:<\/p>\n<blockquote>\n<p><em>&#8220;DAS hier ist echt widerlich! Nicht die sich sorgende Bev\u00f6lkerung von Sonneberg. Ihnen scheint nicht bewusst zu sein, wie nah sie hier an &#8220;Kauft nicht bei Juden&#8221; mit ihrer Forderung sind\u00a0\u2026 F\u00fcr den MDR sind SIE eine Fehlbesetzung.&#8221;<\/em><\/p>\n<\/blockquote>\n<\/p>\n<p>Eine Nutzerin meinte:<\/p>\n<blockquote>\n<p><em>&#8220;Hm?! Leider erkennen wir keine &#8220;Demokratief\u00e4higkeit&#8221; bei den Altparteien. Berichtet endlich wieder sachlich. CoronaHitzeW\u00e4rmepumpenAlarm.&#8221;<\/em><\/p>\n<\/blockquote>\n<p>Mehrere Kommentatoren schlugen vor, dem Landkreis Sonneberg die Rundfunkgeb\u00fchr zu erlassen. Mehrere k\u00fcndigten an, ihren Urlaub in Sonneberg verbringen zu wollen. Ein Nutzer postete ein Foto eines Tweets des Hamburger\u00a0<em>MDR<\/em>-Mannes aus dem Dezember 2021, in dem dieser seine Ablehnung von sogenannten &#8220;Impfgegnern&#8221; zum Ausdruck brachte.<\/p>\n<div class=\"EmbedBlock-root EmbedBlock-twitter\">\n<div class=\"TwitterEmbed\">\n<blockquote class=\"twitter-tweet lazyload\" data-twitter=\"twitter-tweet\" data-conversation=\"none\">\n<p lang=\"de\" dir=\"ltr\">Das sagt schon alles \u00fcber diesen Herrn und seine Wahrnehmungen und Einsch\u00e4tzungen. <a rel=\"nofollow noopener\" target=\"_blank\" href=\"https:\/\/t.co\/Toqn6d4cNz\">pic.twitter.com\/Toqn6d4cNz<\/a><\/p>\n<p>\u2014 harald von rosbach (@harry128_3) <a rel=\"nofollow noopener\" target=\"_blank\" href=\"https:\/\/twitter.com\/harry128_3\/status\/1673930889095462913?ref_src=twsrc%5Etfw\">June 28, 2023<\/a><\/p><\/blockquote>\n<\/div>\n<\/div>\n<p>Vo\u00df selbst res\u00fcmierte die Debatte am Mittwoch so:<\/p>\n<blockquote>\n<p><em>&#8220;Der Hass, der mir hier entgegenschl\u00e4gt, zeigt, was wir in Deutschland zu erwarten haben, wenn die AfD wirklich wichtige Positionen \u00fcbernimmt.&#8221;<\/em><\/p>\n<\/blockquote>\n<p>Vo\u00df&#8217;\u00a0urspr\u00fcnglicher Tweet mit dem Boykottaufruf wurde \u2013 Stand Mittwochmittag \u2013 knapp 264.000 Mal aufgerufen und erhielt dabei nur 111 Likes.<\/p>\n<p><strong>Mehr zum Thema<\/strong> &#8211; <a rel=\"nofollow noopener\" target=\"_blank\" href=\"https:\/\/freeassange.rtde.live\/inland\/173798-nach-sonneberger-wahl-buhlen-um\/\">Nach AfD-Erfolg in Sonneberg: Buhlen um Wagenknecht<\/a><\/p>\n<\/p>\n<\/div>\n<p><script async src=\"https:\/\/platform.twitter.com\/widgets.js\" charset=\"utf-8\"><\/script><br \/>\n<br \/><br \/>\n<br \/><a href=\"https:\/\/de.rt.com\/inland\/173843-schuetzt-demokratie-mdr-redakteur-fordert\/\">Source link <\/a><\/p>\n","protected":false},"excerpt":{"rendered":"<p>Die Landratswahl im th\u00fcringischen Sonneberg schl\u00e4gt weiter Wellen. Ein MDR-Journalist hat gefordert, den Landkreis auf allen Ebenen zu boykottieren. Es gelte, die Demokratie zu sch\u00fctzen. Auf viel Zustimmung stie\u00df der Hamburger mit seiner Forderung nicht. Nach dem Erfolg des AfD-Kandidaten bei der Landratswahl im th\u00fcringischen Sonneberg am Sonntag hat ein leitender Redakteur des Mitteldeutschen Rundfunks [&hellip;]<\/p>\n","protected":false},"author":3,"featured_media":39066,"comment_status":"open","ping_status":"open","sticky":false,"template":"","format":"standard","meta":{"_yoast_indexnow_last_ping":["1687962594"],"wp_automatic_camp":["217"],"86fb028d67d3c0046eddc1bb3527eafb":["&quot;Sch\u00fctzt die Demokratie&quot; \u2013 MDR-Redakteur fordert Boykott des Landkreises Sonneberg"],"original_link":["https:\/\/de.rt.com\/inland\/173843-schuetzt-demokratie-mdr-redakteur-fordert\/"],"_thumbnail_id":["39066"],"jnews_social_counter_last_update":["1777260750"],"_wptgpro_p2tg_sent2tg":["a:1:{i:23737;s:19:\"2023-06-28 16:31:08\";}"]},"categories":[19,23],"tags":[11442,6160,583,45,355,46144,46143,46142,46049],"yoast_head":"<!-- This site is optimized with the Yoast SEO Premium plugin v22.7 (Yoast SEO v22.7) - https:\/\/yoast.com\/wordpress\/plugins\/seo\/ -->\n<title>&quot;Sch\u00fctzt die Demokratie&quot; \u2013 MDR-Redakteur fordert Boykott des Landkreises Sonneberg - just-now.NEWS Deutschland<\/title>\n<meta name=\"robots\" content=\"index, follow, max-snippet:-1, max-image-preview:large, max-video-preview:-1\" \/>\n<link rel=\"canonical\" href=\"https:\/\/now-news.de\/de\/deutschland\/schuetzt-die-demokratie-mdr-redakteur-fordert-boykott-des-landkreises-sonneberg\/\" \/>\n<meta property=\"og:locale\" content=\"de_DE\" \/>\n<meta property=\"og:type\" content=\"article\" \/>\n<meta property=\"og:title\" content=\"&quot;Sch\u00fctzt die Demokratie&quot; \u2013 MDR-Redakteur fordert Boykott des Landkreises Sonneberg\" \/>\n<meta property=\"og:description\" content=\"Die Landratswahl im th\u00fcringischen Sonneberg schl\u00e4gt weiter Wellen. Ein MDR-Journalist hat gefordert, den Landkreis auf allen Ebenen zu boykottieren. Es gelte, die Demokratie zu sch\u00fctzen. Auf viel Zustimmung stie\u00df der Hamburger mit seiner Forderung nicht. Nach dem Erfolg des AfD-Kandidaten bei der Landratswahl im th\u00fcringischen Sonneberg am Sonntag hat ein leitender Redakteur des Mitteldeutschen Rundfunks [&hellip;]\" \/>\n<meta property=\"og:url\" content=\"https:\/\/now-news.de\/de\/deutschland\/schuetzt-die-demokratie-mdr-redakteur-fordert-boykott-des-landkreises-sonneberg\/\" \/>\n<meta property=\"og:site_name\" content=\"just-now.NEWS Deutschland\" \/>\n<meta property=\"article:publisher\" content=\"https:\/\/www.facebook.com\/wirmachenauf\" \/>\n<meta property=\"article:published_time\" content=\"2023-06-28T14:23:31+00:00\" \/>\n<meta property=\"og:image\" content=\"https:\/\/now-news.de\/de\/wp-content\/uploads\/sites\/3\/2023\/06\/quotSchuetzt-die-Demokratiequot-\u2013-MDR-Redakteur-fordert-Boykott-des-Landkreises-Sonneberg.jpg\" \/>\n\t<meta property=\"og:image:width\" content=\"460\" \/>\n\t<meta property=\"og:image:height\" content=\"259\" \/>\n\t<meta property=\"og:image:type\" content=\"image\/jpeg\" \/>\n<meta name=\"author\" content=\"rtnews\" \/>\n<meta name=\"twitter:card\" content=\"summary_large_image\" \/>\n<meta name=\"twitter:creator\" content=\"@WirMachenAuf_de\" \/>\n<meta name=\"twitter:site\" content=\"@WirMachenAuf_de\" \/>\n<meta name=\"twitter:label1\" content=\"Verfasst von\" \/>\n\t<meta name=\"twitter:data1\" content=\"rtnews\" \/>\n\t<meta name=\"twitter:label2\" content=\"Gesch\u00e4tzte Lesezeit\" \/>\n\t<meta name=\"twitter:data2\" content=\"3\u00a0Minuten\" \/>\n<script type=\"application\/ld+json\" class=\"yoast-schema-graph\">{\"@context\":\"https:\/\/schema.org\",\"@graph\":[{\"@type\":\"Article\",\"@id\":\"https:\/\/now-news.de\/de\/deutschland\/schuetzt-die-demokratie-mdr-redakteur-fordert-boykott-des-landkreises-sonneberg\/#article\",\"isPartOf\":{\"@id\":\"https:\/\/now-news.de\/de\/deutschland\/schuetzt-die-demokratie-mdr-redakteur-fordert-boykott-des-landkreises-sonneberg\/\"},\"author\":{\"name\":\"rtnews\",\"@id\":\"https:\/\/now-news.de\/de\/#\/schema\/person\/fb534a4e865501d8b3285208df34a9b5\"},\"headline\":\"&quot;Sch\u00fctzt die Demokratie&quot; \u2013 MDR-Redakteur fordert Boykott des Landkreises Sonneberg\",\"datePublished\":\"2023-06-28T14:23:31+00:00\",\"dateModified\":\"2023-06-28T14:23:31+00:00\",\"mainEntityOfPage\":{\"@id\":\"https:\/\/now-news.de\/de\/deutschland\/schuetzt-die-demokratie-mdr-redakteur-fordert-boykott-des-landkreises-sonneberg\/\"},\"wordCount\":601,\"commentCount\":0,\"publisher\":{\"@id\":\"https:\/\/now-news.de\/de\/#organization\"},\"image\":{\"@id\":\"https:\/\/now-news.de\/de\/deutschland\/schuetzt-die-demokratie-mdr-redakteur-fordert-boykott-des-landkreises-sonneberg\/#primaryimage\"},\"thumbnailUrl\":\"https:\/\/now-news.de\/de\/wp-content\/uploads\/sites\/3\/2023\/06\/quotSchuetzt-die-Demokratiequot-\u2013-MDR-Redakteur-fordert-Boykott-des-Landkreises-Sonneberg.jpg\",\"keywords\":[\"boykott\",\"Demokratiequot\",\"des\",\"die\",\"fordert\",\"Landkreises\",\"MDRRedakteur\",\"quotSch\u00fctzt\",\"Sonneberg\"],\"articleSection\":[\"Deutschland\",\"Russland\"],\"inLanguage\":\"de\",\"potentialAction\":[{\"@type\":\"CommentAction\",\"name\":\"Comment\",\"target\":[\"https:\/\/now-news.de\/de\/deutschland\/schuetzt-die-demokratie-mdr-redakteur-fordert-boykott-des-landkreises-sonneberg\/#respond\"]}]},{\"@type\":\"WebPage\",\"@id\":\"https:\/\/now-news.de\/de\/deutschland\/schuetzt-die-demokratie-mdr-redakteur-fordert-boykott-des-landkreises-sonneberg\/\",\"url\":\"https:\/\/now-news.de\/de\/deutschland\/schuetzt-die-demokratie-mdr-redakteur-fordert-boykott-des-landkreises-sonneberg\/\",\"name\":\"&quot;Sch\u00fctzt die Demokratie&quot; \u2013 MDR-Redakteur fordert Boykott des Landkreises Sonneberg - just-now.NEWS Deutschland\",\"isPartOf\":{\"@id\":\"https:\/\/now-news.de\/de\/#website\"},\"primaryImageOfPage\":{\"@id\":\"https:\/\/now-news.de\/de\/deutschland\/schuetzt-die-demokratie-mdr-redakteur-fordert-boykott-des-landkreises-sonneberg\/#primaryimage\"},\"image\":{\"@id\":\"https:\/\/now-news.de\/de\/deutschland\/schuetzt-die-demokratie-mdr-redakteur-fordert-boykott-des-landkreises-sonneberg\/#primaryimage\"},\"thumbnailUrl\":\"https:\/\/now-news.de\/de\/wp-content\/uploads\/sites\/3\/2023\/06\/quotSchuetzt-die-Demokratiequot-\u2013-MDR-Redakteur-fordert-Boykott-des-Landkreises-Sonneberg.jpg\",\"datePublished\":\"2023-06-28T14:23:31+00:00\",\"dateModified\":\"2023-06-28T14:23:31+00:00\",\"breadcrumb\":{\"@id\":\"https:\/\/now-news.de\/de\/deutschland\/schuetzt-die-demokratie-mdr-redakteur-fordert-boykott-des-landkreises-sonneberg\/#breadcrumb\"},\"inLanguage\":\"de\",\"potentialAction\":[{\"@type\":\"ReadAction\",\"target\":[\"https:\/\/now-news.de\/de\/deutschland\/schuetzt-die-demokratie-mdr-redakteur-fordert-boykott-des-landkreises-sonneberg\/\"]}]},{\"@type\":\"ImageObject\",\"inLanguage\":\"de\",\"@id\":\"https:\/\/now-news.de\/de\/deutschland\/schuetzt-die-demokratie-mdr-redakteur-fordert-boykott-des-landkreises-sonneberg\/#primaryimage\",\"url\":\"https:\/\/now-news.de\/de\/wp-content\/uploads\/sites\/3\/2023\/06\/quotSchuetzt-die-Demokratiequot-\u2013-MDR-Redakteur-fordert-Boykott-des-Landkreises-Sonneberg.jpg\",\"contentUrl\":\"https:\/\/now-news.de\/de\/wp-content\/uploads\/sites\/3\/2023\/06\/quotSchuetzt-die-Demokratiequot-\u2013-MDR-Redakteur-fordert-Boykott-des-Landkreises-Sonneberg.jpg\",\"width\":460,\"height\":259,\"caption\":\"&quot;Sch\u00fctzt die Demokratie&quot; \u2013 MDR-Redakteur fordert Boykott des Landkreises Sonneberg\"},{\"@type\":\"BreadcrumbList\",\"@id\":\"https:\/\/now-news.de\/de\/deutschland\/schuetzt-die-demokratie-mdr-redakteur-fordert-boykott-des-landkreises-sonneberg\/#breadcrumb\",\"itemListElement\":[{\"@type\":\"ListItem\",\"position\":1,\"name\":\"Home\",\"item\":\"https:\/\/now-news.de\/de\/\"},{\"@type\":\"ListItem\",\"position\":2,\"name\":\"&quot;Sch\u00fctzt die Demokratie&quot; \u2013 MDR-Redakteur fordert Boykott des Landkreises Sonneberg\"}]},{\"@type\":\"WebSite\",\"@id\":\"https:\/\/now-news.de\/de\/#website\",\"url\":\"https:\/\/now-news.de\/de\/\",\"name\":\"just-now.NEWS Deutschland\",\"description\":\"Das Portal f\u00fcr unzensierte Nachrichten aus der Welt\",\"publisher\":{\"@id\":\"https:\/\/now-news.de\/de\/#organization\"},\"potentialAction\":[{\"@type\":\"SearchAction\",\"target\":{\"@type\":\"EntryPoint\",\"urlTemplate\":\"https:\/\/now-news.de\/de\/?s={search_term_string}\"},\"query-input\":\"required name=search_term_string\"}],\"inLanguage\":\"de\"},{\"@type\":\"Organization\",\"@id\":\"https:\/\/now-news.de\/de\/#organization\",\"name\":\"Just Now News\",\"url\":\"https:\/\/now-news.de\/de\/\",\"logo\":{\"@type\":\"ImageObject\",\"inLanguage\":\"de\",\"@id\":\"https:\/\/now-news.de\/de\/#\/schema\/logo\/image\/\",\"url\":\"http:\/\/just-now.news\/de\/wp-content\/uploads\/sites\/3\/2022\/04\/logo500x500.jpg\",\"contentUrl\":\"http:\/\/just-now.news\/de\/wp-content\/uploads\/sites\/3\/2022\/04\/logo500x500.jpg\",\"width\":500,\"height\":500,\"caption\":\"Just Now News\"},\"image\":{\"@id\":\"https:\/\/now-news.de\/de\/#\/schema\/logo\/image\/\"},\"sameAs\":[\"https:\/\/www.facebook.com\/wirmachenauf\",\"https:\/\/x.com\/WirMachenAuf_de\"]},{\"@type\":\"Person\",\"@id\":\"https:\/\/now-news.de\/de\/#\/schema\/person\/fb534a4e865501d8b3285208df34a9b5\",\"name\":\"rtnews\",\"image\":{\"@type\":\"ImageObject\",\"inLanguage\":\"de\",\"@id\":\"https:\/\/now-news.de\/de\/#\/schema\/person\/image\/\",\"url\":\"https:\/\/secure.gravatar.com\/avatar\/82aafea7d8127119dd649515f56e2117?s=96&d=mm&r=g\",\"contentUrl\":\"https:\/\/secure.gravatar.com\/avatar\/82aafea7d8127119dd649515f56e2117?s=96&d=mm&r=g\",\"caption\":\"rtnews\"},\"url\":\"https:\/\/now-news.de\/de\/author\/rnews\/\"}]}<\/script>\n<!-- \/ Yoast SEO Premium plugin. -->","yoast_head_json":{"title":"&quot;Sch\u00fctzt die Demokratie&quot; \u2013 MDR-Redakteur fordert Boykott des Landkreises Sonneberg - just-now.NEWS Deutschland","robots":{"index":"index","follow":"follow","max-snippet":"max-snippet:-1","max-image-preview":"max-image-preview:large","max-video-preview":"max-video-preview:-1"},"canonical":"https:\/\/now-news.de\/de\/deutschland\/schuetzt-die-demokratie-mdr-redakteur-fordert-boykott-des-landkreises-sonneberg\/","og_locale":"de_DE","og_type":"article","og_title":"&quot;Sch\u00fctzt die Demokratie&quot; \u2013 MDR-Redakteur fordert Boykott des Landkreises Sonneberg","og_description":"Die Landratswahl im th\u00fcringischen Sonneberg schl\u00e4gt weiter Wellen. Ein MDR-Journalist hat gefordert, den Landkreis auf allen Ebenen zu boykottieren. Es gelte, die Demokratie zu sch\u00fctzen. Auf viel Zustimmung stie\u00df der Hamburger mit seiner Forderung nicht. Nach dem Erfolg des AfD-Kandidaten bei der Landratswahl im th\u00fcringischen Sonneberg am Sonntag hat ein leitender Redakteur des Mitteldeutschen Rundfunks [&hellip;]","og_url":"https:\/\/now-news.de\/de\/deutschland\/schuetzt-die-demokratie-mdr-redakteur-fordert-boykott-des-landkreises-sonneberg\/","og_site_name":"just-now.NEWS Deutschland","article_publisher":"https:\/\/www.facebook.com\/wirmachenauf","article_published_time":"2023-06-28T14:23:31+00:00","og_image":[{"width":460,"height":259,"url":"https:\/\/now-news.de\/de\/wp-content\/uploads\/sites\/3\/2023\/06\/quotSchuetzt-die-Demokratiequot-\u2013-MDR-Redakteur-fordert-Boykott-des-Landkreises-Sonneberg.jpg","type":"image\/jpeg"}],"author":"rtnews","twitter_card":"summary_large_image","twitter_creator":"@WirMachenAuf_de","twitter_site":"@WirMachenAuf_de","twitter_misc":{"Verfasst von":"rtnews","Gesch\u00e4tzte Lesezeit":"3\u00a0Minuten"},"schema":{"@context":"https:\/\/schema.org","@graph":[{"@type":"Article","@id":"https:\/\/now-news.de\/de\/deutschland\/schuetzt-die-demokratie-mdr-redakteur-fordert-boykott-des-landkreises-sonneberg\/#article","isPartOf":{"@id":"https:\/\/now-news.de\/de\/deutschland\/schuetzt-die-demokratie-mdr-redakteur-fordert-boykott-des-landkreises-sonneberg\/"},"author":{"name":"rtnews","@id":"https:\/\/now-news.de\/de\/#\/schema\/person\/fb534a4e865501d8b3285208df34a9b5"},"headline":"&quot;Sch\u00fctzt die Demokratie&quot; \u2013 MDR-Redakteur fordert Boykott des Landkreises Sonneberg","datePublished":"2023-06-28T14:23:31+00:00","dateModified":"2023-06-28T14:23:31+00:00","mainEntityOfPage":{"@id":"https:\/\/now-news.de\/de\/deutschland\/schuetzt-die-demokratie-mdr-redakteur-fordert-boykott-des-landkreises-sonneberg\/"},"wordCount":601,"commentCount":0,"publisher":{"@id":"https:\/\/now-news.de\/de\/#organization"},"image":{"@id":"https:\/\/now-news.de\/de\/deutschland\/schuetzt-die-demokratie-mdr-redakteur-fordert-boykott-des-landkreises-sonneberg\/#primaryimage"},"thumbnailUrl":"https:\/\/now-news.de\/de\/wp-content\/uploads\/sites\/3\/2023\/06\/quotSchuetzt-die-Demokratiequot-\u2013-MDR-Redakteur-fordert-Boykott-des-Landkreises-Sonneberg.jpg","keywords":["boykott","Demokratiequot","des","die","fordert","Landkreises","MDRRedakteur","quotSch\u00fctzt","Sonneberg"],"articleSection":["Deutschland","Russland"],"inLanguage":"de","potentialAction":[{"@type":"CommentAction","name":"Comment","target":["https:\/\/now-news.de\/de\/deutschland\/schuetzt-die-demokratie-mdr-redakteur-fordert-boykott-des-landkreises-sonneberg\/#respond"]}]},{"@type":"WebPage","@id":"https:\/\/now-news.de\/de\/deutschland\/schuetzt-die-demokratie-mdr-redakteur-fordert-boykott-des-landkreises-sonneberg\/","url":"https:\/\/now-news.de\/de\/deutschland\/schuetzt-die-demokratie-mdr-redakteur-fordert-boykott-des-landkreises-sonneberg\/","name":"&quot;Sch\u00fctzt die Demokratie&quot; \u2013 MDR-Redakteur fordert Boykott des Landkreises Sonneberg - just-now.NEWS Deutschland","isPartOf":{"@id":"https:\/\/now-news.de\/de\/#website"},"primaryImageOfPage":{"@id":"https:\/\/now-news.de\/de\/deutschland\/schuetzt-die-demokratie-mdr-redakteur-fordert-boykott-des-landkreises-sonneberg\/#primaryimage"},"image":{"@id":"https:\/\/now-news.de\/de\/deutschland\/schuetzt-die-demokratie-mdr-redakteur-fordert-boykott-des-landkreises-sonneberg\/#primaryimage"},"thumbnailUrl":"https:\/\/now-news.de\/de\/wp-content\/uploads\/sites\/3\/2023\/06\/quotSchuetzt-die-Demokratiequot-\u2013-MDR-Redakteur-fordert-Boykott-des-Landkreises-Sonneberg.jpg","datePublished":"2023-06-28T14:23:31+00:00","dateModified":"2023-06-28T14:23:31+00:00","breadcrumb":{"@id":"https:\/\/now-news.de\/de\/deutschland\/schuetzt-die-demokratie-mdr-redakteur-fordert-boykott-des-landkreises-sonneberg\/#breadcrumb"},"inLanguage":"de","potentialAction":[{"@type":"ReadAction","target":["https:\/\/now-news.de\/de\/deutschland\/schuetzt-die-demokratie-mdr-redakteur-fordert-boykott-des-landkreises-sonneberg\/"]}]},{"@type":"ImageObject","inLanguage":"de","@id":"https:\/\/now-news.de\/de\/deutschland\/schuetzt-die-demokratie-mdr-redakteur-fordert-boykott-des-landkreises-sonneberg\/#primaryimage","url":"https:\/\/now-news.de\/de\/wp-content\/uploads\/sites\/3\/2023\/06\/quotSchuetzt-die-Demokratiequot-\u2013-MDR-Redakteur-fordert-Boykott-des-Landkreises-Sonneberg.jpg","contentUrl":"https:\/\/now-news.de\/de\/wp-content\/uploads\/sites\/3\/2023\/06\/quotSchuetzt-die-Demokratiequot-\u2013-MDR-Redakteur-fordert-Boykott-des-Landkreises-Sonneberg.jpg","width":460,"height":259,"caption":"&quot;Sch\u00fctzt die Demokratie&quot; \u2013 MDR-Redakteur fordert Boykott des Landkreises Sonneberg"},{"@type":"BreadcrumbList","@id":"https:\/\/now-news.de\/de\/deutschland\/schuetzt-die-demokratie-mdr-redakteur-fordert-boykott-des-landkreises-sonneberg\/#breadcrumb","itemListElement":[{"@type":"ListItem","position":1,"name":"Home","item":"https:\/\/now-news.de\/de\/"},{"@type":"ListItem","position":2,"name":"&quot;Sch\u00fctzt die Demokratie&quot; \u2013 MDR-Redakteur fordert Boykott des Landkreises Sonneberg"}]},{"@type":"WebSite","@id":"https:\/\/now-news.de\/de\/#website","url":"https:\/\/now-news.de\/de\/","name":"just-now.NEWS Deutschland","description":"Das Portal f\u00fcr unzensierte Nachrichten aus der Welt","publisher":{"@id":"https:\/\/now-news.de\/de\/#organization"},"potentialAction":[{"@type":"SearchAction","target":{"@type":"EntryPoint","urlTemplate":"https:\/\/now-news.de\/de\/?s={search_term_string}"},"query-input":"required name=search_term_string"}],"inLanguage":"de"},{"@type":"Organization","@id":"https:\/\/now-news.de\/de\/#organization","name":"Just Now News","url":"https:\/\/now-news.de\/de\/","logo":{"@type":"ImageObject","inLanguage":"de","@id":"https:\/\/now-news.de\/de\/#\/schema\/logo\/image\/","url":"http:\/\/just-now.news\/de\/wp-content\/uploads\/sites\/3\/2022\/04\/logo500x500.jpg","contentUrl":"http:\/\/just-now.news\/de\/wp-content\/uploads\/sites\/3\/2022\/04\/logo500x500.jpg","width":500,"height":500,"caption":"Just Now News"},"image":{"@id":"https:\/\/now-news.de\/de\/#\/schema\/logo\/image\/"},"sameAs":["https:\/\/www.facebook.com\/wirmachenauf","https:\/\/x.com\/WirMachenAuf_de"]},{"@type":"Person","@id":"https:\/\/now-news.de\/de\/#\/schema\/person\/fb534a4e865501d8b3285208df34a9b5","name":"rtnews","image":{"@type":"ImageObject","inLanguage":"de","@id":"https:\/\/now-news.de\/de\/#\/schema\/person\/image\/","url":"https:\/\/secure.gravatar.com\/avatar\/82aafea7d8127119dd649515f56e2117?s=96&d=mm&r=g","contentUrl":"https:\/\/secure.gravatar.com\/avatar\/82aafea7d8127119dd649515f56e2117?s=96&d=mm&r=g","caption":"rtnews"},"url":"https:\/\/now-news.de\/de\/author\/rnews\/"}]}},"_links":{"self":[{"href":"https:\/\/now-news.de\/de\/wp-json\/wp\/v2\/posts\/39065"}],"collection":[{"href":"https:\/\/now-news.de\/de\/wp-json\/wp\/v2\/posts"}],"about":[{"href":"https:\/\/now-news.de\/de\/wp-json\/wp\/v2\/types\/post"}],"author":[{"embeddable":true,"href":"https:\/\/now-news.de\/de\/wp-json\/wp\/v2\/users\/3"}],"replies":[{"embeddable":true,"href":"https:\/\/now-news.de\/de\/wp-json\/wp\/v2\/comments?post=39065"}],"version-history":[{"count":0,"href":"https:\/\/now-news.de\/de\/wp-json\/wp\/v2\/posts\/39065\/revisions"}],"wp:featuredmedia":[{"embeddable":true,"href":"https:\/\/now-news.de\/de\/wp-json\/wp\/v2\/media\/39066"}],"wp:attachment":[{"href":"https:\/\/now-news.de\/de\/wp-json\/wp\/v2\/media?parent=39065"}],"wp:term":[{"taxonomy":"category","embeddable":true,"href":"https:\/\/now-news.de\/de\/wp-json\/wp\/v2\/categories?post=39065"},{"taxonomy":"post_tag","embeddable":true,"href":"https:\/\/now-news.de\/de\/wp-json\/wp\/v2\/tags?post=39065"}],"curies":[{"name":"wp","href":"https:\/\/api.w.org\/{rel}","templated":true}]}}