{"id":38945,"date":"2023-06-26T19:22:49","date_gmt":"2023-06-26T17:22:49","guid":{"rendered":"https:\/\/just-now.news\/de\/deutschland\/ukrainischer-verteidigungsminister-erwartungen-an-unsere-gegenoffensive-ueberschaetzt\/"},"modified":"2023-06-26T19:22:49","modified_gmt":"2023-06-26T17:22:49","slug":"ukrainischer-verteidigungsminister-erwartungen-an-unsere-gegenoffensive-ueberschaetzt","status":"publish","type":"post","link":"https:\/\/now-news.de\/de\/deutschland\/ukrainischer-verteidigungsminister-erwartungen-an-unsere-gegenoffensive-ueberschaetzt\/","title":{"rendered":"Ukrainischer Verteidigungsminister: Erwartungen an unsere Gegenoffensive &quot;\u00fcbersch\u00e4tzt&quot;"},"content":{"rendered":"<p><img decoding=\"async\" src=\"http:\/\/just-now.news\/de\/wp-content\/uploads\/sites\/3\/2023\/06\/6499899eb480cc587a340284.jpg\" \/><\/p>\n<div class=\"Text-root Text-type_1 \">\n                Der ukrainische Verteidigungsminister hat einger\u00e4umt, dass die anf\u00e4nglichen Erwartungen an eine ukrainische Gegenoffensive zu hoch gewesen seien. Die Ukraine handele vielmehr sehr vorsichtig, um ihre Soldaten nicht in Gefahr zu bringen.\n            <\/div>\n<p><\/p>\n<div class=\"Text-root Text-type_5 ArticleView-text ViewText-root \">\n<p>Der ukrainische Verteidigungsminister hat am Sonntag erkl\u00e4rt, dass die Erwartungen an die laufende Gegenoffensive Kiews gegen Russland &#8220;\u00fcbersch\u00e4tzt&#8221; worden seien. Die Offensive der ukrainischen Streitkr\u00e4fte sollte eher als &#8220;eine Art vorbereitende Operation&#8221; und nicht als Entscheidungsschlacht betrachtet werden.<\/p>\n<p>In einem Interview mit den <em>Fox News<\/em> betonte Alexei Resnikow, Kiew h\u00e4tte seine Offensive nie als einen &#8220;Blitzkrieg&#8221; geplant.\u00a0Er r\u00e4umte ein, dass die Russen &#8220;sehr starke Verteidigungslinien&#8221; entlang der gesamten Frontlinie errichtet haben.<\/p>\n<p>Gleichzeitig betonte der Minister, dass die ins Stocken geratenen Bem\u00fchungen dennoch der &#8220;n\u00e4chste Schritt zum Sieg&#8221; seien. Er behauptete auch, dass Kiew bei der Stationierung seiner Truppen auf dem Schlachtfeld sehr vorsichtig vorgegangen sei und bestm\u00f6glich agiert habe, um &#8220;Leben zu retten&#8221;, w\u00e4hrend Moskau seine Truppen in einen &#8220;Fleischwolf&#8221; geschickt habe. Der Minister zeigte sich zuversichtlich, dass dieses Jahr einen &#8220;Wendepunkt&#8221; in dem milit\u00e4rischen Konflikt bringen wird, forderte die \u00d6ffentlichkeit jedoch auf, keinen entscheidenden Sieg zu erwarten.<\/p>\n<p>Die F\u00fchrung der Ukraine hatte Anfang Juni eine lang angek\u00fcndigte Gegenoffensive gestartet und dabei wiederholt russische Stellungen an verschiedenen Punkten der Frontlinie angreifen lassen. Bislang haben alle Vorst\u00f6\u00dfe allerdings keine greifbaren Ergebnisse gebracht. Auch der ukrainische Pr\u00e4sident Wladimir Selenskij pers\u00f6nlich gab unl\u00e4ngst zu, dass die Fortschritte auf dem Schlachtfeld &#8220;langsamer sind als gew\u00fcnscht&#8221;.<\/p>\n<p>Nach Einsch\u00e4tzung des russischen Verteidigungsministeriums hat Kiew bei dieser j\u00fcngsten Offensive rund 13.000 Mann und zahlreiche milit\u00e4rische Ausr\u00fcstung verloren.\u00a0<\/p>\n<p><strong>Mehr zum Thema<\/strong> &#8211; <a rel=\"nofollow noopener\" target=\"_blank\" href=\"https:\/\/gegenzensur.rtde.live\/europa\/173349-ukrainischer-premierminister-acht-doerfer-und\/\">Ukrainischer Ministerpr\u00e4sident: &#8220;Acht D\u00f6rfer und 113 Quadratkilometer zur\u00fcckerobert&#8221;<\/a><\/p>\n<\/div>\n<p><br \/>\n<br \/><a href=\"https:\/\/de.rt.com\/europa\/173669-ukrainischer-verteidigungsminister-erwartungen-an-unsere\/\">Source link <\/a><\/p>\n","protected":false},"excerpt":{"rendered":"<p>Der ukrainische Verteidigungsminister hat einger\u00e4umt, dass die anf\u00e4nglichen Erwartungen an eine ukrainische Gegenoffensive zu hoch gewesen seien. Die Ukraine handele vielmehr sehr vorsichtig, um ihre Soldaten nicht in Gefahr zu bringen. Der ukrainische Verteidigungsminister hat am Sonntag erkl\u00e4rt, dass die Erwartungen an die laufende Gegenoffensive Kiews gegen Russland &#8220;\u00fcbersch\u00e4tzt&#8221; worden seien. Die Offensive der ukrainischen [&hellip;]<\/p>\n","protected":false},"author":3,"featured_media":38946,"comment_status":"open","ping_status":"open","sticky":false,"template":"","format":"standard","meta":{"_yoast_indexnow_last_ping":["1687800295"],"wp_automatic_camp":["217"],"ea08f6f964071e551882e07caeae5135":["Ukrainischer Verteidigungsminister: Erwartungen an unsere Gegenoffensive &quot;\u00fcbersch\u00e4tzt&quot;"],"original_link":["https:\/\/de.rt.com\/europa\/173669-ukrainischer-verteidigungsminister-erwartungen-an-unsere\/"],"_thumbnail_id":["38946"],"_wptgpro_p2tg_sent2tg":["a:1:{i:23737;s:19:\"2023-06-26 19:26:36\";}"],"jnews_social_counter_last_update":["1777575957"]},"categories":[19,23],"tags":[13544,33957,46089,488,12596,5456],"yoast_head":"<!-- This site is optimized with the Yoast SEO Premium plugin v22.7 (Yoast SEO v22.7) - https:\/\/yoast.com\/wordpress\/plugins\/seo\/ -->\n<title>Ukrainischer Verteidigungsminister: Erwartungen an unsere Gegenoffensive &quot;\u00fcbersch\u00e4tzt&quot; - just-now.NEWS Deutschland<\/title>\n<meta name=\"robots\" content=\"index, follow, max-snippet:-1, max-image-preview:large, max-video-preview:-1\" \/>\n<link rel=\"canonical\" href=\"https:\/\/now-news.de\/de\/deutschland\/ukrainischer-verteidigungsminister-erwartungen-an-unsere-gegenoffensive-ueberschaetzt\/\" \/>\n<meta property=\"og:locale\" content=\"de_DE\" \/>\n<meta property=\"og:type\" content=\"article\" \/>\n<meta property=\"og:title\" content=\"Ukrainischer Verteidigungsminister: Erwartungen an unsere Gegenoffensive &quot;\u00fcbersch\u00e4tzt&quot;\" \/>\n<meta property=\"og:description\" content=\"Der ukrainische Verteidigungsminister hat einger\u00e4umt, dass die anf\u00e4nglichen Erwartungen an eine ukrainische Gegenoffensive zu hoch gewesen seien. Die Ukraine handele vielmehr sehr vorsichtig, um ihre Soldaten nicht in Gefahr zu bringen. Der ukrainische Verteidigungsminister hat am Sonntag erkl\u00e4rt, dass die Erwartungen an die laufende Gegenoffensive Kiews gegen Russland &#8220;\u00fcbersch\u00e4tzt&#8221; worden seien. Die Offensive der ukrainischen [&hellip;]\" \/>\n<meta property=\"og:url\" content=\"https:\/\/now-news.de\/de\/deutschland\/ukrainischer-verteidigungsminister-erwartungen-an-unsere-gegenoffensive-ueberschaetzt\/\" \/>\n<meta property=\"og:site_name\" content=\"just-now.NEWS Deutschland\" \/>\n<meta property=\"article:publisher\" content=\"https:\/\/www.facebook.com\/wirmachenauf\" \/>\n<meta property=\"article:published_time\" content=\"2023-06-26T17:22:49+00:00\" \/>\n<meta property=\"og:image\" content=\"https:\/\/now-news.de\/de\/wp-content\/uploads\/sites\/3\/2023\/06\/Ukrainischer-Verteidigungsminister-Erwartungen-an-unsere-Gegenoffensive-quotueberschaetztquot.jpg\" \/>\n\t<meta property=\"og:image:width\" content=\"460\" \/>\n\t<meta property=\"og:image:height\" content=\"259\" \/>\n\t<meta property=\"og:image:type\" content=\"image\/jpeg\" \/>\n<meta name=\"author\" content=\"rtnews\" \/>\n<meta name=\"twitter:card\" content=\"summary_large_image\" \/>\n<meta name=\"twitter:creator\" content=\"@WirMachenAuf_de\" \/>\n<meta name=\"twitter:site\" content=\"@WirMachenAuf_de\" \/>\n<meta name=\"twitter:label1\" content=\"Verfasst von\" \/>\n\t<meta name=\"twitter:data1\" content=\"rtnews\" \/>\n\t<meta name=\"twitter:label2\" content=\"Gesch\u00e4tzte Lesezeit\" \/>\n\t<meta name=\"twitter:data2\" content=\"1\u00a0Minute\" \/>\n<script type=\"application\/ld+json\" class=\"yoast-schema-graph\">{\"@context\":\"https:\/\/schema.org\",\"@graph\":[{\"@type\":\"Article\",\"@id\":\"https:\/\/now-news.de\/de\/deutschland\/ukrainischer-verteidigungsminister-erwartungen-an-unsere-gegenoffensive-ueberschaetzt\/#article\",\"isPartOf\":{\"@id\":\"https:\/\/now-news.de\/de\/deutschland\/ukrainischer-verteidigungsminister-erwartungen-an-unsere-gegenoffensive-ueberschaetzt\/\"},\"author\":{\"name\":\"rtnews\",\"@id\":\"https:\/\/now-news.de\/de\/#\/schema\/person\/fb534a4e865501d8b3285208df34a9b5\"},\"headline\":\"Ukrainischer Verteidigungsminister: Erwartungen an unsere Gegenoffensive &quot;\u00fcbersch\u00e4tzt&quot;\",\"datePublished\":\"2023-06-26T17:22:49+00:00\",\"dateModified\":\"2023-06-26T17:22:49+00:00\",\"mainEntityOfPage\":{\"@id\":\"https:\/\/now-news.de\/de\/deutschland\/ukrainischer-verteidigungsminister-erwartungen-an-unsere-gegenoffensive-ueberschaetzt\/\"},\"wordCount\":301,\"commentCount\":0,\"publisher\":{\"@id\":\"https:\/\/now-news.de\/de\/#organization\"},\"image\":{\"@id\":\"https:\/\/now-news.de\/de\/deutschland\/ukrainischer-verteidigungsminister-erwartungen-an-unsere-gegenoffensive-ueberschaetzt\/#primaryimage\"},\"thumbnailUrl\":\"https:\/\/now-news.de\/de\/wp-content\/uploads\/sites\/3\/2023\/06\/Ukrainischer-Verteidigungsminister-Erwartungen-an-unsere-Gegenoffensive-quotueberschaetztquot.jpg\",\"keywords\":[\"Erwartungen\",\"Gegenoffensive\",\"quot\u00fcbersch\u00e4tztquot\",\"Ukrainischer\",\"Unsere\",\"Verteidigungsminister\"],\"articleSection\":[\"Deutschland\",\"Russland\"],\"inLanguage\":\"de\",\"potentialAction\":[{\"@type\":\"CommentAction\",\"name\":\"Comment\",\"target\":[\"https:\/\/now-news.de\/de\/deutschland\/ukrainischer-verteidigungsminister-erwartungen-an-unsere-gegenoffensive-ueberschaetzt\/#respond\"]}]},{\"@type\":\"WebPage\",\"@id\":\"https:\/\/now-news.de\/de\/deutschland\/ukrainischer-verteidigungsminister-erwartungen-an-unsere-gegenoffensive-ueberschaetzt\/\",\"url\":\"https:\/\/now-news.de\/de\/deutschland\/ukrainischer-verteidigungsminister-erwartungen-an-unsere-gegenoffensive-ueberschaetzt\/\",\"name\":\"Ukrainischer Verteidigungsminister: Erwartungen an unsere Gegenoffensive &quot;\u00fcbersch\u00e4tzt&quot; - just-now.NEWS Deutschland\",\"isPartOf\":{\"@id\":\"https:\/\/now-news.de\/de\/#website\"},\"primaryImageOfPage\":{\"@id\":\"https:\/\/now-news.de\/de\/deutschland\/ukrainischer-verteidigungsminister-erwartungen-an-unsere-gegenoffensive-ueberschaetzt\/#primaryimage\"},\"image\":{\"@id\":\"https:\/\/now-news.de\/de\/deutschland\/ukrainischer-verteidigungsminister-erwartungen-an-unsere-gegenoffensive-ueberschaetzt\/#primaryimage\"},\"thumbnailUrl\":\"https:\/\/now-news.de\/de\/wp-content\/uploads\/sites\/3\/2023\/06\/Ukrainischer-Verteidigungsminister-Erwartungen-an-unsere-Gegenoffensive-quotueberschaetztquot.jpg\",\"datePublished\":\"2023-06-26T17:22:49+00:00\",\"dateModified\":\"2023-06-26T17:22:49+00:00\",\"breadcrumb\":{\"@id\":\"https:\/\/now-news.de\/de\/deutschland\/ukrainischer-verteidigungsminister-erwartungen-an-unsere-gegenoffensive-ueberschaetzt\/#breadcrumb\"},\"inLanguage\":\"de\",\"potentialAction\":[{\"@type\":\"ReadAction\",\"target\":[\"https:\/\/now-news.de\/de\/deutschland\/ukrainischer-verteidigungsminister-erwartungen-an-unsere-gegenoffensive-ueberschaetzt\/\"]}]},{\"@type\":\"ImageObject\",\"inLanguage\":\"de\",\"@id\":\"https:\/\/now-news.de\/de\/deutschland\/ukrainischer-verteidigungsminister-erwartungen-an-unsere-gegenoffensive-ueberschaetzt\/#primaryimage\",\"url\":\"https:\/\/now-news.de\/de\/wp-content\/uploads\/sites\/3\/2023\/06\/Ukrainischer-Verteidigungsminister-Erwartungen-an-unsere-Gegenoffensive-quotueberschaetztquot.jpg\",\"contentUrl\":\"https:\/\/now-news.de\/de\/wp-content\/uploads\/sites\/3\/2023\/06\/Ukrainischer-Verteidigungsminister-Erwartungen-an-unsere-Gegenoffensive-quotueberschaetztquot.jpg\",\"width\":460,\"height\":259,\"caption\":\"Ukrainischer Verteidigungsminister: Erwartungen an unsere Gegenoffensive &quot;\u00fcbersch\u00e4tzt&quot;\"},{\"@type\":\"BreadcrumbList\",\"@id\":\"https:\/\/now-news.de\/de\/deutschland\/ukrainischer-verteidigungsminister-erwartungen-an-unsere-gegenoffensive-ueberschaetzt\/#breadcrumb\",\"itemListElement\":[{\"@type\":\"ListItem\",\"position\":1,\"name\":\"Home\",\"item\":\"https:\/\/now-news.de\/de\/\"},{\"@type\":\"ListItem\",\"position\":2,\"name\":\"Ukrainischer Verteidigungsminister: Erwartungen an unsere Gegenoffensive &quot;\u00fcbersch\u00e4tzt&quot;\"}]},{\"@type\":\"WebSite\",\"@id\":\"https:\/\/now-news.de\/de\/#website\",\"url\":\"https:\/\/now-news.de\/de\/\",\"name\":\"just-now.NEWS Deutschland\",\"description\":\"Das Portal f\u00fcr unzensierte Nachrichten aus der Welt\",\"publisher\":{\"@id\":\"https:\/\/now-news.de\/de\/#organization\"},\"potentialAction\":[{\"@type\":\"SearchAction\",\"target\":{\"@type\":\"EntryPoint\",\"urlTemplate\":\"https:\/\/now-news.de\/de\/?s={search_term_string}\"},\"query-input\":\"required name=search_term_string\"}],\"inLanguage\":\"de\"},{\"@type\":\"Organization\",\"@id\":\"https:\/\/now-news.de\/de\/#organization\",\"name\":\"Just Now News\",\"url\":\"https:\/\/now-news.de\/de\/\",\"logo\":{\"@type\":\"ImageObject\",\"inLanguage\":\"de\",\"@id\":\"https:\/\/now-news.de\/de\/#\/schema\/logo\/image\/\",\"url\":\"http:\/\/just-now.news\/de\/wp-content\/uploads\/sites\/3\/2022\/04\/logo500x500.jpg\",\"contentUrl\":\"http:\/\/just-now.news\/de\/wp-content\/uploads\/sites\/3\/2022\/04\/logo500x500.jpg\",\"width\":500,\"height\":500,\"caption\":\"Just Now News\"},\"image\":{\"@id\":\"https:\/\/now-news.de\/de\/#\/schema\/logo\/image\/\"},\"sameAs\":[\"https:\/\/www.facebook.com\/wirmachenauf\",\"https:\/\/x.com\/WirMachenAuf_de\"]},{\"@type\":\"Person\",\"@id\":\"https:\/\/now-news.de\/de\/#\/schema\/person\/fb534a4e865501d8b3285208df34a9b5\",\"name\":\"rtnews\",\"image\":{\"@type\":\"ImageObject\",\"inLanguage\":\"de\",\"@id\":\"https:\/\/now-news.de\/de\/#\/schema\/person\/image\/\",\"url\":\"https:\/\/secure.gravatar.com\/avatar\/82aafea7d8127119dd649515f56e2117?s=96&d=mm&r=g\",\"contentUrl\":\"https:\/\/secure.gravatar.com\/avatar\/82aafea7d8127119dd649515f56e2117?s=96&d=mm&r=g\",\"caption\":\"rtnews\"},\"url\":\"https:\/\/now-news.de\/de\/author\/rnews\/\"}]}<\/script>\n<!-- \/ Yoast SEO Premium plugin. -->","yoast_head_json":{"title":"Ukrainischer Verteidigungsminister: Erwartungen an unsere Gegenoffensive &quot;\u00fcbersch\u00e4tzt&quot; - just-now.NEWS Deutschland","robots":{"index":"index","follow":"follow","max-snippet":"max-snippet:-1","max-image-preview":"max-image-preview:large","max-video-preview":"max-video-preview:-1"},"canonical":"https:\/\/now-news.de\/de\/deutschland\/ukrainischer-verteidigungsminister-erwartungen-an-unsere-gegenoffensive-ueberschaetzt\/","og_locale":"de_DE","og_type":"article","og_title":"Ukrainischer Verteidigungsminister: Erwartungen an unsere Gegenoffensive &quot;\u00fcbersch\u00e4tzt&quot;","og_description":"Der ukrainische Verteidigungsminister hat einger\u00e4umt, dass die anf\u00e4nglichen Erwartungen an eine ukrainische Gegenoffensive zu hoch gewesen seien. Die Ukraine handele vielmehr sehr vorsichtig, um ihre Soldaten nicht in Gefahr zu bringen. Der ukrainische Verteidigungsminister hat am Sonntag erkl\u00e4rt, dass die Erwartungen an die laufende Gegenoffensive Kiews gegen Russland &#8220;\u00fcbersch\u00e4tzt&#8221; worden seien. Die Offensive der ukrainischen [&hellip;]","og_url":"https:\/\/now-news.de\/de\/deutschland\/ukrainischer-verteidigungsminister-erwartungen-an-unsere-gegenoffensive-ueberschaetzt\/","og_site_name":"just-now.NEWS Deutschland","article_publisher":"https:\/\/www.facebook.com\/wirmachenauf","article_published_time":"2023-06-26T17:22:49+00:00","og_image":[{"width":460,"height":259,"url":"https:\/\/now-news.de\/de\/wp-content\/uploads\/sites\/3\/2023\/06\/Ukrainischer-Verteidigungsminister-Erwartungen-an-unsere-Gegenoffensive-quotueberschaetztquot.jpg","type":"image\/jpeg"}],"author":"rtnews","twitter_card":"summary_large_image","twitter_creator":"@WirMachenAuf_de","twitter_site":"@WirMachenAuf_de","twitter_misc":{"Verfasst von":"rtnews","Gesch\u00e4tzte Lesezeit":"1\u00a0Minute"},"schema":{"@context":"https:\/\/schema.org","@graph":[{"@type":"Article","@id":"https:\/\/now-news.de\/de\/deutschland\/ukrainischer-verteidigungsminister-erwartungen-an-unsere-gegenoffensive-ueberschaetzt\/#article","isPartOf":{"@id":"https:\/\/now-news.de\/de\/deutschland\/ukrainischer-verteidigungsminister-erwartungen-an-unsere-gegenoffensive-ueberschaetzt\/"},"author":{"name":"rtnews","@id":"https:\/\/now-news.de\/de\/#\/schema\/person\/fb534a4e865501d8b3285208df34a9b5"},"headline":"Ukrainischer Verteidigungsminister: Erwartungen an unsere Gegenoffensive &quot;\u00fcbersch\u00e4tzt&quot;","datePublished":"2023-06-26T17:22:49+00:00","dateModified":"2023-06-26T17:22:49+00:00","mainEntityOfPage":{"@id":"https:\/\/now-news.de\/de\/deutschland\/ukrainischer-verteidigungsminister-erwartungen-an-unsere-gegenoffensive-ueberschaetzt\/"},"wordCount":301,"commentCount":0,"publisher":{"@id":"https:\/\/now-news.de\/de\/#organization"},"image":{"@id":"https:\/\/now-news.de\/de\/deutschland\/ukrainischer-verteidigungsminister-erwartungen-an-unsere-gegenoffensive-ueberschaetzt\/#primaryimage"},"thumbnailUrl":"https:\/\/now-news.de\/de\/wp-content\/uploads\/sites\/3\/2023\/06\/Ukrainischer-Verteidigungsminister-Erwartungen-an-unsere-Gegenoffensive-quotueberschaetztquot.jpg","keywords":["Erwartungen","Gegenoffensive","quot\u00fcbersch\u00e4tztquot","Ukrainischer","Unsere","Verteidigungsminister"],"articleSection":["Deutschland","Russland"],"inLanguage":"de","potentialAction":[{"@type":"CommentAction","name":"Comment","target":["https:\/\/now-news.de\/de\/deutschland\/ukrainischer-verteidigungsminister-erwartungen-an-unsere-gegenoffensive-ueberschaetzt\/#respond"]}]},{"@type":"WebPage","@id":"https:\/\/now-news.de\/de\/deutschland\/ukrainischer-verteidigungsminister-erwartungen-an-unsere-gegenoffensive-ueberschaetzt\/","url":"https:\/\/now-news.de\/de\/deutschland\/ukrainischer-verteidigungsminister-erwartungen-an-unsere-gegenoffensive-ueberschaetzt\/","name":"Ukrainischer Verteidigungsminister: Erwartungen an unsere Gegenoffensive &quot;\u00fcbersch\u00e4tzt&quot; - just-now.NEWS Deutschland","isPartOf":{"@id":"https:\/\/now-news.de\/de\/#website"},"primaryImageOfPage":{"@id":"https:\/\/now-news.de\/de\/deutschland\/ukrainischer-verteidigungsminister-erwartungen-an-unsere-gegenoffensive-ueberschaetzt\/#primaryimage"},"image":{"@id":"https:\/\/now-news.de\/de\/deutschland\/ukrainischer-verteidigungsminister-erwartungen-an-unsere-gegenoffensive-ueberschaetzt\/#primaryimage"},"thumbnailUrl":"https:\/\/now-news.de\/de\/wp-content\/uploads\/sites\/3\/2023\/06\/Ukrainischer-Verteidigungsminister-Erwartungen-an-unsere-Gegenoffensive-quotueberschaetztquot.jpg","datePublished":"2023-06-26T17:22:49+00:00","dateModified":"2023-06-26T17:22:49+00:00","breadcrumb":{"@id":"https:\/\/now-news.de\/de\/deutschland\/ukrainischer-verteidigungsminister-erwartungen-an-unsere-gegenoffensive-ueberschaetzt\/#breadcrumb"},"inLanguage":"de","potentialAction":[{"@type":"ReadAction","target":["https:\/\/now-news.de\/de\/deutschland\/ukrainischer-verteidigungsminister-erwartungen-an-unsere-gegenoffensive-ueberschaetzt\/"]}]},{"@type":"ImageObject","inLanguage":"de","@id":"https:\/\/now-news.de\/de\/deutschland\/ukrainischer-verteidigungsminister-erwartungen-an-unsere-gegenoffensive-ueberschaetzt\/#primaryimage","url":"https:\/\/now-news.de\/de\/wp-content\/uploads\/sites\/3\/2023\/06\/Ukrainischer-Verteidigungsminister-Erwartungen-an-unsere-Gegenoffensive-quotueberschaetztquot.jpg","contentUrl":"https:\/\/now-news.de\/de\/wp-content\/uploads\/sites\/3\/2023\/06\/Ukrainischer-Verteidigungsminister-Erwartungen-an-unsere-Gegenoffensive-quotueberschaetztquot.jpg","width":460,"height":259,"caption":"Ukrainischer Verteidigungsminister: Erwartungen an unsere Gegenoffensive &quot;\u00fcbersch\u00e4tzt&quot;"},{"@type":"BreadcrumbList","@id":"https:\/\/now-news.de\/de\/deutschland\/ukrainischer-verteidigungsminister-erwartungen-an-unsere-gegenoffensive-ueberschaetzt\/#breadcrumb","itemListElement":[{"@type":"ListItem","position":1,"name":"Home","item":"https:\/\/now-news.de\/de\/"},{"@type":"ListItem","position":2,"name":"Ukrainischer Verteidigungsminister: Erwartungen an unsere Gegenoffensive &quot;\u00fcbersch\u00e4tzt&quot;"}]},{"@type":"WebSite","@id":"https:\/\/now-news.de\/de\/#website","url":"https:\/\/now-news.de\/de\/","name":"just-now.NEWS Deutschland","description":"Das Portal f\u00fcr unzensierte Nachrichten aus der Welt","publisher":{"@id":"https:\/\/now-news.de\/de\/#organization"},"potentialAction":[{"@type":"SearchAction","target":{"@type":"EntryPoint","urlTemplate":"https:\/\/now-news.de\/de\/?s={search_term_string}"},"query-input":"required name=search_term_string"}],"inLanguage":"de"},{"@type":"Organization","@id":"https:\/\/now-news.de\/de\/#organization","name":"Just Now News","url":"https:\/\/now-news.de\/de\/","logo":{"@type":"ImageObject","inLanguage":"de","@id":"https:\/\/now-news.de\/de\/#\/schema\/logo\/image\/","url":"http:\/\/just-now.news\/de\/wp-content\/uploads\/sites\/3\/2022\/04\/logo500x500.jpg","contentUrl":"http:\/\/just-now.news\/de\/wp-content\/uploads\/sites\/3\/2022\/04\/logo500x500.jpg","width":500,"height":500,"caption":"Just Now News"},"image":{"@id":"https:\/\/now-news.de\/de\/#\/schema\/logo\/image\/"},"sameAs":["https:\/\/www.facebook.com\/wirmachenauf","https:\/\/x.com\/WirMachenAuf_de"]},{"@type":"Person","@id":"https:\/\/now-news.de\/de\/#\/schema\/person\/fb534a4e865501d8b3285208df34a9b5","name":"rtnews","image":{"@type":"ImageObject","inLanguage":"de","@id":"https:\/\/now-news.de\/de\/#\/schema\/person\/image\/","url":"https:\/\/secure.gravatar.com\/avatar\/82aafea7d8127119dd649515f56e2117?s=96&d=mm&r=g","contentUrl":"https:\/\/secure.gravatar.com\/avatar\/82aafea7d8127119dd649515f56e2117?s=96&d=mm&r=g","caption":"rtnews"},"url":"https:\/\/now-news.de\/de\/author\/rnews\/"}]}},"_links":{"self":[{"href":"https:\/\/now-news.de\/de\/wp-json\/wp\/v2\/posts\/38945"}],"collection":[{"href":"https:\/\/now-news.de\/de\/wp-json\/wp\/v2\/posts"}],"about":[{"href":"https:\/\/now-news.de\/de\/wp-json\/wp\/v2\/types\/post"}],"author":[{"embeddable":true,"href":"https:\/\/now-news.de\/de\/wp-json\/wp\/v2\/users\/3"}],"replies":[{"embeddable":true,"href":"https:\/\/now-news.de\/de\/wp-json\/wp\/v2\/comments?post=38945"}],"version-history":[{"count":0,"href":"https:\/\/now-news.de\/de\/wp-json\/wp\/v2\/posts\/38945\/revisions"}],"wp:featuredmedia":[{"embeddable":true,"href":"https:\/\/now-news.de\/de\/wp-json\/wp\/v2\/media\/38946"}],"wp:attachment":[{"href":"https:\/\/now-news.de\/de\/wp-json\/wp\/v2\/media?parent=38945"}],"wp:term":[{"taxonomy":"category","embeddable":true,"href":"https:\/\/now-news.de\/de\/wp-json\/wp\/v2\/categories?post=38945"},{"taxonomy":"post_tag","embeddable":true,"href":"https:\/\/now-news.de\/de\/wp-json\/wp\/v2\/tags?post=38945"}],"curies":[{"name":"wp","href":"https:\/\/api.w.org\/{rel}","templated":true}]}}