{"id":38937,"date":"2023-06-26T17:02:19","date_gmt":"2023-06-26T15:02:19","guid":{"rendered":"https:\/\/just-now.news\/de\/deutschland\/genosse-praesident-zum-115-geburtstag-von-salvador-allende\/"},"modified":"2023-06-26T17:02:19","modified_gmt":"2023-06-26T15:02:19","slug":"genosse-praesident-zum-115-geburtstag-von-salvador-allende","status":"publish","type":"post","link":"https:\/\/now-news.de\/de\/deutschland\/genosse-praesident-zum-115-geburtstag-von-salvador-allende\/","title":{"rendered":"&quot;Genosse Pr\u00e4sident&quot; &#8211; Zum 115. Geburtstag von Salvador Allende"},"content":{"rendered":"<div class=\"Text-root Text-type_1 \">\n                Der erste sozialistische Pr\u00e4sident Lateinamerikas, Salvador Allende, wurde am 26. Juni 1908 im chilenischen Valparaiso geboren. Der 115-j\u00e4hrige Jahrestag seiner Geburt ist f\u00fcr den ukrainischen Lateinamerika-Experten und Autor des spanischsprachigen RT Oleg Jassinskij Anlass, ihn gegen Kritik &#8220;von links&#8221; zu verteidigen.\n            <\/div>\n<p><\/p>\n<div class=\"Text-root Text-type_5 ArticleView-text ViewText-root \">\n<p><em>Von Oleg Jassinskij<\/em><\/p>\n<p>Heute, am 26. Juni, ist der Geburtstag des gro\u00dfen Chilenen Salvador Allende. Anlass genug auf die seit einem halben Jahrhundert andauernden Debatten um seinen Namen einzugehen.<\/p>\n<p>Nach allem, was in dieser Zeit auf der Welt geschehen ist, hat das Interesse an seiner Pers\u00f6nlichkeit nicht nachgelassen, und in seinem heutigen Bild &#8211; bronzefarben und fast biblisch &#8211; ist es immer schwieriger, die Z\u00fcge eines lebenden Mannes zu erkennen.<\/p>\n<p>Nehmen wir einige Klarstellungen vor.<\/p>\n<p>Erstens. Salvador Allende war nie ein zahnloser Tiger, der die Risiken des von ihm eingeschlagenen legalen Weges verkannte. Pers\u00f6nlich war er sehr wohl ein Humanist, in seinen politischen Entscheidungen lie\u00df er sich nicht von Konjunktur und politischer Opportunit\u00e4t, sondern von der Ethik leiten. Er war, wie es einmal hie\u00df, &#8220;ein Mann der Ehre&#8221;. Das ist f\u00fcr manche immer noch unverst\u00e4ndlich.<\/p>\n<p>Zweitens. In Lateinamerika gab es in jenen Jahren einen schweren Konflikt innerhalb der linken Kr\u00e4fte zwischen der sowjetisch orientierten Kommunistischen Partei, die f\u00fcr einen &#8220;unbewaffneten Kampf f\u00fcr den Sozialismus&#8221; eintrat, und den politisch-milit\u00e4rischen Organisationen in Kuba, die davon \u00fcberzeugt waren, dass eine Revolution ohne Waffen unm\u00f6glich sei. Diese Konfrontation schw\u00e4chte die Regierung Allende zweifelsohne. Aber man kann hier nicht von &#8220;linkem Verrat&#8221; sprechen, wie die sowjetische Presse in jenen Jahren schrieb.<\/p>\n<figure class=\"RTImage-root\">\n<div class=\"RTImage-image RTImage-original\"><picture class=\"Picture-root Picture-original\"><!--[if IE 9]><video style=\"display: none;\"><![endif]--><source media=\"(-webkit-min-device-pixel-ratio: 2) and (min-resolution: 120dpi)\" data-srcset=\" \nhttp:\/\/just-now.news\/de\/wp-content\/uploads\/sites\/3\/2023\/06\/64995e5fb480cc1f4848463a.jpg 850w,\n                http:\/\/just-now.news\/de\/wp-content\/uploads\/sites\/3\/2023\/06\/64995e5fb480cc1f4848463a.jpg 1960w,\n            \" ><source data-srcset=\" \nhttp:\/\/just-now.news\/de\/wp-content\/uploads\/sites\/3\/2023\/06\/64995e5fb480cc1f4848463a.jpg 460w,\n              http:\/\/just-now.news\/de\/wp-content\/uploads\/sites\/3\/2023\/06\/64995e5fb480cc1f4848463a.jpg 980w,\n            \" ><!--[if IE 9]><\/video><![endif]--><img decoding=\"async\" data- src=\"data:image\/png;base64,iVBORw0KGgoAAAANSUhEUgAAABAAAAAJCAQAAACRI2S5AAAAEElEQVR42mNkIAAYRxWAAQAG9gAKqv6+AwAAAABJRU5ErkJggg==\" class=\"Picture-root Picture-original lazyload\" data-src=\"http:\/\/just-now.news\/de\/wp-content\/uploads\/sites\/3\/2023\/06\/64995e5fb480cc1f4848463a.jpg\" alt=\"\"><\/source><\/source><\/picture><!-- noscript pattern --><noscript><img decoding=\"async\" src=\"http:\/\/just-now.news\/de\/wp-content\/uploads\/sites\/3\/2023\/06\/64995e5fb480cc1f4848463a.jpg\" alt=\"\"><\/noscript><\/div><figcaption class=\"RTImage-footer\"><span class=\"RTImage-caption\"><span class=\"RTImage-captionItem\">Salvador Allende mit Ehefrau und Enkelkindern (01.01.1973)<\/span><\/span><span class=\"RTImage-source\"><span class=\"RTImage-captionItem\">RIA Nowosti<\/span><span class=\"RTImage-captionItem\"> \/ Sputnik<\/span><\/span><\/figcaption><\/figure>\n<p>Die Kommunistische Partei Chiles verstand in jenen Jahren besser als ihre Verb\u00fcndeten im Regierungsblock, dass die Regierung keinen allzu starken Einfluss hatte, und trat deshalb f\u00fcr ein m\u00f6glichst breites B\u00fcndnis mit allen gem\u00e4\u00dfigten Kr\u00e4ften ein. Allendes eigene Partei, die Sozialistische Partei, forderte zusammen mit ihren unverantwortlichen und infantilen Kritikern auf der Linken, dass Allende die Revolution so schnell wie m\u00f6glich radikalisieren und &#8220;unaufhaltsam voranschreiten&#8221; sollte. Die guevaristische Opposition der linken revolution\u00e4ren Bewegung MIR beharrte auf dem utopischen Charakter der &#8220;friedlichen Illusionen&#8221; des Pr\u00e4sidenten (v\u00f6llig zu Unrecht) und auf der Notwendigkeit, den bewaffneten Kampf vorzubereiten.<\/p>\n<p>Die sowjetische Hilfe f\u00fcr Chile war minimal und in keiner Weise mit dem wirtschaftlichen und politischen Druck der Vereinigten Staaten zu vergleichen. Als der Putsch begann, begab sich Allende, der von einigen &#8220;Revolution\u00e4ren&#8221; des &#8220;b\u00fcrgerlichen Reformismus&#8221; beschuldigt wurde, mit der Waffe in der Hand in den Pr\u00e4sidentenpalast, um die b\u00fcrgerliche Verfassung zu verteidigen, w\u00e4hrend diese &#8220;Revolution\u00e4re&#8221; in den Botschaften politisches Asyl suchten.<\/p>\n<p>Drittens. Das Programm der Regierung Allende sah die Verstaatlichung der wichtigsten nat\u00fcrlichen Reicht\u00fcmer Chiles und der gro\u00dfen strategischen Unternehmen vor, um eine gemischte Wirtschaft zu schaffen. Das Mehrparteiensystem und alle politischen Freiheiten sollten dabei beibehalten werden, die von den Demochristen eingeleitete Agrarreform vertieft und ein \u00f6ffentliches und kostenloses Bildungs- und Gesundheitssystem eingef\u00fchrt werden. All das war mit dem von Pinochet in Chile eingef\u00fchrten globalistischen neoliberalen System v\u00f6llig unvereinbar.<\/p>\n<p>Wenn heute vom &#8220;sozialdemokratischen Projekt&#8221; des &#8220;Freimaurers und Marxisten&#8221; Allende die Rede ist, sollte dies nicht als Anschuldigung oder Eingest\u00e4ndnis verstanden werden, sondern als historische Gegebenheit in Chile in jenen Jahren und in jener Welt. Die Wahl Allendes zum Pr\u00e4sidenten am 4. September 1970 war das erste Mal in der Weltgeschichte, dass die Anh\u00e4nger des Sozialismus eine Wahl in einem kapitalistischen Land gewannen. Aber der gro\u00dfe Realist und Utopist Allende wollte nicht den Sozialismus in Chile aufbauen, sondern erst &#8220;die Bedingungen f\u00fcr die M\u00f6glichkeit des Aufbaus des Sozialismus&#8221; schaffen.<\/p>\n<figure class=\"RTImage-root\">\n<div class=\"RTImage-image RTImage-original\"><picture class=\"Picture-root Picture-original\"><!--[if IE 9]><video style=\"display: none;\"><![endif]--><source media=\"(-webkit-min-device-pixel-ratio: 2) and (min-resolution: 120dpi)\" data-srcset=\" \nhttp:\/\/just-now.news\/de\/wp-content\/uploads\/sites\/3\/2023\/06\/64995f1eb480cc1f4848463d.jpg 850w,\n                http:\/\/just-now.news\/de\/wp-content\/uploads\/sites\/3\/2023\/06\/64995f1eb480cc1f4848463d.jpg 1960w,\n            \" ><source data-srcset=\" \nhttp:\/\/just-now.news\/de\/wp-content\/uploads\/sites\/3\/2023\/06\/64995f1eb480cc1f4848463d.jpg 460w,\n              http:\/\/just-now.news\/de\/wp-content\/uploads\/sites\/3\/2023\/06\/64995f1eb480cc1f4848463d.jpg 980w,\n            \" ><!--[if IE 9]><\/video><![endif]--><img decoding=\"async\" data- src=\"data:image\/png;base64,iVBORw0KGgoAAAANSUhEUgAAABAAAAAJCAQAAACRI2S5AAAAEElEQVR42mNkIAAYRxWAAQAG9gAKqv6+AwAAAABJRU5ErkJggg==\" class=\"Picture-root Picture-original lazyload\" data-src=\"http:\/\/just-now.news\/de\/wp-content\/uploads\/sites\/3\/2023\/06\/64995f1eb480cc1f4848463d.jpg\" alt=\"\"><\/source><\/source><\/picture><!-- noscript pattern --><noscript><img decoding=\"async\" src=\"http:\/\/just-now.news\/de\/wp-content\/uploads\/sites\/3\/2023\/06\/64995f1eb480cc1f4848463d.jpg\" alt=\"\"><\/noscript><\/div><figcaption class=\"RTImage-footer\"><span class=\"RTImage-caption\"><span class=\"RTImage-captionItem\">Mit Fidel Castro: Salvador Allende im November 1971 in Punta Arenas<\/span><\/span><span class=\"RTImage-source\"><span class=\"RTImage-captionItem\">Michael SERRAILLIER\/Gamma-Rapho<\/span><span class=\"RTImage-captionItem\"> \/ Gettyimages.ru<\/span><\/span><\/figcaption><\/figure>\n<p>Aus seinem historisch-materialistischen Kontext herausgerissen, verwandelt sich jedes historische Drama leicht in einen nutzlosen Slogan oder in ein Thema f\u00fcr ein Literaturseminar. Ich bin sicher, dass Allende das gar nicht wollte.<\/p>\n<p>Ich denke, dass die Geschichte \u00fcber das Leben und den Tod des &#8220;Genossen Pr\u00e4sidenten&#8221;, die bei uns immer noch so wenig verstanden wird, eine dringende und notwendige Lektion f\u00fcr unsere Zeit ist. Sie ist auch ein Beispiel daf\u00fcr, dass Politik nicht immer schmutzig und zynisch ist. W\u00e4re es anders, h\u00e4tte die Welt Allende l\u00e4ngst vergessen.<\/p>\n<p><em><strong>Oleg Jassinskij\u00a0<\/strong>(englische Transliteration Yasinsky), ein aus der Ukraine stammender Journalist, lebt \u00fcberwiegend in Chile und schreibt f\u00fcr\u00a0<a rel=\"nofollow noopener\" target=\"_blank\" href=\"https:\/\/actualidad.rt.com\/opinion\/oleg-yasinsky\">RT Espanol<\/a>\u00a0sowie unabh\u00e4ngige lateinamerikanische Medien wie Pressenza.com, Desinformemonos.org. Er forscht \u00fcber indigene und soziale Bewegungen in Lateinamerika, produziert politische Dokumentarfilme in Kolumbien, Bolivien, Mexiko und Chile. Au\u00dferdem ist er bekannt als \u00dcbersetzer von Texten von Eduardo Galeano, Luis Sep\u00falveda, Jos\u00e9 Saramago, Subcomandante Marcos und anderen ins Russische. Man kann ihm auch auf seinem\u00a0<a rel=\"nofollow noopener\" target=\"_blank\" href=\"https:\/\/t.me\/olegyasynsky\">Telegram-Kanal<\/a>\u00a0folgen.<\/em><\/p>\n<p><strong>Mehr zum Thema<\/strong> &#8211; <a rel=\"nofollow noopener\" target=\"_blank\" href=\"https:\/\/test.rtde.life\/international\/106587-911-in-chile-wie-usa-terror\/\">9\/11 in Chile: Wie die USA eine Schreckensherrschaft implementierten<\/a><\/p>\n<\/p>\n<\/div>\n<p><br \/>\n<br \/><a href=\"https:\/\/de.rt.com\/amerika\/173644-zum-geburtstag-von-salvador-allende\/\">Source link <\/a><\/p>\n","protected":false},"excerpt":{"rendered":"<p>Der erste sozialistische Pr\u00e4sident Lateinamerikas, Salvador Allende, wurde am 26. Juni 1908 im chilenischen Valparaiso geboren. Der 115-j\u00e4hrige Jahrestag seiner Geburt ist f\u00fcr den ukrainischen Lateinamerika-Experten und Autor des spanischsprachigen RT Oleg Jassinskij Anlass, ihn gegen Kritik &#8220;von links&#8221; zu verteidigen. Von Oleg Jassinskij Heute, am 26. Juni, ist der Geburtstag des gro\u00dfen Chilenen Salvador [&hellip;]<\/p>\n","protected":false},"author":3,"featured_media":38938,"comment_status":"open","ping_status":"open","sticky":false,"template":"","format":"standard","meta":{"_yoast_indexnow_last_ping":["1687792614"],"wp_automatic_camp":["217"],"ffb733de0b5e7f7f4131820a7c1e6add":["&quot;Genosse Pr\u00e4sident&quot; - Zum 115. Geburtstag von Salvador Allende"],"original_link":["https:\/\/de.rt.com\/amerika\/173644-zum-geburtstag-von-salvador-allende\/"],"_thumbnail_id":["38938"],"_wptgpro_p2tg_sent2tg":["a:1:{i:23737;s:19:\"2023-06-26 17:18:12\";}"],"jnews_social_counter_last_update":["1777411559"]},"categories":[19,23],"tags":[46080,31647,46079,46078,3688,50,565],"yoast_head":"<!-- This site is optimized with the Yoast SEO Premium plugin v22.7 (Yoast SEO v22.7) - https:\/\/yoast.com\/wordpress\/plugins\/seo\/ -->\n<title>&quot;Genosse Pr\u00e4sident&quot; - Zum 115. Geburtstag von Salvador Allende - just-now.NEWS Deutschland<\/title>\n<meta name=\"robots\" content=\"index, follow, max-snippet:-1, max-image-preview:large, max-video-preview:-1\" \/>\n<link rel=\"canonical\" href=\"https:\/\/now-news.de\/de\/deutschland\/genosse-praesident-zum-115-geburtstag-von-salvador-allende\/\" \/>\n<meta property=\"og:locale\" content=\"de_DE\" \/>\n<meta property=\"og:type\" content=\"article\" \/>\n<meta property=\"og:title\" content=\"&quot;Genosse Pr\u00e4sident&quot; - Zum 115. Geburtstag von Salvador Allende\" \/>\n<meta property=\"og:description\" content=\"Der erste sozialistische Pr\u00e4sident Lateinamerikas, Salvador Allende, wurde am 26. Juni 1908 im chilenischen Valparaiso geboren. Der 115-j\u00e4hrige Jahrestag seiner Geburt ist f\u00fcr den ukrainischen Lateinamerika-Experten und Autor des spanischsprachigen RT Oleg Jassinskij Anlass, ihn gegen Kritik &#8220;von links&#8221; zu verteidigen. Von Oleg Jassinskij Heute, am 26. Juni, ist der Geburtstag des gro\u00dfen Chilenen Salvador [&hellip;]\" \/>\n<meta property=\"og:url\" content=\"https:\/\/now-news.de\/de\/deutschland\/genosse-praesident-zum-115-geburtstag-von-salvador-allende\/\" \/>\n<meta property=\"og:site_name\" content=\"just-now.NEWS Deutschland\" \/>\n<meta property=\"article:publisher\" content=\"https:\/\/www.facebook.com\/wirmachenauf\" \/>\n<meta property=\"article:published_time\" content=\"2023-06-26T15:02:19+00:00\" \/>\n<meta property=\"og:image\" content=\"https:\/\/now-news.de\/de\/wp-content\/uploads\/sites\/3\/2023\/06\/quotGenosse-Praesidentquot-Zum-115-Geburtstag-von-Salvador-Allende.jpg\" \/>\n\t<meta property=\"og:image:width\" content=\"1406\" \/>\n\t<meta property=\"og:image:height\" content=\"1080\" \/>\n\t<meta property=\"og:image:type\" content=\"image\/jpeg\" \/>\n<meta name=\"author\" content=\"rtnews\" \/>\n<meta name=\"twitter:card\" content=\"summary_large_image\" \/>\n<meta name=\"twitter:creator\" content=\"@WirMachenAuf_de\" \/>\n<meta name=\"twitter:site\" content=\"@WirMachenAuf_de\" \/>\n<meta name=\"twitter:label1\" content=\"Verfasst von\" \/>\n\t<meta name=\"twitter:data1\" content=\"rtnews\" \/>\n\t<meta name=\"twitter:label2\" content=\"Gesch\u00e4tzte Lesezeit\" \/>\n\t<meta name=\"twitter:data2\" content=\"4\u00a0Minuten\" \/>\n<script type=\"application\/ld+json\" class=\"yoast-schema-graph\">{\"@context\":\"https:\/\/schema.org\",\"@graph\":[{\"@type\":\"Article\",\"@id\":\"https:\/\/now-news.de\/de\/deutschland\/genosse-praesident-zum-115-geburtstag-von-salvador-allende\/#article\",\"isPartOf\":{\"@id\":\"https:\/\/now-news.de\/de\/deutschland\/genosse-praesident-zum-115-geburtstag-von-salvador-allende\/\"},\"author\":{\"name\":\"rtnews\",\"@id\":\"https:\/\/now-news.de\/de\/#\/schema\/person\/fb534a4e865501d8b3285208df34a9b5\"},\"headline\":\"&quot;Genosse Pr\u00e4sident&quot; &#8211; Zum 115. Geburtstag von Salvador Allende\",\"datePublished\":\"2023-06-26T15:02:19+00:00\",\"dateModified\":\"2023-06-26T15:02:19+00:00\",\"mainEntityOfPage\":{\"@id\":\"https:\/\/now-news.de\/de\/deutschland\/genosse-praesident-zum-115-geburtstag-von-salvador-allende\/\"},\"wordCount\":823,\"commentCount\":0,\"publisher\":{\"@id\":\"https:\/\/now-news.de\/de\/#organization\"},\"image\":{\"@id\":\"https:\/\/now-news.de\/de\/deutschland\/genosse-praesident-zum-115-geburtstag-von-salvador-allende\/#primaryimage\"},\"thumbnailUrl\":\"https:\/\/now-news.de\/de\/wp-content\/uploads\/sites\/3\/2023\/06\/quotGenosse-Praesidentquot-Zum-115-Geburtstag-von-Salvador-Allende.jpg\",\"keywords\":[\"Allende\",\"Geburtstag\",\"Pr\u00e4sidentquot\",\"quotGenosse\",\"Salvador\",\"von\",\"zum\"],\"articleSection\":[\"Deutschland\",\"Russland\"],\"inLanguage\":\"de\",\"potentialAction\":[{\"@type\":\"CommentAction\",\"name\":\"Comment\",\"target\":[\"https:\/\/now-news.de\/de\/deutschland\/genosse-praesident-zum-115-geburtstag-von-salvador-allende\/#respond\"]}]},{\"@type\":\"WebPage\",\"@id\":\"https:\/\/now-news.de\/de\/deutschland\/genosse-praesident-zum-115-geburtstag-von-salvador-allende\/\",\"url\":\"https:\/\/now-news.de\/de\/deutschland\/genosse-praesident-zum-115-geburtstag-von-salvador-allende\/\",\"name\":\"&quot;Genosse Pr\u00e4sident&quot; - Zum 115. Geburtstag von Salvador Allende - just-now.NEWS Deutschland\",\"isPartOf\":{\"@id\":\"https:\/\/now-news.de\/de\/#website\"},\"primaryImageOfPage\":{\"@id\":\"https:\/\/now-news.de\/de\/deutschland\/genosse-praesident-zum-115-geburtstag-von-salvador-allende\/#primaryimage\"},\"image\":{\"@id\":\"https:\/\/now-news.de\/de\/deutschland\/genosse-praesident-zum-115-geburtstag-von-salvador-allende\/#primaryimage\"},\"thumbnailUrl\":\"https:\/\/now-news.de\/de\/wp-content\/uploads\/sites\/3\/2023\/06\/quotGenosse-Praesidentquot-Zum-115-Geburtstag-von-Salvador-Allende.jpg\",\"datePublished\":\"2023-06-26T15:02:19+00:00\",\"dateModified\":\"2023-06-26T15:02:19+00:00\",\"breadcrumb\":{\"@id\":\"https:\/\/now-news.de\/de\/deutschland\/genosse-praesident-zum-115-geburtstag-von-salvador-allende\/#breadcrumb\"},\"inLanguage\":\"de\",\"potentialAction\":[{\"@type\":\"ReadAction\",\"target\":[\"https:\/\/now-news.de\/de\/deutschland\/genosse-praesident-zum-115-geburtstag-von-salvador-allende\/\"]}]},{\"@type\":\"ImageObject\",\"inLanguage\":\"de\",\"@id\":\"https:\/\/now-news.de\/de\/deutschland\/genosse-praesident-zum-115-geburtstag-von-salvador-allende\/#primaryimage\",\"url\":\"https:\/\/now-news.de\/de\/wp-content\/uploads\/sites\/3\/2023\/06\/quotGenosse-Praesidentquot-Zum-115-Geburtstag-von-Salvador-Allende.jpg\",\"contentUrl\":\"https:\/\/now-news.de\/de\/wp-content\/uploads\/sites\/3\/2023\/06\/quotGenosse-Praesidentquot-Zum-115-Geburtstag-von-Salvador-Allende.jpg\",\"width\":1406,\"height\":1080,\"caption\":\"&quot;Genosse Pr\u00e4sident&quot; - Zum 115. Geburtstag von Salvador Allende\"},{\"@type\":\"BreadcrumbList\",\"@id\":\"https:\/\/now-news.de\/de\/deutschland\/genosse-praesident-zum-115-geburtstag-von-salvador-allende\/#breadcrumb\",\"itemListElement\":[{\"@type\":\"ListItem\",\"position\":1,\"name\":\"Home\",\"item\":\"https:\/\/now-news.de\/de\/\"},{\"@type\":\"ListItem\",\"position\":2,\"name\":\"&quot;Genosse Pr\u00e4sident&quot; &#8211; Zum 115. Geburtstag von Salvador Allende\"}]},{\"@type\":\"WebSite\",\"@id\":\"https:\/\/now-news.de\/de\/#website\",\"url\":\"https:\/\/now-news.de\/de\/\",\"name\":\"just-now.NEWS Deutschland\",\"description\":\"Das Portal f\u00fcr unzensierte Nachrichten aus der Welt\",\"publisher\":{\"@id\":\"https:\/\/now-news.de\/de\/#organization\"},\"potentialAction\":[{\"@type\":\"SearchAction\",\"target\":{\"@type\":\"EntryPoint\",\"urlTemplate\":\"https:\/\/now-news.de\/de\/?s={search_term_string}\"},\"query-input\":\"required name=search_term_string\"}],\"inLanguage\":\"de\"},{\"@type\":\"Organization\",\"@id\":\"https:\/\/now-news.de\/de\/#organization\",\"name\":\"Just Now News\",\"url\":\"https:\/\/now-news.de\/de\/\",\"logo\":{\"@type\":\"ImageObject\",\"inLanguage\":\"de\",\"@id\":\"https:\/\/now-news.de\/de\/#\/schema\/logo\/image\/\",\"url\":\"http:\/\/just-now.news\/de\/wp-content\/uploads\/sites\/3\/2022\/04\/logo500x500.jpg\",\"contentUrl\":\"http:\/\/just-now.news\/de\/wp-content\/uploads\/sites\/3\/2022\/04\/logo500x500.jpg\",\"width\":500,\"height\":500,\"caption\":\"Just Now News\"},\"image\":{\"@id\":\"https:\/\/now-news.de\/de\/#\/schema\/logo\/image\/\"},\"sameAs\":[\"https:\/\/www.facebook.com\/wirmachenauf\",\"https:\/\/x.com\/WirMachenAuf_de\"]},{\"@type\":\"Person\",\"@id\":\"https:\/\/now-news.de\/de\/#\/schema\/person\/fb534a4e865501d8b3285208df34a9b5\",\"name\":\"rtnews\",\"image\":{\"@type\":\"ImageObject\",\"inLanguage\":\"de\",\"@id\":\"https:\/\/now-news.de\/de\/#\/schema\/person\/image\/\",\"url\":\"https:\/\/secure.gravatar.com\/avatar\/82aafea7d8127119dd649515f56e2117?s=96&d=mm&r=g\",\"contentUrl\":\"https:\/\/secure.gravatar.com\/avatar\/82aafea7d8127119dd649515f56e2117?s=96&d=mm&r=g\",\"caption\":\"rtnews\"},\"url\":\"https:\/\/now-news.de\/de\/author\/rnews\/\"}]}<\/script>\n<!-- \/ Yoast SEO Premium plugin. -->","yoast_head_json":{"title":"&quot;Genosse Pr\u00e4sident&quot; - Zum 115. Geburtstag von Salvador Allende - just-now.NEWS Deutschland","robots":{"index":"index","follow":"follow","max-snippet":"max-snippet:-1","max-image-preview":"max-image-preview:large","max-video-preview":"max-video-preview:-1"},"canonical":"https:\/\/now-news.de\/de\/deutschland\/genosse-praesident-zum-115-geburtstag-von-salvador-allende\/","og_locale":"de_DE","og_type":"article","og_title":"&quot;Genosse Pr\u00e4sident&quot; - Zum 115. Geburtstag von Salvador Allende","og_description":"Der erste sozialistische Pr\u00e4sident Lateinamerikas, Salvador Allende, wurde am 26. Juni 1908 im chilenischen Valparaiso geboren. Der 115-j\u00e4hrige Jahrestag seiner Geburt ist f\u00fcr den ukrainischen Lateinamerika-Experten und Autor des spanischsprachigen RT Oleg Jassinskij Anlass, ihn gegen Kritik &#8220;von links&#8221; zu verteidigen. Von Oleg Jassinskij Heute, am 26. Juni, ist der Geburtstag des gro\u00dfen Chilenen Salvador [&hellip;]","og_url":"https:\/\/now-news.de\/de\/deutschland\/genosse-praesident-zum-115-geburtstag-von-salvador-allende\/","og_site_name":"just-now.NEWS Deutschland","article_publisher":"https:\/\/www.facebook.com\/wirmachenauf","article_published_time":"2023-06-26T15:02:19+00:00","og_image":[{"width":1406,"height":1080,"url":"https:\/\/now-news.de\/de\/wp-content\/uploads\/sites\/3\/2023\/06\/quotGenosse-Praesidentquot-Zum-115-Geburtstag-von-Salvador-Allende.jpg","type":"image\/jpeg"}],"author":"rtnews","twitter_card":"summary_large_image","twitter_creator":"@WirMachenAuf_de","twitter_site":"@WirMachenAuf_de","twitter_misc":{"Verfasst von":"rtnews","Gesch\u00e4tzte Lesezeit":"4\u00a0Minuten"},"schema":{"@context":"https:\/\/schema.org","@graph":[{"@type":"Article","@id":"https:\/\/now-news.de\/de\/deutschland\/genosse-praesident-zum-115-geburtstag-von-salvador-allende\/#article","isPartOf":{"@id":"https:\/\/now-news.de\/de\/deutschland\/genosse-praesident-zum-115-geburtstag-von-salvador-allende\/"},"author":{"name":"rtnews","@id":"https:\/\/now-news.de\/de\/#\/schema\/person\/fb534a4e865501d8b3285208df34a9b5"},"headline":"&quot;Genosse Pr\u00e4sident&quot; &#8211; Zum 115. Geburtstag von Salvador Allende","datePublished":"2023-06-26T15:02:19+00:00","dateModified":"2023-06-26T15:02:19+00:00","mainEntityOfPage":{"@id":"https:\/\/now-news.de\/de\/deutschland\/genosse-praesident-zum-115-geburtstag-von-salvador-allende\/"},"wordCount":823,"commentCount":0,"publisher":{"@id":"https:\/\/now-news.de\/de\/#organization"},"image":{"@id":"https:\/\/now-news.de\/de\/deutschland\/genosse-praesident-zum-115-geburtstag-von-salvador-allende\/#primaryimage"},"thumbnailUrl":"https:\/\/now-news.de\/de\/wp-content\/uploads\/sites\/3\/2023\/06\/quotGenosse-Praesidentquot-Zum-115-Geburtstag-von-Salvador-Allende.jpg","keywords":["Allende","Geburtstag","Pr\u00e4sidentquot","quotGenosse","Salvador","von","zum"],"articleSection":["Deutschland","Russland"],"inLanguage":"de","potentialAction":[{"@type":"CommentAction","name":"Comment","target":["https:\/\/now-news.de\/de\/deutschland\/genosse-praesident-zum-115-geburtstag-von-salvador-allende\/#respond"]}]},{"@type":"WebPage","@id":"https:\/\/now-news.de\/de\/deutschland\/genosse-praesident-zum-115-geburtstag-von-salvador-allende\/","url":"https:\/\/now-news.de\/de\/deutschland\/genosse-praesident-zum-115-geburtstag-von-salvador-allende\/","name":"&quot;Genosse Pr\u00e4sident&quot; - Zum 115. Geburtstag von Salvador Allende - just-now.NEWS Deutschland","isPartOf":{"@id":"https:\/\/now-news.de\/de\/#website"},"primaryImageOfPage":{"@id":"https:\/\/now-news.de\/de\/deutschland\/genosse-praesident-zum-115-geburtstag-von-salvador-allende\/#primaryimage"},"image":{"@id":"https:\/\/now-news.de\/de\/deutschland\/genosse-praesident-zum-115-geburtstag-von-salvador-allende\/#primaryimage"},"thumbnailUrl":"https:\/\/now-news.de\/de\/wp-content\/uploads\/sites\/3\/2023\/06\/quotGenosse-Praesidentquot-Zum-115-Geburtstag-von-Salvador-Allende.jpg","datePublished":"2023-06-26T15:02:19+00:00","dateModified":"2023-06-26T15:02:19+00:00","breadcrumb":{"@id":"https:\/\/now-news.de\/de\/deutschland\/genosse-praesident-zum-115-geburtstag-von-salvador-allende\/#breadcrumb"},"inLanguage":"de","potentialAction":[{"@type":"ReadAction","target":["https:\/\/now-news.de\/de\/deutschland\/genosse-praesident-zum-115-geburtstag-von-salvador-allende\/"]}]},{"@type":"ImageObject","inLanguage":"de","@id":"https:\/\/now-news.de\/de\/deutschland\/genosse-praesident-zum-115-geburtstag-von-salvador-allende\/#primaryimage","url":"https:\/\/now-news.de\/de\/wp-content\/uploads\/sites\/3\/2023\/06\/quotGenosse-Praesidentquot-Zum-115-Geburtstag-von-Salvador-Allende.jpg","contentUrl":"https:\/\/now-news.de\/de\/wp-content\/uploads\/sites\/3\/2023\/06\/quotGenosse-Praesidentquot-Zum-115-Geburtstag-von-Salvador-Allende.jpg","width":1406,"height":1080,"caption":"&quot;Genosse Pr\u00e4sident&quot; - Zum 115. Geburtstag von Salvador Allende"},{"@type":"BreadcrumbList","@id":"https:\/\/now-news.de\/de\/deutschland\/genosse-praesident-zum-115-geburtstag-von-salvador-allende\/#breadcrumb","itemListElement":[{"@type":"ListItem","position":1,"name":"Home","item":"https:\/\/now-news.de\/de\/"},{"@type":"ListItem","position":2,"name":"&quot;Genosse Pr\u00e4sident&quot; &#8211; Zum 115. Geburtstag von Salvador Allende"}]},{"@type":"WebSite","@id":"https:\/\/now-news.de\/de\/#website","url":"https:\/\/now-news.de\/de\/","name":"just-now.NEWS Deutschland","description":"Das Portal f\u00fcr unzensierte Nachrichten aus der Welt","publisher":{"@id":"https:\/\/now-news.de\/de\/#organization"},"potentialAction":[{"@type":"SearchAction","target":{"@type":"EntryPoint","urlTemplate":"https:\/\/now-news.de\/de\/?s={search_term_string}"},"query-input":"required name=search_term_string"}],"inLanguage":"de"},{"@type":"Organization","@id":"https:\/\/now-news.de\/de\/#organization","name":"Just Now News","url":"https:\/\/now-news.de\/de\/","logo":{"@type":"ImageObject","inLanguage":"de","@id":"https:\/\/now-news.de\/de\/#\/schema\/logo\/image\/","url":"http:\/\/just-now.news\/de\/wp-content\/uploads\/sites\/3\/2022\/04\/logo500x500.jpg","contentUrl":"http:\/\/just-now.news\/de\/wp-content\/uploads\/sites\/3\/2022\/04\/logo500x500.jpg","width":500,"height":500,"caption":"Just Now News"},"image":{"@id":"https:\/\/now-news.de\/de\/#\/schema\/logo\/image\/"},"sameAs":["https:\/\/www.facebook.com\/wirmachenauf","https:\/\/x.com\/WirMachenAuf_de"]},{"@type":"Person","@id":"https:\/\/now-news.de\/de\/#\/schema\/person\/fb534a4e865501d8b3285208df34a9b5","name":"rtnews","image":{"@type":"ImageObject","inLanguage":"de","@id":"https:\/\/now-news.de\/de\/#\/schema\/person\/image\/","url":"https:\/\/secure.gravatar.com\/avatar\/82aafea7d8127119dd649515f56e2117?s=96&d=mm&r=g","contentUrl":"https:\/\/secure.gravatar.com\/avatar\/82aafea7d8127119dd649515f56e2117?s=96&d=mm&r=g","caption":"rtnews"},"url":"https:\/\/now-news.de\/de\/author\/rnews\/"}]}},"_links":{"self":[{"href":"https:\/\/now-news.de\/de\/wp-json\/wp\/v2\/posts\/38937"}],"collection":[{"href":"https:\/\/now-news.de\/de\/wp-json\/wp\/v2\/posts"}],"about":[{"href":"https:\/\/now-news.de\/de\/wp-json\/wp\/v2\/types\/post"}],"author":[{"embeddable":true,"href":"https:\/\/now-news.de\/de\/wp-json\/wp\/v2\/users\/3"}],"replies":[{"embeddable":true,"href":"https:\/\/now-news.de\/de\/wp-json\/wp\/v2\/comments?post=38937"}],"version-history":[{"count":0,"href":"https:\/\/now-news.de\/de\/wp-json\/wp\/v2\/posts\/38937\/revisions"}],"wp:featuredmedia":[{"embeddable":true,"href":"https:\/\/now-news.de\/de\/wp-json\/wp\/v2\/media\/38938"}],"wp:attachment":[{"href":"https:\/\/now-news.de\/de\/wp-json\/wp\/v2\/media?parent=38937"}],"wp:term":[{"taxonomy":"category","embeddable":true,"href":"https:\/\/now-news.de\/de\/wp-json\/wp\/v2\/categories?post=38937"},{"taxonomy":"post_tag","embeddable":true,"href":"https:\/\/now-news.de\/de\/wp-json\/wp\/v2\/tags?post=38937"}],"curies":[{"name":"wp","href":"https:\/\/api.w.org\/{rel}","templated":true}]}}