{"id":38931,"date":"2023-06-26T16:26:59","date_gmt":"2023-06-26T14:26:59","guid":{"rendered":"https:\/\/just-now.news\/de\/deutschland\/gouverneur-des-gebiets-cherson-kein-ukrainischer-brueckenkopf-am-linken-dnjepr-ufer\/"},"modified":"2023-06-26T16:26:59","modified_gmt":"2023-06-26T14:26:59","slug":"gouverneur-des-gebiets-cherson-kein-ukrainischer-brueckenkopf-am-linken-dnjepr-ufer","status":"publish","type":"post","link":"https:\/\/now-news.de\/de\/deutschland\/gouverneur-des-gebiets-cherson-kein-ukrainischer-brueckenkopf-am-linken-dnjepr-ufer\/","title":{"rendered":"Gouverneur des Gebiets Cherson: Kein ukrainischer Br\u00fcckenkopf am linken Dnjepr-Ufer"},"content":{"rendered":"<p><img decoding=\"async\" src=\"http:\/\/just-now.news\/de\/wp-content\/uploads\/sites\/3\/2023\/06\/64998e4f48fbef6ae90ed47d.jpg\" \/><\/p>\n<div class=\"Text-root Text-type_1 \">\n                Der Versuch der ukrainischen Streitkr\u00e4fte, in H\u00f6he der besch\u00e4digten Antonow-Br\u00fccke den Dnjepr zu \u00fcberqueren und einen Br\u00fcckenkopf auf dem russisch kontrollierten linken Flussufer zu bilden, ist offenbar gescheitert. Der Verwaltungschef der russischen Region Cherson hat Spekulationen \u00fcber einen ukrainischen Erfolg am Montag ein Ende gesetzt.\n            <\/div>\n<p><\/p>\n<div class=\"Text-root Text-type_5 ArticleView-text ViewText-root \">\n<p>Die ukrainischen Truppen haben sich nicht am linken Ufer des Dnjepr in Stellungen unter der Antonowski-Br\u00fccke festsetzen k\u00f6nnen, solche Behauptungen seien &#8220;L\u00fcgen und Propaganda&#8221;, erkl\u00e4rte der amtierende Gouverneur des Gebiets Cherson Wladimir Saldo am Montag in seinem Telegram-Kanal.<\/p>\n<blockquote>\n<p><em>&#8220;Die Propaganda des Kiewer Regimes verbreitet wieder einmal falsche Andeutungen, wonach K\u00e4mpfer ukrainischer Formationen sich angeblich am linken Ufer des Dnjepr unter der Antonowski-Br\u00fccke verschanzt h\u00e4tten. Ich informiere Sie offiziell, dass dies eine L\u00fcge ist&#8221;, schrieb der Politiker.<\/em><\/p>\n<\/blockquote>\n<p>Ihm zufolge haben die ukrainischen Streitkr\u00e4fte nur in kleinen Gruppen mehrere Versuche unternommen, den Fluss in Booten zu \u00fcberqueren und sich unter der Br\u00fccke zu verstecken, sie seien aber &#8220;wie Ratten in einer Mausefalle&#8221; vernichtet worden.<\/p>\n<blockquote>\n<p><em>&#8220;Es ist nicht ausgeschlossen, dass der Feind weiterhin seine Soldaten wie Schlachtvieh unter die Antonowski-Br\u00fccke schickt. Auf sie alle wartet das gleiche Schicksal wie auf ihre Vorg\u00e4nger&#8221;, f\u00fcgte Saldo hinzu.<\/em><\/p>\n<\/blockquote>\n<p>Mehrere Blogger hatten zuvor auf Telegram berichtet, dass sich die ukrainische Armee am linken Ufer des Dnjepr verschanzt habe und den Br\u00fcckenkopf im Bereich der besch\u00e4digten Br\u00fccke \u00fcber den Dnjepr, ausbaue, die die Siedlung Antonowka mit der Stadt Aljoschki verbindet.<\/p>\n<p>Andere Blogger zeigten inzwischen Aufnahmen von Artilleriefeuer, mit dem ukrainische Landegruppen in der N\u00e4he der Br\u00fccke offenbar vernichtet oder vertrieben wurden.<\/p>\n<p>Die Region Cherson war nach einem Referendum im September 2022 zu einer Region der Russischen F\u00f6deration geworden. Die ukrainische Seite erkennt dies jedoch nicht an und beschie\u00dft das Gebiet der Region weiterhin.<\/p>\n<p>Heute kontrolliert das russische Milit\u00e4r 75 Prozent des Gebiets Cherson, w\u00e4hrend der Teil am rechten Ufer des Dnjepr, einschlie\u00dflich der Gebietshauptstadt, von Kiew kontrolliert wird.<\/p>\n<p><strong>Mehr zum Thema<\/strong> \u2013 <a rel=\"nofollow noopener\" target=\"_blank\" href=\"https:\/\/test.rtde.life\/meinung\/149850-alexei-shurawko-widerstandiger-oppositionspolitiker-ermordet\/\">Alexei Schurawko \u2013 Ein widerst\u00e4ndiger Oppositionspolitiker vom Kiewer Regime ermordet<\/a><\/p>\n<\/div>\n<p><br \/>\n<br \/><a href=\"https:\/\/de.rt.com\/russland\/173670-gouverneur-des-gebiets-cherson-kein-ukrainischer-br%C3%BCckenkopf-am-linken-dnjepr-ufer\/\">Source link <\/a><\/p>\n","protected":false},"excerpt":{"rendered":"<p>Der Versuch der ukrainischen Streitkr\u00e4fte, in H\u00f6he der besch\u00e4digten Antonow-Br\u00fccke den Dnjepr zu \u00fcberqueren und einen Br\u00fcckenkopf auf dem russisch kontrollierten linken Flussufer zu bilden, ist offenbar gescheitert. Der Verwaltungschef der russischen Region Cherson hat Spekulationen \u00fcber einen ukrainischen Erfolg am Montag ein Ende gesetzt. Die ukrainischen Truppen haben sich nicht am linken Ufer des [&hellip;]<\/p>\n","protected":false},"author":3,"featured_media":38932,"comment_status":"open","ping_status":"open","sticky":false,"template":"","format":"standard","meta":{"_yoast_indexnow_last_ping":["1687789667"],"wp_automatic_camp":["217"],"aad211d5cea21a0815d9053c63ca668d":["Gouverneur des Gebiets Cherson: Kein ukrainischer Br\u00fcckenkopf am linken Dnjepr-Ufer"],"original_link":["https:\/\/de.rt.com\/russland\/173670-gouverneur-des-gebiets-cherson-kein-ukrainischer-br%C3%BCckenkopf-am-linken-dnjepr-ufer\/"],"_thumbnail_id":["38932"],"_wptgpro_p2tg_sent2tg":["a:1:{i:23737;s:19:\"2023-06-26 16:28:50\";}"],"jnews_social_counter_last_update":["1777346839"]},"categories":[19,23],"tags":[46074,5186,583,46075,19657,4345,2030,7127,488],"yoast_head":"<!-- This site is optimized with the Yoast SEO Premium plugin v22.7 (Yoast SEO v22.7) - https:\/\/yoast.com\/wordpress\/plugins\/seo\/ -->\n<title>Gouverneur des Gebiets Cherson: Kein ukrainischer Br\u00fcckenkopf am linken Dnjepr-Ufer - just-now.NEWS Deutschland<\/title>\n<meta name=\"robots\" content=\"index, follow, max-snippet:-1, max-image-preview:large, max-video-preview:-1\" \/>\n<link rel=\"canonical\" href=\"https:\/\/now-news.de\/de\/deutschland\/gouverneur-des-gebiets-cherson-kein-ukrainischer-brueckenkopf-am-linken-dnjepr-ufer\/\" \/>\n<meta property=\"og:locale\" content=\"de_DE\" \/>\n<meta property=\"og:type\" content=\"article\" \/>\n<meta property=\"og:title\" content=\"Gouverneur des Gebiets Cherson: Kein ukrainischer Br\u00fcckenkopf am linken Dnjepr-Ufer\" \/>\n<meta property=\"og:description\" content=\"Der Versuch der ukrainischen Streitkr\u00e4fte, in H\u00f6he der besch\u00e4digten Antonow-Br\u00fccke den Dnjepr zu \u00fcberqueren und einen Br\u00fcckenkopf auf dem russisch kontrollierten linken Flussufer zu bilden, ist offenbar gescheitert. Der Verwaltungschef der russischen Region Cherson hat Spekulationen \u00fcber einen ukrainischen Erfolg am Montag ein Ende gesetzt. Die ukrainischen Truppen haben sich nicht am linken Ufer des [&hellip;]\" \/>\n<meta property=\"og:url\" content=\"https:\/\/now-news.de\/de\/deutschland\/gouverneur-des-gebiets-cherson-kein-ukrainischer-brueckenkopf-am-linken-dnjepr-ufer\/\" \/>\n<meta property=\"og:site_name\" content=\"just-now.NEWS Deutschland\" \/>\n<meta property=\"article:publisher\" content=\"https:\/\/www.facebook.com\/wirmachenauf\" \/>\n<meta property=\"article:published_time\" content=\"2023-06-26T14:26:59+00:00\" \/>\n<meta property=\"og:image\" content=\"https:\/\/now-news.de\/de\/wp-content\/uploads\/sites\/3\/2023\/06\/Gouverneur-des-Gebiets-Cherson-Kein-ukrainischer-Brueckenkopf-am-linken-Dnjepr-Ufer.jpg\" \/>\n\t<meta property=\"og:image:width\" content=\"460\" \/>\n\t<meta property=\"og:image:height\" content=\"259\" \/>\n\t<meta property=\"og:image:type\" content=\"image\/jpeg\" \/>\n<meta name=\"author\" content=\"rtnews\" \/>\n<meta name=\"twitter:card\" content=\"summary_large_image\" \/>\n<meta name=\"twitter:creator\" content=\"@WirMachenAuf_de\" \/>\n<meta name=\"twitter:site\" content=\"@WirMachenAuf_de\" \/>\n<meta name=\"twitter:label1\" content=\"Verfasst von\" \/>\n\t<meta name=\"twitter:data1\" content=\"rtnews\" \/>\n\t<meta name=\"twitter:label2\" content=\"Gesch\u00e4tzte Lesezeit\" \/>\n\t<meta name=\"twitter:data2\" content=\"2\u00a0Minuten\" \/>\n<script type=\"application\/ld+json\" class=\"yoast-schema-graph\">{\"@context\":\"https:\/\/schema.org\",\"@graph\":[{\"@type\":\"Article\",\"@id\":\"https:\/\/now-news.de\/de\/deutschland\/gouverneur-des-gebiets-cherson-kein-ukrainischer-brueckenkopf-am-linken-dnjepr-ufer\/#article\",\"isPartOf\":{\"@id\":\"https:\/\/now-news.de\/de\/deutschland\/gouverneur-des-gebiets-cherson-kein-ukrainischer-brueckenkopf-am-linken-dnjepr-ufer\/\"},\"author\":{\"name\":\"rtnews\",\"@id\":\"https:\/\/now-news.de\/de\/#\/schema\/person\/fb534a4e865501d8b3285208df34a9b5\"},\"headline\":\"Gouverneur des Gebiets Cherson: Kein ukrainischer Br\u00fcckenkopf am linken Dnjepr-Ufer\",\"datePublished\":\"2023-06-26T14:26:59+00:00\",\"dateModified\":\"2023-06-26T14:26:59+00:00\",\"mainEntityOfPage\":{\"@id\":\"https:\/\/now-news.de\/de\/deutschland\/gouverneur-des-gebiets-cherson-kein-ukrainischer-brueckenkopf-am-linken-dnjepr-ufer\/\"},\"wordCount\":358,\"commentCount\":0,\"publisher\":{\"@id\":\"https:\/\/now-news.de\/de\/#organization\"},\"image\":{\"@id\":\"https:\/\/now-news.de\/de\/deutschland\/gouverneur-des-gebiets-cherson-kein-ukrainischer-brueckenkopf-am-linken-dnjepr-ufer\/#primaryimage\"},\"thumbnailUrl\":\"https:\/\/now-news.de\/de\/wp-content\/uploads\/sites\/3\/2023\/06\/Gouverneur-des-Gebiets-Cherson-Kein-ukrainischer-Brueckenkopf-am-linken-Dnjepr-Ufer.jpg\",\"keywords\":[\"Br\u00fcckenkopf\",\"Cherson\",\"des\",\"DnjeprUfer\",\"Gebiets\",\"Gouverneur\",\"Kein\",\"Linken\",\"Ukrainischer\"],\"articleSection\":[\"Deutschland\",\"Russland\"],\"inLanguage\":\"de\",\"potentialAction\":[{\"@type\":\"CommentAction\",\"name\":\"Comment\",\"target\":[\"https:\/\/now-news.de\/de\/deutschland\/gouverneur-des-gebiets-cherson-kein-ukrainischer-brueckenkopf-am-linken-dnjepr-ufer\/#respond\"]}]},{\"@type\":\"WebPage\",\"@id\":\"https:\/\/now-news.de\/de\/deutschland\/gouverneur-des-gebiets-cherson-kein-ukrainischer-brueckenkopf-am-linken-dnjepr-ufer\/\",\"url\":\"https:\/\/now-news.de\/de\/deutschland\/gouverneur-des-gebiets-cherson-kein-ukrainischer-brueckenkopf-am-linken-dnjepr-ufer\/\",\"name\":\"Gouverneur des Gebiets Cherson: Kein ukrainischer Br\u00fcckenkopf am linken Dnjepr-Ufer - just-now.NEWS Deutschland\",\"isPartOf\":{\"@id\":\"https:\/\/now-news.de\/de\/#website\"},\"primaryImageOfPage\":{\"@id\":\"https:\/\/now-news.de\/de\/deutschland\/gouverneur-des-gebiets-cherson-kein-ukrainischer-brueckenkopf-am-linken-dnjepr-ufer\/#primaryimage\"},\"image\":{\"@id\":\"https:\/\/now-news.de\/de\/deutschland\/gouverneur-des-gebiets-cherson-kein-ukrainischer-brueckenkopf-am-linken-dnjepr-ufer\/#primaryimage\"},\"thumbnailUrl\":\"https:\/\/now-news.de\/de\/wp-content\/uploads\/sites\/3\/2023\/06\/Gouverneur-des-Gebiets-Cherson-Kein-ukrainischer-Brueckenkopf-am-linken-Dnjepr-Ufer.jpg\",\"datePublished\":\"2023-06-26T14:26:59+00:00\",\"dateModified\":\"2023-06-26T14:26:59+00:00\",\"breadcrumb\":{\"@id\":\"https:\/\/now-news.de\/de\/deutschland\/gouverneur-des-gebiets-cherson-kein-ukrainischer-brueckenkopf-am-linken-dnjepr-ufer\/#breadcrumb\"},\"inLanguage\":\"de\",\"potentialAction\":[{\"@type\":\"ReadAction\",\"target\":[\"https:\/\/now-news.de\/de\/deutschland\/gouverneur-des-gebiets-cherson-kein-ukrainischer-brueckenkopf-am-linken-dnjepr-ufer\/\"]}]},{\"@type\":\"ImageObject\",\"inLanguage\":\"de\",\"@id\":\"https:\/\/now-news.de\/de\/deutschland\/gouverneur-des-gebiets-cherson-kein-ukrainischer-brueckenkopf-am-linken-dnjepr-ufer\/#primaryimage\",\"url\":\"https:\/\/now-news.de\/de\/wp-content\/uploads\/sites\/3\/2023\/06\/Gouverneur-des-Gebiets-Cherson-Kein-ukrainischer-Brueckenkopf-am-linken-Dnjepr-Ufer.jpg\",\"contentUrl\":\"https:\/\/now-news.de\/de\/wp-content\/uploads\/sites\/3\/2023\/06\/Gouverneur-des-Gebiets-Cherson-Kein-ukrainischer-Brueckenkopf-am-linken-Dnjepr-Ufer.jpg\",\"width\":460,\"height\":259,\"caption\":\"Gouverneur des Gebiets Cherson: Kein ukrainischer Br\u00fcckenkopf am linken Dnjepr-Ufer\"},{\"@type\":\"BreadcrumbList\",\"@id\":\"https:\/\/now-news.de\/de\/deutschland\/gouverneur-des-gebiets-cherson-kein-ukrainischer-brueckenkopf-am-linken-dnjepr-ufer\/#breadcrumb\",\"itemListElement\":[{\"@type\":\"ListItem\",\"position\":1,\"name\":\"Home\",\"item\":\"https:\/\/now-news.de\/de\/\"},{\"@type\":\"ListItem\",\"position\":2,\"name\":\"Gouverneur des Gebiets Cherson: Kein ukrainischer Br\u00fcckenkopf am linken Dnjepr-Ufer\"}]},{\"@type\":\"WebSite\",\"@id\":\"https:\/\/now-news.de\/de\/#website\",\"url\":\"https:\/\/now-news.de\/de\/\",\"name\":\"just-now.NEWS Deutschland\",\"description\":\"Das Portal f\u00fcr unzensierte Nachrichten aus der Welt\",\"publisher\":{\"@id\":\"https:\/\/now-news.de\/de\/#organization\"},\"potentialAction\":[{\"@type\":\"SearchAction\",\"target\":{\"@type\":\"EntryPoint\",\"urlTemplate\":\"https:\/\/now-news.de\/de\/?s={search_term_string}\"},\"query-input\":\"required name=search_term_string\"}],\"inLanguage\":\"de\"},{\"@type\":\"Organization\",\"@id\":\"https:\/\/now-news.de\/de\/#organization\",\"name\":\"Just Now News\",\"url\":\"https:\/\/now-news.de\/de\/\",\"logo\":{\"@type\":\"ImageObject\",\"inLanguage\":\"de\",\"@id\":\"https:\/\/now-news.de\/de\/#\/schema\/logo\/image\/\",\"url\":\"http:\/\/just-now.news\/de\/wp-content\/uploads\/sites\/3\/2022\/04\/logo500x500.jpg\",\"contentUrl\":\"http:\/\/just-now.news\/de\/wp-content\/uploads\/sites\/3\/2022\/04\/logo500x500.jpg\",\"width\":500,\"height\":500,\"caption\":\"Just Now News\"},\"image\":{\"@id\":\"https:\/\/now-news.de\/de\/#\/schema\/logo\/image\/\"},\"sameAs\":[\"https:\/\/www.facebook.com\/wirmachenauf\",\"https:\/\/x.com\/WirMachenAuf_de\"]},{\"@type\":\"Person\",\"@id\":\"https:\/\/now-news.de\/de\/#\/schema\/person\/fb534a4e865501d8b3285208df34a9b5\",\"name\":\"rtnews\",\"image\":{\"@type\":\"ImageObject\",\"inLanguage\":\"de\",\"@id\":\"https:\/\/now-news.de\/de\/#\/schema\/person\/image\/\",\"url\":\"https:\/\/secure.gravatar.com\/avatar\/82aafea7d8127119dd649515f56e2117?s=96&d=mm&r=g\",\"contentUrl\":\"https:\/\/secure.gravatar.com\/avatar\/82aafea7d8127119dd649515f56e2117?s=96&d=mm&r=g\",\"caption\":\"rtnews\"},\"url\":\"https:\/\/now-news.de\/de\/author\/rnews\/\"}]}<\/script>\n<!-- \/ Yoast SEO Premium plugin. -->","yoast_head_json":{"title":"Gouverneur des Gebiets Cherson: Kein ukrainischer Br\u00fcckenkopf am linken Dnjepr-Ufer - just-now.NEWS Deutschland","robots":{"index":"index","follow":"follow","max-snippet":"max-snippet:-1","max-image-preview":"max-image-preview:large","max-video-preview":"max-video-preview:-1"},"canonical":"https:\/\/now-news.de\/de\/deutschland\/gouverneur-des-gebiets-cherson-kein-ukrainischer-brueckenkopf-am-linken-dnjepr-ufer\/","og_locale":"de_DE","og_type":"article","og_title":"Gouverneur des Gebiets Cherson: Kein ukrainischer Br\u00fcckenkopf am linken Dnjepr-Ufer","og_description":"Der Versuch der ukrainischen Streitkr\u00e4fte, in H\u00f6he der besch\u00e4digten Antonow-Br\u00fccke den Dnjepr zu \u00fcberqueren und einen Br\u00fcckenkopf auf dem russisch kontrollierten linken Flussufer zu bilden, ist offenbar gescheitert. Der Verwaltungschef der russischen Region Cherson hat Spekulationen \u00fcber einen ukrainischen Erfolg am Montag ein Ende gesetzt. Die ukrainischen Truppen haben sich nicht am linken Ufer des [&hellip;]","og_url":"https:\/\/now-news.de\/de\/deutschland\/gouverneur-des-gebiets-cherson-kein-ukrainischer-brueckenkopf-am-linken-dnjepr-ufer\/","og_site_name":"just-now.NEWS Deutschland","article_publisher":"https:\/\/www.facebook.com\/wirmachenauf","article_published_time":"2023-06-26T14:26:59+00:00","og_image":[{"width":460,"height":259,"url":"https:\/\/now-news.de\/de\/wp-content\/uploads\/sites\/3\/2023\/06\/Gouverneur-des-Gebiets-Cherson-Kein-ukrainischer-Brueckenkopf-am-linken-Dnjepr-Ufer.jpg","type":"image\/jpeg"}],"author":"rtnews","twitter_card":"summary_large_image","twitter_creator":"@WirMachenAuf_de","twitter_site":"@WirMachenAuf_de","twitter_misc":{"Verfasst von":"rtnews","Gesch\u00e4tzte Lesezeit":"2\u00a0Minuten"},"schema":{"@context":"https:\/\/schema.org","@graph":[{"@type":"Article","@id":"https:\/\/now-news.de\/de\/deutschland\/gouverneur-des-gebiets-cherson-kein-ukrainischer-brueckenkopf-am-linken-dnjepr-ufer\/#article","isPartOf":{"@id":"https:\/\/now-news.de\/de\/deutschland\/gouverneur-des-gebiets-cherson-kein-ukrainischer-brueckenkopf-am-linken-dnjepr-ufer\/"},"author":{"name":"rtnews","@id":"https:\/\/now-news.de\/de\/#\/schema\/person\/fb534a4e865501d8b3285208df34a9b5"},"headline":"Gouverneur des Gebiets Cherson: Kein ukrainischer Br\u00fcckenkopf am linken Dnjepr-Ufer","datePublished":"2023-06-26T14:26:59+00:00","dateModified":"2023-06-26T14:26:59+00:00","mainEntityOfPage":{"@id":"https:\/\/now-news.de\/de\/deutschland\/gouverneur-des-gebiets-cherson-kein-ukrainischer-brueckenkopf-am-linken-dnjepr-ufer\/"},"wordCount":358,"commentCount":0,"publisher":{"@id":"https:\/\/now-news.de\/de\/#organization"},"image":{"@id":"https:\/\/now-news.de\/de\/deutschland\/gouverneur-des-gebiets-cherson-kein-ukrainischer-brueckenkopf-am-linken-dnjepr-ufer\/#primaryimage"},"thumbnailUrl":"https:\/\/now-news.de\/de\/wp-content\/uploads\/sites\/3\/2023\/06\/Gouverneur-des-Gebiets-Cherson-Kein-ukrainischer-Brueckenkopf-am-linken-Dnjepr-Ufer.jpg","keywords":["Br\u00fcckenkopf","Cherson","des","DnjeprUfer","Gebiets","Gouverneur","Kein","Linken","Ukrainischer"],"articleSection":["Deutschland","Russland"],"inLanguage":"de","potentialAction":[{"@type":"CommentAction","name":"Comment","target":["https:\/\/now-news.de\/de\/deutschland\/gouverneur-des-gebiets-cherson-kein-ukrainischer-brueckenkopf-am-linken-dnjepr-ufer\/#respond"]}]},{"@type":"WebPage","@id":"https:\/\/now-news.de\/de\/deutschland\/gouverneur-des-gebiets-cherson-kein-ukrainischer-brueckenkopf-am-linken-dnjepr-ufer\/","url":"https:\/\/now-news.de\/de\/deutschland\/gouverneur-des-gebiets-cherson-kein-ukrainischer-brueckenkopf-am-linken-dnjepr-ufer\/","name":"Gouverneur des Gebiets Cherson: Kein ukrainischer Br\u00fcckenkopf am linken Dnjepr-Ufer - just-now.NEWS Deutschland","isPartOf":{"@id":"https:\/\/now-news.de\/de\/#website"},"primaryImageOfPage":{"@id":"https:\/\/now-news.de\/de\/deutschland\/gouverneur-des-gebiets-cherson-kein-ukrainischer-brueckenkopf-am-linken-dnjepr-ufer\/#primaryimage"},"image":{"@id":"https:\/\/now-news.de\/de\/deutschland\/gouverneur-des-gebiets-cherson-kein-ukrainischer-brueckenkopf-am-linken-dnjepr-ufer\/#primaryimage"},"thumbnailUrl":"https:\/\/now-news.de\/de\/wp-content\/uploads\/sites\/3\/2023\/06\/Gouverneur-des-Gebiets-Cherson-Kein-ukrainischer-Brueckenkopf-am-linken-Dnjepr-Ufer.jpg","datePublished":"2023-06-26T14:26:59+00:00","dateModified":"2023-06-26T14:26:59+00:00","breadcrumb":{"@id":"https:\/\/now-news.de\/de\/deutschland\/gouverneur-des-gebiets-cherson-kein-ukrainischer-brueckenkopf-am-linken-dnjepr-ufer\/#breadcrumb"},"inLanguage":"de","potentialAction":[{"@type":"ReadAction","target":["https:\/\/now-news.de\/de\/deutschland\/gouverneur-des-gebiets-cherson-kein-ukrainischer-brueckenkopf-am-linken-dnjepr-ufer\/"]}]},{"@type":"ImageObject","inLanguage":"de","@id":"https:\/\/now-news.de\/de\/deutschland\/gouverneur-des-gebiets-cherson-kein-ukrainischer-brueckenkopf-am-linken-dnjepr-ufer\/#primaryimage","url":"https:\/\/now-news.de\/de\/wp-content\/uploads\/sites\/3\/2023\/06\/Gouverneur-des-Gebiets-Cherson-Kein-ukrainischer-Brueckenkopf-am-linken-Dnjepr-Ufer.jpg","contentUrl":"https:\/\/now-news.de\/de\/wp-content\/uploads\/sites\/3\/2023\/06\/Gouverneur-des-Gebiets-Cherson-Kein-ukrainischer-Brueckenkopf-am-linken-Dnjepr-Ufer.jpg","width":460,"height":259,"caption":"Gouverneur des Gebiets Cherson: Kein ukrainischer Br\u00fcckenkopf am linken Dnjepr-Ufer"},{"@type":"BreadcrumbList","@id":"https:\/\/now-news.de\/de\/deutschland\/gouverneur-des-gebiets-cherson-kein-ukrainischer-brueckenkopf-am-linken-dnjepr-ufer\/#breadcrumb","itemListElement":[{"@type":"ListItem","position":1,"name":"Home","item":"https:\/\/now-news.de\/de\/"},{"@type":"ListItem","position":2,"name":"Gouverneur des Gebiets Cherson: Kein ukrainischer Br\u00fcckenkopf am linken Dnjepr-Ufer"}]},{"@type":"WebSite","@id":"https:\/\/now-news.de\/de\/#website","url":"https:\/\/now-news.de\/de\/","name":"just-now.NEWS Deutschland","description":"Das Portal f\u00fcr unzensierte Nachrichten aus der Welt","publisher":{"@id":"https:\/\/now-news.de\/de\/#organization"},"potentialAction":[{"@type":"SearchAction","target":{"@type":"EntryPoint","urlTemplate":"https:\/\/now-news.de\/de\/?s={search_term_string}"},"query-input":"required name=search_term_string"}],"inLanguage":"de"},{"@type":"Organization","@id":"https:\/\/now-news.de\/de\/#organization","name":"Just Now News","url":"https:\/\/now-news.de\/de\/","logo":{"@type":"ImageObject","inLanguage":"de","@id":"https:\/\/now-news.de\/de\/#\/schema\/logo\/image\/","url":"http:\/\/just-now.news\/de\/wp-content\/uploads\/sites\/3\/2022\/04\/logo500x500.jpg","contentUrl":"http:\/\/just-now.news\/de\/wp-content\/uploads\/sites\/3\/2022\/04\/logo500x500.jpg","width":500,"height":500,"caption":"Just Now News"},"image":{"@id":"https:\/\/now-news.de\/de\/#\/schema\/logo\/image\/"},"sameAs":["https:\/\/www.facebook.com\/wirmachenauf","https:\/\/x.com\/WirMachenAuf_de"]},{"@type":"Person","@id":"https:\/\/now-news.de\/de\/#\/schema\/person\/fb534a4e865501d8b3285208df34a9b5","name":"rtnews","image":{"@type":"ImageObject","inLanguage":"de","@id":"https:\/\/now-news.de\/de\/#\/schema\/person\/image\/","url":"https:\/\/secure.gravatar.com\/avatar\/82aafea7d8127119dd649515f56e2117?s=96&d=mm&r=g","contentUrl":"https:\/\/secure.gravatar.com\/avatar\/82aafea7d8127119dd649515f56e2117?s=96&d=mm&r=g","caption":"rtnews"},"url":"https:\/\/now-news.de\/de\/author\/rnews\/"}]}},"_links":{"self":[{"href":"https:\/\/now-news.de\/de\/wp-json\/wp\/v2\/posts\/38931"}],"collection":[{"href":"https:\/\/now-news.de\/de\/wp-json\/wp\/v2\/posts"}],"about":[{"href":"https:\/\/now-news.de\/de\/wp-json\/wp\/v2\/types\/post"}],"author":[{"embeddable":true,"href":"https:\/\/now-news.de\/de\/wp-json\/wp\/v2\/users\/3"}],"replies":[{"embeddable":true,"href":"https:\/\/now-news.de\/de\/wp-json\/wp\/v2\/comments?post=38931"}],"version-history":[{"count":0,"href":"https:\/\/now-news.de\/de\/wp-json\/wp\/v2\/posts\/38931\/revisions"}],"wp:featuredmedia":[{"embeddable":true,"href":"https:\/\/now-news.de\/de\/wp-json\/wp\/v2\/media\/38932"}],"wp:attachment":[{"href":"https:\/\/now-news.de\/de\/wp-json\/wp\/v2\/media?parent=38931"}],"wp:term":[{"taxonomy":"category","embeddable":true,"href":"https:\/\/now-news.de\/de\/wp-json\/wp\/v2\/categories?post=38931"},{"taxonomy":"post_tag","embeddable":true,"href":"https:\/\/now-news.de\/de\/wp-json\/wp\/v2\/tags?post=38931"}],"curies":[{"name":"wp","href":"https:\/\/api.w.org\/{rel}","templated":true}]}}