{"id":38925,"date":"2023-06-26T15:03:44","date_gmt":"2023-06-26T13:03:44","guid":{"rendered":"https:\/\/just-now.news\/de\/deutschland\/moldawien-verbot-einer-oppositionspartei-die-in-den-umfragen-auf-dem-vormarsch-war\/"},"modified":"2023-06-26T15:03:44","modified_gmt":"2023-06-26T13:03:44","slug":"moldawien-verbot-einer-oppositionspartei-die-in-den-umfragen-auf-dem-vormarsch-war","status":"publish","type":"post","link":"https:\/\/now-news.de\/de\/deutschland\/moldawien-verbot-einer-oppositionspartei-die-in-den-umfragen-auf-dem-vormarsch-war\/","title":{"rendered":"Moldawien: Verbot einer Oppositionspartei, die in den Umfragen auf dem Vormarsch war"},"content":{"rendered":"<p><img decoding=\"async\" src=\"http:\/\/just-now.news\/de\/wp-content\/uploads\/sites\/3\/2023\/06\/64997fee48fbef61aa1e2569.jpeg\" \/><\/p>\n<div class=\"Text-root Text-type_1 \">\n                Die Entscheidung, eine Partei zu verbieten, k\u00f6nnte zu einer politischen Krise in Moldawien f\u00fchren, wo die derzeitige Regierung hofft, eines Tages der EU beizutreten. Aber warum h\u00f6rt man im Westen nichts \u00fcber diese Vorg\u00e4nge?\n            <\/div>\n<p><\/p>\n<div class=\"Text-root Text-type_5 ArticleView-text ViewText-root \">\n<p><em>Eine Analyse von Petr Lawrenin<\/em><\/p>\n<p><strong>\u00a0<\/strong><\/p>\n<p>Am 19. Juni wurde in Moldawien zum ersten Mal seit der Unabh\u00e4ngigkeit des Landes im Jahr 1991 eine politische Partei <a rel=\"nofollow noopener\" target=\"_blank\" href=\"https:\/\/pressefreiheit.rtde.live\/international\/173075-oppositionspartei-sor-in-moldawien-fuer-illegal-erklaert\/\">verboten<\/a>. Nach einem Prozess, der in Moldawien breite \u00f6ffentliche Emp\u00f6rung <a rel=\"nofollow noopener\" target=\"_blank\" href=\"https:\/\/pressefreiheit.rtde.live\/kurzclips\/video\/173291-moldawien-regierung-verbietet-oppositionspartei-eu\/\">hervorrief<\/a>, ordnete das Verfassungsgericht der Republik Moldawien die Aufl\u00f6sung der Partei \u0218or an. Moldawiens pro-westliches Establishment h\u00e4lt die Partei f\u00fcr &#8220;pro-russisch&#8221;, w\u00e4hrend Gr\u00fcnder Ilan \u0218or in sein Geburtsland Israel geflohen ist, um einer Inhaftierung zu entgehen.<\/p>\n<p>In den vergangenen Monaten veranstalteten die Anh\u00e4nger der Partei Kundgebungen, bei denen sie niedrigere Stromrechnungen und eine Erh\u00f6hung der Sozialleistungen forderten. Dar\u00fcber hinaus widersetzte sich die Partei allen Gespr\u00e4chen \u00fcber eine Vereinigung Moldawiens mit Rum\u00e4nien und jedem Versuch, die nicht anerkannte Republik Transnistrien, in der seit 1992 russische Friedenstruppen stationiert sind, gewaltsam zu erobern.<\/p>\n<p>Das Verbot hat zu Massenprotesten und einer Spaltung des politischen Establishments gef\u00fchrt. Neben Klagen \u00fcber eine Usurpation der Macht und eine sich verschlechternde Wirtschaft \u2013 die nach Ansicht vieler auf den Abbruch der Beziehungen zu Russland zur\u00fcckzuf\u00fchren sei \u2013 wird Moldawiens vom Westen unterst\u00fctzte Pr\u00e4sidentin Maia Sandu nun beschuldigt, gegen die Demokratie und die Verfassungsprinzipien des Landes versto\u00dfen zu haben.<\/p>\n<p><strong>Kein einziges Wort \u00fcber Demokratie<\/strong><\/p>\n<p>Auf Initiative vom damaligen Justizminister Sergiu Litvinenco legte die Regierung Moldawiens im vergangenen Herbst beim Verfassungsgericht Berufung ein, um \u0218or zu verbieten.<\/p>\n<blockquote>\n<p><em>&#8220;Die Partei wurde von Oligarchen f\u00fcr Oligarchen gegr\u00fcndet. Ihr Ziel war es von Anfang an, die Idee der Demokratie zu diskreditieren und eine \u00f6ffentliche Unterst\u00fctzung vorzut\u00e4uschen. Die Partei wurde als Ableger oder politisches Instrument einer organisierten kriminellen Gruppe gegr\u00fcndet&#8221;, sagte der Minister damals.<\/em><\/p>\n<\/blockquote>\n<p>Im vergangenen Dezember erkl\u00e4rte die Europ\u00e4ische Kommission f\u00fcr Demokratie durch Recht (Venedig-Kommission), dass mit einem Verbot der f\u00fcr verfassungswidrig erkl\u00e4rten Partei das Recht auf Vereinigungsfreiheit verletzen werde. Doch selbst dies konnte den Prozess, der schlie\u00dflich zu dem Urteil f\u00fchrte, nicht verhindern. Am 19. Juni erlie\u00df das Verfassungsgericht der Republik Moldawien ein Urteil zur Aufl\u00f6sung der Partei aufgrund illegaler Finanzierung und angeblicher Bestechung von W\u00e4hlern und Teilnehmern von Kundgebungen.<\/p>\n<p>Laut Gerichtsbeschluss galt die Partei ab dem Zeitpunkt der Urteilsverk\u00fcndung als mit sofortiger Wirkung aufgel\u00f6st und ihr Eigentum muss dem Staat \u00fcbergeben werden. Ihre Abgeordneten behalten zwar ihre Mandate, k\u00f6nnen aber keine Fraktion mehr bilden oder sich anderen Fraktionen anschlie\u00dfen. Alle von der Partei erlassenen Dokumente haben keine Rechtskraft mehr, und das Justizministerium wird in K\u00fcrze einen Sonderausschuss bilden, der f\u00fcr die Beendigung der Aktivit\u00e4ten der Partei und ihren Ausschluss aus dem staatlichen Register der juristischen Personen zust\u00e4ndig sein wird.<\/p>\n<p>Die Entscheidung wurde von Vertretern der pro-europ\u00e4ischen Partei der Aktion und Solidarit\u00e4t einstimmig unterst\u00fctzt. Die Pr\u00e4sidentin von Moldawien, Maia Sandu, sagte, \u0218or sei eine politische Macht, die &#8220;aus Korruption f\u00fcr die Korruption&#8221; geschaffen wurde, wodurch &#8220;die verfassungsm\u00e4\u00dfige Ordnung und Sicherheit des Staates bedroht&#8221; werde.<\/p>\n<blockquote>\n<p><em>&#8220;Die B\u00fcrger Moldawiens haben immer ihre Freiheit verteidigt und gleiches Recht f\u00fcr alle gefordert. Die Republik Moldawien muss ein Staat werden, der die Korrupten bestraft und sie daran hindert, den Staat und \u00f6ffentliche Gelder zum pers\u00f6nlichen Vorteil zu nutzen. Nur ein Staat, der von denen befreit ist, die ihn bestehlen, kann seinen B\u00fcrgern Wohlstand bieten&#8221;, sagte die Pr\u00e4sidentin.<\/em><\/p>\n<\/blockquote>\n<p><em>01 \u2013 Die moldawische Pr\u00e4sidentin Maia Sandu. @ Daniel Mihailescu \/ AFP<\/em><\/p>\n<p>Die Entscheidung, die Partei zu verbieten, k\u00f6nnte jedoch auf v\u00f6llig anderen Motiven beruhen als dem Kampf f\u00fcr &#8220;demokratische Werte&#8221;, denn in Wirklichkeit war \u0218or zur wichtigsten Oppositionsplattform in Moldawien geworden. Die Partei bef\u00fcrwortete eine R\u00fcckkehr zu normalen Beziehungen zu Russland, was dem Land helfen w\u00fcrde, die aktuelle Wirtschaftskrise zu \u00fcberwinden, und lehnte einen EU-Beitritt und eine m\u00f6gliche Vereinigung mit Rum\u00e4nien ab.<\/p>\n<p>Dar\u00fcber hinaus ist es der Partei und ihren Abgeordneten durchaus gelungen, die Gunst der Bev\u00f6lkerung zu gewinnen. Beispielsweise gewann im Mai dieses Jahres in Gagausien \u2013 einem russischsprachigen autonomen Gebiet im S\u00fcdosten Moldawiens \u2013 Jewgenia Gu\u021bul die Regionalwahlen, eine Kandidatin der \u0218or. Die moldawischen Beh\u00f6rden interpretierten dies als Aufruf zum Separatismus, schickten Spezialeinheiten in die Region und drohten mit der Annullierung der Wahlergebnisse aufgrund einer angeblichen &#8220;W\u00e4hlerbestechung&#8221;, scheiterten jedoch letztlich daran. Die Beh\u00f6rden planen nun, darauf zur\u00fcckzukommen und das Verbot der \u0218or zu nutzen, um den Wahlsieg von Gu\u021bul ung\u00fcltig zu machen.<\/p>\n<p>Die Partei selbst nannte das Urteil des Verfassungsgerichts erwartungsgem\u00e4\u00df &#8220;besch\u00e4mend, gef\u00e4hrlich und beispiellos&#8221;. In der offiziellen Erkl\u00e4rung hie\u00df es, Moldawien sei &#8220;das erste Land in Europa, in dem eine Oppositionspartei verboten und aufgel\u00f6st wurde&#8221;. In Wirklichkeit trifft dies jedoch nicht zu. So wurde beispielsweise auch die gr\u00f6\u00dfte Oppositionspartei der Ukraine, die Oppositionsplattform &#8220;F\u00fcr das Leben&#8221;, im vergangenen Jahr verboten und aufgel\u00f6st. Ferner behaupten die Vertreter der \u0218or, die Richter h\u00e4tten mit direkter Zustimmung der US- und EU-Botschaften gehandelt.<\/p>\n<p>Die Frage, ob das Verbot legal ist, hat die politische Elite Moldawiens gespalten. So sagte beispielsweise der ehemalige Pr\u00e4sident des Verfassungsgerichts des Landes, Alexandru T\u0103nase, dass die Entscheidung des Gerichts verfassungswidrig sei und warnte, dass dies ein Zeichen f\u00fcr k\u00fcnftige S\u00e4uberungen sei:<\/p>\n<blockquote>\n<p><em>&#8220;In der Republik Moldawien wird bei jedem Regierungswechsel auf parlamentarischer Ebene das gesamte System der \u00f6ffentlichen Verwaltung, einschlie\u00dflich des Justizsystems, neu untergeordnet. Daher m\u00fcssen wir verstehen, dass dieser Pr\u00e4zedenzfall f\u00fcr k\u00fcnftige politische S\u00e4uberungen genutzt werden k\u00f6nnte, wenn es auf parlamentarischer Ebene zu politischen Ver\u00e4nderungen kommt.&#8221;<\/em><\/p>\n<\/blockquote>\n<p>Auch Moldawiens zweitgr\u00f6\u00dfte Partei, die Partei der Sozialisten (PSRM) unter der F\u00fchrung des ehemaligen Pr\u00e4sidenten Igor Dodon, der von 2016 bis 2020 im Amt war, sprach sich f\u00fcr die \u0218or aus.<\/p>\n<blockquote>\n<p><em>&#8220;Die Entscheidung des Verfassungsgerichts ist ein gef\u00e4hrlicher Pr\u00e4zedenzfall mit schwerwiegenden Folgen f\u00fcr das politische System der Republik Moldawien. Dieses Urteil untergr\u00e4bt die Grundlagen des demokratischen Prinzips eines Mehrparteiensystems. Alles, was heute in der Republik Moldawien passiert, hat nichts mit echter Demokratie und wahren europ\u00e4ischen Werten zu tun&#8221;, erkl\u00e4rte die PSRM.<\/em><\/p>\n<\/blockquote>\n<p>Seltsamerweise ist die EU bei diesem Thema anderer Meinung. Der au\u00dfenpolitische Sprecher der EU, Peter Stano, bezeichnete das Verbot als legitim.<\/p>\n<blockquote>\n<p><em>&#8220;Als wichtigste Autorit\u00e4t in Fragen der Verfassung hat das Verfassungsgericht der Republik Moldau das letzte Wort bei der Auslegung der Verfassung und der Vereinbarkeit nationaler Gesetze und staatlicher Entscheidungen mit dem allgemeinen Recht&#8221;, so Stano.<\/em><\/p>\n<\/blockquote>\n<p><em>02 \u2013 Igor Dodon \u00a9 Sputnik \/ Alexey Maischew<\/em><\/p>\n<p><strong>Am Rande einer Krise<\/strong><\/p>\n<p>Moldawien hat in letzter Zeit wirtschaftlich schwierige Zeiten durchgemacht, nun k\u00f6nnte es aber auch in eine politische Krise geraten. Seit \u00fcber einem Jahr bereiten sich die gro\u00dfen Parteien des Landes, deren politische Ansichten Welten trennen, auf eine direkte Konfrontation vor, einschlie\u00dflich einer Pattsituation auf der Stra\u00dfe. Sandu konnte bisher die Kontrolle \u00fcber die von Oppositionskr\u00e4ften eingenommenen Stra\u00dfen und Pl\u00e4tze der Hauptstadt nicht erlangen.<\/p>\n<p>Die meisten regierungsfeindlichen Kundgebungen wurden entweder von \u0218or \u2013 die jeweils die Proteste gr\u00f6\u00dftenteils finanzierte \u2013 oder von der PSRM und der Kommunistischen Partei organisiert. Alle drei Parteien bef\u00fcrworten den Ausbau der Beziehungen zu Moskau. Die einfachen Leute protestieren nicht nur gegen die Einstellung der Agrarexporte nach Russland, sondern auch gegen die beispiellose Inflation, die auf 40 Prozent gestiegen ist, und die steigenden Kosten f\u00fcr Strom.<\/p>\n<p>Unter diesen Umst\u00e4nden w\u00e4chst die \u00f6ffentliche Unterst\u00fctzung f\u00fcr die Opposition und insbesondere f\u00fcr die \u0218or weiter. Laut einer aktuellen Umfrage der Soziologieagentur Intellect Group war die jetzt verbotene Partei vor dem Urteil die zweitbeliebteste politische Fraktion im Land. Eine aktuelle Umfrage ergab, dass die Partei der Aktion und Solidarit\u00e4t von 24,5 Prozent der Befragten unterst\u00fctzt wird \u2013 bei einer negativen Bewertung von \u00fcber 40 Prozent \u2013, w\u00e4hrend 14,5 Prozent \u0218or unterst\u00fctzen. PSRM belegte mit 10,3 Prozent den dritten Platz und befindet sich im Abw\u00e4rtstrend. Der Umfrage zufolge liegt die Kommunistische Partei bei 6,2 Prozent, was bedeutet, dass sie die Schwelle zum Einzug ins n\u00e4chste Parlament \u00fcberschreiten w\u00fcrde.<\/p>\n<p>Auch die passive Haltung der Kommunistischen Partei und der PSRM gegen\u00fcber der antirussischen Agenda und den Aussagen der Zentralbeh\u00f6rden steigerte die Popularit\u00e4t von \u0218or. Versuche, einen Kompromiss mit dem Team von Sandu zu finden, entfremdeten jenen Teil der W\u00e4hlerschaft, der in der \u0218or Unterst\u00fctzung f\u00fcr seine Anliegen fand.<\/p>\n<p>Die Meinung einer betr\u00e4chtlichen Zahl von Moldawiern hindert Sandu jedoch nicht daran, die Demonstranten zu ignorieren und ihre Gegner als russische Agenten und Mitglieder organisierter krimineller Gruppen zu bezeichnen.<\/p>\n<blockquote>\n<p><em>&#8220;Die Entscheidung von Maia Sandu, die \u0218or zu verbieten, war ein Schlag ins Gesicht f\u00fcr die H\u00e4lfte der Bev\u00f6lkerung, die uns unterst\u00fctzt, und f\u00fcr den anderen Teil der Bev\u00f6lkerung, der Sandu nicht unterst\u00fctzt. 90 Prozent der Bev\u00f6lkerung des Landes sind gezwungen, diese Bande zu ertragen, die gegen die Verfassung, die Gesetze und die Regierungsf\u00fchrung der Republik Moldawien verst\u00f6\u00dft&#8221;, emp\u00f6rte sich der Vorsitzende der Partei, Ilan \u0218or, \u00fcber\u00a0die Entscheidung,\u00a0seine Partei zu verbieten.<\/em><\/p>\n<\/blockquote>\n<p>Unterdessen haben Parteivertreter und Aktivisten der \u0218or nicht die Absicht aufzugeben. Der Leiter des Bezirks Orhei, Dinu \u021aurcanu, sagte, dass man &#8220;pro Tag zwei Parteien gr\u00fcnden und das\u00a0Team auf jeden Fall weiterarbeiten wird&#8221;. Die Partei hofft, dass ihr Team weiter bestehen und f\u00fcr die Rechte der einfachen Leute k\u00e4mpfen wird.<\/p>\n<p><em>03 \u2013 Ilan \u0218or \u00a9 Sputnik \/ Miroslav Rotari<\/em><\/p>\n<blockquote>\n<p><em>&#8220;Wir sind uns bitter bewusst, dass die Republik Moldawien in der Welt noch bekannter geworden ist. Es ist nicht nur das \u00e4rmste Land Europas, es ist ein Land der kriminellen Gesetzlosigkeit, die von den offiziellen Beh\u00f6rden unterst\u00fctzt und von Maia Sandu angef\u00fchrt wird, deren erb\u00e4rmliche Komplexe ihr nie Gl\u00fcck und Frieden im Leben beschert haben, selbst dann nicht, als sie im Pr\u00e4sidentenpalast den Vorsitz \u00fcbernahm&#8221;, sagte Marina Tauber, die stellvertretende Vorsitzende der \u0218or.<\/em><\/p>\n<\/blockquote>\n<p>Sie betonte auch, dass gegen die Entscheidung, die Partei zu verbieten, Berufung beim Europ\u00e4ischen Gerichtshof f\u00fcr Menschenrechte eingelegt werde und ganz Europa von dem r\u00fccksichtslosen Vorgehen der moldawischen Beh\u00f6rden erfahren werde:<\/p>\n<blockquote>\n<p><em>&#8220;Jeder, der an diesem besch\u00e4menden Prozess teilgenommen und diese Entscheidung getroffen hat, wird sich fr\u00fcher oder sp\u00e4ter gem\u00e4\u00df dem Gesetz verantworten m\u00fcssen.&#8221;<\/em><\/p>\n<\/blockquote>\n<p>Tats\u00e4chlich k\u00f6nnte Tauber selbst vor Gericht stehen und im Falle einer Verurteilung mit einer Freiheitsstrafe von bis zu sieben Jahren oder einer Geldstrafe von 95.000 Lei (rund 4.800 Euro) rechnen. Ihr wird in vier F\u00e4llen der Prozess gemacht, unter anderem wegen illegaler Finanzierung. Die Staatsanw\u00e4lte haben die Ermittlungen abgeschlossen und der Fall wurde an das Gericht \u00fcbergeben. Am Ausgang des Verfahrens bestehen jedoch kaum Zweifel.<\/p>\n<p>Am 13. April wurde Ilan \u0218or zu 15 Jahren Gef\u00e4ngnis verurteilt, sein Eigentum im Wert von \u00fcber 250 Millionen Euro beschlagnahmt und dem Staat \u00fcbergeben. Infolgedessen versteckt sich der Politiker in Israel. Tats\u00e4chlich ist die Vergangenheit von \u0218or die Schwachstelle der Partei und mitverantwortlich f\u00fcr deren Verbot. Im Jahr 2017 war der Gesch\u00e4ftsmann und ehemalige B\u00fcrgermeister der Stadt Orhei Angeklagter im ber\u00fcchtigten Fall des &#8220;Diebstahls einer Milliarde Dollar&#8221; aus dem moldawischen Bankensystem. In der Folge wurde er zu einer Haftstrafe von 7,5 Jahren in einer halboffenen Justizvollzugsanstalt verurteilt.<\/p>\n<p>Gegen das Urteil wurde Berufung eingelegt und w\u00e4hrend der Fall im Berufungsgericht verhandelt wurde, kam \u0218or unter gerichtliche Aufsicht. Nachdem Sandu jedoch an die Macht gekommen war, verlie\u00df er das Land, da ihm die neue Regierung die parlamentarische Immunit\u00e4t entzogen hatte. Im Juni 2020 wurde er auf die internationale Fahndungsliste gesetzt und die Staatsanwaltschaft f\u00fcr Antikorruption der Republik Moldau beschlagnahmte einen Teil seines Eigentums. Nach langen Ermittlungen wurde er des Bankbetrugs f\u00fcr schuldig befunden. Nun wurde seine Partei verboten.<\/p>\n<p><strong>Mehr zum Thema<\/strong> \u2013 <a rel=\"nofollow noopener\" target=\"_blank\" href=\"https:\/\/freeassange.rtde.life\/europa\/173124-deutet-hartes-vorgehen-gegen-nato-opposition-moldawien-auf-einen-neuen-konflikt-hin\/\">Deutet ein hartes Vorgehen gegen die NATO-Opposition in Moldawien auf einen neuen Konflikt hin?<\/a><\/p>\n<div class=\"EmbedBlock-root EmbedBlock-externalVideo EmbedBlock-vk\">\n<div class=\"VkEmbed\"><iframe class=\"lazyload\" data-src=\"https:\/\/vk.com\/video_ext.php?oid=-134310637&amp;id=456267852&amp;hash=0655f41992d8fd22\" frameborder=\"0\" width=\"853\" height=\"480\" allowfullscreen><\/iframe><\/div>\n<\/div>\n<p><strong><\/strong>Aus dem <a rel=\"nofollow noopener\" target=\"_blank\" href=\"https:\/\/www.rt.com\/news\/578651-blinken-china-xi-dictator\/\">Englischen<\/a>.<\/p>\n<p>Petr Lawrenin ist Polit-Journalist\u00a0sowie Experte f\u00fcr die Ukraine und die ehemalige Sowjetunion.<\/p>\n<\/p>\n<\/div>\n<p><br \/>\n<br \/><a href=\"https:\/\/de.rt.com\/international\/173637-moldawien-hat-oppositionspartei-verboten-die-in-umfragen-auf-dem-vormarsch-war\/\">Source link <\/a><\/p>\n","protected":false},"excerpt":{"rendered":"<p>Die Entscheidung, eine Partei zu verbieten, k\u00f6nnte zu einer politischen Krise in Moldawien f\u00fchren, wo die derzeitige Regierung hofft, eines Tages der EU beizutreten. Aber warum h\u00f6rt man im Westen nichts \u00fcber diese Vorg\u00e4nge? Eine Analyse von Petr Lawrenin \u00a0 Am 19. Juni wurde in Moldawien zum ersten Mal seit der Unabh\u00e4ngigkeit des Landes im [&hellip;]<\/p>\n","protected":false},"author":3,"featured_media":38926,"comment_status":"open","ping_status":"open","sticky":false,"template":"","format":"standard","meta":{"_yoast_indexnow_last_ping":["1687784820"],"wp_automatic_camp":["217"],"284d65dba179dde21756c27b4e389ab2":["Moldawien: Verbot einer Oppositionspartei, die in den Umfragen auf dem Vormarsch war"],"original_link":["https:\/\/de.rt.com\/international\/173637-moldawien-hat-oppositionspartei-verboten-die-in-umfragen-auf-dem-vormarsch-war\/"],"_thumbnail_id":["38926"],"jnews_social_counter_last_update":["1777353558"],"_wptgpro_p2tg_sent2tg":["a:1:{i:23737;s:19:\"2023-06-26 15:08:23\";}"]},"categories":[19,23],"tags":[133,134,48,45,212,25732,45798,20169,3817,23230,2223],"yoast_head":"<!-- This site is optimized with the Yoast SEO Premium plugin v22.7 (Yoast SEO v22.7) - https:\/\/yoast.com\/wordpress\/plugins\/seo\/ -->\n<title>Moldawien: Verbot einer Oppositionspartei, die in den Umfragen auf dem Vormarsch war - just-now.NEWS Deutschland<\/title>\n<meta name=\"robots\" content=\"index, follow, max-snippet:-1, max-image-preview:large, max-video-preview:-1\" \/>\n<link rel=\"canonical\" href=\"https:\/\/now-news.de\/de\/deutschland\/moldawien-verbot-einer-oppositionspartei-die-in-den-umfragen-auf-dem-vormarsch-war\/\" \/>\n<meta property=\"og:locale\" content=\"de_DE\" \/>\n<meta property=\"og:type\" content=\"article\" \/>\n<meta property=\"og:title\" content=\"Moldawien: Verbot einer Oppositionspartei, die in den Umfragen auf dem Vormarsch war\" \/>\n<meta property=\"og:description\" content=\"Die Entscheidung, eine Partei zu verbieten, k\u00f6nnte zu einer politischen Krise in Moldawien f\u00fchren, wo die derzeitige Regierung hofft, eines Tages der EU beizutreten. Aber warum h\u00f6rt man im Westen nichts \u00fcber diese Vorg\u00e4nge? Eine Analyse von Petr Lawrenin \u00a0 Am 19. Juni wurde in Moldawien zum ersten Mal seit der Unabh\u00e4ngigkeit des Landes im [&hellip;]\" \/>\n<meta property=\"og:url\" content=\"https:\/\/now-news.de\/de\/deutschland\/moldawien-verbot-einer-oppositionspartei-die-in-den-umfragen-auf-dem-vormarsch-war\/\" \/>\n<meta property=\"og:site_name\" content=\"just-now.NEWS Deutschland\" \/>\n<meta property=\"article:publisher\" content=\"https:\/\/www.facebook.com\/wirmachenauf\" \/>\n<meta property=\"article:published_time\" content=\"2023-06-26T13:03:44+00:00\" \/>\n<meta property=\"og:image\" content=\"https:\/\/now-news.de\/de\/wp-content\/uploads\/sites\/3\/2023\/06\/Moldawien-Verbot-einer-Oppositionspartei-die-in-den-Umfragen-auf-dem.jpeg\" \/>\n\t<meta property=\"og:image:width\" content=\"460\" \/>\n\t<meta property=\"og:image:height\" content=\"259\" \/>\n\t<meta property=\"og:image:type\" content=\"image\/jpeg\" \/>\n<meta name=\"author\" content=\"rtnews\" \/>\n<meta name=\"twitter:card\" content=\"summary_large_image\" \/>\n<meta name=\"twitter:creator\" content=\"@WirMachenAuf_de\" \/>\n<meta name=\"twitter:site\" content=\"@WirMachenAuf_de\" \/>\n<meta name=\"twitter:label1\" content=\"Verfasst von\" \/>\n\t<meta name=\"twitter:data1\" content=\"rtnews\" \/>\n\t<meta name=\"twitter:label2\" content=\"Gesch\u00e4tzte Lesezeit\" \/>\n\t<meta name=\"twitter:data2\" content=\"10\u00a0Minuten\" \/>\n<script type=\"application\/ld+json\" class=\"yoast-schema-graph\">{\"@context\":\"https:\/\/schema.org\",\"@graph\":[{\"@type\":\"Article\",\"@id\":\"https:\/\/now-news.de\/de\/deutschland\/moldawien-verbot-einer-oppositionspartei-die-in-den-umfragen-auf-dem-vormarsch-war\/#article\",\"isPartOf\":{\"@id\":\"https:\/\/now-news.de\/de\/deutschland\/moldawien-verbot-einer-oppositionspartei-die-in-den-umfragen-auf-dem-vormarsch-war\/\"},\"author\":{\"name\":\"rtnews\",\"@id\":\"https:\/\/now-news.de\/de\/#\/schema\/person\/fb534a4e865501d8b3285208df34a9b5\"},\"headline\":\"Moldawien: Verbot einer Oppositionspartei, die in den Umfragen auf dem Vormarsch war\",\"datePublished\":\"2023-06-26T13:03:44+00:00\",\"dateModified\":\"2023-06-26T13:03:44+00:00\",\"mainEntityOfPage\":{\"@id\":\"https:\/\/now-news.de\/de\/deutschland\/moldawien-verbot-einer-oppositionspartei-die-in-den-umfragen-auf-dem-vormarsch-war\/\"},\"wordCount\":2009,\"commentCount\":0,\"publisher\":{\"@id\":\"https:\/\/now-news.de\/de\/#organization\"},\"image\":{\"@id\":\"https:\/\/now-news.de\/de\/deutschland\/moldawien-verbot-einer-oppositionspartei-die-in-den-umfragen-auf-dem-vormarsch-war\/#primaryimage\"},\"thumbnailUrl\":\"https:\/\/now-news.de\/de\/wp-content\/uploads\/sites\/3\/2023\/06\/Moldawien-Verbot-einer-Oppositionspartei-die-in-den-Umfragen-auf-dem.jpeg\",\"keywords\":[\"AUF\",\"DEM\",\"den\",\"die\",\"einer\",\"Moldawien\",\"Oppositionspartei\",\"Umfragen\",\"Verbot\",\"Vormarsch\",\"War\"],\"articleSection\":[\"Deutschland\",\"Russland\"],\"inLanguage\":\"de\",\"potentialAction\":[{\"@type\":\"CommentAction\",\"name\":\"Comment\",\"target\":[\"https:\/\/now-news.de\/de\/deutschland\/moldawien-verbot-einer-oppositionspartei-die-in-den-umfragen-auf-dem-vormarsch-war\/#respond\"]}]},{\"@type\":\"WebPage\",\"@id\":\"https:\/\/now-news.de\/de\/deutschland\/moldawien-verbot-einer-oppositionspartei-die-in-den-umfragen-auf-dem-vormarsch-war\/\",\"url\":\"https:\/\/now-news.de\/de\/deutschland\/moldawien-verbot-einer-oppositionspartei-die-in-den-umfragen-auf-dem-vormarsch-war\/\",\"name\":\"Moldawien: Verbot einer Oppositionspartei, die in den Umfragen auf dem Vormarsch war - just-now.NEWS Deutschland\",\"isPartOf\":{\"@id\":\"https:\/\/now-news.de\/de\/#website\"},\"primaryImageOfPage\":{\"@id\":\"https:\/\/now-news.de\/de\/deutschland\/moldawien-verbot-einer-oppositionspartei-die-in-den-umfragen-auf-dem-vormarsch-war\/#primaryimage\"},\"image\":{\"@id\":\"https:\/\/now-news.de\/de\/deutschland\/moldawien-verbot-einer-oppositionspartei-die-in-den-umfragen-auf-dem-vormarsch-war\/#primaryimage\"},\"thumbnailUrl\":\"https:\/\/now-news.de\/de\/wp-content\/uploads\/sites\/3\/2023\/06\/Moldawien-Verbot-einer-Oppositionspartei-die-in-den-Umfragen-auf-dem.jpeg\",\"datePublished\":\"2023-06-26T13:03:44+00:00\",\"dateModified\":\"2023-06-26T13:03:44+00:00\",\"breadcrumb\":{\"@id\":\"https:\/\/now-news.de\/de\/deutschland\/moldawien-verbot-einer-oppositionspartei-die-in-den-umfragen-auf-dem-vormarsch-war\/#breadcrumb\"},\"inLanguage\":\"de\",\"potentialAction\":[{\"@type\":\"ReadAction\",\"target\":[\"https:\/\/now-news.de\/de\/deutschland\/moldawien-verbot-einer-oppositionspartei-die-in-den-umfragen-auf-dem-vormarsch-war\/\"]}]},{\"@type\":\"ImageObject\",\"inLanguage\":\"de\",\"@id\":\"https:\/\/now-news.de\/de\/deutschland\/moldawien-verbot-einer-oppositionspartei-die-in-den-umfragen-auf-dem-vormarsch-war\/#primaryimage\",\"url\":\"https:\/\/now-news.de\/de\/wp-content\/uploads\/sites\/3\/2023\/06\/Moldawien-Verbot-einer-Oppositionspartei-die-in-den-Umfragen-auf-dem.jpeg\",\"contentUrl\":\"https:\/\/now-news.de\/de\/wp-content\/uploads\/sites\/3\/2023\/06\/Moldawien-Verbot-einer-Oppositionspartei-die-in-den-Umfragen-auf-dem.jpeg\",\"width\":460,\"height\":259,\"caption\":\"Moldawien: Verbot einer Oppositionspartei, die in den Umfragen auf dem Vormarsch war\"},{\"@type\":\"BreadcrumbList\",\"@id\":\"https:\/\/now-news.de\/de\/deutschland\/moldawien-verbot-einer-oppositionspartei-die-in-den-umfragen-auf-dem-vormarsch-war\/#breadcrumb\",\"itemListElement\":[{\"@type\":\"ListItem\",\"position\":1,\"name\":\"Home\",\"item\":\"https:\/\/now-news.de\/de\/\"},{\"@type\":\"ListItem\",\"position\":2,\"name\":\"Moldawien: Verbot einer Oppositionspartei, die in den Umfragen auf dem Vormarsch war\"}]},{\"@type\":\"WebSite\",\"@id\":\"https:\/\/now-news.de\/de\/#website\",\"url\":\"https:\/\/now-news.de\/de\/\",\"name\":\"just-now.NEWS Deutschland\",\"description\":\"Das Portal f\u00fcr unzensierte Nachrichten aus der Welt\",\"publisher\":{\"@id\":\"https:\/\/now-news.de\/de\/#organization\"},\"potentialAction\":[{\"@type\":\"SearchAction\",\"target\":{\"@type\":\"EntryPoint\",\"urlTemplate\":\"https:\/\/now-news.de\/de\/?s={search_term_string}\"},\"query-input\":\"required name=search_term_string\"}],\"inLanguage\":\"de\"},{\"@type\":\"Organization\",\"@id\":\"https:\/\/now-news.de\/de\/#organization\",\"name\":\"Just Now News\",\"url\":\"https:\/\/now-news.de\/de\/\",\"logo\":{\"@type\":\"ImageObject\",\"inLanguage\":\"de\",\"@id\":\"https:\/\/now-news.de\/de\/#\/schema\/logo\/image\/\",\"url\":\"http:\/\/just-now.news\/de\/wp-content\/uploads\/sites\/3\/2022\/04\/logo500x500.jpg\",\"contentUrl\":\"http:\/\/just-now.news\/de\/wp-content\/uploads\/sites\/3\/2022\/04\/logo500x500.jpg\",\"width\":500,\"height\":500,\"caption\":\"Just Now News\"},\"image\":{\"@id\":\"https:\/\/now-news.de\/de\/#\/schema\/logo\/image\/\"},\"sameAs\":[\"https:\/\/www.facebook.com\/wirmachenauf\",\"https:\/\/x.com\/WirMachenAuf_de\"]},{\"@type\":\"Person\",\"@id\":\"https:\/\/now-news.de\/de\/#\/schema\/person\/fb534a4e865501d8b3285208df34a9b5\",\"name\":\"rtnews\",\"image\":{\"@type\":\"ImageObject\",\"inLanguage\":\"de\",\"@id\":\"https:\/\/now-news.de\/de\/#\/schema\/person\/image\/\",\"url\":\"https:\/\/secure.gravatar.com\/avatar\/82aafea7d8127119dd649515f56e2117?s=96&d=mm&r=g\",\"contentUrl\":\"https:\/\/secure.gravatar.com\/avatar\/82aafea7d8127119dd649515f56e2117?s=96&d=mm&r=g\",\"caption\":\"rtnews\"},\"url\":\"https:\/\/now-news.de\/de\/author\/rnews\/\"}]}<\/script>\n<!-- \/ Yoast SEO Premium plugin. -->","yoast_head_json":{"title":"Moldawien: Verbot einer Oppositionspartei, die in den Umfragen auf dem Vormarsch war - just-now.NEWS Deutschland","robots":{"index":"index","follow":"follow","max-snippet":"max-snippet:-1","max-image-preview":"max-image-preview:large","max-video-preview":"max-video-preview:-1"},"canonical":"https:\/\/now-news.de\/de\/deutschland\/moldawien-verbot-einer-oppositionspartei-die-in-den-umfragen-auf-dem-vormarsch-war\/","og_locale":"de_DE","og_type":"article","og_title":"Moldawien: Verbot einer Oppositionspartei, die in den Umfragen auf dem Vormarsch war","og_description":"Die Entscheidung, eine Partei zu verbieten, k\u00f6nnte zu einer politischen Krise in Moldawien f\u00fchren, wo die derzeitige Regierung hofft, eines Tages der EU beizutreten. Aber warum h\u00f6rt man im Westen nichts \u00fcber diese Vorg\u00e4nge? Eine Analyse von Petr Lawrenin \u00a0 Am 19. Juni wurde in Moldawien zum ersten Mal seit der Unabh\u00e4ngigkeit des Landes im [&hellip;]","og_url":"https:\/\/now-news.de\/de\/deutschland\/moldawien-verbot-einer-oppositionspartei-die-in-den-umfragen-auf-dem-vormarsch-war\/","og_site_name":"just-now.NEWS Deutschland","article_publisher":"https:\/\/www.facebook.com\/wirmachenauf","article_published_time":"2023-06-26T13:03:44+00:00","og_image":[{"width":460,"height":259,"url":"https:\/\/now-news.de\/de\/wp-content\/uploads\/sites\/3\/2023\/06\/Moldawien-Verbot-einer-Oppositionspartei-die-in-den-Umfragen-auf-dem.jpeg","type":"image\/jpeg"}],"author":"rtnews","twitter_card":"summary_large_image","twitter_creator":"@WirMachenAuf_de","twitter_site":"@WirMachenAuf_de","twitter_misc":{"Verfasst von":"rtnews","Gesch\u00e4tzte Lesezeit":"10\u00a0Minuten"},"schema":{"@context":"https:\/\/schema.org","@graph":[{"@type":"Article","@id":"https:\/\/now-news.de\/de\/deutschland\/moldawien-verbot-einer-oppositionspartei-die-in-den-umfragen-auf-dem-vormarsch-war\/#article","isPartOf":{"@id":"https:\/\/now-news.de\/de\/deutschland\/moldawien-verbot-einer-oppositionspartei-die-in-den-umfragen-auf-dem-vormarsch-war\/"},"author":{"name":"rtnews","@id":"https:\/\/now-news.de\/de\/#\/schema\/person\/fb534a4e865501d8b3285208df34a9b5"},"headline":"Moldawien: Verbot einer Oppositionspartei, die in den Umfragen auf dem Vormarsch war","datePublished":"2023-06-26T13:03:44+00:00","dateModified":"2023-06-26T13:03:44+00:00","mainEntityOfPage":{"@id":"https:\/\/now-news.de\/de\/deutschland\/moldawien-verbot-einer-oppositionspartei-die-in-den-umfragen-auf-dem-vormarsch-war\/"},"wordCount":2009,"commentCount":0,"publisher":{"@id":"https:\/\/now-news.de\/de\/#organization"},"image":{"@id":"https:\/\/now-news.de\/de\/deutschland\/moldawien-verbot-einer-oppositionspartei-die-in-den-umfragen-auf-dem-vormarsch-war\/#primaryimage"},"thumbnailUrl":"https:\/\/now-news.de\/de\/wp-content\/uploads\/sites\/3\/2023\/06\/Moldawien-Verbot-einer-Oppositionspartei-die-in-den-Umfragen-auf-dem.jpeg","keywords":["AUF","DEM","den","die","einer","Moldawien","Oppositionspartei","Umfragen","Verbot","Vormarsch","War"],"articleSection":["Deutschland","Russland"],"inLanguage":"de","potentialAction":[{"@type":"CommentAction","name":"Comment","target":["https:\/\/now-news.de\/de\/deutschland\/moldawien-verbot-einer-oppositionspartei-die-in-den-umfragen-auf-dem-vormarsch-war\/#respond"]}]},{"@type":"WebPage","@id":"https:\/\/now-news.de\/de\/deutschland\/moldawien-verbot-einer-oppositionspartei-die-in-den-umfragen-auf-dem-vormarsch-war\/","url":"https:\/\/now-news.de\/de\/deutschland\/moldawien-verbot-einer-oppositionspartei-die-in-den-umfragen-auf-dem-vormarsch-war\/","name":"Moldawien: Verbot einer Oppositionspartei, die in den Umfragen auf dem Vormarsch war - just-now.NEWS Deutschland","isPartOf":{"@id":"https:\/\/now-news.de\/de\/#website"},"primaryImageOfPage":{"@id":"https:\/\/now-news.de\/de\/deutschland\/moldawien-verbot-einer-oppositionspartei-die-in-den-umfragen-auf-dem-vormarsch-war\/#primaryimage"},"image":{"@id":"https:\/\/now-news.de\/de\/deutschland\/moldawien-verbot-einer-oppositionspartei-die-in-den-umfragen-auf-dem-vormarsch-war\/#primaryimage"},"thumbnailUrl":"https:\/\/now-news.de\/de\/wp-content\/uploads\/sites\/3\/2023\/06\/Moldawien-Verbot-einer-Oppositionspartei-die-in-den-Umfragen-auf-dem.jpeg","datePublished":"2023-06-26T13:03:44+00:00","dateModified":"2023-06-26T13:03:44+00:00","breadcrumb":{"@id":"https:\/\/now-news.de\/de\/deutschland\/moldawien-verbot-einer-oppositionspartei-die-in-den-umfragen-auf-dem-vormarsch-war\/#breadcrumb"},"inLanguage":"de","potentialAction":[{"@type":"ReadAction","target":["https:\/\/now-news.de\/de\/deutschland\/moldawien-verbot-einer-oppositionspartei-die-in-den-umfragen-auf-dem-vormarsch-war\/"]}]},{"@type":"ImageObject","inLanguage":"de","@id":"https:\/\/now-news.de\/de\/deutschland\/moldawien-verbot-einer-oppositionspartei-die-in-den-umfragen-auf-dem-vormarsch-war\/#primaryimage","url":"https:\/\/now-news.de\/de\/wp-content\/uploads\/sites\/3\/2023\/06\/Moldawien-Verbot-einer-Oppositionspartei-die-in-den-Umfragen-auf-dem.jpeg","contentUrl":"https:\/\/now-news.de\/de\/wp-content\/uploads\/sites\/3\/2023\/06\/Moldawien-Verbot-einer-Oppositionspartei-die-in-den-Umfragen-auf-dem.jpeg","width":460,"height":259,"caption":"Moldawien: Verbot einer Oppositionspartei, die in den Umfragen auf dem Vormarsch war"},{"@type":"BreadcrumbList","@id":"https:\/\/now-news.de\/de\/deutschland\/moldawien-verbot-einer-oppositionspartei-die-in-den-umfragen-auf-dem-vormarsch-war\/#breadcrumb","itemListElement":[{"@type":"ListItem","position":1,"name":"Home","item":"https:\/\/now-news.de\/de\/"},{"@type":"ListItem","position":2,"name":"Moldawien: Verbot einer Oppositionspartei, die in den Umfragen auf dem Vormarsch war"}]},{"@type":"WebSite","@id":"https:\/\/now-news.de\/de\/#website","url":"https:\/\/now-news.de\/de\/","name":"just-now.NEWS Deutschland","description":"Das Portal f\u00fcr unzensierte Nachrichten aus der Welt","publisher":{"@id":"https:\/\/now-news.de\/de\/#organization"},"potentialAction":[{"@type":"SearchAction","target":{"@type":"EntryPoint","urlTemplate":"https:\/\/now-news.de\/de\/?s={search_term_string}"},"query-input":"required name=search_term_string"}],"inLanguage":"de"},{"@type":"Organization","@id":"https:\/\/now-news.de\/de\/#organization","name":"Just Now News","url":"https:\/\/now-news.de\/de\/","logo":{"@type":"ImageObject","inLanguage":"de","@id":"https:\/\/now-news.de\/de\/#\/schema\/logo\/image\/","url":"http:\/\/just-now.news\/de\/wp-content\/uploads\/sites\/3\/2022\/04\/logo500x500.jpg","contentUrl":"http:\/\/just-now.news\/de\/wp-content\/uploads\/sites\/3\/2022\/04\/logo500x500.jpg","width":500,"height":500,"caption":"Just Now News"},"image":{"@id":"https:\/\/now-news.de\/de\/#\/schema\/logo\/image\/"},"sameAs":["https:\/\/www.facebook.com\/wirmachenauf","https:\/\/x.com\/WirMachenAuf_de"]},{"@type":"Person","@id":"https:\/\/now-news.de\/de\/#\/schema\/person\/fb534a4e865501d8b3285208df34a9b5","name":"rtnews","image":{"@type":"ImageObject","inLanguage":"de","@id":"https:\/\/now-news.de\/de\/#\/schema\/person\/image\/","url":"https:\/\/secure.gravatar.com\/avatar\/82aafea7d8127119dd649515f56e2117?s=96&d=mm&r=g","contentUrl":"https:\/\/secure.gravatar.com\/avatar\/82aafea7d8127119dd649515f56e2117?s=96&d=mm&r=g","caption":"rtnews"},"url":"https:\/\/now-news.de\/de\/author\/rnews\/"}]}},"_links":{"self":[{"href":"https:\/\/now-news.de\/de\/wp-json\/wp\/v2\/posts\/38925"}],"collection":[{"href":"https:\/\/now-news.de\/de\/wp-json\/wp\/v2\/posts"}],"about":[{"href":"https:\/\/now-news.de\/de\/wp-json\/wp\/v2\/types\/post"}],"author":[{"embeddable":true,"href":"https:\/\/now-news.de\/de\/wp-json\/wp\/v2\/users\/3"}],"replies":[{"embeddable":true,"href":"https:\/\/now-news.de\/de\/wp-json\/wp\/v2\/comments?post=38925"}],"version-history":[{"count":0,"href":"https:\/\/now-news.de\/de\/wp-json\/wp\/v2\/posts\/38925\/revisions"}],"wp:featuredmedia":[{"embeddable":true,"href":"https:\/\/now-news.de\/de\/wp-json\/wp\/v2\/media\/38926"}],"wp:attachment":[{"href":"https:\/\/now-news.de\/de\/wp-json\/wp\/v2\/media?parent=38925"}],"wp:term":[{"taxonomy":"category","embeddable":true,"href":"https:\/\/now-news.de\/de\/wp-json\/wp\/v2\/categories?post=38925"},{"taxonomy":"post_tag","embeddable":true,"href":"https:\/\/now-news.de\/de\/wp-json\/wp\/v2\/tags?post=38925"}],"curies":[{"name":"wp","href":"https:\/\/api.w.org\/{rel}","templated":true}]}}