{"id":38922,"date":"2023-06-26T13:43:21","date_gmt":"2023-06-26T11:43:21","guid":{"rendered":"https:\/\/just-now.news\/de\/deutschland\/berichte-ermittlungen-gegen-prigoschin-nicht-eingestellt\/"},"modified":"2023-06-26T13:43:21","modified_gmt":"2023-06-26T11:43:21","slug":"berichte-ermittlungen-gegen-prigoschin-nicht-eingestellt","status":"publish","type":"post","link":"https:\/\/now-news.de\/de\/deutschland\/berichte-ermittlungen-gegen-prigoschin-nicht-eingestellt\/","title":{"rendered":"Berichte: Ermittlungen gegen Prigoschin nicht eingestellt"},"content":{"rendered":"<p><img decoding=\"async\" src=\"http:\/\/just-now.news\/de\/wp-content\/uploads\/sites\/3\/2023\/06\/649954bc48fbef6e170b5e9a.jpg\" \/><\/p>\n<div class=\"Text-root Text-type_1 \">\n                Nach der Beendigung des Wagner-Aufstandes hie\u00df es, dass Jewgeni Prigoschin nicht strafrechtlich verfolgt werde. Laut Medienberichten l\u00e4uft das Strafverfahren gegen ihn aber weiter. Er wird beschuldigt, eine bewaffnete Meuterei organisiert zu haben.\n            <\/div>\n<p><\/p>\n<div class=\"Text-root Text-type_5 ArticleView-text ViewText-root \">\n<p>Wie <em>RT<\/em> sowie die Zeitung <em>Kommersant<\/em> berichten, wurde das Strafverfahren gegen Jewgeni Prigoschin, den Gr\u00fcnder des privaten Milit\u00e4rdienstleisters Gruppe Wagner, am Montagmorgen noch nicht rechtskr\u00e4ftig abgeschlossen. Das Strafverfahren sei noch nicht eingestellt worden, sagte eine Quelle der Strafverfolgungsbeh\u00f6rden gegen\u00fcber <em>RT<\/em>. Russlands F\u00f6deraler Sicherheitsdienst FSB ermittle demnach weiter.<\/p>\n<p>Das Verfahren war vergangenen Freitag eingeleitet worden, nachdem Prigoschin zum &#8220;Marsch f\u00fcr die Gerechtigkeit&#8221; aufgerufen hatte. Au\u00dferdem hatte er der russischen Milit\u00e4rf\u00fchrung vorgeworfen, seine Truppen bombardiert zu haben.<\/p>\n<p>Die Einstellung des Strafverfahrens wurde nach Verhandlungen mit dem wei\u00dfrussischen Pr\u00e4sidenten Alexander Lukaschenko angek\u00fcndigt. Kremlsprecher Dmitri Peskow sagte,\u00a0es sei vereinbart worden, dass Prigoschin\u00a0sich nach Wei\u00dfrussland zur\u00fcckziehe. &#8220;Wenn Sie fragen, was genau die Garantie daf\u00fcr ist, dass Prigoschin nach Wei\u00dfrussland ausreisen kann, dann ist es das Wort des russischen Pr\u00e4sidenten&#8221;, so der Kremlsprecher. Kurz darauf stellten die Wagner-K\u00e4mpfer ihren Marsch ein, r\u00e4umten das besetzte Rostow am Don und kehrten in ihre Feldlager zur\u00fcck. Prigoschin selbst hat\u00a0sich zu den Geschehnissen am\u00a0Samstag bisher nicht zu Wort gemeldet.<\/p>\n<p><strong>Mehr zum Thema<\/strong> &#8211; <a rel=\"nofollow noopener\" target=\"_blank\" href=\"https:\/\/gegenzensur.rtde.live\/russland\/173635-anti-terror-massnahmen-in-russland\/\">Anti-Terror-Ma\u00dfnahmen in Russland wieder aufgehoben<\/a><\/p>\n<\/p>\n<\/div>\n<p><br \/>\n<br \/><a href=\"https:\/\/de.rt.com\/russland\/173643-berichte-gegen-prigoschin-wird-weiterhin\/\">Source link <\/a><\/p>\n","protected":false},"excerpt":{"rendered":"<p>Nach der Beendigung des Wagner-Aufstandes hie\u00df es, dass Jewgeni Prigoschin nicht strafrechtlich verfolgt werde. Laut Medienberichten l\u00e4uft das Strafverfahren gegen ihn aber weiter. Er wird beschuldigt, eine bewaffnete Meuterei organisiert zu haben. Wie RT sowie die Zeitung Kommersant berichten, wurde das Strafverfahren gegen Jewgeni Prigoschin, den Gr\u00fcnder des privaten Milit\u00e4rdienstleisters Gruppe Wagner, am Montagmorgen noch [&hellip;]<\/p>\n","protected":false},"author":3,"featured_media":38923,"comment_status":"open","ping_status":"open","sticky":false,"template":"","format":"standard","meta":{"_yoast_indexnow_last_ping":["1687779955"],"wp_automatic_camp":["217"],"e0f5393fa9a21bdac5f33a7937f5c19f":["Berichte: Ermittlungen gegen Prigoschin nicht eingestellt"],"original_link":["https:\/\/de.rt.com\/russland\/173643-berichte-gegen-prigoschin-wird-weiterhin\/"],"_thumbnail_id":["38923"],"_wptgpro_p2tg_sent2tg":["a:1:{i:23737;s:19:\"2023-06-26 13:47:05\";}"],"jnews_social_counter_last_update":["1777387320"]},"categories":[19,23],"tags":[7221,21179,11020,278,800,38067],"yoast_head":"<!-- This site is optimized with the Yoast SEO Premium plugin v22.7 (Yoast SEO v22.7) - https:\/\/yoast.com\/wordpress\/plugins\/seo\/ -->\n<title>Berichte: Ermittlungen gegen Prigoschin nicht eingestellt - just-now.NEWS Deutschland<\/title>\n<meta name=\"robots\" content=\"index, follow, max-snippet:-1, max-image-preview:large, max-video-preview:-1\" \/>\n<link rel=\"canonical\" href=\"https:\/\/now-news.de\/de\/deutschland\/berichte-ermittlungen-gegen-prigoschin-nicht-eingestellt\/\" \/>\n<meta property=\"og:locale\" content=\"de_DE\" \/>\n<meta property=\"og:type\" content=\"article\" \/>\n<meta property=\"og:title\" content=\"Berichte: Ermittlungen gegen Prigoschin nicht eingestellt\" \/>\n<meta property=\"og:description\" content=\"Nach der Beendigung des Wagner-Aufstandes hie\u00df es, dass Jewgeni Prigoschin nicht strafrechtlich verfolgt werde. Laut Medienberichten l\u00e4uft das Strafverfahren gegen ihn aber weiter. Er wird beschuldigt, eine bewaffnete Meuterei organisiert zu haben. Wie RT sowie die Zeitung Kommersant berichten, wurde das Strafverfahren gegen Jewgeni Prigoschin, den Gr\u00fcnder des privaten Milit\u00e4rdienstleisters Gruppe Wagner, am Montagmorgen noch [&hellip;]\" \/>\n<meta property=\"og:url\" content=\"https:\/\/now-news.de\/de\/deutschland\/berichte-ermittlungen-gegen-prigoschin-nicht-eingestellt\/\" \/>\n<meta property=\"og:site_name\" content=\"just-now.NEWS Deutschland\" \/>\n<meta property=\"article:publisher\" content=\"https:\/\/www.facebook.com\/wirmachenauf\" \/>\n<meta property=\"article:published_time\" content=\"2023-06-26T11:43:21+00:00\" \/>\n<meta property=\"og:image\" content=\"https:\/\/now-news.de\/de\/wp-content\/uploads\/sites\/3\/2023\/06\/Berichte-Ermittlungen-gegen-Prigoschin-nicht-eingestellt.jpg\" \/>\n\t<meta property=\"og:image:width\" content=\"460\" \/>\n\t<meta property=\"og:image:height\" content=\"259\" \/>\n\t<meta property=\"og:image:type\" content=\"image\/jpeg\" \/>\n<meta name=\"author\" content=\"rtnews\" \/>\n<meta name=\"twitter:card\" content=\"summary_large_image\" \/>\n<meta name=\"twitter:creator\" content=\"@WirMachenAuf_de\" \/>\n<meta name=\"twitter:site\" content=\"@WirMachenAuf_de\" \/>\n<meta name=\"twitter:label1\" content=\"Verfasst von\" \/>\n\t<meta name=\"twitter:data1\" content=\"rtnews\" \/>\n\t<meta name=\"twitter:label2\" content=\"Gesch\u00e4tzte Lesezeit\" \/>\n\t<meta name=\"twitter:data2\" content=\"1\u00a0Minute\" \/>\n<script type=\"application\/ld+json\" class=\"yoast-schema-graph\">{\"@context\":\"https:\/\/schema.org\",\"@graph\":[{\"@type\":\"Article\",\"@id\":\"https:\/\/now-news.de\/de\/deutschland\/berichte-ermittlungen-gegen-prigoschin-nicht-eingestellt\/#article\",\"isPartOf\":{\"@id\":\"https:\/\/now-news.de\/de\/deutschland\/berichte-ermittlungen-gegen-prigoschin-nicht-eingestellt\/\"},\"author\":{\"name\":\"rtnews\",\"@id\":\"https:\/\/now-news.de\/de\/#\/schema\/person\/fb534a4e865501d8b3285208df34a9b5\"},\"headline\":\"Berichte: Ermittlungen gegen Prigoschin nicht eingestellt\",\"datePublished\":\"2023-06-26T11:43:21+00:00\",\"dateModified\":\"2023-06-26T11:43:21+00:00\",\"mainEntityOfPage\":{\"@id\":\"https:\/\/now-news.de\/de\/deutschland\/berichte-ermittlungen-gegen-prigoschin-nicht-eingestellt\/\"},\"wordCount\":236,\"commentCount\":0,\"publisher\":{\"@id\":\"https:\/\/now-news.de\/de\/#organization\"},\"image\":{\"@id\":\"https:\/\/now-news.de\/de\/deutschland\/berichte-ermittlungen-gegen-prigoschin-nicht-eingestellt\/#primaryimage\"},\"thumbnailUrl\":\"https:\/\/now-news.de\/de\/wp-content\/uploads\/sites\/3\/2023\/06\/Berichte-Ermittlungen-gegen-Prigoschin-nicht-eingestellt.jpg\",\"keywords\":[\"Berichte\",\"eingestellt\",\"Ermittlungen\",\"gegen\",\"nicht\",\"Prigoschin\"],\"articleSection\":[\"Deutschland\",\"Russland\"],\"inLanguage\":\"de\",\"potentialAction\":[{\"@type\":\"CommentAction\",\"name\":\"Comment\",\"target\":[\"https:\/\/now-news.de\/de\/deutschland\/berichte-ermittlungen-gegen-prigoschin-nicht-eingestellt\/#respond\"]}]},{\"@type\":\"WebPage\",\"@id\":\"https:\/\/now-news.de\/de\/deutschland\/berichte-ermittlungen-gegen-prigoschin-nicht-eingestellt\/\",\"url\":\"https:\/\/now-news.de\/de\/deutschland\/berichte-ermittlungen-gegen-prigoschin-nicht-eingestellt\/\",\"name\":\"Berichte: Ermittlungen gegen Prigoschin nicht eingestellt - just-now.NEWS Deutschland\",\"isPartOf\":{\"@id\":\"https:\/\/now-news.de\/de\/#website\"},\"primaryImageOfPage\":{\"@id\":\"https:\/\/now-news.de\/de\/deutschland\/berichte-ermittlungen-gegen-prigoschin-nicht-eingestellt\/#primaryimage\"},\"image\":{\"@id\":\"https:\/\/now-news.de\/de\/deutschland\/berichte-ermittlungen-gegen-prigoschin-nicht-eingestellt\/#primaryimage\"},\"thumbnailUrl\":\"https:\/\/now-news.de\/de\/wp-content\/uploads\/sites\/3\/2023\/06\/Berichte-Ermittlungen-gegen-Prigoschin-nicht-eingestellt.jpg\",\"datePublished\":\"2023-06-26T11:43:21+00:00\",\"dateModified\":\"2023-06-26T11:43:21+00:00\",\"breadcrumb\":{\"@id\":\"https:\/\/now-news.de\/de\/deutschland\/berichte-ermittlungen-gegen-prigoschin-nicht-eingestellt\/#breadcrumb\"},\"inLanguage\":\"de\",\"potentialAction\":[{\"@type\":\"ReadAction\",\"target\":[\"https:\/\/now-news.de\/de\/deutschland\/berichte-ermittlungen-gegen-prigoschin-nicht-eingestellt\/\"]}]},{\"@type\":\"ImageObject\",\"inLanguage\":\"de\",\"@id\":\"https:\/\/now-news.de\/de\/deutschland\/berichte-ermittlungen-gegen-prigoschin-nicht-eingestellt\/#primaryimage\",\"url\":\"https:\/\/now-news.de\/de\/wp-content\/uploads\/sites\/3\/2023\/06\/Berichte-Ermittlungen-gegen-Prigoschin-nicht-eingestellt.jpg\",\"contentUrl\":\"https:\/\/now-news.de\/de\/wp-content\/uploads\/sites\/3\/2023\/06\/Berichte-Ermittlungen-gegen-Prigoschin-nicht-eingestellt.jpg\",\"width\":460,\"height\":259,\"caption\":\"Berichte: Ermittlungen gegen Prigoschin nicht eingestellt\"},{\"@type\":\"BreadcrumbList\",\"@id\":\"https:\/\/now-news.de\/de\/deutschland\/berichte-ermittlungen-gegen-prigoschin-nicht-eingestellt\/#breadcrumb\",\"itemListElement\":[{\"@type\":\"ListItem\",\"position\":1,\"name\":\"Home\",\"item\":\"https:\/\/now-news.de\/de\/\"},{\"@type\":\"ListItem\",\"position\":2,\"name\":\"Berichte: Ermittlungen gegen Prigoschin nicht eingestellt\"}]},{\"@type\":\"WebSite\",\"@id\":\"https:\/\/now-news.de\/de\/#website\",\"url\":\"https:\/\/now-news.de\/de\/\",\"name\":\"just-now.NEWS Deutschland\",\"description\":\"Das Portal f\u00fcr unzensierte Nachrichten aus der Welt\",\"publisher\":{\"@id\":\"https:\/\/now-news.de\/de\/#organization\"},\"potentialAction\":[{\"@type\":\"SearchAction\",\"target\":{\"@type\":\"EntryPoint\",\"urlTemplate\":\"https:\/\/now-news.de\/de\/?s={search_term_string}\"},\"query-input\":\"required name=search_term_string\"}],\"inLanguage\":\"de\"},{\"@type\":\"Organization\",\"@id\":\"https:\/\/now-news.de\/de\/#organization\",\"name\":\"Just Now News\",\"url\":\"https:\/\/now-news.de\/de\/\",\"logo\":{\"@type\":\"ImageObject\",\"inLanguage\":\"de\",\"@id\":\"https:\/\/now-news.de\/de\/#\/schema\/logo\/image\/\",\"url\":\"http:\/\/just-now.news\/de\/wp-content\/uploads\/sites\/3\/2022\/04\/logo500x500.jpg\",\"contentUrl\":\"http:\/\/just-now.news\/de\/wp-content\/uploads\/sites\/3\/2022\/04\/logo500x500.jpg\",\"width\":500,\"height\":500,\"caption\":\"Just Now News\"},\"image\":{\"@id\":\"https:\/\/now-news.de\/de\/#\/schema\/logo\/image\/\"},\"sameAs\":[\"https:\/\/www.facebook.com\/wirmachenauf\",\"https:\/\/x.com\/WirMachenAuf_de\"]},{\"@type\":\"Person\",\"@id\":\"https:\/\/now-news.de\/de\/#\/schema\/person\/fb534a4e865501d8b3285208df34a9b5\",\"name\":\"rtnews\",\"image\":{\"@type\":\"ImageObject\",\"inLanguage\":\"de\",\"@id\":\"https:\/\/now-news.de\/de\/#\/schema\/person\/image\/\",\"url\":\"https:\/\/secure.gravatar.com\/avatar\/82aafea7d8127119dd649515f56e2117?s=96&d=mm&r=g\",\"contentUrl\":\"https:\/\/secure.gravatar.com\/avatar\/82aafea7d8127119dd649515f56e2117?s=96&d=mm&r=g\",\"caption\":\"rtnews\"},\"url\":\"https:\/\/now-news.de\/de\/author\/rnews\/\"}]}<\/script>\n<!-- \/ Yoast SEO Premium plugin. -->","yoast_head_json":{"title":"Berichte: Ermittlungen gegen Prigoschin nicht eingestellt - just-now.NEWS Deutschland","robots":{"index":"index","follow":"follow","max-snippet":"max-snippet:-1","max-image-preview":"max-image-preview:large","max-video-preview":"max-video-preview:-1"},"canonical":"https:\/\/now-news.de\/de\/deutschland\/berichte-ermittlungen-gegen-prigoschin-nicht-eingestellt\/","og_locale":"de_DE","og_type":"article","og_title":"Berichte: Ermittlungen gegen Prigoschin nicht eingestellt","og_description":"Nach der Beendigung des Wagner-Aufstandes hie\u00df es, dass Jewgeni Prigoschin nicht strafrechtlich verfolgt werde. Laut Medienberichten l\u00e4uft das Strafverfahren gegen ihn aber weiter. Er wird beschuldigt, eine bewaffnete Meuterei organisiert zu haben. Wie RT sowie die Zeitung Kommersant berichten, wurde das Strafverfahren gegen Jewgeni Prigoschin, den Gr\u00fcnder des privaten Milit\u00e4rdienstleisters Gruppe Wagner, am Montagmorgen noch [&hellip;]","og_url":"https:\/\/now-news.de\/de\/deutschland\/berichte-ermittlungen-gegen-prigoschin-nicht-eingestellt\/","og_site_name":"just-now.NEWS Deutschland","article_publisher":"https:\/\/www.facebook.com\/wirmachenauf","article_published_time":"2023-06-26T11:43:21+00:00","og_image":[{"width":460,"height":259,"url":"https:\/\/now-news.de\/de\/wp-content\/uploads\/sites\/3\/2023\/06\/Berichte-Ermittlungen-gegen-Prigoschin-nicht-eingestellt.jpg","type":"image\/jpeg"}],"author":"rtnews","twitter_card":"summary_large_image","twitter_creator":"@WirMachenAuf_de","twitter_site":"@WirMachenAuf_de","twitter_misc":{"Verfasst von":"rtnews","Gesch\u00e4tzte Lesezeit":"1\u00a0Minute"},"schema":{"@context":"https:\/\/schema.org","@graph":[{"@type":"Article","@id":"https:\/\/now-news.de\/de\/deutschland\/berichte-ermittlungen-gegen-prigoschin-nicht-eingestellt\/#article","isPartOf":{"@id":"https:\/\/now-news.de\/de\/deutschland\/berichte-ermittlungen-gegen-prigoschin-nicht-eingestellt\/"},"author":{"name":"rtnews","@id":"https:\/\/now-news.de\/de\/#\/schema\/person\/fb534a4e865501d8b3285208df34a9b5"},"headline":"Berichte: Ermittlungen gegen Prigoschin nicht eingestellt","datePublished":"2023-06-26T11:43:21+00:00","dateModified":"2023-06-26T11:43:21+00:00","mainEntityOfPage":{"@id":"https:\/\/now-news.de\/de\/deutschland\/berichte-ermittlungen-gegen-prigoschin-nicht-eingestellt\/"},"wordCount":236,"commentCount":0,"publisher":{"@id":"https:\/\/now-news.de\/de\/#organization"},"image":{"@id":"https:\/\/now-news.de\/de\/deutschland\/berichte-ermittlungen-gegen-prigoschin-nicht-eingestellt\/#primaryimage"},"thumbnailUrl":"https:\/\/now-news.de\/de\/wp-content\/uploads\/sites\/3\/2023\/06\/Berichte-Ermittlungen-gegen-Prigoschin-nicht-eingestellt.jpg","keywords":["Berichte","eingestellt","Ermittlungen","gegen","nicht","Prigoschin"],"articleSection":["Deutschland","Russland"],"inLanguage":"de","potentialAction":[{"@type":"CommentAction","name":"Comment","target":["https:\/\/now-news.de\/de\/deutschland\/berichte-ermittlungen-gegen-prigoschin-nicht-eingestellt\/#respond"]}]},{"@type":"WebPage","@id":"https:\/\/now-news.de\/de\/deutschland\/berichte-ermittlungen-gegen-prigoschin-nicht-eingestellt\/","url":"https:\/\/now-news.de\/de\/deutschland\/berichte-ermittlungen-gegen-prigoschin-nicht-eingestellt\/","name":"Berichte: Ermittlungen gegen Prigoschin nicht eingestellt - just-now.NEWS Deutschland","isPartOf":{"@id":"https:\/\/now-news.de\/de\/#website"},"primaryImageOfPage":{"@id":"https:\/\/now-news.de\/de\/deutschland\/berichte-ermittlungen-gegen-prigoschin-nicht-eingestellt\/#primaryimage"},"image":{"@id":"https:\/\/now-news.de\/de\/deutschland\/berichte-ermittlungen-gegen-prigoschin-nicht-eingestellt\/#primaryimage"},"thumbnailUrl":"https:\/\/now-news.de\/de\/wp-content\/uploads\/sites\/3\/2023\/06\/Berichte-Ermittlungen-gegen-Prigoschin-nicht-eingestellt.jpg","datePublished":"2023-06-26T11:43:21+00:00","dateModified":"2023-06-26T11:43:21+00:00","breadcrumb":{"@id":"https:\/\/now-news.de\/de\/deutschland\/berichte-ermittlungen-gegen-prigoschin-nicht-eingestellt\/#breadcrumb"},"inLanguage":"de","potentialAction":[{"@type":"ReadAction","target":["https:\/\/now-news.de\/de\/deutschland\/berichte-ermittlungen-gegen-prigoschin-nicht-eingestellt\/"]}]},{"@type":"ImageObject","inLanguage":"de","@id":"https:\/\/now-news.de\/de\/deutschland\/berichte-ermittlungen-gegen-prigoschin-nicht-eingestellt\/#primaryimage","url":"https:\/\/now-news.de\/de\/wp-content\/uploads\/sites\/3\/2023\/06\/Berichte-Ermittlungen-gegen-Prigoschin-nicht-eingestellt.jpg","contentUrl":"https:\/\/now-news.de\/de\/wp-content\/uploads\/sites\/3\/2023\/06\/Berichte-Ermittlungen-gegen-Prigoschin-nicht-eingestellt.jpg","width":460,"height":259,"caption":"Berichte: Ermittlungen gegen Prigoschin nicht eingestellt"},{"@type":"BreadcrumbList","@id":"https:\/\/now-news.de\/de\/deutschland\/berichte-ermittlungen-gegen-prigoschin-nicht-eingestellt\/#breadcrumb","itemListElement":[{"@type":"ListItem","position":1,"name":"Home","item":"https:\/\/now-news.de\/de\/"},{"@type":"ListItem","position":2,"name":"Berichte: Ermittlungen gegen Prigoschin nicht eingestellt"}]},{"@type":"WebSite","@id":"https:\/\/now-news.de\/de\/#website","url":"https:\/\/now-news.de\/de\/","name":"just-now.NEWS Deutschland","description":"Das Portal f\u00fcr unzensierte Nachrichten aus der Welt","publisher":{"@id":"https:\/\/now-news.de\/de\/#organization"},"potentialAction":[{"@type":"SearchAction","target":{"@type":"EntryPoint","urlTemplate":"https:\/\/now-news.de\/de\/?s={search_term_string}"},"query-input":"required name=search_term_string"}],"inLanguage":"de"},{"@type":"Organization","@id":"https:\/\/now-news.de\/de\/#organization","name":"Just Now News","url":"https:\/\/now-news.de\/de\/","logo":{"@type":"ImageObject","inLanguage":"de","@id":"https:\/\/now-news.de\/de\/#\/schema\/logo\/image\/","url":"http:\/\/just-now.news\/de\/wp-content\/uploads\/sites\/3\/2022\/04\/logo500x500.jpg","contentUrl":"http:\/\/just-now.news\/de\/wp-content\/uploads\/sites\/3\/2022\/04\/logo500x500.jpg","width":500,"height":500,"caption":"Just Now News"},"image":{"@id":"https:\/\/now-news.de\/de\/#\/schema\/logo\/image\/"},"sameAs":["https:\/\/www.facebook.com\/wirmachenauf","https:\/\/x.com\/WirMachenAuf_de"]},{"@type":"Person","@id":"https:\/\/now-news.de\/de\/#\/schema\/person\/fb534a4e865501d8b3285208df34a9b5","name":"rtnews","image":{"@type":"ImageObject","inLanguage":"de","@id":"https:\/\/now-news.de\/de\/#\/schema\/person\/image\/","url":"https:\/\/secure.gravatar.com\/avatar\/82aafea7d8127119dd649515f56e2117?s=96&d=mm&r=g","contentUrl":"https:\/\/secure.gravatar.com\/avatar\/82aafea7d8127119dd649515f56e2117?s=96&d=mm&r=g","caption":"rtnews"},"url":"https:\/\/now-news.de\/de\/author\/rnews\/"}]}},"_links":{"self":[{"href":"https:\/\/now-news.de\/de\/wp-json\/wp\/v2\/posts\/38922"}],"collection":[{"href":"https:\/\/now-news.de\/de\/wp-json\/wp\/v2\/posts"}],"about":[{"href":"https:\/\/now-news.de\/de\/wp-json\/wp\/v2\/types\/post"}],"author":[{"embeddable":true,"href":"https:\/\/now-news.de\/de\/wp-json\/wp\/v2\/users\/3"}],"replies":[{"embeddable":true,"href":"https:\/\/now-news.de\/de\/wp-json\/wp\/v2\/comments?post=38922"}],"version-history":[{"count":0,"href":"https:\/\/now-news.de\/de\/wp-json\/wp\/v2\/posts\/38922\/revisions"}],"wp:featuredmedia":[{"embeddable":true,"href":"https:\/\/now-news.de\/de\/wp-json\/wp\/v2\/media\/38923"}],"wp:attachment":[{"href":"https:\/\/now-news.de\/de\/wp-json\/wp\/v2\/media?parent=38922"}],"wp:term":[{"taxonomy":"category","embeddable":true,"href":"https:\/\/now-news.de\/de\/wp-json\/wp\/v2\/categories?post=38922"},{"taxonomy":"post_tag","embeddable":true,"href":"https:\/\/now-news.de\/de\/wp-json\/wp\/v2\/tags?post=38922"}],"curies":[{"name":"wp","href":"https:\/\/api.w.org\/{rel}","templated":true}]}}