{"id":38909,"date":"2023-06-26T10:42:01","date_gmt":"2023-06-26T08:42:01","guid":{"rendered":"https:\/\/just-now.news\/de\/deutschland\/anti-terror-massnahmen-in-russland-wieder-aufgehoben\/"},"modified":"2023-06-26T10:42:01","modified_gmt":"2023-06-26T08:42:01","slug":"anti-terror-massnahmen-in-russland-wieder-aufgehoben","status":"publish","type":"post","link":"https:\/\/now-news.de\/de\/deutschland\/anti-terror-massnahmen-in-russland-wieder-aufgehoben\/","title":{"rendered":"Anti-Terror-Ma\u00dfnahmen in Russland wieder aufgehoben"},"content":{"rendered":"<p><img decoding=\"async\" src=\"http:\/\/just-now.news\/de\/wp-content\/uploads\/sites\/3\/2023\/06\/649945b948fbef6ae90ed442.jpg\" \/><\/p>\n<div class=\"Text-root Text-type_1 \">\n                Am Montag wurden die Anti-Terror-Ma\u00dfnahmen in Moskau und Umgebung sowie dem Gebiet Woronesch wieder aufgehoben. Sie waren am Samstag w\u00e4hrend des bewaffneten Wagner-Aufstands verh\u00e4ngt worden.\n            <\/div>\n<p><\/p>\n<div class=\"Text-root Text-type_5 ArticleView-text ViewText-root \">\n<p>&#8220;Alle Beschr\u00e4nkungen im Zusammenhang mit der Anti-Terrorismus-Operation werden aufgehoben&#8221;,\u00a0erkl\u00e4rte der Moskauer B\u00fcrgermeister Sergei Sobjanin am Montag.\u00a0Er bedankte sich bei den Einwohnern der Stadt f\u00fcr\u00a0Ruhe und ihr Verst\u00e4ndnis.\u00a0Auch die Regionalregierung von Woronesch k\u00fcndigte die Aufhebung der Anti-Terror-Ma\u00dfnahmen an. Russlands Nationales Anti-Terror-Komitee (NAK)\u00a0best\u00e4tigte diese Informationen und teilte mit, dass die Ma\u00dfnahmen auch in Moskau Umgebung zur\u00fcckgenommen wurden.<\/p>\n<p>In jenen Regionen, wo die Anti-Terror-Ma\u00dfnahmen gelten, k\u00f6nnen unter anderem folgende Einschr\u00e4nkungen verh\u00e4ngt werden: Die Beh\u00f6rden haben das Recht, die Ausweispapiere aller B\u00fcrger zu kontrollieren. Die B\u00fcrger d\u00fcrfen bei der Einreise oder Ausreise in bestimmte Gebiete durchsucht werden. Die Sonderdienste haben das Recht, Telefongespr\u00e4che abzuh\u00f6ren und den Briefverkehr sowohl digital als auch auf dem Postweg zu \u00fcberwachen. Die Strafverfolgungsbeh\u00f6rden d\u00fcrfen alle Fahrzeuge nutzen, um Personen zu medizinischen Einrichtungen zu bef\u00f6rdern und Terroristen zu verfolgen. Der Telefon- und Internetzugang kann blockiert werden.<\/p>\n<p>Die Anti-Terror-Ma\u00dfnahmen waren am Samstag in der russischen Hauptstadt, in Moskau Umgebung sowie im Gebiet Woronesch verh\u00e4ngt worden, um m\u00f6gliche Terroranschl\u00e4ge zu verhindern, als\u00a0Jewgeni Prigoschin, der Chef der Gruppe Wagner, die Kontrolle \u00fcber milit\u00e4rische Einrichtungen in der s\u00fcdrussischen Stadt Rostow am Don ank\u00fcndigte und sagte, seine K\u00e4mpfer w\u00fcrden &#8220;nach Moskau ziehen&#8221;. Pr\u00e4sident Wladimir Putin bezeichnete die Geschehnisse als Verrat.\u00a0Russlands Inlandsgeheimdienst FSB erkl\u00e4rte, es sei ein Strafverfahren wegen Vorbereitung eines bewaffneten Aufstands eingeleitet worden.<\/p>\n<p>Am Samstagabend informierte der Pressedienst des wei\u00dfrussischen Pr\u00e4sidenten Alexander Lukaschenko \u00fcber seine Verhandlungen mit Prigoschin. In geheimen Verhandlungen sei Prigoschin dazu bewegt worden, den Vormarsch seiner Truppen auf Moskau aufzugeben, hie\u00df es. Prigoschin k\u00f6nne unbehindert ins Nachbarland Wei\u00dfrussland gehen, erkl\u00e4rte Kremlsprecher Dmitri Peskow. Der Chef des privaten Milit\u00e4rdienstleisters und seine K\u00e4mpfer w\u00fcrden nicht strafrechtlich verfolgt.<\/p>\n<p><strong>Mehr zum Thema<\/strong> &#8211; <a rel=\"nofollow noopener\" target=\"_blank\" href=\"https:\/\/freeassange.rtde.life\/international\/173582-rostow-gouverneur-wagner-kaempfer-ziehen\/\">Rostow-Gouverneur: Wagner-K\u00e4mpfer ziehen sich in Feldlager zur\u00fcck<\/a><\/p>\n<\/p>\n<\/div>\n<p><br \/>\n<br \/><a href=\"https:\/\/de.rt.com\/russland\/173635-anti-terror-massnahmen-in-russland\/\">Source link <\/a><\/p>\n","protected":false},"excerpt":{"rendered":"<p>Am Montag wurden die Anti-Terror-Ma\u00dfnahmen in Moskau und Umgebung sowie dem Gebiet Woronesch wieder aufgehoben. Sie waren am Samstag w\u00e4hrend des bewaffneten Wagner-Aufstands verh\u00e4ngt worden. &#8220;Alle Beschr\u00e4nkungen im Zusammenhang mit der Anti-Terrorismus-Operation werden aufgehoben&#8221;,\u00a0erkl\u00e4rte der Moskauer B\u00fcrgermeister Sergei Sobjanin am Montag.\u00a0Er bedankte sich bei den Einwohnern der Stadt f\u00fcr\u00a0Ruhe und ihr Verst\u00e4ndnis.\u00a0Auch die Regionalregierung von [&hellip;]<\/p>\n","protected":false},"author":3,"featured_media":38910,"comment_status":"open","ping_status":"open","sticky":false,"template":"","format":"standard","meta":{"_yoast_indexnow_last_ping":["1687769363"],"wp_automatic_camp":["217"],"0478c204f2720eba983d6efd6ec93cc9":["Anti-Terror-Ma\u00dfnahmen in Russland wieder aufgehoben"],"original_link":["https:\/\/de.rt.com\/russland\/173635-anti-terror-massnahmen-in-russland\/"],"_thumbnail_id":["38910"],"_wptgpro_p2tg_sent2tg":["a:1:{i:23737;s:19:\"2023-06-26 10:51:23\";}"],"jnews_social_counter_last_update":["1776969797"]},"categories":[19,23],"tags":[46057,3952,126,904],"yoast_head":"<!-- This site is optimized with the Yoast SEO Premium plugin v22.7 (Yoast SEO v22.7) - https:\/\/yoast.com\/wordpress\/plugins\/seo\/ -->\n<title>Anti-Terror-Ma\u00dfnahmen in Russland wieder aufgehoben - just-now.NEWS Deutschland<\/title>\n<meta name=\"robots\" content=\"index, follow, max-snippet:-1, max-image-preview:large, max-video-preview:-1\" \/>\n<link rel=\"canonical\" href=\"https:\/\/now-news.de\/de\/deutschland\/anti-terror-massnahmen-in-russland-wieder-aufgehoben\/\" \/>\n<meta property=\"og:locale\" content=\"de_DE\" \/>\n<meta property=\"og:type\" content=\"article\" \/>\n<meta property=\"og:title\" content=\"Anti-Terror-Ma\u00dfnahmen in Russland wieder aufgehoben\" \/>\n<meta property=\"og:description\" content=\"Am Montag wurden die Anti-Terror-Ma\u00dfnahmen in Moskau und Umgebung sowie dem Gebiet Woronesch wieder aufgehoben. Sie waren am Samstag w\u00e4hrend des bewaffneten Wagner-Aufstands verh\u00e4ngt worden. &#8220;Alle Beschr\u00e4nkungen im Zusammenhang mit der Anti-Terrorismus-Operation werden aufgehoben&#8221;,\u00a0erkl\u00e4rte der Moskauer B\u00fcrgermeister Sergei Sobjanin am Montag.\u00a0Er bedankte sich bei den Einwohnern der Stadt f\u00fcr\u00a0Ruhe und ihr Verst\u00e4ndnis.\u00a0Auch die Regionalregierung von [&hellip;]\" \/>\n<meta property=\"og:url\" content=\"https:\/\/now-news.de\/de\/deutschland\/anti-terror-massnahmen-in-russland-wieder-aufgehoben\/\" \/>\n<meta property=\"og:site_name\" content=\"just-now.NEWS Deutschland\" \/>\n<meta property=\"article:publisher\" content=\"https:\/\/www.facebook.com\/wirmachenauf\" \/>\n<meta property=\"article:published_time\" content=\"2023-06-26T08:42:01+00:00\" \/>\n<meta property=\"og:image\" content=\"https:\/\/now-news.de\/de\/wp-content\/uploads\/sites\/3\/2023\/06\/Anti-Terror-Massnahmen-in-Russland-wieder-aufgehoben.jpg\" \/>\n\t<meta property=\"og:image:width\" content=\"460\" \/>\n\t<meta property=\"og:image:height\" content=\"259\" \/>\n\t<meta property=\"og:image:type\" content=\"image\/jpeg\" \/>\n<meta name=\"author\" content=\"rtnews\" \/>\n<meta name=\"twitter:card\" content=\"summary_large_image\" \/>\n<meta name=\"twitter:creator\" content=\"@WirMachenAuf_de\" \/>\n<meta name=\"twitter:site\" content=\"@WirMachenAuf_de\" \/>\n<meta name=\"twitter:label1\" content=\"Verfasst von\" \/>\n\t<meta name=\"twitter:data1\" content=\"rtnews\" \/>\n\t<meta name=\"twitter:label2\" content=\"Gesch\u00e4tzte Lesezeit\" \/>\n\t<meta name=\"twitter:data2\" content=\"2\u00a0Minuten\" \/>\n<script type=\"application\/ld+json\" class=\"yoast-schema-graph\">{\"@context\":\"https:\/\/schema.org\",\"@graph\":[{\"@type\":\"Article\",\"@id\":\"https:\/\/now-news.de\/de\/deutschland\/anti-terror-massnahmen-in-russland-wieder-aufgehoben\/#article\",\"isPartOf\":{\"@id\":\"https:\/\/now-news.de\/de\/deutschland\/anti-terror-massnahmen-in-russland-wieder-aufgehoben\/\"},\"author\":{\"name\":\"rtnews\",\"@id\":\"https:\/\/now-news.de\/de\/#\/schema\/person\/fb534a4e865501d8b3285208df34a9b5\"},\"headline\":\"Anti-Terror-Ma\u00dfnahmen in Russland wieder aufgehoben\",\"datePublished\":\"2023-06-26T08:42:01+00:00\",\"dateModified\":\"2023-06-26T08:42:01+00:00\",\"mainEntityOfPage\":{\"@id\":\"https:\/\/now-news.de\/de\/deutschland\/anti-terror-massnahmen-in-russland-wieder-aufgehoben\/\"},\"wordCount\":363,\"commentCount\":0,\"publisher\":{\"@id\":\"https:\/\/now-news.de\/de\/#organization\"},\"image\":{\"@id\":\"https:\/\/now-news.de\/de\/deutschland\/anti-terror-massnahmen-in-russland-wieder-aufgehoben\/#primaryimage\"},\"thumbnailUrl\":\"https:\/\/now-news.de\/de\/wp-content\/uploads\/sites\/3\/2023\/06\/Anti-Terror-Massnahmen-in-Russland-wieder-aufgehoben.jpg\",\"keywords\":[\"AntiTerrorMa\u00dfnahmen\",\"aufgehoben\",\"russland\",\"wieder\"],\"articleSection\":[\"Deutschland\",\"Russland\"],\"inLanguage\":\"de\",\"potentialAction\":[{\"@type\":\"CommentAction\",\"name\":\"Comment\",\"target\":[\"https:\/\/now-news.de\/de\/deutschland\/anti-terror-massnahmen-in-russland-wieder-aufgehoben\/#respond\"]}]},{\"@type\":\"WebPage\",\"@id\":\"https:\/\/now-news.de\/de\/deutschland\/anti-terror-massnahmen-in-russland-wieder-aufgehoben\/\",\"url\":\"https:\/\/now-news.de\/de\/deutschland\/anti-terror-massnahmen-in-russland-wieder-aufgehoben\/\",\"name\":\"Anti-Terror-Ma\u00dfnahmen in Russland wieder aufgehoben - just-now.NEWS Deutschland\",\"isPartOf\":{\"@id\":\"https:\/\/now-news.de\/de\/#website\"},\"primaryImageOfPage\":{\"@id\":\"https:\/\/now-news.de\/de\/deutschland\/anti-terror-massnahmen-in-russland-wieder-aufgehoben\/#primaryimage\"},\"image\":{\"@id\":\"https:\/\/now-news.de\/de\/deutschland\/anti-terror-massnahmen-in-russland-wieder-aufgehoben\/#primaryimage\"},\"thumbnailUrl\":\"https:\/\/now-news.de\/de\/wp-content\/uploads\/sites\/3\/2023\/06\/Anti-Terror-Massnahmen-in-Russland-wieder-aufgehoben.jpg\",\"datePublished\":\"2023-06-26T08:42:01+00:00\",\"dateModified\":\"2023-06-26T08:42:01+00:00\",\"breadcrumb\":{\"@id\":\"https:\/\/now-news.de\/de\/deutschland\/anti-terror-massnahmen-in-russland-wieder-aufgehoben\/#breadcrumb\"},\"inLanguage\":\"de\",\"potentialAction\":[{\"@type\":\"ReadAction\",\"target\":[\"https:\/\/now-news.de\/de\/deutschland\/anti-terror-massnahmen-in-russland-wieder-aufgehoben\/\"]}]},{\"@type\":\"ImageObject\",\"inLanguage\":\"de\",\"@id\":\"https:\/\/now-news.de\/de\/deutschland\/anti-terror-massnahmen-in-russland-wieder-aufgehoben\/#primaryimage\",\"url\":\"https:\/\/now-news.de\/de\/wp-content\/uploads\/sites\/3\/2023\/06\/Anti-Terror-Massnahmen-in-Russland-wieder-aufgehoben.jpg\",\"contentUrl\":\"https:\/\/now-news.de\/de\/wp-content\/uploads\/sites\/3\/2023\/06\/Anti-Terror-Massnahmen-in-Russland-wieder-aufgehoben.jpg\",\"width\":460,\"height\":259,\"caption\":\"Anti-Terror-Ma\u00dfnahmen in Russland wieder aufgehoben\"},{\"@type\":\"BreadcrumbList\",\"@id\":\"https:\/\/now-news.de\/de\/deutschland\/anti-terror-massnahmen-in-russland-wieder-aufgehoben\/#breadcrumb\",\"itemListElement\":[{\"@type\":\"ListItem\",\"position\":1,\"name\":\"Home\",\"item\":\"https:\/\/now-news.de\/de\/\"},{\"@type\":\"ListItem\",\"position\":2,\"name\":\"Anti-Terror-Ma\u00dfnahmen in Russland wieder aufgehoben\"}]},{\"@type\":\"WebSite\",\"@id\":\"https:\/\/now-news.de\/de\/#website\",\"url\":\"https:\/\/now-news.de\/de\/\",\"name\":\"just-now.NEWS Deutschland\",\"description\":\"Das Portal f\u00fcr unzensierte Nachrichten aus der Welt\",\"publisher\":{\"@id\":\"https:\/\/now-news.de\/de\/#organization\"},\"potentialAction\":[{\"@type\":\"SearchAction\",\"target\":{\"@type\":\"EntryPoint\",\"urlTemplate\":\"https:\/\/now-news.de\/de\/?s={search_term_string}\"},\"query-input\":\"required name=search_term_string\"}],\"inLanguage\":\"de\"},{\"@type\":\"Organization\",\"@id\":\"https:\/\/now-news.de\/de\/#organization\",\"name\":\"Just Now News\",\"url\":\"https:\/\/now-news.de\/de\/\",\"logo\":{\"@type\":\"ImageObject\",\"inLanguage\":\"de\",\"@id\":\"https:\/\/now-news.de\/de\/#\/schema\/logo\/image\/\",\"url\":\"http:\/\/just-now.news\/de\/wp-content\/uploads\/sites\/3\/2022\/04\/logo500x500.jpg\",\"contentUrl\":\"http:\/\/just-now.news\/de\/wp-content\/uploads\/sites\/3\/2022\/04\/logo500x500.jpg\",\"width\":500,\"height\":500,\"caption\":\"Just Now News\"},\"image\":{\"@id\":\"https:\/\/now-news.de\/de\/#\/schema\/logo\/image\/\"},\"sameAs\":[\"https:\/\/www.facebook.com\/wirmachenauf\",\"https:\/\/x.com\/WirMachenAuf_de\"]},{\"@type\":\"Person\",\"@id\":\"https:\/\/now-news.de\/de\/#\/schema\/person\/fb534a4e865501d8b3285208df34a9b5\",\"name\":\"rtnews\",\"image\":{\"@type\":\"ImageObject\",\"inLanguage\":\"de\",\"@id\":\"https:\/\/now-news.de\/de\/#\/schema\/person\/image\/\",\"url\":\"https:\/\/secure.gravatar.com\/avatar\/82aafea7d8127119dd649515f56e2117?s=96&d=mm&r=g\",\"contentUrl\":\"https:\/\/secure.gravatar.com\/avatar\/82aafea7d8127119dd649515f56e2117?s=96&d=mm&r=g\",\"caption\":\"rtnews\"},\"url\":\"https:\/\/now-news.de\/de\/author\/rnews\/\"}]}<\/script>\n<!-- \/ Yoast SEO Premium plugin. -->","yoast_head_json":{"title":"Anti-Terror-Ma\u00dfnahmen in Russland wieder aufgehoben - just-now.NEWS Deutschland","robots":{"index":"index","follow":"follow","max-snippet":"max-snippet:-1","max-image-preview":"max-image-preview:large","max-video-preview":"max-video-preview:-1"},"canonical":"https:\/\/now-news.de\/de\/deutschland\/anti-terror-massnahmen-in-russland-wieder-aufgehoben\/","og_locale":"de_DE","og_type":"article","og_title":"Anti-Terror-Ma\u00dfnahmen in Russland wieder aufgehoben","og_description":"Am Montag wurden die Anti-Terror-Ma\u00dfnahmen in Moskau und Umgebung sowie dem Gebiet Woronesch wieder aufgehoben. Sie waren am Samstag w\u00e4hrend des bewaffneten Wagner-Aufstands verh\u00e4ngt worden. &#8220;Alle Beschr\u00e4nkungen im Zusammenhang mit der Anti-Terrorismus-Operation werden aufgehoben&#8221;,\u00a0erkl\u00e4rte der Moskauer B\u00fcrgermeister Sergei Sobjanin am Montag.\u00a0Er bedankte sich bei den Einwohnern der Stadt f\u00fcr\u00a0Ruhe und ihr Verst\u00e4ndnis.\u00a0Auch die Regionalregierung von [&hellip;]","og_url":"https:\/\/now-news.de\/de\/deutschland\/anti-terror-massnahmen-in-russland-wieder-aufgehoben\/","og_site_name":"just-now.NEWS Deutschland","article_publisher":"https:\/\/www.facebook.com\/wirmachenauf","article_published_time":"2023-06-26T08:42:01+00:00","og_image":[{"width":460,"height":259,"url":"https:\/\/now-news.de\/de\/wp-content\/uploads\/sites\/3\/2023\/06\/Anti-Terror-Massnahmen-in-Russland-wieder-aufgehoben.jpg","type":"image\/jpeg"}],"author":"rtnews","twitter_card":"summary_large_image","twitter_creator":"@WirMachenAuf_de","twitter_site":"@WirMachenAuf_de","twitter_misc":{"Verfasst von":"rtnews","Gesch\u00e4tzte Lesezeit":"2\u00a0Minuten"},"schema":{"@context":"https:\/\/schema.org","@graph":[{"@type":"Article","@id":"https:\/\/now-news.de\/de\/deutschland\/anti-terror-massnahmen-in-russland-wieder-aufgehoben\/#article","isPartOf":{"@id":"https:\/\/now-news.de\/de\/deutschland\/anti-terror-massnahmen-in-russland-wieder-aufgehoben\/"},"author":{"name":"rtnews","@id":"https:\/\/now-news.de\/de\/#\/schema\/person\/fb534a4e865501d8b3285208df34a9b5"},"headline":"Anti-Terror-Ma\u00dfnahmen in Russland wieder aufgehoben","datePublished":"2023-06-26T08:42:01+00:00","dateModified":"2023-06-26T08:42:01+00:00","mainEntityOfPage":{"@id":"https:\/\/now-news.de\/de\/deutschland\/anti-terror-massnahmen-in-russland-wieder-aufgehoben\/"},"wordCount":363,"commentCount":0,"publisher":{"@id":"https:\/\/now-news.de\/de\/#organization"},"image":{"@id":"https:\/\/now-news.de\/de\/deutschland\/anti-terror-massnahmen-in-russland-wieder-aufgehoben\/#primaryimage"},"thumbnailUrl":"https:\/\/now-news.de\/de\/wp-content\/uploads\/sites\/3\/2023\/06\/Anti-Terror-Massnahmen-in-Russland-wieder-aufgehoben.jpg","keywords":["AntiTerrorMa\u00dfnahmen","aufgehoben","russland","wieder"],"articleSection":["Deutschland","Russland"],"inLanguage":"de","potentialAction":[{"@type":"CommentAction","name":"Comment","target":["https:\/\/now-news.de\/de\/deutschland\/anti-terror-massnahmen-in-russland-wieder-aufgehoben\/#respond"]}]},{"@type":"WebPage","@id":"https:\/\/now-news.de\/de\/deutschland\/anti-terror-massnahmen-in-russland-wieder-aufgehoben\/","url":"https:\/\/now-news.de\/de\/deutschland\/anti-terror-massnahmen-in-russland-wieder-aufgehoben\/","name":"Anti-Terror-Ma\u00dfnahmen in Russland wieder aufgehoben - just-now.NEWS Deutschland","isPartOf":{"@id":"https:\/\/now-news.de\/de\/#website"},"primaryImageOfPage":{"@id":"https:\/\/now-news.de\/de\/deutschland\/anti-terror-massnahmen-in-russland-wieder-aufgehoben\/#primaryimage"},"image":{"@id":"https:\/\/now-news.de\/de\/deutschland\/anti-terror-massnahmen-in-russland-wieder-aufgehoben\/#primaryimage"},"thumbnailUrl":"https:\/\/now-news.de\/de\/wp-content\/uploads\/sites\/3\/2023\/06\/Anti-Terror-Massnahmen-in-Russland-wieder-aufgehoben.jpg","datePublished":"2023-06-26T08:42:01+00:00","dateModified":"2023-06-26T08:42:01+00:00","breadcrumb":{"@id":"https:\/\/now-news.de\/de\/deutschland\/anti-terror-massnahmen-in-russland-wieder-aufgehoben\/#breadcrumb"},"inLanguage":"de","potentialAction":[{"@type":"ReadAction","target":["https:\/\/now-news.de\/de\/deutschland\/anti-terror-massnahmen-in-russland-wieder-aufgehoben\/"]}]},{"@type":"ImageObject","inLanguage":"de","@id":"https:\/\/now-news.de\/de\/deutschland\/anti-terror-massnahmen-in-russland-wieder-aufgehoben\/#primaryimage","url":"https:\/\/now-news.de\/de\/wp-content\/uploads\/sites\/3\/2023\/06\/Anti-Terror-Massnahmen-in-Russland-wieder-aufgehoben.jpg","contentUrl":"https:\/\/now-news.de\/de\/wp-content\/uploads\/sites\/3\/2023\/06\/Anti-Terror-Massnahmen-in-Russland-wieder-aufgehoben.jpg","width":460,"height":259,"caption":"Anti-Terror-Ma\u00dfnahmen in Russland wieder aufgehoben"},{"@type":"BreadcrumbList","@id":"https:\/\/now-news.de\/de\/deutschland\/anti-terror-massnahmen-in-russland-wieder-aufgehoben\/#breadcrumb","itemListElement":[{"@type":"ListItem","position":1,"name":"Home","item":"https:\/\/now-news.de\/de\/"},{"@type":"ListItem","position":2,"name":"Anti-Terror-Ma\u00dfnahmen in Russland wieder aufgehoben"}]},{"@type":"WebSite","@id":"https:\/\/now-news.de\/de\/#website","url":"https:\/\/now-news.de\/de\/","name":"just-now.NEWS Deutschland","description":"Das Portal f\u00fcr unzensierte Nachrichten aus der Welt","publisher":{"@id":"https:\/\/now-news.de\/de\/#organization"},"potentialAction":[{"@type":"SearchAction","target":{"@type":"EntryPoint","urlTemplate":"https:\/\/now-news.de\/de\/?s={search_term_string}"},"query-input":"required name=search_term_string"}],"inLanguage":"de"},{"@type":"Organization","@id":"https:\/\/now-news.de\/de\/#organization","name":"Just Now News","url":"https:\/\/now-news.de\/de\/","logo":{"@type":"ImageObject","inLanguage":"de","@id":"https:\/\/now-news.de\/de\/#\/schema\/logo\/image\/","url":"http:\/\/just-now.news\/de\/wp-content\/uploads\/sites\/3\/2022\/04\/logo500x500.jpg","contentUrl":"http:\/\/just-now.news\/de\/wp-content\/uploads\/sites\/3\/2022\/04\/logo500x500.jpg","width":500,"height":500,"caption":"Just Now News"},"image":{"@id":"https:\/\/now-news.de\/de\/#\/schema\/logo\/image\/"},"sameAs":["https:\/\/www.facebook.com\/wirmachenauf","https:\/\/x.com\/WirMachenAuf_de"]},{"@type":"Person","@id":"https:\/\/now-news.de\/de\/#\/schema\/person\/fb534a4e865501d8b3285208df34a9b5","name":"rtnews","image":{"@type":"ImageObject","inLanguage":"de","@id":"https:\/\/now-news.de\/de\/#\/schema\/person\/image\/","url":"https:\/\/secure.gravatar.com\/avatar\/82aafea7d8127119dd649515f56e2117?s=96&d=mm&r=g","contentUrl":"https:\/\/secure.gravatar.com\/avatar\/82aafea7d8127119dd649515f56e2117?s=96&d=mm&r=g","caption":"rtnews"},"url":"https:\/\/now-news.de\/de\/author\/rnews\/"}]}},"_links":{"self":[{"href":"https:\/\/now-news.de\/de\/wp-json\/wp\/v2\/posts\/38909"}],"collection":[{"href":"https:\/\/now-news.de\/de\/wp-json\/wp\/v2\/posts"}],"about":[{"href":"https:\/\/now-news.de\/de\/wp-json\/wp\/v2\/types\/post"}],"author":[{"embeddable":true,"href":"https:\/\/now-news.de\/de\/wp-json\/wp\/v2\/users\/3"}],"replies":[{"embeddable":true,"href":"https:\/\/now-news.de\/de\/wp-json\/wp\/v2\/comments?post=38909"}],"version-history":[{"count":0,"href":"https:\/\/now-news.de\/de\/wp-json\/wp\/v2\/posts\/38909\/revisions"}],"wp:featuredmedia":[{"embeddable":true,"href":"https:\/\/now-news.de\/de\/wp-json\/wp\/v2\/media\/38910"}],"wp:attachment":[{"href":"https:\/\/now-news.de\/de\/wp-json\/wp\/v2\/media?parent=38909"}],"wp:term":[{"taxonomy":"category","embeddable":true,"href":"https:\/\/now-news.de\/de\/wp-json\/wp\/v2\/categories?post=38909"},{"taxonomy":"post_tag","embeddable":true,"href":"https:\/\/now-news.de\/de\/wp-json\/wp\/v2\/tags?post=38909"}],"curies":[{"name":"wp","href":"https:\/\/api.w.org\/{rel}","templated":true}]}}