{"id":38893,"date":"2023-06-25T20:22:47","date_gmt":"2023-06-25T18:22:47","guid":{"rendered":"https:\/\/just-now.news\/de\/deutschland\/leben-im-donbass-wie-ergeht-es-den-einheimischen-nach-neun-jahren-unter-ukrainischer-belagerung\/"},"modified":"2023-06-25T20:22:47","modified_gmt":"2023-06-25T18:22:47","slug":"leben-im-donbass-wie-ergeht-es-den-einheimischen-nach-neun-jahren-unter-ukrainischer-belagerung","status":"publish","type":"post","link":"https:\/\/now-news.de\/de\/deutschland\/leben-im-donbass-wie-ergeht-es-den-einheimischen-nach-neun-jahren-unter-ukrainischer-belagerung\/","title":{"rendered":"Leben im Donbass: Wie ergeht es den Einheimischen nach neun Jahren unter ukrainischer Belagerung?"},"content":{"rendered":"<div class=\"Text-root Text-type_1 \">\n                Nachdem ihre Region der ukrainischen Kontrolle entzogen wurde, schildern Bewohner der Volksrepublik Donezk ihre Sicht auf die seit 2014 tobenden Feindseligkeiten und \u00e4u\u00dfern ihre Meinung zu Russland und der Ukraine.\n            <\/div>\n<p><\/p>\n<div class=\"Text-root Text-type_5 ArticleView-text ViewText-root \">\n<p><em>Ein Bericht von Angelina Latypowa<\/em><\/p>\n<p>Diejenigen, die glauben, dass der Ukraine-Konflikt am 24. Februar 2022 begann, irren sich zutiefst \u2013 ein Fakt, auf den die Bewohner der Volksrepublik Donezk (DVR) jeden hinweisen, der ihre Region besucht. Das Leben der Einheimischen wurde im Jahr 2014 in &#8220;Vorher&#8221; und &#8220;Nachher&#8221; geteilt, als sich die \u00fcberwiegende Mehrheit weigerte, das Ergebnis des vom Westen unterst\u00fctzten &#8220;Maidan&#8221;-Putsches zu akzeptieren. Auch jenseits von Donezk herrscht die gleiche Stimmung: in Wolnowacha, in Mariupol und in anderen St\u00e4dten und Siedlungen, die fr\u00fcher unter der Kontrolle Kiews standen.<\/p>\n<figure class=\"RTImage-root\">\n<div class=\"RTImage-image RTImage-original\"><picture class=\"Picture-root Picture-original\"><!--[if IE 9]><video style=\"display: none;\"><![endif]--><source media=\"(-webkit-min-device-pixel-ratio: 2) and (min-resolution: 120dpi)\" data-srcset=\" \nhttp:\/\/just-now.news\/de\/wp-content\/uploads\/sites\/3\/2023\/06\/6497e5e9b480cc39e94c92e3.jpg 850w,\n                http:\/\/just-now.news\/de\/wp-content\/uploads\/sites\/3\/2023\/06\/6497e5e9b480cc39e94c92e3.jpg 1960w,\n            \" ><source data-srcset=\" \nhttp:\/\/just-now.news\/de\/wp-content\/uploads\/sites\/3\/2023\/06\/6497e5e9b480cc39e94c92e3.jpg 460w,\n              http:\/\/just-now.news\/de\/wp-content\/uploads\/sites\/3\/2023\/06\/6497e5e9b480cc39e94c92e3.jpg 980w,\n            \" ><!--[if IE 9]><\/video><![endif]--><img decoding=\"async\" data- src=\"data:image\/png;base64,iVBORw0KGgoAAAANSUhEUgAAABAAAAAJCAQAAACRI2S5AAAAEElEQVR42mNkIAAYRxWAAQAG9gAKqv6+AwAAAABJRU5ErkJggg==\" class=\"Picture-root Picture-original lazyload\" data-src=\"http:\/\/just-now.news\/de\/wp-content\/uploads\/sites\/3\/2023\/06\/6497e5e9b480cc39e94c92e3.jpg\" alt=\"\"><\/source><\/source><\/picture><!-- noscript pattern --><noscript><img decoding=\"async\" src=\"http:\/\/just-now.news\/de\/wp-content\/uploads\/sites\/3\/2023\/06\/6497e5e9b480cc39e94c92e3.jpg\" alt=\"\"><\/noscript><\/div><figcaption class=\"RTImage-footer\"><span class=\"RTImage-caption\"><span class=\"RTImage-captionItem\">Ein Stadtviertel in der N\u00e4he von Asowstal in Mariupol.<\/span><\/span><span class=\"RTImage-source\"><span class=\"RTImage-captionItem\">Angelina Latypowa<\/span><span class=\"RTImage-captionItem\"> \/ RT<\/span><\/span><\/figcaption><\/figure>\n<p><em>RT<\/em>-Korrespondentin Angelina Latypowa sprach mit Anwohnern, um herauszufinden, wie sich das Leben in der DVR im Laufe der Jahre gestaltete, was sie zu Beginn der russischen Offensive im Februar 2022 empfanden, wie sie die schwersten K\u00e4mpfe \u00fcberlebten und warum sich viele trotz der Gefahren dagegen entschieden, ihre Heimat zu verlassen.<\/p>\n<p><strong>Bleiben, um zu helfen<\/strong><\/p>\n<p>Tanja war 20 Jahre alt, als ihre Stadt zum ersten Mal angegriffen wurde, und musste ihr Universit\u00e4tsstudium in Slawjansk abbrechen. Diese Stadt war einer der Brennpunkte des Aufstands im Jahr 2014, unter dem Motto &#8220;Russischer Fr\u00fchling&#8221;, wird aber derzeit immer noch von Kiew kontrolliert. Tanja begab sich in der Folge in die umk\u00e4mpften Gebiete, um in der \u00f6rtlichen pro-russischen Miliz zu dienen.<\/p>\n<p>Nach ihrem Dienst bei der Miliz wurde sie Sanit\u00e4terin und versorgte verwundete Soldaten. Schlie\u00dflich wurde Tanja ehrenamtlich t\u00e4tig. Heute hilft sie Opfern des Krieges, findet neue Besitzer f\u00fcr herrenlose Haustiere und leistet humanit\u00e4re Hilfe. Au\u00dferdem dreht sie Videoreportagen.<\/p>\n<figure class=\"RTImage-root\">\n<div class=\"RTImage-image RTImage-original\"><picture class=\"Picture-root Picture-original\"><!--[if IE 9]><video style=\"display: none;\"><![endif]--><source media=\"(-webkit-min-device-pixel-ratio: 2) and (min-resolution: 120dpi)\" data-srcset=\" \nhttp:\/\/just-now.news\/de\/wp-content\/uploads\/sites\/3\/2023\/06\/6497e618b480cc572b6d7dfb.jpg 850w,\n                http:\/\/just-now.news\/de\/wp-content\/uploads\/sites\/3\/2023\/06\/6497e618b480cc572b6d7dfb.jpg 1960w,\n            \" ><source data-srcset=\" \nhttp:\/\/just-now.news\/de\/wp-content\/uploads\/sites\/3\/2023\/06\/6497e618b480cc572b6d7dfb.jpg 460w,\n              http:\/\/just-now.news\/de\/wp-content\/uploads\/sites\/3\/2023\/06\/6497e618b480cc572b6d7dfb.jpg 980w,\n            \" ><!--[if IE 9]><\/video><![endif]--><img decoding=\"async\" data- src=\"data:image\/png;base64,iVBORw0KGgoAAAANSUhEUgAAABAAAAAJCAQAAACRI2S5AAAAEElEQVR42mNkIAAYRxWAAQAG9gAKqv6+AwAAAABJRU5ErkJggg==\" class=\"Picture-root Picture-original lazyload\" data-src=\"http:\/\/just-now.news\/de\/wp-content\/uploads\/sites\/3\/2023\/06\/6497e618b480cc572b6d7dfb.jpg\" alt=\"\"><\/source><\/source><\/picture><!-- noscript pattern --><noscript><img decoding=\"async\" src=\"http:\/\/just-now.news\/de\/wp-content\/uploads\/sites\/3\/2023\/06\/6497e618b480cc572b6d7dfb.jpg\" alt=\"\"><\/noscript><\/div><figcaption class=\"RTImage-footer\"><span class=\"RTImage-caption\"><span class=\"RTImage-captionItem\">Tanja arbeitet als Freiwillige in Donezk und in anderen zur\u00fcckgewonnenen Gebieten.<\/span><\/span><span class=\"RTImage-source\"><span class=\"RTImage-captionItem\">Angelina Latypowa<\/span><span class=\"RTImage-captionItem\"> \/ RT<\/span><\/span><\/figcaption><\/figure>\n<p>Nach Beginn der russischen Offensive im Februar 2022 half Tanja bei der Evakuierung von Menschen aus den Schaupl\u00e4tzen schwerer K\u00e4mpfe, darunter aus Wolnowacha und Mariupol. Sie erinnert sich:<\/p>\n<blockquote>\n<p><em>&#8220;Die Streitkr\u00e4fte der Ukraine (AFU) haben alle Zivilisten aus den Wohnungen rausgeworfen. In Wolnowacha gab es nur ein Geb\u00e4ude mit einem ausreichend gro\u00dfen Keller. Sie kamen, warfen alle Zivilisten aus den Wohnungen und trieben sie in den Keller. Als sie sich dann nach Mariupol zur\u00fcckzogen, benutzten sie einen Panzer, um den Eingang zum Geb\u00e4ude dem Erdboden gleichzumachen.&#8221;<\/em><\/p>\n<\/blockquote>\n<figure class=\"RTImage-root\">\n<div class=\"RTImage-image RTImage-original\"><picture class=\"Picture-root Picture-original\"><!--[if IE 9]><video style=\"display: none;\"><![endif]--><source media=\"(-webkit-min-device-pixel-ratio: 2) and (min-resolution: 120dpi)\" data-srcset=\" \nhttp:\/\/just-now.news\/de\/wp-content\/uploads\/sites\/3\/2023\/06\/6497e642b480cc395135fe30.jpg 850w,\n                http:\/\/just-now.news\/de\/wp-content\/uploads\/sites\/3\/2023\/06\/6497e642b480cc395135fe30.jpg 1960w,\n            \" ><source data-srcset=\" \nhttp:\/\/just-now.news\/de\/wp-content\/uploads\/sites\/3\/2023\/06\/6497e642b480cc395135fe30.jpg 460w,\n              http:\/\/just-now.news\/de\/wp-content\/uploads\/sites\/3\/2023\/06\/6497e642b480cc395135fe30.jpg 980w,\n            \" ><!--[if IE 9]><\/video><![endif]--><img decoding=\"async\" data- src=\"data:image\/png;base64,iVBORw0KGgoAAAANSUhEUgAAABAAAAAJCAQAAACRI2S5AAAAEElEQVR42mNkIAAYRxWAAQAG9gAKqv6+AwAAAABJRU5ErkJggg==\" class=\"Picture-root Picture-original lazyload\" data-src=\"http:\/\/just-now.news\/de\/wp-content\/uploads\/sites\/3\/2023\/06\/6497e642b480cc395135fe30.jpg\" alt=\"\"><\/source><\/source><\/picture><!-- noscript pattern --><noscript><img decoding=\"async\" src=\"http:\/\/just-now.news\/de\/wp-content\/uploads\/sites\/3\/2023\/06\/6497e642b480cc395135fe30.jpg\" alt=\"\"><\/noscript><\/div><figcaption class=\"RTImage-footer\"><span class=\"RTImage-caption\"><span class=\"RTImage-captionItem\">Ausgebrannte Autos im Zentrum von Donezk als Folge eines ukrainischen Angriffs.<\/span><\/span><span class=\"RTImage-source\"><span class=\"RTImage-captionItem\">Angelina Latypowa<\/span><span class=\"RTImage-captionItem\"> \/ RT<\/span><\/span><\/figcaption><\/figure>\n<p>Tanja schilderte auch, wie sie an ihrem Geburtstag beinahe get\u00f6tet worden w\u00e4re, als eine Rakete in einem Hof im Stadtzentrum landete. Auch in der N\u00e4he ihres Hauses, in einem Stadtteil ohne milit\u00e4rische Einrichtungen, kam es mehrfach zu Explosionen.<\/p>\n<p>Einheimische erz\u00e4hlten, dass zivile Infrastruktur von der AFU am h\u00e4ufigsten angegriffen wurde und dass zu den Zielen auch die Kathedrale der Transfiguration und der \u00f6rtliche Markt geh\u00f6rten. Sie berichteten zudem, dass die Kirche w\u00e4hrend der Gottesdienste an religi\u00f6sen Feiertagen bombardiert und der Markt regelm\u00e4\u00dfig an den Wochenenden angegriffen wurde. Ihren Berichten zufolge schlug die AFU meist an jenen Tagen zu, an denen diese Orte voller Menschen waren.<\/p>\n<figure class=\"RTImage-root\">\n<div class=\"RTImage-image RTImage-original\"><picture class=\"Picture-root Picture-original\"><!--[if IE 9]><video style=\"display: none;\"><![endif]--><source media=\"(-webkit-min-device-pixel-ratio: 2) and (min-resolution: 120dpi)\" data-srcset=\" \nhttp:\/\/just-now.news\/de\/wp-content\/uploads\/sites\/3\/2023\/06\/6497e67c48fbef41d470de6c.jpg 850w,\n                http:\/\/just-now.news\/de\/wp-content\/uploads\/sites\/3\/2023\/06\/6497e67c48fbef41d470de6c.jpg 1960w,\n            \" ><source data-srcset=\" \nhttp:\/\/just-now.news\/de\/wp-content\/uploads\/sites\/3\/2023\/06\/6497e67c48fbef41d470de6c.jpg 460w,\n              http:\/\/just-now.news\/de\/wp-content\/uploads\/sites\/3\/2023\/06\/6497e67c48fbef41d470de6c.jpg 980w,\n            \" ><!--[if IE 9]><\/video><![endif]--><img decoding=\"async\" data- src=\"data:image\/png;base64,iVBORw0KGgoAAAANSUhEUgAAABAAAAAJCAQAAACRI2S5AAAAEElEQVR42mNkIAAYRxWAAQAG9gAKqv6+AwAAAABJRU5ErkJggg==\" class=\"Picture-root Picture-original lazyload\" data-src=\"http:\/\/just-now.news\/de\/wp-content\/uploads\/sites\/3\/2023\/06\/6497e67c48fbef41d470de6c.jpg\" alt=\"\"><\/source><\/source><\/picture><!-- noscript pattern --><noscript><img decoding=\"async\" src=\"http:\/\/just-now.news\/de\/wp-content\/uploads\/sites\/3\/2023\/06\/6497e67c48fbef41d470de6c.jpg\" alt=\"\"><\/noscript><\/div><figcaption class=\"RTImage-footer\"><span class=\"RTImage-caption\"><span class=\"RTImage-captionItem\">Ein Blick auf die Kathedrale der Transfiguration und auf den \u00f6rtlichen Markt.<\/span><\/span><span class=\"RTImage-source\"><span class=\"RTImage-captionItem\">Angelina Latypowa<\/span><span class=\"RTImage-captionItem\"> \/ RT<\/span><\/span><\/figcaption><\/figure>\n<blockquote>\n<p><em>&#8220;Sogar die Kinder hier wussten, woher die Raketen angeflogen kamen und warum. Ich habe eine sechsj\u00e4hrige Nichte. Wir sa\u00dfen in einem Taxi und sie sagte: &#8216;Mein Gott, was f\u00fcr ein Albtraum. Sie greifen uns an, nicht wahr?&#8217; Ich antworte: &#8216;Ja\u2026 Und wer greift uns an?&#8217; Sie sagte: &#8216;Die Ukraine.&#8217; Sie wusste, aus welcher Richtung der Angriff kam und wie man sich in Schutz bringt. Sie wusste, dass wenn die Bombardierung begann, sie sich ihre Katze und ihre Lieblingsmalb\u00fccher schnappen und sich auf einen Stuhl im Flur der Wohnung setzen muss, weg von den Fenstern. Das ist nicht normal.&#8221;<\/em><\/p>\n<\/blockquote>\n<figure class=\"RTImage-root\">\n<div class=\"RTImage-image RTImage-original\"><picture class=\"Picture-root Picture-original\"><!--[if IE 9]><video style=\"display: none;\"><![endif]--><source media=\"(-webkit-min-device-pixel-ratio: 2) and (min-resolution: 120dpi)\" data-srcset=\" \nhttp:\/\/just-now.news\/de\/wp-content\/uploads\/sites\/3\/2023\/06\/6497e6dc48fbef45e52deb63.jpg 850w,\n                http:\/\/just-now.news\/de\/wp-content\/uploads\/sites\/3\/2023\/06\/6497e6dc48fbef45e52deb63.jpg 1960w,\n            \" ><source data-srcset=\" \nhttp:\/\/just-now.news\/de\/wp-content\/uploads\/sites\/3\/2023\/06\/6497e6dc48fbef45e52deb63.jpg 460w,\n              http:\/\/just-now.news\/de\/wp-content\/uploads\/sites\/3\/2023\/06\/6497e6dc48fbef45e52deb63.jpg 980w,\n            \" ><!--[if IE 9]><\/video><![endif]--><img decoding=\"async\" data- src=\"data:image\/png;base64,iVBORw0KGgoAAAANSUhEUgAAABAAAAAJCAQAAACRI2S5AAAAEElEQVR42mNkIAAYRxWAAQAG9gAKqv6+AwAAAABJRU5ErkJggg==\" class=\"Picture-root Picture-original lazyload\" data-src=\"http:\/\/just-now.news\/de\/wp-content\/uploads\/sites\/3\/2023\/06\/6497e6dc48fbef45e52deb63.jpg\" alt=\"\"><\/source><\/source><\/picture><!-- noscript pattern --><noscript><img decoding=\"async\" src=\"http:\/\/just-now.news\/de\/wp-content\/uploads\/sites\/3\/2023\/06\/6497e6dc48fbef45e52deb63.jpg\" alt=\"\"><\/noscript><\/div><figcaption class=\"RTImage-footer\"><span class=\"RTImage-caption\"><span class=\"RTImage-captionItem\">Denkmal an den Zweiten Weltkrieg &#8220;An deine Befreier, Donbass&#8221;.<\/span><\/span><span class=\"RTImage-source\"><span class=\"RTImage-captionItem\">Angelina Latypowa<\/span><span class=\"RTImage-captionItem\"> \/ RT<\/span><\/span><\/figcaption><\/figure>\n<p><strong>Bleiben, um zu \u00fcberleben<\/strong><\/p>\n<p><strong><\/strong>Ljudmila ist eine Rentnerin, die mir einen Rundgang durch den Stadtbezirk Kuibyschew anbot \u2013 einer der am st\u00e4rksten beschossenen\u00a0Teile von Donezk.<\/p>\n<p>Ljudmila hat f\u00fcnf Enkelkinder. Nach Beginn der Feindseligkeiten im Donbass zogen zwei ihrer Enkelinnen nach Jalta auf die Krim, wo sie bis heute leben. Drei weitere blieben in Donezk. Ljudmila erz\u00e4hlte, dass sich ihre ganze Familie in den letzten neun Jahren immer dann, wenn die Stadt angegriffen wurde, in einem engen Korridor verstecken und sich dabei eng aneinander dr\u00e4ngen musste. In der Gegend, in der sie lebt, kommt es heute noch zu Angriffen. Nach unserem Treffen w\u00e4re Ljudmila beinahe von einer Granate getroffen worden, die 500 Meter von ihr entfernt explodierte. In v\u00f6lliger Dunkelheit rannte sie anschlie\u00dfend, so schnell sie konnte, nach Hause.<\/p>\n<figure class=\"RTImage-root\">\n<div class=\"RTImage-image RTImage-original\"><picture class=\"Picture-root Picture-original\"><!--[if IE 9]><video style=\"display: none;\"><![endif]--><source media=\"(-webkit-min-device-pixel-ratio: 2) and (min-resolution: 120dpi)\" data-srcset=\" \nhttp:\/\/just-now.news\/de\/wp-content\/uploads\/sites\/3\/2023\/06\/6497e70948fbef472c28003a.jpg 850w,\n                http:\/\/just-now.news\/de\/wp-content\/uploads\/sites\/3\/2023\/06\/6497e70948fbef472c28003a.jpg 1960w,\n            \" ><source data-srcset=\" \nhttp:\/\/just-now.news\/de\/wp-content\/uploads\/sites\/3\/2023\/06\/6497e70948fbef472c28003a.jpg 460w,\n              http:\/\/just-now.news\/de\/wp-content\/uploads\/sites\/3\/2023\/06\/6497e70948fbef472c28003a.jpg 980w,\n            \" ><!--[if IE 9]><\/video><![endif]--><img decoding=\"async\" data- src=\"data:image\/png;base64,iVBORw0KGgoAAAANSUhEUgAAABAAAAAJCAQAAACRI2S5AAAAEElEQVR42mNkIAAYRxWAAQAG9gAKqv6+AwAAAABJRU5ErkJggg==\" class=\"Picture-root Picture-original lazyload\" data-src=\"http:\/\/just-now.news\/de\/wp-content\/uploads\/sites\/3\/2023\/06\/6497e70948fbef472c28003a.jpg\" alt=\"\"><\/source><\/source><\/picture><!-- noscript pattern --><noscript><img decoding=\"async\" src=\"http:\/\/just-now.news\/de\/wp-content\/uploads\/sites\/3\/2023\/06\/6497e70948fbef472c28003a.jpg\" alt=\"\"><\/noscript><\/div><figcaption class=\"RTImage-footer\"><span class=\"RTImage-caption\"><span class=\"RTImage-captionItem\">Ljudmila steht vor einem ausgebrannten Lebensmittelladen, in dem sie und ihre Familie einst einkaufen gingen.<\/span><\/span><span class=\"RTImage-source\"><span class=\"RTImage-captionItem\">Angelina Latypowa<\/span><span class=\"RTImage-captionItem\"> \/ RT<\/span><\/span><\/figcaption><\/figure>\n<p>Ljudmila hat die Stadt nicht verlassen, weil ihr Mann an Krebs erkrankt ist. Auch ihre S\u00f6hne blieben. Sie sagten:<\/p>\n<blockquote>\n<p><em> &#8220;Solange der Krieg andauert, werden wir hier sein. Wir k\u00f6nnen unsere Jobs nicht k\u00fcndigen und sind daher gezwungen, im Bombenhagel zu leben.&#8221;<\/em><\/p>\n<\/blockquote>\n<p>Ljudmila kommentiert das so:<\/p>\n<blockquote>\n<p><em>&#8220;Diejenigen, die geblieben sind, werden jetzt nirgendwo hingehen. Sie sind froh, dass sich die Dinge endlich \u00e4ndern. Und jetzt gibt es neue Hoffnung. In den vergangenen acht Jahren hatten wir fast alle Hoffnungen verloren. Wir f\u00fchlten uns deprimiert und hilflos.&#8221;<\/em><\/p>\n<\/blockquote>\n<figure class=\"RTImage-root\">\n<div class=\"RTImage-image RTImage-original\"><picture class=\"Picture-root Picture-original\"><!--[if IE 9]><video style=\"display: none;\"><![endif]--><source media=\"(-webkit-min-device-pixel-ratio: 2) and (min-resolution: 120dpi)\" data-srcset=\" \nhttp:\/\/just-now.news\/de\/wp-content\/uploads\/sites\/3\/2023\/06\/6497e75448fbef44ff4a6e12.jpg 850w,\n                http:\/\/just-now.news\/de\/wp-content\/uploads\/sites\/3\/2023\/06\/6497e75448fbef44ff4a6e12.jpg 1960w,\n            \" ><source data-srcset=\" \nhttp:\/\/just-now.news\/de\/wp-content\/uploads\/sites\/3\/2023\/06\/6497e75448fbef44ff4a6e12.jpg 460w,\n              http:\/\/just-now.news\/de\/wp-content\/uploads\/sites\/3\/2023\/06\/6497e75448fbef44ff4a6e12.jpg 980w,\n            \" ><!--[if IE 9]><\/video><![endif]--><img decoding=\"async\" data- src=\"data:image\/png;base64,iVBORw0KGgoAAAANSUhEUgAAABAAAAAJCAQAAACRI2S5AAAAEElEQVR42mNkIAAYRxWAAQAG9gAKqv6+AwAAAABJRU5ErkJggg==\" class=\"Picture-root Picture-original lazyload\" data-src=\"http:\/\/just-now.news\/de\/wp-content\/uploads\/sites\/3\/2023\/06\/6497e75448fbef44ff4a6e12.jpg\" alt=\"\"><\/source><\/source><\/picture><!-- noscript pattern --><noscript><img decoding=\"async\" src=\"http:\/\/just-now.news\/de\/wp-content\/uploads\/sites\/3\/2023\/06\/6497e75448fbef44ff4a6e12.jpg\" alt=\"\"><\/noscript><\/div><figcaption class=\"RTImage-footer\"><span class=\"RTImage-caption\"><span class=\"RTImage-captionItem\">Russische Flaggen h\u00e4ngen im Zentrum von Donezk an den Gel\u00e4ndern von Balkonen.<\/span><\/span><span class=\"RTImage-source\"><span class=\"RTImage-captionItem\">Angelina Latypowa<\/span><span class=\"RTImage-captionItem\"> \/ RT<\/span><\/span><\/figcaption><\/figure>\n<p>Ljudmila stammt urspr\u00fcnglich aus Marjinka, wo ihre Verwandten immer noch leben. Diese Stadt ist derzeit Schauplatz heftiger K\u00e4mpfe, eine Evakuierung ist nicht mehr m\u00f6glich. Im M\u00e4rz und April letzten Jahres mussten sie sich vor dem Beschuss im Keller verstecken und tagelang hungern.<\/p>\n<p>Ljudmila erz\u00e4hlte auch von ihren Verwandten, die sie in Odessa, in Iwano-Frankowsk und in Kurachowo (DVR) hat. Allerdings ist die Kommunikation mit ihnen sehr gef\u00e4hrlich, da die ukrainischen Beh\u00f6rden angeblich Personen festnehmen, die Anrufe aus Russland erhalten. Aus genau diesem Grund wurde Ljudmilas Schwiegersohn festgenommen und verh\u00f6rt, konnte aber anschlie\u00dfend \u00fcber die Grenze nach Russland fliehen.<\/p>\n<figure class=\"RTImage-root\">\n<div class=\"RTImage-image RTImage-original\"><picture class=\"Picture-root Picture-original\"><!--[if IE 9]><video style=\"display: none;\"><![endif]--><source media=\"(-webkit-min-device-pixel-ratio: 2) and (min-resolution: 120dpi)\" data-srcset=\" \nhttp:\/\/just-now.news\/de\/wp-content\/uploads\/sites\/3\/2023\/06\/6497e7fb48fbef447735fcab.jpg 850w,\n                http:\/\/just-now.news\/de\/wp-content\/uploads\/sites\/3\/2023\/06\/6497e7fb48fbef447735fcab.jpg 1960w,\n            \" ><source data-srcset=\" \nhttp:\/\/just-now.news\/de\/wp-content\/uploads\/sites\/3\/2023\/06\/6497e7fb48fbef447735fcab.jpg 460w,\n              http:\/\/just-now.news\/de\/wp-content\/uploads\/sites\/3\/2023\/06\/6497e7fb48fbef447735fcab.jpg 980w,\n            \" ><!--[if IE 9]><\/video><![endif]--><img decoding=\"async\" data- src=\"data:image\/png;base64,iVBORw0KGgoAAAANSUhEUgAAABAAAAAJCAQAAACRI2S5AAAAEElEQVR42mNkIAAYRxWAAQAG9gAKqv6+AwAAAABJRU5ErkJggg==\" class=\"Picture-root Picture-original lazyload\" data-src=\"http:\/\/just-now.news\/de\/wp-content\/uploads\/sites\/3\/2023\/06\/6497e7fb48fbef447735fcab.jpg\" alt=\"\"><\/source><\/source><\/picture><!-- noscript pattern --><noscript><img decoding=\"async\" src=\"http:\/\/just-now.news\/de\/wp-content\/uploads\/sites\/3\/2023\/06\/6497e7fb48fbef447735fcab.jpg\" alt=\"\"><\/noscript><\/div><figcaption class=\"RTImage-footer\"><span class=\"RTImage-caption\"><span class=\"RTImage-captionItem\">Blick auf das Kohlebergwerk Kalinin.<\/span><\/span><span class=\"RTImage-source\"><span class=\"RTImage-captionItem\">Angelina Latypowa<\/span><span class=\"RTImage-captionItem\"> \/ RT<\/span><\/span><\/figcaption><\/figure>\n<p>W\u00e4hrend unseres Spaziergangs durch die Stadt wies Ljudmila h\u00e4ufig auf Orte hin, die von ukrainischen Angriffen getroffen wurden. In der N\u00e4he des Opernhauses t\u00f6tete eine Rakete ein M\u00e4dchen mit ihrer Gro\u00dfmutter. Bei einer Sparkasse traf ein anderer Angriff vor allem \u00e4ltere Menschen, die in einer Warteschlange standen. Auf dem \u00f6rtlichen Markt wurden Zivilisten beim Lebensmitteleinkauf get\u00f6tet. Raketen haben in Schulen und Kinderg\u00e4rten eingeschlagen:<\/p>\n<blockquote>\n<p><em>&#8220;Praktisch jeder Ort in diesem Viertel wurde getroffen. Fr\u00fcher dachten wir, es handele sich um zuf\u00e4llige, vereinzelte Angriffe, ich meine auf Schulen, Kinderg\u00e4rten, Wohnh\u00e4user. Heute wissen wir, dass diese Angriffe gezielt waren. Wenn es heute zweimal einen Beschuss auf dieselbe Schulvorhalle gibt, dann wird es morgen erneut geschehen.&#8221;<\/em><\/p>\n<\/blockquote>\n<figure class=\"RTImage-root\">\n<div class=\"RTImage-image RTImage-original\"><picture class=\"Picture-root Picture-original\"><!--[if IE 9]><video style=\"display: none;\"><![endif]--><source media=\"(-webkit-min-device-pixel-ratio: 2) and (min-resolution: 120dpi)\" data-srcset=\" \nhttp:\/\/just-now.news\/de\/wp-content\/uploads\/sites\/3\/2023\/06\/6497e824b480cc384e126cab.jpg 850w,\n                http:\/\/just-now.news\/de\/wp-content\/uploads\/sites\/3\/2023\/06\/6497e824b480cc384e126cab.jpg 1960w,\n            \" ><source data-srcset=\" \nhttp:\/\/just-now.news\/de\/wp-content\/uploads\/sites\/3\/2023\/06\/6497e824b480cc384e126cab.jpg 460w,\n              http:\/\/just-now.news\/de\/wp-content\/uploads\/sites\/3\/2023\/06\/6497e824b480cc384e126cab.jpg 980w,\n            \" ><!--[if IE 9]><\/video><![endif]--><img decoding=\"async\" data- src=\"data:image\/png;base64,iVBORw0KGgoAAAANSUhEUgAAABAAAAAJCAQAAACRI2S5AAAAEElEQVR42mNkIAAYRxWAAQAG9gAKqv6+AwAAAABJRU5ErkJggg==\" class=\"Picture-root Picture-original lazyload\" data-src=\"http:\/\/just-now.news\/de\/wp-content\/uploads\/sites\/3\/2023\/06\/6497e824b480cc384e126cab.jpg\" alt=\"\"><\/source><\/source><\/picture><!-- noscript pattern --><noscript><img decoding=\"async\" src=\"http:\/\/just-now.news\/de\/wp-content\/uploads\/sites\/3\/2023\/06\/6497e824b480cc384e126cab.jpg\" alt=\"\"><\/noscript><\/div><figcaption class=\"RTImage-footer\"><span class=\"RTImage-caption\"><span class=\"RTImage-captionItem\">Eingang zu einer Sparkasse im Zentrum von Donezk. An dieser Stelle wurden bei einem ukrainischen Raketenangriff 22 Menschen get\u00f6tet und 33 verletzt.<\/span><\/span><span class=\"RTImage-source\"><span class=\"RTImage-captionItem\">Angelina Latypowa<\/span><span class=\"RTImage-captionItem\"> \/ RT<\/span><\/span><\/figcaption><\/figure>\n<p>Die ukrainischen Angriffe nahmen kurz vor Beginn der russischen Offensive im Februar 2022 zu.<\/p>\n<blockquote>\n<p><em>&#8220;Wir sp\u00fcrten, dass es eine Offensive von ukrainischer Seite geben wird, weil der Beschuss im Februar an Heftigkeit zunahm. Wir waren schon daran gew\u00f6hnt und dachten nicht viel dar\u00fcber nach. Bis zu diesem Zeitpunkt wurden die beiden Republiken Donezk und Lugansk t\u00e4glich von etwa 150 bis 200 Granaten getroffen. Doch im Februar vor einem Jahr, als die Evakuierung angek\u00fcndigt wurde, gab es bis zu 1.000 Granaten und Raketen pro Tag.&#8221;<\/em><\/p>\n<\/blockquote>\n<figure class=\"RTImage-root\">\n<div class=\"RTImage-image RTImage-original\"><picture class=\"Picture-root Picture-original\"><!--[if IE 9]><video style=\"display: none;\"><![endif]--><source media=\"(-webkit-min-device-pixel-ratio: 2) and (min-resolution: 120dpi)\" data-srcset=\" \nhttp:\/\/just-now.news\/de\/wp-content\/uploads\/sites\/3\/2023\/06\/6497e858b480cc3a88300a88.jpg 850w,\n                http:\/\/just-now.news\/de\/wp-content\/uploads\/sites\/3\/2023\/06\/6497e858b480cc3a88300a88.jpg 1960w,\n            \" ><source data-srcset=\" \nhttp:\/\/just-now.news\/de\/wp-content\/uploads\/sites\/3\/2023\/06\/6497e858b480cc3a88300a88.jpg 460w,\n              http:\/\/just-now.news\/de\/wp-content\/uploads\/sites\/3\/2023\/06\/6497e858b480cc3a88300a88.jpg 980w,\n            \" ><!--[if IE 9]><\/video><![endif]--><img decoding=\"async\" data- src=\"data:image\/png;base64,iVBORw0KGgoAAAANSUhEUgAAABAAAAAJCAQAAACRI2S5AAAAEElEQVR42mNkIAAYRxWAAQAG9gAKqv6+AwAAAABJRU5ErkJggg==\" class=\"Picture-root Picture-original lazyload\" data-src=\"http:\/\/just-now.news\/de\/wp-content\/uploads\/sites\/3\/2023\/06\/6497e858b480cc3a88300a88.jpg\" alt=\"\"><\/source><\/source><\/picture><!-- noscript pattern --><noscript><img decoding=\"async\" src=\"http:\/\/just-now.news\/de\/wp-content\/uploads\/sites\/3\/2023\/06\/6497e858b480cc3a88300a88.jpg\" alt=\"\"><\/noscript><\/div><figcaption class=\"RTImage-footer\"><span class=\"RTImage-caption\"><span class=\"RTImage-captionItem\">Der Donezker Schmied Wiktor Michalew fertigt Skulpturen aus Fragmenten explodierter Granaten an.<\/span><\/span><span class=\"RTImage-source\"><span class=\"RTImage-captionItem\">Angelina Latypowa<\/span><span class=\"RTImage-captionItem\"> \/ RT<\/span><\/span><\/figcaption><\/figure>\n<p>Ljudmila erz\u00e4hlte, dass die ukrainische Seite acht Jahre lang immer wieder Waffenstillst\u00e4nde angek\u00fcndigt habe, denen &#8220;seltsame&#8221; Namen gegeben wurden \u2013 wie &#8220;Osterfrieden&#8221; oder &#8220;Schulfrieden&#8221; zum Schulbeginn am 1. September. Aber dieselbe Seite, die diese Waffenstillst\u00e4nde jeweils ausgerufen hat, verstie\u00df umgehend gegen diese Vereinbarungen. Ljudmila erinnerte sich auch an die Ereignisse des Jahres 2014, als sich die Einwohner von Donezk mit russischen Flaggen auf dem Lenin-Platz versammelten und den Anschluss ihrer Region an Russland forderten:<\/p>\n<blockquote>\n<p><em>&#8220;Im Fr\u00fchling 2014 gab es hier gro\u00dfe Kundgebungen. Alle skandierten, sie st\u00fcnden auf der Seite Russlands \u2013 und nur auf der Seite Russlands. Wir waren mit dem Putsch in Kiew nicht einverstanden. Es war sofort klar, dass sich unsere Wege getrennt hatten. Dann haben wir ein Referendum abgehalten. Alle hofften, dass es wie auf der Krim ablaufen w\u00fcrde. Auf der Krim entsprach alles dem V\u00f6lkerrecht. Aber in unserem Fall gab es keine rechtliche Grundlage. Und es war zu fr\u00fch, um sich auf einen gro\u00dfen Krieg einzulassen. Aber jetzt ist hier der gro\u00dfe Krieg angekommen. Leider haben wir den gro\u00dfen Krieg bekommen.&#8221;<\/em><\/p>\n<\/blockquote>\n<figure class=\"RTImage-root\">\n<div class=\"RTImage-image RTImage-original\"><picture class=\"Picture-root Picture-original\"><!--[if IE 9]><video style=\"display: none;\"><![endif]--><source media=\"(-webkit-min-device-pixel-ratio: 2) and (min-resolution: 120dpi)\" data-srcset=\" \nhttp:\/\/just-now.news\/de\/wp-content\/uploads\/sites\/3\/2023\/06\/6497e898b480cc36a90797a3.jpg 850w,\n                http:\/\/just-now.news\/de\/wp-content\/uploads\/sites\/3\/2023\/06\/6497e898b480cc36a90797a3.jpg 1960w,\n            \" ><source data-srcset=\" \nhttp:\/\/just-now.news\/de\/wp-content\/uploads\/sites\/3\/2023\/06\/6497e898b480cc36a90797a3.jpg 460w,\n              http:\/\/just-now.news\/de\/wp-content\/uploads\/sites\/3\/2023\/06\/6497e898b480cc36a90797a3.jpg 980w,\n            \" ><!--[if IE 9]><\/video><![endif]--><img decoding=\"async\" data- src=\"data:image\/png;base64,iVBORw0KGgoAAAANSUhEUgAAABAAAAAJCAQAAACRI2S5AAAAEElEQVR42mNkIAAYRxWAAQAG9gAKqv6+AwAAAABJRU5ErkJggg==\" class=\"Picture-root Picture-original lazyload\" data-src=\"http:\/\/just-now.news\/de\/wp-content\/uploads\/sites\/3\/2023\/06\/6497e898b480cc36a90797a3.jpg\" alt=\"\"><\/source><\/source><\/picture><!-- noscript pattern --><noscript><img decoding=\"async\" src=\"http:\/\/just-now.news\/de\/wp-content\/uploads\/sites\/3\/2023\/06\/6497e898b480cc36a90797a3.jpg\" alt=\"\"><\/noscript><\/div><figcaption class=\"RTImage-footer\"><span class=\"RTImage-caption\"><span class=\"RTImage-captionItem\">Der Lenin-Platz, wo 2014 die gro\u00dfen Kundgebungen stattfanden.<\/span><\/span><span class=\"RTImage-source\"><span class=\"RTImage-captionItem\">Angelina Latypowa<\/span><span class=\"RTImage-captionItem\"> \/ RT<\/span><\/span><\/figcaption><\/figure>\n<p><strong>Bleiben, um zu erinnern<\/strong><\/p>\n<p>Swetlana und ihre Tochter Vera fuhren uns vom Kontrollpunkt aus nach Donezk. Da wir Journalisten aus Russland waren, zeigten sie gro\u00dfe Bereitschaft, mit uns zu sprechen, und luden uns zu sich nach Hause ein.<\/p>\n<p>Die Familie lebt in Wolnowacha, einer Stadt, die zwei Wochen lang belagert wurde. Als die Evakuierung angek\u00fcndigt wurde, beschloss die Familie Woitenko zu bleiben, da sie betagte Eltern und viele Haustiere hatten.<\/p>\n<figure class=\"RTImage-root\">\n<div class=\"RTImage-image RTImage-original\"><picture class=\"Picture-root Picture-original\"><!--[if IE 9]><video style=\"display: none;\"><![endif]--><source media=\"(-webkit-min-device-pixel-ratio: 2) and (min-resolution: 120dpi)\" data-srcset=\" \nhttp:\/\/just-now.news\/de\/wp-content\/uploads\/sites\/3\/2023\/06\/6497e8c5b480cc3a88300a8b.jpg 850w,\n                http:\/\/just-now.news\/de\/wp-content\/uploads\/sites\/3\/2023\/06\/6497e8c5b480cc3a88300a8b.jpg 1960w,\n            \" ><source data-srcset=\" \nhttp:\/\/just-now.news\/de\/wp-content\/uploads\/sites\/3\/2023\/06\/6497e8c5b480cc3a88300a8b.jpg 460w,\n              http:\/\/just-now.news\/de\/wp-content\/uploads\/sites\/3\/2023\/06\/6497e8c5b480cc3a88300a8b.jpg 980w,\n            \" ><!--[if IE 9]><\/video><![endif]--><img decoding=\"async\" data- src=\"data:image\/png;base64,iVBORw0KGgoAAAANSUhEUgAAABAAAAAJCAQAAACRI2S5AAAAEElEQVR42mNkIAAYRxWAAQAG9gAKqv6+AwAAAABJRU5ErkJggg==\" class=\"Picture-root Picture-original lazyload\" data-src=\"http:\/\/just-now.news\/de\/wp-content\/uploads\/sites\/3\/2023\/06\/6497e8c5b480cc3a88300a8b.jpg\" alt=\"\"><\/source><\/source><\/picture><!-- noscript pattern --><noscript><img decoding=\"async\" src=\"http:\/\/just-now.news\/de\/wp-content\/uploads\/sites\/3\/2023\/06\/6497e8c5b480cc3a88300a8b.jpg\" alt=\"\"><\/noscript><\/div><figcaption class=\"RTImage-footer\"><span class=\"RTImage-caption\"><span class=\"RTImage-captionItem\">Swetlana und ihre Tochter Vera.<\/span><\/span><span class=\"RTImage-source\"><span class=\"RTImage-captionItem\">Angelina Latypowa<\/span><span class=\"RTImage-captionItem\"> \/ RT<\/span><\/span><\/figcaption><\/figure>\n<p>Am Morgen des 24. Februar 2022 wurde Swetlana im Bett von einer gewaltigen Explosion aufgeschreckt. Sie rief &#8220;Verotschka, der Krieg hat begonnen&#8221; und rannte los, um ihre Tochter zu wecken.<\/p>\n<p>Zur Familie geh\u00f6ren neben mehreren Katzen und Hunden auch Eidechsen, Papageien und H\u00e4hne. Bei den Angriffen wurde keines der Tiere verletzt oder get\u00f6tet. Nach dem Beschuss bekam ihr Hund jedoch stressbedingte Kr\u00e4mpfe, die noch mehrere Monate nach dem Abzug der ukrainischen Streitkr\u00e4fte anhielten.<\/p>\n<figure class=\"RTImage-root\">\n<div class=\"RTImage-image RTImage-original\"><picture class=\"Picture-root Picture-original\"><!--[if IE 9]><video style=\"display: none;\"><![endif]--><source media=\"(-webkit-min-device-pixel-ratio: 2) and (min-resolution: 120dpi)\" data-srcset=\" \nhttp:\/\/just-now.news\/de\/wp-content\/uploads\/sites\/3\/2023\/06\/6497e8f6b480cc6bff7a6bb0.jpg 850w,\n                http:\/\/just-now.news\/de\/wp-content\/uploads\/sites\/3\/2023\/06\/6497e8f6b480cc6bff7a6bb0.jpg 1960w,\n            \" ><source data-srcset=\" \nhttp:\/\/just-now.news\/de\/wp-content\/uploads\/sites\/3\/2023\/06\/6497e8f6b480cc6bff7a6bb0.jpg 460w,\n              http:\/\/just-now.news\/de\/wp-content\/uploads\/sites\/3\/2023\/06\/6497e8f6b480cc6bff7a6bb0.jpg 980w,\n            \" ><!--[if IE 9]><\/video><![endif]--><img decoding=\"async\" data- src=\"data:image\/png;base64,iVBORw0KGgoAAAANSUhEUgAAABAAAAAJCAQAAACRI2S5AAAAEElEQVR42mNkIAAYRxWAAQAG9gAKqv6+AwAAAABJRU5ErkJggg==\" class=\"Picture-root Picture-original lazyload\" data-src=\"http:\/\/just-now.news\/de\/wp-content\/uploads\/sites\/3\/2023\/06\/6497e8f6b480cc6bff7a6bb0.jpg\" alt=\"\"><\/source><\/source><\/picture><!-- noscript pattern --><noscript><img decoding=\"async\" src=\"http:\/\/just-now.news\/de\/wp-content\/uploads\/sites\/3\/2023\/06\/6497e8f6b480cc6bff7a6bb0.jpg\" alt=\"\"><\/noscript><\/div><figcaption class=\"RTImage-footer\"><span class=\"RTImage-caption\"><span class=\"RTImage-captionItem\">Um ihre eigenen Haustiere mit Futter zu versorgen, er\u00f6ffnete die Familie Woitenko nach dem Abzug der ukrainischen Truppen die erste Zoohandlung in Wolnowacha.<\/span><\/span><span class=\"RTImage-source\"><span class=\"RTImage-captionItem\">Angelina Latypowa<\/span><span class=\"RTImage-captionItem\"> \/ RT<\/span><\/span><\/figcaption><\/figure>\n<p>Zwei Wochen lang versteckte sich die Familie zusammen mit den Tieren in einem kleinen Korridor. Als sich die Lage beruhigte, schauten sie nach, wer am Schie\u00dfen war. Aus dem Fenster des Hauses konnten sie sehen, wie ukrainische Panzer durch die Stra\u00dfen fuhren und in Wohngebiete feuerten. Die Familie kochte das Essen auf einem Holzofen, immer in Angst, dass ihr Haus entdeckt und angegriffen werden k\u00f6nnte.<\/p>\n<blockquote>\n<p><em>&#8220;Zwei- bis dreimal am Tag veranstaltete die AFU eine Art &#8216;Panzer-Biathlon&#8217; \u2013 sie feuerten auf H\u00e4user, Wohngeb\u00e4ude und Menschen. Wir hatten Angst, ein Feuer im Ofen anzuz\u00fcnden, weil uns der Rauch aus dem Schornstein leicht zu einem Ziel h\u00e4tte machen k\u00f6nnen. Jedes Mal, wenn mein Mann das Feuer anz\u00fcnden wollte, schrie ich ihn an: &#8216;L\u00f6scht es, sie werden uns sonst angreifen!'&#8221;<\/em><\/p>\n<\/blockquote>\n<figure class=\"RTImage-root\">\n<div class=\"RTImage-image RTImage-original\"><picture class=\"Picture-root Picture-original\"><!--[if IE 9]><video style=\"display: none;\"><![endif]--><source media=\"(-webkit-min-device-pixel-ratio: 2) and (min-resolution: 120dpi)\" data-srcset=\" \nhttp:\/\/just-now.news\/de\/wp-content\/uploads\/sites\/3\/2023\/06\/6497e93048fbef45e52deb66.jpg 850w,\n                http:\/\/just-now.news\/de\/wp-content\/uploads\/sites\/3\/2023\/06\/6497e93048fbef45e52deb66.jpg 1960w,\n            \" ><source data-srcset=\" \nhttp:\/\/just-now.news\/de\/wp-content\/uploads\/sites\/3\/2023\/06\/6497e93048fbef45e52deb66.jpg 460w,\n              http:\/\/just-now.news\/de\/wp-content\/uploads\/sites\/3\/2023\/06\/6497e93048fbef45e52deb66.jpg 980w,\n            \" ><!--[if IE 9]><\/video><![endif]--><img decoding=\"async\" data- src=\"data:image\/png;base64,iVBORw0KGgoAAAANSUhEUgAAABAAAAAJCAQAAACRI2S5AAAAEElEQVR42mNkIAAYRxWAAQAG9gAKqv6+AwAAAABJRU5ErkJggg==\" class=\"Picture-root Picture-original lazyload\" data-src=\"http:\/\/just-now.news\/de\/wp-content\/uploads\/sites\/3\/2023\/06\/6497e93048fbef45e52deb66.jpg\" alt=\"\"><\/source><\/source><\/picture><!-- noscript pattern --><noscript><img decoding=\"async\" src=\"http:\/\/just-now.news\/de\/wp-content\/uploads\/sites\/3\/2023\/06\/6497e93048fbef45e52deb66.jpg\" alt=\"\"><\/noscript><\/div><figcaption class=\"RTImage-footer\"><span class=\"RTImage-caption\"><span class=\"RTImage-captionItem\">Der zerst\u00f6rte Markt in Wolnowacha.<\/span><\/span><span class=\"RTImage-source\"><span class=\"RTImage-captionItem\">Angelina Latypowa<\/span><span class=\"RTImage-captionItem\"> \/ RT<\/span><\/span><\/figcaption><\/figure>\n<p>Die Einheimischen versuchen, sich die Logik der Ukrainer zu erkl\u00e4ren. Anscheinend galten diejenigen, die nach Beginn der Feindseligkeiten in Wolnowacha blieben, als &#8220;Separatisten&#8221;, wie die Kiewer Streitkr\u00e4fte jeden nannten, der nicht auf ihrer Seite an die Front zog.<\/p>\n<p>Die Familie erz\u00e4hlte, dass die Stadt seit vielen Jahren einer &#8220;Ukrainisierung&#8221; ausgesetzt gewesen w\u00e4re und dass die ukrainischen Beh\u00f6rden versucht h\u00e4tten, Hass gegen Russland zu sch\u00fcren. Vera erinnert sich, wie im Jahr 2014, gleich zu Beginn des Konflikts, der zum Putsch in Kiew und zum Krieg im Donbass f\u00fchrte, Schulkinder Parolen riefen wie &#8220;Moskowiter an den Galgen!&#8221; und &#8220;Wer nicht h\u00fcpft, ist ein Moskowiter!&#8221;. Und im Unterricht sprachen die Lehrer \u00fcber den angeblichen Beschuss ukrainischer St\u00e4dte durch Russland:<\/p>\n<blockquote>\n<p><em>&#8220;Mitten in unserem Unterricht begannen Raketenwerfer, von etwas entfernteren Feldern aus zu schie\u00dfen. Und der Lehrer sagte: &#8216;Seht ihr, Russland greift uns an.&#8217; Schon damals habe ich mich gefragt: Was macht Russland in einer ukrainischen Stadt? Wie kann es uns von hier aus beschie\u00dfen? Wie? Aber viele glaubten es.&#8221;<\/em><\/p>\n<\/blockquote>\n<figure class=\"RTImage-root\">\n<div class=\"RTImage-image RTImage-original\"><picture class=\"Picture-root Picture-original\"><!--[if IE 9]><video style=\"display: none;\"><![endif]--><source media=\"(-webkit-min-device-pixel-ratio: 2) and (min-resolution: 120dpi)\" data-srcset=\" \nhttp:\/\/just-now.news\/de\/wp-content\/uploads\/sites\/3\/2023\/06\/6497e96448fbef472c28003e.jpg 850w,\n                http:\/\/just-now.news\/de\/wp-content\/uploads\/sites\/3\/2023\/06\/6497e96448fbef472c28003e.jpg 1960w,\n            \" ><source data-srcset=\" \nhttp:\/\/just-now.news\/de\/wp-content\/uploads\/sites\/3\/2023\/06\/6497e96448fbef472c28003e.jpg 460w,\n              http:\/\/just-now.news\/de\/wp-content\/uploads\/sites\/3\/2023\/06\/6497e96448fbef472c28003e.jpg 980w,\n            \" ><!--[if IE 9]><\/video><![endif]--><img decoding=\"async\" data- src=\"data:image\/png;base64,iVBORw0KGgoAAAANSUhEUgAAABAAAAAJCAQAAACRI2S5AAAAEElEQVR42mNkIAAYRxWAAQAG9gAKqv6+AwAAAABJRU5ErkJggg==\" class=\"Picture-root Picture-original lazyload\" data-src=\"http:\/\/just-now.news\/de\/wp-content\/uploads\/sites\/3\/2023\/06\/6497e96448fbef472c28003e.jpg\" alt=\"\"><\/source><\/source><\/picture><!-- noscript pattern --><noscript><img decoding=\"async\" src=\"http:\/\/just-now.news\/de\/wp-content\/uploads\/sites\/3\/2023\/06\/6497e96448fbef472c28003e.jpg\" alt=\"\"><\/noscript><\/div><figcaption class=\"RTImage-footer\"><span class=\"RTImage-caption\"><span class=\"RTImage-captionItem\">Ein neu errichtetes Krankenhaus in Wolnowacha. Seit dem Abzug der ukrainischen Streitkr\u00e4fte sind die Bauarbeiten in der Stadt in vollem Gange. Schulen, Wohnh\u00e4user und medizinische Einrichtungen werden wiederaufgebaut.<\/span><\/span><span class=\"RTImage-source\"><span class=\"RTImage-captionItem\">Angelina Latypowa<\/span><span class=\"RTImage-captionItem\"> \/ RT<\/span><\/span><\/figcaption><\/figure>\n<p>Aus diesem Grund glaubten auch einige Freunde der Familie, die sich auf dem von Kiew kontrollierten Gebiet aufhielten, nicht, dass die AFU Zivilisten in Wolnowacha angegriffen hatte.<\/p>\n<blockquote>\n<p><em>&#8220;Das Schlimmste ist, wenn die Leute, die erst die ganze Zeit hier waren und dann weggegangen sind, dir sagen, es sei Russland gewesen, das uns beschossen hat. Obwohl einige Leute sp\u00e4ter ihre Meinung wieder ge\u00e4ndert haben, als sie hierher zur\u00fcckkamen.&#8221;<\/em><\/p>\n<\/blockquote>\n<figure class=\"RTImage-root\">\n<div class=\"RTImage-image RTImage-original\"><picture class=\"Picture-root Picture-original\"><!--[if IE 9]><video style=\"display: none;\"><![endif]--><source media=\"(-webkit-min-device-pixel-ratio: 2) and (min-resolution: 120dpi)\" data-srcset=\" \nhttp:\/\/just-now.news\/de\/wp-content\/uploads\/sites\/3\/2023\/06\/6497e99948fbef446d0d2308.jpg 850w,\n                http:\/\/just-now.news\/de\/wp-content\/uploads\/sites\/3\/2023\/06\/6497e99948fbef446d0d2308.jpg 1960w,\n            \" ><source data-srcset=\" \nhttp:\/\/just-now.news\/de\/wp-content\/uploads\/sites\/3\/2023\/06\/6497e99948fbef446d0d2308.jpg 460w,\n              http:\/\/just-now.news\/de\/wp-content\/uploads\/sites\/3\/2023\/06\/6497e99948fbef446d0d2308.jpg 980w,\n            \" ><!--[if IE 9]><\/video><![endif]--><img decoding=\"async\" data- src=\"data:image\/png;base64,iVBORw0KGgoAAAANSUhEUgAAABAAAAAJCAQAAACRI2S5AAAAEElEQVR42mNkIAAYRxWAAQAG9gAKqv6+AwAAAABJRU5ErkJggg==\" class=\"Picture-root Picture-original lazyload\" data-src=\"http:\/\/just-now.news\/de\/wp-content\/uploads\/sites\/3\/2023\/06\/6497e99948fbef446d0d2308.jpg\" alt=\"\"><\/source><\/source><\/picture><!-- noscript pattern --><noscript><img decoding=\"async\" src=\"http:\/\/just-now.news\/de\/wp-content\/uploads\/sites\/3\/2023\/06\/6497e99948fbef446d0d2308.jpg\" alt=\"\"><\/noscript><\/div><figcaption class=\"RTImage-footer\"><span class=\"RTImage-caption\"><span class=\"RTImage-captionItem\">Eine zentrale Stra\u00dfe in Donezk. Der Text auf der Plakatwand lautet: &#8220;Russland! Das ist unser Sieg! Das ist unser Land!&#8221;<\/span><\/span><span class=\"RTImage-source\"><span class=\"RTImage-captionItem\">Angelina Latypowa<\/span><span class=\"RTImage-captionItem\"> \/ RT<\/span><\/span><\/figcaption><\/figure>\n<p><strong>Bleiben, um zu leben<\/strong><\/p>\n<p>In Mariupol, genau wie in Sewerodonezk, Wolnowacha und anderen St\u00e4dten, richtete die AFU Schie\u00dfpositionen in Wohnh\u00e4usern ein, w\u00e4hrend sich die Bewohner dieser H\u00e4user in den Kellern versteckten.<\/p>\n<blockquote>\n<p><em>&#8220;Ich habe ein Ehepaar evakuiert \u2013 alle Fenster ihrer Wohnung waren kaputt und in der Wohnung selbst wurde ein Gesch\u00fctzstand der AFU errichtet. Die AFU kam in die Keller und sagte: Gebt uns die Wohnungsschl\u00fcssel. Wenn ihr uns die Wohnungsschl\u00fcssel nicht geben wollt, sprengen wir die T\u00fcren auf. Und sie sprengten die T\u00fcren auf&#8221;, erz\u00e4hlte uns Tanja, die Freiwillige aus Donezk.<\/em><\/p>\n<\/blockquote>\n<figure class=\"RTImage-root\">\n<div class=\"RTImage-image RTImage-original\"><picture class=\"Picture-root Picture-original\"><!--[if IE 9]><video style=\"display: none;\"><![endif]--><source media=\"(-webkit-min-device-pixel-ratio: 2) and (min-resolution: 120dpi)\" data-srcset=\" \nhttp:\/\/just-now.news\/de\/wp-content\/uploads\/sites\/3\/2023\/06\/6497e9d448fbef41d470de71.jpg 850w,\n                http:\/\/just-now.news\/de\/wp-content\/uploads\/sites\/3\/2023\/06\/6497e9d448fbef41d470de71.jpg 1960w,\n            \" ><source data-srcset=\" \nhttp:\/\/just-now.news\/de\/wp-content\/uploads\/sites\/3\/2023\/06\/6497e9d448fbef41d470de71.jpg 460w,\n              http:\/\/just-now.news\/de\/wp-content\/uploads\/sites\/3\/2023\/06\/6497e9d448fbef41d470de71.jpg 980w,\n            \" ><!--[if IE 9]><\/video><![endif]--><img decoding=\"async\" data- src=\"data:image\/png;base64,iVBORw0KGgoAAAANSUhEUgAAABAAAAAJCAQAAACRI2S5AAAAEElEQVR42mNkIAAYRxWAAQAG9gAKqv6+AwAAAABJRU5ErkJggg==\" class=\"Picture-root Picture-original lazyload\" data-src=\"http:\/\/just-now.news\/de\/wp-content\/uploads\/sites\/3\/2023\/06\/6497e9d448fbef41d470de71.jpg\" alt=\"\"><\/source><\/source><\/picture><!-- noscript pattern --><noscript><img decoding=\"async\" src=\"http:\/\/just-now.news\/de\/wp-content\/uploads\/sites\/3\/2023\/06\/6497e9d448fbef41d470de71.jpg\" alt=\"\"><\/noscript><\/div><figcaption class=\"RTImage-footer\"><span class=\"RTImage-caption\"><span class=\"RTImage-captionItem\">Teile der Ruinen des Eisen- und Stahlwerks Asowstal.<\/span><\/span><span class=\"RTImage-source\"><span class=\"RTImage-captionItem\">Angelina Latypowa<\/span><span class=\"RTImage-captionItem\"> \/ RT<\/span><\/span><\/figcaption><\/figure>\n<p>Denis, ein Einwohner von Mariupol, der die Belagerung der Stadt \u00fcberlebt hat, sagte uns, seine Familie habe Gl\u00fcck gehabt: Sie h\u00e4tten den Eingang zu ihrem Wohnhaus zugesperrt, was ihnen geholfen habe, zu \u00fcberleben.<\/p>\n<figure class=\"RTImage-root\">\n<div class=\"RTImage-image RTImage-original\"><picture class=\"Picture-root Picture-original\"><!--[if IE 9]><video style=\"display: none;\"><![endif]--><source media=\"(-webkit-min-device-pixel-ratio: 2) and (min-resolution: 120dpi)\" data-srcset=\" \nhttp:\/\/just-now.news\/de\/wp-content\/uploads\/sites\/3\/2023\/06\/6497ea4db480cc6bff7a6bb3.jpg 850w,\n                http:\/\/just-now.news\/de\/wp-content\/uploads\/sites\/3\/2023\/06\/6497ea4db480cc6bff7a6bb3.jpg 1960w,\n            \" ><source data-srcset=\" \nhttp:\/\/just-now.news\/de\/wp-content\/uploads\/sites\/3\/2023\/06\/6497ea4db480cc6bff7a6bb3.jpg 460w,\n              http:\/\/just-now.news\/de\/wp-content\/uploads\/sites\/3\/2023\/06\/6497ea4db480cc6bff7a6bb3.jpg 980w,\n            \" ><!--[if IE 9]><\/video><![endif]--><img decoding=\"async\" data- src=\"data:image\/png;base64,iVBORw0KGgoAAAANSUhEUgAAABAAAAAJCAQAAACRI2S5AAAAEElEQVR42mNkIAAYRxWAAQAG9gAKqv6+AwAAAABJRU5ErkJggg==\" class=\"Picture-root Picture-original lazyload\" data-src=\"http:\/\/just-now.news\/de\/wp-content\/uploads\/sites\/3\/2023\/06\/6497ea4db480cc6bff7a6bb3.jpg\" alt=\"\"><\/source><\/source><\/picture><!-- noscript pattern --><noscript><img decoding=\"async\" src=\"http:\/\/just-now.news\/de\/wp-content\/uploads\/sites\/3\/2023\/06\/6497ea4db480cc6bff7a6bb3.jpg\" alt=\"\"><\/noscript><\/div><figcaption class=\"RTImage-footer\"><span class=\"RTImage-caption\"><span class=\"RTImage-captionItem\">Blick auf die Kirche der Heiligen F\u00fcrbitte.<\/span><\/span><span class=\"RTImage-source\"><span class=\"RTImage-captionItem\">Angelina Latypowa<\/span><span class=\"RTImage-captionItem\"> \/ RT<\/span><\/span><\/figcaption><\/figure>\n<blockquote>\n<p><em>&#8220;Das Bataillon Asow begann uns am 1. M\u00e4rz anzugreifen. Ich habe meine Schwester verloren. Wir haben fast 90 Menschen im Hinterhof begraben m\u00fcssen. Als wir Wasser besorgen\u00a0wollten und zur K\u00fcste hinuntergingen, schossen Scharfsch\u00fctzen vom Bataillon Asow auf uns. Sie haben uns gezielt ins Visier genommen, damit wir kein Wasser besorgen konnten. Wir sa\u00dfen hier drei Wochen lang ohne Wasser und Brot fest. Wir waren so gl\u00fccklich, als es anfing zu regnen. Ich habe Regenwasser zu den alten Frauen im Keller getragen&#8221;<\/em>,<\/p>\n<\/blockquote>\n<p>erinnerte sich ein Einheimischer, den ich auf der Stra\u00dfe angesprochen hatte.<\/p>\n<figure class=\"RTImage-root\">\n<div class=\"RTImage-image RTImage-original\"><picture class=\"Picture-root Picture-original\"><!--[if IE 9]><video style=\"display: none;\"><![endif]--><source media=\"(-webkit-min-device-pixel-ratio: 2) and (min-resolution: 120dpi)\" data-srcset=\" \nhttp:\/\/just-now.news\/de\/wp-content\/uploads\/sites\/3\/2023\/06\/6497ea99b480cc6bff7a6bb6.jpg 850w,\n                http:\/\/just-now.news\/de\/wp-content\/uploads\/sites\/3\/2023\/06\/6497ea99b480cc6bff7a6bb6.jpg 1960w,\n            \" ><source data-srcset=\" \nhttp:\/\/just-now.news\/de\/wp-content\/uploads\/sites\/3\/2023\/06\/6497ea99b480cc6bff7a6bb6.jpg 460w,\n              http:\/\/just-now.news\/de\/wp-content\/uploads\/sites\/3\/2023\/06\/6497ea99b480cc6bff7a6bb6.jpg 980w,\n            \" ><!--[if IE 9]><\/video><![endif]--><img decoding=\"async\" data- src=\"data:image\/png;base64,iVBORw0KGgoAAAANSUhEUgAAABAAAAAJCAQAAACRI2S5AAAAEElEQVR42mNkIAAYRxWAAQAG9gAKqv6+AwAAAABJRU5ErkJggg==\" class=\"Picture-root Picture-original lazyload\" data-src=\"http:\/\/just-now.news\/de\/wp-content\/uploads\/sites\/3\/2023\/06\/6497ea99b480cc6bff7a6bb6.jpg\" alt=\"\"><\/source><\/source><\/picture><!-- noscript pattern --><noscript><img decoding=\"async\" src=\"http:\/\/just-now.news\/de\/wp-content\/uploads\/sites\/3\/2023\/06\/6497ea99b480cc6bff7a6bb6.jpg\" alt=\"\"><\/noscript><\/div><figcaption class=\"RTImage-footer\"><span class=\"RTImage-caption\"><span class=\"RTImage-captionItem\">Impressionen von Mariupol.<\/span><\/span><span class=\"RTImage-source\"><span class=\"RTImage-captionItem\">Angelina Latypowa<\/span><span class=\"RTImage-captionItem\"> \/ RT<\/span><\/span><\/figcaption><\/figure>\n<p>Das Bataillon Asow ist eine der ber\u00fcchtigten Neonazi-Einheiten der Ukraine. Als die Bewohner von Mariupol im Jahr 2014 gegen die Politik der neuen Kiewer Machthaber protestierten, erschossen K\u00e4mpfer von Asow jeden, der ihnen \u00fcber den Weg lief. Ein Mann namens Denis erinnerte sich noch immer mit Schaudern an diese Ereignisse.<\/p>\n<blockquote>\n<p><em>&#8220;2014 f\u00fchlte es sich erschreckend an. Doch dann setzte eine Apathie ein. Weil uns klar wurde, dass die Ukraine mit einer solchen Politik keine Zukunft hat.&#8221;<\/em><\/p>\n<\/blockquote>\n<figure class=\"RTImage-root\">\n<div class=\"RTImage-image RTImage-original\"><picture class=\"Picture-root Picture-original\"><!--[if IE 9]><video style=\"display: none;\"><![endif]--><source media=\"(-webkit-min-device-pixel-ratio: 2) and (min-resolution: 120dpi)\" data-srcset=\" \nhttp:\/\/just-now.news\/de\/wp-content\/uploads\/sites\/3\/2023\/06\/6497eac9b480cc395135fe35.jpg 850w,\n                http:\/\/just-now.news\/de\/wp-content\/uploads\/sites\/3\/2023\/06\/6497eac9b480cc395135fe35.jpg 1960w,\n            \" ><source data-srcset=\" \nhttp:\/\/just-now.news\/de\/wp-content\/uploads\/sites\/3\/2023\/06\/6497eac9b480cc395135fe35.jpg 460w,\n              http:\/\/just-now.news\/de\/wp-content\/uploads\/sites\/3\/2023\/06\/6497eac9b480cc395135fe35.jpg 980w,\n            \" ><!--[if IE 9]><\/video><![endif]--><img decoding=\"async\" data- src=\"data:image\/png;base64,iVBORw0KGgoAAAANSUhEUgAAABAAAAAJCAQAAACRI2S5AAAAEElEQVR42mNkIAAYRxWAAQAG9gAKqv6+AwAAAABJRU5ErkJggg==\" class=\"Picture-root Picture-original lazyload\" data-src=\"http:\/\/just-now.news\/de\/wp-content\/uploads\/sites\/3\/2023\/06\/6497eac9b480cc395135fe35.jpg\" alt=\"\"><\/source><\/source><\/picture><!-- noscript pattern --><noscript><img decoding=\"async\" src=\"http:\/\/just-now.news\/de\/wp-content\/uploads\/sites\/3\/2023\/06\/6497eac9b480cc395135fe35.jpg\" alt=\"\"><\/noscript><\/div><figcaption class=\"RTImage-footer\"><span class=\"RTImage-caption\"><span class=\"RTImage-captionItem\">In Mariupol sieht man oft Granaten verstreut auf dem Boden herumliegen. Die st\u00e4dtischen Badestr\u00e4nde sind immer noch nicht vollst\u00e4ndig von Minen ger\u00e4umt.<\/span><\/span><span class=\"RTImage-source\"><span class=\"RTImage-captionItem\">Angelina Latypowa<\/span><span class=\"RTImage-captionItem\"> \/ RT<\/span><\/span><\/figcaption><\/figure>\n<p>Denis schilderte, dass die Stadt in den folgenden Jahren aktiv &#8220;ukrainisiert&#8221; wurde. Er teilt sein Leben nicht in &#8220;vor&#8221; und &#8220;nach&#8221; dem 24. Februar 2022 ein, da der Krieg f\u00fcr ihn seit 2014 tobte.\u00a0Donezk, wo Zivilisten leben, lag neun Jahre lang im Sterben und die Stadt liegt nur 100 Kilometer von Mariupol entfernt. Von Selenskij ist Denis entt\u00e4uscht:<\/p>\n<blockquote>\n<p><em>&#8220;Selenskij wurde als &#8216;Pr\u00e4sident des Friedens&#8217; gew\u00e4hlt. Aber anstatt den Krieg zu beenden, warf er die Bewohner von Mariupol und von anderen St\u00e4dten direkt in den Krieg.&#8221;<\/em><\/p>\n<\/blockquote>\n<figure class=\"RTImage-root\">\n<div class=\"RTImage-image RTImage-original\"><picture class=\"Picture-root Picture-original\"><!--[if IE 9]><video style=\"display: none;\"><![endif]--><source media=\"(-webkit-min-device-pixel-ratio: 2) and (min-resolution: 120dpi)\" data-srcset=\" \nhttp:\/\/just-now.news\/de\/wp-content\/uploads\/sites\/3\/2023\/06\/6497eaf5b480cc42d0457dcb.jpg 850w,\n                http:\/\/just-now.news\/de\/wp-content\/uploads\/sites\/3\/2023\/06\/6497eaf5b480cc42d0457dcb.jpg 1960w,\n            \" ><source data-srcset=\" \nhttp:\/\/just-now.news\/de\/wp-content\/uploads\/sites\/3\/2023\/06\/6497eaf5b480cc42d0457dcb.jpg 460w,\n              http:\/\/just-now.news\/de\/wp-content\/uploads\/sites\/3\/2023\/06\/6497eaf5b480cc42d0457dcb.jpg 980w,\n            \" ><!--[if IE 9]><\/video><![endif]--><img decoding=\"async\" data- src=\"data:image\/png;base64,iVBORw0KGgoAAAANSUhEUgAAABAAAAAJCAQAAACRI2S5AAAAEElEQVR42mNkIAAYRxWAAQAG9gAKqv6+AwAAAABJRU5ErkJggg==\" class=\"Picture-root Picture-original lazyload\" data-src=\"http:\/\/just-now.news\/de\/wp-content\/uploads\/sites\/3\/2023\/06\/6497eaf5b480cc42d0457dcb.jpg\" alt=\"\"><\/source><\/source><\/picture><!-- noscript pattern --><noscript><img decoding=\"async\" src=\"http:\/\/just-now.news\/de\/wp-content\/uploads\/sites\/3\/2023\/06\/6497eaf5b480cc42d0457dcb.jpg\" alt=\"\"><\/noscript><\/div><figcaption class=\"RTImage-footer\"><span class=\"RTImage-caption\"><span class=\"RTImage-captionItem\">Platz der Freiheit in Mariupol.<\/span><\/span><span class=\"RTImage-source\"><span class=\"RTImage-captionItem\">Angelina Latypowa<\/span><span class=\"RTImage-captionItem\"> \/ RT<\/span><\/span><\/figcaption><\/figure>\n<blockquote>\n<p><em>&#8220;Auf der anderen Seite der Stadt nannten sie die AFU &#8216;Zachisniki&#8217; \u2013 &#8216;Verteidiger&#8217;. Aber so verteidigt man keine St\u00e4dte. Die DVR und Russland hatten nicht das Ziel, St\u00e4dte zu zerst\u00f6ren \u2013 das zeigt sich sowohl in Melitopol als auch in Berdjansk. Niemand hat dort Geb\u00e4ude zerst\u00f6rt und Menschen get\u00f6tet. Die AFU hingegen nahm den Standpunkt ein: &#8216;Wir verteidigen nicht die Menschen, wir verteidigen das Territorium.&#8217; Da sie wussten, dass sie die Kontrolle \u00fcber Mariupol nicht behalten konnten, versuchten sie, die Stadt vollst\u00e4ndig zu zerst\u00f6ren. Deshalb haben sie sich in Wohnh\u00e4usern versteckt und M\u00f6rser und Maschinengewehre auf D\u00e4chern platziert.&#8221;<\/em><\/p>\n<\/blockquote>\n<figure class=\"RTImage-root\">\n<div class=\"RTImage-image RTImage-original\"><picture class=\"Picture-root Picture-original\"><!--[if IE 9]><video style=\"display: none;\"><![endif]--><source media=\"(-webkit-min-device-pixel-ratio: 2) and (min-resolution: 120dpi)\" data-srcset=\" \nhttp:\/\/just-now.news\/de\/wp-content\/uploads\/sites\/3\/2023\/06\/6497eb21b480cc6b19505c99.jpg 850w,\n                http:\/\/just-now.news\/de\/wp-content\/uploads\/sites\/3\/2023\/06\/6497eb21b480cc6b19505c99.jpg 1960w,\n            \" ><source data-srcset=\" \nhttp:\/\/just-now.news\/de\/wp-content\/uploads\/sites\/3\/2023\/06\/6497eb21b480cc6b19505c99.jpg 460w,\n              http:\/\/just-now.news\/de\/wp-content\/uploads\/sites\/3\/2023\/06\/6497eb21b480cc6b19505c99.jpg 980w,\n            \" ><!--[if IE 9]><\/video><![endif]--><img decoding=\"async\" data- src=\"data:image\/png;base64,iVBORw0KGgoAAAANSUhEUgAAABAAAAAJCAQAAACRI2S5AAAAEElEQVR42mNkIAAYRxWAAQAG9gAKqv6+AwAAAABJRU5ErkJggg==\" class=\"Picture-root Picture-original lazyload\" data-src=\"http:\/\/just-now.news\/de\/wp-content\/uploads\/sites\/3\/2023\/06\/6497eb21b480cc6b19505c99.jpg\" alt=\"\"><\/source><\/source><\/picture><!-- noscript pattern --><noscript><img decoding=\"async\" src=\"http:\/\/just-now.news\/de\/wp-content\/uploads\/sites\/3\/2023\/06\/6497eb21b480cc6b19505c99.jpg\" alt=\"\"><\/noscript><\/div><figcaption class=\"RTImage-footer\"><span class=\"RTImage-caption\"><span class=\"RTImage-captionItem\">\u00dcberreste des Asowstal-Stadions.<\/span><\/span><span class=\"RTImage-source\"><span class=\"RTImage-captionItem\">Angelina Latypowa<\/span><span class=\"RTImage-captionItem\"> \/ RT<\/span><\/span><\/figcaption><\/figure>\n<p>Denis erinnerte sich auch an die Ankunft der Truppen der DVR am 18. M\u00e4rz als &#8220;ein herzliches Zusammentreffen&#8221;:<\/p>\n<blockquote>\n<p><em>&#8220;Sie freuten sich und wir freuten uns. Wir umarmten uns alle. Wir hatten Angst, und sie hatten Angst. Mit so etwas haben sie wahrscheinlich nicht gerechnet.&#8221;<\/em><\/p>\n<\/blockquote>\n<p><em>Aus dem <a rel=\"nofollow noopener\" target=\"_blank\" href=\"https:\/\/www.rt.com\/russia\/578156-life-dpr-ukraines-crimes\/\">Englischen<\/a><\/em><\/p>\n<p><em>Angelina Latypowa ist eine russische unabh\u00e4ngige Journalistin.<\/em><\/p>\n<p><strong>Mehr zum Thema<\/strong> &#8211; <a rel=\"nofollow noopener\" target=\"_blank\" href=\"https:\/\/test.rtde.life\/meinung\/146135-amnesty-bericht-entreisst-ukraine-maske\/\">Amnesty-Bericht entrei\u00dft der Ukraine die Maske des unschuldigen Opfers<\/a><\/p>\n<\/p>\n<\/div>\n<p><br \/>\n<br \/><a href=\"https:\/\/de.rt.com\/meinung\/173570-leben-im-donbass-wie-ergeht\/\">Source link <\/a><\/p>\n","protected":false},"excerpt":{"rendered":"<p>Nachdem ihre Region der ukrainischen Kontrolle entzogen wurde, schildern Bewohner der Volksrepublik Donezk ihre Sicht auf die seit 2014 tobenden Feindseligkeiten und \u00e4u\u00dfern ihre Meinung zu Russland und der Ukraine. Ein Bericht von Angelina Latypowa Diejenigen, die glauben, dass der Ukraine-Konflikt am 24. Februar 2022 begann, irren sich zutiefst \u2013 ein Fakt, auf den die [&hellip;]<\/p>\n","protected":false},"author":3,"featured_media":38894,"comment_status":"open","ping_status":"open","sticky":false,"template":"","format":"standard","meta":{"_yoast_indexnow_last_ping":["1687718171"],"wp_automatic_camp":["217"],"6e53b33f18e7e50d6d27b2620b61dfa0":["Leben im Donbass: Wie ergeht es den Einheimischen nach neun Jahren unter ukrainischer Belagerung?"],"original_link":["https:\/\/de.rt.com\/meinung\/173570-leben-im-donbass-wie-ergeht\/"],"_thumbnail_id":["38894"],"_wptgpro_p2tg_sent2tg":["a:1:{i:23737;s:19:\"2023-06-25 20:37:35\";}"],"jnews_social_counter_last_update":["1777196480"]},"categories":[19,23],"tags":[11453,48,818,7443,37897,1728,5886,979,12261,488,908,579],"yoast_head":"<!-- This site is optimized with the Yoast SEO Premium plugin v22.7 (Yoast SEO v22.7) - https:\/\/yoast.com\/wordpress\/plugins\/seo\/ -->\n<title>Leben im Donbass: Wie ergeht es den Einheimischen nach neun Jahren unter ukrainischer Belagerung? - just-now.NEWS Deutschland<\/title>\n<meta name=\"robots\" content=\"index, follow, max-snippet:-1, max-image-preview:large, max-video-preview:-1\" \/>\n<link rel=\"canonical\" href=\"https:\/\/now-news.de\/de\/deutschland\/leben-im-donbass-wie-ergeht-es-den-einheimischen-nach-neun-jahren-unter-ukrainischer-belagerung\/\" \/>\n<meta property=\"og:locale\" content=\"de_DE\" \/>\n<meta property=\"og:type\" content=\"article\" \/>\n<meta property=\"og:title\" content=\"Leben im Donbass: Wie ergeht es den Einheimischen nach neun Jahren unter ukrainischer Belagerung?\" \/>\n<meta property=\"og:description\" content=\"Nachdem ihre Region der ukrainischen Kontrolle entzogen wurde, schildern Bewohner der Volksrepublik Donezk ihre Sicht auf die seit 2014 tobenden Feindseligkeiten und \u00e4u\u00dfern ihre Meinung zu Russland und der Ukraine. Ein Bericht von Angelina Latypowa Diejenigen, die glauben, dass der Ukraine-Konflikt am 24. Februar 2022 begann, irren sich zutiefst \u2013 ein Fakt, auf den die [&hellip;]\" \/>\n<meta property=\"og:url\" content=\"https:\/\/now-news.de\/de\/deutschland\/leben-im-donbass-wie-ergeht-es-den-einheimischen-nach-neun-jahren-unter-ukrainischer-belagerung\/\" \/>\n<meta property=\"og:site_name\" content=\"just-now.NEWS Deutschland\" \/>\n<meta property=\"article:publisher\" content=\"https:\/\/www.facebook.com\/wirmachenauf\" \/>\n<meta property=\"article:published_time\" content=\"2023-06-25T18:22:47+00:00\" \/>\n<meta property=\"og:image\" content=\"https:\/\/now-news.de\/de\/wp-content\/uploads\/sites\/3\/2023\/06\/Leben-im-Donbass-Wie-ergeht-es-den-Einheimischen-nach-neun.jpg\" \/>\n\t<meta property=\"og:image:width\" content=\"1240\" \/>\n\t<meta property=\"og:image:height\" content=\"821\" \/>\n\t<meta property=\"og:image:type\" content=\"image\/jpeg\" \/>\n<meta name=\"author\" content=\"rtnews\" \/>\n<meta name=\"twitter:card\" content=\"summary_large_image\" \/>\n<meta name=\"twitter:creator\" content=\"@WirMachenAuf_de\" \/>\n<meta name=\"twitter:site\" content=\"@WirMachenAuf_de\" \/>\n<meta name=\"twitter:label1\" content=\"Verfasst von\" \/>\n\t<meta name=\"twitter:data1\" content=\"rtnews\" \/>\n\t<meta name=\"twitter:label2\" content=\"Gesch\u00e4tzte Lesezeit\" \/>\n\t<meta name=\"twitter:data2\" content=\"14\u00a0Minuten\" \/>\n<script type=\"application\/ld+json\" class=\"yoast-schema-graph\">{\"@context\":\"https:\/\/schema.org\",\"@graph\":[{\"@type\":\"Article\",\"@id\":\"https:\/\/now-news.de\/de\/deutschland\/leben-im-donbass-wie-ergeht-es-den-einheimischen-nach-neun-jahren-unter-ukrainischer-belagerung\/#article\",\"isPartOf\":{\"@id\":\"https:\/\/now-news.de\/de\/deutschland\/leben-im-donbass-wie-ergeht-es-den-einheimischen-nach-neun-jahren-unter-ukrainischer-belagerung\/\"},\"author\":{\"name\":\"rtnews\",\"@id\":\"https:\/\/now-news.de\/de\/#\/schema\/person\/fb534a4e865501d8b3285208df34a9b5\"},\"headline\":\"Leben im Donbass: Wie ergeht es den Einheimischen nach neun Jahren unter ukrainischer Belagerung?\",\"datePublished\":\"2023-06-25T18:22:47+00:00\",\"dateModified\":\"2023-06-25T18:22:47+00:00\",\"mainEntityOfPage\":{\"@id\":\"https:\/\/now-news.de\/de\/deutschland\/leben-im-donbass-wie-ergeht-es-den-einheimischen-nach-neun-jahren-unter-ukrainischer-belagerung\/\"},\"wordCount\":2764,\"commentCount\":1,\"publisher\":{\"@id\":\"https:\/\/now-news.de\/de\/#organization\"},\"image\":{\"@id\":\"https:\/\/now-news.de\/de\/deutschland\/leben-im-donbass-wie-ergeht-es-den-einheimischen-nach-neun-jahren-unter-ukrainischer-belagerung\/#primaryimage\"},\"thumbnailUrl\":\"https:\/\/now-news.de\/de\/wp-content\/uploads\/sites\/3\/2023\/06\/Leben-im-Donbass-Wie-ergeht-es-den-Einheimischen-nach-neun.jpg\",\"keywords\":[\"belagerung\",\"den\",\"Donbass\",\"einheimischen\",\"ergeht\",\"Jahren\",\"leben\",\"nach\",\"neun\",\"Ukrainischer\",\"unter\",\"Wie\"],\"articleSection\":[\"Deutschland\",\"Russland\"],\"inLanguage\":\"de\",\"potentialAction\":[{\"@type\":\"CommentAction\",\"name\":\"Comment\",\"target\":[\"https:\/\/now-news.de\/de\/deutschland\/leben-im-donbass-wie-ergeht-es-den-einheimischen-nach-neun-jahren-unter-ukrainischer-belagerung\/#respond\"]}]},{\"@type\":\"WebPage\",\"@id\":\"https:\/\/now-news.de\/de\/deutschland\/leben-im-donbass-wie-ergeht-es-den-einheimischen-nach-neun-jahren-unter-ukrainischer-belagerung\/\",\"url\":\"https:\/\/now-news.de\/de\/deutschland\/leben-im-donbass-wie-ergeht-es-den-einheimischen-nach-neun-jahren-unter-ukrainischer-belagerung\/\",\"name\":\"Leben im Donbass: Wie ergeht es den Einheimischen nach neun Jahren unter ukrainischer Belagerung? - just-now.NEWS Deutschland\",\"isPartOf\":{\"@id\":\"https:\/\/now-news.de\/de\/#website\"},\"primaryImageOfPage\":{\"@id\":\"https:\/\/now-news.de\/de\/deutschland\/leben-im-donbass-wie-ergeht-es-den-einheimischen-nach-neun-jahren-unter-ukrainischer-belagerung\/#primaryimage\"},\"image\":{\"@id\":\"https:\/\/now-news.de\/de\/deutschland\/leben-im-donbass-wie-ergeht-es-den-einheimischen-nach-neun-jahren-unter-ukrainischer-belagerung\/#primaryimage\"},\"thumbnailUrl\":\"https:\/\/now-news.de\/de\/wp-content\/uploads\/sites\/3\/2023\/06\/Leben-im-Donbass-Wie-ergeht-es-den-Einheimischen-nach-neun.jpg\",\"datePublished\":\"2023-06-25T18:22:47+00:00\",\"dateModified\":\"2023-06-25T18:22:47+00:00\",\"breadcrumb\":{\"@id\":\"https:\/\/now-news.de\/de\/deutschland\/leben-im-donbass-wie-ergeht-es-den-einheimischen-nach-neun-jahren-unter-ukrainischer-belagerung\/#breadcrumb\"},\"inLanguage\":\"de\",\"potentialAction\":[{\"@type\":\"ReadAction\",\"target\":[\"https:\/\/now-news.de\/de\/deutschland\/leben-im-donbass-wie-ergeht-es-den-einheimischen-nach-neun-jahren-unter-ukrainischer-belagerung\/\"]}]},{\"@type\":\"ImageObject\",\"inLanguage\":\"de\",\"@id\":\"https:\/\/now-news.de\/de\/deutschland\/leben-im-donbass-wie-ergeht-es-den-einheimischen-nach-neun-jahren-unter-ukrainischer-belagerung\/#primaryimage\",\"url\":\"https:\/\/now-news.de\/de\/wp-content\/uploads\/sites\/3\/2023\/06\/Leben-im-Donbass-Wie-ergeht-es-den-Einheimischen-nach-neun.jpg\",\"contentUrl\":\"https:\/\/now-news.de\/de\/wp-content\/uploads\/sites\/3\/2023\/06\/Leben-im-Donbass-Wie-ergeht-es-den-Einheimischen-nach-neun.jpg\",\"width\":1240,\"height\":821,\"caption\":\"Leben im Donbass: Wie ergeht es den Einheimischen nach neun Jahren unter ukrainischer Belagerung?\"},{\"@type\":\"BreadcrumbList\",\"@id\":\"https:\/\/now-news.de\/de\/deutschland\/leben-im-donbass-wie-ergeht-es-den-einheimischen-nach-neun-jahren-unter-ukrainischer-belagerung\/#breadcrumb\",\"itemListElement\":[{\"@type\":\"ListItem\",\"position\":1,\"name\":\"Home\",\"item\":\"https:\/\/now-news.de\/de\/\"},{\"@type\":\"ListItem\",\"position\":2,\"name\":\"Leben im Donbass: Wie ergeht es den Einheimischen nach neun Jahren unter ukrainischer Belagerung?\"}]},{\"@type\":\"WebSite\",\"@id\":\"https:\/\/now-news.de\/de\/#website\",\"url\":\"https:\/\/now-news.de\/de\/\",\"name\":\"just-now.NEWS Deutschland\",\"description\":\"Das Portal f\u00fcr unzensierte Nachrichten aus der Welt\",\"publisher\":{\"@id\":\"https:\/\/now-news.de\/de\/#organization\"},\"potentialAction\":[{\"@type\":\"SearchAction\",\"target\":{\"@type\":\"EntryPoint\",\"urlTemplate\":\"https:\/\/now-news.de\/de\/?s={search_term_string}\"},\"query-input\":\"required name=search_term_string\"}],\"inLanguage\":\"de\"},{\"@type\":\"Organization\",\"@id\":\"https:\/\/now-news.de\/de\/#organization\",\"name\":\"Just Now News\",\"url\":\"https:\/\/now-news.de\/de\/\",\"logo\":{\"@type\":\"ImageObject\",\"inLanguage\":\"de\",\"@id\":\"https:\/\/now-news.de\/de\/#\/schema\/logo\/image\/\",\"url\":\"http:\/\/just-now.news\/de\/wp-content\/uploads\/sites\/3\/2022\/04\/logo500x500.jpg\",\"contentUrl\":\"http:\/\/just-now.news\/de\/wp-content\/uploads\/sites\/3\/2022\/04\/logo500x500.jpg\",\"width\":500,\"height\":500,\"caption\":\"Just Now News\"},\"image\":{\"@id\":\"https:\/\/now-news.de\/de\/#\/schema\/logo\/image\/\"},\"sameAs\":[\"https:\/\/www.facebook.com\/wirmachenauf\",\"https:\/\/x.com\/WirMachenAuf_de\"]},{\"@type\":\"Person\",\"@id\":\"https:\/\/now-news.de\/de\/#\/schema\/person\/fb534a4e865501d8b3285208df34a9b5\",\"name\":\"rtnews\",\"image\":{\"@type\":\"ImageObject\",\"inLanguage\":\"de\",\"@id\":\"https:\/\/now-news.de\/de\/#\/schema\/person\/image\/\",\"url\":\"https:\/\/secure.gravatar.com\/avatar\/82aafea7d8127119dd649515f56e2117?s=96&d=mm&r=g\",\"contentUrl\":\"https:\/\/secure.gravatar.com\/avatar\/82aafea7d8127119dd649515f56e2117?s=96&d=mm&r=g\",\"caption\":\"rtnews\"},\"url\":\"https:\/\/now-news.de\/de\/author\/rnews\/\"}]}<\/script>\n<!-- \/ Yoast SEO Premium plugin. -->","yoast_head_json":{"title":"Leben im Donbass: Wie ergeht es den Einheimischen nach neun Jahren unter ukrainischer Belagerung? - just-now.NEWS Deutschland","robots":{"index":"index","follow":"follow","max-snippet":"max-snippet:-1","max-image-preview":"max-image-preview:large","max-video-preview":"max-video-preview:-1"},"canonical":"https:\/\/now-news.de\/de\/deutschland\/leben-im-donbass-wie-ergeht-es-den-einheimischen-nach-neun-jahren-unter-ukrainischer-belagerung\/","og_locale":"de_DE","og_type":"article","og_title":"Leben im Donbass: Wie ergeht es den Einheimischen nach neun Jahren unter ukrainischer Belagerung?","og_description":"Nachdem ihre Region der ukrainischen Kontrolle entzogen wurde, schildern Bewohner der Volksrepublik Donezk ihre Sicht auf die seit 2014 tobenden Feindseligkeiten und \u00e4u\u00dfern ihre Meinung zu Russland und der Ukraine. Ein Bericht von Angelina Latypowa Diejenigen, die glauben, dass der Ukraine-Konflikt am 24. Februar 2022 begann, irren sich zutiefst \u2013 ein Fakt, auf den die [&hellip;]","og_url":"https:\/\/now-news.de\/de\/deutschland\/leben-im-donbass-wie-ergeht-es-den-einheimischen-nach-neun-jahren-unter-ukrainischer-belagerung\/","og_site_name":"just-now.NEWS Deutschland","article_publisher":"https:\/\/www.facebook.com\/wirmachenauf","article_published_time":"2023-06-25T18:22:47+00:00","og_image":[{"width":1240,"height":821,"url":"https:\/\/now-news.de\/de\/wp-content\/uploads\/sites\/3\/2023\/06\/Leben-im-Donbass-Wie-ergeht-es-den-Einheimischen-nach-neun.jpg","type":"image\/jpeg"}],"author":"rtnews","twitter_card":"summary_large_image","twitter_creator":"@WirMachenAuf_de","twitter_site":"@WirMachenAuf_de","twitter_misc":{"Verfasst von":"rtnews","Gesch\u00e4tzte Lesezeit":"14\u00a0Minuten"},"schema":{"@context":"https:\/\/schema.org","@graph":[{"@type":"Article","@id":"https:\/\/now-news.de\/de\/deutschland\/leben-im-donbass-wie-ergeht-es-den-einheimischen-nach-neun-jahren-unter-ukrainischer-belagerung\/#article","isPartOf":{"@id":"https:\/\/now-news.de\/de\/deutschland\/leben-im-donbass-wie-ergeht-es-den-einheimischen-nach-neun-jahren-unter-ukrainischer-belagerung\/"},"author":{"name":"rtnews","@id":"https:\/\/now-news.de\/de\/#\/schema\/person\/fb534a4e865501d8b3285208df34a9b5"},"headline":"Leben im Donbass: Wie ergeht es den Einheimischen nach neun Jahren unter ukrainischer Belagerung?","datePublished":"2023-06-25T18:22:47+00:00","dateModified":"2023-06-25T18:22:47+00:00","mainEntityOfPage":{"@id":"https:\/\/now-news.de\/de\/deutschland\/leben-im-donbass-wie-ergeht-es-den-einheimischen-nach-neun-jahren-unter-ukrainischer-belagerung\/"},"wordCount":2764,"commentCount":1,"publisher":{"@id":"https:\/\/now-news.de\/de\/#organization"},"image":{"@id":"https:\/\/now-news.de\/de\/deutschland\/leben-im-donbass-wie-ergeht-es-den-einheimischen-nach-neun-jahren-unter-ukrainischer-belagerung\/#primaryimage"},"thumbnailUrl":"https:\/\/now-news.de\/de\/wp-content\/uploads\/sites\/3\/2023\/06\/Leben-im-Donbass-Wie-ergeht-es-den-Einheimischen-nach-neun.jpg","keywords":["belagerung","den","Donbass","einheimischen","ergeht","Jahren","leben","nach","neun","Ukrainischer","unter","Wie"],"articleSection":["Deutschland","Russland"],"inLanguage":"de","potentialAction":[{"@type":"CommentAction","name":"Comment","target":["https:\/\/now-news.de\/de\/deutschland\/leben-im-donbass-wie-ergeht-es-den-einheimischen-nach-neun-jahren-unter-ukrainischer-belagerung\/#respond"]}]},{"@type":"WebPage","@id":"https:\/\/now-news.de\/de\/deutschland\/leben-im-donbass-wie-ergeht-es-den-einheimischen-nach-neun-jahren-unter-ukrainischer-belagerung\/","url":"https:\/\/now-news.de\/de\/deutschland\/leben-im-donbass-wie-ergeht-es-den-einheimischen-nach-neun-jahren-unter-ukrainischer-belagerung\/","name":"Leben im Donbass: Wie ergeht es den Einheimischen nach neun Jahren unter ukrainischer Belagerung? - just-now.NEWS Deutschland","isPartOf":{"@id":"https:\/\/now-news.de\/de\/#website"},"primaryImageOfPage":{"@id":"https:\/\/now-news.de\/de\/deutschland\/leben-im-donbass-wie-ergeht-es-den-einheimischen-nach-neun-jahren-unter-ukrainischer-belagerung\/#primaryimage"},"image":{"@id":"https:\/\/now-news.de\/de\/deutschland\/leben-im-donbass-wie-ergeht-es-den-einheimischen-nach-neun-jahren-unter-ukrainischer-belagerung\/#primaryimage"},"thumbnailUrl":"https:\/\/now-news.de\/de\/wp-content\/uploads\/sites\/3\/2023\/06\/Leben-im-Donbass-Wie-ergeht-es-den-Einheimischen-nach-neun.jpg","datePublished":"2023-06-25T18:22:47+00:00","dateModified":"2023-06-25T18:22:47+00:00","breadcrumb":{"@id":"https:\/\/now-news.de\/de\/deutschland\/leben-im-donbass-wie-ergeht-es-den-einheimischen-nach-neun-jahren-unter-ukrainischer-belagerung\/#breadcrumb"},"inLanguage":"de","potentialAction":[{"@type":"ReadAction","target":["https:\/\/now-news.de\/de\/deutschland\/leben-im-donbass-wie-ergeht-es-den-einheimischen-nach-neun-jahren-unter-ukrainischer-belagerung\/"]}]},{"@type":"ImageObject","inLanguage":"de","@id":"https:\/\/now-news.de\/de\/deutschland\/leben-im-donbass-wie-ergeht-es-den-einheimischen-nach-neun-jahren-unter-ukrainischer-belagerung\/#primaryimage","url":"https:\/\/now-news.de\/de\/wp-content\/uploads\/sites\/3\/2023\/06\/Leben-im-Donbass-Wie-ergeht-es-den-Einheimischen-nach-neun.jpg","contentUrl":"https:\/\/now-news.de\/de\/wp-content\/uploads\/sites\/3\/2023\/06\/Leben-im-Donbass-Wie-ergeht-es-den-Einheimischen-nach-neun.jpg","width":1240,"height":821,"caption":"Leben im Donbass: Wie ergeht es den Einheimischen nach neun Jahren unter ukrainischer Belagerung?"},{"@type":"BreadcrumbList","@id":"https:\/\/now-news.de\/de\/deutschland\/leben-im-donbass-wie-ergeht-es-den-einheimischen-nach-neun-jahren-unter-ukrainischer-belagerung\/#breadcrumb","itemListElement":[{"@type":"ListItem","position":1,"name":"Home","item":"https:\/\/now-news.de\/de\/"},{"@type":"ListItem","position":2,"name":"Leben im Donbass: Wie ergeht es den Einheimischen nach neun Jahren unter ukrainischer Belagerung?"}]},{"@type":"WebSite","@id":"https:\/\/now-news.de\/de\/#website","url":"https:\/\/now-news.de\/de\/","name":"just-now.NEWS Deutschland","description":"Das Portal f\u00fcr unzensierte Nachrichten aus der Welt","publisher":{"@id":"https:\/\/now-news.de\/de\/#organization"},"potentialAction":[{"@type":"SearchAction","target":{"@type":"EntryPoint","urlTemplate":"https:\/\/now-news.de\/de\/?s={search_term_string}"},"query-input":"required name=search_term_string"}],"inLanguage":"de"},{"@type":"Organization","@id":"https:\/\/now-news.de\/de\/#organization","name":"Just Now News","url":"https:\/\/now-news.de\/de\/","logo":{"@type":"ImageObject","inLanguage":"de","@id":"https:\/\/now-news.de\/de\/#\/schema\/logo\/image\/","url":"http:\/\/just-now.news\/de\/wp-content\/uploads\/sites\/3\/2022\/04\/logo500x500.jpg","contentUrl":"http:\/\/just-now.news\/de\/wp-content\/uploads\/sites\/3\/2022\/04\/logo500x500.jpg","width":500,"height":500,"caption":"Just Now News"},"image":{"@id":"https:\/\/now-news.de\/de\/#\/schema\/logo\/image\/"},"sameAs":["https:\/\/www.facebook.com\/wirmachenauf","https:\/\/x.com\/WirMachenAuf_de"]},{"@type":"Person","@id":"https:\/\/now-news.de\/de\/#\/schema\/person\/fb534a4e865501d8b3285208df34a9b5","name":"rtnews","image":{"@type":"ImageObject","inLanguage":"de","@id":"https:\/\/now-news.de\/de\/#\/schema\/person\/image\/","url":"https:\/\/secure.gravatar.com\/avatar\/82aafea7d8127119dd649515f56e2117?s=96&d=mm&r=g","contentUrl":"https:\/\/secure.gravatar.com\/avatar\/82aafea7d8127119dd649515f56e2117?s=96&d=mm&r=g","caption":"rtnews"},"url":"https:\/\/now-news.de\/de\/author\/rnews\/"}]}},"_links":{"self":[{"href":"https:\/\/now-news.de\/de\/wp-json\/wp\/v2\/posts\/38893"}],"collection":[{"href":"https:\/\/now-news.de\/de\/wp-json\/wp\/v2\/posts"}],"about":[{"href":"https:\/\/now-news.de\/de\/wp-json\/wp\/v2\/types\/post"}],"author":[{"embeddable":true,"href":"https:\/\/now-news.de\/de\/wp-json\/wp\/v2\/users\/3"}],"replies":[{"embeddable":true,"href":"https:\/\/now-news.de\/de\/wp-json\/wp\/v2\/comments?post=38893"}],"version-history":[{"count":0,"href":"https:\/\/now-news.de\/de\/wp-json\/wp\/v2\/posts\/38893\/revisions"}],"wp:featuredmedia":[{"embeddable":true,"href":"https:\/\/now-news.de\/de\/wp-json\/wp\/v2\/media\/38894"}],"wp:attachment":[{"href":"https:\/\/now-news.de\/de\/wp-json\/wp\/v2\/media?parent=38893"}],"wp:term":[{"taxonomy":"category","embeddable":true,"href":"https:\/\/now-news.de\/de\/wp-json\/wp\/v2\/categories?post=38893"},{"taxonomy":"post_tag","embeddable":true,"href":"https:\/\/now-news.de\/de\/wp-json\/wp\/v2\/tags?post=38893"}],"curies":[{"name":"wp","href":"https:\/\/api.w.org\/{rel}","templated":true}]}}