{"id":38866,"date":"2023-06-25T12:25:47","date_gmt":"2023-06-25T10:25:47","guid":{"rendered":"https:\/\/just-now.news\/de\/deutschland\/rostow-gouverneur-wagner-kaempfer-ziehen-sich-in-feldlager-zurueck\/"},"modified":"2023-06-25T12:25:47","modified_gmt":"2023-06-25T10:25:47","slug":"rostow-gouverneur-wagner-kaempfer-ziehen-sich-in-feldlager-zurueck","status":"publish","type":"post","link":"https:\/\/now-news.de\/de\/deutschland\/rostow-gouverneur-wagner-kaempfer-ziehen-sich-in-feldlager-zurueck\/","title":{"rendered":"Rostow-Gouverneur: Wagner-K\u00e4mpfer ziehen sich in Feldlager zur\u00fcck"},"content":{"rendered":"<p><img decoding=\"async\" src=\"http:\/\/just-now.news\/de\/wp-content\/uploads\/sites\/3\/2023\/06\/6498090d48fbef6aa84aa26c.jpg\" \/><\/p>\n<div class=\"Text-root Text-type_1 \">\n                In der Nacht zum Sonntag teilte der Gouverneur des Gebiets Rostow mit, dass die Wagner-K\u00e4mpfer die Stadt Rostow am Don verlassen haben. Doch die Folgen der gestrigen Ereignisse bleiben: 10.000 Quadratmeter Stra\u00dfenoberfl\u00e4che wurden besch\u00e4digt.\n            <\/div>\n<p><\/p>\n<div class=\"Text-root Text-type_5 ArticleView-text ViewText-root \">\n<p>Wagner-K\u00e4mpfer haben die Stadt Rostow am Don verlassen und sich in Feldlager zur\u00fcckgezogen, <a rel=\"nofollow noopener\" target=\"_blank\" href=\"https:\/\/t.me\/golubev_vu\/669\">teilte<\/a> der Gouverneur des Gebiets Rostow, Wassili Golubew, in der Nacht zum Sonntag auf seinem Telegram mit. Er dankte au\u00dferdem allen, die die lebenswichtigen Dienste &#8220;unter diesen au\u00dfergew\u00f6hnlichen Bedingungen&#8221; aufrechterhalten haben.<\/p>\n<p>Die russische Nachrichtenagentur <em>TASS <\/em>ver\u00f6ffentlichte<em>\u00a0<\/em>ein\u00a0<a rel=\"nofollow noopener\" target=\"_blank\" href=\"https:\/\/t.me\/tass_agency\/198050\">Video<\/a> aus\u00a0Rostow\u00a0am Don, nachdem die Wagner-K\u00e4mpfer die Stadt verlassen hatten.<\/p>\n<p>Der B\u00fcrgermeister der Stadt\u00a0Rostow am Don, Alexei Logwinenko, <a rel=\"nofollow noopener\" target=\"_blank\" href=\"https:\/\/t.me\/logvinenko_rnd\/5556\">teilte<\/a> am Sonntagmorgen mit, dass mehr als 10.000 Quadratmeter Fahrbahnbelag durch Milit\u00e4rfahrzeuge besch\u00e4digt worden seien. Bereits heute werde die Wiederherstellung beginnen und die Stra\u00dfen sollen\u00a0innerhalb von\u00a0zwei Tagen repariert werden, f\u00fcgte er hinzu.<\/p>\n<p>Des Weiteren wurden alle Verkehrsbeschr\u00e4nkungen auf den Autobahnen des Gebiets Rostow aufgehoben, teilten die \u00f6rtlichen Einsatzkr\u00e4fte mit.<\/p>\n<p>Am Abend des 24. Juni hatten die K\u00e4mpfer des privaten Milit\u00e4runternehmens den Stab des s\u00fcdlichen Milit\u00e4rbezirks verlassen und begonnen, aus der Stadt abzuziehen. Der Gr\u00fcnder des Wagner-Milit\u00e4runternehmens, Jewgeni Prigoschin, war ebenfalls dabei. Dies geschah, kurz nachdem der Pressedienst des Milit\u00e4runternehmens seine Erkl\u00e4rung ver\u00f6ffentlicht hatte, dass die K\u00e4mpfer ihre Bewegung in Richtung Moskau stoppen und sich in ihre Feldlager zur\u00fcckziehen w\u00fcrden.<\/p>\n<p><strong>Mehr zum Thema<\/strong>\u00a0\u2013 <a rel=\"nofollow noopener\" target=\"_blank\" href=\"https:\/\/pressefreiheit.rtde.live\/russland\/173552-nach-vermittlung-durch-lukaschenko-prigoschin\/\">Nach Vermittlung durch Lukaschenko: Prigoschin erkl\u00e4rt sich bereit, Vormarsch zu stoppen<\/a><\/p>\n<div class=\"EmbedBlock-root EmbedBlock-externalVideo EmbedBlock-vk\">\n<div class=\"VkEmbed\"><iframe class=\"lazyload\" data-src=\"https:\/\/vk.com\/video_ext.php?oid=-134310637&amp;id=456267955&amp;hash=bf8253873554c0ff\" frameborder=\"0\" width=\"853\" height=\"480\" allowfullscreen><\/iframe><\/div>\n<\/div>\n<\/div>\n<p><br \/>\n<br \/><a href=\"https:\/\/de.rt.com\/international\/173582-rostow-gouverneur-wagner-kaempfer-ziehen\/\">Source link <\/a><\/p>\n","protected":false},"excerpt":{"rendered":"<p>In der Nacht zum Sonntag teilte der Gouverneur des Gebiets Rostow mit, dass die Wagner-K\u00e4mpfer die Stadt Rostow am Don verlassen haben. Doch die Folgen der gestrigen Ereignisse bleiben: 10.000 Quadratmeter Stra\u00dfenoberfl\u00e4che wurden besch\u00e4digt. Wagner-K\u00e4mpfer haben die Stadt Rostow am Don verlassen und sich in Feldlager zur\u00fcckgezogen, teilte der Gouverneur des Gebiets Rostow, Wassili Golubew, [&hellip;]<\/p>\n","protected":false},"author":3,"featured_media":38867,"comment_status":"open","ping_status":"open","sticky":false,"template":"","format":"standard","meta":{"_yoast_indexnow_last_ping":["1687690142"],"wp_automatic_camp":["217"],"b19abf137dfea3c7c8bb58b47e73c296":["Rostow-Gouverneur: Wagner-K\u00e4mpfer ziehen sich in Feldlager zur\u00fcck"],"original_link":["https:\/\/de.rt.com\/international\/173582-rostow-gouverneur-wagner-kaempfer-ziehen\/"],"_thumbnail_id":["38867"],"_wptgpro_p2tg_sent2tg":["a:1:{i:23737;s:19:\"2023-06-25 12:50:04\";}"],"jnews_social_counter_last_update":["1777674943"]},"categories":[19,23],"tags":[46033,46032,434,39051,4327,3337],"yoast_head":"<!-- This site is optimized with the Yoast SEO Premium plugin v22.7 (Yoast SEO v22.7) - https:\/\/yoast.com\/wordpress\/plugins\/seo\/ -->\n<title>Rostow-Gouverneur: Wagner-K\u00e4mpfer ziehen sich in Feldlager zur\u00fcck - just-now.NEWS Deutschland<\/title>\n<meta name=\"robots\" content=\"index, follow, max-snippet:-1, max-image-preview:large, max-video-preview:-1\" \/>\n<link rel=\"canonical\" href=\"https:\/\/now-news.de\/de\/deutschland\/rostow-gouverneur-wagner-kaempfer-ziehen-sich-in-feldlager-zurueck\/\" \/>\n<meta property=\"og:locale\" content=\"de_DE\" \/>\n<meta property=\"og:type\" content=\"article\" \/>\n<meta property=\"og:title\" content=\"Rostow-Gouverneur: Wagner-K\u00e4mpfer ziehen sich in Feldlager zur\u00fcck\" \/>\n<meta property=\"og:description\" content=\"In der Nacht zum Sonntag teilte der Gouverneur des Gebiets Rostow mit, dass die Wagner-K\u00e4mpfer die Stadt Rostow am Don verlassen haben. Doch die Folgen der gestrigen Ereignisse bleiben: 10.000 Quadratmeter Stra\u00dfenoberfl\u00e4che wurden besch\u00e4digt. Wagner-K\u00e4mpfer haben die Stadt Rostow am Don verlassen und sich in Feldlager zur\u00fcckgezogen, teilte der Gouverneur des Gebiets Rostow, Wassili Golubew, [&hellip;]\" \/>\n<meta property=\"og:url\" content=\"https:\/\/now-news.de\/de\/deutschland\/rostow-gouverneur-wagner-kaempfer-ziehen-sich-in-feldlager-zurueck\/\" \/>\n<meta property=\"og:site_name\" content=\"just-now.NEWS Deutschland\" \/>\n<meta property=\"article:publisher\" content=\"https:\/\/www.facebook.com\/wirmachenauf\" \/>\n<meta property=\"article:published_time\" content=\"2023-06-25T10:25:47+00:00\" \/>\n<meta property=\"og:image\" content=\"https:\/\/now-news.de\/de\/wp-content\/uploads\/sites\/3\/2023\/06\/Rostow-Gouverneur-Wagner-Kaempfer-ziehen-sich-in-Feldlager-zurueck.jpg\" \/>\n\t<meta property=\"og:image:width\" content=\"460\" \/>\n\t<meta property=\"og:image:height\" content=\"259\" \/>\n\t<meta property=\"og:image:type\" content=\"image\/jpeg\" \/>\n<meta name=\"author\" content=\"rtnews\" \/>\n<meta name=\"twitter:card\" content=\"summary_large_image\" \/>\n<meta name=\"twitter:creator\" content=\"@WirMachenAuf_de\" \/>\n<meta name=\"twitter:site\" content=\"@WirMachenAuf_de\" \/>\n<meta name=\"twitter:label1\" content=\"Verfasst von\" \/>\n\t<meta name=\"twitter:data1\" content=\"rtnews\" \/>\n\t<meta name=\"twitter:label2\" content=\"Gesch\u00e4tzte Lesezeit\" \/>\n\t<meta name=\"twitter:data2\" content=\"1\u00a0Minute\" \/>\n<script type=\"application\/ld+json\" class=\"yoast-schema-graph\">{\"@context\":\"https:\/\/schema.org\",\"@graph\":[{\"@type\":\"Article\",\"@id\":\"https:\/\/now-news.de\/de\/deutschland\/rostow-gouverneur-wagner-kaempfer-ziehen-sich-in-feldlager-zurueck\/#article\",\"isPartOf\":{\"@id\":\"https:\/\/now-news.de\/de\/deutschland\/rostow-gouverneur-wagner-kaempfer-ziehen-sich-in-feldlager-zurueck\/\"},\"author\":{\"name\":\"rtnews\",\"@id\":\"https:\/\/now-news.de\/de\/#\/schema\/person\/fb534a4e865501d8b3285208df34a9b5\"},\"headline\":\"Rostow-Gouverneur: Wagner-K\u00e4mpfer ziehen sich in Feldlager zur\u00fcck\",\"datePublished\":\"2023-06-25T10:25:47+00:00\",\"dateModified\":\"2023-06-25T10:25:47+00:00\",\"mainEntityOfPage\":{\"@id\":\"https:\/\/now-news.de\/de\/deutschland\/rostow-gouverneur-wagner-kaempfer-ziehen-sich-in-feldlager-zurueck\/\"},\"wordCount\":270,\"commentCount\":0,\"publisher\":{\"@id\":\"https:\/\/now-news.de\/de\/#organization\"},\"image\":{\"@id\":\"https:\/\/now-news.de\/de\/deutschland\/rostow-gouverneur-wagner-kaempfer-ziehen-sich-in-feldlager-zurueck\/#primaryimage\"},\"thumbnailUrl\":\"https:\/\/now-news.de\/de\/wp-content\/uploads\/sites\/3\/2023\/06\/Rostow-Gouverneur-Wagner-Kaempfer-ziehen-sich-in-Feldlager-zurueck.jpg\",\"keywords\":[\"Feldlager\",\"RostowGouverneur\",\"sich\",\"WagnerK\u00e4mpfer\",\"ziehen\",\"zur\u00fcck\"],\"articleSection\":[\"Deutschland\",\"Russland\"],\"inLanguage\":\"de\",\"potentialAction\":[{\"@type\":\"CommentAction\",\"name\":\"Comment\",\"target\":[\"https:\/\/now-news.de\/de\/deutschland\/rostow-gouverneur-wagner-kaempfer-ziehen-sich-in-feldlager-zurueck\/#respond\"]}]},{\"@type\":\"WebPage\",\"@id\":\"https:\/\/now-news.de\/de\/deutschland\/rostow-gouverneur-wagner-kaempfer-ziehen-sich-in-feldlager-zurueck\/\",\"url\":\"https:\/\/now-news.de\/de\/deutschland\/rostow-gouverneur-wagner-kaempfer-ziehen-sich-in-feldlager-zurueck\/\",\"name\":\"Rostow-Gouverneur: Wagner-K\u00e4mpfer ziehen sich in Feldlager zur\u00fcck - just-now.NEWS Deutschland\",\"isPartOf\":{\"@id\":\"https:\/\/now-news.de\/de\/#website\"},\"primaryImageOfPage\":{\"@id\":\"https:\/\/now-news.de\/de\/deutschland\/rostow-gouverneur-wagner-kaempfer-ziehen-sich-in-feldlager-zurueck\/#primaryimage\"},\"image\":{\"@id\":\"https:\/\/now-news.de\/de\/deutschland\/rostow-gouverneur-wagner-kaempfer-ziehen-sich-in-feldlager-zurueck\/#primaryimage\"},\"thumbnailUrl\":\"https:\/\/now-news.de\/de\/wp-content\/uploads\/sites\/3\/2023\/06\/Rostow-Gouverneur-Wagner-Kaempfer-ziehen-sich-in-Feldlager-zurueck.jpg\",\"datePublished\":\"2023-06-25T10:25:47+00:00\",\"dateModified\":\"2023-06-25T10:25:47+00:00\",\"breadcrumb\":{\"@id\":\"https:\/\/now-news.de\/de\/deutschland\/rostow-gouverneur-wagner-kaempfer-ziehen-sich-in-feldlager-zurueck\/#breadcrumb\"},\"inLanguage\":\"de\",\"potentialAction\":[{\"@type\":\"ReadAction\",\"target\":[\"https:\/\/now-news.de\/de\/deutschland\/rostow-gouverneur-wagner-kaempfer-ziehen-sich-in-feldlager-zurueck\/\"]}]},{\"@type\":\"ImageObject\",\"inLanguage\":\"de\",\"@id\":\"https:\/\/now-news.de\/de\/deutschland\/rostow-gouverneur-wagner-kaempfer-ziehen-sich-in-feldlager-zurueck\/#primaryimage\",\"url\":\"https:\/\/now-news.de\/de\/wp-content\/uploads\/sites\/3\/2023\/06\/Rostow-Gouverneur-Wagner-Kaempfer-ziehen-sich-in-Feldlager-zurueck.jpg\",\"contentUrl\":\"https:\/\/now-news.de\/de\/wp-content\/uploads\/sites\/3\/2023\/06\/Rostow-Gouverneur-Wagner-Kaempfer-ziehen-sich-in-Feldlager-zurueck.jpg\",\"width\":460,\"height\":259,\"caption\":\"Rostow-Gouverneur: Wagner-K\u00e4mpfer ziehen sich in Feldlager zur\u00fcck\"},{\"@type\":\"BreadcrumbList\",\"@id\":\"https:\/\/now-news.de\/de\/deutschland\/rostow-gouverneur-wagner-kaempfer-ziehen-sich-in-feldlager-zurueck\/#breadcrumb\",\"itemListElement\":[{\"@type\":\"ListItem\",\"position\":1,\"name\":\"Home\",\"item\":\"https:\/\/now-news.de\/de\/\"},{\"@type\":\"ListItem\",\"position\":2,\"name\":\"Rostow-Gouverneur: Wagner-K\u00e4mpfer ziehen sich in Feldlager zur\u00fcck\"}]},{\"@type\":\"WebSite\",\"@id\":\"https:\/\/now-news.de\/de\/#website\",\"url\":\"https:\/\/now-news.de\/de\/\",\"name\":\"just-now.NEWS Deutschland\",\"description\":\"Das Portal f\u00fcr unzensierte Nachrichten aus der Welt\",\"publisher\":{\"@id\":\"https:\/\/now-news.de\/de\/#organization\"},\"potentialAction\":[{\"@type\":\"SearchAction\",\"target\":{\"@type\":\"EntryPoint\",\"urlTemplate\":\"https:\/\/now-news.de\/de\/?s={search_term_string}\"},\"query-input\":\"required name=search_term_string\"}],\"inLanguage\":\"de\"},{\"@type\":\"Organization\",\"@id\":\"https:\/\/now-news.de\/de\/#organization\",\"name\":\"Just Now News\",\"url\":\"https:\/\/now-news.de\/de\/\",\"logo\":{\"@type\":\"ImageObject\",\"inLanguage\":\"de\",\"@id\":\"https:\/\/now-news.de\/de\/#\/schema\/logo\/image\/\",\"url\":\"http:\/\/just-now.news\/de\/wp-content\/uploads\/sites\/3\/2022\/04\/logo500x500.jpg\",\"contentUrl\":\"http:\/\/just-now.news\/de\/wp-content\/uploads\/sites\/3\/2022\/04\/logo500x500.jpg\",\"width\":500,\"height\":500,\"caption\":\"Just Now News\"},\"image\":{\"@id\":\"https:\/\/now-news.de\/de\/#\/schema\/logo\/image\/\"},\"sameAs\":[\"https:\/\/www.facebook.com\/wirmachenauf\",\"https:\/\/x.com\/WirMachenAuf_de\"]},{\"@type\":\"Person\",\"@id\":\"https:\/\/now-news.de\/de\/#\/schema\/person\/fb534a4e865501d8b3285208df34a9b5\",\"name\":\"rtnews\",\"image\":{\"@type\":\"ImageObject\",\"inLanguage\":\"de\",\"@id\":\"https:\/\/now-news.de\/de\/#\/schema\/person\/image\/\",\"url\":\"https:\/\/secure.gravatar.com\/avatar\/82aafea7d8127119dd649515f56e2117?s=96&d=mm&r=g\",\"contentUrl\":\"https:\/\/secure.gravatar.com\/avatar\/82aafea7d8127119dd649515f56e2117?s=96&d=mm&r=g\",\"caption\":\"rtnews\"},\"url\":\"https:\/\/now-news.de\/de\/author\/rnews\/\"}]}<\/script>\n<!-- \/ Yoast SEO Premium plugin. -->","yoast_head_json":{"title":"Rostow-Gouverneur: Wagner-K\u00e4mpfer ziehen sich in Feldlager zur\u00fcck - just-now.NEWS Deutschland","robots":{"index":"index","follow":"follow","max-snippet":"max-snippet:-1","max-image-preview":"max-image-preview:large","max-video-preview":"max-video-preview:-1"},"canonical":"https:\/\/now-news.de\/de\/deutschland\/rostow-gouverneur-wagner-kaempfer-ziehen-sich-in-feldlager-zurueck\/","og_locale":"de_DE","og_type":"article","og_title":"Rostow-Gouverneur: Wagner-K\u00e4mpfer ziehen sich in Feldlager zur\u00fcck","og_description":"In der Nacht zum Sonntag teilte der Gouverneur des Gebiets Rostow mit, dass die Wagner-K\u00e4mpfer die Stadt Rostow am Don verlassen haben. Doch die Folgen der gestrigen Ereignisse bleiben: 10.000 Quadratmeter Stra\u00dfenoberfl\u00e4che wurden besch\u00e4digt. Wagner-K\u00e4mpfer haben die Stadt Rostow am Don verlassen und sich in Feldlager zur\u00fcckgezogen, teilte der Gouverneur des Gebiets Rostow, Wassili Golubew, [&hellip;]","og_url":"https:\/\/now-news.de\/de\/deutschland\/rostow-gouverneur-wagner-kaempfer-ziehen-sich-in-feldlager-zurueck\/","og_site_name":"just-now.NEWS Deutschland","article_publisher":"https:\/\/www.facebook.com\/wirmachenauf","article_published_time":"2023-06-25T10:25:47+00:00","og_image":[{"width":460,"height":259,"url":"https:\/\/now-news.de\/de\/wp-content\/uploads\/sites\/3\/2023\/06\/Rostow-Gouverneur-Wagner-Kaempfer-ziehen-sich-in-Feldlager-zurueck.jpg","type":"image\/jpeg"}],"author":"rtnews","twitter_card":"summary_large_image","twitter_creator":"@WirMachenAuf_de","twitter_site":"@WirMachenAuf_de","twitter_misc":{"Verfasst von":"rtnews","Gesch\u00e4tzte Lesezeit":"1\u00a0Minute"},"schema":{"@context":"https:\/\/schema.org","@graph":[{"@type":"Article","@id":"https:\/\/now-news.de\/de\/deutschland\/rostow-gouverneur-wagner-kaempfer-ziehen-sich-in-feldlager-zurueck\/#article","isPartOf":{"@id":"https:\/\/now-news.de\/de\/deutschland\/rostow-gouverneur-wagner-kaempfer-ziehen-sich-in-feldlager-zurueck\/"},"author":{"name":"rtnews","@id":"https:\/\/now-news.de\/de\/#\/schema\/person\/fb534a4e865501d8b3285208df34a9b5"},"headline":"Rostow-Gouverneur: Wagner-K\u00e4mpfer ziehen sich in Feldlager zur\u00fcck","datePublished":"2023-06-25T10:25:47+00:00","dateModified":"2023-06-25T10:25:47+00:00","mainEntityOfPage":{"@id":"https:\/\/now-news.de\/de\/deutschland\/rostow-gouverneur-wagner-kaempfer-ziehen-sich-in-feldlager-zurueck\/"},"wordCount":270,"commentCount":0,"publisher":{"@id":"https:\/\/now-news.de\/de\/#organization"},"image":{"@id":"https:\/\/now-news.de\/de\/deutschland\/rostow-gouverneur-wagner-kaempfer-ziehen-sich-in-feldlager-zurueck\/#primaryimage"},"thumbnailUrl":"https:\/\/now-news.de\/de\/wp-content\/uploads\/sites\/3\/2023\/06\/Rostow-Gouverneur-Wagner-Kaempfer-ziehen-sich-in-Feldlager-zurueck.jpg","keywords":["Feldlager","RostowGouverneur","sich","WagnerK\u00e4mpfer","ziehen","zur\u00fcck"],"articleSection":["Deutschland","Russland"],"inLanguage":"de","potentialAction":[{"@type":"CommentAction","name":"Comment","target":["https:\/\/now-news.de\/de\/deutschland\/rostow-gouverneur-wagner-kaempfer-ziehen-sich-in-feldlager-zurueck\/#respond"]}]},{"@type":"WebPage","@id":"https:\/\/now-news.de\/de\/deutschland\/rostow-gouverneur-wagner-kaempfer-ziehen-sich-in-feldlager-zurueck\/","url":"https:\/\/now-news.de\/de\/deutschland\/rostow-gouverneur-wagner-kaempfer-ziehen-sich-in-feldlager-zurueck\/","name":"Rostow-Gouverneur: Wagner-K\u00e4mpfer ziehen sich in Feldlager zur\u00fcck - just-now.NEWS Deutschland","isPartOf":{"@id":"https:\/\/now-news.de\/de\/#website"},"primaryImageOfPage":{"@id":"https:\/\/now-news.de\/de\/deutschland\/rostow-gouverneur-wagner-kaempfer-ziehen-sich-in-feldlager-zurueck\/#primaryimage"},"image":{"@id":"https:\/\/now-news.de\/de\/deutschland\/rostow-gouverneur-wagner-kaempfer-ziehen-sich-in-feldlager-zurueck\/#primaryimage"},"thumbnailUrl":"https:\/\/now-news.de\/de\/wp-content\/uploads\/sites\/3\/2023\/06\/Rostow-Gouverneur-Wagner-Kaempfer-ziehen-sich-in-Feldlager-zurueck.jpg","datePublished":"2023-06-25T10:25:47+00:00","dateModified":"2023-06-25T10:25:47+00:00","breadcrumb":{"@id":"https:\/\/now-news.de\/de\/deutschland\/rostow-gouverneur-wagner-kaempfer-ziehen-sich-in-feldlager-zurueck\/#breadcrumb"},"inLanguage":"de","potentialAction":[{"@type":"ReadAction","target":["https:\/\/now-news.de\/de\/deutschland\/rostow-gouverneur-wagner-kaempfer-ziehen-sich-in-feldlager-zurueck\/"]}]},{"@type":"ImageObject","inLanguage":"de","@id":"https:\/\/now-news.de\/de\/deutschland\/rostow-gouverneur-wagner-kaempfer-ziehen-sich-in-feldlager-zurueck\/#primaryimage","url":"https:\/\/now-news.de\/de\/wp-content\/uploads\/sites\/3\/2023\/06\/Rostow-Gouverneur-Wagner-Kaempfer-ziehen-sich-in-Feldlager-zurueck.jpg","contentUrl":"https:\/\/now-news.de\/de\/wp-content\/uploads\/sites\/3\/2023\/06\/Rostow-Gouverneur-Wagner-Kaempfer-ziehen-sich-in-Feldlager-zurueck.jpg","width":460,"height":259,"caption":"Rostow-Gouverneur: Wagner-K\u00e4mpfer ziehen sich in Feldlager zur\u00fcck"},{"@type":"BreadcrumbList","@id":"https:\/\/now-news.de\/de\/deutschland\/rostow-gouverneur-wagner-kaempfer-ziehen-sich-in-feldlager-zurueck\/#breadcrumb","itemListElement":[{"@type":"ListItem","position":1,"name":"Home","item":"https:\/\/now-news.de\/de\/"},{"@type":"ListItem","position":2,"name":"Rostow-Gouverneur: Wagner-K\u00e4mpfer ziehen sich in Feldlager zur\u00fcck"}]},{"@type":"WebSite","@id":"https:\/\/now-news.de\/de\/#website","url":"https:\/\/now-news.de\/de\/","name":"just-now.NEWS Deutschland","description":"Das Portal f\u00fcr unzensierte Nachrichten aus der Welt","publisher":{"@id":"https:\/\/now-news.de\/de\/#organization"},"potentialAction":[{"@type":"SearchAction","target":{"@type":"EntryPoint","urlTemplate":"https:\/\/now-news.de\/de\/?s={search_term_string}"},"query-input":"required name=search_term_string"}],"inLanguage":"de"},{"@type":"Organization","@id":"https:\/\/now-news.de\/de\/#organization","name":"Just Now News","url":"https:\/\/now-news.de\/de\/","logo":{"@type":"ImageObject","inLanguage":"de","@id":"https:\/\/now-news.de\/de\/#\/schema\/logo\/image\/","url":"http:\/\/just-now.news\/de\/wp-content\/uploads\/sites\/3\/2022\/04\/logo500x500.jpg","contentUrl":"http:\/\/just-now.news\/de\/wp-content\/uploads\/sites\/3\/2022\/04\/logo500x500.jpg","width":500,"height":500,"caption":"Just Now News"},"image":{"@id":"https:\/\/now-news.de\/de\/#\/schema\/logo\/image\/"},"sameAs":["https:\/\/www.facebook.com\/wirmachenauf","https:\/\/x.com\/WirMachenAuf_de"]},{"@type":"Person","@id":"https:\/\/now-news.de\/de\/#\/schema\/person\/fb534a4e865501d8b3285208df34a9b5","name":"rtnews","image":{"@type":"ImageObject","inLanguage":"de","@id":"https:\/\/now-news.de\/de\/#\/schema\/person\/image\/","url":"https:\/\/secure.gravatar.com\/avatar\/82aafea7d8127119dd649515f56e2117?s=96&d=mm&r=g","contentUrl":"https:\/\/secure.gravatar.com\/avatar\/82aafea7d8127119dd649515f56e2117?s=96&d=mm&r=g","caption":"rtnews"},"url":"https:\/\/now-news.de\/de\/author\/rnews\/"}]}},"_links":{"self":[{"href":"https:\/\/now-news.de\/de\/wp-json\/wp\/v2\/posts\/38866"}],"collection":[{"href":"https:\/\/now-news.de\/de\/wp-json\/wp\/v2\/posts"}],"about":[{"href":"https:\/\/now-news.de\/de\/wp-json\/wp\/v2\/types\/post"}],"author":[{"embeddable":true,"href":"https:\/\/now-news.de\/de\/wp-json\/wp\/v2\/users\/3"}],"replies":[{"embeddable":true,"href":"https:\/\/now-news.de\/de\/wp-json\/wp\/v2\/comments?post=38866"}],"version-history":[{"count":0,"href":"https:\/\/now-news.de\/de\/wp-json\/wp\/v2\/posts\/38866\/revisions"}],"wp:featuredmedia":[{"embeddable":true,"href":"https:\/\/now-news.de\/de\/wp-json\/wp\/v2\/media\/38867"}],"wp:attachment":[{"href":"https:\/\/now-news.de\/de\/wp-json\/wp\/v2\/media?parent=38866"}],"wp:term":[{"taxonomy":"category","embeddable":true,"href":"https:\/\/now-news.de\/de\/wp-json\/wp\/v2\/categories?post=38866"},{"taxonomy":"post_tag","embeddable":true,"href":"https:\/\/now-news.de\/de\/wp-json\/wp\/v2\/tags?post=38866"}],"curies":[{"name":"wp","href":"https:\/\/api.w.org\/{rel}","templated":true}]}}