{"id":38794,"date":"2023-06-23T20:54:53","date_gmt":"2023-06-23T18:54:53","guid":{"rendered":"https:\/\/just-now.news\/de\/deutschland\/spitzengespraech-strack-zimmermann-und-wissler-fuehren-scheindebatte-ueber-den-frieden\/"},"modified":"2023-06-23T20:54:53","modified_gmt":"2023-06-23T18:54:53","slug":"spitzengespraech-strack-zimmermann-und-wissler-fuehren-scheindebatte-ueber-den-frieden","status":"publish","type":"post","link":"https:\/\/now-news.de\/de\/deutschland\/spitzengespraech-strack-zimmermann-und-wissler-fuehren-scheindebatte-ueber-den-frieden\/","title":{"rendered":"&quot;Spitzengespr\u00e4ch&quot;: Strack-Zimmermann und Wissler f\u00fchren Scheindebatte \u00fcber den Frieden"},"content":{"rendered":"<p><img decoding=\"async\" src=\"http:\/\/just-now.news\/de\/wp-content\/uploads\/sites\/3\/2023\/06\/6495b55c48fbef25293d271f.png\" \/><\/p>\n<div class=\"Text-root Text-type_1 \">\n                Es war eine Scheindebatte \u00fcber die M\u00f6glichkeiten eines Friedensschlusses in der Ukraine, die der Spiegel als &#8220;Spitzengespr\u00e4ch&#8221; veranstaltete. Dies lag nicht nur an der toxischen Gespr\u00e4chsf\u00fchrung von einem der Teilnehmer, sondern auch an der Parteilichkeit des Moderators.\n            <\/div>\n<p><\/p>\n<div class=\"Text-root Text-type_5 ArticleView-text ViewText-root \">\n<p><em>Von Bj\u00f6rn Kawecki<\/em><\/p>\n<p>Im &#8220;Spitzengespr\u00e4ch&#8221;, einem Diskussionsformat des\u00a0<em>Spiegel<\/em>, haben die Vorsitzende des Verteidigungsausschusses des Bundestages, Marie-Agnes Strack-Zimmermann (FDP), und die Parteivorsitzende der Partei DIE LINKE \u00fcber die M\u00f6glichkeiten eines Friedens im Ukraine-Konflikt gesprochen.<\/p>\n<p>Dass es zu keiner\u00a0echten Debatte kam, war nicht nur Strack-Zimmermanns toxischer Gespr\u00e4chsf\u00fchrung\u00a0geschuldet. Die Linken-Politikerin Wissler erwies sich zudem als schwache Disputantin, die\u00a0angesichts des zunehmenden Drucks\u00a0in zusammenhanglose Monologe verfiel.<\/p>\n<p>Da half es auch nicht, dass Moderator Markus Feldenkirchen statt f\u00fcr mehr Sportlichkeit zu sorgen, die Linken-Chefin noch von der anderen Seite in die Mangel nahm, w\u00e4hrend er Strack-Zimmermanns Schl\u00e4ge unter die G\u00fcrtellinie unkommentiert lie\u00df.<\/p>\n<p><strong>Missbrauch der Debatte f\u00fcr Propaganda<\/strong><\/p>\n<p>Das einzige Argument, das Wissler w\u00e4hrend der 40-min\u00fctigen Diskussion vorbrachte, war, dass es diplomatischen Druck auf die Ukraine und Russland brauche, damit die Parteien die Kampfhandlungen einstellen. Da Russland milit\u00e4risch \u00fcberlegen sei, \u00fcber Kernwaffen und potenziell mehr Soldaten verf\u00fcge, sei eine Entscheidung des Konflikts auf dem Schlachtfeld zugunsten der Ukraine unrealistisch, argumentierte Wissler.<\/p>\n<p>Dass Russland tats\u00e4chlich milit\u00e4risch \u00fcberlegen ist, stellte auch Strack-Zimmermann nicht infrage. Statt jedoch auf diese Sachlage einzugehen, missbrauchte die FDP-Politikerin die Debatte bereits nach wenigen Minuten f\u00fcr ukrainische Propaganda, indem sie behauptete, dass die russische Armee Sperrtruppen einsetzen w\u00fcrde.<\/p>\n<p>Wissler lie\u00df dies unkommentiert und setzte\u00a0erneut bei ihrem Argument an, dass man \u00fcber einen Einstieg in Friedensverhandlungen nachdenken m\u00fcsse, zu deren Beginn lokale Waffenstillst\u00e4nde und die Einrichtung von Schutzzonen um Chemiefabriken und Kernkraftwerke geh\u00f6ren m\u00fcssten.<\/p>\n<p><strong>Friedensinitiativen brauchen Unterst\u00fctzung<\/strong><\/p>\n<p>Auf die Frage von Moderator Feldenkirchen, wer hier die Vermittlerrolle einnehmen k\u00f6nnte, antwortete Wissler richtigerweise, dass Frankreich und Deutschland als Unterst\u00fctzer Kiews ausschieden. Denkbar w\u00e4ren BRICS-Staaten wie Brasilien, S\u00fcdafrika oder China, die bereits Friedensinitiativen gemacht hatten, oder Indonesien. Diese denkbaren Initiativen m\u00fcssten aber die Unterst\u00fctzung der EU oder der USA finden. Eine m\u00f6gliche Plattform k\u00f6nnten die UN liefern.<\/p>\n<p>Sachlicher\u00a0wurde es\u00a0ab hier nicht. Wisslers\u00a0Vorschlag\u00a0enthielt in der Tat einige Fragezeichen. Strack-Zimmermann weigerte sich jedoch, diese zu besprechen, und\u00a0verwarf sie als &#8220;komplette Floskeln&#8221;. Wladimir Putin wolle kein Gespr\u00e4ch, so Strack-Zimmermann, doch viele eher\u00a0zeigte sie, dass sie selbst keines will.<\/p>\n<p>So griff\u00a0Strack-Zimmermann auch erneut zu unbelegten Anschuldigungen gegen die russische Seite: Die Sprengung des Staudamms von Kachowka habe die Ukraine um 80 Jahre zur\u00fcckgeworfen und Moskau lasse nichts aus, um die ukrainische Offensive zu verhindern. Bei was &#8220;zur\u00fcckgeworfen&#8221;, m\u00f6chte man fragen,\u00a0aber Moderator Feldenkirchen pflichtet Strack-Zimmermann\u00a0stattdessen\u00a0bei: &#8220;Das ist sicher.&#8221;<\/p>\n<p><strong>Ukraine muss &#8220;b\u00e4renstark&#8221; werden<\/strong><\/p>\n<p>Doch nicht nur Feldenkirchen machte es Strack-Zimmermann \u00e4u\u00dferst leicht, das Gespr\u00e4ch zu dominieren. Die offensichtlich falschen Behauptungen, dass die St\u00e4dte in der Ost-Ukraine so gut wie alle ausgel\u00f6scht seien und Selenskij vor den &#8220;m\u00f6rderischen Angriffen&#8221; auf die Zivilbev\u00f6lkerung zu Volksbefragungen bereit gewesen w\u00e4re,\u00a0lie\u00df auch Wissler unkommentiert stehen.<\/p>\n<p>Erst als Strack-Zimmermann sagte, dass \u00fcberhaupt erst &#8220;ein T\u00fcrchen&#8221; f\u00fcr Verhandlungen aufgemacht werden k\u00f6nne, wenn die Ukraine &#8220;b\u00e4renstark&#8221; sei, schaltete sich Wissler wieder ein und\u00a0verwies auf den Jugoslawienkrieg, in dem auch Kriegsverbrecher am Verhandlungstisch gesessen h\u00e4tten. Strack-Zimmermann konterte mit Hitler, der nur milit\u00e4risch besiegt werden konnte.<\/p>\n<p>In Moskau m\u00fcsse ankommen, so Strack-Zimmermann, dass man durch den Krieg nicht bekommen werde, was man wolle, n\u00e4mlich &#8220;die komplette Ukraine&#8221;. Wollte Strack-Zimmermann an der Stelle\u00a0etwa\u00a0andeuten, dass Gebietsabtretungen vonseiten Kiews doch denkbar w\u00e4ren?<\/p>\n<p>&#8220;<strong>Friedensaktivisten wie Sahra Wagenknecht?&#8221;<\/strong><\/p>\n<p>Doch Strack-Zimmermann holte schon wieder Luft. Es sei unvorstellbar naiv zu glauben,\u00a0man k\u00f6nne Putin imponieren, indem man &#8220;morgens eine Friedenstaube aus dem Fenster flattern&#8221; lie\u00dfe. Wenigstens\u00a0diese Unterstellung konnte Wissler nicht auf sich sitzen lassen: &#8220;Das werfe ich Ihnen vor, dass Sie das Eintreten f\u00fcr Diplomatie und Verhandlungen ver\u00e4chtlich machen.&#8221; Der Ton zwischen den zwei Frauen wird aggressiver.\u00a0Feldenkirchen schaut weiterhin tr\u00fcbe in die Runde.<\/p>\n<p>Endlich holte Wissler zum Angriff aus und verwies\u00a0auf den Teil der Deutschen, die skeptisch gegen\u00fcber immer weiteren Waffenlieferungen eingestellt ist, auf die Ergebnisse von Friedensforschern und Stellungnahmen von Friedensaktivisten. Doch hier muss man sich fragen, ob Wissler \u00fcberhaupt verstanden hat, mit wem sie debattierte.<\/p>\n<p>Was interessieren Strack-Zimmermann Friedensforscher oder Friedensaktivisten, die\u00a0merklich \u00fcberhaupt nicht zuh\u00f6rte, sondern sich sogleich die n\u00e4chste Polemik \u00fcberlegte, die sich Wissler\u00a0um die Ohren hauen lie\u00df: &#8220;Sie meinen Friedensaktivisten wie Sahra Wagenknecht?&#8221;<\/p>\n<p><strong>Mehr zum Thema\u00a0<\/strong>\u2013\u00a0<a rel=\"nofollow noopener\" target=\"_blank\" href=\"https:\/\/freeassange.rtde.me\/international\/173280-putin-waehlte-perfekten-zeitpunkt-um\/\">Details des Vertragsentwurfs mit der Ukraine zeigen: Schneller Frieden war m\u00f6glich<\/a><\/p>\n<div class=\"EmbedBlock-root EmbedBlock-externalVideo EmbedBlock-odysee\">\n<div class=\"VkEmbed\"><iframe class=\"lazyload\" data-src=\"https:\/\/odysee.com\/%24\/embed\/%40RTDE%3Ae%2Fnato-krigsspiele-litauen-abschreckung-eines-moeglichen-aggressors%3Aa\" frameborder=\"0\" width=\"853\" height=\"480\" allowfullscreen><\/iframe><\/div>\n<\/div>\n<\/div>\n<p><br \/>\n<br \/><a href=\"https:\/\/de.rt.com\/inland\/173425-spitzengespraech-strack-zimmermann-und-wissler\/\">Source link <\/a><\/p>\n","protected":false},"excerpt":{"rendered":"<p>Es war eine Scheindebatte \u00fcber die M\u00f6glichkeiten eines Friedensschlusses in der Ukraine, die der Spiegel als &#8220;Spitzengespr\u00e4ch&#8221; veranstaltete. Dies lag nicht nur an der toxischen Gespr\u00e4chsf\u00fchrung von einem der Teilnehmer, sondern auch an der Parteilichkeit des Moderators. Von Bj\u00f6rn Kawecki Im &#8220;Spitzengespr\u00e4ch&#8221;, einem Diskussionsformat des\u00a0Spiegel, haben die Vorsitzende des Verteidigungsausschusses des Bundestages, Marie-Agnes Strack-Zimmermann (FDP), [&hellip;]<\/p>\n","protected":false},"author":3,"featured_media":38795,"comment_status":"open","ping_status":"open","sticky":false,"template":"","format":"standard","meta":{"_yoast_indexnow_last_ping":["1687546994"],"wp_automatic_camp":["217"],"15498aaef6d653dcee4fb281e83e6c68":["&quot;Spitzengespr\u00e4ch&quot;: Strack-Zimmermann und Wissler f\u00fchren Scheindebatte \u00fcber den Frieden"],"original_link":["https:\/\/de.rt.com\/inland\/173425-spitzengespraech-strack-zimmermann-und-wissler\/"],"_thumbnail_id":["38795"],"_wptgpro_p2tg_sent2tg":["a:1:{i:23737;s:19:\"2023-06-23 21:04:18\";}"],"jnews_social_counter_last_update":["1777371172"]},"categories":[19,23],"tags":[48,614,1402,45992,40068,16588,139,140,32626],"yoast_head":"<!-- This site is optimized with the Yoast SEO Premium plugin v22.7 (Yoast SEO v22.7) - https:\/\/yoast.com\/wordpress\/plugins\/seo\/ -->\n<title>&quot;Spitzengespr\u00e4ch&quot;: Strack-Zimmermann und Wissler f\u00fchren Scheindebatte \u00fcber den Frieden - just-now.NEWS Deutschland<\/title>\n<meta name=\"robots\" content=\"index, follow, max-snippet:-1, max-image-preview:large, max-video-preview:-1\" \/>\n<link rel=\"canonical\" href=\"https:\/\/now-news.de\/de\/deutschland\/spitzengespraech-strack-zimmermann-und-wissler-fuehren-scheindebatte-ueber-den-frieden\/\" \/>\n<meta property=\"og:locale\" content=\"de_DE\" \/>\n<meta property=\"og:type\" content=\"article\" \/>\n<meta property=\"og:title\" content=\"&quot;Spitzengespr\u00e4ch&quot;: Strack-Zimmermann und Wissler f\u00fchren Scheindebatte \u00fcber den Frieden\" \/>\n<meta property=\"og:description\" content=\"Es war eine Scheindebatte \u00fcber die M\u00f6glichkeiten eines Friedensschlusses in der Ukraine, die der Spiegel als &#8220;Spitzengespr\u00e4ch&#8221; veranstaltete. Dies lag nicht nur an der toxischen Gespr\u00e4chsf\u00fchrung von einem der Teilnehmer, sondern auch an der Parteilichkeit des Moderators. Von Bj\u00f6rn Kawecki Im &#8220;Spitzengespr\u00e4ch&#8221;, einem Diskussionsformat des\u00a0Spiegel, haben die Vorsitzende des Verteidigungsausschusses des Bundestages, Marie-Agnes Strack-Zimmermann (FDP), [&hellip;]\" \/>\n<meta property=\"og:url\" content=\"https:\/\/now-news.de\/de\/deutschland\/spitzengespraech-strack-zimmermann-und-wissler-fuehren-scheindebatte-ueber-den-frieden\/\" \/>\n<meta property=\"og:site_name\" content=\"just-now.NEWS Deutschland\" \/>\n<meta property=\"article:publisher\" content=\"https:\/\/www.facebook.com\/wirmachenauf\" \/>\n<meta property=\"article:published_time\" content=\"2023-06-23T18:54:53+00:00\" \/>\n<meta property=\"og:image\" content=\"https:\/\/now-news.de\/de\/wp-content\/uploads\/sites\/3\/2023\/06\/quotSpitzengespraechquot-Strack-Zimmermann-und-Wissler-fuehren-Scheindebatte-ueber-den-Frieden.png\" \/>\n\t<meta property=\"og:image:width\" content=\"460\" \/>\n\t<meta property=\"og:image:height\" content=\"259\" \/>\n\t<meta property=\"og:image:type\" content=\"image\/png\" \/>\n<meta name=\"author\" content=\"rtnews\" \/>\n<meta name=\"twitter:card\" content=\"summary_large_image\" \/>\n<meta name=\"twitter:creator\" content=\"@WirMachenAuf_de\" \/>\n<meta name=\"twitter:site\" content=\"@WirMachenAuf_de\" \/>\n<meta name=\"twitter:label1\" content=\"Verfasst von\" \/>\n\t<meta name=\"twitter:data1\" content=\"rtnews\" \/>\n\t<meta name=\"twitter:label2\" content=\"Gesch\u00e4tzte Lesezeit\" \/>\n\t<meta name=\"twitter:data2\" content=\"4\u00a0Minuten\" \/>\n<script type=\"application\/ld+json\" class=\"yoast-schema-graph\">{\"@context\":\"https:\/\/schema.org\",\"@graph\":[{\"@type\":\"Article\",\"@id\":\"https:\/\/now-news.de\/de\/deutschland\/spitzengespraech-strack-zimmermann-und-wissler-fuehren-scheindebatte-ueber-den-frieden\/#article\",\"isPartOf\":{\"@id\":\"https:\/\/now-news.de\/de\/deutschland\/spitzengespraech-strack-zimmermann-und-wissler-fuehren-scheindebatte-ueber-den-frieden\/\"},\"author\":{\"name\":\"rtnews\",\"@id\":\"https:\/\/now-news.de\/de\/#\/schema\/person\/fb534a4e865501d8b3285208df34a9b5\"},\"headline\":\"&quot;Spitzengespr\u00e4ch&quot;: Strack-Zimmermann und Wissler f\u00fchren Scheindebatte \u00fcber den Frieden\",\"datePublished\":\"2023-06-23T18:54:53+00:00\",\"dateModified\":\"2023-06-23T18:54:53+00:00\",\"mainEntityOfPage\":{\"@id\":\"https:\/\/now-news.de\/de\/deutschland\/spitzengespraech-strack-zimmermann-und-wissler-fuehren-scheindebatte-ueber-den-frieden\/\"},\"wordCount\":803,\"commentCount\":0,\"publisher\":{\"@id\":\"https:\/\/now-news.de\/de\/#organization\"},\"image\":{\"@id\":\"https:\/\/now-news.de\/de\/deutschland\/spitzengespraech-strack-zimmermann-und-wissler-fuehren-scheindebatte-ueber-den-frieden\/#primaryimage\"},\"thumbnailUrl\":\"https:\/\/now-news.de\/de\/wp-content\/uploads\/sites\/3\/2023\/06\/quotSpitzengespraechquot-Strack-Zimmermann-und-Wissler-fuehren-Scheindebatte-ueber-den-Frieden.png\",\"keywords\":[\"den\",\"Frieden\",\"f\u00fchren\",\"quotSpitzengespr\u00e4chquot\",\"Scheindebatte\",\"StrackZimmermann\",\"\u00fcber\",\"und\",\"Wissler\"],\"articleSection\":[\"Deutschland\",\"Russland\"],\"inLanguage\":\"de\",\"potentialAction\":[{\"@type\":\"CommentAction\",\"name\":\"Comment\",\"target\":[\"https:\/\/now-news.de\/de\/deutschland\/spitzengespraech-strack-zimmermann-und-wissler-fuehren-scheindebatte-ueber-den-frieden\/#respond\"]}]},{\"@type\":\"WebPage\",\"@id\":\"https:\/\/now-news.de\/de\/deutschland\/spitzengespraech-strack-zimmermann-und-wissler-fuehren-scheindebatte-ueber-den-frieden\/\",\"url\":\"https:\/\/now-news.de\/de\/deutschland\/spitzengespraech-strack-zimmermann-und-wissler-fuehren-scheindebatte-ueber-den-frieden\/\",\"name\":\"&quot;Spitzengespr\u00e4ch&quot;: Strack-Zimmermann und Wissler f\u00fchren Scheindebatte \u00fcber den Frieden - just-now.NEWS Deutschland\",\"isPartOf\":{\"@id\":\"https:\/\/now-news.de\/de\/#website\"},\"primaryImageOfPage\":{\"@id\":\"https:\/\/now-news.de\/de\/deutschland\/spitzengespraech-strack-zimmermann-und-wissler-fuehren-scheindebatte-ueber-den-frieden\/#primaryimage\"},\"image\":{\"@id\":\"https:\/\/now-news.de\/de\/deutschland\/spitzengespraech-strack-zimmermann-und-wissler-fuehren-scheindebatte-ueber-den-frieden\/#primaryimage\"},\"thumbnailUrl\":\"https:\/\/now-news.de\/de\/wp-content\/uploads\/sites\/3\/2023\/06\/quotSpitzengespraechquot-Strack-Zimmermann-und-Wissler-fuehren-Scheindebatte-ueber-den-Frieden.png\",\"datePublished\":\"2023-06-23T18:54:53+00:00\",\"dateModified\":\"2023-06-23T18:54:53+00:00\",\"breadcrumb\":{\"@id\":\"https:\/\/now-news.de\/de\/deutschland\/spitzengespraech-strack-zimmermann-und-wissler-fuehren-scheindebatte-ueber-den-frieden\/#breadcrumb\"},\"inLanguage\":\"de\",\"potentialAction\":[{\"@type\":\"ReadAction\",\"target\":[\"https:\/\/now-news.de\/de\/deutschland\/spitzengespraech-strack-zimmermann-und-wissler-fuehren-scheindebatte-ueber-den-frieden\/\"]}]},{\"@type\":\"ImageObject\",\"inLanguage\":\"de\",\"@id\":\"https:\/\/now-news.de\/de\/deutschland\/spitzengespraech-strack-zimmermann-und-wissler-fuehren-scheindebatte-ueber-den-frieden\/#primaryimage\",\"url\":\"https:\/\/now-news.de\/de\/wp-content\/uploads\/sites\/3\/2023\/06\/quotSpitzengespraechquot-Strack-Zimmermann-und-Wissler-fuehren-Scheindebatte-ueber-den-Frieden.png\",\"contentUrl\":\"https:\/\/now-news.de\/de\/wp-content\/uploads\/sites\/3\/2023\/06\/quotSpitzengespraechquot-Strack-Zimmermann-und-Wissler-fuehren-Scheindebatte-ueber-den-Frieden.png\",\"width\":460,\"height\":259,\"caption\":\"&quot;Spitzengespr\u00e4ch&quot;: Strack-Zimmermann und Wissler f\u00fchren Scheindebatte \u00fcber den Frieden\"},{\"@type\":\"BreadcrumbList\",\"@id\":\"https:\/\/now-news.de\/de\/deutschland\/spitzengespraech-strack-zimmermann-und-wissler-fuehren-scheindebatte-ueber-den-frieden\/#breadcrumb\",\"itemListElement\":[{\"@type\":\"ListItem\",\"position\":1,\"name\":\"Home\",\"item\":\"https:\/\/now-news.de\/de\/\"},{\"@type\":\"ListItem\",\"position\":2,\"name\":\"&quot;Spitzengespr\u00e4ch&quot;: Strack-Zimmermann und Wissler f\u00fchren Scheindebatte \u00fcber den Frieden\"}]},{\"@type\":\"WebSite\",\"@id\":\"https:\/\/now-news.de\/de\/#website\",\"url\":\"https:\/\/now-news.de\/de\/\",\"name\":\"just-now.NEWS Deutschland\",\"description\":\"Das Portal f\u00fcr unzensierte Nachrichten aus der Welt\",\"publisher\":{\"@id\":\"https:\/\/now-news.de\/de\/#organization\"},\"potentialAction\":[{\"@type\":\"SearchAction\",\"target\":{\"@type\":\"EntryPoint\",\"urlTemplate\":\"https:\/\/now-news.de\/de\/?s={search_term_string}\"},\"query-input\":\"required name=search_term_string\"}],\"inLanguage\":\"de\"},{\"@type\":\"Organization\",\"@id\":\"https:\/\/now-news.de\/de\/#organization\",\"name\":\"Just Now News\",\"url\":\"https:\/\/now-news.de\/de\/\",\"logo\":{\"@type\":\"ImageObject\",\"inLanguage\":\"de\",\"@id\":\"https:\/\/now-news.de\/de\/#\/schema\/logo\/image\/\",\"url\":\"http:\/\/just-now.news\/de\/wp-content\/uploads\/sites\/3\/2022\/04\/logo500x500.jpg\",\"contentUrl\":\"http:\/\/just-now.news\/de\/wp-content\/uploads\/sites\/3\/2022\/04\/logo500x500.jpg\",\"width\":500,\"height\":500,\"caption\":\"Just Now News\"},\"image\":{\"@id\":\"https:\/\/now-news.de\/de\/#\/schema\/logo\/image\/\"},\"sameAs\":[\"https:\/\/www.facebook.com\/wirmachenauf\",\"https:\/\/x.com\/WirMachenAuf_de\"]},{\"@type\":\"Person\",\"@id\":\"https:\/\/now-news.de\/de\/#\/schema\/person\/fb534a4e865501d8b3285208df34a9b5\",\"name\":\"rtnews\",\"image\":{\"@type\":\"ImageObject\",\"inLanguage\":\"de\",\"@id\":\"https:\/\/now-news.de\/de\/#\/schema\/person\/image\/\",\"url\":\"https:\/\/secure.gravatar.com\/avatar\/82aafea7d8127119dd649515f56e2117?s=96&d=mm&r=g\",\"contentUrl\":\"https:\/\/secure.gravatar.com\/avatar\/82aafea7d8127119dd649515f56e2117?s=96&d=mm&r=g\",\"caption\":\"rtnews\"},\"url\":\"https:\/\/now-news.de\/de\/author\/rnews\/\"}]}<\/script>\n<!-- \/ Yoast SEO Premium plugin. -->","yoast_head_json":{"title":"&quot;Spitzengespr\u00e4ch&quot;: Strack-Zimmermann und Wissler f\u00fchren Scheindebatte \u00fcber den Frieden - just-now.NEWS Deutschland","robots":{"index":"index","follow":"follow","max-snippet":"max-snippet:-1","max-image-preview":"max-image-preview:large","max-video-preview":"max-video-preview:-1"},"canonical":"https:\/\/now-news.de\/de\/deutschland\/spitzengespraech-strack-zimmermann-und-wissler-fuehren-scheindebatte-ueber-den-frieden\/","og_locale":"de_DE","og_type":"article","og_title":"&quot;Spitzengespr\u00e4ch&quot;: Strack-Zimmermann und Wissler f\u00fchren Scheindebatte \u00fcber den Frieden","og_description":"Es war eine Scheindebatte \u00fcber die M\u00f6glichkeiten eines Friedensschlusses in der Ukraine, die der Spiegel als &#8220;Spitzengespr\u00e4ch&#8221; veranstaltete. Dies lag nicht nur an der toxischen Gespr\u00e4chsf\u00fchrung von einem der Teilnehmer, sondern auch an der Parteilichkeit des Moderators. Von Bj\u00f6rn Kawecki Im &#8220;Spitzengespr\u00e4ch&#8221;, einem Diskussionsformat des\u00a0Spiegel, haben die Vorsitzende des Verteidigungsausschusses des Bundestages, Marie-Agnes Strack-Zimmermann (FDP), [&hellip;]","og_url":"https:\/\/now-news.de\/de\/deutschland\/spitzengespraech-strack-zimmermann-und-wissler-fuehren-scheindebatte-ueber-den-frieden\/","og_site_name":"just-now.NEWS Deutschland","article_publisher":"https:\/\/www.facebook.com\/wirmachenauf","article_published_time":"2023-06-23T18:54:53+00:00","og_image":[{"width":460,"height":259,"url":"https:\/\/now-news.de\/de\/wp-content\/uploads\/sites\/3\/2023\/06\/quotSpitzengespraechquot-Strack-Zimmermann-und-Wissler-fuehren-Scheindebatte-ueber-den-Frieden.png","type":"image\/png"}],"author":"rtnews","twitter_card":"summary_large_image","twitter_creator":"@WirMachenAuf_de","twitter_site":"@WirMachenAuf_de","twitter_misc":{"Verfasst von":"rtnews","Gesch\u00e4tzte Lesezeit":"4\u00a0Minuten"},"schema":{"@context":"https:\/\/schema.org","@graph":[{"@type":"Article","@id":"https:\/\/now-news.de\/de\/deutschland\/spitzengespraech-strack-zimmermann-und-wissler-fuehren-scheindebatte-ueber-den-frieden\/#article","isPartOf":{"@id":"https:\/\/now-news.de\/de\/deutschland\/spitzengespraech-strack-zimmermann-und-wissler-fuehren-scheindebatte-ueber-den-frieden\/"},"author":{"name":"rtnews","@id":"https:\/\/now-news.de\/de\/#\/schema\/person\/fb534a4e865501d8b3285208df34a9b5"},"headline":"&quot;Spitzengespr\u00e4ch&quot;: Strack-Zimmermann und Wissler f\u00fchren Scheindebatte \u00fcber den Frieden","datePublished":"2023-06-23T18:54:53+00:00","dateModified":"2023-06-23T18:54:53+00:00","mainEntityOfPage":{"@id":"https:\/\/now-news.de\/de\/deutschland\/spitzengespraech-strack-zimmermann-und-wissler-fuehren-scheindebatte-ueber-den-frieden\/"},"wordCount":803,"commentCount":0,"publisher":{"@id":"https:\/\/now-news.de\/de\/#organization"},"image":{"@id":"https:\/\/now-news.de\/de\/deutschland\/spitzengespraech-strack-zimmermann-und-wissler-fuehren-scheindebatte-ueber-den-frieden\/#primaryimage"},"thumbnailUrl":"https:\/\/now-news.de\/de\/wp-content\/uploads\/sites\/3\/2023\/06\/quotSpitzengespraechquot-Strack-Zimmermann-und-Wissler-fuehren-Scheindebatte-ueber-den-Frieden.png","keywords":["den","Frieden","f\u00fchren","quotSpitzengespr\u00e4chquot","Scheindebatte","StrackZimmermann","\u00fcber","und","Wissler"],"articleSection":["Deutschland","Russland"],"inLanguage":"de","potentialAction":[{"@type":"CommentAction","name":"Comment","target":["https:\/\/now-news.de\/de\/deutschland\/spitzengespraech-strack-zimmermann-und-wissler-fuehren-scheindebatte-ueber-den-frieden\/#respond"]}]},{"@type":"WebPage","@id":"https:\/\/now-news.de\/de\/deutschland\/spitzengespraech-strack-zimmermann-und-wissler-fuehren-scheindebatte-ueber-den-frieden\/","url":"https:\/\/now-news.de\/de\/deutschland\/spitzengespraech-strack-zimmermann-und-wissler-fuehren-scheindebatte-ueber-den-frieden\/","name":"&quot;Spitzengespr\u00e4ch&quot;: Strack-Zimmermann und Wissler f\u00fchren Scheindebatte \u00fcber den Frieden - just-now.NEWS Deutschland","isPartOf":{"@id":"https:\/\/now-news.de\/de\/#website"},"primaryImageOfPage":{"@id":"https:\/\/now-news.de\/de\/deutschland\/spitzengespraech-strack-zimmermann-und-wissler-fuehren-scheindebatte-ueber-den-frieden\/#primaryimage"},"image":{"@id":"https:\/\/now-news.de\/de\/deutschland\/spitzengespraech-strack-zimmermann-und-wissler-fuehren-scheindebatte-ueber-den-frieden\/#primaryimage"},"thumbnailUrl":"https:\/\/now-news.de\/de\/wp-content\/uploads\/sites\/3\/2023\/06\/quotSpitzengespraechquot-Strack-Zimmermann-und-Wissler-fuehren-Scheindebatte-ueber-den-Frieden.png","datePublished":"2023-06-23T18:54:53+00:00","dateModified":"2023-06-23T18:54:53+00:00","breadcrumb":{"@id":"https:\/\/now-news.de\/de\/deutschland\/spitzengespraech-strack-zimmermann-und-wissler-fuehren-scheindebatte-ueber-den-frieden\/#breadcrumb"},"inLanguage":"de","potentialAction":[{"@type":"ReadAction","target":["https:\/\/now-news.de\/de\/deutschland\/spitzengespraech-strack-zimmermann-und-wissler-fuehren-scheindebatte-ueber-den-frieden\/"]}]},{"@type":"ImageObject","inLanguage":"de","@id":"https:\/\/now-news.de\/de\/deutschland\/spitzengespraech-strack-zimmermann-und-wissler-fuehren-scheindebatte-ueber-den-frieden\/#primaryimage","url":"https:\/\/now-news.de\/de\/wp-content\/uploads\/sites\/3\/2023\/06\/quotSpitzengespraechquot-Strack-Zimmermann-und-Wissler-fuehren-Scheindebatte-ueber-den-Frieden.png","contentUrl":"https:\/\/now-news.de\/de\/wp-content\/uploads\/sites\/3\/2023\/06\/quotSpitzengespraechquot-Strack-Zimmermann-und-Wissler-fuehren-Scheindebatte-ueber-den-Frieden.png","width":460,"height":259,"caption":"&quot;Spitzengespr\u00e4ch&quot;: Strack-Zimmermann und Wissler f\u00fchren Scheindebatte \u00fcber den Frieden"},{"@type":"BreadcrumbList","@id":"https:\/\/now-news.de\/de\/deutschland\/spitzengespraech-strack-zimmermann-und-wissler-fuehren-scheindebatte-ueber-den-frieden\/#breadcrumb","itemListElement":[{"@type":"ListItem","position":1,"name":"Home","item":"https:\/\/now-news.de\/de\/"},{"@type":"ListItem","position":2,"name":"&quot;Spitzengespr\u00e4ch&quot;: Strack-Zimmermann und Wissler f\u00fchren Scheindebatte \u00fcber den Frieden"}]},{"@type":"WebSite","@id":"https:\/\/now-news.de\/de\/#website","url":"https:\/\/now-news.de\/de\/","name":"just-now.NEWS Deutschland","description":"Das Portal f\u00fcr unzensierte Nachrichten aus der Welt","publisher":{"@id":"https:\/\/now-news.de\/de\/#organization"},"potentialAction":[{"@type":"SearchAction","target":{"@type":"EntryPoint","urlTemplate":"https:\/\/now-news.de\/de\/?s={search_term_string}"},"query-input":"required name=search_term_string"}],"inLanguage":"de"},{"@type":"Organization","@id":"https:\/\/now-news.de\/de\/#organization","name":"Just Now News","url":"https:\/\/now-news.de\/de\/","logo":{"@type":"ImageObject","inLanguage":"de","@id":"https:\/\/now-news.de\/de\/#\/schema\/logo\/image\/","url":"http:\/\/just-now.news\/de\/wp-content\/uploads\/sites\/3\/2022\/04\/logo500x500.jpg","contentUrl":"http:\/\/just-now.news\/de\/wp-content\/uploads\/sites\/3\/2022\/04\/logo500x500.jpg","width":500,"height":500,"caption":"Just Now News"},"image":{"@id":"https:\/\/now-news.de\/de\/#\/schema\/logo\/image\/"},"sameAs":["https:\/\/www.facebook.com\/wirmachenauf","https:\/\/x.com\/WirMachenAuf_de"]},{"@type":"Person","@id":"https:\/\/now-news.de\/de\/#\/schema\/person\/fb534a4e865501d8b3285208df34a9b5","name":"rtnews","image":{"@type":"ImageObject","inLanguage":"de","@id":"https:\/\/now-news.de\/de\/#\/schema\/person\/image\/","url":"https:\/\/secure.gravatar.com\/avatar\/82aafea7d8127119dd649515f56e2117?s=96&d=mm&r=g","contentUrl":"https:\/\/secure.gravatar.com\/avatar\/82aafea7d8127119dd649515f56e2117?s=96&d=mm&r=g","caption":"rtnews"},"url":"https:\/\/now-news.de\/de\/author\/rnews\/"}]}},"_links":{"self":[{"href":"https:\/\/now-news.de\/de\/wp-json\/wp\/v2\/posts\/38794"}],"collection":[{"href":"https:\/\/now-news.de\/de\/wp-json\/wp\/v2\/posts"}],"about":[{"href":"https:\/\/now-news.de\/de\/wp-json\/wp\/v2\/types\/post"}],"author":[{"embeddable":true,"href":"https:\/\/now-news.de\/de\/wp-json\/wp\/v2\/users\/3"}],"replies":[{"embeddable":true,"href":"https:\/\/now-news.de\/de\/wp-json\/wp\/v2\/comments?post=38794"}],"version-history":[{"count":0,"href":"https:\/\/now-news.de\/de\/wp-json\/wp\/v2\/posts\/38794\/revisions"}],"wp:featuredmedia":[{"embeddable":true,"href":"https:\/\/now-news.de\/de\/wp-json\/wp\/v2\/media\/38795"}],"wp:attachment":[{"href":"https:\/\/now-news.de\/de\/wp-json\/wp\/v2\/media?parent=38794"}],"wp:term":[{"taxonomy":"category","embeddable":true,"href":"https:\/\/now-news.de\/de\/wp-json\/wp\/v2\/categories?post=38794"},{"taxonomy":"post_tag","embeddable":true,"href":"https:\/\/now-news.de\/de\/wp-json\/wp\/v2\/tags?post=38794"}],"curies":[{"name":"wp","href":"https:\/\/api.w.org\/{rel}","templated":true}]}}