{"id":38776,"date":"2023-06-23T17:22:53","date_gmt":"2023-06-23T15:22:53","guid":{"rendered":"https:\/\/just-now.news\/de\/deutschland\/schluesselpartner-in-nahost-putin-fuehrt-gespraeche-mit-katars-premierminister\/"},"modified":"2023-06-23T17:22:53","modified_gmt":"2023-06-23T15:22:53","slug":"schluesselpartner-in-nahost-putin-fuehrt-gespraeche-mit-katars-premierminister","status":"publish","type":"post","link":"https:\/\/now-news.de\/de\/deutschland\/schluesselpartner-in-nahost-putin-fuehrt-gespraeche-mit-katars-premierminister\/","title":{"rendered":"&quot;Schl\u00fcsselpartner&quot; in Nahost: Putin f\u00fchrt Gespr\u00e4che mit Katars Premierminister"},"content":{"rendered":"<p><img decoding=\"async\" src=\"http:\/\/just-now.news\/de\/wp-content\/uploads\/sites\/3\/2023\/06\/64958d9d48fbef046e7ea95c.jpg\" \/><\/p>\n<div class=\"Text-root Text-type_1 \">\n                Am Donnerstag traf Katars Premierminister auf Russlands Pr\u00e4sidenten Putin. In den Gespr\u00e4chen ging es um die wachsende Zusammenarbeit beider Staaten. Das Golfk\u00f6nigreich Katar hat in den letzten Monaten die Beziehungen zu weiteren US-Rivalen in Asien erheblich vertieft.\n            <\/div>\n<p><\/p>\n<div class=\"Text-root Text-type_5 ArticleView-text ViewText-root \">\n<p>Der russische Pr\u00e4sident Wladimir Putin traf am\u00a0Donnerstag in Moskau mit dem katarischen Premierminister Mohammed bin Abdulrahman Al Thani zusammen.<\/p>\n<p>W\u00e4hrend ihres Gespr\u00e4chs erkl\u00e4rte der russische Staatschef, dass das &#8220;volle Potenzial der Zusammenarbeit&#8221; zwischen den beiden L\u00e4ndern &#8220;noch nicht ausgesch\u00f6pft&#8221; sei, und zeigte sich an einer Ausweitung der Zusammenarbeit interessiert.<\/p>\n<div class=\"EmbedBlock-root EmbedBlock-twitter\">\n<div class=\"TwitterEmbed\">\n<blockquote class=\"twitter-tweet lazyload\" data-twitter=\"twitter-tweet\">\n<p lang=\"en\" dir=\"ltr\"><a rel=\"nofollow noopener\" target=\"_blank\" href=\"https:\/\/twitter.com\/hashtag\/BREAKING?src=hash&amp;ref_src=twsrc%5Etfw\">#BREAKING<\/a><a rel=\"nofollow noopener\" target=\"_blank\" href=\"https:\/\/twitter.com\/hashtag\/Russia?src=hash&amp;ref_src=twsrc%5Etfw\">#Russia<\/a><a rel=\"nofollow noopener\" target=\"_blank\" href=\"https:\/\/twitter.com\/hashtag\/Qatar?src=hash&amp;ref_src=twsrc%5Etfw\">#Qatar<\/a> Vladimir Putin holds talks with Prime Minister and Foreign Minister of Qatar Mohammed bin Abdul Rahman Al Thani in MoscowSource: Smotri media <a rel=\"nofollow noopener\" target=\"_blank\" href=\"https:\/\/t.co\/R9hdlzKmrk\">pic.twitter.com\/R9hdlzKmrk<\/a><\/p>\n<p>\u2014 National Independent (@NationalIndNews) <a rel=\"nofollow noopener\" target=\"_blank\" href=\"https:\/\/twitter.com\/NationalIndNews\/status\/1671848957192945664?ref_src=twsrc%5Etfw\">June 22, 2023<\/a><\/p><\/blockquote>\n<\/div>\n<\/div>\n<p>Putin\u00a0unterstrich\u00a0beim Treffen, dass eine\u00a0&#8220;auf sehr hohem Niveau&#8221; befindliche katarische Delegation auf dem Internationalen Wirtschaftsforum in St. Petersburg anwesend war, bevor er die erfolgreiche Arbeit des Russischen Investitionsfonds mit der &#8220;Qatar Investment Agency&#8221; hervorhob.<\/p>\n<p>Der katarische Beamte begr\u00fc\u00dfte seinerseits die wachsenden Beziehungen des Golfk\u00f6nigreichs zu Russland und \u00fcberbrachte eine Botschaft des Emirs von Katar, Tamim bin Hamad Al Thani: &#8220;Ich bin heute mit einer Botschaft des Emirs von Katar hierher gekommen. Sie betrifft weitere Schritte zur Ausweitung der bilateralen Zusammenarbeit und Koordination&#8221;, sagte er.<\/p>\n<p>Abdulrahman begann seinen Besuch in Russland am Mittwoch mit einem Treffen mit seinem Amtskollegen Michail Mischustin, um &#8220;friedliche Wege&#8221; zur Beendigung des Krieges in der Ukraine zu er\u00f6rtern.\u00a0Gegen\u00fcber <em>Sputnik<\/em> sagte Mischustin, Moskau betrachte Katar als einen &#8220;Schl\u00fcsselpartner&#8221;\u00a0in Nahost und sein Land freue sich auf eine Ausweitung der Zusammenarbeit.<\/p>\n<p>&#8220;Katar und Russland haben eine langfristige strategische Partnerschaft im Energiesektor entwickelt, wobei die katarische Investitionsf\u00f6rderungsagentur der gr\u00f6\u00dfte Anteilseigner der [russischen \u00d6lgesellschaft] Rosneft ist&#8221;, sagte Mischustin. Das Golfk\u00f6nigreich Katar hat in den letzten Monaten die Beziehungen zu anderen US-Rivalen in Asien, n\u00e4mlich zu Iran und China,\u00a0sp\u00fcrbar vertieft.<\/p>\n<p><strong>Mehr zum Thema<\/strong> &#8211; <a rel=\"nofollow noopener\" target=\"_blank\" href=\"https:\/\/de.rt.com\/kurzclips\/video\/170833-katarischer-energieminister-warnt-vor-oel\/\">Katarischer Energieminister warnt vor \u00d6l- und Gasknappheit: &#8220;Europa steht das Schlimmste noch bevor&#8221;<\/a><\/p>\n<div class=\"EmbedBlock-root EmbedBlock-externalVideo EmbedBlock-vk\">\n<div class=\"VkEmbed\"><iframe class=\"lazyload\" data-src=\"https:\/\/vk.com\/video_ext.php?oid=-134310637&amp;id=456267155&amp;hash=3c5d1f7b9127db2f\" frameborder=\"0\" width=\"853\" height=\"480\" allowfullscreen><\/iframe><\/div>\n<\/div>\n<\/div>\n<p><script async src=\"https:\/\/platform.twitter.com\/widgets.js\" charset=\"utf-8\"><\/script><br \/>\n<br \/><br \/>\n<br \/><a href=\"https:\/\/de.rt.com\/asien\/173428-schluesselpartner-in-nahost-putin-fuehrt\/\">Source link <\/a><\/p>\n","protected":false},"excerpt":{"rendered":"<p>Am Donnerstag traf Katars Premierminister auf Russlands Pr\u00e4sidenten Putin. In den Gespr\u00e4chen ging es um die wachsende Zusammenarbeit beider Staaten. Das Golfk\u00f6nigreich Katar hat in den letzten Monaten die Beziehungen zu weiteren US-Rivalen in Asien erheblich vertieft. Der russische Pr\u00e4sident Wladimir Putin traf am\u00a0Donnerstag in Moskau mit dem katarischen Premierminister Mohammed bin Abdulrahman Al Thani [&hellip;]<\/p>\n","protected":false},"author":3,"featured_media":38777,"comment_status":"open","ping_status":"open","sticky":false,"template":"","format":"standard","meta":{"_yoast_indexnow_last_ping":["1687534322"],"wp_automatic_camp":["217"],"c792e63c6c72e3984b914d436dff40a5":["&quot;Schl\u00fcsselpartner&quot; in Nahost: Putin f\u00fchrt Gespr\u00e4che mit Katars Premierminister"],"original_link":["https:\/\/de.rt.com\/asien\/173428-schluesselpartner-in-nahost-putin-fuehrt\/"],"_thumbnail_id":["38777"],"_wptgpro_p2tg_sent2tg":["a:1:{i:23737;s:19:\"2023-06-23 17:33:10\";}"],"jnews_social_counter_last_update":["1777629119"]},"categories":[19,23],"tags":[3525,11231,33910,419,20000,416,125,45984],"yoast_head":"<!-- This site is optimized with the Yoast SEO Premium plugin v22.7 (Yoast SEO v22.7) - https:\/\/yoast.com\/wordpress\/plugins\/seo\/ -->\n<title>&quot;Schl\u00fcsselpartner&quot; in Nahost: Putin f\u00fchrt Gespr\u00e4che mit Katars Premierminister - just-now.NEWS Deutschland<\/title>\n<meta name=\"robots\" content=\"index, follow, max-snippet:-1, max-image-preview:large, max-video-preview:-1\" \/>\n<link rel=\"canonical\" href=\"https:\/\/now-news.de\/de\/deutschland\/schluesselpartner-in-nahost-putin-fuehrt-gespraeche-mit-katars-premierminister\/\" \/>\n<meta property=\"og:locale\" content=\"de_DE\" \/>\n<meta property=\"og:type\" content=\"article\" \/>\n<meta property=\"og:title\" content=\"&quot;Schl\u00fcsselpartner&quot; in Nahost: Putin f\u00fchrt Gespr\u00e4che mit Katars Premierminister\" \/>\n<meta property=\"og:description\" content=\"Am Donnerstag traf Katars Premierminister auf Russlands Pr\u00e4sidenten Putin. In den Gespr\u00e4chen ging es um die wachsende Zusammenarbeit beider Staaten. Das Golfk\u00f6nigreich Katar hat in den letzten Monaten die Beziehungen zu weiteren US-Rivalen in Asien erheblich vertieft. Der russische Pr\u00e4sident Wladimir Putin traf am\u00a0Donnerstag in Moskau mit dem katarischen Premierminister Mohammed bin Abdulrahman Al Thani [&hellip;]\" \/>\n<meta property=\"og:url\" content=\"https:\/\/now-news.de\/de\/deutschland\/schluesselpartner-in-nahost-putin-fuehrt-gespraeche-mit-katars-premierminister\/\" \/>\n<meta property=\"og:site_name\" content=\"just-now.NEWS Deutschland\" \/>\n<meta property=\"article:publisher\" content=\"https:\/\/www.facebook.com\/wirmachenauf\" \/>\n<meta property=\"article:published_time\" content=\"2023-06-23T15:22:53+00:00\" \/>\n<meta property=\"og:image\" content=\"https:\/\/now-news.de\/de\/wp-content\/uploads\/sites\/3\/2023\/06\/quotSchluesselpartnerquot-in-Nahost-Putin-fuehrt-Gespraeche-mit-Katars-Premierminister.jpg\" \/>\n\t<meta property=\"og:image:width\" content=\"460\" \/>\n\t<meta property=\"og:image:height\" content=\"259\" \/>\n\t<meta property=\"og:image:type\" content=\"image\/jpeg\" \/>\n<meta name=\"author\" content=\"rtnews\" \/>\n<meta name=\"twitter:card\" content=\"summary_large_image\" \/>\n<meta name=\"twitter:creator\" content=\"@WirMachenAuf_de\" \/>\n<meta name=\"twitter:site\" content=\"@WirMachenAuf_de\" \/>\n<meta name=\"twitter:label1\" content=\"Verfasst von\" \/>\n\t<meta name=\"twitter:data1\" content=\"rtnews\" \/>\n\t<meta name=\"twitter:label2\" content=\"Gesch\u00e4tzte Lesezeit\" \/>\n\t<meta name=\"twitter:data2\" content=\"2\u00a0Minuten\" \/>\n<script type=\"application\/ld+json\" class=\"yoast-schema-graph\">{\"@context\":\"https:\/\/schema.org\",\"@graph\":[{\"@type\":\"Article\",\"@id\":\"https:\/\/now-news.de\/de\/deutschland\/schluesselpartner-in-nahost-putin-fuehrt-gespraeche-mit-katars-premierminister\/#article\",\"isPartOf\":{\"@id\":\"https:\/\/now-news.de\/de\/deutschland\/schluesselpartner-in-nahost-putin-fuehrt-gespraeche-mit-katars-premierminister\/\"},\"author\":{\"name\":\"rtnews\",\"@id\":\"https:\/\/now-news.de\/de\/#\/schema\/person\/fb534a4e865501d8b3285208df34a9b5\"},\"headline\":\"&quot;Schl\u00fcsselpartner&quot; in Nahost: Putin f\u00fchrt Gespr\u00e4che mit Katars Premierminister\",\"datePublished\":\"2023-06-23T15:22:53+00:00\",\"dateModified\":\"2023-06-23T15:22:53+00:00\",\"mainEntityOfPage\":{\"@id\":\"https:\/\/now-news.de\/de\/deutschland\/schluesselpartner-in-nahost-putin-fuehrt-gespraeche-mit-katars-premierminister\/\"},\"wordCount\":357,\"commentCount\":0,\"publisher\":{\"@id\":\"https:\/\/now-news.de\/de\/#organization\"},\"image\":{\"@id\":\"https:\/\/now-news.de\/de\/deutschland\/schluesselpartner-in-nahost-putin-fuehrt-gespraeche-mit-katars-premierminister\/#primaryimage\"},\"thumbnailUrl\":\"https:\/\/now-news.de\/de\/wp-content\/uploads\/sites\/3\/2023\/06\/quotSchluesselpartnerquot-in-Nahost-Putin-fuehrt-Gespraeche-mit-Katars-Premierminister.jpg\",\"keywords\":[\"f\u00fchrt\",\"Gespr\u00e4che\",\"Katars\",\"mit\",\"Nahost\",\"Premierminister\",\"putin\",\"quotSchl\u00fcsselpartnerquot\"],\"articleSection\":[\"Deutschland\",\"Russland\"],\"inLanguage\":\"de\",\"potentialAction\":[{\"@type\":\"CommentAction\",\"name\":\"Comment\",\"target\":[\"https:\/\/now-news.de\/de\/deutschland\/schluesselpartner-in-nahost-putin-fuehrt-gespraeche-mit-katars-premierminister\/#respond\"]}]},{\"@type\":\"WebPage\",\"@id\":\"https:\/\/now-news.de\/de\/deutschland\/schluesselpartner-in-nahost-putin-fuehrt-gespraeche-mit-katars-premierminister\/\",\"url\":\"https:\/\/now-news.de\/de\/deutschland\/schluesselpartner-in-nahost-putin-fuehrt-gespraeche-mit-katars-premierminister\/\",\"name\":\"&quot;Schl\u00fcsselpartner&quot; in Nahost: Putin f\u00fchrt Gespr\u00e4che mit Katars Premierminister - just-now.NEWS Deutschland\",\"isPartOf\":{\"@id\":\"https:\/\/now-news.de\/de\/#website\"},\"primaryImageOfPage\":{\"@id\":\"https:\/\/now-news.de\/de\/deutschland\/schluesselpartner-in-nahost-putin-fuehrt-gespraeche-mit-katars-premierminister\/#primaryimage\"},\"image\":{\"@id\":\"https:\/\/now-news.de\/de\/deutschland\/schluesselpartner-in-nahost-putin-fuehrt-gespraeche-mit-katars-premierminister\/#primaryimage\"},\"thumbnailUrl\":\"https:\/\/now-news.de\/de\/wp-content\/uploads\/sites\/3\/2023\/06\/quotSchluesselpartnerquot-in-Nahost-Putin-fuehrt-Gespraeche-mit-Katars-Premierminister.jpg\",\"datePublished\":\"2023-06-23T15:22:53+00:00\",\"dateModified\":\"2023-06-23T15:22:53+00:00\",\"breadcrumb\":{\"@id\":\"https:\/\/now-news.de\/de\/deutschland\/schluesselpartner-in-nahost-putin-fuehrt-gespraeche-mit-katars-premierminister\/#breadcrumb\"},\"inLanguage\":\"de\",\"potentialAction\":[{\"@type\":\"ReadAction\",\"target\":[\"https:\/\/now-news.de\/de\/deutschland\/schluesselpartner-in-nahost-putin-fuehrt-gespraeche-mit-katars-premierminister\/\"]}]},{\"@type\":\"ImageObject\",\"inLanguage\":\"de\",\"@id\":\"https:\/\/now-news.de\/de\/deutschland\/schluesselpartner-in-nahost-putin-fuehrt-gespraeche-mit-katars-premierminister\/#primaryimage\",\"url\":\"https:\/\/now-news.de\/de\/wp-content\/uploads\/sites\/3\/2023\/06\/quotSchluesselpartnerquot-in-Nahost-Putin-fuehrt-Gespraeche-mit-Katars-Premierminister.jpg\",\"contentUrl\":\"https:\/\/now-news.de\/de\/wp-content\/uploads\/sites\/3\/2023\/06\/quotSchluesselpartnerquot-in-Nahost-Putin-fuehrt-Gespraeche-mit-Katars-Premierminister.jpg\",\"width\":460,\"height\":259,\"caption\":\"&quot;Schl\u00fcsselpartner&quot; in Nahost: Putin f\u00fchrt Gespr\u00e4che mit Katars Premierminister\"},{\"@type\":\"BreadcrumbList\",\"@id\":\"https:\/\/now-news.de\/de\/deutschland\/schluesselpartner-in-nahost-putin-fuehrt-gespraeche-mit-katars-premierminister\/#breadcrumb\",\"itemListElement\":[{\"@type\":\"ListItem\",\"position\":1,\"name\":\"Home\",\"item\":\"https:\/\/now-news.de\/de\/\"},{\"@type\":\"ListItem\",\"position\":2,\"name\":\"&quot;Schl\u00fcsselpartner&quot; in Nahost: Putin f\u00fchrt Gespr\u00e4che mit Katars Premierminister\"}]},{\"@type\":\"WebSite\",\"@id\":\"https:\/\/now-news.de\/de\/#website\",\"url\":\"https:\/\/now-news.de\/de\/\",\"name\":\"just-now.NEWS Deutschland\",\"description\":\"Das Portal f\u00fcr unzensierte Nachrichten aus der Welt\",\"publisher\":{\"@id\":\"https:\/\/now-news.de\/de\/#organization\"},\"potentialAction\":[{\"@type\":\"SearchAction\",\"target\":{\"@type\":\"EntryPoint\",\"urlTemplate\":\"https:\/\/now-news.de\/de\/?s={search_term_string}\"},\"query-input\":\"required name=search_term_string\"}],\"inLanguage\":\"de\"},{\"@type\":\"Organization\",\"@id\":\"https:\/\/now-news.de\/de\/#organization\",\"name\":\"Just Now News\",\"url\":\"https:\/\/now-news.de\/de\/\",\"logo\":{\"@type\":\"ImageObject\",\"inLanguage\":\"de\",\"@id\":\"https:\/\/now-news.de\/de\/#\/schema\/logo\/image\/\",\"url\":\"http:\/\/just-now.news\/de\/wp-content\/uploads\/sites\/3\/2022\/04\/logo500x500.jpg\",\"contentUrl\":\"http:\/\/just-now.news\/de\/wp-content\/uploads\/sites\/3\/2022\/04\/logo500x500.jpg\",\"width\":500,\"height\":500,\"caption\":\"Just Now News\"},\"image\":{\"@id\":\"https:\/\/now-news.de\/de\/#\/schema\/logo\/image\/\"},\"sameAs\":[\"https:\/\/www.facebook.com\/wirmachenauf\",\"https:\/\/x.com\/WirMachenAuf_de\"]},{\"@type\":\"Person\",\"@id\":\"https:\/\/now-news.de\/de\/#\/schema\/person\/fb534a4e865501d8b3285208df34a9b5\",\"name\":\"rtnews\",\"image\":{\"@type\":\"ImageObject\",\"inLanguage\":\"de\",\"@id\":\"https:\/\/now-news.de\/de\/#\/schema\/person\/image\/\",\"url\":\"https:\/\/secure.gravatar.com\/avatar\/82aafea7d8127119dd649515f56e2117?s=96&d=mm&r=g\",\"contentUrl\":\"https:\/\/secure.gravatar.com\/avatar\/82aafea7d8127119dd649515f56e2117?s=96&d=mm&r=g\",\"caption\":\"rtnews\"},\"url\":\"https:\/\/now-news.de\/de\/author\/rnews\/\"}]}<\/script>\n<!-- \/ Yoast SEO Premium plugin. -->","yoast_head_json":{"title":"&quot;Schl\u00fcsselpartner&quot; in Nahost: Putin f\u00fchrt Gespr\u00e4che mit Katars Premierminister - just-now.NEWS Deutschland","robots":{"index":"index","follow":"follow","max-snippet":"max-snippet:-1","max-image-preview":"max-image-preview:large","max-video-preview":"max-video-preview:-1"},"canonical":"https:\/\/now-news.de\/de\/deutschland\/schluesselpartner-in-nahost-putin-fuehrt-gespraeche-mit-katars-premierminister\/","og_locale":"de_DE","og_type":"article","og_title":"&quot;Schl\u00fcsselpartner&quot; in Nahost: Putin f\u00fchrt Gespr\u00e4che mit Katars Premierminister","og_description":"Am Donnerstag traf Katars Premierminister auf Russlands Pr\u00e4sidenten Putin. In den Gespr\u00e4chen ging es um die wachsende Zusammenarbeit beider Staaten. Das Golfk\u00f6nigreich Katar hat in den letzten Monaten die Beziehungen zu weiteren US-Rivalen in Asien erheblich vertieft. Der russische Pr\u00e4sident Wladimir Putin traf am\u00a0Donnerstag in Moskau mit dem katarischen Premierminister Mohammed bin Abdulrahman Al Thani [&hellip;]","og_url":"https:\/\/now-news.de\/de\/deutschland\/schluesselpartner-in-nahost-putin-fuehrt-gespraeche-mit-katars-premierminister\/","og_site_name":"just-now.NEWS Deutschland","article_publisher":"https:\/\/www.facebook.com\/wirmachenauf","article_published_time":"2023-06-23T15:22:53+00:00","og_image":[{"width":460,"height":259,"url":"https:\/\/now-news.de\/de\/wp-content\/uploads\/sites\/3\/2023\/06\/quotSchluesselpartnerquot-in-Nahost-Putin-fuehrt-Gespraeche-mit-Katars-Premierminister.jpg","type":"image\/jpeg"}],"author":"rtnews","twitter_card":"summary_large_image","twitter_creator":"@WirMachenAuf_de","twitter_site":"@WirMachenAuf_de","twitter_misc":{"Verfasst von":"rtnews","Gesch\u00e4tzte Lesezeit":"2\u00a0Minuten"},"schema":{"@context":"https:\/\/schema.org","@graph":[{"@type":"Article","@id":"https:\/\/now-news.de\/de\/deutschland\/schluesselpartner-in-nahost-putin-fuehrt-gespraeche-mit-katars-premierminister\/#article","isPartOf":{"@id":"https:\/\/now-news.de\/de\/deutschland\/schluesselpartner-in-nahost-putin-fuehrt-gespraeche-mit-katars-premierminister\/"},"author":{"name":"rtnews","@id":"https:\/\/now-news.de\/de\/#\/schema\/person\/fb534a4e865501d8b3285208df34a9b5"},"headline":"&quot;Schl\u00fcsselpartner&quot; in Nahost: Putin f\u00fchrt Gespr\u00e4che mit Katars Premierminister","datePublished":"2023-06-23T15:22:53+00:00","dateModified":"2023-06-23T15:22:53+00:00","mainEntityOfPage":{"@id":"https:\/\/now-news.de\/de\/deutschland\/schluesselpartner-in-nahost-putin-fuehrt-gespraeche-mit-katars-premierminister\/"},"wordCount":357,"commentCount":0,"publisher":{"@id":"https:\/\/now-news.de\/de\/#organization"},"image":{"@id":"https:\/\/now-news.de\/de\/deutschland\/schluesselpartner-in-nahost-putin-fuehrt-gespraeche-mit-katars-premierminister\/#primaryimage"},"thumbnailUrl":"https:\/\/now-news.de\/de\/wp-content\/uploads\/sites\/3\/2023\/06\/quotSchluesselpartnerquot-in-Nahost-Putin-fuehrt-Gespraeche-mit-Katars-Premierminister.jpg","keywords":["f\u00fchrt","Gespr\u00e4che","Katars","mit","Nahost","Premierminister","putin","quotSchl\u00fcsselpartnerquot"],"articleSection":["Deutschland","Russland"],"inLanguage":"de","potentialAction":[{"@type":"CommentAction","name":"Comment","target":["https:\/\/now-news.de\/de\/deutschland\/schluesselpartner-in-nahost-putin-fuehrt-gespraeche-mit-katars-premierminister\/#respond"]}]},{"@type":"WebPage","@id":"https:\/\/now-news.de\/de\/deutschland\/schluesselpartner-in-nahost-putin-fuehrt-gespraeche-mit-katars-premierminister\/","url":"https:\/\/now-news.de\/de\/deutschland\/schluesselpartner-in-nahost-putin-fuehrt-gespraeche-mit-katars-premierminister\/","name":"&quot;Schl\u00fcsselpartner&quot; in Nahost: Putin f\u00fchrt Gespr\u00e4che mit Katars Premierminister - just-now.NEWS Deutschland","isPartOf":{"@id":"https:\/\/now-news.de\/de\/#website"},"primaryImageOfPage":{"@id":"https:\/\/now-news.de\/de\/deutschland\/schluesselpartner-in-nahost-putin-fuehrt-gespraeche-mit-katars-premierminister\/#primaryimage"},"image":{"@id":"https:\/\/now-news.de\/de\/deutschland\/schluesselpartner-in-nahost-putin-fuehrt-gespraeche-mit-katars-premierminister\/#primaryimage"},"thumbnailUrl":"https:\/\/now-news.de\/de\/wp-content\/uploads\/sites\/3\/2023\/06\/quotSchluesselpartnerquot-in-Nahost-Putin-fuehrt-Gespraeche-mit-Katars-Premierminister.jpg","datePublished":"2023-06-23T15:22:53+00:00","dateModified":"2023-06-23T15:22:53+00:00","breadcrumb":{"@id":"https:\/\/now-news.de\/de\/deutschland\/schluesselpartner-in-nahost-putin-fuehrt-gespraeche-mit-katars-premierminister\/#breadcrumb"},"inLanguage":"de","potentialAction":[{"@type":"ReadAction","target":["https:\/\/now-news.de\/de\/deutschland\/schluesselpartner-in-nahost-putin-fuehrt-gespraeche-mit-katars-premierminister\/"]}]},{"@type":"ImageObject","inLanguage":"de","@id":"https:\/\/now-news.de\/de\/deutschland\/schluesselpartner-in-nahost-putin-fuehrt-gespraeche-mit-katars-premierminister\/#primaryimage","url":"https:\/\/now-news.de\/de\/wp-content\/uploads\/sites\/3\/2023\/06\/quotSchluesselpartnerquot-in-Nahost-Putin-fuehrt-Gespraeche-mit-Katars-Premierminister.jpg","contentUrl":"https:\/\/now-news.de\/de\/wp-content\/uploads\/sites\/3\/2023\/06\/quotSchluesselpartnerquot-in-Nahost-Putin-fuehrt-Gespraeche-mit-Katars-Premierminister.jpg","width":460,"height":259,"caption":"&quot;Schl\u00fcsselpartner&quot; in Nahost: Putin f\u00fchrt Gespr\u00e4che mit Katars Premierminister"},{"@type":"BreadcrumbList","@id":"https:\/\/now-news.de\/de\/deutschland\/schluesselpartner-in-nahost-putin-fuehrt-gespraeche-mit-katars-premierminister\/#breadcrumb","itemListElement":[{"@type":"ListItem","position":1,"name":"Home","item":"https:\/\/now-news.de\/de\/"},{"@type":"ListItem","position":2,"name":"&quot;Schl\u00fcsselpartner&quot; in Nahost: Putin f\u00fchrt Gespr\u00e4che mit Katars Premierminister"}]},{"@type":"WebSite","@id":"https:\/\/now-news.de\/de\/#website","url":"https:\/\/now-news.de\/de\/","name":"just-now.NEWS Deutschland","description":"Das Portal f\u00fcr unzensierte Nachrichten aus der Welt","publisher":{"@id":"https:\/\/now-news.de\/de\/#organization"},"potentialAction":[{"@type":"SearchAction","target":{"@type":"EntryPoint","urlTemplate":"https:\/\/now-news.de\/de\/?s={search_term_string}"},"query-input":"required name=search_term_string"}],"inLanguage":"de"},{"@type":"Organization","@id":"https:\/\/now-news.de\/de\/#organization","name":"Just Now News","url":"https:\/\/now-news.de\/de\/","logo":{"@type":"ImageObject","inLanguage":"de","@id":"https:\/\/now-news.de\/de\/#\/schema\/logo\/image\/","url":"http:\/\/just-now.news\/de\/wp-content\/uploads\/sites\/3\/2022\/04\/logo500x500.jpg","contentUrl":"http:\/\/just-now.news\/de\/wp-content\/uploads\/sites\/3\/2022\/04\/logo500x500.jpg","width":500,"height":500,"caption":"Just Now News"},"image":{"@id":"https:\/\/now-news.de\/de\/#\/schema\/logo\/image\/"},"sameAs":["https:\/\/www.facebook.com\/wirmachenauf","https:\/\/x.com\/WirMachenAuf_de"]},{"@type":"Person","@id":"https:\/\/now-news.de\/de\/#\/schema\/person\/fb534a4e865501d8b3285208df34a9b5","name":"rtnews","image":{"@type":"ImageObject","inLanguage":"de","@id":"https:\/\/now-news.de\/de\/#\/schema\/person\/image\/","url":"https:\/\/secure.gravatar.com\/avatar\/82aafea7d8127119dd649515f56e2117?s=96&d=mm&r=g","contentUrl":"https:\/\/secure.gravatar.com\/avatar\/82aafea7d8127119dd649515f56e2117?s=96&d=mm&r=g","caption":"rtnews"},"url":"https:\/\/now-news.de\/de\/author\/rnews\/"}]}},"_links":{"self":[{"href":"https:\/\/now-news.de\/de\/wp-json\/wp\/v2\/posts\/38776"}],"collection":[{"href":"https:\/\/now-news.de\/de\/wp-json\/wp\/v2\/posts"}],"about":[{"href":"https:\/\/now-news.de\/de\/wp-json\/wp\/v2\/types\/post"}],"author":[{"embeddable":true,"href":"https:\/\/now-news.de\/de\/wp-json\/wp\/v2\/users\/3"}],"replies":[{"embeddable":true,"href":"https:\/\/now-news.de\/de\/wp-json\/wp\/v2\/comments?post=38776"}],"version-history":[{"count":0,"href":"https:\/\/now-news.de\/de\/wp-json\/wp\/v2\/posts\/38776\/revisions"}],"wp:featuredmedia":[{"embeddable":true,"href":"https:\/\/now-news.de\/de\/wp-json\/wp\/v2\/media\/38777"}],"wp:attachment":[{"href":"https:\/\/now-news.de\/de\/wp-json\/wp\/v2\/media?parent=38776"}],"wp:term":[{"taxonomy":"category","embeddable":true,"href":"https:\/\/now-news.de\/de\/wp-json\/wp\/v2\/categories?post=38776"},{"taxonomy":"post_tag","embeddable":true,"href":"https:\/\/now-news.de\/de\/wp-json\/wp\/v2\/tags?post=38776"}],"curies":[{"name":"wp","href":"https:\/\/api.w.org\/{rel}","templated":true}]}}