{"id":38764,"date":"2023-06-23T13:58:43","date_gmt":"2023-06-23T11:58:43","guid":{"rendered":"https:\/\/just-now.news\/de\/deutschland\/islamexperte-zu-clan-gewalt-man-hat-es-mit-ganzen-staemmen-aus-syrien-zu-tun\/"},"modified":"2023-06-23T13:58:43","modified_gmt":"2023-06-23T11:58:43","slug":"islamexperte-zu-clan-gewalt-man-hat-es-mit-ganzen-staemmen-aus-syrien-zu-tun","status":"publish","type":"post","link":"https:\/\/now-news.de\/de\/deutschland\/islamexperte-zu-clan-gewalt-man-hat-es-mit-ganzen-staemmen-aus-syrien-zu-tun\/","title":{"rendered":"Islamexperte zu Clan-Gewalt: &quot;Man hat es mit ganzen St\u00e4mmen aus Syrien zu tun&quot;"},"content":{"rendered":"<p><img decoding=\"async\" src=\"http:\/\/just-now.news\/de\/wp-content\/uploads\/sites\/3\/2023\/06\/64955abb48fbef45b524bdcc.jpg\" \/><\/p>\n<div class=\"Text-root Text-type_1 \">\n                Islamexperte Ralph Ghadban erkl\u00e4rt die j\u00fcngsten Gewaltausbr\u00fcche im Ruhrgebiet mit der Bereitschaft syrischer Einwanderer, die etablierten libanesischen Gro\u00dffamilien herauszufordern. Die Integrationspolitik Deutschlands gestalte sich bei Gruppen &#8220;unheimlich schwierig&#8221;.\n            <\/div>\n<p><\/p>\n<div class=\"Text-root Text-type_5 ArticleView-text ViewText-root \">\n<p>Der libanesische Islamwissenschaftler Ralph Ghadban sieht sich festigende Clanstrukturen syrischer Einwanderer als Ausl\u00f6ser f\u00fcr die \u00f6ffentlichen gewaltt\u00e4tigen Auseinandersetzungen im Ruhrgebiet. Wie Ghadban am Mittwoch in den\u00a0<em>Tagesthemen\u00a0<\/em>sagte,\u00a0h\u00e4tten sich Syrer, die als Fl\u00fcchtlinge nach Deutschland kommen, so weit organisiert, dass sie es wagen, mit den bereits etablierten Clans &#8220;einen Kampf zu f\u00fchren&#8221;.<\/p>\n<p>In Essen und Castrop-Rauxel war es vergangene Woche zu mehreren verabredeten Massenschl\u00e4gereien zwischen Syrern und Libanesen gekommen, angeblich infolge eines Streits zwischen Kindern.<\/p>\n<p>Laut einer Stellungnahme des Innenministers von Nordrhein-Westfalen, Herbert Reul (CDU), am Mittwoch wurden w\u00e4hrend der Eins\u00e4tze der Polizei mit rund 700 Beamten zwei Verd\u00e4chtige vorl\u00e4ufig festgenommen sowie eine Maschinenpistole und 43 Messer beschlagnahmt.<\/p>\n<p><strong>Gro\u00dffamilie als wichtigste soziale Organisation<\/strong><\/p>\n<p>Dass ein Streit zwischen Kindern zum Gewaltausbruch zwischen Syrern und Libanesen gef\u00fchrt haben soll, h\u00e4lt Ghadban f\u00fcr unwahrscheinlich. Auch Frauen seien in die Angelegenheit verwickelt gewesen, es ging vermutlich um einen Fall von &#8220;verletzter Ehre&#8221;.<\/p>\n<p>In den islamischen L\u00e4ndern des Nahen Ostens und Nordafrikas, erl\u00e4uterte Ghadban, bildet die Gro\u00dffamilie die Grundeinheit der sozialen Organisation. Weil es dort keine Wohlfahrtsstaaten gibt, ist das Individuum in allen Lebenslagen auf seine Familie angewiesen.<\/p>\n<blockquote>\n<p><em>&#8220;Das Individuum kann ohne seine Familie nicht existieren und die Familie hat eine Schutzfunktion. Und wenn sie zu uns kommen, dann bringen sie diese Struktur mit.&#8221;<\/em><\/p>\n<\/blockquote>\n<p>Wenn ausreichend Familienmitglieder vorhanden seien, k\u00f6nnten die Einwanderer diese Struktur der Gro\u00dffamilie in Deutschland schlie\u00dflich &#8220;reproduzieren&#8221;, was seit der Grenz\u00f6ffnung 2015 nun der Fall zu sein scheint, schlussfolgert Ghadban. In Essen habe man es hingegen nicht mehr blo\u00df mit Gro\u00dffamilien, sondern mit ganzen St\u00e4mmen aus Ost-Syrien zu tun.<\/p>\n<p><strong>Integrationspolitik ist nicht auf Gruppen eingestellt<\/strong><\/p>\n<p>Als\u00a0Problem in Deutschland sieht\u00a0Ghadban, dass Integration gem\u00e4\u00df dem individuellen System auch als individueller Prozess behandelt\u00a0werde. Gruppen k\u00f6nne man daher nicht integrieren, und wenn eine Gemeinschaft als Gruppe auftrete und sich abschotte, gestalte sich\u00a0die &#8220;Aufgabe der Integration unheimlich schwierig&#8221;.<\/p>\n<p>Integrationskurse, so Ghadban, seien gut, aber nur ein erster Schritt f\u00fcr weitere Ma\u00dfnahmen. Der Staat m\u00fcsse einerseits Einwanderung kontrollieren und sich andererseits vern\u00fcnftige Angebote \u00fcberlegen, die er den bereits Eingewanderte machen kann.<\/p>\n<p><strong>Mehr zum Thema <\/strong>\u2013\u00a0<a rel=\"nofollow noopener\" target=\"_blank\" href=\"https:\/\/freeassange.rtde.me\/inland\/172916-clankriminalitaet-massenschlaegereien-in-nrw\/\">Clankriminalit\u00e4t: Massenschl\u00e4gereien in NRW<\/a><\/p>\n<div class=\"EmbedBlock-root EmbedBlock-externalVideo EmbedBlock-odysee\">\n<div class=\"VkEmbed\"><iframe class=\"lazyload\" data-src=\"https:\/\/odysee.com\/%24\/embed\/%40RTDE%3Ae%2FSchwere-Ausschreitungen-in-Paris-Bereitschaftspolizei-l%C3%B6st-Protest-junger-Migranten-auf%3A3\" frameborder=\"0\" width=\"853\" height=\"480\" allowfullscreen><\/iframe><\/div>\n<\/div>\n<\/div>\n<p><br \/>\n<br \/><a href=\"https:\/\/de.rt.com\/inland\/173400-aus-syrien-sind-ganze-staemme\/\">Source link <\/a><\/p>\n","protected":false},"excerpt":{"rendered":"<p>Islamexperte Ralph Ghadban erkl\u00e4rt die j\u00fcngsten Gewaltausbr\u00fcche im Ruhrgebiet mit der Bereitschaft syrischer Einwanderer, die etablierten libanesischen Gro\u00dffamilien herauszufordern. Die Integrationspolitik Deutschlands gestalte sich bei Gruppen &#8220;unheimlich schwierig&#8221;. Der libanesische Islamwissenschaftler Ralph Ghadban sieht sich festigende Clanstrukturen syrischer Einwanderer als Ausl\u00f6ser f\u00fcr die \u00f6ffentlichen gewaltt\u00e4tigen Auseinandersetzungen im Ruhrgebiet. Wie Ghadban am Mittwoch in den\u00a0Tagesthemen\u00a0sagte,\u00a0h\u00e4tten sich [&hellip;]<\/p>\n","protected":false},"author":3,"featured_media":38765,"comment_status":"open","ping_status":"open","sticky":false,"template":"","format":"standard","meta":{"_yoast_indexnow_last_ping":["1687521595"],"wp_automatic_camp":["217"],"f393566467e94bb13722fdc07ff1b97f":["Islamexperte zu Clan-Gewalt: &quot;Man hat es mit ganzen St\u00e4mmen aus Syrien zu tun&quot;"],"original_link":["https:\/\/de.rt.com\/inland\/173400-aus-syrien-sind-ganze-staemme\/"],"_thumbnail_id":["38765"],"jnews_social_counter_last_update":["1776658535"],"_wptgpro_p2tg_sent2tg":["a:1:{i:23737;s:19:\"2023-06-23 14:01:06\";}"]},"categories":[19,23],"tags":[679,45977,7413,423,45976,419,22755,37189,783,37568],"yoast_head":"<!-- This site is optimized with the Yoast SEO Premium plugin v22.7 (Yoast SEO v22.7) - https:\/\/yoast.com\/wordpress\/plugins\/seo\/ -->\n<title>Islamexperte zu Clan-Gewalt: &quot;Man hat es mit ganzen St\u00e4mmen aus Syrien zu tun&quot; - just-now.NEWS Deutschland<\/title>\n<meta name=\"robots\" content=\"index, follow, max-snippet:-1, max-image-preview:large, max-video-preview:-1\" \/>\n<link rel=\"canonical\" href=\"https:\/\/now-news.de\/de\/deutschland\/islamexperte-zu-clan-gewalt-man-hat-es-mit-ganzen-staemmen-aus-syrien-zu-tun\/\" \/>\n<meta property=\"og:locale\" content=\"de_DE\" \/>\n<meta property=\"og:type\" content=\"article\" \/>\n<meta property=\"og:title\" content=\"Islamexperte zu Clan-Gewalt: &quot;Man hat es mit ganzen St\u00e4mmen aus Syrien zu tun&quot;\" \/>\n<meta property=\"og:description\" content=\"Islamexperte Ralph Ghadban erkl\u00e4rt die j\u00fcngsten Gewaltausbr\u00fcche im Ruhrgebiet mit der Bereitschaft syrischer Einwanderer, die etablierten libanesischen Gro\u00dffamilien herauszufordern. Die Integrationspolitik Deutschlands gestalte sich bei Gruppen &#8220;unheimlich schwierig&#8221;. Der libanesische Islamwissenschaftler Ralph Ghadban sieht sich festigende Clanstrukturen syrischer Einwanderer als Ausl\u00f6ser f\u00fcr die \u00f6ffentlichen gewaltt\u00e4tigen Auseinandersetzungen im Ruhrgebiet. Wie Ghadban am Mittwoch in den\u00a0Tagesthemen\u00a0sagte,\u00a0h\u00e4tten sich [&hellip;]\" \/>\n<meta property=\"og:url\" content=\"https:\/\/now-news.de\/de\/deutschland\/islamexperte-zu-clan-gewalt-man-hat-es-mit-ganzen-staemmen-aus-syrien-zu-tun\/\" \/>\n<meta property=\"og:site_name\" content=\"just-now.NEWS Deutschland\" \/>\n<meta property=\"article:publisher\" content=\"https:\/\/www.facebook.com\/wirmachenauf\" \/>\n<meta property=\"article:published_time\" content=\"2023-06-23T11:58:43+00:00\" \/>\n<meta property=\"og:image\" content=\"https:\/\/now-news.de\/de\/wp-content\/uploads\/sites\/3\/2023\/06\/Islamexperte-zu-Clan-Gewalt-quotMan-hat-es-mit-ganzen-Staemmen-aus.jpg\" \/>\n\t<meta property=\"og:image:width\" content=\"460\" \/>\n\t<meta property=\"og:image:height\" content=\"259\" \/>\n\t<meta property=\"og:image:type\" content=\"image\/jpeg\" \/>\n<meta name=\"author\" content=\"rtnews\" \/>\n<meta name=\"twitter:card\" content=\"summary_large_image\" \/>\n<meta name=\"twitter:creator\" content=\"@WirMachenAuf_de\" \/>\n<meta name=\"twitter:site\" content=\"@WirMachenAuf_de\" \/>\n<meta name=\"twitter:label1\" content=\"Verfasst von\" \/>\n\t<meta name=\"twitter:data1\" content=\"rtnews\" \/>\n\t<meta name=\"twitter:label2\" content=\"Gesch\u00e4tzte Lesezeit\" \/>\n\t<meta name=\"twitter:data2\" content=\"2\u00a0Minuten\" \/>\n<script type=\"application\/ld+json\" class=\"yoast-schema-graph\">{\"@context\":\"https:\/\/schema.org\",\"@graph\":[{\"@type\":\"Article\",\"@id\":\"https:\/\/now-news.de\/de\/deutschland\/islamexperte-zu-clan-gewalt-man-hat-es-mit-ganzen-staemmen-aus-syrien-zu-tun\/#article\",\"isPartOf\":{\"@id\":\"https:\/\/now-news.de\/de\/deutschland\/islamexperte-zu-clan-gewalt-man-hat-es-mit-ganzen-staemmen-aus-syrien-zu-tun\/\"},\"author\":{\"name\":\"rtnews\",\"@id\":\"https:\/\/now-news.de\/de\/#\/schema\/person\/fb534a4e865501d8b3285208df34a9b5\"},\"headline\":\"Islamexperte zu Clan-Gewalt: &quot;Man hat es mit ganzen St\u00e4mmen aus Syrien zu tun&quot;\",\"datePublished\":\"2023-06-23T11:58:43+00:00\",\"dateModified\":\"2023-06-23T11:58:43+00:00\",\"mainEntityOfPage\":{\"@id\":\"https:\/\/now-news.de\/de\/deutschland\/islamexperte-zu-clan-gewalt-man-hat-es-mit-ganzen-staemmen-aus-syrien-zu-tun\/\"},\"wordCount\":424,\"commentCount\":0,\"publisher\":{\"@id\":\"https:\/\/now-news.de\/de\/#organization\"},\"image\":{\"@id\":\"https:\/\/now-news.de\/de\/deutschland\/islamexperte-zu-clan-gewalt-man-hat-es-mit-ganzen-staemmen-aus-syrien-zu-tun\/#primaryimage\"},\"thumbnailUrl\":\"https:\/\/now-news.de\/de\/wp-content\/uploads\/sites\/3\/2023\/06\/Islamexperte-zu-Clan-Gewalt-quotMan-hat-es-mit-ganzen-Staemmen-aus.jpg\",\"keywords\":[\"aus\",\"ClanGewalt\",\"ganzen\",\"hat\",\"Islamexperte\",\"mit\",\"quotMan\",\"stammen\",\"Syrien\",\"tunquot\"],\"articleSection\":[\"Deutschland\",\"Russland\"],\"inLanguage\":\"de\",\"potentialAction\":[{\"@type\":\"CommentAction\",\"name\":\"Comment\",\"target\":[\"https:\/\/now-news.de\/de\/deutschland\/islamexperte-zu-clan-gewalt-man-hat-es-mit-ganzen-staemmen-aus-syrien-zu-tun\/#respond\"]}]},{\"@type\":\"WebPage\",\"@id\":\"https:\/\/now-news.de\/de\/deutschland\/islamexperte-zu-clan-gewalt-man-hat-es-mit-ganzen-staemmen-aus-syrien-zu-tun\/\",\"url\":\"https:\/\/now-news.de\/de\/deutschland\/islamexperte-zu-clan-gewalt-man-hat-es-mit-ganzen-staemmen-aus-syrien-zu-tun\/\",\"name\":\"Islamexperte zu Clan-Gewalt: &quot;Man hat es mit ganzen St\u00e4mmen aus Syrien zu tun&quot; - just-now.NEWS Deutschland\",\"isPartOf\":{\"@id\":\"https:\/\/now-news.de\/de\/#website\"},\"primaryImageOfPage\":{\"@id\":\"https:\/\/now-news.de\/de\/deutschland\/islamexperte-zu-clan-gewalt-man-hat-es-mit-ganzen-staemmen-aus-syrien-zu-tun\/#primaryimage\"},\"image\":{\"@id\":\"https:\/\/now-news.de\/de\/deutschland\/islamexperte-zu-clan-gewalt-man-hat-es-mit-ganzen-staemmen-aus-syrien-zu-tun\/#primaryimage\"},\"thumbnailUrl\":\"https:\/\/now-news.de\/de\/wp-content\/uploads\/sites\/3\/2023\/06\/Islamexperte-zu-Clan-Gewalt-quotMan-hat-es-mit-ganzen-Staemmen-aus.jpg\",\"datePublished\":\"2023-06-23T11:58:43+00:00\",\"dateModified\":\"2023-06-23T11:58:43+00:00\",\"breadcrumb\":{\"@id\":\"https:\/\/now-news.de\/de\/deutschland\/islamexperte-zu-clan-gewalt-man-hat-es-mit-ganzen-staemmen-aus-syrien-zu-tun\/#breadcrumb\"},\"inLanguage\":\"de\",\"potentialAction\":[{\"@type\":\"ReadAction\",\"target\":[\"https:\/\/now-news.de\/de\/deutschland\/islamexperte-zu-clan-gewalt-man-hat-es-mit-ganzen-staemmen-aus-syrien-zu-tun\/\"]}]},{\"@type\":\"ImageObject\",\"inLanguage\":\"de\",\"@id\":\"https:\/\/now-news.de\/de\/deutschland\/islamexperte-zu-clan-gewalt-man-hat-es-mit-ganzen-staemmen-aus-syrien-zu-tun\/#primaryimage\",\"url\":\"https:\/\/now-news.de\/de\/wp-content\/uploads\/sites\/3\/2023\/06\/Islamexperte-zu-Clan-Gewalt-quotMan-hat-es-mit-ganzen-Staemmen-aus.jpg\",\"contentUrl\":\"https:\/\/now-news.de\/de\/wp-content\/uploads\/sites\/3\/2023\/06\/Islamexperte-zu-Clan-Gewalt-quotMan-hat-es-mit-ganzen-Staemmen-aus.jpg\",\"width\":460,\"height\":259,\"caption\":\"Islamexperte zu Clan-Gewalt: &quot;Man hat es mit ganzen St\u00e4mmen aus Syrien zu tun&quot;\"},{\"@type\":\"BreadcrumbList\",\"@id\":\"https:\/\/now-news.de\/de\/deutschland\/islamexperte-zu-clan-gewalt-man-hat-es-mit-ganzen-staemmen-aus-syrien-zu-tun\/#breadcrumb\",\"itemListElement\":[{\"@type\":\"ListItem\",\"position\":1,\"name\":\"Home\",\"item\":\"https:\/\/now-news.de\/de\/\"},{\"@type\":\"ListItem\",\"position\":2,\"name\":\"Islamexperte zu Clan-Gewalt: &quot;Man hat es mit ganzen St\u00e4mmen aus Syrien zu tun&quot;\"}]},{\"@type\":\"WebSite\",\"@id\":\"https:\/\/now-news.de\/de\/#website\",\"url\":\"https:\/\/now-news.de\/de\/\",\"name\":\"just-now.NEWS Deutschland\",\"description\":\"Das Portal f\u00fcr unzensierte Nachrichten aus der Welt\",\"publisher\":{\"@id\":\"https:\/\/now-news.de\/de\/#organization\"},\"potentialAction\":[{\"@type\":\"SearchAction\",\"target\":{\"@type\":\"EntryPoint\",\"urlTemplate\":\"https:\/\/now-news.de\/de\/?s={search_term_string}\"},\"query-input\":\"required name=search_term_string\"}],\"inLanguage\":\"de\"},{\"@type\":\"Organization\",\"@id\":\"https:\/\/now-news.de\/de\/#organization\",\"name\":\"Just Now News\",\"url\":\"https:\/\/now-news.de\/de\/\",\"logo\":{\"@type\":\"ImageObject\",\"inLanguage\":\"de\",\"@id\":\"https:\/\/now-news.de\/de\/#\/schema\/logo\/image\/\",\"url\":\"http:\/\/just-now.news\/de\/wp-content\/uploads\/sites\/3\/2022\/04\/logo500x500.jpg\",\"contentUrl\":\"http:\/\/just-now.news\/de\/wp-content\/uploads\/sites\/3\/2022\/04\/logo500x500.jpg\",\"width\":500,\"height\":500,\"caption\":\"Just Now News\"},\"image\":{\"@id\":\"https:\/\/now-news.de\/de\/#\/schema\/logo\/image\/\"},\"sameAs\":[\"https:\/\/www.facebook.com\/wirmachenauf\",\"https:\/\/x.com\/WirMachenAuf_de\"]},{\"@type\":\"Person\",\"@id\":\"https:\/\/now-news.de\/de\/#\/schema\/person\/fb534a4e865501d8b3285208df34a9b5\",\"name\":\"rtnews\",\"image\":{\"@type\":\"ImageObject\",\"inLanguage\":\"de\",\"@id\":\"https:\/\/now-news.de\/de\/#\/schema\/person\/image\/\",\"url\":\"https:\/\/secure.gravatar.com\/avatar\/82aafea7d8127119dd649515f56e2117?s=96&d=mm&r=g\",\"contentUrl\":\"https:\/\/secure.gravatar.com\/avatar\/82aafea7d8127119dd649515f56e2117?s=96&d=mm&r=g\",\"caption\":\"rtnews\"},\"url\":\"https:\/\/now-news.de\/de\/author\/rnews\/\"}]}<\/script>\n<!-- \/ Yoast SEO Premium plugin. -->","yoast_head_json":{"title":"Islamexperte zu Clan-Gewalt: &quot;Man hat es mit ganzen St\u00e4mmen aus Syrien zu tun&quot; - just-now.NEWS Deutschland","robots":{"index":"index","follow":"follow","max-snippet":"max-snippet:-1","max-image-preview":"max-image-preview:large","max-video-preview":"max-video-preview:-1"},"canonical":"https:\/\/now-news.de\/de\/deutschland\/islamexperte-zu-clan-gewalt-man-hat-es-mit-ganzen-staemmen-aus-syrien-zu-tun\/","og_locale":"de_DE","og_type":"article","og_title":"Islamexperte zu Clan-Gewalt: &quot;Man hat es mit ganzen St\u00e4mmen aus Syrien zu tun&quot;","og_description":"Islamexperte Ralph Ghadban erkl\u00e4rt die j\u00fcngsten Gewaltausbr\u00fcche im Ruhrgebiet mit der Bereitschaft syrischer Einwanderer, die etablierten libanesischen Gro\u00dffamilien herauszufordern. Die Integrationspolitik Deutschlands gestalte sich bei Gruppen &#8220;unheimlich schwierig&#8221;. Der libanesische Islamwissenschaftler Ralph Ghadban sieht sich festigende Clanstrukturen syrischer Einwanderer als Ausl\u00f6ser f\u00fcr die \u00f6ffentlichen gewaltt\u00e4tigen Auseinandersetzungen im Ruhrgebiet. Wie Ghadban am Mittwoch in den\u00a0Tagesthemen\u00a0sagte,\u00a0h\u00e4tten sich [&hellip;]","og_url":"https:\/\/now-news.de\/de\/deutschland\/islamexperte-zu-clan-gewalt-man-hat-es-mit-ganzen-staemmen-aus-syrien-zu-tun\/","og_site_name":"just-now.NEWS Deutschland","article_publisher":"https:\/\/www.facebook.com\/wirmachenauf","article_published_time":"2023-06-23T11:58:43+00:00","og_image":[{"width":460,"height":259,"url":"https:\/\/now-news.de\/de\/wp-content\/uploads\/sites\/3\/2023\/06\/Islamexperte-zu-Clan-Gewalt-quotMan-hat-es-mit-ganzen-Staemmen-aus.jpg","type":"image\/jpeg"}],"author":"rtnews","twitter_card":"summary_large_image","twitter_creator":"@WirMachenAuf_de","twitter_site":"@WirMachenAuf_de","twitter_misc":{"Verfasst von":"rtnews","Gesch\u00e4tzte Lesezeit":"2\u00a0Minuten"},"schema":{"@context":"https:\/\/schema.org","@graph":[{"@type":"Article","@id":"https:\/\/now-news.de\/de\/deutschland\/islamexperte-zu-clan-gewalt-man-hat-es-mit-ganzen-staemmen-aus-syrien-zu-tun\/#article","isPartOf":{"@id":"https:\/\/now-news.de\/de\/deutschland\/islamexperte-zu-clan-gewalt-man-hat-es-mit-ganzen-staemmen-aus-syrien-zu-tun\/"},"author":{"name":"rtnews","@id":"https:\/\/now-news.de\/de\/#\/schema\/person\/fb534a4e865501d8b3285208df34a9b5"},"headline":"Islamexperte zu Clan-Gewalt: &quot;Man hat es mit ganzen St\u00e4mmen aus Syrien zu tun&quot;","datePublished":"2023-06-23T11:58:43+00:00","dateModified":"2023-06-23T11:58:43+00:00","mainEntityOfPage":{"@id":"https:\/\/now-news.de\/de\/deutschland\/islamexperte-zu-clan-gewalt-man-hat-es-mit-ganzen-staemmen-aus-syrien-zu-tun\/"},"wordCount":424,"commentCount":0,"publisher":{"@id":"https:\/\/now-news.de\/de\/#organization"},"image":{"@id":"https:\/\/now-news.de\/de\/deutschland\/islamexperte-zu-clan-gewalt-man-hat-es-mit-ganzen-staemmen-aus-syrien-zu-tun\/#primaryimage"},"thumbnailUrl":"https:\/\/now-news.de\/de\/wp-content\/uploads\/sites\/3\/2023\/06\/Islamexperte-zu-Clan-Gewalt-quotMan-hat-es-mit-ganzen-Staemmen-aus.jpg","keywords":["aus","ClanGewalt","ganzen","hat","Islamexperte","mit","quotMan","stammen","Syrien","tunquot"],"articleSection":["Deutschland","Russland"],"inLanguage":"de","potentialAction":[{"@type":"CommentAction","name":"Comment","target":["https:\/\/now-news.de\/de\/deutschland\/islamexperte-zu-clan-gewalt-man-hat-es-mit-ganzen-staemmen-aus-syrien-zu-tun\/#respond"]}]},{"@type":"WebPage","@id":"https:\/\/now-news.de\/de\/deutschland\/islamexperte-zu-clan-gewalt-man-hat-es-mit-ganzen-staemmen-aus-syrien-zu-tun\/","url":"https:\/\/now-news.de\/de\/deutschland\/islamexperte-zu-clan-gewalt-man-hat-es-mit-ganzen-staemmen-aus-syrien-zu-tun\/","name":"Islamexperte zu Clan-Gewalt: &quot;Man hat es mit ganzen St\u00e4mmen aus Syrien zu tun&quot; - just-now.NEWS Deutschland","isPartOf":{"@id":"https:\/\/now-news.de\/de\/#website"},"primaryImageOfPage":{"@id":"https:\/\/now-news.de\/de\/deutschland\/islamexperte-zu-clan-gewalt-man-hat-es-mit-ganzen-staemmen-aus-syrien-zu-tun\/#primaryimage"},"image":{"@id":"https:\/\/now-news.de\/de\/deutschland\/islamexperte-zu-clan-gewalt-man-hat-es-mit-ganzen-staemmen-aus-syrien-zu-tun\/#primaryimage"},"thumbnailUrl":"https:\/\/now-news.de\/de\/wp-content\/uploads\/sites\/3\/2023\/06\/Islamexperte-zu-Clan-Gewalt-quotMan-hat-es-mit-ganzen-Staemmen-aus.jpg","datePublished":"2023-06-23T11:58:43+00:00","dateModified":"2023-06-23T11:58:43+00:00","breadcrumb":{"@id":"https:\/\/now-news.de\/de\/deutschland\/islamexperte-zu-clan-gewalt-man-hat-es-mit-ganzen-staemmen-aus-syrien-zu-tun\/#breadcrumb"},"inLanguage":"de","potentialAction":[{"@type":"ReadAction","target":["https:\/\/now-news.de\/de\/deutschland\/islamexperte-zu-clan-gewalt-man-hat-es-mit-ganzen-staemmen-aus-syrien-zu-tun\/"]}]},{"@type":"ImageObject","inLanguage":"de","@id":"https:\/\/now-news.de\/de\/deutschland\/islamexperte-zu-clan-gewalt-man-hat-es-mit-ganzen-staemmen-aus-syrien-zu-tun\/#primaryimage","url":"https:\/\/now-news.de\/de\/wp-content\/uploads\/sites\/3\/2023\/06\/Islamexperte-zu-Clan-Gewalt-quotMan-hat-es-mit-ganzen-Staemmen-aus.jpg","contentUrl":"https:\/\/now-news.de\/de\/wp-content\/uploads\/sites\/3\/2023\/06\/Islamexperte-zu-Clan-Gewalt-quotMan-hat-es-mit-ganzen-Staemmen-aus.jpg","width":460,"height":259,"caption":"Islamexperte zu Clan-Gewalt: &quot;Man hat es mit ganzen St\u00e4mmen aus Syrien zu tun&quot;"},{"@type":"BreadcrumbList","@id":"https:\/\/now-news.de\/de\/deutschland\/islamexperte-zu-clan-gewalt-man-hat-es-mit-ganzen-staemmen-aus-syrien-zu-tun\/#breadcrumb","itemListElement":[{"@type":"ListItem","position":1,"name":"Home","item":"https:\/\/now-news.de\/de\/"},{"@type":"ListItem","position":2,"name":"Islamexperte zu Clan-Gewalt: &quot;Man hat es mit ganzen St\u00e4mmen aus Syrien zu tun&quot;"}]},{"@type":"WebSite","@id":"https:\/\/now-news.de\/de\/#website","url":"https:\/\/now-news.de\/de\/","name":"just-now.NEWS Deutschland","description":"Das Portal f\u00fcr unzensierte Nachrichten aus der Welt","publisher":{"@id":"https:\/\/now-news.de\/de\/#organization"},"potentialAction":[{"@type":"SearchAction","target":{"@type":"EntryPoint","urlTemplate":"https:\/\/now-news.de\/de\/?s={search_term_string}"},"query-input":"required name=search_term_string"}],"inLanguage":"de"},{"@type":"Organization","@id":"https:\/\/now-news.de\/de\/#organization","name":"Just Now News","url":"https:\/\/now-news.de\/de\/","logo":{"@type":"ImageObject","inLanguage":"de","@id":"https:\/\/now-news.de\/de\/#\/schema\/logo\/image\/","url":"http:\/\/just-now.news\/de\/wp-content\/uploads\/sites\/3\/2022\/04\/logo500x500.jpg","contentUrl":"http:\/\/just-now.news\/de\/wp-content\/uploads\/sites\/3\/2022\/04\/logo500x500.jpg","width":500,"height":500,"caption":"Just Now News"},"image":{"@id":"https:\/\/now-news.de\/de\/#\/schema\/logo\/image\/"},"sameAs":["https:\/\/www.facebook.com\/wirmachenauf","https:\/\/x.com\/WirMachenAuf_de"]},{"@type":"Person","@id":"https:\/\/now-news.de\/de\/#\/schema\/person\/fb534a4e865501d8b3285208df34a9b5","name":"rtnews","image":{"@type":"ImageObject","inLanguage":"de","@id":"https:\/\/now-news.de\/de\/#\/schema\/person\/image\/","url":"https:\/\/secure.gravatar.com\/avatar\/82aafea7d8127119dd649515f56e2117?s=96&d=mm&r=g","contentUrl":"https:\/\/secure.gravatar.com\/avatar\/82aafea7d8127119dd649515f56e2117?s=96&d=mm&r=g","caption":"rtnews"},"url":"https:\/\/now-news.de\/de\/author\/rnews\/"}]}},"_links":{"self":[{"href":"https:\/\/now-news.de\/de\/wp-json\/wp\/v2\/posts\/38764"}],"collection":[{"href":"https:\/\/now-news.de\/de\/wp-json\/wp\/v2\/posts"}],"about":[{"href":"https:\/\/now-news.de\/de\/wp-json\/wp\/v2\/types\/post"}],"author":[{"embeddable":true,"href":"https:\/\/now-news.de\/de\/wp-json\/wp\/v2\/users\/3"}],"replies":[{"embeddable":true,"href":"https:\/\/now-news.de\/de\/wp-json\/wp\/v2\/comments?post=38764"}],"version-history":[{"count":0,"href":"https:\/\/now-news.de\/de\/wp-json\/wp\/v2\/posts\/38764\/revisions"}],"wp:featuredmedia":[{"embeddable":true,"href":"https:\/\/now-news.de\/de\/wp-json\/wp\/v2\/media\/38765"}],"wp:attachment":[{"href":"https:\/\/now-news.de\/de\/wp-json\/wp\/v2\/media?parent=38764"}],"wp:term":[{"taxonomy":"category","embeddable":true,"href":"https:\/\/now-news.de\/de\/wp-json\/wp\/v2\/categories?post=38764"},{"taxonomy":"post_tag","embeddable":true,"href":"https:\/\/now-news.de\/de\/wp-json\/wp\/v2\/tags?post=38764"}],"curies":[{"name":"wp","href":"https:\/\/api.w.org\/{rel}","templated":true}]}}