{"id":38753,"date":"2023-06-23T11:19:45","date_gmt":"2023-06-23T09:19:45","guid":{"rendered":"https:\/\/just-now.news\/de\/deutschland\/sanktionsforderung-gegen-russland-serbiens-nationalversammlung-entlaesst-minister\/"},"modified":"2023-06-23T11:19:45","modified_gmt":"2023-06-23T09:19:45","slug":"sanktionsforderung-gegen-russland-serbiens-nationalversammlung-entlaesst-minister","status":"publish","type":"post","link":"https:\/\/now-news.de\/de\/deutschland\/sanktionsforderung-gegen-russland-serbiens-nationalversammlung-entlaesst-minister\/","title":{"rendered":"Sanktionsforderung gegen Russland: Serbiens Nationalversammlung entl\u00e4sst Minister"},"content":{"rendered":"<p><img decoding=\"async\" src=\"http:\/\/just-now.news\/de\/wp-content\/uploads\/sites\/3\/2023\/06\/64955d2fb480cc653c430d1a.jpg\" \/><\/p>\n<div class=\"Text-root Text-type_1 \">\n                Serbiens Wirtschaftsminister Rade Basta hatte im M\u00e4rz gefordert, dass Belgrad sich dem Westen anschlie\u00dfen und Sanktionen \u00fcber Moskau verh\u00e4ngen sollte. Nun hat die serbische Regierung beschlossen, den Minister seines Amtes zu entheben.\n            <\/div>\n<p><\/p>\n<div class=\"Text-root Text-type_5 ArticleView-text ViewText-root \">\n<p>Rade Basta hatte sich im Fr\u00fchjahr f\u00fcr Sanktionen gegen Russland ausgesprochen. Daraufhin wurden Forderungen nach seinem R\u00fccktritt laut. Der Nationalversammlung sei nun ein Vorschlag zur Absetzung des Wirtschaftsministers vorgelegt worden, teilte Premierministerin Ana Brnabi\u0107 am Donnerstag mit. Die Absetzung wurde mit der Mehrheit der Stimmen beschlossen.<\/p>\n<p>Seine fr\u00fchere Partei Jedinstvena Srbija (dt.: Vereinigtes Serbien) gab am Dienstag eine Erkl\u00e4rung heraus, in der es hei\u00dft, Basta sei eine Frist gesetzt worden, um von allen \u00c4mtern zur\u00fcckzutreten. &#8220;Dazu geh\u00f6rt auch die Funktion des Wirtschaftsministers in der serbischen Regierung.&#8221; Der Grund: Bastas \u00f6ffentlichen \u00c4u\u00dferungen seien &#8220;der Agenda von Vereinigtes Serbien und der staatlichen und nationalen Politik der serbischen Regierung diametral entgegengesetzt&#8221;. Ferner hie\u00df es: &#8220;In jedem Land der Welt tritt ein Minister zur\u00fcck, wenn er mit der Staatspolitik der Regierung, der er angeh\u00f6rt, nicht einverstanden ist.&#8221;<\/p>\n<p>Seit Oktober 2022 war der 43-J\u00e4hrige als Wirtschaftsminister t\u00e4tig. Er ist wiederholt durch antirussische \u00c4u\u00dferungen aufgefallen.\u00a0Mitte M\u00e4rz hatte er offen gefordert, Serbien solle sich den westlichen Sanktionen gegen Russland anschlie\u00dfen, und behauptet, das Land zahle f\u00fcr seine Neutralit\u00e4tspolitik &#8220;einen unertr\u00e4glichen Preis&#8221;. &#8220;Angesichts der tektonischen Ver\u00e4nderungen auf der geopolitischen Weltkarte kann Serbien keine einsame Insel bleiben&#8221;, erkl\u00e4rte\u00a0Basta.<\/p>\n<p>Diese Woche gab er bekannt, dass er die Partei Bewegung Europ\u00e4ischer Weg gegr\u00fcndet habe, um bei k\u00fcnftigen Wahlen zu kandidieren.\u00a0<\/p>\n<p>Finanzminister Sini\u0161a Mali soll vor\u00fcbergehend die Befugnisse des Wirtschaftsministers \u00fcbernehmen, berichten serbische Medien.<\/p>\n<p><strong>Mehr zum Thema<\/strong> &#8211; <a rel=\"nofollow noopener\" target=\"_blank\" href=\"https:\/\/gegenzensur.rtde.live\/europa\/165281-serbien-minister-verlangt-sanktionen-gegen-russland-ruecktritt-gefordert\/\">Serbien: Minister verlangt Sanktionen gegen Russland \u2013 R\u00fccktritt gefordert<\/a><\/p>\n<\/p>\n<\/div>\n<p><br \/>\n<br \/><a href=\"https:\/\/de.rt.com\/europa\/173395-serbien-entlaesst-minister-russland-sanktionen\/\">Source link <\/a><\/p>\n","protected":false},"excerpt":{"rendered":"<p>Serbiens Wirtschaftsminister Rade Basta hatte im M\u00e4rz gefordert, dass Belgrad sich dem Westen anschlie\u00dfen und Sanktionen \u00fcber Moskau verh\u00e4ngen sollte. Nun hat die serbische Regierung beschlossen, den Minister seines Amtes zu entheben. Rade Basta hatte sich im Fr\u00fchjahr f\u00fcr Sanktionen gegen Russland ausgesprochen. Daraufhin wurden Forderungen nach seinem R\u00fccktritt laut. Der Nationalversammlung sei nun ein [&hellip;]<\/p>\n","protected":false},"author":3,"featured_media":38754,"comment_status":"open","ping_status":"open","sticky":false,"template":"","format":"standard","meta":{"_yoast_indexnow_last_ping":["1687512016"],"wp_automatic_camp":["217"],"a0122aafbbd630642076a568fd77d295":["Sanktionsforderung gegen Russland: Serbiens Nationalversammlung entl\u00e4sst Minister"],"original_link":["https:\/\/de.rt.com\/europa\/173395-serbien-entlaesst-minister-russland-sanktionen\/"],"_thumbnail_id":["38754"],"_wptgpro_p2tg_sent2tg":["a:1:{i:23737;s:19:\"2023-06-23 11:21:25\";}"],"jnews_social_counter_last_update":["1777483385"]},"categories":[19,23],"tags":[22666,278,11319,23822,126,45971,18785],"yoast_head":"<!-- This site is optimized with the Yoast SEO Premium plugin v22.7 (Yoast SEO v22.7) - https:\/\/yoast.com\/wordpress\/plugins\/seo\/ -->\n<title>Sanktionsforderung gegen Russland: Serbiens Nationalversammlung entl\u00e4sst Minister - just-now.NEWS Deutschland<\/title>\n<meta name=\"robots\" content=\"index, follow, max-snippet:-1, max-image-preview:large, max-video-preview:-1\" \/>\n<link rel=\"canonical\" href=\"https:\/\/now-news.de\/de\/deutschland\/sanktionsforderung-gegen-russland-serbiens-nationalversammlung-entlaesst-minister\/\" \/>\n<meta property=\"og:locale\" content=\"de_DE\" \/>\n<meta property=\"og:type\" content=\"article\" \/>\n<meta property=\"og:title\" content=\"Sanktionsforderung gegen Russland: Serbiens Nationalversammlung entl\u00e4sst Minister\" \/>\n<meta property=\"og:description\" content=\"Serbiens Wirtschaftsminister Rade Basta hatte im M\u00e4rz gefordert, dass Belgrad sich dem Westen anschlie\u00dfen und Sanktionen \u00fcber Moskau verh\u00e4ngen sollte. Nun hat die serbische Regierung beschlossen, den Minister seines Amtes zu entheben. Rade Basta hatte sich im Fr\u00fchjahr f\u00fcr Sanktionen gegen Russland ausgesprochen. Daraufhin wurden Forderungen nach seinem R\u00fccktritt laut. Der Nationalversammlung sei nun ein [&hellip;]\" \/>\n<meta property=\"og:url\" content=\"https:\/\/now-news.de\/de\/deutschland\/sanktionsforderung-gegen-russland-serbiens-nationalversammlung-entlaesst-minister\/\" \/>\n<meta property=\"og:site_name\" content=\"just-now.NEWS Deutschland\" \/>\n<meta property=\"article:publisher\" content=\"https:\/\/www.facebook.com\/wirmachenauf\" \/>\n<meta property=\"article:published_time\" content=\"2023-06-23T09:19:45+00:00\" \/>\n<meta property=\"og:image\" content=\"https:\/\/now-news.de\/de\/wp-content\/uploads\/sites\/3\/2023\/06\/Sanktionsforderung-gegen-Russland-Serbiens-Nationalversammlung-entlaesst-Minister.jpg\" \/>\n\t<meta property=\"og:image:width\" content=\"460\" \/>\n\t<meta property=\"og:image:height\" content=\"259\" \/>\n\t<meta property=\"og:image:type\" content=\"image\/jpeg\" \/>\n<meta name=\"author\" content=\"rtnews\" \/>\n<meta name=\"twitter:card\" content=\"summary_large_image\" \/>\n<meta name=\"twitter:creator\" content=\"@WirMachenAuf_de\" \/>\n<meta name=\"twitter:site\" content=\"@WirMachenAuf_de\" \/>\n<meta name=\"twitter:label1\" content=\"Verfasst von\" \/>\n\t<meta name=\"twitter:data1\" content=\"rtnews\" \/>\n\t<meta name=\"twitter:label2\" content=\"Gesch\u00e4tzte Lesezeit\" \/>\n\t<meta name=\"twitter:data2\" content=\"2\u00a0Minuten\" \/>\n<script type=\"application\/ld+json\" class=\"yoast-schema-graph\">{\"@context\":\"https:\/\/schema.org\",\"@graph\":[{\"@type\":\"Article\",\"@id\":\"https:\/\/now-news.de\/de\/deutschland\/sanktionsforderung-gegen-russland-serbiens-nationalversammlung-entlaesst-minister\/#article\",\"isPartOf\":{\"@id\":\"https:\/\/now-news.de\/de\/deutschland\/sanktionsforderung-gegen-russland-serbiens-nationalversammlung-entlaesst-minister\/\"},\"author\":{\"name\":\"rtnews\",\"@id\":\"https:\/\/now-news.de\/de\/#\/schema\/person\/fb534a4e865501d8b3285208df34a9b5\"},\"headline\":\"Sanktionsforderung gegen Russland: Serbiens Nationalversammlung entl\u00e4sst Minister\",\"datePublished\":\"2023-06-23T09:19:45+00:00\",\"dateModified\":\"2023-06-23T09:19:45+00:00\",\"mainEntityOfPage\":{\"@id\":\"https:\/\/now-news.de\/de\/deutschland\/sanktionsforderung-gegen-russland-serbiens-nationalversammlung-entlaesst-minister\/\"},\"wordCount\":308,\"commentCount\":0,\"publisher\":{\"@id\":\"https:\/\/now-news.de\/de\/#organization\"},\"image\":{\"@id\":\"https:\/\/now-news.de\/de\/deutschland\/sanktionsforderung-gegen-russland-serbiens-nationalversammlung-entlaesst-minister\/#primaryimage\"},\"thumbnailUrl\":\"https:\/\/now-news.de\/de\/wp-content\/uploads\/sites\/3\/2023\/06\/Sanktionsforderung-gegen-Russland-Serbiens-Nationalversammlung-entlaesst-Minister.jpg\",\"keywords\":[\"entl\u00e4sst\",\"gegen\",\"Minister\",\"Nationalversammlung\",\"russland\",\"Sanktionsforderung\",\"Serbiens\"],\"articleSection\":[\"Deutschland\",\"Russland\"],\"inLanguage\":\"de\",\"potentialAction\":[{\"@type\":\"CommentAction\",\"name\":\"Comment\",\"target\":[\"https:\/\/now-news.de\/de\/deutschland\/sanktionsforderung-gegen-russland-serbiens-nationalversammlung-entlaesst-minister\/#respond\"]}]},{\"@type\":\"WebPage\",\"@id\":\"https:\/\/now-news.de\/de\/deutschland\/sanktionsforderung-gegen-russland-serbiens-nationalversammlung-entlaesst-minister\/\",\"url\":\"https:\/\/now-news.de\/de\/deutschland\/sanktionsforderung-gegen-russland-serbiens-nationalversammlung-entlaesst-minister\/\",\"name\":\"Sanktionsforderung gegen Russland: Serbiens Nationalversammlung entl\u00e4sst Minister - just-now.NEWS Deutschland\",\"isPartOf\":{\"@id\":\"https:\/\/now-news.de\/de\/#website\"},\"primaryImageOfPage\":{\"@id\":\"https:\/\/now-news.de\/de\/deutschland\/sanktionsforderung-gegen-russland-serbiens-nationalversammlung-entlaesst-minister\/#primaryimage\"},\"image\":{\"@id\":\"https:\/\/now-news.de\/de\/deutschland\/sanktionsforderung-gegen-russland-serbiens-nationalversammlung-entlaesst-minister\/#primaryimage\"},\"thumbnailUrl\":\"https:\/\/now-news.de\/de\/wp-content\/uploads\/sites\/3\/2023\/06\/Sanktionsforderung-gegen-Russland-Serbiens-Nationalversammlung-entlaesst-Minister.jpg\",\"datePublished\":\"2023-06-23T09:19:45+00:00\",\"dateModified\":\"2023-06-23T09:19:45+00:00\",\"breadcrumb\":{\"@id\":\"https:\/\/now-news.de\/de\/deutschland\/sanktionsforderung-gegen-russland-serbiens-nationalversammlung-entlaesst-minister\/#breadcrumb\"},\"inLanguage\":\"de\",\"potentialAction\":[{\"@type\":\"ReadAction\",\"target\":[\"https:\/\/now-news.de\/de\/deutschland\/sanktionsforderung-gegen-russland-serbiens-nationalversammlung-entlaesst-minister\/\"]}]},{\"@type\":\"ImageObject\",\"inLanguage\":\"de\",\"@id\":\"https:\/\/now-news.de\/de\/deutschland\/sanktionsforderung-gegen-russland-serbiens-nationalversammlung-entlaesst-minister\/#primaryimage\",\"url\":\"https:\/\/now-news.de\/de\/wp-content\/uploads\/sites\/3\/2023\/06\/Sanktionsforderung-gegen-Russland-Serbiens-Nationalversammlung-entlaesst-Minister.jpg\",\"contentUrl\":\"https:\/\/now-news.de\/de\/wp-content\/uploads\/sites\/3\/2023\/06\/Sanktionsforderung-gegen-Russland-Serbiens-Nationalversammlung-entlaesst-Minister.jpg\",\"width\":460,\"height\":259,\"caption\":\"Sanktionsforderung gegen Russland: Serbiens Nationalversammlung entl\u00e4sst Minister\"},{\"@type\":\"BreadcrumbList\",\"@id\":\"https:\/\/now-news.de\/de\/deutschland\/sanktionsforderung-gegen-russland-serbiens-nationalversammlung-entlaesst-minister\/#breadcrumb\",\"itemListElement\":[{\"@type\":\"ListItem\",\"position\":1,\"name\":\"Home\",\"item\":\"https:\/\/now-news.de\/de\/\"},{\"@type\":\"ListItem\",\"position\":2,\"name\":\"Sanktionsforderung gegen Russland: Serbiens Nationalversammlung entl\u00e4sst Minister\"}]},{\"@type\":\"WebSite\",\"@id\":\"https:\/\/now-news.de\/de\/#website\",\"url\":\"https:\/\/now-news.de\/de\/\",\"name\":\"just-now.NEWS Deutschland\",\"description\":\"Das Portal f\u00fcr unzensierte Nachrichten aus der Welt\",\"publisher\":{\"@id\":\"https:\/\/now-news.de\/de\/#organization\"},\"potentialAction\":[{\"@type\":\"SearchAction\",\"target\":{\"@type\":\"EntryPoint\",\"urlTemplate\":\"https:\/\/now-news.de\/de\/?s={search_term_string}\"},\"query-input\":\"required name=search_term_string\"}],\"inLanguage\":\"de\"},{\"@type\":\"Organization\",\"@id\":\"https:\/\/now-news.de\/de\/#organization\",\"name\":\"Just Now News\",\"url\":\"https:\/\/now-news.de\/de\/\",\"logo\":{\"@type\":\"ImageObject\",\"inLanguage\":\"de\",\"@id\":\"https:\/\/now-news.de\/de\/#\/schema\/logo\/image\/\",\"url\":\"http:\/\/just-now.news\/de\/wp-content\/uploads\/sites\/3\/2022\/04\/logo500x500.jpg\",\"contentUrl\":\"http:\/\/just-now.news\/de\/wp-content\/uploads\/sites\/3\/2022\/04\/logo500x500.jpg\",\"width\":500,\"height\":500,\"caption\":\"Just Now News\"},\"image\":{\"@id\":\"https:\/\/now-news.de\/de\/#\/schema\/logo\/image\/\"},\"sameAs\":[\"https:\/\/www.facebook.com\/wirmachenauf\",\"https:\/\/x.com\/WirMachenAuf_de\"]},{\"@type\":\"Person\",\"@id\":\"https:\/\/now-news.de\/de\/#\/schema\/person\/fb534a4e865501d8b3285208df34a9b5\",\"name\":\"rtnews\",\"image\":{\"@type\":\"ImageObject\",\"inLanguage\":\"de\",\"@id\":\"https:\/\/now-news.de\/de\/#\/schema\/person\/image\/\",\"url\":\"https:\/\/secure.gravatar.com\/avatar\/82aafea7d8127119dd649515f56e2117?s=96&d=mm&r=g\",\"contentUrl\":\"https:\/\/secure.gravatar.com\/avatar\/82aafea7d8127119dd649515f56e2117?s=96&d=mm&r=g\",\"caption\":\"rtnews\"},\"url\":\"https:\/\/now-news.de\/de\/author\/rnews\/\"}]}<\/script>\n<!-- \/ Yoast SEO Premium plugin. -->","yoast_head_json":{"title":"Sanktionsforderung gegen Russland: Serbiens Nationalversammlung entl\u00e4sst Minister - just-now.NEWS Deutschland","robots":{"index":"index","follow":"follow","max-snippet":"max-snippet:-1","max-image-preview":"max-image-preview:large","max-video-preview":"max-video-preview:-1"},"canonical":"https:\/\/now-news.de\/de\/deutschland\/sanktionsforderung-gegen-russland-serbiens-nationalversammlung-entlaesst-minister\/","og_locale":"de_DE","og_type":"article","og_title":"Sanktionsforderung gegen Russland: Serbiens Nationalversammlung entl\u00e4sst Minister","og_description":"Serbiens Wirtschaftsminister Rade Basta hatte im M\u00e4rz gefordert, dass Belgrad sich dem Westen anschlie\u00dfen und Sanktionen \u00fcber Moskau verh\u00e4ngen sollte. Nun hat die serbische Regierung beschlossen, den Minister seines Amtes zu entheben. Rade Basta hatte sich im Fr\u00fchjahr f\u00fcr Sanktionen gegen Russland ausgesprochen. Daraufhin wurden Forderungen nach seinem R\u00fccktritt laut. Der Nationalversammlung sei nun ein [&hellip;]","og_url":"https:\/\/now-news.de\/de\/deutschland\/sanktionsforderung-gegen-russland-serbiens-nationalversammlung-entlaesst-minister\/","og_site_name":"just-now.NEWS Deutschland","article_publisher":"https:\/\/www.facebook.com\/wirmachenauf","article_published_time":"2023-06-23T09:19:45+00:00","og_image":[{"width":460,"height":259,"url":"https:\/\/now-news.de\/de\/wp-content\/uploads\/sites\/3\/2023\/06\/Sanktionsforderung-gegen-Russland-Serbiens-Nationalversammlung-entlaesst-Minister.jpg","type":"image\/jpeg"}],"author":"rtnews","twitter_card":"summary_large_image","twitter_creator":"@WirMachenAuf_de","twitter_site":"@WirMachenAuf_de","twitter_misc":{"Verfasst von":"rtnews","Gesch\u00e4tzte Lesezeit":"2\u00a0Minuten"},"schema":{"@context":"https:\/\/schema.org","@graph":[{"@type":"Article","@id":"https:\/\/now-news.de\/de\/deutschland\/sanktionsforderung-gegen-russland-serbiens-nationalversammlung-entlaesst-minister\/#article","isPartOf":{"@id":"https:\/\/now-news.de\/de\/deutschland\/sanktionsforderung-gegen-russland-serbiens-nationalversammlung-entlaesst-minister\/"},"author":{"name":"rtnews","@id":"https:\/\/now-news.de\/de\/#\/schema\/person\/fb534a4e865501d8b3285208df34a9b5"},"headline":"Sanktionsforderung gegen Russland: Serbiens Nationalversammlung entl\u00e4sst Minister","datePublished":"2023-06-23T09:19:45+00:00","dateModified":"2023-06-23T09:19:45+00:00","mainEntityOfPage":{"@id":"https:\/\/now-news.de\/de\/deutschland\/sanktionsforderung-gegen-russland-serbiens-nationalversammlung-entlaesst-minister\/"},"wordCount":308,"commentCount":0,"publisher":{"@id":"https:\/\/now-news.de\/de\/#organization"},"image":{"@id":"https:\/\/now-news.de\/de\/deutschland\/sanktionsforderung-gegen-russland-serbiens-nationalversammlung-entlaesst-minister\/#primaryimage"},"thumbnailUrl":"https:\/\/now-news.de\/de\/wp-content\/uploads\/sites\/3\/2023\/06\/Sanktionsforderung-gegen-Russland-Serbiens-Nationalversammlung-entlaesst-Minister.jpg","keywords":["entl\u00e4sst","gegen","Minister","Nationalversammlung","russland","Sanktionsforderung","Serbiens"],"articleSection":["Deutschland","Russland"],"inLanguage":"de","potentialAction":[{"@type":"CommentAction","name":"Comment","target":["https:\/\/now-news.de\/de\/deutschland\/sanktionsforderung-gegen-russland-serbiens-nationalversammlung-entlaesst-minister\/#respond"]}]},{"@type":"WebPage","@id":"https:\/\/now-news.de\/de\/deutschland\/sanktionsforderung-gegen-russland-serbiens-nationalversammlung-entlaesst-minister\/","url":"https:\/\/now-news.de\/de\/deutschland\/sanktionsforderung-gegen-russland-serbiens-nationalversammlung-entlaesst-minister\/","name":"Sanktionsforderung gegen Russland: Serbiens Nationalversammlung entl\u00e4sst Minister - just-now.NEWS Deutschland","isPartOf":{"@id":"https:\/\/now-news.de\/de\/#website"},"primaryImageOfPage":{"@id":"https:\/\/now-news.de\/de\/deutschland\/sanktionsforderung-gegen-russland-serbiens-nationalversammlung-entlaesst-minister\/#primaryimage"},"image":{"@id":"https:\/\/now-news.de\/de\/deutschland\/sanktionsforderung-gegen-russland-serbiens-nationalversammlung-entlaesst-minister\/#primaryimage"},"thumbnailUrl":"https:\/\/now-news.de\/de\/wp-content\/uploads\/sites\/3\/2023\/06\/Sanktionsforderung-gegen-Russland-Serbiens-Nationalversammlung-entlaesst-Minister.jpg","datePublished":"2023-06-23T09:19:45+00:00","dateModified":"2023-06-23T09:19:45+00:00","breadcrumb":{"@id":"https:\/\/now-news.de\/de\/deutschland\/sanktionsforderung-gegen-russland-serbiens-nationalversammlung-entlaesst-minister\/#breadcrumb"},"inLanguage":"de","potentialAction":[{"@type":"ReadAction","target":["https:\/\/now-news.de\/de\/deutschland\/sanktionsforderung-gegen-russland-serbiens-nationalversammlung-entlaesst-minister\/"]}]},{"@type":"ImageObject","inLanguage":"de","@id":"https:\/\/now-news.de\/de\/deutschland\/sanktionsforderung-gegen-russland-serbiens-nationalversammlung-entlaesst-minister\/#primaryimage","url":"https:\/\/now-news.de\/de\/wp-content\/uploads\/sites\/3\/2023\/06\/Sanktionsforderung-gegen-Russland-Serbiens-Nationalversammlung-entlaesst-Minister.jpg","contentUrl":"https:\/\/now-news.de\/de\/wp-content\/uploads\/sites\/3\/2023\/06\/Sanktionsforderung-gegen-Russland-Serbiens-Nationalversammlung-entlaesst-Minister.jpg","width":460,"height":259,"caption":"Sanktionsforderung gegen Russland: Serbiens Nationalversammlung entl\u00e4sst Minister"},{"@type":"BreadcrumbList","@id":"https:\/\/now-news.de\/de\/deutschland\/sanktionsforderung-gegen-russland-serbiens-nationalversammlung-entlaesst-minister\/#breadcrumb","itemListElement":[{"@type":"ListItem","position":1,"name":"Home","item":"https:\/\/now-news.de\/de\/"},{"@type":"ListItem","position":2,"name":"Sanktionsforderung gegen Russland: Serbiens Nationalversammlung entl\u00e4sst Minister"}]},{"@type":"WebSite","@id":"https:\/\/now-news.de\/de\/#website","url":"https:\/\/now-news.de\/de\/","name":"just-now.NEWS Deutschland","description":"Das Portal f\u00fcr unzensierte Nachrichten aus der Welt","publisher":{"@id":"https:\/\/now-news.de\/de\/#organization"},"potentialAction":[{"@type":"SearchAction","target":{"@type":"EntryPoint","urlTemplate":"https:\/\/now-news.de\/de\/?s={search_term_string}"},"query-input":"required name=search_term_string"}],"inLanguage":"de"},{"@type":"Organization","@id":"https:\/\/now-news.de\/de\/#organization","name":"Just Now News","url":"https:\/\/now-news.de\/de\/","logo":{"@type":"ImageObject","inLanguage":"de","@id":"https:\/\/now-news.de\/de\/#\/schema\/logo\/image\/","url":"http:\/\/just-now.news\/de\/wp-content\/uploads\/sites\/3\/2022\/04\/logo500x500.jpg","contentUrl":"http:\/\/just-now.news\/de\/wp-content\/uploads\/sites\/3\/2022\/04\/logo500x500.jpg","width":500,"height":500,"caption":"Just Now News"},"image":{"@id":"https:\/\/now-news.de\/de\/#\/schema\/logo\/image\/"},"sameAs":["https:\/\/www.facebook.com\/wirmachenauf","https:\/\/x.com\/WirMachenAuf_de"]},{"@type":"Person","@id":"https:\/\/now-news.de\/de\/#\/schema\/person\/fb534a4e865501d8b3285208df34a9b5","name":"rtnews","image":{"@type":"ImageObject","inLanguage":"de","@id":"https:\/\/now-news.de\/de\/#\/schema\/person\/image\/","url":"https:\/\/secure.gravatar.com\/avatar\/82aafea7d8127119dd649515f56e2117?s=96&d=mm&r=g","contentUrl":"https:\/\/secure.gravatar.com\/avatar\/82aafea7d8127119dd649515f56e2117?s=96&d=mm&r=g","caption":"rtnews"},"url":"https:\/\/now-news.de\/de\/author\/rnews\/"}]}},"_links":{"self":[{"href":"https:\/\/now-news.de\/de\/wp-json\/wp\/v2\/posts\/38753"}],"collection":[{"href":"https:\/\/now-news.de\/de\/wp-json\/wp\/v2\/posts"}],"about":[{"href":"https:\/\/now-news.de\/de\/wp-json\/wp\/v2\/types\/post"}],"author":[{"embeddable":true,"href":"https:\/\/now-news.de\/de\/wp-json\/wp\/v2\/users\/3"}],"replies":[{"embeddable":true,"href":"https:\/\/now-news.de\/de\/wp-json\/wp\/v2\/comments?post=38753"}],"version-history":[{"count":0,"href":"https:\/\/now-news.de\/de\/wp-json\/wp\/v2\/posts\/38753\/revisions"}],"wp:featuredmedia":[{"embeddable":true,"href":"https:\/\/now-news.de\/de\/wp-json\/wp\/v2\/media\/38754"}],"wp:attachment":[{"href":"https:\/\/now-news.de\/de\/wp-json\/wp\/v2\/media?parent=38753"}],"wp:term":[{"taxonomy":"category","embeddable":true,"href":"https:\/\/now-news.de\/de\/wp-json\/wp\/v2\/categories?post=38753"},{"taxonomy":"post_tag","embeddable":true,"href":"https:\/\/now-news.de\/de\/wp-json\/wp\/v2\/tags?post=38753"}],"curies":[{"name":"wp","href":"https:\/\/api.w.org\/{rel}","templated":true}]}}