{"id":38743,"date":"2023-06-23T07:00:43","date_gmt":"2023-06-23T05:00:43","guid":{"rendered":"https:\/\/just-now.news\/de\/deutschland\/warum-die-forderung-nach-einem-atomschlag-gegen-den-westen-falsch-ist\/"},"modified":"2023-06-23T07:00:43","modified_gmt":"2023-06-23T05:00:43","slug":"warum-die-forderung-nach-einem-atomschlag-gegen-den-westen-falsch-ist","status":"publish","type":"post","link":"https:\/\/now-news.de\/de\/deutschland\/warum-die-forderung-nach-einem-atomschlag-gegen-den-westen-falsch-ist\/","title":{"rendered":"Warum die Forderung nach einem Atomschlag gegen den Westen falsch ist"},"content":{"rendered":"<p><img decoding=\"async\" src=\"http:\/\/just-now.news\/de\/wp-content\/uploads\/sites\/3\/2023\/06\/64940248b480cc2da05520cd.jpg\" \/><\/p>\n<div class=\"Text-root Text-type_1 \">\n                Der Aufruf von Professor Sergei Karaganow zu einem atomaren Pr\u00e4ventivschlag gegen die NATO hat in Russland eine gro\u00dfe Debatte ausgel\u00f6st. Unser Autor antwortet auf diesen Aufruf und legt die Gr\u00fcnde dar, weshalb man diesen Aufruf ignorieren sollte.\n            <\/div>\n<p><\/p>\n<div class=\"Text-root Text-type_5 ArticleView-text ViewText-root \">\n<p><em>Von Ilja Fabritschnikow<\/em><\/p>\n<p>Der angesehene Akademiker Sergei Karaganow schl\u00e4gt in seinem viel diskutierten <a rel=\"nofollow noopener\" target=\"_blank\" href=\"https:\/\/pressefreiheit.rtde.live\/meinung\/172928-atomaren-ziele-kremlberaters\/\">Artikel<\/a> vor, dass Russland aufh\u00f6ren sollte zu feilschen \u2013 mit dem kollektiven Westen, der weiterhin moderne Waffen in die ukrainischen Streitkr\u00e4fte pumpt \u2013, sondern sollte so schnell wie m\u00f6glich die Leiter der atomaren Eskalation hinaufsteigen. Gleichzeitig glaubt er, dass Russland seine wirkliche Bereitschaft zum &#8220;pr\u00e4ventiven nuklearen Verteidigungsschlag&#8221; auf das Territorium eines europ\u00e4ischen Landes, das die Kiewer F\u00fchrung unterst\u00fctzt, unter Beweis stellen m\u00fcsse. Wir reden hier offenbar \u00fcber Polen. Und wenn selbst eine derartige Eskalation die europ\u00e4ischen Staats- und Regierungschefs nicht dazu zwingen w\u00fcrde, zur Besinnung zu kommen, w\u00e4re es laut Karaganow sogar notwendig, gegen eine &#8220;Gruppe von Staaten&#8221; vorzugehen.<\/p>\n<p>Die russische Nuklearwaffendoktrin ist in den &#8220;Grundlagen der Staatspolitik der Russischen F\u00f6deration im Bereich der nuklearen Abschreckung&#8221; vom 2. Juni 2020 verankert. Darin hei\u00dft es ganz klar: &#8220;Die Russische F\u00f6deration betrachtet Atomwaffen ausschlie\u00dflich als Mittel der Abschreckung. Der Einsatz dieser Ma\u00dfnahme stellt eine extreme und erzwungene Situation dar. Russland unternimmt alle notwendigen Anstrengungen, um die nukleare Bedrohung zu verringern und eine Versch\u00e4rfung der zwischenstaatlichen Beziehungen zu verhindern, die milit\u00e4rische Konflikte, einschlie\u00dflich nuklearer Konflikte, provozieren k\u00f6nnten. Die Russische F\u00f6deration ist zum Einsatz von Atomwaffen nur bereit im Falle von vier Szenarien \u2013 oder einer Kombination derer:<strong><br \/><\/strong><\/p>\n<blockquote>\n<p>a) wenn glaubw\u00fcrdige Informationen \u00fcber den Abschuss ballistischer Raketen zum Angriff auf das Territorium der Russischen F\u00f6deration und\/oder ihrer Verb\u00fcndeten vorliegen;<\/p>\n<p>b) beim Einsatz von Atomwaffen oder anderen Massenvernichtungswaffen durch einen Feind auf dem Territorium der Russischen F\u00f6deration und\/oder ihrer Verb\u00fcndeten;<\/p>\n<p>c) wenn ein feindlicher Angriff auf kritische staatliche oder milit\u00e4rische Einrichtungen der Russischen F\u00f6deration erfolgt, der eine Aktivierung der Nuklearstreitkr\u00e4fte gef\u00e4hrden w\u00fcrde;<\/p>\n<p>d) wenn eine Aggression gegen die Russische F\u00f6deration mit konventionellen Waffen stattfindet, bei der die Existenz des russischen Staates bedroht wird.<\/p>\n<\/blockquote>\n<p>Zum jetzigen Zeitpunkt liegt keines der oben genannten Szenarien vor, in denen der russische Pr\u00e4sident den Einsatz von Atomwaffen anordnen k\u00f6nnte. Dennoch gibt es klare Konturen einer verbalen Eskalation seitens des Westens, die noch nicht von einer symmetrischen Reaktion seitens russischer Offizieller begleitet wurde. Bisher handelte es sich bei dieser verbalen Eskalation um eine Konfrontation im Informationsraum, die darauf abzielt, eine rein psychologische Reaktion des Hauptentscheidungstr\u00e4gers \u00fcber den Einsatz von russischen Atomwaffen \u2013 also des Pr\u00e4sidenten Wladimir Putin \u2013 auszuloten. Es gibt im Land keine weiteren Personen, die f\u00fcr den Einsatz strategischer Waffen verantwortlich sind. Sie sind weder in der Verfassung noch in einschl\u00e4gigen Vorschriften oder Pr\u00e4sidialerlassen vorgesehen.<\/p>\n<p>Es sollte betont werden, dass Russlands nukleare Doktrin unter Bedingungen entwickelt wurde, als westliche L\u00e4nder st\u00e4ndig die russischen nationalen Kerninteressen bedrohten und es darum ging, eine Bereitschaft und eine F\u00e4higkeit zur Selbstverteidigung zu demonstrieren. In diesem Sinne ist die Doktrin eindeutig und nicht offen f\u00fcr alternative Interpretationen, sondern ist genau ausgewogen und praktikabel angelegt.<\/p>\n<p>Wenn wir hier von einer verbalen Eskalation sprechen, dann muss man sich als Beispiel nur auf einen aktuellen Vorschlag eines ehemaligen amerikanischen Beamten von vergleichsweise niedrigem Rang beziehen, auf Michael Rubin, der aktuell beim neokonservativen American Enterprise Institute t\u00e4tig ist und der die \u00dcbergabe taktischer Atomwaffen an die Ukraine vorschlug. Wir sprechen auch von einer hypothetischen Bereitschaft der USA, F-16-Kampfflugzeuge der Serie Block 40\/42 an die ukrainischen Streitkr\u00e4fte zu \u00fcbergeben, von denen einige f\u00fcr den Einsatz von B-61-Freifall-Atombomben umger\u00fcstet sein oder werden k\u00f6nnen.<\/p>\n<p>In Wirklichkeit ist dies alles Teil einer Informationskampagne in den westeurop\u00e4ischen und teilweise auch US-amerikanischen Medien, die ab Mitte des vergangenen Jahres erheblich an Dynamik zugenommen hat. Westliche Kommentatoren spekulierten aktiv und immer nachdr\u00fccklicher dar\u00fcber, nicht ob, sondern wann Russland endlich seine taktischen Nuklearkapazit\u00e4ten gegen Kiew einsetzen werde. Damit versuchen sie, Moskau aktiv dazu zu dr\u00e4ngen, das Tabu eines proaktiven Einsatzes von Atomwaffen zu brechen.<\/p>\n<p>Das Ziel dieser Informationskampagne ist klar: Eine \u00f6ffentliche Gegenreaktion zu provozieren, nicht nur seitens der russischen Medien oder der Expertengemeinschaft, sondern auch psychologischen Druck auf die au\u00dfenpolitischen Entscheidungstr\u00e4ger Russlands auszu\u00fcben und die Schwelle der Anf\u00e4lligkeit f\u00fcr solche Entscheidungen zu senken. Mit anderen Worten: Russland in eine moralische Gleichstellung mit den USA zu bringen, die als erstes und einziges Land der Welt Atomwaffen auf dem Schlachtfeld eingesetzt haben.<\/p>\n<p>Bisher wurde dieses Ziel nicht erreicht, und der Ansatz der russischen F\u00fchrung bei der Nutzung seiner nuklearen F\u00e4higkeiten blieb zuverl\u00e4ssig eingeschr\u00e4nkt: durch doktrin\u00e4re Rahmenbedingungen, durch eine pragmatische Sicht des Pr\u00e4sidenten auf diese Frage und durch eine verantwortungsvolle Haltung gegen\u00fcber allen Fragen der milit\u00e4rischen Eskalation.<\/p>\n<p>Nach gewissen Einsch\u00e4tzungen \u2013 darunter denen hochrangiger russischer Diplomaten und anderer Praktiker internationaler Beziehungen \u2013 w\u00fcrde ein begrenzter und pr\u00e4ventiver Atomschlag Russlands \u2013 zum Beispiel gegen Polen \u2013 keine \u00e4hnliche Reaktion der USA und von deren Vasallen hervorrufen. Vielmehr gehe es darum, dass ein Absenken der Schwelle f\u00fcr den Einsatz von Atomwaffen \u2013 und erst recht f\u00fcr deren Einsatz gegen Staaten ohne Atomwaffen \u2013, eben nicht zu einer Beschwichtigung der westlichen Welt f\u00fchren w\u00fcrde. Vielmehr w\u00fcrde das dazu f\u00fchren, dass auch die M\u00f6glichkeiten des Einsatzes von Atomwaffen durch L\u00e4nder au\u00dferhalb des gro\u00dfen nuklearen Clubs, also etwa durch Pakistan, Indien, Israel und Nordkorea, dann zunimmt. Ganz einfach, weil dies dann unwiderruflich zur neuen Norm in einer politisch-milit\u00e4rischen Konfrontation werden k\u00f6nnte.<\/p>\n<p>W\u00fcrde man dar\u00fcber hinaus f\u00fcr einen proaktiven, pr\u00e4ventiven Atomschlag zur Selbstverteidigung pl\u00e4dieren \u2013 &#8220;f\u00fcr all das B\u00f6se, das sie uns angetan haben, f\u00fcr alles Gute, das wir erreichen k\u00f6nnen&#8221; \u2013, dann w\u00fcrde man praktisch gem\u00e4\u00df den vom Westen vorgelebten, uns dann auferlegten Regeln spielen. Stattdessen sollte man vielmehr stets durch pragmatische politisch-milit\u00e4rische Ma\u00dfnahmen konsequent die Fehlerhaftigkeit ebendieser westlichen &#8220;Regeln&#8221; aufzeigen und sie in nicht allzu ferner Zukunft \u2013 gemeinsam mit anderen verantwortlichen Akteuren der internationalen Gemeinschaft \u2013 vollst\u00e4ndig abschaffen.<\/p>\n<p>Man sollte nicht dar\u00fcber nachdenken, Polen in ein nuklear verseuchtes \u00d6dland zu verwandeln \u2013\u00a0ganz so, als w\u00fcrde man ein unvern\u00fcnftiges Kind enthaupten, weil es gelegentlich eine Fensterscheibe einschl\u00e4gt \u2013, sondern vielmehr dar\u00fcber, wie eine Weltordnung zu schaffen ist, in der die blo\u00dfe Idee des Einsatzes milit\u00e4rischer Gewalt und des politisch-milit\u00e4rischen Drucks zur Durchsetzung einer sogenannten &#8220;regelbasierten Ordnung&#8221; unm\u00f6glich und allgemein verurteilt wird.<\/p>\n<p>Andererseits hat Russland gegen\u00fcber seinen westeurop\u00e4ischen und US-amerikanischen Gespr\u00e4chspartnern hinreichend deutlich gemacht, dass bei einem direkten Einsatz konventioneller westlicher Kr\u00e4fte gegen russische Bodentruppen \u2013 zum Beispiel bei direktem Kontakt polnischer Soldaten mit unseren Kampftruppen in dem Falle etwa, dass polnische Einheiten Gebiete in der Westukraine besetzen, oder beim Versuch einer Invasion in Kaliningrad oder bei milit\u00e4rischen Aktionen gegen Wei\u00dfrussland \u2013 die nationale Doktrin der nuklearen Abschreckung in voller \u00dcbereinstimmung mit dem Geist und Buchstaben des russischen Rechts umgesetzt wird. Es w\u00e4re und bleibt somit eine gute und notwendige \u00dcbung f\u00fcr die zust\u00e4ndigen politisch-milit\u00e4rischen Planungsst\u00e4be der NATO, diese russische Doktrin sorgf\u00e4ltig zu lesen.<\/p>\n<p>So paradox es auch klingen mag, die Staaten der NATO sind in der heiklen und fehleranf\u00e4lligen Angelegenheit der weiteren Eskalation inzwischen nachweislich proaktiv. Und die au\u00dfenpolitische F\u00fchrung Russlands scheint auf diese riskanten Initiativen versp\u00e4tet reagiert zu haben. Tats\u00e4chlich best\u00e4tigt die demonstrative Unruhe des kollektiven Westens nur den Verlust der Initiative, und Eile f\u00fchrt immer zu dramatischen Fehleinsch\u00e4tzungen.<\/p>\n<p>Wir sollten unseren ausl\u00e4ndischen &#8220;Partnern&#8221; nicht ihr Privileg streitig machen wollen, all jene Fehler zu machen, zu denen sie uns allzu gerne zwingen wollen. Stattdessen sollten wir jedoch \u2013 auch \u00fcber den von ihnen kontrollierten englischsprachigen Informationsraum \u2013 ausgefeilte und mehrdimensionale moralpsychologische Operationen mit dem klaren Ziel durchf\u00fchren, ihre Bereitschaft zu untergraben, auf lange Sicht immer so weiterzumachen wie bisher.<\/p>\n<p><strong>Mehr zum Thema<\/strong> \u2013 <a rel=\"nofollow noopener\" target=\"_blank\" href=\"https:\/\/freeassange.rtde.life\/meinung\/173200-russische-experten-ueber-aufruf-eines-ehemaligen-kreml-beraters-zum-praeventiven-atomschlag\/\">Pr\u00e4ventiver Atomschlag? Russland debattiert Vorschlag eines Ex-Kremlberaters<\/a><\/p>\n<div class=\"EmbedBlock-root EmbedBlock-externalVideo EmbedBlock-vk\">\n<div class=\"VkEmbed\"><iframe class=\"lazyload\" data-src=\"https:\/\/vk.com\/video_ext.php?oid=-134310637&amp;id=456267835&amp;hash=ca0f0e2d6f389149\" frameborder=\"0\" width=\"853\" height=\"480\" allowfullscreen><\/iframe><\/div>\n<\/div>\n<p><em>\u00dcbersetzt aus dem <\/em><a rel=\"nofollow noopener\" target=\"_blank\" href=\"https:\/\/www.rt.com\/russia\/578165-russia-shouldnt-use-nuclear-weapon\/\"><em>Englischen<\/em><\/a><em><\/em><\/p>\n<p><em>Ilja Fabritschnikow ist Mitglied des Rates f\u00fcr Au\u00dfen- und Verteidigungspolitik und Kommunikationsberater.<\/em><\/p>\n<\/div>\n<p><br \/>\n<br \/><a href=\"https:\/\/de.rt.com\/meinung\/173295-warum-die-forderung-nach-atomschlag-gegen-den-westen-falsch-ist\/\">Source link <\/a><\/p>\n","protected":false},"excerpt":{"rendered":"<p>Der Aufruf von Professor Sergei Karaganow zu einem atomaren Pr\u00e4ventivschlag gegen die NATO hat in Russland eine gro\u00dfe Debatte ausgel\u00f6st. Unser Autor antwortet auf diesen Aufruf und legt die Gr\u00fcnde dar, weshalb man diesen Aufruf ignorieren sollte. Von Ilja Fabritschnikow Der angesehene Akademiker Sergei Karaganow schl\u00e4gt in seinem viel diskutierten Artikel vor, dass Russland aufh\u00f6ren [&hellip;]<\/p>\n","protected":false},"author":3,"featured_media":38744,"comment_status":"open","ping_status":"open","sticky":false,"template":"","format":"standard","meta":{"_yoast_indexnow_last_ping":["1687497485"],"wp_automatic_camp":["217"],"06ea6bc301f3f4807a0644eac4efc324":["Warum die Forderung nach einem Atomschlag gegen den Westen falsch ist"],"original_link":["https:\/\/de.rt.com\/meinung\/173295-warum-die-forderung-nach-atomschlag-gegen-den-westen-falsch-ist\/"],"_thumbnail_id":["38744"],"jnews_social_counter_last_update":["1777202089"],"_wptgpro_p2tg_sent2tg":["a:1:{i:23737;s:19:\"2023-06-23 07:19:14\";}"]},"categories":[19,23],"tags":[12263,48,45,352,19532,8719,278,414,979,1289,378],"yoast_head":"<!-- This site is optimized with the Yoast SEO Premium plugin v22.7 (Yoast SEO v22.7) - https:\/\/yoast.com\/wordpress\/plugins\/seo\/ -->\n<title>Warum die Forderung nach einem Atomschlag gegen den Westen falsch ist - just-now.NEWS Deutschland<\/title>\n<meta name=\"robots\" content=\"index, follow, max-snippet:-1, max-image-preview:large, max-video-preview:-1\" \/>\n<link rel=\"canonical\" href=\"https:\/\/now-news.de\/de\/deutschland\/warum-die-forderung-nach-einem-atomschlag-gegen-den-westen-falsch-ist\/\" \/>\n<meta property=\"og:locale\" content=\"de_DE\" \/>\n<meta property=\"og:type\" content=\"article\" \/>\n<meta property=\"og:title\" content=\"Warum die Forderung nach einem Atomschlag gegen den Westen falsch ist\" \/>\n<meta property=\"og:description\" content=\"Der Aufruf von Professor Sergei Karaganow zu einem atomaren Pr\u00e4ventivschlag gegen die NATO hat in Russland eine gro\u00dfe Debatte ausgel\u00f6st. Unser Autor antwortet auf diesen Aufruf und legt die Gr\u00fcnde dar, weshalb man diesen Aufruf ignorieren sollte. Von Ilja Fabritschnikow Der angesehene Akademiker Sergei Karaganow schl\u00e4gt in seinem viel diskutierten Artikel vor, dass Russland aufh\u00f6ren [&hellip;]\" \/>\n<meta property=\"og:url\" content=\"https:\/\/now-news.de\/de\/deutschland\/warum-die-forderung-nach-einem-atomschlag-gegen-den-westen-falsch-ist\/\" \/>\n<meta property=\"og:site_name\" content=\"just-now.NEWS Deutschland\" \/>\n<meta property=\"article:publisher\" content=\"https:\/\/www.facebook.com\/wirmachenauf\" \/>\n<meta property=\"article:published_time\" content=\"2023-06-23T05:00:43+00:00\" \/>\n<meta property=\"og:image\" content=\"https:\/\/now-news.de\/de\/wp-content\/uploads\/sites\/3\/2023\/06\/Warum-die-Forderung-nach-einem-Atomschlag-gegen-den-Westen-falsch.jpg\" \/>\n\t<meta property=\"og:image:width\" content=\"460\" \/>\n\t<meta property=\"og:image:height\" content=\"259\" \/>\n\t<meta property=\"og:image:type\" content=\"image\/jpeg\" \/>\n<meta name=\"author\" content=\"rtnews\" \/>\n<meta name=\"twitter:card\" content=\"summary_large_image\" \/>\n<meta name=\"twitter:creator\" content=\"@WirMachenAuf_de\" \/>\n<meta name=\"twitter:site\" content=\"@WirMachenAuf_de\" \/>\n<meta name=\"twitter:label1\" content=\"Verfasst von\" \/>\n\t<meta name=\"twitter:data1\" content=\"rtnews\" \/>\n\t<meta name=\"twitter:label2\" content=\"Gesch\u00e4tzte Lesezeit\" \/>\n\t<meta name=\"twitter:data2\" content=\"7\u00a0Minuten\" \/>\n<script type=\"application\/ld+json\" class=\"yoast-schema-graph\">{\"@context\":\"https:\/\/schema.org\",\"@graph\":[{\"@type\":\"Article\",\"@id\":\"https:\/\/now-news.de\/de\/deutschland\/warum-die-forderung-nach-einem-atomschlag-gegen-den-westen-falsch-ist\/#article\",\"isPartOf\":{\"@id\":\"https:\/\/now-news.de\/de\/deutschland\/warum-die-forderung-nach-einem-atomschlag-gegen-den-westen-falsch-ist\/\"},\"author\":{\"name\":\"rtnews\",\"@id\":\"https:\/\/now-news.de\/de\/#\/schema\/person\/fb534a4e865501d8b3285208df34a9b5\"},\"headline\":\"Warum die Forderung nach einem Atomschlag gegen den Westen falsch ist\",\"datePublished\":\"2023-06-23T05:00:43+00:00\",\"dateModified\":\"2023-06-23T05:00:43+00:00\",\"mainEntityOfPage\":{\"@id\":\"https:\/\/now-news.de\/de\/deutschland\/warum-die-forderung-nach-einem-atomschlag-gegen-den-westen-falsch-ist\/\"},\"wordCount\":1382,\"commentCount\":0,\"publisher\":{\"@id\":\"https:\/\/now-news.de\/de\/#organization\"},\"image\":{\"@id\":\"https:\/\/now-news.de\/de\/deutschland\/warum-die-forderung-nach-einem-atomschlag-gegen-den-westen-falsch-ist\/#primaryimage\"},\"thumbnailUrl\":\"https:\/\/now-news.de\/de\/wp-content\/uploads\/sites\/3\/2023\/06\/Warum-die-Forderung-nach-einem-Atomschlag-gegen-den-Westen-falsch.jpg\",\"keywords\":[\"Atomschlag\",\"den\",\"die\",\"einem\",\"falsch\",\"F\u00f6rderung\",\"gegen\",\"ist\",\"nach\",\"Warum\",\"Westen\"],\"articleSection\":[\"Deutschland\",\"Russland\"],\"inLanguage\":\"de\",\"potentialAction\":[{\"@type\":\"CommentAction\",\"name\":\"Comment\",\"target\":[\"https:\/\/now-news.de\/de\/deutschland\/warum-die-forderung-nach-einem-atomschlag-gegen-den-westen-falsch-ist\/#respond\"]}]},{\"@type\":\"WebPage\",\"@id\":\"https:\/\/now-news.de\/de\/deutschland\/warum-die-forderung-nach-einem-atomschlag-gegen-den-westen-falsch-ist\/\",\"url\":\"https:\/\/now-news.de\/de\/deutschland\/warum-die-forderung-nach-einem-atomschlag-gegen-den-westen-falsch-ist\/\",\"name\":\"Warum die Forderung nach einem Atomschlag gegen den Westen falsch ist - just-now.NEWS Deutschland\",\"isPartOf\":{\"@id\":\"https:\/\/now-news.de\/de\/#website\"},\"primaryImageOfPage\":{\"@id\":\"https:\/\/now-news.de\/de\/deutschland\/warum-die-forderung-nach-einem-atomschlag-gegen-den-westen-falsch-ist\/#primaryimage\"},\"image\":{\"@id\":\"https:\/\/now-news.de\/de\/deutschland\/warum-die-forderung-nach-einem-atomschlag-gegen-den-westen-falsch-ist\/#primaryimage\"},\"thumbnailUrl\":\"https:\/\/now-news.de\/de\/wp-content\/uploads\/sites\/3\/2023\/06\/Warum-die-Forderung-nach-einem-Atomschlag-gegen-den-Westen-falsch.jpg\",\"datePublished\":\"2023-06-23T05:00:43+00:00\",\"dateModified\":\"2023-06-23T05:00:43+00:00\",\"breadcrumb\":{\"@id\":\"https:\/\/now-news.de\/de\/deutschland\/warum-die-forderung-nach-einem-atomschlag-gegen-den-westen-falsch-ist\/#breadcrumb\"},\"inLanguage\":\"de\",\"potentialAction\":[{\"@type\":\"ReadAction\",\"target\":[\"https:\/\/now-news.de\/de\/deutschland\/warum-die-forderung-nach-einem-atomschlag-gegen-den-westen-falsch-ist\/\"]}]},{\"@type\":\"ImageObject\",\"inLanguage\":\"de\",\"@id\":\"https:\/\/now-news.de\/de\/deutschland\/warum-die-forderung-nach-einem-atomschlag-gegen-den-westen-falsch-ist\/#primaryimage\",\"url\":\"https:\/\/now-news.de\/de\/wp-content\/uploads\/sites\/3\/2023\/06\/Warum-die-Forderung-nach-einem-Atomschlag-gegen-den-Westen-falsch.jpg\",\"contentUrl\":\"https:\/\/now-news.de\/de\/wp-content\/uploads\/sites\/3\/2023\/06\/Warum-die-Forderung-nach-einem-Atomschlag-gegen-den-Westen-falsch.jpg\",\"width\":460,\"height\":259,\"caption\":\"Warum die Forderung nach einem Atomschlag gegen den Westen falsch ist\"},{\"@type\":\"BreadcrumbList\",\"@id\":\"https:\/\/now-news.de\/de\/deutschland\/warum-die-forderung-nach-einem-atomschlag-gegen-den-westen-falsch-ist\/#breadcrumb\",\"itemListElement\":[{\"@type\":\"ListItem\",\"position\":1,\"name\":\"Home\",\"item\":\"https:\/\/now-news.de\/de\/\"},{\"@type\":\"ListItem\",\"position\":2,\"name\":\"Warum die Forderung nach einem Atomschlag gegen den Westen falsch ist\"}]},{\"@type\":\"WebSite\",\"@id\":\"https:\/\/now-news.de\/de\/#website\",\"url\":\"https:\/\/now-news.de\/de\/\",\"name\":\"just-now.NEWS Deutschland\",\"description\":\"Das Portal f\u00fcr unzensierte Nachrichten aus der Welt\",\"publisher\":{\"@id\":\"https:\/\/now-news.de\/de\/#organization\"},\"potentialAction\":[{\"@type\":\"SearchAction\",\"target\":{\"@type\":\"EntryPoint\",\"urlTemplate\":\"https:\/\/now-news.de\/de\/?s={search_term_string}\"},\"query-input\":\"required name=search_term_string\"}],\"inLanguage\":\"de\"},{\"@type\":\"Organization\",\"@id\":\"https:\/\/now-news.de\/de\/#organization\",\"name\":\"Just Now News\",\"url\":\"https:\/\/now-news.de\/de\/\",\"logo\":{\"@type\":\"ImageObject\",\"inLanguage\":\"de\",\"@id\":\"https:\/\/now-news.de\/de\/#\/schema\/logo\/image\/\",\"url\":\"http:\/\/just-now.news\/de\/wp-content\/uploads\/sites\/3\/2022\/04\/logo500x500.jpg\",\"contentUrl\":\"http:\/\/just-now.news\/de\/wp-content\/uploads\/sites\/3\/2022\/04\/logo500x500.jpg\",\"width\":500,\"height\":500,\"caption\":\"Just Now News\"},\"image\":{\"@id\":\"https:\/\/now-news.de\/de\/#\/schema\/logo\/image\/\"},\"sameAs\":[\"https:\/\/www.facebook.com\/wirmachenauf\",\"https:\/\/x.com\/WirMachenAuf_de\"]},{\"@type\":\"Person\",\"@id\":\"https:\/\/now-news.de\/de\/#\/schema\/person\/fb534a4e865501d8b3285208df34a9b5\",\"name\":\"rtnews\",\"image\":{\"@type\":\"ImageObject\",\"inLanguage\":\"de\",\"@id\":\"https:\/\/now-news.de\/de\/#\/schema\/person\/image\/\",\"url\":\"https:\/\/secure.gravatar.com\/avatar\/82aafea7d8127119dd649515f56e2117?s=96&d=mm&r=g\",\"contentUrl\":\"https:\/\/secure.gravatar.com\/avatar\/82aafea7d8127119dd649515f56e2117?s=96&d=mm&r=g\",\"caption\":\"rtnews\"},\"url\":\"https:\/\/now-news.de\/de\/author\/rnews\/\"}]}<\/script>\n<!-- \/ Yoast SEO Premium plugin. -->","yoast_head_json":{"title":"Warum die Forderung nach einem Atomschlag gegen den Westen falsch ist - just-now.NEWS Deutschland","robots":{"index":"index","follow":"follow","max-snippet":"max-snippet:-1","max-image-preview":"max-image-preview:large","max-video-preview":"max-video-preview:-1"},"canonical":"https:\/\/now-news.de\/de\/deutschland\/warum-die-forderung-nach-einem-atomschlag-gegen-den-westen-falsch-ist\/","og_locale":"de_DE","og_type":"article","og_title":"Warum die Forderung nach einem Atomschlag gegen den Westen falsch ist","og_description":"Der Aufruf von Professor Sergei Karaganow zu einem atomaren Pr\u00e4ventivschlag gegen die NATO hat in Russland eine gro\u00dfe Debatte ausgel\u00f6st. Unser Autor antwortet auf diesen Aufruf und legt die Gr\u00fcnde dar, weshalb man diesen Aufruf ignorieren sollte. Von Ilja Fabritschnikow Der angesehene Akademiker Sergei Karaganow schl\u00e4gt in seinem viel diskutierten Artikel vor, dass Russland aufh\u00f6ren [&hellip;]","og_url":"https:\/\/now-news.de\/de\/deutschland\/warum-die-forderung-nach-einem-atomschlag-gegen-den-westen-falsch-ist\/","og_site_name":"just-now.NEWS Deutschland","article_publisher":"https:\/\/www.facebook.com\/wirmachenauf","article_published_time":"2023-06-23T05:00:43+00:00","og_image":[{"width":460,"height":259,"url":"https:\/\/now-news.de\/de\/wp-content\/uploads\/sites\/3\/2023\/06\/Warum-die-Forderung-nach-einem-Atomschlag-gegen-den-Westen-falsch.jpg","type":"image\/jpeg"}],"author":"rtnews","twitter_card":"summary_large_image","twitter_creator":"@WirMachenAuf_de","twitter_site":"@WirMachenAuf_de","twitter_misc":{"Verfasst von":"rtnews","Gesch\u00e4tzte Lesezeit":"7\u00a0Minuten"},"schema":{"@context":"https:\/\/schema.org","@graph":[{"@type":"Article","@id":"https:\/\/now-news.de\/de\/deutschland\/warum-die-forderung-nach-einem-atomschlag-gegen-den-westen-falsch-ist\/#article","isPartOf":{"@id":"https:\/\/now-news.de\/de\/deutschland\/warum-die-forderung-nach-einem-atomschlag-gegen-den-westen-falsch-ist\/"},"author":{"name":"rtnews","@id":"https:\/\/now-news.de\/de\/#\/schema\/person\/fb534a4e865501d8b3285208df34a9b5"},"headline":"Warum die Forderung nach einem Atomschlag gegen den Westen falsch ist","datePublished":"2023-06-23T05:00:43+00:00","dateModified":"2023-06-23T05:00:43+00:00","mainEntityOfPage":{"@id":"https:\/\/now-news.de\/de\/deutschland\/warum-die-forderung-nach-einem-atomschlag-gegen-den-westen-falsch-ist\/"},"wordCount":1382,"commentCount":0,"publisher":{"@id":"https:\/\/now-news.de\/de\/#organization"},"image":{"@id":"https:\/\/now-news.de\/de\/deutschland\/warum-die-forderung-nach-einem-atomschlag-gegen-den-westen-falsch-ist\/#primaryimage"},"thumbnailUrl":"https:\/\/now-news.de\/de\/wp-content\/uploads\/sites\/3\/2023\/06\/Warum-die-Forderung-nach-einem-Atomschlag-gegen-den-Westen-falsch.jpg","keywords":["Atomschlag","den","die","einem","falsch","F\u00f6rderung","gegen","ist","nach","Warum","Westen"],"articleSection":["Deutschland","Russland"],"inLanguage":"de","potentialAction":[{"@type":"CommentAction","name":"Comment","target":["https:\/\/now-news.de\/de\/deutschland\/warum-die-forderung-nach-einem-atomschlag-gegen-den-westen-falsch-ist\/#respond"]}]},{"@type":"WebPage","@id":"https:\/\/now-news.de\/de\/deutschland\/warum-die-forderung-nach-einem-atomschlag-gegen-den-westen-falsch-ist\/","url":"https:\/\/now-news.de\/de\/deutschland\/warum-die-forderung-nach-einem-atomschlag-gegen-den-westen-falsch-ist\/","name":"Warum die Forderung nach einem Atomschlag gegen den Westen falsch ist - just-now.NEWS Deutschland","isPartOf":{"@id":"https:\/\/now-news.de\/de\/#website"},"primaryImageOfPage":{"@id":"https:\/\/now-news.de\/de\/deutschland\/warum-die-forderung-nach-einem-atomschlag-gegen-den-westen-falsch-ist\/#primaryimage"},"image":{"@id":"https:\/\/now-news.de\/de\/deutschland\/warum-die-forderung-nach-einem-atomschlag-gegen-den-westen-falsch-ist\/#primaryimage"},"thumbnailUrl":"https:\/\/now-news.de\/de\/wp-content\/uploads\/sites\/3\/2023\/06\/Warum-die-Forderung-nach-einem-Atomschlag-gegen-den-Westen-falsch.jpg","datePublished":"2023-06-23T05:00:43+00:00","dateModified":"2023-06-23T05:00:43+00:00","breadcrumb":{"@id":"https:\/\/now-news.de\/de\/deutschland\/warum-die-forderung-nach-einem-atomschlag-gegen-den-westen-falsch-ist\/#breadcrumb"},"inLanguage":"de","potentialAction":[{"@type":"ReadAction","target":["https:\/\/now-news.de\/de\/deutschland\/warum-die-forderung-nach-einem-atomschlag-gegen-den-westen-falsch-ist\/"]}]},{"@type":"ImageObject","inLanguage":"de","@id":"https:\/\/now-news.de\/de\/deutschland\/warum-die-forderung-nach-einem-atomschlag-gegen-den-westen-falsch-ist\/#primaryimage","url":"https:\/\/now-news.de\/de\/wp-content\/uploads\/sites\/3\/2023\/06\/Warum-die-Forderung-nach-einem-Atomschlag-gegen-den-Westen-falsch.jpg","contentUrl":"https:\/\/now-news.de\/de\/wp-content\/uploads\/sites\/3\/2023\/06\/Warum-die-Forderung-nach-einem-Atomschlag-gegen-den-Westen-falsch.jpg","width":460,"height":259,"caption":"Warum die Forderung nach einem Atomschlag gegen den Westen falsch ist"},{"@type":"BreadcrumbList","@id":"https:\/\/now-news.de\/de\/deutschland\/warum-die-forderung-nach-einem-atomschlag-gegen-den-westen-falsch-ist\/#breadcrumb","itemListElement":[{"@type":"ListItem","position":1,"name":"Home","item":"https:\/\/now-news.de\/de\/"},{"@type":"ListItem","position":2,"name":"Warum die Forderung nach einem Atomschlag gegen den Westen falsch ist"}]},{"@type":"WebSite","@id":"https:\/\/now-news.de\/de\/#website","url":"https:\/\/now-news.de\/de\/","name":"just-now.NEWS Deutschland","description":"Das Portal f\u00fcr unzensierte Nachrichten aus der Welt","publisher":{"@id":"https:\/\/now-news.de\/de\/#organization"},"potentialAction":[{"@type":"SearchAction","target":{"@type":"EntryPoint","urlTemplate":"https:\/\/now-news.de\/de\/?s={search_term_string}"},"query-input":"required name=search_term_string"}],"inLanguage":"de"},{"@type":"Organization","@id":"https:\/\/now-news.de\/de\/#organization","name":"Just Now News","url":"https:\/\/now-news.de\/de\/","logo":{"@type":"ImageObject","inLanguage":"de","@id":"https:\/\/now-news.de\/de\/#\/schema\/logo\/image\/","url":"http:\/\/just-now.news\/de\/wp-content\/uploads\/sites\/3\/2022\/04\/logo500x500.jpg","contentUrl":"http:\/\/just-now.news\/de\/wp-content\/uploads\/sites\/3\/2022\/04\/logo500x500.jpg","width":500,"height":500,"caption":"Just Now News"},"image":{"@id":"https:\/\/now-news.de\/de\/#\/schema\/logo\/image\/"},"sameAs":["https:\/\/www.facebook.com\/wirmachenauf","https:\/\/x.com\/WirMachenAuf_de"]},{"@type":"Person","@id":"https:\/\/now-news.de\/de\/#\/schema\/person\/fb534a4e865501d8b3285208df34a9b5","name":"rtnews","image":{"@type":"ImageObject","inLanguage":"de","@id":"https:\/\/now-news.de\/de\/#\/schema\/person\/image\/","url":"https:\/\/secure.gravatar.com\/avatar\/82aafea7d8127119dd649515f56e2117?s=96&d=mm&r=g","contentUrl":"https:\/\/secure.gravatar.com\/avatar\/82aafea7d8127119dd649515f56e2117?s=96&d=mm&r=g","caption":"rtnews"},"url":"https:\/\/now-news.de\/de\/author\/rnews\/"}]}},"_links":{"self":[{"href":"https:\/\/now-news.de\/de\/wp-json\/wp\/v2\/posts\/38743"}],"collection":[{"href":"https:\/\/now-news.de\/de\/wp-json\/wp\/v2\/posts"}],"about":[{"href":"https:\/\/now-news.de\/de\/wp-json\/wp\/v2\/types\/post"}],"author":[{"embeddable":true,"href":"https:\/\/now-news.de\/de\/wp-json\/wp\/v2\/users\/3"}],"replies":[{"embeddable":true,"href":"https:\/\/now-news.de\/de\/wp-json\/wp\/v2\/comments?post=38743"}],"version-history":[{"count":0,"href":"https:\/\/now-news.de\/de\/wp-json\/wp\/v2\/posts\/38743\/revisions"}],"wp:featuredmedia":[{"embeddable":true,"href":"https:\/\/now-news.de\/de\/wp-json\/wp\/v2\/media\/38744"}],"wp:attachment":[{"href":"https:\/\/now-news.de\/de\/wp-json\/wp\/v2\/media?parent=38743"}],"wp:term":[{"taxonomy":"category","embeddable":true,"href":"https:\/\/now-news.de\/de\/wp-json\/wp\/v2\/categories?post=38743"},{"taxonomy":"post_tag","embeddable":true,"href":"https:\/\/now-news.de\/de\/wp-json\/wp\/v2\/tags?post=38743"}],"curies":[{"name":"wp","href":"https:\/\/api.w.org\/{rel}","templated":true}]}}